{"id":9953,"date":"2018-12-17T06:40:28","date_gmt":"2018-12-17T11:40:28","guid":{"rendered":"http:\/\/noti-america.com\/site\/us-tx\/?p=9953"},"modified":"2018-12-17T06:41:30","modified_gmt":"2018-12-17T11:41:30","slug":"nicaraguenses-en-costa-rica-se-movilizan-para-protestar-contra-el-gobierno-de-nicaragua","status":"publish","type":"post","link":"https:\/\/noti-america.com\/site\/texas\/2018\/12\/17\/nicaraguenses-en-costa-rica-se-movilizan-para-protestar-contra-el-gobierno-de-nicaragua\/","title":{"rendered":"Nicarag\u00fcenses en Costa Rica se movilizan para protestar contra el Gobierno de Nicaragua"},"content":{"rendered":"<header class=\"article-header table-layout\">\n<section class=\"content print-full\">\n<div>\n<h2 style=\"text-align: center;\">Desde la madrugada de este domingo cientos de nicarag\u00fcenses exiliados en Costa Rica se reunieron en San Jos\u00e9 para participar en la caravana<\/h2>\n<\/div>\n<div class=\"section-gallery\">\n<div class=\"bx-wrapper\">\n<div class=\"bx-viewport\">\n<div class=\"galleries-widget\">\n<div class=\"item bx-clone\">\n<figure class=\"text-center\"><img decoding=\"async\" src=\"https:\/\/endimages.s3.amazonaws.com\/cache\/e0\/08\/e0081007cfc32bc12b7bf8f2d8f53da9.jpg\" alt=\"\" \/><\/p>\n<div class=\"caption\">\n<div class=\"row\">\n<div class=\"col-xs-2\">\n<div class=\"count\">\n<h5><\/h5>\n<h5 style=\"text-align: center;\"><em style=\"text-align: center;\"><em style=\"text-align: center;\"><span style=\"color: #000000;\">Nicarag\u00fcenses en Costa Rica protestan contra el Gobierno.<\/span><\/em><\/em><\/h5>\n<h5 style=\"text-align: center;\"><em><span style=\"color: #000000;\">Foto: EFE\u00a0<\/span><\/em><\/h5>\n<\/div>\n<\/div>\n<\/div>\n<\/div>\n<\/figure>\n<\/div>\n<\/div>\n<\/div>\n<\/div>\n<\/div>\n<\/section>\n<\/header>\n<section class=\"content\">\n<div class=\"contenido content-body clearfix\">\n<p>&nbsp;<\/p>\n<p><em><strong><span style=\"color: #000000;\">Fuente:\u00a0www.elnuevodiario.com.ni<\/span><\/strong><\/em><\/p>\n<hr \/>\n<p>&nbsp;<\/p>\n<h3><em><span style=\"color: #000000;\">Un grupo de nicarag\u00fcenses exiliados en Costa Rica emprendieron la ma\u00f1ana de este domingo una caravana hacia la frontera de Pe\u00f1as Blancas, como una forma de protesta contra el Gobierno de Nicaragua ante los acontecimientos registrados en el pa\u00eds en las \u00faltimas semanas.<\/span><\/em><\/h3>\n<p>&nbsp;<\/p>\n<p>&nbsp;<\/p>\n<h4><span style=\"color: #000000;\">La Caravana es organizada por la Articulaci\u00f3n de Movimientos Sociales de Nicaragua y sali\u00f3 desde San Jos\u00e9.<\/span><\/h4>\n<h4><span style=\"color: #000000;\">Desde la madrugada de este domingo cientos de nicarag\u00fcenses exiliados en Costa Rica se reunieron en\u00a0San Jos\u00e9 para participar en la caravana.<\/span><\/h4>\n<h4><span style=\"color: #000000;\">De acuerdo con un miembro de la Articulaci\u00f3n de Movimientos Sociales, el objetivo de esta caravana es visibilizar la crisis humanitaria que viven los nicarag\u00fcenses que se encuentran exiliados en este pa\u00eds, demandar justicia por las personas fallecidas en las protestas, exigir libertad de todos los detenidos y denunciar las violaciones de derechos humanos ocurridas en el pa\u00eds en los \u00faltimos ocho meses.<\/span><\/h4>\n<h4><span style=\"color: #000000;\">Seg\u00fan la Comisi\u00f3n Interamericana de Derechos Humanos (CIDH), este a\u00f1o m\u00e1s 50,000 nicarag\u00fcenses ingresaron a territorio costarricense\u00a0 de los cuales m\u00e1s de 40,000 solicitaron protecci\u00f3n a este pa\u00eds.<\/span><\/h4>\n<h4><span style=\"color: #000000;\">Por su parte el Servicio Jesuita para Migrantes (SJM), cifra en 80 mil el n\u00famero de personas que han abandonado Nicaragua desde abril, cuando estall\u00f3 la crisis.\u00a0<\/span><\/h4>\n<h4><span style=\"color: #000000;\">Un informe de la CIDH y una investigaci\u00f3n del Servicio Jesuita para Migrantes tambi\u00e9n han revelado que la mayor\u00eda de nicarag\u00fcenses que huy\u00f3 del pa\u00eds a ra\u00edz de la crisis ante amenazas, persecuci\u00f3n y asedio por haber participado en las protestas, son j\u00f3venes y profesionales.<\/span><\/h4>\n<h4><span style=\"color: #000000;\">Dichos informes tambi\u00e9n han revelado que estas personas, quienes la mayor\u00eda se encuentran en Costa Rica, est\u00e1n en condiciones precarias.<\/span><\/h4>\n<h4><span style=\"color: #000000;\">La crisis en Nicaragua inici\u00f3 el pasado 18 de abril y dejado m\u00e1s de 300 muertos, miles de heridos y m\u00e1s de 600 personas encarceladas por participar en las protestas.<\/span><\/h4>\n<h4><span style=\"color: #000000;\"><img decoding=\"async\" src=\"http:\/\/endimages.s3.amazonaws.com\/ckeditor\/2018\/12\/16\/caravana-nicas-costa-nica-5.jpg\" alt=\"Exiliados viajan en Caravana hacia frontera de Nicaragua \/ EFE\" \/>&#8211; Exiliados viajan en Caravana hacia frontera de Nicaragua \/ EFE &#8211;<\/span><\/h4>\n<h4><span style=\"color: #000000;\">Distintos organismos de derechos humanos han llamado a acoger a los nicarag\u00fcenses que huyen de la crisis.<\/span><\/h4>\n<\/div>\n<\/section>\n<div>\n<header class=\"article-header table-layout\">\n<section class=\"content print-full\">\n<div class=\"section-gallery\">\n<div class=\"bx-wrapper\">\n<div class=\"bx-viewport\">\n<div class=\"galleries-widget\">\n<figure>\n<div>\n<div>\n<div><span style=\"color: #000000;\">Los nicas exiliados llevan globos azul y blanco y banderas de Nicaragua. Cortes\u00eda de Articulaci\u00f3n de Movimientos Sociales<\/span><\/div>\n<div><\/div>\n<\/div>\n<\/div>\n<\/figure>\n<figure><span style=\"color: #000000;\"><img decoding=\"async\" src=\"https:\/\/endimages.s3.amazonaws.com\/cache\/2b\/79\/2b795b4395966e42c9f04491aceae42b.jpg\" alt=\"\" \/><\/span><\/p>\n<div>\n<div>\n<div><\/div>\n<div><span style=\"color: #000000;\">Integrantes de la caravana piden la libertad de los manifestantes detenidos. \/ Cortes\u00eda de Articulaci\u00f3n de Movimientos Sociales<\/span><\/div>\n<div><\/div>\n<\/div>\n<\/div>\n<\/figure>\n<figure><span style=\"color: #000000;\"><img decoding=\"async\" src=\"https:\/\/endimages.s3.amazonaws.com\/cache\/2f\/b1\/2fb1fed67afe57bff3ec0d27218d27a0.jpg\" alt=\"\" \/><\/span><\/p>\n<div>\n<div>\n<div>\n<div><span style=\"color: #000000;\">3 de 9<\/span><\/div>\n<\/div>\n<div><span style=\"color: #000000;\">Foto: EFE\u00a0<\/span><br \/>\n<span style=\"color: #000000;\">Nicarag\u00fcenses exiliados en Costa Rica inician Caravana hacia la frontera de Pe\u00f1as Blancas<\/span><\/div>\n<div><\/div>\n<\/div>\n<\/div>\n<\/figure>\n<figure><span style=\"color: #000000;\"><img decoding=\"async\" src=\"https:\/\/endimages.s3.amazonaws.com\/cache\/f8\/04\/f804e4dfc7472c7376565ec0712af30f.jpg\" alt=\"\" \/><\/span><\/p>\n<div>\n<div>\n<div>\n<div><span style=\"color: #000000;\">4 de 9<\/span><\/div>\n<\/div>\n<div><span style=\"color: #000000;\">Foto: EFE\u00a0<\/span><br \/>\n<span style=\"color: #000000;\">Los nicas se concentraron en San Jos\u00e9 para viajar a la frontera.<\/span><\/div>\n<div><\/div>\n<\/div>\n<\/div>\n<\/figure>\n<figure><span style=\"color: #000000;\"><img decoding=\"async\" src=\"https:\/\/endimages.s3.amazonaws.com\/cache\/a5\/08\/a5081a923cae7135b47d922c11c701a9.jpg\" alt=\"\" \/><\/span><\/p>\n<div>\n<div>\n<div>\n<div><span style=\"color: #000000;\">5 de 9<\/span><\/div>\n<\/div>\n<div><span style=\"color: #000000;\">Foto: EFE\u00a0<\/span><br \/>\n<span style=\"color: #000000;\">Algunos nicas que participan en la caravana se cubren el rostro por temor<\/span><\/div>\n<div><\/div>\n<\/div>\n<\/div>\n<\/figure>\n<figure><span style=\"color: #000000;\"><img decoding=\"async\" src=\"https:\/\/endimages.s3.amazonaws.com\/cache\/85\/db\/85dbb30c2c62130ecebfe48d6c435486.jpg\" alt=\"\" \/><\/span><\/p>\n<div>\n<div>\n<div>\n<div><span style=\"color: #000000;\">6 de 9<\/span><\/div>\n<\/div>\n<div><span style=\"color: #000000;\">Foto: CORTES\u00cdA \/ END\u00a0<\/span><br \/>\n<span style=\"color: #000000;\">Nicas viajan en bus en caravana hacia la frontera de nicaragua.<\/span><\/div>\n<div><\/div>\n<\/div>\n<\/div>\n<\/figure>\n<figure><span style=\"color: #000000;\"><img decoding=\"async\" src=\"https:\/\/endimages.s3.amazonaws.com\/cache\/ce\/ea\/ceea67be0c129bd20ea8ccfbc8f4ff0a.jpg\" alt=\"\" \/><\/span><\/p>\n<div>\n<div>\n<div>\n<div><span style=\"color: #000000;\">7 de 9<\/span><\/div>\n<\/div>\n<div><span style=\"color: #000000;\">Foto: EFE\u00a0<\/span><br \/>\n<span style=\"color: #000000;\">Los exiliados llevan fotograf\u00eda de las personas detenidas por participar en las protestas.<\/span><\/div>\n<div><\/div>\n<\/div>\n<\/div>\n<\/figure>\n<figure><span style=\"color: #000000;\"><img decoding=\"async\" src=\"https:\/\/endimages.s3.amazonaws.com\/cache\/7a\/4c\/7a4c5b9d4dbf0b44536ea71b4a8b6795.jpg\" alt=\"\" \/><\/span><\/p>\n<div>\n<div>\n<div>\n<div><span style=\"color: #000000;\">8 de 9<\/span><\/div>\n<\/div>\n<div><span style=\"color: #000000;\">Foto: EFE\u00a0<\/span><br \/>\n<span style=\"color: #000000;\">Exiliados nicarag\u00fcenses se unen a la caravana de protesta.<\/span><\/div>\n<div><\/div>\n<\/div>\n<\/div>\n<\/figure>\n<figure><span style=\"color: #000000;\"><img decoding=\"async\" src=\"https:\/\/endimages.s3.amazonaws.com\/cache\/e0\/08\/e0081007cfc32bc12b7bf8f2d8f53da9.jpg\" alt=\"\" \/><\/span><\/p>\n<div>\n<div>\n<div>\n<div><span style=\"color: #000000;\">9 de 9<\/span><\/div>\n<\/div>\n<div><span style=\"color: #000000;\">Foto: EFE\u00a0<\/span><br \/>\n<span style=\"color: #000000;\">Nicarag\u00fcenses en Costa Rica protestan contra el Gobierno.<\/span><\/div>\n<div><\/div>\n<\/div>\n<\/div>\n<\/figure>\n<div class=\"item bx-clone\">\n<figure class=\"text-center\">\n<h4><span style=\"color: #000000;\"><img decoding=\"async\" src=\"https:\/\/endimages.s3.amazonaws.com\/cache\/a2\/eb\/a2eb173048e13195544883e30147295e.jpg\" alt=\"\" \/><\/span><\/h4>\n<div class=\"caption\">\n<div class=\"row\">\n<div><span style=\"color: #000000;\">1 de 9<\/span><\/div>\n<h4><span style=\"color: #000000;\">Foto: CORTES\u00cdA \/ END\u00a0<\/span><br \/>\n<span style=\"color: #000000;\">Los nicas exiliados llevan globos azul y blanco y banderas de Nicaragua. Cortes\u00eda de Articulaci\u00f3n de Movimientos Sociales<\/span><\/h4>\n<h4 class=\"col-xs-2\"><\/h4>\n<\/div>\n<\/div>\n<\/figure>\n<\/div>\n<\/div>\n<\/div>\n<div class=\"bx-controls\"><\/div>\n<\/div>\n<\/div>\n<\/section>\n<\/header>\n<section class=\"content\">\n<div class=\"contenido content-body clearfix\">\n<p>&nbsp;<\/p>\n<\/div>\n<\/section>\n<\/div>\n<div><\/div>\n","protected":false},"excerpt":{"rendered":"<p>Desde la madrugada de este domingo cientos de nicarag\u00fcenses exiliados en Costa Rica se reunieron en San Jos\u00e9 para participar en la caravana Nicarag\u00fcenses en Costa Rica protestan contra el Gobierno. Foto: EFE\u00a0 &nbsp;&#46;&#46;&#46;<\/p>\n","protected":false},"author":30,"featured_media":9954,"comment_status":"open","ping_status":"open","sticky":false,"template":"","format":"standard","meta":{"_acf_changed":false,"rop_custom_images_group":[],"rop_custom_messages_group":[],"rop_publish_now":"initial","rop_publish_now_accounts":{"twitter_242054905_242054905":""},"rop_publish_now_history":[],"rop_publish_now_status":"pending","footnotes":""},"categories":[3],"tags":[180,1522,593,1521],"class_list":["post-9953","post","type-post","status-publish","format-standard","has-post-thumbnail","hentry","category-politica","tag-costa-rica","tag-gobierno-de-nicaragua","tag-nicaraguenses","tag-protestan"],"acf":[],"yoast_head":"<!-- This site is optimized with the Yoast SEO Premium plugin v24.9 (Yoast SEO v27.2) - https:\/\/yoast.com\/product\/yoast-seo-premium-wordpress\/ -->\n<title>Nicarag\u00fcenses en Costa Rica se movilizan para protestar contra el Gobierno de Nicaragua - Texas | Noti-America.com<\/title>\n<meta name=\"robots\" content=\"index, follow, max-snippet:-1, max-image-preview:large, max-video-preview:-1\" \/>\n<link rel=\"canonical\" href=\"https:\/\/noti-america.com\/site\/texas\/2018\/12\/17\/nicaraguenses-en-costa-rica-se-movilizan-para-protestar-contra-el-gobierno-de-nicaragua\/\" \/>\n<meta property=\"og:locale\" content=\"es_ES\" \/>\n<meta property=\"og:type\" content=\"article\" \/>\n<meta property=\"og:title\" content=\"Nicarag\u00fcenses en Costa Rica se movilizan para protestar contra el Gobierno de Nicaragua\" \/>\n<meta property=\"og:description\" content=\"Desde la madrugada de este domingo cientos de nicarag\u00fcenses exiliados en Costa Rica se reunieron en San Jos\u00e9 para participar en la caravana Nicarag\u00fcenses en Costa Rica protestan contra el Gobierno. Foto: EFE\u00a0 &nbsp;&#046;&#046;&#046;\" \/>\n<meta property=\"og:url\" content=\"https:\/\/noti-america.com\/site\/texas\/2018\/12\/17\/nicaraguenses-en-costa-rica-se-movilizan-para-protestar-contra-el-gobierno-de-nicaragua\/\" \/>\n<meta property=\"og:site_name\" content=\"Texas | Noti-America.com\" \/>\n<meta property=\"article:published_time\" content=\"2018-12-17T11:40:28+00:00\" \/>\n<meta property=\"article:modified_time\" content=\"2018-12-17T11:41:30+00:00\" \/>\n<meta property=\"og:image\" content=\"https:\/\/noti-america.com\/site\/texas\/wp-content\/uploads\/sites\/4\/2018\/12\/Nicarag\u00fcenses-en-Costa-Rica-se.jpg\" \/>\n\t<meta property=\"og:image:width\" content=\"654\" \/>\n\t<meta property=\"og:image:height\" content=\"436\" \/>\n\t<meta property=\"og:image:type\" content=\"image\/jpeg\" \/>\n<meta name=\"author\" content=\"Redacci\u00f3n NA-TX\" \/>\n<meta name=\"twitter:card\" content=\"summary_large_image\" \/>\n<meta name=\"twitter:label1\" content=\"Escrito por\" \/>\n\t<meta name=\"twitter:data1\" content=\"Redacci\u00f3n NA-TX\" \/>\n\t<meta name=\"twitter:label2\" content=\"Tiempo estimado de lectura\" \/>\n\t<meta name=\"twitter:data2\" content=\"3 minutos\" \/>\n<script type=\"application\/ld+json\" class=\"yoast-schema-graph\">{\"@context\":\"https:\/\/schema.org\",\"@graph\":[{\"@type\":\"Article\",\"@id\":\"https:\/\/noti-america.com\/site\/texas\/2018\/12\/17\/nicaraguenses-en-costa-rica-se-movilizan-para-protestar-contra-el-gobierno-de-nicaragua\/#article\",\"isPartOf\":{\"@id\":\"https:\/\/noti-america.com\/site\/texas\/2018\/12\/17\/nicaraguenses-en-costa-rica-se-movilizan-para-protestar-contra-el-gobierno-de-nicaragua\/\"},\"author\":{\"name\":\"Redacci\u00f3n NA-TX\",\"@id\":\"https:\/\/noti-america.com\/site\/texas\/#\/schema\/person\/ae305e0187703594d7e273941bdc7f76\"},\"headline\":\"Nicarag\u00fcenses en Costa Rica se movilizan para protestar contra el Gobierno de Nicaragua\",\"datePublished\":\"2018-12-17T11:40:28+00:00\",\"dateModified\":\"2018-12-17T11:41:30+00:00\",\"mainEntityOfPage\":{\"@id\":\"https:\/\/noti-america.com\/site\/texas\/2018\/12\/17\/nicaraguenses-en-costa-rica-se-movilizan-para-protestar-contra-el-gobierno-de-nicaragua\/\"},\"wordCount\":581,\"commentCount\":0,\"publisher\":{\"@id\":\"https:\/\/noti-america.com\/site\/texas\/#organization\"},\"image\":{\"@id\":\"https:\/\/noti-america.com\/site\/texas\/2018\/12\/17\/nicaraguenses-en-costa-rica-se-movilizan-para-protestar-contra-el-gobierno-de-nicaragua\/#primaryimage\"},\"thumbnailUrl\":\"https:\/\/noti-america.com\/site\/texas\/wp-content\/uploads\/sites\/4\/2018\/12\/Nicarag\u00fcenses-en-Costa-Rica-se.jpg\",\"keywords\":[\"Costa Rica\",\"Gobierno de Nicaragua\",\"Nicaraguenses\",\"protestan\"],\"articleSection\":[\"Pol\u00edtica\"],\"inLanguage\":\"es\",\"potentialAction\":[{\"@type\":\"CommentAction\",\"name\":\"Comment\",\"target\":[\"https:\/\/noti-america.com\/site\/texas\/2018\/12\/17\/nicaraguenses-en-costa-rica-se-movilizan-para-protestar-contra-el-gobierno-de-nicaragua\/#respond\"]}]},{\"@type\":\"WebPage\",\"@id\":\"https:\/\/noti-america.com\/site\/texas\/2018\/12\/17\/nicaraguenses-en-costa-rica-se-movilizan-para-protestar-contra-el-gobierno-de-nicaragua\/\",\"url\":\"https:\/\/noti-america.com\/site\/texas\/2018\/12\/17\/nicaraguenses-en-costa-rica-se-movilizan-para-protestar-contra-el-gobierno-de-nicaragua\/\",\"name\":\"Nicarag\u00fcenses en Costa Rica se movilizan para protestar contra el Gobierno de Nicaragua - Texas | Noti-America.com\",\"isPartOf\":{\"@id\":\"https:\/\/noti-america.com\/site\/texas\/#website\"},\"primaryImageOfPage\":{\"@id\":\"https:\/\/noti-america.com\/site\/texas\/2018\/12\/17\/nicaraguenses-en-costa-rica-se-movilizan-para-protestar-contra-el-gobierno-de-nicaragua\/#primaryimage\"},\"image\":{\"@id\":\"https:\/\/noti-america.com\/site\/texas\/2018\/12\/17\/nicaraguenses-en-costa-rica-se-movilizan-para-protestar-contra-el-gobierno-de-nicaragua\/#primaryimage\"},\"thumbnailUrl\":\"https:\/\/noti-america.com\/site\/texas\/wp-content\/uploads\/sites\/4\/2018\/12\/Nicarag\u00fcenses-en-Costa-Rica-se.jpg\",\"datePublished\":\"2018-12-17T11:40:28+00:00\",\"dateModified\":\"2018-12-17T11:41:30+00:00\",\"breadcrumb\":{\"@id\":\"https:\/\/noti-america.com\/site\/texas\/2018\/12\/17\/nicaraguenses-en-costa-rica-se-movilizan-para-protestar-contra-el-gobierno-de-nicaragua\/#breadcrumb\"},\"inLanguage\":\"es\",\"potentialAction\":[{\"@type\":\"ReadAction\",\"target\":[\"https:\/\/noti-america.com\/site\/texas\/2018\/12\/17\/nicaraguenses-en-costa-rica-se-movilizan-para-protestar-contra-el-gobierno-de-nicaragua\/\"]}]},{\"@type\":\"ImageObject\",\"inLanguage\":\"es\",\"@id\":\"https:\/\/noti-america.com\/site\/texas\/2018\/12\/17\/nicaraguenses-en-costa-rica-se-movilizan-para-protestar-contra-el-gobierno-de-nicaragua\/#primaryimage\",\"url\":\"https:\/\/noti-america.com\/site\/texas\/wp-content\/uploads\/sites\/4\/2018\/12\/Nicarag\u00fcenses-en-Costa-Rica-se.jpg\",\"contentUrl\":\"https:\/\/noti-america.com\/site\/texas\/wp-content\/uploads\/sites\/4\/2018\/12\/Nicarag\u00fcenses-en-Costa-Rica-se.jpg\",\"width\":654,\"height\":436},{\"@type\":\"BreadcrumbList\",\"@id\":\"https:\/\/noti-america.com\/site\/texas\/2018\/12\/17\/nicaraguenses-en-costa-rica-se-movilizan-para-protestar-contra-el-gobierno-de-nicaragua\/#breadcrumb\",\"itemListElement\":[{\"@type\":\"ListItem\",\"position\":1,\"name\":\"Portada\",\"item\":\"https:\/\/noti-america.com\/site\/texas\/\"},{\"@type\":\"ListItem\",\"position\":2,\"name\":\"Nicarag\u00fcenses en Costa Rica se movilizan para protestar contra el Gobierno de Nicaragua\"}]},{\"@type\":\"WebSite\",\"@id\":\"https:\/\/noti-america.com\/site\/texas\/#website\",\"url\":\"https:\/\/noti-america.com\/site\/texas\/\",\"name\":\"Texas | Noti-America.com\",\"description\":\"\",\"publisher\":{\"@id\":\"https:\/\/noti-america.com\/site\/texas\/#organization\"},\"potentialAction\":[{\"@type\":\"SearchAction\",\"target\":{\"@type\":\"EntryPoint\",\"urlTemplate\":\"https:\/\/noti-america.com\/site\/texas\/?s={search_term_string}\"},\"query-input\":{\"@type\":\"PropertyValueSpecification\",\"valueRequired\":true,\"valueName\":\"search_term_string\"}}],\"inLanguage\":\"es\"},{\"@type\":\"Organization\",\"@id\":\"https:\/\/noti-america.com\/site\/texas\/#organization\",\"name\":\"Noti-America LLC | Texas-USA\",\"url\":\"https:\/\/noti-america.com\/site\/texas\/\",\"logo\":{\"@type\":\"ImageObject\",\"inLanguage\":\"es\",\"@id\":\"https:\/\/noti-america.com\/site\/texas\/#\/schema\/logo\/image\/\",\"url\":\"https:\/\/noti-america.com\/site\/us-tx\/wp-content\/uploads\/sites\/4\/2020\/07\/LogoNA-4x3-1.jpg\",\"contentUrl\":\"https:\/\/noti-america.com\/site\/us-tx\/wp-content\/uploads\/sites\/4\/2020\/07\/LogoNA-4x3-1.jpg\",\"width\":1236,\"height\":1080,\"caption\":\"Noti-America LLC | Texas-USA\"},\"image\":{\"@id\":\"https:\/\/noti-america.com\/site\/texas\/#\/schema\/logo\/image\/\"}},{\"@type\":\"Person\",\"@id\":\"https:\/\/noti-america.com\/site\/texas\/#\/schema\/person\/ae305e0187703594d7e273941bdc7f76\",\"name\":\"Redacci\u00f3n NA-TX\",\"image\":{\"@type\":\"ImageObject\",\"inLanguage\":\"es\",\"@id\":\"https:\/\/secure.gravatar.com\/avatar\/1ede8345cc79df032062efa286d5b99b0e4e5bd13e51f7cb031f715a3a43b386?s=96&d=mm&r=g\",\"url\":\"https:\/\/secure.gravatar.com\/avatar\/1ede8345cc79df032062efa286d5b99b0e4e5bd13e51f7cb031f715a3a43b386?s=96&d=mm&r=g\",\"contentUrl\":\"https:\/\/secure.gravatar.com\/avatar\/1ede8345cc79df032062efa286d5b99b0e4e5bd13e51f7cb031f715a3a43b386?s=96&d=mm&r=g\",\"caption\":\"Redacci\u00f3n NA-TX\"},\"url\":\"https:\/\/noti-america.com\/site\/texas\/author\/redacciontx\/\"}]}<\/script>\n<!-- \/ Yoast SEO Premium plugin. -->","yoast_head_json":{"title":"Nicarag\u00fcenses en Costa Rica se movilizan para protestar contra el Gobierno de Nicaragua - Texas | Noti-America.com","robots":{"index":"index","follow":"follow","max-snippet":"max-snippet:-1","max-image-preview":"max-image-preview:large","max-video-preview":"max-video-preview:-1"},"canonical":"https:\/\/noti-america.com\/site\/texas\/2018\/12\/17\/nicaraguenses-en-costa-rica-se-movilizan-para-protestar-contra-el-gobierno-de-nicaragua\/","og_locale":"es_ES","og_type":"article","og_title":"Nicarag\u00fcenses en Costa Rica se movilizan para protestar contra el Gobierno de Nicaragua","og_description":"Desde la madrugada de este domingo cientos de nicarag\u00fcenses exiliados en Costa Rica se reunieron en San Jos\u00e9 para participar en la caravana Nicarag\u00fcenses en Costa Rica protestan contra el Gobierno. Foto: EFE\u00a0 &nbsp;&#46;&#46;&#46;","og_url":"https:\/\/noti-america.com\/site\/texas\/2018\/12\/17\/nicaraguenses-en-costa-rica-se-movilizan-para-protestar-contra-el-gobierno-de-nicaragua\/","og_site_name":"Texas | Noti-America.com","article_published_time":"2018-12-17T11:40:28+00:00","article_modified_time":"2018-12-17T11:41:30+00:00","og_image":[{"width":654,"height":436,"url":"https:\/\/noti-america.com\/site\/texas\/wp-content\/uploads\/sites\/4\/2018\/12\/Nicarag\u00fcenses-en-Costa-Rica-se.jpg","type":"image\/jpeg"}],"author":"Redacci\u00f3n NA-TX","twitter_card":"summary_large_image","twitter_misc":{"Escrito por":"Redacci\u00f3n NA-TX","Tiempo estimado de lectura":"3 minutos"},"schema":{"@context":"https:\/\/schema.org","@graph":[{"@type":"Article","@id":"https:\/\/noti-america.com\/site\/texas\/2018\/12\/17\/nicaraguenses-en-costa-rica-se-movilizan-para-protestar-contra-el-gobierno-de-nicaragua\/#article","isPartOf":{"@id":"https:\/\/noti-america.com\/site\/texas\/2018\/12\/17\/nicaraguenses-en-costa-rica-se-movilizan-para-protestar-contra-el-gobierno-de-nicaragua\/"},"author":{"name":"Redacci\u00f3n NA-TX","@id":"https:\/\/noti-america.com\/site\/texas\/#\/schema\/person\/ae305e0187703594d7e273941bdc7f76"},"headline":"Nicarag\u00fcenses en Costa Rica se movilizan para protestar contra el Gobierno de Nicaragua","datePublished":"2018-12-17T11:40:28+00:00","dateModified":"2018-12-17T11:41:30+00:00","mainEntityOfPage":{"@id":"https:\/\/noti-america.com\/site\/texas\/2018\/12\/17\/nicaraguenses-en-costa-rica-se-movilizan-para-protestar-contra-el-gobierno-de-nicaragua\/"},"wordCount":581,"commentCount":0,"publisher":{"@id":"https:\/\/noti-america.com\/site\/texas\/#organization"},"image":{"@id":"https:\/\/noti-america.com\/site\/texas\/2018\/12\/17\/nicaraguenses-en-costa-rica-se-movilizan-para-protestar-contra-el-gobierno-de-nicaragua\/#primaryimage"},"thumbnailUrl":"https:\/\/noti-america.com\/site\/texas\/wp-content\/uploads\/sites\/4\/2018\/12\/Nicarag\u00fcenses-en-Costa-Rica-se.jpg","keywords":["Costa Rica","Gobierno de Nicaragua","Nicaraguenses","protestan"],"articleSection":["Pol\u00edtica"],"inLanguage":"es","potentialAction":[{"@type":"CommentAction","name":"Comment","target":["https:\/\/noti-america.com\/site\/texas\/2018\/12\/17\/nicaraguenses-en-costa-rica-se-movilizan-para-protestar-contra-el-gobierno-de-nicaragua\/#respond"]}]},{"@type":"WebPage","@id":"https:\/\/noti-america.com\/site\/texas\/2018\/12\/17\/nicaraguenses-en-costa-rica-se-movilizan-para-protestar-contra-el-gobierno-de-nicaragua\/","url":"https:\/\/noti-america.com\/site\/texas\/2018\/12\/17\/nicaraguenses-en-costa-rica-se-movilizan-para-protestar-contra-el-gobierno-de-nicaragua\/","name":"Nicarag\u00fcenses en Costa Rica se movilizan para protestar contra el Gobierno de Nicaragua - Texas | Noti-America.com","isPartOf":{"@id":"https:\/\/noti-america.com\/site\/texas\/#website"},"primaryImageOfPage":{"@id":"https:\/\/noti-america.com\/site\/texas\/2018\/12\/17\/nicaraguenses-en-costa-rica-se-movilizan-para-protestar-contra-el-gobierno-de-nicaragua\/#primaryimage"},"image":{"@id":"https:\/\/noti-america.com\/site\/texas\/2018\/12\/17\/nicaraguenses-en-costa-rica-se-movilizan-para-protestar-contra-el-gobierno-de-nicaragua\/#primaryimage"},"thumbnailUrl":"https:\/\/noti-america.com\/site\/texas\/wp-content\/uploads\/sites\/4\/2018\/12\/Nicarag\u00fcenses-en-Costa-Rica-se.jpg","datePublished":"2018-12-17T11:40:28+00:00","dateModified":"2018-12-17T11:41:30+00:00","breadcrumb":{"@id":"https:\/\/noti-america.com\/site\/texas\/2018\/12\/17\/nicaraguenses-en-costa-rica-se-movilizan-para-protestar-contra-el-gobierno-de-nicaragua\/#breadcrumb"},"inLanguage":"es","potentialAction":[{"@type":"ReadAction","target":["https:\/\/noti-america.com\/site\/texas\/2018\/12\/17\/nicaraguenses-en-costa-rica-se-movilizan-para-protestar-contra-el-gobierno-de-nicaragua\/"]}]},{"@type":"ImageObject","inLanguage":"es","@id":"https:\/\/noti-america.com\/site\/texas\/2018\/12\/17\/nicaraguenses-en-costa-rica-se-movilizan-para-protestar-contra-el-gobierno-de-nicaragua\/#primaryimage","url":"https:\/\/noti-america.com\/site\/texas\/wp-content\/uploads\/sites\/4\/2018\/12\/Nicarag\u00fcenses-en-Costa-Rica-se.jpg","contentUrl":"https:\/\/noti-america.com\/site\/texas\/wp-content\/uploads\/sites\/4\/2018\/12\/Nicarag\u00fcenses-en-Costa-Rica-se.jpg","width":654,"height":436},{"@type":"BreadcrumbList","@id":"https:\/\/noti-america.com\/site\/texas\/2018\/12\/17\/nicaraguenses-en-costa-rica-se-movilizan-para-protestar-contra-el-gobierno-de-nicaragua\/#breadcrumb","itemListElement":[{"@type":"ListItem","position":1,"name":"Portada","item":"https:\/\/noti-america.com\/site\/texas\/"},{"@type":"ListItem","position":2,"name":"Nicarag\u00fcenses en Costa Rica se movilizan para protestar contra el Gobierno de Nicaragua"}]},{"@type":"WebSite","@id":"https:\/\/noti-america.com\/site\/texas\/#website","url":"https:\/\/noti-america.com\/site\/texas\/","name":"Texas | Noti-America.com","description":"","publisher":{"@id":"https:\/\/noti-america.com\/site\/texas\/#organization"},"potentialAction":[{"@type":"SearchAction","target":{"@type":"EntryPoint","urlTemplate":"https:\/\/noti-america.com\/site\/texas\/?s={search_term_string}"},"query-input":{"@type":"PropertyValueSpecification","valueRequired":true,"valueName":"search_term_string"}}],"inLanguage":"es"},{"@type":"Organization","@id":"https:\/\/noti-america.com\/site\/texas\/#organization","name":"Noti-America LLC | Texas-USA","url":"https:\/\/noti-america.com\/site\/texas\/","logo":{"@type":"ImageObject","inLanguage":"es","@id":"https:\/\/noti-america.com\/site\/texas\/#\/schema\/logo\/image\/","url":"https:\/\/noti-america.com\/site\/us-tx\/wp-content\/uploads\/sites\/4\/2020\/07\/LogoNA-4x3-1.jpg","contentUrl":"https:\/\/noti-america.com\/site\/us-tx\/wp-content\/uploads\/sites\/4\/2020\/07\/LogoNA-4x3-1.jpg","width":1236,"height":1080,"caption":"Noti-America LLC | Texas-USA"},"image":{"@id":"https:\/\/noti-america.com\/site\/texas\/#\/schema\/logo\/image\/"}},{"@type":"Person","@id":"https:\/\/noti-america.com\/site\/texas\/#\/schema\/person\/ae305e0187703594d7e273941bdc7f76","name":"Redacci\u00f3n NA-TX","image":{"@type":"ImageObject","inLanguage":"es","@id":"https:\/\/secure.gravatar.com\/avatar\/1ede8345cc79df032062efa286d5b99b0e4e5bd13e51f7cb031f715a3a43b386?s=96&d=mm&r=g","url":"https:\/\/secure.gravatar.com\/avatar\/1ede8345cc79df032062efa286d5b99b0e4e5bd13e51f7cb031f715a3a43b386?s=96&d=mm&r=g","contentUrl":"https:\/\/secure.gravatar.com\/avatar\/1ede8345cc79df032062efa286d5b99b0e4e5bd13e51f7cb031f715a3a43b386?s=96&d=mm&r=g","caption":"Redacci\u00f3n NA-TX"},"url":"https:\/\/noti-america.com\/site\/texas\/author\/redacciontx\/"}]}},"_links":{"self":[{"href":"https:\/\/noti-america.com\/site\/texas\/wp-json\/wp\/v2\/posts\/9953","targetHints":{"allow":["GET"]}}],"collection":[{"href":"https:\/\/noti-america.com\/site\/texas\/wp-json\/wp\/v2\/posts"}],"about":[{"href":"https:\/\/noti-america.com\/site\/texas\/wp-json\/wp\/v2\/types\/post"}],"author":[{"embeddable":true,"href":"https:\/\/noti-america.com\/site\/texas\/wp-json\/wp\/v2\/users\/30"}],"replies":[{"embeddable":true,"href":"https:\/\/noti-america.com\/site\/texas\/wp-json\/wp\/v2\/comments?post=9953"}],"version-history":[{"count":2,"href":"https:\/\/noti-america.com\/site\/texas\/wp-json\/wp\/v2\/posts\/9953\/revisions"}],"predecessor-version":[{"id":9987,"href":"https:\/\/noti-america.com\/site\/texas\/wp-json\/wp\/v2\/posts\/9953\/revisions\/9987"}],"wp:featuredmedia":[{"embeddable":true,"href":"https:\/\/noti-america.com\/site\/texas\/wp-json\/wp\/v2\/media\/9954"}],"wp:attachment":[{"href":"https:\/\/noti-america.com\/site\/texas\/wp-json\/wp\/v2\/media?parent=9953"}],"wp:term":[{"taxonomy":"category","embeddable":true,"href":"https:\/\/noti-america.com\/site\/texas\/wp-json\/wp\/v2\/categories?post=9953"},{"taxonomy":"post_tag","embeddable":true,"href":"https:\/\/noti-america.com\/site\/texas\/wp-json\/wp\/v2\/tags?post=9953"}],"curies":[{"name":"wp","href":"https:\/\/api.w.org\/{rel}","templated":true}]}}