{"id":8335,"date":"2018-10-08T05:42:57","date_gmt":"2018-10-08T10:42:57","guid":{"rendered":"http:\/\/noti-america.com\/site\/us-tx\/?p=8335"},"modified":"2018-10-08T05:42:57","modified_gmt":"2018-10-08T10:42:57","slug":"el-alto-comisionado-de-la-onu-para-refugiados-busca-en-colombia-ayudar-a-los-venezolanos","status":"publish","type":"post","link":"https:\/\/noti-america.com\/site\/texas\/2018\/10\/08\/el-alto-comisionado-de-la-onu-para-refugiados-busca-en-colombia-ayudar-a-los-venezolanos\/","title":{"rendered":"El alto comisionado de la ONU para refugiados busca en Colombia ayudar a los venezolanos"},"content":{"rendered":"<header class=\"nav-down\">\n<h2 style=\"text-align: center;\"><span style=\"color: #000000;\">Seg\u00fan el funcionario, \u00abla preocupaci\u00f3n principal de la ONU es que los venezolanos puedan tener instrumentos de acceso a una protecci\u00f3n en formas diferentes y disponibles en varios pa\u00edses y que no est\u00e9n expuestos a riesgos y peligros, especialmente las mujeres, los ni\u00f1os y las personas mayores\u00bb.<\/span><\/h2>\n<section class=\"cp-tools md cf \"><\/section>\n<section id=\"edi-ad-slot-ed-bajo-titular\" class=\"md-advertisement md hspace ad-article no-adv-socios\" role=\"marquee\">\n<div class=\"caption\"><\/div>\n<\/section>\n<div>\n<figure><span style=\"color: #000000;\"><img loading=\"lazy\" decoding=\"async\" class=\"aligncenter\" src=\"https:\/\/www.eldiario.es\/politica\/comisionado-ONU-refugiados-Colombia-venezolanos_EDIIMA20181007_0003_4.jpg\" alt=\"El alto comisionado de la ONU para refugiados busca en Colombia ayudar a los venezolanos\" width=\"643\" height=\"362\" \/><\/span><figcaption>\n<h5 style=\"text-align: center;\"><em><span style=\"color: #000000;\">El alto comisionado de la ONU para refugiados busca en Colombia ayudar a los venezolanos<\/span><\/em><\/h5>\n<\/figcaption><\/figure>\n<\/div>\n<\/header>\n<div class=\"pg-body\">\n<div id=\"edi-body\" class=\"mce-body mce no-sticky-adv-socios\">\n<p>&nbsp;<\/p>\n<p>&nbsp;<\/p>\n<p>&nbsp;<\/p>\n<p><em><strong>Fuente:\u00a0https:\/\/www.eldiario.es<\/strong><\/em><\/p>\n<hr \/>\n<p>&nbsp;<\/p>\n<p>&nbsp;<\/p>\n<p>&nbsp;<\/p>\n<h3><em><span style=\"color: #000000;\">El alto comisionado de Naciones Unidas para los Refugiados (Acnur), el italiano Filippo Grandi, asegur\u00f3 hoy al llegar a Bogot\u00e1 que el objetivo de su visita es conocer de primera mano las dificultades que enfrentan los venezolanos que se encuentran en Colombia para planificar las acciones del organismo al que representa.<\/span><\/em><\/h3>\n<\/div>\n<\/div>\n<p>&nbsp;<\/p>\n<p>&nbsp;<\/p>\n<div>\n<div id=\"edi-body\" class=\"mce-body\">\n<h4><span style=\"color: #000000;\">\u00abYo creo que es muy importante para mi comprender los problemas concretos de los venezolanos para planificar mejor la acci\u00f3n futura de apoyo al Gobierno colombiano\u00bb, dijo Grandi en rueda de prensa junto al canciller de Colombia, Carlos Holmes Trujillo.<\/span><\/h4>\n<h4><span style=\"color: #000000;\">Seg\u00fan el funcionario, \u00abla preocupaci\u00f3n principal de la ONU es que los venezolanos puedan tener instrumentos de acceso a una protecci\u00f3n en formas diferentes y disponibles en varios pa\u00edses y que no est\u00e9n expuestos a riesgos y peligros, especialmente las mujeres, los ni\u00f1os y las personas mayores\u00bb.<\/span><\/h4>\n<h4><span style=\"color: #000000;\">Para ello, tanto Grandi como Trujillo resaltaron la importancia de que Acnur junto a la Organizaci\u00f3n Internacional de las Migraciones (OIM) hayan establecido una plataforma de coordinaci\u00f3n regional y designado como representante especial al exvicepresidente de Guatemala Eduardo Stein.<\/span><\/h4>\n<h4><span style=\"color: #000000;\">Seg\u00fan el vocero de Acnur, Stein deber\u00e1 trabajar con los Gobiernos de las naciones receptoras de venezolanos para que \u00abel trabajo sea m\u00e1s eficaz, buscar recursos y desarrollar una estrategia regional porque muchos problemas son los mismos en diferentes pa\u00edses\u00bb.<\/span><\/h4>\n<h4><span style=\"color: #000000;\">Por su parte, el canciller agradeci\u00f3 la presencia de Grandi e indic\u00f3 que el Gobierno nacional sigue en la tarea de fortalecer los mecanismos internos para enfrentar la crisis migratoria.<\/span><\/h4>\n<h4><span style=\"color: #000000;\">De hecho, coment\u00f3 que en los pr\u00f3ximos d\u00edas viajar\u00e1 a Lima y Quito para \u00abponer en marcha la primera parte del proceso de armonizaci\u00f3n de las medidas para hacerle frente a la situaci\u00f3n\u00bb generada por el \u00e9xodo de venezolanos.<\/span><\/h4>\n<h4><span style=\"color: #000000;\">La agenda de Filippo Grandi en Colombia comenzar\u00e1 ma\u00f1ana en la ciudad de C\u00facuta, fronteriza con Venezuela, en donde inaugurar\u00e1 el centro m\u00e9dico La Margarita.<\/span><\/h4>\n<h4><span style=\"color: #000000;\">En el evento participar\u00e1n tambi\u00e9n el director para el Desarrollo y la Integraci\u00f3n Fronteriza de la Canciller\u00eda, V\u00edctor Bautista; el gerente de Frontera, Felipe Mu\u00f1oz; el alcalde de Villa del Rosario, Pepe Ruiz, y el director del Instituto Departamental de Salud, Juan Alberto Bitar.<\/span><\/h4>\n<h4><span style=\"color: #000000;\">La apertura del centro m\u00e9dico La Margarita es parte de la cooperaci\u00f3n internacional gestionada por la Canciller\u00eda con Acnur y el Consejo Noruego para Refugiados y busca atender la crisis migratoria proveniente de Venezuela.<\/span><\/h4>\n<h4><span style=\"color: #000000;\">El lugar, ubicado en Villa del Rosario, municipio que hace parte del \u00e1rea metropolitana de C\u00facuta, capital del departamento de Norte de Santander, atender\u00e1 a unas 320 personas diariamente y aproximadamente a 9.300 al mes.<\/span><\/h4>\n<h4><span style=\"color: #000000;\">El pr\u00f3ximo lunes el alto comisionado de Naciones Unidas para los Refugiados se reunir\u00e1 con el presidente colombiano, Iv\u00e1n Duque, para discutir asuntos relacionados con los inmigrantes de Venezuela.<\/span><\/h4>\n<h4><span style=\"color: #000000;\">Filippo Grandi comenz\u00f3 hoy una visita a Am\u00e9rica Latina que se extender\u00e1 hasta el 14 de octubre y que lo llevar\u00e1 tambi\u00e9n a Argentina, Per\u00fa y Ecuador.<\/span><\/h4>\n<\/div>\n<\/div>\n","protected":false},"excerpt":{"rendered":"<p>Seg\u00fan el funcionario, \u00abla preocupaci\u00f3n principal de la ONU es que los venezolanos puedan tener instrumentos de acceso a una protecci\u00f3n en formas diferentes y disponibles en varios pa\u00edses y que no est\u00e9n expuestos&#46;&#46;&#46;<\/p>\n","protected":false},"author":30,"featured_media":8336,"comment_status":"open","ping_status":"open","sticky":false,"template":"","format":"standard","meta":{"_acf_changed":false,"rop_custom_images_group":[],"rop_custom_messages_group":[],"rop_publish_now":"initial","rop_publish_now_accounts":{"twitter_242054905_242054905":""},"rop_publish_now_history":[],"rop_publish_now_status":"pending","footnotes":""},"categories":[3],"tags":[308,813,492,207],"class_list":["post-8335","post","type-post","status-publish","format-standard","has-post-thumbnail","hentry","category-politica","tag-colombia","tag-exodo","tag-onu","tag-venezolanos"],"acf":[],"yoast_head":"<!-- This site is optimized with the Yoast SEO Premium plugin v24.9 (Yoast SEO v27.2) - https:\/\/yoast.com\/product\/yoast-seo-premium-wordpress\/ -->\n<title>El alto comisionado de la ONU para refugiados busca en Colombia ayudar a los venezolanos - Texas | Noti-America.com<\/title>\n<meta name=\"robots\" content=\"index, follow, max-snippet:-1, max-image-preview:large, max-video-preview:-1\" \/>\n<link rel=\"canonical\" href=\"https:\/\/noti-america.com\/site\/texas\/2018\/10\/08\/el-alto-comisionado-de-la-onu-para-refugiados-busca-en-colombia-ayudar-a-los-venezolanos\/\" \/>\n<meta property=\"og:locale\" content=\"es_ES\" \/>\n<meta property=\"og:type\" content=\"article\" \/>\n<meta property=\"og:title\" content=\"El alto comisionado de la ONU para refugiados busca en Colombia ayudar a los venezolanos\" \/>\n<meta property=\"og:description\" content=\"Seg\u00fan el funcionario, \u00abla preocupaci\u00f3n principal de la ONU es que los venezolanos puedan tener instrumentos de acceso a una protecci\u00f3n en formas diferentes y disponibles en varios pa\u00edses y que no est\u00e9n expuestos&#046;&#046;&#046;\" \/>\n<meta property=\"og:url\" content=\"https:\/\/noti-america.com\/site\/texas\/2018\/10\/08\/el-alto-comisionado-de-la-onu-para-refugiados-busca-en-colombia-ayudar-a-los-venezolanos\/\" \/>\n<meta property=\"og:site_name\" content=\"Texas | Noti-America.com\" \/>\n<meta property=\"article:published_time\" content=\"2018-10-08T10:42:57+00:00\" \/>\n<meta property=\"og:image\" content=\"https:\/\/noti-america.com\/site\/texas\/wp-content\/uploads\/sites\/4\/2018\/10\/El-alto-comisionado-de-la-ONU.jpg\" \/>\n\t<meta property=\"og:image:width\" content=\"643\" \/>\n\t<meta property=\"og:image:height\" content=\"362\" \/>\n\t<meta property=\"og:image:type\" content=\"image\/jpeg\" \/>\n<meta name=\"author\" content=\"Redacci\u00f3n NA-TX\" \/>\n<meta name=\"twitter:card\" content=\"summary_large_image\" \/>\n<meta name=\"twitter:label1\" content=\"Escrito por\" \/>\n\t<meta name=\"twitter:data1\" content=\"Redacci\u00f3n NA-TX\" \/>\n\t<meta name=\"twitter:label2\" content=\"Tiempo estimado de lectura\" \/>\n\t<meta name=\"twitter:data2\" content=\"3 minutos\" \/>\n<script type=\"application\/ld+json\" class=\"yoast-schema-graph\">{\"@context\":\"https:\/\/schema.org\",\"@graph\":[{\"@type\":\"Article\",\"@id\":\"https:\/\/noti-america.com\/site\/texas\/2018\/10\/08\/el-alto-comisionado-de-la-onu-para-refugiados-busca-en-colombia-ayudar-a-los-venezolanos\/#article\",\"isPartOf\":{\"@id\":\"https:\/\/noti-america.com\/site\/texas\/2018\/10\/08\/el-alto-comisionado-de-la-onu-para-refugiados-busca-en-colombia-ayudar-a-los-venezolanos\/\"},\"author\":{\"name\":\"Redacci\u00f3n NA-TX\",\"@id\":\"https:\/\/noti-america.com\/site\/texas\/#\/schema\/person\/ae305e0187703594d7e273941bdc7f76\"},\"headline\":\"El alto comisionado de la ONU para refugiados busca en Colombia ayudar a los venezolanos\",\"datePublished\":\"2018-10-08T10:42:57+00:00\",\"mainEntityOfPage\":{\"@id\":\"https:\/\/noti-america.com\/site\/texas\/2018\/10\/08\/el-alto-comisionado-de-la-onu-para-refugiados-busca-en-colombia-ayudar-a-los-venezolanos\/\"},\"wordCount\":606,\"commentCount\":0,\"publisher\":{\"@id\":\"https:\/\/noti-america.com\/site\/texas\/#organization\"},\"image\":{\"@id\":\"https:\/\/noti-america.com\/site\/texas\/2018\/10\/08\/el-alto-comisionado-de-la-onu-para-refugiados-busca-en-colombia-ayudar-a-los-venezolanos\/#primaryimage\"},\"thumbnailUrl\":\"https:\/\/noti-america.com\/site\/texas\/wp-content\/uploads\/sites\/4\/2018\/10\/El-alto-comisionado-de-la-ONU.jpg\",\"keywords\":[\"Colombia\",\"\u00e9xodo\",\"Onu\",\"Venezolanos\"],\"articleSection\":[\"Pol\u00edtica\"],\"inLanguage\":\"es\",\"potentialAction\":[{\"@type\":\"CommentAction\",\"name\":\"Comment\",\"target\":[\"https:\/\/noti-america.com\/site\/texas\/2018\/10\/08\/el-alto-comisionado-de-la-onu-para-refugiados-busca-en-colombia-ayudar-a-los-venezolanos\/#respond\"]}]},{\"@type\":\"WebPage\",\"@id\":\"https:\/\/noti-america.com\/site\/texas\/2018\/10\/08\/el-alto-comisionado-de-la-onu-para-refugiados-busca-en-colombia-ayudar-a-los-venezolanos\/\",\"url\":\"https:\/\/noti-america.com\/site\/texas\/2018\/10\/08\/el-alto-comisionado-de-la-onu-para-refugiados-busca-en-colombia-ayudar-a-los-venezolanos\/\",\"name\":\"El alto comisionado de la ONU para refugiados busca en Colombia ayudar a los venezolanos - Texas | Noti-America.com\",\"isPartOf\":{\"@id\":\"https:\/\/noti-america.com\/site\/texas\/#website\"},\"primaryImageOfPage\":{\"@id\":\"https:\/\/noti-america.com\/site\/texas\/2018\/10\/08\/el-alto-comisionado-de-la-onu-para-refugiados-busca-en-colombia-ayudar-a-los-venezolanos\/#primaryimage\"},\"image\":{\"@id\":\"https:\/\/noti-america.com\/site\/texas\/2018\/10\/08\/el-alto-comisionado-de-la-onu-para-refugiados-busca-en-colombia-ayudar-a-los-venezolanos\/#primaryimage\"},\"thumbnailUrl\":\"https:\/\/noti-america.com\/site\/texas\/wp-content\/uploads\/sites\/4\/2018\/10\/El-alto-comisionado-de-la-ONU.jpg\",\"datePublished\":\"2018-10-08T10:42:57+00:00\",\"breadcrumb\":{\"@id\":\"https:\/\/noti-america.com\/site\/texas\/2018\/10\/08\/el-alto-comisionado-de-la-onu-para-refugiados-busca-en-colombia-ayudar-a-los-venezolanos\/#breadcrumb\"},\"inLanguage\":\"es\",\"potentialAction\":[{\"@type\":\"ReadAction\",\"target\":[\"https:\/\/noti-america.com\/site\/texas\/2018\/10\/08\/el-alto-comisionado-de-la-onu-para-refugiados-busca-en-colombia-ayudar-a-los-venezolanos\/\"]}]},{\"@type\":\"ImageObject\",\"inLanguage\":\"es\",\"@id\":\"https:\/\/noti-america.com\/site\/texas\/2018\/10\/08\/el-alto-comisionado-de-la-onu-para-refugiados-busca-en-colombia-ayudar-a-los-venezolanos\/#primaryimage\",\"url\":\"https:\/\/noti-america.com\/site\/texas\/wp-content\/uploads\/sites\/4\/2018\/10\/El-alto-comisionado-de-la-ONU.jpg\",\"contentUrl\":\"https:\/\/noti-america.com\/site\/texas\/wp-content\/uploads\/sites\/4\/2018\/10\/El-alto-comisionado-de-la-ONU.jpg\",\"width\":643,\"height\":362},{\"@type\":\"BreadcrumbList\",\"@id\":\"https:\/\/noti-america.com\/site\/texas\/2018\/10\/08\/el-alto-comisionado-de-la-onu-para-refugiados-busca-en-colombia-ayudar-a-los-venezolanos\/#breadcrumb\",\"itemListElement\":[{\"@type\":\"ListItem\",\"position\":1,\"name\":\"Portada\",\"item\":\"https:\/\/noti-america.com\/site\/texas\/\"},{\"@type\":\"ListItem\",\"position\":2,\"name\":\"El alto comisionado de la ONU para refugiados busca en Colombia ayudar a los venezolanos\"}]},{\"@type\":\"WebSite\",\"@id\":\"https:\/\/noti-america.com\/site\/texas\/#website\",\"url\":\"https:\/\/noti-america.com\/site\/texas\/\",\"name\":\"Texas | Noti-America.com\",\"description\":\"\",\"publisher\":{\"@id\":\"https:\/\/noti-america.com\/site\/texas\/#organization\"},\"potentialAction\":[{\"@type\":\"SearchAction\",\"target\":{\"@type\":\"EntryPoint\",\"urlTemplate\":\"https:\/\/noti-america.com\/site\/texas\/?s={search_term_string}\"},\"query-input\":{\"@type\":\"PropertyValueSpecification\",\"valueRequired\":true,\"valueName\":\"search_term_string\"}}],\"inLanguage\":\"es\"},{\"@type\":\"Organization\",\"@id\":\"https:\/\/noti-america.com\/site\/texas\/#organization\",\"name\":\"Noti-America LLC | Texas-USA\",\"url\":\"https:\/\/noti-america.com\/site\/texas\/\",\"logo\":{\"@type\":\"ImageObject\",\"inLanguage\":\"es\",\"@id\":\"https:\/\/noti-america.com\/site\/texas\/#\/schema\/logo\/image\/\",\"url\":\"https:\/\/noti-america.com\/site\/us-tx\/wp-content\/uploads\/sites\/4\/2020\/07\/LogoNA-4x3-1.jpg\",\"contentUrl\":\"https:\/\/noti-america.com\/site\/us-tx\/wp-content\/uploads\/sites\/4\/2020\/07\/LogoNA-4x3-1.jpg\",\"width\":1236,\"height\":1080,\"caption\":\"Noti-America LLC | Texas-USA\"},\"image\":{\"@id\":\"https:\/\/noti-america.com\/site\/texas\/#\/schema\/logo\/image\/\"}},{\"@type\":\"Person\",\"@id\":\"https:\/\/noti-america.com\/site\/texas\/#\/schema\/person\/ae305e0187703594d7e273941bdc7f76\",\"name\":\"Redacci\u00f3n NA-TX\",\"image\":{\"@type\":\"ImageObject\",\"inLanguage\":\"es\",\"@id\":\"https:\/\/secure.gravatar.com\/avatar\/1ede8345cc79df032062efa286d5b99b0e4e5bd13e51f7cb031f715a3a43b386?s=96&d=mm&r=g\",\"url\":\"https:\/\/secure.gravatar.com\/avatar\/1ede8345cc79df032062efa286d5b99b0e4e5bd13e51f7cb031f715a3a43b386?s=96&d=mm&r=g\",\"contentUrl\":\"https:\/\/secure.gravatar.com\/avatar\/1ede8345cc79df032062efa286d5b99b0e4e5bd13e51f7cb031f715a3a43b386?s=96&d=mm&r=g\",\"caption\":\"Redacci\u00f3n NA-TX\"},\"url\":\"https:\/\/noti-america.com\/site\/texas\/author\/redacciontx\/\"}]}<\/script>\n<!-- \/ Yoast SEO Premium plugin. -->","yoast_head_json":{"title":"El alto comisionado de la ONU para refugiados busca en Colombia ayudar a los venezolanos - Texas | Noti-America.com","robots":{"index":"index","follow":"follow","max-snippet":"max-snippet:-1","max-image-preview":"max-image-preview:large","max-video-preview":"max-video-preview:-1"},"canonical":"https:\/\/noti-america.com\/site\/texas\/2018\/10\/08\/el-alto-comisionado-de-la-onu-para-refugiados-busca-en-colombia-ayudar-a-los-venezolanos\/","og_locale":"es_ES","og_type":"article","og_title":"El alto comisionado de la ONU para refugiados busca en Colombia ayudar a los venezolanos","og_description":"Seg\u00fan el funcionario, \u00abla preocupaci\u00f3n principal de la ONU es que los venezolanos puedan tener instrumentos de acceso a una protecci\u00f3n en formas diferentes y disponibles en varios pa\u00edses y que no est\u00e9n expuestos&#46;&#46;&#46;","og_url":"https:\/\/noti-america.com\/site\/texas\/2018\/10\/08\/el-alto-comisionado-de-la-onu-para-refugiados-busca-en-colombia-ayudar-a-los-venezolanos\/","og_site_name":"Texas | Noti-America.com","article_published_time":"2018-10-08T10:42:57+00:00","og_image":[{"width":643,"height":362,"url":"https:\/\/noti-america.com\/site\/texas\/wp-content\/uploads\/sites\/4\/2018\/10\/El-alto-comisionado-de-la-ONU.jpg","type":"image\/jpeg"}],"author":"Redacci\u00f3n NA-TX","twitter_card":"summary_large_image","twitter_misc":{"Escrito por":"Redacci\u00f3n NA-TX","Tiempo estimado de lectura":"3 minutos"},"schema":{"@context":"https:\/\/schema.org","@graph":[{"@type":"Article","@id":"https:\/\/noti-america.com\/site\/texas\/2018\/10\/08\/el-alto-comisionado-de-la-onu-para-refugiados-busca-en-colombia-ayudar-a-los-venezolanos\/#article","isPartOf":{"@id":"https:\/\/noti-america.com\/site\/texas\/2018\/10\/08\/el-alto-comisionado-de-la-onu-para-refugiados-busca-en-colombia-ayudar-a-los-venezolanos\/"},"author":{"name":"Redacci\u00f3n NA-TX","@id":"https:\/\/noti-america.com\/site\/texas\/#\/schema\/person\/ae305e0187703594d7e273941bdc7f76"},"headline":"El alto comisionado de la ONU para refugiados busca en Colombia ayudar a los venezolanos","datePublished":"2018-10-08T10:42:57+00:00","mainEntityOfPage":{"@id":"https:\/\/noti-america.com\/site\/texas\/2018\/10\/08\/el-alto-comisionado-de-la-onu-para-refugiados-busca-en-colombia-ayudar-a-los-venezolanos\/"},"wordCount":606,"commentCount":0,"publisher":{"@id":"https:\/\/noti-america.com\/site\/texas\/#organization"},"image":{"@id":"https:\/\/noti-america.com\/site\/texas\/2018\/10\/08\/el-alto-comisionado-de-la-onu-para-refugiados-busca-en-colombia-ayudar-a-los-venezolanos\/#primaryimage"},"thumbnailUrl":"https:\/\/noti-america.com\/site\/texas\/wp-content\/uploads\/sites\/4\/2018\/10\/El-alto-comisionado-de-la-ONU.jpg","keywords":["Colombia","\u00e9xodo","Onu","Venezolanos"],"articleSection":["Pol\u00edtica"],"inLanguage":"es","potentialAction":[{"@type":"CommentAction","name":"Comment","target":["https:\/\/noti-america.com\/site\/texas\/2018\/10\/08\/el-alto-comisionado-de-la-onu-para-refugiados-busca-en-colombia-ayudar-a-los-venezolanos\/#respond"]}]},{"@type":"WebPage","@id":"https:\/\/noti-america.com\/site\/texas\/2018\/10\/08\/el-alto-comisionado-de-la-onu-para-refugiados-busca-en-colombia-ayudar-a-los-venezolanos\/","url":"https:\/\/noti-america.com\/site\/texas\/2018\/10\/08\/el-alto-comisionado-de-la-onu-para-refugiados-busca-en-colombia-ayudar-a-los-venezolanos\/","name":"El alto comisionado de la ONU para refugiados busca en Colombia ayudar a los venezolanos - Texas | Noti-America.com","isPartOf":{"@id":"https:\/\/noti-america.com\/site\/texas\/#website"},"primaryImageOfPage":{"@id":"https:\/\/noti-america.com\/site\/texas\/2018\/10\/08\/el-alto-comisionado-de-la-onu-para-refugiados-busca-en-colombia-ayudar-a-los-venezolanos\/#primaryimage"},"image":{"@id":"https:\/\/noti-america.com\/site\/texas\/2018\/10\/08\/el-alto-comisionado-de-la-onu-para-refugiados-busca-en-colombia-ayudar-a-los-venezolanos\/#primaryimage"},"thumbnailUrl":"https:\/\/noti-america.com\/site\/texas\/wp-content\/uploads\/sites\/4\/2018\/10\/El-alto-comisionado-de-la-ONU.jpg","datePublished":"2018-10-08T10:42:57+00:00","breadcrumb":{"@id":"https:\/\/noti-america.com\/site\/texas\/2018\/10\/08\/el-alto-comisionado-de-la-onu-para-refugiados-busca-en-colombia-ayudar-a-los-venezolanos\/#breadcrumb"},"inLanguage":"es","potentialAction":[{"@type":"ReadAction","target":["https:\/\/noti-america.com\/site\/texas\/2018\/10\/08\/el-alto-comisionado-de-la-onu-para-refugiados-busca-en-colombia-ayudar-a-los-venezolanos\/"]}]},{"@type":"ImageObject","inLanguage":"es","@id":"https:\/\/noti-america.com\/site\/texas\/2018\/10\/08\/el-alto-comisionado-de-la-onu-para-refugiados-busca-en-colombia-ayudar-a-los-venezolanos\/#primaryimage","url":"https:\/\/noti-america.com\/site\/texas\/wp-content\/uploads\/sites\/4\/2018\/10\/El-alto-comisionado-de-la-ONU.jpg","contentUrl":"https:\/\/noti-america.com\/site\/texas\/wp-content\/uploads\/sites\/4\/2018\/10\/El-alto-comisionado-de-la-ONU.jpg","width":643,"height":362},{"@type":"BreadcrumbList","@id":"https:\/\/noti-america.com\/site\/texas\/2018\/10\/08\/el-alto-comisionado-de-la-onu-para-refugiados-busca-en-colombia-ayudar-a-los-venezolanos\/#breadcrumb","itemListElement":[{"@type":"ListItem","position":1,"name":"Portada","item":"https:\/\/noti-america.com\/site\/texas\/"},{"@type":"ListItem","position":2,"name":"El alto comisionado de la ONU para refugiados busca en Colombia ayudar a los venezolanos"}]},{"@type":"WebSite","@id":"https:\/\/noti-america.com\/site\/texas\/#website","url":"https:\/\/noti-america.com\/site\/texas\/","name":"Texas | Noti-America.com","description":"","publisher":{"@id":"https:\/\/noti-america.com\/site\/texas\/#organization"},"potentialAction":[{"@type":"SearchAction","target":{"@type":"EntryPoint","urlTemplate":"https:\/\/noti-america.com\/site\/texas\/?s={search_term_string}"},"query-input":{"@type":"PropertyValueSpecification","valueRequired":true,"valueName":"search_term_string"}}],"inLanguage":"es"},{"@type":"Organization","@id":"https:\/\/noti-america.com\/site\/texas\/#organization","name":"Noti-America LLC | Texas-USA","url":"https:\/\/noti-america.com\/site\/texas\/","logo":{"@type":"ImageObject","inLanguage":"es","@id":"https:\/\/noti-america.com\/site\/texas\/#\/schema\/logo\/image\/","url":"https:\/\/noti-america.com\/site\/us-tx\/wp-content\/uploads\/sites\/4\/2020\/07\/LogoNA-4x3-1.jpg","contentUrl":"https:\/\/noti-america.com\/site\/us-tx\/wp-content\/uploads\/sites\/4\/2020\/07\/LogoNA-4x3-1.jpg","width":1236,"height":1080,"caption":"Noti-America LLC | Texas-USA"},"image":{"@id":"https:\/\/noti-america.com\/site\/texas\/#\/schema\/logo\/image\/"}},{"@type":"Person","@id":"https:\/\/noti-america.com\/site\/texas\/#\/schema\/person\/ae305e0187703594d7e273941bdc7f76","name":"Redacci\u00f3n NA-TX","image":{"@type":"ImageObject","inLanguage":"es","@id":"https:\/\/secure.gravatar.com\/avatar\/1ede8345cc79df032062efa286d5b99b0e4e5bd13e51f7cb031f715a3a43b386?s=96&d=mm&r=g","url":"https:\/\/secure.gravatar.com\/avatar\/1ede8345cc79df032062efa286d5b99b0e4e5bd13e51f7cb031f715a3a43b386?s=96&d=mm&r=g","contentUrl":"https:\/\/secure.gravatar.com\/avatar\/1ede8345cc79df032062efa286d5b99b0e4e5bd13e51f7cb031f715a3a43b386?s=96&d=mm&r=g","caption":"Redacci\u00f3n NA-TX"},"url":"https:\/\/noti-america.com\/site\/texas\/author\/redacciontx\/"}]}},"_links":{"self":[{"href":"https:\/\/noti-america.com\/site\/texas\/wp-json\/wp\/v2\/posts\/8335","targetHints":{"allow":["GET"]}}],"collection":[{"href":"https:\/\/noti-america.com\/site\/texas\/wp-json\/wp\/v2\/posts"}],"about":[{"href":"https:\/\/noti-america.com\/site\/texas\/wp-json\/wp\/v2\/types\/post"}],"author":[{"embeddable":true,"href":"https:\/\/noti-america.com\/site\/texas\/wp-json\/wp\/v2\/users\/30"}],"replies":[{"embeddable":true,"href":"https:\/\/noti-america.com\/site\/texas\/wp-json\/wp\/v2\/comments?post=8335"}],"version-history":[{"count":1,"href":"https:\/\/noti-america.com\/site\/texas\/wp-json\/wp\/v2\/posts\/8335\/revisions"}],"predecessor-version":[{"id":8337,"href":"https:\/\/noti-america.com\/site\/texas\/wp-json\/wp\/v2\/posts\/8335\/revisions\/8337"}],"wp:featuredmedia":[{"embeddable":true,"href":"https:\/\/noti-america.com\/site\/texas\/wp-json\/wp\/v2\/media\/8336"}],"wp:attachment":[{"href":"https:\/\/noti-america.com\/site\/texas\/wp-json\/wp\/v2\/media?parent=8335"}],"wp:term":[{"taxonomy":"category","embeddable":true,"href":"https:\/\/noti-america.com\/site\/texas\/wp-json\/wp\/v2\/categories?post=8335"},{"taxonomy":"post_tag","embeddable":true,"href":"https:\/\/noti-america.com\/site\/texas\/wp-json\/wp\/v2\/tags?post=8335"}],"curies":[{"name":"wp","href":"https:\/\/api.w.org\/{rel}","templated":true}]}}