{"id":7925,"date":"2018-09-21T07:46:25","date_gmt":"2018-09-21T12:46:25","guid":{"rendered":"http:\/\/noti-america.com\/site\/us-tx\/?p=7925"},"modified":"2018-09-21T07:46:25","modified_gmt":"2018-09-21T12:46:25","slug":"guatemala-en-riesgo-de-que-oea-le-aplique-sanciones-de-su-carta-democratica","status":"publish","type":"post","link":"https:\/\/noti-america.com\/site\/texas\/2018\/09\/21\/guatemala-en-riesgo-de-que-oea-le-aplique-sanciones-de-su-carta-democratica\/","title":{"rendered":"Guatemala en riesgo de que OEA le aplique sanciones de su Carta Democr\u00e1tica"},"content":{"rendered":"<p>&nbsp;<\/p>\n<h2 style=\"text-align: center;\"><span style=\"color: #000000;\">La organizaci\u00f3n de derechos humanos no gubernamental Human Rights Watch alert\u00f3 sobre una posible activaci\u00f3n de la Carta Democr\u00e1tica de la Organizaci\u00f3n de los Estados Americanos (OEA), si el gobierno de Jimmy Morales no acata lo resuelto por la Corte de Constitucionalidad (CC) respecto al ingreso al pa\u00eds del Jefe de la Comisi\u00f3n Internacional Contra la Impunidad en Guatemala (CICIG), Iv\u00e1n Vel\u00e1squez G\u00f3mez.<\/span><\/h2>\n<p>&nbsp;<\/p>\n<p><img loading=\"lazy\" decoding=\"async\" class=\"wp-image-7926 aligncenter\" src=\"http:\/\/noti-america.com\/site\/us-tx\/wp-content\/uploads\/sites\/4\/2018\/09\/Guatemala-Carta-democr\u00e1tica-300x199.jpg\" alt=\"\" width=\"608\" height=\"404\" srcset=\"https:\/\/noti-america.com\/site\/texas\/wp-content\/uploads\/sites\/4\/2018\/09\/Guatemala-Carta-democr\u00e1tica-300x199.jpg 300w, https:\/\/noti-america.com\/site\/texas\/wp-content\/uploads\/sites\/4\/2018\/09\/Guatemala-Carta-democr\u00e1tica-768x509.jpg 768w, https:\/\/noti-america.com\/site\/texas\/wp-content\/uploads\/sites\/4\/2018\/09\/Guatemala-Carta-democr\u00e1tica.jpg 1024w, https:\/\/noti-america.com\/site\/texas\/wp-content\/uploads\/sites\/4\/2018\/09\/Guatemala-Carta-democr\u00e1tica-272x182.jpg 272w\" sizes=\"auto, (max-width: 608px) 100vw, 608px\" \/><\/p>\n<p>&nbsp;<\/p>\n<p>&nbsp;<\/p>\n<p><em><strong>Fuente:\u00a0https:\/\/elperiodico.com.gt \/ Luisa Paredes<\/strong><\/em><\/p>\n<hr \/>\n<p>&nbsp;<\/p>\n<h3><\/h3>\n<h3><em><span style=\"color: #000000;\">La noche del domingo la m\u00e1xima instancia judicial otorg\u00f3 el amparo provisional solicitado por el abogado Alfonso Carrillo Marroqu\u00edn, por lo que orden\u00f3 al Ejecutivo liberar la entrada del jurista colombiano para que reasuma sus funciones en el territorio nacional, pero en los d\u00edas siguientes el ministro de Gobernaci\u00f3n, Enrique Degenhart, declar\u00f3 que no se lo permitir\u00edan.<\/span><\/em><\/h3>\n<p>&nbsp;<\/p>\n<p>&nbsp;<\/p>\n<h4><span style=\"color: #000000;\">Adem\u00e1s, el Ministerio de Relaciones Exteriores envi\u00f3 con fecha del lunes 17 una carta al secretario general de la Organizaci\u00f3n de las Naciones Unidas (ONU), Ant\u00f3nio Guterres, pidi\u00e9ndole el env\u00edo de un listado de candidatos aptos para reemplazar al comisionado, a quien desconoci\u00f3 como tal desde el d\u00eda 3. \u2013Tal como lo hemos informado este mediod\u00eda, Vel\u00e1squez ha sido ratificado en el cargo por la m\u00e1xima autoridad de la ONU\u2013.<\/span><\/h4>\n<h4><span style=\"color: #000000;\">Al respecto, Daniel Wilkinson, director adjunto para las Am\u00e9ricas en Human Rights Watch, dijo que Jimmy Morales\u00a0 no tiene m\u00e1s alternativa que cumplir plenamente la sentencia de la CC. \u201cDe lo contrario violar\u00eda de forma manifiesta el orden constitucional del pa\u00eds y justificar\u00eda que la OEA invoque la Carta Democr\u00e1tica Interamericana con el objetivo de restablecer el Estado de derecho en Guatemala\u201d, se\u00f1al\u00f3 en referencia a la posible suspensi\u00f3n.<\/span><\/h4>\n<h4><span style=\"color: #000000;\">\u00bfQu\u00e9 es la Carta Democr\u00e1tica?<\/span><\/h4>\n<h4><span style=\"color: #000000;\">\u2013\u00a0\u00a0\u00a0\u00a0\u00a0\u00a0\u00a0La Carta Democr\u00e1tica de la OEA es un instrumento jur\u00eddico para la preservaci\u00f3n de la institucionalidad democr\u00e1tica de los Estados miembros. Establece que el secretario general de la OEA o cualquier otro pa\u00eds miembro puede convocar a sesi\u00f3n del Consejo Permanente para abordar situaciones de alteraci\u00f3n al orden constitucional que afecte gravemente el orden democr\u00e1tico de un Estado Miembro.<\/span><\/h4>\n<h4><span style=\"color: #000000;\">\u00bfLas consecuencias?<\/span><\/h4>\n<h4><span style=\"color: #000000;\">\u2013\u00a0\u00a0\u00a0\u00a0\u00a0\u00a0\u00a0Si la Asamblea General llegara a constatar que se ha producido la ruptura del orden democr\u00e1tico en un Estado Miembro y que las gestiones diplom\u00e1ticas han sido infructuosas, podr\u00e1 tomar la decisi\u00f3n de suspenderlo de forma inmediata\u00a0 en el ejercicio de su derecho de participaci\u00f3n en la OEA, esto con el voto a favor de los dos tercios de los pa\u00edses representados. Su restablecimiento podr\u00e1 hacerse efectivo luego de ser superada la situaci\u00f3n que le llev\u00f3 a su inhabilitaci\u00f3n.<\/span><\/h4>\n<div class=\"insert-page insert-page-225546 \" data-post-id=\"225546\">\n<div id=\"main-embeded-content\" class=\"main-embeded-content\">\n<div id=\"content-embeded\" class=\"site-content-embeded\"><a title=\"Enlace a Naciones Unidas no puede pedir ni recibir \u00f3rdenes de ning\u00fan gobierno o autoridad ajena a la organizaci\u00f3n\" href=\"https:\/\/elperiodico.com.gt\/nacion\/2018\/09\/18\/naciones-unidas-no-puede-pedir-ni-recibir-ordenes-de-ningun-gobierno-o-autoridad-ajena-a-la-organizacion\/\" rel=\"bookmark\"><img decoding=\"async\" class=\"embeded-content-image\" src=\"https:\/\/s3.amazonaws.com\/elperiodico.com.gt\/wp-content\/uploads\/2018\/09\/guterres-acnur-kb2B-620x349%40abc.jpg\" alt=\"Naciones Unidas no puede pedir ni recibir \u00f3rdenes de ning\u00fan gobierno o autoridad ajena a la organizaci\u00f3n\" \/><\/a><\/div>\n<\/div>\n<\/div>\n","protected":false},"excerpt":{"rendered":"<p>&nbsp; La organizaci\u00f3n de derechos humanos no gubernamental Human Rights Watch alert\u00f3 sobre una posible activaci\u00f3n de la Carta Democr\u00e1tica de la Organizaci\u00f3n de los Estados Americanos (OEA), si el gobierno de Jimmy Morales&#46;&#46;&#46;<\/p>\n","protected":false},"author":30,"featured_media":7926,"comment_status":"open","ping_status":"open","sticky":false,"template":"","format":"standard","meta":{"_acf_changed":false,"rop_custom_images_group":[],"rop_custom_messages_group":[],"rop_publish_now":"initial","rop_publish_now_accounts":{"twitter_242054905_242054905":""},"rop_publish_now_history":[],"rop_publish_now_status":"pending","footnotes":""},"categories":[3],"tags":[1146,1101,66,1147],"class_list":["post-7925","post","type-post","status-publish","format-standard","has-post-thumbnail","hentry","category-politica","tag-carta-democratica","tag-cicig","tag-guatemala","tag-ivan-velasquez-gomez"],"acf":[],"yoast_head":"<!-- This site is optimized with the Yoast SEO Premium plugin v24.9 (Yoast SEO v27.2) - https:\/\/yoast.com\/product\/yoast-seo-premium-wordpress\/ -->\n<title>Guatemala en riesgo de que OEA le aplique sanciones de su Carta Democr\u00e1tica - Texas | Noti-America.com<\/title>\n<meta name=\"robots\" content=\"index, follow, max-snippet:-1, max-image-preview:large, max-video-preview:-1\" \/>\n<link rel=\"canonical\" href=\"https:\/\/noti-america.com\/site\/texas\/2018\/09\/21\/guatemala-en-riesgo-de-que-oea-le-aplique-sanciones-de-su-carta-democratica\/\" \/>\n<meta property=\"og:locale\" content=\"es_ES\" \/>\n<meta property=\"og:type\" content=\"article\" \/>\n<meta property=\"og:title\" content=\"Guatemala en riesgo de que OEA le aplique sanciones de su Carta Democr\u00e1tica\" \/>\n<meta property=\"og:description\" content=\"&nbsp; La organizaci\u00f3n de derechos humanos no gubernamental Human Rights Watch alert\u00f3 sobre una posible activaci\u00f3n de la Carta Democr\u00e1tica de la Organizaci\u00f3n de los Estados Americanos (OEA), si el gobierno de Jimmy Morales&#046;&#046;&#046;\" \/>\n<meta property=\"og:url\" content=\"https:\/\/noti-america.com\/site\/texas\/2018\/09\/21\/guatemala-en-riesgo-de-que-oea-le-aplique-sanciones-de-su-carta-democratica\/\" \/>\n<meta property=\"og:site_name\" content=\"Texas | Noti-America.com\" \/>\n<meta property=\"article:published_time\" content=\"2018-09-21T12:46:25+00:00\" \/>\n<meta property=\"og:image\" content=\"https:\/\/noti-america.com\/site\/texas\/wp-content\/uploads\/sites\/4\/2018\/09\/Guatemala-Carta-democr\u00e1tica.jpg\" \/>\n\t<meta property=\"og:image:width\" content=\"1024\" \/>\n\t<meta property=\"og:image:height\" content=\"678\" \/>\n\t<meta property=\"og:image:type\" content=\"image\/jpeg\" \/>\n<meta name=\"author\" content=\"Redacci\u00f3n NA-TX\" \/>\n<meta name=\"twitter:card\" content=\"summary_large_image\" \/>\n<meta name=\"twitter:label1\" content=\"Escrito por\" \/>\n\t<meta name=\"twitter:data1\" content=\"Redacci\u00f3n NA-TX\" \/>\n\t<meta name=\"twitter:label2\" content=\"Tiempo estimado de lectura\" \/>\n\t<meta name=\"twitter:data2\" content=\"2 minutos\" \/>\n<script type=\"application\/ld+json\" class=\"yoast-schema-graph\">{\"@context\":\"https:\/\/schema.org\",\"@graph\":[{\"@type\":\"Article\",\"@id\":\"https:\/\/noti-america.com\/site\/texas\/2018\/09\/21\/guatemala-en-riesgo-de-que-oea-le-aplique-sanciones-de-su-carta-democratica\/#article\",\"isPartOf\":{\"@id\":\"https:\/\/noti-america.com\/site\/texas\/2018\/09\/21\/guatemala-en-riesgo-de-que-oea-le-aplique-sanciones-de-su-carta-democratica\/\"},\"author\":{\"name\":\"Redacci\u00f3n NA-TX\",\"@id\":\"https:\/\/noti-america.com\/site\/texas\/#\/schema\/person\/ae305e0187703594d7e273941bdc7f76\"},\"headline\":\"Guatemala en riesgo de que OEA le aplique sanciones de su Carta Democr\u00e1tica\",\"datePublished\":\"2018-09-21T12:46:25+00:00\",\"mainEntityOfPage\":{\"@id\":\"https:\/\/noti-america.com\/site\/texas\/2018\/09\/21\/guatemala-en-riesgo-de-que-oea-le-aplique-sanciones-de-su-carta-democratica\/\"},\"wordCount\":477,\"commentCount\":0,\"publisher\":{\"@id\":\"https:\/\/noti-america.com\/site\/texas\/#organization\"},\"image\":{\"@id\":\"https:\/\/noti-america.com\/site\/texas\/2018\/09\/21\/guatemala-en-riesgo-de-que-oea-le-aplique-sanciones-de-su-carta-democratica\/#primaryimage\"},\"thumbnailUrl\":\"https:\/\/noti-america.com\/site\/texas\/wp-content\/uploads\/sites\/4\/2018\/09\/Guatemala-Carta-democr\u00e1tica.jpg\",\"keywords\":[\"Carta Democr\u00e1tica\",\"CICIG\",\"Guatemala\",\"Iv\u00e1n Vel\u00e1squez G\u00f3mez.\"],\"articleSection\":[\"Pol\u00edtica\"],\"inLanguage\":\"es\",\"potentialAction\":[{\"@type\":\"CommentAction\",\"name\":\"Comment\",\"target\":[\"https:\/\/noti-america.com\/site\/texas\/2018\/09\/21\/guatemala-en-riesgo-de-que-oea-le-aplique-sanciones-de-su-carta-democratica\/#respond\"]}]},{\"@type\":\"WebPage\",\"@id\":\"https:\/\/noti-america.com\/site\/texas\/2018\/09\/21\/guatemala-en-riesgo-de-que-oea-le-aplique-sanciones-de-su-carta-democratica\/\",\"url\":\"https:\/\/noti-america.com\/site\/texas\/2018\/09\/21\/guatemala-en-riesgo-de-que-oea-le-aplique-sanciones-de-su-carta-democratica\/\",\"name\":\"Guatemala en riesgo de que OEA le aplique sanciones de su Carta Democr\u00e1tica - Texas | Noti-America.com\",\"isPartOf\":{\"@id\":\"https:\/\/noti-america.com\/site\/texas\/#website\"},\"primaryImageOfPage\":{\"@id\":\"https:\/\/noti-america.com\/site\/texas\/2018\/09\/21\/guatemala-en-riesgo-de-que-oea-le-aplique-sanciones-de-su-carta-democratica\/#primaryimage\"},\"image\":{\"@id\":\"https:\/\/noti-america.com\/site\/texas\/2018\/09\/21\/guatemala-en-riesgo-de-que-oea-le-aplique-sanciones-de-su-carta-democratica\/#primaryimage\"},\"thumbnailUrl\":\"https:\/\/noti-america.com\/site\/texas\/wp-content\/uploads\/sites\/4\/2018\/09\/Guatemala-Carta-democr\u00e1tica.jpg\",\"datePublished\":\"2018-09-21T12:46:25+00:00\",\"breadcrumb\":{\"@id\":\"https:\/\/noti-america.com\/site\/texas\/2018\/09\/21\/guatemala-en-riesgo-de-que-oea-le-aplique-sanciones-de-su-carta-democratica\/#breadcrumb\"},\"inLanguage\":\"es\",\"potentialAction\":[{\"@type\":\"ReadAction\",\"target\":[\"https:\/\/noti-america.com\/site\/texas\/2018\/09\/21\/guatemala-en-riesgo-de-que-oea-le-aplique-sanciones-de-su-carta-democratica\/\"]}]},{\"@type\":\"ImageObject\",\"inLanguage\":\"es\",\"@id\":\"https:\/\/noti-america.com\/site\/texas\/2018\/09\/21\/guatemala-en-riesgo-de-que-oea-le-aplique-sanciones-de-su-carta-democratica\/#primaryimage\",\"url\":\"https:\/\/noti-america.com\/site\/texas\/wp-content\/uploads\/sites\/4\/2018\/09\/Guatemala-Carta-democr\u00e1tica.jpg\",\"contentUrl\":\"https:\/\/noti-america.com\/site\/texas\/wp-content\/uploads\/sites\/4\/2018\/09\/Guatemala-Carta-democr\u00e1tica.jpg\",\"width\":1024,\"height\":678},{\"@type\":\"BreadcrumbList\",\"@id\":\"https:\/\/noti-america.com\/site\/texas\/2018\/09\/21\/guatemala-en-riesgo-de-que-oea-le-aplique-sanciones-de-su-carta-democratica\/#breadcrumb\",\"itemListElement\":[{\"@type\":\"ListItem\",\"position\":1,\"name\":\"Portada\",\"item\":\"https:\/\/noti-america.com\/site\/texas\/\"},{\"@type\":\"ListItem\",\"position\":2,\"name\":\"Guatemala en riesgo de que OEA le aplique sanciones de su Carta Democr\u00e1tica\"}]},{\"@type\":\"WebSite\",\"@id\":\"https:\/\/noti-america.com\/site\/texas\/#website\",\"url\":\"https:\/\/noti-america.com\/site\/texas\/\",\"name\":\"Texas | Noti-America.com\",\"description\":\"\",\"publisher\":{\"@id\":\"https:\/\/noti-america.com\/site\/texas\/#organization\"},\"potentialAction\":[{\"@type\":\"SearchAction\",\"target\":{\"@type\":\"EntryPoint\",\"urlTemplate\":\"https:\/\/noti-america.com\/site\/texas\/?s={search_term_string}\"},\"query-input\":{\"@type\":\"PropertyValueSpecification\",\"valueRequired\":true,\"valueName\":\"search_term_string\"}}],\"inLanguage\":\"es\"},{\"@type\":\"Organization\",\"@id\":\"https:\/\/noti-america.com\/site\/texas\/#organization\",\"name\":\"Noti-America LLC | Texas-USA\",\"url\":\"https:\/\/noti-america.com\/site\/texas\/\",\"logo\":{\"@type\":\"ImageObject\",\"inLanguage\":\"es\",\"@id\":\"https:\/\/noti-america.com\/site\/texas\/#\/schema\/logo\/image\/\",\"url\":\"https:\/\/noti-america.com\/site\/us-tx\/wp-content\/uploads\/sites\/4\/2020\/07\/LogoNA-4x3-1.jpg\",\"contentUrl\":\"https:\/\/noti-america.com\/site\/us-tx\/wp-content\/uploads\/sites\/4\/2020\/07\/LogoNA-4x3-1.jpg\",\"width\":1236,\"height\":1080,\"caption\":\"Noti-America LLC | Texas-USA\"},\"image\":{\"@id\":\"https:\/\/noti-america.com\/site\/texas\/#\/schema\/logo\/image\/\"}},{\"@type\":\"Person\",\"@id\":\"https:\/\/noti-america.com\/site\/texas\/#\/schema\/person\/ae305e0187703594d7e273941bdc7f76\",\"name\":\"Redacci\u00f3n NA-TX\",\"image\":{\"@type\":\"ImageObject\",\"inLanguage\":\"es\",\"@id\":\"https:\/\/secure.gravatar.com\/avatar\/1ede8345cc79df032062efa286d5b99b0e4e5bd13e51f7cb031f715a3a43b386?s=96&d=mm&r=g\",\"url\":\"https:\/\/secure.gravatar.com\/avatar\/1ede8345cc79df032062efa286d5b99b0e4e5bd13e51f7cb031f715a3a43b386?s=96&d=mm&r=g\",\"contentUrl\":\"https:\/\/secure.gravatar.com\/avatar\/1ede8345cc79df032062efa286d5b99b0e4e5bd13e51f7cb031f715a3a43b386?s=96&d=mm&r=g\",\"caption\":\"Redacci\u00f3n NA-TX\"},\"url\":\"https:\/\/noti-america.com\/site\/texas\/author\/redacciontx\/\"}]}<\/script>\n<!-- \/ Yoast SEO Premium plugin. -->","yoast_head_json":{"title":"Guatemala en riesgo de que OEA le aplique sanciones de su Carta Democr\u00e1tica - Texas | Noti-America.com","robots":{"index":"index","follow":"follow","max-snippet":"max-snippet:-1","max-image-preview":"max-image-preview:large","max-video-preview":"max-video-preview:-1"},"canonical":"https:\/\/noti-america.com\/site\/texas\/2018\/09\/21\/guatemala-en-riesgo-de-que-oea-le-aplique-sanciones-de-su-carta-democratica\/","og_locale":"es_ES","og_type":"article","og_title":"Guatemala en riesgo de que OEA le aplique sanciones de su Carta Democr\u00e1tica","og_description":"&nbsp; La organizaci\u00f3n de derechos humanos no gubernamental Human Rights Watch alert\u00f3 sobre una posible activaci\u00f3n de la Carta Democr\u00e1tica de la Organizaci\u00f3n de los Estados Americanos (OEA), si el gobierno de Jimmy Morales&#46;&#46;&#46;","og_url":"https:\/\/noti-america.com\/site\/texas\/2018\/09\/21\/guatemala-en-riesgo-de-que-oea-le-aplique-sanciones-de-su-carta-democratica\/","og_site_name":"Texas | Noti-America.com","article_published_time":"2018-09-21T12:46:25+00:00","og_image":[{"width":1024,"height":678,"url":"https:\/\/noti-america.com\/site\/texas\/wp-content\/uploads\/sites\/4\/2018\/09\/Guatemala-Carta-democr\u00e1tica.jpg","type":"image\/jpeg"}],"author":"Redacci\u00f3n NA-TX","twitter_card":"summary_large_image","twitter_misc":{"Escrito por":"Redacci\u00f3n NA-TX","Tiempo estimado de lectura":"2 minutos"},"schema":{"@context":"https:\/\/schema.org","@graph":[{"@type":"Article","@id":"https:\/\/noti-america.com\/site\/texas\/2018\/09\/21\/guatemala-en-riesgo-de-que-oea-le-aplique-sanciones-de-su-carta-democratica\/#article","isPartOf":{"@id":"https:\/\/noti-america.com\/site\/texas\/2018\/09\/21\/guatemala-en-riesgo-de-que-oea-le-aplique-sanciones-de-su-carta-democratica\/"},"author":{"name":"Redacci\u00f3n NA-TX","@id":"https:\/\/noti-america.com\/site\/texas\/#\/schema\/person\/ae305e0187703594d7e273941bdc7f76"},"headline":"Guatemala en riesgo de que OEA le aplique sanciones de su Carta Democr\u00e1tica","datePublished":"2018-09-21T12:46:25+00:00","mainEntityOfPage":{"@id":"https:\/\/noti-america.com\/site\/texas\/2018\/09\/21\/guatemala-en-riesgo-de-que-oea-le-aplique-sanciones-de-su-carta-democratica\/"},"wordCount":477,"commentCount":0,"publisher":{"@id":"https:\/\/noti-america.com\/site\/texas\/#organization"},"image":{"@id":"https:\/\/noti-america.com\/site\/texas\/2018\/09\/21\/guatemala-en-riesgo-de-que-oea-le-aplique-sanciones-de-su-carta-democratica\/#primaryimage"},"thumbnailUrl":"https:\/\/noti-america.com\/site\/texas\/wp-content\/uploads\/sites\/4\/2018\/09\/Guatemala-Carta-democr\u00e1tica.jpg","keywords":["Carta Democr\u00e1tica","CICIG","Guatemala","Iv\u00e1n Vel\u00e1squez G\u00f3mez."],"articleSection":["Pol\u00edtica"],"inLanguage":"es","potentialAction":[{"@type":"CommentAction","name":"Comment","target":["https:\/\/noti-america.com\/site\/texas\/2018\/09\/21\/guatemala-en-riesgo-de-que-oea-le-aplique-sanciones-de-su-carta-democratica\/#respond"]}]},{"@type":"WebPage","@id":"https:\/\/noti-america.com\/site\/texas\/2018\/09\/21\/guatemala-en-riesgo-de-que-oea-le-aplique-sanciones-de-su-carta-democratica\/","url":"https:\/\/noti-america.com\/site\/texas\/2018\/09\/21\/guatemala-en-riesgo-de-que-oea-le-aplique-sanciones-de-su-carta-democratica\/","name":"Guatemala en riesgo de que OEA le aplique sanciones de su Carta Democr\u00e1tica - Texas | Noti-America.com","isPartOf":{"@id":"https:\/\/noti-america.com\/site\/texas\/#website"},"primaryImageOfPage":{"@id":"https:\/\/noti-america.com\/site\/texas\/2018\/09\/21\/guatemala-en-riesgo-de-que-oea-le-aplique-sanciones-de-su-carta-democratica\/#primaryimage"},"image":{"@id":"https:\/\/noti-america.com\/site\/texas\/2018\/09\/21\/guatemala-en-riesgo-de-que-oea-le-aplique-sanciones-de-su-carta-democratica\/#primaryimage"},"thumbnailUrl":"https:\/\/noti-america.com\/site\/texas\/wp-content\/uploads\/sites\/4\/2018\/09\/Guatemala-Carta-democr\u00e1tica.jpg","datePublished":"2018-09-21T12:46:25+00:00","breadcrumb":{"@id":"https:\/\/noti-america.com\/site\/texas\/2018\/09\/21\/guatemala-en-riesgo-de-que-oea-le-aplique-sanciones-de-su-carta-democratica\/#breadcrumb"},"inLanguage":"es","potentialAction":[{"@type":"ReadAction","target":["https:\/\/noti-america.com\/site\/texas\/2018\/09\/21\/guatemala-en-riesgo-de-que-oea-le-aplique-sanciones-de-su-carta-democratica\/"]}]},{"@type":"ImageObject","inLanguage":"es","@id":"https:\/\/noti-america.com\/site\/texas\/2018\/09\/21\/guatemala-en-riesgo-de-que-oea-le-aplique-sanciones-de-su-carta-democratica\/#primaryimage","url":"https:\/\/noti-america.com\/site\/texas\/wp-content\/uploads\/sites\/4\/2018\/09\/Guatemala-Carta-democr\u00e1tica.jpg","contentUrl":"https:\/\/noti-america.com\/site\/texas\/wp-content\/uploads\/sites\/4\/2018\/09\/Guatemala-Carta-democr\u00e1tica.jpg","width":1024,"height":678},{"@type":"BreadcrumbList","@id":"https:\/\/noti-america.com\/site\/texas\/2018\/09\/21\/guatemala-en-riesgo-de-que-oea-le-aplique-sanciones-de-su-carta-democratica\/#breadcrumb","itemListElement":[{"@type":"ListItem","position":1,"name":"Portada","item":"https:\/\/noti-america.com\/site\/texas\/"},{"@type":"ListItem","position":2,"name":"Guatemala en riesgo de que OEA le aplique sanciones de su Carta Democr\u00e1tica"}]},{"@type":"WebSite","@id":"https:\/\/noti-america.com\/site\/texas\/#website","url":"https:\/\/noti-america.com\/site\/texas\/","name":"Texas | Noti-America.com","description":"","publisher":{"@id":"https:\/\/noti-america.com\/site\/texas\/#organization"},"potentialAction":[{"@type":"SearchAction","target":{"@type":"EntryPoint","urlTemplate":"https:\/\/noti-america.com\/site\/texas\/?s={search_term_string}"},"query-input":{"@type":"PropertyValueSpecification","valueRequired":true,"valueName":"search_term_string"}}],"inLanguage":"es"},{"@type":"Organization","@id":"https:\/\/noti-america.com\/site\/texas\/#organization","name":"Noti-America LLC | Texas-USA","url":"https:\/\/noti-america.com\/site\/texas\/","logo":{"@type":"ImageObject","inLanguage":"es","@id":"https:\/\/noti-america.com\/site\/texas\/#\/schema\/logo\/image\/","url":"https:\/\/noti-america.com\/site\/us-tx\/wp-content\/uploads\/sites\/4\/2020\/07\/LogoNA-4x3-1.jpg","contentUrl":"https:\/\/noti-america.com\/site\/us-tx\/wp-content\/uploads\/sites\/4\/2020\/07\/LogoNA-4x3-1.jpg","width":1236,"height":1080,"caption":"Noti-America LLC | Texas-USA"},"image":{"@id":"https:\/\/noti-america.com\/site\/texas\/#\/schema\/logo\/image\/"}},{"@type":"Person","@id":"https:\/\/noti-america.com\/site\/texas\/#\/schema\/person\/ae305e0187703594d7e273941bdc7f76","name":"Redacci\u00f3n NA-TX","image":{"@type":"ImageObject","inLanguage":"es","@id":"https:\/\/secure.gravatar.com\/avatar\/1ede8345cc79df032062efa286d5b99b0e4e5bd13e51f7cb031f715a3a43b386?s=96&d=mm&r=g","url":"https:\/\/secure.gravatar.com\/avatar\/1ede8345cc79df032062efa286d5b99b0e4e5bd13e51f7cb031f715a3a43b386?s=96&d=mm&r=g","contentUrl":"https:\/\/secure.gravatar.com\/avatar\/1ede8345cc79df032062efa286d5b99b0e4e5bd13e51f7cb031f715a3a43b386?s=96&d=mm&r=g","caption":"Redacci\u00f3n NA-TX"},"url":"https:\/\/noti-america.com\/site\/texas\/author\/redacciontx\/"}]}},"_links":{"self":[{"href":"https:\/\/noti-america.com\/site\/texas\/wp-json\/wp\/v2\/posts\/7925","targetHints":{"allow":["GET"]}}],"collection":[{"href":"https:\/\/noti-america.com\/site\/texas\/wp-json\/wp\/v2\/posts"}],"about":[{"href":"https:\/\/noti-america.com\/site\/texas\/wp-json\/wp\/v2\/types\/post"}],"author":[{"embeddable":true,"href":"https:\/\/noti-america.com\/site\/texas\/wp-json\/wp\/v2\/users\/30"}],"replies":[{"embeddable":true,"href":"https:\/\/noti-america.com\/site\/texas\/wp-json\/wp\/v2\/comments?post=7925"}],"version-history":[{"count":1,"href":"https:\/\/noti-america.com\/site\/texas\/wp-json\/wp\/v2\/posts\/7925\/revisions"}],"predecessor-version":[{"id":7927,"href":"https:\/\/noti-america.com\/site\/texas\/wp-json\/wp\/v2\/posts\/7925\/revisions\/7927"}],"wp:featuredmedia":[{"embeddable":true,"href":"https:\/\/noti-america.com\/site\/texas\/wp-json\/wp\/v2\/media\/7926"}],"wp:attachment":[{"href":"https:\/\/noti-america.com\/site\/texas\/wp-json\/wp\/v2\/media?parent=7925"}],"wp:term":[{"taxonomy":"category","embeddable":true,"href":"https:\/\/noti-america.com\/site\/texas\/wp-json\/wp\/v2\/categories?post=7925"},{"taxonomy":"post_tag","embeddable":true,"href":"https:\/\/noti-america.com\/site\/texas\/wp-json\/wp\/v2\/tags?post=7925"}],"curies":[{"name":"wp","href":"https:\/\/api.w.org\/{rel}","templated":true}]}}