{"id":6976,"date":"2018-08-29T07:15:38","date_gmt":"2018-08-29T12:15:38","guid":{"rendered":"http:\/\/noti-america.com\/site\/us-tx\/?p=6976"},"modified":"2018-08-29T07:15:38","modified_gmt":"2018-08-29T12:15:38","slug":"arrestan-a-decenas-de-inmigrantes-en-redada-a-fabrica-en-texas","status":"publish","type":"post","link":"https:\/\/noti-america.com\/site\/texas\/2018\/08\/29\/arrestan-a-decenas-de-inmigrantes-en-redada-a-fabrica-en-texas\/","title":{"rendered":"Arrestan a decenas de inmigrantes en redada a f\u00e1brica en Texas"},"content":{"rendered":"<h2 style=\"text-align: center;\"><span style=\"color: #000000;\">Agentes federales de inmigraci\u00f3n incursionaron hoy en las instalaciones de una compa\u00f1\u00eda fabricante de remolques y carruajes en la comunidad de Sumner, en el noreste de Texas, donde arrestaron a decenas de trabajadores sospechosos de ser inmigrantes indocumentados.<\/span><\/h2>\n<p>&nbsp;<\/p>\n<div class=\"sharethis\">\n<div id=\"st-1\" class=\"sharethis-inline-share-buttons st-justified st-has-labels  st-inline-share-buttons st-animated\" data-url=\"http:\/\/www.uniobregon.com\/noticias\/estadosunidos\/537686\/arrestan-a-decenas-de-inmigrantes-en-redada-a-fabrica-en-texas.html\"><\/div>\n<\/div>\n<figure><img decoding=\"async\" src=\"https:\/\/www.uniradioserver.com\/media\/news_thumbs\/201808\/20180828133332_17.jpg\" \/><\/figure>\n<div class=\"HV\"><\/div>\n<p>&nbsp;<\/p>\n<p><em><strong>Fuente:\u00a0http:\/\/www.uniobregon.com<\/strong><\/em><\/p>\n<hr \/>\n<p>&nbsp;<\/p>\n<h3>\n<p><em><span style=\"color: #000000;\">Katrina Berger, agente especial a cargo de Investigaciones en Seguridad Nacional (HSI),\u00a0 del Servicio de Inmigraci\u00f3n y Control de Aduanas (ICE), inform\u00f3 que la incursi\u00f3n registrada la ma\u00f1ana de este martes en los talleres de la compa\u00f1\u00eda \u201cLoad Trail\u201d, se da \u201cen cumplimiento de la investigaci\u00f3n criminal\u201d.<\/span><\/em><\/h3>\n<h4><\/h4>\n<h4>\n<p><span style=\"color: #000000;\">\u201cNo puedo decir nada m\u00e1s en este momento, porque es una investigaci\u00f3n criminal\u00bb, dijo Berger, aunque coment\u00f3 que se espera que este sea uno de los operativos m\u00e1s grandes de su tipo en una d\u00e9cada.<\/span><\/p>\n<p><span style=\"color: #000000;\">Berger no precis\u00f3 el n\u00famero de inmigrantes detenidos en el lugar, ya que a\u00fan est\u00e1n siendo procesados.<\/span><\/p>\n<p><span style=\"color: #000000;\">La funcionaria explic\u00f3 que los agentes planean interrogar a los empleados y confiscar los documentos de empleo.<\/span><\/p>\n<p><span style=\"color: #000000;\">Dijo que se espera que cientos de trabajadores sean \u00abarrestados administrativamente\u00bb y procesados por violaciones a las leyes de migraci\u00f3n. Todos deben recibir avisos para aparecer despu\u00e9s ante los tribunales para procedimientos civiles.<\/span><\/p>\n<p><span style=\"color: #000000;\">Berger indic\u00f3 que es probable que muchos sean liberados con una fecha en la corte para una audiencia ante un juez de inmigraci\u00f3n, excepto aquellos con antecedentes penales o nuevos cargos criminales.<\/span><\/p>\n<p><span style=\"color: #000000;\">Un trabajador dijo al sitio de noticias en internet \u201cParisExtra\u201d, que difunde noticias en los alrededores de la cercana comunidad de Paris, Texas, que los agentes irrumpieron en el lugar de manera sorpresiva portando sus armas.<\/span><\/p>\n<p><span style=\"color: #000000;\">\u00abNos movieron a todos a un edificio y si pod\u00edamos confirmar que est\u00e1bamos legales, nos colocaban una banda verde en la mu\u00f1eca y nos permit\u00edan salir\u201d, dijo el empleado.<\/span><\/p>\n<p><span style=\"color: #000000;\">\u00abAquellos que no pudieron probar su estatus legal fueron esposados y subidos a los autobuses\u00bb, indic\u00f3. Al menos cuatro autobuses fueron estacionados en las afueras de la planta de Load Trail.<\/span><\/p>\n<p><span style=\"color: #000000;\">\u00abTodos los que encontramos y arrestamos ser\u00e1n tratados con dignidad y respeto\u00bb, dijo Berger.<\/span><\/p>\n<p><span style=\"color: #000000;\">En 2014, la compa\u00f1\u00eda Load Trail fue obligada a pagar una multa de 445 mil d\u00f3lares por contratar en forma consciente a trabajadores indocumentados.<\/span><\/p>\n<p><span style=\"color: #000000;\">Los propietarios de la compa\u00f1\u00eda podr\u00edan enfrentar ahora adem\u00e1s de multas una posible acusaci\u00f3n penal.<\/span><\/p>\n<p><span style=\"color: #000000;\">Los empleadores de inmigrantes indocumentados han sido acusados en el pasado por el ICE de contrabando y albergue de extranjeros, fraude de documentos, lavado de dinero y conspiraci\u00f3n.<\/span><\/h4>\n","protected":false},"excerpt":{"rendered":"<p>Agentes federales de inmigraci\u00f3n incursionaron hoy en las instalaciones de una compa\u00f1\u00eda fabricante de remolques y carruajes en la comunidad de Sumner, en el noreste de Texas, donde arrestaron a decenas de trabajadores sospechosos&#46;&#46;&#46;<\/p>\n","protected":false},"author":30,"featured_media":6977,"comment_status":"open","ping_status":"open","sticky":false,"template":"","format":"standard","meta":{"_acf_changed":false,"rop_custom_images_group":[],"rop_custom_messages_group":[],"rop_publish_now":"initial","rop_publish_now_accounts":{"twitter_242054905_242054905":""},"rop_publish_now_history":[],"rop_publish_now_status":"pending","footnotes":""},"categories":[1],"tags":[1042,121,933],"class_list":["post-6976","post","type-post","status-publish","format-standard","has-post-thumbnail","hentry","category-uncategorized","tag-fabrica-en-texas","tag-inmigrantes","tag-redada"],"acf":[],"yoast_head":"<!-- This site is optimized with the Yoast SEO Premium plugin v24.9 (Yoast SEO v27.2) - https:\/\/yoast.com\/product\/yoast-seo-premium-wordpress\/ -->\n<title>Arrestan a decenas de inmigrantes en redada a f\u00e1brica en Texas - Texas | Noti-America.com<\/title>\n<meta name=\"robots\" content=\"index, follow, max-snippet:-1, max-image-preview:large, max-video-preview:-1\" \/>\n<link rel=\"canonical\" href=\"https:\/\/noti-america.com\/site\/texas\/2018\/08\/29\/arrestan-a-decenas-de-inmigrantes-en-redada-a-fabrica-en-texas\/\" \/>\n<meta property=\"og:locale\" content=\"es_ES\" \/>\n<meta property=\"og:type\" content=\"article\" \/>\n<meta property=\"og:title\" content=\"Arrestan a decenas de inmigrantes en redada a f\u00e1brica en Texas\" \/>\n<meta property=\"og:description\" content=\"Agentes federales de inmigraci\u00f3n incursionaron hoy en las instalaciones de una compa\u00f1\u00eda fabricante de remolques y carruajes en la comunidad de Sumner, en el noreste de Texas, donde arrestaron a decenas de trabajadores sospechosos&#046;&#046;&#046;\" \/>\n<meta property=\"og:url\" content=\"https:\/\/noti-america.com\/site\/texas\/2018\/08\/29\/arrestan-a-decenas-de-inmigrantes-en-redada-a-fabrica-en-texas\/\" \/>\n<meta property=\"og:site_name\" content=\"Texas | Noti-America.com\" \/>\n<meta property=\"article:published_time\" content=\"2018-08-29T12:15:38+00:00\" \/>\n<meta property=\"og:image\" content=\"https:\/\/noti-america.com\/site\/texas\/wp-content\/uploads\/sites\/4\/2018\/08\/Arrestan-a-decenas.jpg\" \/>\n\t<meta property=\"og:image:width\" content=\"800\" \/>\n\t<meta property=\"og:image:height\" content=\"460\" \/>\n\t<meta property=\"og:image:type\" content=\"image\/jpeg\" \/>\n<meta name=\"author\" content=\"Redacci\u00f3n NA-TX\" \/>\n<meta name=\"twitter:card\" content=\"summary_large_image\" \/>\n<meta name=\"twitter:label1\" content=\"Escrito por\" \/>\n\t<meta name=\"twitter:data1\" content=\"Redacci\u00f3n NA-TX\" \/>\n\t<meta name=\"twitter:label2\" content=\"Tiempo estimado de lectura\" \/>\n\t<meta name=\"twitter:data2\" content=\"2 minutos\" \/>\n<script type=\"application\/ld+json\" class=\"yoast-schema-graph\">{\"@context\":\"https:\/\/schema.org\",\"@graph\":[{\"@type\":\"Article\",\"@id\":\"https:\/\/noti-america.com\/site\/texas\/2018\/08\/29\/arrestan-a-decenas-de-inmigrantes-en-redada-a-fabrica-en-texas\/#article\",\"isPartOf\":{\"@id\":\"https:\/\/noti-america.com\/site\/texas\/2018\/08\/29\/arrestan-a-decenas-de-inmigrantes-en-redada-a-fabrica-en-texas\/\"},\"author\":{\"name\":\"Redacci\u00f3n NA-TX\",\"@id\":\"https:\/\/noti-america.com\/site\/texas\/#\/schema\/person\/ae305e0187703594d7e273941bdc7f76\"},\"headline\":\"Arrestan a decenas de inmigrantes en redada a f\u00e1brica en Texas\",\"datePublished\":\"2018-08-29T12:15:38+00:00\",\"mainEntityOfPage\":{\"@id\":\"https:\/\/noti-america.com\/site\/texas\/2018\/08\/29\/arrestan-a-decenas-de-inmigrantes-en-redada-a-fabrica-en-texas\/\"},\"wordCount\":443,\"commentCount\":0,\"publisher\":{\"@id\":\"https:\/\/noti-america.com\/site\/texas\/#organization\"},\"image\":{\"@id\":\"https:\/\/noti-america.com\/site\/texas\/2018\/08\/29\/arrestan-a-decenas-de-inmigrantes-en-redada-a-fabrica-en-texas\/#primaryimage\"},\"thumbnailUrl\":\"https:\/\/noti-america.com\/site\/texas\/wp-content\/uploads\/sites\/4\/2018\/08\/Arrestan-a-decenas.jpg\",\"keywords\":[\"F\u00e1brica en Texas\",\"inmigrantes\",\"Redada\"],\"articleSection\":[\"Uncategorized\"],\"inLanguage\":\"es\",\"potentialAction\":[{\"@type\":\"CommentAction\",\"name\":\"Comment\",\"target\":[\"https:\/\/noti-america.com\/site\/texas\/2018\/08\/29\/arrestan-a-decenas-de-inmigrantes-en-redada-a-fabrica-en-texas\/#respond\"]}]},{\"@type\":\"WebPage\",\"@id\":\"https:\/\/noti-america.com\/site\/texas\/2018\/08\/29\/arrestan-a-decenas-de-inmigrantes-en-redada-a-fabrica-en-texas\/\",\"url\":\"https:\/\/noti-america.com\/site\/texas\/2018\/08\/29\/arrestan-a-decenas-de-inmigrantes-en-redada-a-fabrica-en-texas\/\",\"name\":\"Arrestan a decenas de inmigrantes en redada a f\u00e1brica en Texas - Texas | Noti-America.com\",\"isPartOf\":{\"@id\":\"https:\/\/noti-america.com\/site\/texas\/#website\"},\"primaryImageOfPage\":{\"@id\":\"https:\/\/noti-america.com\/site\/texas\/2018\/08\/29\/arrestan-a-decenas-de-inmigrantes-en-redada-a-fabrica-en-texas\/#primaryimage\"},\"image\":{\"@id\":\"https:\/\/noti-america.com\/site\/texas\/2018\/08\/29\/arrestan-a-decenas-de-inmigrantes-en-redada-a-fabrica-en-texas\/#primaryimage\"},\"thumbnailUrl\":\"https:\/\/noti-america.com\/site\/texas\/wp-content\/uploads\/sites\/4\/2018\/08\/Arrestan-a-decenas.jpg\",\"datePublished\":\"2018-08-29T12:15:38+00:00\",\"breadcrumb\":{\"@id\":\"https:\/\/noti-america.com\/site\/texas\/2018\/08\/29\/arrestan-a-decenas-de-inmigrantes-en-redada-a-fabrica-en-texas\/#breadcrumb\"},\"inLanguage\":\"es\",\"potentialAction\":[{\"@type\":\"ReadAction\",\"target\":[\"https:\/\/noti-america.com\/site\/texas\/2018\/08\/29\/arrestan-a-decenas-de-inmigrantes-en-redada-a-fabrica-en-texas\/\"]}]},{\"@type\":\"ImageObject\",\"inLanguage\":\"es\",\"@id\":\"https:\/\/noti-america.com\/site\/texas\/2018\/08\/29\/arrestan-a-decenas-de-inmigrantes-en-redada-a-fabrica-en-texas\/#primaryimage\",\"url\":\"https:\/\/noti-america.com\/site\/texas\/wp-content\/uploads\/sites\/4\/2018\/08\/Arrestan-a-decenas.jpg\",\"contentUrl\":\"https:\/\/noti-america.com\/site\/texas\/wp-content\/uploads\/sites\/4\/2018\/08\/Arrestan-a-decenas.jpg\",\"width\":800,\"height\":460},{\"@type\":\"BreadcrumbList\",\"@id\":\"https:\/\/noti-america.com\/site\/texas\/2018\/08\/29\/arrestan-a-decenas-de-inmigrantes-en-redada-a-fabrica-en-texas\/#breadcrumb\",\"itemListElement\":[{\"@type\":\"ListItem\",\"position\":1,\"name\":\"Portada\",\"item\":\"https:\/\/noti-america.com\/site\/texas\/\"},{\"@type\":\"ListItem\",\"position\":2,\"name\":\"Arrestan a decenas de inmigrantes en redada a f\u00e1brica en Texas\"}]},{\"@type\":\"WebSite\",\"@id\":\"https:\/\/noti-america.com\/site\/texas\/#website\",\"url\":\"https:\/\/noti-america.com\/site\/texas\/\",\"name\":\"Texas | Noti-America.com\",\"description\":\"\",\"publisher\":{\"@id\":\"https:\/\/noti-america.com\/site\/texas\/#organization\"},\"potentialAction\":[{\"@type\":\"SearchAction\",\"target\":{\"@type\":\"EntryPoint\",\"urlTemplate\":\"https:\/\/noti-america.com\/site\/texas\/?s={search_term_string}\"},\"query-input\":{\"@type\":\"PropertyValueSpecification\",\"valueRequired\":true,\"valueName\":\"search_term_string\"}}],\"inLanguage\":\"es\"},{\"@type\":\"Organization\",\"@id\":\"https:\/\/noti-america.com\/site\/texas\/#organization\",\"name\":\"Noti-America LLC | Texas-USA\",\"url\":\"https:\/\/noti-america.com\/site\/texas\/\",\"logo\":{\"@type\":\"ImageObject\",\"inLanguage\":\"es\",\"@id\":\"https:\/\/noti-america.com\/site\/texas\/#\/schema\/logo\/image\/\",\"url\":\"https:\/\/noti-america.com\/site\/us-tx\/wp-content\/uploads\/sites\/4\/2020\/07\/LogoNA-4x3-1.jpg\",\"contentUrl\":\"https:\/\/noti-america.com\/site\/us-tx\/wp-content\/uploads\/sites\/4\/2020\/07\/LogoNA-4x3-1.jpg\",\"width\":1236,\"height\":1080,\"caption\":\"Noti-America LLC | Texas-USA\"},\"image\":{\"@id\":\"https:\/\/noti-america.com\/site\/texas\/#\/schema\/logo\/image\/\"}},{\"@type\":\"Person\",\"@id\":\"https:\/\/noti-america.com\/site\/texas\/#\/schema\/person\/ae305e0187703594d7e273941bdc7f76\",\"name\":\"Redacci\u00f3n NA-TX\",\"image\":{\"@type\":\"ImageObject\",\"inLanguage\":\"es\",\"@id\":\"https:\/\/secure.gravatar.com\/avatar\/1ede8345cc79df032062efa286d5b99b0e4e5bd13e51f7cb031f715a3a43b386?s=96&d=mm&r=g\",\"url\":\"https:\/\/secure.gravatar.com\/avatar\/1ede8345cc79df032062efa286d5b99b0e4e5bd13e51f7cb031f715a3a43b386?s=96&d=mm&r=g\",\"contentUrl\":\"https:\/\/secure.gravatar.com\/avatar\/1ede8345cc79df032062efa286d5b99b0e4e5bd13e51f7cb031f715a3a43b386?s=96&d=mm&r=g\",\"caption\":\"Redacci\u00f3n NA-TX\"},\"url\":\"https:\/\/noti-america.com\/site\/texas\/author\/redacciontx\/\"}]}<\/script>\n<!-- \/ Yoast SEO Premium plugin. -->","yoast_head_json":{"title":"Arrestan a decenas de inmigrantes en redada a f\u00e1brica en Texas - Texas | Noti-America.com","robots":{"index":"index","follow":"follow","max-snippet":"max-snippet:-1","max-image-preview":"max-image-preview:large","max-video-preview":"max-video-preview:-1"},"canonical":"https:\/\/noti-america.com\/site\/texas\/2018\/08\/29\/arrestan-a-decenas-de-inmigrantes-en-redada-a-fabrica-en-texas\/","og_locale":"es_ES","og_type":"article","og_title":"Arrestan a decenas de inmigrantes en redada a f\u00e1brica en Texas","og_description":"Agentes federales de inmigraci\u00f3n incursionaron hoy en las instalaciones de una compa\u00f1\u00eda fabricante de remolques y carruajes en la comunidad de Sumner, en el noreste de Texas, donde arrestaron a decenas de trabajadores sospechosos&#46;&#46;&#46;","og_url":"https:\/\/noti-america.com\/site\/texas\/2018\/08\/29\/arrestan-a-decenas-de-inmigrantes-en-redada-a-fabrica-en-texas\/","og_site_name":"Texas | Noti-America.com","article_published_time":"2018-08-29T12:15:38+00:00","og_image":[{"width":800,"height":460,"url":"https:\/\/noti-america.com\/site\/texas\/wp-content\/uploads\/sites\/4\/2018\/08\/Arrestan-a-decenas.jpg","type":"image\/jpeg"}],"author":"Redacci\u00f3n NA-TX","twitter_card":"summary_large_image","twitter_misc":{"Escrito por":"Redacci\u00f3n NA-TX","Tiempo estimado de lectura":"2 minutos"},"schema":{"@context":"https:\/\/schema.org","@graph":[{"@type":"Article","@id":"https:\/\/noti-america.com\/site\/texas\/2018\/08\/29\/arrestan-a-decenas-de-inmigrantes-en-redada-a-fabrica-en-texas\/#article","isPartOf":{"@id":"https:\/\/noti-america.com\/site\/texas\/2018\/08\/29\/arrestan-a-decenas-de-inmigrantes-en-redada-a-fabrica-en-texas\/"},"author":{"name":"Redacci\u00f3n NA-TX","@id":"https:\/\/noti-america.com\/site\/texas\/#\/schema\/person\/ae305e0187703594d7e273941bdc7f76"},"headline":"Arrestan a decenas de inmigrantes en redada a f\u00e1brica en Texas","datePublished":"2018-08-29T12:15:38+00:00","mainEntityOfPage":{"@id":"https:\/\/noti-america.com\/site\/texas\/2018\/08\/29\/arrestan-a-decenas-de-inmigrantes-en-redada-a-fabrica-en-texas\/"},"wordCount":443,"commentCount":0,"publisher":{"@id":"https:\/\/noti-america.com\/site\/texas\/#organization"},"image":{"@id":"https:\/\/noti-america.com\/site\/texas\/2018\/08\/29\/arrestan-a-decenas-de-inmigrantes-en-redada-a-fabrica-en-texas\/#primaryimage"},"thumbnailUrl":"https:\/\/noti-america.com\/site\/texas\/wp-content\/uploads\/sites\/4\/2018\/08\/Arrestan-a-decenas.jpg","keywords":["F\u00e1brica en Texas","inmigrantes","Redada"],"articleSection":["Uncategorized"],"inLanguage":"es","potentialAction":[{"@type":"CommentAction","name":"Comment","target":["https:\/\/noti-america.com\/site\/texas\/2018\/08\/29\/arrestan-a-decenas-de-inmigrantes-en-redada-a-fabrica-en-texas\/#respond"]}]},{"@type":"WebPage","@id":"https:\/\/noti-america.com\/site\/texas\/2018\/08\/29\/arrestan-a-decenas-de-inmigrantes-en-redada-a-fabrica-en-texas\/","url":"https:\/\/noti-america.com\/site\/texas\/2018\/08\/29\/arrestan-a-decenas-de-inmigrantes-en-redada-a-fabrica-en-texas\/","name":"Arrestan a decenas de inmigrantes en redada a f\u00e1brica en Texas - Texas | Noti-America.com","isPartOf":{"@id":"https:\/\/noti-america.com\/site\/texas\/#website"},"primaryImageOfPage":{"@id":"https:\/\/noti-america.com\/site\/texas\/2018\/08\/29\/arrestan-a-decenas-de-inmigrantes-en-redada-a-fabrica-en-texas\/#primaryimage"},"image":{"@id":"https:\/\/noti-america.com\/site\/texas\/2018\/08\/29\/arrestan-a-decenas-de-inmigrantes-en-redada-a-fabrica-en-texas\/#primaryimage"},"thumbnailUrl":"https:\/\/noti-america.com\/site\/texas\/wp-content\/uploads\/sites\/4\/2018\/08\/Arrestan-a-decenas.jpg","datePublished":"2018-08-29T12:15:38+00:00","breadcrumb":{"@id":"https:\/\/noti-america.com\/site\/texas\/2018\/08\/29\/arrestan-a-decenas-de-inmigrantes-en-redada-a-fabrica-en-texas\/#breadcrumb"},"inLanguage":"es","potentialAction":[{"@type":"ReadAction","target":["https:\/\/noti-america.com\/site\/texas\/2018\/08\/29\/arrestan-a-decenas-de-inmigrantes-en-redada-a-fabrica-en-texas\/"]}]},{"@type":"ImageObject","inLanguage":"es","@id":"https:\/\/noti-america.com\/site\/texas\/2018\/08\/29\/arrestan-a-decenas-de-inmigrantes-en-redada-a-fabrica-en-texas\/#primaryimage","url":"https:\/\/noti-america.com\/site\/texas\/wp-content\/uploads\/sites\/4\/2018\/08\/Arrestan-a-decenas.jpg","contentUrl":"https:\/\/noti-america.com\/site\/texas\/wp-content\/uploads\/sites\/4\/2018\/08\/Arrestan-a-decenas.jpg","width":800,"height":460},{"@type":"BreadcrumbList","@id":"https:\/\/noti-america.com\/site\/texas\/2018\/08\/29\/arrestan-a-decenas-de-inmigrantes-en-redada-a-fabrica-en-texas\/#breadcrumb","itemListElement":[{"@type":"ListItem","position":1,"name":"Portada","item":"https:\/\/noti-america.com\/site\/texas\/"},{"@type":"ListItem","position":2,"name":"Arrestan a decenas de inmigrantes en redada a f\u00e1brica en Texas"}]},{"@type":"WebSite","@id":"https:\/\/noti-america.com\/site\/texas\/#website","url":"https:\/\/noti-america.com\/site\/texas\/","name":"Texas | Noti-America.com","description":"","publisher":{"@id":"https:\/\/noti-america.com\/site\/texas\/#organization"},"potentialAction":[{"@type":"SearchAction","target":{"@type":"EntryPoint","urlTemplate":"https:\/\/noti-america.com\/site\/texas\/?s={search_term_string}"},"query-input":{"@type":"PropertyValueSpecification","valueRequired":true,"valueName":"search_term_string"}}],"inLanguage":"es"},{"@type":"Organization","@id":"https:\/\/noti-america.com\/site\/texas\/#organization","name":"Noti-America LLC | Texas-USA","url":"https:\/\/noti-america.com\/site\/texas\/","logo":{"@type":"ImageObject","inLanguage":"es","@id":"https:\/\/noti-america.com\/site\/texas\/#\/schema\/logo\/image\/","url":"https:\/\/noti-america.com\/site\/us-tx\/wp-content\/uploads\/sites\/4\/2020\/07\/LogoNA-4x3-1.jpg","contentUrl":"https:\/\/noti-america.com\/site\/us-tx\/wp-content\/uploads\/sites\/4\/2020\/07\/LogoNA-4x3-1.jpg","width":1236,"height":1080,"caption":"Noti-America LLC | Texas-USA"},"image":{"@id":"https:\/\/noti-america.com\/site\/texas\/#\/schema\/logo\/image\/"}},{"@type":"Person","@id":"https:\/\/noti-america.com\/site\/texas\/#\/schema\/person\/ae305e0187703594d7e273941bdc7f76","name":"Redacci\u00f3n NA-TX","image":{"@type":"ImageObject","inLanguage":"es","@id":"https:\/\/secure.gravatar.com\/avatar\/1ede8345cc79df032062efa286d5b99b0e4e5bd13e51f7cb031f715a3a43b386?s=96&d=mm&r=g","url":"https:\/\/secure.gravatar.com\/avatar\/1ede8345cc79df032062efa286d5b99b0e4e5bd13e51f7cb031f715a3a43b386?s=96&d=mm&r=g","contentUrl":"https:\/\/secure.gravatar.com\/avatar\/1ede8345cc79df032062efa286d5b99b0e4e5bd13e51f7cb031f715a3a43b386?s=96&d=mm&r=g","caption":"Redacci\u00f3n NA-TX"},"url":"https:\/\/noti-america.com\/site\/texas\/author\/redacciontx\/"}]}},"_links":{"self":[{"href":"https:\/\/noti-america.com\/site\/texas\/wp-json\/wp\/v2\/posts\/6976","targetHints":{"allow":["GET"]}}],"collection":[{"href":"https:\/\/noti-america.com\/site\/texas\/wp-json\/wp\/v2\/posts"}],"about":[{"href":"https:\/\/noti-america.com\/site\/texas\/wp-json\/wp\/v2\/types\/post"}],"author":[{"embeddable":true,"href":"https:\/\/noti-america.com\/site\/texas\/wp-json\/wp\/v2\/users\/30"}],"replies":[{"embeddable":true,"href":"https:\/\/noti-america.com\/site\/texas\/wp-json\/wp\/v2\/comments?post=6976"}],"version-history":[{"count":1,"href":"https:\/\/noti-america.com\/site\/texas\/wp-json\/wp\/v2\/posts\/6976\/revisions"}],"predecessor-version":[{"id":6978,"href":"https:\/\/noti-america.com\/site\/texas\/wp-json\/wp\/v2\/posts\/6976\/revisions\/6978"}],"wp:featuredmedia":[{"embeddable":true,"href":"https:\/\/noti-america.com\/site\/texas\/wp-json\/wp\/v2\/media\/6977"}],"wp:attachment":[{"href":"https:\/\/noti-america.com\/site\/texas\/wp-json\/wp\/v2\/media?parent=6976"}],"wp:term":[{"taxonomy":"category","embeddable":true,"href":"https:\/\/noti-america.com\/site\/texas\/wp-json\/wp\/v2\/categories?post=6976"},{"taxonomy":"post_tag","embeddable":true,"href":"https:\/\/noti-america.com\/site\/texas\/wp-json\/wp\/v2\/tags?post=6976"}],"curies":[{"name":"wp","href":"https:\/\/api.w.org\/{rel}","templated":true}]}}