{"id":6782,"date":"2018-08-23T06:44:30","date_gmt":"2018-08-23T11:44:30","guid":{"rendered":"http:\/\/noti-america.com\/site\/us-tx\/?p=6782"},"modified":"2018-08-23T06:44:30","modified_gmt":"2018-08-23T11:44:30","slug":"fed-sugiere-que-puede-haber-una-pronta-alza-de-la-tasa-de-interes-en-eeuu","status":"publish","type":"post","link":"https:\/\/noti-america.com\/site\/texas\/2018\/08\/23\/fed-sugiere-que-puede-haber-una-pronta-alza-de-la-tasa-de-interes-en-eeuu\/","title":{"rendered":"Fed sugiere que puede haber una pronta alza de la tasa de inter\u00e9s en EEUU"},"content":{"rendered":"<header>\n<div class=\"row\">\n<div class=\"container-fluid\" style=\"text-align: center;\">\n<h2 class=\"titulo-noticia\">Los banqueros centrales de Estados Unidos discutieron un\u00a0<b>pronto aumento de las tasas de inter\u00e9s para contrarrestar una excesiva fortaleza de la econom\u00eda, pero tambi\u00e9n examinaron c\u00f3mo las disputas comerciales podr\u00edan afectar a empresas y hogares<\/b>, seg\u00fan las minutas de la \u00faltima reuni\u00f3n de la Reserva Federal.<\/h2>\n<p>&nbsp;<\/p>\n<\/div>\n<\/div>\n<div class=\"row\">\n<div class=\"container-fluid\"><\/div>\n<\/div>\n<\/header>\n<section class=\"container-fluid\">\n<div class=\"row\">\n<section class=\"col-xs-12 col-sm-12 col-md-8 col-lg-8\">\n<div class=\"article-img\" style=\"text-align: center;\"><a class=\"fancybox-thumb trigger-gallery\" title=\"\" href=\"http:\/\/media.ambito.com\/diario\/2018\/0822\/imagenes\/not_931406_22_160617.jpg\" rel=\"gallery\"><picture><source srcset=\"http:\/\/media.ambito.com\/diario\/2018\/0822\/imagenes\/not_931406_22_160617_xs.jpg\" media=\"(max-width: 320px)\" data-srcset=\"http:\/\/media.ambito.com\/diario\/2018\/0822\/imagenes\/not_931406_22_160617_xs.jpg\" \/><source srcset=\"http:\/\/media.ambito.com\/diario\/2018\/0822\/imagenes\/not_931406_22_160617_s.jpg\" media=\"(min-width: 321px) and (max-width: 480px)\" data-srcset=\"http:\/\/media.ambito.com\/diario\/2018\/0822\/imagenes\/not_931406_22_160617_s.jpg\" \/><source srcset=\"http:\/\/media.ambito.com\/diario\/2018\/0822\/imagenes\/not_931406_22_160617_m.jpg\" media=\"(min-width: 481px) and (max-width: 768px)\" data-srcset=\"http:\/\/media.ambito.com\/diario\/2018\/0822\/imagenes\/not_931406_22_160617_m.jpg\" \/><source srcset=\"http:\/\/media.ambito.com\/diario\/2018\/0822\/imagenes\/not_931406_22_160617.jpg\" media=\"(min-width: 769px) and (max-width: 990px)\" data-srcset=\"http:\/\/media.ambito.com\/diario\/2018\/0822\/imagenes\/not_931406_22_160617.jpg\" \/><img decoding=\"async\" class=\"animation-e lazyloaded aligncenter\" src=\"http:\/\/media.ambito.com\/diario\/2018\/0822\/imagenes\/not_931406_22_160617_m.jpg\" srcset=\"http:\/\/media.ambito.com\/diario\/2018\/0822\/imagenes\/not_931406_22_160617_m.jpg\" alt=\"\" data-src=\"http:\/\/media.ambito.com\/diario\/2018\/0822\/imagenes\/not_931406_22_160617_m.jpg\" \/><\/picture><\/a><\/div>\n<h5 style=\"text-align: center;\"><span style=\"color: #000000;\"><em>Jerome Powell<\/em><\/span><\/h5>\n<article class=\"container-fluid despliegue-noticia\">&nbsp;<\/p>\n<p>&nbsp;<\/p>\n<p><em><strong>Fuente:\u00a0http:\/\/www.ambito.com<\/strong><\/em><\/p>\n<hr \/>\n<p>&nbsp;<\/p>\n<p>&nbsp;<\/p>\n<h3>\n<em>La Fed ha estado subiendo los tipos gradualmente desde 2015 y las autoridades del banco central ahora est\u00e1n preocupados de que la econom\u00eda tenga tanto \u00edmpetu que haga subir los precios persistentemente sobre su objetivo de un 2 por ciento.<\/em><\/h3>\n<p>&nbsp;<\/p>\n<h4>\n<p><span style=\"color: #000000;\">Funcionarios de la Fed, reunidos el 31 de julio y el 1 agosto, mantuvieron las tasas de inter\u00e9s estables, pero la discusi\u00f3n dej\u00f3 en claro que est\u00e1n considerando otro aumento del costo del cr\u00e9dito pronto.<\/span><\/p>\n<p><span style=\"color: #000000;\">La Fed ha aumentado los tipos dos veces este a\u00f1o.<\/span><\/p>\n<p><span style=\"color: #000000;\">\u00abMuchos participantes sugirieron que si los datos recibidos continuaban apoyando la perspectiva econ\u00f3mica actual, probablemente pronto ser\u00eda apropiado dar un paso m\u00e1s para eliminar la pol\u00edtica monetaria expansiva\u00bb, seg\u00fan las minutas.<\/span><\/p>\n<p><span style=\"color: #000000;\">Los funcionarios del organismo apuntaron en general que el gasto de los hogares y de las empresas parec\u00eda tener un \u00abimpulso considerable\u00bb, seg\u00fan el informe.<\/span><\/p>\n<p><span style=\"color: #000000;\">Tambi\u00e9n esperaban en general que la econom\u00eda crecer\u00eda a un ritmo lo suficientemente r\u00e1pido como para poner presi\u00f3n alcista sobre la inflaci\u00f3n, que \u00faltimamente ha estado cerca del objetivo del banco central.<\/span><\/p>\n<p><span style=\"color: #000000;\">Con las tasas de inter\u00e9s aumentando, muchas autoridades aseguraron que la Fed pronto tendr\u00eda que dejar de describir a la pol\u00edtica monetaria como expansiva.<\/span><\/p>\n<p><span style=\"color: #000000;\">Al mismo tiempo, sostuvieron una amplia discusi\u00f3n sobre los riesgos para la econom\u00eda derivados de las tensiones comerciales. \u00abTodos los participantes apuntaron a las actuales disputas comerciales como una importante fuente de incertidumbre y riesgos\u00bb, seg\u00fan las minutas.<\/span><\/p>\n<p><span style=\"color: #000000;\">El presidente de Estados Unidos, Donald Trump, dijo a Reuters el lunes que \u00abno estaba entusiasmado\u00bb con el jefe de la Fed, Jerome Powell, por subir las tasas de inter\u00e9s y afirm\u00f3 que el banco central deber\u00eda hacer m\u00e1s para impulsar la econom\u00eda.<\/span><\/h4>\n<\/article>\n<\/section>\n<\/div>\n<\/section>\n","protected":false},"excerpt":{"rendered":"<p>Los banqueros centrales de Estados Unidos discutieron un\u00a0pronto aumento de las tasas de inter\u00e9s para contrarrestar una excesiva fortaleza de la econom\u00eda, pero tambi\u00e9n examinaron c\u00f3mo las disputas comerciales podr\u00edan afectar a empresas y&#46;&#46;&#46;<\/p>\n","protected":false},"author":30,"featured_media":6783,"comment_status":"open","ping_status":"open","sticky":false,"template":"","format":"standard","meta":{"_acf_changed":false,"rop_custom_images_group":[],"rop_custom_messages_group":[],"rop_publish_now":"initial","rop_publish_now_accounts":{"twitter_242054905_242054905":""},"rop_publish_now_history":[],"rop_publish_now_status":"pending","footnotes":""},"categories":[5],"tags":[283,1009,1008],"class_list":["post-6782","post","type-post","status-publish","format-standard","has-post-thumbnail","hentry","category-economia","tag-donald-trump","tag-jerome-powell","tag-tasa-de-interes-en-eeuu"],"acf":[],"yoast_head":"<!-- This site is optimized with the Yoast SEO Premium plugin v24.9 (Yoast SEO v27.2) - https:\/\/yoast.com\/product\/yoast-seo-premium-wordpress\/ -->\n<title>Fed sugiere que puede haber una pronta alza de la tasa de inter\u00e9s en EEUU - Texas | Noti-America.com<\/title>\n<meta name=\"robots\" content=\"index, follow, max-snippet:-1, max-image-preview:large, max-video-preview:-1\" \/>\n<link rel=\"canonical\" href=\"https:\/\/noti-america.com\/site\/texas\/2018\/08\/23\/fed-sugiere-que-puede-haber-una-pronta-alza-de-la-tasa-de-interes-en-eeuu\/\" \/>\n<meta property=\"og:locale\" content=\"es_ES\" \/>\n<meta property=\"og:type\" content=\"article\" \/>\n<meta property=\"og:title\" content=\"Fed sugiere que puede haber una pronta alza de la tasa de inter\u00e9s en EEUU\" \/>\n<meta property=\"og:description\" content=\"Los banqueros centrales de Estados Unidos discutieron un\u00a0pronto aumento de las tasas de inter\u00e9s para contrarrestar una excesiva fortaleza de la econom\u00eda, pero tambi\u00e9n examinaron c\u00f3mo las disputas comerciales podr\u00edan afectar a empresas y&#046;&#046;&#046;\" \/>\n<meta property=\"og:url\" content=\"https:\/\/noti-america.com\/site\/texas\/2018\/08\/23\/fed-sugiere-que-puede-haber-una-pronta-alza-de-la-tasa-de-interes-en-eeuu\/\" \/>\n<meta property=\"og:site_name\" content=\"Texas | Noti-America.com\" \/>\n<meta property=\"article:published_time\" content=\"2018-08-23T11:44:30+00:00\" \/>\n<meta property=\"og:image\" content=\"https:\/\/noti-america.com\/site\/texas\/wp-content\/uploads\/sites\/4\/2018\/08\/Fed-sugiere.jpg\" \/>\n\t<meta property=\"og:image:width\" content=\"768\" \/>\n\t<meta property=\"og:image:height\" content=\"415\" \/>\n\t<meta property=\"og:image:type\" content=\"image\/jpeg\" \/>\n<meta name=\"author\" content=\"Redacci\u00f3n NA-TX\" \/>\n<meta name=\"twitter:card\" content=\"summary_large_image\" \/>\n<meta name=\"twitter:label1\" content=\"Escrito por\" \/>\n\t<meta name=\"twitter:data1\" content=\"Redacci\u00f3n NA-TX\" \/>\n\t<meta name=\"twitter:label2\" content=\"Tiempo estimado de lectura\" \/>\n\t<meta name=\"twitter:data2\" content=\"2 minutos\" \/>\n<script type=\"application\/ld+json\" class=\"yoast-schema-graph\">{\"@context\":\"https:\/\/schema.org\",\"@graph\":[{\"@type\":\"Article\",\"@id\":\"https:\/\/noti-america.com\/site\/texas\/2018\/08\/23\/fed-sugiere-que-puede-haber-una-pronta-alza-de-la-tasa-de-interes-en-eeuu\/#article\",\"isPartOf\":{\"@id\":\"https:\/\/noti-america.com\/site\/texas\/2018\/08\/23\/fed-sugiere-que-puede-haber-una-pronta-alza-de-la-tasa-de-interes-en-eeuu\/\"},\"author\":{\"name\":\"Redacci\u00f3n NA-TX\",\"@id\":\"https:\/\/noti-america.com\/site\/texas\/#\/schema\/person\/ae305e0187703594d7e273941bdc7f76\"},\"headline\":\"Fed sugiere que puede haber una pronta alza de la tasa de inter\u00e9s en EEUU\",\"datePublished\":\"2018-08-23T11:44:30+00:00\",\"mainEntityOfPage\":{\"@id\":\"https:\/\/noti-america.com\/site\/texas\/2018\/08\/23\/fed-sugiere-que-puede-haber-una-pronta-alza-de-la-tasa-de-interes-en-eeuu\/\"},\"wordCount\":387,\"commentCount\":0,\"publisher\":{\"@id\":\"https:\/\/noti-america.com\/site\/texas\/#organization\"},\"image\":{\"@id\":\"https:\/\/noti-america.com\/site\/texas\/2018\/08\/23\/fed-sugiere-que-puede-haber-una-pronta-alza-de-la-tasa-de-interes-en-eeuu\/#primaryimage\"},\"thumbnailUrl\":\"https:\/\/noti-america.com\/site\/texas\/wp-content\/uploads\/sites\/4\/2018\/08\/Fed-sugiere.jpg\",\"keywords\":[\"Donald Trump\",\"Jerome Powell\",\"tasa de inter\u00e9s en EEUU\"],\"articleSection\":[\"Econom\u00eda\"],\"inLanguage\":\"es\",\"potentialAction\":[{\"@type\":\"CommentAction\",\"name\":\"Comment\",\"target\":[\"https:\/\/noti-america.com\/site\/texas\/2018\/08\/23\/fed-sugiere-que-puede-haber-una-pronta-alza-de-la-tasa-de-interes-en-eeuu\/#respond\"]}]},{\"@type\":\"WebPage\",\"@id\":\"https:\/\/noti-america.com\/site\/texas\/2018\/08\/23\/fed-sugiere-que-puede-haber-una-pronta-alza-de-la-tasa-de-interes-en-eeuu\/\",\"url\":\"https:\/\/noti-america.com\/site\/texas\/2018\/08\/23\/fed-sugiere-que-puede-haber-una-pronta-alza-de-la-tasa-de-interes-en-eeuu\/\",\"name\":\"Fed sugiere que puede haber una pronta alza de la tasa de inter\u00e9s en EEUU - Texas | Noti-America.com\",\"isPartOf\":{\"@id\":\"https:\/\/noti-america.com\/site\/texas\/#website\"},\"primaryImageOfPage\":{\"@id\":\"https:\/\/noti-america.com\/site\/texas\/2018\/08\/23\/fed-sugiere-que-puede-haber-una-pronta-alza-de-la-tasa-de-interes-en-eeuu\/#primaryimage\"},\"image\":{\"@id\":\"https:\/\/noti-america.com\/site\/texas\/2018\/08\/23\/fed-sugiere-que-puede-haber-una-pronta-alza-de-la-tasa-de-interes-en-eeuu\/#primaryimage\"},\"thumbnailUrl\":\"https:\/\/noti-america.com\/site\/texas\/wp-content\/uploads\/sites\/4\/2018\/08\/Fed-sugiere.jpg\",\"datePublished\":\"2018-08-23T11:44:30+00:00\",\"breadcrumb\":{\"@id\":\"https:\/\/noti-america.com\/site\/texas\/2018\/08\/23\/fed-sugiere-que-puede-haber-una-pronta-alza-de-la-tasa-de-interes-en-eeuu\/#breadcrumb\"},\"inLanguage\":\"es\",\"potentialAction\":[{\"@type\":\"ReadAction\",\"target\":[\"https:\/\/noti-america.com\/site\/texas\/2018\/08\/23\/fed-sugiere-que-puede-haber-una-pronta-alza-de-la-tasa-de-interes-en-eeuu\/\"]}]},{\"@type\":\"ImageObject\",\"inLanguage\":\"es\",\"@id\":\"https:\/\/noti-america.com\/site\/texas\/2018\/08\/23\/fed-sugiere-que-puede-haber-una-pronta-alza-de-la-tasa-de-interes-en-eeuu\/#primaryimage\",\"url\":\"https:\/\/noti-america.com\/site\/texas\/wp-content\/uploads\/sites\/4\/2018\/08\/Fed-sugiere.jpg\",\"contentUrl\":\"https:\/\/noti-america.com\/site\/texas\/wp-content\/uploads\/sites\/4\/2018\/08\/Fed-sugiere.jpg\",\"width\":768,\"height\":415},{\"@type\":\"BreadcrumbList\",\"@id\":\"https:\/\/noti-america.com\/site\/texas\/2018\/08\/23\/fed-sugiere-que-puede-haber-una-pronta-alza-de-la-tasa-de-interes-en-eeuu\/#breadcrumb\",\"itemListElement\":[{\"@type\":\"ListItem\",\"position\":1,\"name\":\"Portada\",\"item\":\"https:\/\/noti-america.com\/site\/texas\/\"},{\"@type\":\"ListItem\",\"position\":2,\"name\":\"Fed sugiere que puede haber una pronta alza de la tasa de inter\u00e9s en EEUU\"}]},{\"@type\":\"WebSite\",\"@id\":\"https:\/\/noti-america.com\/site\/texas\/#website\",\"url\":\"https:\/\/noti-america.com\/site\/texas\/\",\"name\":\"Texas | Noti-America.com\",\"description\":\"\",\"publisher\":{\"@id\":\"https:\/\/noti-america.com\/site\/texas\/#organization\"},\"potentialAction\":[{\"@type\":\"SearchAction\",\"target\":{\"@type\":\"EntryPoint\",\"urlTemplate\":\"https:\/\/noti-america.com\/site\/texas\/?s={search_term_string}\"},\"query-input\":{\"@type\":\"PropertyValueSpecification\",\"valueRequired\":true,\"valueName\":\"search_term_string\"}}],\"inLanguage\":\"es\"},{\"@type\":\"Organization\",\"@id\":\"https:\/\/noti-america.com\/site\/texas\/#organization\",\"name\":\"Noti-America LLC | Texas-USA\",\"url\":\"https:\/\/noti-america.com\/site\/texas\/\",\"logo\":{\"@type\":\"ImageObject\",\"inLanguage\":\"es\",\"@id\":\"https:\/\/noti-america.com\/site\/texas\/#\/schema\/logo\/image\/\",\"url\":\"https:\/\/noti-america.com\/site\/us-tx\/wp-content\/uploads\/sites\/4\/2020\/07\/LogoNA-4x3-1.jpg\",\"contentUrl\":\"https:\/\/noti-america.com\/site\/us-tx\/wp-content\/uploads\/sites\/4\/2020\/07\/LogoNA-4x3-1.jpg\",\"width\":1236,\"height\":1080,\"caption\":\"Noti-America LLC | Texas-USA\"},\"image\":{\"@id\":\"https:\/\/noti-america.com\/site\/texas\/#\/schema\/logo\/image\/\"}},{\"@type\":\"Person\",\"@id\":\"https:\/\/noti-america.com\/site\/texas\/#\/schema\/person\/ae305e0187703594d7e273941bdc7f76\",\"name\":\"Redacci\u00f3n NA-TX\",\"image\":{\"@type\":\"ImageObject\",\"inLanguage\":\"es\",\"@id\":\"https:\/\/secure.gravatar.com\/avatar\/1ede8345cc79df032062efa286d5b99b0e4e5bd13e51f7cb031f715a3a43b386?s=96&d=mm&r=g\",\"url\":\"https:\/\/secure.gravatar.com\/avatar\/1ede8345cc79df032062efa286d5b99b0e4e5bd13e51f7cb031f715a3a43b386?s=96&d=mm&r=g\",\"contentUrl\":\"https:\/\/secure.gravatar.com\/avatar\/1ede8345cc79df032062efa286d5b99b0e4e5bd13e51f7cb031f715a3a43b386?s=96&d=mm&r=g\",\"caption\":\"Redacci\u00f3n NA-TX\"},\"url\":\"https:\/\/noti-america.com\/site\/texas\/author\/redacciontx\/\"}]}<\/script>\n<!-- \/ Yoast SEO Premium plugin. -->","yoast_head_json":{"title":"Fed sugiere que puede haber una pronta alza de la tasa de inter\u00e9s en EEUU - Texas | Noti-America.com","robots":{"index":"index","follow":"follow","max-snippet":"max-snippet:-1","max-image-preview":"max-image-preview:large","max-video-preview":"max-video-preview:-1"},"canonical":"https:\/\/noti-america.com\/site\/texas\/2018\/08\/23\/fed-sugiere-que-puede-haber-una-pronta-alza-de-la-tasa-de-interes-en-eeuu\/","og_locale":"es_ES","og_type":"article","og_title":"Fed sugiere que puede haber una pronta alza de la tasa de inter\u00e9s en EEUU","og_description":"Los banqueros centrales de Estados Unidos discutieron un\u00a0pronto aumento de las tasas de inter\u00e9s para contrarrestar una excesiva fortaleza de la econom\u00eda, pero tambi\u00e9n examinaron c\u00f3mo las disputas comerciales podr\u00edan afectar a empresas y&#46;&#46;&#46;","og_url":"https:\/\/noti-america.com\/site\/texas\/2018\/08\/23\/fed-sugiere-que-puede-haber-una-pronta-alza-de-la-tasa-de-interes-en-eeuu\/","og_site_name":"Texas | Noti-America.com","article_published_time":"2018-08-23T11:44:30+00:00","og_image":[{"width":768,"height":415,"url":"https:\/\/noti-america.com\/site\/texas\/wp-content\/uploads\/sites\/4\/2018\/08\/Fed-sugiere.jpg","type":"image\/jpeg"}],"author":"Redacci\u00f3n NA-TX","twitter_card":"summary_large_image","twitter_misc":{"Escrito por":"Redacci\u00f3n NA-TX","Tiempo estimado de lectura":"2 minutos"},"schema":{"@context":"https:\/\/schema.org","@graph":[{"@type":"Article","@id":"https:\/\/noti-america.com\/site\/texas\/2018\/08\/23\/fed-sugiere-que-puede-haber-una-pronta-alza-de-la-tasa-de-interes-en-eeuu\/#article","isPartOf":{"@id":"https:\/\/noti-america.com\/site\/texas\/2018\/08\/23\/fed-sugiere-que-puede-haber-una-pronta-alza-de-la-tasa-de-interes-en-eeuu\/"},"author":{"name":"Redacci\u00f3n NA-TX","@id":"https:\/\/noti-america.com\/site\/texas\/#\/schema\/person\/ae305e0187703594d7e273941bdc7f76"},"headline":"Fed sugiere que puede haber una pronta alza de la tasa de inter\u00e9s en EEUU","datePublished":"2018-08-23T11:44:30+00:00","mainEntityOfPage":{"@id":"https:\/\/noti-america.com\/site\/texas\/2018\/08\/23\/fed-sugiere-que-puede-haber-una-pronta-alza-de-la-tasa-de-interes-en-eeuu\/"},"wordCount":387,"commentCount":0,"publisher":{"@id":"https:\/\/noti-america.com\/site\/texas\/#organization"},"image":{"@id":"https:\/\/noti-america.com\/site\/texas\/2018\/08\/23\/fed-sugiere-que-puede-haber-una-pronta-alza-de-la-tasa-de-interes-en-eeuu\/#primaryimage"},"thumbnailUrl":"https:\/\/noti-america.com\/site\/texas\/wp-content\/uploads\/sites\/4\/2018\/08\/Fed-sugiere.jpg","keywords":["Donald Trump","Jerome Powell","tasa de inter\u00e9s en EEUU"],"articleSection":["Econom\u00eda"],"inLanguage":"es","potentialAction":[{"@type":"CommentAction","name":"Comment","target":["https:\/\/noti-america.com\/site\/texas\/2018\/08\/23\/fed-sugiere-que-puede-haber-una-pronta-alza-de-la-tasa-de-interes-en-eeuu\/#respond"]}]},{"@type":"WebPage","@id":"https:\/\/noti-america.com\/site\/texas\/2018\/08\/23\/fed-sugiere-que-puede-haber-una-pronta-alza-de-la-tasa-de-interes-en-eeuu\/","url":"https:\/\/noti-america.com\/site\/texas\/2018\/08\/23\/fed-sugiere-que-puede-haber-una-pronta-alza-de-la-tasa-de-interes-en-eeuu\/","name":"Fed sugiere que puede haber una pronta alza de la tasa de inter\u00e9s en EEUU - Texas | Noti-America.com","isPartOf":{"@id":"https:\/\/noti-america.com\/site\/texas\/#website"},"primaryImageOfPage":{"@id":"https:\/\/noti-america.com\/site\/texas\/2018\/08\/23\/fed-sugiere-que-puede-haber-una-pronta-alza-de-la-tasa-de-interes-en-eeuu\/#primaryimage"},"image":{"@id":"https:\/\/noti-america.com\/site\/texas\/2018\/08\/23\/fed-sugiere-que-puede-haber-una-pronta-alza-de-la-tasa-de-interes-en-eeuu\/#primaryimage"},"thumbnailUrl":"https:\/\/noti-america.com\/site\/texas\/wp-content\/uploads\/sites\/4\/2018\/08\/Fed-sugiere.jpg","datePublished":"2018-08-23T11:44:30+00:00","breadcrumb":{"@id":"https:\/\/noti-america.com\/site\/texas\/2018\/08\/23\/fed-sugiere-que-puede-haber-una-pronta-alza-de-la-tasa-de-interes-en-eeuu\/#breadcrumb"},"inLanguage":"es","potentialAction":[{"@type":"ReadAction","target":["https:\/\/noti-america.com\/site\/texas\/2018\/08\/23\/fed-sugiere-que-puede-haber-una-pronta-alza-de-la-tasa-de-interes-en-eeuu\/"]}]},{"@type":"ImageObject","inLanguage":"es","@id":"https:\/\/noti-america.com\/site\/texas\/2018\/08\/23\/fed-sugiere-que-puede-haber-una-pronta-alza-de-la-tasa-de-interes-en-eeuu\/#primaryimage","url":"https:\/\/noti-america.com\/site\/texas\/wp-content\/uploads\/sites\/4\/2018\/08\/Fed-sugiere.jpg","contentUrl":"https:\/\/noti-america.com\/site\/texas\/wp-content\/uploads\/sites\/4\/2018\/08\/Fed-sugiere.jpg","width":768,"height":415},{"@type":"BreadcrumbList","@id":"https:\/\/noti-america.com\/site\/texas\/2018\/08\/23\/fed-sugiere-que-puede-haber-una-pronta-alza-de-la-tasa-de-interes-en-eeuu\/#breadcrumb","itemListElement":[{"@type":"ListItem","position":1,"name":"Portada","item":"https:\/\/noti-america.com\/site\/texas\/"},{"@type":"ListItem","position":2,"name":"Fed sugiere que puede haber una pronta alza de la tasa de inter\u00e9s en EEUU"}]},{"@type":"WebSite","@id":"https:\/\/noti-america.com\/site\/texas\/#website","url":"https:\/\/noti-america.com\/site\/texas\/","name":"Texas | Noti-America.com","description":"","publisher":{"@id":"https:\/\/noti-america.com\/site\/texas\/#organization"},"potentialAction":[{"@type":"SearchAction","target":{"@type":"EntryPoint","urlTemplate":"https:\/\/noti-america.com\/site\/texas\/?s={search_term_string}"},"query-input":{"@type":"PropertyValueSpecification","valueRequired":true,"valueName":"search_term_string"}}],"inLanguage":"es"},{"@type":"Organization","@id":"https:\/\/noti-america.com\/site\/texas\/#organization","name":"Noti-America LLC | Texas-USA","url":"https:\/\/noti-america.com\/site\/texas\/","logo":{"@type":"ImageObject","inLanguage":"es","@id":"https:\/\/noti-america.com\/site\/texas\/#\/schema\/logo\/image\/","url":"https:\/\/noti-america.com\/site\/us-tx\/wp-content\/uploads\/sites\/4\/2020\/07\/LogoNA-4x3-1.jpg","contentUrl":"https:\/\/noti-america.com\/site\/us-tx\/wp-content\/uploads\/sites\/4\/2020\/07\/LogoNA-4x3-1.jpg","width":1236,"height":1080,"caption":"Noti-America LLC | Texas-USA"},"image":{"@id":"https:\/\/noti-america.com\/site\/texas\/#\/schema\/logo\/image\/"}},{"@type":"Person","@id":"https:\/\/noti-america.com\/site\/texas\/#\/schema\/person\/ae305e0187703594d7e273941bdc7f76","name":"Redacci\u00f3n NA-TX","image":{"@type":"ImageObject","inLanguage":"es","@id":"https:\/\/secure.gravatar.com\/avatar\/1ede8345cc79df032062efa286d5b99b0e4e5bd13e51f7cb031f715a3a43b386?s=96&d=mm&r=g","url":"https:\/\/secure.gravatar.com\/avatar\/1ede8345cc79df032062efa286d5b99b0e4e5bd13e51f7cb031f715a3a43b386?s=96&d=mm&r=g","contentUrl":"https:\/\/secure.gravatar.com\/avatar\/1ede8345cc79df032062efa286d5b99b0e4e5bd13e51f7cb031f715a3a43b386?s=96&d=mm&r=g","caption":"Redacci\u00f3n NA-TX"},"url":"https:\/\/noti-america.com\/site\/texas\/author\/redacciontx\/"}]}},"_links":{"self":[{"href":"https:\/\/noti-america.com\/site\/texas\/wp-json\/wp\/v2\/posts\/6782","targetHints":{"allow":["GET"]}}],"collection":[{"href":"https:\/\/noti-america.com\/site\/texas\/wp-json\/wp\/v2\/posts"}],"about":[{"href":"https:\/\/noti-america.com\/site\/texas\/wp-json\/wp\/v2\/types\/post"}],"author":[{"embeddable":true,"href":"https:\/\/noti-america.com\/site\/texas\/wp-json\/wp\/v2\/users\/30"}],"replies":[{"embeddable":true,"href":"https:\/\/noti-america.com\/site\/texas\/wp-json\/wp\/v2\/comments?post=6782"}],"version-history":[{"count":1,"href":"https:\/\/noti-america.com\/site\/texas\/wp-json\/wp\/v2\/posts\/6782\/revisions"}],"predecessor-version":[{"id":6784,"href":"https:\/\/noti-america.com\/site\/texas\/wp-json\/wp\/v2\/posts\/6782\/revisions\/6784"}],"wp:featuredmedia":[{"embeddable":true,"href":"https:\/\/noti-america.com\/site\/texas\/wp-json\/wp\/v2\/media\/6783"}],"wp:attachment":[{"href":"https:\/\/noti-america.com\/site\/texas\/wp-json\/wp\/v2\/media?parent=6782"}],"wp:term":[{"taxonomy":"category","embeddable":true,"href":"https:\/\/noti-america.com\/site\/texas\/wp-json\/wp\/v2\/categories?post=6782"},{"taxonomy":"post_tag","embeddable":true,"href":"https:\/\/noti-america.com\/site\/texas\/wp-json\/wp\/v2\/tags?post=6782"}],"curies":[{"name":"wp","href":"https:\/\/api.w.org\/{rel}","templated":true}]}}