{"id":5417,"date":"2018-07-17T05:33:20","date_gmt":"2018-07-17T10:33:20","guid":{"rendered":"http:\/\/noti-america.com\/site\/us-tx\/?p=5417"},"modified":"2018-07-17T05:33:20","modified_gmt":"2018-07-17T10:33:20","slug":"texas-limite-de-visas-laborales-para-centroamericanos-y-mexicanos-crea-falta-de-mano-de-obra","status":"publish","type":"post","link":"https:\/\/noti-america.com\/site\/texas\/2018\/07\/17\/texas-limite-de-visas-laborales-para-centroamericanos-y-mexicanos-crea-falta-de-mano-de-obra\/","title":{"rendered":"Texas: L\u00edmite de visas laborales para centroamericanos y mexicanos crea falta de mano de obra"},"content":{"rendered":"<header class=\"news-header\">\n<h2 class=\"news-excerpt\"><span style=\"color: #000000;\">La escasez surgi\u00f3 este a\u00f1o, despu\u00e9s de que el Congreso no pudo renovar una exenci\u00f3n al l\u00edmite de estas visas, que hubieran sido para trabajadores que iban a regresar.<\/span><\/h2>\n<div class=\"clearfix\">\n<div class=\"news-line content-author\"><\/div>\n<div class=\"news-line content-author\"><\/div>\n<div class=\"news-line content-author\"><img loading=\"lazy\" decoding=\"async\" class=\"aligncenter\" src=\"https:\/\/www.laprensagrafica.com\/__export\/1531773729847\/sites\/prensagrafica\/img\/2018\/07\/16\/trabajadores_inmigrantes_construccixn.jpg_525981578.jpg\" alt=\"Se pierden millones de d\u00f3lares.\" width=\"790\" height=\"440\" data-index=\"0\" data-full=\"\/__export\/1531773729847\/sites\/prensagrafica\/img\/2018\/07\/16\/trabajadores_inmigrantes_construccixn.jpg_820638804.jpg\" data-size=\"w:790,h:440\" \/><\/div>\n<\/div>\n<\/header>\n<div class=\"news-photogallery\">\n<div class=\"swiper-container swiper-container-horizontal\">\n<div class=\"swiper-wrapper\">\n<figure class=\"swiper-slide swiper-slide-active\"><figcaption>\n<h5 style=\"text-align: center;\"><span style=\"color: #000000;\"><em>Se pierden millones de d\u00f3lares.<\/em><\/span><\/h5>\n<p style=\"text-align: left;\">\n<\/figcaption><figcaption>\n<h5 style=\"text-align: left;\"><span style=\"color: #000000;\"><em><strong>Fuente:\u00a0\u00a0https:\/\/www.laprensagrafica.com<\/strong><\/em><\/span><\/h5>\n<hr \/>\n<\/figcaption><h3><\/h3>\n<p>&nbsp;<\/p>\n<h3><span style=\"color: #000000;\"><strong>El l\u00edmite de visas para trabajadores migrantes temporales establecido por el gobierno estadounidense ha causado una escasez de mano de obra en la industria camaronera de Texas.<\/strong><\/span><\/h3>\n<p>&nbsp;<\/p>\n<h3><\/h3>\n<\/figure>\n<figure class=\"swiper-slide swiper-slide-active\"><figcaption>\n<h5><\/h5>\n<\/figcaption><\/figure>\n<figure class=\"swiper-slide swiper-slide-active\"><figcaption>\n<h4><span style=\"color: #000000;\">Andrea Hance, directora ejecutiva de la Asociaci\u00f3n Camaronera de Texas, dijo al Brownsville Herald que\u00a0<strong>calcula que el 70% de la flota camaronera de Brownsville-Port Isabel va a comenzar esta temporada con escasez de mano de obra.<\/strong><\/span><\/h4>\n<h4><span style=\"color: #000000;\">Este sector depende fuertemente de trabajadores con visa\u00a0H-2B, que est\u00e1n limitadas a 66.000 para todo el pa\u00eds conforme una ley establecida hace d\u00e9cadasLa escasez surgi\u00f3 este a\u00f1o, despu\u00e9s de que el Congreso no pudo renovar una exenci\u00f3n al l\u00edmite de estas visas, que hubieran sido para trabajadores que iban a regresar.<\/span><\/h4>\n<h4><span style=\"color: #000000;\">Hance dijo que\u00a0<strong>la falta de 750 trabajadores de M\u00e9xico y Centroam\u00e9rica est\u00e1 devastando la industria de mariscos de Texas<\/strong>. Agreg\u00f3 que la industria perder\u00e1 un mill\u00f3n de d\u00f3lares al d\u00eda porque el gobierno no permitir\u00e1 que estos trabajadores ingresen al pa\u00eds.<\/span><\/h4>\n<h4 style=\"text-align: left;\"><\/h4>\n<h5 style=\"text-align: left;\"><\/h5>\n<\/figcaption><\/figure>\n<\/div>\n<\/div>\n<\/div>\n<div class=\"news-content\">\n<div class=\"news-body\">\n<p>&nbsp;<\/p>\n<p>&nbsp;<\/p>\n<\/div>\n<\/div>\n","protected":false},"excerpt":{"rendered":"<p>La escasez surgi\u00f3 este a\u00f1o, despu\u00e9s de que el Congreso no pudo renovar una exenci\u00f3n al l\u00edmite de estas visas, que hubieran sido para trabajadores que iban a regresar. Se pierden millones de d\u00f3lares.&#46;&#46;&#46;<\/p>\n","protected":false},"author":30,"featured_media":5418,"comment_status":"open","ping_status":"open","sticky":false,"template":"","format":"standard","meta":{"_acf_changed":false,"rop_custom_images_group":[],"rop_custom_messages_group":[],"rop_publish_now":"initial","rop_publish_now_accounts":{"twitter_242054905_242054905":""},"rop_publish_now_history":[],"rop_publish_now_status":"pending","footnotes":""},"categories":[1],"tags":[601,771,661,80,770],"class_list":["post-5417","post","type-post","status-publish","format-standard","has-post-thumbnail","hentry","category-uncategorized","tag-centroamericanos","tag-mano-de-obra","tag-mexicanos","tag-texas","tag-visas-laborales"],"acf":[],"yoast_head":"<!-- This site is optimized with the Yoast SEO Premium plugin v24.9 (Yoast SEO v27.2) - https:\/\/yoast.com\/product\/yoast-seo-premium-wordpress\/ -->\n<title>Texas: L\u00edmite de visas laborales para centroamericanos y mexicanos crea falta de mano de obra - Texas | Noti-America.com<\/title>\n<meta name=\"robots\" content=\"index, follow, max-snippet:-1, max-image-preview:large, max-video-preview:-1\" \/>\n<link rel=\"canonical\" href=\"https:\/\/noti-america.com\/site\/texas\/2018\/07\/17\/texas-limite-de-visas-laborales-para-centroamericanos-y-mexicanos-crea-falta-de-mano-de-obra\/\" \/>\n<meta property=\"og:locale\" content=\"es_ES\" \/>\n<meta property=\"og:type\" content=\"article\" \/>\n<meta property=\"og:title\" content=\"Texas: L\u00edmite de visas laborales para centroamericanos y mexicanos crea falta de mano de obra\" \/>\n<meta property=\"og:description\" content=\"La escasez surgi\u00f3 este a\u00f1o, despu\u00e9s de que el Congreso no pudo renovar una exenci\u00f3n al l\u00edmite de estas visas, que hubieran sido para trabajadores que iban a regresar. Se pierden millones de d\u00f3lares.&#046;&#046;&#046;\" \/>\n<meta property=\"og:url\" content=\"https:\/\/noti-america.com\/site\/texas\/2018\/07\/17\/texas-limite-de-visas-laborales-para-centroamericanos-y-mexicanos-crea-falta-de-mano-de-obra\/\" \/>\n<meta property=\"og:site_name\" content=\"Texas | Noti-America.com\" \/>\n<meta property=\"article:published_time\" content=\"2018-07-17T10:33:20+00:00\" \/>\n<meta property=\"og:image\" content=\"https:\/\/noti-america.com\/site\/texas\/wp-content\/uploads\/sites\/4\/2018\/07\/Texas-l\u00edmite.jpg\" \/>\n\t<meta property=\"og:image:width\" content=\"790\" \/>\n\t<meta property=\"og:image:height\" content=\"440\" \/>\n\t<meta property=\"og:image:type\" content=\"image\/jpeg\" \/>\n<meta name=\"author\" content=\"Redacci\u00f3n NA-TX\" \/>\n<meta name=\"twitter:card\" content=\"summary_large_image\" \/>\n<meta name=\"twitter:label1\" content=\"Escrito por\" \/>\n\t<meta name=\"twitter:data1\" content=\"Redacci\u00f3n NA-TX\" \/>\n\t<meta name=\"twitter:label2\" content=\"Tiempo estimado de lectura\" \/>\n\t<meta name=\"twitter:data2\" content=\"1 minuto\" \/>\n<script type=\"application\/ld+json\" class=\"yoast-schema-graph\">{\"@context\":\"https:\/\/schema.org\",\"@graph\":[{\"@type\":\"Article\",\"@id\":\"https:\/\/noti-america.com\/site\/texas\/2018\/07\/17\/texas-limite-de-visas-laborales-para-centroamericanos-y-mexicanos-crea-falta-de-mano-de-obra\/#article\",\"isPartOf\":{\"@id\":\"https:\/\/noti-america.com\/site\/texas\/2018\/07\/17\/texas-limite-de-visas-laborales-para-centroamericanos-y-mexicanos-crea-falta-de-mano-de-obra\/\"},\"author\":{\"name\":\"Redacci\u00f3n NA-TX\",\"@id\":\"https:\/\/noti-america.com\/site\/texas\/#\/schema\/person\/ae305e0187703594d7e273941bdc7f76\"},\"headline\":\"Texas: L\u00edmite de visas laborales para centroamericanos y mexicanos crea falta de mano de obra\",\"datePublished\":\"2018-07-17T10:33:20+00:00\",\"mainEntityOfPage\":{\"@id\":\"https:\/\/noti-america.com\/site\/texas\/2018\/07\/17\/texas-limite-de-visas-laborales-para-centroamericanos-y-mexicanos-crea-falta-de-mano-de-obra\/\"},\"wordCount\":235,\"commentCount\":0,\"publisher\":{\"@id\":\"https:\/\/noti-america.com\/site\/texas\/#organization\"},\"image\":{\"@id\":\"https:\/\/noti-america.com\/site\/texas\/2018\/07\/17\/texas-limite-de-visas-laborales-para-centroamericanos-y-mexicanos-crea-falta-de-mano-de-obra\/#primaryimage\"},\"thumbnailUrl\":\"https:\/\/noti-america.com\/site\/texas\/wp-content\/uploads\/sites\/4\/2018\/07\/Texas-l\u00edmite.jpg\",\"keywords\":[\"centroamericanos\",\"mano de obra\",\"Mexicanos\",\"Texas\",\"visas laborales\"],\"articleSection\":[\"Uncategorized\"],\"inLanguage\":\"es\",\"potentialAction\":[{\"@type\":\"CommentAction\",\"name\":\"Comment\",\"target\":[\"https:\/\/noti-america.com\/site\/texas\/2018\/07\/17\/texas-limite-de-visas-laborales-para-centroamericanos-y-mexicanos-crea-falta-de-mano-de-obra\/#respond\"]}]},{\"@type\":\"WebPage\",\"@id\":\"https:\/\/noti-america.com\/site\/texas\/2018\/07\/17\/texas-limite-de-visas-laborales-para-centroamericanos-y-mexicanos-crea-falta-de-mano-de-obra\/\",\"url\":\"https:\/\/noti-america.com\/site\/texas\/2018\/07\/17\/texas-limite-de-visas-laborales-para-centroamericanos-y-mexicanos-crea-falta-de-mano-de-obra\/\",\"name\":\"Texas: L\u00edmite de visas laborales para centroamericanos y mexicanos crea falta de mano de obra - Texas | Noti-America.com\",\"isPartOf\":{\"@id\":\"https:\/\/noti-america.com\/site\/texas\/#website\"},\"primaryImageOfPage\":{\"@id\":\"https:\/\/noti-america.com\/site\/texas\/2018\/07\/17\/texas-limite-de-visas-laborales-para-centroamericanos-y-mexicanos-crea-falta-de-mano-de-obra\/#primaryimage\"},\"image\":{\"@id\":\"https:\/\/noti-america.com\/site\/texas\/2018\/07\/17\/texas-limite-de-visas-laborales-para-centroamericanos-y-mexicanos-crea-falta-de-mano-de-obra\/#primaryimage\"},\"thumbnailUrl\":\"https:\/\/noti-america.com\/site\/texas\/wp-content\/uploads\/sites\/4\/2018\/07\/Texas-l\u00edmite.jpg\",\"datePublished\":\"2018-07-17T10:33:20+00:00\",\"breadcrumb\":{\"@id\":\"https:\/\/noti-america.com\/site\/texas\/2018\/07\/17\/texas-limite-de-visas-laborales-para-centroamericanos-y-mexicanos-crea-falta-de-mano-de-obra\/#breadcrumb\"},\"inLanguage\":\"es\",\"potentialAction\":[{\"@type\":\"ReadAction\",\"target\":[\"https:\/\/noti-america.com\/site\/texas\/2018\/07\/17\/texas-limite-de-visas-laborales-para-centroamericanos-y-mexicanos-crea-falta-de-mano-de-obra\/\"]}]},{\"@type\":\"ImageObject\",\"inLanguage\":\"es\",\"@id\":\"https:\/\/noti-america.com\/site\/texas\/2018\/07\/17\/texas-limite-de-visas-laborales-para-centroamericanos-y-mexicanos-crea-falta-de-mano-de-obra\/#primaryimage\",\"url\":\"https:\/\/noti-america.com\/site\/texas\/wp-content\/uploads\/sites\/4\/2018\/07\/Texas-l\u00edmite.jpg\",\"contentUrl\":\"https:\/\/noti-america.com\/site\/texas\/wp-content\/uploads\/sites\/4\/2018\/07\/Texas-l\u00edmite.jpg\",\"width\":790,\"height\":440},{\"@type\":\"BreadcrumbList\",\"@id\":\"https:\/\/noti-america.com\/site\/texas\/2018\/07\/17\/texas-limite-de-visas-laborales-para-centroamericanos-y-mexicanos-crea-falta-de-mano-de-obra\/#breadcrumb\",\"itemListElement\":[{\"@type\":\"ListItem\",\"position\":1,\"name\":\"Portada\",\"item\":\"https:\/\/noti-america.com\/site\/texas\/\"},{\"@type\":\"ListItem\",\"position\":2,\"name\":\"Texas: L\u00edmite de visas laborales para centroamericanos y mexicanos crea falta de mano de obra\"}]},{\"@type\":\"WebSite\",\"@id\":\"https:\/\/noti-america.com\/site\/texas\/#website\",\"url\":\"https:\/\/noti-america.com\/site\/texas\/\",\"name\":\"Texas | Noti-America.com\",\"description\":\"\",\"publisher\":{\"@id\":\"https:\/\/noti-america.com\/site\/texas\/#organization\"},\"potentialAction\":[{\"@type\":\"SearchAction\",\"target\":{\"@type\":\"EntryPoint\",\"urlTemplate\":\"https:\/\/noti-america.com\/site\/texas\/?s={search_term_string}\"},\"query-input\":{\"@type\":\"PropertyValueSpecification\",\"valueRequired\":true,\"valueName\":\"search_term_string\"}}],\"inLanguage\":\"es\"},{\"@type\":\"Organization\",\"@id\":\"https:\/\/noti-america.com\/site\/texas\/#organization\",\"name\":\"Noti-America LLC | Texas-USA\",\"url\":\"https:\/\/noti-america.com\/site\/texas\/\",\"logo\":{\"@type\":\"ImageObject\",\"inLanguage\":\"es\",\"@id\":\"https:\/\/noti-america.com\/site\/texas\/#\/schema\/logo\/image\/\",\"url\":\"https:\/\/noti-america.com\/site\/us-tx\/wp-content\/uploads\/sites\/4\/2020\/07\/LogoNA-4x3-1.jpg\",\"contentUrl\":\"https:\/\/noti-america.com\/site\/us-tx\/wp-content\/uploads\/sites\/4\/2020\/07\/LogoNA-4x3-1.jpg\",\"width\":1236,\"height\":1080,\"caption\":\"Noti-America LLC | Texas-USA\"},\"image\":{\"@id\":\"https:\/\/noti-america.com\/site\/texas\/#\/schema\/logo\/image\/\"}},{\"@type\":\"Person\",\"@id\":\"https:\/\/noti-america.com\/site\/texas\/#\/schema\/person\/ae305e0187703594d7e273941bdc7f76\",\"name\":\"Redacci\u00f3n NA-TX\",\"image\":{\"@type\":\"ImageObject\",\"inLanguage\":\"es\",\"@id\":\"https:\/\/secure.gravatar.com\/avatar\/1ede8345cc79df032062efa286d5b99b0e4e5bd13e51f7cb031f715a3a43b386?s=96&d=mm&r=g\",\"url\":\"https:\/\/secure.gravatar.com\/avatar\/1ede8345cc79df032062efa286d5b99b0e4e5bd13e51f7cb031f715a3a43b386?s=96&d=mm&r=g\",\"contentUrl\":\"https:\/\/secure.gravatar.com\/avatar\/1ede8345cc79df032062efa286d5b99b0e4e5bd13e51f7cb031f715a3a43b386?s=96&d=mm&r=g\",\"caption\":\"Redacci\u00f3n NA-TX\"},\"url\":\"https:\/\/noti-america.com\/site\/texas\/author\/redacciontx\/\"}]}<\/script>\n<!-- \/ Yoast SEO Premium plugin. -->","yoast_head_json":{"title":"Texas: L\u00edmite de visas laborales para centroamericanos y mexicanos crea falta de mano de obra - Texas | Noti-America.com","robots":{"index":"index","follow":"follow","max-snippet":"max-snippet:-1","max-image-preview":"max-image-preview:large","max-video-preview":"max-video-preview:-1"},"canonical":"https:\/\/noti-america.com\/site\/texas\/2018\/07\/17\/texas-limite-de-visas-laborales-para-centroamericanos-y-mexicanos-crea-falta-de-mano-de-obra\/","og_locale":"es_ES","og_type":"article","og_title":"Texas: L\u00edmite de visas laborales para centroamericanos y mexicanos crea falta de mano de obra","og_description":"La escasez surgi\u00f3 este a\u00f1o, despu\u00e9s de que el Congreso no pudo renovar una exenci\u00f3n al l\u00edmite de estas visas, que hubieran sido para trabajadores que iban a regresar. Se pierden millones de d\u00f3lares.&#46;&#46;&#46;","og_url":"https:\/\/noti-america.com\/site\/texas\/2018\/07\/17\/texas-limite-de-visas-laborales-para-centroamericanos-y-mexicanos-crea-falta-de-mano-de-obra\/","og_site_name":"Texas | Noti-America.com","article_published_time":"2018-07-17T10:33:20+00:00","og_image":[{"width":790,"height":440,"url":"https:\/\/noti-america.com\/site\/texas\/wp-content\/uploads\/sites\/4\/2018\/07\/Texas-l\u00edmite.jpg","type":"image\/jpeg"}],"author":"Redacci\u00f3n NA-TX","twitter_card":"summary_large_image","twitter_misc":{"Escrito por":"Redacci\u00f3n NA-TX","Tiempo estimado de lectura":"1 minuto"},"schema":{"@context":"https:\/\/schema.org","@graph":[{"@type":"Article","@id":"https:\/\/noti-america.com\/site\/texas\/2018\/07\/17\/texas-limite-de-visas-laborales-para-centroamericanos-y-mexicanos-crea-falta-de-mano-de-obra\/#article","isPartOf":{"@id":"https:\/\/noti-america.com\/site\/texas\/2018\/07\/17\/texas-limite-de-visas-laborales-para-centroamericanos-y-mexicanos-crea-falta-de-mano-de-obra\/"},"author":{"name":"Redacci\u00f3n NA-TX","@id":"https:\/\/noti-america.com\/site\/texas\/#\/schema\/person\/ae305e0187703594d7e273941bdc7f76"},"headline":"Texas: L\u00edmite de visas laborales para centroamericanos y mexicanos crea falta de mano de obra","datePublished":"2018-07-17T10:33:20+00:00","mainEntityOfPage":{"@id":"https:\/\/noti-america.com\/site\/texas\/2018\/07\/17\/texas-limite-de-visas-laborales-para-centroamericanos-y-mexicanos-crea-falta-de-mano-de-obra\/"},"wordCount":235,"commentCount":0,"publisher":{"@id":"https:\/\/noti-america.com\/site\/texas\/#organization"},"image":{"@id":"https:\/\/noti-america.com\/site\/texas\/2018\/07\/17\/texas-limite-de-visas-laborales-para-centroamericanos-y-mexicanos-crea-falta-de-mano-de-obra\/#primaryimage"},"thumbnailUrl":"https:\/\/noti-america.com\/site\/texas\/wp-content\/uploads\/sites\/4\/2018\/07\/Texas-l\u00edmite.jpg","keywords":["centroamericanos","mano de obra","Mexicanos","Texas","visas laborales"],"articleSection":["Uncategorized"],"inLanguage":"es","potentialAction":[{"@type":"CommentAction","name":"Comment","target":["https:\/\/noti-america.com\/site\/texas\/2018\/07\/17\/texas-limite-de-visas-laborales-para-centroamericanos-y-mexicanos-crea-falta-de-mano-de-obra\/#respond"]}]},{"@type":"WebPage","@id":"https:\/\/noti-america.com\/site\/texas\/2018\/07\/17\/texas-limite-de-visas-laborales-para-centroamericanos-y-mexicanos-crea-falta-de-mano-de-obra\/","url":"https:\/\/noti-america.com\/site\/texas\/2018\/07\/17\/texas-limite-de-visas-laborales-para-centroamericanos-y-mexicanos-crea-falta-de-mano-de-obra\/","name":"Texas: L\u00edmite de visas laborales para centroamericanos y mexicanos crea falta de mano de obra - Texas | Noti-America.com","isPartOf":{"@id":"https:\/\/noti-america.com\/site\/texas\/#website"},"primaryImageOfPage":{"@id":"https:\/\/noti-america.com\/site\/texas\/2018\/07\/17\/texas-limite-de-visas-laborales-para-centroamericanos-y-mexicanos-crea-falta-de-mano-de-obra\/#primaryimage"},"image":{"@id":"https:\/\/noti-america.com\/site\/texas\/2018\/07\/17\/texas-limite-de-visas-laborales-para-centroamericanos-y-mexicanos-crea-falta-de-mano-de-obra\/#primaryimage"},"thumbnailUrl":"https:\/\/noti-america.com\/site\/texas\/wp-content\/uploads\/sites\/4\/2018\/07\/Texas-l\u00edmite.jpg","datePublished":"2018-07-17T10:33:20+00:00","breadcrumb":{"@id":"https:\/\/noti-america.com\/site\/texas\/2018\/07\/17\/texas-limite-de-visas-laborales-para-centroamericanos-y-mexicanos-crea-falta-de-mano-de-obra\/#breadcrumb"},"inLanguage":"es","potentialAction":[{"@type":"ReadAction","target":["https:\/\/noti-america.com\/site\/texas\/2018\/07\/17\/texas-limite-de-visas-laborales-para-centroamericanos-y-mexicanos-crea-falta-de-mano-de-obra\/"]}]},{"@type":"ImageObject","inLanguage":"es","@id":"https:\/\/noti-america.com\/site\/texas\/2018\/07\/17\/texas-limite-de-visas-laborales-para-centroamericanos-y-mexicanos-crea-falta-de-mano-de-obra\/#primaryimage","url":"https:\/\/noti-america.com\/site\/texas\/wp-content\/uploads\/sites\/4\/2018\/07\/Texas-l\u00edmite.jpg","contentUrl":"https:\/\/noti-america.com\/site\/texas\/wp-content\/uploads\/sites\/4\/2018\/07\/Texas-l\u00edmite.jpg","width":790,"height":440},{"@type":"BreadcrumbList","@id":"https:\/\/noti-america.com\/site\/texas\/2018\/07\/17\/texas-limite-de-visas-laborales-para-centroamericanos-y-mexicanos-crea-falta-de-mano-de-obra\/#breadcrumb","itemListElement":[{"@type":"ListItem","position":1,"name":"Portada","item":"https:\/\/noti-america.com\/site\/texas\/"},{"@type":"ListItem","position":2,"name":"Texas: L\u00edmite de visas laborales para centroamericanos y mexicanos crea falta de mano de obra"}]},{"@type":"WebSite","@id":"https:\/\/noti-america.com\/site\/texas\/#website","url":"https:\/\/noti-america.com\/site\/texas\/","name":"Texas | Noti-America.com","description":"","publisher":{"@id":"https:\/\/noti-america.com\/site\/texas\/#organization"},"potentialAction":[{"@type":"SearchAction","target":{"@type":"EntryPoint","urlTemplate":"https:\/\/noti-america.com\/site\/texas\/?s={search_term_string}"},"query-input":{"@type":"PropertyValueSpecification","valueRequired":true,"valueName":"search_term_string"}}],"inLanguage":"es"},{"@type":"Organization","@id":"https:\/\/noti-america.com\/site\/texas\/#organization","name":"Noti-America LLC | Texas-USA","url":"https:\/\/noti-america.com\/site\/texas\/","logo":{"@type":"ImageObject","inLanguage":"es","@id":"https:\/\/noti-america.com\/site\/texas\/#\/schema\/logo\/image\/","url":"https:\/\/noti-america.com\/site\/us-tx\/wp-content\/uploads\/sites\/4\/2020\/07\/LogoNA-4x3-1.jpg","contentUrl":"https:\/\/noti-america.com\/site\/us-tx\/wp-content\/uploads\/sites\/4\/2020\/07\/LogoNA-4x3-1.jpg","width":1236,"height":1080,"caption":"Noti-America LLC | Texas-USA"},"image":{"@id":"https:\/\/noti-america.com\/site\/texas\/#\/schema\/logo\/image\/"}},{"@type":"Person","@id":"https:\/\/noti-america.com\/site\/texas\/#\/schema\/person\/ae305e0187703594d7e273941bdc7f76","name":"Redacci\u00f3n NA-TX","image":{"@type":"ImageObject","inLanguage":"es","@id":"https:\/\/secure.gravatar.com\/avatar\/1ede8345cc79df032062efa286d5b99b0e4e5bd13e51f7cb031f715a3a43b386?s=96&d=mm&r=g","url":"https:\/\/secure.gravatar.com\/avatar\/1ede8345cc79df032062efa286d5b99b0e4e5bd13e51f7cb031f715a3a43b386?s=96&d=mm&r=g","contentUrl":"https:\/\/secure.gravatar.com\/avatar\/1ede8345cc79df032062efa286d5b99b0e4e5bd13e51f7cb031f715a3a43b386?s=96&d=mm&r=g","caption":"Redacci\u00f3n NA-TX"},"url":"https:\/\/noti-america.com\/site\/texas\/author\/redacciontx\/"}]}},"_links":{"self":[{"href":"https:\/\/noti-america.com\/site\/texas\/wp-json\/wp\/v2\/posts\/5417","targetHints":{"allow":["GET"]}}],"collection":[{"href":"https:\/\/noti-america.com\/site\/texas\/wp-json\/wp\/v2\/posts"}],"about":[{"href":"https:\/\/noti-america.com\/site\/texas\/wp-json\/wp\/v2\/types\/post"}],"author":[{"embeddable":true,"href":"https:\/\/noti-america.com\/site\/texas\/wp-json\/wp\/v2\/users\/30"}],"replies":[{"embeddable":true,"href":"https:\/\/noti-america.com\/site\/texas\/wp-json\/wp\/v2\/comments?post=5417"}],"version-history":[{"count":5,"href":"https:\/\/noti-america.com\/site\/texas\/wp-json\/wp\/v2\/posts\/5417\/revisions"}],"predecessor-version":[{"id":5423,"href":"https:\/\/noti-america.com\/site\/texas\/wp-json\/wp\/v2\/posts\/5417\/revisions\/5423"}],"wp:featuredmedia":[{"embeddable":true,"href":"https:\/\/noti-america.com\/site\/texas\/wp-json\/wp\/v2\/media\/5418"}],"wp:attachment":[{"href":"https:\/\/noti-america.com\/site\/texas\/wp-json\/wp\/v2\/media?parent=5417"}],"wp:term":[{"taxonomy":"category","embeddable":true,"href":"https:\/\/noti-america.com\/site\/texas\/wp-json\/wp\/v2\/categories?post=5417"},{"taxonomy":"post_tag","embeddable":true,"href":"https:\/\/noti-america.com\/site\/texas\/wp-json\/wp\/v2\/tags?post=5417"}],"curies":[{"name":"wp","href":"https:\/\/api.w.org\/{rel}","templated":true}]}}