{"id":5367,"date":"2018-07-16T05:57:34","date_gmt":"2018-07-16T10:57:34","guid":{"rendered":"http:\/\/noti-america.com\/site\/us-tx\/?p=5367"},"modified":"2018-07-16T05:57:34","modified_gmt":"2018-07-16T10:57:34","slug":"lopez-obrador-y-el-gobierno-de-ee-uu-buscan-areas-de-entendimiento","status":"publish","type":"post","link":"https:\/\/noti-america.com\/site\/texas\/2018\/07\/16\/lopez-obrador-y-el-gobierno-de-ee-uu-buscan-areas-de-entendimiento\/","title":{"rendered":"L\u00f3pez Obrador y el gobierno de EE. UU. buscan \u2018\u00e1reas de entendimiento\u2019"},"content":{"rendered":"<header id=\"story-header\" class=\"story-header\">\n<div id=\"story-meta\" class=\"story-meta \">\n<div id=\"story-meta-footer\" class=\"story-meta-footer\"><\/div>\n<\/div>\n<\/header>\n<div class=\"story-body-supplemental\">\n<div id=\"story-body\" class=\"story-body\">\n<div class=\"lede-container\">\n<div class=\"image\">\n<p><img decoding=\"async\" class=\"media-viewer-candidate\" src=\"https:\/\/static01.nyt.com\/images\/2018\/07\/14\/world\/14diplo-copy\/14diplo-master1050.jpg\" alt=\"\" data-mediaviewer-src=\"https:\/\/static01.nyt.com\/images\/2018\/07\/14\/world\/14diplo-copy\/14diplo-superJumbo.jpg\" data-mediaviewer-caption=\"El secretario del Tesoro estadounidense, Steven Mnuchin; el ganador de las elecciones presidenciales mexicanas, Andr\u00e9s Manuel L\u00f3pez Obrador, y el secretario de Estado Mike Pompeo, en Ciudad de M\u00e9xico\" data-mediaviewer-credit=\"Carlos Jasso\/Reuters\" \/><\/p>\n<div class=\"media-action-overlay\"><\/div>\n<\/div>\n<h5 id=\"media-100000006007435\" class=\"media photo lede layout-large-horizontal ratio-tall\" style=\"text-align: center;\" role=\"group\" data-media-action=\"modal\" aria-label=\"media\"><em><span class=\"caption-text\">El secretario del Tesoro estadounidense, Steven Mnuchin; el ganador de las elecciones presidenciales mexicanas, Andr\u00e9s Manuel L\u00f3pez Obrador, y el secretario de Estado Mike Pompeo, en Ciudad de M\u00e9xico<\/span>\u00a0<span class=\"credit\"><span class=\"visually-hidden\">Credit<\/span>Carlos Jasso\/Reuters<\/span><\/em><\/h5>\n<\/div>\n<div id=\"MiddleRight1\" class=\"ad ad-placeholder middle-right-ad nocontent robots-nocontent\" data-google-query-id=\"CNXAwaTEotwCFVAGDAoddzYDNQ\">\n<div id=\"google_ads_iframe_\/29390238\/esnyt\/noticias\/mexico_1__container__\"><\/div>\n<\/div>\n<hr \/>\n<p tabindex=\"-1\" data-para-count=\"332\" data-total-count=\"332\" data-intl-total-words=\"50\"><span style=\"color: #000000;\"><em><strong><span class=\"byline\"><span class=\"byline-author\" data-byline-name=\"\" data-twitter-handle=\"\">Fuente: https:\/\/www.nytimes.com \/ Elisabeth Malkin<\/span><\/span><\/strong><\/em><\/span><\/p>\n<\/div>\n<\/div>\n<div class=\"story-body-supplemental\">\n<div id=\"story-body\" class=\"story-body\">\n<h3 id=\"story-continues-2\" class=\"story-body-text story-content\" tabindex=\"-1\" data-para-count=\"332\" data-total-count=\"332\" data-intl-total-words=\"50\"><span style=\"color: #000000;\">\u00a0El secretario de Estado estadounidense, Mike Pompeo, lider\u00f3 la delegaci\u00f3n de alto nivel del gobierno de Donald Trump que viaj\u00f3 a Ciudad de M\u00e9xico el viernes para evaluar c\u00f3mo Andr\u00e9s Manuel L\u00f3pez Obrador, el pr\u00f3ximo presidente mexicano, intentar\u00e1 mejorar la conflictiva relaci\u00f3n entre los dos pa\u00edses.<\/span><\/h3>\n<\/div>\n<\/div>\n<div class=\"story-body-supplemental\">\n<div id=\"story-body\" class=\"story-body\">\n<h4 id=\"story-continues-3\" class=\"story-body-text story-content\" tabindex=\"-1\" data-para-count=\"408\" data-total-count=\"740\" data-intl-total-words=\"117\"><strong><span style=\"color: #000000;\">L\u00f3pez Obrador, un pol\u00edtico de izquierda que se ha comprometido a luchar contra la corrupci\u00f3n y a enfrentar la grave pobreza de M\u00e9xico, estaba listo para recibir a la delegaci\u00f3n. Le entreg\u00f3 a Pompeo una serie de propuestas sobre comercio, desarrollo, seguridad y migraci\u00f3n: los problemas que est\u00e1n en el coraz\u00f3n de la relaci\u00f3n bilateral y la fuente de gran parte de la fricci\u00f3n entre ambos pa\u00edses.<\/span><\/strong><\/h4>\n<h4 id=\"story-continues-4\" class=\"story-body-text story-content\" tabindex=\"-1\" data-para-count=\"346\" data-total-count=\"1086\" data-intl-total-words=\"170\"><strong><span style=\"color: #000000;\">A pesar de las tensiones \u2014que se han incrementado durante el mandato de Donald Trump\u2014 Marcelo Ebrard, quien ser\u00e1 el secretario de Relaciones Exteriores del nuevo gobierno, dijo que el ambiente de la reuni\u00f3n le permite tener \u201cun optimismo razonable de que M\u00e9xico va a encontrar bases de entendimiento\u201d para mejorar la relaci\u00f3n.<\/span><\/strong><\/h4>\n<h4 id=\"story-continues-5\" class=\"story-body-text story-content\" tabindex=\"-1\" data-para-count=\"290\" data-total-count=\"1376\" data-intl-total-words=\"214\"><strong><span style=\"color: #000000;\">\u201cEl fundamento del entendimiento es el desarrollo y el respeto de cada pa\u00eds mutuamente\u201d, dijo Ebrard, quien agreg\u00f3 que el equipo de la transici\u00f3n pol\u00edtica de M\u00e9xico proporcionar\u00e1 m\u00e1s detalles sobre las propuestas entregadas una vez que Trump responda, tal vez la pr\u00f3xima semana.<\/span><\/strong><\/h4>\n<h4 id=\"story-continues-6\" class=\"story-body-text story-content\" tabindex=\"-1\" data-para-count=\"265\" data-total-count=\"1641\" data-intl-total-words=\"257\"><strong><span style=\"color: #000000;\">Pero s\u00ed hubo indicios de un cambio en las prioridades. Ebrard dijo que las propuestas incluyen un plan significativo para promover el desarrollo en Am\u00e9rica Central, la regi\u00f3n de donde proviene la mayor\u00eda de los migrantes que cruza la frontera de Estados Unidos.<\/span><\/strong><\/h4>\n<h4 id=\"story-continues-7\" class=\"story-body-text story-content\" tabindex=\"-1\" data-para-count=\"230\" data-total-count=\"1871\" data-intl-total-words=\"292\"><strong><span style=\"color: #000000;\">Ebrard tambi\u00e9n advirti\u00f3 que el nuevo gobierno esperaba hacer \u201ccambios importantes\u201d en su pol\u00edtica de seguridad, donde los intereses de Washington se centran en frenar el flujo de drogas a trav\u00e9s de la frontera sur.<\/span><\/strong><\/h4>\n<h4 id=\"story-continues-8\" class=\"story-body-text story-content\" tabindex=\"-1\" data-para-count=\"149\" data-total-count=\"2020\" data-intl-total-words=\"312\"><strong><span style=\"color: #000000;\">La delegaci\u00f3n estadounidense tambi\u00e9n se reuni\u00f3 con el presidente Enrique Pe\u00f1a Nieto y Luis Videgaray, actual secretario de Relaciones Exteriores.<\/span><\/strong><\/h4>\n<h4 id=\"story-continues-9\" class=\"story-body-text story-content\" tabindex=\"-1\" data-para-count=\"339\" data-total-count=\"2359\" data-intl-total-words=\"364\"><strong><span style=\"color: #000000;\">Pompeo habl\u00f3 poco sobre los planes de desarrollo, pero hizo hincapi\u00e9 en uno de los temas cruciales de Trump: tener una frontera m\u00e1s fuerte con M\u00e9xico. \u201cLos estadounidenses deben ver mejoras que protejan nuestra soberan\u00eda nacional y la seguridad de nuestras comunidades locales\u201d, dijo en un comunicado al final de su viaje.<\/span><\/strong><\/h4>\n<h4 id=\"story-continues-10\" class=\"story-body-text story-content\" tabindex=\"-1\" data-para-count=\"205\" data-total-count=\"2564\" data-intl-total-words=\"394\"><strong><span style=\"color: #000000;\">La delegaci\u00f3n que encabezaba Pompeo tambi\u00e9n incluy\u00f3 a Kirstjen Nielsen, la secretaria de Seguridad Nacional; Steven Mnuchin, el secretario del Tesoro, y Jared Kushner, asesor principal y yerno de Trump.<\/span><\/strong><\/h4>\n<h4 id=\"story-continues-11\" class=\"story-body-text story-content\" tabindex=\"-1\" data-para-count=\"331\" data-total-count=\"2895\" data-intl-total-words=\"444\"><strong><span style=\"color: #000000;\">La composici\u00f3n de la delegaci\u00f3n estadounidense refleja los problemas que afectan las relaciones entre Estados Unidos y M\u00e9xico. La tensi\u00f3n se ha incrementado porque Trump ha calificado como delincuentes a los inmigrantes mexicanos y amenaza con sacar a Estados Unidos del Tratado de Libre Comercio de Am\u00e9rica del Norte (TLCAN).<\/span><\/strong><\/h4>\n<h4 id=\"story-continues-12\" class=\"story-body-text story-content\" tabindex=\"-1\" data-para-count=\"288\" data-total-count=\"3183\" data-intl-total-words=\"488\"><strong><span style=\"color: #000000;\">Sin embargo, ahora debe tratar con L\u00f3pez Obrador, un pol\u00edtico muy popular que\u00a0gan\u00f3 las elecciones presidenciales\u00a0con una victoria abrumadora. Eso le dar\u00e1 al nuevo gobierno una influencia en sus relaciones con Estados Unidos que Pe\u00f1a Nieto, quien es profundamente impopular, no tiene.<\/span><\/strong><\/h4>\n<h4 id=\"story-continues-13\" class=\"story-body-text story-content\" tabindex=\"-1\" data-para-count=\"292\" data-total-count=\"3475\" data-intl-total-words=\"536\"><strong><span style=\"color: #000000;\">L\u00f3pez Obrador ha dicho que M\u00e9xico no ser\u00e1 \u201cpi\u00f1ata\u201d de ning\u00fan otro pa\u00eds, pero adopt\u00f3 un tono positivo despu\u00e9s de hablar con Trump por tel\u00e9fono y les dijo a los periodistas que invit\u00f3 al presidente estadounidense a su toma de posesi\u00f3n que se celebrar\u00e1 el 1 de diciembre.<\/span><\/strong><\/h4>\n<h4 id=\"story-continues-14\" class=\"story-body-text story-content\" tabindex=\"-1\" data-para-count=\"168\" data-total-count=\"3643\" data-intl-total-words=\"562\"><strong><span style=\"color: #000000;\">Durante una entrevista de radio que concedi\u00f3 el lunes, Ebrard reconoci\u00f3 los insultos del gobierno de Trump, pero dijo que hab\u00eda espacio para trabajar con Washington.<\/span><\/strong><\/h4>\n<h4 id=\"story-continues-15\" class=\"story-body-text story-content\" tabindex=\"-1\" data-para-count=\"238\" data-total-count=\"3881\" data-intl-total-words=\"599\"><strong><span style=\"color: #000000;\">\u201cEl trato que hemos recibido desde Estados Unidos ha sido terrible\u201d, dijo Ebrard, quien se mud\u00f3 a Estados Unidos en 2016 para trabajar con los grupos de latinos que apoyaron a Hillary Clinton durante la campa\u00f1a presidencial.<\/span><\/strong><\/h4>\n<h4 id=\"story-continues-16\" class=\"story-body-text story-content\" tabindex=\"-1\" data-para-count=\"243\" data-total-count=\"4124\" data-intl-total-words=\"635\"><strong><span style=\"color: #000000;\">\u201cLo que tenemos que buscar ahora es qu\u00e9 \u00e1reas de entendimiento puede haber\u201d, a\u00f1adi\u00f3. \u201cLo m\u00e1s f\u00e1cil en pol\u00edtica exterior es magnificar el conflicto, es lo m\u00e1s sencillo. Y lo m\u00e1s complejo es buscar estas \u00e1reas\u201d.<\/span><\/strong><\/h4>\n<h4 id=\"story-continues-17\" class=\"story-body-text story-content\" tabindex=\"-1\" data-para-count=\"184\" data-total-count=\"4308\" data-intl-total-words=\"660\"><strong><span style=\"color: #000000;\">Es probable que L\u00f3pez Obrador restablezca el enfoque mexicano de trabajar con Estados Unidos para mejorar la seguridad y controlar la migraci\u00f3n, particularmente desde Centroam\u00e9rica.<\/span><\/strong><\/h4>\n<h4 id=\"story-continues-18\" class=\"story-body-text story-content\" tabindex=\"-1\" data-para-count=\"314\" data-total-count=\"4622\" data-intl-total-words=\"715\"><strong><span style=\"color: #000000;\">\u00c9l ha insistido en que la mejor manera de lidiar con ambos problemas es promover el desarrollo econ\u00f3mico, tanto en las \u00e1reas m\u00e1s pobres de M\u00e9xico como en Am\u00e9rica Central. El gobierno de Trump ha hablado poco de esa propuesta y no ha ofrecido nada concreto, centr\u00e1ndose en cambio en la aplicaci\u00f3n de la ley.<\/span><\/strong><\/h4>\n<h4 id=\"story-continues-19\" class=\"story-body-text story-content\" tabindex=\"-1\" data-para-count=\"269\" data-total-count=\"4891\" data-intl-total-words=\"750\"><strong><span style=\"color: #000000;\">\u201cL\u00f3pez Obrador tiene raz\u00f3n al hablar de cooperaci\u00f3n para enfrentar el impulso econ\u00f3mico y de seguridad de la transmigraci\u00f3n centroamericana a trav\u00e9s de M\u00e9xico\u201d, escribi\u00f3 en un correo electr\u00f3nico Arturo Sarukh\u00e1n, exembajador mexicano en Washington.<\/span><\/strong><\/h4>\n<h4 id=\"story-continues-20\" class=\"story-body-text story-content\" tabindex=\"-1\" data-para-count=\"287\" data-total-count=\"5178\" data-intl-total-words=\"788\"><strong><span style=\"color: #000000;\">\u201cPero que eso signifique que el presidente estadounidense est\u00e1 dispuesto a invertir de manera significativa diplom\u00e1tica y financieramente en Centroam\u00e9rica de las maneras en que L\u00f3pez Obrador cree que son posibles, es una propuesta completamente distinta\u201d, dijo Sarukh\u00e1n.<\/span><\/strong><\/h4>\n<h4 id=\"story-continues-21\" class=\"story-body-text story-content\" tabindex=\"-1\" data-para-count=\"286\" data-total-count=\"5464\" data-intl-total-words=\"832\"><strong><span style=\"color: #000000;\">Rafael Fern\u00e1ndez de Castro, director del Centro de Estudios Mexicanos en la Universidad de California en San Diego, dijo que los gestos amistosos entre Trump y L\u00f3pez Obrador son sorprendentes. Sin embargo, podr\u00edan sentar las bases para un amplio acuerdo sobre varios problemas, dijo.<\/span><\/strong><\/h4>\n<h4 id=\"story-continues-22\" class=\"story-body-text story-content\" tabindex=\"-1\" data-para-count=\"238\" data-total-count=\"5702\" data-intl-total-words=\"869\"><strong><span style=\"color: #000000;\">El primero es una renegociaci\u00f3n exitosa del TLCAN, que se ha estancado por demandas de Washington que ni Canad\u00e1 ni M\u00e9xico aceptar\u00e1n. Los asesores de L\u00f3pez Obrador dicen que seguir\u00e1n la estrategia de negociaci\u00f3n del gobierno actual.<\/span><\/strong><\/h4>\n<h4 id=\"story-continues-23\" class=\"story-body-text story-content\" tabindex=\"-1\" data-para-count=\"173\" data-total-count=\"5875\" data-intl-total-words=\"901\"><strong><span style=\"color: #000000;\">El segundo es un gran plan para invertir en Am\u00e9rica Central y en el sur de M\u00e9xico con el fin de abordar las causas subyacentes de la migraci\u00f3n, dijo Fern\u00e1ndez de Castro.<\/span><\/strong><\/h4>\n<h4 id=\"story-continues-24\" class=\"story-body-text story-content\" tabindex=\"-1\" data-para-count=\"261\" data-total-count=\"6136\" data-intl-total-words=\"939\"><strong><span style=\"color: #000000;\">El tercer problema es la petici\u00f3n de Washington para que M\u00e9xico acepte recibir a los solicitantes de asilo centroamericanos. M\u00e9xico necesitar\u00eda avanzar en las primeras dos condiciones para poder responder sobre el tercer problema, dijo Fern\u00e1ndez de Castro.<\/span><\/strong><\/h4>\n<h4 id=\"story-continues-25\" class=\"story-body-text story-content\" tabindex=\"-1\" data-para-count=\"197\" data-total-count=\"6333\" data-intl-total-words=\"965\"><strong><span style=\"color: #000000;\">\u201cSi pudieran alinearse esas tres cosas, podr\u00edamos estar hablando de una nueva relaci\u00f3n\u201d, dijo. \u201cHay mucho en juego y existe mucha incertidumbre porque Trump es mercurial\u201d.<\/span><\/strong><\/h4>\n<h4 id=\"story-continues-26\" class=\"story-body-text story-content\" tabindex=\"-1\" data-para-count=\"317\" data-total-count=\"6650\" data-intl-total-words=\"1013\"><strong><span style=\"color: #000000;\">Mark Feierstein, quien fue director s\u00e9nior de Asuntos del Hemisferio Occidental en el Consejo de Seguridad Nacional durante el gobierno de Obama, dijo que el equipo de Trump podr\u00eda encontrar puntos en com\u00fan con el pr\u00f3ximo gobierno mexicano sobre m\u00faltiples asuntos, especialmente sobre atacar la ra\u00edz del crimen.<\/span><\/strong><\/h4>\n<h4 id=\"story-continues-27\" class=\"story-body-text story-content\" tabindex=\"-1\" data-para-count=\"101\" data-total-count=\"6751\" data-intl-total-words=\"1024\"><strong><span style=\"color: #000000;\">\u201cSi quieren una presentaci\u00f3n exitosa, necesitan enfatizar esos puntos\u201d, dijo Feierstein.<\/span><\/strong><\/h4>\n<h4 id=\"story-continues-28\" class=\"story-body-text story-content\" tabindex=\"-1\" data-para-count=\"110\" data-total-count=\"6861\" data-intl-total-words=\"1040\"><strong><span style=\"color: #000000;\">Pero Sarukh\u00e1n, el exembajador, advirti\u00f3 que es poco probable que Trump abandone su ret\u00f3rica contra M\u00e9xico.<\/span><\/strong><\/h4>\n<h4 id=\"story-continues-29\" class=\"story-body-text story-content\" tabindex=\"-1\" data-para-count=\"342\" data-total-count=\"7203\" data-intl-total-words=\"1091\"><strong><span style=\"color: #000000;\">\u201cLa forma en que Trump elija hablar sobre M\u00e9xico y responderle a su pr\u00f3xima contraparte mexicana en los meses que vienen ser\u00e1 determinante para saber si la relaci\u00f3n bilateral podr\u00e1 restablecerse o no\u201d, dijo Sarukh\u00e1n. \u201cPor lo que hemos visto de este presidente de Estados Unidos, no apostar\u00eda mucho al respecto\u201d.<\/span><\/strong><\/h4>\n<\/div>\n<\/div>\n","protected":false},"excerpt":{"rendered":"<p>El secretario del Tesoro estadounidense, Steven Mnuchin; el ganador de las elecciones presidenciales mexicanas, Andr\u00e9s Manuel L\u00f3pez Obrador, y el secretario de Estado Mike Pompeo, en Ciudad de M\u00e9xico\u00a0CreditCarlos Jasso\/Reuters Fuente: https:\/\/www.nytimes.com \/ Elisabeth&#46;&#46;&#46;<\/p>\n","protected":false},"author":30,"featured_media":5368,"comment_status":"open","ping_status":"open","sticky":false,"template":"","format":"standard","meta":{"_acf_changed":false,"rop_custom_images_group":[],"rop_custom_messages_group":[],"rop_publish_now":"initial","rop_publish_now_accounts":{"twitter_242054905_242054905":""},"rop_publish_now_history":[],"rop_publish_now_status":"pending","footnotes":""},"categories":[3],"tags":[755,262,163,756,139],"class_list":["post-5367","post","type-post","status-publish","format-standard","has-post-thumbnail","hentry","category-politica","tag-gobierno-de-eeuu","tag-lopez-obrador","tag-mexico","tag-mike-pompeo","tag-steven-mnuchin"],"acf":[],"yoast_head":"<!-- This site is optimized with the Yoast SEO Premium plugin v24.9 (Yoast SEO v27.2) - https:\/\/yoast.com\/product\/yoast-seo-premium-wordpress\/ -->\n<title>L\u00f3pez Obrador y el gobierno de EE. UU. buscan \u2018\u00e1reas de entendimiento\u2019 - Texas | Noti-America.com<\/title>\n<meta name=\"robots\" content=\"index, follow, max-snippet:-1, max-image-preview:large, max-video-preview:-1\" \/>\n<link rel=\"canonical\" href=\"https:\/\/noti-america.com\/site\/texas\/2018\/07\/16\/lopez-obrador-y-el-gobierno-de-ee-uu-buscan-areas-de-entendimiento\/\" \/>\n<meta property=\"og:locale\" content=\"es_ES\" \/>\n<meta property=\"og:type\" content=\"article\" \/>\n<meta property=\"og:title\" content=\"L\u00f3pez Obrador y el gobierno de EE. UU. buscan \u2018\u00e1reas de entendimiento\u2019\" \/>\n<meta property=\"og:description\" content=\"El secretario del Tesoro estadounidense, Steven Mnuchin; el ganador de las elecciones presidenciales mexicanas, Andr\u00e9s Manuel L\u00f3pez Obrador, y el secretario de Estado Mike Pompeo, en Ciudad de M\u00e9xico\u00a0CreditCarlos Jasso\/Reuters Fuente: https:\/\/www.nytimes.com \/ Elisabeth&#046;&#046;&#046;\" \/>\n<meta property=\"og:url\" content=\"https:\/\/noti-america.com\/site\/texas\/2018\/07\/16\/lopez-obrador-y-el-gobierno-de-ee-uu-buscan-areas-de-entendimiento\/\" \/>\n<meta property=\"og:site_name\" content=\"Texas | Noti-America.com\" \/>\n<meta property=\"article:published_time\" content=\"2018-07-16T10:57:34+00:00\" \/>\n<meta property=\"og:image\" content=\"https:\/\/noti-america.com\/site\/texas\/wp-content\/uploads\/sites\/4\/2018\/07\/L\u00f3pez-Obrador-y.jpg\" \/>\n\t<meta property=\"og:image:width\" content=\"1050\" \/>\n\t<meta property=\"og:image:height\" content=\"700\" \/>\n\t<meta property=\"og:image:type\" content=\"image\/jpeg\" \/>\n<meta name=\"author\" content=\"Redacci\u00f3n NA-TX\" \/>\n<meta name=\"twitter:card\" content=\"summary_large_image\" \/>\n<meta name=\"twitter:label1\" content=\"Escrito por\" \/>\n\t<meta name=\"twitter:data1\" content=\"Redacci\u00f3n NA-TX\" \/>\n\t<meta name=\"twitter:label2\" content=\"Tiempo estimado de lectura\" \/>\n\t<meta name=\"twitter:data2\" content=\"6 minutos\" \/>\n<script type=\"application\/ld+json\" class=\"yoast-schema-graph\">{\"@context\":\"https:\/\/schema.org\",\"@graph\":[{\"@type\":\"Article\",\"@id\":\"https:\/\/noti-america.com\/site\/texas\/2018\/07\/16\/lopez-obrador-y-el-gobierno-de-ee-uu-buscan-areas-de-entendimiento\/#article\",\"isPartOf\":{\"@id\":\"https:\/\/noti-america.com\/site\/texas\/2018\/07\/16\/lopez-obrador-y-el-gobierno-de-ee-uu-buscan-areas-de-entendimiento\/\"},\"author\":{\"name\":\"Redacci\u00f3n NA-TX\",\"@id\":\"https:\/\/noti-america.com\/site\/texas\/#\/schema\/person\/ae305e0187703594d7e273941bdc7f76\"},\"headline\":\"L\u00f3pez Obrador y el gobierno de EE. UU. buscan \u2018\u00e1reas de entendimiento\u2019\",\"datePublished\":\"2018-07-16T10:57:34+00:00\",\"mainEntityOfPage\":{\"@id\":\"https:\/\/noti-america.com\/site\/texas\/2018\/07\/16\/lopez-obrador-y-el-gobierno-de-ee-uu-buscan-areas-de-entendimiento\/\"},\"wordCount\":1263,\"commentCount\":0,\"publisher\":{\"@id\":\"https:\/\/noti-america.com\/site\/texas\/#organization\"},\"image\":{\"@id\":\"https:\/\/noti-america.com\/site\/texas\/2018\/07\/16\/lopez-obrador-y-el-gobierno-de-ee-uu-buscan-areas-de-entendimiento\/#primaryimage\"},\"thumbnailUrl\":\"https:\/\/noti-america.com\/site\/texas\/wp-content\/uploads\/sites\/4\/2018\/07\/L\u00f3pez-Obrador-y.jpg\",\"keywords\":[\"Gobierno de EEUU\",\"L\u00f3pez Obrador\",\"M\u00e9xico\",\"Mike Pompeo\",\"Steven Mnuchin\"],\"articleSection\":[\"Pol\u00edtica\"],\"inLanguage\":\"es\",\"potentialAction\":[{\"@type\":\"CommentAction\",\"name\":\"Comment\",\"target\":[\"https:\/\/noti-america.com\/site\/texas\/2018\/07\/16\/lopez-obrador-y-el-gobierno-de-ee-uu-buscan-areas-de-entendimiento\/#respond\"]}]},{\"@type\":\"WebPage\",\"@id\":\"https:\/\/noti-america.com\/site\/texas\/2018\/07\/16\/lopez-obrador-y-el-gobierno-de-ee-uu-buscan-areas-de-entendimiento\/\",\"url\":\"https:\/\/noti-america.com\/site\/texas\/2018\/07\/16\/lopez-obrador-y-el-gobierno-de-ee-uu-buscan-areas-de-entendimiento\/\",\"name\":\"L\u00f3pez Obrador y el gobierno de EE. UU. buscan \u2018\u00e1reas de entendimiento\u2019 - Texas | Noti-America.com\",\"isPartOf\":{\"@id\":\"https:\/\/noti-america.com\/site\/texas\/#website\"},\"primaryImageOfPage\":{\"@id\":\"https:\/\/noti-america.com\/site\/texas\/2018\/07\/16\/lopez-obrador-y-el-gobierno-de-ee-uu-buscan-areas-de-entendimiento\/#primaryimage\"},\"image\":{\"@id\":\"https:\/\/noti-america.com\/site\/texas\/2018\/07\/16\/lopez-obrador-y-el-gobierno-de-ee-uu-buscan-areas-de-entendimiento\/#primaryimage\"},\"thumbnailUrl\":\"https:\/\/noti-america.com\/site\/texas\/wp-content\/uploads\/sites\/4\/2018\/07\/L\u00f3pez-Obrador-y.jpg\",\"datePublished\":\"2018-07-16T10:57:34+00:00\",\"breadcrumb\":{\"@id\":\"https:\/\/noti-america.com\/site\/texas\/2018\/07\/16\/lopez-obrador-y-el-gobierno-de-ee-uu-buscan-areas-de-entendimiento\/#breadcrumb\"},\"inLanguage\":\"es\",\"potentialAction\":[{\"@type\":\"ReadAction\",\"target\":[\"https:\/\/noti-america.com\/site\/texas\/2018\/07\/16\/lopez-obrador-y-el-gobierno-de-ee-uu-buscan-areas-de-entendimiento\/\"]}]},{\"@type\":\"ImageObject\",\"inLanguage\":\"es\",\"@id\":\"https:\/\/noti-america.com\/site\/texas\/2018\/07\/16\/lopez-obrador-y-el-gobierno-de-ee-uu-buscan-areas-de-entendimiento\/#primaryimage\",\"url\":\"https:\/\/noti-america.com\/site\/texas\/wp-content\/uploads\/sites\/4\/2018\/07\/L\u00f3pez-Obrador-y.jpg\",\"contentUrl\":\"https:\/\/noti-america.com\/site\/texas\/wp-content\/uploads\/sites\/4\/2018\/07\/L\u00f3pez-Obrador-y.jpg\",\"width\":1050,\"height\":700},{\"@type\":\"BreadcrumbList\",\"@id\":\"https:\/\/noti-america.com\/site\/texas\/2018\/07\/16\/lopez-obrador-y-el-gobierno-de-ee-uu-buscan-areas-de-entendimiento\/#breadcrumb\",\"itemListElement\":[{\"@type\":\"ListItem\",\"position\":1,\"name\":\"Portada\",\"item\":\"https:\/\/noti-america.com\/site\/texas\/\"},{\"@type\":\"ListItem\",\"position\":2,\"name\":\"L\u00f3pez Obrador y el gobierno de EE. UU. buscan \u2018\u00e1reas de entendimiento\u2019\"}]},{\"@type\":\"WebSite\",\"@id\":\"https:\/\/noti-america.com\/site\/texas\/#website\",\"url\":\"https:\/\/noti-america.com\/site\/texas\/\",\"name\":\"Texas | Noti-America.com\",\"description\":\"\",\"publisher\":{\"@id\":\"https:\/\/noti-america.com\/site\/texas\/#organization\"},\"potentialAction\":[{\"@type\":\"SearchAction\",\"target\":{\"@type\":\"EntryPoint\",\"urlTemplate\":\"https:\/\/noti-america.com\/site\/texas\/?s={search_term_string}\"},\"query-input\":{\"@type\":\"PropertyValueSpecification\",\"valueRequired\":true,\"valueName\":\"search_term_string\"}}],\"inLanguage\":\"es\"},{\"@type\":\"Organization\",\"@id\":\"https:\/\/noti-america.com\/site\/texas\/#organization\",\"name\":\"Noti-America LLC | Texas-USA\",\"url\":\"https:\/\/noti-america.com\/site\/texas\/\",\"logo\":{\"@type\":\"ImageObject\",\"inLanguage\":\"es\",\"@id\":\"https:\/\/noti-america.com\/site\/texas\/#\/schema\/logo\/image\/\",\"url\":\"https:\/\/noti-america.com\/site\/us-tx\/wp-content\/uploads\/sites\/4\/2020\/07\/LogoNA-4x3-1.jpg\",\"contentUrl\":\"https:\/\/noti-america.com\/site\/us-tx\/wp-content\/uploads\/sites\/4\/2020\/07\/LogoNA-4x3-1.jpg\",\"width\":1236,\"height\":1080,\"caption\":\"Noti-America LLC | Texas-USA\"},\"image\":{\"@id\":\"https:\/\/noti-america.com\/site\/texas\/#\/schema\/logo\/image\/\"}},{\"@type\":\"Person\",\"@id\":\"https:\/\/noti-america.com\/site\/texas\/#\/schema\/person\/ae305e0187703594d7e273941bdc7f76\",\"name\":\"Redacci\u00f3n NA-TX\",\"image\":{\"@type\":\"ImageObject\",\"inLanguage\":\"es\",\"@id\":\"https:\/\/secure.gravatar.com\/avatar\/1ede8345cc79df032062efa286d5b99b0e4e5bd13e51f7cb031f715a3a43b386?s=96&d=mm&r=g\",\"url\":\"https:\/\/secure.gravatar.com\/avatar\/1ede8345cc79df032062efa286d5b99b0e4e5bd13e51f7cb031f715a3a43b386?s=96&d=mm&r=g\",\"contentUrl\":\"https:\/\/secure.gravatar.com\/avatar\/1ede8345cc79df032062efa286d5b99b0e4e5bd13e51f7cb031f715a3a43b386?s=96&d=mm&r=g\",\"caption\":\"Redacci\u00f3n NA-TX\"},\"url\":\"https:\/\/noti-america.com\/site\/texas\/author\/redacciontx\/\"}]}<\/script>\n<!-- \/ Yoast SEO Premium plugin. -->","yoast_head_json":{"title":"L\u00f3pez Obrador y el gobierno de EE. UU. buscan \u2018\u00e1reas de entendimiento\u2019 - Texas | Noti-America.com","robots":{"index":"index","follow":"follow","max-snippet":"max-snippet:-1","max-image-preview":"max-image-preview:large","max-video-preview":"max-video-preview:-1"},"canonical":"https:\/\/noti-america.com\/site\/texas\/2018\/07\/16\/lopez-obrador-y-el-gobierno-de-ee-uu-buscan-areas-de-entendimiento\/","og_locale":"es_ES","og_type":"article","og_title":"L\u00f3pez Obrador y el gobierno de EE. UU. buscan \u2018\u00e1reas de entendimiento\u2019","og_description":"El secretario del Tesoro estadounidense, Steven Mnuchin; el ganador de las elecciones presidenciales mexicanas, Andr\u00e9s Manuel L\u00f3pez Obrador, y el secretario de Estado Mike Pompeo, en Ciudad de M\u00e9xico\u00a0CreditCarlos Jasso\/Reuters Fuente: https:\/\/www.nytimes.com \/ Elisabeth&#46;&#46;&#46;","og_url":"https:\/\/noti-america.com\/site\/texas\/2018\/07\/16\/lopez-obrador-y-el-gobierno-de-ee-uu-buscan-areas-de-entendimiento\/","og_site_name":"Texas | Noti-America.com","article_published_time":"2018-07-16T10:57:34+00:00","og_image":[{"width":1050,"height":700,"url":"https:\/\/noti-america.com\/site\/texas\/wp-content\/uploads\/sites\/4\/2018\/07\/L\u00f3pez-Obrador-y.jpg","type":"image\/jpeg"}],"author":"Redacci\u00f3n NA-TX","twitter_card":"summary_large_image","twitter_misc":{"Escrito por":"Redacci\u00f3n NA-TX","Tiempo estimado de lectura":"6 minutos"},"schema":{"@context":"https:\/\/schema.org","@graph":[{"@type":"Article","@id":"https:\/\/noti-america.com\/site\/texas\/2018\/07\/16\/lopez-obrador-y-el-gobierno-de-ee-uu-buscan-areas-de-entendimiento\/#article","isPartOf":{"@id":"https:\/\/noti-america.com\/site\/texas\/2018\/07\/16\/lopez-obrador-y-el-gobierno-de-ee-uu-buscan-areas-de-entendimiento\/"},"author":{"name":"Redacci\u00f3n NA-TX","@id":"https:\/\/noti-america.com\/site\/texas\/#\/schema\/person\/ae305e0187703594d7e273941bdc7f76"},"headline":"L\u00f3pez Obrador y el gobierno de EE. UU. buscan \u2018\u00e1reas de entendimiento\u2019","datePublished":"2018-07-16T10:57:34+00:00","mainEntityOfPage":{"@id":"https:\/\/noti-america.com\/site\/texas\/2018\/07\/16\/lopez-obrador-y-el-gobierno-de-ee-uu-buscan-areas-de-entendimiento\/"},"wordCount":1263,"commentCount":0,"publisher":{"@id":"https:\/\/noti-america.com\/site\/texas\/#organization"},"image":{"@id":"https:\/\/noti-america.com\/site\/texas\/2018\/07\/16\/lopez-obrador-y-el-gobierno-de-ee-uu-buscan-areas-de-entendimiento\/#primaryimage"},"thumbnailUrl":"https:\/\/noti-america.com\/site\/texas\/wp-content\/uploads\/sites\/4\/2018\/07\/L\u00f3pez-Obrador-y.jpg","keywords":["Gobierno de EEUU","L\u00f3pez Obrador","M\u00e9xico","Mike Pompeo","Steven Mnuchin"],"articleSection":["Pol\u00edtica"],"inLanguage":"es","potentialAction":[{"@type":"CommentAction","name":"Comment","target":["https:\/\/noti-america.com\/site\/texas\/2018\/07\/16\/lopez-obrador-y-el-gobierno-de-ee-uu-buscan-areas-de-entendimiento\/#respond"]}]},{"@type":"WebPage","@id":"https:\/\/noti-america.com\/site\/texas\/2018\/07\/16\/lopez-obrador-y-el-gobierno-de-ee-uu-buscan-areas-de-entendimiento\/","url":"https:\/\/noti-america.com\/site\/texas\/2018\/07\/16\/lopez-obrador-y-el-gobierno-de-ee-uu-buscan-areas-de-entendimiento\/","name":"L\u00f3pez Obrador y el gobierno de EE. UU. buscan \u2018\u00e1reas de entendimiento\u2019 - Texas | Noti-America.com","isPartOf":{"@id":"https:\/\/noti-america.com\/site\/texas\/#website"},"primaryImageOfPage":{"@id":"https:\/\/noti-america.com\/site\/texas\/2018\/07\/16\/lopez-obrador-y-el-gobierno-de-ee-uu-buscan-areas-de-entendimiento\/#primaryimage"},"image":{"@id":"https:\/\/noti-america.com\/site\/texas\/2018\/07\/16\/lopez-obrador-y-el-gobierno-de-ee-uu-buscan-areas-de-entendimiento\/#primaryimage"},"thumbnailUrl":"https:\/\/noti-america.com\/site\/texas\/wp-content\/uploads\/sites\/4\/2018\/07\/L\u00f3pez-Obrador-y.jpg","datePublished":"2018-07-16T10:57:34+00:00","breadcrumb":{"@id":"https:\/\/noti-america.com\/site\/texas\/2018\/07\/16\/lopez-obrador-y-el-gobierno-de-ee-uu-buscan-areas-de-entendimiento\/#breadcrumb"},"inLanguage":"es","potentialAction":[{"@type":"ReadAction","target":["https:\/\/noti-america.com\/site\/texas\/2018\/07\/16\/lopez-obrador-y-el-gobierno-de-ee-uu-buscan-areas-de-entendimiento\/"]}]},{"@type":"ImageObject","inLanguage":"es","@id":"https:\/\/noti-america.com\/site\/texas\/2018\/07\/16\/lopez-obrador-y-el-gobierno-de-ee-uu-buscan-areas-de-entendimiento\/#primaryimage","url":"https:\/\/noti-america.com\/site\/texas\/wp-content\/uploads\/sites\/4\/2018\/07\/L\u00f3pez-Obrador-y.jpg","contentUrl":"https:\/\/noti-america.com\/site\/texas\/wp-content\/uploads\/sites\/4\/2018\/07\/L\u00f3pez-Obrador-y.jpg","width":1050,"height":700},{"@type":"BreadcrumbList","@id":"https:\/\/noti-america.com\/site\/texas\/2018\/07\/16\/lopez-obrador-y-el-gobierno-de-ee-uu-buscan-areas-de-entendimiento\/#breadcrumb","itemListElement":[{"@type":"ListItem","position":1,"name":"Portada","item":"https:\/\/noti-america.com\/site\/texas\/"},{"@type":"ListItem","position":2,"name":"L\u00f3pez Obrador y el gobierno de EE. UU. buscan \u2018\u00e1reas de entendimiento\u2019"}]},{"@type":"WebSite","@id":"https:\/\/noti-america.com\/site\/texas\/#website","url":"https:\/\/noti-america.com\/site\/texas\/","name":"Texas | Noti-America.com","description":"","publisher":{"@id":"https:\/\/noti-america.com\/site\/texas\/#organization"},"potentialAction":[{"@type":"SearchAction","target":{"@type":"EntryPoint","urlTemplate":"https:\/\/noti-america.com\/site\/texas\/?s={search_term_string}"},"query-input":{"@type":"PropertyValueSpecification","valueRequired":true,"valueName":"search_term_string"}}],"inLanguage":"es"},{"@type":"Organization","@id":"https:\/\/noti-america.com\/site\/texas\/#organization","name":"Noti-America LLC | Texas-USA","url":"https:\/\/noti-america.com\/site\/texas\/","logo":{"@type":"ImageObject","inLanguage":"es","@id":"https:\/\/noti-america.com\/site\/texas\/#\/schema\/logo\/image\/","url":"https:\/\/noti-america.com\/site\/us-tx\/wp-content\/uploads\/sites\/4\/2020\/07\/LogoNA-4x3-1.jpg","contentUrl":"https:\/\/noti-america.com\/site\/us-tx\/wp-content\/uploads\/sites\/4\/2020\/07\/LogoNA-4x3-1.jpg","width":1236,"height":1080,"caption":"Noti-America LLC | Texas-USA"},"image":{"@id":"https:\/\/noti-america.com\/site\/texas\/#\/schema\/logo\/image\/"}},{"@type":"Person","@id":"https:\/\/noti-america.com\/site\/texas\/#\/schema\/person\/ae305e0187703594d7e273941bdc7f76","name":"Redacci\u00f3n NA-TX","image":{"@type":"ImageObject","inLanguage":"es","@id":"https:\/\/secure.gravatar.com\/avatar\/1ede8345cc79df032062efa286d5b99b0e4e5bd13e51f7cb031f715a3a43b386?s=96&d=mm&r=g","url":"https:\/\/secure.gravatar.com\/avatar\/1ede8345cc79df032062efa286d5b99b0e4e5bd13e51f7cb031f715a3a43b386?s=96&d=mm&r=g","contentUrl":"https:\/\/secure.gravatar.com\/avatar\/1ede8345cc79df032062efa286d5b99b0e4e5bd13e51f7cb031f715a3a43b386?s=96&d=mm&r=g","caption":"Redacci\u00f3n NA-TX"},"url":"https:\/\/noti-america.com\/site\/texas\/author\/redacciontx\/"}]}},"_links":{"self":[{"href":"https:\/\/noti-america.com\/site\/texas\/wp-json\/wp\/v2\/posts\/5367","targetHints":{"allow":["GET"]}}],"collection":[{"href":"https:\/\/noti-america.com\/site\/texas\/wp-json\/wp\/v2\/posts"}],"about":[{"href":"https:\/\/noti-america.com\/site\/texas\/wp-json\/wp\/v2\/types\/post"}],"author":[{"embeddable":true,"href":"https:\/\/noti-america.com\/site\/texas\/wp-json\/wp\/v2\/users\/30"}],"replies":[{"embeddable":true,"href":"https:\/\/noti-america.com\/site\/texas\/wp-json\/wp\/v2\/comments?post=5367"}],"version-history":[{"count":2,"href":"https:\/\/noti-america.com\/site\/texas\/wp-json\/wp\/v2\/posts\/5367\/revisions"}],"predecessor-version":[{"id":5387,"href":"https:\/\/noti-america.com\/site\/texas\/wp-json\/wp\/v2\/posts\/5367\/revisions\/5387"}],"wp:featuredmedia":[{"embeddable":true,"href":"https:\/\/noti-america.com\/site\/texas\/wp-json\/wp\/v2\/media\/5368"}],"wp:attachment":[{"href":"https:\/\/noti-america.com\/site\/texas\/wp-json\/wp\/v2\/media?parent=5367"}],"wp:term":[{"taxonomy":"category","embeddable":true,"href":"https:\/\/noti-america.com\/site\/texas\/wp-json\/wp\/v2\/categories?post=5367"},{"taxonomy":"post_tag","embeddable":true,"href":"https:\/\/noti-america.com\/site\/texas\/wp-json\/wp\/v2\/tags?post=5367"}],"curies":[{"name":"wp","href":"https:\/\/api.w.org\/{rel}","templated":true}]}}