{"id":4551,"date":"2018-06-28T05:49:09","date_gmt":"2018-06-28T10:49:09","guid":{"rendered":"http:\/\/noti-america.com\/site\/us-tx\/?p=4551"},"modified":"2018-06-28T05:49:09","modified_gmt":"2018-06-28T10:49:09","slug":"pence-le-dice-a-los-centroamericanos-no-arriesguen-sus-vidas-por-entrar-a-ee-uu","status":"publish","type":"post","link":"https:\/\/noti-america.com\/site\/texas\/2018\/06\/28\/pence-le-dice-a-los-centroamericanos-no-arriesguen-sus-vidas-por-entrar-a-ee-uu\/","title":{"rendered":"Pence le dice a los centroamericanos: \u00abno arriesguen sus vidas\u00bb por entrar a EE.UU."},"content":{"rendered":"<div class=\"trb_ar_main\">\n<div class=\"trb_ar_la\">\n<aside class=\"trb_em trb_embed\" data-content-id=\"99616472\" data-content-size=\"leadart\" data-content-type=\"image\" data-content-slug=\"efe-3662730-14336255w-20180626\" data-content-subtype=\"photo\" data-role=\"sc_item imgsize_ratiosizecontainer\" data-state=\"\">\n<div class=\"trb_em_m\">\n<figure class=\"trb_em_ic_figure\" data-role=\"imgsize_item\"><img class=\"trb_em_ic_img aligncenter\" title=\"Pence le dice a los centroamericanos: &quot;no arriesguen sus vidas&quot; por entrar a EE.UU.\" sizes=\"(min-width: 1260px) 750px, (min-width: 1060px) calc(100vw - 559px), (min-width: 840px) calc(100vw - 419px), (min-width: 800px) 800px, 100.1vw\" srcset=\"http:\/\/www.trbimg.com\/img-5b32abd0\/turbine\/efe-3662730-14336255w-20180626\/350\/350x197 350w, http:\/\/www.trbimg.com\/img-5b32abd0\/turbine\/efe-3662730-14336255w-20180626\/400\/400x225 400w, http:\/\/www.trbimg.com\/img-5b32abd0\/turbine\/efe-3662730-14336255w-20180626\/450\/450x253 450w, http:\/\/www.trbimg.com\/img-5b32abd0\/turbine\/efe-3662730-14336255w-20180626\/500\/500x281 500w, http:\/\/www.trbimg.com\/img-5b32abd0\/turbine\/efe-3662730-14336255w-20180626\/550\/550x309 550w, http:\/\/www.trbimg.com\/img-5b32abd0\/turbine\/efe-3662730-14336255w-20180626\/600\/600x338 600w, http:\/\/www.trbimg.com\/img-5b32abd0\/turbine\/efe-3662730-14336255w-20180626\/650\/650x366 650w, http:\/\/www.trbimg.com\/img-5b32abd0\/turbine\/efe-3662730-14336255w-20180626\/700\/700x394 700w, http:\/\/www.trbimg.com\/img-5b32abd0\/turbine\/efe-3662730-14336255w-20180626\/750\/750x422 750w, http:\/\/www.trbimg.com\/img-5b32abd0\/turbine\/efe-3662730-14336255w-20180626\/800\/800x450 800w\" alt=\"Pence le dice a los centroamericanos: &quot;no arriesguen sus vidas&quot; por entrar a EE.UU.\" data-baseurl=\"http:\/\/www.trbimg.com\/img-5b32abd0\/turbine\/efe-3662730-14336255w-20180626\" data-c-nd=\"800x533\" data-role=\"imgsize_srcsetdisplayitem\" \/><\/figure>\n<div class=\"trb_em_r\" style=\"text-align: center;\" data-role=\"lightbox_metadata\">\n<div class=\"trb_em_r_cc\">\n<h5>El vicepresidente de Estados Unidos Mike Pence (d) se re\u00fane con el presidente de Brasil Michel Temer (fuera de cuadro) en el Palacio presidencial de Planalto, en Brasilia (Brasil). EFE<\/h5>\n<\/div>\n<\/div>\n<\/div>\n<\/aside>\n<\/div>\n<div>\n<div class=\"trb_ar_by\"><\/div>\n<div class=\"trb_ar_dateline\"><em><strong><time class=\"trb_ar_dateline_time\" datetime=\"2018-06-26T14:11:00PDT\" data-dt=\"June 26, 2018, 2:11 PM\"><\/time>Fuente:\u00a0\u00a0http:\/\/www.sandiegouniontribune.com<\/strong><\/em><\/div>\n<\/div>\n<div class=\"trb_ar_bd\">\n<div class=\"trb_ar_page\" data-role=\"pagination_page\" data-content-page=\"1\">\n<h5>El vicepresidente de EE.UU., Mike Pence, envi\u00f3 hoy un mensaje a los centroamericanos desde Brasilia y pidi\u00f3 que \u00abno arriesguen sus vidas o las de sus hijos\u00bb intentando llegar a Estados Unidos por medio de traficantes de personas.<\/h5>\n<h5>\u00abSi no tienen condiciones de entrar legalmente, no vengan. Si les dicen que pueden llevar a sus hijos a Estados Unidos, no les crean. Construyan sus vidas en sus patrias\u00bb, declar\u00f3 Pence junto al jefe de Estado brasile\u00f1o, Michel Temer, quien le recibi\u00f3 hoy en Brasilia.<\/h5>\n<h5>En ese mensaje dirigido al \u00abpueblo de Am\u00e9rica Central\u00bb, Pence dijo que hablaba \u00abdesde el coraz\u00f3n del pueblo americano\u00bb y de un pa\u00eds que desea que sus vecinos y sus ciudadanos \u00abprosperen\u00bb, pero que es necesario crear las condiciones necesarias para que lo hagan en sus propias naciones.<\/h5>\n<h5>\u00abTenemos que garantizar que todos los pa\u00edses de la regi\u00f3n puedan prosperar en su propia casa\u00bb, pero \u00ablamentablemente muchas personas de Am\u00e9rica Central viajan hacia Estados Unidos de forma ilegal\u00bb y \u00abcreen enga\u00f1osamente que podr\u00e1n entrar\u00bb, declar\u00f3.<\/h5>\n<h5>Seg\u00fan el vicepresidente, \u00abas\u00ed como Estados Unidos respeta las soberan\u00edas de otros pa\u00edses, exige que respeten la suya\u00bb.<\/h5>\n<figure class=\"trb_em_ic_figure\" data-role=\"imgsize_item\"><img decoding=\"async\" class=\"trb_em_ic_img alignright\" title=\"M\u00e1s donaciones y voluntarios para familias separadas en EEUU\" src=\"http:\/\/www.trbimg.com\/img-5b31d849\/turbine\/hoyla-mas-donaciones-y-voluntarios-para-familias-separadas-en-eeuu-20180625\/400\/400x225\" alt=\"M\u00e1s donaciones y voluntarios para familias separadas en EEUU\" data-baseurl=\"http:\/\/www.trbimg.com\/img-5b31d849\/turbine\/hoyla-mas-donaciones-y-voluntarios-para-familias-separadas-en-eeuu-20180625\" data-c-nd=\"2048x1536\" \/><\/figure>\n<div class=\"trb_em_r\" data-role=\"lightbox_metadata\"><\/div>\n<h5>Pence aludi\u00f3 a la delicada situaci\u00f3n creada por la separaci\u00f3n de los hijos de los inmigrantes ilegales detenidos y garantiz\u00f3 que el Gobierno de Donald Trump \u00abtrabaja para unir a las familias\u00bb, entre ellas las brasile\u00f1as, calculadas en unas cincuenta y con ni\u00f1os separados de sus padres entre ellos.<\/h5>\n<h5>A pesar de la ola de cr\u00edticas que recibi\u00f3 Estados Unidos por la separaci\u00f3n de los ni\u00f1os de sus padres, Pence afirm\u00f3 que su pa\u00eds es \u00abel hogar que m\u00e1s recibe positivamente a los inmigrantes\u00bb y subray\u00f3 que eso est\u00e1 en el propio origen de la naci\u00f3n.<\/h5>\n<h5>Pero tambi\u00e9n asegur\u00f3 que Estados Unidos \u00abse enorgullece de ser un pa\u00eds que respeta fronteras y cumple la ley\u00bb.<\/h5>\n<\/div>\n<\/div>\n<\/div>\n","protected":false},"excerpt":{"rendered":"<p>El vicepresidente de Estados Unidos Mike Pence (d) se re\u00fane con el presidente de Brasil Michel Temer (fuera de cuadro) en el Palacio presidencial de Planalto, en Brasilia (Brasil). EFE Fuente:\u00a0\u00a0http:\/\/www.sandiegouniontribune.com El vicepresidente de&#46;&#46;&#46;<\/p>\n","protected":false},"author":30,"featured_media":4552,"comment_status":"open","ping_status":"open","sticky":false,"template":"","format":"standard","meta":{"_acf_changed":false,"rop_custom_images_group":[],"rop_custom_messages_group":[],"rop_publish_now":"initial","rop_publish_now_accounts":{"twitter_242054905_242054905":""},"rop_publish_now_history":[],"rop_publish_now_status":"pending","footnotes":""},"categories":[3],"tags":[601,209,600],"class_list":["post-4551","post","type-post","status-publish","format-standard","has-post-thumbnail","hentry","category-politica","tag-centroamericanos","tag-eeuu","tag-pence"],"acf":[],"yoast_head":"<!-- This site is optimized with the Yoast SEO Premium plugin v24.9 (Yoast SEO v27.2) - https:\/\/yoast.com\/product\/yoast-seo-premium-wordpress\/ -->\n<title>Pence le dice a los centroamericanos: &quot;no arriesguen sus vidas&quot; por entrar a EE.UU. - Texas | Noti-America.com<\/title>\n<meta name=\"robots\" content=\"index, follow, max-snippet:-1, max-image-preview:large, max-video-preview:-1\" \/>\n<link rel=\"canonical\" href=\"https:\/\/noti-america.com\/site\/texas\/2018\/06\/28\/pence-le-dice-a-los-centroamericanos-no-arriesguen-sus-vidas-por-entrar-a-ee-uu\/\" \/>\n<meta property=\"og:locale\" content=\"es_ES\" \/>\n<meta property=\"og:type\" content=\"article\" \/>\n<meta property=\"og:title\" content=\"Pence le dice a los centroamericanos: &quot;no arriesguen sus vidas&quot; por entrar a EE.UU.\" \/>\n<meta property=\"og:description\" content=\"El vicepresidente de Estados Unidos Mike Pence (d) se re\u00fane con el presidente de Brasil Michel Temer (fuera de cuadro) en el Palacio presidencial de Planalto, en Brasilia (Brasil). EFE Fuente:\u00a0\u00a0http:\/\/www.sandiegouniontribune.com El vicepresidente de&#046;&#046;&#046;\" \/>\n<meta property=\"og:url\" content=\"https:\/\/noti-america.com\/site\/texas\/2018\/06\/28\/pence-le-dice-a-los-centroamericanos-no-arriesguen-sus-vidas-por-entrar-a-ee-uu\/\" \/>\n<meta property=\"og:site_name\" content=\"Texas | Noti-America.com\" \/>\n<meta property=\"article:published_time\" content=\"2018-06-28T10:49:09+00:00\" \/>\n<meta property=\"og:image\" content=\"https:\/\/noti-america.com\/site\/texas\/wp-content\/uploads\/sites\/4\/2018\/06\/Pence.jpg\" \/>\n\t<meta property=\"og:image:width\" content=\"700\" \/>\n\t<meta property=\"og:image:height\" content=\"394\" \/>\n\t<meta property=\"og:image:type\" content=\"image\/jpeg\" \/>\n<meta name=\"author\" content=\"Redacci\u00f3n NA-TX\" \/>\n<meta name=\"twitter:card\" content=\"summary_large_image\" \/>\n<meta name=\"twitter:label1\" content=\"Escrito por\" \/>\n\t<meta name=\"twitter:data1\" content=\"Redacci\u00f3n NA-TX\" \/>\n\t<meta name=\"twitter:label2\" content=\"Tiempo estimado de lectura\" \/>\n\t<meta name=\"twitter:data2\" content=\"2 minutos\" \/>\n<script type=\"application\/ld+json\" class=\"yoast-schema-graph\">{\"@context\":\"https:\/\/schema.org\",\"@graph\":[{\"@type\":\"Article\",\"@id\":\"https:\/\/noti-america.com\/site\/texas\/2018\/06\/28\/pence-le-dice-a-los-centroamericanos-no-arriesguen-sus-vidas-por-entrar-a-ee-uu\/#article\",\"isPartOf\":{\"@id\":\"https:\/\/noti-america.com\/site\/texas\/2018\/06\/28\/pence-le-dice-a-los-centroamericanos-no-arriesguen-sus-vidas-por-entrar-a-ee-uu\/\"},\"author\":{\"name\":\"Redacci\u00f3n NA-TX\",\"@id\":\"https:\/\/noti-america.com\/site\/texas\/#\/schema\/person\/ae305e0187703594d7e273941bdc7f76\"},\"headline\":\"Pence le dice a los centroamericanos: \u00abno arriesguen sus vidas\u00bb por entrar a EE.UU.\",\"datePublished\":\"2018-06-28T10:49:09+00:00\",\"mainEntityOfPage\":{\"@id\":\"https:\/\/noti-america.com\/site\/texas\/2018\/06\/28\/pence-le-dice-a-los-centroamericanos-no-arriesguen-sus-vidas-por-entrar-a-ee-uu\/\"},\"wordCount\":378,\"commentCount\":0,\"publisher\":{\"@id\":\"https:\/\/noti-america.com\/site\/texas\/#organization\"},\"image\":{\"@id\":\"https:\/\/noti-america.com\/site\/texas\/2018\/06\/28\/pence-le-dice-a-los-centroamericanos-no-arriesguen-sus-vidas-por-entrar-a-ee-uu\/#primaryimage\"},\"thumbnailUrl\":\"https:\/\/noti-america.com\/site\/texas\/wp-content\/uploads\/sites\/4\/2018\/06\/Pence.jpg\",\"keywords\":[\"centroamericanos\",\"EEUU\",\"Pence\"],\"articleSection\":[\"Pol\u00edtica\"],\"inLanguage\":\"es\",\"potentialAction\":[{\"@type\":\"CommentAction\",\"name\":\"Comment\",\"target\":[\"https:\/\/noti-america.com\/site\/texas\/2018\/06\/28\/pence-le-dice-a-los-centroamericanos-no-arriesguen-sus-vidas-por-entrar-a-ee-uu\/#respond\"]}]},{\"@type\":\"WebPage\",\"@id\":\"https:\/\/noti-america.com\/site\/texas\/2018\/06\/28\/pence-le-dice-a-los-centroamericanos-no-arriesguen-sus-vidas-por-entrar-a-ee-uu\/\",\"url\":\"https:\/\/noti-america.com\/site\/texas\/2018\/06\/28\/pence-le-dice-a-los-centroamericanos-no-arriesguen-sus-vidas-por-entrar-a-ee-uu\/\",\"name\":\"Pence le dice a los centroamericanos: \\\"no arriesguen sus vidas\\\" por entrar a EE.UU. - Texas | Noti-America.com\",\"isPartOf\":{\"@id\":\"https:\/\/noti-america.com\/site\/texas\/#website\"},\"primaryImageOfPage\":{\"@id\":\"https:\/\/noti-america.com\/site\/texas\/2018\/06\/28\/pence-le-dice-a-los-centroamericanos-no-arriesguen-sus-vidas-por-entrar-a-ee-uu\/#primaryimage\"},\"image\":{\"@id\":\"https:\/\/noti-america.com\/site\/texas\/2018\/06\/28\/pence-le-dice-a-los-centroamericanos-no-arriesguen-sus-vidas-por-entrar-a-ee-uu\/#primaryimage\"},\"thumbnailUrl\":\"https:\/\/noti-america.com\/site\/texas\/wp-content\/uploads\/sites\/4\/2018\/06\/Pence.jpg\",\"datePublished\":\"2018-06-28T10:49:09+00:00\",\"breadcrumb\":{\"@id\":\"https:\/\/noti-america.com\/site\/texas\/2018\/06\/28\/pence-le-dice-a-los-centroamericanos-no-arriesguen-sus-vidas-por-entrar-a-ee-uu\/#breadcrumb\"},\"inLanguage\":\"es\",\"potentialAction\":[{\"@type\":\"ReadAction\",\"target\":[\"https:\/\/noti-america.com\/site\/texas\/2018\/06\/28\/pence-le-dice-a-los-centroamericanos-no-arriesguen-sus-vidas-por-entrar-a-ee-uu\/\"]}]},{\"@type\":\"ImageObject\",\"inLanguage\":\"es\",\"@id\":\"https:\/\/noti-america.com\/site\/texas\/2018\/06\/28\/pence-le-dice-a-los-centroamericanos-no-arriesguen-sus-vidas-por-entrar-a-ee-uu\/#primaryimage\",\"url\":\"https:\/\/noti-america.com\/site\/texas\/wp-content\/uploads\/sites\/4\/2018\/06\/Pence.jpg\",\"contentUrl\":\"https:\/\/noti-america.com\/site\/texas\/wp-content\/uploads\/sites\/4\/2018\/06\/Pence.jpg\",\"width\":700,\"height\":394},{\"@type\":\"BreadcrumbList\",\"@id\":\"https:\/\/noti-america.com\/site\/texas\/2018\/06\/28\/pence-le-dice-a-los-centroamericanos-no-arriesguen-sus-vidas-por-entrar-a-ee-uu\/#breadcrumb\",\"itemListElement\":[{\"@type\":\"ListItem\",\"position\":1,\"name\":\"Portada\",\"item\":\"https:\/\/noti-america.com\/site\/texas\/\"},{\"@type\":\"ListItem\",\"position\":2,\"name\":\"Pence le dice a los centroamericanos: &#8220;no arriesguen sus vidas&#8221; por entrar a EE.UU.\"}]},{\"@type\":\"WebSite\",\"@id\":\"https:\/\/noti-america.com\/site\/texas\/#website\",\"url\":\"https:\/\/noti-america.com\/site\/texas\/\",\"name\":\"Texas | Noti-America.com\",\"description\":\"\",\"publisher\":{\"@id\":\"https:\/\/noti-america.com\/site\/texas\/#organization\"},\"potentialAction\":[{\"@type\":\"SearchAction\",\"target\":{\"@type\":\"EntryPoint\",\"urlTemplate\":\"https:\/\/noti-america.com\/site\/texas\/?s={search_term_string}\"},\"query-input\":{\"@type\":\"PropertyValueSpecification\",\"valueRequired\":true,\"valueName\":\"search_term_string\"}}],\"inLanguage\":\"es\"},{\"@type\":\"Organization\",\"@id\":\"https:\/\/noti-america.com\/site\/texas\/#organization\",\"name\":\"Noti-America LLC | Texas-USA\",\"url\":\"https:\/\/noti-america.com\/site\/texas\/\",\"logo\":{\"@type\":\"ImageObject\",\"inLanguage\":\"es\",\"@id\":\"https:\/\/noti-america.com\/site\/texas\/#\/schema\/logo\/image\/\",\"url\":\"https:\/\/noti-america.com\/site\/us-tx\/wp-content\/uploads\/sites\/4\/2020\/07\/LogoNA-4x3-1.jpg\",\"contentUrl\":\"https:\/\/noti-america.com\/site\/us-tx\/wp-content\/uploads\/sites\/4\/2020\/07\/LogoNA-4x3-1.jpg\",\"width\":1236,\"height\":1080,\"caption\":\"Noti-America LLC | Texas-USA\"},\"image\":{\"@id\":\"https:\/\/noti-america.com\/site\/texas\/#\/schema\/logo\/image\/\"}},{\"@type\":\"Person\",\"@id\":\"https:\/\/noti-america.com\/site\/texas\/#\/schema\/person\/ae305e0187703594d7e273941bdc7f76\",\"name\":\"Redacci\u00f3n NA-TX\",\"image\":{\"@type\":\"ImageObject\",\"inLanguage\":\"es\",\"@id\":\"https:\/\/secure.gravatar.com\/avatar\/1ede8345cc79df032062efa286d5b99b0e4e5bd13e51f7cb031f715a3a43b386?s=96&d=mm&r=g\",\"url\":\"https:\/\/secure.gravatar.com\/avatar\/1ede8345cc79df032062efa286d5b99b0e4e5bd13e51f7cb031f715a3a43b386?s=96&d=mm&r=g\",\"contentUrl\":\"https:\/\/secure.gravatar.com\/avatar\/1ede8345cc79df032062efa286d5b99b0e4e5bd13e51f7cb031f715a3a43b386?s=96&d=mm&r=g\",\"caption\":\"Redacci\u00f3n NA-TX\"},\"url\":\"https:\/\/noti-america.com\/site\/texas\/author\/redacciontx\/\"}]}<\/script>\n<!-- \/ Yoast SEO Premium plugin. -->","yoast_head_json":{"title":"Pence le dice a los centroamericanos: \"no arriesguen sus vidas\" por entrar a EE.UU. - Texas | Noti-America.com","robots":{"index":"index","follow":"follow","max-snippet":"max-snippet:-1","max-image-preview":"max-image-preview:large","max-video-preview":"max-video-preview:-1"},"canonical":"https:\/\/noti-america.com\/site\/texas\/2018\/06\/28\/pence-le-dice-a-los-centroamericanos-no-arriesguen-sus-vidas-por-entrar-a-ee-uu\/","og_locale":"es_ES","og_type":"article","og_title":"Pence le dice a los centroamericanos: \"no arriesguen sus vidas\" por entrar a EE.UU.","og_description":"El vicepresidente de Estados Unidos Mike Pence (d) se re\u00fane con el presidente de Brasil Michel Temer (fuera de cuadro) en el Palacio presidencial de Planalto, en Brasilia (Brasil). EFE Fuente:\u00a0\u00a0http:\/\/www.sandiegouniontribune.com El vicepresidente de&#46;&#46;&#46;","og_url":"https:\/\/noti-america.com\/site\/texas\/2018\/06\/28\/pence-le-dice-a-los-centroamericanos-no-arriesguen-sus-vidas-por-entrar-a-ee-uu\/","og_site_name":"Texas | Noti-America.com","article_published_time":"2018-06-28T10:49:09+00:00","og_image":[{"width":700,"height":394,"url":"https:\/\/noti-america.com\/site\/texas\/wp-content\/uploads\/sites\/4\/2018\/06\/Pence.jpg","type":"image\/jpeg"}],"author":"Redacci\u00f3n NA-TX","twitter_card":"summary_large_image","twitter_misc":{"Escrito por":"Redacci\u00f3n NA-TX","Tiempo estimado de lectura":"2 minutos"},"schema":{"@context":"https:\/\/schema.org","@graph":[{"@type":"Article","@id":"https:\/\/noti-america.com\/site\/texas\/2018\/06\/28\/pence-le-dice-a-los-centroamericanos-no-arriesguen-sus-vidas-por-entrar-a-ee-uu\/#article","isPartOf":{"@id":"https:\/\/noti-america.com\/site\/texas\/2018\/06\/28\/pence-le-dice-a-los-centroamericanos-no-arriesguen-sus-vidas-por-entrar-a-ee-uu\/"},"author":{"name":"Redacci\u00f3n NA-TX","@id":"https:\/\/noti-america.com\/site\/texas\/#\/schema\/person\/ae305e0187703594d7e273941bdc7f76"},"headline":"Pence le dice a los centroamericanos: \u00abno arriesguen sus vidas\u00bb por entrar a EE.UU.","datePublished":"2018-06-28T10:49:09+00:00","mainEntityOfPage":{"@id":"https:\/\/noti-america.com\/site\/texas\/2018\/06\/28\/pence-le-dice-a-los-centroamericanos-no-arriesguen-sus-vidas-por-entrar-a-ee-uu\/"},"wordCount":378,"commentCount":0,"publisher":{"@id":"https:\/\/noti-america.com\/site\/texas\/#organization"},"image":{"@id":"https:\/\/noti-america.com\/site\/texas\/2018\/06\/28\/pence-le-dice-a-los-centroamericanos-no-arriesguen-sus-vidas-por-entrar-a-ee-uu\/#primaryimage"},"thumbnailUrl":"https:\/\/noti-america.com\/site\/texas\/wp-content\/uploads\/sites\/4\/2018\/06\/Pence.jpg","keywords":["centroamericanos","EEUU","Pence"],"articleSection":["Pol\u00edtica"],"inLanguage":"es","potentialAction":[{"@type":"CommentAction","name":"Comment","target":["https:\/\/noti-america.com\/site\/texas\/2018\/06\/28\/pence-le-dice-a-los-centroamericanos-no-arriesguen-sus-vidas-por-entrar-a-ee-uu\/#respond"]}]},{"@type":"WebPage","@id":"https:\/\/noti-america.com\/site\/texas\/2018\/06\/28\/pence-le-dice-a-los-centroamericanos-no-arriesguen-sus-vidas-por-entrar-a-ee-uu\/","url":"https:\/\/noti-america.com\/site\/texas\/2018\/06\/28\/pence-le-dice-a-los-centroamericanos-no-arriesguen-sus-vidas-por-entrar-a-ee-uu\/","name":"Pence le dice a los centroamericanos: \"no arriesguen sus vidas\" por entrar a EE.UU. - Texas | Noti-America.com","isPartOf":{"@id":"https:\/\/noti-america.com\/site\/texas\/#website"},"primaryImageOfPage":{"@id":"https:\/\/noti-america.com\/site\/texas\/2018\/06\/28\/pence-le-dice-a-los-centroamericanos-no-arriesguen-sus-vidas-por-entrar-a-ee-uu\/#primaryimage"},"image":{"@id":"https:\/\/noti-america.com\/site\/texas\/2018\/06\/28\/pence-le-dice-a-los-centroamericanos-no-arriesguen-sus-vidas-por-entrar-a-ee-uu\/#primaryimage"},"thumbnailUrl":"https:\/\/noti-america.com\/site\/texas\/wp-content\/uploads\/sites\/4\/2018\/06\/Pence.jpg","datePublished":"2018-06-28T10:49:09+00:00","breadcrumb":{"@id":"https:\/\/noti-america.com\/site\/texas\/2018\/06\/28\/pence-le-dice-a-los-centroamericanos-no-arriesguen-sus-vidas-por-entrar-a-ee-uu\/#breadcrumb"},"inLanguage":"es","potentialAction":[{"@type":"ReadAction","target":["https:\/\/noti-america.com\/site\/texas\/2018\/06\/28\/pence-le-dice-a-los-centroamericanos-no-arriesguen-sus-vidas-por-entrar-a-ee-uu\/"]}]},{"@type":"ImageObject","inLanguage":"es","@id":"https:\/\/noti-america.com\/site\/texas\/2018\/06\/28\/pence-le-dice-a-los-centroamericanos-no-arriesguen-sus-vidas-por-entrar-a-ee-uu\/#primaryimage","url":"https:\/\/noti-america.com\/site\/texas\/wp-content\/uploads\/sites\/4\/2018\/06\/Pence.jpg","contentUrl":"https:\/\/noti-america.com\/site\/texas\/wp-content\/uploads\/sites\/4\/2018\/06\/Pence.jpg","width":700,"height":394},{"@type":"BreadcrumbList","@id":"https:\/\/noti-america.com\/site\/texas\/2018\/06\/28\/pence-le-dice-a-los-centroamericanos-no-arriesguen-sus-vidas-por-entrar-a-ee-uu\/#breadcrumb","itemListElement":[{"@type":"ListItem","position":1,"name":"Portada","item":"https:\/\/noti-america.com\/site\/texas\/"},{"@type":"ListItem","position":2,"name":"Pence le dice a los centroamericanos: &#8220;no arriesguen sus vidas&#8221; por entrar a EE.UU."}]},{"@type":"WebSite","@id":"https:\/\/noti-america.com\/site\/texas\/#website","url":"https:\/\/noti-america.com\/site\/texas\/","name":"Texas | Noti-America.com","description":"","publisher":{"@id":"https:\/\/noti-america.com\/site\/texas\/#organization"},"potentialAction":[{"@type":"SearchAction","target":{"@type":"EntryPoint","urlTemplate":"https:\/\/noti-america.com\/site\/texas\/?s={search_term_string}"},"query-input":{"@type":"PropertyValueSpecification","valueRequired":true,"valueName":"search_term_string"}}],"inLanguage":"es"},{"@type":"Organization","@id":"https:\/\/noti-america.com\/site\/texas\/#organization","name":"Noti-America LLC | Texas-USA","url":"https:\/\/noti-america.com\/site\/texas\/","logo":{"@type":"ImageObject","inLanguage":"es","@id":"https:\/\/noti-america.com\/site\/texas\/#\/schema\/logo\/image\/","url":"https:\/\/noti-america.com\/site\/us-tx\/wp-content\/uploads\/sites\/4\/2020\/07\/LogoNA-4x3-1.jpg","contentUrl":"https:\/\/noti-america.com\/site\/us-tx\/wp-content\/uploads\/sites\/4\/2020\/07\/LogoNA-4x3-1.jpg","width":1236,"height":1080,"caption":"Noti-America LLC | Texas-USA"},"image":{"@id":"https:\/\/noti-america.com\/site\/texas\/#\/schema\/logo\/image\/"}},{"@type":"Person","@id":"https:\/\/noti-america.com\/site\/texas\/#\/schema\/person\/ae305e0187703594d7e273941bdc7f76","name":"Redacci\u00f3n NA-TX","image":{"@type":"ImageObject","inLanguage":"es","@id":"https:\/\/secure.gravatar.com\/avatar\/1ede8345cc79df032062efa286d5b99b0e4e5bd13e51f7cb031f715a3a43b386?s=96&d=mm&r=g","url":"https:\/\/secure.gravatar.com\/avatar\/1ede8345cc79df032062efa286d5b99b0e4e5bd13e51f7cb031f715a3a43b386?s=96&d=mm&r=g","contentUrl":"https:\/\/secure.gravatar.com\/avatar\/1ede8345cc79df032062efa286d5b99b0e4e5bd13e51f7cb031f715a3a43b386?s=96&d=mm&r=g","caption":"Redacci\u00f3n NA-TX"},"url":"https:\/\/noti-america.com\/site\/texas\/author\/redacciontx\/"}]}},"_links":{"self":[{"href":"https:\/\/noti-america.com\/site\/texas\/wp-json\/wp\/v2\/posts\/4551","targetHints":{"allow":["GET"]}}],"collection":[{"href":"https:\/\/noti-america.com\/site\/texas\/wp-json\/wp\/v2\/posts"}],"about":[{"href":"https:\/\/noti-america.com\/site\/texas\/wp-json\/wp\/v2\/types\/post"}],"author":[{"embeddable":true,"href":"https:\/\/noti-america.com\/site\/texas\/wp-json\/wp\/v2\/users\/30"}],"replies":[{"embeddable":true,"href":"https:\/\/noti-america.com\/site\/texas\/wp-json\/wp\/v2\/comments?post=4551"}],"version-history":[{"count":1,"href":"https:\/\/noti-america.com\/site\/texas\/wp-json\/wp\/v2\/posts\/4551\/revisions"}],"predecessor-version":[{"id":4553,"href":"https:\/\/noti-america.com\/site\/texas\/wp-json\/wp\/v2\/posts\/4551\/revisions\/4553"}],"wp:featuredmedia":[{"embeddable":true,"href":"https:\/\/noti-america.com\/site\/texas\/wp-json\/wp\/v2\/media\/4552"}],"wp:attachment":[{"href":"https:\/\/noti-america.com\/site\/texas\/wp-json\/wp\/v2\/media?parent=4551"}],"wp:term":[{"taxonomy":"category","embeddable":true,"href":"https:\/\/noti-america.com\/site\/texas\/wp-json\/wp\/v2\/categories?post=4551"},{"taxonomy":"post_tag","embeddable":true,"href":"https:\/\/noti-america.com\/site\/texas\/wp-json\/wp\/v2\/tags?post=4551"}],"curies":[{"name":"wp","href":"https:\/\/api.w.org\/{rel}","templated":true}]}}