{"id":4509,"date":"2018-06-27T06:32:14","date_gmt":"2018-06-27T11:32:14","guid":{"rendered":"http:\/\/noti-america.com\/site\/us-tx\/?p=4509"},"modified":"2018-06-27T06:32:14","modified_gmt":"2018-06-27T11:32:14","slug":"nicaraguenses-que-buscan-refugio-en-costa-rica-saturan-sede-central-de-migracion-y-extranjeria","status":"publish","type":"post","link":"https:\/\/noti-america.com\/site\/texas\/2018\/06\/27\/nicaraguenses-que-buscan-refugio-en-costa-rica-saturan-sede-central-de-migracion-y-extranjeria\/","title":{"rendered":"Nicarag\u00fcenses que buscan refugio en Costa Rica saturan sede central de Migraci\u00f3n y Extranjer\u00eda"},"content":{"rendered":"<section id=\"top-content\" class=\"col-xs-12\">\n<div class=\"pb-container\">\n<div id=\"f0JjBDnDyQisVq\" class=\"wrapper clearfix col-lg-12 pb-feature pb-layout-item pb-f-article-header col-md-12 col-sm-12 col-xs-12\">\n<div class=\"row\">\n<header class=\"article-header hed-first col-sm-12\">\n<figure>\n<h3 class=\"subheadline\" style=\"text-align: center;\">Autoridades otorgan 1.000 citas por semana para ese tr\u00e1mite.<\/h3>\n<\/figure>\n<\/header>\n<\/div>\n<\/div>\n<\/div>\n<\/section>\n<section id=\"main-content\" class=\"col-lg-8 col-md-8 col-sm-12 col-xs-12\">\n<div class=\"pb-container\">\n<div id=\"fECVH82DyQisVq\" class=\"wrapper clearfix col-lg-12 col-md-12 pb-feature pb-layout-item pb-f-article-body col-sm-12 col-xs-12\">\n<div id=\"article-body\" class=\"article-body article-body-elements\">\n<div id=\"article-content\">\n<div class=\"row\" style=\"text-align: center;\">\n<div class=\" col-md-12 caption-beside \">\n<div class=\"col-md-12 col-xs-12 single-image\"><img decoding=\"async\" id=\"WRZPPFFF6ZGMVCW46RZWT6S7NI\" class=\"image-lazy aligncenter\" src=\"https:\/\/www.nacion.com\/resizer\/Zk1jElp-w9WykkVhUSdwunsv9iY=\/600x0\/center\/middle\/filters:quality(100)\/arc-anglerfish-arc2-prod-gruponacion.s3.amazonaws.com\/public\/WRZPPFFF6ZGMVCW46RZWT6S7NI.jpg\" alt=\"Unos 4.000 extranjeros hac\u00edan fila en Migraci\u00f3n para pedir refugio. Foto: Rafael Pacheco\" width=\"100%\" height=\"auto\" data-url=\"http:\/\/www.nacion.com\/sucesos\/seguridad\/nicaraguenses-que-buscan-refugio-en-costa-rica\/RWOYMPIAKFBKVJVW5VXTQ3OV5A\/story\/#WRZPPFFF6ZGMVCW46RZWT6S7NI\" data-original=\"https:\/\/www.nacion.com\/resizer\/Zk1jElp-w9WykkVhUSdwunsv9iY=\/600x0\/center\/middle\/filters:quality(100)\/arc-anglerfish-arc2-prod-gruponacion.s3.amazonaws.com\/public\/WRZPPFFF6ZGMVCW46RZWT6S7NI.jpg\" \/><\/div>\n<\/div>\n<h5 class=\"element element-image\"><span class=\"credit\">Unos 4.000 extranjeros hac\u00edan fila en Migraci\u00f3n para pedir refugio. Foto: Rafael Pacheco<\/span><\/h5>\n<\/div>\n<div class=\"row\">\n<div class=\"col-md-12 col-xs-12 col-print-12\">\n<p>&nbsp;<\/p>\n<p><em><span class=\"author\"><b>Fuente:\u00a0 https:\/\/www.nacion.com \/ Eillyn Jim\u00e9nez B.,\u00a0Patricia Recio<\/b>.\u00a0 \u00a0<\/span><\/em><\/p>\n<h5 class=\"element element-paragraph\">Cientos de nicarag\u00fcenses que buscan refugio en Costa Rica abarrotaron este lunes por la ma\u00f1ana la sede central de la Direcci\u00f3n General de Migraci\u00f3n y Extranjer\u00eda en La Uruca, San Jos\u00e9.<\/h5>\n<\/div>\n<\/div>\n<div class=\"col-md-12 col-xs-12 col-print-12\">\n<p class=\"element element-paragraph\">Personas con ni\u00f1os, sombrillas, abrigos y bolsos cargados de documentos y alimentos amanecieron en el lugar en busca de una ansiada cita que les permita comenzar el tr\u00e1mite de solicitud de refugio. Para ellos no hay fr\u00edo, lluvia, calor o hambre que los detenga, pues tienen su objetivo claro.<\/p>\n<\/div>\n<div class=\"col-md-12 col-xs-12 col-print-12\">\n<p class=\"element element-paragraph\">\u00abHay que dormir aqu\u00ed para lograr algo. Llegu\u00e9 desde el domingo en la ma\u00f1ana y vengo a que me ayuden porque en Nicaragua la cosa est\u00e1 muy dif\u00edcil.<\/p>\n<\/div>\n<div class=\"col-md-12 col-xs-12 col-print-12\">\n<p class=\"element element-paragraph\">\u00abMe vine sola por lo que est\u00e1 pasando (los conflictos), dej\u00e9 a mis tres hijos con mi mam\u00e1 y no puedo dormir porque no he encontrado trabajo. No s\u00e9 qu\u00e9 hacer, sin trabajo y sin papeles es muy dif\u00edcil\u00bb, explic\u00f3 Margarita Madrigal, una de las extranjeras que mantiene la esperanza de obtener refugio.<\/p>\n<\/div>\n<div class=\"col-md-12 col-xs-12 col-print-12\">\n<p class=\"element element-paragraph\">Como ella, hay quienes salieron de la naci\u00f3n vecina despu\u00e9s de que estall\u00f3 la ola de violencia por una reforma al sistema de pensiones, la cual gener\u00f3 enfrentamientos entre el Gobierno y manifestantes a partir del 18 de abril.<\/p>\n<\/div>\n<div class=\"col-md-12 col-xs-12 col-print-12\">\n<p class=\"element element-paragraph\">Sin embargo, el director interino de Migraci\u00f3n, Daguer Hern\u00e1ndez, manifest\u00f3 que no todas las personas que llegan son candidatos a obtener refugio, debido a que hay muchos que tienen a\u00f1os viviendo en Costa Rica de manera irregular.<\/p>\n<\/div>\n<div class=\"col-md-12 col-xs-12 col-print-12\">\n<p class=\"element element-paragraph\">Agreg\u00f3 que por semana y solo los lunes se otorgan 1.000 citas, aunque la atenci\u00f3n se divide entre los cinco d\u00edas de la semana, es decir, que se recibe a 200 personas diariamente.<\/p>\n<\/div>\n<div class=\"col-md-12 col-xs-12 col-print-12\">\n<p class=\"element element-paragraph\">Hern\u00e1ndez aclar\u00f3 que se atiende incluso a aquellos que no cumplen con los requisitos para obtener refugio y, conforme avanza el proceso, se les precisan las razones por las que no pueden seguir.<\/p>\n<\/div>\n<div class=\"col-md-12 col-xs-12 col-print-12\">\n<p class=\"element element-paragraph\">\u00abVamos a conversar con la gente que nos viene a solicitar refugio. No tenemos solicitudes formales en la frontera, que ser\u00eda lo normal ante una crisis, entonces la gente que est\u00e1 acudiendo a Migraci\u00f3n son personas que ya est\u00e1n viviendo en Costa Rica y que piensan que esta condici\u00f3n de refugio les permite regularizar su situaci\u00f3n migratoria\u00bb, detall\u00f3 el jerarca.<\/p>\n<\/div>\n<div id=\"\" class=\"wrapper clearfix pb-feature pb-layout-item pb-f-video-standalone-video-player\">\n<div class=\"generic-feature-wrapper flex-item border-bottom- border-bottom-\">\n<div class=\"posttv-player-text flex-item art\"><\/div>\n<div id=\"powa-730b24e2-8f3b-4c9a-8302-fff33be134b9-800219\" class=\"powa powa-processed\" data-org=\"gruponacion\" data-uuid=\"730b24e2-8f3b-4c9a-8302-fff33be134b9\" data-ads=\"true\" data-autoplay=\"false\">\n<div id=\"powa-730b24e2-8f3b-4c9a-8302-fff33be134b9-800219-powa-shot\" class=\"powa-shot\">\n<div class=\"powa-shot-image powa-shot-click powa-shot-click-play\">\n<div class=\"powa-shot-play-btn powa-shot-click powa-shot-click-play\">\u25b6 Play<\/div>\n<\/div>\n<\/div>\n<\/div>\n<div class=\"content-descript \">\n<div id=\"posttv-player-header-powa-730b24e2-8f3b-4c9a-8302-fff33be134b9-800219\" class=\"posttv-player-text flex-item art\">\n<h1 id=\"posttv-player-headline-powa-730b24e2-8f3b-4c9a-8302-fff33be134b9-800219\" class=\"headline \" data-pb-field=\"contentConfig.title\" data-pb-placeholder=\"Write headline here\" data-pb-field-type=\"text\">(Video) Nicarag\u00fcenses que buscan refugio en Costa Rica saturan sede central de Migraci\u00f3n<\/h1>\n<\/div>\n<\/div>\n<\/div>\n<\/div>\n<div class=\"col-md-12 col-xs-12 col-print-12\">\n<p class=\"element element-paragraph\">El director de Migraci\u00f3n interino tambi\u00e9n aclar\u00f3 que el refugio no hace a ninguna persona acreedora de dinero ni tampoco le da acceso a los servicios de salud de la Caja Costarricense de Seguro Social (CCSS), por lo cual hizo un llamado a realizar el tr\u00e1mite adecuado ante las autoridades.<\/p>\n<\/div>\n<div class=\"col-md-12 col-xs-12 col-print-12\">\n<p class=\"element element-paragraph\">\u00abDentro de la ley hay otras categor\u00edas migratorias, como la residencia permanente, la residencia temporal, la condici\u00f3n de estudiante, el empresario, entre otras. Son categor\u00edas a las que puede acceder la gente que vive en Costa Rica para no saturar las solicitudes de refugio que efectivamente se est\u00e1n asignando\u00bb, asegur\u00f3 Hern\u00e1ndez.<\/p>\n<\/div>\n<div class=\"col-md-12 col-xs-12 col-print-12\">\n<p class=\"element element-paragraph\">En el lugar se mantiene un importante n\u00famero de polic\u00edas de la Fuerza P\u00fablica, debido a que muchos de los extranjeros acampan durante la noche para ubicarse entre los primeros puestos de la fila.<\/p>\n<\/div>\n<div class=\"row\">\n<div class=\"col-md-12 col-xs-12 col-print-12\">\n<h5 class=\"element element-paragraph\">Esta ma\u00f1ana tambi\u00e9n se encontraba una unidad de Cruz Roja, al tiempo que oficiales de la Polic\u00eda de Migraci\u00f3n realizan recorridos a lo largo de la extensa fila para garantizar el orden y tratar de agilizar el tr\u00e1mite.<\/h5>\n<\/div>\n<\/div>\n<\/div>\n<\/div>\n<\/div>\n<\/div>\n<\/section>\n","protected":false},"excerpt":{"rendered":"<p>Autoridades otorgan 1.000 citas por semana para ese tr\u00e1mite. Unos 4.000 extranjeros hac\u00edan fila en Migraci\u00f3n para pedir refugio. Foto: Rafael Pacheco &nbsp; Fuente:\u00a0 https:\/\/www.nacion.com \/ Eillyn Jim\u00e9nez B.,\u00a0Patricia Recio.\u00a0 \u00a0 Cientos de nicarag\u00fcenses&#46;&#46;&#46;<\/p>\n","protected":false},"author":27,"featured_media":4510,"comment_status":"open","ping_status":"open","sticky":false,"template":"","format":"standard","meta":{"_acf_changed":false,"rop_custom_images_group":[],"rop_custom_messages_group":[],"rop_publish_now":"initial","rop_publish_now_accounts":{"twitter_242054905_242054905":""},"rop_publish_now_history":[],"rop_publish_now_status":"pending","footnotes":""},"categories":[3],"tags":[180,593,594],"class_list":["post-4509","post","type-post","status-publish","format-standard","has-post-thumbnail","hentry","category-politica","tag-costa-rica","tag-nicaraguenses","tag-refugio"],"acf":[],"yoast_head":"<!-- This site is optimized with the Yoast SEO Premium plugin v24.9 (Yoast SEO v27.2) - https:\/\/yoast.com\/product\/yoast-seo-premium-wordpress\/ -->\n<title>Nicarag\u00fcenses que buscan refugio en Costa Rica saturan sede central de Migraci\u00f3n y Extranjer\u00eda - Texas | Noti-America.com<\/title>\n<meta name=\"robots\" content=\"index, follow, max-snippet:-1, max-image-preview:large, max-video-preview:-1\" \/>\n<link rel=\"canonical\" href=\"https:\/\/noti-america.com\/site\/texas\/2018\/06\/27\/nicaraguenses-que-buscan-refugio-en-costa-rica-saturan-sede-central-de-migracion-y-extranjeria\/\" \/>\n<meta property=\"og:locale\" content=\"es_ES\" \/>\n<meta property=\"og:type\" content=\"article\" \/>\n<meta property=\"og:title\" content=\"Nicarag\u00fcenses que buscan refugio en Costa Rica saturan sede central de Migraci\u00f3n y Extranjer\u00eda\" \/>\n<meta property=\"og:description\" content=\"Autoridades otorgan 1.000 citas por semana para ese tr\u00e1mite. Unos 4.000 extranjeros hac\u00edan fila en Migraci\u00f3n para pedir refugio. Foto: Rafael Pacheco &nbsp; Fuente:\u00a0 https:\/\/www.nacion.com \/ Eillyn Jim\u00e9nez B.,\u00a0Patricia Recio.\u00a0 \u00a0 Cientos de nicarag\u00fcenses&#046;&#046;&#046;\" \/>\n<meta property=\"og:url\" content=\"https:\/\/noti-america.com\/site\/texas\/2018\/06\/27\/nicaraguenses-que-buscan-refugio-en-costa-rica-saturan-sede-central-de-migracion-y-extranjeria\/\" \/>\n<meta property=\"og:site_name\" content=\"Texas | Noti-America.com\" \/>\n<meta property=\"article:published_time\" content=\"2018-06-27T11:32:14+00:00\" \/>\n<meta property=\"og:image\" content=\"https:\/\/noti-america.com\/site\/texas\/wp-content\/uploads\/sites\/4\/2018\/06\/Nicarag\u00fcenses.jpg\" \/>\n\t<meta property=\"og:image:width\" content=\"600\" \/>\n\t<meta property=\"og:image:height\" content=\"400\" \/>\n\t<meta property=\"og:image:type\" content=\"image\/jpeg\" \/>\n<meta name=\"author\" content=\"Redacci\u00f3n NA-TN\" \/>\n<meta name=\"twitter:card\" content=\"summary_large_image\" \/>\n<meta name=\"twitter:label1\" content=\"Escrito por\" \/>\n\t<meta name=\"twitter:data1\" content=\"Redacci\u00f3n NA-TN\" \/>\n\t<meta name=\"twitter:label2\" content=\"Tiempo estimado de lectura\" \/>\n\t<meta name=\"twitter:data2\" content=\"3 minutos\" \/>\n<script type=\"application\/ld+json\" class=\"yoast-schema-graph\">{\"@context\":\"https:\/\/schema.org\",\"@graph\":[{\"@type\":\"Article\",\"@id\":\"https:\/\/noti-america.com\/site\/texas\/2018\/06\/27\/nicaraguenses-que-buscan-refugio-en-costa-rica-saturan-sede-central-de-migracion-y-extranjeria\/#article\",\"isPartOf\":{\"@id\":\"https:\/\/noti-america.com\/site\/texas\/2018\/06\/27\/nicaraguenses-que-buscan-refugio-en-costa-rica-saturan-sede-central-de-migracion-y-extranjeria\/\"},\"author\":{\"name\":\"Redacci\u00f3n NA-TN\",\"@id\":\"https:\/\/noti-america.com\/site\/texas\/#\/schema\/person\/1ece9fdd47c6afcadfd7bc8a7fa85003\"},\"headline\":\"Nicarag\u00fcenses que buscan refugio en Costa Rica saturan sede central de Migraci\u00f3n y Extranjer\u00eda\",\"datePublished\":\"2018-06-27T11:32:14+00:00\",\"mainEntityOfPage\":{\"@id\":\"https:\/\/noti-america.com\/site\/texas\/2018\/06\/27\/nicaraguenses-que-buscan-refugio-en-costa-rica-saturan-sede-central-de-migracion-y-extranjeria\/\"},\"wordCount\":641,\"commentCount\":0,\"publisher\":{\"@id\":\"https:\/\/noti-america.com\/site\/texas\/#organization\"},\"image\":{\"@id\":\"https:\/\/noti-america.com\/site\/texas\/2018\/06\/27\/nicaraguenses-que-buscan-refugio-en-costa-rica-saturan-sede-central-de-migracion-y-extranjeria\/#primaryimage\"},\"thumbnailUrl\":\"https:\/\/noti-america.com\/site\/texas\/wp-content\/uploads\/sites\/4\/2018\/06\/Nicarag\u00fcenses.jpg\",\"keywords\":[\"Costa Rica\",\"Nicaraguenses\",\"refugio\"],\"articleSection\":[\"Pol\u00edtica\"],\"inLanguage\":\"es\",\"potentialAction\":[{\"@type\":\"CommentAction\",\"name\":\"Comment\",\"target\":[\"https:\/\/noti-america.com\/site\/texas\/2018\/06\/27\/nicaraguenses-que-buscan-refugio-en-costa-rica-saturan-sede-central-de-migracion-y-extranjeria\/#respond\"]}]},{\"@type\":\"WebPage\",\"@id\":\"https:\/\/noti-america.com\/site\/texas\/2018\/06\/27\/nicaraguenses-que-buscan-refugio-en-costa-rica-saturan-sede-central-de-migracion-y-extranjeria\/\",\"url\":\"https:\/\/noti-america.com\/site\/texas\/2018\/06\/27\/nicaraguenses-que-buscan-refugio-en-costa-rica-saturan-sede-central-de-migracion-y-extranjeria\/\",\"name\":\"Nicarag\u00fcenses que buscan refugio en Costa Rica saturan sede central de Migraci\u00f3n y Extranjer\u00eda - Texas | Noti-America.com\",\"isPartOf\":{\"@id\":\"https:\/\/noti-america.com\/site\/texas\/#website\"},\"primaryImageOfPage\":{\"@id\":\"https:\/\/noti-america.com\/site\/texas\/2018\/06\/27\/nicaraguenses-que-buscan-refugio-en-costa-rica-saturan-sede-central-de-migracion-y-extranjeria\/#primaryimage\"},\"image\":{\"@id\":\"https:\/\/noti-america.com\/site\/texas\/2018\/06\/27\/nicaraguenses-que-buscan-refugio-en-costa-rica-saturan-sede-central-de-migracion-y-extranjeria\/#primaryimage\"},\"thumbnailUrl\":\"https:\/\/noti-america.com\/site\/texas\/wp-content\/uploads\/sites\/4\/2018\/06\/Nicarag\u00fcenses.jpg\",\"datePublished\":\"2018-06-27T11:32:14+00:00\",\"breadcrumb\":{\"@id\":\"https:\/\/noti-america.com\/site\/texas\/2018\/06\/27\/nicaraguenses-que-buscan-refugio-en-costa-rica-saturan-sede-central-de-migracion-y-extranjeria\/#breadcrumb\"},\"inLanguage\":\"es\",\"potentialAction\":[{\"@type\":\"ReadAction\",\"target\":[\"https:\/\/noti-america.com\/site\/texas\/2018\/06\/27\/nicaraguenses-que-buscan-refugio-en-costa-rica-saturan-sede-central-de-migracion-y-extranjeria\/\"]}]},{\"@type\":\"ImageObject\",\"inLanguage\":\"es\",\"@id\":\"https:\/\/noti-america.com\/site\/texas\/2018\/06\/27\/nicaraguenses-que-buscan-refugio-en-costa-rica-saturan-sede-central-de-migracion-y-extranjeria\/#primaryimage\",\"url\":\"https:\/\/noti-america.com\/site\/texas\/wp-content\/uploads\/sites\/4\/2018\/06\/Nicarag\u00fcenses.jpg\",\"contentUrl\":\"https:\/\/noti-america.com\/site\/texas\/wp-content\/uploads\/sites\/4\/2018\/06\/Nicarag\u00fcenses.jpg\",\"width\":600,\"height\":400},{\"@type\":\"BreadcrumbList\",\"@id\":\"https:\/\/noti-america.com\/site\/texas\/2018\/06\/27\/nicaraguenses-que-buscan-refugio-en-costa-rica-saturan-sede-central-de-migracion-y-extranjeria\/#breadcrumb\",\"itemListElement\":[{\"@type\":\"ListItem\",\"position\":1,\"name\":\"Portada\",\"item\":\"https:\/\/noti-america.com\/site\/texas\/\"},{\"@type\":\"ListItem\",\"position\":2,\"name\":\"Nicarag\u00fcenses que buscan refugio en Costa Rica saturan sede central de Migraci\u00f3n y Extranjer\u00eda\"}]},{\"@type\":\"WebSite\",\"@id\":\"https:\/\/noti-america.com\/site\/texas\/#website\",\"url\":\"https:\/\/noti-america.com\/site\/texas\/\",\"name\":\"Texas | Noti-America.com\",\"description\":\"\",\"publisher\":{\"@id\":\"https:\/\/noti-america.com\/site\/texas\/#organization\"},\"potentialAction\":[{\"@type\":\"SearchAction\",\"target\":{\"@type\":\"EntryPoint\",\"urlTemplate\":\"https:\/\/noti-america.com\/site\/texas\/?s={search_term_string}\"},\"query-input\":{\"@type\":\"PropertyValueSpecification\",\"valueRequired\":true,\"valueName\":\"search_term_string\"}}],\"inLanguage\":\"es\"},{\"@type\":\"Organization\",\"@id\":\"https:\/\/noti-america.com\/site\/texas\/#organization\",\"name\":\"Noti-America LLC | Texas-USA\",\"url\":\"https:\/\/noti-america.com\/site\/texas\/\",\"logo\":{\"@type\":\"ImageObject\",\"inLanguage\":\"es\",\"@id\":\"https:\/\/noti-america.com\/site\/texas\/#\/schema\/logo\/image\/\",\"url\":\"https:\/\/noti-america.com\/site\/us-tx\/wp-content\/uploads\/sites\/4\/2020\/07\/LogoNA-4x3-1.jpg\",\"contentUrl\":\"https:\/\/noti-america.com\/site\/us-tx\/wp-content\/uploads\/sites\/4\/2020\/07\/LogoNA-4x3-1.jpg\",\"width\":1236,\"height\":1080,\"caption\":\"Noti-America LLC | Texas-USA\"},\"image\":{\"@id\":\"https:\/\/noti-america.com\/site\/texas\/#\/schema\/logo\/image\/\"}},{\"@type\":\"Person\",\"@id\":\"https:\/\/noti-america.com\/site\/texas\/#\/schema\/person\/1ece9fdd47c6afcadfd7bc8a7fa85003\",\"name\":\"Redacci\u00f3n NA-TN\",\"image\":{\"@type\":\"ImageObject\",\"inLanguage\":\"es\",\"@id\":\"https:\/\/secure.gravatar.com\/avatar\/894ea7549dcb9c4eb89f2bce99ffa6e5ae58287ad75ae3f10fd38a111f9ffb9b?s=96&d=mm&r=g\",\"url\":\"https:\/\/secure.gravatar.com\/avatar\/894ea7549dcb9c4eb89f2bce99ffa6e5ae58287ad75ae3f10fd38a111f9ffb9b?s=96&d=mm&r=g\",\"contentUrl\":\"https:\/\/secure.gravatar.com\/avatar\/894ea7549dcb9c4eb89f2bce99ffa6e5ae58287ad75ae3f10fd38a111f9ffb9b?s=96&d=mm&r=g\",\"caption\":\"Redacci\u00f3n NA-TN\"},\"url\":\"https:\/\/noti-america.com\/site\/texas\/author\/redacciontn\/\"}]}<\/script>\n<!-- \/ Yoast SEO Premium plugin. -->","yoast_head_json":{"title":"Nicarag\u00fcenses que buscan refugio en Costa Rica saturan sede central de Migraci\u00f3n y Extranjer\u00eda - Texas | Noti-America.com","robots":{"index":"index","follow":"follow","max-snippet":"max-snippet:-1","max-image-preview":"max-image-preview:large","max-video-preview":"max-video-preview:-1"},"canonical":"https:\/\/noti-america.com\/site\/texas\/2018\/06\/27\/nicaraguenses-que-buscan-refugio-en-costa-rica-saturan-sede-central-de-migracion-y-extranjeria\/","og_locale":"es_ES","og_type":"article","og_title":"Nicarag\u00fcenses que buscan refugio en Costa Rica saturan sede central de Migraci\u00f3n y Extranjer\u00eda","og_description":"Autoridades otorgan 1.000 citas por semana para ese tr\u00e1mite. Unos 4.000 extranjeros hac\u00edan fila en Migraci\u00f3n para pedir refugio. Foto: Rafael Pacheco &nbsp; Fuente:\u00a0 https:\/\/www.nacion.com \/ Eillyn Jim\u00e9nez B.,\u00a0Patricia Recio.\u00a0 \u00a0 Cientos de nicarag\u00fcenses&#46;&#46;&#46;","og_url":"https:\/\/noti-america.com\/site\/texas\/2018\/06\/27\/nicaraguenses-que-buscan-refugio-en-costa-rica-saturan-sede-central-de-migracion-y-extranjeria\/","og_site_name":"Texas | Noti-America.com","article_published_time":"2018-06-27T11:32:14+00:00","og_image":[{"width":600,"height":400,"url":"https:\/\/noti-america.com\/site\/texas\/wp-content\/uploads\/sites\/4\/2018\/06\/Nicarag\u00fcenses.jpg","type":"image\/jpeg"}],"author":"Redacci\u00f3n NA-TN","twitter_card":"summary_large_image","twitter_misc":{"Escrito por":"Redacci\u00f3n NA-TN","Tiempo estimado de lectura":"3 minutos"},"schema":{"@context":"https:\/\/schema.org","@graph":[{"@type":"Article","@id":"https:\/\/noti-america.com\/site\/texas\/2018\/06\/27\/nicaraguenses-que-buscan-refugio-en-costa-rica-saturan-sede-central-de-migracion-y-extranjeria\/#article","isPartOf":{"@id":"https:\/\/noti-america.com\/site\/texas\/2018\/06\/27\/nicaraguenses-que-buscan-refugio-en-costa-rica-saturan-sede-central-de-migracion-y-extranjeria\/"},"author":{"name":"Redacci\u00f3n NA-TN","@id":"https:\/\/noti-america.com\/site\/texas\/#\/schema\/person\/1ece9fdd47c6afcadfd7bc8a7fa85003"},"headline":"Nicarag\u00fcenses que buscan refugio en Costa Rica saturan sede central de Migraci\u00f3n y Extranjer\u00eda","datePublished":"2018-06-27T11:32:14+00:00","mainEntityOfPage":{"@id":"https:\/\/noti-america.com\/site\/texas\/2018\/06\/27\/nicaraguenses-que-buscan-refugio-en-costa-rica-saturan-sede-central-de-migracion-y-extranjeria\/"},"wordCount":641,"commentCount":0,"publisher":{"@id":"https:\/\/noti-america.com\/site\/texas\/#organization"},"image":{"@id":"https:\/\/noti-america.com\/site\/texas\/2018\/06\/27\/nicaraguenses-que-buscan-refugio-en-costa-rica-saturan-sede-central-de-migracion-y-extranjeria\/#primaryimage"},"thumbnailUrl":"https:\/\/noti-america.com\/site\/texas\/wp-content\/uploads\/sites\/4\/2018\/06\/Nicarag\u00fcenses.jpg","keywords":["Costa Rica","Nicaraguenses","refugio"],"articleSection":["Pol\u00edtica"],"inLanguage":"es","potentialAction":[{"@type":"CommentAction","name":"Comment","target":["https:\/\/noti-america.com\/site\/texas\/2018\/06\/27\/nicaraguenses-que-buscan-refugio-en-costa-rica-saturan-sede-central-de-migracion-y-extranjeria\/#respond"]}]},{"@type":"WebPage","@id":"https:\/\/noti-america.com\/site\/texas\/2018\/06\/27\/nicaraguenses-que-buscan-refugio-en-costa-rica-saturan-sede-central-de-migracion-y-extranjeria\/","url":"https:\/\/noti-america.com\/site\/texas\/2018\/06\/27\/nicaraguenses-que-buscan-refugio-en-costa-rica-saturan-sede-central-de-migracion-y-extranjeria\/","name":"Nicarag\u00fcenses que buscan refugio en Costa Rica saturan sede central de Migraci\u00f3n y Extranjer\u00eda - Texas | Noti-America.com","isPartOf":{"@id":"https:\/\/noti-america.com\/site\/texas\/#website"},"primaryImageOfPage":{"@id":"https:\/\/noti-america.com\/site\/texas\/2018\/06\/27\/nicaraguenses-que-buscan-refugio-en-costa-rica-saturan-sede-central-de-migracion-y-extranjeria\/#primaryimage"},"image":{"@id":"https:\/\/noti-america.com\/site\/texas\/2018\/06\/27\/nicaraguenses-que-buscan-refugio-en-costa-rica-saturan-sede-central-de-migracion-y-extranjeria\/#primaryimage"},"thumbnailUrl":"https:\/\/noti-america.com\/site\/texas\/wp-content\/uploads\/sites\/4\/2018\/06\/Nicarag\u00fcenses.jpg","datePublished":"2018-06-27T11:32:14+00:00","breadcrumb":{"@id":"https:\/\/noti-america.com\/site\/texas\/2018\/06\/27\/nicaraguenses-que-buscan-refugio-en-costa-rica-saturan-sede-central-de-migracion-y-extranjeria\/#breadcrumb"},"inLanguage":"es","potentialAction":[{"@type":"ReadAction","target":["https:\/\/noti-america.com\/site\/texas\/2018\/06\/27\/nicaraguenses-que-buscan-refugio-en-costa-rica-saturan-sede-central-de-migracion-y-extranjeria\/"]}]},{"@type":"ImageObject","inLanguage":"es","@id":"https:\/\/noti-america.com\/site\/texas\/2018\/06\/27\/nicaraguenses-que-buscan-refugio-en-costa-rica-saturan-sede-central-de-migracion-y-extranjeria\/#primaryimage","url":"https:\/\/noti-america.com\/site\/texas\/wp-content\/uploads\/sites\/4\/2018\/06\/Nicarag\u00fcenses.jpg","contentUrl":"https:\/\/noti-america.com\/site\/texas\/wp-content\/uploads\/sites\/4\/2018\/06\/Nicarag\u00fcenses.jpg","width":600,"height":400},{"@type":"BreadcrumbList","@id":"https:\/\/noti-america.com\/site\/texas\/2018\/06\/27\/nicaraguenses-que-buscan-refugio-en-costa-rica-saturan-sede-central-de-migracion-y-extranjeria\/#breadcrumb","itemListElement":[{"@type":"ListItem","position":1,"name":"Portada","item":"https:\/\/noti-america.com\/site\/texas\/"},{"@type":"ListItem","position":2,"name":"Nicarag\u00fcenses que buscan refugio en Costa Rica saturan sede central de Migraci\u00f3n y Extranjer\u00eda"}]},{"@type":"WebSite","@id":"https:\/\/noti-america.com\/site\/texas\/#website","url":"https:\/\/noti-america.com\/site\/texas\/","name":"Texas | Noti-America.com","description":"","publisher":{"@id":"https:\/\/noti-america.com\/site\/texas\/#organization"},"potentialAction":[{"@type":"SearchAction","target":{"@type":"EntryPoint","urlTemplate":"https:\/\/noti-america.com\/site\/texas\/?s={search_term_string}"},"query-input":{"@type":"PropertyValueSpecification","valueRequired":true,"valueName":"search_term_string"}}],"inLanguage":"es"},{"@type":"Organization","@id":"https:\/\/noti-america.com\/site\/texas\/#organization","name":"Noti-America LLC | Texas-USA","url":"https:\/\/noti-america.com\/site\/texas\/","logo":{"@type":"ImageObject","inLanguage":"es","@id":"https:\/\/noti-america.com\/site\/texas\/#\/schema\/logo\/image\/","url":"https:\/\/noti-america.com\/site\/us-tx\/wp-content\/uploads\/sites\/4\/2020\/07\/LogoNA-4x3-1.jpg","contentUrl":"https:\/\/noti-america.com\/site\/us-tx\/wp-content\/uploads\/sites\/4\/2020\/07\/LogoNA-4x3-1.jpg","width":1236,"height":1080,"caption":"Noti-America LLC | Texas-USA"},"image":{"@id":"https:\/\/noti-america.com\/site\/texas\/#\/schema\/logo\/image\/"}},{"@type":"Person","@id":"https:\/\/noti-america.com\/site\/texas\/#\/schema\/person\/1ece9fdd47c6afcadfd7bc8a7fa85003","name":"Redacci\u00f3n NA-TN","image":{"@type":"ImageObject","inLanguage":"es","@id":"https:\/\/secure.gravatar.com\/avatar\/894ea7549dcb9c4eb89f2bce99ffa6e5ae58287ad75ae3f10fd38a111f9ffb9b?s=96&d=mm&r=g","url":"https:\/\/secure.gravatar.com\/avatar\/894ea7549dcb9c4eb89f2bce99ffa6e5ae58287ad75ae3f10fd38a111f9ffb9b?s=96&d=mm&r=g","contentUrl":"https:\/\/secure.gravatar.com\/avatar\/894ea7549dcb9c4eb89f2bce99ffa6e5ae58287ad75ae3f10fd38a111f9ffb9b?s=96&d=mm&r=g","caption":"Redacci\u00f3n NA-TN"},"url":"https:\/\/noti-america.com\/site\/texas\/author\/redacciontn\/"}]}},"_links":{"self":[{"href":"https:\/\/noti-america.com\/site\/texas\/wp-json\/wp\/v2\/posts\/4509","targetHints":{"allow":["GET"]}}],"collection":[{"href":"https:\/\/noti-america.com\/site\/texas\/wp-json\/wp\/v2\/posts"}],"about":[{"href":"https:\/\/noti-america.com\/site\/texas\/wp-json\/wp\/v2\/types\/post"}],"author":[{"embeddable":true,"href":"https:\/\/noti-america.com\/site\/texas\/wp-json\/wp\/v2\/users\/27"}],"replies":[{"embeddable":true,"href":"https:\/\/noti-america.com\/site\/texas\/wp-json\/wp\/v2\/comments?post=4509"}],"version-history":[{"count":1,"href":"https:\/\/noti-america.com\/site\/texas\/wp-json\/wp\/v2\/posts\/4509\/revisions"}],"predecessor-version":[{"id":4511,"href":"https:\/\/noti-america.com\/site\/texas\/wp-json\/wp\/v2\/posts\/4509\/revisions\/4511"}],"wp:featuredmedia":[{"embeddable":true,"href":"https:\/\/noti-america.com\/site\/texas\/wp-json\/wp\/v2\/media\/4510"}],"wp:attachment":[{"href":"https:\/\/noti-america.com\/site\/texas\/wp-json\/wp\/v2\/media?parent=4509"}],"wp:term":[{"taxonomy":"category","embeddable":true,"href":"https:\/\/noti-america.com\/site\/texas\/wp-json\/wp\/v2\/categories?post=4509"},{"taxonomy":"post_tag","embeddable":true,"href":"https:\/\/noti-america.com\/site\/texas\/wp-json\/wp\/v2\/tags?post=4509"}],"curies":[{"name":"wp","href":"https:\/\/api.w.org\/{rel}","templated":true}]}}