{"id":2329,"date":"2018-05-03T08:00:23","date_gmt":"2018-05-03T13:00:23","guid":{"rendered":"http:\/\/noti-america.com\/site\/us-tx\/?p=2329"},"modified":"2018-05-03T08:00:23","modified_gmt":"2018-05-03T13:00:23","slug":"rep-dominicana-rompe-con-taiwan-establece-relaciones-con-china","status":"publish","type":"post","link":"https:\/\/noti-america.com\/site\/texas\/2018\/05\/03\/rep-dominicana-rompe-con-taiwan-establece-relaciones-con-china\/","title":{"rendered":"Rep. Dominicana rompe con Taiw\u00e1n: establece relaciones con China"},"content":{"rendered":"<div class=\"hdr-container\">\n<div class=\"row\">\n<div class=\"col-title col-xs-12 col-md-10 pull-right\">\n<h1 class=\"pg-title\"><img decoding=\"async\" class=\" enhanced aligncenter\" style=\"font-size: 16px;\" src=\"https:\/\/gdb.voanews.com\/AC705A32-4275-4074-BD5A-EEF9DA59C98D_cx0_cy9_cw0_w1023_r1_s.jpg\" alt=\"Los ministros de Relaciones Exteriores de Rep\u00fablica Dominicana, Miguel Vargas, y de China, Wang Yi, se estrechan la mano luego de firmar un comunicado conjunto en Pek\u00edn.\" \/><\/h1>\n<\/div>\n<div class=\"col-multimedia col-xs-12 col-md-10 pull-right\">\n<div class=\"cover-media\" style=\"text-align: center;\">\n<h5 class=\"media-image js-media-expand js-media-expand--ready\"><span class=\"caption\">Los ministros de Relaciones Exteriores de Rep\u00fablica Dominicana, Miguel Vargas, y de China, Wang Yi, se estrechan la mano luego de firmar un comunicado conjunto en Pek\u00edn.<\/span><\/h5>\n<\/div>\n<\/div>\n<div class=\"col-xs-12 col-md-2 pull-left article-share\">\n<aside>\n<div class=\"links link-function\">\n<p class=\"link-print visible-md visible-lg\">\n<\/div>\n<\/aside>\n<\/div>\n<\/div>\n<\/div>\n<div class=\"body-container\">\n<div class=\"row\">\n<div class=\"col-xs-12 col-sm-12 col-md-10 col-lg-10 pull-right\">\n<div class=\"row\">\n<div class=\"col-xs-12 col-sm-12 col-md-8 col-lg-8 pull-left bottom-offset content-offset\">\n<div id=\"article-content\" class=\"content-floated-wrap\">\n<div class=\"wsw\">\n<p>&nbsp;<\/p>\n<p><em><strong>Fuente: https:\/\/www.voanoticias.com<\/strong><\/em><\/p>\n<p>Rep\u00fablica Dominicana estableci\u00f3 el martes relaciones diplom\u00e1ticas con China y puso fin a las que manten\u00eda con Taiw\u00e1n, un territorio al que ya apenas reconocen una veintena de pa\u00edses en todo el mundo.<\/p>\n<p>Los ministros de Relaciones Exteriores chino y dominicano firmaron el documento que establece su nueva relaci\u00f3n en Pek\u00edn, en una sala decorada con los colores de China y del pa\u00eds caribe\u00f1o.<\/p>\n<p>El acuerdo \u00abaportar\u00e1 enormes oportunidades para el desarrollo de Rep\u00fablica Dominicana\u00bb, asegur\u00f3 el ministro chino, Wang Yi, durante la ceremonia en la que sonaron los himnos de ambos pa\u00edses. \u00abEsto dar\u00e1 un nuevo impulso a las relaciones entre China y Am\u00e9rica Latina\u00bb, a\u00f1adi\u00f3.<\/p>\n<p>\u00abDesde este momento hemos acordado brindarnos todo el apoyo mutuo y necesario para la instalaci\u00f3n de manera pronta y rec\u00edproca de nuestras embajadas en nuestras respectivas capitales\u00bb, declar\u00f3 el ministro dominicano de Relaciones Exteriores, Miguel Vargas.<\/p>\n<p>\u00abLa Rep\u00fablica Dominicana reconoce el principio de una sola China y rompe las relaciones diplom\u00e1ticas con Taiw\u00e1n, que forma parte inalienable de China, y no se mantendr\u00e1 ning\u00fan tipo de relaciones o contactos oficiales\u00bb, agreg\u00f3 el ministro.<\/p>\n<p>China y Taiw\u00e1n est\u00e1n dirigidas por reg\u00edmenes rivales desde el final de la guerra civil china en 1949. La isla goza de un gobierno aut\u00f3nomo, pero jam\u00e1s declar\u00f3 su independencia.<\/p>\n<p>Taiw\u00e1n ya s\u00f3lo puede contar con el reconocimiento oficial de 19 Estados, entre ellos el Vaticano, adem\u00e1s de cinco en Am\u00e9rica Central \u2014Nicaragua, Honduras, El Salvador, Guatemala, y Belize\u2014, seis en el Caribe \u2014Hait\u00ed, Rep\u00fablica Dominicana, Federaci\u00f3n de San Crist\u00f3bal y Nieves, Santa Luc\u00eda, San Vicente y las Granadinas\u2014, Paraguay en Am\u00e9rica del Sur y seis en Ocean\u00eda \u2014Palau, Islas Marshall, Kiribati, Nauru, Islas Salom\u00f3n, Tuvalu.<\/p>\n<p>Tras Santo Tom\u00e9 y Pr\u00edncipe en 2016, Panam\u00e1 hab\u00eda sido en 2017 el \u00faltimo pa\u00eds en romper con Taiw\u00e1n para establecer relaciones diplom\u00e1ticas con China.<\/p>\n<p><cite>Con informaci\u00f3n de AFP.<\/cite><\/p>\n<\/div>\n<\/div>\n<\/div>\n<\/div>\n<\/div>\n<\/div>\n<\/div>\n","protected":false},"excerpt":{"rendered":"<p>Los ministros de Relaciones Exteriores de Rep\u00fablica Dominicana, Miguel Vargas, y de China, Wang Yi, se estrechan la mano luego de firmar un comunicado conjunto en Pek\u00edn. &nbsp; Fuente: https:\/\/www.voanoticias.com Rep\u00fablica Dominicana estableci\u00f3 el&#46;&#46;&#46;<\/p>\n","protected":false},"author":30,"featured_media":2330,"comment_status":"open","ping_status":"open","sticky":false,"template":"","format":"standard","meta":{"_acf_changed":false,"rop_custom_images_group":[],"rop_custom_messages_group":[],"rop_publish_now":"initial","rop_publish_now_accounts":{"twitter_242054905_242054905":""},"rop_publish_now_history":[],"rop_publish_now_status":"pending","footnotes":""},"categories":[1],"tags":[],"class_list":["post-2329","post","type-post","status-publish","format-standard","has-post-thumbnail","hentry","category-uncategorized"],"acf":[],"yoast_head":"<!-- This site is optimized with the Yoast SEO Premium plugin v24.9 (Yoast SEO v27.2) - https:\/\/yoast.com\/product\/yoast-seo-premium-wordpress\/ -->\n<title>Rep. Dominicana rompe con Taiw\u00e1n: establece relaciones con China - Texas | Noti-America.com<\/title>\n<meta name=\"robots\" content=\"index, follow, max-snippet:-1, max-image-preview:large, max-video-preview:-1\" \/>\n<link rel=\"canonical\" href=\"https:\/\/noti-america.com\/site\/texas\/2018\/05\/03\/rep-dominicana-rompe-con-taiwan-establece-relaciones-con-china\/\" \/>\n<meta property=\"og:locale\" content=\"es_ES\" \/>\n<meta property=\"og:type\" content=\"article\" \/>\n<meta property=\"og:title\" content=\"Rep. Dominicana rompe con Taiw\u00e1n: establece relaciones con China\" \/>\n<meta property=\"og:description\" content=\"Los ministros de Relaciones Exteriores de Rep\u00fablica Dominicana, Miguel Vargas, y de China, Wang Yi, se estrechan la mano luego de firmar un comunicado conjunto en Pek\u00edn. &nbsp; Fuente: https:\/\/www.voanoticias.com Rep\u00fablica Dominicana estableci\u00f3 el&#046;&#046;&#046;\" \/>\n<meta property=\"og:url\" content=\"https:\/\/noti-america.com\/site\/texas\/2018\/05\/03\/rep-dominicana-rompe-con-taiwan-establece-relaciones-con-china\/\" \/>\n<meta property=\"og:site_name\" content=\"Texas | Noti-America.com\" \/>\n<meta property=\"article:published_time\" content=\"2018-05-03T13:00:23+00:00\" \/>\n<meta property=\"og:image\" content=\"https:\/\/noti-america.com\/site\/texas\/wp-content\/uploads\/sites\/4\/2018\/05\/Rep.-Dominicana-rompe-con-Taiw\u00e1n.jpg\" \/>\n\t<meta property=\"og:image:width\" content=\"1023\" \/>\n\t<meta property=\"og:image:height\" content=\"575\" \/>\n\t<meta property=\"og:image:type\" content=\"image\/jpeg\" \/>\n<meta name=\"author\" content=\"Redacci\u00f3n NA-TX\" \/>\n<meta name=\"twitter:card\" content=\"summary_large_image\" \/>\n<meta name=\"twitter:label1\" content=\"Escrito por\" \/>\n\t<meta name=\"twitter:data1\" content=\"Redacci\u00f3n NA-TX\" \/>\n\t<meta name=\"twitter:label2\" content=\"Tiempo estimado de lectura\" \/>\n\t<meta name=\"twitter:data2\" content=\"2 minutos\" \/>\n<script type=\"application\/ld+json\" class=\"yoast-schema-graph\">{\"@context\":\"https:\/\/schema.org\",\"@graph\":[{\"@type\":\"Article\",\"@id\":\"https:\/\/noti-america.com\/site\/texas\/2018\/05\/03\/rep-dominicana-rompe-con-taiwan-establece-relaciones-con-china\/#article\",\"isPartOf\":{\"@id\":\"https:\/\/noti-america.com\/site\/texas\/2018\/05\/03\/rep-dominicana-rompe-con-taiwan-establece-relaciones-con-china\/\"},\"author\":{\"name\":\"Redacci\u00f3n NA-TX\",\"@id\":\"https:\/\/noti-america.com\/site\/texas\/#\/schema\/person\/ae305e0187703594d7e273941bdc7f76\"},\"headline\":\"Rep. Dominicana rompe con Taiw\u00e1n: establece relaciones con China\",\"datePublished\":\"2018-05-03T13:00:23+00:00\",\"mainEntityOfPage\":{\"@id\":\"https:\/\/noti-america.com\/site\/texas\/2018\/05\/03\/rep-dominicana-rompe-con-taiwan-establece-relaciones-con-china\/\"},\"wordCount\":387,\"commentCount\":0,\"publisher\":{\"@id\":\"https:\/\/noti-america.com\/site\/texas\/#organization\"},\"image\":{\"@id\":\"https:\/\/noti-america.com\/site\/texas\/2018\/05\/03\/rep-dominicana-rompe-con-taiwan-establece-relaciones-con-china\/#primaryimage\"},\"thumbnailUrl\":\"https:\/\/noti-america.com\/site\/texas\/wp-content\/uploads\/sites\/4\/2018\/05\/Rep.-Dominicana-rompe-con-Taiw\u00e1n.jpg\",\"articleSection\":[\"Uncategorized\"],\"inLanguage\":\"es\",\"potentialAction\":[{\"@type\":\"CommentAction\",\"name\":\"Comment\",\"target\":[\"https:\/\/noti-america.com\/site\/texas\/2018\/05\/03\/rep-dominicana-rompe-con-taiwan-establece-relaciones-con-china\/#respond\"]}]},{\"@type\":\"WebPage\",\"@id\":\"https:\/\/noti-america.com\/site\/texas\/2018\/05\/03\/rep-dominicana-rompe-con-taiwan-establece-relaciones-con-china\/\",\"url\":\"https:\/\/noti-america.com\/site\/texas\/2018\/05\/03\/rep-dominicana-rompe-con-taiwan-establece-relaciones-con-china\/\",\"name\":\"Rep. Dominicana rompe con Taiw\u00e1n: establece relaciones con China - Texas | Noti-America.com\",\"isPartOf\":{\"@id\":\"https:\/\/noti-america.com\/site\/texas\/#website\"},\"primaryImageOfPage\":{\"@id\":\"https:\/\/noti-america.com\/site\/texas\/2018\/05\/03\/rep-dominicana-rompe-con-taiwan-establece-relaciones-con-china\/#primaryimage\"},\"image\":{\"@id\":\"https:\/\/noti-america.com\/site\/texas\/2018\/05\/03\/rep-dominicana-rompe-con-taiwan-establece-relaciones-con-china\/#primaryimage\"},\"thumbnailUrl\":\"https:\/\/noti-america.com\/site\/texas\/wp-content\/uploads\/sites\/4\/2018\/05\/Rep.-Dominicana-rompe-con-Taiw\u00e1n.jpg\",\"datePublished\":\"2018-05-03T13:00:23+00:00\",\"breadcrumb\":{\"@id\":\"https:\/\/noti-america.com\/site\/texas\/2018\/05\/03\/rep-dominicana-rompe-con-taiwan-establece-relaciones-con-china\/#breadcrumb\"},\"inLanguage\":\"es\",\"potentialAction\":[{\"@type\":\"ReadAction\",\"target\":[\"https:\/\/noti-america.com\/site\/texas\/2018\/05\/03\/rep-dominicana-rompe-con-taiwan-establece-relaciones-con-china\/\"]}]},{\"@type\":\"ImageObject\",\"inLanguage\":\"es\",\"@id\":\"https:\/\/noti-america.com\/site\/texas\/2018\/05\/03\/rep-dominicana-rompe-con-taiwan-establece-relaciones-con-china\/#primaryimage\",\"url\":\"https:\/\/noti-america.com\/site\/texas\/wp-content\/uploads\/sites\/4\/2018\/05\/Rep.-Dominicana-rompe-con-Taiw\u00e1n.jpg\",\"contentUrl\":\"https:\/\/noti-america.com\/site\/texas\/wp-content\/uploads\/sites\/4\/2018\/05\/Rep.-Dominicana-rompe-con-Taiw\u00e1n.jpg\",\"width\":1023,\"height\":575,\"caption\":\"Dominican Foreign Minister Miguel Vargas, left, and Chinese Foreign Minister Wang Yi prepare to shake hands after they signed the joint communique at the Diaoyutai State Guesthouse in Beijing, Tuesday, May 1, 2018. The Dominican Republic's government announced Monday that it is establishing diplomatic relations with China and breaking diplomatic ties with Taiwan and will later recognize Taiwan as an \\\"inalienable part of Chinese territory.\\\" (AP Photo\/Andy Wong)\"},{\"@type\":\"BreadcrumbList\",\"@id\":\"https:\/\/noti-america.com\/site\/texas\/2018\/05\/03\/rep-dominicana-rompe-con-taiwan-establece-relaciones-con-china\/#breadcrumb\",\"itemListElement\":[{\"@type\":\"ListItem\",\"position\":1,\"name\":\"Portada\",\"item\":\"https:\/\/noti-america.com\/site\/texas\/\"},{\"@type\":\"ListItem\",\"position\":2,\"name\":\"Rep. Dominicana rompe con Taiw\u00e1n: establece relaciones con China\"}]},{\"@type\":\"WebSite\",\"@id\":\"https:\/\/noti-america.com\/site\/texas\/#website\",\"url\":\"https:\/\/noti-america.com\/site\/texas\/\",\"name\":\"Texas | Noti-America.com\",\"description\":\"\",\"publisher\":{\"@id\":\"https:\/\/noti-america.com\/site\/texas\/#organization\"},\"potentialAction\":[{\"@type\":\"SearchAction\",\"target\":{\"@type\":\"EntryPoint\",\"urlTemplate\":\"https:\/\/noti-america.com\/site\/texas\/?s={search_term_string}\"},\"query-input\":{\"@type\":\"PropertyValueSpecification\",\"valueRequired\":true,\"valueName\":\"search_term_string\"}}],\"inLanguage\":\"es\"},{\"@type\":\"Organization\",\"@id\":\"https:\/\/noti-america.com\/site\/texas\/#organization\",\"name\":\"Noti-America LLC | Texas-USA\",\"url\":\"https:\/\/noti-america.com\/site\/texas\/\",\"logo\":{\"@type\":\"ImageObject\",\"inLanguage\":\"es\",\"@id\":\"https:\/\/noti-america.com\/site\/texas\/#\/schema\/logo\/image\/\",\"url\":\"https:\/\/noti-america.com\/site\/us-tx\/wp-content\/uploads\/sites\/4\/2020\/07\/LogoNA-4x3-1.jpg\",\"contentUrl\":\"https:\/\/noti-america.com\/site\/us-tx\/wp-content\/uploads\/sites\/4\/2020\/07\/LogoNA-4x3-1.jpg\",\"width\":1236,\"height\":1080,\"caption\":\"Noti-America LLC | Texas-USA\"},\"image\":{\"@id\":\"https:\/\/noti-america.com\/site\/texas\/#\/schema\/logo\/image\/\"}},{\"@type\":\"Person\",\"@id\":\"https:\/\/noti-america.com\/site\/texas\/#\/schema\/person\/ae305e0187703594d7e273941bdc7f76\",\"name\":\"Redacci\u00f3n NA-TX\",\"image\":{\"@type\":\"ImageObject\",\"inLanguage\":\"es\",\"@id\":\"https:\/\/secure.gravatar.com\/avatar\/1ede8345cc79df032062efa286d5b99b0e4e5bd13e51f7cb031f715a3a43b386?s=96&d=mm&r=g\",\"url\":\"https:\/\/secure.gravatar.com\/avatar\/1ede8345cc79df032062efa286d5b99b0e4e5bd13e51f7cb031f715a3a43b386?s=96&d=mm&r=g\",\"contentUrl\":\"https:\/\/secure.gravatar.com\/avatar\/1ede8345cc79df032062efa286d5b99b0e4e5bd13e51f7cb031f715a3a43b386?s=96&d=mm&r=g\",\"caption\":\"Redacci\u00f3n NA-TX\"},\"url\":\"https:\/\/noti-america.com\/site\/texas\/author\/redacciontx\/\"}]}<\/script>\n<!-- \/ Yoast SEO Premium plugin. -->","yoast_head_json":{"title":"Rep. Dominicana rompe con Taiw\u00e1n: establece relaciones con China - Texas | Noti-America.com","robots":{"index":"index","follow":"follow","max-snippet":"max-snippet:-1","max-image-preview":"max-image-preview:large","max-video-preview":"max-video-preview:-1"},"canonical":"https:\/\/noti-america.com\/site\/texas\/2018\/05\/03\/rep-dominicana-rompe-con-taiwan-establece-relaciones-con-china\/","og_locale":"es_ES","og_type":"article","og_title":"Rep. Dominicana rompe con Taiw\u00e1n: establece relaciones con China","og_description":"Los ministros de Relaciones Exteriores de Rep\u00fablica Dominicana, Miguel Vargas, y de China, Wang Yi, se estrechan la mano luego de firmar un comunicado conjunto en Pek\u00edn. &nbsp; Fuente: https:\/\/www.voanoticias.com Rep\u00fablica Dominicana estableci\u00f3 el&#46;&#46;&#46;","og_url":"https:\/\/noti-america.com\/site\/texas\/2018\/05\/03\/rep-dominicana-rompe-con-taiwan-establece-relaciones-con-china\/","og_site_name":"Texas | Noti-America.com","article_published_time":"2018-05-03T13:00:23+00:00","og_image":[{"width":1023,"height":575,"url":"https:\/\/noti-america.com\/site\/texas\/wp-content\/uploads\/sites\/4\/2018\/05\/Rep.-Dominicana-rompe-con-Taiw\u00e1n.jpg","type":"image\/jpeg"}],"author":"Redacci\u00f3n NA-TX","twitter_card":"summary_large_image","twitter_misc":{"Escrito por":"Redacci\u00f3n NA-TX","Tiempo estimado de lectura":"2 minutos"},"schema":{"@context":"https:\/\/schema.org","@graph":[{"@type":"Article","@id":"https:\/\/noti-america.com\/site\/texas\/2018\/05\/03\/rep-dominicana-rompe-con-taiwan-establece-relaciones-con-china\/#article","isPartOf":{"@id":"https:\/\/noti-america.com\/site\/texas\/2018\/05\/03\/rep-dominicana-rompe-con-taiwan-establece-relaciones-con-china\/"},"author":{"name":"Redacci\u00f3n NA-TX","@id":"https:\/\/noti-america.com\/site\/texas\/#\/schema\/person\/ae305e0187703594d7e273941bdc7f76"},"headline":"Rep. Dominicana rompe con Taiw\u00e1n: establece relaciones con China","datePublished":"2018-05-03T13:00:23+00:00","mainEntityOfPage":{"@id":"https:\/\/noti-america.com\/site\/texas\/2018\/05\/03\/rep-dominicana-rompe-con-taiwan-establece-relaciones-con-china\/"},"wordCount":387,"commentCount":0,"publisher":{"@id":"https:\/\/noti-america.com\/site\/texas\/#organization"},"image":{"@id":"https:\/\/noti-america.com\/site\/texas\/2018\/05\/03\/rep-dominicana-rompe-con-taiwan-establece-relaciones-con-china\/#primaryimage"},"thumbnailUrl":"https:\/\/noti-america.com\/site\/texas\/wp-content\/uploads\/sites\/4\/2018\/05\/Rep.-Dominicana-rompe-con-Taiw\u00e1n.jpg","articleSection":["Uncategorized"],"inLanguage":"es","potentialAction":[{"@type":"CommentAction","name":"Comment","target":["https:\/\/noti-america.com\/site\/texas\/2018\/05\/03\/rep-dominicana-rompe-con-taiwan-establece-relaciones-con-china\/#respond"]}]},{"@type":"WebPage","@id":"https:\/\/noti-america.com\/site\/texas\/2018\/05\/03\/rep-dominicana-rompe-con-taiwan-establece-relaciones-con-china\/","url":"https:\/\/noti-america.com\/site\/texas\/2018\/05\/03\/rep-dominicana-rompe-con-taiwan-establece-relaciones-con-china\/","name":"Rep. Dominicana rompe con Taiw\u00e1n: establece relaciones con China - Texas | Noti-America.com","isPartOf":{"@id":"https:\/\/noti-america.com\/site\/texas\/#website"},"primaryImageOfPage":{"@id":"https:\/\/noti-america.com\/site\/texas\/2018\/05\/03\/rep-dominicana-rompe-con-taiwan-establece-relaciones-con-china\/#primaryimage"},"image":{"@id":"https:\/\/noti-america.com\/site\/texas\/2018\/05\/03\/rep-dominicana-rompe-con-taiwan-establece-relaciones-con-china\/#primaryimage"},"thumbnailUrl":"https:\/\/noti-america.com\/site\/texas\/wp-content\/uploads\/sites\/4\/2018\/05\/Rep.-Dominicana-rompe-con-Taiw\u00e1n.jpg","datePublished":"2018-05-03T13:00:23+00:00","breadcrumb":{"@id":"https:\/\/noti-america.com\/site\/texas\/2018\/05\/03\/rep-dominicana-rompe-con-taiwan-establece-relaciones-con-china\/#breadcrumb"},"inLanguage":"es","potentialAction":[{"@type":"ReadAction","target":["https:\/\/noti-america.com\/site\/texas\/2018\/05\/03\/rep-dominicana-rompe-con-taiwan-establece-relaciones-con-china\/"]}]},{"@type":"ImageObject","inLanguage":"es","@id":"https:\/\/noti-america.com\/site\/texas\/2018\/05\/03\/rep-dominicana-rompe-con-taiwan-establece-relaciones-con-china\/#primaryimage","url":"https:\/\/noti-america.com\/site\/texas\/wp-content\/uploads\/sites\/4\/2018\/05\/Rep.-Dominicana-rompe-con-Taiw\u00e1n.jpg","contentUrl":"https:\/\/noti-america.com\/site\/texas\/wp-content\/uploads\/sites\/4\/2018\/05\/Rep.-Dominicana-rompe-con-Taiw\u00e1n.jpg","width":1023,"height":575,"caption":"Dominican Foreign Minister Miguel Vargas, left, and Chinese Foreign Minister Wang Yi prepare to shake hands after they signed the joint communique at the Diaoyutai State Guesthouse in Beijing, Tuesday, May 1, 2018. The Dominican Republic's government announced Monday that it is establishing diplomatic relations with China and breaking diplomatic ties with Taiwan and will later recognize Taiwan as an \"inalienable part of Chinese territory.\" (AP Photo\/Andy Wong)"},{"@type":"BreadcrumbList","@id":"https:\/\/noti-america.com\/site\/texas\/2018\/05\/03\/rep-dominicana-rompe-con-taiwan-establece-relaciones-con-china\/#breadcrumb","itemListElement":[{"@type":"ListItem","position":1,"name":"Portada","item":"https:\/\/noti-america.com\/site\/texas\/"},{"@type":"ListItem","position":2,"name":"Rep. Dominicana rompe con Taiw\u00e1n: establece relaciones con China"}]},{"@type":"WebSite","@id":"https:\/\/noti-america.com\/site\/texas\/#website","url":"https:\/\/noti-america.com\/site\/texas\/","name":"Texas | Noti-America.com","description":"","publisher":{"@id":"https:\/\/noti-america.com\/site\/texas\/#organization"},"potentialAction":[{"@type":"SearchAction","target":{"@type":"EntryPoint","urlTemplate":"https:\/\/noti-america.com\/site\/texas\/?s={search_term_string}"},"query-input":{"@type":"PropertyValueSpecification","valueRequired":true,"valueName":"search_term_string"}}],"inLanguage":"es"},{"@type":"Organization","@id":"https:\/\/noti-america.com\/site\/texas\/#organization","name":"Noti-America LLC | Texas-USA","url":"https:\/\/noti-america.com\/site\/texas\/","logo":{"@type":"ImageObject","inLanguage":"es","@id":"https:\/\/noti-america.com\/site\/texas\/#\/schema\/logo\/image\/","url":"https:\/\/noti-america.com\/site\/us-tx\/wp-content\/uploads\/sites\/4\/2020\/07\/LogoNA-4x3-1.jpg","contentUrl":"https:\/\/noti-america.com\/site\/us-tx\/wp-content\/uploads\/sites\/4\/2020\/07\/LogoNA-4x3-1.jpg","width":1236,"height":1080,"caption":"Noti-America LLC | Texas-USA"},"image":{"@id":"https:\/\/noti-america.com\/site\/texas\/#\/schema\/logo\/image\/"}},{"@type":"Person","@id":"https:\/\/noti-america.com\/site\/texas\/#\/schema\/person\/ae305e0187703594d7e273941bdc7f76","name":"Redacci\u00f3n NA-TX","image":{"@type":"ImageObject","inLanguage":"es","@id":"https:\/\/secure.gravatar.com\/avatar\/1ede8345cc79df032062efa286d5b99b0e4e5bd13e51f7cb031f715a3a43b386?s=96&d=mm&r=g","url":"https:\/\/secure.gravatar.com\/avatar\/1ede8345cc79df032062efa286d5b99b0e4e5bd13e51f7cb031f715a3a43b386?s=96&d=mm&r=g","contentUrl":"https:\/\/secure.gravatar.com\/avatar\/1ede8345cc79df032062efa286d5b99b0e4e5bd13e51f7cb031f715a3a43b386?s=96&d=mm&r=g","caption":"Redacci\u00f3n NA-TX"},"url":"https:\/\/noti-america.com\/site\/texas\/author\/redacciontx\/"}]}},"_links":{"self":[{"href":"https:\/\/noti-america.com\/site\/texas\/wp-json\/wp\/v2\/posts\/2329","targetHints":{"allow":["GET"]}}],"collection":[{"href":"https:\/\/noti-america.com\/site\/texas\/wp-json\/wp\/v2\/posts"}],"about":[{"href":"https:\/\/noti-america.com\/site\/texas\/wp-json\/wp\/v2\/types\/post"}],"author":[{"embeddable":true,"href":"https:\/\/noti-america.com\/site\/texas\/wp-json\/wp\/v2\/users\/30"}],"replies":[{"embeddable":true,"href":"https:\/\/noti-america.com\/site\/texas\/wp-json\/wp\/v2\/comments?post=2329"}],"version-history":[{"count":1,"href":"https:\/\/noti-america.com\/site\/texas\/wp-json\/wp\/v2\/posts\/2329\/revisions"}],"predecessor-version":[{"id":2331,"href":"https:\/\/noti-america.com\/site\/texas\/wp-json\/wp\/v2\/posts\/2329\/revisions\/2331"}],"wp:featuredmedia":[{"embeddable":true,"href":"https:\/\/noti-america.com\/site\/texas\/wp-json\/wp\/v2\/media\/2330"}],"wp:attachment":[{"href":"https:\/\/noti-america.com\/site\/texas\/wp-json\/wp\/v2\/media?parent=2329"}],"wp:term":[{"taxonomy":"category","embeddable":true,"href":"https:\/\/noti-america.com\/site\/texas\/wp-json\/wp\/v2\/categories?post=2329"},{"taxonomy":"post_tag","embeddable":true,"href":"https:\/\/noti-america.com\/site\/texas\/wp-json\/wp\/v2\/tags?post=2329"}],"curies":[{"name":"wp","href":"https:\/\/api.w.org\/{rel}","templated":true}]}}