{"id":1879,"date":"2018-04-12T06:51:52","date_gmt":"2018-04-12T11:51:52","guid":{"rendered":"http:\/\/noti-america.com\/site\/us-tx\/?p=1879"},"modified":"2018-04-12T06:51:52","modified_gmt":"2018-04-12T11:51:52","slug":"ecuador-pide-reunion-a-colombia-para-analizar-secuestro-de-periodistas","status":"publish","type":"post","link":"https:\/\/noti-america.com\/site\/texas\/2018\/04\/12\/ecuador-pide-reunion-a-colombia-para-analizar-secuestro-de-periodistas\/","title":{"rendered":"Ecuador pide reuni\u00f3n a Colombia para analizar secuestro de periodistas"},"content":{"rendered":"<header>\n<h4>El jefe de Estado ecuatoriano le propuso un encuentro a su hom\u00f3logo colombiano durante la Cumbre de las Am\u00e9ricas, que inicia este viernes en Lima, Per\u00fa.<\/h4>\n<p class=\"post-meta clearfix selectionShareable\"><span class=\"fa fa-categories donotprint\">\u00a0<\/span><span class=\"fa fa-map-marker\">\u00a0<\/span><span class=\"donotprint pull-right\">\u00a0<i class=\"fa fa-linkedin-square fa-lg\"><\/i>\u00a0<\/span><img decoding=\"async\" class=\"open-popup img-responsive\" src=\"https:\/\/cdnuploads.aa.com.tr\/uploads\/Contents\/2018\/04\/11\/thumbs_b_c_9604cabc1be998fc17a0e469ee6ef818.jpg?v=041138\" alt=\"Ecuador pide reuni\u00f3n a Colombia para analizar secuestro de periodistas\" \/><\/p>\n<\/header>\n<div class=\"head-image thumb-wrap relative\">\n<div class=\"newsIcons donotprint\">\n<div class=\"newsIconsdiv\" style=\"text-align: center\">\u00a0Len\u00edn Moreno, presidente de Ecuador. (Foto &#8211; Presidencia de Ecuador).<\/div>\n<\/div>\n<\/div>\n<div class=\"article-post-content\">\n<p>&nbsp;<\/p>\n<p><em><strong><span class=\"fa fa-categories donotprint\">Fuente:\u00a0https:\/\/m.aa.com.tr \/\u00a0<\/span><span class=\"fa fa-user\">Diego Camilo Carranza Jim\u00e9nez<\/span>\u00a0<\/strong><\/em><\/p>\n<p class=\"selectionShareable\">El presidente de Ecuador, Len\u00edn Moreno, le propuso a su hom\u00f3logo colombiano Juan Manuel Santos, reunirse durante la VIII Cumbre de las Am\u00e9ricas para tratar el secuestro de los periodistas del diario El Comercio.<\/p>\n<p class=\"selectionShareable\">En el encuentro en Lima, Per\u00fa, los mandatarios analizar\u00edan nuevamente la situaci\u00f3n en la provincia de Esmeraldas, en la frontera con Colombia, en la que en los \u00faltimos meses se han registrado varios atentados con explosivos, inform\u00f3 el Ministerio ecuatoriano de Exteriores.<\/p>\n<p class=\"selectionShareable\">As\u00ed lo inform\u00f3 la canciller de Ecuador, Mar\u00eda Fernanda Espinosa, durante un encuentro que tuvo lugar este martes con familiares y compa\u00f1eros de los comunicadores retenidos.<\/p>\n<p class=\"selectionShareable\">Los asistentes mostraron su \u201cinquietud por el silencio\u201d que perciben del lado colombiano y pidieron un canal abierto de comunicaci\u00f3n. Tambi\u00e9n presentaron una petici\u00f3n firmada por 500 personas para exigir informaci\u00f3n y acciones de Colombia sobre la situaci\u00f3n.<\/p>\n<p class=\"selectionShareable\">Espinosa reiter\u00f3 que mantiene una comunicaci\u00f3n constante con su hom\u00f3loga colombiana, Mar\u00eda \u00c1ngela Holgu\u00edn.<\/p>\n<p class=\"selectionShareable\">\u201cTenemos muy pocas respuestas al respecto. Entendemos que hay una comunicaci\u00f3n, pero no sabemos a qu\u00e9 nivel se est\u00e1n realizando porque no vemos resultados\u201d, dijo \u00c1ngela Men\u00e9ndez, del colectivo de periodistas presentes en la cita con la ministra ecuatoriana, al diario El Comercio.<\/p>\n<p class=\"selectionShareable\">El reportero Javier Ortega, el fot\u00f3grafo Pa\u00fal Rivas y el conductor Efra\u00edn Segarra fueron retenidos el 26 de marzo pasado en la localidad de Mataje, en la provincia ecuatoriana de Esmeraldas (fronteriza con Colombia), por una facci\u00f3n liderada por alias \u2018Guacho\u2019, disidente de la exguerrilla de las Farc.<\/p>\n<hr \/>\n<div><\/div>\n<\/div>\n","protected":false},"excerpt":{"rendered":"<p>El jefe de Estado ecuatoriano le propuso un encuentro a su hom\u00f3logo colombiano durante la Cumbre de las Am\u00e9ricas, que inicia este viernes en Lima, Per\u00fa. \u00a0\u00a0\u00a0\u00a0 \u00a0Len\u00edn Moreno, presidente de Ecuador. (Foto &#8211;&#46;&#46;&#46;<\/p>\n","protected":false},"author":30,"featured_media":1880,"comment_status":"open","ping_status":"open","sticky":false,"template":"","format":"standard","meta":{"_acf_changed":false,"rop_custom_images_group":[],"rop_custom_messages_group":[],"rop_publish_now":"initial","rop_publish_now_accounts":{"twitter_242054905_242054905":""},"rop_publish_now_history":[],"rop_publish_now_status":"pending","footnotes":""},"categories":[3],"tags":[],"class_list":["post-1879","post","type-post","status-publish","format-standard","has-post-thumbnail","hentry","category-politica"],"acf":[],"yoast_head":"<!-- This site is optimized with the Yoast SEO Premium plugin v24.9 (Yoast SEO v27.2) - https:\/\/yoast.com\/product\/yoast-seo-premium-wordpress\/ -->\n<title>Ecuador pide reuni\u00f3n a Colombia para analizar secuestro de periodistas - Texas | Noti-America.com<\/title>\n<meta name=\"robots\" content=\"index, follow, max-snippet:-1, max-image-preview:large, max-video-preview:-1\" \/>\n<link rel=\"canonical\" href=\"https:\/\/noti-america.com\/site\/texas\/2018\/04\/12\/ecuador-pide-reunion-a-colombia-para-analizar-secuestro-de-periodistas\/\" \/>\n<meta property=\"og:locale\" content=\"es_ES\" \/>\n<meta property=\"og:type\" content=\"article\" \/>\n<meta property=\"og:title\" content=\"Ecuador pide reuni\u00f3n a Colombia para analizar secuestro de periodistas\" \/>\n<meta property=\"og:description\" content=\"El jefe de Estado ecuatoriano le propuso un encuentro a su hom\u00f3logo colombiano durante la Cumbre de las Am\u00e9ricas, que inicia este viernes en Lima, Per\u00fa. \u00a0\u00a0\u00a0\u00a0 \u00a0Len\u00edn Moreno, presidente de Ecuador. (Foto &#8211;&#046;&#046;&#046;\" \/>\n<meta property=\"og:url\" content=\"https:\/\/noti-america.com\/site\/texas\/2018\/04\/12\/ecuador-pide-reunion-a-colombia-para-analizar-secuestro-de-periodistas\/\" \/>\n<meta property=\"og:site_name\" content=\"Texas | Noti-America.com\" \/>\n<meta property=\"article:published_time\" content=\"2018-04-12T11:51:52+00:00\" \/>\n<meta property=\"og:image\" content=\"https:\/\/noti-america.com\/site\/texas\/wp-content\/uploads\/sites\/4\/2018\/04\/Lenyn_Moreno_presidente_de_Ecuador-1023x575.jpg\" \/>\n\t<meta property=\"og:image:width\" content=\"1023\" \/>\n\t<meta property=\"og:image:height\" content=\"575\" \/>\n\t<meta property=\"og:image:type\" content=\"image\/jpeg\" \/>\n<meta name=\"author\" content=\"Redacci\u00f3n NA-TX\" \/>\n<meta name=\"twitter:card\" content=\"summary_large_image\" \/>\n<meta name=\"twitter:label1\" content=\"Escrito por\" \/>\n\t<meta name=\"twitter:data1\" content=\"Redacci\u00f3n NA-TX\" \/>\n\t<meta name=\"twitter:label2\" content=\"Tiempo estimado de lectura\" \/>\n\t<meta name=\"twitter:data2\" content=\"2 minutos\" \/>\n<script type=\"application\/ld+json\" class=\"yoast-schema-graph\">{\"@context\":\"https:\/\/schema.org\",\"@graph\":[{\"@type\":\"Article\",\"@id\":\"https:\/\/noti-america.com\/site\/texas\/2018\/04\/12\/ecuador-pide-reunion-a-colombia-para-analizar-secuestro-de-periodistas\/#article\",\"isPartOf\":{\"@id\":\"https:\/\/noti-america.com\/site\/texas\/2018\/04\/12\/ecuador-pide-reunion-a-colombia-para-analizar-secuestro-de-periodistas\/\"},\"author\":{\"name\":\"Redacci\u00f3n NA-TX\",\"@id\":\"https:\/\/noti-america.com\/site\/texas\/#\/schema\/person\/ae305e0187703594d7e273941bdc7f76\"},\"headline\":\"Ecuador pide reuni\u00f3n a Colombia para analizar secuestro de periodistas\",\"datePublished\":\"2018-04-12T11:51:52+00:00\",\"mainEntityOfPage\":{\"@id\":\"https:\/\/noti-america.com\/site\/texas\/2018\/04\/12\/ecuador-pide-reunion-a-colombia-para-analizar-secuestro-de-periodistas\/\"},\"wordCount\":328,\"commentCount\":0,\"publisher\":{\"@id\":\"https:\/\/noti-america.com\/site\/texas\/#organization\"},\"image\":{\"@id\":\"https:\/\/noti-america.com\/site\/texas\/2018\/04\/12\/ecuador-pide-reunion-a-colombia-para-analizar-secuestro-de-periodistas\/#primaryimage\"},\"thumbnailUrl\":\"https:\/\/noti-america.com\/site\/texas\/wp-content\/uploads\/sites\/4\/2018\/04\/Lenyn_Moreno_presidente_de_Ecuador-1023x575.jpg\",\"articleSection\":[\"Pol\u00edtica\"],\"inLanguage\":\"es\",\"potentialAction\":[{\"@type\":\"CommentAction\",\"name\":\"Comment\",\"target\":[\"https:\/\/noti-america.com\/site\/texas\/2018\/04\/12\/ecuador-pide-reunion-a-colombia-para-analizar-secuestro-de-periodistas\/#respond\"]}]},{\"@type\":\"WebPage\",\"@id\":\"https:\/\/noti-america.com\/site\/texas\/2018\/04\/12\/ecuador-pide-reunion-a-colombia-para-analizar-secuestro-de-periodistas\/\",\"url\":\"https:\/\/noti-america.com\/site\/texas\/2018\/04\/12\/ecuador-pide-reunion-a-colombia-para-analizar-secuestro-de-periodistas\/\",\"name\":\"Ecuador pide reuni\u00f3n a Colombia para analizar secuestro de periodistas - Texas | Noti-America.com\",\"isPartOf\":{\"@id\":\"https:\/\/noti-america.com\/site\/texas\/#website\"},\"primaryImageOfPage\":{\"@id\":\"https:\/\/noti-america.com\/site\/texas\/2018\/04\/12\/ecuador-pide-reunion-a-colombia-para-analizar-secuestro-de-periodistas\/#primaryimage\"},\"image\":{\"@id\":\"https:\/\/noti-america.com\/site\/texas\/2018\/04\/12\/ecuador-pide-reunion-a-colombia-para-analizar-secuestro-de-periodistas\/#primaryimage\"},\"thumbnailUrl\":\"https:\/\/noti-america.com\/site\/texas\/wp-content\/uploads\/sites\/4\/2018\/04\/Lenyn_Moreno_presidente_de_Ecuador-1023x575.jpg\",\"datePublished\":\"2018-04-12T11:51:52+00:00\",\"breadcrumb\":{\"@id\":\"https:\/\/noti-america.com\/site\/texas\/2018\/04\/12\/ecuador-pide-reunion-a-colombia-para-analizar-secuestro-de-periodistas\/#breadcrumb\"},\"inLanguage\":\"es\",\"potentialAction\":[{\"@type\":\"ReadAction\",\"target\":[\"https:\/\/noti-america.com\/site\/texas\/2018\/04\/12\/ecuador-pide-reunion-a-colombia-para-analizar-secuestro-de-periodistas\/\"]}]},{\"@type\":\"ImageObject\",\"inLanguage\":\"es\",\"@id\":\"https:\/\/noti-america.com\/site\/texas\/2018\/04\/12\/ecuador-pide-reunion-a-colombia-para-analizar-secuestro-de-periodistas\/#primaryimage\",\"url\":\"https:\/\/noti-america.com\/site\/texas\/wp-content\/uploads\/sites\/4\/2018\/04\/Lenyn_Moreno_presidente_de_Ecuador-1023x575.jpg\",\"contentUrl\":\"https:\/\/noti-america.com\/site\/texas\/wp-content\/uploads\/sites\/4\/2018\/04\/Lenyn_Moreno_presidente_de_Ecuador-1023x575.jpg\",\"width\":1023,\"height\":575},{\"@type\":\"BreadcrumbList\",\"@id\":\"https:\/\/noti-america.com\/site\/texas\/2018\/04\/12\/ecuador-pide-reunion-a-colombia-para-analizar-secuestro-de-periodistas\/#breadcrumb\",\"itemListElement\":[{\"@type\":\"ListItem\",\"position\":1,\"name\":\"Portada\",\"item\":\"https:\/\/noti-america.com\/site\/texas\/\"},{\"@type\":\"ListItem\",\"position\":2,\"name\":\"Ecuador pide reuni\u00f3n a Colombia para analizar secuestro de periodistas\"}]},{\"@type\":\"WebSite\",\"@id\":\"https:\/\/noti-america.com\/site\/texas\/#website\",\"url\":\"https:\/\/noti-america.com\/site\/texas\/\",\"name\":\"Texas | Noti-America.com\",\"description\":\"\",\"publisher\":{\"@id\":\"https:\/\/noti-america.com\/site\/texas\/#organization\"},\"potentialAction\":[{\"@type\":\"SearchAction\",\"target\":{\"@type\":\"EntryPoint\",\"urlTemplate\":\"https:\/\/noti-america.com\/site\/texas\/?s={search_term_string}\"},\"query-input\":{\"@type\":\"PropertyValueSpecification\",\"valueRequired\":true,\"valueName\":\"search_term_string\"}}],\"inLanguage\":\"es\"},{\"@type\":\"Organization\",\"@id\":\"https:\/\/noti-america.com\/site\/texas\/#organization\",\"name\":\"Noti-America LLC | Texas-USA\",\"url\":\"https:\/\/noti-america.com\/site\/texas\/\",\"logo\":{\"@type\":\"ImageObject\",\"inLanguage\":\"es\",\"@id\":\"https:\/\/noti-america.com\/site\/texas\/#\/schema\/logo\/image\/\",\"url\":\"https:\/\/noti-america.com\/site\/us-tx\/wp-content\/uploads\/sites\/4\/2020\/07\/LogoNA-4x3-1.jpg\",\"contentUrl\":\"https:\/\/noti-america.com\/site\/us-tx\/wp-content\/uploads\/sites\/4\/2020\/07\/LogoNA-4x3-1.jpg\",\"width\":1236,\"height\":1080,\"caption\":\"Noti-America LLC | Texas-USA\"},\"image\":{\"@id\":\"https:\/\/noti-america.com\/site\/texas\/#\/schema\/logo\/image\/\"}},{\"@type\":\"Person\",\"@id\":\"https:\/\/noti-america.com\/site\/texas\/#\/schema\/person\/ae305e0187703594d7e273941bdc7f76\",\"name\":\"Redacci\u00f3n NA-TX\",\"image\":{\"@type\":\"ImageObject\",\"inLanguage\":\"es\",\"@id\":\"https:\/\/secure.gravatar.com\/avatar\/1ede8345cc79df032062efa286d5b99b0e4e5bd13e51f7cb031f715a3a43b386?s=96&d=mm&r=g\",\"url\":\"https:\/\/secure.gravatar.com\/avatar\/1ede8345cc79df032062efa286d5b99b0e4e5bd13e51f7cb031f715a3a43b386?s=96&d=mm&r=g\",\"contentUrl\":\"https:\/\/secure.gravatar.com\/avatar\/1ede8345cc79df032062efa286d5b99b0e4e5bd13e51f7cb031f715a3a43b386?s=96&d=mm&r=g\",\"caption\":\"Redacci\u00f3n NA-TX\"},\"url\":\"https:\/\/noti-america.com\/site\/texas\/author\/redacciontx\/\"}]}<\/script>\n<!-- \/ Yoast SEO Premium plugin. -->","yoast_head_json":{"title":"Ecuador pide reuni\u00f3n a Colombia para analizar secuestro de periodistas - Texas | Noti-America.com","robots":{"index":"index","follow":"follow","max-snippet":"max-snippet:-1","max-image-preview":"max-image-preview:large","max-video-preview":"max-video-preview:-1"},"canonical":"https:\/\/noti-america.com\/site\/texas\/2018\/04\/12\/ecuador-pide-reunion-a-colombia-para-analizar-secuestro-de-periodistas\/","og_locale":"es_ES","og_type":"article","og_title":"Ecuador pide reuni\u00f3n a Colombia para analizar secuestro de periodistas","og_description":"El jefe de Estado ecuatoriano le propuso un encuentro a su hom\u00f3logo colombiano durante la Cumbre de las Am\u00e9ricas, que inicia este viernes en Lima, Per\u00fa. \u00a0\u00a0\u00a0\u00a0 \u00a0Len\u00edn Moreno, presidente de Ecuador. (Foto &#8211;&#46;&#46;&#46;","og_url":"https:\/\/noti-america.com\/site\/texas\/2018\/04\/12\/ecuador-pide-reunion-a-colombia-para-analizar-secuestro-de-periodistas\/","og_site_name":"Texas | Noti-America.com","article_published_time":"2018-04-12T11:51:52+00:00","og_image":[{"width":1023,"height":575,"url":"https:\/\/noti-america.com\/site\/texas\/wp-content\/uploads\/sites\/4\/2018\/04\/Lenyn_Moreno_presidente_de_Ecuador-1023x575.jpg","type":"image\/jpeg"}],"author":"Redacci\u00f3n NA-TX","twitter_card":"summary_large_image","twitter_misc":{"Escrito por":"Redacci\u00f3n NA-TX","Tiempo estimado de lectura":"2 minutos"},"schema":{"@context":"https:\/\/schema.org","@graph":[{"@type":"Article","@id":"https:\/\/noti-america.com\/site\/texas\/2018\/04\/12\/ecuador-pide-reunion-a-colombia-para-analizar-secuestro-de-periodistas\/#article","isPartOf":{"@id":"https:\/\/noti-america.com\/site\/texas\/2018\/04\/12\/ecuador-pide-reunion-a-colombia-para-analizar-secuestro-de-periodistas\/"},"author":{"name":"Redacci\u00f3n NA-TX","@id":"https:\/\/noti-america.com\/site\/texas\/#\/schema\/person\/ae305e0187703594d7e273941bdc7f76"},"headline":"Ecuador pide reuni\u00f3n a Colombia para analizar secuestro de periodistas","datePublished":"2018-04-12T11:51:52+00:00","mainEntityOfPage":{"@id":"https:\/\/noti-america.com\/site\/texas\/2018\/04\/12\/ecuador-pide-reunion-a-colombia-para-analizar-secuestro-de-periodistas\/"},"wordCount":328,"commentCount":0,"publisher":{"@id":"https:\/\/noti-america.com\/site\/texas\/#organization"},"image":{"@id":"https:\/\/noti-america.com\/site\/texas\/2018\/04\/12\/ecuador-pide-reunion-a-colombia-para-analizar-secuestro-de-periodistas\/#primaryimage"},"thumbnailUrl":"https:\/\/noti-america.com\/site\/texas\/wp-content\/uploads\/sites\/4\/2018\/04\/Lenyn_Moreno_presidente_de_Ecuador-1023x575.jpg","articleSection":["Pol\u00edtica"],"inLanguage":"es","potentialAction":[{"@type":"CommentAction","name":"Comment","target":["https:\/\/noti-america.com\/site\/texas\/2018\/04\/12\/ecuador-pide-reunion-a-colombia-para-analizar-secuestro-de-periodistas\/#respond"]}]},{"@type":"WebPage","@id":"https:\/\/noti-america.com\/site\/texas\/2018\/04\/12\/ecuador-pide-reunion-a-colombia-para-analizar-secuestro-de-periodistas\/","url":"https:\/\/noti-america.com\/site\/texas\/2018\/04\/12\/ecuador-pide-reunion-a-colombia-para-analizar-secuestro-de-periodistas\/","name":"Ecuador pide reuni\u00f3n a Colombia para analizar secuestro de periodistas - Texas | Noti-America.com","isPartOf":{"@id":"https:\/\/noti-america.com\/site\/texas\/#website"},"primaryImageOfPage":{"@id":"https:\/\/noti-america.com\/site\/texas\/2018\/04\/12\/ecuador-pide-reunion-a-colombia-para-analizar-secuestro-de-periodistas\/#primaryimage"},"image":{"@id":"https:\/\/noti-america.com\/site\/texas\/2018\/04\/12\/ecuador-pide-reunion-a-colombia-para-analizar-secuestro-de-periodistas\/#primaryimage"},"thumbnailUrl":"https:\/\/noti-america.com\/site\/texas\/wp-content\/uploads\/sites\/4\/2018\/04\/Lenyn_Moreno_presidente_de_Ecuador-1023x575.jpg","datePublished":"2018-04-12T11:51:52+00:00","breadcrumb":{"@id":"https:\/\/noti-america.com\/site\/texas\/2018\/04\/12\/ecuador-pide-reunion-a-colombia-para-analizar-secuestro-de-periodistas\/#breadcrumb"},"inLanguage":"es","potentialAction":[{"@type":"ReadAction","target":["https:\/\/noti-america.com\/site\/texas\/2018\/04\/12\/ecuador-pide-reunion-a-colombia-para-analizar-secuestro-de-periodistas\/"]}]},{"@type":"ImageObject","inLanguage":"es","@id":"https:\/\/noti-america.com\/site\/texas\/2018\/04\/12\/ecuador-pide-reunion-a-colombia-para-analizar-secuestro-de-periodistas\/#primaryimage","url":"https:\/\/noti-america.com\/site\/texas\/wp-content\/uploads\/sites\/4\/2018\/04\/Lenyn_Moreno_presidente_de_Ecuador-1023x575.jpg","contentUrl":"https:\/\/noti-america.com\/site\/texas\/wp-content\/uploads\/sites\/4\/2018\/04\/Lenyn_Moreno_presidente_de_Ecuador-1023x575.jpg","width":1023,"height":575},{"@type":"BreadcrumbList","@id":"https:\/\/noti-america.com\/site\/texas\/2018\/04\/12\/ecuador-pide-reunion-a-colombia-para-analizar-secuestro-de-periodistas\/#breadcrumb","itemListElement":[{"@type":"ListItem","position":1,"name":"Portada","item":"https:\/\/noti-america.com\/site\/texas\/"},{"@type":"ListItem","position":2,"name":"Ecuador pide reuni\u00f3n a Colombia para analizar secuestro de periodistas"}]},{"@type":"WebSite","@id":"https:\/\/noti-america.com\/site\/texas\/#website","url":"https:\/\/noti-america.com\/site\/texas\/","name":"Texas | Noti-America.com","description":"","publisher":{"@id":"https:\/\/noti-america.com\/site\/texas\/#organization"},"potentialAction":[{"@type":"SearchAction","target":{"@type":"EntryPoint","urlTemplate":"https:\/\/noti-america.com\/site\/texas\/?s={search_term_string}"},"query-input":{"@type":"PropertyValueSpecification","valueRequired":true,"valueName":"search_term_string"}}],"inLanguage":"es"},{"@type":"Organization","@id":"https:\/\/noti-america.com\/site\/texas\/#organization","name":"Noti-America LLC | Texas-USA","url":"https:\/\/noti-america.com\/site\/texas\/","logo":{"@type":"ImageObject","inLanguage":"es","@id":"https:\/\/noti-america.com\/site\/texas\/#\/schema\/logo\/image\/","url":"https:\/\/noti-america.com\/site\/us-tx\/wp-content\/uploads\/sites\/4\/2020\/07\/LogoNA-4x3-1.jpg","contentUrl":"https:\/\/noti-america.com\/site\/us-tx\/wp-content\/uploads\/sites\/4\/2020\/07\/LogoNA-4x3-1.jpg","width":1236,"height":1080,"caption":"Noti-America LLC | Texas-USA"},"image":{"@id":"https:\/\/noti-america.com\/site\/texas\/#\/schema\/logo\/image\/"}},{"@type":"Person","@id":"https:\/\/noti-america.com\/site\/texas\/#\/schema\/person\/ae305e0187703594d7e273941bdc7f76","name":"Redacci\u00f3n NA-TX","image":{"@type":"ImageObject","inLanguage":"es","@id":"https:\/\/secure.gravatar.com\/avatar\/1ede8345cc79df032062efa286d5b99b0e4e5bd13e51f7cb031f715a3a43b386?s=96&d=mm&r=g","url":"https:\/\/secure.gravatar.com\/avatar\/1ede8345cc79df032062efa286d5b99b0e4e5bd13e51f7cb031f715a3a43b386?s=96&d=mm&r=g","contentUrl":"https:\/\/secure.gravatar.com\/avatar\/1ede8345cc79df032062efa286d5b99b0e4e5bd13e51f7cb031f715a3a43b386?s=96&d=mm&r=g","caption":"Redacci\u00f3n NA-TX"},"url":"https:\/\/noti-america.com\/site\/texas\/author\/redacciontx\/"}]}},"_links":{"self":[{"href":"https:\/\/noti-america.com\/site\/texas\/wp-json\/wp\/v2\/posts\/1879","targetHints":{"allow":["GET"]}}],"collection":[{"href":"https:\/\/noti-america.com\/site\/texas\/wp-json\/wp\/v2\/posts"}],"about":[{"href":"https:\/\/noti-america.com\/site\/texas\/wp-json\/wp\/v2\/types\/post"}],"author":[{"embeddable":true,"href":"https:\/\/noti-america.com\/site\/texas\/wp-json\/wp\/v2\/users\/30"}],"replies":[{"embeddable":true,"href":"https:\/\/noti-america.com\/site\/texas\/wp-json\/wp\/v2\/comments?post=1879"}],"version-history":[{"count":1,"href":"https:\/\/noti-america.com\/site\/texas\/wp-json\/wp\/v2\/posts\/1879\/revisions"}],"predecessor-version":[{"id":1881,"href":"https:\/\/noti-america.com\/site\/texas\/wp-json\/wp\/v2\/posts\/1879\/revisions\/1881"}],"wp:featuredmedia":[{"embeddable":true,"href":"https:\/\/noti-america.com\/site\/texas\/wp-json\/wp\/v2\/media\/1880"}],"wp:attachment":[{"href":"https:\/\/noti-america.com\/site\/texas\/wp-json\/wp\/v2\/media?parent=1879"}],"wp:term":[{"taxonomy":"category","embeddable":true,"href":"https:\/\/noti-america.com\/site\/texas\/wp-json\/wp\/v2\/categories?post=1879"},{"taxonomy":"post_tag","embeddable":true,"href":"https:\/\/noti-america.com\/site\/texas\/wp-json\/wp\/v2\/tags?post=1879"}],"curies":[{"name":"wp","href":"https:\/\/api.w.org\/{rel}","templated":true}]}}