{"id":17397,"date":"2020-01-20T09:00:02","date_gmt":"2020-01-20T14:00:02","guid":{"rendered":"http:\/\/noti-america.com\/site\/us-tx\/?p=17397"},"modified":"2020-01-20T09:00:02","modified_gmt":"2020-01-20T14:00:02","slug":"juan-guaido-se-reunira-con-el-secretario-de-estado-de-ee-uu-en-colombia","status":"publish","type":"post","link":"https:\/\/noti-america.com\/site\/texas\/2020\/01\/20\/juan-guaido-se-reunira-con-el-secretario-de-estado-de-ee-uu-en-colombia\/","title":{"rendered":"Juan Guaid\u00f3 se reunir\u00e1 con el secretario de Estado de EE.UU. en Colombia"},"content":{"rendered":"<div class=\"main new-front\">\n<div class=\"container-wrapper\">\n<div class=\"col-left\">\n<div class=\"region region-content-main\">\n<div id=\"block-system-main\" class=\"block block-system\">\n<div class=\"content\">\n<div class=\"col-full new-article\">\n<section id=\"featured\">\n<div class=\"first headline new-article-header\">\n<div>\n<h3 style=\"text-align: center;\"><\/h3>\n<h3 style=\"text-align: center;\"><span style=\"color: #000000;\">El\u00a0 pol\u00edtico venezolano participar\u00e1 este lunes en la Cumbre Hemisf\u00e9rica de Lucha contra el Terrorismo.<\/span><\/h3>\n<\/div>\n<div class=\"separator first\"><\/div>\n<div class=\"cover-ae\"><img decoding=\"async\" src=\"https:\/\/www.americaeconomia.com\/sites\/7.americaeconomia.com\/files\/styles\/ae_main\/public\/field\/image\/juangua_0.jpg?itok=Z1GCt1J3\" \/><\/div>\n<h5 style=\"text-align: center;\"><em><span style=\"color: #000000;\">\u00abDamos la bienvenida al presidente de Venezuela @jguaido a Colombia. Esta tarde sostendremos un encuentro de trabajo. As\u00ed mismo, el presidente @jguaido participar\u00e1, este lunes, en Cumbre Hemisf\u00e9rica de Lucha contra el Terrorismo\u00bb, dijo Duque en su cuenta de Twitter.<\/span><\/em><\/h5>\n<div class=\"summary\"><\/div>\n<\/div>\n<div class=\"separator second\"><\/div>\n<div class=\"new-article-body\">\n<div class=\"share_box\">\n<div class=\"share-vertical\">\n<div id=\"share-button-f\" class=\"share-button\">\n<div class=\"sb\"><\/div>\n<\/div>\n<div id=\"share-button-l\" class=\"share-button\">\n<div class=\"sb\"><\/div>\n<\/div>\n<div id=\"share-button-t\" class=\"share-button\">\n<div class=\"sb\"><\/div>\n<\/div>\n<p><strong><strong><span style=\"color: #333399;\"><em>Fuente: https:\/\/www.americaeconomia.com<\/em><\/span><\/strong><\/strong><\/p>\n<hr \/>\n<div id=\"share-button-g\" class=\"share-button\">\n<div class=\"sb\"><\/div>\n<\/div>\n<\/div>\n<\/div>\n<div id=\"article-first\" class=\"article-body\">\n<h3 style=\"text-align: center;\"><em><span style=\"color: #000000;\">El l\u00edder de la oposici\u00f3n venezolana, Juan Guaid\u00f3, se reunir\u00e1 este lunes en Bogot\u00e1 con el secretario de Estado de Estados Unidos, Mike Pompeo, en una reuni\u00f3n regional contra el terrorismo, inform\u00f3 este domingo el presidente de Colombia, Iv\u00e1n Duque.<\/span><\/em><\/h3>\n<h4><\/h4>\n<h4><\/h4>\n<h4><\/h4>\n<h4><\/h4>\n<h4><span style=\"color: #000000;\">El mandatario colombiano anunci\u00f3 en su cuenta de Twitter que se reunir\u00e1 con Guaid\u00f3 este domingo en la tarde y que el pol\u00edtico venezolano participar\u00e1 este lunes en la Cumbre Hemisf\u00e9rica de Lucha contra el Terrorismo.<\/span><\/h4>\n<h4><span style=\"color: #000000;\">\u00abDamos la bienvenida al presidente de Venezuela @jguaido a Colombia. Esta tarde sostendremos un encuentro de trabajo. As\u00ed mismo, el presidente @jguaido participar\u00e1, este lunes, en Cumbre Hemisf\u00e9rica de Lucha contra el Terrorismo\u00bb, dijo Duque en su cuenta de Twitter.<\/span><\/h4>\n<h4 id=\"slot_intext\"><\/h4>\n<h4><span style=\"color: #000000;\">Guaid\u00f3 no sale de Venezuela desde febrero pasado, cuando desafi\u00f3 la prohibici\u00f3n de viajar impuesta por una corte y fue a la vecina Colombia para organizar un esfuerzo respaldado por Estados Unidos para transportar cargamentos de ayuda a trav\u00e9s de la frontera, que fue bloqueado por tropas leales al presidente Nicol\u00e1s Maduro.<\/span><\/h4>\n<h4><span style=\"color: #000000;\">El l\u00edder opositor venezolano dijo en su cuenta de Twitter que ya se encontraba en Colombia y agradeci\u00f3 al presidente Duque por \u00absu apoyo a la lucha del pueblo venezolano\u00bb.<\/span><\/h4>\n<h4><span style=\"color: #000000;\">Estados Unidos, junto con otras 50 naciones, reconoce a Guaid\u00f3 como el jefe leg\u00edtimo de Estado de Venezuela desde enero de 2019 cuando invoc\u00f3 la Constituci\u00f3n como jefe del Congreso y declar\u00f3 a Maduro un usurpador.<\/span><\/h4>\n<h4><span style=\"color: #000000;\">Pero un a\u00f1o despu\u00e9s Maduro contin\u00faa en el poder a pesar de una campa\u00f1a de Estados Unidos para cortar las fuentes de financiamiento de su gobierno mediante la imposici\u00f3n de sanciones al vital sector petrolero de Venezuela, y a los intentos de Guaid\u00f3 de alentar a los militares a rebelarse.<\/span><\/h4>\n<h4><span style=\"color: #000000;\">A comienzos de este mes el Gobierno de Maduro forz\u00f3 una votaci\u00f3n que impuso una nueva directiva en el Congreso de Venezuela despu\u00e9s que militares armados impidieran que los opositores ingresaran al edificio del legislativo.<\/span><\/h4>\n<h4><span style=\"color: #000000;\">El oficialismo design\u00f3 como jefe del Congreso a Luis Parra, un diputado expulsado de un partido de la oposici\u00f3n a fines del 2019 por denuncias de corrupci\u00f3n. Pero Guaid\u00f3 logr\u00f3 ser reelegido ese mismo d\u00eda por 100 votos, de 167 posibles, emitidos individualmente y en voz alta por cada legislador, en una sesi\u00f3n p\u00fablica realizada en otro lugar de Caracas.<\/span><\/h4>\n<h4><span style=\"color: #000000;\">En ese momento, Pompeo felicit\u00f3 a Guaid\u00f3 por su reelecci\u00f3n y conden\u00f3 los esfuerzos fallidos del r\u00e9gimen de Maduro para negar la voluntad de la Asamblea Nacional elegida democr\u00e1ticamente.<\/span><\/h4>\n<h4><span style=\"color: #000000;\">Maduro acusa a Guaid\u00f3 de ser un t\u00edtere de Estados Unidos que busca sacarlo de poder a trav\u00e9s de un golpe de estado. En una entrevista publicada el s\u00e1bado por el Washington Post, Maduro dijo que la administraci\u00f3n Trump subestim\u00f3 su poder de permanencia y que \u00abno le importaban\u00bb las sanciones.<\/span><\/h4>\n<\/div>\n<\/div>\n<\/section>\n<\/div>\n<div>\n<h4><span style=\"color: #000000;\">Autor:<\/span><\/h4>\n<h4><span style=\"color: #000000;\">Reuters<\/span><\/h4>\n<\/div>\n<div class=\"separator\"><\/div>\n<\/div>\n<\/div>\n<\/div>\n<\/div>\n<div>\n<div>\n<div id=\"block-block-19\">\n<h5 style=\"text-align: center;\"><\/h5>\n<\/div>\n<div id=\"block-block-10\">\n<div>\n<div id=\"share-button-t\">\n<div><\/div>\n<\/div>\n<h5 id=\"slot_x04\" style=\"text-align: center;\"><em><span style=\"color: #000000;\">Fuente: https:\/\/www.americaeconomia.com\/politica-sociedad\/politica\/juan-guaido-se-reunira-con-el-secretario-de-estado-de-eeuu-en-colombia<\/span><\/em><\/h5>\n<\/div>\n<\/div>\n<\/div>\n<\/div>\n<div class=\"col-left\">\n<div class=\"col-wide\"><\/div>\n<div class=\"col-narrow final\"><\/div>\n<\/div>\n<div class=\"col-right\"><\/div>\n<\/div>\n<\/div>\n<div class=\"footer\">\n<div class=\"logo-ameco\">\n<div class=\"container-wrapper\">\n<div class=\"col-page\"><\/div>\n<\/div>\n<\/div>\n<\/div>\n","protected":false},"excerpt":{"rendered":"<p>El\u00a0 pol\u00edtico venezolano participar\u00e1 este lunes en la Cumbre Hemisf\u00e9rica de Lucha contra el Terrorismo. \u00abDamos la bienvenida al presidente de Venezuela @jguaido a Colombia. Esta tarde sostendremos un encuentro de trabajo. As\u00ed mismo,&#46;&#46;&#46;<\/p>\n","protected":false},"author":30,"featured_media":17399,"comment_status":"open","ping_status":"open","sticky":false,"template":"","format":"standard","meta":{"_acf_changed":false,"rop_custom_images_group":[],"rop_custom_messages_group":[],"rop_publish_now":"initial","rop_publish_now_accounts":{"twitter_242054905_242054905":""},"rop_publish_now_history":[],"rop_publish_now_status":"pending","footnotes":""},"categories":[1781,4,1774],"tags":[308,1619,1270,3685],"class_list":["post-17397","post","type-post","status-publish","format-standard","has-post-thumbnail","hentry","category-sudamerica","category-internacionales","category-noticias","tag-colombia","tag-juan-guaido","tag-reunion","tag-secretario-de-estado-de-ee-uu"],"acf":[],"yoast_head":"<!-- This site is optimized with the Yoast SEO Premium plugin v24.9 (Yoast SEO v27.2) - https:\/\/yoast.com\/product\/yoast-seo-premium-wordpress\/ -->\n<title>Juan Guaid\u00f3 se reunir\u00e1 con el secretario de Estado de EE.UU. en Colombia - Texas | Noti-America.com<\/title>\n<meta name=\"robots\" content=\"index, follow, max-snippet:-1, max-image-preview:large, max-video-preview:-1\" \/>\n<link rel=\"canonical\" href=\"https:\/\/noti-america.com\/site\/texas\/2020\/01\/20\/juan-guaido-se-reunira-con-el-secretario-de-estado-de-ee-uu-en-colombia\/\" \/>\n<meta property=\"og:locale\" content=\"es_ES\" \/>\n<meta property=\"og:type\" content=\"article\" \/>\n<meta property=\"og:title\" content=\"Juan Guaid\u00f3 se reunir\u00e1 con el secretario de Estado de EE.UU. en Colombia\" \/>\n<meta property=\"og:description\" content=\"El\u00a0 pol\u00edtico venezolano participar\u00e1 este lunes en la Cumbre Hemisf\u00e9rica de Lucha contra el Terrorismo. \u00abDamos la bienvenida al presidente de Venezuela @jguaido a Colombia. Esta tarde sostendremos un encuentro de trabajo. As\u00ed mismo,&#046;&#046;&#046;\" \/>\n<meta property=\"og:url\" content=\"https:\/\/noti-america.com\/site\/texas\/2020\/01\/20\/juan-guaido-se-reunira-con-el-secretario-de-estado-de-ee-uu-en-colombia\/\" \/>\n<meta property=\"og:site_name\" content=\"Texas | Noti-America.com\" \/>\n<meta property=\"article:published_time\" content=\"2020-01-20T14:00:02+00:00\" \/>\n<meta property=\"og:image\" content=\"https:\/\/noti-america.com\/site\/texas\/wp-content\/uploads\/sites\/4\/2020\/01\/Juan-Guaid\u00f3-se-reunir\u00e1.jpg\" \/>\n\t<meta property=\"og:image:width\" content=\"998\" \/>\n\t<meta property=\"og:image:height\" content=\"380\" \/>\n\t<meta property=\"og:image:type\" content=\"image\/jpeg\" \/>\n<meta name=\"author\" content=\"Redacci\u00f3n NA-TX\" \/>\n<meta name=\"twitter:card\" content=\"summary_large_image\" \/>\n<meta name=\"twitter:label1\" content=\"Escrito por\" \/>\n\t<meta name=\"twitter:data1\" content=\"Redacci\u00f3n NA-TX\" \/>\n\t<meta name=\"twitter:label2\" content=\"Tiempo estimado de lectura\" \/>\n\t<meta name=\"twitter:data2\" content=\"3 minutos\" \/>\n<script type=\"application\/ld+json\" class=\"yoast-schema-graph\">{\"@context\":\"https:\/\/schema.org\",\"@graph\":[{\"@type\":\"Article\",\"@id\":\"https:\/\/noti-america.com\/site\/texas\/2020\/01\/20\/juan-guaido-se-reunira-con-el-secretario-de-estado-de-ee-uu-en-colombia\/#article\",\"isPartOf\":{\"@id\":\"https:\/\/noti-america.com\/site\/texas\/2020\/01\/20\/juan-guaido-se-reunira-con-el-secretario-de-estado-de-ee-uu-en-colombia\/\"},\"author\":{\"name\":\"Redacci\u00f3n NA-TX\",\"@id\":\"https:\/\/noti-america.com\/site\/texas\/#\/schema\/person\/ae305e0187703594d7e273941bdc7f76\"},\"headline\":\"Juan Guaid\u00f3 se reunir\u00e1 con el secretario de Estado de EE.UU. en Colombia\",\"datePublished\":\"2020-01-20T14:00:02+00:00\",\"mainEntityOfPage\":{\"@id\":\"https:\/\/noti-america.com\/site\/texas\/2020\/01\/20\/juan-guaido-se-reunira-con-el-secretario-de-estado-de-ee-uu-en-colombia\/\"},\"wordCount\":573,\"commentCount\":0,\"publisher\":{\"@id\":\"https:\/\/noti-america.com\/site\/texas\/#organization\"},\"image\":{\"@id\":\"https:\/\/noti-america.com\/site\/texas\/2020\/01\/20\/juan-guaido-se-reunira-con-el-secretario-de-estado-de-ee-uu-en-colombia\/#primaryimage\"},\"thumbnailUrl\":\"https:\/\/noti-america.com\/site\/texas\/wp-content\/uploads\/sites\/4\/2020\/01\/Juan-Guaid\u00f3-se-reunir\u00e1.jpg\",\"keywords\":[\"Colombia\",\"Juan Guaid\u00f3\",\"reuni\u00f3n\",\"secretario de Estado de EE.UU\"],\"articleSection\":[\"Am\u00e9rica del Sur\",\"Internacionales\",\"Noticias\"],\"inLanguage\":\"es\",\"potentialAction\":[{\"@type\":\"CommentAction\",\"name\":\"Comment\",\"target\":[\"https:\/\/noti-america.com\/site\/texas\/2020\/01\/20\/juan-guaido-se-reunira-con-el-secretario-de-estado-de-ee-uu-en-colombia\/#respond\"]}]},{\"@type\":\"WebPage\",\"@id\":\"https:\/\/noti-america.com\/site\/texas\/2020\/01\/20\/juan-guaido-se-reunira-con-el-secretario-de-estado-de-ee-uu-en-colombia\/\",\"url\":\"https:\/\/noti-america.com\/site\/texas\/2020\/01\/20\/juan-guaido-se-reunira-con-el-secretario-de-estado-de-ee-uu-en-colombia\/\",\"name\":\"Juan Guaid\u00f3 se reunir\u00e1 con el secretario de Estado de EE.UU. en Colombia - Texas | Noti-America.com\",\"isPartOf\":{\"@id\":\"https:\/\/noti-america.com\/site\/texas\/#website\"},\"primaryImageOfPage\":{\"@id\":\"https:\/\/noti-america.com\/site\/texas\/2020\/01\/20\/juan-guaido-se-reunira-con-el-secretario-de-estado-de-ee-uu-en-colombia\/#primaryimage\"},\"image\":{\"@id\":\"https:\/\/noti-america.com\/site\/texas\/2020\/01\/20\/juan-guaido-se-reunira-con-el-secretario-de-estado-de-ee-uu-en-colombia\/#primaryimage\"},\"thumbnailUrl\":\"https:\/\/noti-america.com\/site\/texas\/wp-content\/uploads\/sites\/4\/2020\/01\/Juan-Guaid\u00f3-se-reunir\u00e1.jpg\",\"datePublished\":\"2020-01-20T14:00:02+00:00\",\"breadcrumb\":{\"@id\":\"https:\/\/noti-america.com\/site\/texas\/2020\/01\/20\/juan-guaido-se-reunira-con-el-secretario-de-estado-de-ee-uu-en-colombia\/#breadcrumb\"},\"inLanguage\":\"es\",\"potentialAction\":[{\"@type\":\"ReadAction\",\"target\":[\"https:\/\/noti-america.com\/site\/texas\/2020\/01\/20\/juan-guaido-se-reunira-con-el-secretario-de-estado-de-ee-uu-en-colombia\/\"]}]},{\"@type\":\"ImageObject\",\"inLanguage\":\"es\",\"@id\":\"https:\/\/noti-america.com\/site\/texas\/2020\/01\/20\/juan-guaido-se-reunira-con-el-secretario-de-estado-de-ee-uu-en-colombia\/#primaryimage\",\"url\":\"https:\/\/noti-america.com\/site\/texas\/wp-content\/uploads\/sites\/4\/2020\/01\/Juan-Guaid\u00f3-se-reunir\u00e1.jpg\",\"contentUrl\":\"https:\/\/noti-america.com\/site\/texas\/wp-content\/uploads\/sites\/4\/2020\/01\/Juan-Guaid\u00f3-se-reunir\u00e1.jpg\",\"width\":998,\"height\":380},{\"@type\":\"BreadcrumbList\",\"@id\":\"https:\/\/noti-america.com\/site\/texas\/2020\/01\/20\/juan-guaido-se-reunira-con-el-secretario-de-estado-de-ee-uu-en-colombia\/#breadcrumb\",\"itemListElement\":[{\"@type\":\"ListItem\",\"position\":1,\"name\":\"Portada\",\"item\":\"https:\/\/noti-america.com\/site\/texas\/\"},{\"@type\":\"ListItem\",\"position\":2,\"name\":\"Juan Guaid\u00f3 se reunir\u00e1 con el secretario de Estado de EE.UU. en Colombia\"}]},{\"@type\":\"WebSite\",\"@id\":\"https:\/\/noti-america.com\/site\/texas\/#website\",\"url\":\"https:\/\/noti-america.com\/site\/texas\/\",\"name\":\"Texas | Noti-America.com\",\"description\":\"\",\"publisher\":{\"@id\":\"https:\/\/noti-america.com\/site\/texas\/#organization\"},\"potentialAction\":[{\"@type\":\"SearchAction\",\"target\":{\"@type\":\"EntryPoint\",\"urlTemplate\":\"https:\/\/noti-america.com\/site\/texas\/?s={search_term_string}\"},\"query-input\":{\"@type\":\"PropertyValueSpecification\",\"valueRequired\":true,\"valueName\":\"search_term_string\"}}],\"inLanguage\":\"es\"},{\"@type\":\"Organization\",\"@id\":\"https:\/\/noti-america.com\/site\/texas\/#organization\",\"name\":\"Noti-America LLC | Texas-USA\",\"url\":\"https:\/\/noti-america.com\/site\/texas\/\",\"logo\":{\"@type\":\"ImageObject\",\"inLanguage\":\"es\",\"@id\":\"https:\/\/noti-america.com\/site\/texas\/#\/schema\/logo\/image\/\",\"url\":\"https:\/\/noti-america.com\/site\/us-tx\/wp-content\/uploads\/sites\/4\/2020\/07\/LogoNA-4x3-1.jpg\",\"contentUrl\":\"https:\/\/noti-america.com\/site\/us-tx\/wp-content\/uploads\/sites\/4\/2020\/07\/LogoNA-4x3-1.jpg\",\"width\":1236,\"height\":1080,\"caption\":\"Noti-America LLC | Texas-USA\"},\"image\":{\"@id\":\"https:\/\/noti-america.com\/site\/texas\/#\/schema\/logo\/image\/\"}},{\"@type\":\"Person\",\"@id\":\"https:\/\/noti-america.com\/site\/texas\/#\/schema\/person\/ae305e0187703594d7e273941bdc7f76\",\"name\":\"Redacci\u00f3n NA-TX\",\"image\":{\"@type\":\"ImageObject\",\"inLanguage\":\"es\",\"@id\":\"https:\/\/secure.gravatar.com\/avatar\/1ede8345cc79df032062efa286d5b99b0e4e5bd13e51f7cb031f715a3a43b386?s=96&d=mm&r=g\",\"url\":\"https:\/\/secure.gravatar.com\/avatar\/1ede8345cc79df032062efa286d5b99b0e4e5bd13e51f7cb031f715a3a43b386?s=96&d=mm&r=g\",\"contentUrl\":\"https:\/\/secure.gravatar.com\/avatar\/1ede8345cc79df032062efa286d5b99b0e4e5bd13e51f7cb031f715a3a43b386?s=96&d=mm&r=g\",\"caption\":\"Redacci\u00f3n NA-TX\"},\"url\":\"https:\/\/noti-america.com\/site\/texas\/author\/redacciontx\/\"}]}<\/script>\n<!-- \/ Yoast SEO Premium plugin. -->","yoast_head_json":{"title":"Juan Guaid\u00f3 se reunir\u00e1 con el secretario de Estado de EE.UU. en Colombia - Texas | Noti-America.com","robots":{"index":"index","follow":"follow","max-snippet":"max-snippet:-1","max-image-preview":"max-image-preview:large","max-video-preview":"max-video-preview:-1"},"canonical":"https:\/\/noti-america.com\/site\/texas\/2020\/01\/20\/juan-guaido-se-reunira-con-el-secretario-de-estado-de-ee-uu-en-colombia\/","og_locale":"es_ES","og_type":"article","og_title":"Juan Guaid\u00f3 se reunir\u00e1 con el secretario de Estado de EE.UU. en Colombia","og_description":"El\u00a0 pol\u00edtico venezolano participar\u00e1 este lunes en la Cumbre Hemisf\u00e9rica de Lucha contra el Terrorismo. \u00abDamos la bienvenida al presidente de Venezuela @jguaido a Colombia. Esta tarde sostendremos un encuentro de trabajo. As\u00ed mismo,&#46;&#46;&#46;","og_url":"https:\/\/noti-america.com\/site\/texas\/2020\/01\/20\/juan-guaido-se-reunira-con-el-secretario-de-estado-de-ee-uu-en-colombia\/","og_site_name":"Texas | Noti-America.com","article_published_time":"2020-01-20T14:00:02+00:00","og_image":[{"width":998,"height":380,"url":"https:\/\/noti-america.com\/site\/texas\/wp-content\/uploads\/sites\/4\/2020\/01\/Juan-Guaid\u00f3-se-reunir\u00e1.jpg","type":"image\/jpeg"}],"author":"Redacci\u00f3n NA-TX","twitter_card":"summary_large_image","twitter_misc":{"Escrito por":"Redacci\u00f3n NA-TX","Tiempo estimado de lectura":"3 minutos"},"schema":{"@context":"https:\/\/schema.org","@graph":[{"@type":"Article","@id":"https:\/\/noti-america.com\/site\/texas\/2020\/01\/20\/juan-guaido-se-reunira-con-el-secretario-de-estado-de-ee-uu-en-colombia\/#article","isPartOf":{"@id":"https:\/\/noti-america.com\/site\/texas\/2020\/01\/20\/juan-guaido-se-reunira-con-el-secretario-de-estado-de-ee-uu-en-colombia\/"},"author":{"name":"Redacci\u00f3n NA-TX","@id":"https:\/\/noti-america.com\/site\/texas\/#\/schema\/person\/ae305e0187703594d7e273941bdc7f76"},"headline":"Juan Guaid\u00f3 se reunir\u00e1 con el secretario de Estado de EE.UU. en Colombia","datePublished":"2020-01-20T14:00:02+00:00","mainEntityOfPage":{"@id":"https:\/\/noti-america.com\/site\/texas\/2020\/01\/20\/juan-guaido-se-reunira-con-el-secretario-de-estado-de-ee-uu-en-colombia\/"},"wordCount":573,"commentCount":0,"publisher":{"@id":"https:\/\/noti-america.com\/site\/texas\/#organization"},"image":{"@id":"https:\/\/noti-america.com\/site\/texas\/2020\/01\/20\/juan-guaido-se-reunira-con-el-secretario-de-estado-de-ee-uu-en-colombia\/#primaryimage"},"thumbnailUrl":"https:\/\/noti-america.com\/site\/texas\/wp-content\/uploads\/sites\/4\/2020\/01\/Juan-Guaid\u00f3-se-reunir\u00e1.jpg","keywords":["Colombia","Juan Guaid\u00f3","reuni\u00f3n","secretario de Estado de EE.UU"],"articleSection":["Am\u00e9rica del Sur","Internacionales","Noticias"],"inLanguage":"es","potentialAction":[{"@type":"CommentAction","name":"Comment","target":["https:\/\/noti-america.com\/site\/texas\/2020\/01\/20\/juan-guaido-se-reunira-con-el-secretario-de-estado-de-ee-uu-en-colombia\/#respond"]}]},{"@type":"WebPage","@id":"https:\/\/noti-america.com\/site\/texas\/2020\/01\/20\/juan-guaido-se-reunira-con-el-secretario-de-estado-de-ee-uu-en-colombia\/","url":"https:\/\/noti-america.com\/site\/texas\/2020\/01\/20\/juan-guaido-se-reunira-con-el-secretario-de-estado-de-ee-uu-en-colombia\/","name":"Juan Guaid\u00f3 se reunir\u00e1 con el secretario de Estado de EE.UU. en Colombia - Texas | Noti-America.com","isPartOf":{"@id":"https:\/\/noti-america.com\/site\/texas\/#website"},"primaryImageOfPage":{"@id":"https:\/\/noti-america.com\/site\/texas\/2020\/01\/20\/juan-guaido-se-reunira-con-el-secretario-de-estado-de-ee-uu-en-colombia\/#primaryimage"},"image":{"@id":"https:\/\/noti-america.com\/site\/texas\/2020\/01\/20\/juan-guaido-se-reunira-con-el-secretario-de-estado-de-ee-uu-en-colombia\/#primaryimage"},"thumbnailUrl":"https:\/\/noti-america.com\/site\/texas\/wp-content\/uploads\/sites\/4\/2020\/01\/Juan-Guaid\u00f3-se-reunir\u00e1.jpg","datePublished":"2020-01-20T14:00:02+00:00","breadcrumb":{"@id":"https:\/\/noti-america.com\/site\/texas\/2020\/01\/20\/juan-guaido-se-reunira-con-el-secretario-de-estado-de-ee-uu-en-colombia\/#breadcrumb"},"inLanguage":"es","potentialAction":[{"@type":"ReadAction","target":["https:\/\/noti-america.com\/site\/texas\/2020\/01\/20\/juan-guaido-se-reunira-con-el-secretario-de-estado-de-ee-uu-en-colombia\/"]}]},{"@type":"ImageObject","inLanguage":"es","@id":"https:\/\/noti-america.com\/site\/texas\/2020\/01\/20\/juan-guaido-se-reunira-con-el-secretario-de-estado-de-ee-uu-en-colombia\/#primaryimage","url":"https:\/\/noti-america.com\/site\/texas\/wp-content\/uploads\/sites\/4\/2020\/01\/Juan-Guaid\u00f3-se-reunir\u00e1.jpg","contentUrl":"https:\/\/noti-america.com\/site\/texas\/wp-content\/uploads\/sites\/4\/2020\/01\/Juan-Guaid\u00f3-se-reunir\u00e1.jpg","width":998,"height":380},{"@type":"BreadcrumbList","@id":"https:\/\/noti-america.com\/site\/texas\/2020\/01\/20\/juan-guaido-se-reunira-con-el-secretario-de-estado-de-ee-uu-en-colombia\/#breadcrumb","itemListElement":[{"@type":"ListItem","position":1,"name":"Portada","item":"https:\/\/noti-america.com\/site\/texas\/"},{"@type":"ListItem","position":2,"name":"Juan Guaid\u00f3 se reunir\u00e1 con el secretario de Estado de EE.UU. en Colombia"}]},{"@type":"WebSite","@id":"https:\/\/noti-america.com\/site\/texas\/#website","url":"https:\/\/noti-america.com\/site\/texas\/","name":"Texas | Noti-America.com","description":"","publisher":{"@id":"https:\/\/noti-america.com\/site\/texas\/#organization"},"potentialAction":[{"@type":"SearchAction","target":{"@type":"EntryPoint","urlTemplate":"https:\/\/noti-america.com\/site\/texas\/?s={search_term_string}"},"query-input":{"@type":"PropertyValueSpecification","valueRequired":true,"valueName":"search_term_string"}}],"inLanguage":"es"},{"@type":"Organization","@id":"https:\/\/noti-america.com\/site\/texas\/#organization","name":"Noti-America LLC | Texas-USA","url":"https:\/\/noti-america.com\/site\/texas\/","logo":{"@type":"ImageObject","inLanguage":"es","@id":"https:\/\/noti-america.com\/site\/texas\/#\/schema\/logo\/image\/","url":"https:\/\/noti-america.com\/site\/us-tx\/wp-content\/uploads\/sites\/4\/2020\/07\/LogoNA-4x3-1.jpg","contentUrl":"https:\/\/noti-america.com\/site\/us-tx\/wp-content\/uploads\/sites\/4\/2020\/07\/LogoNA-4x3-1.jpg","width":1236,"height":1080,"caption":"Noti-America LLC | Texas-USA"},"image":{"@id":"https:\/\/noti-america.com\/site\/texas\/#\/schema\/logo\/image\/"}},{"@type":"Person","@id":"https:\/\/noti-america.com\/site\/texas\/#\/schema\/person\/ae305e0187703594d7e273941bdc7f76","name":"Redacci\u00f3n NA-TX","image":{"@type":"ImageObject","inLanguage":"es","@id":"https:\/\/secure.gravatar.com\/avatar\/1ede8345cc79df032062efa286d5b99b0e4e5bd13e51f7cb031f715a3a43b386?s=96&d=mm&r=g","url":"https:\/\/secure.gravatar.com\/avatar\/1ede8345cc79df032062efa286d5b99b0e4e5bd13e51f7cb031f715a3a43b386?s=96&d=mm&r=g","contentUrl":"https:\/\/secure.gravatar.com\/avatar\/1ede8345cc79df032062efa286d5b99b0e4e5bd13e51f7cb031f715a3a43b386?s=96&d=mm&r=g","caption":"Redacci\u00f3n NA-TX"},"url":"https:\/\/noti-america.com\/site\/texas\/author\/redacciontx\/"}]}},"_links":{"self":[{"href":"https:\/\/noti-america.com\/site\/texas\/wp-json\/wp\/v2\/posts\/17397","targetHints":{"allow":["GET"]}}],"collection":[{"href":"https:\/\/noti-america.com\/site\/texas\/wp-json\/wp\/v2\/posts"}],"about":[{"href":"https:\/\/noti-america.com\/site\/texas\/wp-json\/wp\/v2\/types\/post"}],"author":[{"embeddable":true,"href":"https:\/\/noti-america.com\/site\/texas\/wp-json\/wp\/v2\/users\/30"}],"replies":[{"embeddable":true,"href":"https:\/\/noti-america.com\/site\/texas\/wp-json\/wp\/v2\/comments?post=17397"}],"version-history":[{"count":1,"href":"https:\/\/noti-america.com\/site\/texas\/wp-json\/wp\/v2\/posts\/17397\/revisions"}],"predecessor-version":[{"id":17400,"href":"https:\/\/noti-america.com\/site\/texas\/wp-json\/wp\/v2\/posts\/17397\/revisions\/17400"}],"wp:featuredmedia":[{"embeddable":true,"href":"https:\/\/noti-america.com\/site\/texas\/wp-json\/wp\/v2\/media\/17399"}],"wp:attachment":[{"href":"https:\/\/noti-america.com\/site\/texas\/wp-json\/wp\/v2\/media?parent=17397"}],"wp:term":[{"taxonomy":"category","embeddable":true,"href":"https:\/\/noti-america.com\/site\/texas\/wp-json\/wp\/v2\/categories?post=17397"},{"taxonomy":"post_tag","embeddable":true,"href":"https:\/\/noti-america.com\/site\/texas\/wp-json\/wp\/v2\/tags?post=17397"}],"curies":[{"name":"wp","href":"https:\/\/api.w.org\/{rel}","templated":true}]}}