{"id":17092,"date":"2019-12-25T16:21:43","date_gmt":"2019-12-25T21:21:43","guid":{"rendered":"http:\/\/noti-america.com\/site\/us-tx\/?p=17092"},"modified":"2019-12-25T16:21:43","modified_gmt":"2019-12-25T21:21:43","slug":"eeuu-sopesa-una-gran-retirada-de-militares-de-africa-latinoamerica-y-oriente-medio","status":"publish","type":"post","link":"https:\/\/noti-america.com\/site\/texas\/2019\/12\/25\/eeuu-sopesa-una-gran-retirada-de-militares-de-africa-latinoamerica-y-oriente-medio\/","title":{"rendered":"EEUU sopesa una gran retirada de militares de \u00c1frica, Latinoam\u00e9rica y Oriente Medio"},"content":{"rendered":"<div class=\"_18QW3\">\n<div class=\"_1U5L8 _1FUxo\">\n<header class=\"_20hHR _2kfVq\">\n<h1 class=\"_1rzag\"><\/h1>\n<div class=\"_2zFFH\">\n<h3 class=\"_19Qt_ _2TABY\" style=\"text-align: center;\">Seg\u00fan le dijo el jefe del Pent\u00e1gono, Mark T. Esper, a\u00a0The New York Times, su departamento eval\u00faa retirar a tropas de misiones en \u00e1reas de menor inter\u00e9s estrat\u00e9gico para EEUU y destinarlas a contrarrestar a los pa\u00edses que consideran grandes poderes como Rusia y China.<\/h3>\n<\/div>\n<\/header>\n<\/div>\n<div class=\"s1X1E\">\n<div class=\"_1LQZH  undefined\">\n<div class=\"_20Xqj\">\n<div><\/div>\n<\/div>\n<\/div>\n<div class=\"_2nWaN vfKrj _13yfg\">\n<div class=\"uvs-font-a-regular _1f-GX ShareBar___StyledDiv-d8aj7a-0 hwDNl\"><\/div>\n<div class=\"Ryonp\">\n<div class=\"_1CthM\"><\/div>\n<\/div>\n<\/div>\n<\/div>\n<div>\n<div tabindex=\"-1\" role=\"button\">\n<div class=\"_2SSbB _2wf_J\">\n<div class=\"HL0n1 _3GnkL _36ms4\"><picture><source srcset=\"https:\/\/st1.uvnimg.com\/dims4\/default\/0734d95\/2147483647\/thumbnail\/1024x576%3E\/quality\/75\/?url=http%3A%2F%2Fuvn-brightspot.s3.amazonaws.com%2Fcd%2F27%2F408e604647f093d518b985389d9b%2Fresizes%2F1500%2F2019-12-03t002310z-2038929318-rc2cnd9or085-rtrmadp-3-nato-summit-turkey-esper.JPG\" media=\"(min-width: 1440px)\" \/><source srcset=\"https:\/\/st1.uvnimg.com\/dims4\/default\/0734d95\/2147483647\/thumbnail\/1024x576%3E\/quality\/75\/?url=http%3A%2F%2Fuvn-brightspot.s3.amazonaws.com%2Fcd%2F27%2F408e604647f093d518b985389d9b%2Fresizes%2F1500%2F2019-12-03t002310z-2038929318-rc2cnd9or085-rtrmadp-3-nato-summit-turkey-esper.JPG\" media=\"(min-width: 1024px)\" \/><source srcset=\"https:\/\/st1.uvnimg.com\/dims4\/default\/0734d95\/2147483647\/thumbnail\/1024x576%3E\/quality\/75\/?url=http%3A%2F%2Fuvn-brightspot.s3.amazonaws.com%2Fcd%2F27%2F408e604647f093d518b985389d9b%2Fresizes%2F1500%2F2019-12-03t002310z-2038929318-rc2cnd9or085-rtrmadp-3-nato-summit-turkey-esper.JPG\" media=\"(min-width: 768px)\" \/><source srcset=\"https:\/\/st1.uvnimg.com\/dims4\/default\/4929b26\/2147483647\/thumbnail\/480x270\/quality\/75\/?url=http%3A%2F%2Fuvn-brightspot.s3.amazonaws.com%2Fcd%2F27%2F408e604647f093d518b985389d9b%2Fresizes%2F500%2F2019-12-03t002310z-2038929318-rc2cnd9or085-rtrmadp-3-nato-summit-turkey-esper.JPG\" media=\"(min-width: 480px)\" \/><img decoding=\"async\" class=\"_1A839\" src=\"https:\/\/st1.uvnimg.com\/dims4\/default\/3465f69\/2147483647\/thumbnail\/400x225\/quality\/75\/?url=http%3A%2F%2Fuvn-brightspot.s3.amazonaws.com%2Fcd%2F27%2F408e604647f093d518b985389d9b%2Fresizes%2F500%2F2019-12-03t002310z-2038929318-rc2cnd9or085-rtrmadp-3-nato-summit-turkey-esper.JPG\" \/><\/picture><\/div>\n<div>\n<h5 style=\"text-align: center;\"><em><span style=\"color: #000000;\">Seg\u00fan Esper, el Pent\u00e1gono se plantea retirar buena parte de los entre 6,000 y 7,000 militares que tiene desplegados en \u00c1frica.\u00a0Cr\u00e9dito: Handout .\/REUTERS<\/span><\/em><\/h5>\n<\/div>\n<\/div>\n<\/div>\n<\/div>\n<\/div>\n<div class=\"_1Ue6z\">\n<div id=\"article-chunks\">\n<div class=\"\">\n<p>&nbsp;<\/p>\n<\/div>\n<div class=\"uvs-ad-full-width\">\n<div><\/div>\n<div><em><em><strong><span style=\"color: #000080;\">Fuente:\u00a0 https:\/\/www.univision.com<\/span><\/strong><\/em><\/em><\/p>\n<hr \/>\n<\/div>\n<div><\/div>\n<h4 class=\"_3Zboo _19si0\" style=\"text-align: center;\"><em><span style=\"color: #000000;\">El jefe del Pent\u00e1gono, Mark T. Esper, sopesa una gran retirada de\u00a0tropas de \u00c1frica, donde actualmente entre 6,000 y 7,000 militares estadounidenses combaten a grupos islamistas en pa\u00edses principalmente del oeste del continente, seg\u00fan inform\u00f3 este martes\u00a0The New York Times<\/span><\/em>.<\/h4>\n<div id=\"div-gpt-ad-8101\">\n<div class=\"uvs-skeleton\"><\/div>\n<\/div>\n<\/div>\n<div class=\"\">\n<h4>La retirada de tropas de \u00c1frica ser\u00eda el primer p<span style=\"color: #000000;\">aso en el plan de Esper -en el cargo desde julio- de centrar esfuerzos en las grandes potencias rivales de EEUU -China y Rusia- y reducir las misiones antiterroristas contra grupos que no suponen una amenaza directa para territorio estadounidense.<\/span><\/h4>\n<\/div>\n<p><span style=\"color: #000000;\">Seg\u00fan\u00a0The New York Times, a \u00c1frica, sobre cuyas misiones Esper quiere tomar una decisi\u00f3n en enero, le seguir\u00e1n Am\u00e9rica Latina despu\u00e9s Oriente Medio y Pr\u00f3ximo, reduciendo a la mitad los actuales 5,000 militares en Irak o retirando unos 4,000 de los 13,000 que hay en Afganist\u00e1n.<\/span><\/p>\n<p><span style=\"color: #000000;\">El diario asegura en este sentido que algunos comandos est\u00e1n tomando algunas acciones para promover las acciones de misiones que podr\u00edan ser afectadas.<\/span><\/p>\n<p><span style=\"color: #000000;\">Por ejemplo, el Comando Sur, que supervisa las misiones en Am\u00e9rica Latina, est\u00e1 publicando un\u00a0newsletter\u00a0digital semanal en el que, entre otras cosas, han destacado la participaci\u00f3n de un avi\u00f3n del Ej\u00e9rcito para ayudar en la b\u00fasqueda de un\u00a0<a style=\"color: #000000;\" href=\"https:\/\/www.univision.com\/noticias\/america-latina\/confirman-el-hallazgo-de-restos-humanos-y-partes-del-avion-chileno-desaparecido-en-el-mar\" target=\"_blank\" rel=\"noopener noreferrer\">avi\u00f3n desaparecido de la Fuerza A\u00e9rea chilena<\/a>\u00a0o la participaci\u00f3n en un ejercicio de atenci\u00f3n a desastres desarrollado recientemente con el Ej\u00e9rcito paname\u00f1o.<\/span><\/p>\n<p><span style=\"color: #000000;\">En el caso concreto de \u00c1frica, los planes incluir\u00edan terminar la colaboraci\u00f3n con las tropas francesas que combaten en Mali, Burkina Faso y N\u00edger, as\u00ed como abandonar una base de la Fuerza A\u00e9rea para drones reci\u00e9n construida en N\u00edger a un costo de 110 millones de d\u00f3lares.<\/span><\/p>\n<p><span style=\"color: #000000;\">La misi\u00f3n principal de las tropas estadounidenses en \u00c1frica es la de entrenar a fuerzas locales para que combatan a grupos como Boko Haram o a c\u00e9lulas del Estado Isl\u00e1mico o Al Qaeda. Adem\u00e1s, en Somalia, unos 500 efectivos combaten contra Al Shabab, perteneciente a Al Qaeda<\/span><\/p>\n<p><span style=\"color: #000000;\">Cuatro soldados estadounidenses murieron en 2017 en una emboscada del Estado Isl\u00e1mico en N\u00edger en una acci\u00f3n muy pol\u00e9mica en Estados Unidos por el desconocimiento p\u00fablico de las misiones en \u00c1frica.<\/span><br \/>\n<span style=\"color: #000000;\">La idea de Esper es retirar a tropas de pa\u00edses como N\u00edger, Chad o Mali, seg\u00fan\u00a0The New York Times.<\/span><\/p>\n<p><span style=\"color: #000000;\">Esper y sus asesores cuestionan, seg\u00fan el rotativo, la utilidad de mantener misiones sin perspectiva de soluciones definitivas contra grupos sin medios para atentar en Estados Unidos.<\/span><\/p>\n<p><span style=\"color: #000000;\">La prioridad del nuevo jefe del Pent\u00e1gono es reubicar las tropas que desde los atentados de 2001 combaten a estos grupos locales alrededor del mundo para que se centren en mantener el dominio de Estados Unidos como potencia frente a China y Rusia.<\/span><\/p>\n<p><span style=\"color: #000000;\">Los planes de Esper, no obstante, pueden toparse con la oposici\u00f3n de generales y altos mandos que dirigen los cuarteles en estos lugares y que tratan de aumentar sus dominios.<\/span><\/p>\n<div>\n<h4><span style=\"color: #000000;\">El general Stephen J. Townsend, por ejemplo, que dirige el Mando \u00c1frica de EEUU y que tiene la orden de Esper de presentarle un plan de retirada de tropas para enero, aboga por la importancia de mantener la presencia en el continente africano para, precisamente, contrarrestar la creciente influencia sobre todo de China.<\/span><\/h4>\n<\/div>\n<div class=\"\"><\/div>\n<div>\n<div>\n<div>\n<div>\n<h5 style=\"text-align: center;\"><em><span style=\"color: #000000;\">https:\/\/www.univision.com\/noticias\/politica\/eeuu-sopesa-una-gran-retirada-de-militares-de-africa-latinoamerica-y-oriente-medio<\/span><\/em><\/h5>\n<\/div>\n<\/div>\n<\/div>\n<\/div>\n<\/div>\n<\/div>\n","protected":false},"excerpt":{"rendered":"<p>Seg\u00fan le dijo el jefe del Pent\u00e1gono, Mark T. Esper, a\u00a0The New York Times, su departamento eval\u00faa retirar a tropas de misiones en \u00e1reas de menor inter\u00e9s estrat\u00e9gico para EEUU y destinarlas a contrarrestar&#46;&#46;&#46;<\/p>\n","protected":false},"author":30,"featured_media":17093,"comment_status":"open","ping_status":"open","sticky":false,"template":"","format":"standard","meta":{"_acf_changed":false,"rop_custom_images_group":[],"rop_custom_messages_group":[],"rop_publish_now":"initial","rop_publish_now_accounts":{"twitter_242054905_242054905":""},"rop_publish_now_history":[],"rop_publish_now_status":"pending","footnotes":""},"categories":[1775,1774,3],"tags":[3516,209,3517,3515],"class_list":["post-17092","post","type-post","status-publish","format-standard","has-post-thumbnail","hentry","category-norteamerica","category-noticias","category-politica","tag-africa","tag-eeuu","tag-latinoamerica-y-oriente-medio","tag-retirada-de-militares"],"acf":[],"yoast_head":"<!-- This site is optimized with the Yoast SEO Premium plugin v24.9 (Yoast SEO v27.2) - https:\/\/yoast.com\/product\/yoast-seo-premium-wordpress\/ -->\n<title>EEUU sopesa una gran retirada de militares de \u00c1frica, Latinoam\u00e9rica y Oriente Medio - Texas | Noti-America.com<\/title>\n<meta name=\"robots\" content=\"index, follow, max-snippet:-1, max-image-preview:large, max-video-preview:-1\" \/>\n<link rel=\"canonical\" href=\"https:\/\/noti-america.com\/site\/texas\/2019\/12\/25\/eeuu-sopesa-una-gran-retirada-de-militares-de-africa-latinoamerica-y-oriente-medio\/\" \/>\n<meta property=\"og:locale\" content=\"es_ES\" \/>\n<meta property=\"og:type\" content=\"article\" \/>\n<meta property=\"og:title\" content=\"EEUU sopesa una gran retirada de militares de \u00c1frica, Latinoam\u00e9rica y Oriente Medio\" \/>\n<meta property=\"og:description\" content=\"Seg\u00fan le dijo el jefe del Pent\u00e1gono, Mark T. Esper, a\u00a0The New York Times, su departamento eval\u00faa retirar a tropas de misiones en \u00e1reas de menor inter\u00e9s estrat\u00e9gico para EEUU y destinarlas a contrarrestar&#046;&#046;&#046;\" \/>\n<meta property=\"og:url\" content=\"https:\/\/noti-america.com\/site\/texas\/2019\/12\/25\/eeuu-sopesa-una-gran-retirada-de-militares-de-africa-latinoamerica-y-oriente-medio\/\" \/>\n<meta property=\"og:site_name\" content=\"Texas | Noti-America.com\" \/>\n<meta property=\"article:published_time\" content=\"2019-12-25T21:21:43+00:00\" \/>\n<meta property=\"og:image\" content=\"https:\/\/noti-america.com\/site\/texas\/wp-content\/uploads\/sites\/4\/2019\/12\/EEUU-sopesa.jpg\" \/>\n\t<meta property=\"og:image:width\" content=\"1024\" \/>\n\t<meta property=\"og:image:height\" content=\"576\" \/>\n\t<meta property=\"og:image:type\" content=\"image\/jpeg\" \/>\n<meta name=\"author\" content=\"Redacci\u00f3n NA-TX\" \/>\n<meta name=\"twitter:card\" content=\"summary_large_image\" \/>\n<meta name=\"twitter:label1\" content=\"Escrito por\" \/>\n\t<meta name=\"twitter:data1\" content=\"Redacci\u00f3n NA-TX\" \/>\n\t<meta name=\"twitter:label2\" content=\"Tiempo estimado de lectura\" \/>\n\t<meta name=\"twitter:data2\" content=\"3 minutos\" \/>\n<script type=\"application\/ld+json\" class=\"yoast-schema-graph\">{\"@context\":\"https:\/\/schema.org\",\"@graph\":[{\"@type\":\"Article\",\"@id\":\"https:\/\/noti-america.com\/site\/texas\/2019\/12\/25\/eeuu-sopesa-una-gran-retirada-de-militares-de-africa-latinoamerica-y-oriente-medio\/#article\",\"isPartOf\":{\"@id\":\"https:\/\/noti-america.com\/site\/texas\/2019\/12\/25\/eeuu-sopesa-una-gran-retirada-de-militares-de-africa-latinoamerica-y-oriente-medio\/\"},\"author\":{\"name\":\"Redacci\u00f3n NA-TX\",\"@id\":\"https:\/\/noti-america.com\/site\/texas\/#\/schema\/person\/ae305e0187703594d7e273941bdc7f76\"},\"headline\":\"EEUU sopesa una gran retirada de militares de \u00c1frica, Latinoam\u00e9rica y Oriente Medio\",\"datePublished\":\"2019-12-25T21:21:43+00:00\",\"mainEntityOfPage\":{\"@id\":\"https:\/\/noti-america.com\/site\/texas\/2019\/12\/25\/eeuu-sopesa-una-gran-retirada-de-militares-de-africa-latinoamerica-y-oriente-medio\/\"},\"wordCount\":663,\"commentCount\":0,\"publisher\":{\"@id\":\"https:\/\/noti-america.com\/site\/texas\/#organization\"},\"image\":{\"@id\":\"https:\/\/noti-america.com\/site\/texas\/2019\/12\/25\/eeuu-sopesa-una-gran-retirada-de-militares-de-africa-latinoamerica-y-oriente-medio\/#primaryimage\"},\"thumbnailUrl\":\"https:\/\/noti-america.com\/site\/texas\/wp-content\/uploads\/sites\/4\/2019\/12\/EEUU-sopesa.jpg\",\"keywords\":[\"\u00c1frica\",\"EEUU\",\"Latinoam\u00e9rica y Oriente Medio\",\"retirada de militares\"],\"articleSection\":[\"Am\u00e9rica del Norte\",\"Noticias\",\"Pol\u00edtica\"],\"inLanguage\":\"es\",\"potentialAction\":[{\"@type\":\"CommentAction\",\"name\":\"Comment\",\"target\":[\"https:\/\/noti-america.com\/site\/texas\/2019\/12\/25\/eeuu-sopesa-una-gran-retirada-de-militares-de-africa-latinoamerica-y-oriente-medio\/#respond\"]}]},{\"@type\":\"WebPage\",\"@id\":\"https:\/\/noti-america.com\/site\/texas\/2019\/12\/25\/eeuu-sopesa-una-gran-retirada-de-militares-de-africa-latinoamerica-y-oriente-medio\/\",\"url\":\"https:\/\/noti-america.com\/site\/texas\/2019\/12\/25\/eeuu-sopesa-una-gran-retirada-de-militares-de-africa-latinoamerica-y-oriente-medio\/\",\"name\":\"EEUU sopesa una gran retirada de militares de \u00c1frica, Latinoam\u00e9rica y Oriente Medio - Texas | Noti-America.com\",\"isPartOf\":{\"@id\":\"https:\/\/noti-america.com\/site\/texas\/#website\"},\"primaryImageOfPage\":{\"@id\":\"https:\/\/noti-america.com\/site\/texas\/2019\/12\/25\/eeuu-sopesa-una-gran-retirada-de-militares-de-africa-latinoamerica-y-oriente-medio\/#primaryimage\"},\"image\":{\"@id\":\"https:\/\/noti-america.com\/site\/texas\/2019\/12\/25\/eeuu-sopesa-una-gran-retirada-de-militares-de-africa-latinoamerica-y-oriente-medio\/#primaryimage\"},\"thumbnailUrl\":\"https:\/\/noti-america.com\/site\/texas\/wp-content\/uploads\/sites\/4\/2019\/12\/EEUU-sopesa.jpg\",\"datePublished\":\"2019-12-25T21:21:43+00:00\",\"breadcrumb\":{\"@id\":\"https:\/\/noti-america.com\/site\/texas\/2019\/12\/25\/eeuu-sopesa-una-gran-retirada-de-militares-de-africa-latinoamerica-y-oriente-medio\/#breadcrumb\"},\"inLanguage\":\"es\",\"potentialAction\":[{\"@type\":\"ReadAction\",\"target\":[\"https:\/\/noti-america.com\/site\/texas\/2019\/12\/25\/eeuu-sopesa-una-gran-retirada-de-militares-de-africa-latinoamerica-y-oriente-medio\/\"]}]},{\"@type\":\"ImageObject\",\"inLanguage\":\"es\",\"@id\":\"https:\/\/noti-america.com\/site\/texas\/2019\/12\/25\/eeuu-sopesa-una-gran-retirada-de-militares-de-africa-latinoamerica-y-oriente-medio\/#primaryimage\",\"url\":\"https:\/\/noti-america.com\/site\/texas\/wp-content\/uploads\/sites\/4\/2019\/12\/EEUU-sopesa.jpg\",\"contentUrl\":\"https:\/\/noti-america.com\/site\/texas\/wp-content\/uploads\/sites\/4\/2019\/12\/EEUU-sopesa.jpg\",\"width\":1024,\"height\":576},{\"@type\":\"BreadcrumbList\",\"@id\":\"https:\/\/noti-america.com\/site\/texas\/2019\/12\/25\/eeuu-sopesa-una-gran-retirada-de-militares-de-africa-latinoamerica-y-oriente-medio\/#breadcrumb\",\"itemListElement\":[{\"@type\":\"ListItem\",\"position\":1,\"name\":\"Portada\",\"item\":\"https:\/\/noti-america.com\/site\/texas\/\"},{\"@type\":\"ListItem\",\"position\":2,\"name\":\"EEUU sopesa una gran retirada de militares de \u00c1frica, Latinoam\u00e9rica y Oriente Medio\"}]},{\"@type\":\"WebSite\",\"@id\":\"https:\/\/noti-america.com\/site\/texas\/#website\",\"url\":\"https:\/\/noti-america.com\/site\/texas\/\",\"name\":\"Texas | Noti-America.com\",\"description\":\"\",\"publisher\":{\"@id\":\"https:\/\/noti-america.com\/site\/texas\/#organization\"},\"potentialAction\":[{\"@type\":\"SearchAction\",\"target\":{\"@type\":\"EntryPoint\",\"urlTemplate\":\"https:\/\/noti-america.com\/site\/texas\/?s={search_term_string}\"},\"query-input\":{\"@type\":\"PropertyValueSpecification\",\"valueRequired\":true,\"valueName\":\"search_term_string\"}}],\"inLanguage\":\"es\"},{\"@type\":\"Organization\",\"@id\":\"https:\/\/noti-america.com\/site\/texas\/#organization\",\"name\":\"Noti-America LLC | Texas-USA\",\"url\":\"https:\/\/noti-america.com\/site\/texas\/\",\"logo\":{\"@type\":\"ImageObject\",\"inLanguage\":\"es\",\"@id\":\"https:\/\/noti-america.com\/site\/texas\/#\/schema\/logo\/image\/\",\"url\":\"https:\/\/noti-america.com\/site\/us-tx\/wp-content\/uploads\/sites\/4\/2020\/07\/LogoNA-4x3-1.jpg\",\"contentUrl\":\"https:\/\/noti-america.com\/site\/us-tx\/wp-content\/uploads\/sites\/4\/2020\/07\/LogoNA-4x3-1.jpg\",\"width\":1236,\"height\":1080,\"caption\":\"Noti-America LLC | Texas-USA\"},\"image\":{\"@id\":\"https:\/\/noti-america.com\/site\/texas\/#\/schema\/logo\/image\/\"}},{\"@type\":\"Person\",\"@id\":\"https:\/\/noti-america.com\/site\/texas\/#\/schema\/person\/ae305e0187703594d7e273941bdc7f76\",\"name\":\"Redacci\u00f3n NA-TX\",\"image\":{\"@type\":\"ImageObject\",\"inLanguage\":\"es\",\"@id\":\"https:\/\/secure.gravatar.com\/avatar\/1ede8345cc79df032062efa286d5b99b0e4e5bd13e51f7cb031f715a3a43b386?s=96&d=mm&r=g\",\"url\":\"https:\/\/secure.gravatar.com\/avatar\/1ede8345cc79df032062efa286d5b99b0e4e5bd13e51f7cb031f715a3a43b386?s=96&d=mm&r=g\",\"contentUrl\":\"https:\/\/secure.gravatar.com\/avatar\/1ede8345cc79df032062efa286d5b99b0e4e5bd13e51f7cb031f715a3a43b386?s=96&d=mm&r=g\",\"caption\":\"Redacci\u00f3n NA-TX\"},\"url\":\"https:\/\/noti-america.com\/site\/texas\/author\/redacciontx\/\"}]}<\/script>\n<!-- \/ Yoast SEO Premium plugin. -->","yoast_head_json":{"title":"EEUU sopesa una gran retirada de militares de \u00c1frica, Latinoam\u00e9rica y Oriente Medio - Texas | Noti-America.com","robots":{"index":"index","follow":"follow","max-snippet":"max-snippet:-1","max-image-preview":"max-image-preview:large","max-video-preview":"max-video-preview:-1"},"canonical":"https:\/\/noti-america.com\/site\/texas\/2019\/12\/25\/eeuu-sopesa-una-gran-retirada-de-militares-de-africa-latinoamerica-y-oriente-medio\/","og_locale":"es_ES","og_type":"article","og_title":"EEUU sopesa una gran retirada de militares de \u00c1frica, Latinoam\u00e9rica y Oriente Medio","og_description":"Seg\u00fan le dijo el jefe del Pent\u00e1gono, Mark T. Esper, a\u00a0The New York Times, su departamento eval\u00faa retirar a tropas de misiones en \u00e1reas de menor inter\u00e9s estrat\u00e9gico para EEUU y destinarlas a contrarrestar&#46;&#46;&#46;","og_url":"https:\/\/noti-america.com\/site\/texas\/2019\/12\/25\/eeuu-sopesa-una-gran-retirada-de-militares-de-africa-latinoamerica-y-oriente-medio\/","og_site_name":"Texas | Noti-America.com","article_published_time":"2019-12-25T21:21:43+00:00","og_image":[{"width":1024,"height":576,"url":"https:\/\/noti-america.com\/site\/texas\/wp-content\/uploads\/sites\/4\/2019\/12\/EEUU-sopesa.jpg","type":"image\/jpeg"}],"author":"Redacci\u00f3n NA-TX","twitter_card":"summary_large_image","twitter_misc":{"Escrito por":"Redacci\u00f3n NA-TX","Tiempo estimado de lectura":"3 minutos"},"schema":{"@context":"https:\/\/schema.org","@graph":[{"@type":"Article","@id":"https:\/\/noti-america.com\/site\/texas\/2019\/12\/25\/eeuu-sopesa-una-gran-retirada-de-militares-de-africa-latinoamerica-y-oriente-medio\/#article","isPartOf":{"@id":"https:\/\/noti-america.com\/site\/texas\/2019\/12\/25\/eeuu-sopesa-una-gran-retirada-de-militares-de-africa-latinoamerica-y-oriente-medio\/"},"author":{"name":"Redacci\u00f3n NA-TX","@id":"https:\/\/noti-america.com\/site\/texas\/#\/schema\/person\/ae305e0187703594d7e273941bdc7f76"},"headline":"EEUU sopesa una gran retirada de militares de \u00c1frica, Latinoam\u00e9rica y Oriente Medio","datePublished":"2019-12-25T21:21:43+00:00","mainEntityOfPage":{"@id":"https:\/\/noti-america.com\/site\/texas\/2019\/12\/25\/eeuu-sopesa-una-gran-retirada-de-militares-de-africa-latinoamerica-y-oriente-medio\/"},"wordCount":663,"commentCount":0,"publisher":{"@id":"https:\/\/noti-america.com\/site\/texas\/#organization"},"image":{"@id":"https:\/\/noti-america.com\/site\/texas\/2019\/12\/25\/eeuu-sopesa-una-gran-retirada-de-militares-de-africa-latinoamerica-y-oriente-medio\/#primaryimage"},"thumbnailUrl":"https:\/\/noti-america.com\/site\/texas\/wp-content\/uploads\/sites\/4\/2019\/12\/EEUU-sopesa.jpg","keywords":["\u00c1frica","EEUU","Latinoam\u00e9rica y Oriente Medio","retirada de militares"],"articleSection":["Am\u00e9rica del Norte","Noticias","Pol\u00edtica"],"inLanguage":"es","potentialAction":[{"@type":"CommentAction","name":"Comment","target":["https:\/\/noti-america.com\/site\/texas\/2019\/12\/25\/eeuu-sopesa-una-gran-retirada-de-militares-de-africa-latinoamerica-y-oriente-medio\/#respond"]}]},{"@type":"WebPage","@id":"https:\/\/noti-america.com\/site\/texas\/2019\/12\/25\/eeuu-sopesa-una-gran-retirada-de-militares-de-africa-latinoamerica-y-oriente-medio\/","url":"https:\/\/noti-america.com\/site\/texas\/2019\/12\/25\/eeuu-sopesa-una-gran-retirada-de-militares-de-africa-latinoamerica-y-oriente-medio\/","name":"EEUU sopesa una gran retirada de militares de \u00c1frica, Latinoam\u00e9rica y Oriente Medio - Texas | Noti-America.com","isPartOf":{"@id":"https:\/\/noti-america.com\/site\/texas\/#website"},"primaryImageOfPage":{"@id":"https:\/\/noti-america.com\/site\/texas\/2019\/12\/25\/eeuu-sopesa-una-gran-retirada-de-militares-de-africa-latinoamerica-y-oriente-medio\/#primaryimage"},"image":{"@id":"https:\/\/noti-america.com\/site\/texas\/2019\/12\/25\/eeuu-sopesa-una-gran-retirada-de-militares-de-africa-latinoamerica-y-oriente-medio\/#primaryimage"},"thumbnailUrl":"https:\/\/noti-america.com\/site\/texas\/wp-content\/uploads\/sites\/4\/2019\/12\/EEUU-sopesa.jpg","datePublished":"2019-12-25T21:21:43+00:00","breadcrumb":{"@id":"https:\/\/noti-america.com\/site\/texas\/2019\/12\/25\/eeuu-sopesa-una-gran-retirada-de-militares-de-africa-latinoamerica-y-oriente-medio\/#breadcrumb"},"inLanguage":"es","potentialAction":[{"@type":"ReadAction","target":["https:\/\/noti-america.com\/site\/texas\/2019\/12\/25\/eeuu-sopesa-una-gran-retirada-de-militares-de-africa-latinoamerica-y-oriente-medio\/"]}]},{"@type":"ImageObject","inLanguage":"es","@id":"https:\/\/noti-america.com\/site\/texas\/2019\/12\/25\/eeuu-sopesa-una-gran-retirada-de-militares-de-africa-latinoamerica-y-oriente-medio\/#primaryimage","url":"https:\/\/noti-america.com\/site\/texas\/wp-content\/uploads\/sites\/4\/2019\/12\/EEUU-sopesa.jpg","contentUrl":"https:\/\/noti-america.com\/site\/texas\/wp-content\/uploads\/sites\/4\/2019\/12\/EEUU-sopesa.jpg","width":1024,"height":576},{"@type":"BreadcrumbList","@id":"https:\/\/noti-america.com\/site\/texas\/2019\/12\/25\/eeuu-sopesa-una-gran-retirada-de-militares-de-africa-latinoamerica-y-oriente-medio\/#breadcrumb","itemListElement":[{"@type":"ListItem","position":1,"name":"Portada","item":"https:\/\/noti-america.com\/site\/texas\/"},{"@type":"ListItem","position":2,"name":"EEUU sopesa una gran retirada de militares de \u00c1frica, Latinoam\u00e9rica y Oriente Medio"}]},{"@type":"WebSite","@id":"https:\/\/noti-america.com\/site\/texas\/#website","url":"https:\/\/noti-america.com\/site\/texas\/","name":"Texas | Noti-America.com","description":"","publisher":{"@id":"https:\/\/noti-america.com\/site\/texas\/#organization"},"potentialAction":[{"@type":"SearchAction","target":{"@type":"EntryPoint","urlTemplate":"https:\/\/noti-america.com\/site\/texas\/?s={search_term_string}"},"query-input":{"@type":"PropertyValueSpecification","valueRequired":true,"valueName":"search_term_string"}}],"inLanguage":"es"},{"@type":"Organization","@id":"https:\/\/noti-america.com\/site\/texas\/#organization","name":"Noti-America LLC | Texas-USA","url":"https:\/\/noti-america.com\/site\/texas\/","logo":{"@type":"ImageObject","inLanguage":"es","@id":"https:\/\/noti-america.com\/site\/texas\/#\/schema\/logo\/image\/","url":"https:\/\/noti-america.com\/site\/us-tx\/wp-content\/uploads\/sites\/4\/2020\/07\/LogoNA-4x3-1.jpg","contentUrl":"https:\/\/noti-america.com\/site\/us-tx\/wp-content\/uploads\/sites\/4\/2020\/07\/LogoNA-4x3-1.jpg","width":1236,"height":1080,"caption":"Noti-America LLC | Texas-USA"},"image":{"@id":"https:\/\/noti-america.com\/site\/texas\/#\/schema\/logo\/image\/"}},{"@type":"Person","@id":"https:\/\/noti-america.com\/site\/texas\/#\/schema\/person\/ae305e0187703594d7e273941bdc7f76","name":"Redacci\u00f3n NA-TX","image":{"@type":"ImageObject","inLanguage":"es","@id":"https:\/\/secure.gravatar.com\/avatar\/1ede8345cc79df032062efa286d5b99b0e4e5bd13e51f7cb031f715a3a43b386?s=96&d=mm&r=g","url":"https:\/\/secure.gravatar.com\/avatar\/1ede8345cc79df032062efa286d5b99b0e4e5bd13e51f7cb031f715a3a43b386?s=96&d=mm&r=g","contentUrl":"https:\/\/secure.gravatar.com\/avatar\/1ede8345cc79df032062efa286d5b99b0e4e5bd13e51f7cb031f715a3a43b386?s=96&d=mm&r=g","caption":"Redacci\u00f3n NA-TX"},"url":"https:\/\/noti-america.com\/site\/texas\/author\/redacciontx\/"}]}},"_links":{"self":[{"href":"https:\/\/noti-america.com\/site\/texas\/wp-json\/wp\/v2\/posts\/17092","targetHints":{"allow":["GET"]}}],"collection":[{"href":"https:\/\/noti-america.com\/site\/texas\/wp-json\/wp\/v2\/posts"}],"about":[{"href":"https:\/\/noti-america.com\/site\/texas\/wp-json\/wp\/v2\/types\/post"}],"author":[{"embeddable":true,"href":"https:\/\/noti-america.com\/site\/texas\/wp-json\/wp\/v2\/users\/30"}],"replies":[{"embeddable":true,"href":"https:\/\/noti-america.com\/site\/texas\/wp-json\/wp\/v2\/comments?post=17092"}],"version-history":[{"count":1,"href":"https:\/\/noti-america.com\/site\/texas\/wp-json\/wp\/v2\/posts\/17092\/revisions"}],"predecessor-version":[{"id":17094,"href":"https:\/\/noti-america.com\/site\/texas\/wp-json\/wp\/v2\/posts\/17092\/revisions\/17094"}],"wp:featuredmedia":[{"embeddable":true,"href":"https:\/\/noti-america.com\/site\/texas\/wp-json\/wp\/v2\/media\/17093"}],"wp:attachment":[{"href":"https:\/\/noti-america.com\/site\/texas\/wp-json\/wp\/v2\/media?parent=17092"}],"wp:term":[{"taxonomy":"category","embeddable":true,"href":"https:\/\/noti-america.com\/site\/texas\/wp-json\/wp\/v2\/categories?post=17092"},{"taxonomy":"post_tag","embeddable":true,"href":"https:\/\/noti-america.com\/site\/texas\/wp-json\/wp\/v2\/tags?post=17092"}],"curies":[{"name":"wp","href":"https:\/\/api.w.org\/{rel}","templated":true}]}}