{"id":17027,"date":"2019-12-20T08:02:46","date_gmt":"2019-12-20T13:02:46","guid":{"rendered":"http:\/\/noti-america.com\/site\/us-tx\/?p=17027"},"modified":"2019-12-20T08:02:46","modified_gmt":"2019-12-20T13:02:46","slug":"por-que-no-es-probable-que-trump-sea-destituido-de-su-cargo-tras-el-juicio-politico","status":"publish","type":"post","link":"https:\/\/noti-america.com\/site\/texas\/2019\/12\/20\/por-que-no-es-probable-que-trump-sea-destituido-de-su-cargo-tras-el-juicio-politico\/","title":{"rendered":"Por qu\u00e9 no es probable que Trump sea destituido de su cargo tras el juicio\u00a0pol\u00edtico"},"content":{"rendered":"<h3 style=\"text-align: center;\"><span style=\"color: #000000;\">\u00bfQu\u00e9 ganan sus oponentes al avanzar con un voto que muy probablemente perder\u00e1n?<\/span><\/h3>\n<div><\/div>\n<div><\/div>\n<figure class=\"article-image\">\n<h5><img decoding=\"async\" src=\"https:\/\/laopinionla.files.wordpress.com\/2019\/12\/110215306_057637406-1.jpg?quality=80&amp;strip=all&amp;w=940\" alt=\"Por qu\u00e9 no es probable que Trump sea destituido de su cargo tras el juicio\u00a0pol\u00edtico\" \/><\/h5><figcaption>\n<h5 style=\"text-align: center;\"><em><span style=\"color: #000000;\">Se espera que el mandatario sea absuelto por el Senado. <\/span><\/em><em style=\"font-size: 16px;\"><span style=\"color: #000000;\">FOTO: AFP<\/span><\/em><\/h5>\n<\/figcaption><\/figure>\n<div class=\"article-info\">\n<div class=\"byline clearfix\">\n<div class=\"author_and_date\"><\/div>\n<\/div>\n<\/div>\n<div class=\"article-content\">\n<p>&nbsp;<\/p>\n<p>&nbsp;<\/p>\n<p><em><strong><span style=\"color: #000080;\">Fuente: https:\/\/laopinion.com<\/span><\/strong><\/em><\/p>\n<hr \/>\n<h3><\/h3>\n<h3 style=\"text-align: center;\"><em><span style=\"color: #000000;\">El presidente estadounidense Donald Trump se convirti\u00f3 este mi\u00e9rcoles en el tercer presidente en la historia de Estados Unidos en enfrentar un juicio pol\u00edtico.<\/span><\/em><\/h3>\n<div id=\"NTV_placement\"><\/div>\n<h4><\/h4>\n<h4><\/h4>\n<h4><\/h4>\n<h4><\/h4>\n<h4><span style=\"color: #000000;\">Los legisladores de la C\u00e1mara de Representantes del Congreso de ese pa\u00eds lo acusan de ejercer presi\u00f3n sobre Ucrania para obtener beneficios pol\u00edticos personales y de intentar obstruir las investigaciones que el \u00f3rgano llevaba a cabo.<\/span><\/h4>\n<h4><span style=\"color: #000000;\">Casi todos los miembros del Congreso\u00a0votaron en conformidad con los lineamientos de sus partidos. La excepci\u00f3n fueron dos dem\u00f3cratas que votaron en contra de la primera acusaci\u00f3n y tres que se opusieron a la segunda.<\/span><\/h4>\n<h4 id=\"paragraphs_desktop_pos1\"><\/h4>\n<ul>\n<li>\n<h4><span style=\"color: #000000;\"><a style=\"color: #000000;\" href=\"https:\/\/www.bbc.com\/mundo\/noticias-internacional-50846061?xtor=AL-73-%5Bpartner%5D-%5Bimpremedia%5D-%5Blink%5D-%5Bmundo%5D-%5Bbizdev%5D-%5Bisapi%5D\">Luz verde al \u201cimpeachment\u201d: Trump se convierte en el tercer presidente en la historia de Estados Unidos en enfrentar un juicio pol\u00edtico<\/a><\/span><\/h4>\n<\/li>\n<\/ul>\n<h4><span style=\"color: #000000;\">Ning\u00fan miembro del Partido Republicano de Trump vot\u00f3 a favor de proceder con el\u00a0impeachment.<\/span><\/h4>\n<h4><span style=\"color: #000000;\">El presidente ahora ser\u00e1 sometido a un juicio en el Senado y\u00a0podr\u00eda ser destituido a solo unos meses de las elecciones presidenciales\u00a0que se celebrar\u00e1n el pr\u00f3ximo mes de noviembre.<\/span><\/h4>\n<h4><span style=\"color: #000000;\">Pero debido a que los republicanos son mayor\u00eda en la C\u00e1mara Alta, las posibilidades de que eso suceda son escasas.<\/span><\/h4>\n<div id=\"paragraphs_desktop_pos2\"><\/div>\n<h4><span style=\"color: #000000;\">\u00bfPor qu\u00e9 es poco probable su destituci\u00f3n?<\/span><\/h4>\n<h4><span style=\"color: #000000;\"><img loading=\"lazy\" decoding=\"async\" src=\"https:\/\/c.files.bbci.co.uk\/5425\/production\/_110214512_capitolhill.jpg\" alt=\"Congreso de EE.UU.\" width=\"976\" height=\"549\" data-lazy-loaded=\"true\" \/><\/span><\/h4>\n<footer><span style=\"color: #000000;\">Getty Images<\/span><\/footer>\n<h4><span style=\"color: #000000;\">Tras el voto a favor del impeachment en la c\u00e1mara baja del Congreso de Estados Unidos, el presidente Trump se enfrentar\u00e1 a un juicio en el Senado el pr\u00f3ximo a\u00f1o.<\/span><\/h4>\n<h4><span style=\"color: #000000;\">Se requieren dos tercios de los votos en el Senado estadounidense para separar al presidente de su cargo.<\/span><\/h4>\n<h4><span style=\"color: #000000;\">El Partido Republicano controla 53 de los 100 esca\u00f1os\u00a0y, para ganar, los dem\u00f3cratas necesitar\u00edan que al menos 67 senadores votaran por la destituci\u00f3n del presidente.<\/span><\/h4>\n<h4><span style=\"color: #000000;\">Esto significa que, adem\u00e1s de los 45 votos de su propio partido y el apoyo de dos independientes, el Partido Dem\u00f3crata necesita que 20 republicanos cambien de bando.<\/span><\/h4>\n<h4><span style=\"color: #000000;\">Y lograr esto parece poco probable en este momento, como le explica a la BBC Carl Tobias, de la Richmond School of Law, en Virginia, EE.UU.<\/span><\/h4>\n<h4 id=\"paragraphs_desktop_pos3\"><\/h4>\n<h4><span style=\"color: #000000;\">A pesar de que los senadores deber\u00edan comportarse de manera imparcial durante el juicio, el l\u00edder de la mayor\u00eda republicana en el Senado, Mitch McConnell, ya ha desestimado el\u00a0impeachmentcomo partidista y ha advertido que no ser\u00e1 neutral al escuchar los argumentos en contra del mandatario estadounidense.<\/span><\/h4>\n<h4><span style=\"color: #000000;\">\u201cNo soy un jurado imparcial. Este es un proceso pol\u00edtico. No hay nada judicial al respecto\u201d, dijo McConnell.<\/span><\/h4>\n<h4><span style=\"color: #000000;\">\u201cLa C\u00e1mara tom\u00f3 la decisi\u00f3n pol\u00edtica partidista de llevar a cabo el proceso de\u00a0impeachment. Podr\u00eda anticipar que tendremos un resultado ampliamente partidista en el Senado\u201d.<\/span><\/h4>\n<ul>\n<li>\n<ul>\n<li>\n<h4><span style=\"color: #000000;\"><a style=\"color: #000000;\" href=\"https:\/\/www.bbc.com\/mundo\/noticias-internacional-45296459?xtor=AL-73-%5Bpartner%5D-%5Bimpremedia%5D-%5Blink%5D-%5Bmundo%5D-%5Bbizdev%5D-%5Bisapi%5D\">Juicio pol\u00edtico a Trump: qu\u00e9 es un \u201cimpeachment\u201d y qu\u00e9 otros presidentes de Estados Unidos han sido sometidos a uno<\/a><\/span><\/h4>\n<\/li>\n<\/ul>\n<\/li>\n<\/ul>\n<div id=\"paragraphs_desktop_pos4\"><\/div>\n<h4><span style=\"color: #000000;\">Tobias, por su parte, califica la polarizaci\u00f3n partidista del asunto como \u201cpreocupante\u201d.<\/span><\/h4>\n<h4><span style=\"color: #000000;\">\u201cAlgunos de\u00a0los republicanos en el Senado ya han dicho c\u00f3mo van a votar\u00a0y no han escuchado ning\u00fan testimonio ni evidencia, no han tenido ninguna discusi\u00f3n\u201d, apunta.<\/span><\/h4>\n<h4><span style=\"color: #000000;\">\u201cEs preocupante que, siendo miembros del jurado, ya hayan decidido c\u00f3mo debe ser el veredicto\u201d.<\/span><\/h4>\n<h4><span style=\"color: #000000;\">Un movimiento arriesgado<\/span><\/h4>\n<h4><span style=\"color: #000000;\"><img loading=\"lazy\" decoding=\"async\" src=\"https:\/\/c.files.bbci.co.uk\/EC7D\/production\/_110214506_trump-rally.jpg\" alt=\"Trump saludando a sus seguidores.\" width=\"976\" height=\"549\" data-lazy-loaded=\"true\" \/><\/span><\/h4>\n<footer><span style=\"color: #000000;\">Getty Images<\/span><\/footer>\n<h4><span style=\"color: #000000;\">Trump ha mantenido una postura desafiante y ha dicho que la acusaci\u00f3n es una \u201cguerra abierta contra la democracia estadounidense\u201d.<\/span><\/h4>\n<h4><span style=\"color: #000000;\">Solo dos presidentes estadounidenses han sido sometidos a juicios pol\u00edticos: Andrew Johnson en 1868 y Bill Clinton en 1998, y ambos fueron absueltos por el Senado.<\/span><\/h4>\n<h4 id=\"paragraphs_desktop_pos5\"><\/h4>\n<h4><span style=\"color: #000000;\">Para los dem\u00f3cratas,\u00a0intentar destituir\u00a0a Trump en un a\u00f1o electoral\u00a0es un movimiento arriesgado pol\u00edticamente.<\/span><\/h4>\n<h4><span style=\"color: #000000;\">Aunque el juicio pol\u00edtico puede afectar la campa\u00f1a del mandatario, tambi\u00e9n podr\u00eda dificultar que candidatos dem\u00f3cratas sean reelegidos en \u00e1reas donde Trump cuenta con un fuerte apoyo.<\/span><\/h4>\n<h4><span style=\"color: #000000;\">Entonces, \u00bfpor qu\u00e9 sus oponentes prosiguen con una estrategia tan arriesgada?<\/span><\/h4>\n<h4><span style=\"color: #000000;\">Defendiendo la Constituci\u00f3n<\/span><\/h4>\n<h4><span style=\"color: #000000;\"><img loading=\"lazy\" decoding=\"async\" src=\"https:\/\/c.files.bbci.co.uk\/A245\/production\/_110214514_pelosi.jpg\" alt=\"La presidenta de la C\u00e1mara de Representantes Nancy Pelosi.\" width=\"976\" height=\"549\" data-lazy-loaded=\"true\" \/><\/span><\/h4>\n<footer><span style=\"color: #000000;\">EPA<\/span><\/footer>\n<h4><span style=\"color: #000000;\">La presidenta de la C\u00e1mara de Representantes Nancy Pelosi es a menudo el foco de la ira de Trump.<\/span><\/h4>\n<h4><span style=\"color: #000000;\">\u201cTenemos que defender la Constituci\u00f3n y el equilibrio de poderes. Est\u00e1 claro que hay ofensas procesables y, si no las someti\u00e9ramos a juicio, eso sentar\u00eda un terrible precedente para el futuro\u201d, le dijo a la BBC Julia Bryan, presidenta internacional de Dem\u00f3cratas en el Extranjero.<\/span><\/h4>\n<h4 id=\"paragraphs_desktop_pos6\"><\/h4>\n<h4><span style=\"color: #000000;\">\u201cEs nuestra responsabilidad constitucional, es nuestra responsabilidad moral.\u00a0El Congreso no puede pasar por alto\u00a0una\u00a0evidencia que es tan clara\u00a0y que nos ha sido presentada por personas en una posici\u00f3n neutral\u201d, prosigui\u00f3 Bryan, quien tambi\u00e9n es miembro del Comit\u00e9 Nacional Dem\u00f3crata.<\/span><\/h4>\n<h4><span style=\"color: #000000;\">Trump ha rechazado firmemente las acusaciones de abuso de poder por presuntamente haber condicionado ayuda militar a Ucrania a cambio de que su presidente, Volodymyr Zelensky, investigara a Joe Biden, uno de los principales rivales pol\u00edticos del mandatario estadounidense.<\/span><\/h4>\n<h4><span style=\"color: #000000;\">En una carta enviada a la presidenta de la C\u00e1mara de Representantes Nancy Pelosi, Trump la acus\u00f3 de emprender una \u201cguerra abierta contra la democracia estadounidense\u201d.<\/span><\/h4>\n<h4 id=\"paragraphs_desktop_pos7\"><\/h4>\n<ul>\n<li>\n<h4><span style=\"color: #000000;\"><a style=\"color: #000000;\" href=\"https:\/\/www.bbc.com\/mundo\/noticias-america-latina-50838214?xtor=AL-73-%5Bpartner%5D-%5Bimpremedia%5D-%5Blink%5D-%5Bmundo%5D-%5Bbizdev%5D-%5Bisapi%5D\">\u201cImpeachment\u201d a Trump: los procesos para destituir presidentes que ha habido en Am\u00e9rica Latina en los \u00faltimos 30 a\u00f1os<\/a><\/span><\/h4>\n<\/li>\n<\/ul>\n<h4><span style=\"color: #000000;\">El profesor Tobias considera que algunos dem\u00f3cratas creen tener \u201cel deber solemne\u201d de seguir adelante con el proceso de\u00a0impeachment.<\/span><\/h4>\n<h4><span style=\"color: #000000;\">\u201cSe sienten obligados por sus juramentos a continuarlo, porque sienten que no hay garant\u00edas de que (Trump) no seguir\u00e1 violando su juramento\u201d, dice.<\/span><\/h4>\n<h4 id=\"paragraphs_desktop_32\"><\/h4>\n<h4><span style=\"color: #000000;\">\u201cCreo que la preocupaci\u00f3n de los dem\u00f3cratas es que \u00e9l\u00a0puede tratar de manipular las elecciones\u00a0que se celebrar\u00e1n en menos de un a\u00f1o: esto es lo que todos piensan aqu\u00ed\u201d.<\/span><\/h4>\n<h4><span style=\"color: #000000;\">\u201cConexi\u00f3n electoral\u201d<\/span><\/h4>\n<h4><span style=\"color: #000000;\"><img loading=\"lazy\" decoding=\"async\" src=\"https:\/\/c.files.bbci.co.uk\/C3AD\/production\/_110239005_58b952fe-3b18-4310-b245-699ef31e5ee0.jpg\" alt=\"Donald Trump y Volodymyr Zelensky en Nueva York.\" width=\"976\" height=\"549\" data-lazy-loaded=\"true\" \/><\/span><\/h4>\n<footer><span style=\"color: #000000;\">EPA<\/span><\/footer>\n<h4><span style=\"color: #000000;\">Trump ha negado rotundamente haber presionado al presidente ucraniano para que investigara a su rival pol\u00edtico.<\/span><\/h4>\n<h4><span style=\"color: #000000;\">Pero el profesor Todd Belt, director del programa de Gesti\u00f3n Pol\u00edtica de la Universidad George Washington, asegura que hay otra \u201cconexi\u00f3n electoral\u201d.<\/span><\/h4>\n<h4><span style=\"color: #000000;\">\u201cLos dem\u00f3cratas piensan en lo que piensa su electorado acerca de la destituci\u00f3n.\u00a0Si no cumplieran con esto, entonces\u00a0les\u00a0ser\u00eda dif\u00edcil ser reelegidos\u201c, opina Belt.<\/span><\/h4>\n<h4><span style=\"color: #000000;\">\u201cIgualmente, los republicanos creen que si no apoyan al presidente, tambi\u00e9n les ser\u00e1 dif\u00edcil ser reelegidos\u201d.<\/span><\/h4>\n<h4 id=\"paragraphs_desktop_36\"><\/h4>\n<h4><span style=\"color: #000000;\">Seg\u00fan el corresponsal en Norteam\u00e9rica de la BBC, Anthony Zurcher, \u201cla base dem\u00f3crata ha estado aullando por un juicio pol\u00edtico durante meses\u201d.<\/span><\/h4>\n<h4><span style=\"color: #000000;\">\u201cSi los funcionarios dem\u00f3cratas no hubiesen tomado medidas,\u00a0habr\u00edan arriesgado la ira de sus partidarios m\u00e1s leales, y habr\u00edan enfrentado desaf\u00edos primarios o perdido las elecciones generales porque su lado no se sentir\u00eda lo suficientemente motivado para acudir a las urnas\u201d, escribe.<\/span><\/h4>\n<h4><span style=\"color: #000000;\">Manteniendo a Trump a la defensiva<\/span><\/h4>\n<h4><span style=\"color: #000000;\"><img loading=\"lazy\" decoding=\"async\" src=\"https:\/\/c.files.bbci.co.uk\/0605\/production\/_110214510_trump-curtains.jpg\" alt=\"Trump es fotografiado detr\u00e1s de las cortinas en una asamblea de la ONU.\" width=\"976\" height=\"549\" data-lazy-loaded=\"true\" \/><\/span><\/h4>\n<footer><span style=\"color: #000000;\">Getty Images<\/span><\/footer>\n<h4><span style=\"color: #000000;\">Expertos sostienen que los dem\u00f3cratas intentar\u00e1n mantener al presidente bajo presi\u00f3n m\u00e1s all\u00e1 del juicio pol\u00edtico.<\/span><\/h4>\n<h4><span style=\"color: #000000;\">Los dem\u00f3cratas tambi\u00e9n han indicado que el juicio pol\u00edtico es una forma de mantener a Trump a la defensiva.<\/span><\/h4>\n<h4><span style=\"color: #000000;\">La investigaci\u00f3n ha puesto a las empresas y a los asociados de Trump bajo escrutinio, en especial a su abogado personal y exalcalde de Nueva York,\u00a0Rudy\u00a0Giuliani.<\/span><\/h4>\n<h4 id=\"paragraphs_desktop_40\"><\/h4>\n<h4><span style=\"color: #000000;\">El abogado se convirti\u00f3 en una pieza clave en la destituci\u00f3n de la exembajadora de EE.UU. en Ucrania, Marie Yovanovitch, por concsiderar que esta no era justa con el presidente.<\/span><\/h4>\n<h4><span style=\"color: #000000;\">\u201cAnticipo firmemente que\u00a0tendremos varios casos judiciales sobre el presidente, sobre sus acciones y tambi\u00e9n sobre las de Rudy Giuliani y sus socios en Ucrania\u201d, dice Belt.<\/span><\/h4>\n<ul>\n<li>\n<h4><span style=\"color: #000000;\"><a style=\"color: #000000;\" href=\"https:\/\/www.bbc.com\/mundo\/noticias-internacional-50412308?xtor=AL-73-%5Bpartner%5D-%5Bimpremedia%5D-%5Blink%5D-%5Bmundo%5D-%5Bbizdev%5D-%5Bisapi%5D\">\u201cImpeachment\u201d a Trump: 6 preguntas clave para entender el hist\u00f3rico juicio pol\u00edtico contra el presidente de EE.UU.<\/a><\/span><\/h4>\n<\/li>\n<\/ul>\n<h4 id=\"paragraphs_desktop_44\"><\/h4>\n<h4><span style=\"color: #000000;\">\u201cQuiz\u00e1 haya tambi\u00e9n m\u00e1s casos judiciales relacionados con los negocios del presidente Trump\u201d.<\/span><\/h4>\n<h4><span style=\"color: #000000;\">\u201cHay un conjunto de otras formas, adem\u00e1s del\u00a0impeachment, que\u00a0(los dem\u00f3cratas) utilizar\u00e1n para mantener el foco sobre\u00a0las acciones del presidente\u00a0que para ellos vayan m\u00e1s all\u00e1 de los l\u00edmites\u201d.<\/span><\/h4>\n<h4><span style=\"color: #000000;\">Cualquier evidencia adicional que surja en casos futuros podr\u00eda, por supuesto, ser perjudicial para Trump.<\/span><\/h4>\n<h4><span style=\"color: #000000;\">\u00bfTendr\u00e1 este proceso una influencia en el voto?<\/span><\/h4>\n<h4><span style=\"color: #000000;\"><img loading=\"lazy\" decoding=\"async\" src=\"https:\/\/c.files.bbci.co.uk\/13A9D\/production\/_110214508_058709019-1.jpg\" alt=\"Una protesta contra Trump en diciembre de 2019 en Nueva York.\" width=\"976\" height=\"549\" data-lazy-loaded=\"true\" \/><\/span><\/h4>\n<footer><span style=\"color: #000000;\">Getty Images<\/span><\/footer>\n<h4><span style=\"color: #000000;\">Las encuestas sugieren que los estadounidenses est\u00e1n divididos de manera equitativa sobre si el presidente debe ser destituido.<\/span><\/h4>\n<h4><span style=\"color: #000000;\">Los dem\u00f3cratas sugieren que la pr\u00f3xima etapa del proceso de destituci\u00f3n podr\u00eda atraer a\u00fan m\u00e1s la atenci\u00f3n del p\u00fablico.<\/span><\/h4>\n<h4 id=\"paragraphs_desktop_48\"><\/h4>\n<h4><span style=\"color: #000000;\">Las encuestas insin\u00faan que\u00a0la opini\u00f3n del pueblo estadounidense\u00a0se\u00a0encuentra dividida\u00a0equitativamente sobre si Trump debe ser separado de su cargo.<\/span><\/h4>\n<h4><span style=\"color: #000000;\">En la \u00faltima, publicada el martes por el peri\u00f3dico estadounidense\u00a0The\u00a0Washington Post\u00a0y el canal\u00a0ABC, el 49% de los encuestados estuvieron a favor de la destituci\u00f3n y el 46% se opuso.<\/span><\/h4>\n<h4><span style=\"color: #000000;\">La opini\u00f3n p\u00fablica negativa con la que contaba Richard Nixon en 1974 allan\u00f3 el camino para su renuncia, ante la posible destituci\u00f3n a la que se enfrentaba y que se hac\u00eda cada vez m\u00e1s segura.<\/span><\/h4>\n<h4 id=\"paragraphs_desktop_52\"><\/h4>\n<h4><span style=\"color: #000000;\">Pero, seg\u00fan Belt,\u00a0la s\u00f3lida mayor\u00eda\u00a0republicana\u00a0del Senado y su estrategia de descalificar la investigaci\u00f3n\u00a0como partidista hacen que esto sea una posibilidad distante en el caso de Trump.<\/span><\/h4>\n<h4><span style=\"color: #000000;\">\u201cCon Nixon, los dem\u00f3cratas se movieron lentamente y fue un goteo tras goteo de la informaci\u00f3n que segu\u00eda llegando (lo que lo llev\u00f3 a renunciar)\u201d.<\/span><\/h4>\n<h4><span style=\"color: #000000;\">\u201cUn proceso m\u00e1s largo para los dem\u00f3cratas podr\u00eda sacar a la luz m\u00e1s cr\u00edmenes y m\u00e1s pruebas sustantivas, pero est\u00e1n tratando de concluirlo r\u00e1pidamente para que puedan concentrarse en otras cosas que los ayudar\u00e1n a ser reelegidos\u201d.<\/span><\/h4>\n<h4 style=\"text-align: center;\"><em><span style=\"color: #000000;\">https:\/\/laopinion.com\/2019\/12\/19\/impeachment-a-trump-por-que-es-tan-improbable-que-el-mandatario-sea-destituido-de-su-cargo-tras-el-juicio-politico\/<\/span><\/em><\/h4>\n<\/div>\n","protected":false},"excerpt":{"rendered":"<p>\u00bfQu\u00e9 ganan sus oponentes al avanzar con un voto que muy probablemente perder\u00e1n? Se espera que el mandatario sea absuelto por el Senado. FOTO: AFP &nbsp; &nbsp; Fuente: https:\/\/laopinion.com El presidente estadounidense Donald Trump&#46;&#46;&#46;<\/p>\n","protected":false},"author":30,"featured_media":17029,"comment_status":"open","ping_status":"open","sticky":false,"template":"","format":"standard","meta":{"_acf_changed":false,"rop_custom_images_group":[],"rop_custom_messages_group":[],"rop_publish_now":"initial","rop_publish_now_accounts":{"twitter_242054905_242054905":""},"rop_publish_now_history":[],"rop_publish_now_status":"pending","footnotes":""},"categories":[1775,1774,3],"tags":[2984,152],"class_list":["post-17027","post","type-post","status-publish","format-standard","has-post-thumbnail","hentry","category-norteamerica","category-noticias","category-politica","tag-juicio-politico","tag-trump"],"acf":[],"yoast_head":"<!-- This site is optimized with the Yoast SEO Premium plugin v24.9 (Yoast SEO v27.2) - https:\/\/yoast.com\/product\/yoast-seo-premium-wordpress\/ -->\n<title>Por qu\u00e9 no es probable que Trump sea destituido de su cargo tras el juicio\u00a0pol\u00edtico - Texas | Noti-America.com<\/title>\n<meta name=\"robots\" content=\"index, follow, max-snippet:-1, max-image-preview:large, max-video-preview:-1\" \/>\n<link rel=\"canonical\" href=\"https:\/\/noti-america.com\/site\/texas\/2019\/12\/20\/por-que-no-es-probable-que-trump-sea-destituido-de-su-cargo-tras-el-juicio-politico\/\" \/>\n<meta property=\"og:locale\" content=\"es_ES\" \/>\n<meta property=\"og:type\" content=\"article\" \/>\n<meta property=\"og:title\" content=\"Por qu\u00e9 no es probable que Trump sea destituido de su cargo tras el juicio\u00a0pol\u00edtico\" \/>\n<meta property=\"og:description\" content=\"\u00bfQu\u00e9 ganan sus oponentes al avanzar con un voto que muy probablemente perder\u00e1n? Se espera que el mandatario sea absuelto por el Senado. FOTO: AFP &nbsp; &nbsp; Fuente: https:\/\/laopinion.com El presidente estadounidense Donald Trump&#046;&#046;&#046;\" \/>\n<meta property=\"og:url\" content=\"https:\/\/noti-america.com\/site\/texas\/2019\/12\/20\/por-que-no-es-probable-que-trump-sea-destituido-de-su-cargo-tras-el-juicio-politico\/\" \/>\n<meta property=\"og:site_name\" content=\"Texas | Noti-America.com\" \/>\n<meta property=\"article:published_time\" content=\"2019-12-20T13:02:46+00:00\" \/>\n<meta property=\"og:image\" content=\"https:\/\/noti-america.com\/site\/texas\/wp-content\/uploads\/sites\/4\/2019\/12\/Por-qu\u00e9-no-es-probable-que-Trump.jpg\" \/>\n\t<meta property=\"og:image:width\" content=\"940\" \/>\n\t<meta property=\"og:image:height\" content=\"529\" \/>\n\t<meta property=\"og:image:type\" content=\"image\/jpeg\" \/>\n<meta name=\"author\" content=\"Redacci\u00f3n NA-TX\" \/>\n<meta name=\"twitter:card\" content=\"summary_large_image\" \/>\n<meta name=\"twitter:label1\" content=\"Escrito por\" \/>\n\t<meta name=\"twitter:data1\" content=\"Redacci\u00f3n NA-TX\" \/>\n\t<meta name=\"twitter:label2\" content=\"Tiempo estimado de lectura\" \/>\n\t<meta name=\"twitter:data2\" content=\"8 minutos\" \/>\n<script type=\"application\/ld+json\" class=\"yoast-schema-graph\">{\"@context\":\"https:\/\/schema.org\",\"@graph\":[{\"@type\":\"Article\",\"@id\":\"https:\/\/noti-america.com\/site\/texas\/2019\/12\/20\/por-que-no-es-probable-que-trump-sea-destituido-de-su-cargo-tras-el-juicio-politico\/#article\",\"isPartOf\":{\"@id\":\"https:\/\/noti-america.com\/site\/texas\/2019\/12\/20\/por-que-no-es-probable-que-trump-sea-destituido-de-su-cargo-tras-el-juicio-politico\/\"},\"author\":{\"name\":\"Redacci\u00f3n NA-TX\",\"@id\":\"https:\/\/noti-america.com\/site\/texas\/#\/schema\/person\/ae305e0187703594d7e273941bdc7f76\"},\"headline\":\"Por qu\u00e9 no es probable que Trump sea destituido de su cargo tras el juicio\u00a0pol\u00edtico\",\"datePublished\":\"2019-12-20T13:02:46+00:00\",\"mainEntityOfPage\":{\"@id\":\"https:\/\/noti-america.com\/site\/texas\/2019\/12\/20\/por-que-no-es-probable-que-trump-sea-destituido-de-su-cargo-tras-el-juicio-politico\/\"},\"wordCount\":1630,\"commentCount\":0,\"publisher\":{\"@id\":\"https:\/\/noti-america.com\/site\/texas\/#organization\"},\"image\":{\"@id\":\"https:\/\/noti-america.com\/site\/texas\/2019\/12\/20\/por-que-no-es-probable-que-trump-sea-destituido-de-su-cargo-tras-el-juicio-politico\/#primaryimage\"},\"thumbnailUrl\":\"https:\/\/noti-america.com\/site\/texas\/wp-content\/uploads\/sites\/4\/2019\/12\/Por-qu\u00e9-no-es-probable-que-Trump.jpg\",\"keywords\":[\"juicio pol\u00edtico\",\"Trump\"],\"articleSection\":[\"Am\u00e9rica del Norte\",\"Noticias\",\"Pol\u00edtica\"],\"inLanguage\":\"es\",\"potentialAction\":[{\"@type\":\"CommentAction\",\"name\":\"Comment\",\"target\":[\"https:\/\/noti-america.com\/site\/texas\/2019\/12\/20\/por-que-no-es-probable-que-trump-sea-destituido-de-su-cargo-tras-el-juicio-politico\/#respond\"]}]},{\"@type\":\"WebPage\",\"@id\":\"https:\/\/noti-america.com\/site\/texas\/2019\/12\/20\/por-que-no-es-probable-que-trump-sea-destituido-de-su-cargo-tras-el-juicio-politico\/\",\"url\":\"https:\/\/noti-america.com\/site\/texas\/2019\/12\/20\/por-que-no-es-probable-que-trump-sea-destituido-de-su-cargo-tras-el-juicio-politico\/\",\"name\":\"Por qu\u00e9 no es probable que Trump sea destituido de su cargo tras el juicio\u00a0pol\u00edtico - Texas | Noti-America.com\",\"isPartOf\":{\"@id\":\"https:\/\/noti-america.com\/site\/texas\/#website\"},\"primaryImageOfPage\":{\"@id\":\"https:\/\/noti-america.com\/site\/texas\/2019\/12\/20\/por-que-no-es-probable-que-trump-sea-destituido-de-su-cargo-tras-el-juicio-politico\/#primaryimage\"},\"image\":{\"@id\":\"https:\/\/noti-america.com\/site\/texas\/2019\/12\/20\/por-que-no-es-probable-que-trump-sea-destituido-de-su-cargo-tras-el-juicio-politico\/#primaryimage\"},\"thumbnailUrl\":\"https:\/\/noti-america.com\/site\/texas\/wp-content\/uploads\/sites\/4\/2019\/12\/Por-qu\u00e9-no-es-probable-que-Trump.jpg\",\"datePublished\":\"2019-12-20T13:02:46+00:00\",\"breadcrumb\":{\"@id\":\"https:\/\/noti-america.com\/site\/texas\/2019\/12\/20\/por-que-no-es-probable-que-trump-sea-destituido-de-su-cargo-tras-el-juicio-politico\/#breadcrumb\"},\"inLanguage\":\"es\",\"potentialAction\":[{\"@type\":\"ReadAction\",\"target\":[\"https:\/\/noti-america.com\/site\/texas\/2019\/12\/20\/por-que-no-es-probable-que-trump-sea-destituido-de-su-cargo-tras-el-juicio-politico\/\"]}]},{\"@type\":\"ImageObject\",\"inLanguage\":\"es\",\"@id\":\"https:\/\/noti-america.com\/site\/texas\/2019\/12\/20\/por-que-no-es-probable-que-trump-sea-destituido-de-su-cargo-tras-el-juicio-politico\/#primaryimage\",\"url\":\"https:\/\/noti-america.com\/site\/texas\/wp-content\/uploads\/sites\/4\/2019\/12\/Por-qu\u00e9-no-es-probable-que-Trump.jpg\",\"contentUrl\":\"https:\/\/noti-america.com\/site\/texas\/wp-content\/uploads\/sites\/4\/2019\/12\/Por-qu\u00e9-no-es-probable-que-Trump.jpg\",\"width\":940,\"height\":529},{\"@type\":\"BreadcrumbList\",\"@id\":\"https:\/\/noti-america.com\/site\/texas\/2019\/12\/20\/por-que-no-es-probable-que-trump-sea-destituido-de-su-cargo-tras-el-juicio-politico\/#breadcrumb\",\"itemListElement\":[{\"@type\":\"ListItem\",\"position\":1,\"name\":\"Portada\",\"item\":\"https:\/\/noti-america.com\/site\/texas\/\"},{\"@type\":\"ListItem\",\"position\":2,\"name\":\"Por qu\u00e9 no es probable que Trump sea destituido de su cargo tras el juicio\u00a0pol\u00edtico\"}]},{\"@type\":\"WebSite\",\"@id\":\"https:\/\/noti-america.com\/site\/texas\/#website\",\"url\":\"https:\/\/noti-america.com\/site\/texas\/\",\"name\":\"Texas | Noti-America.com\",\"description\":\"\",\"publisher\":{\"@id\":\"https:\/\/noti-america.com\/site\/texas\/#organization\"},\"potentialAction\":[{\"@type\":\"SearchAction\",\"target\":{\"@type\":\"EntryPoint\",\"urlTemplate\":\"https:\/\/noti-america.com\/site\/texas\/?s={search_term_string}\"},\"query-input\":{\"@type\":\"PropertyValueSpecification\",\"valueRequired\":true,\"valueName\":\"search_term_string\"}}],\"inLanguage\":\"es\"},{\"@type\":\"Organization\",\"@id\":\"https:\/\/noti-america.com\/site\/texas\/#organization\",\"name\":\"Noti-America LLC | Texas-USA\",\"url\":\"https:\/\/noti-america.com\/site\/texas\/\",\"logo\":{\"@type\":\"ImageObject\",\"inLanguage\":\"es\",\"@id\":\"https:\/\/noti-america.com\/site\/texas\/#\/schema\/logo\/image\/\",\"url\":\"https:\/\/noti-america.com\/site\/us-tx\/wp-content\/uploads\/sites\/4\/2020\/07\/LogoNA-4x3-1.jpg\",\"contentUrl\":\"https:\/\/noti-america.com\/site\/us-tx\/wp-content\/uploads\/sites\/4\/2020\/07\/LogoNA-4x3-1.jpg\",\"width\":1236,\"height\":1080,\"caption\":\"Noti-America LLC | Texas-USA\"},\"image\":{\"@id\":\"https:\/\/noti-america.com\/site\/texas\/#\/schema\/logo\/image\/\"}},{\"@type\":\"Person\",\"@id\":\"https:\/\/noti-america.com\/site\/texas\/#\/schema\/person\/ae305e0187703594d7e273941bdc7f76\",\"name\":\"Redacci\u00f3n NA-TX\",\"image\":{\"@type\":\"ImageObject\",\"inLanguage\":\"es\",\"@id\":\"https:\/\/secure.gravatar.com\/avatar\/1ede8345cc79df032062efa286d5b99b0e4e5bd13e51f7cb031f715a3a43b386?s=96&d=mm&r=g\",\"url\":\"https:\/\/secure.gravatar.com\/avatar\/1ede8345cc79df032062efa286d5b99b0e4e5bd13e51f7cb031f715a3a43b386?s=96&d=mm&r=g\",\"contentUrl\":\"https:\/\/secure.gravatar.com\/avatar\/1ede8345cc79df032062efa286d5b99b0e4e5bd13e51f7cb031f715a3a43b386?s=96&d=mm&r=g\",\"caption\":\"Redacci\u00f3n NA-TX\"},\"url\":\"https:\/\/noti-america.com\/site\/texas\/author\/redacciontx\/\"}]}<\/script>\n<!-- \/ Yoast SEO Premium plugin. -->","yoast_head_json":{"title":"Por qu\u00e9 no es probable que Trump sea destituido de su cargo tras el juicio\u00a0pol\u00edtico - Texas | Noti-America.com","robots":{"index":"index","follow":"follow","max-snippet":"max-snippet:-1","max-image-preview":"max-image-preview:large","max-video-preview":"max-video-preview:-1"},"canonical":"https:\/\/noti-america.com\/site\/texas\/2019\/12\/20\/por-que-no-es-probable-que-trump-sea-destituido-de-su-cargo-tras-el-juicio-politico\/","og_locale":"es_ES","og_type":"article","og_title":"Por qu\u00e9 no es probable que Trump sea destituido de su cargo tras el juicio\u00a0pol\u00edtico","og_description":"\u00bfQu\u00e9 ganan sus oponentes al avanzar con un voto que muy probablemente perder\u00e1n? Se espera que el mandatario sea absuelto por el Senado. FOTO: AFP &nbsp; &nbsp; Fuente: https:\/\/laopinion.com El presidente estadounidense Donald Trump&#46;&#46;&#46;","og_url":"https:\/\/noti-america.com\/site\/texas\/2019\/12\/20\/por-que-no-es-probable-que-trump-sea-destituido-de-su-cargo-tras-el-juicio-politico\/","og_site_name":"Texas | Noti-America.com","article_published_time":"2019-12-20T13:02:46+00:00","og_image":[{"width":940,"height":529,"url":"https:\/\/noti-america.com\/site\/texas\/wp-content\/uploads\/sites\/4\/2019\/12\/Por-qu\u00e9-no-es-probable-que-Trump.jpg","type":"image\/jpeg"}],"author":"Redacci\u00f3n NA-TX","twitter_card":"summary_large_image","twitter_misc":{"Escrito por":"Redacci\u00f3n NA-TX","Tiempo estimado de lectura":"8 minutos"},"schema":{"@context":"https:\/\/schema.org","@graph":[{"@type":"Article","@id":"https:\/\/noti-america.com\/site\/texas\/2019\/12\/20\/por-que-no-es-probable-que-trump-sea-destituido-de-su-cargo-tras-el-juicio-politico\/#article","isPartOf":{"@id":"https:\/\/noti-america.com\/site\/texas\/2019\/12\/20\/por-que-no-es-probable-que-trump-sea-destituido-de-su-cargo-tras-el-juicio-politico\/"},"author":{"name":"Redacci\u00f3n NA-TX","@id":"https:\/\/noti-america.com\/site\/texas\/#\/schema\/person\/ae305e0187703594d7e273941bdc7f76"},"headline":"Por qu\u00e9 no es probable que Trump sea destituido de su cargo tras el juicio\u00a0pol\u00edtico","datePublished":"2019-12-20T13:02:46+00:00","mainEntityOfPage":{"@id":"https:\/\/noti-america.com\/site\/texas\/2019\/12\/20\/por-que-no-es-probable-que-trump-sea-destituido-de-su-cargo-tras-el-juicio-politico\/"},"wordCount":1630,"commentCount":0,"publisher":{"@id":"https:\/\/noti-america.com\/site\/texas\/#organization"},"image":{"@id":"https:\/\/noti-america.com\/site\/texas\/2019\/12\/20\/por-que-no-es-probable-que-trump-sea-destituido-de-su-cargo-tras-el-juicio-politico\/#primaryimage"},"thumbnailUrl":"https:\/\/noti-america.com\/site\/texas\/wp-content\/uploads\/sites\/4\/2019\/12\/Por-qu\u00e9-no-es-probable-que-Trump.jpg","keywords":["juicio pol\u00edtico","Trump"],"articleSection":["Am\u00e9rica del Norte","Noticias","Pol\u00edtica"],"inLanguage":"es","potentialAction":[{"@type":"CommentAction","name":"Comment","target":["https:\/\/noti-america.com\/site\/texas\/2019\/12\/20\/por-que-no-es-probable-que-trump-sea-destituido-de-su-cargo-tras-el-juicio-politico\/#respond"]}]},{"@type":"WebPage","@id":"https:\/\/noti-america.com\/site\/texas\/2019\/12\/20\/por-que-no-es-probable-que-trump-sea-destituido-de-su-cargo-tras-el-juicio-politico\/","url":"https:\/\/noti-america.com\/site\/texas\/2019\/12\/20\/por-que-no-es-probable-que-trump-sea-destituido-de-su-cargo-tras-el-juicio-politico\/","name":"Por qu\u00e9 no es probable que Trump sea destituido de su cargo tras el juicio\u00a0pol\u00edtico - Texas | Noti-America.com","isPartOf":{"@id":"https:\/\/noti-america.com\/site\/texas\/#website"},"primaryImageOfPage":{"@id":"https:\/\/noti-america.com\/site\/texas\/2019\/12\/20\/por-que-no-es-probable-que-trump-sea-destituido-de-su-cargo-tras-el-juicio-politico\/#primaryimage"},"image":{"@id":"https:\/\/noti-america.com\/site\/texas\/2019\/12\/20\/por-que-no-es-probable-que-trump-sea-destituido-de-su-cargo-tras-el-juicio-politico\/#primaryimage"},"thumbnailUrl":"https:\/\/noti-america.com\/site\/texas\/wp-content\/uploads\/sites\/4\/2019\/12\/Por-qu\u00e9-no-es-probable-que-Trump.jpg","datePublished":"2019-12-20T13:02:46+00:00","breadcrumb":{"@id":"https:\/\/noti-america.com\/site\/texas\/2019\/12\/20\/por-que-no-es-probable-que-trump-sea-destituido-de-su-cargo-tras-el-juicio-politico\/#breadcrumb"},"inLanguage":"es","potentialAction":[{"@type":"ReadAction","target":["https:\/\/noti-america.com\/site\/texas\/2019\/12\/20\/por-que-no-es-probable-que-trump-sea-destituido-de-su-cargo-tras-el-juicio-politico\/"]}]},{"@type":"ImageObject","inLanguage":"es","@id":"https:\/\/noti-america.com\/site\/texas\/2019\/12\/20\/por-que-no-es-probable-que-trump-sea-destituido-de-su-cargo-tras-el-juicio-politico\/#primaryimage","url":"https:\/\/noti-america.com\/site\/texas\/wp-content\/uploads\/sites\/4\/2019\/12\/Por-qu\u00e9-no-es-probable-que-Trump.jpg","contentUrl":"https:\/\/noti-america.com\/site\/texas\/wp-content\/uploads\/sites\/4\/2019\/12\/Por-qu\u00e9-no-es-probable-que-Trump.jpg","width":940,"height":529},{"@type":"BreadcrumbList","@id":"https:\/\/noti-america.com\/site\/texas\/2019\/12\/20\/por-que-no-es-probable-que-trump-sea-destituido-de-su-cargo-tras-el-juicio-politico\/#breadcrumb","itemListElement":[{"@type":"ListItem","position":1,"name":"Portada","item":"https:\/\/noti-america.com\/site\/texas\/"},{"@type":"ListItem","position":2,"name":"Por qu\u00e9 no es probable que Trump sea destituido de su cargo tras el juicio\u00a0pol\u00edtico"}]},{"@type":"WebSite","@id":"https:\/\/noti-america.com\/site\/texas\/#website","url":"https:\/\/noti-america.com\/site\/texas\/","name":"Texas | Noti-America.com","description":"","publisher":{"@id":"https:\/\/noti-america.com\/site\/texas\/#organization"},"potentialAction":[{"@type":"SearchAction","target":{"@type":"EntryPoint","urlTemplate":"https:\/\/noti-america.com\/site\/texas\/?s={search_term_string}"},"query-input":{"@type":"PropertyValueSpecification","valueRequired":true,"valueName":"search_term_string"}}],"inLanguage":"es"},{"@type":"Organization","@id":"https:\/\/noti-america.com\/site\/texas\/#organization","name":"Noti-America LLC | Texas-USA","url":"https:\/\/noti-america.com\/site\/texas\/","logo":{"@type":"ImageObject","inLanguage":"es","@id":"https:\/\/noti-america.com\/site\/texas\/#\/schema\/logo\/image\/","url":"https:\/\/noti-america.com\/site\/us-tx\/wp-content\/uploads\/sites\/4\/2020\/07\/LogoNA-4x3-1.jpg","contentUrl":"https:\/\/noti-america.com\/site\/us-tx\/wp-content\/uploads\/sites\/4\/2020\/07\/LogoNA-4x3-1.jpg","width":1236,"height":1080,"caption":"Noti-America LLC | Texas-USA"},"image":{"@id":"https:\/\/noti-america.com\/site\/texas\/#\/schema\/logo\/image\/"}},{"@type":"Person","@id":"https:\/\/noti-america.com\/site\/texas\/#\/schema\/person\/ae305e0187703594d7e273941bdc7f76","name":"Redacci\u00f3n NA-TX","image":{"@type":"ImageObject","inLanguage":"es","@id":"https:\/\/secure.gravatar.com\/avatar\/1ede8345cc79df032062efa286d5b99b0e4e5bd13e51f7cb031f715a3a43b386?s=96&d=mm&r=g","url":"https:\/\/secure.gravatar.com\/avatar\/1ede8345cc79df032062efa286d5b99b0e4e5bd13e51f7cb031f715a3a43b386?s=96&d=mm&r=g","contentUrl":"https:\/\/secure.gravatar.com\/avatar\/1ede8345cc79df032062efa286d5b99b0e4e5bd13e51f7cb031f715a3a43b386?s=96&d=mm&r=g","caption":"Redacci\u00f3n NA-TX"},"url":"https:\/\/noti-america.com\/site\/texas\/author\/redacciontx\/"}]}},"_links":{"self":[{"href":"https:\/\/noti-america.com\/site\/texas\/wp-json\/wp\/v2\/posts\/17027","targetHints":{"allow":["GET"]}}],"collection":[{"href":"https:\/\/noti-america.com\/site\/texas\/wp-json\/wp\/v2\/posts"}],"about":[{"href":"https:\/\/noti-america.com\/site\/texas\/wp-json\/wp\/v2\/types\/post"}],"author":[{"embeddable":true,"href":"https:\/\/noti-america.com\/site\/texas\/wp-json\/wp\/v2\/users\/30"}],"replies":[{"embeddable":true,"href":"https:\/\/noti-america.com\/site\/texas\/wp-json\/wp\/v2\/comments?post=17027"}],"version-history":[{"count":1,"href":"https:\/\/noti-america.com\/site\/texas\/wp-json\/wp\/v2\/posts\/17027\/revisions"}],"predecessor-version":[{"id":17030,"href":"https:\/\/noti-america.com\/site\/texas\/wp-json\/wp\/v2\/posts\/17027\/revisions\/17030"}],"wp:featuredmedia":[{"embeddable":true,"href":"https:\/\/noti-america.com\/site\/texas\/wp-json\/wp\/v2\/media\/17029"}],"wp:attachment":[{"href":"https:\/\/noti-america.com\/site\/texas\/wp-json\/wp\/v2\/media?parent=17027"}],"wp:term":[{"taxonomy":"category","embeddable":true,"href":"https:\/\/noti-america.com\/site\/texas\/wp-json\/wp\/v2\/categories?post=17027"},{"taxonomy":"post_tag","embeddable":true,"href":"https:\/\/noti-america.com\/site\/texas\/wp-json\/wp\/v2\/tags?post=17027"}],"curies":[{"name":"wp","href":"https:\/\/api.w.org\/{rel}","templated":true}]}}