{"id":16674,"date":"2019-11-27T07:47:30","date_gmt":"2019-11-27T12:47:30","guid":{"rendered":"http:\/\/noti-america.com\/site\/us-tx\/?p=16674"},"modified":"2019-11-27T07:47:30","modified_gmt":"2019-11-27T12:47:30","slug":"tasas-de-interes-bien-posicionadas-para-crecimiento-de-eeuu-dice-jefe-de-la-fed","status":"publish","type":"post","link":"https:\/\/noti-america.com\/site\/texas\/2019\/11\/27\/tasas-de-interes-bien-posicionadas-para-crecimiento-de-eeuu-dice-jefe-de-la-fed\/","title":{"rendered":"Tasas de inter\u00e9s \u00abbien posicionadas\u00bb para crecimiento de EEUU, dice jefe de la Fed"},"content":{"rendered":"<div>\n<figure>\n<h3 style=\"text-align: center;\">La pol\u00edtica monetaria de Estados Unidos continuar\u00e1 en un ciclo positivo para los trabajadores mientras empuja la inflaci\u00f3n al nivel en que los funcionarios quisieran verla, dijo el lunes el presidente de la Reserva Federal (Fed, banco central), Jerome Powell.<\/h3>\n<\/figure>\n<\/div>\n<div class=\"t-content__body u-clearfix\">\n<p>&nbsp;<\/p>\n<p><img loading=\"lazy\" decoding=\"async\" class=\" wp-image-16675 aligncenter\" src=\"http:\/\/noti-america.com\/site\/us-tx\/wp-content\/uploads\/sites\/4\/2019\/11\/Fed-300x169.jpg\" alt=\"\" width=\"327\" height=\"184\" srcset=\"https:\/\/noti-america.com\/site\/texas\/wp-content\/uploads\/sites\/4\/2019\/11\/Fed-300x169.jpg 300w, https:\/\/noti-america.com\/site\/texas\/wp-content\/uploads\/sites\/4\/2019\/11\/Fed-768x432.jpg 768w, https:\/\/noti-america.com\/site\/texas\/wp-content\/uploads\/sites\/4\/2019\/11\/Fed.jpg 980w\" sizes=\"auto, (max-width: 327px) 100vw, 327px\" \/><\/p>\n<h5 style=\"text-align: center;\"><em><span style=\"color: #000000;\">Jerome Powell.<\/span><\/em><\/h5>\n<p>&nbsp;<\/p>\n<p>&nbsp;<\/p>\n<p>&nbsp;<\/p>\n<p><em><strong><span style=\"color: #000080;\">Fuente: https:\/\/www.france24.com<\/span><\/strong><\/em><\/p>\n<hr \/>\n<h3 style=\"text-align: center;\"><\/h3>\n<h3 style=\"text-align: center;\"><em><span style=\"color: #000000;\">\u00abLa pol\u00edtica monetaria ahora est\u00e1 bien posicionada para apoyar a un mercado laboral fuerte y devolver la inflaci\u00f3n de manera decisiva a nuestro objetivo sim\u00e9trico de 2 por ciento\u00bb, dijo Powell en un discurso ante la C\u00e1mara de Comercio de Greater Providence, en Rhode Island.<\/span><\/em><\/h3>\n<h4><\/h4>\n<h4><\/h4>\n<h4><\/h4>\n<h4><span style=\"color: #000000;\">En una mirada retrospectiva al desarrollo y los registros econ\u00f3micos durante el a\u00f1o, Powell dijo que, si bien las perspectivas parec\u00edan saludables ahora, hubo algunos sustos durante 2019.<\/span><\/h4>\n<h4><span style=\"color: #000000;\">El debilitamiento del crecimiento global y las guerras comerciales del presidente Donald Trump afectaron a las exportaciones estadounidenses, debilitaron el sector manufacturero y minaron la confianza empresarial, lo que afect\u00f3 las inversiones corporativas.<\/span><\/h4>\n<h4><span style=\"color: #000000;\">Adem\u00e1s, la inflaci\u00f3n fue extremadamente baja, lo que se sum\u00f3 a las preocupaciones de caer en un ciclo de bajo crecimiento similar al de Jap\u00f3n, que podr\u00eda ser dif\u00edcil de romper.<\/span><\/h4>\n<h4><span style=\"color: #000000;\">Pero la fortaleza del mercado laboral y las ganancias salariales est\u00e1n respaldando el gasto de los hogares y la confianza del consumidor, lo que representa alrededor del 70% de la econom\u00eda, dijo Powell.<\/span><\/h4>\n<h4><span style=\"color: #000000;\">\u00abEn este punto de la larga expansi\u00f3n, veo que el vaso est\u00e1 m\u00e1s que medio lleno\u00bb, dijo, seg\u00fan los comentarios preparados, y agreg\u00f3 que, con las pol\u00edticas correctas \u00abpodemos llenarlo m\u00e1s\u00bb.<\/span><\/h4>\n<h5 style=\"text-align: center;\"><em><span style=\"color: #000000;\">https:\/\/www.france24.com\/es\/20191126-tasas-de-inter%C3%A9s-bien-posicionadas-para-crecimiento-de-eeuu-dice-jefe-de-la-fed<\/span><\/em><\/h5>\n<\/div>\n","protected":false},"excerpt":{"rendered":"<p>La pol\u00edtica monetaria de Estados Unidos continuar\u00e1 en un ciclo positivo para los trabajadores mientras empuja la inflaci\u00f3n al nivel en que los funcionarios quisieran verla, dijo el lunes el presidente de la Reserva&#46;&#46;&#46;<\/p>\n","protected":false},"author":30,"featured_media":16675,"comment_status":"open","ping_status":"open","sticky":false,"template":"","format":"standard","meta":{"_acf_changed":false,"rop_custom_images_group":[],"rop_custom_messages_group":[],"rop_publish_now":"initial","rop_publish_now_accounts":{"twitter_242054905_242054905":""},"rop_publish_now_history":[],"rop_publish_now_status":"pending","footnotes":""},"categories":[1775,5,1774],"tags":[603,1164,1009,1165],"class_list":["post-16674","post","type-post","status-publish","format-standard","has-post-thumbnail","hentry","category-norteamerica","category-economia","category-noticias","tag-euu","tag-fed","tag-jerome-powell","tag-tasas-de-interes"],"acf":[],"yoast_head":"<!-- This site is optimized with the Yoast SEO Premium plugin v24.9 (Yoast SEO v27.2) - https:\/\/yoast.com\/product\/yoast-seo-premium-wordpress\/ -->\n<title>Tasas de inter\u00e9s &quot;bien posicionadas&quot; para crecimiento de EEUU, dice jefe de la Fed - Texas | Noti-America.com<\/title>\n<meta name=\"robots\" content=\"index, follow, max-snippet:-1, max-image-preview:large, max-video-preview:-1\" \/>\n<link rel=\"canonical\" href=\"https:\/\/noti-america.com\/site\/texas\/2019\/11\/27\/tasas-de-interes-bien-posicionadas-para-crecimiento-de-eeuu-dice-jefe-de-la-fed\/\" \/>\n<meta property=\"og:locale\" content=\"es_ES\" \/>\n<meta property=\"og:type\" content=\"article\" \/>\n<meta property=\"og:title\" content=\"Tasas de inter\u00e9s &quot;bien posicionadas&quot; para crecimiento de EEUU, dice jefe de la Fed\" \/>\n<meta property=\"og:description\" content=\"La pol\u00edtica monetaria de Estados Unidos continuar\u00e1 en un ciclo positivo para los trabajadores mientras empuja la inflaci\u00f3n al nivel en que los funcionarios quisieran verla, dijo el lunes el presidente de la Reserva&#046;&#046;&#046;\" \/>\n<meta property=\"og:url\" content=\"https:\/\/noti-america.com\/site\/texas\/2019\/11\/27\/tasas-de-interes-bien-posicionadas-para-crecimiento-de-eeuu-dice-jefe-de-la-fed\/\" \/>\n<meta property=\"og:site_name\" content=\"Texas | Noti-America.com\" \/>\n<meta property=\"article:published_time\" content=\"2019-11-27T12:47:30+00:00\" \/>\n<meta property=\"og:image\" content=\"https:\/\/noti-america.com\/site\/texas\/wp-content\/uploads\/sites\/4\/2019\/11\/Fed.jpg\" \/>\n\t<meta property=\"og:image:width\" content=\"980\" \/>\n\t<meta property=\"og:image:height\" content=\"551\" \/>\n\t<meta property=\"og:image:type\" content=\"image\/jpeg\" \/>\n<meta name=\"author\" content=\"Redacci\u00f3n NA-TX\" \/>\n<meta name=\"twitter:card\" content=\"summary_large_image\" \/>\n<meta name=\"twitter:label1\" content=\"Escrito por\" \/>\n\t<meta name=\"twitter:data1\" content=\"Redacci\u00f3n NA-TX\" \/>\n\t<meta name=\"twitter:label2\" content=\"Tiempo estimado de lectura\" \/>\n\t<meta name=\"twitter:data2\" content=\"1 minuto\" \/>\n<script type=\"application\/ld+json\" class=\"yoast-schema-graph\">{\"@context\":\"https:\/\/schema.org\",\"@graph\":[{\"@type\":\"Article\",\"@id\":\"https:\/\/noti-america.com\/site\/texas\/2019\/11\/27\/tasas-de-interes-bien-posicionadas-para-crecimiento-de-eeuu-dice-jefe-de-la-fed\/#article\",\"isPartOf\":{\"@id\":\"https:\/\/noti-america.com\/site\/texas\/2019\/11\/27\/tasas-de-interes-bien-posicionadas-para-crecimiento-de-eeuu-dice-jefe-de-la-fed\/\"},\"author\":{\"name\":\"Redacci\u00f3n NA-TX\",\"@id\":\"https:\/\/noti-america.com\/site\/texas\/#\/schema\/person\/ae305e0187703594d7e273941bdc7f76\"},\"headline\":\"Tasas de inter\u00e9s \u00abbien posicionadas\u00bb para crecimiento de EEUU, dice jefe de la Fed\",\"datePublished\":\"2019-11-27T12:47:30+00:00\",\"mainEntityOfPage\":{\"@id\":\"https:\/\/noti-america.com\/site\/texas\/2019\/11\/27\/tasas-de-interes-bien-posicionadas-para-crecimiento-de-eeuu-dice-jefe-de-la-fed\/\"},\"wordCount\":294,\"commentCount\":0,\"publisher\":{\"@id\":\"https:\/\/noti-america.com\/site\/texas\/#organization\"},\"image\":{\"@id\":\"https:\/\/noti-america.com\/site\/texas\/2019\/11\/27\/tasas-de-interes-bien-posicionadas-para-crecimiento-de-eeuu-dice-jefe-de-la-fed\/#primaryimage\"},\"thumbnailUrl\":\"https:\/\/noti-america.com\/site\/texas\/wp-content\/uploads\/sites\/4\/2019\/11\/Fed.jpg\",\"keywords\":[\"EUU\",\"FED\",\"Jerome Powell\",\"Tasas de inter\u00e9s\"],\"articleSection\":[\"Am\u00e9rica del Norte\",\"Econom\u00eda\",\"Noticias\"],\"inLanguage\":\"es\",\"potentialAction\":[{\"@type\":\"CommentAction\",\"name\":\"Comment\",\"target\":[\"https:\/\/noti-america.com\/site\/texas\/2019\/11\/27\/tasas-de-interes-bien-posicionadas-para-crecimiento-de-eeuu-dice-jefe-de-la-fed\/#respond\"]}]},{\"@type\":\"WebPage\",\"@id\":\"https:\/\/noti-america.com\/site\/texas\/2019\/11\/27\/tasas-de-interes-bien-posicionadas-para-crecimiento-de-eeuu-dice-jefe-de-la-fed\/\",\"url\":\"https:\/\/noti-america.com\/site\/texas\/2019\/11\/27\/tasas-de-interes-bien-posicionadas-para-crecimiento-de-eeuu-dice-jefe-de-la-fed\/\",\"name\":\"Tasas de inter\u00e9s \\\"bien posicionadas\\\" para crecimiento de EEUU, dice jefe de la Fed - Texas | Noti-America.com\",\"isPartOf\":{\"@id\":\"https:\/\/noti-america.com\/site\/texas\/#website\"},\"primaryImageOfPage\":{\"@id\":\"https:\/\/noti-america.com\/site\/texas\/2019\/11\/27\/tasas-de-interes-bien-posicionadas-para-crecimiento-de-eeuu-dice-jefe-de-la-fed\/#primaryimage\"},\"image\":{\"@id\":\"https:\/\/noti-america.com\/site\/texas\/2019\/11\/27\/tasas-de-interes-bien-posicionadas-para-crecimiento-de-eeuu-dice-jefe-de-la-fed\/#primaryimage\"},\"thumbnailUrl\":\"https:\/\/noti-america.com\/site\/texas\/wp-content\/uploads\/sites\/4\/2019\/11\/Fed.jpg\",\"datePublished\":\"2019-11-27T12:47:30+00:00\",\"breadcrumb\":{\"@id\":\"https:\/\/noti-america.com\/site\/texas\/2019\/11\/27\/tasas-de-interes-bien-posicionadas-para-crecimiento-de-eeuu-dice-jefe-de-la-fed\/#breadcrumb\"},\"inLanguage\":\"es\",\"potentialAction\":[{\"@type\":\"ReadAction\",\"target\":[\"https:\/\/noti-america.com\/site\/texas\/2019\/11\/27\/tasas-de-interes-bien-posicionadas-para-crecimiento-de-eeuu-dice-jefe-de-la-fed\/\"]}]},{\"@type\":\"ImageObject\",\"inLanguage\":\"es\",\"@id\":\"https:\/\/noti-america.com\/site\/texas\/2019\/11\/27\/tasas-de-interes-bien-posicionadas-para-crecimiento-de-eeuu-dice-jefe-de-la-fed\/#primaryimage\",\"url\":\"https:\/\/noti-america.com\/site\/texas\/wp-content\/uploads\/sites\/4\/2019\/11\/Fed.jpg\",\"contentUrl\":\"https:\/\/noti-america.com\/site\/texas\/wp-content\/uploads\/sites\/4\/2019\/11\/Fed.jpg\",\"width\":980,\"height\":551},{\"@type\":\"BreadcrumbList\",\"@id\":\"https:\/\/noti-america.com\/site\/texas\/2019\/11\/27\/tasas-de-interes-bien-posicionadas-para-crecimiento-de-eeuu-dice-jefe-de-la-fed\/#breadcrumb\",\"itemListElement\":[{\"@type\":\"ListItem\",\"position\":1,\"name\":\"Portada\",\"item\":\"https:\/\/noti-america.com\/site\/texas\/\"},{\"@type\":\"ListItem\",\"position\":2,\"name\":\"Tasas de inter\u00e9s &#8220;bien posicionadas&#8221; para crecimiento de EEUU, dice jefe de la Fed\"}]},{\"@type\":\"WebSite\",\"@id\":\"https:\/\/noti-america.com\/site\/texas\/#website\",\"url\":\"https:\/\/noti-america.com\/site\/texas\/\",\"name\":\"Texas | Noti-America.com\",\"description\":\"\",\"publisher\":{\"@id\":\"https:\/\/noti-america.com\/site\/texas\/#organization\"},\"potentialAction\":[{\"@type\":\"SearchAction\",\"target\":{\"@type\":\"EntryPoint\",\"urlTemplate\":\"https:\/\/noti-america.com\/site\/texas\/?s={search_term_string}\"},\"query-input\":{\"@type\":\"PropertyValueSpecification\",\"valueRequired\":true,\"valueName\":\"search_term_string\"}}],\"inLanguage\":\"es\"},{\"@type\":\"Organization\",\"@id\":\"https:\/\/noti-america.com\/site\/texas\/#organization\",\"name\":\"Noti-America LLC | Texas-USA\",\"url\":\"https:\/\/noti-america.com\/site\/texas\/\",\"logo\":{\"@type\":\"ImageObject\",\"inLanguage\":\"es\",\"@id\":\"https:\/\/noti-america.com\/site\/texas\/#\/schema\/logo\/image\/\",\"url\":\"https:\/\/noti-america.com\/site\/us-tx\/wp-content\/uploads\/sites\/4\/2020\/07\/LogoNA-4x3-1.jpg\",\"contentUrl\":\"https:\/\/noti-america.com\/site\/us-tx\/wp-content\/uploads\/sites\/4\/2020\/07\/LogoNA-4x3-1.jpg\",\"width\":1236,\"height\":1080,\"caption\":\"Noti-America LLC | Texas-USA\"},\"image\":{\"@id\":\"https:\/\/noti-america.com\/site\/texas\/#\/schema\/logo\/image\/\"}},{\"@type\":\"Person\",\"@id\":\"https:\/\/noti-america.com\/site\/texas\/#\/schema\/person\/ae305e0187703594d7e273941bdc7f76\",\"name\":\"Redacci\u00f3n NA-TX\",\"image\":{\"@type\":\"ImageObject\",\"inLanguage\":\"es\",\"@id\":\"https:\/\/secure.gravatar.com\/avatar\/1ede8345cc79df032062efa286d5b99b0e4e5bd13e51f7cb031f715a3a43b386?s=96&d=mm&r=g\",\"url\":\"https:\/\/secure.gravatar.com\/avatar\/1ede8345cc79df032062efa286d5b99b0e4e5bd13e51f7cb031f715a3a43b386?s=96&d=mm&r=g\",\"contentUrl\":\"https:\/\/secure.gravatar.com\/avatar\/1ede8345cc79df032062efa286d5b99b0e4e5bd13e51f7cb031f715a3a43b386?s=96&d=mm&r=g\",\"caption\":\"Redacci\u00f3n NA-TX\"},\"url\":\"https:\/\/noti-america.com\/site\/texas\/author\/redacciontx\/\"}]}<\/script>\n<!-- \/ Yoast SEO Premium plugin. -->","yoast_head_json":{"title":"Tasas de inter\u00e9s \"bien posicionadas\" para crecimiento de EEUU, dice jefe de la Fed - Texas | Noti-America.com","robots":{"index":"index","follow":"follow","max-snippet":"max-snippet:-1","max-image-preview":"max-image-preview:large","max-video-preview":"max-video-preview:-1"},"canonical":"https:\/\/noti-america.com\/site\/texas\/2019\/11\/27\/tasas-de-interes-bien-posicionadas-para-crecimiento-de-eeuu-dice-jefe-de-la-fed\/","og_locale":"es_ES","og_type":"article","og_title":"Tasas de inter\u00e9s \"bien posicionadas\" para crecimiento de EEUU, dice jefe de la Fed","og_description":"La pol\u00edtica monetaria de Estados Unidos continuar\u00e1 en un ciclo positivo para los trabajadores mientras empuja la inflaci\u00f3n al nivel en que los funcionarios quisieran verla, dijo el lunes el presidente de la Reserva&#46;&#46;&#46;","og_url":"https:\/\/noti-america.com\/site\/texas\/2019\/11\/27\/tasas-de-interes-bien-posicionadas-para-crecimiento-de-eeuu-dice-jefe-de-la-fed\/","og_site_name":"Texas | Noti-America.com","article_published_time":"2019-11-27T12:47:30+00:00","og_image":[{"width":980,"height":551,"url":"https:\/\/noti-america.com\/site\/texas\/wp-content\/uploads\/sites\/4\/2019\/11\/Fed.jpg","type":"image\/jpeg"}],"author":"Redacci\u00f3n NA-TX","twitter_card":"summary_large_image","twitter_misc":{"Escrito por":"Redacci\u00f3n NA-TX","Tiempo estimado de lectura":"1 minuto"},"schema":{"@context":"https:\/\/schema.org","@graph":[{"@type":"Article","@id":"https:\/\/noti-america.com\/site\/texas\/2019\/11\/27\/tasas-de-interes-bien-posicionadas-para-crecimiento-de-eeuu-dice-jefe-de-la-fed\/#article","isPartOf":{"@id":"https:\/\/noti-america.com\/site\/texas\/2019\/11\/27\/tasas-de-interes-bien-posicionadas-para-crecimiento-de-eeuu-dice-jefe-de-la-fed\/"},"author":{"name":"Redacci\u00f3n NA-TX","@id":"https:\/\/noti-america.com\/site\/texas\/#\/schema\/person\/ae305e0187703594d7e273941bdc7f76"},"headline":"Tasas de inter\u00e9s \u00abbien posicionadas\u00bb para crecimiento de EEUU, dice jefe de la Fed","datePublished":"2019-11-27T12:47:30+00:00","mainEntityOfPage":{"@id":"https:\/\/noti-america.com\/site\/texas\/2019\/11\/27\/tasas-de-interes-bien-posicionadas-para-crecimiento-de-eeuu-dice-jefe-de-la-fed\/"},"wordCount":294,"commentCount":0,"publisher":{"@id":"https:\/\/noti-america.com\/site\/texas\/#organization"},"image":{"@id":"https:\/\/noti-america.com\/site\/texas\/2019\/11\/27\/tasas-de-interes-bien-posicionadas-para-crecimiento-de-eeuu-dice-jefe-de-la-fed\/#primaryimage"},"thumbnailUrl":"https:\/\/noti-america.com\/site\/texas\/wp-content\/uploads\/sites\/4\/2019\/11\/Fed.jpg","keywords":["EUU","FED","Jerome Powell","Tasas de inter\u00e9s"],"articleSection":["Am\u00e9rica del Norte","Econom\u00eda","Noticias"],"inLanguage":"es","potentialAction":[{"@type":"CommentAction","name":"Comment","target":["https:\/\/noti-america.com\/site\/texas\/2019\/11\/27\/tasas-de-interes-bien-posicionadas-para-crecimiento-de-eeuu-dice-jefe-de-la-fed\/#respond"]}]},{"@type":"WebPage","@id":"https:\/\/noti-america.com\/site\/texas\/2019\/11\/27\/tasas-de-interes-bien-posicionadas-para-crecimiento-de-eeuu-dice-jefe-de-la-fed\/","url":"https:\/\/noti-america.com\/site\/texas\/2019\/11\/27\/tasas-de-interes-bien-posicionadas-para-crecimiento-de-eeuu-dice-jefe-de-la-fed\/","name":"Tasas de inter\u00e9s \"bien posicionadas\" para crecimiento de EEUU, dice jefe de la Fed - Texas | Noti-America.com","isPartOf":{"@id":"https:\/\/noti-america.com\/site\/texas\/#website"},"primaryImageOfPage":{"@id":"https:\/\/noti-america.com\/site\/texas\/2019\/11\/27\/tasas-de-interes-bien-posicionadas-para-crecimiento-de-eeuu-dice-jefe-de-la-fed\/#primaryimage"},"image":{"@id":"https:\/\/noti-america.com\/site\/texas\/2019\/11\/27\/tasas-de-interes-bien-posicionadas-para-crecimiento-de-eeuu-dice-jefe-de-la-fed\/#primaryimage"},"thumbnailUrl":"https:\/\/noti-america.com\/site\/texas\/wp-content\/uploads\/sites\/4\/2019\/11\/Fed.jpg","datePublished":"2019-11-27T12:47:30+00:00","breadcrumb":{"@id":"https:\/\/noti-america.com\/site\/texas\/2019\/11\/27\/tasas-de-interes-bien-posicionadas-para-crecimiento-de-eeuu-dice-jefe-de-la-fed\/#breadcrumb"},"inLanguage":"es","potentialAction":[{"@type":"ReadAction","target":["https:\/\/noti-america.com\/site\/texas\/2019\/11\/27\/tasas-de-interes-bien-posicionadas-para-crecimiento-de-eeuu-dice-jefe-de-la-fed\/"]}]},{"@type":"ImageObject","inLanguage":"es","@id":"https:\/\/noti-america.com\/site\/texas\/2019\/11\/27\/tasas-de-interes-bien-posicionadas-para-crecimiento-de-eeuu-dice-jefe-de-la-fed\/#primaryimage","url":"https:\/\/noti-america.com\/site\/texas\/wp-content\/uploads\/sites\/4\/2019\/11\/Fed.jpg","contentUrl":"https:\/\/noti-america.com\/site\/texas\/wp-content\/uploads\/sites\/4\/2019\/11\/Fed.jpg","width":980,"height":551},{"@type":"BreadcrumbList","@id":"https:\/\/noti-america.com\/site\/texas\/2019\/11\/27\/tasas-de-interes-bien-posicionadas-para-crecimiento-de-eeuu-dice-jefe-de-la-fed\/#breadcrumb","itemListElement":[{"@type":"ListItem","position":1,"name":"Portada","item":"https:\/\/noti-america.com\/site\/texas\/"},{"@type":"ListItem","position":2,"name":"Tasas de inter\u00e9s &#8220;bien posicionadas&#8221; para crecimiento de EEUU, dice jefe de la Fed"}]},{"@type":"WebSite","@id":"https:\/\/noti-america.com\/site\/texas\/#website","url":"https:\/\/noti-america.com\/site\/texas\/","name":"Texas | Noti-America.com","description":"","publisher":{"@id":"https:\/\/noti-america.com\/site\/texas\/#organization"},"potentialAction":[{"@type":"SearchAction","target":{"@type":"EntryPoint","urlTemplate":"https:\/\/noti-america.com\/site\/texas\/?s={search_term_string}"},"query-input":{"@type":"PropertyValueSpecification","valueRequired":true,"valueName":"search_term_string"}}],"inLanguage":"es"},{"@type":"Organization","@id":"https:\/\/noti-america.com\/site\/texas\/#organization","name":"Noti-America LLC | Texas-USA","url":"https:\/\/noti-america.com\/site\/texas\/","logo":{"@type":"ImageObject","inLanguage":"es","@id":"https:\/\/noti-america.com\/site\/texas\/#\/schema\/logo\/image\/","url":"https:\/\/noti-america.com\/site\/us-tx\/wp-content\/uploads\/sites\/4\/2020\/07\/LogoNA-4x3-1.jpg","contentUrl":"https:\/\/noti-america.com\/site\/us-tx\/wp-content\/uploads\/sites\/4\/2020\/07\/LogoNA-4x3-1.jpg","width":1236,"height":1080,"caption":"Noti-America LLC | Texas-USA"},"image":{"@id":"https:\/\/noti-america.com\/site\/texas\/#\/schema\/logo\/image\/"}},{"@type":"Person","@id":"https:\/\/noti-america.com\/site\/texas\/#\/schema\/person\/ae305e0187703594d7e273941bdc7f76","name":"Redacci\u00f3n NA-TX","image":{"@type":"ImageObject","inLanguage":"es","@id":"https:\/\/secure.gravatar.com\/avatar\/1ede8345cc79df032062efa286d5b99b0e4e5bd13e51f7cb031f715a3a43b386?s=96&d=mm&r=g","url":"https:\/\/secure.gravatar.com\/avatar\/1ede8345cc79df032062efa286d5b99b0e4e5bd13e51f7cb031f715a3a43b386?s=96&d=mm&r=g","contentUrl":"https:\/\/secure.gravatar.com\/avatar\/1ede8345cc79df032062efa286d5b99b0e4e5bd13e51f7cb031f715a3a43b386?s=96&d=mm&r=g","caption":"Redacci\u00f3n NA-TX"},"url":"https:\/\/noti-america.com\/site\/texas\/author\/redacciontx\/"}]}},"_links":{"self":[{"href":"https:\/\/noti-america.com\/site\/texas\/wp-json\/wp\/v2\/posts\/16674","targetHints":{"allow":["GET"]}}],"collection":[{"href":"https:\/\/noti-america.com\/site\/texas\/wp-json\/wp\/v2\/posts"}],"about":[{"href":"https:\/\/noti-america.com\/site\/texas\/wp-json\/wp\/v2\/types\/post"}],"author":[{"embeddable":true,"href":"https:\/\/noti-america.com\/site\/texas\/wp-json\/wp\/v2\/users\/30"}],"replies":[{"embeddable":true,"href":"https:\/\/noti-america.com\/site\/texas\/wp-json\/wp\/v2\/comments?post=16674"}],"version-history":[{"count":1,"href":"https:\/\/noti-america.com\/site\/texas\/wp-json\/wp\/v2\/posts\/16674\/revisions"}],"predecessor-version":[{"id":16676,"href":"https:\/\/noti-america.com\/site\/texas\/wp-json\/wp\/v2\/posts\/16674\/revisions\/16676"}],"wp:featuredmedia":[{"embeddable":true,"href":"https:\/\/noti-america.com\/site\/texas\/wp-json\/wp\/v2\/media\/16675"}],"wp:attachment":[{"href":"https:\/\/noti-america.com\/site\/texas\/wp-json\/wp\/v2\/media?parent=16674"}],"wp:term":[{"taxonomy":"category","embeddable":true,"href":"https:\/\/noti-america.com\/site\/texas\/wp-json\/wp\/v2\/categories?post=16674"},{"taxonomy":"post_tag","embeddable":true,"href":"https:\/\/noti-america.com\/site\/texas\/wp-json\/wp\/v2\/tags?post=16674"}],"curies":[{"name":"wp","href":"https:\/\/api.w.org\/{rel}","templated":true}]}}