{"id":14992,"date":"2019-09-05T05:33:54","date_gmt":"2019-09-05T10:33:54","guid":{"rendered":"http:\/\/noti-america.com\/site\/us-tx\/?p=14992"},"modified":"2019-09-05T05:33:54","modified_gmt":"2019-09-05T10:33:54","slug":"fed-asegura-que-negocios-de-eeuu-son-optimistas-pese-a-tensiones-comerciales","status":"publish","type":"post","link":"https:\/\/noti-america.com\/site\/texas\/2019\/09\/05\/fed-asegura-que-negocios-de-eeuu-son-optimistas-pese-a-tensiones-comerciales\/","title":{"rendered":"Fed asegura que negocios de EEUU son optimistas pese a tensiones comerciales"},"content":{"rendered":"<header class=\"story-leaf-header row header-structure \"><\/header>\n<div class=\"header-structure\">\n<div class=\"row no-image\">\n<div class=\"col-xs-12 col-md-2 col-md-pull-10 story-leaf-infobox\">\n<div class=\"row story-leaf-author nopadding\"><\/div>\n<\/div>\n<\/div>\n<\/div>\n<div class=\"content-structure \">\n<div class=\"story-leaf-txt-p\" data-gtm-element-container=\"modulo-texto-link\">\n<h3 style=\"text-align: center;\"><em><span style=\"color: #000000;\">La Reserva Federal (Fed) de Estados Unidos asegur\u00f3 hoy que las empresas del pa\u00eds se mantienen optimistas sobre su actividad, pese a la escalada de tensi\u00f3n comercial entre Washington y Pek\u00edn y su posible impacto econ\u00f3mico.<\/span><\/em><\/h3>\n<p>&nbsp;<\/p>\n<p><img loading=\"lazy\" decoding=\"async\" class=\"wp-image-14993 aligncenter\" src=\"http:\/\/noti-america.com\/site\/us-tx\/wp-content\/uploads\/sites\/4\/2019\/09\/Fed-asegura-que-negocios-de-EEUU-300x111.jpg\" alt=\"\" width=\"660\" height=\"244\" srcset=\"https:\/\/noti-america.com\/site\/texas\/wp-content\/uploads\/sites\/4\/2019\/09\/Fed-asegura-que-negocios-de-EEUU-300x111.jpg 300w, https:\/\/noti-america.com\/site\/texas\/wp-content\/uploads\/sites\/4\/2019\/09\/Fed-asegura-que-negocios-de-EEUU-768x285.jpg 768w, https:\/\/noti-america.com\/site\/texas\/wp-content\/uploads\/sites\/4\/2019\/09\/Fed-asegura-que-negocios-de-EEUU.jpg 975w\" sizes=\"auto, (max-width: 660px) 100vw, 660px\" \/><\/p>\n<h5 style=\"text-align: center;\"><em><span style=\"color: #000000;\">Jerome Powell, FED<\/span><\/em><\/h5>\n<p>&nbsp;<\/p>\n<p>&nbsp;<\/p>\n<p>&nbsp;<\/p>\n<p><em><strong><span style=\"color: #003366;\">Fuente: https:\/\/www.lavanguardia.com<\/span><\/strong><\/em><\/p>\n<hr \/>\n<p>&nbsp;<\/p>\n<h3 style=\"text-align: center;\"><em>\u00abSi bien las preocupaciones respecto a los aranceles y la incertidumbre de la pol\u00edtica comercial continuaron, la mayor\u00eda de las empresas se mantuvieron optimistas acerca de las perspectivas a corto plazo\u00bb, indic\u00f3 la Fed en su \u00ablibro beige\u00bb, documento en el que recoge informaci\u00f3n sobre la actividad econ\u00f3mica reciente.<\/em><\/h3>\n<p>&nbsp;<\/p>\n<p>&nbsp;<\/p>\n<p>&nbsp;<\/p>\n<p>&nbsp;<\/p>\n<h4><span style=\"color: #000000;\">Las compa\u00f1\u00edas hicieron esta valoraci\u00f3n antes de que el Gobierno de Donald Trump impusiera el 1 de septiembre un gravamen del 15 % a las importaciones de ropa, herramientas, productos electr\u00f3nicos y otros productos de China, mientras que Pek\u00edn tom\u00f3 represalias con nuevos aranceles a la soja, el petr\u00f3leo crudo y productos farmac\u00e9uticos de Estados Unidos.<\/span><\/h4>\n<h4><span style=\"color: #000000;\">Sin embargo, la guerra comercial entre ambas potencias ya ha tenido varias rondas de aranceles y, de momento, parece no haber tenido un efecto importante en EEUU.<\/span><\/h4>\n<h4><span style=\"color: #000000;\">En principio, una delegaci\u00f3n del Gobierno chino se desplazar\u00e1 a Washington este mes para tratar de acercar posiciones sobre un posible tratado comercial entre ambas potencias, aunque la \u00faltima ronda de grav\u00e1menes ha demostrado que el pacto a\u00fan est\u00e1 lejos de alcanzarse.<\/span><\/h4>\n<h4><span style=\"color: #000000;\">Por otro lado, el informe de la Fed tambi\u00e9n destac\u00f3 que la econom\u00eda estadounidense se expandi\u00f3 \u00aba un ritmo modesto\u00bb hasta finales de agosto.<\/span><\/h4>\n<h4><span style=\"color: #000000;\">Por sectores, el organismo dirigido por Jerome Powell subray\u00f3 que las ventas de autom\u00f3viles se aceleraron y que el sector tur\u00edstico se mantuvo \u00abs\u00f3lido\u00bb en los \u00faltimos meses, mientras que la venta de viviendas y la actividad manufacturera disminuyeron.<\/span><\/h4>\n<h4><span style=\"color: #000000;\">De acuerdo a datos oficiales, la econom\u00eda de Estados Unidos avanz\u00f3 a una tasa anual del 2 % en el segundo trimestre, una d\u00e9cima por debajo del c\u00e1lculo preliminar oficial para ese per\u00edodo.<\/span><\/h4>\n<h4><span style=\"color: #000000;\">Por su parte, la inflaci\u00f3n se ha suavizado en 2019 por debajo de la meta anual de la Fed del 2 %, lo que pone en cuesti\u00f3n la ortodoxia econ\u00f3mica que dicta que un mercado laboral ajustado y una expansi\u00f3n econ\u00f3mica sostenida deber\u00edan generar mayores incrementos en los precios.<\/span><\/h4>\n<h4><span style=\"color: #000000;\">En su \u00faltima reuni\u00f3n, en julio, los responsables del banco central estadounidense decidieron rebajar los tipos de inter\u00e9s hasta el rango de entre el 2 % y el 2,25 %.<\/span><\/h4>\n<h4><span style=\"color: #000000;\">Ese fue el primer recorte del precio del dinero en el pa\u00eds en m\u00e1s de una d\u00e9cada, ya que el anterior se produjo justo despu\u00e9s de la aguda crisis financiera de finales de 2008.<\/span><\/h4>\n<h4><span style=\"color: #000000;\">La siguiente reuni\u00f3n de pol\u00edtica monetaria del banco central estadounidense est\u00e1 prevista para el 17 y 18 de septiembre y en ella se presentar\u00e1n las nuevas proyecciones macroecon\u00f3micas de Estados Unidos. EFE<\/span><\/h4>\n<p>&nbsp;<\/p>\n<h5 style=\"text-align: center;\"><em><span style=\"color: #000000;\">https:\/\/www.lavanguardia.com\/vida\/20190904\/47186481361\/fed-asegura-que-negocios-de-eeuu-son-optimistas-pese-a-tensiones-comerciales.html<\/span><\/em><\/h5>\n<\/div>\n<\/div>\n","protected":false},"excerpt":{"rendered":"<p>La Reserva Federal (Fed) de Estados Unidos asegur\u00f3 hoy que las empresas del pa\u00eds se mantienen optimistas sobre su actividad, pese a la escalada de tensi\u00f3n comercial entre Washington y Pek\u00edn y su posible&#46;&#46;&#46;<\/p>\n","protected":false},"author":30,"featured_media":14993,"comment_status":"open","ping_status":"open","sticky":false,"template":"","format":"standard","meta":{"_acf_changed":false,"rop_custom_images_group":[],"rop_custom_messages_group":[],"rop_publish_now":"initial","rop_publish_now_accounts":{"twitter_242054905_242054905":""},"rop_publish_now_history":[],"rop_publish_now_status":"pending","footnotes":""},"categories":[1775,5,1774],"tags":[209,1164,1009],"class_list":["post-14992","post","type-post","status-publish","format-standard","has-post-thumbnail","hentry","category-norteamerica","category-economia","category-noticias","tag-eeuu","tag-fed","tag-jerome-powell"],"acf":[],"yoast_head":"<!-- This site is optimized with the Yoast SEO Premium plugin v24.9 (Yoast SEO v27.2) - https:\/\/yoast.com\/product\/yoast-seo-premium-wordpress\/ -->\n<title>Fed asegura que negocios de EEUU son optimistas pese a tensiones comerciales - Texas | Noti-America.com<\/title>\n<meta name=\"robots\" content=\"index, follow, max-snippet:-1, max-image-preview:large, max-video-preview:-1\" \/>\n<link rel=\"canonical\" href=\"https:\/\/noti-america.com\/site\/texas\/2019\/09\/05\/fed-asegura-que-negocios-de-eeuu-son-optimistas-pese-a-tensiones-comerciales\/\" \/>\n<meta property=\"og:locale\" content=\"es_ES\" \/>\n<meta property=\"og:type\" content=\"article\" \/>\n<meta property=\"og:title\" content=\"Fed asegura que negocios de EEUU son optimistas pese a tensiones comerciales\" \/>\n<meta property=\"og:description\" content=\"La Reserva Federal (Fed) de Estados Unidos asegur\u00f3 hoy que las empresas del pa\u00eds se mantienen optimistas sobre su actividad, pese a la escalada de tensi\u00f3n comercial entre Washington y Pek\u00edn y su posible&#046;&#046;&#046;\" \/>\n<meta property=\"og:url\" content=\"https:\/\/noti-america.com\/site\/texas\/2019\/09\/05\/fed-asegura-que-negocios-de-eeuu-son-optimistas-pese-a-tensiones-comerciales\/\" \/>\n<meta property=\"og:site_name\" content=\"Texas | Noti-America.com\" \/>\n<meta property=\"article:published_time\" content=\"2019-09-05T10:33:54+00:00\" \/>\n<meta property=\"og:image\" content=\"https:\/\/noti-america.com\/site\/texas\/wp-content\/uploads\/sites\/4\/2019\/09\/Fed-asegura-que-negocios-de-EEUU.jpg\" \/>\n\t<meta property=\"og:image:width\" content=\"975\" \/>\n\t<meta property=\"og:image:height\" content=\"362\" \/>\n\t<meta property=\"og:image:type\" content=\"image\/jpeg\" \/>\n<meta name=\"author\" content=\"Redacci\u00f3n NA-TX\" \/>\n<meta name=\"twitter:card\" content=\"summary_large_image\" \/>\n<meta name=\"twitter:label1\" content=\"Escrito por\" \/>\n\t<meta name=\"twitter:data1\" content=\"Redacci\u00f3n NA-TX\" \/>\n\t<meta name=\"twitter:label2\" content=\"Tiempo estimado de lectura\" \/>\n\t<meta name=\"twitter:data2\" content=\"3 minutos\" \/>\n<script type=\"application\/ld+json\" class=\"yoast-schema-graph\">{\"@context\":\"https:\/\/schema.org\",\"@graph\":[{\"@type\":\"Article\",\"@id\":\"https:\/\/noti-america.com\/site\/texas\/2019\/09\/05\/fed-asegura-que-negocios-de-eeuu-son-optimistas-pese-a-tensiones-comerciales\/#article\",\"isPartOf\":{\"@id\":\"https:\/\/noti-america.com\/site\/texas\/2019\/09\/05\/fed-asegura-que-negocios-de-eeuu-son-optimistas-pese-a-tensiones-comerciales\/\"},\"author\":{\"name\":\"Redacci\u00f3n NA-TX\",\"@id\":\"https:\/\/noti-america.com\/site\/texas\/#\/schema\/person\/ae305e0187703594d7e273941bdc7f76\"},\"headline\":\"Fed asegura que negocios de EEUU son optimistas pese a tensiones comerciales\",\"datePublished\":\"2019-09-05T10:33:54+00:00\",\"mainEntityOfPage\":{\"@id\":\"https:\/\/noti-america.com\/site\/texas\/2019\/09\/05\/fed-asegura-que-negocios-de-eeuu-son-optimistas-pese-a-tensiones-comerciales\/\"},\"wordCount\":515,\"commentCount\":0,\"publisher\":{\"@id\":\"https:\/\/noti-america.com\/site\/texas\/#organization\"},\"image\":{\"@id\":\"https:\/\/noti-america.com\/site\/texas\/2019\/09\/05\/fed-asegura-que-negocios-de-eeuu-son-optimistas-pese-a-tensiones-comerciales\/#primaryimage\"},\"thumbnailUrl\":\"https:\/\/noti-america.com\/site\/texas\/wp-content\/uploads\/sites\/4\/2019\/09\/Fed-asegura-que-negocios-de-EEUU.jpg\",\"keywords\":[\"EEUU\",\"FED\",\"Jerome Powell\"],\"articleSection\":[\"Am\u00e9rica del Norte\",\"Econom\u00eda\",\"Noticias\"],\"inLanguage\":\"es\",\"potentialAction\":[{\"@type\":\"CommentAction\",\"name\":\"Comment\",\"target\":[\"https:\/\/noti-america.com\/site\/texas\/2019\/09\/05\/fed-asegura-que-negocios-de-eeuu-son-optimistas-pese-a-tensiones-comerciales\/#respond\"]}]},{\"@type\":\"WebPage\",\"@id\":\"https:\/\/noti-america.com\/site\/texas\/2019\/09\/05\/fed-asegura-que-negocios-de-eeuu-son-optimistas-pese-a-tensiones-comerciales\/\",\"url\":\"https:\/\/noti-america.com\/site\/texas\/2019\/09\/05\/fed-asegura-que-negocios-de-eeuu-son-optimistas-pese-a-tensiones-comerciales\/\",\"name\":\"Fed asegura que negocios de EEUU son optimistas pese a tensiones comerciales - Texas | Noti-America.com\",\"isPartOf\":{\"@id\":\"https:\/\/noti-america.com\/site\/texas\/#website\"},\"primaryImageOfPage\":{\"@id\":\"https:\/\/noti-america.com\/site\/texas\/2019\/09\/05\/fed-asegura-que-negocios-de-eeuu-son-optimistas-pese-a-tensiones-comerciales\/#primaryimage\"},\"image\":{\"@id\":\"https:\/\/noti-america.com\/site\/texas\/2019\/09\/05\/fed-asegura-que-negocios-de-eeuu-son-optimistas-pese-a-tensiones-comerciales\/#primaryimage\"},\"thumbnailUrl\":\"https:\/\/noti-america.com\/site\/texas\/wp-content\/uploads\/sites\/4\/2019\/09\/Fed-asegura-que-negocios-de-EEUU.jpg\",\"datePublished\":\"2019-09-05T10:33:54+00:00\",\"breadcrumb\":{\"@id\":\"https:\/\/noti-america.com\/site\/texas\/2019\/09\/05\/fed-asegura-que-negocios-de-eeuu-son-optimistas-pese-a-tensiones-comerciales\/#breadcrumb\"},\"inLanguage\":\"es\",\"potentialAction\":[{\"@type\":\"ReadAction\",\"target\":[\"https:\/\/noti-america.com\/site\/texas\/2019\/09\/05\/fed-asegura-que-negocios-de-eeuu-son-optimistas-pese-a-tensiones-comerciales\/\"]}]},{\"@type\":\"ImageObject\",\"inLanguage\":\"es\",\"@id\":\"https:\/\/noti-america.com\/site\/texas\/2019\/09\/05\/fed-asegura-que-negocios-de-eeuu-son-optimistas-pese-a-tensiones-comerciales\/#primaryimage\",\"url\":\"https:\/\/noti-america.com\/site\/texas\/wp-content\/uploads\/sites\/4\/2019\/09\/Fed-asegura-que-negocios-de-EEUU.jpg\",\"contentUrl\":\"https:\/\/noti-america.com\/site\/texas\/wp-content\/uploads\/sites\/4\/2019\/09\/Fed-asegura-que-negocios-de-EEUU.jpg\",\"width\":975,\"height\":362},{\"@type\":\"BreadcrumbList\",\"@id\":\"https:\/\/noti-america.com\/site\/texas\/2019\/09\/05\/fed-asegura-que-negocios-de-eeuu-son-optimistas-pese-a-tensiones-comerciales\/#breadcrumb\",\"itemListElement\":[{\"@type\":\"ListItem\",\"position\":1,\"name\":\"Portada\",\"item\":\"https:\/\/noti-america.com\/site\/texas\/\"},{\"@type\":\"ListItem\",\"position\":2,\"name\":\"Fed asegura que negocios de EEUU son optimistas pese a tensiones comerciales\"}]},{\"@type\":\"WebSite\",\"@id\":\"https:\/\/noti-america.com\/site\/texas\/#website\",\"url\":\"https:\/\/noti-america.com\/site\/texas\/\",\"name\":\"Texas | Noti-America.com\",\"description\":\"\",\"publisher\":{\"@id\":\"https:\/\/noti-america.com\/site\/texas\/#organization\"},\"potentialAction\":[{\"@type\":\"SearchAction\",\"target\":{\"@type\":\"EntryPoint\",\"urlTemplate\":\"https:\/\/noti-america.com\/site\/texas\/?s={search_term_string}\"},\"query-input\":{\"@type\":\"PropertyValueSpecification\",\"valueRequired\":true,\"valueName\":\"search_term_string\"}}],\"inLanguage\":\"es\"},{\"@type\":\"Organization\",\"@id\":\"https:\/\/noti-america.com\/site\/texas\/#organization\",\"name\":\"Noti-America LLC | Texas-USA\",\"url\":\"https:\/\/noti-america.com\/site\/texas\/\",\"logo\":{\"@type\":\"ImageObject\",\"inLanguage\":\"es\",\"@id\":\"https:\/\/noti-america.com\/site\/texas\/#\/schema\/logo\/image\/\",\"url\":\"https:\/\/noti-america.com\/site\/us-tx\/wp-content\/uploads\/sites\/4\/2020\/07\/LogoNA-4x3-1.jpg\",\"contentUrl\":\"https:\/\/noti-america.com\/site\/us-tx\/wp-content\/uploads\/sites\/4\/2020\/07\/LogoNA-4x3-1.jpg\",\"width\":1236,\"height\":1080,\"caption\":\"Noti-America LLC | Texas-USA\"},\"image\":{\"@id\":\"https:\/\/noti-america.com\/site\/texas\/#\/schema\/logo\/image\/\"}},{\"@type\":\"Person\",\"@id\":\"https:\/\/noti-america.com\/site\/texas\/#\/schema\/person\/ae305e0187703594d7e273941bdc7f76\",\"name\":\"Redacci\u00f3n NA-TX\",\"image\":{\"@type\":\"ImageObject\",\"inLanguage\":\"es\",\"@id\":\"https:\/\/secure.gravatar.com\/avatar\/1ede8345cc79df032062efa286d5b99b0e4e5bd13e51f7cb031f715a3a43b386?s=96&d=mm&r=g\",\"url\":\"https:\/\/secure.gravatar.com\/avatar\/1ede8345cc79df032062efa286d5b99b0e4e5bd13e51f7cb031f715a3a43b386?s=96&d=mm&r=g\",\"contentUrl\":\"https:\/\/secure.gravatar.com\/avatar\/1ede8345cc79df032062efa286d5b99b0e4e5bd13e51f7cb031f715a3a43b386?s=96&d=mm&r=g\",\"caption\":\"Redacci\u00f3n NA-TX\"},\"url\":\"https:\/\/noti-america.com\/site\/texas\/author\/redacciontx\/\"}]}<\/script>\n<!-- \/ Yoast SEO Premium plugin. -->","yoast_head_json":{"title":"Fed asegura que negocios de EEUU son optimistas pese a tensiones comerciales - Texas | Noti-America.com","robots":{"index":"index","follow":"follow","max-snippet":"max-snippet:-1","max-image-preview":"max-image-preview:large","max-video-preview":"max-video-preview:-1"},"canonical":"https:\/\/noti-america.com\/site\/texas\/2019\/09\/05\/fed-asegura-que-negocios-de-eeuu-son-optimistas-pese-a-tensiones-comerciales\/","og_locale":"es_ES","og_type":"article","og_title":"Fed asegura que negocios de EEUU son optimistas pese a tensiones comerciales","og_description":"La Reserva Federal (Fed) de Estados Unidos asegur\u00f3 hoy que las empresas del pa\u00eds se mantienen optimistas sobre su actividad, pese a la escalada de tensi\u00f3n comercial entre Washington y Pek\u00edn y su posible&#46;&#46;&#46;","og_url":"https:\/\/noti-america.com\/site\/texas\/2019\/09\/05\/fed-asegura-que-negocios-de-eeuu-son-optimistas-pese-a-tensiones-comerciales\/","og_site_name":"Texas | Noti-America.com","article_published_time":"2019-09-05T10:33:54+00:00","og_image":[{"width":975,"height":362,"url":"https:\/\/noti-america.com\/site\/texas\/wp-content\/uploads\/sites\/4\/2019\/09\/Fed-asegura-que-negocios-de-EEUU.jpg","type":"image\/jpeg"}],"author":"Redacci\u00f3n NA-TX","twitter_card":"summary_large_image","twitter_misc":{"Escrito por":"Redacci\u00f3n NA-TX","Tiempo estimado de lectura":"3 minutos"},"schema":{"@context":"https:\/\/schema.org","@graph":[{"@type":"Article","@id":"https:\/\/noti-america.com\/site\/texas\/2019\/09\/05\/fed-asegura-que-negocios-de-eeuu-son-optimistas-pese-a-tensiones-comerciales\/#article","isPartOf":{"@id":"https:\/\/noti-america.com\/site\/texas\/2019\/09\/05\/fed-asegura-que-negocios-de-eeuu-son-optimistas-pese-a-tensiones-comerciales\/"},"author":{"name":"Redacci\u00f3n NA-TX","@id":"https:\/\/noti-america.com\/site\/texas\/#\/schema\/person\/ae305e0187703594d7e273941bdc7f76"},"headline":"Fed asegura que negocios de EEUU son optimistas pese a tensiones comerciales","datePublished":"2019-09-05T10:33:54+00:00","mainEntityOfPage":{"@id":"https:\/\/noti-america.com\/site\/texas\/2019\/09\/05\/fed-asegura-que-negocios-de-eeuu-son-optimistas-pese-a-tensiones-comerciales\/"},"wordCount":515,"commentCount":0,"publisher":{"@id":"https:\/\/noti-america.com\/site\/texas\/#organization"},"image":{"@id":"https:\/\/noti-america.com\/site\/texas\/2019\/09\/05\/fed-asegura-que-negocios-de-eeuu-son-optimistas-pese-a-tensiones-comerciales\/#primaryimage"},"thumbnailUrl":"https:\/\/noti-america.com\/site\/texas\/wp-content\/uploads\/sites\/4\/2019\/09\/Fed-asegura-que-negocios-de-EEUU.jpg","keywords":["EEUU","FED","Jerome Powell"],"articleSection":["Am\u00e9rica del Norte","Econom\u00eda","Noticias"],"inLanguage":"es","potentialAction":[{"@type":"CommentAction","name":"Comment","target":["https:\/\/noti-america.com\/site\/texas\/2019\/09\/05\/fed-asegura-que-negocios-de-eeuu-son-optimistas-pese-a-tensiones-comerciales\/#respond"]}]},{"@type":"WebPage","@id":"https:\/\/noti-america.com\/site\/texas\/2019\/09\/05\/fed-asegura-que-negocios-de-eeuu-son-optimistas-pese-a-tensiones-comerciales\/","url":"https:\/\/noti-america.com\/site\/texas\/2019\/09\/05\/fed-asegura-que-negocios-de-eeuu-son-optimistas-pese-a-tensiones-comerciales\/","name":"Fed asegura que negocios de EEUU son optimistas pese a tensiones comerciales - Texas | Noti-America.com","isPartOf":{"@id":"https:\/\/noti-america.com\/site\/texas\/#website"},"primaryImageOfPage":{"@id":"https:\/\/noti-america.com\/site\/texas\/2019\/09\/05\/fed-asegura-que-negocios-de-eeuu-son-optimistas-pese-a-tensiones-comerciales\/#primaryimage"},"image":{"@id":"https:\/\/noti-america.com\/site\/texas\/2019\/09\/05\/fed-asegura-que-negocios-de-eeuu-son-optimistas-pese-a-tensiones-comerciales\/#primaryimage"},"thumbnailUrl":"https:\/\/noti-america.com\/site\/texas\/wp-content\/uploads\/sites\/4\/2019\/09\/Fed-asegura-que-negocios-de-EEUU.jpg","datePublished":"2019-09-05T10:33:54+00:00","breadcrumb":{"@id":"https:\/\/noti-america.com\/site\/texas\/2019\/09\/05\/fed-asegura-que-negocios-de-eeuu-son-optimistas-pese-a-tensiones-comerciales\/#breadcrumb"},"inLanguage":"es","potentialAction":[{"@type":"ReadAction","target":["https:\/\/noti-america.com\/site\/texas\/2019\/09\/05\/fed-asegura-que-negocios-de-eeuu-son-optimistas-pese-a-tensiones-comerciales\/"]}]},{"@type":"ImageObject","inLanguage":"es","@id":"https:\/\/noti-america.com\/site\/texas\/2019\/09\/05\/fed-asegura-que-negocios-de-eeuu-son-optimistas-pese-a-tensiones-comerciales\/#primaryimage","url":"https:\/\/noti-america.com\/site\/texas\/wp-content\/uploads\/sites\/4\/2019\/09\/Fed-asegura-que-negocios-de-EEUU.jpg","contentUrl":"https:\/\/noti-america.com\/site\/texas\/wp-content\/uploads\/sites\/4\/2019\/09\/Fed-asegura-que-negocios-de-EEUU.jpg","width":975,"height":362},{"@type":"BreadcrumbList","@id":"https:\/\/noti-america.com\/site\/texas\/2019\/09\/05\/fed-asegura-que-negocios-de-eeuu-son-optimistas-pese-a-tensiones-comerciales\/#breadcrumb","itemListElement":[{"@type":"ListItem","position":1,"name":"Portada","item":"https:\/\/noti-america.com\/site\/texas\/"},{"@type":"ListItem","position":2,"name":"Fed asegura que negocios de EEUU son optimistas pese a tensiones comerciales"}]},{"@type":"WebSite","@id":"https:\/\/noti-america.com\/site\/texas\/#website","url":"https:\/\/noti-america.com\/site\/texas\/","name":"Texas | Noti-America.com","description":"","publisher":{"@id":"https:\/\/noti-america.com\/site\/texas\/#organization"},"potentialAction":[{"@type":"SearchAction","target":{"@type":"EntryPoint","urlTemplate":"https:\/\/noti-america.com\/site\/texas\/?s={search_term_string}"},"query-input":{"@type":"PropertyValueSpecification","valueRequired":true,"valueName":"search_term_string"}}],"inLanguage":"es"},{"@type":"Organization","@id":"https:\/\/noti-america.com\/site\/texas\/#organization","name":"Noti-America LLC | Texas-USA","url":"https:\/\/noti-america.com\/site\/texas\/","logo":{"@type":"ImageObject","inLanguage":"es","@id":"https:\/\/noti-america.com\/site\/texas\/#\/schema\/logo\/image\/","url":"https:\/\/noti-america.com\/site\/us-tx\/wp-content\/uploads\/sites\/4\/2020\/07\/LogoNA-4x3-1.jpg","contentUrl":"https:\/\/noti-america.com\/site\/us-tx\/wp-content\/uploads\/sites\/4\/2020\/07\/LogoNA-4x3-1.jpg","width":1236,"height":1080,"caption":"Noti-America LLC | Texas-USA"},"image":{"@id":"https:\/\/noti-america.com\/site\/texas\/#\/schema\/logo\/image\/"}},{"@type":"Person","@id":"https:\/\/noti-america.com\/site\/texas\/#\/schema\/person\/ae305e0187703594d7e273941bdc7f76","name":"Redacci\u00f3n NA-TX","image":{"@type":"ImageObject","inLanguage":"es","@id":"https:\/\/secure.gravatar.com\/avatar\/1ede8345cc79df032062efa286d5b99b0e4e5bd13e51f7cb031f715a3a43b386?s=96&d=mm&r=g","url":"https:\/\/secure.gravatar.com\/avatar\/1ede8345cc79df032062efa286d5b99b0e4e5bd13e51f7cb031f715a3a43b386?s=96&d=mm&r=g","contentUrl":"https:\/\/secure.gravatar.com\/avatar\/1ede8345cc79df032062efa286d5b99b0e4e5bd13e51f7cb031f715a3a43b386?s=96&d=mm&r=g","caption":"Redacci\u00f3n NA-TX"},"url":"https:\/\/noti-america.com\/site\/texas\/author\/redacciontx\/"}]}},"_links":{"self":[{"href":"https:\/\/noti-america.com\/site\/texas\/wp-json\/wp\/v2\/posts\/14992","targetHints":{"allow":["GET"]}}],"collection":[{"href":"https:\/\/noti-america.com\/site\/texas\/wp-json\/wp\/v2\/posts"}],"about":[{"href":"https:\/\/noti-america.com\/site\/texas\/wp-json\/wp\/v2\/types\/post"}],"author":[{"embeddable":true,"href":"https:\/\/noti-america.com\/site\/texas\/wp-json\/wp\/v2\/users\/30"}],"replies":[{"embeddable":true,"href":"https:\/\/noti-america.com\/site\/texas\/wp-json\/wp\/v2\/comments?post=14992"}],"version-history":[{"count":1,"href":"https:\/\/noti-america.com\/site\/texas\/wp-json\/wp\/v2\/posts\/14992\/revisions"}],"predecessor-version":[{"id":14994,"href":"https:\/\/noti-america.com\/site\/texas\/wp-json\/wp\/v2\/posts\/14992\/revisions\/14994"}],"wp:featuredmedia":[{"embeddable":true,"href":"https:\/\/noti-america.com\/site\/texas\/wp-json\/wp\/v2\/media\/14993"}],"wp:attachment":[{"href":"https:\/\/noti-america.com\/site\/texas\/wp-json\/wp\/v2\/media?parent=14992"}],"wp:term":[{"taxonomy":"category","embeddable":true,"href":"https:\/\/noti-america.com\/site\/texas\/wp-json\/wp\/v2\/categories?post=14992"},{"taxonomy":"post_tag","embeddable":true,"href":"https:\/\/noti-america.com\/site\/texas\/wp-json\/wp\/v2\/tags?post=14992"}],"curies":[{"name":"wp","href":"https:\/\/api.w.org\/{rel}","templated":true}]}}