{"id":14648,"date":"2019-08-14T05:47:17","date_gmt":"2019-08-14T10:47:17","guid":{"rendered":"http:\/\/noti-america.com\/site\/us-tx\/?p=14648"},"modified":"2019-08-14T05:47:17","modified_gmt":"2019-08-14T10:47:17","slug":"ee-uu-se-acelera-inflacion-aunque-aun-se-espera-recorte-de-tasas-de-interes","status":"publish","type":"post","link":"https:\/\/noti-america.com\/site\/texas\/2019\/08\/14\/ee-uu-se-acelera-inflacion-aunque-aun-se-espera-recorte-de-tasas-de-interes\/","title":{"rendered":"EE.UU.: Se acelera inflaci\u00f3n aunque a\u00fan se espera recorte de tasas de inter\u00e9s"},"content":{"rendered":"<div class=\"hdr-container\">\n<div class=\"row\">\n<div class=\"col-title col-xs-12 col-md-10 pull-right\">\n<h1 class=\"pg-title\"><\/h1>\n<\/div>\n<div class=\"col-multimedia col-xs-12 col-md-10 pull-right\">\n<div class=\"cover-media\">\n<div class=\"img-wrap\">\n<div class=\"thumb thumb16_9\"><img decoding=\"async\" class=\" enhanced\" src=\"https:\/\/gdb.voanews.com\/D6E9AC9F-5E0F-46D3-8012-F28D0DB64A2A_w1023_r1_s.jpg\" alt=\"El Departamento del Trabajo afirm\u00f3 que su \u00edndice de precios al consumidor (IPC) sum\u00f3 un 0,3% el mes pasado.\" \/><\/div>\n<\/div>\n<h5 class=\"media-image js-media-expand js-media-expand--ready\" style=\"text-align: center;\"><em><span style=\"color: #000000;\">El Departamento del Trabajo afirm\u00f3 que su \u00edndice de precios al consumidor (IPC) sum\u00f3 un 0,3% el mes pasado<\/span><\/em><span class=\"caption\">.<\/span><\/h5>\n<\/div>\n<\/div>\n<\/div>\n<\/div>\n<p>&nbsp;<\/p>\n<p>&nbsp;<\/p>\n<p><em><strong><span style=\"color: #003366;\">Fuente: https:\/\/www.voanoticias.com<\/span><\/strong><\/em><\/p>\n<hr \/>\n<div class=\"body-container\">\n<div class=\"row\">\n<div class=\"col-xs-12 col-sm-12 col-md-10 col-lg-10 pull-right\">\n<div class=\"row\">\n<div class=\"col-xs-12 col-sm-12 col-md-8 col-lg-8 pull-left bottom-offset content-offset\">\n<div id=\"article-content\" class=\"content-floated-wrap fb-quotable\">\n<div class=\"wsw\">\n<h3 style=\"text-align: center;\"><\/h3>\n<h3 style=\"text-align: center;\"><em><span style=\"color: #000000;\">Los precios al consumidor de Estados Unidos anotaron un aumento generalizado en julio, aunque es poco probable que la lectura m\u00e1s robusta de inflaci\u00f3n cambie las expectativas de recortes en la tasa de inter\u00e9s de la Reserva Federal el mes pr\u00f3ximo basadas en el empeoramiento de las tensiones comerciales.<\/span><\/em><\/h3>\n<p>&nbsp;<\/p>\n<p>&nbsp;<\/p>\n<p>&nbsp;<\/p>\n<p>&nbsp;<\/p>\n<h4><span style=\"color: #000000;\">Sin embargo, el reporte del Gobierno emitido el martes podr\u00eda reducir la probabilidad de que el banco central estadounidense recorte su tasa clave en 50 puntos porcentuales en su reuni\u00f3n de pol\u00edtica monetaria, el 17 y 18 de septiembre.<\/span><\/h4>\n<h4><span style=\"color: #000000;\">El Departamento del Trabajo afirm\u00f3 que su \u00edndice de precios al consumidor (IPC) sum\u00f3 un 0,3% el mes pasado, debido en buena parte a alzas en los costos de los productos de energ\u00eda y de una serie de otros productos.<\/span><\/h4>\n<h4><span style=\"color: #000000;\">El IPC hab\u00eda subido un 0,1% en los dos meses anteriores. En los 12 meses anteriores hasta julio, la inflaci\u00f3n se situ\u00f3 en 1,8%, frente al 1,6% de junio. Economistas encuestados por Reuters hab\u00edan previsto que el IPC ganar\u00eda 0,3% en julio y que marcar\u00eda una inflaci\u00f3n interanual de 1,7%.<\/span><\/h4>\n<h4><span style=\"color: #000000;\">Excluyendo los componentes vol\u00e1tiles como energ\u00eda y alimentos, la inflaci\u00f3n subyacente de Estados Unidos alcanz\u00f3 el 0,3% el mes pasado, el mismo nivel de junio.<\/span><\/h4>\n<h4><span style=\"color: #000000;\">Desde julio de 2018 a julio de 2019, el IPC subyacente marc\u00f3 un alza de 2,2% tras el aumento de 2,1% de junio.<\/span><\/h4>\n<h4><span style=\"color: #000000;\">La Fed, que tiene una meta de inflaci\u00f3n del 2%, sigue tambi\u00e9n de cerca un indicador subyacente de gastos y consumo personales (PCE) para ayudar a fijar su pol\u00edtica monetaria. El PCE subyacente marc\u00f3 un 1,6% interanual en junio y este a\u00f1o ha estado por debajo del objetivo.<\/span><\/h4>\n<h4><span style=\"color: #000000;\">Hasta el martes por la ma\u00f1ana, los mercados financieros ten\u00edan del todo incorporado un recorte de tasas de la Fed de 25 puntos base en septiembre, en vista de las tensiones comerciales entre China y Estados Unidos que han generado fuertes temores por su impacto en la econom\u00eda global.<\/span><\/h4>\n<div>\n<div>\n<div>\n<div><span style=\"color: #000000;\">\/**\/ \/**\/ \/**\/\u00a0<img decoding=\"async\" src=\"https:\/\/gdb.voanews.com\/B7AB7615-8761-46FC-A6B6-83C29C7EC97E_w256_r1.jpg\" alt=\"El gobierno del presidente Donald Trump postergar\u00e1 nuevos aranceles de 10% a las importaciones de ciertos productos chinos, como laptops y tel\u00e9fonos m\u00f3viles.\" data-src=\"https:\/\/gdb.voanews.com\/B7AB7615-8761-46FC-A6B6-83C29C7EC97E_w100_r1.jpg\" \/><\/span><\/div>\n<\/div>\n<div>\n<p><span style=\"color: #000000;\"><a style=\"color: #000000;\" title=\"EE.UU. aplaza nuevos aranceles para algunos productos chinos\" href=\"https:\/\/www.voanoticias.com\/a\/eeuu-aplaza-aranceles-china-productos\/5040266.html\">SEE ALSO:<\/a><\/span><\/p>\n<h4><span style=\"color: #000000;\">EE.UU. aplaza nuevos aranceles para algunos productos chinos<\/span><\/h4>\n<\/div>\n<\/div>\n<\/div>\n<h4><span style=\"color: #000000;\">La preocupaci\u00f3n disminuy\u00f3 m\u00e1s tarde el martes cuando el gobierno del presidente Donald Trump anunci\u00f3 que postergar\u00e1 nuevos aranceles de 10% a las importaciones de ciertos productos chinos, como laptops y tel\u00e9fonos m\u00f3viles, que deb\u00edan empezar a regir a inicios del pr\u00f3ximo mes.<\/span><\/h4>\n<h4><span style=\"color: #000000;\">En Beijing, el Ministerio de Comercio indic\u00f3 que estaba tomando contacto nuevamente con funcionarios estadounidenses de alto rango, en comentarios que disiparon el nerviosismo de los mercados, al menos transitoriamente.<\/span><\/h4>\n<\/div>\n<\/div>\n<\/div>\n<\/div>\n<\/div>\n<\/div>\n<\/div>\n","protected":false},"excerpt":{"rendered":"<p>El Departamento del Trabajo afirm\u00f3 que su \u00edndice de precios al consumidor (IPC) sum\u00f3 un 0,3% el mes pasado. &nbsp; &nbsp; Fuente: https:\/\/www.voanoticias.com Los precios al consumidor de Estados Unidos anotaron un aumento generalizado&#46;&#46;&#46;<\/p>\n","protected":false},"author":30,"featured_media":14649,"comment_status":"open","ping_status":"open","sticky":false,"template":"","format":"standard","meta":{"_acf_changed":false,"rop_custom_images_group":[],"rop_custom_messages_group":[],"rop_publish_now":"initial","rop_publish_now_accounts":{"twitter_242054905_242054905":""},"rop_publish_now_history":[],"rop_publish_now_status":"pending","footnotes":""},"categories":[1775,5,1774],"tags":[67,417,2714,1165],"class_list":["post-14648","post","type-post","status-publish","format-standard","has-post-thumbnail","hentry","category-norteamerica","category-economia","category-noticias","tag-ee-uu","tag-inflacion","tag-se-acelera","tag-tasas-de-interes"],"acf":[],"yoast_head":"<!-- This site is optimized with the Yoast SEO Premium plugin v24.9 (Yoast SEO v27.2) - https:\/\/yoast.com\/product\/yoast-seo-premium-wordpress\/ -->\n<title>EE.UU.: Se acelera inflaci\u00f3n aunque a\u00fan se espera recorte de tasas de inter\u00e9s - Texas | Noti-America.com<\/title>\n<meta name=\"robots\" content=\"index, follow, max-snippet:-1, max-image-preview:large, max-video-preview:-1\" \/>\n<link rel=\"canonical\" href=\"https:\/\/noti-america.com\/site\/texas\/2019\/08\/14\/ee-uu-se-acelera-inflacion-aunque-aun-se-espera-recorte-de-tasas-de-interes\/\" \/>\n<meta property=\"og:locale\" content=\"es_ES\" \/>\n<meta property=\"og:type\" content=\"article\" \/>\n<meta property=\"og:title\" content=\"EE.UU.: Se acelera inflaci\u00f3n aunque a\u00fan se espera recorte de tasas de inter\u00e9s\" \/>\n<meta property=\"og:description\" content=\"El Departamento del Trabajo afirm\u00f3 que su \u00edndice de precios al consumidor (IPC) sum\u00f3 un 0,3% el mes pasado. &nbsp; &nbsp; Fuente: https:\/\/www.voanoticias.com Los precios al consumidor de Estados Unidos anotaron un aumento generalizado&#046;&#046;&#046;\" \/>\n<meta property=\"og:url\" content=\"https:\/\/noti-america.com\/site\/texas\/2019\/08\/14\/ee-uu-se-acelera-inflacion-aunque-aun-se-espera-recorte-de-tasas-de-interes\/\" \/>\n<meta property=\"og:site_name\" content=\"Texas | Noti-America.com\" \/>\n<meta property=\"article:published_time\" content=\"2019-08-14T10:47:17+00:00\" \/>\n<meta property=\"og:image\" content=\"https:\/\/noti-america.com\/site\/texas\/wp-content\/uploads\/sites\/4\/2019\/08\/Se-acelera-inflaci\u00f3n-aunque.jpg\" \/>\n\t<meta property=\"og:image:width\" content=\"1023\" \/>\n\t<meta property=\"og:image:height\" content=\"575\" \/>\n\t<meta property=\"og:image:type\" content=\"image\/jpeg\" \/>\n<meta name=\"author\" content=\"Redacci\u00f3n NA-TX\" \/>\n<meta name=\"twitter:card\" content=\"summary_large_image\" \/>\n<meta name=\"twitter:label1\" content=\"Escrito por\" \/>\n\t<meta name=\"twitter:data1\" content=\"Redacci\u00f3n NA-TX\" \/>\n\t<meta name=\"twitter:label2\" content=\"Tiempo estimado de lectura\" \/>\n\t<meta name=\"twitter:data2\" content=\"2 minutos\" \/>\n<script type=\"application\/ld+json\" class=\"yoast-schema-graph\">{\"@context\":\"https:\/\/schema.org\",\"@graph\":[{\"@type\":\"Article\",\"@id\":\"https:\/\/noti-america.com\/site\/texas\/2019\/08\/14\/ee-uu-se-acelera-inflacion-aunque-aun-se-espera-recorte-de-tasas-de-interes\/#article\",\"isPartOf\":{\"@id\":\"https:\/\/noti-america.com\/site\/texas\/2019\/08\/14\/ee-uu-se-acelera-inflacion-aunque-aun-se-espera-recorte-de-tasas-de-interes\/\"},\"author\":{\"name\":\"Redacci\u00f3n NA-TX\",\"@id\":\"https:\/\/noti-america.com\/site\/texas\/#\/schema\/person\/ae305e0187703594d7e273941bdc7f76\"},\"headline\":\"EE.UU.: Se acelera inflaci\u00f3n aunque a\u00fan se espera recorte de tasas de inter\u00e9s\",\"datePublished\":\"2019-08-14T10:47:17+00:00\",\"mainEntityOfPage\":{\"@id\":\"https:\/\/noti-america.com\/site\/texas\/2019\/08\/14\/ee-uu-se-acelera-inflacion-aunque-aun-se-espera-recorte-de-tasas-de-interes\/\"},\"wordCount\":464,\"commentCount\":0,\"publisher\":{\"@id\":\"https:\/\/noti-america.com\/site\/texas\/#organization\"},\"image\":{\"@id\":\"https:\/\/noti-america.com\/site\/texas\/2019\/08\/14\/ee-uu-se-acelera-inflacion-aunque-aun-se-espera-recorte-de-tasas-de-interes\/#primaryimage\"},\"thumbnailUrl\":\"https:\/\/noti-america.com\/site\/texas\/wp-content\/uploads\/sites\/4\/2019\/08\/Se-acelera-inflaci\u00f3n-aunque.jpg\",\"keywords\":[\"EE.UU\",\"Inflaci\u00f3n\",\"Se acelera\",\"Tasas de inter\u00e9s\"],\"articleSection\":[\"Am\u00e9rica del Norte\",\"Econom\u00eda\",\"Noticias\"],\"inLanguage\":\"es\",\"potentialAction\":[{\"@type\":\"CommentAction\",\"name\":\"Comment\",\"target\":[\"https:\/\/noti-america.com\/site\/texas\/2019\/08\/14\/ee-uu-se-acelera-inflacion-aunque-aun-se-espera-recorte-de-tasas-de-interes\/#respond\"]}]},{\"@type\":\"WebPage\",\"@id\":\"https:\/\/noti-america.com\/site\/texas\/2019\/08\/14\/ee-uu-se-acelera-inflacion-aunque-aun-se-espera-recorte-de-tasas-de-interes\/\",\"url\":\"https:\/\/noti-america.com\/site\/texas\/2019\/08\/14\/ee-uu-se-acelera-inflacion-aunque-aun-se-espera-recorte-de-tasas-de-interes\/\",\"name\":\"EE.UU.: Se acelera inflaci\u00f3n aunque a\u00fan se espera recorte de tasas de inter\u00e9s - Texas | Noti-America.com\",\"isPartOf\":{\"@id\":\"https:\/\/noti-america.com\/site\/texas\/#website\"},\"primaryImageOfPage\":{\"@id\":\"https:\/\/noti-america.com\/site\/texas\/2019\/08\/14\/ee-uu-se-acelera-inflacion-aunque-aun-se-espera-recorte-de-tasas-de-interes\/#primaryimage\"},\"image\":{\"@id\":\"https:\/\/noti-america.com\/site\/texas\/2019\/08\/14\/ee-uu-se-acelera-inflacion-aunque-aun-se-espera-recorte-de-tasas-de-interes\/#primaryimage\"},\"thumbnailUrl\":\"https:\/\/noti-america.com\/site\/texas\/wp-content\/uploads\/sites\/4\/2019\/08\/Se-acelera-inflaci\u00f3n-aunque.jpg\",\"datePublished\":\"2019-08-14T10:47:17+00:00\",\"breadcrumb\":{\"@id\":\"https:\/\/noti-america.com\/site\/texas\/2019\/08\/14\/ee-uu-se-acelera-inflacion-aunque-aun-se-espera-recorte-de-tasas-de-interes\/#breadcrumb\"},\"inLanguage\":\"es\",\"potentialAction\":[{\"@type\":\"ReadAction\",\"target\":[\"https:\/\/noti-america.com\/site\/texas\/2019\/08\/14\/ee-uu-se-acelera-inflacion-aunque-aun-se-espera-recorte-de-tasas-de-interes\/\"]}]},{\"@type\":\"ImageObject\",\"inLanguage\":\"es\",\"@id\":\"https:\/\/noti-america.com\/site\/texas\/2019\/08\/14\/ee-uu-se-acelera-inflacion-aunque-aun-se-espera-recorte-de-tasas-de-interes\/#primaryimage\",\"url\":\"https:\/\/noti-america.com\/site\/texas\/wp-content\/uploads\/sites\/4\/2019\/08\/Se-acelera-inflaci\u00f3n-aunque.jpg\",\"contentUrl\":\"https:\/\/noti-america.com\/site\/texas\/wp-content\/uploads\/sites\/4\/2019\/08\/Se-acelera-inflaci\u00f3n-aunque.jpg\",\"width\":1023,\"height\":575},{\"@type\":\"BreadcrumbList\",\"@id\":\"https:\/\/noti-america.com\/site\/texas\/2019\/08\/14\/ee-uu-se-acelera-inflacion-aunque-aun-se-espera-recorte-de-tasas-de-interes\/#breadcrumb\",\"itemListElement\":[{\"@type\":\"ListItem\",\"position\":1,\"name\":\"Portada\",\"item\":\"https:\/\/noti-america.com\/site\/texas\/\"},{\"@type\":\"ListItem\",\"position\":2,\"name\":\"EE.UU.: Se acelera inflaci\u00f3n aunque a\u00fan se espera recorte de tasas de inter\u00e9s\"}]},{\"@type\":\"WebSite\",\"@id\":\"https:\/\/noti-america.com\/site\/texas\/#website\",\"url\":\"https:\/\/noti-america.com\/site\/texas\/\",\"name\":\"Texas | Noti-America.com\",\"description\":\"\",\"publisher\":{\"@id\":\"https:\/\/noti-america.com\/site\/texas\/#organization\"},\"potentialAction\":[{\"@type\":\"SearchAction\",\"target\":{\"@type\":\"EntryPoint\",\"urlTemplate\":\"https:\/\/noti-america.com\/site\/texas\/?s={search_term_string}\"},\"query-input\":{\"@type\":\"PropertyValueSpecification\",\"valueRequired\":true,\"valueName\":\"search_term_string\"}}],\"inLanguage\":\"es\"},{\"@type\":\"Organization\",\"@id\":\"https:\/\/noti-america.com\/site\/texas\/#organization\",\"name\":\"Noti-America LLC | Texas-USA\",\"url\":\"https:\/\/noti-america.com\/site\/texas\/\",\"logo\":{\"@type\":\"ImageObject\",\"inLanguage\":\"es\",\"@id\":\"https:\/\/noti-america.com\/site\/texas\/#\/schema\/logo\/image\/\",\"url\":\"https:\/\/noti-america.com\/site\/us-tx\/wp-content\/uploads\/sites\/4\/2020\/07\/LogoNA-4x3-1.jpg\",\"contentUrl\":\"https:\/\/noti-america.com\/site\/us-tx\/wp-content\/uploads\/sites\/4\/2020\/07\/LogoNA-4x3-1.jpg\",\"width\":1236,\"height\":1080,\"caption\":\"Noti-America LLC | Texas-USA\"},\"image\":{\"@id\":\"https:\/\/noti-america.com\/site\/texas\/#\/schema\/logo\/image\/\"}},{\"@type\":\"Person\",\"@id\":\"https:\/\/noti-america.com\/site\/texas\/#\/schema\/person\/ae305e0187703594d7e273941bdc7f76\",\"name\":\"Redacci\u00f3n NA-TX\",\"image\":{\"@type\":\"ImageObject\",\"inLanguage\":\"es\",\"@id\":\"https:\/\/secure.gravatar.com\/avatar\/1ede8345cc79df032062efa286d5b99b0e4e5bd13e51f7cb031f715a3a43b386?s=96&d=mm&r=g\",\"url\":\"https:\/\/secure.gravatar.com\/avatar\/1ede8345cc79df032062efa286d5b99b0e4e5bd13e51f7cb031f715a3a43b386?s=96&d=mm&r=g\",\"contentUrl\":\"https:\/\/secure.gravatar.com\/avatar\/1ede8345cc79df032062efa286d5b99b0e4e5bd13e51f7cb031f715a3a43b386?s=96&d=mm&r=g\",\"caption\":\"Redacci\u00f3n NA-TX\"},\"url\":\"https:\/\/noti-america.com\/site\/texas\/author\/redacciontx\/\"}]}<\/script>\n<!-- \/ Yoast SEO Premium plugin. -->","yoast_head_json":{"title":"EE.UU.: Se acelera inflaci\u00f3n aunque a\u00fan se espera recorte de tasas de inter\u00e9s - Texas | Noti-America.com","robots":{"index":"index","follow":"follow","max-snippet":"max-snippet:-1","max-image-preview":"max-image-preview:large","max-video-preview":"max-video-preview:-1"},"canonical":"https:\/\/noti-america.com\/site\/texas\/2019\/08\/14\/ee-uu-se-acelera-inflacion-aunque-aun-se-espera-recorte-de-tasas-de-interes\/","og_locale":"es_ES","og_type":"article","og_title":"EE.UU.: Se acelera inflaci\u00f3n aunque a\u00fan se espera recorte de tasas de inter\u00e9s","og_description":"El Departamento del Trabajo afirm\u00f3 que su \u00edndice de precios al consumidor (IPC) sum\u00f3 un 0,3% el mes pasado. &nbsp; &nbsp; Fuente: https:\/\/www.voanoticias.com Los precios al consumidor de Estados Unidos anotaron un aumento generalizado&#46;&#46;&#46;","og_url":"https:\/\/noti-america.com\/site\/texas\/2019\/08\/14\/ee-uu-se-acelera-inflacion-aunque-aun-se-espera-recorte-de-tasas-de-interes\/","og_site_name":"Texas | Noti-America.com","article_published_time":"2019-08-14T10:47:17+00:00","og_image":[{"width":1023,"height":575,"url":"https:\/\/noti-america.com\/site\/texas\/wp-content\/uploads\/sites\/4\/2019\/08\/Se-acelera-inflaci\u00f3n-aunque.jpg","type":"image\/jpeg"}],"author":"Redacci\u00f3n NA-TX","twitter_card":"summary_large_image","twitter_misc":{"Escrito por":"Redacci\u00f3n NA-TX","Tiempo estimado de lectura":"2 minutos"},"schema":{"@context":"https:\/\/schema.org","@graph":[{"@type":"Article","@id":"https:\/\/noti-america.com\/site\/texas\/2019\/08\/14\/ee-uu-se-acelera-inflacion-aunque-aun-se-espera-recorte-de-tasas-de-interes\/#article","isPartOf":{"@id":"https:\/\/noti-america.com\/site\/texas\/2019\/08\/14\/ee-uu-se-acelera-inflacion-aunque-aun-se-espera-recorte-de-tasas-de-interes\/"},"author":{"name":"Redacci\u00f3n NA-TX","@id":"https:\/\/noti-america.com\/site\/texas\/#\/schema\/person\/ae305e0187703594d7e273941bdc7f76"},"headline":"EE.UU.: Se acelera inflaci\u00f3n aunque a\u00fan se espera recorte de tasas de inter\u00e9s","datePublished":"2019-08-14T10:47:17+00:00","mainEntityOfPage":{"@id":"https:\/\/noti-america.com\/site\/texas\/2019\/08\/14\/ee-uu-se-acelera-inflacion-aunque-aun-se-espera-recorte-de-tasas-de-interes\/"},"wordCount":464,"commentCount":0,"publisher":{"@id":"https:\/\/noti-america.com\/site\/texas\/#organization"},"image":{"@id":"https:\/\/noti-america.com\/site\/texas\/2019\/08\/14\/ee-uu-se-acelera-inflacion-aunque-aun-se-espera-recorte-de-tasas-de-interes\/#primaryimage"},"thumbnailUrl":"https:\/\/noti-america.com\/site\/texas\/wp-content\/uploads\/sites\/4\/2019\/08\/Se-acelera-inflaci\u00f3n-aunque.jpg","keywords":["EE.UU","Inflaci\u00f3n","Se acelera","Tasas de inter\u00e9s"],"articleSection":["Am\u00e9rica del Norte","Econom\u00eda","Noticias"],"inLanguage":"es","potentialAction":[{"@type":"CommentAction","name":"Comment","target":["https:\/\/noti-america.com\/site\/texas\/2019\/08\/14\/ee-uu-se-acelera-inflacion-aunque-aun-se-espera-recorte-de-tasas-de-interes\/#respond"]}]},{"@type":"WebPage","@id":"https:\/\/noti-america.com\/site\/texas\/2019\/08\/14\/ee-uu-se-acelera-inflacion-aunque-aun-se-espera-recorte-de-tasas-de-interes\/","url":"https:\/\/noti-america.com\/site\/texas\/2019\/08\/14\/ee-uu-se-acelera-inflacion-aunque-aun-se-espera-recorte-de-tasas-de-interes\/","name":"EE.UU.: Se acelera inflaci\u00f3n aunque a\u00fan se espera recorte de tasas de inter\u00e9s - Texas | Noti-America.com","isPartOf":{"@id":"https:\/\/noti-america.com\/site\/texas\/#website"},"primaryImageOfPage":{"@id":"https:\/\/noti-america.com\/site\/texas\/2019\/08\/14\/ee-uu-se-acelera-inflacion-aunque-aun-se-espera-recorte-de-tasas-de-interes\/#primaryimage"},"image":{"@id":"https:\/\/noti-america.com\/site\/texas\/2019\/08\/14\/ee-uu-se-acelera-inflacion-aunque-aun-se-espera-recorte-de-tasas-de-interes\/#primaryimage"},"thumbnailUrl":"https:\/\/noti-america.com\/site\/texas\/wp-content\/uploads\/sites\/4\/2019\/08\/Se-acelera-inflaci\u00f3n-aunque.jpg","datePublished":"2019-08-14T10:47:17+00:00","breadcrumb":{"@id":"https:\/\/noti-america.com\/site\/texas\/2019\/08\/14\/ee-uu-se-acelera-inflacion-aunque-aun-se-espera-recorte-de-tasas-de-interes\/#breadcrumb"},"inLanguage":"es","potentialAction":[{"@type":"ReadAction","target":["https:\/\/noti-america.com\/site\/texas\/2019\/08\/14\/ee-uu-se-acelera-inflacion-aunque-aun-se-espera-recorte-de-tasas-de-interes\/"]}]},{"@type":"ImageObject","inLanguage":"es","@id":"https:\/\/noti-america.com\/site\/texas\/2019\/08\/14\/ee-uu-se-acelera-inflacion-aunque-aun-se-espera-recorte-de-tasas-de-interes\/#primaryimage","url":"https:\/\/noti-america.com\/site\/texas\/wp-content\/uploads\/sites\/4\/2019\/08\/Se-acelera-inflaci\u00f3n-aunque.jpg","contentUrl":"https:\/\/noti-america.com\/site\/texas\/wp-content\/uploads\/sites\/4\/2019\/08\/Se-acelera-inflaci\u00f3n-aunque.jpg","width":1023,"height":575},{"@type":"BreadcrumbList","@id":"https:\/\/noti-america.com\/site\/texas\/2019\/08\/14\/ee-uu-se-acelera-inflacion-aunque-aun-se-espera-recorte-de-tasas-de-interes\/#breadcrumb","itemListElement":[{"@type":"ListItem","position":1,"name":"Portada","item":"https:\/\/noti-america.com\/site\/texas\/"},{"@type":"ListItem","position":2,"name":"EE.UU.: Se acelera inflaci\u00f3n aunque a\u00fan se espera recorte de tasas de inter\u00e9s"}]},{"@type":"WebSite","@id":"https:\/\/noti-america.com\/site\/texas\/#website","url":"https:\/\/noti-america.com\/site\/texas\/","name":"Texas | Noti-America.com","description":"","publisher":{"@id":"https:\/\/noti-america.com\/site\/texas\/#organization"},"potentialAction":[{"@type":"SearchAction","target":{"@type":"EntryPoint","urlTemplate":"https:\/\/noti-america.com\/site\/texas\/?s={search_term_string}"},"query-input":{"@type":"PropertyValueSpecification","valueRequired":true,"valueName":"search_term_string"}}],"inLanguage":"es"},{"@type":"Organization","@id":"https:\/\/noti-america.com\/site\/texas\/#organization","name":"Noti-America LLC | Texas-USA","url":"https:\/\/noti-america.com\/site\/texas\/","logo":{"@type":"ImageObject","inLanguage":"es","@id":"https:\/\/noti-america.com\/site\/texas\/#\/schema\/logo\/image\/","url":"https:\/\/noti-america.com\/site\/us-tx\/wp-content\/uploads\/sites\/4\/2020\/07\/LogoNA-4x3-1.jpg","contentUrl":"https:\/\/noti-america.com\/site\/us-tx\/wp-content\/uploads\/sites\/4\/2020\/07\/LogoNA-4x3-1.jpg","width":1236,"height":1080,"caption":"Noti-America LLC | Texas-USA"},"image":{"@id":"https:\/\/noti-america.com\/site\/texas\/#\/schema\/logo\/image\/"}},{"@type":"Person","@id":"https:\/\/noti-america.com\/site\/texas\/#\/schema\/person\/ae305e0187703594d7e273941bdc7f76","name":"Redacci\u00f3n NA-TX","image":{"@type":"ImageObject","inLanguage":"es","@id":"https:\/\/secure.gravatar.com\/avatar\/1ede8345cc79df032062efa286d5b99b0e4e5bd13e51f7cb031f715a3a43b386?s=96&d=mm&r=g","url":"https:\/\/secure.gravatar.com\/avatar\/1ede8345cc79df032062efa286d5b99b0e4e5bd13e51f7cb031f715a3a43b386?s=96&d=mm&r=g","contentUrl":"https:\/\/secure.gravatar.com\/avatar\/1ede8345cc79df032062efa286d5b99b0e4e5bd13e51f7cb031f715a3a43b386?s=96&d=mm&r=g","caption":"Redacci\u00f3n NA-TX"},"url":"https:\/\/noti-america.com\/site\/texas\/author\/redacciontx\/"}]}},"_links":{"self":[{"href":"https:\/\/noti-america.com\/site\/texas\/wp-json\/wp\/v2\/posts\/14648","targetHints":{"allow":["GET"]}}],"collection":[{"href":"https:\/\/noti-america.com\/site\/texas\/wp-json\/wp\/v2\/posts"}],"about":[{"href":"https:\/\/noti-america.com\/site\/texas\/wp-json\/wp\/v2\/types\/post"}],"author":[{"embeddable":true,"href":"https:\/\/noti-america.com\/site\/texas\/wp-json\/wp\/v2\/users\/30"}],"replies":[{"embeddable":true,"href":"https:\/\/noti-america.com\/site\/texas\/wp-json\/wp\/v2\/comments?post=14648"}],"version-history":[{"count":2,"href":"https:\/\/noti-america.com\/site\/texas\/wp-json\/wp\/v2\/posts\/14648\/revisions"}],"predecessor-version":[{"id":14657,"href":"https:\/\/noti-america.com\/site\/texas\/wp-json\/wp\/v2\/posts\/14648\/revisions\/14657"}],"wp:featuredmedia":[{"embeddable":true,"href":"https:\/\/noti-america.com\/site\/texas\/wp-json\/wp\/v2\/media\/14649"}],"wp:attachment":[{"href":"https:\/\/noti-america.com\/site\/texas\/wp-json\/wp\/v2\/media?parent=14648"}],"wp:term":[{"taxonomy":"category","embeddable":true,"href":"https:\/\/noti-america.com\/site\/texas\/wp-json\/wp\/v2\/categories?post=14648"},{"taxonomy":"post_tag","embeddable":true,"href":"https:\/\/noti-america.com\/site\/texas\/wp-json\/wp\/v2\/tags?post=14648"}],"curies":[{"name":"wp","href":"https:\/\/api.w.org\/{rel}","templated":true}]}}