{"id":14326,"date":"2019-07-24T06:55:48","date_gmt":"2019-07-24T11:55:48","guid":{"rendered":"http:\/\/noti-america.com\/site\/us-tx\/?p=14326"},"modified":"2019-07-24T06:55:48","modified_gmt":"2019-07-24T11:55:48","slug":"trump-dice-que-guatemala-decidio-romper-el-acuerdo-de-firmar-un-convenio-de-tercer-pais-seguro","status":"publish","type":"post","link":"https:\/\/noti-america.com\/site\/texas\/2019\/07\/24\/trump-dice-que-guatemala-decidio-romper-el-acuerdo-de-firmar-un-convenio-de-tercer-pais-seguro\/","title":{"rendered":"Trump dice que Guatemala \u201cdecidi\u00f3 romper\u201d el acuerdo de firmar un convenio de tercer pa\u00eds seguro"},"content":{"rendered":"<header>\n<div>\n<h2 style=\"text-align: center;\"><\/h2>\n<\/div>\n<\/header>\n<div class=\"storyfull__content\">\n<div class=\"row\">\n<aside class=\"col--aside\" role=\"complementary\">\n<div id=\"wrap-sidebar-sticky\" class=\"wrap-sticky-sidebar\">\n<div id=\"sidebar-sticky\" class=\"sidebar-sticky\">\n<div>\n<div>\n<div>\n<h2 id=\"ad_rect_atf_01\" style=\"text-align: center;\"><span style=\"color: #000000;\">CNN inform\u00f3 a principios de este mes que EE. UU. y Guatemala estaban cerca de llegar a un acuerdo que habr\u00eda requerido que los\u00a0<a style=\"color: #000000;\" title=\"migrantes\" href=\"https:\/\/cnnespanol.cnn.com\/tag\/caravana-de-migrantes\/\" target=\"_blank\" rel=\"noopener noreferrer\">migrantes<\/a>\u00a0que pasan por Guatemala soliciten asilo all\u00ed, en lugar de continuar a EE. UU. Esto probablemente tendr\u00eda el efecto de evitar que algunos\u00a0<a style=\"color: #000000;\" title=\"inmigrantes\" href=\"https:\/\/cnnespanol.cnn.com\/tag\/inmigracion\/\" target=\"_blank\" rel=\"noopener noreferrer\">inmigrantes<\/a>\u00a0solicitaran asilo en EE.UU..<\/span><\/h2>\n<\/div>\n<\/div>\n<\/div>\n<aside class=\" content__related category__related\">\n<article class=\"news news--box news--box-style-two\">\n<figure class=\"news__media\"><\/figure>\n<\/article>\n<\/aside>\n<\/div>\n<\/div>\n<\/aside>\n<div class=\"col--main\">\n<div class=\"storyfull__body\">\n<div class=\"storyfull__social animated\"><\/div>\n<div class=\"storyfull__gallery\">\n<figure class=\"post-media-main\"><img decoding=\"async\" class=\"image\" src=\"https:\/\/cnnespanol2.files.wordpress.com\/2019\/07\/190719160135-01-trump-0719-full-169.jpg?quality=100&amp;strip=info&amp;w=940&amp;h=530&amp;crop=1\" sizes=\"( min-width: 701px ) 780px, ( min-width: 661px ) 80vw, ( min-width: 481px ) 100vw, ( min-width: 321px ) 100vw, ( max-width: 320px ) 100vw\" srcset=\"https:\/\/cnnespanol2.files.wordpress.com\/2019\/07\/190719160135-01-trump-0719-full-169.jpg?quality=100&amp;strip=info&amp;w=940&amp;h=530&amp;crop=1 940w, https:\/\/cnnespanol2.files.wordpress.com\/2019\/07\/190719160135-01-trump-0719-full-169.jpg?quality=100&amp;strip=info&amp;w=700&amp;h=395&amp;crop=1 700w, https:\/\/cnnespanol2.files.wordpress.com\/2019\/07\/190719160135-01-trump-0719-full-169.jpg?quality=100&amp;strip=info&amp;w=640&amp;h=363&amp;crop=1 640w, https:\/\/cnnespanol2.files.wordpress.com\/2019\/07\/190719160135-01-trump-0719-full-169.jpg?quality=100&amp;strip=info&amp;w=460&amp;h=260&amp;crop=1 460w, https:\/\/cnnespanol2.files.wordpress.com\/2019\/07\/190719160135-01-trump-0719-full-169.jpg?quality=100&amp;strip=info&amp;w=300&amp;h=170&amp;crop=1 300w\" alt=\"\u00bfObligan al New York Times a hablar mal de Trump? Boris Mu\u00f1oz lo aclara\" data-lazy-loaded=\"true\" \/><\/figure>\n<\/div>\n<h5 style=\"text-align: center;\"><em><span style=\"color: #000000;\">(CNN) \u2014\u00a0El presidente de EE.UU., Donald Trump, anunci\u00f3 este martes que Guatemala ha \u201cdecidido romper\u201d el acuerdo de firmar un convenio de tercer pa\u00eds seguro.<\/span><\/em><\/h5>\n<\/div>\n<\/div>\n<p><em><strong>Fuente: https:\/\/cnnespanol.cnn.com<\/strong><\/em><\/p>\n<hr \/>\n<div class=\"col--main\">\n<div class=\"storyfull__body\">\n<hr \/>\n<p>&nbsp;<\/p>\n<h3><em><span style=\"color: #000000;\">\u201cGuatemala, que ha estado formando caravanas y enviando a grandes grupos de personas, algunos con antecedentes criminales, a\u00a0<a style=\"color: #000000;\" title=\"Estados Unidos\" href=\"https:\/\/cnnespanol.cnn.com\/seccion\/estados-unidos\/\" target=\"_blank\" rel=\"noopener noreferrer\">Estados Unidos<\/a>, ha decidido romper el trato que ten\u00edan con nosotros de firmar un acuerdo de un tercer pa\u00eds seguro. Nosotros est\u00e1bamos listos. <\/span><\/em><\/h3>\n<p>&nbsp;<\/p>\n<p>&nbsp;<\/p>\n<h4><span style=\"color: #000000;\">Ahora estamos mirando a la \u201cprohibici\u00f3n\u201d, aranceles, pagos por remesas, o todas las anteriores. Guatemala no se ha portado bien. La gran cantidad de d\u00f3lares de contribuyentes de EE.UU. que iban para ellos fueron cortados por m\u00ed hace 9 meses\u201d, dijo Trump en dos tuits.<\/span><\/h4>\n<div id=\"ad_nat_btf_01\"><\/div>\n<div data-twitter-event-id=\"0\">\n<div id=\"twitter-widget-0\" lang=\"es\" data-click-to-open-target=\"https:\/\/twitter.com\/realDonaldTrump\/status\/1153641907781873664\" data-iframe-title=\"Tweet de Twitter\" data-scribe=\"page:tweet\" data-twitter-event-id=\"1\">\n<div data-scribe=\"section:conversation\">\n<blockquote cite=\"https:\/\/twitter.com\/realDonaldTrump\/status\/1153641906699681795\" data-tweet-id=\"1153641906699681795\">\n<div><span style=\"color: #000000;\"><a style=\"color: #000000;\" href=\"https:\/\/twitter.com\/realDonaldTrump\" data-scribe=\"element:user_link\" aria-label=\"Donald J. Trump (nombre de pantalla: realDonaldTrump)\"><img decoding=\"async\" src=\"https:\/\/pbs.twimg.com\/profile_images\/874276197357596672\/kUuht00m_normal.jpg\" alt=\"\" data-scribe=\"element:avatar\" data-src-2x=\"https:\/\/pbs.twimg.com\/profile_images\/874276197357596672\/kUuht00m_bigger.jpg\" data-src-1x=\"https:\/\/pbs.twimg.com\/profile_images\/874276197357596672\/kUuht00m_normal.jpg\" \/><\/a><\/span><\/p>\n<div>\n<div>\n<div data-scribe=\"component:author\">\n<div><span style=\"color: #000000;\" title=\"Donald J. Trump\" data-scribe=\"element:name\">Donald J. Trump<\/span><\/p>\n<div title=\"Cuenta verificada\" role=\"img\" aria-label=\"Cuenta verificada\"><\/div>\n<p><span style=\"color: #000000;\">\u2714<span dir=\"ltr\" title=\"@realDonaldTrump\" data-scribe=\"element:screen_name\">@realDonaldTrump<\/span><\/span><\/div>\n<\/div>\n<div><span style=\"color: #000000;\">\u00a0\u00b7\u00a0<a style=\"color: #000000;\" href=\"https:\/\/twitter.com\/realDonaldTrump\/status\/1153641906699681795\" data-scribe=\"element:mini_timestamp\"><time title=\"Publicado a las: 23 de julio de 2019 12:23:58 (UTC)\" datetime=\"2019-07-23T12:23:58+0000\" aria-label=\"Publicado hace 23  horas\">23<abbr title=\" horas\">h<\/abbr><\/time><\/a><\/span><\/div>\n<div>\n<div title=\"Ver en Twitter\" role=\"presentation\" aria-label=\"Ver en Twitter\"><\/div>\n<\/div>\n<\/div>\n<div data-scribe=\"component:tweet\">\n<p dir=\"ltr\" lang=\"en\"><span style=\"color: #000000;\">Guatemala, which has been forming Caravans and sending large numbers of people, some with criminal records, to the United States, has decided to break the deal they had with us on signing a necessary Safe Third Agreement. We were ready to go. Now we are looking at the \u201cBAN,\u201d&#8230;.<\/span><\/p>\n<\/div>\n<\/div>\n<\/div>\n<\/blockquote>\n<\/div>\n<div>\n<div>\n<blockquote cite=\"https:\/\/twitter.com\/realDonaldTrump\/status\/1153641907781873664\" data-tweet-id=\"1153641907781873664\" data-scribe=\"section:subject\">\n<div><span style=\"color: #000000;\"><a style=\"color: #000000;\" href=\"https:\/\/twitter.com\/realDonaldTrump\" data-scribe=\"element:user_link\" aria-label=\"Donald J. Trump (nombre de pantalla: realDonaldTrump)\"><img decoding=\"async\" src=\"https:\/\/pbs.twimg.com\/profile_images\/874276197357596672\/kUuht00m_normal.jpg\" alt=\"\" data-scribe=\"element:avatar\" data-src-2x=\"https:\/\/pbs.twimg.com\/profile_images\/874276197357596672\/kUuht00m_bigger.jpg\" data-src-1x=\"https:\/\/pbs.twimg.com\/profile_images\/874276197357596672\/kUuht00m_normal.jpg\" \/><\/a><\/span><\/p>\n<div data-scribe=\"component:author\">\n<div><span style=\"color: #000000;\" title=\"Donald J. Trump\" data-scribe=\"element:name\">Donald J. Trump<\/span><\/p>\n<div title=\"Cuenta verificada\" role=\"img\" aria-label=\"Cuenta verificada\"><\/div>\n<p><span style=\"color: #000000;\">\u2714<span dir=\"ltr\" title=\"@realDonaldTrump\" data-scribe=\"element:screen_name\">@realDonaldTrump<\/span><\/span><\/div>\n<\/div>\n<\/div>\n<div data-scribe=\"component:tweet\">\n<div><\/div>\n<p dir=\"ltr\" lang=\"en\"><span style=\"color: #000000;\">&#8230;.Tariffs, Remittance Fees, or all of the above. Guatemala has not been good. Big U.S. taxpayer dollars going to them was cut off by me 9 months ago.<\/span><\/p>\n<div>\n<div>\n<div data-scribe=\"element:heart\">\n<div title=\"Me gusta\" role=\"img\" aria-label=\"Me gusta\"><\/div>\n<\/div>\n<p><span style=\"color: #000000;\"><a style=\"color: #000000;\" title=\"Me gusta\" href=\"https:\/\/twitter.com\/intent\/like?tweet_id=1153641907781873664\" data-scribe=\"component:actions\">81,5\u00a0mil<\/a><\/span><\/div>\n<div><span style=\"color: #000000;\"><a style=\"color: #000000;\" href=\"https:\/\/twitter.com\/realDonaldTrump\/status\/1153641907781873664\" data-datetime=\"2019-07-23T12:23:59+0000\" data-scribe=\"element:full_timestamp\"><time title=\"Publicado a las: 23 de julio de 2019 12:23:59 (UTC)\" datetime=\"2019-07-23T12:23:59+0000\">8:23 &#8211; 23 jul. 2019<\/time><\/a><\/span><\/div>\n<div data-scribe=\"element:notice\"><span style=\"color: #000000;\"><a style=\"color: #000000;\" title=\"Informaci\u00f3n y privacidad de Twitter Ads\" href=\"https:\/\/support.twitter.com\/articles\/20175256\">Informaci\u00f3n y privacidad de Twitter Ads<\/a><\/span><\/div>\n<\/div>\n<\/div>\n<\/blockquote>\n<\/div>\n<div data-scribe=\"element:conversation_icon\">\n<div title=\"Ver conversaci\u00f3n en Twitter\" role=\"img\" aria-label=\"Ver conversaci\u00f3n en Twitter\"><\/div>\n<\/div>\n<div data-scribe=\"element:conversation_text\"><span style=\"color: #000000;\">20,3\u00a0mil personas est\u00e1n hablando de esto<\/span><\/div>\n<div data-scribe=\"element:cta_chevron\">\n<div title=\"Ver en Twitter\" role=\"img\" aria-label=\"Ver en Twitter\"><\/div>\n<\/div>\n<\/div>\n<\/div>\n<div>\n<div>\n<div><\/div>\n<\/div>\n<div>\n<div><\/div>\n<\/div>\n<\/div>\n<\/div>\n<h4><span style=\"color: #000000;\">La Corte de Constitucionalidad de Guatemala otorg\u00f3 el 15 de julio un amparo provisional que dictamina que el presidente Jimmy Morales debe cumplir con lo establecido en el art\u00edculo 171 de la Constituci\u00f3n para constituir el territorio como \u201ctercer pa\u00eds seguro\u201d.<\/span><\/h4>\n<h4><span style=\"color: #000000;\">Esto significa que Morales no puede firmar el convenio de tercer pa\u00eds seguro con Estados Unidos sin el mecanismo correspondiente, ya que esto va contra la normatividad contemplada.<\/span><\/h4>\n<h4><span style=\"color: #000000;\">MIRA:\u00a0<a style=\"color: #000000;\" href=\"https:\/\/cnnespanol.cnn.com\/video\/guatemala-jimmy-morales-migracion-tercer-pais-seguro-trump-corte-amparo-aristegui\/\">Las implicaciones de que la Corte de Constitucionalidad no permita que Guatemala sea un tercer pa\u00eds seguro<\/a><\/span><\/h4>\n<h4><span style=\"color: #000000;\">M\u00faltiples fuentes estadounidenses que est\u00e1n familiarizadas con las negociaciones dijeron en ese entonces que Estados Unidos estaba cada vez m\u00e1s cerca de alcanzar un acuerdo de \u201ctercer pa\u00eds seguro\u201d con Guatemala.<\/span><\/h4>\n<h4><span style=\"color: #000000;\"><a style=\"color: #000000;\" href=\"https:\/\/cnnespanol2.files.wordpress.com\/2019\/07\/190703183817-migrantes-guatemala-caravana-operacion-gobernanza-policia-migracion-live-michelle-mendoza-perspectivas-00002919-full-169.jpg?quality=100&amp;strip=info&amp;strip=info\"><img loading=\"lazy\" decoding=\"async\" src=\"https:\/\/cnnespanol2.files.wordpress.com\/2019\/07\/190703183817-migrantes-guatemala-caravana-operacion-gobernanza-policia-migracion-live-michelle-mendoza-perspectivas-00002919-full-169.jpg?quality=100&amp;strip=info&amp;w=1024&amp;h=576\" alt=\"&quot;Operaci\u00f3n Gobernanza&quot; pone en la lupa a migrantes en Guatemala\" width=\"1024\" height=\"576\" data-lazy-loaded=\"true\" \/><\/a><\/span><\/h4>\n<h4><span style=\"color: #000000;\">El gobierno de Guatemala anunci\u00f3 la suspensi\u00f3n de una reuni\u00f3n entre Morales y Trump un d\u00eda antes de que el presidente de Guatemala viajara a Washington.<\/span><\/h4>\n<h4><span style=\"color: #000000;\">\u201cDebido a las especulaciones surgidas y las acciones legales interpuestas, admitidas para su tr\u00e1mite por la Corte de Constitucionalidad, se decidi\u00f3 reprogramar el encuentro bilateral hasta conocer lo resuelto por dicha corte\u201d, dijo el gobierno de Guatemala en un comunicado.<\/span><\/h4>\n<h4><span style=\"color: #000000;\">\u00bfQu\u00e9 es un tercer pa\u00eds seguro?<\/span><\/h4>\n<h4><span style=\"color: #000000;\">Un tercer pa\u00eds seguro es otro nombre que se le da al principio de primer pa\u00eds de asilo y es una interpretaci\u00f3n de la convenci\u00f3n sobre refugiados de la ONU de 1951.<\/span><\/h4>\n<h4><span style=\"color: #000000;\">Fue dise\u00f1ado para\u00a0<a style=\"color: #000000;\" title=\"Europa\" href=\"https:\/\/cnnespanol.cnn.com\/category\/europa\/\" target=\"_blank\" rel=\"noopener noreferrer\">Europa<\/a>\u00a0e incorporado a la regulaci\u00f3n de Dubl\u00edn firmada en 1990 y establece que una persona solo puede pedir asilo en el primer pa\u00eds al que llega, para evitar que lo haga en m\u00e1s de uno y congestione el sistema.<\/span><\/h4>\n<\/div>\n<\/div>\n<\/div>\n<\/div>\n","protected":false},"excerpt":{"rendered":"<p>CNN inform\u00f3 a principios de este mes que EE. UU. y Guatemala estaban cerca de llegar a un acuerdo que habr\u00eda requerido que los\u00a0migrantes\u00a0que pasan por Guatemala soliciten asilo all\u00ed, en lugar de continuar&#46;&#46;&#46;<\/p>\n","protected":false},"author":30,"featured_media":14327,"comment_status":"open","ping_status":"open","sticky":false,"template":"","format":"standard","meta":{"_acf_changed":false,"rop_custom_images_group":[],"rop_custom_messages_group":[],"rop_publish_now":"initial","rop_publish_now_accounts":{"twitter_242054905_242054905":""},"rop_publish_now_history":[],"rop_publish_now_status":"pending","footnotes":""},"categories":[4,1774,3],"tags":[66,333,152],"class_list":["post-14326","post","type-post","status-publish","format-standard","has-post-thumbnail","hentry","category-internacionales","category-noticias","category-politica","tag-guatemala","tag-tercer-pais-seguro","tag-trump"],"acf":[],"yoast_head":"<!-- This site is optimized with the Yoast SEO Premium plugin v24.9 (Yoast SEO v27.2) - https:\/\/yoast.com\/product\/yoast-seo-premium-wordpress\/ -->\n<title>Trump dice que Guatemala \u201cdecidi\u00f3 romper\u201d el acuerdo de firmar un convenio de tercer pa\u00eds seguro - Texas | Noti-America.com<\/title>\n<meta name=\"robots\" content=\"index, follow, max-snippet:-1, max-image-preview:large, max-video-preview:-1\" \/>\n<link rel=\"canonical\" href=\"https:\/\/noti-america.com\/site\/texas\/2019\/07\/24\/trump-dice-que-guatemala-decidio-romper-el-acuerdo-de-firmar-un-convenio-de-tercer-pais-seguro\/\" \/>\n<meta property=\"og:locale\" content=\"es_ES\" \/>\n<meta property=\"og:type\" content=\"article\" \/>\n<meta property=\"og:title\" content=\"Trump dice que Guatemala \u201cdecidi\u00f3 romper\u201d el acuerdo de firmar un convenio de tercer pa\u00eds seguro\" \/>\n<meta property=\"og:description\" content=\"CNN inform\u00f3 a principios de este mes que EE. UU. y Guatemala estaban cerca de llegar a un acuerdo que habr\u00eda requerido que los\u00a0migrantes\u00a0que pasan por Guatemala soliciten asilo all\u00ed, en lugar de continuar&#046;&#046;&#046;\" \/>\n<meta property=\"og:url\" content=\"https:\/\/noti-america.com\/site\/texas\/2019\/07\/24\/trump-dice-que-guatemala-decidio-romper-el-acuerdo-de-firmar-un-convenio-de-tercer-pais-seguro\/\" \/>\n<meta property=\"og:site_name\" content=\"Texas | Noti-America.com\" \/>\n<meta property=\"article:published_time\" content=\"2019-07-24T11:55:48+00:00\" \/>\n<meta property=\"og:image\" content=\"https:\/\/noti-america.com\/site\/texas\/wp-content\/uploads\/sites\/4\/2019\/07\/Trump-dice-que-Guatemala.jpg\" \/>\n\t<meta property=\"og:image:width\" content=\"940\" \/>\n\t<meta property=\"og:image:height\" content=\"530\" \/>\n\t<meta property=\"og:image:type\" content=\"image\/jpeg\" \/>\n<meta name=\"author\" content=\"Redacci\u00f3n NA-TX\" \/>\n<meta name=\"twitter:card\" content=\"summary_large_image\" \/>\n<meta name=\"twitter:label1\" content=\"Escrito por\" \/>\n\t<meta name=\"twitter:data1\" content=\"Redacci\u00f3n NA-TX\" \/>\n\t<meta name=\"twitter:label2\" content=\"Tiempo estimado de lectura\" \/>\n\t<meta name=\"twitter:data2\" content=\"3 minutos\" \/>\n<script type=\"application\/ld+json\" class=\"yoast-schema-graph\">{\"@context\":\"https:\/\/schema.org\",\"@graph\":[{\"@type\":\"Article\",\"@id\":\"https:\/\/noti-america.com\/site\/texas\/2019\/07\/24\/trump-dice-que-guatemala-decidio-romper-el-acuerdo-de-firmar-un-convenio-de-tercer-pais-seguro\/#article\",\"isPartOf\":{\"@id\":\"https:\/\/noti-america.com\/site\/texas\/2019\/07\/24\/trump-dice-que-guatemala-decidio-romper-el-acuerdo-de-firmar-un-convenio-de-tercer-pais-seguro\/\"},\"author\":{\"name\":\"Redacci\u00f3n NA-TX\",\"@id\":\"https:\/\/noti-america.com\/site\/texas\/#\/schema\/person\/ae305e0187703594d7e273941bdc7f76\"},\"headline\":\"Trump dice que Guatemala \u201cdecidi\u00f3 romper\u201d el acuerdo de firmar un convenio de tercer pa\u00eds seguro\",\"datePublished\":\"2019-07-24T11:55:48+00:00\",\"mainEntityOfPage\":{\"@id\":\"https:\/\/noti-america.com\/site\/texas\/2019\/07\/24\/trump-dice-que-guatemala-decidio-romper-el-acuerdo-de-firmar-un-convenio-de-tercer-pais-seguro\/\"},\"wordCount\":586,\"commentCount\":0,\"publisher\":{\"@id\":\"https:\/\/noti-america.com\/site\/texas\/#organization\"},\"image\":{\"@id\":\"https:\/\/noti-america.com\/site\/texas\/2019\/07\/24\/trump-dice-que-guatemala-decidio-romper-el-acuerdo-de-firmar-un-convenio-de-tercer-pais-seguro\/#primaryimage\"},\"thumbnailUrl\":\"https:\/\/noti-america.com\/site\/texas\/wp-content\/uploads\/sites\/4\/2019\/07\/Trump-dice-que-Guatemala.jpg\",\"keywords\":[\"Guatemala\",\"Tercer Pa\u00eds Seguro\",\"Trump\"],\"articleSection\":[\"Internacionales\",\"Noticias\",\"Pol\u00edtica\"],\"inLanguage\":\"es\",\"potentialAction\":[{\"@type\":\"CommentAction\",\"name\":\"Comment\",\"target\":[\"https:\/\/noti-america.com\/site\/texas\/2019\/07\/24\/trump-dice-que-guatemala-decidio-romper-el-acuerdo-de-firmar-un-convenio-de-tercer-pais-seguro\/#respond\"]}]},{\"@type\":\"WebPage\",\"@id\":\"https:\/\/noti-america.com\/site\/texas\/2019\/07\/24\/trump-dice-que-guatemala-decidio-romper-el-acuerdo-de-firmar-un-convenio-de-tercer-pais-seguro\/\",\"url\":\"https:\/\/noti-america.com\/site\/texas\/2019\/07\/24\/trump-dice-que-guatemala-decidio-romper-el-acuerdo-de-firmar-un-convenio-de-tercer-pais-seguro\/\",\"name\":\"Trump dice que Guatemala \u201cdecidi\u00f3 romper\u201d el acuerdo de firmar un convenio de tercer pa\u00eds seguro - Texas | Noti-America.com\",\"isPartOf\":{\"@id\":\"https:\/\/noti-america.com\/site\/texas\/#website\"},\"primaryImageOfPage\":{\"@id\":\"https:\/\/noti-america.com\/site\/texas\/2019\/07\/24\/trump-dice-que-guatemala-decidio-romper-el-acuerdo-de-firmar-un-convenio-de-tercer-pais-seguro\/#primaryimage\"},\"image\":{\"@id\":\"https:\/\/noti-america.com\/site\/texas\/2019\/07\/24\/trump-dice-que-guatemala-decidio-romper-el-acuerdo-de-firmar-un-convenio-de-tercer-pais-seguro\/#primaryimage\"},\"thumbnailUrl\":\"https:\/\/noti-america.com\/site\/texas\/wp-content\/uploads\/sites\/4\/2019\/07\/Trump-dice-que-Guatemala.jpg\",\"datePublished\":\"2019-07-24T11:55:48+00:00\",\"breadcrumb\":{\"@id\":\"https:\/\/noti-america.com\/site\/texas\/2019\/07\/24\/trump-dice-que-guatemala-decidio-romper-el-acuerdo-de-firmar-un-convenio-de-tercer-pais-seguro\/#breadcrumb\"},\"inLanguage\":\"es\",\"potentialAction\":[{\"@type\":\"ReadAction\",\"target\":[\"https:\/\/noti-america.com\/site\/texas\/2019\/07\/24\/trump-dice-que-guatemala-decidio-romper-el-acuerdo-de-firmar-un-convenio-de-tercer-pais-seguro\/\"]}]},{\"@type\":\"ImageObject\",\"inLanguage\":\"es\",\"@id\":\"https:\/\/noti-america.com\/site\/texas\/2019\/07\/24\/trump-dice-que-guatemala-decidio-romper-el-acuerdo-de-firmar-un-convenio-de-tercer-pais-seguro\/#primaryimage\",\"url\":\"https:\/\/noti-america.com\/site\/texas\/wp-content\/uploads\/sites\/4\/2019\/07\/Trump-dice-que-Guatemala.jpg\",\"contentUrl\":\"https:\/\/noti-america.com\/site\/texas\/wp-content\/uploads\/sites\/4\/2019\/07\/Trump-dice-que-Guatemala.jpg\",\"width\":940,\"height\":530},{\"@type\":\"BreadcrumbList\",\"@id\":\"https:\/\/noti-america.com\/site\/texas\/2019\/07\/24\/trump-dice-que-guatemala-decidio-romper-el-acuerdo-de-firmar-un-convenio-de-tercer-pais-seguro\/#breadcrumb\",\"itemListElement\":[{\"@type\":\"ListItem\",\"position\":1,\"name\":\"Portada\",\"item\":\"https:\/\/noti-america.com\/site\/texas\/\"},{\"@type\":\"ListItem\",\"position\":2,\"name\":\"Trump dice que Guatemala \u201cdecidi\u00f3 romper\u201d el acuerdo de firmar un convenio de tercer pa\u00eds seguro\"}]},{\"@type\":\"WebSite\",\"@id\":\"https:\/\/noti-america.com\/site\/texas\/#website\",\"url\":\"https:\/\/noti-america.com\/site\/texas\/\",\"name\":\"Texas | Noti-America.com\",\"description\":\"\",\"publisher\":{\"@id\":\"https:\/\/noti-america.com\/site\/texas\/#organization\"},\"potentialAction\":[{\"@type\":\"SearchAction\",\"target\":{\"@type\":\"EntryPoint\",\"urlTemplate\":\"https:\/\/noti-america.com\/site\/texas\/?s={search_term_string}\"},\"query-input\":{\"@type\":\"PropertyValueSpecification\",\"valueRequired\":true,\"valueName\":\"search_term_string\"}}],\"inLanguage\":\"es\"},{\"@type\":\"Organization\",\"@id\":\"https:\/\/noti-america.com\/site\/texas\/#organization\",\"name\":\"Noti-America LLC | Texas-USA\",\"url\":\"https:\/\/noti-america.com\/site\/texas\/\",\"logo\":{\"@type\":\"ImageObject\",\"inLanguage\":\"es\",\"@id\":\"https:\/\/noti-america.com\/site\/texas\/#\/schema\/logo\/image\/\",\"url\":\"https:\/\/noti-america.com\/site\/us-tx\/wp-content\/uploads\/sites\/4\/2020\/07\/LogoNA-4x3-1.jpg\",\"contentUrl\":\"https:\/\/noti-america.com\/site\/us-tx\/wp-content\/uploads\/sites\/4\/2020\/07\/LogoNA-4x3-1.jpg\",\"width\":1236,\"height\":1080,\"caption\":\"Noti-America LLC | Texas-USA\"},\"image\":{\"@id\":\"https:\/\/noti-america.com\/site\/texas\/#\/schema\/logo\/image\/\"}},{\"@type\":\"Person\",\"@id\":\"https:\/\/noti-america.com\/site\/texas\/#\/schema\/person\/ae305e0187703594d7e273941bdc7f76\",\"name\":\"Redacci\u00f3n NA-TX\",\"image\":{\"@type\":\"ImageObject\",\"inLanguage\":\"es\",\"@id\":\"https:\/\/secure.gravatar.com\/avatar\/1ede8345cc79df032062efa286d5b99b0e4e5bd13e51f7cb031f715a3a43b386?s=96&d=mm&r=g\",\"url\":\"https:\/\/secure.gravatar.com\/avatar\/1ede8345cc79df032062efa286d5b99b0e4e5bd13e51f7cb031f715a3a43b386?s=96&d=mm&r=g\",\"contentUrl\":\"https:\/\/secure.gravatar.com\/avatar\/1ede8345cc79df032062efa286d5b99b0e4e5bd13e51f7cb031f715a3a43b386?s=96&d=mm&r=g\",\"caption\":\"Redacci\u00f3n NA-TX\"},\"url\":\"https:\/\/noti-america.com\/site\/texas\/author\/redacciontx\/\"}]}<\/script>\n<!-- \/ Yoast SEO Premium plugin. -->","yoast_head_json":{"title":"Trump dice que Guatemala \u201cdecidi\u00f3 romper\u201d el acuerdo de firmar un convenio de tercer pa\u00eds seguro - Texas | Noti-America.com","robots":{"index":"index","follow":"follow","max-snippet":"max-snippet:-1","max-image-preview":"max-image-preview:large","max-video-preview":"max-video-preview:-1"},"canonical":"https:\/\/noti-america.com\/site\/texas\/2019\/07\/24\/trump-dice-que-guatemala-decidio-romper-el-acuerdo-de-firmar-un-convenio-de-tercer-pais-seguro\/","og_locale":"es_ES","og_type":"article","og_title":"Trump dice que Guatemala \u201cdecidi\u00f3 romper\u201d el acuerdo de firmar un convenio de tercer pa\u00eds seguro","og_description":"CNN inform\u00f3 a principios de este mes que EE. UU. y Guatemala estaban cerca de llegar a un acuerdo que habr\u00eda requerido que los\u00a0migrantes\u00a0que pasan por Guatemala soliciten asilo all\u00ed, en lugar de continuar&#46;&#46;&#46;","og_url":"https:\/\/noti-america.com\/site\/texas\/2019\/07\/24\/trump-dice-que-guatemala-decidio-romper-el-acuerdo-de-firmar-un-convenio-de-tercer-pais-seguro\/","og_site_name":"Texas | Noti-America.com","article_published_time":"2019-07-24T11:55:48+00:00","og_image":[{"width":940,"height":530,"url":"https:\/\/noti-america.com\/site\/texas\/wp-content\/uploads\/sites\/4\/2019\/07\/Trump-dice-que-Guatemala.jpg","type":"image\/jpeg"}],"author":"Redacci\u00f3n NA-TX","twitter_card":"summary_large_image","twitter_misc":{"Escrito por":"Redacci\u00f3n NA-TX","Tiempo estimado de lectura":"3 minutos"},"schema":{"@context":"https:\/\/schema.org","@graph":[{"@type":"Article","@id":"https:\/\/noti-america.com\/site\/texas\/2019\/07\/24\/trump-dice-que-guatemala-decidio-romper-el-acuerdo-de-firmar-un-convenio-de-tercer-pais-seguro\/#article","isPartOf":{"@id":"https:\/\/noti-america.com\/site\/texas\/2019\/07\/24\/trump-dice-que-guatemala-decidio-romper-el-acuerdo-de-firmar-un-convenio-de-tercer-pais-seguro\/"},"author":{"name":"Redacci\u00f3n NA-TX","@id":"https:\/\/noti-america.com\/site\/texas\/#\/schema\/person\/ae305e0187703594d7e273941bdc7f76"},"headline":"Trump dice que Guatemala \u201cdecidi\u00f3 romper\u201d el acuerdo de firmar un convenio de tercer pa\u00eds seguro","datePublished":"2019-07-24T11:55:48+00:00","mainEntityOfPage":{"@id":"https:\/\/noti-america.com\/site\/texas\/2019\/07\/24\/trump-dice-que-guatemala-decidio-romper-el-acuerdo-de-firmar-un-convenio-de-tercer-pais-seguro\/"},"wordCount":586,"commentCount":0,"publisher":{"@id":"https:\/\/noti-america.com\/site\/texas\/#organization"},"image":{"@id":"https:\/\/noti-america.com\/site\/texas\/2019\/07\/24\/trump-dice-que-guatemala-decidio-romper-el-acuerdo-de-firmar-un-convenio-de-tercer-pais-seguro\/#primaryimage"},"thumbnailUrl":"https:\/\/noti-america.com\/site\/texas\/wp-content\/uploads\/sites\/4\/2019\/07\/Trump-dice-que-Guatemala.jpg","keywords":["Guatemala","Tercer Pa\u00eds Seguro","Trump"],"articleSection":["Internacionales","Noticias","Pol\u00edtica"],"inLanguage":"es","potentialAction":[{"@type":"CommentAction","name":"Comment","target":["https:\/\/noti-america.com\/site\/texas\/2019\/07\/24\/trump-dice-que-guatemala-decidio-romper-el-acuerdo-de-firmar-un-convenio-de-tercer-pais-seguro\/#respond"]}]},{"@type":"WebPage","@id":"https:\/\/noti-america.com\/site\/texas\/2019\/07\/24\/trump-dice-que-guatemala-decidio-romper-el-acuerdo-de-firmar-un-convenio-de-tercer-pais-seguro\/","url":"https:\/\/noti-america.com\/site\/texas\/2019\/07\/24\/trump-dice-que-guatemala-decidio-romper-el-acuerdo-de-firmar-un-convenio-de-tercer-pais-seguro\/","name":"Trump dice que Guatemala \u201cdecidi\u00f3 romper\u201d el acuerdo de firmar un convenio de tercer pa\u00eds seguro - Texas | Noti-America.com","isPartOf":{"@id":"https:\/\/noti-america.com\/site\/texas\/#website"},"primaryImageOfPage":{"@id":"https:\/\/noti-america.com\/site\/texas\/2019\/07\/24\/trump-dice-que-guatemala-decidio-romper-el-acuerdo-de-firmar-un-convenio-de-tercer-pais-seguro\/#primaryimage"},"image":{"@id":"https:\/\/noti-america.com\/site\/texas\/2019\/07\/24\/trump-dice-que-guatemala-decidio-romper-el-acuerdo-de-firmar-un-convenio-de-tercer-pais-seguro\/#primaryimage"},"thumbnailUrl":"https:\/\/noti-america.com\/site\/texas\/wp-content\/uploads\/sites\/4\/2019\/07\/Trump-dice-que-Guatemala.jpg","datePublished":"2019-07-24T11:55:48+00:00","breadcrumb":{"@id":"https:\/\/noti-america.com\/site\/texas\/2019\/07\/24\/trump-dice-que-guatemala-decidio-romper-el-acuerdo-de-firmar-un-convenio-de-tercer-pais-seguro\/#breadcrumb"},"inLanguage":"es","potentialAction":[{"@type":"ReadAction","target":["https:\/\/noti-america.com\/site\/texas\/2019\/07\/24\/trump-dice-que-guatemala-decidio-romper-el-acuerdo-de-firmar-un-convenio-de-tercer-pais-seguro\/"]}]},{"@type":"ImageObject","inLanguage":"es","@id":"https:\/\/noti-america.com\/site\/texas\/2019\/07\/24\/trump-dice-que-guatemala-decidio-romper-el-acuerdo-de-firmar-un-convenio-de-tercer-pais-seguro\/#primaryimage","url":"https:\/\/noti-america.com\/site\/texas\/wp-content\/uploads\/sites\/4\/2019\/07\/Trump-dice-que-Guatemala.jpg","contentUrl":"https:\/\/noti-america.com\/site\/texas\/wp-content\/uploads\/sites\/4\/2019\/07\/Trump-dice-que-Guatemala.jpg","width":940,"height":530},{"@type":"BreadcrumbList","@id":"https:\/\/noti-america.com\/site\/texas\/2019\/07\/24\/trump-dice-que-guatemala-decidio-romper-el-acuerdo-de-firmar-un-convenio-de-tercer-pais-seguro\/#breadcrumb","itemListElement":[{"@type":"ListItem","position":1,"name":"Portada","item":"https:\/\/noti-america.com\/site\/texas\/"},{"@type":"ListItem","position":2,"name":"Trump dice que Guatemala \u201cdecidi\u00f3 romper\u201d el acuerdo de firmar un convenio de tercer pa\u00eds seguro"}]},{"@type":"WebSite","@id":"https:\/\/noti-america.com\/site\/texas\/#website","url":"https:\/\/noti-america.com\/site\/texas\/","name":"Texas | Noti-America.com","description":"","publisher":{"@id":"https:\/\/noti-america.com\/site\/texas\/#organization"},"potentialAction":[{"@type":"SearchAction","target":{"@type":"EntryPoint","urlTemplate":"https:\/\/noti-america.com\/site\/texas\/?s={search_term_string}"},"query-input":{"@type":"PropertyValueSpecification","valueRequired":true,"valueName":"search_term_string"}}],"inLanguage":"es"},{"@type":"Organization","@id":"https:\/\/noti-america.com\/site\/texas\/#organization","name":"Noti-America LLC | Texas-USA","url":"https:\/\/noti-america.com\/site\/texas\/","logo":{"@type":"ImageObject","inLanguage":"es","@id":"https:\/\/noti-america.com\/site\/texas\/#\/schema\/logo\/image\/","url":"https:\/\/noti-america.com\/site\/us-tx\/wp-content\/uploads\/sites\/4\/2020\/07\/LogoNA-4x3-1.jpg","contentUrl":"https:\/\/noti-america.com\/site\/us-tx\/wp-content\/uploads\/sites\/4\/2020\/07\/LogoNA-4x3-1.jpg","width":1236,"height":1080,"caption":"Noti-America LLC | Texas-USA"},"image":{"@id":"https:\/\/noti-america.com\/site\/texas\/#\/schema\/logo\/image\/"}},{"@type":"Person","@id":"https:\/\/noti-america.com\/site\/texas\/#\/schema\/person\/ae305e0187703594d7e273941bdc7f76","name":"Redacci\u00f3n NA-TX","image":{"@type":"ImageObject","inLanguage":"es","@id":"https:\/\/secure.gravatar.com\/avatar\/1ede8345cc79df032062efa286d5b99b0e4e5bd13e51f7cb031f715a3a43b386?s=96&d=mm&r=g","url":"https:\/\/secure.gravatar.com\/avatar\/1ede8345cc79df032062efa286d5b99b0e4e5bd13e51f7cb031f715a3a43b386?s=96&d=mm&r=g","contentUrl":"https:\/\/secure.gravatar.com\/avatar\/1ede8345cc79df032062efa286d5b99b0e4e5bd13e51f7cb031f715a3a43b386?s=96&d=mm&r=g","caption":"Redacci\u00f3n NA-TX"},"url":"https:\/\/noti-america.com\/site\/texas\/author\/redacciontx\/"}]}},"_links":{"self":[{"href":"https:\/\/noti-america.com\/site\/texas\/wp-json\/wp\/v2\/posts\/14326","targetHints":{"allow":["GET"]}}],"collection":[{"href":"https:\/\/noti-america.com\/site\/texas\/wp-json\/wp\/v2\/posts"}],"about":[{"href":"https:\/\/noti-america.com\/site\/texas\/wp-json\/wp\/v2\/types\/post"}],"author":[{"embeddable":true,"href":"https:\/\/noti-america.com\/site\/texas\/wp-json\/wp\/v2\/users\/30"}],"replies":[{"embeddable":true,"href":"https:\/\/noti-america.com\/site\/texas\/wp-json\/wp\/v2\/comments?post=14326"}],"version-history":[{"count":1,"href":"https:\/\/noti-america.com\/site\/texas\/wp-json\/wp\/v2\/posts\/14326\/revisions"}],"predecessor-version":[{"id":14328,"href":"https:\/\/noti-america.com\/site\/texas\/wp-json\/wp\/v2\/posts\/14326\/revisions\/14328"}],"wp:featuredmedia":[{"embeddable":true,"href":"https:\/\/noti-america.com\/site\/texas\/wp-json\/wp\/v2\/media\/14327"}],"wp:attachment":[{"href":"https:\/\/noti-america.com\/site\/texas\/wp-json\/wp\/v2\/media?parent=14326"}],"wp:term":[{"taxonomy":"category","embeddable":true,"href":"https:\/\/noti-america.com\/site\/texas\/wp-json\/wp\/v2\/categories?post=14326"},{"taxonomy":"post_tag","embeddable":true,"href":"https:\/\/noti-america.com\/site\/texas\/wp-json\/wp\/v2\/tags?post=14326"}],"curies":[{"name":"wp","href":"https:\/\/api.w.org\/{rel}","templated":true}]}}