{"id":14099,"date":"2019-07-08T07:45:23","date_gmt":"2019-07-08T12:45:23","guid":{"rendered":"http:\/\/noti-america.com\/site\/us-tx\/?p=14099"},"modified":"2019-07-08T07:45:23","modified_gmt":"2019-07-08T12:45:23","slug":"mexico-creada-para-combatir-el-crimen-nueva-guardia-nacional-ahora-detiene-a-migrantes","status":"publish","type":"post","link":"https:\/\/noti-america.com\/site\/texas\/2019\/07\/08\/mexico-creada-para-combatir-el-crimen-nueva-guardia-nacional-ahora-detiene-a-migrantes\/","title":{"rendered":"M\u00e9xico: Creada para combatir el crimen, nueva Guardia Nacional ahora detiene a migrantes"},"content":{"rendered":"<div class=\"hdr-container\">\n<div class=\"row\">\n<div>\n<h2 style=\"text-align: center;\"><span style=\"color: #000000;\">Un convoy de camiones de la polic\u00eda estatal y municipal ruge en la frontera entre M\u00e9xico y Estados Unidos en Ciudad Ju\u00e1rez para enfrentar a sicarios del c\u00e1rtel, pasando por guardias nacionales que patrullan las orillas del R\u00edo Bravo en busca de migrantes que intentan cruzar a Estados Unidos.<\/span><\/h2>\n<\/div>\n<div class=\"col-publishing-details col-xs-12 col-sm-12 col-md-2 pull-left\">\n<div class=\"publishing-details\">\n<div class=\"links\">\n<p>&nbsp;<\/p>\n<\/div>\n<\/div>\n<\/div>\n<div class=\"col-lg-12 separator\">\n<div class=\"separator\"><\/div>\n<\/div>\n<div class=\"col-multimedia col-xs-12 col-md-10 pull-right\">\n<div class=\"cover-media\">\n<div class=\"img-wrap\">\n<div class=\"thumb thumb16_9\"><img decoding=\"async\" class=\" enhanced\" src=\"https:\/\/gdb.voanews.com\/81F8FEC5-1C2D-443D-B815-DC9CE45E6BCD_cx0_cy8_cw0_w1023_r1_s.jpg\" alt=\"Miembros de la Guardia Nacional de M\u00e9xico escoltan a una mujer nicaraguense y su hija despu\u00e9s de detenerlas cuando intentaban cruzar ilegalmente la frontera entre los Estados Unidos y M\u00e9xico, en Ciudad Ju\u00e1rez, M\u00e9xico, 21 de junio de 2019. REUTERS \/ Jose Luis Gonzalez.\" \/><\/div>\n<\/div>\n<h5 class=\"media-image js-media-expand js-media-expand--ready\" style=\"text-align: center;\"><em><span style=\"color: #000000;\">Miembros de la Guardia Nacional de M\u00e9xico escoltan a una mujer nicaraguense y su hija despu\u00e9s de detenerlas cuando intentaban cruzar ilegalmente la frontera entre los Estados Unidos y M\u00e9xico, en Ciudad Ju\u00e1rez, M\u00e9xico, 21 de junio de 2019. REUTERS \/ Jose Luis Gonzalez.<\/span><\/em><\/h5>\n<\/div>\n<\/div>\n<div class=\"col-xs-12 col-md-2 pull-left article-share\"><\/div>\n<\/div>\n<\/div>\n<div class=\"body-container\">\n<div class=\"row\">\n<div class=\"col-xs-12 col-sm-12 col-md-10 col-lg-10 pull-right\">\n<div class=\"row\">\n<div class=\"col-xs-12 col-sm-12 col-md-8 col-lg-8 pull-left bottom-offset content-offset\">\n<p>&nbsp;<\/p>\n<p>&nbsp;<\/p>\n<p><em><strong>Fuente: https:\/\/www.voanoticias.com<\/strong><\/em><\/p>\n<hr \/>\n<div id=\"article-content\" class=\"content-floated-wrap fb-quotable\">\n<div class=\"wsw\">\n<hr \/>\n<p>&nbsp;<\/p>\n<h3><em><span style=\"color: #000000;\">\u201cDeber\u00edamos estar con ellos, no aqu\u00ed. Somos soldados\u201d, refunfu\u00f1a uno de los tres guardias vestidos con uniforme de camuflaje, cuyas palabras fueron escuchadas por un reportero de Reuters. Estaba frustrado porque las \u00f3rdenes le imped\u00edan ir a apoyar a la polic\u00eda en el tiroteo con los criminales.<\/span><\/em><\/h3>\n<p>&nbsp;<\/p>\n<p>&nbsp;<\/p>\n<h4><span style=\"color: #000000;\">La Guardia Nacional es una nueva fuerza de seguridad creada por el presidente mexicano, Andr\u00e9s Manuel L\u00f3pez Obrador, para reducir las tasas r\u00e9cord de homicidios.<\/span><\/h4>\n<h4><span style=\"color: #000000;\">Pero ahora se le ha encomendado la tarea de patrullar la frontera para cumplir demandas del presidente Donald Trump, quien ha exigido a M\u00e9xico detener el flujo de centroamericanos que se encaminan a Estados Unidos a trav\u00e9s de su territorio o arriesgarse a la imposici\u00f3n de aranceles a productos mexicanos.<\/span><\/h4>\n<figure>\n<div>\n<div><span style=\"color: #000000;\"><img decoding=\"async\" src=\"https:\/\/gdb.voanews.com\/3A8F8366-DAA5-4BBA-91F5-48F433902593_w650_r0_s.jpg\" alt=\"Miembros de la Guardia Nacional de M\u00e9xico se ubican bajo el puente internacional Paso del Norte que conecta a EE.UU. y M\u00e9xico, como parte de una operaci\u00f3n en curso para evitar que los migrantes crucen ilegalmente a los Estados Unidos, en Ciudad Ju\u00e1rez, M\u00e9xico. Junio 25, de 2019.\" \/><\/span><\/div>\n<\/div><figcaption><span style=\"color: #000000;\">Miembros de la Guardia Nacional de M\u00e9xico se ubican bajo el puente internacional Paso del Norte que conecta a EE.UU. y M\u00e9xico, como parte de una operaci\u00f3n en curso para evitar que los migrantes crucen ilegalmente a los Estados Unidos, en Ciudad Ju\u00e1rez, M\u00e9xico. Junio 25, de 2019.<\/span><\/figcaption><\/figure>\n<h4><span style=\"color: #000000;\">Si el despliegue de unos 21,000 efectivos de la Guardia Nacional en las fronteras norte y sur de M\u00e9xico puede reducir el flujo de migrantes, L\u00f3pez Obrador habr\u00e1 logrado evitar los aranceles de Trump y frenar la apertura de otro frente en la guerra comercial mundial.<\/span><\/h4>\n<h4><span style=\"color: #000000;\">Sin embargo, si se utiliza casi un tercio de los efectivos de la Guardia Nacional para las tareas de migraci\u00f3n, se reduce el n\u00famero de fuerzas que se ocupan de uno de los problemas m\u00e1s acuciantes de M\u00e9xico: la espiral de violencia que el a\u00f1o pasado cost\u00f3 la vida a 33,000 personas, una cifra sin precedentes que continu\u00f3 aumentando en los primeros seis meses del mandato de L\u00f3pez Obrador.<\/span><\/h4>\n<h4><span style=\"color: #000000;\">En Ju\u00e1rez, donde los asesinatos de los c\u00e1rteles de la droga son especialmente presentes, mucha gente desear\u00eda que las tropas estuvieran ayudando a combatir el crimen.<\/span><\/h4>\n<h4><span style=\"color: #000000;\">La ciudad al otro lado de la frontera con El Paso, Texas, ha sido durante mucho tiempo sin\u00f3nimo de guerra de c\u00e1rteles, lo que elev\u00f3 la tasa de asesinatos a 244 por cada 100,000 residentes para marzo de 2011, seg\u00fan datos recopilados por el grupo Mesa de Seguridad y Justicia, con sede en Ju\u00e1rez.<\/span><\/h4>\n<h4><span style=\"color: #000000;\">Con la ayuda de grupos de la sociedad civil y empresas, la ciudad logr\u00f3 avances muy dif\u00edciles para restaurar la seguridad, y para fines de 2015 la tasa de asesinatos se hab\u00eda reducido a 21 por cada 100,000, afirma el grupo, citando cifras de la fiscal\u00eda general.<\/span><\/h4>\n<h4><span style=\"color: #000000;\">Ahora, el crimen est\u00e1 volviendo a los niveles que se vieron por \u00faltima vez en los d\u00edas m\u00e1s oscuros de la guerra contra las drogas, con los homicidios quintuplic\u00e1ndose en los \u00faltimos tres a\u00f1os a 107 por cada 100,000 habitantes.<\/span><\/h4>\n<h4><span style=\"color: #000000;\">\u201cAsesinatos, secuestros, extorsiones pasan a segundo plano para que el Ej\u00e9rcito mexicano cuide a la frontera de Estados Unidos\u201d, dijo Juan Hern\u00e1n Ortiz, director de Ciudadanos para una mejor Administraci\u00f3n P\u00fablica, una organizaci\u00f3n en Ciudad Ju\u00e1rez que vigila al gobierno local.<\/span><\/h4>\n<figure>\n<div>\n<div><span style=\"color: #000000;\"><img decoding=\"async\" src=\"https:\/\/gdb.voanews.com\/D4B3EBA7-1190-49DA-822B-2643E106EAC4_w650_r0_s.jpg\" alt=\"Migrantes de diferentes nacionalidades sostienen pancartas durante una protesta contra la larga espera para recibir documentos para legalizar la estad\u00eda y evitar que las Guardias Nacionales detengan a los migrantes en M\u00e9xico, fuera de la oficina de la Comisi\u00f3n Nacional de Derechos Humanos en Tapachula, M\u00e9xico, el 20 de junio de 2019.\" \/><\/span><\/div>\n<\/div><figcaption><span style=\"color: #000000;\">Migrantes de diferentes nacionalidades sostienen pancartas durante una protesta contra la larga espera para recibir documentos para legalizar la estad\u00eda y evitar que las Guardias Nacionales detengan a los migrantes en M\u00e9xico, fuera de la oficina de la Comisi\u00f3n Nacional de Derechos Humanos en Tapachula, M\u00e9xico, el 20 de junio de 2019.<\/span><\/figcaption><\/figure>\n<h4><span style=\"color: #000000;\">El gobierno mexicano no respondi\u00f3 a solicitudes de comentarios sobre las cr\u00edticas.<\/span><\/h4>\n<h4><span style=\"color: #000000;\">La Guardia Nacional de Ju\u00e1rez, compuesta en su mayor\u00eda por soldados en servicio activo equipados con cascos bal\u00edsticos, chalecos antibalas y rifles de asalto, es identificable por las peque\u00f1as bandas en el brazo con las letras \u201cGN\u201d.<\/span><\/h4>\n<h4><span style=\"color: #000000;\">\u201cEn Ciudad Ju\u00e1rez tenemos al Ej\u00e9rcito disfrazado de la guardia nacional cuidando que los migrantes no se acerquen a los Estados Unidos, cuando estamos regresando a una de las crisis de violencia en la ciudad mucho m\u00e1s grande\u201d, destac\u00f3 Ortiz.<\/span><\/h4>\n<h4><span style=\"color: #000000;\">TIROTEO EN EL PUENTE<\/span><\/h4>\n<h4><span style=\"color: #000000;\">El convoy policial que corr\u00eda a cargo de la Guardia Nacional se dirig\u00eda a liberar a un estadounidense de 53 a\u00f1os secuestrado por miembros del c\u00e1rtel de Artistas Asesinos.<\/span><\/h4>\n<h4><span style=\"color: #000000;\">Una persecuci\u00f3n en auto por las calles de Ciudad Ju\u00e1rez llev\u00f3 a un tiroteo cerca del puente fronterizo de Zaragoza, dijo la fiscal\u00eda de Chihuahua. El estadounidense fue liberado, cuatro secuestradores fueron arrestados, otro fue asesinado y dos polic\u00edas resultaron heridos.<\/span><\/h4>\n<h4><span style=\"color: #000000;\">Molestos por no poder participar en el rescate, los tres guardias permanec\u00edan en su puesto en busca de migrantes mientras patrullas de polic\u00eda, una tras otra, con sirenas sonando, pasaban a toda velocidad hacia el lugar del tiroteo.<\/span><\/h4>\n<h4><span style=\"color: #000000;\">En este tramo de frontera el R\u00edo Bravo est\u00e1 seco. Reporteros de Reuters vieron un flujo constante de mujeres, ni\u00f1os y hombres caminando junto al lecho del r\u00edo, fuera de la jurisdicci\u00f3n de los guardias y hacia Estados Unidos, donde agentes de Aduanas y Protecci\u00f3n Fronteriza estadounidense los detuvieron.<\/span><\/h4>\n<h4><span style=\"color: #000000;\">Ante las acusaciones de que las tropas hab\u00edan sido duras con los migrantes para disuadirlos de cruzar la frontera norte, L\u00f3pez Obrador dijo el 25 de junio que la Guardia Nacional no tiene \u00f3rdenes de detener a los migrantes.<\/span><\/h4>\n<h4><span style=\"color: #000000;\">Los propios guardias, apostados en grupos en puntos espec\u00edficos de la frontera o que patrullan en veh\u00edculos militares cargados con armas pesadas, dicen que no detienen a los migrantes, sino que est\u00e1n all\u00ed para aconsejarles que no crucen a Estados Unidos.<\/span><\/h4>\n<h4><span style=\"color: #000000;\">A\u00fan as\u00ed, Reuters presenci\u00f3 la detenci\u00f3n de al menos tres adultos y cuatro ni\u00f1os cuando intentaban cruzar a Estados Unidos despu\u00e9s de que L\u00f3pez Obrador hiciera esa declaraci\u00f3n.<\/span><\/h4>\n<h4><span style=\"color: #000000;\">Entre ellos estaba la hondure\u00f1a Lixa Garc\u00eda, de 23 a\u00f1os, junto a sus dos hijas de cuatro a\u00f1os y 10 meses, cuando fue detenida a pocos metros de cruzar a El Paso y entregada a las autoridades de inmigraci\u00f3n mexicanas, quienes decidir\u00e1n si son deportadas a Honduras.<\/span><\/h4>\n<h4><span style=\"color: #000000;\">La semana pasada, el general de brigada Vicente Antonio Hern\u00e1ndez, quien dirige las operaciones de la Guardia Nacional en los estados del sur de M\u00e9xico, dijo que 20,000 migrantes hab\u00edan sido \u201crescatados\u201d desde el 17 de mayo, un eufemismo para identificar a los detenidos.<\/span><\/h4>\n<h4><span style=\"color: #000000;\">MANTENER A RAYA LOS ARANCELES<\/span><\/h4>\n<h4><span style=\"color: #000000;\">Algunos l\u00edderes empresariales e industriales en Ciudad Ju\u00e1rez dijeron que, con casi el 80% de las exportaciones mexicanas destinadas a Estados Unidos, apoyan el despliegue de tropas de la Guardia Nacional en la frontera norte si eso mantiene congelada la amenaza de aranceles de Trump.<\/span><\/h4>\n<h4><span style=\"color: #000000;\">\u201cA mi lo que me interesa es que se cumpla lo acordado para que no nos vayan a poner aranceles. Independientemente de que si son efectivos o no (la Guardia Nacional), si es parte de lo que se pact\u00f3 pues tienen que estar all\u00ed\u201d, dijo Pedro Chavira, presidente de la asociaci\u00f3n maquiladora INDEX.<\/span><\/h4>\n<h4><span style=\"color: #000000;\">M\u00e9xico lleg\u00f3 a un acuerdo el 7 de junio con Estados Unidos para evitar los aranceles, estableciendo un per\u00edodo de 45 d\u00edas para que el gobierno mexicano haga progresos palpables en la reducci\u00f3n de personas que intentan cruzar ilegalmente. Bajo ese acuerdo, M\u00e9xico acept\u00f3 enviar tropas de la Guardia Nacional a la frontera.<\/span><\/h4>\n<div>\n<div>\n<div>\n<div><span style=\"color: #000000;\">\/**\/ \/**\/ \/**\/\u00a0<img decoding=\"async\" src=\"https:\/\/gdb.voanews.com\/10D52FF0-E20A-4D09-A0F1-D6F449BE9DA3_w256_r1.jpg\" alt=\"El presidente de Estados Unidos, Donald Trump, dijo que los efectivos que dispuso M\u00e9xico en la frontera sur est\u00e1n siendo efectivos.\" data-src=\"https:\/\/gdb.voanews.com\/10D52FF0-E20A-4D09-A0F1-D6F449BE9DA3_w100_r1.jpg\" \/><\/span><\/div>\n<\/div>\n<div>\n<p><span style=\"color: #000000;\"><a style=\"color: #000000;\" title=\"Trump: &quot;M\u00e9xico est\u00e1 haciendo mucho m\u00e1s que los dem\u00f3cratas&quot;\" href=\"https:\/\/www.voanoticias.com\/a\/trump-mexico-esta-haciendo-mucho-mas-que-los-democratas-\/4988249.html\">SEE ALSO:<\/a><\/span><\/p>\n<h4><span style=\"color: #000000;\">Trump: \u00abM\u00e9xico est\u00e1 haciendo mucho m\u00e1s que los dem\u00f3cratas\u00bb<\/span><\/h4>\n<\/div>\n<\/div>\n<\/div>\n<h4><span style=\"color: #000000;\">Trump parece feliz, al menos por ahora, alabando a M\u00e9xico por sus esfuerzos y diciendo que los aranceles est\u00e1n fuera de la mesa.<\/span><\/h4>\n<h4><span style=\"color: #000000;\">Pero, en Ju\u00e1rez, persisten las dudas sobre si contener la migraci\u00f3n es la prioridad correcta para la nueva fuerza de combate de M\u00e9xico, en una ciudad que se hunde cada vez m\u00e1s en la anarqu\u00eda.<\/span><\/h4>\n<h4><span style=\"color: #000000;\">\u201cCreemos es una cuesti\u00f3n de pol\u00edtica de apagar los \u00e1nimos de los Estados Unidos y no es un trabajo y labor que deber\u00eda estar haciendo la GN\u201d, dijo Isabel S\u00e1nchez Quirarte, quien encabeza la organizaci\u00f3n Mesa de Seguridad y Justicia.<\/span><\/h4>\n<h4><span style=\"color: #000000;\">\u201cDeber\u00edan estar haciendo trabajo de prevenci\u00f3n para la delincuencia\u201d, subray\u00f3.<\/span><\/h4>\n<\/div>\n<\/div>\n<\/div>\n<\/div>\n<\/div>\n<\/div>\n<\/div>\n","protected":false},"excerpt":{"rendered":"<p>Un convoy de camiones de la polic\u00eda estatal y municipal ruge en la frontera entre M\u00e9xico y Estados Unidos en Ciudad Ju\u00e1rez para enfrentar a sicarios del c\u00e1rtel, pasando por guardias nacionales que patrullan&#46;&#46;&#46;<\/p>\n","protected":false},"author":30,"featured_media":14100,"comment_status":"open","ping_status":"open","sticky":false,"template":"","format":"standard","meta":{"_acf_changed":false,"rop_custom_images_group":[],"rop_custom_messages_group":[],"rop_publish_now":"initial","rop_publish_now_accounts":{"twitter_242054905_242054905":""},"rop_publish_now_history":[],"rop_publish_now_status":"pending","footnotes":""},"categories":[1803,1774,3],"tags":[2525,163,2524],"class_list":["post-14099","post","type-post","status-publish","format-standard","has-post-thumbnail","hentry","category-centroamerica","category-noticias","category-politica","tag-detiene-inmigrantes","tag-mexico","tag-nueb-policia"],"acf":[],"yoast_head":"<!-- This site is optimized with the Yoast SEO Premium plugin v24.9 (Yoast SEO v27.2) - https:\/\/yoast.com\/product\/yoast-seo-premium-wordpress\/ -->\n<title>M\u00e9xico: Creada para combatir el crimen, nueva Guardia Nacional ahora detiene a migrantes - Texas | Noti-America.com<\/title>\n<meta name=\"robots\" content=\"index, follow, max-snippet:-1, max-image-preview:large, max-video-preview:-1\" \/>\n<link rel=\"canonical\" href=\"https:\/\/noti-america.com\/site\/texas\/2019\/07\/08\/mexico-creada-para-combatir-el-crimen-nueva-guardia-nacional-ahora-detiene-a-migrantes\/\" \/>\n<meta property=\"og:locale\" content=\"es_ES\" \/>\n<meta property=\"og:type\" content=\"article\" \/>\n<meta property=\"og:title\" content=\"M\u00e9xico: Creada para combatir el crimen, nueva Guardia Nacional ahora detiene a migrantes\" \/>\n<meta property=\"og:description\" content=\"Un convoy de camiones de la polic\u00eda estatal y municipal ruge en la frontera entre M\u00e9xico y Estados Unidos en Ciudad Ju\u00e1rez para enfrentar a sicarios del c\u00e1rtel, pasando por guardias nacionales que patrullan&#046;&#046;&#046;\" \/>\n<meta property=\"og:url\" content=\"https:\/\/noti-america.com\/site\/texas\/2019\/07\/08\/mexico-creada-para-combatir-el-crimen-nueva-guardia-nacional-ahora-detiene-a-migrantes\/\" \/>\n<meta property=\"og:site_name\" content=\"Texas | Noti-America.com\" \/>\n<meta property=\"article:published_time\" content=\"2019-07-08T12:45:23+00:00\" \/>\n<meta property=\"og:image\" content=\"https:\/\/noti-america.com\/site\/texas\/wp-content\/uploads\/sites\/4\/2019\/07\/Creada-para-combatir-el-crimen.jpg\" \/>\n\t<meta property=\"og:image:width\" content=\"1023\" \/>\n\t<meta property=\"og:image:height\" content=\"575\" \/>\n\t<meta property=\"og:image:type\" content=\"image\/jpeg\" \/>\n<meta name=\"author\" content=\"Redacci\u00f3n NA-TX\" \/>\n<meta name=\"twitter:card\" content=\"summary_large_image\" \/>\n<meta name=\"twitter:label1\" content=\"Escrito por\" \/>\n\t<meta name=\"twitter:data1\" content=\"Redacci\u00f3n NA-TX\" \/>\n\t<meta name=\"twitter:label2\" content=\"Tiempo estimado de lectura\" \/>\n\t<meta name=\"twitter:data2\" content=\"7 minutos\" \/>\n<script type=\"application\/ld+json\" class=\"yoast-schema-graph\">{\"@context\":\"https:\/\/schema.org\",\"@graph\":[{\"@type\":\"Article\",\"@id\":\"https:\/\/noti-america.com\/site\/texas\/2019\/07\/08\/mexico-creada-para-combatir-el-crimen-nueva-guardia-nacional-ahora-detiene-a-migrantes\/#article\",\"isPartOf\":{\"@id\":\"https:\/\/noti-america.com\/site\/texas\/2019\/07\/08\/mexico-creada-para-combatir-el-crimen-nueva-guardia-nacional-ahora-detiene-a-migrantes\/\"},\"author\":{\"name\":\"Redacci\u00f3n NA-TX\",\"@id\":\"https:\/\/noti-america.com\/site\/texas\/#\/schema\/person\/ae305e0187703594d7e273941bdc7f76\"},\"headline\":\"M\u00e9xico: Creada para combatir el crimen, nueva Guardia Nacional ahora detiene a migrantes\",\"datePublished\":\"2019-07-08T12:45:23+00:00\",\"mainEntityOfPage\":{\"@id\":\"https:\/\/noti-america.com\/site\/texas\/2019\/07\/08\/mexico-creada-para-combatir-el-crimen-nueva-guardia-nacional-ahora-detiene-a-migrantes\/\"},\"wordCount\":1487,\"commentCount\":0,\"publisher\":{\"@id\":\"https:\/\/noti-america.com\/site\/texas\/#organization\"},\"image\":{\"@id\":\"https:\/\/noti-america.com\/site\/texas\/2019\/07\/08\/mexico-creada-para-combatir-el-crimen-nueva-guardia-nacional-ahora-detiene-a-migrantes\/#primaryimage\"},\"thumbnailUrl\":\"https:\/\/noti-america.com\/site\/texas\/wp-content\/uploads\/sites\/4\/2019\/07\/Creada-para-combatir-el-crimen.jpg\",\"keywords\":[\"detiene inmigrantes\",\"M\u00e9xico\",\"Nueb policia\"],\"articleSection\":[\"Am\u00e9rica Central\",\"Noticias\",\"Pol\u00edtica\"],\"inLanguage\":\"es\",\"potentialAction\":[{\"@type\":\"CommentAction\",\"name\":\"Comment\",\"target\":[\"https:\/\/noti-america.com\/site\/texas\/2019\/07\/08\/mexico-creada-para-combatir-el-crimen-nueva-guardia-nacional-ahora-detiene-a-migrantes\/#respond\"]}]},{\"@type\":\"WebPage\",\"@id\":\"https:\/\/noti-america.com\/site\/texas\/2019\/07\/08\/mexico-creada-para-combatir-el-crimen-nueva-guardia-nacional-ahora-detiene-a-migrantes\/\",\"url\":\"https:\/\/noti-america.com\/site\/texas\/2019\/07\/08\/mexico-creada-para-combatir-el-crimen-nueva-guardia-nacional-ahora-detiene-a-migrantes\/\",\"name\":\"M\u00e9xico: Creada para combatir el crimen, nueva Guardia Nacional ahora detiene a migrantes - Texas | Noti-America.com\",\"isPartOf\":{\"@id\":\"https:\/\/noti-america.com\/site\/texas\/#website\"},\"primaryImageOfPage\":{\"@id\":\"https:\/\/noti-america.com\/site\/texas\/2019\/07\/08\/mexico-creada-para-combatir-el-crimen-nueva-guardia-nacional-ahora-detiene-a-migrantes\/#primaryimage\"},\"image\":{\"@id\":\"https:\/\/noti-america.com\/site\/texas\/2019\/07\/08\/mexico-creada-para-combatir-el-crimen-nueva-guardia-nacional-ahora-detiene-a-migrantes\/#primaryimage\"},\"thumbnailUrl\":\"https:\/\/noti-america.com\/site\/texas\/wp-content\/uploads\/sites\/4\/2019\/07\/Creada-para-combatir-el-crimen.jpg\",\"datePublished\":\"2019-07-08T12:45:23+00:00\",\"breadcrumb\":{\"@id\":\"https:\/\/noti-america.com\/site\/texas\/2019\/07\/08\/mexico-creada-para-combatir-el-crimen-nueva-guardia-nacional-ahora-detiene-a-migrantes\/#breadcrumb\"},\"inLanguage\":\"es\",\"potentialAction\":[{\"@type\":\"ReadAction\",\"target\":[\"https:\/\/noti-america.com\/site\/texas\/2019\/07\/08\/mexico-creada-para-combatir-el-crimen-nueva-guardia-nacional-ahora-detiene-a-migrantes\/\"]}]},{\"@type\":\"ImageObject\",\"inLanguage\":\"es\",\"@id\":\"https:\/\/noti-america.com\/site\/texas\/2019\/07\/08\/mexico-creada-para-combatir-el-crimen-nueva-guardia-nacional-ahora-detiene-a-migrantes\/#primaryimage\",\"url\":\"https:\/\/noti-america.com\/site\/texas\/wp-content\/uploads\/sites\/4\/2019\/07\/Creada-para-combatir-el-crimen.jpg\",\"contentUrl\":\"https:\/\/noti-america.com\/site\/texas\/wp-content\/uploads\/sites\/4\/2019\/07\/Creada-para-combatir-el-crimen.jpg\",\"width\":1023,\"height\":575},{\"@type\":\"BreadcrumbList\",\"@id\":\"https:\/\/noti-america.com\/site\/texas\/2019\/07\/08\/mexico-creada-para-combatir-el-crimen-nueva-guardia-nacional-ahora-detiene-a-migrantes\/#breadcrumb\",\"itemListElement\":[{\"@type\":\"ListItem\",\"position\":1,\"name\":\"Portada\",\"item\":\"https:\/\/noti-america.com\/site\/texas\/\"},{\"@type\":\"ListItem\",\"position\":2,\"name\":\"M\u00e9xico: Creada para combatir el crimen, nueva Guardia Nacional ahora detiene a migrantes\"}]},{\"@type\":\"WebSite\",\"@id\":\"https:\/\/noti-america.com\/site\/texas\/#website\",\"url\":\"https:\/\/noti-america.com\/site\/texas\/\",\"name\":\"Texas | Noti-America.com\",\"description\":\"\",\"publisher\":{\"@id\":\"https:\/\/noti-america.com\/site\/texas\/#organization\"},\"potentialAction\":[{\"@type\":\"SearchAction\",\"target\":{\"@type\":\"EntryPoint\",\"urlTemplate\":\"https:\/\/noti-america.com\/site\/texas\/?s={search_term_string}\"},\"query-input\":{\"@type\":\"PropertyValueSpecification\",\"valueRequired\":true,\"valueName\":\"search_term_string\"}}],\"inLanguage\":\"es\"},{\"@type\":\"Organization\",\"@id\":\"https:\/\/noti-america.com\/site\/texas\/#organization\",\"name\":\"Noti-America LLC | Texas-USA\",\"url\":\"https:\/\/noti-america.com\/site\/texas\/\",\"logo\":{\"@type\":\"ImageObject\",\"inLanguage\":\"es\",\"@id\":\"https:\/\/noti-america.com\/site\/texas\/#\/schema\/logo\/image\/\",\"url\":\"https:\/\/noti-america.com\/site\/us-tx\/wp-content\/uploads\/sites\/4\/2020\/07\/LogoNA-4x3-1.jpg\",\"contentUrl\":\"https:\/\/noti-america.com\/site\/us-tx\/wp-content\/uploads\/sites\/4\/2020\/07\/LogoNA-4x3-1.jpg\",\"width\":1236,\"height\":1080,\"caption\":\"Noti-America LLC | Texas-USA\"},\"image\":{\"@id\":\"https:\/\/noti-america.com\/site\/texas\/#\/schema\/logo\/image\/\"}},{\"@type\":\"Person\",\"@id\":\"https:\/\/noti-america.com\/site\/texas\/#\/schema\/person\/ae305e0187703594d7e273941bdc7f76\",\"name\":\"Redacci\u00f3n NA-TX\",\"image\":{\"@type\":\"ImageObject\",\"inLanguage\":\"es\",\"@id\":\"https:\/\/secure.gravatar.com\/avatar\/1ede8345cc79df032062efa286d5b99b0e4e5bd13e51f7cb031f715a3a43b386?s=96&d=mm&r=g\",\"url\":\"https:\/\/secure.gravatar.com\/avatar\/1ede8345cc79df032062efa286d5b99b0e4e5bd13e51f7cb031f715a3a43b386?s=96&d=mm&r=g\",\"contentUrl\":\"https:\/\/secure.gravatar.com\/avatar\/1ede8345cc79df032062efa286d5b99b0e4e5bd13e51f7cb031f715a3a43b386?s=96&d=mm&r=g\",\"caption\":\"Redacci\u00f3n NA-TX\"},\"url\":\"https:\/\/noti-america.com\/site\/texas\/author\/redacciontx\/\"}]}<\/script>\n<!-- \/ Yoast SEO Premium plugin. -->","yoast_head_json":{"title":"M\u00e9xico: Creada para combatir el crimen, nueva Guardia Nacional ahora detiene a migrantes - Texas | Noti-America.com","robots":{"index":"index","follow":"follow","max-snippet":"max-snippet:-1","max-image-preview":"max-image-preview:large","max-video-preview":"max-video-preview:-1"},"canonical":"https:\/\/noti-america.com\/site\/texas\/2019\/07\/08\/mexico-creada-para-combatir-el-crimen-nueva-guardia-nacional-ahora-detiene-a-migrantes\/","og_locale":"es_ES","og_type":"article","og_title":"M\u00e9xico: Creada para combatir el crimen, nueva Guardia Nacional ahora detiene a migrantes","og_description":"Un convoy de camiones de la polic\u00eda estatal y municipal ruge en la frontera entre M\u00e9xico y Estados Unidos en Ciudad Ju\u00e1rez para enfrentar a sicarios del c\u00e1rtel, pasando por guardias nacionales que patrullan&#46;&#46;&#46;","og_url":"https:\/\/noti-america.com\/site\/texas\/2019\/07\/08\/mexico-creada-para-combatir-el-crimen-nueva-guardia-nacional-ahora-detiene-a-migrantes\/","og_site_name":"Texas | Noti-America.com","article_published_time":"2019-07-08T12:45:23+00:00","og_image":[{"width":1023,"height":575,"url":"https:\/\/noti-america.com\/site\/texas\/wp-content\/uploads\/sites\/4\/2019\/07\/Creada-para-combatir-el-crimen.jpg","type":"image\/jpeg"}],"author":"Redacci\u00f3n NA-TX","twitter_card":"summary_large_image","twitter_misc":{"Escrito por":"Redacci\u00f3n NA-TX","Tiempo estimado de lectura":"7 minutos"},"schema":{"@context":"https:\/\/schema.org","@graph":[{"@type":"Article","@id":"https:\/\/noti-america.com\/site\/texas\/2019\/07\/08\/mexico-creada-para-combatir-el-crimen-nueva-guardia-nacional-ahora-detiene-a-migrantes\/#article","isPartOf":{"@id":"https:\/\/noti-america.com\/site\/texas\/2019\/07\/08\/mexico-creada-para-combatir-el-crimen-nueva-guardia-nacional-ahora-detiene-a-migrantes\/"},"author":{"name":"Redacci\u00f3n NA-TX","@id":"https:\/\/noti-america.com\/site\/texas\/#\/schema\/person\/ae305e0187703594d7e273941bdc7f76"},"headline":"M\u00e9xico: Creada para combatir el crimen, nueva Guardia Nacional ahora detiene a migrantes","datePublished":"2019-07-08T12:45:23+00:00","mainEntityOfPage":{"@id":"https:\/\/noti-america.com\/site\/texas\/2019\/07\/08\/mexico-creada-para-combatir-el-crimen-nueva-guardia-nacional-ahora-detiene-a-migrantes\/"},"wordCount":1487,"commentCount":0,"publisher":{"@id":"https:\/\/noti-america.com\/site\/texas\/#organization"},"image":{"@id":"https:\/\/noti-america.com\/site\/texas\/2019\/07\/08\/mexico-creada-para-combatir-el-crimen-nueva-guardia-nacional-ahora-detiene-a-migrantes\/#primaryimage"},"thumbnailUrl":"https:\/\/noti-america.com\/site\/texas\/wp-content\/uploads\/sites\/4\/2019\/07\/Creada-para-combatir-el-crimen.jpg","keywords":["detiene inmigrantes","M\u00e9xico","Nueb policia"],"articleSection":["Am\u00e9rica Central","Noticias","Pol\u00edtica"],"inLanguage":"es","potentialAction":[{"@type":"CommentAction","name":"Comment","target":["https:\/\/noti-america.com\/site\/texas\/2019\/07\/08\/mexico-creada-para-combatir-el-crimen-nueva-guardia-nacional-ahora-detiene-a-migrantes\/#respond"]}]},{"@type":"WebPage","@id":"https:\/\/noti-america.com\/site\/texas\/2019\/07\/08\/mexico-creada-para-combatir-el-crimen-nueva-guardia-nacional-ahora-detiene-a-migrantes\/","url":"https:\/\/noti-america.com\/site\/texas\/2019\/07\/08\/mexico-creada-para-combatir-el-crimen-nueva-guardia-nacional-ahora-detiene-a-migrantes\/","name":"M\u00e9xico: Creada para combatir el crimen, nueva Guardia Nacional ahora detiene a migrantes - Texas | Noti-America.com","isPartOf":{"@id":"https:\/\/noti-america.com\/site\/texas\/#website"},"primaryImageOfPage":{"@id":"https:\/\/noti-america.com\/site\/texas\/2019\/07\/08\/mexico-creada-para-combatir-el-crimen-nueva-guardia-nacional-ahora-detiene-a-migrantes\/#primaryimage"},"image":{"@id":"https:\/\/noti-america.com\/site\/texas\/2019\/07\/08\/mexico-creada-para-combatir-el-crimen-nueva-guardia-nacional-ahora-detiene-a-migrantes\/#primaryimage"},"thumbnailUrl":"https:\/\/noti-america.com\/site\/texas\/wp-content\/uploads\/sites\/4\/2019\/07\/Creada-para-combatir-el-crimen.jpg","datePublished":"2019-07-08T12:45:23+00:00","breadcrumb":{"@id":"https:\/\/noti-america.com\/site\/texas\/2019\/07\/08\/mexico-creada-para-combatir-el-crimen-nueva-guardia-nacional-ahora-detiene-a-migrantes\/#breadcrumb"},"inLanguage":"es","potentialAction":[{"@type":"ReadAction","target":["https:\/\/noti-america.com\/site\/texas\/2019\/07\/08\/mexico-creada-para-combatir-el-crimen-nueva-guardia-nacional-ahora-detiene-a-migrantes\/"]}]},{"@type":"ImageObject","inLanguage":"es","@id":"https:\/\/noti-america.com\/site\/texas\/2019\/07\/08\/mexico-creada-para-combatir-el-crimen-nueva-guardia-nacional-ahora-detiene-a-migrantes\/#primaryimage","url":"https:\/\/noti-america.com\/site\/texas\/wp-content\/uploads\/sites\/4\/2019\/07\/Creada-para-combatir-el-crimen.jpg","contentUrl":"https:\/\/noti-america.com\/site\/texas\/wp-content\/uploads\/sites\/4\/2019\/07\/Creada-para-combatir-el-crimen.jpg","width":1023,"height":575},{"@type":"BreadcrumbList","@id":"https:\/\/noti-america.com\/site\/texas\/2019\/07\/08\/mexico-creada-para-combatir-el-crimen-nueva-guardia-nacional-ahora-detiene-a-migrantes\/#breadcrumb","itemListElement":[{"@type":"ListItem","position":1,"name":"Portada","item":"https:\/\/noti-america.com\/site\/texas\/"},{"@type":"ListItem","position":2,"name":"M\u00e9xico: Creada para combatir el crimen, nueva Guardia Nacional ahora detiene a migrantes"}]},{"@type":"WebSite","@id":"https:\/\/noti-america.com\/site\/texas\/#website","url":"https:\/\/noti-america.com\/site\/texas\/","name":"Texas | Noti-America.com","description":"","publisher":{"@id":"https:\/\/noti-america.com\/site\/texas\/#organization"},"potentialAction":[{"@type":"SearchAction","target":{"@type":"EntryPoint","urlTemplate":"https:\/\/noti-america.com\/site\/texas\/?s={search_term_string}"},"query-input":{"@type":"PropertyValueSpecification","valueRequired":true,"valueName":"search_term_string"}}],"inLanguage":"es"},{"@type":"Organization","@id":"https:\/\/noti-america.com\/site\/texas\/#organization","name":"Noti-America LLC | Texas-USA","url":"https:\/\/noti-america.com\/site\/texas\/","logo":{"@type":"ImageObject","inLanguage":"es","@id":"https:\/\/noti-america.com\/site\/texas\/#\/schema\/logo\/image\/","url":"https:\/\/noti-america.com\/site\/us-tx\/wp-content\/uploads\/sites\/4\/2020\/07\/LogoNA-4x3-1.jpg","contentUrl":"https:\/\/noti-america.com\/site\/us-tx\/wp-content\/uploads\/sites\/4\/2020\/07\/LogoNA-4x3-1.jpg","width":1236,"height":1080,"caption":"Noti-America LLC | Texas-USA"},"image":{"@id":"https:\/\/noti-america.com\/site\/texas\/#\/schema\/logo\/image\/"}},{"@type":"Person","@id":"https:\/\/noti-america.com\/site\/texas\/#\/schema\/person\/ae305e0187703594d7e273941bdc7f76","name":"Redacci\u00f3n NA-TX","image":{"@type":"ImageObject","inLanguage":"es","@id":"https:\/\/secure.gravatar.com\/avatar\/1ede8345cc79df032062efa286d5b99b0e4e5bd13e51f7cb031f715a3a43b386?s=96&d=mm&r=g","url":"https:\/\/secure.gravatar.com\/avatar\/1ede8345cc79df032062efa286d5b99b0e4e5bd13e51f7cb031f715a3a43b386?s=96&d=mm&r=g","contentUrl":"https:\/\/secure.gravatar.com\/avatar\/1ede8345cc79df032062efa286d5b99b0e4e5bd13e51f7cb031f715a3a43b386?s=96&d=mm&r=g","caption":"Redacci\u00f3n NA-TX"},"url":"https:\/\/noti-america.com\/site\/texas\/author\/redacciontx\/"}]}},"_links":{"self":[{"href":"https:\/\/noti-america.com\/site\/texas\/wp-json\/wp\/v2\/posts\/14099","targetHints":{"allow":["GET"]}}],"collection":[{"href":"https:\/\/noti-america.com\/site\/texas\/wp-json\/wp\/v2\/posts"}],"about":[{"href":"https:\/\/noti-america.com\/site\/texas\/wp-json\/wp\/v2\/types\/post"}],"author":[{"embeddable":true,"href":"https:\/\/noti-america.com\/site\/texas\/wp-json\/wp\/v2\/users\/30"}],"replies":[{"embeddable":true,"href":"https:\/\/noti-america.com\/site\/texas\/wp-json\/wp\/v2\/comments?post=14099"}],"version-history":[{"count":2,"href":"https:\/\/noti-america.com\/site\/texas\/wp-json\/wp\/v2\/posts\/14099\/revisions"}],"predecessor-version":[{"id":14103,"href":"https:\/\/noti-america.com\/site\/texas\/wp-json\/wp\/v2\/posts\/14099\/revisions\/14103"}],"wp:featuredmedia":[{"embeddable":true,"href":"https:\/\/noti-america.com\/site\/texas\/wp-json\/wp\/v2\/media\/14100"}],"wp:attachment":[{"href":"https:\/\/noti-america.com\/site\/texas\/wp-json\/wp\/v2\/media?parent=14099"}],"wp:term":[{"taxonomy":"category","embeddable":true,"href":"https:\/\/noti-america.com\/site\/texas\/wp-json\/wp\/v2\/categories?post=14099"},{"taxonomy":"post_tag","embeddable":true,"href":"https:\/\/noti-america.com\/site\/texas\/wp-json\/wp\/v2\/tags?post=14099"}],"curies":[{"name":"wp","href":"https:\/\/api.w.org\/{rel}","templated":true}]}}