{"id":14057,"date":"2019-07-04T06:39:21","date_gmt":"2019-07-04T11:39:21","guid":{"rendered":"http:\/\/noti-america.com\/site\/us-tx\/?p=14057"},"modified":"2019-07-04T06:39:21","modified_gmt":"2019-07-04T11:39:21","slug":"trump-a-inmigrantes-si-no-estan-felices-con-las-condiciones-no-vengan","status":"publish","type":"post","link":"https:\/\/noti-america.com\/site\/texas\/2019\/07\/04\/trump-a-inmigrantes-si-no-estan-felices-con-las-condiciones-no-vengan\/","title":{"rendered":"Trump a inmigrantes: \u201cSi no est\u00e1n felices con las condiciones\u2026 no\u00a0vengan\u201d"},"content":{"rendered":"<h2 style=\"text-align: center;\"><\/h2>\n<h2 style=\"text-align: center;\"><span style=\"color: #000000;\">El presidente critica a los indocumentados por quejarse de las condiciones en centros de retenci\u00f3n<\/span><\/h2>\n<figure class=\"article-image\">\n<h5><img decoding=\"async\" src=\"https:\/\/laopinionla.files.wordpress.com\/2019\/07\/gettyimages-1067873376_01-1.jpg?quality=80&amp;strip=all&amp;w=940\" alt=\"Trump a inmigrantes: \u201cSi no est\u00e1n felices con las condiciones\u2026 no\u00a0vengan\u201d\" \/><\/h5><figcaption>\n<h5 style=\"text-align: center;\"><em><span style=\"color: #000000;\">El presidente exige a dem\u00f3cratas mejorar la seguridad en la frontera. <\/span><\/em><em style=\"font-size: 16px;\"><span style=\"color: #000000;\">FOTO: JOHN MOORE\/GETTY IMAGES<\/span><\/em><\/h5>\n<\/figcaption><\/figure>\n<div class=\"author_and_date\"><\/div>\n<div><\/div>\n<div><\/div>\n<div><em><em><strong>Fuente: https:\/\/laopinion.com<\/strong><\/em><\/em><\/p>\n<hr \/>\n<hr \/>\n<\/div>\n<div class=\"article-content\">\n<p>&nbsp;<\/p>\n<h3><em><span style=\"color: #000000;\">El presidente\u00a0Donald Trump\u00a0public\u00f3 varios tuits donde destaca sus acciones en la frontera y el endurecimiento de su pol\u00edtica migratoria, adem\u00e1s de decir a los inmigrantes indocumentados que no viajen a Estados Unidos, si no les gustan las condiciones con que son tratados.<\/span><\/em><\/h3>\n<h4><\/h4>\n<h4><\/h4>\n<h4><span style=\"color: #000000;\">\u201cSi los inmigrantes indocumentados no est\u00e1n felices con las condiciones en los centros de detenci\u00f3n construidos o reacondicionados r\u00e1pidamente, solo d\u00edgales que no vengan. \u00a1Todos los problemas resueltos!\u201d,\u00a0indic\u00f3 en un tuit, que fue parte de un hilo de varios mensajes sobre inmigraci\u00f3n.<\/span><\/h4>\n<div data-twitter-event-id=\"0\">\n<div id=\"twitter-widget-0\" lang=\"es\" data-click-to-open-target=\"https:\/\/twitter.com\/realDonaldTrump\/status\/1146514575048790019\" data-iframe-title=\"Tweet de Twitter\" data-scribe=\"page:tweet\" data-twitter-event-id=\"3\">\n<div>\n<div>\n<blockquote cite=\"https:\/\/twitter.com\/realDonaldTrump\/status\/1146514575048790019\" data-tweet-id=\"1146514575048790019\" data-scribe=\"section:subject\">\n<div><span style=\"color: #000000;\"><a style=\"color: #000000;\" href=\"https:\/\/twitter.com\/realDonaldTrump\" data-scribe=\"element:user_link\" aria-label=\"Donald J. Trump (nombre de pantalla: realDonaldTrump)\"><img decoding=\"async\" src=\"https:\/\/pbs.twimg.com\/profile_images\/874276197357596672\/kUuht00m_normal.jpg\" alt=\"\" data-scribe=\"element:avatar\" data-src-2x=\"https:\/\/pbs.twimg.com\/profile_images\/874276197357596672\/kUuht00m_bigger.jpg\" data-src-1x=\"https:\/\/pbs.twimg.com\/profile_images\/874276197357596672\/kUuht00m_normal.jpg\" \/><\/a><\/span><\/p>\n<div data-scribe=\"component:author\">\n<div><span style=\"color: #000000;\" title=\"Donald J. Trump\" data-scribe=\"element:name\">Donald J. Trump<\/span><\/p>\n<div title=\"Cuenta verificada\" role=\"img\" aria-label=\"Cuenta verificada\"><\/div>\n<p><span style=\"color: #000000;\">\u2714<span dir=\"ltr\" title=\"@realDonaldTrump\" data-scribe=\"element:screen_name\">@realDonaldTrump<\/span><\/span><\/div>\n<\/div>\n<div>\n<div title=\"Ver en Twitter\" role=\"presentation\" aria-label=\"Ver en Twitter\"><\/div>\n<\/div>\n<\/div>\n<div data-scribe=\"component:tweet\">\n<div><\/div>\n<p dir=\"ltr\" lang=\"en\"><span style=\"color: #000000;\">If Illegal Immigrants are unhappy with the conditions in the quickly built or refitted detentions centers, just tell them not to come. All problems solved!<\/span><\/p>\n<div>\n<div>\n<div data-scribe=\"element:heart\">\n<div title=\"Me gusta\" role=\"img\" aria-label=\"Me gusta\"><\/div>\n<\/div>\n<p><span style=\"color: #000000;\"><a style=\"color: #000000;\" title=\"Me gusta\" href=\"https:\/\/twitter.com\/intent\/like?tweet_id=1146514575048790019\" data-scribe=\"component:actions\">195\u00a0mil<\/a><\/span><\/div>\n<div><span style=\"color: #000000;\"><a style=\"color: #000000;\" href=\"https:\/\/twitter.com\/realDonaldTrump\/status\/1146514575048790019\" data-datetime=\"2019-07-03T20:22:30+0000\" data-scribe=\"element:full_timestamp\"><time title=\"Publicado a las: 03 de julio de 2019 20:22:30 (UTC)\" datetime=\"2019-07-03T20:22:30+0000\">16:22 &#8211; 3 jul. 2019<\/time><\/a><\/span><\/div>\n<div data-scribe=\"element:notice\"><span style=\"color: #000000;\"><a style=\"color: #000000;\" title=\"Informaci\u00f3n y privacidad de Twitter Ads\" href=\"https:\/\/support.twitter.com\/articles\/20175256\">Informaci\u00f3n y privacidad de Twitter Ads<\/a><\/span><\/div>\n<\/div>\n<\/div>\n<\/blockquote>\n<\/div>\n<div data-scribe=\"element:conversation_icon\">\n<div title=\"Ver conversaci\u00f3n en Twitter\" role=\"img\" aria-label=\"Ver conversaci\u00f3n en Twitter\"><\/div>\n<\/div>\n<div data-scribe=\"element:conversation_text\"><span style=\"color: #000000;\">90,5\u00a0mil personas est\u00e1n hablando de esto<\/span><\/div>\n<div data-scribe=\"element:cta_chevron\">\n<div title=\"Ver en Twitter\" role=\"img\" aria-label=\"Ver en Twitter\"><\/div>\n<\/div>\n<\/div>\n<\/div>\n<div>\n<div>\n<div><\/div>\n<\/div>\n<div>\n<div><\/div>\n<\/div>\n<\/div>\n<\/div>\n<h4><span style=\"color: #000000;\">El mandatario critic\u00f3 a los dem\u00f3cratas por no atender sus peticiones para endurecer la seguridad en la frontera, adem\u00e1s de defender a los oficiales de la\u00a0<a style=\"color: #000000;\" href=\"https:\/\/eldiariony.com\/tema\/patrulla-fronteriza\/\">Patrulla Fronteriza<\/a>, ante recientes cr\u00edticas sobre c\u00f3mo han tratado a los inmigrantes.<\/span><\/h4>\n<h4 id=\"paragraphs_desktop_pos1\"><\/h4>\n<h4><span style=\"color: #000000;\">\u201cNuestra gente de la Patrulla Fronteriza no son trabajadores de hospitales, m\u00e9dicos o enfermeras\u201d, advirti\u00f3 en referencia a reportes de aumento de enfermedades en centros de retenci\u00f3n y varios extranjeros muertos.\u00a0\u201cEl problema son las malas leyes de inmigraci\u00f3n de los dem\u00f3cratas, que podr\u00edan solucionarse f\u00e1cilmente\u201d.<\/span><\/h4>\n<h4><span style=\"color: #000000;\">Destac\u00f3 la labor de los oficiales y asegur\u00f3 que muchos de los inmigrantes retenidos \u201cest\u00e1n viviendo mucho mejor ahora que donde vienen\u201d.<\/span><\/h4>\n<h4><span style=\"color: #000000;\">Critic\u00f3 a los dem\u00f3cratas que cuestionan la atenci\u00f3n en los centros que concentran a indocumentados y dijo que si eso realmente los pone en \u201cshock\u201d, deber\u00edan resolver las lagunas en leyes migratorias.<\/span><\/h4>\n<h4><span style=\"color: #000000;\">Tambi\u00e9n inst\u00f3 a sus cr\u00edticos a pedir a los inmigrantes que arriben al pa\u00eds en forma legal.<\/span><\/h4>\n<h4><span style=\"color: #000000;\">\u201cSi realmente quieren resolver la crisis en la frontera sur\u2026 digan a los inmigrantes que no vengan al pa\u00eds, al menos que lo hagan legalmente\u201d, argument\u00f3.<\/span><\/h4>\n<div id=\"paragraphs_desktop_pos2\"><\/div>\n<div data-twitter-event-id=\"1\">\n<div id=\"twitter-widget-1\" lang=\"es\" data-click-to-open-target=\"https:\/\/twitter.com\/realDonaldTrump\/status\/1146501823190188033\" data-iframe-title=\"Tweet de Twitter\" data-scribe=\"page:tweet\" data-twitter-event-id=\"5\">\n<div data-scribe=\"section:conversation\">\n<blockquote cite=\"https:\/\/twitter.com\/realDonaldTrump\/status\/1146501821579583488\" data-tweet-id=\"1146501821579583488\">\n<div><span style=\"color: #000000;\"><a style=\"color: #000000;\" href=\"https:\/\/twitter.com\/realDonaldTrump\" data-scribe=\"element:user_link\" aria-label=\"Donald J. Trump (nombre de pantalla: realDonaldTrump)\"><img decoding=\"async\" src=\"https:\/\/pbs.twimg.com\/profile_images\/874276197357596672\/kUuht00m_normal.jpg\" alt=\"\" data-scribe=\"element:avatar\" data-src-2x=\"https:\/\/pbs.twimg.com\/profile_images\/874276197357596672\/kUuht00m_bigger.jpg\" data-src-1x=\"https:\/\/pbs.twimg.com\/profile_images\/874276197357596672\/kUuht00m_normal.jpg\" \/><\/a><\/span><\/p>\n<div>\n<div>\n<div data-scribe=\"component:author\">\n<div><span style=\"color: #000000;\" title=\"Donald J. Trump\" data-scribe=\"element:name\">Donald J. Trump<\/span><\/p>\n<div title=\"Cuenta verificada\" role=\"img\" aria-label=\"Cuenta verificada\"><\/div>\n<p><span style=\"color: #000000;\">\u2714<span dir=\"ltr\" title=\"@realDonaldTrump\" data-scribe=\"element:screen_name\">@realDonaldTrump<\/span><\/span><\/div>\n<\/div>\n<div><span style=\"color: #000000;\">\u00a0\u00b7\u00a0<a style=\"color: #000000;\" href=\"https:\/\/twitter.com\/realDonaldTrump\/status\/1146501821579583488\" data-scribe=\"element:mini_timestamp\"><time title=\"Publicado a las: 03 de julio de 2019 19:31:49 (UTC)\" datetime=\"2019-07-03T19:31:49+0000\" aria-label=\"Publicado hace 16  horas\">16<abbr title=\" horas\">h<\/abbr><\/time><\/a><\/span><\/div>\n<div>\n<div title=\"Ver en Twitter\" role=\"presentation\" aria-label=\"Ver en Twitter\"><\/div>\n<\/div>\n<\/div>\n<div><span style=\"color: #000000;\"><a style=\"color: #000000;\" href=\"https:\/\/twitter.com\/_\/status\/1146501820593967104\" data-scribe=\"element:in_reply_to_user_link\">En respuesta a @realDonaldTrump<\/a><\/span><\/div>\n<div data-scribe=\"component:tweet\">\n<p dir=\"ltr\" lang=\"en\"><span style=\"color: #000000;\">&#8230;..came from, and in far safer conditions. No matter how good things actually look, even if perfect, the Democrat visitors will act shocked &amp; aghast at how terrible things are. Just Pols. If they really want to fix them, change the Immigration Laws and Loopholes. So easy to do!<\/span><\/p>\n<\/div>\n<\/div>\n<\/div>\n<\/blockquote>\n<\/div>\n<div>\n<div>\n<blockquote cite=\"https:\/\/twitter.com\/realDonaldTrump\/status\/1146501823190188033\" data-tweet-id=\"1146501823190188033\" data-scribe=\"section:subject\">\n<div><span style=\"color: #000000;\"><a style=\"color: #000000;\" href=\"https:\/\/twitter.com\/realDonaldTrump\" data-scribe=\"element:user_link\" aria-label=\"Donald J. Trump (nombre de pantalla: realDonaldTrump)\"><img decoding=\"async\" src=\"https:\/\/pbs.twimg.com\/profile_images\/874276197357596672\/kUuht00m_normal.jpg\" alt=\"\" data-scribe=\"element:avatar\" data-src-2x=\"https:\/\/pbs.twimg.com\/profile_images\/874276197357596672\/kUuht00m_bigger.jpg\" data-src-1x=\"https:\/\/pbs.twimg.com\/profile_images\/874276197357596672\/kUuht00m_normal.jpg\" \/><\/a><\/span><\/p>\n<div data-scribe=\"component:author\">\n<div><span style=\"color: #000000;\" title=\"Donald J. Trump\" data-scribe=\"element:name\">Donald J. Trump<\/span><\/p>\n<div title=\"Cuenta verificada\" role=\"img\" aria-label=\"Cuenta verificada\"><\/div>\n<p><span style=\"color: #000000;\">\u2714<span dir=\"ltr\" title=\"@realDonaldTrump\" data-scribe=\"element:screen_name\">@realDonaldTrump<\/span><\/span><\/div>\n<\/div>\n<\/div>\n<div data-scribe=\"component:tweet\">\n<div><\/div>\n<p dir=\"ltr\" lang=\"en\"><span style=\"color: #000000;\">&#8230;..Now, if you really want to fix the Crisis at the Southern Border, both humanitarian and otherwise, tell migrants not to come into our country unless they are willing to do so legally, and hopefully through a system based on Merit. This way we have no problems at all!<\/span><\/p>\n<div>\n<div>\n<div data-scribe=\"element:heart\">\n<div title=\"Me gusta\" role=\"img\" aria-label=\"Me gusta\"><\/div>\n<\/div>\n<p><span style=\"color: #000000;\"><a style=\"color: #000000;\" title=\"Me gusta\" href=\"https:\/\/twitter.com\/intent\/like?tweet_id=1146501823190188033\" data-scribe=\"component:actions\">83,3\u00a0mil<\/a><\/span><\/div>\n<div><span style=\"color: #000000;\"><a style=\"color: #000000;\" href=\"https:\/\/twitter.com\/realDonaldTrump\/status\/1146501823190188033\" data-datetime=\"2019-07-03T19:31:50+0000\" data-scribe=\"element:full_timestamp\"><time title=\"Publicado a las: 03 de julio de 2019 19:31:50 (UTC)\" datetime=\"2019-07-03T19:31:50+0000\">15:31 &#8211; 3 jul. 2019<\/time><\/a><\/span><\/div>\n<div data-scribe=\"element:notice\"><span style=\"color: #000000;\"><a style=\"color: #000000;\" title=\"Informaci\u00f3n y privacidad de Twitter Ads\" href=\"https:\/\/support.twitter.com\/articles\/20175256\">Informaci\u00f3n y privacidad de Twitter Ads<\/a><\/span><\/div>\n<\/div>\n<\/div>\n<\/blockquote>\n<\/div>\n<div data-scribe=\"element:conversation_icon\">\n<div title=\"Ver conversaci\u00f3n en Twitter\" role=\"img\" aria-label=\"Ver conversaci\u00f3n en Twitter\"><\/div>\n<\/div>\n<div data-scribe=\"element:conversation_text\"><span style=\"color: #000000;\">28,7\u00a0mil personas est\u00e1n hablando de esto<\/span><\/div>\n<div data-scribe=\"element:cta_chevron\">\n<div title=\"Ver en Twitter\" role=\"img\" aria-label=\"Ver en Twitter\"><\/div>\n<\/div>\n<\/div>\n<\/div>\n<div>\n<div>\n<div><\/div>\n<\/div>\n<div>\n<div><\/div>\n<\/div>\n<\/div>\n<\/div>\n<h4><span style=\"color: #000000;\">El Gobierno del presidente Trump aprieta el paso para reducir la inmigraci\u00f3n de indocumentados, incluso el mandatario consider\u00f3 que M\u00e9xico ha hecho m\u00e1s que los dem\u00f3cratas para solucionar el problema, luego de presionar a esa naci\u00f3n con aranceles si no endurec\u00eda la detenci\u00f3n de caravanas.<\/span><\/h4>\n<h4><span style=\"color: #000000;\">\u201cM\u00e9xico est\u00e1 haciendo mejor trabajo que los dem\u00f3cratas en la frontera. \u00a1Gracias M\u00e9xico!\u201d, consider\u00f3.<\/span><\/h4>\n<\/div>\n","protected":false},"excerpt":{"rendered":"<p>El presidente critica a los indocumentados por quejarse de las condiciones en centros de retenci\u00f3n El presidente exige a dem\u00f3cratas mejorar la seguridad en la frontera. FOTO: JOHN MOORE\/GETTY IMAGES Fuente: https:\/\/laopinion.com &nbsp; El&#46;&#46;&#46;<\/p>\n","protected":false},"author":30,"featured_media":14058,"comment_status":"open","ping_status":"open","sticky":false,"template":"","format":"standard","meta":{"_acf_changed":false,"rop_custom_images_group":[],"rop_custom_messages_group":[],"rop_publish_now":"initial","rop_publish_now_accounts":{"twitter_242054905_242054905":""},"rop_publish_now_history":[],"rop_publish_now_status":"pending","footnotes":""},"categories":[1775,1774,3],"tags":[2239],"class_list":["post-14057","post","type-post","status-publish","format-standard","has-post-thumbnail","hentry","category-norteamerica","category-noticias","category-politica","tag-trump-inmigrantes"],"acf":[],"yoast_head":"<!-- This site is optimized with the Yoast SEO Premium plugin v24.9 (Yoast SEO v27.2) - https:\/\/yoast.com\/product\/yoast-seo-premium-wordpress\/ -->\n<title>Trump a inmigrantes: \u201cSi no est\u00e1n felices con las condiciones\u2026 no\u00a0vengan\u201d - Texas | Noti-America.com<\/title>\n<meta name=\"robots\" content=\"index, follow, max-snippet:-1, max-image-preview:large, max-video-preview:-1\" \/>\n<link rel=\"canonical\" href=\"https:\/\/noti-america.com\/site\/texas\/2019\/07\/04\/trump-a-inmigrantes-si-no-estan-felices-con-las-condiciones-no-vengan\/\" \/>\n<meta property=\"og:locale\" content=\"es_ES\" \/>\n<meta property=\"og:type\" content=\"article\" \/>\n<meta property=\"og:title\" content=\"Trump a inmigrantes: \u201cSi no est\u00e1n felices con las condiciones\u2026 no\u00a0vengan\u201d\" \/>\n<meta property=\"og:description\" content=\"El presidente critica a los indocumentados por quejarse de las condiciones en centros de retenci\u00f3n El presidente exige a dem\u00f3cratas mejorar la seguridad en la frontera. FOTO: JOHN MOORE\/GETTY IMAGES Fuente: https:\/\/laopinion.com &nbsp; El&#046;&#046;&#046;\" \/>\n<meta property=\"og:url\" content=\"https:\/\/noti-america.com\/site\/texas\/2019\/07\/04\/trump-a-inmigrantes-si-no-estan-felices-con-las-condiciones-no-vengan\/\" \/>\n<meta property=\"og:site_name\" content=\"Texas | Noti-America.com\" \/>\n<meta property=\"article:published_time\" content=\"2019-07-04T11:39:21+00:00\" \/>\n<meta property=\"og:image\" content=\"https:\/\/noti-america.com\/site\/texas\/wp-content\/uploads\/sites\/4\/2019\/07\/Trump-a-inmigrantes.jpg\" \/>\n\t<meta property=\"og:image:width\" content=\"940\" \/>\n\t<meta property=\"og:image:height\" content=\"637\" \/>\n\t<meta property=\"og:image:type\" content=\"image\/jpeg\" \/>\n<meta name=\"author\" content=\"Redacci\u00f3n NA-TX\" \/>\n<meta name=\"twitter:card\" content=\"summary_large_image\" \/>\n<meta name=\"twitter:label1\" content=\"Escrito por\" \/>\n\t<meta name=\"twitter:data1\" content=\"Redacci\u00f3n NA-TX\" \/>\n\t<meta name=\"twitter:label2\" content=\"Tiempo estimado de lectura\" \/>\n\t<meta name=\"twitter:data2\" content=\"3 minutos\" \/>\n<script type=\"application\/ld+json\" class=\"yoast-schema-graph\">{\"@context\":\"https:\/\/schema.org\",\"@graph\":[{\"@type\":\"Article\",\"@id\":\"https:\/\/noti-america.com\/site\/texas\/2019\/07\/04\/trump-a-inmigrantes-si-no-estan-felices-con-las-condiciones-no-vengan\/#article\",\"isPartOf\":{\"@id\":\"https:\/\/noti-america.com\/site\/texas\/2019\/07\/04\/trump-a-inmigrantes-si-no-estan-felices-con-las-condiciones-no-vengan\/\"},\"author\":{\"name\":\"Redacci\u00f3n NA-TX\",\"@id\":\"https:\/\/noti-america.com\/site\/texas\/#\/schema\/person\/ae305e0187703594d7e273941bdc7f76\"},\"headline\":\"Trump a inmigrantes: \u201cSi no est\u00e1n felices con las condiciones\u2026 no\u00a0vengan\u201d\",\"datePublished\":\"2019-07-04T11:39:21+00:00\",\"mainEntityOfPage\":{\"@id\":\"https:\/\/noti-america.com\/site\/texas\/2019\/07\/04\/trump-a-inmigrantes-si-no-estan-felices-con-las-condiciones-no-vengan\/\"},\"wordCount\":587,\"commentCount\":0,\"publisher\":{\"@id\":\"https:\/\/noti-america.com\/site\/texas\/#organization\"},\"image\":{\"@id\":\"https:\/\/noti-america.com\/site\/texas\/2019\/07\/04\/trump-a-inmigrantes-si-no-estan-felices-con-las-condiciones-no-vengan\/#primaryimage\"},\"thumbnailUrl\":\"https:\/\/noti-america.com\/site\/texas\/wp-content\/uploads\/sites\/4\/2019\/07\/Trump-a-inmigrantes.jpg\",\"keywords\":[\"Trump . inmigrantes\"],\"articleSection\":[\"Am\u00e9rica del Norte\",\"Noticias\",\"Pol\u00edtica\"],\"inLanguage\":\"es\",\"potentialAction\":[{\"@type\":\"CommentAction\",\"name\":\"Comment\",\"target\":[\"https:\/\/noti-america.com\/site\/texas\/2019\/07\/04\/trump-a-inmigrantes-si-no-estan-felices-con-las-condiciones-no-vengan\/#respond\"]}]},{\"@type\":\"WebPage\",\"@id\":\"https:\/\/noti-america.com\/site\/texas\/2019\/07\/04\/trump-a-inmigrantes-si-no-estan-felices-con-las-condiciones-no-vengan\/\",\"url\":\"https:\/\/noti-america.com\/site\/texas\/2019\/07\/04\/trump-a-inmigrantes-si-no-estan-felices-con-las-condiciones-no-vengan\/\",\"name\":\"Trump a inmigrantes: \u201cSi no est\u00e1n felices con las condiciones\u2026 no\u00a0vengan\u201d - Texas | Noti-America.com\",\"isPartOf\":{\"@id\":\"https:\/\/noti-america.com\/site\/texas\/#website\"},\"primaryImageOfPage\":{\"@id\":\"https:\/\/noti-america.com\/site\/texas\/2019\/07\/04\/trump-a-inmigrantes-si-no-estan-felices-con-las-condiciones-no-vengan\/#primaryimage\"},\"image\":{\"@id\":\"https:\/\/noti-america.com\/site\/texas\/2019\/07\/04\/trump-a-inmigrantes-si-no-estan-felices-con-las-condiciones-no-vengan\/#primaryimage\"},\"thumbnailUrl\":\"https:\/\/noti-america.com\/site\/texas\/wp-content\/uploads\/sites\/4\/2019\/07\/Trump-a-inmigrantes.jpg\",\"datePublished\":\"2019-07-04T11:39:21+00:00\",\"breadcrumb\":{\"@id\":\"https:\/\/noti-america.com\/site\/texas\/2019\/07\/04\/trump-a-inmigrantes-si-no-estan-felices-con-las-condiciones-no-vengan\/#breadcrumb\"},\"inLanguage\":\"es\",\"potentialAction\":[{\"@type\":\"ReadAction\",\"target\":[\"https:\/\/noti-america.com\/site\/texas\/2019\/07\/04\/trump-a-inmigrantes-si-no-estan-felices-con-las-condiciones-no-vengan\/\"]}]},{\"@type\":\"ImageObject\",\"inLanguage\":\"es\",\"@id\":\"https:\/\/noti-america.com\/site\/texas\/2019\/07\/04\/trump-a-inmigrantes-si-no-estan-felices-con-las-condiciones-no-vengan\/#primaryimage\",\"url\":\"https:\/\/noti-america.com\/site\/texas\/wp-content\/uploads\/sites\/4\/2019\/07\/Trump-a-inmigrantes.jpg\",\"contentUrl\":\"https:\/\/noti-america.com\/site\/texas\/wp-content\/uploads\/sites\/4\/2019\/07\/Trump-a-inmigrantes.jpg\",\"width\":940,\"height\":637},{\"@type\":\"BreadcrumbList\",\"@id\":\"https:\/\/noti-america.com\/site\/texas\/2019\/07\/04\/trump-a-inmigrantes-si-no-estan-felices-con-las-condiciones-no-vengan\/#breadcrumb\",\"itemListElement\":[{\"@type\":\"ListItem\",\"position\":1,\"name\":\"Portada\",\"item\":\"https:\/\/noti-america.com\/site\/texas\/\"},{\"@type\":\"ListItem\",\"position\":2,\"name\":\"Trump a inmigrantes: \u201cSi no est\u00e1n felices con las condiciones\u2026 no\u00a0vengan\u201d\"}]},{\"@type\":\"WebSite\",\"@id\":\"https:\/\/noti-america.com\/site\/texas\/#website\",\"url\":\"https:\/\/noti-america.com\/site\/texas\/\",\"name\":\"Texas | Noti-America.com\",\"description\":\"\",\"publisher\":{\"@id\":\"https:\/\/noti-america.com\/site\/texas\/#organization\"},\"potentialAction\":[{\"@type\":\"SearchAction\",\"target\":{\"@type\":\"EntryPoint\",\"urlTemplate\":\"https:\/\/noti-america.com\/site\/texas\/?s={search_term_string}\"},\"query-input\":{\"@type\":\"PropertyValueSpecification\",\"valueRequired\":true,\"valueName\":\"search_term_string\"}}],\"inLanguage\":\"es\"},{\"@type\":\"Organization\",\"@id\":\"https:\/\/noti-america.com\/site\/texas\/#organization\",\"name\":\"Noti-America LLC | Texas-USA\",\"url\":\"https:\/\/noti-america.com\/site\/texas\/\",\"logo\":{\"@type\":\"ImageObject\",\"inLanguage\":\"es\",\"@id\":\"https:\/\/noti-america.com\/site\/texas\/#\/schema\/logo\/image\/\",\"url\":\"https:\/\/noti-america.com\/site\/us-tx\/wp-content\/uploads\/sites\/4\/2020\/07\/LogoNA-4x3-1.jpg\",\"contentUrl\":\"https:\/\/noti-america.com\/site\/us-tx\/wp-content\/uploads\/sites\/4\/2020\/07\/LogoNA-4x3-1.jpg\",\"width\":1236,\"height\":1080,\"caption\":\"Noti-America LLC | Texas-USA\"},\"image\":{\"@id\":\"https:\/\/noti-america.com\/site\/texas\/#\/schema\/logo\/image\/\"}},{\"@type\":\"Person\",\"@id\":\"https:\/\/noti-america.com\/site\/texas\/#\/schema\/person\/ae305e0187703594d7e273941bdc7f76\",\"name\":\"Redacci\u00f3n NA-TX\",\"image\":{\"@type\":\"ImageObject\",\"inLanguage\":\"es\",\"@id\":\"https:\/\/secure.gravatar.com\/avatar\/1ede8345cc79df032062efa286d5b99b0e4e5bd13e51f7cb031f715a3a43b386?s=96&d=mm&r=g\",\"url\":\"https:\/\/secure.gravatar.com\/avatar\/1ede8345cc79df032062efa286d5b99b0e4e5bd13e51f7cb031f715a3a43b386?s=96&d=mm&r=g\",\"contentUrl\":\"https:\/\/secure.gravatar.com\/avatar\/1ede8345cc79df032062efa286d5b99b0e4e5bd13e51f7cb031f715a3a43b386?s=96&d=mm&r=g\",\"caption\":\"Redacci\u00f3n NA-TX\"},\"url\":\"https:\/\/noti-america.com\/site\/texas\/author\/redacciontx\/\"}]}<\/script>\n<!-- \/ Yoast SEO Premium plugin. -->","yoast_head_json":{"title":"Trump a inmigrantes: \u201cSi no est\u00e1n felices con las condiciones\u2026 no\u00a0vengan\u201d - Texas | Noti-America.com","robots":{"index":"index","follow":"follow","max-snippet":"max-snippet:-1","max-image-preview":"max-image-preview:large","max-video-preview":"max-video-preview:-1"},"canonical":"https:\/\/noti-america.com\/site\/texas\/2019\/07\/04\/trump-a-inmigrantes-si-no-estan-felices-con-las-condiciones-no-vengan\/","og_locale":"es_ES","og_type":"article","og_title":"Trump a inmigrantes: \u201cSi no est\u00e1n felices con las condiciones\u2026 no\u00a0vengan\u201d","og_description":"El presidente critica a los indocumentados por quejarse de las condiciones en centros de retenci\u00f3n El presidente exige a dem\u00f3cratas mejorar la seguridad en la frontera. FOTO: JOHN MOORE\/GETTY IMAGES Fuente: https:\/\/laopinion.com &nbsp; El&#46;&#46;&#46;","og_url":"https:\/\/noti-america.com\/site\/texas\/2019\/07\/04\/trump-a-inmigrantes-si-no-estan-felices-con-las-condiciones-no-vengan\/","og_site_name":"Texas | Noti-America.com","article_published_time":"2019-07-04T11:39:21+00:00","og_image":[{"width":940,"height":637,"url":"https:\/\/noti-america.com\/site\/texas\/wp-content\/uploads\/sites\/4\/2019\/07\/Trump-a-inmigrantes.jpg","type":"image\/jpeg"}],"author":"Redacci\u00f3n NA-TX","twitter_card":"summary_large_image","twitter_misc":{"Escrito por":"Redacci\u00f3n NA-TX","Tiempo estimado de lectura":"3 minutos"},"schema":{"@context":"https:\/\/schema.org","@graph":[{"@type":"Article","@id":"https:\/\/noti-america.com\/site\/texas\/2019\/07\/04\/trump-a-inmigrantes-si-no-estan-felices-con-las-condiciones-no-vengan\/#article","isPartOf":{"@id":"https:\/\/noti-america.com\/site\/texas\/2019\/07\/04\/trump-a-inmigrantes-si-no-estan-felices-con-las-condiciones-no-vengan\/"},"author":{"name":"Redacci\u00f3n NA-TX","@id":"https:\/\/noti-america.com\/site\/texas\/#\/schema\/person\/ae305e0187703594d7e273941bdc7f76"},"headline":"Trump a inmigrantes: \u201cSi no est\u00e1n felices con las condiciones\u2026 no\u00a0vengan\u201d","datePublished":"2019-07-04T11:39:21+00:00","mainEntityOfPage":{"@id":"https:\/\/noti-america.com\/site\/texas\/2019\/07\/04\/trump-a-inmigrantes-si-no-estan-felices-con-las-condiciones-no-vengan\/"},"wordCount":587,"commentCount":0,"publisher":{"@id":"https:\/\/noti-america.com\/site\/texas\/#organization"},"image":{"@id":"https:\/\/noti-america.com\/site\/texas\/2019\/07\/04\/trump-a-inmigrantes-si-no-estan-felices-con-las-condiciones-no-vengan\/#primaryimage"},"thumbnailUrl":"https:\/\/noti-america.com\/site\/texas\/wp-content\/uploads\/sites\/4\/2019\/07\/Trump-a-inmigrantes.jpg","keywords":["Trump . inmigrantes"],"articleSection":["Am\u00e9rica del Norte","Noticias","Pol\u00edtica"],"inLanguage":"es","potentialAction":[{"@type":"CommentAction","name":"Comment","target":["https:\/\/noti-america.com\/site\/texas\/2019\/07\/04\/trump-a-inmigrantes-si-no-estan-felices-con-las-condiciones-no-vengan\/#respond"]}]},{"@type":"WebPage","@id":"https:\/\/noti-america.com\/site\/texas\/2019\/07\/04\/trump-a-inmigrantes-si-no-estan-felices-con-las-condiciones-no-vengan\/","url":"https:\/\/noti-america.com\/site\/texas\/2019\/07\/04\/trump-a-inmigrantes-si-no-estan-felices-con-las-condiciones-no-vengan\/","name":"Trump a inmigrantes: \u201cSi no est\u00e1n felices con las condiciones\u2026 no\u00a0vengan\u201d - Texas | Noti-America.com","isPartOf":{"@id":"https:\/\/noti-america.com\/site\/texas\/#website"},"primaryImageOfPage":{"@id":"https:\/\/noti-america.com\/site\/texas\/2019\/07\/04\/trump-a-inmigrantes-si-no-estan-felices-con-las-condiciones-no-vengan\/#primaryimage"},"image":{"@id":"https:\/\/noti-america.com\/site\/texas\/2019\/07\/04\/trump-a-inmigrantes-si-no-estan-felices-con-las-condiciones-no-vengan\/#primaryimage"},"thumbnailUrl":"https:\/\/noti-america.com\/site\/texas\/wp-content\/uploads\/sites\/4\/2019\/07\/Trump-a-inmigrantes.jpg","datePublished":"2019-07-04T11:39:21+00:00","breadcrumb":{"@id":"https:\/\/noti-america.com\/site\/texas\/2019\/07\/04\/trump-a-inmigrantes-si-no-estan-felices-con-las-condiciones-no-vengan\/#breadcrumb"},"inLanguage":"es","potentialAction":[{"@type":"ReadAction","target":["https:\/\/noti-america.com\/site\/texas\/2019\/07\/04\/trump-a-inmigrantes-si-no-estan-felices-con-las-condiciones-no-vengan\/"]}]},{"@type":"ImageObject","inLanguage":"es","@id":"https:\/\/noti-america.com\/site\/texas\/2019\/07\/04\/trump-a-inmigrantes-si-no-estan-felices-con-las-condiciones-no-vengan\/#primaryimage","url":"https:\/\/noti-america.com\/site\/texas\/wp-content\/uploads\/sites\/4\/2019\/07\/Trump-a-inmigrantes.jpg","contentUrl":"https:\/\/noti-america.com\/site\/texas\/wp-content\/uploads\/sites\/4\/2019\/07\/Trump-a-inmigrantes.jpg","width":940,"height":637},{"@type":"BreadcrumbList","@id":"https:\/\/noti-america.com\/site\/texas\/2019\/07\/04\/trump-a-inmigrantes-si-no-estan-felices-con-las-condiciones-no-vengan\/#breadcrumb","itemListElement":[{"@type":"ListItem","position":1,"name":"Portada","item":"https:\/\/noti-america.com\/site\/texas\/"},{"@type":"ListItem","position":2,"name":"Trump a inmigrantes: \u201cSi no est\u00e1n felices con las condiciones\u2026 no\u00a0vengan\u201d"}]},{"@type":"WebSite","@id":"https:\/\/noti-america.com\/site\/texas\/#website","url":"https:\/\/noti-america.com\/site\/texas\/","name":"Texas | Noti-America.com","description":"","publisher":{"@id":"https:\/\/noti-america.com\/site\/texas\/#organization"},"potentialAction":[{"@type":"SearchAction","target":{"@type":"EntryPoint","urlTemplate":"https:\/\/noti-america.com\/site\/texas\/?s={search_term_string}"},"query-input":{"@type":"PropertyValueSpecification","valueRequired":true,"valueName":"search_term_string"}}],"inLanguage":"es"},{"@type":"Organization","@id":"https:\/\/noti-america.com\/site\/texas\/#organization","name":"Noti-America LLC | Texas-USA","url":"https:\/\/noti-america.com\/site\/texas\/","logo":{"@type":"ImageObject","inLanguage":"es","@id":"https:\/\/noti-america.com\/site\/texas\/#\/schema\/logo\/image\/","url":"https:\/\/noti-america.com\/site\/us-tx\/wp-content\/uploads\/sites\/4\/2020\/07\/LogoNA-4x3-1.jpg","contentUrl":"https:\/\/noti-america.com\/site\/us-tx\/wp-content\/uploads\/sites\/4\/2020\/07\/LogoNA-4x3-1.jpg","width":1236,"height":1080,"caption":"Noti-America LLC | Texas-USA"},"image":{"@id":"https:\/\/noti-america.com\/site\/texas\/#\/schema\/logo\/image\/"}},{"@type":"Person","@id":"https:\/\/noti-america.com\/site\/texas\/#\/schema\/person\/ae305e0187703594d7e273941bdc7f76","name":"Redacci\u00f3n NA-TX","image":{"@type":"ImageObject","inLanguage":"es","@id":"https:\/\/secure.gravatar.com\/avatar\/1ede8345cc79df032062efa286d5b99b0e4e5bd13e51f7cb031f715a3a43b386?s=96&d=mm&r=g","url":"https:\/\/secure.gravatar.com\/avatar\/1ede8345cc79df032062efa286d5b99b0e4e5bd13e51f7cb031f715a3a43b386?s=96&d=mm&r=g","contentUrl":"https:\/\/secure.gravatar.com\/avatar\/1ede8345cc79df032062efa286d5b99b0e4e5bd13e51f7cb031f715a3a43b386?s=96&d=mm&r=g","caption":"Redacci\u00f3n NA-TX"},"url":"https:\/\/noti-america.com\/site\/texas\/author\/redacciontx\/"}]}},"_links":{"self":[{"href":"https:\/\/noti-america.com\/site\/texas\/wp-json\/wp\/v2\/posts\/14057","targetHints":{"allow":["GET"]}}],"collection":[{"href":"https:\/\/noti-america.com\/site\/texas\/wp-json\/wp\/v2\/posts"}],"about":[{"href":"https:\/\/noti-america.com\/site\/texas\/wp-json\/wp\/v2\/types\/post"}],"author":[{"embeddable":true,"href":"https:\/\/noti-america.com\/site\/texas\/wp-json\/wp\/v2\/users\/30"}],"replies":[{"embeddable":true,"href":"https:\/\/noti-america.com\/site\/texas\/wp-json\/wp\/v2\/comments?post=14057"}],"version-history":[{"count":1,"href":"https:\/\/noti-america.com\/site\/texas\/wp-json\/wp\/v2\/posts\/14057\/revisions"}],"predecessor-version":[{"id":14059,"href":"https:\/\/noti-america.com\/site\/texas\/wp-json\/wp\/v2\/posts\/14057\/revisions\/14059"}],"wp:featuredmedia":[{"embeddable":true,"href":"https:\/\/noti-america.com\/site\/texas\/wp-json\/wp\/v2\/media\/14058"}],"wp:attachment":[{"href":"https:\/\/noti-america.com\/site\/texas\/wp-json\/wp\/v2\/media?parent=14057"}],"wp:term":[{"taxonomy":"category","embeddable":true,"href":"https:\/\/noti-america.com\/site\/texas\/wp-json\/wp\/v2\/categories?post=14057"},{"taxonomy":"post_tag","embeddable":true,"href":"https:\/\/noti-america.com\/site\/texas\/wp-json\/wp\/v2\/tags?post=14057"}],"curies":[{"name":"wp","href":"https:\/\/api.w.org\/{rel}","templated":true}]}}