{"id":13948,"date":"2019-06-28T05:38:56","date_gmt":"2019-06-28T10:38:56","guid":{"rendered":"http:\/\/noti-america.com\/site\/us-tx\/?p=13948"},"modified":"2019-06-28T05:38:56","modified_gmt":"2019-06-28T10:38:56","slug":"eeuu-pasa-a-sanciones-politicas-con-iran-y-crea-perspectivas-de-guerra","status":"publish","type":"post","link":"https:\/\/noti-america.com\/site\/texas\/2019\/06\/28\/eeuu-pasa-a-sanciones-politicas-con-iran-y-crea-perspectivas-de-guerra\/","title":{"rendered":"EEUU pasa a sanciones pol\u00edticas con Ir\u00e1n y crea perspectivas de guerra"},"content":{"rendered":"<div class=\"container main_container\">\n<div class=\"row\">\n<div class=\"col-lg-9 mw_840\">\n<div class=\"row\">\n<div>\n<div>\n<div>\n<h2 style=\"text-align: center;\"><span style=\"color: #000000;\">Con el cierre de las v\u00edas diplom\u00e1ticas y los castigos al l\u00edder espiritual, analistas creen que apuntan a que Ir\u00e1n tire la primera bala.<\/span><\/h2>\n<\/div>\n<\/div>\n<\/div>\n<div class=\"noticia_opened col-lg-12\">\n<div class=\"article-pic-big\">\n<p><img decoding=\"async\" class=\"img-fluid aligncenter\" src=\"https:\/\/d1z84dbvyxsz7j.cloudfront.net\/article\/2019\/06\/27\/lkUB6LvIojHI.jpg\" alt=\"EEUU pasa a sanciones pol\u00edticas con Ir\u00e1n y crea perspectivas de guerra\" \/><label class=\"article-pic-big-enlarge pull-right\"> <\/label><\/p>\n<div>\n<h5 style=\"text-align: center;\"><em><strong><span style=\"color: #000000;\">EFE. Al\u00ed Jamenei.<\/span><\/strong><\/em><\/h5>\n<\/div>\n<\/div>\n<p>&nbsp;<\/p>\n<h3 class=\"article-txt\"><em><em><strong>Fuente: http:\/\/ecos.la \/\u00a0 Artemis Razmipour \/ EFE<\/strong><\/em><\/em><\/h3>\n<hr \/>\n<hr \/>\n<p><em><span style=\"color: #000000;\">Las sanciones impuestas por parte de EE.UU. contra Ir\u00e1n se transforman de una complicada guerra econ\u00f3mica a una amplia contienda pol\u00edtica y diplom\u00e1tica con perspectivas de un enfrentamiento militar en un futuro pr\u00f3ximo.<\/span><\/em><\/p>\n<div><\/div>\n<p><span style=\"color: #000000;\">El presidente de Estados Unidos, Donald Trump, anunci\u00f3 el 24 de junio la imposici\u00f3n de sanciones al l\u00edder supremo de Ir\u00e1n, Ali Jamene\u00ed, y a ocho comandantes iran\u00edes; asimismo ha anunciado que este fin de semana ser\u00e1 tambi\u00e9n sancionado el Ministro de Exteriores de Ir\u00e1n, Mohamad Yavad Zarif.<\/span><\/p>\n<p><span style=\"color: #000000;\">Este inicio de sanciones diplom\u00e1ticas en un futuro pr\u00f3ximo, bajo cualquier pretexto puede incluir la totalidad de la diplomacia de Ir\u00e1n y pr\u00e1cticamente crear limitaciones operativas a la Rep\u00fablica Isl\u00e1mica de Ir\u00e1n.<\/span><\/p>\n<p><span style=\"color: #000000;\">Por otra parte los radicales conservadores iran\u00edes no pueden soportar la condena contra Jamene\u00ed qui\u00e9n es l\u00edder supremo en Ir\u00e1n y religioso para gran parte de la comunidad musulmana chi\u00ed, y con esta medida EEUU de alg\u00fan modo les crea una pasi\u00f3n para un enfrentamiento militar.<\/span><\/p>\n<p><span style=\"color: #000000;\">El analista pol\u00edtico, Mehd\u00ed Motaharnya, explic\u00f3 a EFE que \u00abal parecer los estadounidenses de modo indirecto est\u00e1n empujando a Ir\u00e1n hacia una guerra, ya que saben que para los conservadores radicales iran\u00edes el refugio en la guerra es la ruta de salida de la situaci\u00f3n actual\u00bb.<\/span><\/p>\n<p><span style=\"color: #000000;\">\u00abLos estadounidenses con el cierre de las v\u00edas diplom\u00e1ticas y las sanciones contra el l\u00edder est\u00e1n incrustando una situaci\u00f3n para que la invasi\u00f3n militar se comience por parte de Ir\u00e1n\u00bb, opin\u00f3 el analista.<\/span><\/p>\n<p><span style=\"color: #000000;\">Una guerra militar que el a\u00f1o pasado era solo un tema posible, con la creaci\u00f3n del punto sin salida en la diplomacia ha alterado en los \u00faltimos meses a Teher\u00e1n y Washington y la posible guerra se ha transformado a una pasi\u00f3n por ella.<\/span><\/p>\n<p><span style=\"color: #000000;\">Seg\u00fan Motaharnya \u00abesa pasi\u00f3n en las fuerzas radicales de Ir\u00e1n se expone de modo evidente y se visualiza con su reciente ataque contra el aparato no tripulado estadounidense; mientras EE.UU. oculta esa pasi\u00f3n y avanza seg\u00fan el escenario que ha planteado para no ser iniciador de la guerra\u00bb.<\/span><\/p>\n<p><span style=\"color: #000000;\">EE.UU. el a\u00f1o pasado se retir\u00f3 del pacto nuclear logrado en 2015 entre Ir\u00e1n y las seis grandes potencias mundiales e impuso sanciones al pa\u00eds persa; en la primera ronda el presidente de EE.UU., Donald Trump, puso en exenci\u00f3n la compra del petroleo iran\u00ed para algunos pa\u00edses pero en el mes de abril del presente a\u00f1o ya no renov\u00f3 esas exenciones.<\/span><\/p>\n<p><span style=\"color: #000000;\">Las autoridades iran\u00edes amenazaron en varias ocasiones que si no pueden vender su petr\u00f3leo bloquean el estrecho de Ormuz, un paso entre Ir\u00e1n y Om\u00e1n en el golfo P\u00e9rsico por el que cruza una quinta parte del petr\u00f3leo mundial.<\/span><\/p>\n<p><span style=\"color: #000000;\">La tensi\u00f3n en la zona del golfo P\u00e9rsico es elevada desde el mayo, cuando cuatro petroleros fueron saboteados en un puerto emirat\u00ed, poco despu\u00e9s de que Estados Unidos no renovara las exenciones a la compra de petr\u00f3leo iran\u00ed.<\/span><\/p>\n<p><span style=\"color: #000000;\">El 20 de junio Ir\u00e1n derribo un dron vigilante estadounidense con la pretensi\u00f3n de que ha violado el espacio territorial y entrado a su pa\u00eds, mientras EE.UU. asegura que el dron atacado estaba en aguas internacionales.<\/span><\/p>\n<p><span style=\"color: #000000;\">El ministro iran\u00ed de Exteriores, Mohamad Yavad Zarif, el 26 de junio en declaraciones difundidas por IRNA ha dicho que \u00abla acci\u00f3n estadounidense es provocativa y contraproducente\u00bb.<\/span><\/p>\n<p><span style=\"color: #000000;\">Asimismo, el gobierno iran\u00ed, dijo esta semana que sus fronteras son sus l\u00edneas rojas y que en caso de que este tipo de violaciones se repitan Teher\u00e1n volver\u00e1 a reaccionar de modo contundente.<\/span><\/p>\n<p><span style=\"color: #000000;\">Trump advirti\u00f3 este martes a Ir\u00e1n de que su pa\u00eds responder\u00e1 con \u00abuna fuerza grande y abrumadora\u00bb cualquier ataque contra objetivos estadounidenses.<\/span><\/p>\n<p><span style=\"color: #000000;\">Tras el derribo iran\u00ed del dron estadounidense en el golfo P\u00e9rsico, Trump asegur\u00f3 que hab\u00eda frenado en el \u00faltimo momento un plan de ataque selectivo contra Ir\u00e1n que habr\u00eda causado unos 150 muertos.<\/span><\/p>\n<p><span style=\"color: #000000;\">En este sentido el analista pol\u00edtico iran\u00ed, Mohamad Marand\u00ed, dijo que \u00abTrump no ha frenado la guerra por 150 personas, si no por que sabe que entra a un tema que no puede lograr victoria en ello\u00bb.<\/span><\/p>\n<p><span style=\"color: #000000;\">Para Marand\u00ed entre \u00abIr\u00e1n y EE.UU. puede haber un conflicto militar\u00bb pero no durar\u00e1 mucho \u00abya que la respuesta de Ir\u00e1n ser\u00e1 mucho m\u00e1s fuerte que el ataque de EE.UU.\u00bb.<\/span><\/p>\n<p><span style=\"color: #000000;\">Aunque muchas opiniones se apoyan en que una guerra en el golfo P\u00e9rsico ser\u00e1 amplia y con duras consecuencias para toda la regi\u00f3n e incluso el mundo.<\/span><\/p>\n<p><span style=\"color: #000000;\">El general de divisi\u00f3n del Cuerpo de los Guardianes de la revoluci\u00f3n iran\u00ed, Gholam Al\u00ed Rashid, advirti\u00f3 esta semana a Estados Unidos de que \u00aben el caso de un conflicto en la regi\u00f3n, su alcance y duraci\u00f3n no podr\u00e1 ser gestionado por ning\u00fan pa\u00eds\u00bb. <\/span><\/p>\n<p><span style=\"color: #000000;\">EFE<\/span><\/p>\n<\/div>\n<\/div>\n<\/div>\n<div class=\"home_aside aside col-lg-3\">\n<div class=\"banner banner_300x250 d-none d-md-block\"><\/div>\n<div class=\"banner banner_300x250 d-none d-md-block\"><\/div>\n<\/div>\n<\/div>\n<\/div>\n<div class=\"row\">\n<div class=\"categ_slider\">\n<div class=\"container\">\n<div class=\"swiper-container swiper-container-horizontal\">\n<div class=\"opinion_nav\">\n<div class=\"swiper-button-next\" tabindex=\"0\" role=\"button\" aria-label=\"Next slide\"><\/div>\n<div class=\"swiper-button-prev\" tabindex=\"0\" role=\"button\" aria-label=\"Previous slide\"><\/div>\n<\/div>\n<div class=\"swiper-wrapper\">\n<div class=\"swiper-slide swiper-slide-duplicate swiper-slide-duplicate-next\" data-swiper-slide-index=\"1\">\n<div class=\"block_opinion\">\n<div class=\"img_slider_categ\"><\/div>\n<\/div>\n<\/div>\n<\/div>\n<\/div>\n<\/div>\n<\/div>\n<\/div>\n","protected":false},"excerpt":{"rendered":"<p>Con el cierre de las v\u00edas diplom\u00e1ticas y los castigos al l\u00edder espiritual, analistas creen que apuntan a que Ir\u00e1n tire la primera bala. EFE. Al\u00ed Jamenei. &nbsp; Fuente: http:\/\/ecos.la \/\u00a0 Artemis Razmipour \/&#46;&#46;&#46;<\/p>\n","protected":false},"author":27,"featured_media":13949,"comment_status":"open","ping_status":"open","sticky":false,"template":"","format":"standard","meta":{"_acf_changed":false,"rop_custom_images_group":[],"rop_custom_messages_group":[],"rop_publish_now":"initial","rop_publish_now_accounts":{"twitter_242054905_242054905":""},"rop_publish_now_history":[],"rop_publish_now_status":"pending","footnotes":""},"categories":[1775,1774,3],"tags":[209,201,2495],"class_list":["post-13948","post","type-post","status-publish","format-standard","has-post-thumbnail","hentry","category-norteamerica","category-noticias","category-politica","tag-eeuu","tag-iran","tag-sanciones-politicas"],"acf":[],"yoast_head":"<!-- This site is optimized with the Yoast SEO Premium plugin v24.9 (Yoast SEO v27.2) - https:\/\/yoast.com\/product\/yoast-seo-premium-wordpress\/ -->\n<title>EEUU pasa a sanciones pol\u00edticas con Ir\u00e1n y crea perspectivas de guerra - Texas | Noti-America.com<\/title>\n<meta name=\"robots\" content=\"index, follow, max-snippet:-1, max-image-preview:large, max-video-preview:-1\" \/>\n<link rel=\"canonical\" href=\"https:\/\/noti-america.com\/site\/texas\/2019\/06\/28\/eeuu-pasa-a-sanciones-politicas-con-iran-y-crea-perspectivas-de-guerra\/\" \/>\n<meta property=\"og:locale\" content=\"es_ES\" \/>\n<meta property=\"og:type\" content=\"article\" \/>\n<meta property=\"og:title\" content=\"EEUU pasa a sanciones pol\u00edticas con Ir\u00e1n y crea perspectivas de guerra\" \/>\n<meta property=\"og:description\" content=\"Con el cierre de las v\u00edas diplom\u00e1ticas y los castigos al l\u00edder espiritual, analistas creen que apuntan a que Ir\u00e1n tire la primera bala. EFE. Al\u00ed Jamenei. &nbsp; Fuente: http:\/\/ecos.la \/\u00a0 Artemis Razmipour \/&#046;&#046;&#046;\" \/>\n<meta property=\"og:url\" content=\"https:\/\/noti-america.com\/site\/texas\/2019\/06\/28\/eeuu-pasa-a-sanciones-politicas-con-iran-y-crea-perspectivas-de-guerra\/\" \/>\n<meta property=\"og:site_name\" content=\"Texas | Noti-America.com\" \/>\n<meta property=\"article:published_time\" content=\"2019-06-28T10:38:56+00:00\" \/>\n<meta property=\"og:image\" content=\"https:\/\/noti-america.com\/site\/texas\/wp-content\/uploads\/sites\/4\/2019\/06\/EEUU-pasa-a-sanciones.jpg\" \/>\n\t<meta property=\"og:image:width\" content=\"738\" \/>\n\t<meta property=\"og:image:height\" content=\"464\" \/>\n\t<meta property=\"og:image:type\" content=\"image\/jpeg\" \/>\n<meta name=\"author\" content=\"Redacci\u00f3n NA-TN\" \/>\n<meta name=\"twitter:card\" content=\"summary_large_image\" \/>\n<meta name=\"twitter:label1\" content=\"Escrito por\" \/>\n\t<meta name=\"twitter:data1\" content=\"Redacci\u00f3n NA-TN\" \/>\n\t<meta name=\"twitter:label2\" content=\"Tiempo estimado de lectura\" \/>\n\t<meta name=\"twitter:data2\" content=\"4 minutos\" \/>\n<script type=\"application\/ld+json\" class=\"yoast-schema-graph\">{\"@context\":\"https:\/\/schema.org\",\"@graph\":[{\"@type\":\"Article\",\"@id\":\"https:\/\/noti-america.com\/site\/texas\/2019\/06\/28\/eeuu-pasa-a-sanciones-politicas-con-iran-y-crea-perspectivas-de-guerra\/#article\",\"isPartOf\":{\"@id\":\"https:\/\/noti-america.com\/site\/texas\/2019\/06\/28\/eeuu-pasa-a-sanciones-politicas-con-iran-y-crea-perspectivas-de-guerra\/\"},\"author\":{\"name\":\"Redacci\u00f3n NA-TN\",\"@id\":\"https:\/\/noti-america.com\/site\/texas\/#\/schema\/person\/1ece9fdd47c6afcadfd7bc8a7fa85003\"},\"headline\":\"EEUU pasa a sanciones pol\u00edticas con Ir\u00e1n y crea perspectivas de guerra\",\"datePublished\":\"2019-06-28T10:38:56+00:00\",\"mainEntityOfPage\":{\"@id\":\"https:\/\/noti-america.com\/site\/texas\/2019\/06\/28\/eeuu-pasa-a-sanciones-politicas-con-iran-y-crea-perspectivas-de-guerra\/\"},\"wordCount\":897,\"commentCount\":0,\"publisher\":{\"@id\":\"https:\/\/noti-america.com\/site\/texas\/#organization\"},\"image\":{\"@id\":\"https:\/\/noti-america.com\/site\/texas\/2019\/06\/28\/eeuu-pasa-a-sanciones-politicas-con-iran-y-crea-perspectivas-de-guerra\/#primaryimage\"},\"thumbnailUrl\":\"https:\/\/noti-america.com\/site\/texas\/wp-content\/uploads\/sites\/4\/2019\/06\/EEUU-pasa-a-sanciones.jpg\",\"keywords\":[\"EEUU\",\"Iran\",\"Sanciones pol\u00ecticas\"],\"articleSection\":[\"Am\u00e9rica del Norte\",\"Noticias\",\"Pol\u00edtica\"],\"inLanguage\":\"es\",\"potentialAction\":[{\"@type\":\"CommentAction\",\"name\":\"Comment\",\"target\":[\"https:\/\/noti-america.com\/site\/texas\/2019\/06\/28\/eeuu-pasa-a-sanciones-politicas-con-iran-y-crea-perspectivas-de-guerra\/#respond\"]}]},{\"@type\":\"WebPage\",\"@id\":\"https:\/\/noti-america.com\/site\/texas\/2019\/06\/28\/eeuu-pasa-a-sanciones-politicas-con-iran-y-crea-perspectivas-de-guerra\/\",\"url\":\"https:\/\/noti-america.com\/site\/texas\/2019\/06\/28\/eeuu-pasa-a-sanciones-politicas-con-iran-y-crea-perspectivas-de-guerra\/\",\"name\":\"EEUU pasa a sanciones pol\u00edticas con Ir\u00e1n y crea perspectivas de guerra - Texas | Noti-America.com\",\"isPartOf\":{\"@id\":\"https:\/\/noti-america.com\/site\/texas\/#website\"},\"primaryImageOfPage\":{\"@id\":\"https:\/\/noti-america.com\/site\/texas\/2019\/06\/28\/eeuu-pasa-a-sanciones-politicas-con-iran-y-crea-perspectivas-de-guerra\/#primaryimage\"},\"image\":{\"@id\":\"https:\/\/noti-america.com\/site\/texas\/2019\/06\/28\/eeuu-pasa-a-sanciones-politicas-con-iran-y-crea-perspectivas-de-guerra\/#primaryimage\"},\"thumbnailUrl\":\"https:\/\/noti-america.com\/site\/texas\/wp-content\/uploads\/sites\/4\/2019\/06\/EEUU-pasa-a-sanciones.jpg\",\"datePublished\":\"2019-06-28T10:38:56+00:00\",\"breadcrumb\":{\"@id\":\"https:\/\/noti-america.com\/site\/texas\/2019\/06\/28\/eeuu-pasa-a-sanciones-politicas-con-iran-y-crea-perspectivas-de-guerra\/#breadcrumb\"},\"inLanguage\":\"es\",\"potentialAction\":[{\"@type\":\"ReadAction\",\"target\":[\"https:\/\/noti-america.com\/site\/texas\/2019\/06\/28\/eeuu-pasa-a-sanciones-politicas-con-iran-y-crea-perspectivas-de-guerra\/\"]}]},{\"@type\":\"ImageObject\",\"inLanguage\":\"es\",\"@id\":\"https:\/\/noti-america.com\/site\/texas\/2019\/06\/28\/eeuu-pasa-a-sanciones-politicas-con-iran-y-crea-perspectivas-de-guerra\/#primaryimage\",\"url\":\"https:\/\/noti-america.com\/site\/texas\/wp-content\/uploads\/sites\/4\/2019\/06\/EEUU-pasa-a-sanciones.jpg\",\"contentUrl\":\"https:\/\/noti-america.com\/site\/texas\/wp-content\/uploads\/sites\/4\/2019\/06\/EEUU-pasa-a-sanciones.jpg\",\"width\":738,\"height\":464},{\"@type\":\"BreadcrumbList\",\"@id\":\"https:\/\/noti-america.com\/site\/texas\/2019\/06\/28\/eeuu-pasa-a-sanciones-politicas-con-iran-y-crea-perspectivas-de-guerra\/#breadcrumb\",\"itemListElement\":[{\"@type\":\"ListItem\",\"position\":1,\"name\":\"Portada\",\"item\":\"https:\/\/noti-america.com\/site\/texas\/\"},{\"@type\":\"ListItem\",\"position\":2,\"name\":\"EEUU pasa a sanciones pol\u00edticas con Ir\u00e1n y crea perspectivas de guerra\"}]},{\"@type\":\"WebSite\",\"@id\":\"https:\/\/noti-america.com\/site\/texas\/#website\",\"url\":\"https:\/\/noti-america.com\/site\/texas\/\",\"name\":\"Texas | Noti-America.com\",\"description\":\"\",\"publisher\":{\"@id\":\"https:\/\/noti-america.com\/site\/texas\/#organization\"},\"potentialAction\":[{\"@type\":\"SearchAction\",\"target\":{\"@type\":\"EntryPoint\",\"urlTemplate\":\"https:\/\/noti-america.com\/site\/texas\/?s={search_term_string}\"},\"query-input\":{\"@type\":\"PropertyValueSpecification\",\"valueRequired\":true,\"valueName\":\"search_term_string\"}}],\"inLanguage\":\"es\"},{\"@type\":\"Organization\",\"@id\":\"https:\/\/noti-america.com\/site\/texas\/#organization\",\"name\":\"Noti-America LLC | Texas-USA\",\"url\":\"https:\/\/noti-america.com\/site\/texas\/\",\"logo\":{\"@type\":\"ImageObject\",\"inLanguage\":\"es\",\"@id\":\"https:\/\/noti-america.com\/site\/texas\/#\/schema\/logo\/image\/\",\"url\":\"https:\/\/noti-america.com\/site\/us-tx\/wp-content\/uploads\/sites\/4\/2020\/07\/LogoNA-4x3-1.jpg\",\"contentUrl\":\"https:\/\/noti-america.com\/site\/us-tx\/wp-content\/uploads\/sites\/4\/2020\/07\/LogoNA-4x3-1.jpg\",\"width\":1236,\"height\":1080,\"caption\":\"Noti-America LLC | Texas-USA\"},\"image\":{\"@id\":\"https:\/\/noti-america.com\/site\/texas\/#\/schema\/logo\/image\/\"}},{\"@type\":\"Person\",\"@id\":\"https:\/\/noti-america.com\/site\/texas\/#\/schema\/person\/1ece9fdd47c6afcadfd7bc8a7fa85003\",\"name\":\"Redacci\u00f3n NA-TN\",\"image\":{\"@type\":\"ImageObject\",\"inLanguage\":\"es\",\"@id\":\"https:\/\/secure.gravatar.com\/avatar\/894ea7549dcb9c4eb89f2bce99ffa6e5ae58287ad75ae3f10fd38a111f9ffb9b?s=96&d=mm&r=g\",\"url\":\"https:\/\/secure.gravatar.com\/avatar\/894ea7549dcb9c4eb89f2bce99ffa6e5ae58287ad75ae3f10fd38a111f9ffb9b?s=96&d=mm&r=g\",\"contentUrl\":\"https:\/\/secure.gravatar.com\/avatar\/894ea7549dcb9c4eb89f2bce99ffa6e5ae58287ad75ae3f10fd38a111f9ffb9b?s=96&d=mm&r=g\",\"caption\":\"Redacci\u00f3n NA-TN\"},\"url\":\"https:\/\/noti-america.com\/site\/texas\/author\/redacciontn\/\"}]}<\/script>\n<!-- \/ Yoast SEO Premium plugin. -->","yoast_head_json":{"title":"EEUU pasa a sanciones pol\u00edticas con Ir\u00e1n y crea perspectivas de guerra - Texas | Noti-America.com","robots":{"index":"index","follow":"follow","max-snippet":"max-snippet:-1","max-image-preview":"max-image-preview:large","max-video-preview":"max-video-preview:-1"},"canonical":"https:\/\/noti-america.com\/site\/texas\/2019\/06\/28\/eeuu-pasa-a-sanciones-politicas-con-iran-y-crea-perspectivas-de-guerra\/","og_locale":"es_ES","og_type":"article","og_title":"EEUU pasa a sanciones pol\u00edticas con Ir\u00e1n y crea perspectivas de guerra","og_description":"Con el cierre de las v\u00edas diplom\u00e1ticas y los castigos al l\u00edder espiritual, analistas creen que apuntan a que Ir\u00e1n tire la primera bala. EFE. Al\u00ed Jamenei. &nbsp; Fuente: http:\/\/ecos.la \/\u00a0 Artemis Razmipour \/&#46;&#46;&#46;","og_url":"https:\/\/noti-america.com\/site\/texas\/2019\/06\/28\/eeuu-pasa-a-sanciones-politicas-con-iran-y-crea-perspectivas-de-guerra\/","og_site_name":"Texas | Noti-America.com","article_published_time":"2019-06-28T10:38:56+00:00","og_image":[{"width":738,"height":464,"url":"https:\/\/noti-america.com\/site\/texas\/wp-content\/uploads\/sites\/4\/2019\/06\/EEUU-pasa-a-sanciones.jpg","type":"image\/jpeg"}],"author":"Redacci\u00f3n NA-TN","twitter_card":"summary_large_image","twitter_misc":{"Escrito por":"Redacci\u00f3n NA-TN","Tiempo estimado de lectura":"4 minutos"},"schema":{"@context":"https:\/\/schema.org","@graph":[{"@type":"Article","@id":"https:\/\/noti-america.com\/site\/texas\/2019\/06\/28\/eeuu-pasa-a-sanciones-politicas-con-iran-y-crea-perspectivas-de-guerra\/#article","isPartOf":{"@id":"https:\/\/noti-america.com\/site\/texas\/2019\/06\/28\/eeuu-pasa-a-sanciones-politicas-con-iran-y-crea-perspectivas-de-guerra\/"},"author":{"name":"Redacci\u00f3n NA-TN","@id":"https:\/\/noti-america.com\/site\/texas\/#\/schema\/person\/1ece9fdd47c6afcadfd7bc8a7fa85003"},"headline":"EEUU pasa a sanciones pol\u00edticas con Ir\u00e1n y crea perspectivas de guerra","datePublished":"2019-06-28T10:38:56+00:00","mainEntityOfPage":{"@id":"https:\/\/noti-america.com\/site\/texas\/2019\/06\/28\/eeuu-pasa-a-sanciones-politicas-con-iran-y-crea-perspectivas-de-guerra\/"},"wordCount":897,"commentCount":0,"publisher":{"@id":"https:\/\/noti-america.com\/site\/texas\/#organization"},"image":{"@id":"https:\/\/noti-america.com\/site\/texas\/2019\/06\/28\/eeuu-pasa-a-sanciones-politicas-con-iran-y-crea-perspectivas-de-guerra\/#primaryimage"},"thumbnailUrl":"https:\/\/noti-america.com\/site\/texas\/wp-content\/uploads\/sites\/4\/2019\/06\/EEUU-pasa-a-sanciones.jpg","keywords":["EEUU","Iran","Sanciones pol\u00ecticas"],"articleSection":["Am\u00e9rica del Norte","Noticias","Pol\u00edtica"],"inLanguage":"es","potentialAction":[{"@type":"CommentAction","name":"Comment","target":["https:\/\/noti-america.com\/site\/texas\/2019\/06\/28\/eeuu-pasa-a-sanciones-politicas-con-iran-y-crea-perspectivas-de-guerra\/#respond"]}]},{"@type":"WebPage","@id":"https:\/\/noti-america.com\/site\/texas\/2019\/06\/28\/eeuu-pasa-a-sanciones-politicas-con-iran-y-crea-perspectivas-de-guerra\/","url":"https:\/\/noti-america.com\/site\/texas\/2019\/06\/28\/eeuu-pasa-a-sanciones-politicas-con-iran-y-crea-perspectivas-de-guerra\/","name":"EEUU pasa a sanciones pol\u00edticas con Ir\u00e1n y crea perspectivas de guerra - Texas | Noti-America.com","isPartOf":{"@id":"https:\/\/noti-america.com\/site\/texas\/#website"},"primaryImageOfPage":{"@id":"https:\/\/noti-america.com\/site\/texas\/2019\/06\/28\/eeuu-pasa-a-sanciones-politicas-con-iran-y-crea-perspectivas-de-guerra\/#primaryimage"},"image":{"@id":"https:\/\/noti-america.com\/site\/texas\/2019\/06\/28\/eeuu-pasa-a-sanciones-politicas-con-iran-y-crea-perspectivas-de-guerra\/#primaryimage"},"thumbnailUrl":"https:\/\/noti-america.com\/site\/texas\/wp-content\/uploads\/sites\/4\/2019\/06\/EEUU-pasa-a-sanciones.jpg","datePublished":"2019-06-28T10:38:56+00:00","breadcrumb":{"@id":"https:\/\/noti-america.com\/site\/texas\/2019\/06\/28\/eeuu-pasa-a-sanciones-politicas-con-iran-y-crea-perspectivas-de-guerra\/#breadcrumb"},"inLanguage":"es","potentialAction":[{"@type":"ReadAction","target":["https:\/\/noti-america.com\/site\/texas\/2019\/06\/28\/eeuu-pasa-a-sanciones-politicas-con-iran-y-crea-perspectivas-de-guerra\/"]}]},{"@type":"ImageObject","inLanguage":"es","@id":"https:\/\/noti-america.com\/site\/texas\/2019\/06\/28\/eeuu-pasa-a-sanciones-politicas-con-iran-y-crea-perspectivas-de-guerra\/#primaryimage","url":"https:\/\/noti-america.com\/site\/texas\/wp-content\/uploads\/sites\/4\/2019\/06\/EEUU-pasa-a-sanciones.jpg","contentUrl":"https:\/\/noti-america.com\/site\/texas\/wp-content\/uploads\/sites\/4\/2019\/06\/EEUU-pasa-a-sanciones.jpg","width":738,"height":464},{"@type":"BreadcrumbList","@id":"https:\/\/noti-america.com\/site\/texas\/2019\/06\/28\/eeuu-pasa-a-sanciones-politicas-con-iran-y-crea-perspectivas-de-guerra\/#breadcrumb","itemListElement":[{"@type":"ListItem","position":1,"name":"Portada","item":"https:\/\/noti-america.com\/site\/texas\/"},{"@type":"ListItem","position":2,"name":"EEUU pasa a sanciones pol\u00edticas con Ir\u00e1n y crea perspectivas de guerra"}]},{"@type":"WebSite","@id":"https:\/\/noti-america.com\/site\/texas\/#website","url":"https:\/\/noti-america.com\/site\/texas\/","name":"Texas | Noti-America.com","description":"","publisher":{"@id":"https:\/\/noti-america.com\/site\/texas\/#organization"},"potentialAction":[{"@type":"SearchAction","target":{"@type":"EntryPoint","urlTemplate":"https:\/\/noti-america.com\/site\/texas\/?s={search_term_string}"},"query-input":{"@type":"PropertyValueSpecification","valueRequired":true,"valueName":"search_term_string"}}],"inLanguage":"es"},{"@type":"Organization","@id":"https:\/\/noti-america.com\/site\/texas\/#organization","name":"Noti-America LLC | Texas-USA","url":"https:\/\/noti-america.com\/site\/texas\/","logo":{"@type":"ImageObject","inLanguage":"es","@id":"https:\/\/noti-america.com\/site\/texas\/#\/schema\/logo\/image\/","url":"https:\/\/noti-america.com\/site\/us-tx\/wp-content\/uploads\/sites\/4\/2020\/07\/LogoNA-4x3-1.jpg","contentUrl":"https:\/\/noti-america.com\/site\/us-tx\/wp-content\/uploads\/sites\/4\/2020\/07\/LogoNA-4x3-1.jpg","width":1236,"height":1080,"caption":"Noti-America LLC | Texas-USA"},"image":{"@id":"https:\/\/noti-america.com\/site\/texas\/#\/schema\/logo\/image\/"}},{"@type":"Person","@id":"https:\/\/noti-america.com\/site\/texas\/#\/schema\/person\/1ece9fdd47c6afcadfd7bc8a7fa85003","name":"Redacci\u00f3n NA-TN","image":{"@type":"ImageObject","inLanguage":"es","@id":"https:\/\/secure.gravatar.com\/avatar\/894ea7549dcb9c4eb89f2bce99ffa6e5ae58287ad75ae3f10fd38a111f9ffb9b?s=96&d=mm&r=g","url":"https:\/\/secure.gravatar.com\/avatar\/894ea7549dcb9c4eb89f2bce99ffa6e5ae58287ad75ae3f10fd38a111f9ffb9b?s=96&d=mm&r=g","contentUrl":"https:\/\/secure.gravatar.com\/avatar\/894ea7549dcb9c4eb89f2bce99ffa6e5ae58287ad75ae3f10fd38a111f9ffb9b?s=96&d=mm&r=g","caption":"Redacci\u00f3n NA-TN"},"url":"https:\/\/noti-america.com\/site\/texas\/author\/redacciontn\/"}]}},"_links":{"self":[{"href":"https:\/\/noti-america.com\/site\/texas\/wp-json\/wp\/v2\/posts\/13948","targetHints":{"allow":["GET"]}}],"collection":[{"href":"https:\/\/noti-america.com\/site\/texas\/wp-json\/wp\/v2\/posts"}],"about":[{"href":"https:\/\/noti-america.com\/site\/texas\/wp-json\/wp\/v2\/types\/post"}],"author":[{"embeddable":true,"href":"https:\/\/noti-america.com\/site\/texas\/wp-json\/wp\/v2\/users\/27"}],"replies":[{"embeddable":true,"href":"https:\/\/noti-america.com\/site\/texas\/wp-json\/wp\/v2\/comments?post=13948"}],"version-history":[{"count":1,"href":"https:\/\/noti-america.com\/site\/texas\/wp-json\/wp\/v2\/posts\/13948\/revisions"}],"predecessor-version":[{"id":13951,"href":"https:\/\/noti-america.com\/site\/texas\/wp-json\/wp\/v2\/posts\/13948\/revisions\/13951"}],"wp:featuredmedia":[{"embeddable":true,"href":"https:\/\/noti-america.com\/site\/texas\/wp-json\/wp\/v2\/media\/13949"}],"wp:attachment":[{"href":"https:\/\/noti-america.com\/site\/texas\/wp-json\/wp\/v2\/media?parent=13948"}],"wp:term":[{"taxonomy":"category","embeddable":true,"href":"https:\/\/noti-america.com\/site\/texas\/wp-json\/wp\/v2\/categories?post=13948"},{"taxonomy":"post_tag","embeddable":true,"href":"https:\/\/noti-america.com\/site\/texas\/wp-json\/wp\/v2\/tags?post=13948"}],"curies":[{"name":"wp","href":"https:\/\/api.w.org\/{rel}","templated":true}]}}