{"id":13645,"date":"2019-06-05T19:41:41","date_gmt":"2019-06-06T00:41:41","guid":{"rendered":"http:\/\/noti-america.com\/site\/us-tx\/?p=13645"},"modified":"2019-06-05T19:41:41","modified_gmt":"2019-06-06T00:41:41","slug":"texas-saldra-mas-afectado-corral","status":"publish","type":"post","link":"https:\/\/noti-america.com\/site\/texas\/2019\/06\/05\/texas-saldra-mas-afectado-corral\/","title":{"rendered":"Texas saldr\u00e1 m\u00e1s afectado: Corral"},"content":{"rendered":"<div id=\"titulo\" class=\"row mt-4\">\n<div>\n<h2 style=\"text-align: center;\"><\/h2>\n<\/div>\n<div class=\"col-12\">\n<h2 style=\"text-align: center;\"><span style=\"color: #000000;\">&#8216;De concretarse esta amenaza, generar\u00eda un enorme da\u00f1o a la econom\u00eda de ambos pa\u00edses&#8217;<\/span><\/h2>\n<div class=\"firma color_firma_nota\"><\/div>\n<\/div>\n<\/div>\n<div id=\"cuerpo_nota\" class=\"row\">\n<div class=\"col-12 col-md-8\">\n<div class=\"row mt-3\">\n<div class=\"col-12\"><img decoding=\"async\" class=\"i-amphtml-fill-content i-amphtml-replaced-content\" src=\"https:\/\/diario.mx\/v6\/media\/\/uploads\/galeria\/2019\/06\/03\/20190603100804603-0-1523377.jpg\" \/><\/div>\n<\/div>\n<div class=\"row justify-content-center\">\n<div class=\"col-8 mt-3\">\n<div id=\"st-1\" class=\"sharethis-inline-share-buttons st-center st-lang-es st-has-labels st-inline-share-buttons st-animated\">\n<div data-network=\"facebook\">\n<h5 style=\"text-align: center;\"><em><span style=\"color: #000000;\">Gobernador Javier Corral<\/span><\/em><\/h5>\n<\/div>\n<div class=\"st-btn st-remove-label\" data-network=\"twitter\"><\/div>\n<div class=\"st-btn st-remove-label\" data-network=\"whatsapp\"><img decoding=\"async\" src=\"https:\/\/platform-cdn.sharethis.com\/img\/whatsapp.svg\" \/><\/div>\n<div class=\"st-btn st-remove-label\" data-network=\"email\"><\/div>\n<div class=\"st-btn st-last st-remove-label\" data-network=\"sharethis\"><\/div>\n<\/div>\n<\/div>\n<\/div>\n<div class=\"row\">\n<div class=\"col-12 publicidad fondo_trasparente_publicidad pt-3\">\n<p><em><em><strong>Fuente: https:\/\/diario.mx \/ Javier Olmos<\/strong><\/em><\/em><\/p>\n<hr \/>\n<hr \/>\n<\/div>\n<div class=\"col-12 px-0 mt-4 parrafo_notas\">\n<p>&nbsp;<\/p>\n<h3><em><span style=\"color: #000000;\">El gobernador Javier Corral afirm\u00f3 que el estado vecino de Texas saldr\u00e1 m\u00e1s afectado que Chihuahua, de concretarse las advertencias del presidente Donald Trump de subir los aranceles a M\u00e9xico.<\/span><\/em><\/h3>\n<p>&nbsp;<\/p>\n<p>&nbsp;<\/p>\n<h4><span style=\"color: #000000;\">\u201cDe concretarse esta amenaza, generar\u00eda un enorme da\u00f1o a la econom\u00eda de ambos pa\u00edses. Nosotros que somos vecinos de Texas podr\u00edamos afirmar que afectar\u00eda m\u00e1s a Texas que a Chihuahua\u201d, dijo ayer de gira en Ju\u00e1rez.<\/span><\/h4>\n<h4><span style=\"color: #000000;\">\u201cS\u00f3lo hay que ver la balanza de pagos que tiene Texas con relaci\u00f3n a lo que genera en el intercambio con M\u00e9xico. Hay estados que dependen tambi\u00e9n de la econom\u00eda mexicana\u201d, expres\u00f3.<\/span><\/h4>\n<h4><span style=\"color: #000000;\">Se\u00f1al\u00f3 que la medida de Trump provocar\u00eda generar aranceles de este lado, y \u201cello llevar\u00eda a una guerra comercial que no es nada conveniente, que ser\u00eda desastrosa\u201d, manifest\u00f3.<\/span><\/h4>\n<h4><span style=\"color: #000000;\">Dijo que espera una rectificaci\u00f3n del presidente de Estados Unidos, pero tambi\u00e9n que los propios mecanismos de las instituciones mexicanas y del comercio mundial reaccionen.<\/span><\/h4>\n<h4><span style=\"color: #000000;\">Corral manifest\u00f3 que la medida tambi\u00e9n \u201cviolentar\u00eda no s\u00f3lo reglas del Tratado de Libre Comercio que sigue vigente hasta hoy, sino todo el acuerdo internacional de la organizaci\u00f3n mundial del comercio\u201d.<\/span><\/h4>\n<h4><\/h4>\n<\/div>\n<\/div>\n<\/div>\n<\/div>\n","protected":false},"excerpt":{"rendered":"<p>&#8216;De concretarse esta amenaza, generar\u00eda un enorme da\u00f1o a la econom\u00eda de ambos pa\u00edses&#8217; Gobernador Javier Corral Fuente: https:\/\/diario.mx \/ Javier Olmos &nbsp; El gobernador Javier Corral afirm\u00f3 que el estado vecino de Texas&#46;&#46;&#46;<\/p>\n","protected":false},"author":30,"featured_media":13646,"comment_status":"open","ping_status":"open","sticky":false,"template":"","format":"standard","meta":{"_acf_changed":false,"rop_custom_images_group":[],"rop_custom_messages_group":[],"rop_publish_now":"initial","rop_publish_now_accounts":{"twitter_242054905_242054905":""},"rop_publish_now_history":[],"rop_publish_now_status":"pending","footnotes":""},"categories":[1775,1774,3],"tags":[2387,209,80],"class_list":["post-13645","post","type-post","status-publish","format-standard","has-post-thumbnail","hentry","category-norteamerica","category-noticias","category-politica","tag-aranceles-mexico","tag-eeuu","tag-texas"],"acf":[],"yoast_head":"<!-- This site is optimized with the Yoast SEO Premium plugin v24.9 (Yoast SEO v27.2) - https:\/\/yoast.com\/product\/yoast-seo-premium-wordpress\/ -->\n<title>Texas saldr\u00e1 m\u00e1s afectado: Corral - Texas | Noti-America.com<\/title>\n<meta name=\"robots\" content=\"index, follow, max-snippet:-1, max-image-preview:large, max-video-preview:-1\" \/>\n<link rel=\"canonical\" href=\"https:\/\/noti-america.com\/site\/texas\/2019\/06\/05\/texas-saldra-mas-afectado-corral\/\" \/>\n<meta property=\"og:locale\" content=\"es_ES\" \/>\n<meta property=\"og:type\" content=\"article\" \/>\n<meta property=\"og:title\" content=\"Texas saldr\u00e1 m\u00e1s afectado: Corral\" \/>\n<meta property=\"og:description\" content=\"&#8216;De concretarse esta amenaza, generar\u00eda un enorme da\u00f1o a la econom\u00eda de ambos pa\u00edses&#8217; Gobernador Javier Corral Fuente: https:\/\/diario.mx \/ Javier Olmos &nbsp; El gobernador Javier Corral afirm\u00f3 que el estado vecino de Texas&#046;&#046;&#046;\" \/>\n<meta property=\"og:url\" content=\"https:\/\/noti-america.com\/site\/texas\/2019\/06\/05\/texas-saldra-mas-afectado-corral\/\" \/>\n<meta property=\"og:site_name\" content=\"Texas | Noti-America.com\" \/>\n<meta property=\"article:published_time\" content=\"2019-06-06T00:41:41+00:00\" \/>\n<meta property=\"og:image\" content=\"https:\/\/noti-america.com\/site\/texas\/wp-content\/uploads\/sites\/4\/2019\/06\/Texas-saldr\u00e1-m\u00e1s.jpg\" \/>\n\t<meta property=\"og:image:width\" content=\"980\" \/>\n\t<meta property=\"og:image:height\" content=\"617\" \/>\n\t<meta property=\"og:image:type\" content=\"image\/jpeg\" \/>\n<meta name=\"author\" content=\"Redacci\u00f3n NA-TX\" \/>\n<meta name=\"twitter:card\" content=\"summary_large_image\" \/>\n<meta name=\"twitter:label1\" content=\"Escrito por\" \/>\n\t<meta name=\"twitter:data1\" content=\"Redacci\u00f3n NA-TX\" \/>\n\t<meta name=\"twitter:label2\" content=\"Tiempo estimado de lectura\" \/>\n\t<meta name=\"twitter:data2\" content=\"1 minuto\" \/>\n<script type=\"application\/ld+json\" class=\"yoast-schema-graph\">{\"@context\":\"https:\/\/schema.org\",\"@graph\":[{\"@type\":\"Article\",\"@id\":\"https:\/\/noti-america.com\/site\/texas\/2019\/06\/05\/texas-saldra-mas-afectado-corral\/#article\",\"isPartOf\":{\"@id\":\"https:\/\/noti-america.com\/site\/texas\/2019\/06\/05\/texas-saldra-mas-afectado-corral\/\"},\"author\":{\"name\":\"Redacci\u00f3n NA-TX\",\"@id\":\"https:\/\/noti-america.com\/site\/texas\/#\/schema\/person\/ae305e0187703594d7e273941bdc7f76\"},\"headline\":\"Texas saldr\u00e1 m\u00e1s afectado: Corral\",\"datePublished\":\"2019-06-06T00:41:41+00:00\",\"mainEntityOfPage\":{\"@id\":\"https:\/\/noti-america.com\/site\/texas\/2019\/06\/05\/texas-saldra-mas-afectado-corral\/\"},\"wordCount\":243,\"commentCount\":0,\"publisher\":{\"@id\":\"https:\/\/noti-america.com\/site\/texas\/#organization\"},\"image\":{\"@id\":\"https:\/\/noti-america.com\/site\/texas\/2019\/06\/05\/texas-saldra-mas-afectado-corral\/#primaryimage\"},\"thumbnailUrl\":\"https:\/\/noti-america.com\/site\/texas\/wp-content\/uploads\/sites\/4\/2019\/06\/Texas-saldr\u00e1-m\u00e1s.jpg\",\"keywords\":[\"Aranceles. M\u00e9xico\",\"EEUU\",\"Texas\"],\"articleSection\":[\"Am\u00e9rica del Norte\",\"Noticias\",\"Pol\u00edtica\"],\"inLanguage\":\"es\",\"potentialAction\":[{\"@type\":\"CommentAction\",\"name\":\"Comment\",\"target\":[\"https:\/\/noti-america.com\/site\/texas\/2019\/06\/05\/texas-saldra-mas-afectado-corral\/#respond\"]}]},{\"@type\":\"WebPage\",\"@id\":\"https:\/\/noti-america.com\/site\/texas\/2019\/06\/05\/texas-saldra-mas-afectado-corral\/\",\"url\":\"https:\/\/noti-america.com\/site\/texas\/2019\/06\/05\/texas-saldra-mas-afectado-corral\/\",\"name\":\"Texas saldr\u00e1 m\u00e1s afectado: Corral - Texas | Noti-America.com\",\"isPartOf\":{\"@id\":\"https:\/\/noti-america.com\/site\/texas\/#website\"},\"primaryImageOfPage\":{\"@id\":\"https:\/\/noti-america.com\/site\/texas\/2019\/06\/05\/texas-saldra-mas-afectado-corral\/#primaryimage\"},\"image\":{\"@id\":\"https:\/\/noti-america.com\/site\/texas\/2019\/06\/05\/texas-saldra-mas-afectado-corral\/#primaryimage\"},\"thumbnailUrl\":\"https:\/\/noti-america.com\/site\/texas\/wp-content\/uploads\/sites\/4\/2019\/06\/Texas-saldr\u00e1-m\u00e1s.jpg\",\"datePublished\":\"2019-06-06T00:41:41+00:00\",\"breadcrumb\":{\"@id\":\"https:\/\/noti-america.com\/site\/texas\/2019\/06\/05\/texas-saldra-mas-afectado-corral\/#breadcrumb\"},\"inLanguage\":\"es\",\"potentialAction\":[{\"@type\":\"ReadAction\",\"target\":[\"https:\/\/noti-america.com\/site\/texas\/2019\/06\/05\/texas-saldra-mas-afectado-corral\/\"]}]},{\"@type\":\"ImageObject\",\"inLanguage\":\"es\",\"@id\":\"https:\/\/noti-america.com\/site\/texas\/2019\/06\/05\/texas-saldra-mas-afectado-corral\/#primaryimage\",\"url\":\"https:\/\/noti-america.com\/site\/texas\/wp-content\/uploads\/sites\/4\/2019\/06\/Texas-saldr\u00e1-m\u00e1s.jpg\",\"contentUrl\":\"https:\/\/noti-america.com\/site\/texas\/wp-content\/uploads\/sites\/4\/2019\/06\/Texas-saldr\u00e1-m\u00e1s.jpg\",\"width\":980,\"height\":617},{\"@type\":\"BreadcrumbList\",\"@id\":\"https:\/\/noti-america.com\/site\/texas\/2019\/06\/05\/texas-saldra-mas-afectado-corral\/#breadcrumb\",\"itemListElement\":[{\"@type\":\"ListItem\",\"position\":1,\"name\":\"Portada\",\"item\":\"https:\/\/noti-america.com\/site\/texas\/\"},{\"@type\":\"ListItem\",\"position\":2,\"name\":\"Texas saldr\u00e1 m\u00e1s afectado: Corral\"}]},{\"@type\":\"WebSite\",\"@id\":\"https:\/\/noti-america.com\/site\/texas\/#website\",\"url\":\"https:\/\/noti-america.com\/site\/texas\/\",\"name\":\"Texas | Noti-America.com\",\"description\":\"\",\"publisher\":{\"@id\":\"https:\/\/noti-america.com\/site\/texas\/#organization\"},\"potentialAction\":[{\"@type\":\"SearchAction\",\"target\":{\"@type\":\"EntryPoint\",\"urlTemplate\":\"https:\/\/noti-america.com\/site\/texas\/?s={search_term_string}\"},\"query-input\":{\"@type\":\"PropertyValueSpecification\",\"valueRequired\":true,\"valueName\":\"search_term_string\"}}],\"inLanguage\":\"es\"},{\"@type\":\"Organization\",\"@id\":\"https:\/\/noti-america.com\/site\/texas\/#organization\",\"name\":\"Noti-America LLC | Texas-USA\",\"url\":\"https:\/\/noti-america.com\/site\/texas\/\",\"logo\":{\"@type\":\"ImageObject\",\"inLanguage\":\"es\",\"@id\":\"https:\/\/noti-america.com\/site\/texas\/#\/schema\/logo\/image\/\",\"url\":\"https:\/\/noti-america.com\/site\/us-tx\/wp-content\/uploads\/sites\/4\/2020\/07\/LogoNA-4x3-1.jpg\",\"contentUrl\":\"https:\/\/noti-america.com\/site\/us-tx\/wp-content\/uploads\/sites\/4\/2020\/07\/LogoNA-4x3-1.jpg\",\"width\":1236,\"height\":1080,\"caption\":\"Noti-America LLC | Texas-USA\"},\"image\":{\"@id\":\"https:\/\/noti-america.com\/site\/texas\/#\/schema\/logo\/image\/\"}},{\"@type\":\"Person\",\"@id\":\"https:\/\/noti-america.com\/site\/texas\/#\/schema\/person\/ae305e0187703594d7e273941bdc7f76\",\"name\":\"Redacci\u00f3n NA-TX\",\"image\":{\"@type\":\"ImageObject\",\"inLanguage\":\"es\",\"@id\":\"https:\/\/secure.gravatar.com\/avatar\/1ede8345cc79df032062efa286d5b99b0e4e5bd13e51f7cb031f715a3a43b386?s=96&d=mm&r=g\",\"url\":\"https:\/\/secure.gravatar.com\/avatar\/1ede8345cc79df032062efa286d5b99b0e4e5bd13e51f7cb031f715a3a43b386?s=96&d=mm&r=g\",\"contentUrl\":\"https:\/\/secure.gravatar.com\/avatar\/1ede8345cc79df032062efa286d5b99b0e4e5bd13e51f7cb031f715a3a43b386?s=96&d=mm&r=g\",\"caption\":\"Redacci\u00f3n NA-TX\"},\"url\":\"https:\/\/noti-america.com\/site\/texas\/author\/redacciontx\/\"}]}<\/script>\n<!-- \/ Yoast SEO Premium plugin. -->","yoast_head_json":{"title":"Texas saldr\u00e1 m\u00e1s afectado: Corral - Texas | Noti-America.com","robots":{"index":"index","follow":"follow","max-snippet":"max-snippet:-1","max-image-preview":"max-image-preview:large","max-video-preview":"max-video-preview:-1"},"canonical":"https:\/\/noti-america.com\/site\/texas\/2019\/06\/05\/texas-saldra-mas-afectado-corral\/","og_locale":"es_ES","og_type":"article","og_title":"Texas saldr\u00e1 m\u00e1s afectado: Corral","og_description":"&#8216;De concretarse esta amenaza, generar\u00eda un enorme da\u00f1o a la econom\u00eda de ambos pa\u00edses&#8217; Gobernador Javier Corral Fuente: https:\/\/diario.mx \/ Javier Olmos &nbsp; El gobernador Javier Corral afirm\u00f3 que el estado vecino de Texas&#46;&#46;&#46;","og_url":"https:\/\/noti-america.com\/site\/texas\/2019\/06\/05\/texas-saldra-mas-afectado-corral\/","og_site_name":"Texas | Noti-America.com","article_published_time":"2019-06-06T00:41:41+00:00","og_image":[{"width":980,"height":617,"url":"https:\/\/noti-america.com\/site\/texas\/wp-content\/uploads\/sites\/4\/2019\/06\/Texas-saldr\u00e1-m\u00e1s.jpg","type":"image\/jpeg"}],"author":"Redacci\u00f3n NA-TX","twitter_card":"summary_large_image","twitter_misc":{"Escrito por":"Redacci\u00f3n NA-TX","Tiempo estimado de lectura":"1 minuto"},"schema":{"@context":"https:\/\/schema.org","@graph":[{"@type":"Article","@id":"https:\/\/noti-america.com\/site\/texas\/2019\/06\/05\/texas-saldra-mas-afectado-corral\/#article","isPartOf":{"@id":"https:\/\/noti-america.com\/site\/texas\/2019\/06\/05\/texas-saldra-mas-afectado-corral\/"},"author":{"name":"Redacci\u00f3n NA-TX","@id":"https:\/\/noti-america.com\/site\/texas\/#\/schema\/person\/ae305e0187703594d7e273941bdc7f76"},"headline":"Texas saldr\u00e1 m\u00e1s afectado: Corral","datePublished":"2019-06-06T00:41:41+00:00","mainEntityOfPage":{"@id":"https:\/\/noti-america.com\/site\/texas\/2019\/06\/05\/texas-saldra-mas-afectado-corral\/"},"wordCount":243,"commentCount":0,"publisher":{"@id":"https:\/\/noti-america.com\/site\/texas\/#organization"},"image":{"@id":"https:\/\/noti-america.com\/site\/texas\/2019\/06\/05\/texas-saldra-mas-afectado-corral\/#primaryimage"},"thumbnailUrl":"https:\/\/noti-america.com\/site\/texas\/wp-content\/uploads\/sites\/4\/2019\/06\/Texas-saldr\u00e1-m\u00e1s.jpg","keywords":["Aranceles. M\u00e9xico","EEUU","Texas"],"articleSection":["Am\u00e9rica del Norte","Noticias","Pol\u00edtica"],"inLanguage":"es","potentialAction":[{"@type":"CommentAction","name":"Comment","target":["https:\/\/noti-america.com\/site\/texas\/2019\/06\/05\/texas-saldra-mas-afectado-corral\/#respond"]}]},{"@type":"WebPage","@id":"https:\/\/noti-america.com\/site\/texas\/2019\/06\/05\/texas-saldra-mas-afectado-corral\/","url":"https:\/\/noti-america.com\/site\/texas\/2019\/06\/05\/texas-saldra-mas-afectado-corral\/","name":"Texas saldr\u00e1 m\u00e1s afectado: Corral - Texas | Noti-America.com","isPartOf":{"@id":"https:\/\/noti-america.com\/site\/texas\/#website"},"primaryImageOfPage":{"@id":"https:\/\/noti-america.com\/site\/texas\/2019\/06\/05\/texas-saldra-mas-afectado-corral\/#primaryimage"},"image":{"@id":"https:\/\/noti-america.com\/site\/texas\/2019\/06\/05\/texas-saldra-mas-afectado-corral\/#primaryimage"},"thumbnailUrl":"https:\/\/noti-america.com\/site\/texas\/wp-content\/uploads\/sites\/4\/2019\/06\/Texas-saldr\u00e1-m\u00e1s.jpg","datePublished":"2019-06-06T00:41:41+00:00","breadcrumb":{"@id":"https:\/\/noti-america.com\/site\/texas\/2019\/06\/05\/texas-saldra-mas-afectado-corral\/#breadcrumb"},"inLanguage":"es","potentialAction":[{"@type":"ReadAction","target":["https:\/\/noti-america.com\/site\/texas\/2019\/06\/05\/texas-saldra-mas-afectado-corral\/"]}]},{"@type":"ImageObject","inLanguage":"es","@id":"https:\/\/noti-america.com\/site\/texas\/2019\/06\/05\/texas-saldra-mas-afectado-corral\/#primaryimage","url":"https:\/\/noti-america.com\/site\/texas\/wp-content\/uploads\/sites\/4\/2019\/06\/Texas-saldr\u00e1-m\u00e1s.jpg","contentUrl":"https:\/\/noti-america.com\/site\/texas\/wp-content\/uploads\/sites\/4\/2019\/06\/Texas-saldr\u00e1-m\u00e1s.jpg","width":980,"height":617},{"@type":"BreadcrumbList","@id":"https:\/\/noti-america.com\/site\/texas\/2019\/06\/05\/texas-saldra-mas-afectado-corral\/#breadcrumb","itemListElement":[{"@type":"ListItem","position":1,"name":"Portada","item":"https:\/\/noti-america.com\/site\/texas\/"},{"@type":"ListItem","position":2,"name":"Texas saldr\u00e1 m\u00e1s afectado: Corral"}]},{"@type":"WebSite","@id":"https:\/\/noti-america.com\/site\/texas\/#website","url":"https:\/\/noti-america.com\/site\/texas\/","name":"Texas | Noti-America.com","description":"","publisher":{"@id":"https:\/\/noti-america.com\/site\/texas\/#organization"},"potentialAction":[{"@type":"SearchAction","target":{"@type":"EntryPoint","urlTemplate":"https:\/\/noti-america.com\/site\/texas\/?s={search_term_string}"},"query-input":{"@type":"PropertyValueSpecification","valueRequired":true,"valueName":"search_term_string"}}],"inLanguage":"es"},{"@type":"Organization","@id":"https:\/\/noti-america.com\/site\/texas\/#organization","name":"Noti-America LLC | Texas-USA","url":"https:\/\/noti-america.com\/site\/texas\/","logo":{"@type":"ImageObject","inLanguage":"es","@id":"https:\/\/noti-america.com\/site\/texas\/#\/schema\/logo\/image\/","url":"https:\/\/noti-america.com\/site\/us-tx\/wp-content\/uploads\/sites\/4\/2020\/07\/LogoNA-4x3-1.jpg","contentUrl":"https:\/\/noti-america.com\/site\/us-tx\/wp-content\/uploads\/sites\/4\/2020\/07\/LogoNA-4x3-1.jpg","width":1236,"height":1080,"caption":"Noti-America LLC | Texas-USA"},"image":{"@id":"https:\/\/noti-america.com\/site\/texas\/#\/schema\/logo\/image\/"}},{"@type":"Person","@id":"https:\/\/noti-america.com\/site\/texas\/#\/schema\/person\/ae305e0187703594d7e273941bdc7f76","name":"Redacci\u00f3n NA-TX","image":{"@type":"ImageObject","inLanguage":"es","@id":"https:\/\/secure.gravatar.com\/avatar\/1ede8345cc79df032062efa286d5b99b0e4e5bd13e51f7cb031f715a3a43b386?s=96&d=mm&r=g","url":"https:\/\/secure.gravatar.com\/avatar\/1ede8345cc79df032062efa286d5b99b0e4e5bd13e51f7cb031f715a3a43b386?s=96&d=mm&r=g","contentUrl":"https:\/\/secure.gravatar.com\/avatar\/1ede8345cc79df032062efa286d5b99b0e4e5bd13e51f7cb031f715a3a43b386?s=96&d=mm&r=g","caption":"Redacci\u00f3n NA-TX"},"url":"https:\/\/noti-america.com\/site\/texas\/author\/redacciontx\/"}]}},"_links":{"self":[{"href":"https:\/\/noti-america.com\/site\/texas\/wp-json\/wp\/v2\/posts\/13645","targetHints":{"allow":["GET"]}}],"collection":[{"href":"https:\/\/noti-america.com\/site\/texas\/wp-json\/wp\/v2\/posts"}],"about":[{"href":"https:\/\/noti-america.com\/site\/texas\/wp-json\/wp\/v2\/types\/post"}],"author":[{"embeddable":true,"href":"https:\/\/noti-america.com\/site\/texas\/wp-json\/wp\/v2\/users\/30"}],"replies":[{"embeddable":true,"href":"https:\/\/noti-america.com\/site\/texas\/wp-json\/wp\/v2\/comments?post=13645"}],"version-history":[{"count":2,"href":"https:\/\/noti-america.com\/site\/texas\/wp-json\/wp\/v2\/posts\/13645\/revisions"}],"predecessor-version":[{"id":13658,"href":"https:\/\/noti-america.com\/site\/texas\/wp-json\/wp\/v2\/posts\/13645\/revisions\/13658"}],"wp:featuredmedia":[{"embeddable":true,"href":"https:\/\/noti-america.com\/site\/texas\/wp-json\/wp\/v2\/media\/13646"}],"wp:attachment":[{"href":"https:\/\/noti-america.com\/site\/texas\/wp-json\/wp\/v2\/media?parent=13645"}],"wp:term":[{"taxonomy":"category","embeddable":true,"href":"https:\/\/noti-america.com\/site\/texas\/wp-json\/wp\/v2\/categories?post=13645"},{"taxonomy":"post_tag","embeddable":true,"href":"https:\/\/noti-america.com\/site\/texas\/wp-json\/wp\/v2\/tags?post=13645"}],"curies":[{"name":"wp","href":"https:\/\/api.w.org\/{rel}","templated":true}]}}