{"id":13521,"date":"2019-05-28T06:49:48","date_gmt":"2019-05-28T11:49:48","guid":{"rendered":"http:\/\/noti-america.com\/site\/us-tx\/?p=13521"},"modified":"2019-05-28T06:49:48","modified_gmt":"2019-05-28T11:49:48","slug":"eeuu-y-japon-deciden-acelerar-sus-negociaciones-sobre-su-acuerdo-comercial","status":"publish","type":"post","link":"https:\/\/noti-america.com\/site\/texas\/2019\/05\/28\/eeuu-y-japon-deciden-acelerar-sus-negociaciones-sobre-su-acuerdo-comercial\/","title":{"rendered":"EEUU y Jap\u00f3n deciden acelerar sus negociaciones sobre su acuerdo comercial"},"content":{"rendered":"<header class=\"nav-down\">\n<h2 style=\"text-align: center;\">Estados Unidos y Jap\u00f3n decidieron este lunes acelerar sus negociaciones para llegar a un nuevo acuerdo comercial bilateral, inform\u00f3 hoy el primer ministro de Jap\u00f3n, Shinzo Abe.<\/h2>\n<section class=\"cp-tools md cf \">\n<div class=\"md-social md cl\">\n<p>&nbsp;<\/p>\n<\/div>\n<\/section>\n<div>\n<figure><span style=\"color: #000000;\"><img loading=\"lazy\" decoding=\"async\" class=\"aligncenter\" src=\"https:\/\/www.eldiario.es\/politica\/Trump-anticipa-posible-comercial-Japon_EDIIMA20190527_0526_4.jpg\" alt=\"Trump anticipa un posible acuerdo comercial con Jap\u00f3n en agosto\" width=\"643\" height=\"362\" \/><\/span><figcaption>\n<h5 style=\"text-align: center;\"><em><span style=\"color: #000000;\">Trump anticipa un posible acuerdo comercial con Jap\u00f3n en agosto<\/span><\/em><\/h5>\n<\/figcaption><\/figure>\n<\/div>\n<\/header>\n<div class=\"pg-body\">\n<div id=\"edi-body\" class=\"mce-body mce no-sticky-adv-socios\">\n<div id=\"SMIntext-effective-1559008175805\" class=\"SMIntext-effective SMIntext-effective-6619fbaf-4de7-41ba-ad72-4d7020fbdf16 desktop\"><\/div>\n<div id=\"SMIntext-reference-1559008175805\" class=\"SMIntext-reference SMIntext-reference-6619fbaf-4de7-41ba-ad72-4d7020fbdf16 desktop\"><\/div>\n<div id=\"SMIntext-clearfix-1559008175805\" class=\"SMIntext-clearfix SMIntext-clearfix-6619fbaf-4de7-41ba-ad72-4d7020fbdf16 desktop\"><\/div>\n<p class=\"mce\"><em><strong>Fuente: https:\/\/www.eldiario.es<\/strong><\/em><\/p>\n<hr \/>\n<hr \/>\n<p>&nbsp;<\/p>\n<h3><em><span style=\"color: #000000;\">Jap\u00f3n y EEUU cerraron su m\u00e1s reciente ronda de negociaciones el pasado s\u00e1bado, en Tokio, con delegaciones encabezadas por el ministro de Revitalizaci\u00f3n Econ\u00f3mica de Jap\u00f3n, Toshimitsu Motegui, y por el negociador comercial de EEUU, Robert Lighthizer.<\/span><\/em><\/h3>\n<p>&nbsp;<\/p>\n<section id=\"edi-ad-slot-intext\" class=\"md-advertisement md hspace no-adv-socios\" role=\"marquee\" data-google-query-id=\"CLrVoIKOveICFQJ8wQod9QAIWg\">\n<div id=\"google_ads_iframe_\/123333327\/eldiario.es\/noticia_intext_0__container__\"><\/div>\n<\/section>\n<h4><span style=\"color: #000000;\">Exist\u00eda la posibilidad de que este acuerdo pudiera cerrarse durante la visita oficial a Jap\u00f3n que comenz\u00f3 este s\u00e1bado el presidente de EEUU, Donald Trump, pero la \u00faltima reuni\u00f3n se levant\u00f3 con puntos pendientes por resolver.<\/span><\/h4>\n<h4><span style=\"color: #000000;\">\u00abHoy hemos acordado acelerar estas conversaciones a nivel ministerial\u00bb, afirm\u00f3 Abe en una rueda de prensa que comparti\u00f3 con Trump en el palacio de Akasaka, residencia de gobernantes extranjeros que llegan a Jap\u00f3n de visita oficial.<\/span><\/h4>\n<h4><span style=\"color: #000000;\">Seg\u00fan el gobernante de Jap\u00f3n, ese acuerdo debe representar ventajas para los dos pa\u00edses, pero evit\u00f3 precisar las fechas en las que podr\u00eda estar listo.<\/span><\/h4>\n<h4><span style=\"color: #000000;\">En una declaraci\u00f3n a los periodistas previa, Trump hab\u00eda apuntado agosto como el mes para concluir este acuerdo comercial. \u00abCreo que estaremos anunciando algunas cosas importantes probablemente en agosto, que ser\u00e1n buenas para ambos pa\u00edses\u00bb, dijo Trump.<\/span><\/h4>\n<h4><span style=\"color: #000000;\">Y el domingo, en un mensaje por Twitter, Trump se\u00f1al\u00f3 que el acuerdo podr\u00eda ser cerrado despu\u00e9s de las elecciones que tendr\u00e1 Jap\u00f3n en julio pr\u00f3ximo para renovar parcialmente la c\u00e1mara alta de la Dieta (Parlamento).<\/span><\/h4>\n<h4><span style=\"color: #000000;\">En cambio, durante la rueda de prensa que comparti\u00f3 con Abe, Trump esquiv\u00f3 esos plazos, y s\u00f3lo se\u00f1al\u00f3 que esperaba que se pudiera anunciar \u00abmuy pronto\u00bb el acuerdo comercial que est\u00e1n buscando los dos pa\u00edses.<\/span><\/h4>\n<h4><span style=\"color: #000000;\">Al comparecer ante los periodistas, Trump insisti\u00f3 en el punto que ha venido reiterando desde que lleg\u00f3 a Tokio sobre los \u00abdesequilibrios\u00bb que existen en el intercambio comercial entre Estados Unidos y Jap\u00f3n, que es favorable a los nipones.<\/span><\/h4>\n<h4><span style=\"color: #000000;\">Al cierre de 2018, seg\u00fan datos oficiales nipones, Jap\u00f3n tuvo un super\u00e1vit comercial con Estados Unidos de 6,46 billones de yenes (52.655 millones de euros\/58.946 millones de d\u00f3lares al cambio de hoy).<\/span><\/h4>\n<h4><span style=\"color: #000000;\">Ese super\u00e1vit, sin embargo, se redujo un 8,1 % respecto a las cifras de 2017. Estados Unidos es el segundo socio comercial de Jap\u00f3n, despu\u00e9s de China.<\/span><\/h4>\n<h4><span style=\"color: #000000;\">\u00abEstados Unidos y Jap\u00f3n est\u00e1n trabajando para mejorar sus relaciones econ\u00f3micas basadas en los principios de equidad y reciprocidad\u00bb, dijo Trump en una declaraci\u00f3n que ley\u00f3 antes de la rueda de prensa.<\/span><\/h4>\n<h4><span style=\"color: #000000;\">Seg\u00fan el gobernante estadounidense, las dos naciones necesitan reducir el super\u00e1vit comercial nip\u00f3n, eliminar barreras arancelarias y de otro tipo.<\/span><\/h4>\n<h4><span style=\"color: #000000;\">En las negociaciones que llevan a cabo Tokio y Washington, Estados Unidos est\u00e1 buscando un acceso mayor al mercado japon\u00e9s en productos como el trigo y la carne de res y de cerdo.<\/span><\/h4>\n<h4><span style=\"color: #000000;\">Jap\u00f3n est\u00e1 ampliando sus mercados en esos sectores con productos procedentes de Australia o Nueva Zelanda gracias al acuerdo transpac\u00edfico conocido por las siglas TPP, suscrito inicialmente por EEUU y del que la Administraci\u00f3n de Donald Trump decidi\u00f3 retirarse.<\/span><\/h4>\n<h4><span style=\"color: #000000;\">El gobierno de Tokio, por su parte, est\u00e1 pidiendo que se rebajen los aranceles estadounidenses a los productos industriales nipones, incluyendo los veh\u00edculos, una de sus principales exportaciones a ese pa\u00eds.<\/span><\/h4>\n<\/div>\n<\/div>\n","protected":false},"excerpt":{"rendered":"<p>Estados Unidos y Jap\u00f3n decidieron este lunes acelerar sus negociaciones para llegar a un nuevo acuerdo comercial bilateral, inform\u00f3 hoy el primer ministro de Jap\u00f3n, Shinzo Abe. &nbsp; Trump anticipa un posible acuerdo comercial&#46;&#46;&#46;<\/p>\n","protected":false},"author":30,"featured_media":13522,"comment_status":"open","ping_status":"open","sticky":false,"template":"","format":"standard","meta":{"_acf_changed":false,"rop_custom_images_group":[],"rop_custom_messages_group":[],"rop_publish_now":"initial","rop_publish_now_accounts":{"twitter_242054905_242054905":""},"rop_publish_now_history":[],"rop_publish_now_status":"pending","footnotes":""},"categories":[1775,1774,3],"tags":[1036,2323,2322,2264],"class_list":["post-13521","post","type-post","status-publish","format-standard","has-post-thumbnail","hentry","category-norteamerica","category-noticias","category-politica","tag-acuerdo-comercial","tag-deciden-acelerar","tag-eeuu-y-japon","tag-negociaciones"],"acf":[],"yoast_head":"<!-- This site is optimized with the Yoast SEO Premium plugin v24.9 (Yoast SEO v27.2) - https:\/\/yoast.com\/product\/yoast-seo-premium-wordpress\/ -->\n<title>EEUU y Jap\u00f3n deciden acelerar sus negociaciones sobre su acuerdo comercial - Texas | Noti-America.com<\/title>\n<meta name=\"robots\" content=\"index, follow, max-snippet:-1, max-image-preview:large, max-video-preview:-1\" \/>\n<link rel=\"canonical\" href=\"https:\/\/noti-america.com\/site\/texas\/2019\/05\/28\/eeuu-y-japon-deciden-acelerar-sus-negociaciones-sobre-su-acuerdo-comercial\/\" \/>\n<meta property=\"og:locale\" content=\"es_ES\" \/>\n<meta property=\"og:type\" content=\"article\" \/>\n<meta property=\"og:title\" content=\"EEUU y Jap\u00f3n deciden acelerar sus negociaciones sobre su acuerdo comercial\" \/>\n<meta property=\"og:description\" content=\"Estados Unidos y Jap\u00f3n decidieron este lunes acelerar sus negociaciones para llegar a un nuevo acuerdo comercial bilateral, inform\u00f3 hoy el primer ministro de Jap\u00f3n, Shinzo Abe. &nbsp; Trump anticipa un posible acuerdo comercial&#046;&#046;&#046;\" \/>\n<meta property=\"og:url\" content=\"https:\/\/noti-america.com\/site\/texas\/2019\/05\/28\/eeuu-y-japon-deciden-acelerar-sus-negociaciones-sobre-su-acuerdo-comercial\/\" \/>\n<meta property=\"og:site_name\" content=\"Texas | Noti-America.com\" \/>\n<meta property=\"article:published_time\" content=\"2019-05-28T11:49:48+00:00\" \/>\n<meta property=\"og:image\" content=\"https:\/\/noti-america.com\/site\/texas\/wp-content\/uploads\/sites\/4\/2019\/05\/EEUU-y-Jap\u00f3n-deciden-acelerar.jpg\" \/>\n\t<meta property=\"og:image:width\" content=\"643\" \/>\n\t<meta property=\"og:image:height\" content=\"362\" \/>\n\t<meta property=\"og:image:type\" content=\"image\/jpeg\" \/>\n<meta name=\"author\" content=\"Redacci\u00f3n NA-TX\" \/>\n<meta name=\"twitter:card\" content=\"summary_large_image\" \/>\n<meta name=\"twitter:label1\" content=\"Escrito por\" \/>\n\t<meta name=\"twitter:data1\" content=\"Redacci\u00f3n NA-TX\" \/>\n\t<meta name=\"twitter:label2\" content=\"Tiempo estimado de lectura\" \/>\n\t<meta name=\"twitter:data2\" content=\"3 minutos\" \/>\n<script type=\"application\/ld+json\" class=\"yoast-schema-graph\">{\"@context\":\"https:\/\/schema.org\",\"@graph\":[{\"@type\":\"Article\",\"@id\":\"https:\/\/noti-america.com\/site\/texas\/2019\/05\/28\/eeuu-y-japon-deciden-acelerar-sus-negociaciones-sobre-su-acuerdo-comercial\/#article\",\"isPartOf\":{\"@id\":\"https:\/\/noti-america.com\/site\/texas\/2019\/05\/28\/eeuu-y-japon-deciden-acelerar-sus-negociaciones-sobre-su-acuerdo-comercial\/\"},\"author\":{\"name\":\"Redacci\u00f3n NA-TX\",\"@id\":\"https:\/\/noti-america.com\/site\/texas\/#\/schema\/person\/ae305e0187703594d7e273941bdc7f76\"},\"headline\":\"EEUU y Jap\u00f3n deciden acelerar sus negociaciones sobre su acuerdo comercial\",\"datePublished\":\"2019-05-28T11:49:48+00:00\",\"mainEntityOfPage\":{\"@id\":\"https:\/\/noti-america.com\/site\/texas\/2019\/05\/28\/eeuu-y-japon-deciden-acelerar-sus-negociaciones-sobre-su-acuerdo-comercial\/\"},\"wordCount\":599,\"commentCount\":0,\"publisher\":{\"@id\":\"https:\/\/noti-america.com\/site\/texas\/#organization\"},\"image\":{\"@id\":\"https:\/\/noti-america.com\/site\/texas\/2019\/05\/28\/eeuu-y-japon-deciden-acelerar-sus-negociaciones-sobre-su-acuerdo-comercial\/#primaryimage\"},\"thumbnailUrl\":\"https:\/\/noti-america.com\/site\/texas\/wp-content\/uploads\/sites\/4\/2019\/05\/EEUU-y-Jap\u00f3n-deciden-acelerar.jpg\",\"keywords\":[\"Acuerdo Comercial\",\"deciden acelerar\",\"EEUU y Jap\u00f3n\",\"negociaciones\"],\"articleSection\":[\"Am\u00e9rica del Norte\",\"Noticias\",\"Pol\u00edtica\"],\"inLanguage\":\"es\",\"potentialAction\":[{\"@type\":\"CommentAction\",\"name\":\"Comment\",\"target\":[\"https:\/\/noti-america.com\/site\/texas\/2019\/05\/28\/eeuu-y-japon-deciden-acelerar-sus-negociaciones-sobre-su-acuerdo-comercial\/#respond\"]}]},{\"@type\":\"WebPage\",\"@id\":\"https:\/\/noti-america.com\/site\/texas\/2019\/05\/28\/eeuu-y-japon-deciden-acelerar-sus-negociaciones-sobre-su-acuerdo-comercial\/\",\"url\":\"https:\/\/noti-america.com\/site\/texas\/2019\/05\/28\/eeuu-y-japon-deciden-acelerar-sus-negociaciones-sobre-su-acuerdo-comercial\/\",\"name\":\"EEUU y Jap\u00f3n deciden acelerar sus negociaciones sobre su acuerdo comercial - Texas | Noti-America.com\",\"isPartOf\":{\"@id\":\"https:\/\/noti-america.com\/site\/texas\/#website\"},\"primaryImageOfPage\":{\"@id\":\"https:\/\/noti-america.com\/site\/texas\/2019\/05\/28\/eeuu-y-japon-deciden-acelerar-sus-negociaciones-sobre-su-acuerdo-comercial\/#primaryimage\"},\"image\":{\"@id\":\"https:\/\/noti-america.com\/site\/texas\/2019\/05\/28\/eeuu-y-japon-deciden-acelerar-sus-negociaciones-sobre-su-acuerdo-comercial\/#primaryimage\"},\"thumbnailUrl\":\"https:\/\/noti-america.com\/site\/texas\/wp-content\/uploads\/sites\/4\/2019\/05\/EEUU-y-Jap\u00f3n-deciden-acelerar.jpg\",\"datePublished\":\"2019-05-28T11:49:48+00:00\",\"breadcrumb\":{\"@id\":\"https:\/\/noti-america.com\/site\/texas\/2019\/05\/28\/eeuu-y-japon-deciden-acelerar-sus-negociaciones-sobre-su-acuerdo-comercial\/#breadcrumb\"},\"inLanguage\":\"es\",\"potentialAction\":[{\"@type\":\"ReadAction\",\"target\":[\"https:\/\/noti-america.com\/site\/texas\/2019\/05\/28\/eeuu-y-japon-deciden-acelerar-sus-negociaciones-sobre-su-acuerdo-comercial\/\"]}]},{\"@type\":\"ImageObject\",\"inLanguage\":\"es\",\"@id\":\"https:\/\/noti-america.com\/site\/texas\/2019\/05\/28\/eeuu-y-japon-deciden-acelerar-sus-negociaciones-sobre-su-acuerdo-comercial\/#primaryimage\",\"url\":\"https:\/\/noti-america.com\/site\/texas\/wp-content\/uploads\/sites\/4\/2019\/05\/EEUU-y-Jap\u00f3n-deciden-acelerar.jpg\",\"contentUrl\":\"https:\/\/noti-america.com\/site\/texas\/wp-content\/uploads\/sites\/4\/2019\/05\/EEUU-y-Jap\u00f3n-deciden-acelerar.jpg\",\"width\":643,\"height\":362},{\"@type\":\"BreadcrumbList\",\"@id\":\"https:\/\/noti-america.com\/site\/texas\/2019\/05\/28\/eeuu-y-japon-deciden-acelerar-sus-negociaciones-sobre-su-acuerdo-comercial\/#breadcrumb\",\"itemListElement\":[{\"@type\":\"ListItem\",\"position\":1,\"name\":\"Portada\",\"item\":\"https:\/\/noti-america.com\/site\/texas\/\"},{\"@type\":\"ListItem\",\"position\":2,\"name\":\"EEUU y Jap\u00f3n deciden acelerar sus negociaciones sobre su acuerdo comercial\"}]},{\"@type\":\"WebSite\",\"@id\":\"https:\/\/noti-america.com\/site\/texas\/#website\",\"url\":\"https:\/\/noti-america.com\/site\/texas\/\",\"name\":\"Texas | Noti-America.com\",\"description\":\"\",\"publisher\":{\"@id\":\"https:\/\/noti-america.com\/site\/texas\/#organization\"},\"potentialAction\":[{\"@type\":\"SearchAction\",\"target\":{\"@type\":\"EntryPoint\",\"urlTemplate\":\"https:\/\/noti-america.com\/site\/texas\/?s={search_term_string}\"},\"query-input\":{\"@type\":\"PropertyValueSpecification\",\"valueRequired\":true,\"valueName\":\"search_term_string\"}}],\"inLanguage\":\"es\"},{\"@type\":\"Organization\",\"@id\":\"https:\/\/noti-america.com\/site\/texas\/#organization\",\"name\":\"Noti-America LLC | Texas-USA\",\"url\":\"https:\/\/noti-america.com\/site\/texas\/\",\"logo\":{\"@type\":\"ImageObject\",\"inLanguage\":\"es\",\"@id\":\"https:\/\/noti-america.com\/site\/texas\/#\/schema\/logo\/image\/\",\"url\":\"https:\/\/noti-america.com\/site\/us-tx\/wp-content\/uploads\/sites\/4\/2020\/07\/LogoNA-4x3-1.jpg\",\"contentUrl\":\"https:\/\/noti-america.com\/site\/us-tx\/wp-content\/uploads\/sites\/4\/2020\/07\/LogoNA-4x3-1.jpg\",\"width\":1236,\"height\":1080,\"caption\":\"Noti-America LLC | Texas-USA\"},\"image\":{\"@id\":\"https:\/\/noti-america.com\/site\/texas\/#\/schema\/logo\/image\/\"}},{\"@type\":\"Person\",\"@id\":\"https:\/\/noti-america.com\/site\/texas\/#\/schema\/person\/ae305e0187703594d7e273941bdc7f76\",\"name\":\"Redacci\u00f3n NA-TX\",\"image\":{\"@type\":\"ImageObject\",\"inLanguage\":\"es\",\"@id\":\"https:\/\/secure.gravatar.com\/avatar\/1ede8345cc79df032062efa286d5b99b0e4e5bd13e51f7cb031f715a3a43b386?s=96&d=mm&r=g\",\"url\":\"https:\/\/secure.gravatar.com\/avatar\/1ede8345cc79df032062efa286d5b99b0e4e5bd13e51f7cb031f715a3a43b386?s=96&d=mm&r=g\",\"contentUrl\":\"https:\/\/secure.gravatar.com\/avatar\/1ede8345cc79df032062efa286d5b99b0e4e5bd13e51f7cb031f715a3a43b386?s=96&d=mm&r=g\",\"caption\":\"Redacci\u00f3n NA-TX\"},\"url\":\"https:\/\/noti-america.com\/site\/texas\/author\/redacciontx\/\"}]}<\/script>\n<!-- \/ Yoast SEO Premium plugin. -->","yoast_head_json":{"title":"EEUU y Jap\u00f3n deciden acelerar sus negociaciones sobre su acuerdo comercial - Texas | Noti-America.com","robots":{"index":"index","follow":"follow","max-snippet":"max-snippet:-1","max-image-preview":"max-image-preview:large","max-video-preview":"max-video-preview:-1"},"canonical":"https:\/\/noti-america.com\/site\/texas\/2019\/05\/28\/eeuu-y-japon-deciden-acelerar-sus-negociaciones-sobre-su-acuerdo-comercial\/","og_locale":"es_ES","og_type":"article","og_title":"EEUU y Jap\u00f3n deciden acelerar sus negociaciones sobre su acuerdo comercial","og_description":"Estados Unidos y Jap\u00f3n decidieron este lunes acelerar sus negociaciones para llegar a un nuevo acuerdo comercial bilateral, inform\u00f3 hoy el primer ministro de Jap\u00f3n, Shinzo Abe. &nbsp; Trump anticipa un posible acuerdo comercial&#46;&#46;&#46;","og_url":"https:\/\/noti-america.com\/site\/texas\/2019\/05\/28\/eeuu-y-japon-deciden-acelerar-sus-negociaciones-sobre-su-acuerdo-comercial\/","og_site_name":"Texas | Noti-America.com","article_published_time":"2019-05-28T11:49:48+00:00","og_image":[{"width":643,"height":362,"url":"https:\/\/noti-america.com\/site\/texas\/wp-content\/uploads\/sites\/4\/2019\/05\/EEUU-y-Jap\u00f3n-deciden-acelerar.jpg","type":"image\/jpeg"}],"author":"Redacci\u00f3n NA-TX","twitter_card":"summary_large_image","twitter_misc":{"Escrito por":"Redacci\u00f3n NA-TX","Tiempo estimado de lectura":"3 minutos"},"schema":{"@context":"https:\/\/schema.org","@graph":[{"@type":"Article","@id":"https:\/\/noti-america.com\/site\/texas\/2019\/05\/28\/eeuu-y-japon-deciden-acelerar-sus-negociaciones-sobre-su-acuerdo-comercial\/#article","isPartOf":{"@id":"https:\/\/noti-america.com\/site\/texas\/2019\/05\/28\/eeuu-y-japon-deciden-acelerar-sus-negociaciones-sobre-su-acuerdo-comercial\/"},"author":{"name":"Redacci\u00f3n NA-TX","@id":"https:\/\/noti-america.com\/site\/texas\/#\/schema\/person\/ae305e0187703594d7e273941bdc7f76"},"headline":"EEUU y Jap\u00f3n deciden acelerar sus negociaciones sobre su acuerdo comercial","datePublished":"2019-05-28T11:49:48+00:00","mainEntityOfPage":{"@id":"https:\/\/noti-america.com\/site\/texas\/2019\/05\/28\/eeuu-y-japon-deciden-acelerar-sus-negociaciones-sobre-su-acuerdo-comercial\/"},"wordCount":599,"commentCount":0,"publisher":{"@id":"https:\/\/noti-america.com\/site\/texas\/#organization"},"image":{"@id":"https:\/\/noti-america.com\/site\/texas\/2019\/05\/28\/eeuu-y-japon-deciden-acelerar-sus-negociaciones-sobre-su-acuerdo-comercial\/#primaryimage"},"thumbnailUrl":"https:\/\/noti-america.com\/site\/texas\/wp-content\/uploads\/sites\/4\/2019\/05\/EEUU-y-Jap\u00f3n-deciden-acelerar.jpg","keywords":["Acuerdo Comercial","deciden acelerar","EEUU y Jap\u00f3n","negociaciones"],"articleSection":["Am\u00e9rica del Norte","Noticias","Pol\u00edtica"],"inLanguage":"es","potentialAction":[{"@type":"CommentAction","name":"Comment","target":["https:\/\/noti-america.com\/site\/texas\/2019\/05\/28\/eeuu-y-japon-deciden-acelerar-sus-negociaciones-sobre-su-acuerdo-comercial\/#respond"]}]},{"@type":"WebPage","@id":"https:\/\/noti-america.com\/site\/texas\/2019\/05\/28\/eeuu-y-japon-deciden-acelerar-sus-negociaciones-sobre-su-acuerdo-comercial\/","url":"https:\/\/noti-america.com\/site\/texas\/2019\/05\/28\/eeuu-y-japon-deciden-acelerar-sus-negociaciones-sobre-su-acuerdo-comercial\/","name":"EEUU y Jap\u00f3n deciden acelerar sus negociaciones sobre su acuerdo comercial - Texas | Noti-America.com","isPartOf":{"@id":"https:\/\/noti-america.com\/site\/texas\/#website"},"primaryImageOfPage":{"@id":"https:\/\/noti-america.com\/site\/texas\/2019\/05\/28\/eeuu-y-japon-deciden-acelerar-sus-negociaciones-sobre-su-acuerdo-comercial\/#primaryimage"},"image":{"@id":"https:\/\/noti-america.com\/site\/texas\/2019\/05\/28\/eeuu-y-japon-deciden-acelerar-sus-negociaciones-sobre-su-acuerdo-comercial\/#primaryimage"},"thumbnailUrl":"https:\/\/noti-america.com\/site\/texas\/wp-content\/uploads\/sites\/4\/2019\/05\/EEUU-y-Jap\u00f3n-deciden-acelerar.jpg","datePublished":"2019-05-28T11:49:48+00:00","breadcrumb":{"@id":"https:\/\/noti-america.com\/site\/texas\/2019\/05\/28\/eeuu-y-japon-deciden-acelerar-sus-negociaciones-sobre-su-acuerdo-comercial\/#breadcrumb"},"inLanguage":"es","potentialAction":[{"@type":"ReadAction","target":["https:\/\/noti-america.com\/site\/texas\/2019\/05\/28\/eeuu-y-japon-deciden-acelerar-sus-negociaciones-sobre-su-acuerdo-comercial\/"]}]},{"@type":"ImageObject","inLanguage":"es","@id":"https:\/\/noti-america.com\/site\/texas\/2019\/05\/28\/eeuu-y-japon-deciden-acelerar-sus-negociaciones-sobre-su-acuerdo-comercial\/#primaryimage","url":"https:\/\/noti-america.com\/site\/texas\/wp-content\/uploads\/sites\/4\/2019\/05\/EEUU-y-Jap\u00f3n-deciden-acelerar.jpg","contentUrl":"https:\/\/noti-america.com\/site\/texas\/wp-content\/uploads\/sites\/4\/2019\/05\/EEUU-y-Jap\u00f3n-deciden-acelerar.jpg","width":643,"height":362},{"@type":"BreadcrumbList","@id":"https:\/\/noti-america.com\/site\/texas\/2019\/05\/28\/eeuu-y-japon-deciden-acelerar-sus-negociaciones-sobre-su-acuerdo-comercial\/#breadcrumb","itemListElement":[{"@type":"ListItem","position":1,"name":"Portada","item":"https:\/\/noti-america.com\/site\/texas\/"},{"@type":"ListItem","position":2,"name":"EEUU y Jap\u00f3n deciden acelerar sus negociaciones sobre su acuerdo comercial"}]},{"@type":"WebSite","@id":"https:\/\/noti-america.com\/site\/texas\/#website","url":"https:\/\/noti-america.com\/site\/texas\/","name":"Texas | Noti-America.com","description":"","publisher":{"@id":"https:\/\/noti-america.com\/site\/texas\/#organization"},"potentialAction":[{"@type":"SearchAction","target":{"@type":"EntryPoint","urlTemplate":"https:\/\/noti-america.com\/site\/texas\/?s={search_term_string}"},"query-input":{"@type":"PropertyValueSpecification","valueRequired":true,"valueName":"search_term_string"}}],"inLanguage":"es"},{"@type":"Organization","@id":"https:\/\/noti-america.com\/site\/texas\/#organization","name":"Noti-America LLC | Texas-USA","url":"https:\/\/noti-america.com\/site\/texas\/","logo":{"@type":"ImageObject","inLanguage":"es","@id":"https:\/\/noti-america.com\/site\/texas\/#\/schema\/logo\/image\/","url":"https:\/\/noti-america.com\/site\/us-tx\/wp-content\/uploads\/sites\/4\/2020\/07\/LogoNA-4x3-1.jpg","contentUrl":"https:\/\/noti-america.com\/site\/us-tx\/wp-content\/uploads\/sites\/4\/2020\/07\/LogoNA-4x3-1.jpg","width":1236,"height":1080,"caption":"Noti-America LLC | Texas-USA"},"image":{"@id":"https:\/\/noti-america.com\/site\/texas\/#\/schema\/logo\/image\/"}},{"@type":"Person","@id":"https:\/\/noti-america.com\/site\/texas\/#\/schema\/person\/ae305e0187703594d7e273941bdc7f76","name":"Redacci\u00f3n NA-TX","image":{"@type":"ImageObject","inLanguage":"es","@id":"https:\/\/secure.gravatar.com\/avatar\/1ede8345cc79df032062efa286d5b99b0e4e5bd13e51f7cb031f715a3a43b386?s=96&d=mm&r=g","url":"https:\/\/secure.gravatar.com\/avatar\/1ede8345cc79df032062efa286d5b99b0e4e5bd13e51f7cb031f715a3a43b386?s=96&d=mm&r=g","contentUrl":"https:\/\/secure.gravatar.com\/avatar\/1ede8345cc79df032062efa286d5b99b0e4e5bd13e51f7cb031f715a3a43b386?s=96&d=mm&r=g","caption":"Redacci\u00f3n NA-TX"},"url":"https:\/\/noti-america.com\/site\/texas\/author\/redacciontx\/"}]}},"_links":{"self":[{"href":"https:\/\/noti-america.com\/site\/texas\/wp-json\/wp\/v2\/posts\/13521","targetHints":{"allow":["GET"]}}],"collection":[{"href":"https:\/\/noti-america.com\/site\/texas\/wp-json\/wp\/v2\/posts"}],"about":[{"href":"https:\/\/noti-america.com\/site\/texas\/wp-json\/wp\/v2\/types\/post"}],"author":[{"embeddable":true,"href":"https:\/\/noti-america.com\/site\/texas\/wp-json\/wp\/v2\/users\/30"}],"replies":[{"embeddable":true,"href":"https:\/\/noti-america.com\/site\/texas\/wp-json\/wp\/v2\/comments?post=13521"}],"version-history":[{"count":2,"href":"https:\/\/noti-america.com\/site\/texas\/wp-json\/wp\/v2\/posts\/13521\/revisions"}],"predecessor-version":[{"id":13532,"href":"https:\/\/noti-america.com\/site\/texas\/wp-json\/wp\/v2\/posts\/13521\/revisions\/13532"}],"wp:featuredmedia":[{"embeddable":true,"href":"https:\/\/noti-america.com\/site\/texas\/wp-json\/wp\/v2\/media\/13522"}],"wp:attachment":[{"href":"https:\/\/noti-america.com\/site\/texas\/wp-json\/wp\/v2\/media?parent=13521"}],"wp:term":[{"taxonomy":"category","embeddable":true,"href":"https:\/\/noti-america.com\/site\/texas\/wp-json\/wp\/v2\/categories?post=13521"},{"taxonomy":"post_tag","embeddable":true,"href":"https:\/\/noti-america.com\/site\/texas\/wp-json\/wp\/v2\/tags?post=13521"}],"curies":[{"name":"wp","href":"https:\/\/api.w.org\/{rel}","templated":true}]}}