{"id":12868,"date":"2019-04-22T05:23:35","date_gmt":"2019-04-22T10:23:35","guid":{"rendered":"http:\/\/noti-america.com\/site\/us-tx\/?p=12868"},"modified":"2019-04-22T05:25:09","modified_gmt":"2019-04-22T10:25:09","slug":"texas-por-primera-vez-arrestan-inmigrantes-ilegales-usando-un-dron-como-vigia-antes-de-cruzar-a-el-paso","status":"publish","type":"post","link":"https:\/\/noti-america.com\/site\/texas\/2019\/04\/22\/texas-por-primera-vez-arrestan-inmigrantes-ilegales-usando-un-dron-como-vigia-antes-de-cruzar-a-el-paso\/","title":{"rendered":"Texas: Por primera vez arrestan inmigrantes ilegales usando un dron como \u2018vig\u00eda\u2019 antes de cruzar a El Paso"},"content":{"rendered":"<div class=\"article_title clear\">\n<h2 style=\"text-align: center;\">Los agentes de la\u00a0<strong>patrulla fronteriza del sector de El Paso,Texas<\/strong>, Estados Unidos, descubrieron\u00a0<strong>un peque\u00f1o objeto volador no tripulado que vol\u00f3 en suelo estadounidense y luego regres\u00f3 a\u00a0M\u00e9xico<\/strong>. Dijeron que es el primer dron que observan manejado por contrabandistas.<\/h2>\n<\/div>\n<div class=\"article_body clear\">\n<div class=\"left_block\">\n<div class=\"author\"><\/div>\n<div>\n<h5><em><span style=\"color: #000000;\"><img decoding=\"async\" class=\"aligncenter\" src=\"https:\/\/www.lagranepoca.com\/assets\/uploads\/2018\/11\/droncartero.jpg\" alt=\"Por primera vez arrestan inmigrantes ilegales usando un dron como \u2018vig\u00eda\u2019 antes de cruzar a El Paso\" \/><\/span><\/em><\/h5>\n<h5 style=\"text-align: center;\"><em><span style=\"color: #000000;\">Imagen de un dron. UPM\/EFE<\/span><\/em><\/h5>\n<\/div>\n<div class=\"post_content\">\n<p>&nbsp;<\/p>\n<p>&nbsp;<\/p>\n<div class=\"social_media\"><\/div>\n<div class=\"article_body clear\">\n<div class=\"left_block\">\n<div><\/div>\n<div class=\"author\">\n<p><em><strong><span class=\"author_name\">Fuente: https:\/\/www.lagranepoca.com \/ Anastasia Gubin\u00a0<\/span><\/strong><\/em><\/p>\n<hr \/>\n<hr \/>\n<\/div>\n<\/div>\n<\/div>\n<p>&nbsp;<\/p>\n<h3><em><span style=\"color: #000000;\">\u201c\u201cMientras un agente vigilaba la frontera por la noche utilizando una c\u00e1mara infrarroja, observ\u00f3 un peque\u00f1o objeto en el aire que viajaba hacia el norte a trav\u00e9s de la frontera internacional de los EE. UU. El objeto viaj\u00f3 aproximadamente 100 yardas sobre el suelo de EStados Unidos y luego regres\u00f3 a\u00a0<a style=\"color: #000000;\" href=\"https:\/\/www.lagranepoca.com\/tag\/mexico\" target=\"_blank\" rel=\"noopener noreferrer\">M\u00e9xico<\/a>\u201d,\u00a0<a style=\"color: #000000;\" href=\"https:\/\/cbs4local.com\/news\/local\/drone-being-used-as-lookout-for-illegal-crossings-in-el-paso-area\" target=\"_blank\" rel=\"noopener noreferrer\">comunic\u00f3<\/a>la patrulla fronteriza el 18 de abril al indicar \u201cnuevas t\u00e1cticas de los contrabandistas mientras ellos siguen enviando a familias y delincuentes\u201d.<\/span><\/em><\/h3>\n<p>&nbsp;<\/p>\n<p>&nbsp;<\/p>\n<h4><span style=\"color: #000000;\">\u201cEsta es la primera vez conocida en la historia reciente de que un avi\u00f3n no tripulado se haya utilizado como \u201cvigilancia\u201d para ayudar a las entradas ilegales en el sector de El Paso\u201d.<\/span><\/h4>\n<h4><span style=\"color: #000000;\">\u201cEs una nueva t\u00e1ctica en la contra vigilancia\u201d, se\u00f1al\u00f3.<\/span><\/h4>\n<div id=\"twitter-widget-0\" lang=\"it\" data-click-to-open-target=\"https:\/\/twitter.com\/CBS4Local\/status\/1118649086700412928\" data-iframe-title=\"Tweet Twitter\" data-scribe=\"page:tweet\" data-tweet-id=\"1118649086700412928\" data-twitter-event-id=\"4\">\n<article dir=\"ltr\" data-scribe=\"component:card\">\n<div>\n<div data-style=\"max-width: 2000px\">\n<div data-style=\"padding-bottom: 100.0000%\">\n<div data-scribe=\"element:play_button\">\n<div title=\"Riproduci contenuto\" role=\"img\" aria-label=\"Riproduci contenuto\"><\/div>\n<\/div>\n<p><span style=\"color: #000000;\"><a style=\"color: #000000;\" href=\"https:\/\/twitter.com\/CBS4Local\/status\/1118649086700412928\"><img decoding=\"async\" src=\"https:\/\/pbs.twimg.com\/ext_tw_video_thumb\/1118648978801868806\/pu\/img\/HuakNailtPgvlXwv?format=jpg&amp;name=small\" alt=\"Video incorporato\" data-image=\"https:\/\/pbs.twimg.com\/ext_tw_video_thumb\/1118648978801868806\/pu\/img\/HuakNailtPgvlXwv\" data-scribe=\"element:poster_image\" \/><\/a><\/span><\/p>\n<\/div>\n<\/div>\n<\/div>\n<\/article>\n<div>\n<div>\n<blockquote cite=\"https:\/\/twitter.com\/CBS4Local\/status\/1118649086700412928\" data-tweet-id=\"1118649086700412928\" data-scribe=\"section:subject\">\n<div>\n<p><span style=\"color: #000000;\"><a style=\"color: #000000;\" href=\"https:\/\/twitter.com\/CBS4Local\" data-scribe=\"element:user_link\" aria-label=\"CBS4Local (nome visualizzato: CBS4Local)\"><img decoding=\"async\" src=\"https:\/\/pbs.twimg.com\/profile_images\/877945508983177217\/gei2N_UB_normal.jpg\" alt=\"\" data-scribe=\"element:avatar\" data-src-2x=\"https:\/\/pbs.twimg.com\/profile_images\/877945508983177217\/gei2N_UB_bigger.jpg\" data-src-1x=\"https:\/\/pbs.twimg.com\/profile_images\/877945508983177217\/gei2N_UB_normal.jpg\" \/><\/a><\/span><\/p>\n<div data-scribe=\"component:author\">\n<div>\n<p><span style=\"color: #000000;\" title=\"CBS4Local\" data-scribe=\"element:name\">CBS4Local<\/span><\/p>\n<div title=\"Account verificato\" role=\"img\" aria-label=\"Account verificato\"><\/div>\n<p><span style=\"color: #000000;\">\u2714<span dir=\"ltr\" title=\"@CBS4Local\" data-scribe=\"element:screen_name\">@CBS4Local<\/span><\/span><\/p>\n<\/div>\n<\/div>\n<div>\n<div title=\"Visualizza su Twitter\" role=\"presentation\" aria-label=\"Visualizza su Twitter\"><\/div>\n<\/div>\n<\/div>\n<div data-scribe=\"component:tweet\">\n<div><\/div>\n<p dir=\"ltr\" lang=\"en\"><span style=\"color: #000000;\">This is the first known time in recent history that a drone has been used as a \u00ablook-out\u00bb along the border in El Paso, Texas, said U.S. Border Patrol officials. <\/span><\/p>\n<p><span style=\"color: #000000;\">STORY: <a dir=\"ltr\" style=\"color: #000000;\" title=\"http:\/\/bit.ly\/2XpM1pt\" href=\"https:\/\/t.co\/CqqDefY86T\" target=\"_blank\" rel=\"nofollow noopener noreferrer\" data-expanded-url=\"http:\/\/bit.ly\/2XpM1pt\" data-scribe=\"element:url\">http:\/\/bit.ly\/2XpM1pt\u00a0<\/a><a dir=\"ltr\" style=\"color: #000000;\" href=\"https:\/\/twitter.com\/CBPWestTexas\" data-mentioned-user-id=\"331054182\" data-scribe=\"element:mention\">@CBPWestTexas<\/a><\/span><\/p>\n<div>\n<div>\n<div data-scribe=\"element:heart\">\n<div title=\"Mi piace\" role=\"img\" aria-label=\"Mi piace\"><\/div>\n<\/div>\n<p><span style=\"color: #000000;\"><a style=\"color: #000000;\" title=\"Mi piace\" href=\"https:\/\/twitter.com\/intent\/like?tweet_id=1118649086700412928\" data-scribe=\"component:actions\">3<\/a><\/span><\/p>\n<\/div>\n<div><span style=\"color: #000000;\"><a style=\"color: #000000;\" href=\"https:\/\/twitter.com\/CBS4Local\/status\/1118649086700412928\" data-datetime=\"2019-04-17T22:55:00+0000\" data-scribe=\"element:full_timestamp\"><time title=\"Ora di pubblicazione: 17 aprile 2019 22:55:00 (UTC)\" datetime=\"2019-04-17T22:55:00+0000\">18:55 &#8211; 17 apr 2019<\/time><\/a><\/span><\/div>\n<\/div>\n<\/div>\n<\/blockquote>\n<\/div>\n<div data-scribe=\"element:profile_icon\">\n<div title=\"Visualizza profilo su Twitter\" role=\"img\" aria-label=\"Visualizza profilo su Twitter\"><\/div>\n<\/div>\n<div data-scribe=\"element:profile_text\"><span style=\"color: #000000;\">Visualizza altri Tweet di CBS4Local<\/span><\/div>\n<div data-scribe=\"element:cta_chevron\">\n<div title=\"Visualizza su Twitter\" role=\"img\" aria-label=\"Visualizza su Twitter\"><\/div>\n<\/div>\n<\/div>\n<div data-scribe=\"element:notice\"><span style=\"color: #000000;\"><a style=\"color: #000000;\" title=\"Informazioni e privacy per gli annunci di Twitter\" href=\"https:\/\/support.twitter.com\/articles\/20175256\">Informazioni e privacy per gli annunci di Twitter<\/a><\/span><\/div>\n<\/div>\n<div>\n<div>\n<div><\/div>\n<\/div>\n<div>\n<div><\/div>\n<\/div>\n<\/div>\n<h4><span style=\"color: #000000;\">El dron repiti\u00f3 este patr\u00f3n tres veces y aproximadamente dos minutos despu\u00e9s de que regres\u00f3 a M\u00e9xico, un grupo de 10 sujetos ingres\u00f3 ilegalmente a Estados Unidos en la misma \u00e1rea.<\/span><\/h4>\n<h4><span style=\"color: #000000;\">Todos fueron posteriormente detenidos por agentes de la Patrulla Fronteriza, destacaron las autoridades..<\/span><\/h4>\n<div id=\"twitter-widget-1\" lang=\"en\" data-click-to-open-target=\"https:\/\/twitter.com\/CBPWestTexas\/status\/1118663534240518144\" data-iframe-title=\"Twitter Tweet\" data-scribe=\"page:tweet\" data-tweet-id=\"1118663534240518144\" data-twitter-event-id=\"6\">\n<article dir=\"ltr\" data-scribe=\"component:card\">\n<div data-scribe=\"element:photo\">\n<p><span style=\"color: #000000;\"><a style=\"color: #000000;\" tabindex=\"-1\" title=\"View image on Twitter\" role=\"presentation\" href=\"https:\/\/twitter.com\/CBPWestTexas\/status\/1118663534240518144\/photo\/1\">View image on Twitter<\/a><\/span><\/p>\n<div data-style=\"max-width: 675px\">\n<div data-style=\"padding-bottom: 100.0000%\"><span style=\"color: #000000;\"><a style=\"color: #000000;\" href=\"https:\/\/twitter.com\/CBPWestTexas\/status\/1118663534240518144\/photo\/1\"><img loading=\"lazy\" decoding=\"async\" title=\"View image on Twitter\" src=\"https:\/\/pbs.twimg.com\/media\/D4ZKjahXkAERCl-?format=jpg&amp;name=900x900\" alt=\"View image on Twitter\" width=\"675\" height=\"1200\" data-image=\"https:\/\/pbs.twimg.com\/media\/D4ZKjahXkAERCl-\" \/><\/a><\/span><\/div>\n<\/div>\n<\/div>\n<\/article>\n<div>\n<div>\n<blockquote cite=\"https:\/\/twitter.com\/CBPWestTexas\/status\/1118663534240518144\" data-tweet-id=\"1118663534240518144\" data-scribe=\"section:subject\">\n<div>\n<p><span style=\"color: #000000;\"><a style=\"color: #000000;\" href=\"https:\/\/twitter.com\/CBPWestTexas\" data-scribe=\"element:user_link\" aria-label=\"CBP West Texas (screen name: CBPWestTexas)\"><img decoding=\"async\" src=\"https:\/\/pbs.twimg.com\/profile_images\/831218961794543616\/vd4Sm0vr_normal.jpg\" alt=\"\" data-scribe=\"element:avatar\" data-src-2x=\"https:\/\/pbs.twimg.com\/profile_images\/831218961794543616\/vd4Sm0vr_bigger.jpg\" data-src-1x=\"https:\/\/pbs.twimg.com\/profile_images\/831218961794543616\/vd4Sm0vr_normal.jpg\" \/><\/a><\/span><\/p>\n<div data-scribe=\"component:author\">\n<div>\n<p><span style=\"color: #000000;\" title=\"CBP West Texas\" data-scribe=\"element:name\">CBP West Texas<\/span><\/p>\n<div title=\"Verified Account\" role=\"img\" aria-label=\"Verified Account\"><\/div>\n<p><span style=\"color: #000000;\">\u2714<span dir=\"ltr\" title=\"@CBPWestTexas\" data-scribe=\"element:screen_name\">@CBPWestTexas<\/span><\/span><\/p>\n<\/div>\n<\/div>\n<div>\n<div title=\"View on Twitter\" role=\"presentation\" aria-label=\"View on Twitter\"><\/div>\n<\/div>\n<\/div>\n<div data-scribe=\"component:tweet\">\n<div><\/div>\n<p dir=\"ltr\" lang=\"en\"><span style=\"color: #000000;\">Close Encounter! El Paso Sector Border Patrol Encounters New Tactics as Smugglers Keep Sending in Families and Felons. Read more here: <a dir=\"ltr\" style=\"color: #000000;\" title=\"http:\/\/bit.ly\/2VbF39S\" href=\"https:\/\/t.co\/dmoLQbSG4L\" target=\"_blank\" rel=\"nofollow noopener noreferrer\" data-expanded-url=\"http:\/\/bit.ly\/2VbF39S\" data-scribe=\"element:url\">http:\/\/bit.ly\/2VbF39S\u00a0<\/a> <a dir=\"ltr\" style=\"color: #000000;\" href=\"https:\/\/twitter.com\/hashtag\/USBP?src=hash\" rel=\"tag\" data-query-source=\"hashtag_click\" data-scribe=\"element:hashtag\">#USBP<\/a> <a dir=\"ltr\" style=\"color: #000000;\" href=\"https:\/\/twitter.com\/hashtag\/CBP?src=hash\" rel=\"tag\" data-query-source=\"hashtag_click\" data-scribe=\"element:hashtag\">#CBP<\/a><\/span><\/p>\n<div>\n<div>\n<div data-scribe=\"element:heart\">\n<div title=\"Like\" role=\"img\" aria-label=\"Like\"><\/div>\n<\/div>\n<p><span style=\"color: #000000;\"><a style=\"color: #000000;\" title=\"Like\" href=\"https:\/\/twitter.com\/intent\/like?tweet_id=1118663534240518144\" data-scribe=\"component:actions\">18<\/a><\/span><\/p>\n<\/div>\n<div><span style=\"color: #000000;\"><a style=\"color: #000000;\" href=\"https:\/\/twitter.com\/CBPWestTexas\/status\/1118663534240518144\" data-datetime=\"2019-04-17T23:52:24+0000\" data-scribe=\"element:full_timestamp\"><time title=\"Time posted: April 17, 2019 23:52:24 (UTC)\" datetime=\"2019-04-17T23:52:24+0000\">7:52 PM &#8211; Apr 17, 2019<\/time><\/a><\/span><\/div>\n<\/div>\n<\/div>\n<\/blockquote>\n<\/div>\n<div data-scribe=\"element:conversation_icon\">\n<div title=\"View conversation on Twitter\" role=\"img\" aria-label=\"View conversation on Twitter\"><\/div>\n<\/div>\n<div data-scribe=\"element:conversation_text\"><span style=\"color: #000000;\">19 people are talking about this<\/span><\/div>\n<div data-scribe=\"element:cta_chevron\">\n<div title=\"View on Twitter\" role=\"img\" aria-label=\"View on Twitter\"><\/div>\n<\/div>\n<\/div>\n<div data-scribe=\"element:notice\"><span style=\"color: #000000;\"><a style=\"color: #000000;\" title=\"Twitter Ads info and privacy\" href=\"https:\/\/support.twitter.com\/articles\/20175256\">Twitter Ads info and privacy<\/a><\/span><\/div>\n<\/div>\n<div>\n<div>\n<div><\/div>\n<\/div>\n<div>\n<div><\/div>\n<\/div>\n<\/div>\n<h4><span style=\"color: #000000;\">Adem\u00e1s del martes la Patrulla Fronteriza indorm\u00f3 que en el sector de El Paso tuvo\u00a0m\u00e1s de 1,800 aprehensiones en total durante todo el d\u00eda.<\/span><\/h4>\n<h4><span style=\"color: #000000;\">Dos grupos grandes los atrap\u00f3 poco antes de la 1 am. El primero de 230 personas en el Puerto de Entrada de Antelope Wells y ell segundo, de 360 personas, se encontr\u00f3 al oeste del Monte Cristo Rey en Sunland Park, Nuevo M\u00e9xico,<\/span><\/h4>\n<h4><span style=\"color: #000000;\">Luego en el Puerto de Entrada de Antelope Wells un segundo grupo de m\u00e1s de 130 sujetos fue atrapado justo antes del final del d\u00eda a las 11:45 p.m.<\/span><\/h4>\n<div>\n<div><\/div>\n<\/div>\n<h4><span style=\"color: #000000;\">\u201cEl sector de El Paso tuvo m\u00e1s de 1,800 aprehensiones en total durante todo el d\u00eda del martes\u201d, Estas son la sim\u00e1genes de las aprhensiones el 17 de abril:<\/span><\/h4>\n<h4><\/h4>\n<div id=\"twitter-widget-2\" lang=\"en\" data-click-to-open-target=\"https:\/\/twitter.com\/CBP\/status\/1118297225367564289\" data-iframe-title=\"Twitter Tweet\" data-scribe=\"page:tweet\" data-tweet-id=\"1118297225367564289\" data-twitter-event-id=\"5\">\n<article dir=\"ltr\" data-scribe=\"component:card\">\n<div>\n<div data-style=\"max-width: 2000px\">\n<div data-style=\"padding-bottom: 56.2500%\">\n<div data-scribe=\"element:play_button\">\n<div title=\"Play Media\" role=\"img\" aria-label=\"Play Media\"><\/div>\n<\/div>\n<p><span style=\"color: #000000;\"><a style=\"color: #000000;\" href=\"https:\/\/twitter.com\/CBP\/status\/1118297225367564289\"><img decoding=\"async\" src=\"https:\/\/pbs.twimg.com\/ext_tw_video_thumb\/1118297184464711681\/pu\/img\/q43G6Sm-2kgZH9H7?format=jpg&amp;name=small\" alt=\"Embedded video\" data-image=\"https:\/\/pbs.twimg.com\/ext_tw_video_thumb\/1118297184464711681\/pu\/img\/q43G6Sm-2kgZH9H7\" data-scribe=\"element:poster_image\" \/><\/a><\/span><\/p>\n<\/div>\n<\/div>\n<\/div>\n<\/article>\n<div>\n<div>\n<blockquote cite=\"https:\/\/twitter.com\/CBP\/status\/1118297225367564289\" data-tweet-id=\"1118297225367564289\" data-scribe=\"section:subject\">\n<div>\n<p><span style=\"color: #000000;\"><a style=\"color: #000000;\" href=\"https:\/\/twitter.com\/CBP\" data-scribe=\"element:user_link\" aria-label=\"CBP (screen name: CBP)\"><img decoding=\"async\" src=\"https:\/\/pbs.twimg.com\/profile_images\/966704374989901824\/0Dn464ST_normal.jpg\" alt=\"\" data-scribe=\"element:avatar\" data-src-2x=\"https:\/\/pbs.twimg.com\/profile_images\/966704374989901824\/0Dn464ST_bigger.jpg\" data-src-1x=\"https:\/\/pbs.twimg.com\/profile_images\/966704374989901824\/0Dn464ST_normal.jpg\" \/><\/a><\/span><\/p>\n<div data-scribe=\"component:author\">\n<div>\n<p><span style=\"color: #000000;\" title=\"CBP\" data-scribe=\"element:name\">CBP<\/span><\/p>\n<div title=\"Verified Account\" role=\"img\" aria-label=\"Verified Account\"><\/div>\n<p><span style=\"color: #000000;\">\u2714<span dir=\"ltr\" title=\"@CBP\" data-scribe=\"element:screen_name\">@CBP<\/span><\/span><\/p>\n<\/div>\n<\/div>\n<div>\n<div title=\"View on Twitter\" role=\"presentation\" aria-label=\"View on Twitter\"><\/div>\n<\/div>\n<\/div>\n<div data-scribe=\"component:tweet\">\n<div><\/div>\n<p dir=\"ltr\" lang=\"en\"><span style=\"color: #000000;\">Before 5 a.m. MT this morning, <a dir=\"ltr\" style=\"color: #000000;\" href=\"https:\/\/twitter.com\/hashtag\/BorderPatrol?src=hash\" rel=\"tag\" data-query-source=\"hashtag_click\" data-scribe=\"element:hashtag\">#BorderPatrol<\/a> agents apprehended more than 980 individuals that illegally crossed the border in 3 large groups. The groups, mostly comprised of family units from Central America, were apprehended in the El Paso and Tucson Sectors.<\/span><\/p>\n<div>\n<div>\n<div data-scribe=\"element:heart\">\n<div title=\"Like\" role=\"img\" aria-label=\"Like\"><\/div>\n<\/div>\n<p><span style=\"color: #000000;\"><a style=\"color: #000000;\" title=\"Like\" href=\"https:\/\/twitter.com\/intent\/like?tweet_id=1118297225367564289\" data-scribe=\"component:actions\">2,755<\/a><\/span><\/p>\n<\/div>\n<div><span style=\"color: #000000;\"><a style=\"color: #000000;\" href=\"https:\/\/twitter.com\/CBP\/status\/1118297225367564289\" data-datetime=\"2019-04-16T23:36:50+0000\" data-scribe=\"element:full_timestamp\"><time title=\"Time posted: April 16, 2019 23:36:50 (UTC)\" datetime=\"2019-04-16T23:36:50+0000\">7:36 PM &#8211; Apr 16, 2019<\/time><\/a><\/span><\/div>\n<\/div>\n<\/div>\n<\/blockquote>\n<\/div>\n<div data-scribe=\"element:conversation_icon\">\n<div title=\"View conversation on Twitter\" role=\"img\" aria-label=\"View conversation on Twitter\"><\/div>\n<\/div>\n<div data-scribe=\"element:conversation_text\"><span style=\"color: #000000;\">2,967 people are talking about this<\/span><\/div>\n<div data-scribe=\"element:cta_chevron\">\n<div title=\"View on Twitter\" role=\"img\" aria-label=\"View on Twitter\"><\/div>\n<\/div>\n<\/div>\n<div data-scribe=\"element:notice\"><span style=\"color: #000000;\"><a style=\"color: #000000;\" title=\"Twitter Ads info and privacy\" href=\"https:\/\/support.twitter.com\/articles\/20175256\">Twitter Ads info and privacy<\/a><\/span><\/div>\n<\/div>\n<div>\n<div>\n<div><\/div>\n<\/div>\n<div>\n<div><\/div>\n<\/div>\n<\/div>\n<h4><span style=\"color: #000000;\">Los agentes de la Patrulla Fronteriza de El Paso adem\u00e1s arrestaron a V\u00edctor Ch\u00e1vez-Ibarra, un ciudadano mexicano de 46 a\u00f1os con un historial criminal que incluye dos condenas por reingreso ilegal a Estados Unidos y una condena por robo de un veh\u00edculo en Houston y arrestos por robo, posesi\u00f3n de coca\u00edna y delito de robo.<\/span><\/h4>\n<h4><span style=\"color: #000000;\">En el sur de Nuevo M\u00e9xico tambi\u00e9n aprehendieron a un ciudadano salvadore\u00f1o que era miembro de una peligrosa pandilla centroamericana y otros ciudadano salvadore\u00f1o que tun\u00eda una condena por delito grave en 2014 por ofensa sexual a una menor.<\/span><\/h4>\n<div>\n<div><\/div>\n<\/div>\n<h4 id=\"attachment_464043\"><span style=\"color: #000000;\"><a style=\"color: #000000;\" href=\"https:\/\/www.lagranepoca.com\/assets\/uploads\/2019\/04\/1ecd9bbacd236602a16b56fe0c9e8ef3.jpg\" target=\"_blank\" rel=\"noopener noreferrer\"><img loading=\"lazy\" decoding=\"async\" src=\"https:\/\/www.lagranepoca.com\/assets\/uploads\/2019\/04\/1ecd9bbacd236602a16b56fe0c9e8ef3-300x297.jpg\" alt=\"\" width=\"300\" height=\"297\" \/><\/a><\/span><span style=\"color: #000000;\">V\u00edctor Ch\u00e1vez es arrestado por la Patrulla Fronteriza y descubre que tiene tres detenciones. (Patrulla Fronteriza El Paso texas, 19 de abril de 2019)<\/span><\/h4>\n<h4><span style=\"color: #000000;\">Todos los condenados fueron ingresados \u200b\u200ben c\u00e1rceles locales y est\u00e1n pendientes de procesamiento penal.<\/span><\/h4>\n<h4><span style=\"color: #000000;\">Vigilantes<\/span><\/h4>\n<h4><span style=\"color: #000000;\">El crimen organizado en la frontera entre M\u00e9xico y Estados Unidos sigue usando esp\u00edas y tambi\u00e9n comparten informaci\u00f3n con bandas de traficantes de migrantes.<\/span><\/h4>\n<h4><span style=\"color: #000000;\">Hace unos d\u00edas, funcionarios de la Patrulla Fronteriza en el sector de Yuma, en Arizona, seg\u00fan Univisi\u00f3n, alertaron que traficantes de droga ten\u00edan un grupo de nueve vig\u00edas de una organizaci\u00f3n de narcotraficantes.<\/span><\/h4>\n<h4><span style=\"color: #000000;\">Los vigilantes contaban con paneles solares, radios, telescopios y binoculares de alto alcance ubicados en lugares estrat\u00e9gicos cerca de Camp Grip.<\/span><\/h4>\n<h4><span style=\"color: #000000;\">418.000 aprehensiones en 2019<\/span><\/h4>\n<h4><span style=\"color: #000000;\">\u201cEl sector de El Paso contin\u00faa lidiando con un n\u00famero de detenciones sin precedentes,\u00a0al 31 de marzo de este a\u00f1o fiscal, el sector ten\u00eda un poco m\u00e1s de 71,000 detenciones.\u00a0En comparaci\u00f3n con el mismo per\u00edodo de tiempo del a\u00f1o fiscal anterior, cuando el sector tuvo poco menos de 11,000 detenciones.<\/span><\/h4>\n<h4 id=\"attachment_464044\"><span style=\"color: #000000;\"><a style=\"color: #000000;\" href=\"https:\/\/www.lagranepoca.com\/assets\/uploads\/2019\/04\/El-Paso.jpg\" target=\"_blank\" rel=\"noopener noreferrer\"><img loading=\"lazy\" decoding=\"async\" src=\"https:\/\/www.lagranepoca.com\/assets\/uploads\/2019\/04\/El-Paso-795x447.jpg\" alt=\"\" width=\"795\" height=\"447\" \/><\/a><\/span><span style=\"color: #000000;\">\u201cEn 6,5 meses el n\u00famero de aprehensiones son 418.000. Ha sobrepasado el total de aprehensiones de 2018: 4114.000 en el borde sur\u201d, destac\u00f3 la Patrulla Fronteriza el 20 de abril. de 2019.<\/span><\/h4>\n<h4><span style=\"color: #000000;\">\u201cEn 6,5 meses el n\u00famero de aprehensiones son 418.000. Ha sobrepasado el total de aprehensiones de 2018: 4114.000 en el borde sur\u201d,\u00a0<a style=\"color: #000000;\" href=\"https:\/\/twitter.com\/CBP\/status\/1118645531629301760\" target=\"_blank\" rel=\"noopener noreferrer\">destac\u00f3<\/a>\u00a0la Patrulla Fronteriza el 20 de abril.<\/span><\/h4>\n<h4><\/h4>\n<div class=\"SandboxRoot env-bp-350\" data-twitter-event-id=\"3\">\n<div id=\"twitter-widget-3\" class=\"EmbeddedTweet EmbeddedTweet--cta EmbeddedTweet--mediaForward media-forward js-clickToOpenTarget js-tweetIdInfo tweet-InformationCircle-widgetParent\" lang=\"en\" data-click-to-open-target=\"https:\/\/twitter.com\/CBPWestTexas\/status\/1118210205953736705\" data-iframe-title=\"Twitter Tweet\" data-scribe=\"page:tweet\" data-tweet-id=\"1118210205953736705\" data-twitter-event-id=\"7\">\n<div data-scribe=\"element:photo\">\n<p><span style=\"color: #000000;\"><a style=\"color: #000000;\" tabindex=\"-1\" title=\"View image on Twitter\" role=\"presentation\" href=\"https:\/\/twitter.com\/CBPWestTexas\/status\/1118210205953736705\/photo\/1\">View image on Twitter<\/a><\/span><\/p>\n<div data-style=\"max-width: 1200px\">\n<div data-style=\"padding-bottom: 75.0000%\"><span style=\"color: #000000;\"><a style=\"color: #000000;\" href=\"https:\/\/twitter.com\/CBPWestTexas\/status\/1118210205953736705\/photo\/1\"><img loading=\"lazy\" decoding=\"async\" title=\"View image on Twitter\" src=\"https:\/\/pbs.twimg.com\/media\/D4SuQLqX4AAePG9?format=jpg&amp;name=small\" alt=\"View image on Twitter\" width=\"1200\" height=\"900\" data-image=\"https:\/\/pbs.twimg.com\/media\/D4SuQLqX4AAePG9\" \/><\/a><\/span><\/div>\n<\/div>\n<\/div>\n<div class=\"EmbeddedTweet-tweetContainer\">\n<blockquote cite=\"https:\/\/twitter.com\/CBPWestTexas\/status\/1118210205953736705\" data-tweet-id=\"1118210205953736705\" data-scribe=\"section:subject\">\n<div>\n<p><span style=\"color: #000000;\"><a style=\"color: #000000;\" href=\"https:\/\/twitter.com\/CBPWestTexas\" data-scribe=\"element:user_link\" aria-label=\"CBP West Texas (screen name: CBPWestTexas)\"><img decoding=\"async\" src=\"https:\/\/pbs.twimg.com\/profile_images\/831218961794543616\/vd4Sm0vr_normal.jpg\" alt=\"\" data-scribe=\"element:avatar\" data-src-2x=\"https:\/\/pbs.twimg.com\/profile_images\/831218961794543616\/vd4Sm0vr_bigger.jpg\" data-src-1x=\"https:\/\/pbs.twimg.com\/profile_images\/831218961794543616\/vd4Sm0vr_normal.jpg\" \/><\/a><\/span><\/p>\n<div data-scribe=\"component:author\">\n<div>\n<p><span style=\"color: #000000;\" title=\"CBP West Texas\" data-scribe=\"element:name\">CBP West Texas<\/span><\/p>\n<div title=\"Verified Account\" role=\"img\" aria-label=\"Verified Account\"><\/div>\n<p><span style=\"color: #000000;\">\u2714<span dir=\"ltr\" title=\"@CBPWestTexas\" data-scribe=\"element:screen_name\">@CBPWestTexas<\/span><\/span><\/p>\n<\/div>\n<\/div>\n<div>\n<div title=\"View on Twitter\" role=\"presentation\" aria-label=\"View on Twitter\"><\/div>\n<\/div>\n<\/div>\n<div data-scribe=\"component:tweet\">\n<div><\/div>\n<p dir=\"ltr\" lang=\"en\"><span style=\"color: #000000;\"><a dir=\"ltr\" style=\"color: #000000;\" href=\"https:\/\/twitter.com\/hashtag\/CBP?src=hash\" rel=\"tag\" data-query-source=\"hashtag_click\" data-scribe=\"element:hashtag\">#CBP<\/a> arrests trafficker at Presidio Port of Entry. Seize weapon &amp; ammo, currency, drugs, paraphernalia; detain undocumented juvenile. Read more here: <a dir=\"ltr\" style=\"color: #000000;\" title=\"http:\/\/bit.ly\/2IC9EXI\" href=\"https:\/\/t.co\/gydYk6Yhjz\" target=\"_blank\" rel=\"nofollow noopener noreferrer\" data-expanded-url=\"http:\/\/bit.ly\/2IC9EXI\" data-scribe=\"element:url\">http:\/\/bit.ly\/2IC9EXI\u00a0<\/a><\/span><\/p>\n<div>\n<div>\n<div data-scribe=\"element:heart\">\n<div title=\"Like\" role=\"img\" aria-label=\"Like\"><\/div>\n<\/div>\n<p><span style=\"color: #000000;\"><a style=\"color: #000000;\" title=\"Like\" href=\"https:\/\/twitter.com\/intent\/like?tweet_id=1118210205953736705\" data-scribe=\"component:actions\">25<\/a><\/span><\/p>\n<\/div>\n<div><span style=\"color: #000000;\"><a style=\"color: #000000;\" href=\"https:\/\/twitter.com\/CBPWestTexas\/status\/1118210205953736705\" data-datetime=\"2019-04-16T17:51:03+0000\" data-scribe=\"element:full_timestamp\"><time title=\"Time posted: April 16, 2019 17:51:03 (UTC)\" datetime=\"2019-04-16T17:51:03+0000\">1:51 PM &#8211; Apr 16, 2019<\/time><\/a><\/span><\/div>\n<\/div>\n<\/div>\n<\/blockquote>\n<div title=\"View conversation on Twitter\" role=\"img\" aria-label=\"View conversation on Twitter\"><\/div>\n<h4 data-scribe=\"element:conversation_text\"><span style=\"color: #000000;\">31 people are talking about this<\/span><\/h4>\n<div class=\"CallToAction-chevron\" data-scribe=\"element:cta_chevron\"><\/div>\n<\/div>\n<\/div>\n<\/div>\n<\/div>\n<\/div>\n<\/div>\n","protected":false},"excerpt":{"rendered":"<p>Los agentes de la\u00a0patrulla fronteriza del sector de El Paso,Texas, Estados Unidos, descubrieron\u00a0un peque\u00f1o objeto volador no tripulado que vol\u00f3 en suelo estadounidense y luego regres\u00f3 a\u00a0M\u00e9xico. Dijeron que es el primer dron que&#46;&#46;&#46;<\/p>\n","protected":false},"author":30,"featured_media":12869,"comment_status":"open","ping_status":"open","sticky":false,"template":"","format":"standard","meta":{"_acf_changed":false,"rop_custom_images_group":[],"rop_custom_messages_group":[],"rop_publish_now":"initial","rop_publish_now_accounts":{"twitter_242054905_242054905":""},"rop_publish_now_history":[],"rop_publish_now_status":"pending","footnotes":""},"categories":[1775,1774,3],"tags":[2116,1445,2115,80,2117,2118],"class_list":["post-12868","post","type-post","status-publish","format-standard","has-post-thumbnail","hentry","category-norteamerica","category-noticias","category-politica","tag-arrestan-inmigrantes","tag-el-paso","tag-por-primera-vez","tag-texas","tag-usando-un-dron","tag-vigia"],"acf":[],"yoast_head":"<!-- This site is optimized with the Yoast SEO Premium plugin v24.9 (Yoast SEO v27.2) - https:\/\/yoast.com\/product\/yoast-seo-premium-wordpress\/ -->\n<title>Texas: Por primera vez arrestan inmigrantes ilegales usando un dron como \u2018vig\u00eda\u2019 antes de cruzar a El Paso - Texas | Noti-America.com<\/title>\n<meta name=\"robots\" content=\"index, follow, max-snippet:-1, max-image-preview:large, max-video-preview:-1\" \/>\n<link rel=\"canonical\" href=\"https:\/\/noti-america.com\/site\/texas\/2019\/04\/22\/texas-por-primera-vez-arrestan-inmigrantes-ilegales-usando-un-dron-como-vigia-antes-de-cruzar-a-el-paso\/\" \/>\n<meta property=\"og:locale\" content=\"es_ES\" \/>\n<meta property=\"og:type\" content=\"article\" \/>\n<meta property=\"og:title\" content=\"Texas: Por primera vez arrestan inmigrantes ilegales usando un dron como \u2018vig\u00eda\u2019 antes de cruzar a El Paso\" \/>\n<meta property=\"og:description\" content=\"Los agentes de la\u00a0patrulla fronteriza del sector de El Paso,Texas, Estados Unidos, descubrieron\u00a0un peque\u00f1o objeto volador no tripulado que vol\u00f3 en suelo estadounidense y luego regres\u00f3 a\u00a0M\u00e9xico. Dijeron que es el primer dron que&#046;&#046;&#046;\" \/>\n<meta property=\"og:url\" content=\"https:\/\/noti-america.com\/site\/texas\/2019\/04\/22\/texas-por-primera-vez-arrestan-inmigrantes-ilegales-usando-un-dron-como-vigia-antes-de-cruzar-a-el-paso\/\" \/>\n<meta property=\"og:site_name\" content=\"Texas | Noti-America.com\" \/>\n<meta property=\"article:published_time\" content=\"2019-04-22T10:23:35+00:00\" \/>\n<meta property=\"article:modified_time\" content=\"2019-04-22T10:25:09+00:00\" \/>\n<meta property=\"og:image\" content=\"https:\/\/noti-america.com\/site\/texas\/wp-content\/uploads\/sites\/4\/2019\/04\/Por-primera-vez-arrestan-inmigrantes.jpg\" \/>\n\t<meta property=\"og:image:width\" content=\"700\" \/>\n\t<meta property=\"og:image:height\" content=\"391\" \/>\n\t<meta property=\"og:image:type\" content=\"image\/jpeg\" \/>\n<meta name=\"author\" content=\"Redacci\u00f3n NA-TX\" \/>\n<meta name=\"twitter:card\" content=\"summary_large_image\" \/>\n<meta name=\"twitter:label1\" content=\"Escrito por\" \/>\n\t<meta name=\"twitter:data1\" content=\"Redacci\u00f3n NA-TX\" \/>\n\t<meta name=\"twitter:label2\" content=\"Tiempo estimado de lectura\" \/>\n\t<meta name=\"twitter:data2\" content=\"5 minutos\" \/>\n<script type=\"application\/ld+json\" class=\"yoast-schema-graph\">{\"@context\":\"https:\/\/schema.org\",\"@graph\":[{\"@type\":\"Article\",\"@id\":\"https:\/\/noti-america.com\/site\/texas\/2019\/04\/22\/texas-por-primera-vez-arrestan-inmigrantes-ilegales-usando-un-dron-como-vigia-antes-de-cruzar-a-el-paso\/#article\",\"isPartOf\":{\"@id\":\"https:\/\/noti-america.com\/site\/texas\/2019\/04\/22\/texas-por-primera-vez-arrestan-inmigrantes-ilegales-usando-un-dron-como-vigia-antes-de-cruzar-a-el-paso\/\"},\"author\":{\"name\":\"Redacci\u00f3n NA-TX\",\"@id\":\"https:\/\/noti-america.com\/site\/texas\/#\/schema\/person\/ae305e0187703594d7e273941bdc7f76\"},\"headline\":\"Texas: Por primera vez arrestan inmigrantes ilegales usando un dron como \u2018vig\u00eda\u2019 antes de cruzar a El Paso\",\"datePublished\":\"2019-04-22T10:23:35+00:00\",\"dateModified\":\"2019-04-22T10:25:09+00:00\",\"mainEntityOfPage\":{\"@id\":\"https:\/\/noti-america.com\/site\/texas\/2019\/04\/22\/texas-por-primera-vez-arrestan-inmigrantes-ilegales-usando-un-dron-como-vigia-antes-de-cruzar-a-el-paso\/\"},\"wordCount\":927,\"commentCount\":0,\"publisher\":{\"@id\":\"https:\/\/noti-america.com\/site\/texas\/#organization\"},\"image\":{\"@id\":\"https:\/\/noti-america.com\/site\/texas\/2019\/04\/22\/texas-por-primera-vez-arrestan-inmigrantes-ilegales-usando-un-dron-como-vigia-antes-de-cruzar-a-el-paso\/#primaryimage\"},\"thumbnailUrl\":\"https:\/\/noti-america.com\/site\/texas\/wp-content\/uploads\/sites\/4\/2019\/04\/Por-primera-vez-arrestan-inmigrantes.jpg\",\"keywords\":[\"arrestan inmigrantes\",\"El Paso\",\"Por primera vez\",\"Texas\",\"usando un dron\",\"vig\u00eda\"],\"articleSection\":[\"Am\u00e9rica del Norte\",\"Noticias\",\"Pol\u00edtica\"],\"inLanguage\":\"es\",\"potentialAction\":[{\"@type\":\"CommentAction\",\"name\":\"Comment\",\"target\":[\"https:\/\/noti-america.com\/site\/texas\/2019\/04\/22\/texas-por-primera-vez-arrestan-inmigrantes-ilegales-usando-un-dron-como-vigia-antes-de-cruzar-a-el-paso\/#respond\"]}]},{\"@type\":\"WebPage\",\"@id\":\"https:\/\/noti-america.com\/site\/texas\/2019\/04\/22\/texas-por-primera-vez-arrestan-inmigrantes-ilegales-usando-un-dron-como-vigia-antes-de-cruzar-a-el-paso\/\",\"url\":\"https:\/\/noti-america.com\/site\/texas\/2019\/04\/22\/texas-por-primera-vez-arrestan-inmigrantes-ilegales-usando-un-dron-como-vigia-antes-de-cruzar-a-el-paso\/\",\"name\":\"Texas: Por primera vez arrestan inmigrantes ilegales usando un dron como \u2018vig\u00eda\u2019 antes de cruzar a El Paso - Texas | Noti-America.com\",\"isPartOf\":{\"@id\":\"https:\/\/noti-america.com\/site\/texas\/#website\"},\"primaryImageOfPage\":{\"@id\":\"https:\/\/noti-america.com\/site\/texas\/2019\/04\/22\/texas-por-primera-vez-arrestan-inmigrantes-ilegales-usando-un-dron-como-vigia-antes-de-cruzar-a-el-paso\/#primaryimage\"},\"image\":{\"@id\":\"https:\/\/noti-america.com\/site\/texas\/2019\/04\/22\/texas-por-primera-vez-arrestan-inmigrantes-ilegales-usando-un-dron-como-vigia-antes-de-cruzar-a-el-paso\/#primaryimage\"},\"thumbnailUrl\":\"https:\/\/noti-america.com\/site\/texas\/wp-content\/uploads\/sites\/4\/2019\/04\/Por-primera-vez-arrestan-inmigrantes.jpg\",\"datePublished\":\"2019-04-22T10:23:35+00:00\",\"dateModified\":\"2019-04-22T10:25:09+00:00\",\"breadcrumb\":{\"@id\":\"https:\/\/noti-america.com\/site\/texas\/2019\/04\/22\/texas-por-primera-vez-arrestan-inmigrantes-ilegales-usando-un-dron-como-vigia-antes-de-cruzar-a-el-paso\/#breadcrumb\"},\"inLanguage\":\"es\",\"potentialAction\":[{\"@type\":\"ReadAction\",\"target\":[\"https:\/\/noti-america.com\/site\/texas\/2019\/04\/22\/texas-por-primera-vez-arrestan-inmigrantes-ilegales-usando-un-dron-como-vigia-antes-de-cruzar-a-el-paso\/\"]}]},{\"@type\":\"ImageObject\",\"inLanguage\":\"es\",\"@id\":\"https:\/\/noti-america.com\/site\/texas\/2019\/04\/22\/texas-por-primera-vez-arrestan-inmigrantes-ilegales-usando-un-dron-como-vigia-antes-de-cruzar-a-el-paso\/#primaryimage\",\"url\":\"https:\/\/noti-america.com\/site\/texas\/wp-content\/uploads\/sites\/4\/2019\/04\/Por-primera-vez-arrestan-inmigrantes.jpg\",\"contentUrl\":\"https:\/\/noti-america.com\/site\/texas\/wp-content\/uploads\/sites\/4\/2019\/04\/Por-primera-vez-arrestan-inmigrantes.jpg\",\"width\":700,\"height\":391},{\"@type\":\"BreadcrumbList\",\"@id\":\"https:\/\/noti-america.com\/site\/texas\/2019\/04\/22\/texas-por-primera-vez-arrestan-inmigrantes-ilegales-usando-un-dron-como-vigia-antes-de-cruzar-a-el-paso\/#breadcrumb\",\"itemListElement\":[{\"@type\":\"ListItem\",\"position\":1,\"name\":\"Portada\",\"item\":\"https:\/\/noti-america.com\/site\/texas\/\"},{\"@type\":\"ListItem\",\"position\":2,\"name\":\"Texas: Por primera vez arrestan inmigrantes ilegales usando un dron como \u2018vig\u00eda\u2019 antes de cruzar a El Paso\"}]},{\"@type\":\"WebSite\",\"@id\":\"https:\/\/noti-america.com\/site\/texas\/#website\",\"url\":\"https:\/\/noti-america.com\/site\/texas\/\",\"name\":\"Texas | Noti-America.com\",\"description\":\"\",\"publisher\":{\"@id\":\"https:\/\/noti-america.com\/site\/texas\/#organization\"},\"potentialAction\":[{\"@type\":\"SearchAction\",\"target\":{\"@type\":\"EntryPoint\",\"urlTemplate\":\"https:\/\/noti-america.com\/site\/texas\/?s={search_term_string}\"},\"query-input\":{\"@type\":\"PropertyValueSpecification\",\"valueRequired\":true,\"valueName\":\"search_term_string\"}}],\"inLanguage\":\"es\"},{\"@type\":\"Organization\",\"@id\":\"https:\/\/noti-america.com\/site\/texas\/#organization\",\"name\":\"Noti-America LLC | Texas-USA\",\"url\":\"https:\/\/noti-america.com\/site\/texas\/\",\"logo\":{\"@type\":\"ImageObject\",\"inLanguage\":\"es\",\"@id\":\"https:\/\/noti-america.com\/site\/texas\/#\/schema\/logo\/image\/\",\"url\":\"https:\/\/noti-america.com\/site\/us-tx\/wp-content\/uploads\/sites\/4\/2020\/07\/LogoNA-4x3-1.jpg\",\"contentUrl\":\"https:\/\/noti-america.com\/site\/us-tx\/wp-content\/uploads\/sites\/4\/2020\/07\/LogoNA-4x3-1.jpg\",\"width\":1236,\"height\":1080,\"caption\":\"Noti-America LLC | Texas-USA\"},\"image\":{\"@id\":\"https:\/\/noti-america.com\/site\/texas\/#\/schema\/logo\/image\/\"}},{\"@type\":\"Person\",\"@id\":\"https:\/\/noti-america.com\/site\/texas\/#\/schema\/person\/ae305e0187703594d7e273941bdc7f76\",\"name\":\"Redacci\u00f3n NA-TX\",\"image\":{\"@type\":\"ImageObject\",\"inLanguage\":\"es\",\"@id\":\"https:\/\/secure.gravatar.com\/avatar\/1ede8345cc79df032062efa286d5b99b0e4e5bd13e51f7cb031f715a3a43b386?s=96&d=mm&r=g\",\"url\":\"https:\/\/secure.gravatar.com\/avatar\/1ede8345cc79df032062efa286d5b99b0e4e5bd13e51f7cb031f715a3a43b386?s=96&d=mm&r=g\",\"contentUrl\":\"https:\/\/secure.gravatar.com\/avatar\/1ede8345cc79df032062efa286d5b99b0e4e5bd13e51f7cb031f715a3a43b386?s=96&d=mm&r=g\",\"caption\":\"Redacci\u00f3n NA-TX\"},\"url\":\"https:\/\/noti-america.com\/site\/texas\/author\/redacciontx\/\"}]}<\/script>\n<!-- \/ Yoast SEO Premium plugin. -->","yoast_head_json":{"title":"Texas: Por primera vez arrestan inmigrantes ilegales usando un dron como \u2018vig\u00eda\u2019 antes de cruzar a El Paso - Texas | Noti-America.com","robots":{"index":"index","follow":"follow","max-snippet":"max-snippet:-1","max-image-preview":"max-image-preview:large","max-video-preview":"max-video-preview:-1"},"canonical":"https:\/\/noti-america.com\/site\/texas\/2019\/04\/22\/texas-por-primera-vez-arrestan-inmigrantes-ilegales-usando-un-dron-como-vigia-antes-de-cruzar-a-el-paso\/","og_locale":"es_ES","og_type":"article","og_title":"Texas: Por primera vez arrestan inmigrantes ilegales usando un dron como \u2018vig\u00eda\u2019 antes de cruzar a El Paso","og_description":"Los agentes de la\u00a0patrulla fronteriza del sector de El Paso,Texas, Estados Unidos, descubrieron\u00a0un peque\u00f1o objeto volador no tripulado que vol\u00f3 en suelo estadounidense y luego regres\u00f3 a\u00a0M\u00e9xico. Dijeron que es el primer dron que&#46;&#46;&#46;","og_url":"https:\/\/noti-america.com\/site\/texas\/2019\/04\/22\/texas-por-primera-vez-arrestan-inmigrantes-ilegales-usando-un-dron-como-vigia-antes-de-cruzar-a-el-paso\/","og_site_name":"Texas | Noti-America.com","article_published_time":"2019-04-22T10:23:35+00:00","article_modified_time":"2019-04-22T10:25:09+00:00","og_image":[{"width":700,"height":391,"url":"https:\/\/noti-america.com\/site\/texas\/wp-content\/uploads\/sites\/4\/2019\/04\/Por-primera-vez-arrestan-inmigrantes.jpg","type":"image\/jpeg"}],"author":"Redacci\u00f3n NA-TX","twitter_card":"summary_large_image","twitter_misc":{"Escrito por":"Redacci\u00f3n NA-TX","Tiempo estimado de lectura":"5 minutos"},"schema":{"@context":"https:\/\/schema.org","@graph":[{"@type":"Article","@id":"https:\/\/noti-america.com\/site\/texas\/2019\/04\/22\/texas-por-primera-vez-arrestan-inmigrantes-ilegales-usando-un-dron-como-vigia-antes-de-cruzar-a-el-paso\/#article","isPartOf":{"@id":"https:\/\/noti-america.com\/site\/texas\/2019\/04\/22\/texas-por-primera-vez-arrestan-inmigrantes-ilegales-usando-un-dron-como-vigia-antes-de-cruzar-a-el-paso\/"},"author":{"name":"Redacci\u00f3n NA-TX","@id":"https:\/\/noti-america.com\/site\/texas\/#\/schema\/person\/ae305e0187703594d7e273941bdc7f76"},"headline":"Texas: Por primera vez arrestan inmigrantes ilegales usando un dron como \u2018vig\u00eda\u2019 antes de cruzar a El Paso","datePublished":"2019-04-22T10:23:35+00:00","dateModified":"2019-04-22T10:25:09+00:00","mainEntityOfPage":{"@id":"https:\/\/noti-america.com\/site\/texas\/2019\/04\/22\/texas-por-primera-vez-arrestan-inmigrantes-ilegales-usando-un-dron-como-vigia-antes-de-cruzar-a-el-paso\/"},"wordCount":927,"commentCount":0,"publisher":{"@id":"https:\/\/noti-america.com\/site\/texas\/#organization"},"image":{"@id":"https:\/\/noti-america.com\/site\/texas\/2019\/04\/22\/texas-por-primera-vez-arrestan-inmigrantes-ilegales-usando-un-dron-como-vigia-antes-de-cruzar-a-el-paso\/#primaryimage"},"thumbnailUrl":"https:\/\/noti-america.com\/site\/texas\/wp-content\/uploads\/sites\/4\/2019\/04\/Por-primera-vez-arrestan-inmigrantes.jpg","keywords":["arrestan inmigrantes","El Paso","Por primera vez","Texas","usando un dron","vig\u00eda"],"articleSection":["Am\u00e9rica del Norte","Noticias","Pol\u00edtica"],"inLanguage":"es","potentialAction":[{"@type":"CommentAction","name":"Comment","target":["https:\/\/noti-america.com\/site\/texas\/2019\/04\/22\/texas-por-primera-vez-arrestan-inmigrantes-ilegales-usando-un-dron-como-vigia-antes-de-cruzar-a-el-paso\/#respond"]}]},{"@type":"WebPage","@id":"https:\/\/noti-america.com\/site\/texas\/2019\/04\/22\/texas-por-primera-vez-arrestan-inmigrantes-ilegales-usando-un-dron-como-vigia-antes-de-cruzar-a-el-paso\/","url":"https:\/\/noti-america.com\/site\/texas\/2019\/04\/22\/texas-por-primera-vez-arrestan-inmigrantes-ilegales-usando-un-dron-como-vigia-antes-de-cruzar-a-el-paso\/","name":"Texas: Por primera vez arrestan inmigrantes ilegales usando un dron como \u2018vig\u00eda\u2019 antes de cruzar a El Paso - Texas | Noti-America.com","isPartOf":{"@id":"https:\/\/noti-america.com\/site\/texas\/#website"},"primaryImageOfPage":{"@id":"https:\/\/noti-america.com\/site\/texas\/2019\/04\/22\/texas-por-primera-vez-arrestan-inmigrantes-ilegales-usando-un-dron-como-vigia-antes-de-cruzar-a-el-paso\/#primaryimage"},"image":{"@id":"https:\/\/noti-america.com\/site\/texas\/2019\/04\/22\/texas-por-primera-vez-arrestan-inmigrantes-ilegales-usando-un-dron-como-vigia-antes-de-cruzar-a-el-paso\/#primaryimage"},"thumbnailUrl":"https:\/\/noti-america.com\/site\/texas\/wp-content\/uploads\/sites\/4\/2019\/04\/Por-primera-vez-arrestan-inmigrantes.jpg","datePublished":"2019-04-22T10:23:35+00:00","dateModified":"2019-04-22T10:25:09+00:00","breadcrumb":{"@id":"https:\/\/noti-america.com\/site\/texas\/2019\/04\/22\/texas-por-primera-vez-arrestan-inmigrantes-ilegales-usando-un-dron-como-vigia-antes-de-cruzar-a-el-paso\/#breadcrumb"},"inLanguage":"es","potentialAction":[{"@type":"ReadAction","target":["https:\/\/noti-america.com\/site\/texas\/2019\/04\/22\/texas-por-primera-vez-arrestan-inmigrantes-ilegales-usando-un-dron-como-vigia-antes-de-cruzar-a-el-paso\/"]}]},{"@type":"ImageObject","inLanguage":"es","@id":"https:\/\/noti-america.com\/site\/texas\/2019\/04\/22\/texas-por-primera-vez-arrestan-inmigrantes-ilegales-usando-un-dron-como-vigia-antes-de-cruzar-a-el-paso\/#primaryimage","url":"https:\/\/noti-america.com\/site\/texas\/wp-content\/uploads\/sites\/4\/2019\/04\/Por-primera-vez-arrestan-inmigrantes.jpg","contentUrl":"https:\/\/noti-america.com\/site\/texas\/wp-content\/uploads\/sites\/4\/2019\/04\/Por-primera-vez-arrestan-inmigrantes.jpg","width":700,"height":391},{"@type":"BreadcrumbList","@id":"https:\/\/noti-america.com\/site\/texas\/2019\/04\/22\/texas-por-primera-vez-arrestan-inmigrantes-ilegales-usando-un-dron-como-vigia-antes-de-cruzar-a-el-paso\/#breadcrumb","itemListElement":[{"@type":"ListItem","position":1,"name":"Portada","item":"https:\/\/noti-america.com\/site\/texas\/"},{"@type":"ListItem","position":2,"name":"Texas: Por primera vez arrestan inmigrantes ilegales usando un dron como \u2018vig\u00eda\u2019 antes de cruzar a El Paso"}]},{"@type":"WebSite","@id":"https:\/\/noti-america.com\/site\/texas\/#website","url":"https:\/\/noti-america.com\/site\/texas\/","name":"Texas | Noti-America.com","description":"","publisher":{"@id":"https:\/\/noti-america.com\/site\/texas\/#organization"},"potentialAction":[{"@type":"SearchAction","target":{"@type":"EntryPoint","urlTemplate":"https:\/\/noti-america.com\/site\/texas\/?s={search_term_string}"},"query-input":{"@type":"PropertyValueSpecification","valueRequired":true,"valueName":"search_term_string"}}],"inLanguage":"es"},{"@type":"Organization","@id":"https:\/\/noti-america.com\/site\/texas\/#organization","name":"Noti-America LLC | Texas-USA","url":"https:\/\/noti-america.com\/site\/texas\/","logo":{"@type":"ImageObject","inLanguage":"es","@id":"https:\/\/noti-america.com\/site\/texas\/#\/schema\/logo\/image\/","url":"https:\/\/noti-america.com\/site\/us-tx\/wp-content\/uploads\/sites\/4\/2020\/07\/LogoNA-4x3-1.jpg","contentUrl":"https:\/\/noti-america.com\/site\/us-tx\/wp-content\/uploads\/sites\/4\/2020\/07\/LogoNA-4x3-1.jpg","width":1236,"height":1080,"caption":"Noti-America LLC | Texas-USA"},"image":{"@id":"https:\/\/noti-america.com\/site\/texas\/#\/schema\/logo\/image\/"}},{"@type":"Person","@id":"https:\/\/noti-america.com\/site\/texas\/#\/schema\/person\/ae305e0187703594d7e273941bdc7f76","name":"Redacci\u00f3n NA-TX","image":{"@type":"ImageObject","inLanguage":"es","@id":"https:\/\/secure.gravatar.com\/avatar\/1ede8345cc79df032062efa286d5b99b0e4e5bd13e51f7cb031f715a3a43b386?s=96&d=mm&r=g","url":"https:\/\/secure.gravatar.com\/avatar\/1ede8345cc79df032062efa286d5b99b0e4e5bd13e51f7cb031f715a3a43b386?s=96&d=mm&r=g","contentUrl":"https:\/\/secure.gravatar.com\/avatar\/1ede8345cc79df032062efa286d5b99b0e4e5bd13e51f7cb031f715a3a43b386?s=96&d=mm&r=g","caption":"Redacci\u00f3n NA-TX"},"url":"https:\/\/noti-america.com\/site\/texas\/author\/redacciontx\/"}]}},"_links":{"self":[{"href":"https:\/\/noti-america.com\/site\/texas\/wp-json\/wp\/v2\/posts\/12868","targetHints":{"allow":["GET"]}}],"collection":[{"href":"https:\/\/noti-america.com\/site\/texas\/wp-json\/wp\/v2\/posts"}],"about":[{"href":"https:\/\/noti-america.com\/site\/texas\/wp-json\/wp\/v2\/types\/post"}],"author":[{"embeddable":true,"href":"https:\/\/noti-america.com\/site\/texas\/wp-json\/wp\/v2\/users\/30"}],"replies":[{"embeddable":true,"href":"https:\/\/noti-america.com\/site\/texas\/wp-json\/wp\/v2\/comments?post=12868"}],"version-history":[{"count":2,"href":"https:\/\/noti-america.com\/site\/texas\/wp-json\/wp\/v2\/posts\/12868\/revisions"}],"predecessor-version":[{"id":12883,"href":"https:\/\/noti-america.com\/site\/texas\/wp-json\/wp\/v2\/posts\/12868\/revisions\/12883"}],"wp:featuredmedia":[{"embeddable":true,"href":"https:\/\/noti-america.com\/site\/texas\/wp-json\/wp\/v2\/media\/12869"}],"wp:attachment":[{"href":"https:\/\/noti-america.com\/site\/texas\/wp-json\/wp\/v2\/media?parent=12868"}],"wp:term":[{"taxonomy":"category","embeddable":true,"href":"https:\/\/noti-america.com\/site\/texas\/wp-json\/wp\/v2\/categories?post=12868"},{"taxonomy":"post_tag","embeddable":true,"href":"https:\/\/noti-america.com\/site\/texas\/wp-json\/wp\/v2\/tags?post=12868"}],"curies":[{"name":"wp","href":"https:\/\/api.w.org\/{rel}","templated":true}]}}