{"id":12575,"date":"2019-04-03T07:37:59","date_gmt":"2019-04-03T12:37:59","guid":{"rendered":"http:\/\/noti-america.com\/site\/us-tx\/?p=12575"},"modified":"2019-04-03T07:37:59","modified_gmt":"2019-04-03T12:37:59","slug":"eeuu-castro-propone-no-criminalizar-la-inmigracion-ilegal","status":"publish","type":"post","link":"https:\/\/noti-america.com\/site\/texas\/2019\/04\/03\/eeuu-castro-propone-no-criminalizar-la-inmigracion-ilegal\/","title":{"rendered":"EEUU: Castro propone no criminalizar la inmigraci\u00f3n ilegal"},"content":{"rendered":"<div id=\"google_image_div\">\n<div id=\"google_image_div\"><\/div>\n<div id=\"google_image_div\">\n<div id=\"google_image_div\">\n<header class=\"header\">\n<div class=\"bio\">\n<div>\n<h2 style=\"text-align: center;\"><span style=\"color: #000000;\"> El aspirante a la candidatura presidencial dem\u00f3crata Juli\u00e1n Castro propuso el martes dejar de criminalizar los cruces fronterizos ilegales, al presentar un plan de reforma migratoria.<\/span><\/h2>\n<div><\/div>\n<\/div>\n<\/div>\n<\/header>\n<div class=\"img-container picture \"><picture><source srcset=\"\/\/www.mcclatchy-wires.com\/incoming\/lvq0lz\/picture228725654\/alternates\/LANDSCAPE_1140\/EEUU_2020-JULIAN_CASTRO_83462.jpg\" media=\"(min-width: 992px)\" \/><source srcset=\"\/\/www.mcclatchy-wires.com\/incoming\/lvq0lz\/picture228725654\/alternates\/LANDSCAPE_960\/EEUU_2020-JULIAN_CASTRO_83462.jpg\" media=\"(min-width: 768px)\" \/><source srcset=\"\/\/www.mcclatchy-wires.com\/incoming\/lvq0lz\/picture228725654\/alternates\/LANDSCAPE_768\/EEUU_2020-JULIAN_CASTRO_83462.jpg\" media=\"(min-width: 601px)\" \/><source srcset=\"\/\/www.mcclatchy-wires.com\/incoming\/lvq0lz\/picture228725654\/alternates\/LANDSCAPE_640\/EEUU_2020-JULIAN_CASTRO_83462.jpg\" media=\"(min-width: 441px)\" \/><source srcset=\"\/\/www.mcclatchy-wires.com\/incoming\/lvq0lz\/picture228725654\/alternates\/LANDSCAPE_480\/EEUU_2020-JULIAN_CASTRO_83462.jpg\" media=\"(min-width: 320px)\" \/><img class=\"responsive-image\" title=\"El aspirante a la candidatura presidencial dem\u00f3crata Juli\u00e1n Castro en un evento en Washington el 1 de abril del 2019.\" srcset=\"\/\/www.mcclatchy-wires.com\/incoming\/lvq0lz\/picture228725654\/alternates\/LANDSCAPE_1140\/EEUU_2020-JULIAN_CASTRO_83462.jpg\" alt=\"El aspirante a la candidatura presidencial dem\u00f3crata Juli\u00e1n Castro en un evento en Washington el 1 de abril del 2019.\" \/><\/picture><\/div>\n<h5 class=\"lead-item \" style=\"text-align: center;\"><em><span style=\"color: #000000;\">El aspirante a la candidatura presidencial dem\u00f3crata Juli\u00e1n Castro en un evento en Washington el 1 de abril del 2019.JOSE LUIS MAGANA\u00a0AP PHOTO<\/span><\/em><\/h5>\n<\/div>\n<div><\/div>\n<div><\/div>\n<div><\/div>\n<div><\/div>\n<div>\n<p>&nbsp;<\/p>\n<p><em><strong><span style=\"color: #000000;\">Fuente:\u00a0 https:\/\/www.elnuevoherald.com \/ Paul J Weber<\/span><\/strong><\/em><\/p>\n<hr \/>\n<hr \/>\n<p>&nbsp;<\/p>\n<h3><em>El exalcalde de San Antonio formul\u00f3 su propuesta en momentos el que el presidente Donald Trump est\u00e1 amenazando con cerrar la frontera sur a menos que M\u00e9xico frene inmediatamente todos los cruces ilegales a suelo estadounidense.<\/em><\/h3>\n<p>&nbsp;<\/p>\n<p>&nbsp;<\/p>\n<h4><span style=\"color: #000000;\">Todos los precandidatos dem\u00f3cratas a la Casa Blanca han fustigado las pol\u00edticas migratorias del gobierno de Trump y su ret\u00f3rica sobre las minor\u00edas, pero Castro, el \u00fanico hispano en la contienda, ha ido m\u00e1s all\u00e1.<\/span><\/h4>\n<h4><span style=\"color: #000000;\">\u00abLa verdad es que los inmigrantes que buscan refugio en nuestro pa\u00eds no son una amenaza a la seguridad nacional. La migraci\u00f3n no debe ser un tema de justicia criminal\u201d, escribi\u00f3 Castro en un blog con detalles de su plan.<\/span><\/h4>\n<h4><span style=\"color: #000000;\">Castro, nieto de un inmigrante mexicano, ha prometido revertir la pol\u00edtica de Trump hacia los inmigrantes y, como otros candidatos, ha propuesto dar a los inmigrantes una v\u00eda hacia la ciudadan\u00eda y frenar la construcci\u00f3n del muro entre Estados Unidos y M\u00e9xico.<\/span><\/h4>\n<h4><span style=\"color: #000000;\">Su plan estipula que estar en Estados Unidos ilegalmente ser\u00eda un delito civil y no penal. La pol\u00edtica \u201ctolerancia cero\u201d de Trump hacia los cruces fronterizos implic\u00f3 la detenci\u00f3n de todos los adultos que cruzaban, incluso si eso conllevaba a la separaci\u00f3n de familias.<\/span><\/h4>\n<h4><span style=\"color: #000000;\">Castro adem\u00e1s propone reestructurar el Servicio de Inmigraci\u00f3n y Aduanas (ICE por sus siglas en ingl\u00e9s), dividi\u00e9ndolo en dos y a remitiendo a otra agencia las tareas policiales. Los dem\u00e1s candidatos han sido menos claros sobre sus planes para el ICE, aunque militantes m\u00e1s liberales han sugerido abolirlo.<\/span><\/h4>\n<h4><span style=\"color: #000000;\">Castro anunci\u00f3 una marcha en su ciudad, San Antonio, este mes, para el mismo momento en que Trump estar\u00e1 de visita en Texas.<\/span><\/h4>\n<\/div>\n<div style=\"bottom: 0; right: 0; width: 86px; height: 250px; background: initial; position: absolute; max-width: 100%; max-height: 100%; pointer-events: none; image-rendering: pixelated; z-index: 2147483647; background-image: url(&amp;#39; data: image\/png;\"><\/div>\n<\/div>\n<div style=\"bottom: 0; right: 0; width: 86px; height: 250px; background: initial; position: absolute; max-width: 100%; max-height: 100%; pointer-events: none; image-rendering: pixelated; z-index: 2147483647; background-image: url(&amp;#39; data: image\/png;\"><\/div>\n<div style=\"bottom: 0; right: 0; width: 86px; height: 250px; background: initial; position: absolute; max-width: 100%; max-height: 100%; pointer-events: none; image-rendering: pixelated; z-index: 2147483647; background-image: url(&amp;#39; data: image\/png;\"><\/div>\n<\/div>\n<div id=\"google_image_div\"><\/div>\n<p>&nbsp;<\/p>\n<div style=\"bottom: 0; right: 0; width: 86px; height: 250px; background: initial; position: absolute; max-width: 100%; max-height: 100%; pointer-events: none; image-rendering: pixelated; z-index: 2147483647; background-image: url(&amp;#39; data: image\/png;\"><\/div>\n<div>\n<div id=\"google_image_div\"><\/div>\n<div><\/div>\n<\/div>\n<div><\/div>\n","protected":false},"excerpt":{"rendered":"<p>El aspirante a la candidatura presidencial dem\u00f3crata Juli\u00e1n Castro propuso el martes dejar de criminalizar los cruces fronterizos ilegales, al presentar un plan de reforma migratoria. El aspirante a la candidatura presidencial dem\u00f3crata Juli\u00e1n&#46;&#46;&#46;<\/p>\n","protected":false},"author":27,"featured_media":12576,"comment_status":"open","ping_status":"open","sticky":false,"template":"","format":"standard","meta":{"_acf_changed":false,"rop_custom_images_group":[],"rop_custom_messages_group":[],"rop_publish_now":"initial","rop_publish_now_accounts":{"twitter_242054905_242054905":""},"rop_publish_now_history":[],"rop_publish_now_status":"pending","footnotes":""},"categories":[1775,1774,3],"tags":[209,154,1674],"class_list":["post-12575","post","type-post","status-publish","format-standard","has-post-thumbnail","hentry","category-norteamerica","category-noticias","category-politica","tag-eeuu","tag-inmigracion-ilegal","tag-julian-castro"],"acf":[],"yoast_head":"<!-- This site is optimized with the Yoast SEO Premium plugin v24.9 (Yoast SEO v27.2) - https:\/\/yoast.com\/product\/yoast-seo-premium-wordpress\/ -->\n<title>EEUU: Castro propone no criminalizar la inmigraci\u00f3n ilegal - Texas | Noti-America.com<\/title>\n<meta name=\"robots\" content=\"index, follow, max-snippet:-1, max-image-preview:large, max-video-preview:-1\" \/>\n<link rel=\"canonical\" href=\"https:\/\/noti-america.com\/site\/texas\/2019\/04\/03\/eeuu-castro-propone-no-criminalizar-la-inmigracion-ilegal\/\" \/>\n<meta property=\"og:locale\" content=\"es_ES\" \/>\n<meta property=\"og:type\" content=\"article\" \/>\n<meta property=\"og:title\" content=\"EEUU: Castro propone no criminalizar la inmigraci\u00f3n ilegal\" \/>\n<meta property=\"og:description\" content=\"El aspirante a la candidatura presidencial dem\u00f3crata Juli\u00e1n Castro propuso el martes dejar de criminalizar los cruces fronterizos ilegales, al presentar un plan de reforma migratoria. El aspirante a la candidatura presidencial dem\u00f3crata Juli\u00e1n&#046;&#046;&#046;\" \/>\n<meta property=\"og:url\" content=\"https:\/\/noti-america.com\/site\/texas\/2019\/04\/03\/eeuu-castro-propone-no-criminalizar-la-inmigracion-ilegal\/\" \/>\n<meta property=\"og:site_name\" content=\"Texas | Noti-America.com\" \/>\n<meta property=\"article:published_time\" content=\"2019-04-03T12:37:59+00:00\" \/>\n<meta property=\"og:image\" content=\"https:\/\/noti-america.com\/site\/texas\/wp-content\/uploads\/sites\/4\/2019\/04\/Castro-propone.jpg\" \/>\n\t<meta property=\"og:image:width\" content=\"960\" \/>\n\t<meta property=\"og:image:height\" content=\"539\" \/>\n\t<meta property=\"og:image:type\" content=\"image\/jpeg\" \/>\n<meta name=\"author\" content=\"Redacci\u00f3n NA-TN\" \/>\n<meta name=\"twitter:card\" content=\"summary_large_image\" \/>\n<meta name=\"twitter:label1\" content=\"Escrito por\" \/>\n\t<meta name=\"twitter:data1\" content=\"Redacci\u00f3n NA-TN\" \/>\n\t<meta name=\"twitter:label2\" content=\"Tiempo estimado de lectura\" \/>\n\t<meta name=\"twitter:data2\" content=\"2 minutos\" \/>\n<script type=\"application\/ld+json\" class=\"yoast-schema-graph\">{\"@context\":\"https:\/\/schema.org\",\"@graph\":[{\"@type\":\"Article\",\"@id\":\"https:\/\/noti-america.com\/site\/texas\/2019\/04\/03\/eeuu-castro-propone-no-criminalizar-la-inmigracion-ilegal\/#article\",\"isPartOf\":{\"@id\":\"https:\/\/noti-america.com\/site\/texas\/2019\/04\/03\/eeuu-castro-propone-no-criminalizar-la-inmigracion-ilegal\/\"},\"author\":{\"name\":\"Redacci\u00f3n NA-TN\",\"@id\":\"https:\/\/noti-america.com\/site\/texas\/#\/schema\/person\/1ece9fdd47c6afcadfd7bc8a7fa85003\"},\"headline\":\"EEUU: Castro propone no criminalizar la inmigraci\u00f3n ilegal\",\"datePublished\":\"2019-04-03T12:37:59+00:00\",\"mainEntityOfPage\":{\"@id\":\"https:\/\/noti-america.com\/site\/texas\/2019\/04\/03\/eeuu-castro-propone-no-criminalizar-la-inmigracion-ilegal\/\"},\"wordCount\":366,\"commentCount\":0,\"publisher\":{\"@id\":\"https:\/\/noti-america.com\/site\/texas\/#organization\"},\"image\":{\"@id\":\"https:\/\/noti-america.com\/site\/texas\/2019\/04\/03\/eeuu-castro-propone-no-criminalizar-la-inmigracion-ilegal\/#primaryimage\"},\"thumbnailUrl\":\"https:\/\/noti-america.com\/site\/texas\/wp-content\/uploads\/sites\/4\/2019\/04\/Castro-propone.jpg\",\"keywords\":[\"EEUU\",\"inmigraci\u00f3n ilegal\",\"Julian Castro\"],\"articleSection\":[\"Am\u00e9rica del Norte\",\"Noticias\",\"Pol\u00edtica\"],\"inLanguage\":\"es\",\"potentialAction\":[{\"@type\":\"CommentAction\",\"name\":\"Comment\",\"target\":[\"https:\/\/noti-america.com\/site\/texas\/2019\/04\/03\/eeuu-castro-propone-no-criminalizar-la-inmigracion-ilegal\/#respond\"]}]},{\"@type\":\"WebPage\",\"@id\":\"https:\/\/noti-america.com\/site\/texas\/2019\/04\/03\/eeuu-castro-propone-no-criminalizar-la-inmigracion-ilegal\/\",\"url\":\"https:\/\/noti-america.com\/site\/texas\/2019\/04\/03\/eeuu-castro-propone-no-criminalizar-la-inmigracion-ilegal\/\",\"name\":\"EEUU: Castro propone no criminalizar la inmigraci\u00f3n ilegal - Texas | Noti-America.com\",\"isPartOf\":{\"@id\":\"https:\/\/noti-america.com\/site\/texas\/#website\"},\"primaryImageOfPage\":{\"@id\":\"https:\/\/noti-america.com\/site\/texas\/2019\/04\/03\/eeuu-castro-propone-no-criminalizar-la-inmigracion-ilegal\/#primaryimage\"},\"image\":{\"@id\":\"https:\/\/noti-america.com\/site\/texas\/2019\/04\/03\/eeuu-castro-propone-no-criminalizar-la-inmigracion-ilegal\/#primaryimage\"},\"thumbnailUrl\":\"https:\/\/noti-america.com\/site\/texas\/wp-content\/uploads\/sites\/4\/2019\/04\/Castro-propone.jpg\",\"datePublished\":\"2019-04-03T12:37:59+00:00\",\"breadcrumb\":{\"@id\":\"https:\/\/noti-america.com\/site\/texas\/2019\/04\/03\/eeuu-castro-propone-no-criminalizar-la-inmigracion-ilegal\/#breadcrumb\"},\"inLanguage\":\"es\",\"potentialAction\":[{\"@type\":\"ReadAction\",\"target\":[\"https:\/\/noti-america.com\/site\/texas\/2019\/04\/03\/eeuu-castro-propone-no-criminalizar-la-inmigracion-ilegal\/\"]}]},{\"@type\":\"ImageObject\",\"inLanguage\":\"es\",\"@id\":\"https:\/\/noti-america.com\/site\/texas\/2019\/04\/03\/eeuu-castro-propone-no-criminalizar-la-inmigracion-ilegal\/#primaryimage\",\"url\":\"https:\/\/noti-america.com\/site\/texas\/wp-content\/uploads\/sites\/4\/2019\/04\/Castro-propone.jpg\",\"contentUrl\":\"https:\/\/noti-america.com\/site\/texas\/wp-content\/uploads\/sites\/4\/2019\/04\/Castro-propone.jpg\",\"width\":960,\"height\":539},{\"@type\":\"BreadcrumbList\",\"@id\":\"https:\/\/noti-america.com\/site\/texas\/2019\/04\/03\/eeuu-castro-propone-no-criminalizar-la-inmigracion-ilegal\/#breadcrumb\",\"itemListElement\":[{\"@type\":\"ListItem\",\"position\":1,\"name\":\"Portada\",\"item\":\"https:\/\/noti-america.com\/site\/texas\/\"},{\"@type\":\"ListItem\",\"position\":2,\"name\":\"EEUU: Castro propone no criminalizar la inmigraci\u00f3n ilegal\"}]},{\"@type\":\"WebSite\",\"@id\":\"https:\/\/noti-america.com\/site\/texas\/#website\",\"url\":\"https:\/\/noti-america.com\/site\/texas\/\",\"name\":\"Texas | Noti-America.com\",\"description\":\"\",\"publisher\":{\"@id\":\"https:\/\/noti-america.com\/site\/texas\/#organization\"},\"potentialAction\":[{\"@type\":\"SearchAction\",\"target\":{\"@type\":\"EntryPoint\",\"urlTemplate\":\"https:\/\/noti-america.com\/site\/texas\/?s={search_term_string}\"},\"query-input\":{\"@type\":\"PropertyValueSpecification\",\"valueRequired\":true,\"valueName\":\"search_term_string\"}}],\"inLanguage\":\"es\"},{\"@type\":\"Organization\",\"@id\":\"https:\/\/noti-america.com\/site\/texas\/#organization\",\"name\":\"Noti-America LLC | Texas-USA\",\"url\":\"https:\/\/noti-america.com\/site\/texas\/\",\"logo\":{\"@type\":\"ImageObject\",\"inLanguage\":\"es\",\"@id\":\"https:\/\/noti-america.com\/site\/texas\/#\/schema\/logo\/image\/\",\"url\":\"https:\/\/noti-america.com\/site\/us-tx\/wp-content\/uploads\/sites\/4\/2020\/07\/LogoNA-4x3-1.jpg\",\"contentUrl\":\"https:\/\/noti-america.com\/site\/us-tx\/wp-content\/uploads\/sites\/4\/2020\/07\/LogoNA-4x3-1.jpg\",\"width\":1236,\"height\":1080,\"caption\":\"Noti-America LLC | Texas-USA\"},\"image\":{\"@id\":\"https:\/\/noti-america.com\/site\/texas\/#\/schema\/logo\/image\/\"}},{\"@type\":\"Person\",\"@id\":\"https:\/\/noti-america.com\/site\/texas\/#\/schema\/person\/1ece9fdd47c6afcadfd7bc8a7fa85003\",\"name\":\"Redacci\u00f3n NA-TN\",\"image\":{\"@type\":\"ImageObject\",\"inLanguage\":\"es\",\"@id\":\"https:\/\/secure.gravatar.com\/avatar\/894ea7549dcb9c4eb89f2bce99ffa6e5ae58287ad75ae3f10fd38a111f9ffb9b?s=96&d=mm&r=g\",\"url\":\"https:\/\/secure.gravatar.com\/avatar\/894ea7549dcb9c4eb89f2bce99ffa6e5ae58287ad75ae3f10fd38a111f9ffb9b?s=96&d=mm&r=g\",\"contentUrl\":\"https:\/\/secure.gravatar.com\/avatar\/894ea7549dcb9c4eb89f2bce99ffa6e5ae58287ad75ae3f10fd38a111f9ffb9b?s=96&d=mm&r=g\",\"caption\":\"Redacci\u00f3n NA-TN\"},\"url\":\"https:\/\/noti-america.com\/site\/texas\/author\/redacciontn\/\"}]}<\/script>\n<!-- \/ Yoast SEO Premium plugin. -->","yoast_head_json":{"title":"EEUU: Castro propone no criminalizar la inmigraci\u00f3n ilegal - Texas | Noti-America.com","robots":{"index":"index","follow":"follow","max-snippet":"max-snippet:-1","max-image-preview":"max-image-preview:large","max-video-preview":"max-video-preview:-1"},"canonical":"https:\/\/noti-america.com\/site\/texas\/2019\/04\/03\/eeuu-castro-propone-no-criminalizar-la-inmigracion-ilegal\/","og_locale":"es_ES","og_type":"article","og_title":"EEUU: Castro propone no criminalizar la inmigraci\u00f3n ilegal","og_description":"El aspirante a la candidatura presidencial dem\u00f3crata Juli\u00e1n Castro propuso el martes dejar de criminalizar los cruces fronterizos ilegales, al presentar un plan de reforma migratoria. El aspirante a la candidatura presidencial dem\u00f3crata Juli\u00e1n&#46;&#46;&#46;","og_url":"https:\/\/noti-america.com\/site\/texas\/2019\/04\/03\/eeuu-castro-propone-no-criminalizar-la-inmigracion-ilegal\/","og_site_name":"Texas | Noti-America.com","article_published_time":"2019-04-03T12:37:59+00:00","og_image":[{"width":960,"height":539,"url":"https:\/\/noti-america.com\/site\/texas\/wp-content\/uploads\/sites\/4\/2019\/04\/Castro-propone.jpg","type":"image\/jpeg"}],"author":"Redacci\u00f3n NA-TN","twitter_card":"summary_large_image","twitter_misc":{"Escrito por":"Redacci\u00f3n NA-TN","Tiempo estimado de lectura":"2 minutos"},"schema":{"@context":"https:\/\/schema.org","@graph":[{"@type":"Article","@id":"https:\/\/noti-america.com\/site\/texas\/2019\/04\/03\/eeuu-castro-propone-no-criminalizar-la-inmigracion-ilegal\/#article","isPartOf":{"@id":"https:\/\/noti-america.com\/site\/texas\/2019\/04\/03\/eeuu-castro-propone-no-criminalizar-la-inmigracion-ilegal\/"},"author":{"name":"Redacci\u00f3n NA-TN","@id":"https:\/\/noti-america.com\/site\/texas\/#\/schema\/person\/1ece9fdd47c6afcadfd7bc8a7fa85003"},"headline":"EEUU: Castro propone no criminalizar la inmigraci\u00f3n ilegal","datePublished":"2019-04-03T12:37:59+00:00","mainEntityOfPage":{"@id":"https:\/\/noti-america.com\/site\/texas\/2019\/04\/03\/eeuu-castro-propone-no-criminalizar-la-inmigracion-ilegal\/"},"wordCount":366,"commentCount":0,"publisher":{"@id":"https:\/\/noti-america.com\/site\/texas\/#organization"},"image":{"@id":"https:\/\/noti-america.com\/site\/texas\/2019\/04\/03\/eeuu-castro-propone-no-criminalizar-la-inmigracion-ilegal\/#primaryimage"},"thumbnailUrl":"https:\/\/noti-america.com\/site\/texas\/wp-content\/uploads\/sites\/4\/2019\/04\/Castro-propone.jpg","keywords":["EEUU","inmigraci\u00f3n ilegal","Julian Castro"],"articleSection":["Am\u00e9rica del Norte","Noticias","Pol\u00edtica"],"inLanguage":"es","potentialAction":[{"@type":"CommentAction","name":"Comment","target":["https:\/\/noti-america.com\/site\/texas\/2019\/04\/03\/eeuu-castro-propone-no-criminalizar-la-inmigracion-ilegal\/#respond"]}]},{"@type":"WebPage","@id":"https:\/\/noti-america.com\/site\/texas\/2019\/04\/03\/eeuu-castro-propone-no-criminalizar-la-inmigracion-ilegal\/","url":"https:\/\/noti-america.com\/site\/texas\/2019\/04\/03\/eeuu-castro-propone-no-criminalizar-la-inmigracion-ilegal\/","name":"EEUU: Castro propone no criminalizar la inmigraci\u00f3n ilegal - Texas | Noti-America.com","isPartOf":{"@id":"https:\/\/noti-america.com\/site\/texas\/#website"},"primaryImageOfPage":{"@id":"https:\/\/noti-america.com\/site\/texas\/2019\/04\/03\/eeuu-castro-propone-no-criminalizar-la-inmigracion-ilegal\/#primaryimage"},"image":{"@id":"https:\/\/noti-america.com\/site\/texas\/2019\/04\/03\/eeuu-castro-propone-no-criminalizar-la-inmigracion-ilegal\/#primaryimage"},"thumbnailUrl":"https:\/\/noti-america.com\/site\/texas\/wp-content\/uploads\/sites\/4\/2019\/04\/Castro-propone.jpg","datePublished":"2019-04-03T12:37:59+00:00","breadcrumb":{"@id":"https:\/\/noti-america.com\/site\/texas\/2019\/04\/03\/eeuu-castro-propone-no-criminalizar-la-inmigracion-ilegal\/#breadcrumb"},"inLanguage":"es","potentialAction":[{"@type":"ReadAction","target":["https:\/\/noti-america.com\/site\/texas\/2019\/04\/03\/eeuu-castro-propone-no-criminalizar-la-inmigracion-ilegal\/"]}]},{"@type":"ImageObject","inLanguage":"es","@id":"https:\/\/noti-america.com\/site\/texas\/2019\/04\/03\/eeuu-castro-propone-no-criminalizar-la-inmigracion-ilegal\/#primaryimage","url":"https:\/\/noti-america.com\/site\/texas\/wp-content\/uploads\/sites\/4\/2019\/04\/Castro-propone.jpg","contentUrl":"https:\/\/noti-america.com\/site\/texas\/wp-content\/uploads\/sites\/4\/2019\/04\/Castro-propone.jpg","width":960,"height":539},{"@type":"BreadcrumbList","@id":"https:\/\/noti-america.com\/site\/texas\/2019\/04\/03\/eeuu-castro-propone-no-criminalizar-la-inmigracion-ilegal\/#breadcrumb","itemListElement":[{"@type":"ListItem","position":1,"name":"Portada","item":"https:\/\/noti-america.com\/site\/texas\/"},{"@type":"ListItem","position":2,"name":"EEUU: Castro propone no criminalizar la inmigraci\u00f3n ilegal"}]},{"@type":"WebSite","@id":"https:\/\/noti-america.com\/site\/texas\/#website","url":"https:\/\/noti-america.com\/site\/texas\/","name":"Texas | Noti-America.com","description":"","publisher":{"@id":"https:\/\/noti-america.com\/site\/texas\/#organization"},"potentialAction":[{"@type":"SearchAction","target":{"@type":"EntryPoint","urlTemplate":"https:\/\/noti-america.com\/site\/texas\/?s={search_term_string}"},"query-input":{"@type":"PropertyValueSpecification","valueRequired":true,"valueName":"search_term_string"}}],"inLanguage":"es"},{"@type":"Organization","@id":"https:\/\/noti-america.com\/site\/texas\/#organization","name":"Noti-America LLC | Texas-USA","url":"https:\/\/noti-america.com\/site\/texas\/","logo":{"@type":"ImageObject","inLanguage":"es","@id":"https:\/\/noti-america.com\/site\/texas\/#\/schema\/logo\/image\/","url":"https:\/\/noti-america.com\/site\/us-tx\/wp-content\/uploads\/sites\/4\/2020\/07\/LogoNA-4x3-1.jpg","contentUrl":"https:\/\/noti-america.com\/site\/us-tx\/wp-content\/uploads\/sites\/4\/2020\/07\/LogoNA-4x3-1.jpg","width":1236,"height":1080,"caption":"Noti-America LLC | Texas-USA"},"image":{"@id":"https:\/\/noti-america.com\/site\/texas\/#\/schema\/logo\/image\/"}},{"@type":"Person","@id":"https:\/\/noti-america.com\/site\/texas\/#\/schema\/person\/1ece9fdd47c6afcadfd7bc8a7fa85003","name":"Redacci\u00f3n NA-TN","image":{"@type":"ImageObject","inLanguage":"es","@id":"https:\/\/secure.gravatar.com\/avatar\/894ea7549dcb9c4eb89f2bce99ffa6e5ae58287ad75ae3f10fd38a111f9ffb9b?s=96&d=mm&r=g","url":"https:\/\/secure.gravatar.com\/avatar\/894ea7549dcb9c4eb89f2bce99ffa6e5ae58287ad75ae3f10fd38a111f9ffb9b?s=96&d=mm&r=g","contentUrl":"https:\/\/secure.gravatar.com\/avatar\/894ea7549dcb9c4eb89f2bce99ffa6e5ae58287ad75ae3f10fd38a111f9ffb9b?s=96&d=mm&r=g","caption":"Redacci\u00f3n NA-TN"},"url":"https:\/\/noti-america.com\/site\/texas\/author\/redacciontn\/"}]}},"_links":{"self":[{"href":"https:\/\/noti-america.com\/site\/texas\/wp-json\/wp\/v2\/posts\/12575","targetHints":{"allow":["GET"]}}],"collection":[{"href":"https:\/\/noti-america.com\/site\/texas\/wp-json\/wp\/v2\/posts"}],"about":[{"href":"https:\/\/noti-america.com\/site\/texas\/wp-json\/wp\/v2\/types\/post"}],"author":[{"embeddable":true,"href":"https:\/\/noti-america.com\/site\/texas\/wp-json\/wp\/v2\/users\/27"}],"replies":[{"embeddable":true,"href":"https:\/\/noti-america.com\/site\/texas\/wp-json\/wp\/v2\/comments?post=12575"}],"version-history":[{"count":1,"href":"https:\/\/noti-america.com\/site\/texas\/wp-json\/wp\/v2\/posts\/12575\/revisions"}],"predecessor-version":[{"id":12577,"href":"https:\/\/noti-america.com\/site\/texas\/wp-json\/wp\/v2\/posts\/12575\/revisions\/12577"}],"wp:featuredmedia":[{"embeddable":true,"href":"https:\/\/noti-america.com\/site\/texas\/wp-json\/wp\/v2\/media\/12576"}],"wp:attachment":[{"href":"https:\/\/noti-america.com\/site\/texas\/wp-json\/wp\/v2\/media?parent=12575"}],"wp:term":[{"taxonomy":"category","embeddable":true,"href":"https:\/\/noti-america.com\/site\/texas\/wp-json\/wp\/v2\/categories?post=12575"},{"taxonomy":"post_tag","embeddable":true,"href":"https:\/\/noti-america.com\/site\/texas\/wp-json\/wp\/v2\/tags?post=12575"}],"curies":[{"name":"wp","href":"https:\/\/api.w.org\/{rel}","templated":true}]}}