{"id":12475,"date":"2019-03-28T07:17:46","date_gmt":"2019-03-28T12:17:46","guid":{"rendered":"http:\/\/noti-america.com\/site\/us-tx\/?p=12475"},"modified":"2019-03-28T07:17:46","modified_gmt":"2019-03-28T12:17:46","slug":"t-mec-pasaria-al-congreso-de-ee-uu-en-abril-o-mayo-republicanos","status":"publish","type":"post","link":"https:\/\/noti-america.com\/site\/texas\/2019\/03\/28\/t-mec-pasaria-al-congreso-de-ee-uu-en-abril-o-mayo-republicanos\/","title":{"rendered":"T-MEC pasar\u00eda al Congreso de EE.UU en abril o mayo: republicanos"},"content":{"rendered":"<div class=\"entry\">\n<div class=\"entry-top galleryDesktop\">\n<div class=\"title-top\"><\/div>\n<div>\n<h2 style=\"text-align: center;\"><span style=\"color: #000000;\">Una vez en el legislativo, el proceso de votaci\u00f3n tomar\u00e1 90 d\u00edas, pero para iniciarlo se debe contar adem\u00e1s con el aval de Nancy Pelosi, presidenta de la C\u00e1mara de Representantes.<\/span><\/h2>\n<\/div>\n<\/div>\n<div class=\"nota-autor clearfix\">\n<div class=\"entry-author clearfix\">\n<address class=\"clearfix\">\n<figure><\/figure>\n<\/address>\n<\/div>\n<div class=\"redes-right pull-right\">\n<div class=\"group-redes\"><\/div>\n<\/div>\n<\/div>\n<figure class=\"img-top\"><img decoding=\"async\" class=\" InImage\" title=\"T-MEC pasar\u00eda al Congreso de EU en abril o mayo: republicanos\" src=\"https:\/\/www.eleconomista.com.mx\/__export\/1553747792703\/sites\/eleconomista\/img\/2019\/03\/27\/trump.jpg_423392900.jpg\" alt=\"T-MEC pasar\u00eda al Congreso de EU en abril o mayo: republicanos\" \/><\/p>\n<h5 id=\"sas_container_8136093\" style=\"text-align: center;\"><em>El presidente estadounidense Donald Trump est\u00e1 dando m\u00e1xima prioridad a la ratificaci\u00f3n acelerada del Tratado entre M\u00e9xico, Estados Unidos y Canad\u00e1 (T-MEC), para lo cual pondr\u00e1 ese acuerdo a consideraci\u00f3n del Congreso estadounidense en abril o mayo.<\/em><\/h5>\n<\/figure>\n<\/div>\n<section class=\"main-content\">\n<div class=\"entry-body\">\n<div id=\"SMIntext-effective-1553775135893\" class=\"SMIntext-effective SMIntext-effective-2ead2b49-40ca-441d-b0a2-889a789d442a desktop\"><\/div>\n<div id=\"SMIntext-reference-1553775135893\" class=\"SMIntext-reference SMIntext-reference-2ead2b49-40ca-441d-b0a2-889a789d442a desktop\"><em><em><strong>Fuente: https:\/\/www.eleconomista.com.mx \/ Roberto Morales<\/strong><\/em><\/em><\/p>\n<hr \/>\n<hr \/>\n<\/div>\n<h3 id=\"SMIntext-clearfix-1553775135893\"><\/h3>\n<h3><em><span style=\"color: #000000;\">Seg\u00fan la legislaci\u00f3n estadounidense, el proceso de votaci\u00f3n debe durar un m\u00e1ximo de 90 d\u00edas, pero para iniciarlo se debe contar adem\u00e1s con el aval de Nancy Pelosi, presidenta de la C\u00e1mara de Representantes (la c\u00e1mara de origen).<\/span><\/em><\/h3>\n<p>&nbsp;<\/p>\n<p>&nbsp;<\/p>\n<h3><span style=\"color: #000000;\">El representante texano Will Hurd, quien particip\u00f3 el martes \u2014junto con otros 22 miembros de la c\u00e1mara\u2014 en una reuni\u00f3n con Trump en la Casa Blanca, destac\u00f3 que el presidente pondr\u00e1 el T-MEC a consideraci\u00f3n del Congreso en mayo.<\/span><\/h3>\n<h3><span style=\"color: #000000;\">El mismo martes, en una reuni\u00f3n con senadores republicanos en el Capitolio, Trump dijo que planea presentar el T-MEC para su votaci\u00f3n lo antes posible de conformidad con los procedimientos legislativos establecidos, lo que implica que ser\u00eda despu\u00e9s de que la Comisi\u00f3n de Comercio Internacional presente su an\u00e1lisis del impacto econ\u00f3mico del acuerdo, el 19 de abril. Trump ha identificado al T-MEC como su principal prioridad legislativa este a\u00f1o, de acuerdo con el medio estadounidense Politico.<\/span><\/h3>\n<h3><span style=\"color: #000000;\">Previamente, el lunes, en la Convenci\u00f3n de la C\u00e1mara Americana de Comercio (AmCham M\u00e9xico), Luz Mar\u00eda de la Mora, subsecretaria de Comercio Exterior de la Secretar\u00eda de Econom\u00eda, record\u00f3 que Trump present\u00f3 la renegociaci\u00f3n del Tratado de Libre Comercio de Am\u00e9rica del Norte (TLCAN) como una oferta de su campa\u00f1a, cambi\u00e1ndolo luego, desde la perspectiva de \u00e9l, de \u201cun desastre\u201d al \u201cmejor acuerdo que nunca se haya negociado\u201d.<\/span><\/h3>\n<h3><span style=\"color: #000000;\">\u201cPara \u00e9l (Trump) es una victoria pol\u00edtica haber concluido ese acuerdo y va a ser una victoria pol\u00edtica poder tenerlo aprobado y en vigor, y le va a servir para su reelecci\u00f3n\u201d, opin\u00f3 De la Mora.<\/span><\/h3>\n<h3><span style=\"color: #000000;\">Una vez que comience el proceso de consideraci\u00f3n e implementaci\u00f3n del T-MEC en el Congreso estadounidense, el Comit\u00e9 de Medios y Arbitrios de la C\u00e1mara de Representantes tiene 45 d\u00edas para presentar la iniciativa y 15 d\u00edas despu\u00e9s esa c\u00e1mara debe hacer la votaci\u00f3n.<\/span><\/h3>\n<h3><span style=\"color: #000000;\">Posteriormente, el Comit\u00e9 de Finanzas del Senado debe presentar la iniciativa en 15 d\u00edas y los senadores realizar la votaci\u00f3n pasados otros 15 d\u00edas. Estados Unidos y M\u00e9xico tienen una s\u00f3lida relaci\u00f3n econ\u00f3mica y comercial que se ha reforzado en los \u00faltimos a\u00f1os a trav\u00e9s del TLCAN. Desde 1994, este tratado elimin\u00f3 pr\u00e1cticamente todas las barreras comerciales y no arancelarias y de inversi\u00f3n entre los pa\u00edses socios y proporcion\u00f3 un mecanismo basado en normas para regular el comercio de Am\u00e9rica del Norte.<\/span><\/h3>\n<h3><span style=\"color: #000000;\">\u201cEn el partido dem\u00f3crata hay de todo, pero me parece que hay una evaluaci\u00f3n de que la relaci\u00f3n comercial con M\u00e9xico es importante y que este acuerdo (el T-MEC) es importante. Creo que este debate en Estados Unidos ayud\u00f3 a replantear lo que significa el tener un acuerdo como el que se tiene con M\u00e9xico y a replantear la relaci\u00f3n econ\u00f3mica, comercial y de integraci\u00f3n con M\u00e9xico\u201d, dijo De la Mora.<\/span><\/h3>\n<h3><span style=\"color: #000000;\">En noviembre pasado, Ildefonso Guajardo, entonces secretario de Econom\u00eda de M\u00e9xico, expuso que la negociaci\u00f3n del T-MEC se cerr\u00f3 considerando en su balance la probabilidad de que se votara con un Congreso estadounidense de mayor\u00eda dem\u00f3crata.<\/span><\/h3>\n<h3><span style=\"color: #000000;\">\u201cMe parece que despu\u00e9s de toda esta discusi\u00f3n, todo este debate y todos los ataques a M\u00e9xico por el TLCAN, al final salimos muy bien librados\u201d, concluy\u00f3 De la Mora.<\/span><\/h3>\n<figure><span style=\"color: #000000;\"><img decoding=\"async\" title=\"\" src=\"https:\/\/www.eleconomista.com.mx\/export\/sites\/eleconomista\/img\/2019\/03\/27\/emp_int_tmec_280319.png_1604625579.png\" alt=\"\" hspace=\"5\" vspace=\"5\" data-height=\"624\" data-size=\"w:600,h:624\" data-width=\"600\" \/><\/span><\/figure>\n<div>\n<h3><span style=\"color: #000000;\">Archivado en:<\/span><\/h3>\n<\/div>\n<\/div>\n<\/section>\n","protected":false},"excerpt":{"rendered":"<p>Una vez en el legislativo, el proceso de votaci\u00f3n tomar\u00e1 90 d\u00edas, pero para iniciarlo se debe contar adem\u00e1s con el aval de Nancy Pelosi, presidenta de la C\u00e1mara de Representantes. El presidente estadounidense&#46;&#46;&#46;<\/p>\n","protected":false},"author":30,"featured_media":12476,"comment_status":"open","ping_status":"open","sticky":false,"template":"","format":"standard","meta":{"_acf_changed":false,"rop_custom_images_group":[],"rop_custom_messages_group":[],"rop_publish_now":"initial","rop_publish_now_accounts":{"twitter_242054905_242054905":""},"rop_publish_now_history":[],"rop_publish_now_status":"pending","footnotes":""},"categories":[1775,1774,3],"tags":[1016,67,1983],"class_list":["post-12475","post","type-post","status-publish","format-standard","has-post-thumbnail","hentry","category-norteamerica","category-noticias","category-politica","tag-congreso","tag-ee-uu","tag-t-mec"],"acf":[],"yoast_head":"<!-- This site is optimized with the Yoast SEO Premium plugin v24.9 (Yoast SEO v27.2) - https:\/\/yoast.com\/product\/yoast-seo-premium-wordpress\/ -->\n<title>T-MEC pasar\u00eda al Congreso de EE.UU en abril o mayo: republicanos - Texas | Noti-America.com<\/title>\n<meta name=\"robots\" content=\"index, follow, max-snippet:-1, max-image-preview:large, max-video-preview:-1\" \/>\n<link rel=\"canonical\" href=\"https:\/\/noti-america.com\/site\/texas\/2019\/03\/28\/t-mec-pasaria-al-congreso-de-ee-uu-en-abril-o-mayo-republicanos\/\" \/>\n<meta property=\"og:locale\" content=\"es_ES\" \/>\n<meta property=\"og:type\" content=\"article\" \/>\n<meta property=\"og:title\" content=\"T-MEC pasar\u00eda al Congreso de EE.UU en abril o mayo: republicanos\" \/>\n<meta property=\"og:description\" content=\"Una vez en el legislativo, el proceso de votaci\u00f3n tomar\u00e1 90 d\u00edas, pero para iniciarlo se debe contar adem\u00e1s con el aval de Nancy Pelosi, presidenta de la C\u00e1mara de Representantes. El presidente estadounidense&#046;&#046;&#046;\" \/>\n<meta property=\"og:url\" content=\"https:\/\/noti-america.com\/site\/texas\/2019\/03\/28\/t-mec-pasaria-al-congreso-de-ee-uu-en-abril-o-mayo-republicanos\/\" \/>\n<meta property=\"og:site_name\" content=\"Texas | Noti-America.com\" \/>\n<meta property=\"article:published_time\" content=\"2019-03-28T12:17:46+00:00\" \/>\n<meta property=\"og:image\" content=\"https:\/\/noti-america.com\/site\/texas\/wp-content\/uploads\/sites\/4\/2019\/03\/T-MEC-pasar\u00eda-al-Congreso.jpg\" \/>\n\t<meta property=\"og:image:width\" content=\"1120\" \/>\n\t<meta property=\"og:image:height\" content=\"630\" \/>\n\t<meta property=\"og:image:type\" content=\"image\/jpeg\" \/>\n<meta name=\"author\" content=\"Redacci\u00f3n NA-TX\" \/>\n<meta name=\"twitter:card\" content=\"summary_large_image\" \/>\n<meta name=\"twitter:label1\" content=\"Escrito por\" \/>\n\t<meta name=\"twitter:data1\" content=\"Redacci\u00f3n NA-TX\" \/>\n\t<meta name=\"twitter:label2\" content=\"Tiempo estimado de lectura\" \/>\n\t<meta name=\"twitter:data2\" content=\"3 minutos\" \/>\n<script type=\"application\/ld+json\" class=\"yoast-schema-graph\">{\"@context\":\"https:\/\/schema.org\",\"@graph\":[{\"@type\":\"Article\",\"@id\":\"https:\/\/noti-america.com\/site\/texas\/2019\/03\/28\/t-mec-pasaria-al-congreso-de-ee-uu-en-abril-o-mayo-republicanos\/#article\",\"isPartOf\":{\"@id\":\"https:\/\/noti-america.com\/site\/texas\/2019\/03\/28\/t-mec-pasaria-al-congreso-de-ee-uu-en-abril-o-mayo-republicanos\/\"},\"author\":{\"name\":\"Redacci\u00f3n NA-TX\",\"@id\":\"https:\/\/noti-america.com\/site\/texas\/#\/schema\/person\/ae305e0187703594d7e273941bdc7f76\"},\"headline\":\"T-MEC pasar\u00eda al Congreso de EE.UU en abril o mayo: republicanos\",\"datePublished\":\"2019-03-28T12:17:46+00:00\",\"mainEntityOfPage\":{\"@id\":\"https:\/\/noti-america.com\/site\/texas\/2019\/03\/28\/t-mec-pasaria-al-congreso-de-ee-uu-en-abril-o-mayo-republicanos\/\"},\"wordCount\":682,\"commentCount\":0,\"publisher\":{\"@id\":\"https:\/\/noti-america.com\/site\/texas\/#organization\"},\"image\":{\"@id\":\"https:\/\/noti-america.com\/site\/texas\/2019\/03\/28\/t-mec-pasaria-al-congreso-de-ee-uu-en-abril-o-mayo-republicanos\/#primaryimage\"},\"thumbnailUrl\":\"https:\/\/noti-america.com\/site\/texas\/wp-content\/uploads\/sites\/4\/2019\/03\/T-MEC-pasar\u00eda-al-Congreso.jpg\",\"keywords\":[\"Congreso\",\"EE.UU\",\"T-MEC\"],\"articleSection\":[\"Am\u00e9rica del Norte\",\"Noticias\",\"Pol\u00edtica\"],\"inLanguage\":\"es\",\"potentialAction\":[{\"@type\":\"CommentAction\",\"name\":\"Comment\",\"target\":[\"https:\/\/noti-america.com\/site\/texas\/2019\/03\/28\/t-mec-pasaria-al-congreso-de-ee-uu-en-abril-o-mayo-republicanos\/#respond\"]}]},{\"@type\":\"WebPage\",\"@id\":\"https:\/\/noti-america.com\/site\/texas\/2019\/03\/28\/t-mec-pasaria-al-congreso-de-ee-uu-en-abril-o-mayo-republicanos\/\",\"url\":\"https:\/\/noti-america.com\/site\/texas\/2019\/03\/28\/t-mec-pasaria-al-congreso-de-ee-uu-en-abril-o-mayo-republicanos\/\",\"name\":\"T-MEC pasar\u00eda al Congreso de EE.UU en abril o mayo: republicanos - Texas | Noti-America.com\",\"isPartOf\":{\"@id\":\"https:\/\/noti-america.com\/site\/texas\/#website\"},\"primaryImageOfPage\":{\"@id\":\"https:\/\/noti-america.com\/site\/texas\/2019\/03\/28\/t-mec-pasaria-al-congreso-de-ee-uu-en-abril-o-mayo-republicanos\/#primaryimage\"},\"image\":{\"@id\":\"https:\/\/noti-america.com\/site\/texas\/2019\/03\/28\/t-mec-pasaria-al-congreso-de-ee-uu-en-abril-o-mayo-republicanos\/#primaryimage\"},\"thumbnailUrl\":\"https:\/\/noti-america.com\/site\/texas\/wp-content\/uploads\/sites\/4\/2019\/03\/T-MEC-pasar\u00eda-al-Congreso.jpg\",\"datePublished\":\"2019-03-28T12:17:46+00:00\",\"breadcrumb\":{\"@id\":\"https:\/\/noti-america.com\/site\/texas\/2019\/03\/28\/t-mec-pasaria-al-congreso-de-ee-uu-en-abril-o-mayo-republicanos\/#breadcrumb\"},\"inLanguage\":\"es\",\"potentialAction\":[{\"@type\":\"ReadAction\",\"target\":[\"https:\/\/noti-america.com\/site\/texas\/2019\/03\/28\/t-mec-pasaria-al-congreso-de-ee-uu-en-abril-o-mayo-republicanos\/\"]}]},{\"@type\":\"ImageObject\",\"inLanguage\":\"es\",\"@id\":\"https:\/\/noti-america.com\/site\/texas\/2019\/03\/28\/t-mec-pasaria-al-congreso-de-ee-uu-en-abril-o-mayo-republicanos\/#primaryimage\",\"url\":\"https:\/\/noti-america.com\/site\/texas\/wp-content\/uploads\/sites\/4\/2019\/03\/T-MEC-pasar\u00eda-al-Congreso.jpg\",\"contentUrl\":\"https:\/\/noti-america.com\/site\/texas\/wp-content\/uploads\/sites\/4\/2019\/03\/T-MEC-pasar\u00eda-al-Congreso.jpg\",\"width\":1120,\"height\":630},{\"@type\":\"BreadcrumbList\",\"@id\":\"https:\/\/noti-america.com\/site\/texas\/2019\/03\/28\/t-mec-pasaria-al-congreso-de-ee-uu-en-abril-o-mayo-republicanos\/#breadcrumb\",\"itemListElement\":[{\"@type\":\"ListItem\",\"position\":1,\"name\":\"Portada\",\"item\":\"https:\/\/noti-america.com\/site\/texas\/\"},{\"@type\":\"ListItem\",\"position\":2,\"name\":\"T-MEC pasar\u00eda al Congreso de EE.UU en abril o mayo: republicanos\"}]},{\"@type\":\"WebSite\",\"@id\":\"https:\/\/noti-america.com\/site\/texas\/#website\",\"url\":\"https:\/\/noti-america.com\/site\/texas\/\",\"name\":\"Texas | Noti-America.com\",\"description\":\"\",\"publisher\":{\"@id\":\"https:\/\/noti-america.com\/site\/texas\/#organization\"},\"potentialAction\":[{\"@type\":\"SearchAction\",\"target\":{\"@type\":\"EntryPoint\",\"urlTemplate\":\"https:\/\/noti-america.com\/site\/texas\/?s={search_term_string}\"},\"query-input\":{\"@type\":\"PropertyValueSpecification\",\"valueRequired\":true,\"valueName\":\"search_term_string\"}}],\"inLanguage\":\"es\"},{\"@type\":\"Organization\",\"@id\":\"https:\/\/noti-america.com\/site\/texas\/#organization\",\"name\":\"Noti-America LLC | Texas-USA\",\"url\":\"https:\/\/noti-america.com\/site\/texas\/\",\"logo\":{\"@type\":\"ImageObject\",\"inLanguage\":\"es\",\"@id\":\"https:\/\/noti-america.com\/site\/texas\/#\/schema\/logo\/image\/\",\"url\":\"https:\/\/noti-america.com\/site\/us-tx\/wp-content\/uploads\/sites\/4\/2020\/07\/LogoNA-4x3-1.jpg\",\"contentUrl\":\"https:\/\/noti-america.com\/site\/us-tx\/wp-content\/uploads\/sites\/4\/2020\/07\/LogoNA-4x3-1.jpg\",\"width\":1236,\"height\":1080,\"caption\":\"Noti-America LLC | Texas-USA\"},\"image\":{\"@id\":\"https:\/\/noti-america.com\/site\/texas\/#\/schema\/logo\/image\/\"}},{\"@type\":\"Person\",\"@id\":\"https:\/\/noti-america.com\/site\/texas\/#\/schema\/person\/ae305e0187703594d7e273941bdc7f76\",\"name\":\"Redacci\u00f3n NA-TX\",\"image\":{\"@type\":\"ImageObject\",\"inLanguage\":\"es\",\"@id\":\"https:\/\/secure.gravatar.com\/avatar\/1ede8345cc79df032062efa286d5b99b0e4e5bd13e51f7cb031f715a3a43b386?s=96&d=mm&r=g\",\"url\":\"https:\/\/secure.gravatar.com\/avatar\/1ede8345cc79df032062efa286d5b99b0e4e5bd13e51f7cb031f715a3a43b386?s=96&d=mm&r=g\",\"contentUrl\":\"https:\/\/secure.gravatar.com\/avatar\/1ede8345cc79df032062efa286d5b99b0e4e5bd13e51f7cb031f715a3a43b386?s=96&d=mm&r=g\",\"caption\":\"Redacci\u00f3n NA-TX\"},\"url\":\"https:\/\/noti-america.com\/site\/texas\/author\/redacciontx\/\"}]}<\/script>\n<!-- \/ Yoast SEO Premium plugin. -->","yoast_head_json":{"title":"T-MEC pasar\u00eda al Congreso de EE.UU en abril o mayo: republicanos - Texas | Noti-America.com","robots":{"index":"index","follow":"follow","max-snippet":"max-snippet:-1","max-image-preview":"max-image-preview:large","max-video-preview":"max-video-preview:-1"},"canonical":"https:\/\/noti-america.com\/site\/texas\/2019\/03\/28\/t-mec-pasaria-al-congreso-de-ee-uu-en-abril-o-mayo-republicanos\/","og_locale":"es_ES","og_type":"article","og_title":"T-MEC pasar\u00eda al Congreso de EE.UU en abril o mayo: republicanos","og_description":"Una vez en el legislativo, el proceso de votaci\u00f3n tomar\u00e1 90 d\u00edas, pero para iniciarlo se debe contar adem\u00e1s con el aval de Nancy Pelosi, presidenta de la C\u00e1mara de Representantes. El presidente estadounidense&#46;&#46;&#46;","og_url":"https:\/\/noti-america.com\/site\/texas\/2019\/03\/28\/t-mec-pasaria-al-congreso-de-ee-uu-en-abril-o-mayo-republicanos\/","og_site_name":"Texas | Noti-America.com","article_published_time":"2019-03-28T12:17:46+00:00","og_image":[{"width":1120,"height":630,"url":"https:\/\/noti-america.com\/site\/texas\/wp-content\/uploads\/sites\/4\/2019\/03\/T-MEC-pasar\u00eda-al-Congreso.jpg","type":"image\/jpeg"}],"author":"Redacci\u00f3n NA-TX","twitter_card":"summary_large_image","twitter_misc":{"Escrito por":"Redacci\u00f3n NA-TX","Tiempo estimado de lectura":"3 minutos"},"schema":{"@context":"https:\/\/schema.org","@graph":[{"@type":"Article","@id":"https:\/\/noti-america.com\/site\/texas\/2019\/03\/28\/t-mec-pasaria-al-congreso-de-ee-uu-en-abril-o-mayo-republicanos\/#article","isPartOf":{"@id":"https:\/\/noti-america.com\/site\/texas\/2019\/03\/28\/t-mec-pasaria-al-congreso-de-ee-uu-en-abril-o-mayo-republicanos\/"},"author":{"name":"Redacci\u00f3n NA-TX","@id":"https:\/\/noti-america.com\/site\/texas\/#\/schema\/person\/ae305e0187703594d7e273941bdc7f76"},"headline":"T-MEC pasar\u00eda al Congreso de EE.UU en abril o mayo: republicanos","datePublished":"2019-03-28T12:17:46+00:00","mainEntityOfPage":{"@id":"https:\/\/noti-america.com\/site\/texas\/2019\/03\/28\/t-mec-pasaria-al-congreso-de-ee-uu-en-abril-o-mayo-republicanos\/"},"wordCount":682,"commentCount":0,"publisher":{"@id":"https:\/\/noti-america.com\/site\/texas\/#organization"},"image":{"@id":"https:\/\/noti-america.com\/site\/texas\/2019\/03\/28\/t-mec-pasaria-al-congreso-de-ee-uu-en-abril-o-mayo-republicanos\/#primaryimage"},"thumbnailUrl":"https:\/\/noti-america.com\/site\/texas\/wp-content\/uploads\/sites\/4\/2019\/03\/T-MEC-pasar\u00eda-al-Congreso.jpg","keywords":["Congreso","EE.UU","T-MEC"],"articleSection":["Am\u00e9rica del Norte","Noticias","Pol\u00edtica"],"inLanguage":"es","potentialAction":[{"@type":"CommentAction","name":"Comment","target":["https:\/\/noti-america.com\/site\/texas\/2019\/03\/28\/t-mec-pasaria-al-congreso-de-ee-uu-en-abril-o-mayo-republicanos\/#respond"]}]},{"@type":"WebPage","@id":"https:\/\/noti-america.com\/site\/texas\/2019\/03\/28\/t-mec-pasaria-al-congreso-de-ee-uu-en-abril-o-mayo-republicanos\/","url":"https:\/\/noti-america.com\/site\/texas\/2019\/03\/28\/t-mec-pasaria-al-congreso-de-ee-uu-en-abril-o-mayo-republicanos\/","name":"T-MEC pasar\u00eda al Congreso de EE.UU en abril o mayo: republicanos - Texas | Noti-America.com","isPartOf":{"@id":"https:\/\/noti-america.com\/site\/texas\/#website"},"primaryImageOfPage":{"@id":"https:\/\/noti-america.com\/site\/texas\/2019\/03\/28\/t-mec-pasaria-al-congreso-de-ee-uu-en-abril-o-mayo-republicanos\/#primaryimage"},"image":{"@id":"https:\/\/noti-america.com\/site\/texas\/2019\/03\/28\/t-mec-pasaria-al-congreso-de-ee-uu-en-abril-o-mayo-republicanos\/#primaryimage"},"thumbnailUrl":"https:\/\/noti-america.com\/site\/texas\/wp-content\/uploads\/sites\/4\/2019\/03\/T-MEC-pasar\u00eda-al-Congreso.jpg","datePublished":"2019-03-28T12:17:46+00:00","breadcrumb":{"@id":"https:\/\/noti-america.com\/site\/texas\/2019\/03\/28\/t-mec-pasaria-al-congreso-de-ee-uu-en-abril-o-mayo-republicanos\/#breadcrumb"},"inLanguage":"es","potentialAction":[{"@type":"ReadAction","target":["https:\/\/noti-america.com\/site\/texas\/2019\/03\/28\/t-mec-pasaria-al-congreso-de-ee-uu-en-abril-o-mayo-republicanos\/"]}]},{"@type":"ImageObject","inLanguage":"es","@id":"https:\/\/noti-america.com\/site\/texas\/2019\/03\/28\/t-mec-pasaria-al-congreso-de-ee-uu-en-abril-o-mayo-republicanos\/#primaryimage","url":"https:\/\/noti-america.com\/site\/texas\/wp-content\/uploads\/sites\/4\/2019\/03\/T-MEC-pasar\u00eda-al-Congreso.jpg","contentUrl":"https:\/\/noti-america.com\/site\/texas\/wp-content\/uploads\/sites\/4\/2019\/03\/T-MEC-pasar\u00eda-al-Congreso.jpg","width":1120,"height":630},{"@type":"BreadcrumbList","@id":"https:\/\/noti-america.com\/site\/texas\/2019\/03\/28\/t-mec-pasaria-al-congreso-de-ee-uu-en-abril-o-mayo-republicanos\/#breadcrumb","itemListElement":[{"@type":"ListItem","position":1,"name":"Portada","item":"https:\/\/noti-america.com\/site\/texas\/"},{"@type":"ListItem","position":2,"name":"T-MEC pasar\u00eda al Congreso de EE.UU en abril o mayo: republicanos"}]},{"@type":"WebSite","@id":"https:\/\/noti-america.com\/site\/texas\/#website","url":"https:\/\/noti-america.com\/site\/texas\/","name":"Texas | Noti-America.com","description":"","publisher":{"@id":"https:\/\/noti-america.com\/site\/texas\/#organization"},"potentialAction":[{"@type":"SearchAction","target":{"@type":"EntryPoint","urlTemplate":"https:\/\/noti-america.com\/site\/texas\/?s={search_term_string}"},"query-input":{"@type":"PropertyValueSpecification","valueRequired":true,"valueName":"search_term_string"}}],"inLanguage":"es"},{"@type":"Organization","@id":"https:\/\/noti-america.com\/site\/texas\/#organization","name":"Noti-America LLC | Texas-USA","url":"https:\/\/noti-america.com\/site\/texas\/","logo":{"@type":"ImageObject","inLanguage":"es","@id":"https:\/\/noti-america.com\/site\/texas\/#\/schema\/logo\/image\/","url":"https:\/\/noti-america.com\/site\/us-tx\/wp-content\/uploads\/sites\/4\/2020\/07\/LogoNA-4x3-1.jpg","contentUrl":"https:\/\/noti-america.com\/site\/us-tx\/wp-content\/uploads\/sites\/4\/2020\/07\/LogoNA-4x3-1.jpg","width":1236,"height":1080,"caption":"Noti-America LLC | Texas-USA"},"image":{"@id":"https:\/\/noti-america.com\/site\/texas\/#\/schema\/logo\/image\/"}},{"@type":"Person","@id":"https:\/\/noti-america.com\/site\/texas\/#\/schema\/person\/ae305e0187703594d7e273941bdc7f76","name":"Redacci\u00f3n NA-TX","image":{"@type":"ImageObject","inLanguage":"es","@id":"https:\/\/secure.gravatar.com\/avatar\/1ede8345cc79df032062efa286d5b99b0e4e5bd13e51f7cb031f715a3a43b386?s=96&d=mm&r=g","url":"https:\/\/secure.gravatar.com\/avatar\/1ede8345cc79df032062efa286d5b99b0e4e5bd13e51f7cb031f715a3a43b386?s=96&d=mm&r=g","contentUrl":"https:\/\/secure.gravatar.com\/avatar\/1ede8345cc79df032062efa286d5b99b0e4e5bd13e51f7cb031f715a3a43b386?s=96&d=mm&r=g","caption":"Redacci\u00f3n NA-TX"},"url":"https:\/\/noti-america.com\/site\/texas\/author\/redacciontx\/"}]}},"_links":{"self":[{"href":"https:\/\/noti-america.com\/site\/texas\/wp-json\/wp\/v2\/posts\/12475","targetHints":{"allow":["GET"]}}],"collection":[{"href":"https:\/\/noti-america.com\/site\/texas\/wp-json\/wp\/v2\/posts"}],"about":[{"href":"https:\/\/noti-america.com\/site\/texas\/wp-json\/wp\/v2\/types\/post"}],"author":[{"embeddable":true,"href":"https:\/\/noti-america.com\/site\/texas\/wp-json\/wp\/v2\/users\/30"}],"replies":[{"embeddable":true,"href":"https:\/\/noti-america.com\/site\/texas\/wp-json\/wp\/v2\/comments?post=12475"}],"version-history":[{"count":1,"href":"https:\/\/noti-america.com\/site\/texas\/wp-json\/wp\/v2\/posts\/12475\/revisions"}],"predecessor-version":[{"id":12477,"href":"https:\/\/noti-america.com\/site\/texas\/wp-json\/wp\/v2\/posts\/12475\/revisions\/12477"}],"wp:featuredmedia":[{"embeddable":true,"href":"https:\/\/noti-america.com\/site\/texas\/wp-json\/wp\/v2\/media\/12476"}],"wp:attachment":[{"href":"https:\/\/noti-america.com\/site\/texas\/wp-json\/wp\/v2\/media?parent=12475"}],"wp:term":[{"taxonomy":"category","embeddable":true,"href":"https:\/\/noti-america.com\/site\/texas\/wp-json\/wp\/v2\/categories?post=12475"},{"taxonomy":"post_tag","embeddable":true,"href":"https:\/\/noti-america.com\/site\/texas\/wp-json\/wp\/v2\/tags?post=12475"}],"curies":[{"name":"wp","href":"https:\/\/api.w.org\/{rel}","templated":true}]}}