{"id":1216,"date":"2018-03-05T06:30:33","date_gmt":"2018-03-05T11:30:33","guid":{"rendered":"http:\/\/noti-america.com\/site\/us-tx\/?p=1216"},"modified":"2018-03-05T06:30:33","modified_gmt":"2018-03-05T11:30:33","slug":"america-latina-es-la-segunda-region-con-mas-embarazos-adolescentes","status":"publish","type":"post","link":"https:\/\/noti-america.com\/site\/texas\/2018\/03\/05\/america-latina-es-la-segunda-region-con-mas-embarazos-adolescentes\/","title":{"rendered":"Am\u00e9rica Latina es la segunda regi\u00f3n con m\u00e1s embarazos adolescentes"},"content":{"rendered":"<h1 class=\"entry-single-title\"><\/h1>\n<h3 class=\"entry-single-excerpt\" style=\"text-align: center\">Es el \u00fanico lugar del mundo con una tendencia ascendente de embarazos en esta franja de la poblaci\u00f3n. \u00bfQu\u00e9 pasa en Argentina?<\/h3>\n<div class=\"entry-single-bar clearfix\">\n<div class=\"entry-single-options\"><\/div>\n<\/div>\n<div class=\"site-gallery clearfix\">\n<p><img loading=\"lazy\" decoding=\"async\" class=\"aligncenter\" title=\"Ver imagen en tama\u00f1o completo\" src=\"https:\/\/www.rosario3.com\/__export\/1520084740237\/sites\/rosario3\/img\/2018\/03\/03\/1508395515941.jpg_1572130063.jpg\" alt=\"La tasa mundial se estima en 46 nacimientos por cada 1.000 j\u00f3venes de entre 15 y 19 a\u00f1os. \" width=\"760\" height=\"428\" \/><\/p>\n<div class=\"gallery-item-epigraph\">\n<p style=\"text-align: center\">La tasa mundial se estima en 46 nacimientos por cada 1.000 j\u00f3venes de entre 15 y 19 a\u00f1os. (Shutterstock)<\/p>\n<\/div>\n<\/div>\n<div class=\"entry-content clearfix\">\n<div class=\"entry-body\">\n<div>\n<h3 style=\"text-align: center\">Am\u00e9rica Latina y el Caribe es la segunda regi\u00f3n del mundo con m\u00e1s cantidad de embarazos adolescentes, con una tasa de 66,5 nacimientos por cada 1.000 j\u00f3venes de entre 15 y 19 a\u00f1os. S\u00f3lo \u00c1frica subsahariana la supera.<\/h3>\n<p>&nbsp;<\/p>\n<\/div>\n<\/div>\n<p><em><strong>Fuente:\u00a0https:\/\/www.rosario3.com<\/strong><\/em><\/p>\n<div class=\"entry-body\">\n<div>\n<p>Los datos corresponden al \u00faltimo informe publicado por la Organizaci\u00f3n Panamericana de la Salud (OPS), el Fondo de las Naciones Unidas para la Infancia (Unicef) y el Fondo de Poblaci\u00f3n de las Naciones Unidas (Unfpa).<\/p>\n<p>La mayor\u00eda de los pa\u00edses con las tasas m\u00e1s elevadas de fecundidad adolescente en la regi\u00f3n est\u00e1n en Am\u00e9rica Central, encabezados por Guatemala, Nicaragua y Panam\u00e1, seg\u00fan consign\u00f3 la agencia Efe y reprodujo\u00a0<a href=\"http:\/\/www.docsalud.com\/\" target=\"_blank\" rel=\"noopener\">Doc Salud<\/a>. En el Caribe, son Rep\u00fablica Dominicana y Guyana los que tienen los \u00edndices m\u00e1s elevados, mientras que en Am\u00e9rica del Sur, Bolivia y Venezuela registran las mayores tasas.<\/p>\n<p>La tasa mundial se estima en 46 nacimientos por cada 1.000 j\u00f3venes de entre 15 y 19 a\u00f1os. Cada a\u00f1o quedan embarazadas en el mundo 16 millones de adolescentes de esas edades y dos millones menores de 15 a\u00f1os. Am\u00e9rica Latina es la \u00fanica regi\u00f3n del mundo con una tendencia ascendente de embarazos en esta franja de la poblaci\u00f3n.<\/p>\n<p>En Argentina, la tasa de fecundidad adolescente se ubica en el 68 por 1.000, muy superior al promedio que la ONU adjudica a las regiones menos desarrolladas, donde se producen 48 embarazos cada 1.000.<\/p>\n<p>A pesar de que la tasa de embarazo adolescente en Argentina es una de las m\u00e1s elevadas a nivel regional, el acceso de las mujeres a los m\u00e9todos anticonceptivos se encuentra por encima del promedio mundial llegando, incluso, al que se registra en pa\u00edses desarrollados.<\/p>\n<\/div>\n<\/div>\n<\/div>\n","protected":false},"excerpt":{"rendered":"<p>Es el \u00fanico lugar del mundo con una tendencia ascendente de embarazos en esta franja de la poblaci\u00f3n. \u00bfQu\u00e9 pasa en Argentina? La tasa mundial se estima en 46 nacimientos por cada 1.000 j\u00f3venes&#46;&#46;&#46;<\/p>\n","protected":false},"author":30,"featured_media":1217,"comment_status":"open","ping_status":"open","sticky":false,"template":"","format":"standard","meta":{"_acf_changed":false,"rop_custom_images_group":[],"rop_custom_messages_group":[],"rop_publish_now":"initial","rop_publish_now_accounts":{"twitter_242054905_242054905":""},"rop_publish_now_history":[],"rop_publish_now_status":"pending","footnotes":""},"categories":[13],"tags":[],"class_list":["post-1216","post","type-post","status-publish","format-standard","has-post-thumbnail","hentry","category-vida-y-salud"],"acf":[],"yoast_head":"<!-- This site is optimized with the Yoast SEO Premium plugin v24.9 (Yoast SEO v27.2) - https:\/\/yoast.com\/product\/yoast-seo-premium-wordpress\/ -->\n<title>Am\u00e9rica Latina es la segunda regi\u00f3n con m\u00e1s embarazos adolescentes - Texas | Noti-America.com<\/title>\n<meta name=\"robots\" content=\"index, follow, max-snippet:-1, max-image-preview:large, max-video-preview:-1\" \/>\n<link rel=\"canonical\" href=\"https:\/\/noti-america.com\/site\/texas\/2018\/03\/05\/america-latina-es-la-segunda-region-con-mas-embarazos-adolescentes\/\" \/>\n<meta property=\"og:locale\" content=\"es_ES\" \/>\n<meta property=\"og:type\" content=\"article\" \/>\n<meta property=\"og:title\" content=\"Am\u00e9rica Latina es la segunda regi\u00f3n con m\u00e1s embarazos adolescentes\" \/>\n<meta property=\"og:description\" content=\"Es el \u00fanico lugar del mundo con una tendencia ascendente de embarazos en esta franja de la poblaci\u00f3n. \u00bfQu\u00e9 pasa en Argentina? La tasa mundial se estima en 46 nacimientos por cada 1.000 j\u00f3venes&#046;&#046;&#046;\" \/>\n<meta property=\"og:url\" content=\"https:\/\/noti-america.com\/site\/texas\/2018\/03\/05\/america-latina-es-la-segunda-region-con-mas-embarazos-adolescentes\/\" \/>\n<meta property=\"og:site_name\" content=\"Texas | Noti-America.com\" \/>\n<meta property=\"article:published_time\" content=\"2018-03-05T11:30:33+00:00\" \/>\n<meta property=\"og:image\" content=\"https:\/\/noti-america.com\/site\/texas\/wp-content\/uploads\/sites\/4\/2018\/03\/Amyrica_Latina_es_la_segunda_regiyn_con_myAs_embar-1023x575.jpg\" \/>\n\t<meta property=\"og:image:width\" content=\"1023\" \/>\n\t<meta property=\"og:image:height\" content=\"575\" \/>\n\t<meta property=\"og:image:type\" content=\"image\/jpeg\" \/>\n<meta name=\"author\" content=\"Redacci\u00f3n NA-TX\" \/>\n<meta name=\"twitter:card\" content=\"summary_large_image\" \/>\n<meta name=\"twitter:label1\" content=\"Escrito por\" \/>\n\t<meta name=\"twitter:data1\" content=\"Redacci\u00f3n NA-TX\" \/>\n\t<meta name=\"twitter:label2\" content=\"Tiempo estimado de lectura\" \/>\n\t<meta name=\"twitter:data2\" content=\"2 minutos\" \/>\n<script type=\"application\/ld+json\" class=\"yoast-schema-graph\">{\"@context\":\"https:\/\/schema.org\",\"@graph\":[{\"@type\":\"Article\",\"@id\":\"https:\/\/noti-america.com\/site\/texas\/2018\/03\/05\/america-latina-es-la-segunda-region-con-mas-embarazos-adolescentes\/#article\",\"isPartOf\":{\"@id\":\"https:\/\/noti-america.com\/site\/texas\/2018\/03\/05\/america-latina-es-la-segunda-region-con-mas-embarazos-adolescentes\/\"},\"author\":{\"name\":\"Redacci\u00f3n NA-TX\",\"@id\":\"https:\/\/noti-america.com\/site\/texas\/#\/schema\/person\/ae305e0187703594d7e273941bdc7f76\"},\"headline\":\"Am\u00e9rica Latina es la segunda regi\u00f3n con m\u00e1s embarazos adolescentes\",\"datePublished\":\"2018-03-05T11:30:33+00:00\",\"mainEntityOfPage\":{\"@id\":\"https:\/\/noti-america.com\/site\/texas\/2018\/03\/05\/america-latina-es-la-segunda-region-con-mas-embarazos-adolescentes\/\"},\"wordCount\":347,\"commentCount\":0,\"publisher\":{\"@id\":\"https:\/\/noti-america.com\/site\/texas\/#organization\"},\"image\":{\"@id\":\"https:\/\/noti-america.com\/site\/texas\/2018\/03\/05\/america-latina-es-la-segunda-region-con-mas-embarazos-adolescentes\/#primaryimage\"},\"thumbnailUrl\":\"https:\/\/noti-america.com\/site\/texas\/wp-content\/uploads\/sites\/4\/2018\/03\/Amyrica_Latina_es_la_segunda_regiyn_con_myAs_embar-1023x575.jpg\",\"articleSection\":[\"Vida y Salud\"],\"inLanguage\":\"es\",\"potentialAction\":[{\"@type\":\"CommentAction\",\"name\":\"Comment\",\"target\":[\"https:\/\/noti-america.com\/site\/texas\/2018\/03\/05\/america-latina-es-la-segunda-region-con-mas-embarazos-adolescentes\/#respond\"]}]},{\"@type\":\"WebPage\",\"@id\":\"https:\/\/noti-america.com\/site\/texas\/2018\/03\/05\/america-latina-es-la-segunda-region-con-mas-embarazos-adolescentes\/\",\"url\":\"https:\/\/noti-america.com\/site\/texas\/2018\/03\/05\/america-latina-es-la-segunda-region-con-mas-embarazos-adolescentes\/\",\"name\":\"Am\u00e9rica Latina es la segunda regi\u00f3n con m\u00e1s embarazos adolescentes - Texas | Noti-America.com\",\"isPartOf\":{\"@id\":\"https:\/\/noti-america.com\/site\/texas\/#website\"},\"primaryImageOfPage\":{\"@id\":\"https:\/\/noti-america.com\/site\/texas\/2018\/03\/05\/america-latina-es-la-segunda-region-con-mas-embarazos-adolescentes\/#primaryimage\"},\"image\":{\"@id\":\"https:\/\/noti-america.com\/site\/texas\/2018\/03\/05\/america-latina-es-la-segunda-region-con-mas-embarazos-adolescentes\/#primaryimage\"},\"thumbnailUrl\":\"https:\/\/noti-america.com\/site\/texas\/wp-content\/uploads\/sites\/4\/2018\/03\/Amyrica_Latina_es_la_segunda_regiyn_con_myAs_embar-1023x575.jpg\",\"datePublished\":\"2018-03-05T11:30:33+00:00\",\"breadcrumb\":{\"@id\":\"https:\/\/noti-america.com\/site\/texas\/2018\/03\/05\/america-latina-es-la-segunda-region-con-mas-embarazos-adolescentes\/#breadcrumb\"},\"inLanguage\":\"es\",\"potentialAction\":[{\"@type\":\"ReadAction\",\"target\":[\"https:\/\/noti-america.com\/site\/texas\/2018\/03\/05\/america-latina-es-la-segunda-region-con-mas-embarazos-adolescentes\/\"]}]},{\"@type\":\"ImageObject\",\"inLanguage\":\"es\",\"@id\":\"https:\/\/noti-america.com\/site\/texas\/2018\/03\/05\/america-latina-es-la-segunda-region-con-mas-embarazos-adolescentes\/#primaryimage\",\"url\":\"https:\/\/noti-america.com\/site\/texas\/wp-content\/uploads\/sites\/4\/2018\/03\/Amyrica_Latina_es_la_segunda_regiyn_con_myAs_embar-1023x575.jpg\",\"contentUrl\":\"https:\/\/noti-america.com\/site\/texas\/wp-content\/uploads\/sites\/4\/2018\/03\/Amyrica_Latina_es_la_segunda_regiyn_con_myAs_embar-1023x575.jpg\",\"width\":1023,\"height\":575},{\"@type\":\"BreadcrumbList\",\"@id\":\"https:\/\/noti-america.com\/site\/texas\/2018\/03\/05\/america-latina-es-la-segunda-region-con-mas-embarazos-adolescentes\/#breadcrumb\",\"itemListElement\":[{\"@type\":\"ListItem\",\"position\":1,\"name\":\"Portada\",\"item\":\"https:\/\/noti-america.com\/site\/texas\/\"},{\"@type\":\"ListItem\",\"position\":2,\"name\":\"Am\u00e9rica Latina es la segunda regi\u00f3n con m\u00e1s embarazos adolescentes\"}]},{\"@type\":\"WebSite\",\"@id\":\"https:\/\/noti-america.com\/site\/texas\/#website\",\"url\":\"https:\/\/noti-america.com\/site\/texas\/\",\"name\":\"Texas | Noti-America.com\",\"description\":\"\",\"publisher\":{\"@id\":\"https:\/\/noti-america.com\/site\/texas\/#organization\"},\"potentialAction\":[{\"@type\":\"SearchAction\",\"target\":{\"@type\":\"EntryPoint\",\"urlTemplate\":\"https:\/\/noti-america.com\/site\/texas\/?s={search_term_string}\"},\"query-input\":{\"@type\":\"PropertyValueSpecification\",\"valueRequired\":true,\"valueName\":\"search_term_string\"}}],\"inLanguage\":\"es\"},{\"@type\":\"Organization\",\"@id\":\"https:\/\/noti-america.com\/site\/texas\/#organization\",\"name\":\"Noti-America LLC | Texas-USA\",\"url\":\"https:\/\/noti-america.com\/site\/texas\/\",\"logo\":{\"@type\":\"ImageObject\",\"inLanguage\":\"es\",\"@id\":\"https:\/\/noti-america.com\/site\/texas\/#\/schema\/logo\/image\/\",\"url\":\"https:\/\/noti-america.com\/site\/us-tx\/wp-content\/uploads\/sites\/4\/2020\/07\/LogoNA-4x3-1.jpg\",\"contentUrl\":\"https:\/\/noti-america.com\/site\/us-tx\/wp-content\/uploads\/sites\/4\/2020\/07\/LogoNA-4x3-1.jpg\",\"width\":1236,\"height\":1080,\"caption\":\"Noti-America LLC | Texas-USA\"},\"image\":{\"@id\":\"https:\/\/noti-america.com\/site\/texas\/#\/schema\/logo\/image\/\"}},{\"@type\":\"Person\",\"@id\":\"https:\/\/noti-america.com\/site\/texas\/#\/schema\/person\/ae305e0187703594d7e273941bdc7f76\",\"name\":\"Redacci\u00f3n NA-TX\",\"image\":{\"@type\":\"ImageObject\",\"inLanguage\":\"es\",\"@id\":\"https:\/\/secure.gravatar.com\/avatar\/1ede8345cc79df032062efa286d5b99b0e4e5bd13e51f7cb031f715a3a43b386?s=96&d=mm&r=g\",\"url\":\"https:\/\/secure.gravatar.com\/avatar\/1ede8345cc79df032062efa286d5b99b0e4e5bd13e51f7cb031f715a3a43b386?s=96&d=mm&r=g\",\"contentUrl\":\"https:\/\/secure.gravatar.com\/avatar\/1ede8345cc79df032062efa286d5b99b0e4e5bd13e51f7cb031f715a3a43b386?s=96&d=mm&r=g\",\"caption\":\"Redacci\u00f3n NA-TX\"},\"url\":\"https:\/\/noti-america.com\/site\/texas\/author\/redacciontx\/\"}]}<\/script>\n<!-- \/ Yoast SEO Premium plugin. -->","yoast_head_json":{"title":"Am\u00e9rica Latina es la segunda regi\u00f3n con m\u00e1s embarazos adolescentes - Texas | Noti-America.com","robots":{"index":"index","follow":"follow","max-snippet":"max-snippet:-1","max-image-preview":"max-image-preview:large","max-video-preview":"max-video-preview:-1"},"canonical":"https:\/\/noti-america.com\/site\/texas\/2018\/03\/05\/america-latina-es-la-segunda-region-con-mas-embarazos-adolescentes\/","og_locale":"es_ES","og_type":"article","og_title":"Am\u00e9rica Latina es la segunda regi\u00f3n con m\u00e1s embarazos adolescentes","og_description":"Es el \u00fanico lugar del mundo con una tendencia ascendente de embarazos en esta franja de la poblaci\u00f3n. \u00bfQu\u00e9 pasa en Argentina? La tasa mundial se estima en 46 nacimientos por cada 1.000 j\u00f3venes&#46;&#46;&#46;","og_url":"https:\/\/noti-america.com\/site\/texas\/2018\/03\/05\/america-latina-es-la-segunda-region-con-mas-embarazos-adolescentes\/","og_site_name":"Texas | Noti-America.com","article_published_time":"2018-03-05T11:30:33+00:00","og_image":[{"width":1023,"height":575,"url":"https:\/\/noti-america.com\/site\/texas\/wp-content\/uploads\/sites\/4\/2018\/03\/Amyrica_Latina_es_la_segunda_regiyn_con_myAs_embar-1023x575.jpg","type":"image\/jpeg"}],"author":"Redacci\u00f3n NA-TX","twitter_card":"summary_large_image","twitter_misc":{"Escrito por":"Redacci\u00f3n NA-TX","Tiempo estimado de lectura":"2 minutos"},"schema":{"@context":"https:\/\/schema.org","@graph":[{"@type":"Article","@id":"https:\/\/noti-america.com\/site\/texas\/2018\/03\/05\/america-latina-es-la-segunda-region-con-mas-embarazos-adolescentes\/#article","isPartOf":{"@id":"https:\/\/noti-america.com\/site\/texas\/2018\/03\/05\/america-latina-es-la-segunda-region-con-mas-embarazos-adolescentes\/"},"author":{"name":"Redacci\u00f3n NA-TX","@id":"https:\/\/noti-america.com\/site\/texas\/#\/schema\/person\/ae305e0187703594d7e273941bdc7f76"},"headline":"Am\u00e9rica Latina es la segunda regi\u00f3n con m\u00e1s embarazos adolescentes","datePublished":"2018-03-05T11:30:33+00:00","mainEntityOfPage":{"@id":"https:\/\/noti-america.com\/site\/texas\/2018\/03\/05\/america-latina-es-la-segunda-region-con-mas-embarazos-adolescentes\/"},"wordCount":347,"commentCount":0,"publisher":{"@id":"https:\/\/noti-america.com\/site\/texas\/#organization"},"image":{"@id":"https:\/\/noti-america.com\/site\/texas\/2018\/03\/05\/america-latina-es-la-segunda-region-con-mas-embarazos-adolescentes\/#primaryimage"},"thumbnailUrl":"https:\/\/noti-america.com\/site\/texas\/wp-content\/uploads\/sites\/4\/2018\/03\/Amyrica_Latina_es_la_segunda_regiyn_con_myAs_embar-1023x575.jpg","articleSection":["Vida y Salud"],"inLanguage":"es","potentialAction":[{"@type":"CommentAction","name":"Comment","target":["https:\/\/noti-america.com\/site\/texas\/2018\/03\/05\/america-latina-es-la-segunda-region-con-mas-embarazos-adolescentes\/#respond"]}]},{"@type":"WebPage","@id":"https:\/\/noti-america.com\/site\/texas\/2018\/03\/05\/america-latina-es-la-segunda-region-con-mas-embarazos-adolescentes\/","url":"https:\/\/noti-america.com\/site\/texas\/2018\/03\/05\/america-latina-es-la-segunda-region-con-mas-embarazos-adolescentes\/","name":"Am\u00e9rica Latina es la segunda regi\u00f3n con m\u00e1s embarazos adolescentes - Texas | Noti-America.com","isPartOf":{"@id":"https:\/\/noti-america.com\/site\/texas\/#website"},"primaryImageOfPage":{"@id":"https:\/\/noti-america.com\/site\/texas\/2018\/03\/05\/america-latina-es-la-segunda-region-con-mas-embarazos-adolescentes\/#primaryimage"},"image":{"@id":"https:\/\/noti-america.com\/site\/texas\/2018\/03\/05\/america-latina-es-la-segunda-region-con-mas-embarazos-adolescentes\/#primaryimage"},"thumbnailUrl":"https:\/\/noti-america.com\/site\/texas\/wp-content\/uploads\/sites\/4\/2018\/03\/Amyrica_Latina_es_la_segunda_regiyn_con_myAs_embar-1023x575.jpg","datePublished":"2018-03-05T11:30:33+00:00","breadcrumb":{"@id":"https:\/\/noti-america.com\/site\/texas\/2018\/03\/05\/america-latina-es-la-segunda-region-con-mas-embarazos-adolescentes\/#breadcrumb"},"inLanguage":"es","potentialAction":[{"@type":"ReadAction","target":["https:\/\/noti-america.com\/site\/texas\/2018\/03\/05\/america-latina-es-la-segunda-region-con-mas-embarazos-adolescentes\/"]}]},{"@type":"ImageObject","inLanguage":"es","@id":"https:\/\/noti-america.com\/site\/texas\/2018\/03\/05\/america-latina-es-la-segunda-region-con-mas-embarazos-adolescentes\/#primaryimage","url":"https:\/\/noti-america.com\/site\/texas\/wp-content\/uploads\/sites\/4\/2018\/03\/Amyrica_Latina_es_la_segunda_regiyn_con_myAs_embar-1023x575.jpg","contentUrl":"https:\/\/noti-america.com\/site\/texas\/wp-content\/uploads\/sites\/4\/2018\/03\/Amyrica_Latina_es_la_segunda_regiyn_con_myAs_embar-1023x575.jpg","width":1023,"height":575},{"@type":"BreadcrumbList","@id":"https:\/\/noti-america.com\/site\/texas\/2018\/03\/05\/america-latina-es-la-segunda-region-con-mas-embarazos-adolescentes\/#breadcrumb","itemListElement":[{"@type":"ListItem","position":1,"name":"Portada","item":"https:\/\/noti-america.com\/site\/texas\/"},{"@type":"ListItem","position":2,"name":"Am\u00e9rica Latina es la segunda regi\u00f3n con m\u00e1s embarazos adolescentes"}]},{"@type":"WebSite","@id":"https:\/\/noti-america.com\/site\/texas\/#website","url":"https:\/\/noti-america.com\/site\/texas\/","name":"Texas | Noti-America.com","description":"","publisher":{"@id":"https:\/\/noti-america.com\/site\/texas\/#organization"},"potentialAction":[{"@type":"SearchAction","target":{"@type":"EntryPoint","urlTemplate":"https:\/\/noti-america.com\/site\/texas\/?s={search_term_string}"},"query-input":{"@type":"PropertyValueSpecification","valueRequired":true,"valueName":"search_term_string"}}],"inLanguage":"es"},{"@type":"Organization","@id":"https:\/\/noti-america.com\/site\/texas\/#organization","name":"Noti-America LLC | Texas-USA","url":"https:\/\/noti-america.com\/site\/texas\/","logo":{"@type":"ImageObject","inLanguage":"es","@id":"https:\/\/noti-america.com\/site\/texas\/#\/schema\/logo\/image\/","url":"https:\/\/noti-america.com\/site\/us-tx\/wp-content\/uploads\/sites\/4\/2020\/07\/LogoNA-4x3-1.jpg","contentUrl":"https:\/\/noti-america.com\/site\/us-tx\/wp-content\/uploads\/sites\/4\/2020\/07\/LogoNA-4x3-1.jpg","width":1236,"height":1080,"caption":"Noti-America LLC | Texas-USA"},"image":{"@id":"https:\/\/noti-america.com\/site\/texas\/#\/schema\/logo\/image\/"}},{"@type":"Person","@id":"https:\/\/noti-america.com\/site\/texas\/#\/schema\/person\/ae305e0187703594d7e273941bdc7f76","name":"Redacci\u00f3n NA-TX","image":{"@type":"ImageObject","inLanguage":"es","@id":"https:\/\/secure.gravatar.com\/avatar\/1ede8345cc79df032062efa286d5b99b0e4e5bd13e51f7cb031f715a3a43b386?s=96&d=mm&r=g","url":"https:\/\/secure.gravatar.com\/avatar\/1ede8345cc79df032062efa286d5b99b0e4e5bd13e51f7cb031f715a3a43b386?s=96&d=mm&r=g","contentUrl":"https:\/\/secure.gravatar.com\/avatar\/1ede8345cc79df032062efa286d5b99b0e4e5bd13e51f7cb031f715a3a43b386?s=96&d=mm&r=g","caption":"Redacci\u00f3n NA-TX"},"url":"https:\/\/noti-america.com\/site\/texas\/author\/redacciontx\/"}]}},"_links":{"self":[{"href":"https:\/\/noti-america.com\/site\/texas\/wp-json\/wp\/v2\/posts\/1216","targetHints":{"allow":["GET"]}}],"collection":[{"href":"https:\/\/noti-america.com\/site\/texas\/wp-json\/wp\/v2\/posts"}],"about":[{"href":"https:\/\/noti-america.com\/site\/texas\/wp-json\/wp\/v2\/types\/post"}],"author":[{"embeddable":true,"href":"https:\/\/noti-america.com\/site\/texas\/wp-json\/wp\/v2\/users\/30"}],"replies":[{"embeddable":true,"href":"https:\/\/noti-america.com\/site\/texas\/wp-json\/wp\/v2\/comments?post=1216"}],"version-history":[{"count":1,"href":"https:\/\/noti-america.com\/site\/texas\/wp-json\/wp\/v2\/posts\/1216\/revisions"}],"predecessor-version":[{"id":1218,"href":"https:\/\/noti-america.com\/site\/texas\/wp-json\/wp\/v2\/posts\/1216\/revisions\/1218"}],"wp:featuredmedia":[{"embeddable":true,"href":"https:\/\/noti-america.com\/site\/texas\/wp-json\/wp\/v2\/media\/1217"}],"wp:attachment":[{"href":"https:\/\/noti-america.com\/site\/texas\/wp-json\/wp\/v2\/media?parent=1216"}],"wp:term":[{"taxonomy":"category","embeddable":true,"href":"https:\/\/noti-america.com\/site\/texas\/wp-json\/wp\/v2\/categories?post=1216"},{"taxonomy":"post_tag","embeddable":true,"href":"https:\/\/noti-america.com\/site\/texas\/wp-json\/wp\/v2\/tags?post=1216"}],"curies":[{"name":"wp","href":"https:\/\/api.w.org\/{rel}","templated":true}]}}