{"id":12121,"date":"2019-03-11T07:19:50","date_gmt":"2019-03-11T12:19:50","guid":{"rendered":"http:\/\/noti-america.com\/site\/us-tx\/?p=12121"},"modified":"2019-03-11T07:19:50","modified_gmt":"2019-03-11T12:19:50","slug":"venezuela-guaido-solicitara-a-parlamento-decretar-estado-de-alarma-nacional-por-apagon","status":"publish","type":"post","link":"https:\/\/noti-america.com\/site\/texas\/2019\/03\/11\/venezuela-guaido-solicitara-a-parlamento-decretar-estado-de-alarma-nacional-por-apagon\/","title":{"rendered":"Venezuela: Guaid\u00f3 solicitar\u00e1 a Parlamento decretar estado de alarma nacional por apag\u00f3n"},"content":{"rendered":"<div class=\"hdr-container\">\n<div class=\"row\">\n<div>\n<h2 style=\"text-align: center;\">El presidente encargado de Venezuela, Juan Guaid\u00f3, convoc\u00f3 para el lunes a la Asamblea Nacional de mayor\u00eda opositora y eval\u00faa decretar el estado de emergencia nacional para atender a la cr\u00edtica situaci\u00f3n que vive la naci\u00f3n por el apag\u00f3n de los \u00faltimos d\u00edas.<\/h2>\n<p>&nbsp;<\/p>\n<\/div>\n<div class=\"col-multimedia col-xs-12 col-md-10 pull-right\">\n<div class=\"cover-media\">\n<div class=\"img-wrap\">\n<div class=\"thumb\"><img decoding=\"async\" class=\" enhanced\" src=\"https:\/\/gdb.voanews.com\/C3F8ED29-4AD8-483E-8428-1DDAE0B23100_cx0_cy9_cw0_w1023_r1_s.jpg\" alt=\"El apag\u00f3n, que comenz\u00f3 el jueves 7 de marzo a las 5:00 p.m (hora local), ha sido el m\u00e1s prolongando en Venezuela en d\u00e9cadas.\" \/><\/div>\n<\/div>\n<h5 class=\"media-image js-media-expand js-media-expand--ready\" style=\"text-align: center;\"><em><span style=\"color: #000000;\">El apag\u00f3n, que comenz\u00f3 el jueves 7 de marzo a las 5:00 p.m (hora local), ha sido el m\u00e1s prolongando en Venezuela en d\u00e9cadas.<\/span><\/em><\/h5>\n<\/div>\n<\/div>\n<\/div>\n<\/div>\n<p class=\"link-print visible-md visible-lg\">\n<div class=\"body-container\">\n<div class=\"row\">\n<div class=\"col-xs-12 col-sm-12 col-md-10 col-lg-10 pull-right\">\n<div class=\"row\">\n<div class=\"col-xs-12 col-sm-12 col-md-8 col-lg-8 pull-left bottom-offset content-offset\">\n<div id=\"article-content\" class=\"content-floated-wrap fb-quotable\">\n<div class=\"wsw\">\n<p>&nbsp;<\/p>\n<p><em><strong>Fuente: https:\/\/www.voanoticias.com<\/strong><\/em><\/p>\n<hr \/>\n<hr \/>\n<p>&nbsp;<\/p>\n<h3><em><span style=\"color: #000000;\">En un balance realizado el domingo, en el tercer d\u00eda de apag\u00f3n parcial, Guaid\u00f3 indic\u00f3 que 16 de los 23 estados del pa\u00eds sudamericano est\u00e1n \u201cabsolutamente apagados\u201d y hay luz \u201cparcialmente\u201d en otros 8 pa\u00edses.<\/span><\/em><\/h3>\n<p>&nbsp;<\/p>\n<p>&nbsp;<\/p>\n<h4><span style=\"color: #000000;\">Expuso que han podido confirmar 17 muertos relacionados por el apag\u00f3n, pero que extraoficialmente se habla de 40.<\/span><\/h4>\n<h4><span style=\"color: #000000;\">Tambi\u00e9n puede leer:\u00a0<a style=\"color: #000000;\" href=\"https:\/\/www.voanoticias.com\/a\/oposicion-oficialismo-vuelven-a-las-calles-en-venezuela\/4821388.html\" target=\"_blank\" rel=\"noopener noreferrer\">Guaid\u00f3 convoc\u00f3 reuni\u00f3n en Caracas, mientras Maduro calific\u00f3 &#8216;ataque el\u00e9ctrico&#8217; como &#8216;emboscada&#8217;<\/a><\/span><\/h4>\n<h4><span style=\"color: #000000;\">La eventual petici\u00f3n a la Asamblea Nacional est\u00e1 prevista en el art\u00edculo 338 de la Constituci\u00f3n.<\/span><\/h4>\n<h4><\/h4>\n<div>\n<div>\n<div data-twitter-event-id=\"0\">\n<div id=\"twitter-widget-0\" lang=\"en\" data-click-to-open-target=\"https:\/\/twitter.com\/jguaido\/status\/1104835012304793605\" data-iframe-title=\"Twitter Tweet\" data-scribe=\"page:tweet\" data-twitter-event-id=\"7\">\n<div>\n<div>\n<blockquote cite=\"https:\/\/twitter.com\/jguaido\/status\/1104835012304793605\" data-tweet-id=\"1104835012304793605\" data-scribe=\"section:subject\">\n<div><span style=\"color: #000000;\"><a style=\"color: #000000;\" href=\"https:\/\/twitter.com\/jguaido\" data-scribe=\"element:user_link\" aria-label=\"Juan Guaid\u00f3 (screen name: jguaido)\"><img decoding=\"async\" src=\"https:\/\/pbs.twimg.com\/profile_images\/1084274289090744320\/M10oqLPc_normal.jpg\" alt=\"\" data-scribe=\"element:avatar\" data-src-2x=\"https:\/\/pbs.twimg.com\/profile_images\/1084274289090744320\/M10oqLPc_bigger.jpg\" data-src-1x=\"https:\/\/pbs.twimg.com\/profile_images\/1084274289090744320\/M10oqLPc_normal.jpg\" \/><\/a><\/span><\/p>\n<div data-scribe=\"component:author\">\n<div><span style=\"color: #000000;\" title=\"Juan Guaid\u00f3\" data-scribe=\"element:name\">Juan Guaid\u00f3<\/span><\/p>\n<div title=\"Verified Account\" role=\"img\" aria-label=\"Verified Account\"><\/div>\n<p><span style=\"color: #000000;\">\u2714<span dir=\"ltr\" title=\"@jguaido\" data-scribe=\"element:screen_name\">@jguaido<\/span><\/span><\/div>\n<\/div>\n<div>\n<div title=\"View on Twitter\" role=\"presentation\" aria-label=\"View on Twitter\"><\/div>\n<\/div>\n<\/div>\n<div data-scribe=\"component:tweet\">\n<div><\/div>\n<p dir=\"ltr\" lang=\"es\"><span style=\"color: #000000;\">No podemos voltear la cara ante la tragedia que vive nuestro pa\u00eds. He convocado para ma\u00f1ana a una sesi\u00f3n extraordinaria de la <a dir=\"ltr\" style=\"color: #000000;\" href=\"https:\/\/twitter.com\/AsambleaVE\" data-mentioned-user-id=\"4744395743\" data-scribe=\"element:mention\">@AsambleaVE<\/a>, donde solicitar\u00e9, en mi condici\u00f3n de Presidente (E), decretar Estado de Emergencia Nacional, con base en el art\u00edculo 338 de nuestra CRBV.<\/span><\/p>\n<div>\n<div>\n<div data-scribe=\"element:heart\">\n<div title=\"Like\" role=\"img\" aria-label=\"Like\"><\/div>\n<\/div>\n<p><span style=\"color: #000000;\"><a style=\"color: #000000;\" title=\"Like\" href=\"https:\/\/twitter.com\/intent\/like?tweet_id=1104835012304793605\" data-scribe=\"component:actions\">16.2K<\/a><\/span><\/div>\n<div><span style=\"color: #000000;\"><a style=\"color: #000000;\" href=\"https:\/\/twitter.com\/jguaido\/status\/1104835012304793605\" data-datetime=\"2019-03-10T20:02:48+0000\" data-scribe=\"element:full_timestamp\"><time title=\"Time posted: March 10, 2019 20:02:48 (UTC)\" datetime=\"2019-03-10T20:02:48+0000\">4:02 PM &#8211; Mar 10, 2019<\/time><\/a><\/span><\/div>\n<div data-scribe=\"element:notice\"><span style=\"color: #000000;\"><a style=\"color: #000000;\" title=\"Twitter Ads info and privacy\" href=\"https:\/\/support.twitter.com\/articles\/20175256\">Twitter Ads info and privacy<\/a><\/span><\/div>\n<\/div>\n<\/div>\n<\/blockquote>\n<\/div>\n<div data-scribe=\"element:conversation_icon\">\n<div title=\"View conversation on Twitter\" role=\"img\" aria-label=\"View conversation on Twitter\"><\/div>\n<\/div>\n<div data-scribe=\"element:conversation_text\"><span style=\"color: #000000;\">13.4K people are talking about this<\/span><\/div>\n<div data-scribe=\"element:cta_chevron\">\n<div title=\"View on Twitter\" role=\"img\" aria-label=\"View on Twitter\"><\/div>\n<\/div>\n<\/div>\n<\/div>\n<div>\n<div>\n<div><\/div>\n<\/div>\n<div>\n<div><\/div>\n<\/div>\n<\/div>\n<\/div>\n<\/div>\n<\/div>\n<h4><\/h4>\n<div>\n<div>\n<div data-twitter-event-id=\"1\">\n<div id=\"twitter-widget-1\" lang=\"en\" data-click-to-open-target=\"https:\/\/twitter.com\/jguaido\/status\/1104839886660689920\" data-iframe-title=\"Twitter Tweet\" data-scribe=\"page:tweet\" data-twitter-event-id=\"6\">\n<div>\n<div>\n<blockquote cite=\"https:\/\/twitter.com\/jguaido\/status\/1104839886660689920\" data-tweet-id=\"1104839886660689920\" data-scribe=\"section:subject\">\n<div><span style=\"color: #000000;\"><a style=\"color: #000000;\" href=\"https:\/\/twitter.com\/jguaido\" data-scribe=\"element:user_link\" aria-label=\"Juan Guaid\u00f3 (screen name: jguaido)\"><img decoding=\"async\" src=\"https:\/\/pbs.twimg.com\/profile_images\/1084274289090744320\/M10oqLPc_normal.jpg\" alt=\"\" data-scribe=\"element:avatar\" data-src-2x=\"https:\/\/pbs.twimg.com\/profile_images\/1084274289090744320\/M10oqLPc_bigger.jpg\" data-src-1x=\"https:\/\/pbs.twimg.com\/profile_images\/1084274289090744320\/M10oqLPc_normal.jpg\" \/><\/a><\/span><\/p>\n<div data-scribe=\"component:author\">\n<div><span style=\"color: #000000;\" title=\"Juan Guaid\u00f3\" data-scribe=\"element:name\">Juan Guaid\u00f3<\/span><\/p>\n<div title=\"Verified Account\" role=\"img\" aria-label=\"Verified Account\"><\/div>\n<p><span style=\"color: #000000;\">\u2714<span dir=\"ltr\" title=\"@jguaido\" data-scribe=\"element:screen_name\">@jguaido<\/span><\/span><\/div>\n<\/div>\n<div>\n<div title=\"View on Twitter\" role=\"presentation\" aria-label=\"View on Twitter\"><\/div>\n<\/div>\n<\/div>\n<div data-scribe=\"component:tweet\">\n<div><\/div>\n<p dir=\"ltr\" lang=\"es\"><span style=\"color: #000000;\">Nuestros Diputados que se encuentran en nuestras regiones arribar\u00e1n a Caracas en las pr\u00f3ximas horas para asistir a la sesi\u00f3n extraordinaria de la <a dir=\"ltr\" style=\"color: #000000;\" href=\"https:\/\/twitter.com\/AsambleaVE\" data-mentioned-user-id=\"4744395743\" data-scribe=\"element:mention\">@AsambleaVE<\/a> el d\u00eda de ma\u00f1ana. <\/span><\/p>\n<p><span style=\"color: #000000;\">Mientras tanto, nosotros seguiremos trabajando y dando la cara que otros no han querido dar.<\/span><\/p>\n<div>\n<div>\n<div data-scribe=\"element:heart\">\n<div title=\"Like\" role=\"img\" aria-label=\"Like\"><\/div>\n<\/div>\n<p><span style=\"color: #000000;\"><a style=\"color: #000000;\" title=\"Like\" href=\"https:\/\/twitter.com\/intent\/like?tweet_id=1104839886660689920\" data-scribe=\"component:actions\">12.7K<\/a><\/span><\/div>\n<div><span style=\"color: #000000;\"><a style=\"color: #000000;\" href=\"https:\/\/twitter.com\/jguaido\/status\/1104839886660689920\" data-datetime=\"2019-03-10T20:22:10+0000\" data-scribe=\"element:full_timestamp\"><time title=\"Time posted: March 10, 2019 20:22:10 (UTC)\" datetime=\"2019-03-10T20:22:10+0000\">4:22 PM &#8211; Mar 10, 2019<\/time><\/a><\/span><\/div>\n<div data-scribe=\"element:notice\"><span style=\"color: #000000;\"><a style=\"color: #000000;\" title=\"Twitter Ads info and privacy\" href=\"https:\/\/support.twitter.com\/articles\/20175256\">Twitter Ads info and privacy<\/a><\/span><\/div>\n<\/div>\n<\/div>\n<\/blockquote>\n<\/div>\n<div data-scribe=\"element:conversation_icon\">\n<div title=\"View conversation on Twitter\" role=\"img\" aria-label=\"View conversation on Twitter\"><\/div>\n<\/div>\n<div data-scribe=\"element:conversation_text\"><span style=\"color: #000000;\">9,070 people are talking about this<\/span><\/div>\n<div data-scribe=\"element:cta_chevron\">\n<div title=\"View on Twitter\" role=\"img\" aria-label=\"View on Twitter\"><\/div>\n<\/div>\n<\/div>\n<\/div>\n<div>\n<div>\n<div><\/div>\n<\/div>\n<div>\n<div><\/div>\n<\/div>\n<\/div>\n<\/div>\n<\/div>\n<\/div>\n<h4><span style=\"color: #000000;\">Guaid\u00f3 detall\u00f3 que convocar\u00e1 movilizaci\u00f3n de calle y acompa\u00f1ar\u00e1 las protestas que ya se estar\u00edan dando en todo el pa\u00eds.<\/span><\/h4>\n<h4><span style=\"color: #000000;\">El l\u00edder opositor, quien tiene el apoyo de gran parte de la comunidad internacional, expuso que la falla el\u00e9ctrica no es un problema de generaci\u00f3n, \u201cporque dejaron perderlas platas y en el peor de los casos nunca las construyeron\u201d, o de mantenimiento preventivo.<\/span><\/h4>\n<figure>\n<div>\n<div><span style=\"color: #000000;\"><img decoding=\"async\" src=\"https:\/\/gdb.voanews.com\/3322742B-B1F7-4550-8426-0550AD72864B_w650_r1_s.jpg\" alt=\"El presidente encargado de Venezuela, Juan Guaid\u00f3, present\u00f3 balance tras tres d\u00edas de apag\u00f3n nacional en sede del Palacio Federal Legislativo. Foto: Reuters\" \/><\/span><\/div>\n<\/div><figcaption><span style=\"color: #000000;\">El presidente encargado de Venezuela, Juan Guaid\u00f3, present\u00f3 balance tras tres d\u00edas de apag\u00f3n nacional en sede del Palacio Federal Legislativo. Foto: Reuters<\/span><\/figcaption><\/figure>\n<h4><span style=\"color: #000000;\">\u201cEstamos pagando hoy la ineficiencia, el sadismos, de un r\u00e9gimen que no le importa el r\u00e9gimen de Venezuela\u201d, indic\u00f3 Guaid\u00f3<\/span><\/h4>\n<h4><span style=\"color: #000000;\">Afirm\u00f3 que \u201choy (el presidente en disputa Nicol\u00e1s) Maduro no protege a nadie\u201d y agreg\u00f3 que \u201cse les esconde al pueblo de Venezuela\u201d.<\/span><\/h4>\n<h4><span style=\"color: #000000;\">\u201cEl mecanismo de soluci\u00f3n definitivo (\u2026) pasa por la salida del usurpador (Nicol\u00e1s Maduro)\u201d, indic\u00f3 Guaid\u00f3.<\/span><\/h4>\n<h4><span style=\"color: #000000;\">Expuso que ya han conversado con aliados internacionales, como Alemania, Jap\u00f3n, Brasil y Colombia, para buscar apoyo ante la crisis.<\/span><\/h4>\n<h4><span style=\"color: #000000;\">Tambi\u00e9n puede leer:\u00a0<a style=\"color: #000000;\" href=\"https:\/\/www.voanoticias.com\/a\/apagon-venezuela-victimas-mortales-vuelos-retrasados-caos-ciudades\/4821444.html\" target=\"_blank\" rel=\"noopener noreferrer\">Apag\u00f3n en Venezuela deja v\u00edctimas en hospitales, vuelos retrasados y caos en las ciudades<\/a><\/span><\/h4>\n<h4><span style=\"color: #000000;\">El gobierno del presidente en disputa ha dicho que el corte del servicio el\u00e9ctrico, que comenz\u00f3 el jueves a las 5:00 p.m (hora local), se debi\u00f3 a un \u00absabotaje\u00bb de la hidroel\u00e9ctrica Guri, la m\u00e1s grande del pa\u00eds.<\/span><\/h4>\n<h4><span style=\"color: #000000;\">Maduro indic\u00f3 en Twitter que el sistema el\u00e9ctrico \u00abha sido objeto de m\u00faltiples ataques cibern\u00e9ticos\u00bb, pero prometi\u00f3 que \u00aben las pr\u00f3ximas horas\u00bb el suministro se restablecer\u00e1 \u00abde forma estable y definitiva\u201d.<\/span><\/h4>\n<h4><\/h4>\n<div>\n<div>\n<div data-twitter-event-id=\"2\">\n<div id=\"twitter-widget-2\" lang=\"es\" data-click-to-open-target=\"https:\/\/twitter.com\/NicolasMaduro\/status\/1104752665232326656\" data-iframe-title=\"Tweet de Twitter\" data-scribe=\"page:tweet\" data-tweet-id=\"1104752665232326656\" data-twitter-event-id=\"5\">\n<article dir=\"ltr\" data-scribe=\"component:card\">\n<div data-scribe=\"element:photo\"><span style=\"color: #000000;\"><a style=\"color: #000000;\" tabindex=\"-1\" title=\"Ver imagen en Twitter\" role=\"presentation\" href=\"https:\/\/twitter.com\/NicolasMaduro\/status\/1104752665232326656\/photo\/1\">Ver imagen en Twitter<\/a><\/span><\/p>\n<div data-style=\"max-width: 1080px\">\n<div data-style=\"padding-bottom: 66.6667%\"><span style=\"color: #000000;\"><a style=\"color: #000000;\" href=\"https:\/\/twitter.com\/NicolasMaduro\/status\/1104752665232326656\/photo\/1\"><img loading=\"lazy\" decoding=\"async\" title=\"Ver imagen en Twitter\" src=\"https:\/\/pbs.twimg.com\/media\/D1TeTEmXQAIv1us?format=jpg&amp;name=small\" alt=\"Ver imagen en Twitter\" width=\"1080\" height=\"720\" data-image=\"https:\/\/pbs.twimg.com\/media\/D1TeTEmXQAIv1us\" \/><\/a><\/span><\/div>\n<\/div>\n<\/div>\n<\/article>\n<div>\n<div>\n<blockquote cite=\"https:\/\/twitter.com\/NicolasMaduro\/status\/1104752665232326656\" data-tweet-id=\"1104752665232326656\" data-scribe=\"section:subject\">\n<div><span style=\"color: #000000;\"><a style=\"color: #000000;\" href=\"https:\/\/twitter.com\/NicolasMaduro\" data-scribe=\"element:user_link\" aria-label=\"Nicol\u00e1s Maduro (nombre de pantalla: NicolasMaduro)\"><img decoding=\"async\" src=\"https:\/\/pbs.twimg.com\/profile_images\/964683181340463104\/XgqW-WC0_normal.jpg\" alt=\"\" data-scribe=\"element:avatar\" data-src-2x=\"https:\/\/pbs.twimg.com\/profile_images\/964683181340463104\/XgqW-WC0_bigger.jpg\" data-src-1x=\"https:\/\/pbs.twimg.com\/profile_images\/964683181340463104\/XgqW-WC0_normal.jpg\" \/><\/a><\/span><\/p>\n<div data-scribe=\"component:author\">\n<div><span style=\"color: #000000;\" title=\"Nicol\u00e1s Maduro\" data-scribe=\"element:name\">Nicol\u00e1s Maduro<\/span><\/p>\n<div title=\"Cuenta verificada\" role=\"img\" aria-label=\"Cuenta verificada\"><\/div>\n<p><span style=\"color: #000000;\">\u2714<span dir=\"ltr\" title=\"@NicolasMaduro\" data-scribe=\"element:screen_name\">@NicolasMaduro<\/span><\/span><\/div>\n<\/div>\n<div>\n<div title=\"Ver en Twitter\" role=\"presentation\" aria-label=\"Ver en Twitter\"><\/div>\n<\/div>\n<\/div>\n<div data-scribe=\"component:tweet\">\n<div><\/div>\n<p dir=\"ltr\" lang=\"es\"><span style=\"color: #000000;\">El Sistema El\u00e9ctrico Nacional ha sido objeto de m\u00faltiples ataques cibern\u00e9ticos que ocasionaron su ca\u00edda y han impedido los intentos de reconexi\u00f3n nacional. Sin embargo, hacemos grandes esfuerzos para, en las pr\u00f3ximas horas, restaurar el suministro de forma estable y definitiva.<\/span><\/p>\n<div>\n<div>\n<div data-scribe=\"element:heart\">\n<div title=\"Me gusta\" role=\"img\" aria-label=\"Me gusta\"><\/div>\n<\/div>\n<p><span style=\"color: #000000;\"><a style=\"color: #000000;\" title=\"Me gusta\" href=\"https:\/\/twitter.com\/intent\/like?tweet_id=1104752665232326656\" data-scribe=\"component:actions\">2.466<\/a><\/span><\/div>\n<div><span style=\"color: #000000;\"><a style=\"color: #000000;\" href=\"https:\/\/twitter.com\/NicolasMaduro\/status\/1104752665232326656\" data-datetime=\"2019-03-10T14:35:35+0000\" data-scribe=\"element:full_timestamp\"><time title=\"Publicado a las: 10 de marzo de 2019 14:35:35 (UTC)\" datetime=\"2019-03-10T14:35:35+0000\">10:35 &#8211; 10 mar. 2019<\/time><\/a><\/span><\/div>\n<\/div>\n<\/div>\n<\/blockquote>\n<\/div>\n<div data-scribe=\"element:conversation_icon\">\n<div title=\"Ver conversaci\u00f3n en Twitter\" role=\"img\" aria-label=\"Ver conversaci\u00f3n en Twitter\"><\/div>\n<\/div>\n<div data-scribe=\"element:conversation_text\"><span style=\"color: #000000;\">3.741 personas est\u00e1n hablando de esto<\/span><\/div>\n<div data-scribe=\"element:cta_chevron\">\n<div title=\"Ver en Twitter\" role=\"img\" aria-label=\"Ver en Twitter\"><\/div>\n<\/div>\n<\/div>\n<div data-scribe=\"element:notice\"><span style=\"color: #000000;\"><a style=\"color: #000000;\" title=\"Informaci\u00f3n y privacidad de Twitter Ads\" href=\"https:\/\/support.twitter.com\/articles\/20175256\">Informaci\u00f3n y privacidad de Twitter Ads<\/a><\/span><\/div>\n<\/div>\n<div>\n<div>\n<div><\/div>\n<\/div>\n<div>\n<div><\/div>\n<\/div>\n<\/div>\n<\/div>\n<\/div>\n<\/div>\n<h4><span style=\"color: #000000;\">Este ser\u00eda el apag\u00f3n ha sido el m\u00e1s prolongando en Venezuela en d\u00e9cadas. En 2013 hubo una falla que dur\u00f3 seis horas y afect\u00f3 a Caracas y 17 estados. En 2018 hubo otra de 10 horas en al menos ocho estados.<\/span><\/h4>\n<h4><span style=\"color: #000000;\">El ministro de Comunicaci\u00f3n, Jorge Rodr\u00edguez, anunci\u00f3 el domingo en un contacto telef\u00f3nico con el canal del Estado que se orden\u00f3 la suspensi\u00f3n de las clases y la jornada laboral este lunes 11 de marzo.<\/span><\/h4>\n<h4><\/h4>\n<div class=\"wsw__embed\">\n<div class=\"infgraphicsAttach\">\n<div class=\"twitterSnippetProcessed\">\n<div class=\"SandboxRoot env-bp-350\" data-twitter-event-id=\"3\">\n<div id=\"twitter-widget-3\" class=\"EmbeddedTweet EmbeddedTweet--cta js-clickToOpenTarget tweet-InformationCircle-widgetParent\" lang=\"es\" data-click-to-open-target=\"https:\/\/twitter.com\/jorgerpsuv\/status\/1104856283541356544\" data-iframe-title=\"Tweet de Twitter\" data-scribe=\"page:tweet\" data-twitter-event-id=\"4\">\n<div class=\"EmbeddedTweet-tweetContainer\">\n<blockquote cite=\"https:\/\/twitter.com\/jorgerpsuv\/status\/1104856283541356544\" data-tweet-id=\"1104856283541356544\" data-scribe=\"section:subject\">\n<div><span style=\"color: #000000;\"><a style=\"color: #000000;\" href=\"https:\/\/twitter.com\/jorgerpsuv\" data-scribe=\"element:user_link\" aria-label=\"Jorge Rodr\u00edguez (nombre de pantalla: jorgerpsuv)\"><img decoding=\"async\" src=\"https:\/\/pbs.twimg.com\/profile_images\/542171697030627328\/qEprVYv5_normal.jpeg\" alt=\"\" data-scribe=\"element:avatar\" data-src-2x=\"https:\/\/pbs.twimg.com\/profile_images\/542171697030627328\/qEprVYv5_bigger.jpeg\" data-src-1x=\"https:\/\/pbs.twimg.com\/profile_images\/542171697030627328\/qEprVYv5_normal.jpeg\" \/><\/a><\/span><\/p>\n<div data-scribe=\"component:author\">\n<div><span style=\"color: #000000;\" title=\"Jorge Rodr\u00edguez\" data-scribe=\"element:name\">Jorge Rodr\u00edguez<\/span><\/p>\n<div title=\"Cuenta verificada\" role=\"img\" aria-label=\"Cuenta verificada\"><\/div>\n<p><span style=\"color: #000000;\">\u2714<span dir=\"ltr\" title=\"@jorgerpsuv\" data-scribe=\"element:screen_name\">@jorgerpsuv<\/span><\/span><\/div>\n<\/div>\n<div>\n<div title=\"Ver en Twitter\" role=\"presentation\" aria-label=\"Ver en Twitter\"><\/div>\n<\/div>\n<\/div>\n<div data-scribe=\"component:tweet\">\n<div><\/div>\n<p dir=\"ltr\" lang=\"es\"><span style=\"color: #000000;\">el Gob Bolivariano decidi\u00f3 la suspensi\u00f3n de clases y actividades laborales ma\u00f1ana lunes 11 de marzo, para derrotar todas y todos, con la fuerza de la verdad y la vida, el brutal ataque terrorista contra el pueblo. Juntos seremos victoriosos<\/span><\/p>\n<div>\n<div>\n<div data-scribe=\"element:heart\">\n<div title=\"Me gusta\" role=\"img\" aria-label=\"Me gusta\"><\/div>\n<\/div>\n<p><span style=\"color: #000000;\"><a style=\"color: #000000;\" title=\"Me gusta\" href=\"https:\/\/twitter.com\/intent\/like?tweet_id=1104856283541356544\" data-scribe=\"component:actions\">1.198<\/a><\/span><\/div>\n<div><span style=\"color: #000000;\"><a style=\"color: #000000;\" href=\"https:\/\/twitter.com\/jorgerpsuv\/status\/1104856283541356544\" data-datetime=\"2019-03-10T21:27:19+0000\" data-scribe=\"element:full_timestamp\"><time title=\"Publicado a las: 10 de marzo de 2019 21:27:19 (UTC)\" datetime=\"2019-03-10T21:27:19+0000\">17:27 &#8211; 10 mar. 2019<\/time><\/a><\/span><\/div>\n<div data-scribe=\"element:notice\"><span style=\"color: #000000;\"><a style=\"color: #000000;\" title=\"Informaci\u00f3n y privacidad de Twitter Ads\" href=\"https:\/\/support.twitter.com\/articles\/20175256\">Informaci\u00f3n y privacidad de Twitter Ads<\/a><\/span><\/div>\n<\/div>\n<\/div>\n<\/blockquote>\n<div title=\"Ver conversaci\u00f3n en Twitter\" role=\"img\" aria-label=\"Ver conversaci\u00f3n en Twitter\"><\/div>\n<h4 data-scribe=\"element:conversation_text\"><span style=\"color: #000000;\">2.991 personas est\u00e1n hablando de esto<\/span><\/h4>\n<h4 class=\"CallToAction-chevron\" data-scribe=\"element:cta_chevron\"><\/h4>\n<\/div>\n<\/div>\n<\/div>\n<\/div>\n<\/div>\n<\/div>\n<\/div>\n<\/div>\n<\/div>\n<\/div>\n<\/div>\n<\/div>\n<\/div>\n","protected":false},"excerpt":{"rendered":"<p>El presidente encargado de Venezuela, Juan Guaid\u00f3, convoc\u00f3 para el lunes a la Asamblea Nacional de mayor\u00eda opositora y eval\u00faa decretar el estado de emergencia nacional para atender a la cr\u00edtica situaci\u00f3n que vive&#46;&#46;&#46;<\/p>\n","protected":false},"author":30,"featured_media":12122,"comment_status":"open","ping_status":"open","sticky":false,"template":"","format":"standard","meta":{"_acf_changed":false,"rop_custom_images_group":[],"rop_custom_messages_group":[],"rop_publish_now":"initial","rop_publish_now_accounts":{"twitter_242054905_242054905":""},"rop_publish_now_history":[],"rop_publish_now_status":"pending","footnotes":""},"categories":[1781,1774,3],"tags":[1924,1667,1925,76],"class_list":["post-12121","post","type-post","status-publish","format-standard","has-post-thumbnail","hentry","category-sudamerica","category-noticias","category-politica","tag-apagon","tag-guaido","tag-parlamento-venezolano","tag-venezuela"],"acf":[],"yoast_head":"<!-- This site is optimized with the Yoast SEO Premium plugin v24.9 (Yoast SEO v27.2) - https:\/\/yoast.com\/product\/yoast-seo-premium-wordpress\/ -->\n<title>Venezuela: Guaid\u00f3 solicitar\u00e1 a Parlamento decretar estado de alarma nacional por apag\u00f3n - Texas | Noti-America.com<\/title>\n<meta name=\"robots\" content=\"index, follow, max-snippet:-1, max-image-preview:large, max-video-preview:-1\" \/>\n<link rel=\"canonical\" href=\"https:\/\/noti-america.com\/site\/texas\/2019\/03\/11\/venezuela-guaido-solicitara-a-parlamento-decretar-estado-de-alarma-nacional-por-apagon\/\" \/>\n<meta property=\"og:locale\" content=\"es_ES\" \/>\n<meta property=\"og:type\" content=\"article\" \/>\n<meta property=\"og:title\" content=\"Venezuela: Guaid\u00f3 solicitar\u00e1 a Parlamento decretar estado de alarma nacional por apag\u00f3n\" \/>\n<meta property=\"og:description\" content=\"El presidente encargado de Venezuela, Juan Guaid\u00f3, convoc\u00f3 para el lunes a la Asamblea Nacional de mayor\u00eda opositora y eval\u00faa decretar el estado de emergencia nacional para atender a la cr\u00edtica situaci\u00f3n que vive&#046;&#046;&#046;\" \/>\n<meta property=\"og:url\" content=\"https:\/\/noti-america.com\/site\/texas\/2019\/03\/11\/venezuela-guaido-solicitara-a-parlamento-decretar-estado-de-alarma-nacional-por-apagon\/\" \/>\n<meta property=\"og:site_name\" content=\"Texas | Noti-America.com\" \/>\n<meta property=\"article:published_time\" content=\"2019-03-11T12:19:50+00:00\" \/>\n<meta property=\"og:image\" content=\"https:\/\/noti-america.com\/site\/texas\/wp-content\/uploads\/sites\/4\/2019\/03\/Guaid\u00f3-solicitar\u00e1-a-Parlamento.jpg\" \/>\n\t<meta property=\"og:image:width\" content=\"1023\" \/>\n\t<meta property=\"og:image:height\" content=\"575\" \/>\n\t<meta property=\"og:image:type\" content=\"image\/jpeg\" \/>\n<meta name=\"author\" content=\"Redacci\u00f3n NA-TX\" \/>\n<meta name=\"twitter:card\" content=\"summary_large_image\" \/>\n<meta name=\"twitter:label1\" content=\"Escrito por\" \/>\n\t<meta name=\"twitter:data1\" content=\"Redacci\u00f3n NA-TX\" \/>\n\t<meta name=\"twitter:label2\" content=\"Tiempo estimado de lectura\" \/>\n\t<meta name=\"twitter:data2\" content=\"4 minutos\" \/>\n<script type=\"application\/ld+json\" class=\"yoast-schema-graph\">{\"@context\":\"https:\/\/schema.org\",\"@graph\":[{\"@type\":\"Article\",\"@id\":\"https:\/\/noti-america.com\/site\/texas\/2019\/03\/11\/venezuela-guaido-solicitara-a-parlamento-decretar-estado-de-alarma-nacional-por-apagon\/#article\",\"isPartOf\":{\"@id\":\"https:\/\/noti-america.com\/site\/texas\/2019\/03\/11\/venezuela-guaido-solicitara-a-parlamento-decretar-estado-de-alarma-nacional-por-apagon\/\"},\"author\":{\"name\":\"Redacci\u00f3n NA-TX\",\"@id\":\"https:\/\/noti-america.com\/site\/texas\/#\/schema\/person\/ae305e0187703594d7e273941bdc7f76\"},\"headline\":\"Venezuela: Guaid\u00f3 solicitar\u00e1 a Parlamento decretar estado de alarma nacional por apag\u00f3n\",\"datePublished\":\"2019-03-11T12:19:50+00:00\",\"mainEntityOfPage\":{\"@id\":\"https:\/\/noti-america.com\/site\/texas\/2019\/03\/11\/venezuela-guaido-solicitara-a-parlamento-decretar-estado-de-alarma-nacional-por-apagon\/\"},\"wordCount\":806,\"commentCount\":0,\"publisher\":{\"@id\":\"https:\/\/noti-america.com\/site\/texas\/#organization\"},\"image\":{\"@id\":\"https:\/\/noti-america.com\/site\/texas\/2019\/03\/11\/venezuela-guaido-solicitara-a-parlamento-decretar-estado-de-alarma-nacional-por-apagon\/#primaryimage\"},\"thumbnailUrl\":\"https:\/\/noti-america.com\/site\/texas\/wp-content\/uploads\/sites\/4\/2019\/03\/Guaid\u00f3-solicitar\u00e1-a-Parlamento.jpg\",\"keywords\":[\"Apag\u00f2n\",\"Guaid\u00f3\",\"Parlamento Venezolano\",\"Venezuela\"],\"articleSection\":[\"Am\u00e9rica del Sur\",\"Noticias\",\"Pol\u00edtica\"],\"inLanguage\":\"es\",\"potentialAction\":[{\"@type\":\"CommentAction\",\"name\":\"Comment\",\"target\":[\"https:\/\/noti-america.com\/site\/texas\/2019\/03\/11\/venezuela-guaido-solicitara-a-parlamento-decretar-estado-de-alarma-nacional-por-apagon\/#respond\"]}]},{\"@type\":\"WebPage\",\"@id\":\"https:\/\/noti-america.com\/site\/texas\/2019\/03\/11\/venezuela-guaido-solicitara-a-parlamento-decretar-estado-de-alarma-nacional-por-apagon\/\",\"url\":\"https:\/\/noti-america.com\/site\/texas\/2019\/03\/11\/venezuela-guaido-solicitara-a-parlamento-decretar-estado-de-alarma-nacional-por-apagon\/\",\"name\":\"Venezuela: Guaid\u00f3 solicitar\u00e1 a Parlamento decretar estado de alarma nacional por apag\u00f3n - Texas | Noti-America.com\",\"isPartOf\":{\"@id\":\"https:\/\/noti-america.com\/site\/texas\/#website\"},\"primaryImageOfPage\":{\"@id\":\"https:\/\/noti-america.com\/site\/texas\/2019\/03\/11\/venezuela-guaido-solicitara-a-parlamento-decretar-estado-de-alarma-nacional-por-apagon\/#primaryimage\"},\"image\":{\"@id\":\"https:\/\/noti-america.com\/site\/texas\/2019\/03\/11\/venezuela-guaido-solicitara-a-parlamento-decretar-estado-de-alarma-nacional-por-apagon\/#primaryimage\"},\"thumbnailUrl\":\"https:\/\/noti-america.com\/site\/texas\/wp-content\/uploads\/sites\/4\/2019\/03\/Guaid\u00f3-solicitar\u00e1-a-Parlamento.jpg\",\"datePublished\":\"2019-03-11T12:19:50+00:00\",\"breadcrumb\":{\"@id\":\"https:\/\/noti-america.com\/site\/texas\/2019\/03\/11\/venezuela-guaido-solicitara-a-parlamento-decretar-estado-de-alarma-nacional-por-apagon\/#breadcrumb\"},\"inLanguage\":\"es\",\"potentialAction\":[{\"@type\":\"ReadAction\",\"target\":[\"https:\/\/noti-america.com\/site\/texas\/2019\/03\/11\/venezuela-guaido-solicitara-a-parlamento-decretar-estado-de-alarma-nacional-por-apagon\/\"]}]},{\"@type\":\"ImageObject\",\"inLanguage\":\"es\",\"@id\":\"https:\/\/noti-america.com\/site\/texas\/2019\/03\/11\/venezuela-guaido-solicitara-a-parlamento-decretar-estado-de-alarma-nacional-por-apagon\/#primaryimage\",\"url\":\"https:\/\/noti-america.com\/site\/texas\/wp-content\/uploads\/sites\/4\/2019\/03\/Guaid\u00f3-solicitar\u00e1-a-Parlamento.jpg\",\"contentUrl\":\"https:\/\/noti-america.com\/site\/texas\/wp-content\/uploads\/sites\/4\/2019\/03\/Guaid\u00f3-solicitar\u00e1-a-Parlamento.jpg\",\"width\":1023,\"height\":575},{\"@type\":\"BreadcrumbList\",\"@id\":\"https:\/\/noti-america.com\/site\/texas\/2019\/03\/11\/venezuela-guaido-solicitara-a-parlamento-decretar-estado-de-alarma-nacional-por-apagon\/#breadcrumb\",\"itemListElement\":[{\"@type\":\"ListItem\",\"position\":1,\"name\":\"Portada\",\"item\":\"https:\/\/noti-america.com\/site\/texas\/\"},{\"@type\":\"ListItem\",\"position\":2,\"name\":\"Venezuela: Guaid\u00f3 solicitar\u00e1 a Parlamento decretar estado de alarma nacional por apag\u00f3n\"}]},{\"@type\":\"WebSite\",\"@id\":\"https:\/\/noti-america.com\/site\/texas\/#website\",\"url\":\"https:\/\/noti-america.com\/site\/texas\/\",\"name\":\"Texas | Noti-America.com\",\"description\":\"\",\"publisher\":{\"@id\":\"https:\/\/noti-america.com\/site\/texas\/#organization\"},\"potentialAction\":[{\"@type\":\"SearchAction\",\"target\":{\"@type\":\"EntryPoint\",\"urlTemplate\":\"https:\/\/noti-america.com\/site\/texas\/?s={search_term_string}\"},\"query-input\":{\"@type\":\"PropertyValueSpecification\",\"valueRequired\":true,\"valueName\":\"search_term_string\"}}],\"inLanguage\":\"es\"},{\"@type\":\"Organization\",\"@id\":\"https:\/\/noti-america.com\/site\/texas\/#organization\",\"name\":\"Noti-America LLC | Texas-USA\",\"url\":\"https:\/\/noti-america.com\/site\/texas\/\",\"logo\":{\"@type\":\"ImageObject\",\"inLanguage\":\"es\",\"@id\":\"https:\/\/noti-america.com\/site\/texas\/#\/schema\/logo\/image\/\",\"url\":\"https:\/\/noti-america.com\/site\/us-tx\/wp-content\/uploads\/sites\/4\/2020\/07\/LogoNA-4x3-1.jpg\",\"contentUrl\":\"https:\/\/noti-america.com\/site\/us-tx\/wp-content\/uploads\/sites\/4\/2020\/07\/LogoNA-4x3-1.jpg\",\"width\":1236,\"height\":1080,\"caption\":\"Noti-America LLC | Texas-USA\"},\"image\":{\"@id\":\"https:\/\/noti-america.com\/site\/texas\/#\/schema\/logo\/image\/\"}},{\"@type\":\"Person\",\"@id\":\"https:\/\/noti-america.com\/site\/texas\/#\/schema\/person\/ae305e0187703594d7e273941bdc7f76\",\"name\":\"Redacci\u00f3n NA-TX\",\"image\":{\"@type\":\"ImageObject\",\"inLanguage\":\"es\",\"@id\":\"https:\/\/secure.gravatar.com\/avatar\/1ede8345cc79df032062efa286d5b99b0e4e5bd13e51f7cb031f715a3a43b386?s=96&d=mm&r=g\",\"url\":\"https:\/\/secure.gravatar.com\/avatar\/1ede8345cc79df032062efa286d5b99b0e4e5bd13e51f7cb031f715a3a43b386?s=96&d=mm&r=g\",\"contentUrl\":\"https:\/\/secure.gravatar.com\/avatar\/1ede8345cc79df032062efa286d5b99b0e4e5bd13e51f7cb031f715a3a43b386?s=96&d=mm&r=g\",\"caption\":\"Redacci\u00f3n NA-TX\"},\"url\":\"https:\/\/noti-america.com\/site\/texas\/author\/redacciontx\/\"}]}<\/script>\n<!-- \/ Yoast SEO Premium plugin. -->","yoast_head_json":{"title":"Venezuela: Guaid\u00f3 solicitar\u00e1 a Parlamento decretar estado de alarma nacional por apag\u00f3n - Texas | Noti-America.com","robots":{"index":"index","follow":"follow","max-snippet":"max-snippet:-1","max-image-preview":"max-image-preview:large","max-video-preview":"max-video-preview:-1"},"canonical":"https:\/\/noti-america.com\/site\/texas\/2019\/03\/11\/venezuela-guaido-solicitara-a-parlamento-decretar-estado-de-alarma-nacional-por-apagon\/","og_locale":"es_ES","og_type":"article","og_title":"Venezuela: Guaid\u00f3 solicitar\u00e1 a Parlamento decretar estado de alarma nacional por apag\u00f3n","og_description":"El presidente encargado de Venezuela, Juan Guaid\u00f3, convoc\u00f3 para el lunes a la Asamblea Nacional de mayor\u00eda opositora y eval\u00faa decretar el estado de emergencia nacional para atender a la cr\u00edtica situaci\u00f3n que vive&#46;&#46;&#46;","og_url":"https:\/\/noti-america.com\/site\/texas\/2019\/03\/11\/venezuela-guaido-solicitara-a-parlamento-decretar-estado-de-alarma-nacional-por-apagon\/","og_site_name":"Texas | Noti-America.com","article_published_time":"2019-03-11T12:19:50+00:00","og_image":[{"width":1023,"height":575,"url":"https:\/\/noti-america.com\/site\/texas\/wp-content\/uploads\/sites\/4\/2019\/03\/Guaid\u00f3-solicitar\u00e1-a-Parlamento.jpg","type":"image\/jpeg"}],"author":"Redacci\u00f3n NA-TX","twitter_card":"summary_large_image","twitter_misc":{"Escrito por":"Redacci\u00f3n NA-TX","Tiempo estimado de lectura":"4 minutos"},"schema":{"@context":"https:\/\/schema.org","@graph":[{"@type":"Article","@id":"https:\/\/noti-america.com\/site\/texas\/2019\/03\/11\/venezuela-guaido-solicitara-a-parlamento-decretar-estado-de-alarma-nacional-por-apagon\/#article","isPartOf":{"@id":"https:\/\/noti-america.com\/site\/texas\/2019\/03\/11\/venezuela-guaido-solicitara-a-parlamento-decretar-estado-de-alarma-nacional-por-apagon\/"},"author":{"name":"Redacci\u00f3n NA-TX","@id":"https:\/\/noti-america.com\/site\/texas\/#\/schema\/person\/ae305e0187703594d7e273941bdc7f76"},"headline":"Venezuela: Guaid\u00f3 solicitar\u00e1 a Parlamento decretar estado de alarma nacional por apag\u00f3n","datePublished":"2019-03-11T12:19:50+00:00","mainEntityOfPage":{"@id":"https:\/\/noti-america.com\/site\/texas\/2019\/03\/11\/venezuela-guaido-solicitara-a-parlamento-decretar-estado-de-alarma-nacional-por-apagon\/"},"wordCount":806,"commentCount":0,"publisher":{"@id":"https:\/\/noti-america.com\/site\/texas\/#organization"},"image":{"@id":"https:\/\/noti-america.com\/site\/texas\/2019\/03\/11\/venezuela-guaido-solicitara-a-parlamento-decretar-estado-de-alarma-nacional-por-apagon\/#primaryimage"},"thumbnailUrl":"https:\/\/noti-america.com\/site\/texas\/wp-content\/uploads\/sites\/4\/2019\/03\/Guaid\u00f3-solicitar\u00e1-a-Parlamento.jpg","keywords":["Apag\u00f2n","Guaid\u00f3","Parlamento Venezolano","Venezuela"],"articleSection":["Am\u00e9rica del Sur","Noticias","Pol\u00edtica"],"inLanguage":"es","potentialAction":[{"@type":"CommentAction","name":"Comment","target":["https:\/\/noti-america.com\/site\/texas\/2019\/03\/11\/venezuela-guaido-solicitara-a-parlamento-decretar-estado-de-alarma-nacional-por-apagon\/#respond"]}]},{"@type":"WebPage","@id":"https:\/\/noti-america.com\/site\/texas\/2019\/03\/11\/venezuela-guaido-solicitara-a-parlamento-decretar-estado-de-alarma-nacional-por-apagon\/","url":"https:\/\/noti-america.com\/site\/texas\/2019\/03\/11\/venezuela-guaido-solicitara-a-parlamento-decretar-estado-de-alarma-nacional-por-apagon\/","name":"Venezuela: Guaid\u00f3 solicitar\u00e1 a Parlamento decretar estado de alarma nacional por apag\u00f3n - Texas | Noti-America.com","isPartOf":{"@id":"https:\/\/noti-america.com\/site\/texas\/#website"},"primaryImageOfPage":{"@id":"https:\/\/noti-america.com\/site\/texas\/2019\/03\/11\/venezuela-guaido-solicitara-a-parlamento-decretar-estado-de-alarma-nacional-por-apagon\/#primaryimage"},"image":{"@id":"https:\/\/noti-america.com\/site\/texas\/2019\/03\/11\/venezuela-guaido-solicitara-a-parlamento-decretar-estado-de-alarma-nacional-por-apagon\/#primaryimage"},"thumbnailUrl":"https:\/\/noti-america.com\/site\/texas\/wp-content\/uploads\/sites\/4\/2019\/03\/Guaid\u00f3-solicitar\u00e1-a-Parlamento.jpg","datePublished":"2019-03-11T12:19:50+00:00","breadcrumb":{"@id":"https:\/\/noti-america.com\/site\/texas\/2019\/03\/11\/venezuela-guaido-solicitara-a-parlamento-decretar-estado-de-alarma-nacional-por-apagon\/#breadcrumb"},"inLanguage":"es","potentialAction":[{"@type":"ReadAction","target":["https:\/\/noti-america.com\/site\/texas\/2019\/03\/11\/venezuela-guaido-solicitara-a-parlamento-decretar-estado-de-alarma-nacional-por-apagon\/"]}]},{"@type":"ImageObject","inLanguage":"es","@id":"https:\/\/noti-america.com\/site\/texas\/2019\/03\/11\/venezuela-guaido-solicitara-a-parlamento-decretar-estado-de-alarma-nacional-por-apagon\/#primaryimage","url":"https:\/\/noti-america.com\/site\/texas\/wp-content\/uploads\/sites\/4\/2019\/03\/Guaid\u00f3-solicitar\u00e1-a-Parlamento.jpg","contentUrl":"https:\/\/noti-america.com\/site\/texas\/wp-content\/uploads\/sites\/4\/2019\/03\/Guaid\u00f3-solicitar\u00e1-a-Parlamento.jpg","width":1023,"height":575},{"@type":"BreadcrumbList","@id":"https:\/\/noti-america.com\/site\/texas\/2019\/03\/11\/venezuela-guaido-solicitara-a-parlamento-decretar-estado-de-alarma-nacional-por-apagon\/#breadcrumb","itemListElement":[{"@type":"ListItem","position":1,"name":"Portada","item":"https:\/\/noti-america.com\/site\/texas\/"},{"@type":"ListItem","position":2,"name":"Venezuela: Guaid\u00f3 solicitar\u00e1 a Parlamento decretar estado de alarma nacional por apag\u00f3n"}]},{"@type":"WebSite","@id":"https:\/\/noti-america.com\/site\/texas\/#website","url":"https:\/\/noti-america.com\/site\/texas\/","name":"Texas | Noti-America.com","description":"","publisher":{"@id":"https:\/\/noti-america.com\/site\/texas\/#organization"},"potentialAction":[{"@type":"SearchAction","target":{"@type":"EntryPoint","urlTemplate":"https:\/\/noti-america.com\/site\/texas\/?s={search_term_string}"},"query-input":{"@type":"PropertyValueSpecification","valueRequired":true,"valueName":"search_term_string"}}],"inLanguage":"es"},{"@type":"Organization","@id":"https:\/\/noti-america.com\/site\/texas\/#organization","name":"Noti-America LLC | Texas-USA","url":"https:\/\/noti-america.com\/site\/texas\/","logo":{"@type":"ImageObject","inLanguage":"es","@id":"https:\/\/noti-america.com\/site\/texas\/#\/schema\/logo\/image\/","url":"https:\/\/noti-america.com\/site\/us-tx\/wp-content\/uploads\/sites\/4\/2020\/07\/LogoNA-4x3-1.jpg","contentUrl":"https:\/\/noti-america.com\/site\/us-tx\/wp-content\/uploads\/sites\/4\/2020\/07\/LogoNA-4x3-1.jpg","width":1236,"height":1080,"caption":"Noti-America LLC | Texas-USA"},"image":{"@id":"https:\/\/noti-america.com\/site\/texas\/#\/schema\/logo\/image\/"}},{"@type":"Person","@id":"https:\/\/noti-america.com\/site\/texas\/#\/schema\/person\/ae305e0187703594d7e273941bdc7f76","name":"Redacci\u00f3n NA-TX","image":{"@type":"ImageObject","inLanguage":"es","@id":"https:\/\/secure.gravatar.com\/avatar\/1ede8345cc79df032062efa286d5b99b0e4e5bd13e51f7cb031f715a3a43b386?s=96&d=mm&r=g","url":"https:\/\/secure.gravatar.com\/avatar\/1ede8345cc79df032062efa286d5b99b0e4e5bd13e51f7cb031f715a3a43b386?s=96&d=mm&r=g","contentUrl":"https:\/\/secure.gravatar.com\/avatar\/1ede8345cc79df032062efa286d5b99b0e4e5bd13e51f7cb031f715a3a43b386?s=96&d=mm&r=g","caption":"Redacci\u00f3n NA-TX"},"url":"https:\/\/noti-america.com\/site\/texas\/author\/redacciontx\/"}]}},"_links":{"self":[{"href":"https:\/\/noti-america.com\/site\/texas\/wp-json\/wp\/v2\/posts\/12121","targetHints":{"allow":["GET"]}}],"collection":[{"href":"https:\/\/noti-america.com\/site\/texas\/wp-json\/wp\/v2\/posts"}],"about":[{"href":"https:\/\/noti-america.com\/site\/texas\/wp-json\/wp\/v2\/types\/post"}],"author":[{"embeddable":true,"href":"https:\/\/noti-america.com\/site\/texas\/wp-json\/wp\/v2\/users\/30"}],"replies":[{"embeddable":true,"href":"https:\/\/noti-america.com\/site\/texas\/wp-json\/wp\/v2\/comments?post=12121"}],"version-history":[{"count":1,"href":"https:\/\/noti-america.com\/site\/texas\/wp-json\/wp\/v2\/posts\/12121\/revisions"}],"predecessor-version":[{"id":12123,"href":"https:\/\/noti-america.com\/site\/texas\/wp-json\/wp\/v2\/posts\/12121\/revisions\/12123"}],"wp:featuredmedia":[{"embeddable":true,"href":"https:\/\/noti-america.com\/site\/texas\/wp-json\/wp\/v2\/media\/12122"}],"wp:attachment":[{"href":"https:\/\/noti-america.com\/site\/texas\/wp-json\/wp\/v2\/media?parent=12121"}],"wp:term":[{"taxonomy":"category","embeddable":true,"href":"https:\/\/noti-america.com\/site\/texas\/wp-json\/wp\/v2\/categories?post=12121"},{"taxonomy":"post_tag","embeddable":true,"href":"https:\/\/noti-america.com\/site\/texas\/wp-json\/wp\/v2\/tags?post=12121"}],"curies":[{"name":"wp","href":"https:\/\/api.w.org\/{rel}","templated":true}]}}