{"id":12044,"date":"2019-03-05T08:09:11","date_gmt":"2019-03-05T13:09:11","guid":{"rendered":"http:\/\/noti-america.com\/site\/us-tx\/2019\/03\/05\/texas-alerta-sanitaria-por-186-casos-de-paperas-detectan-enfermedad-en-centro-de-inmigracion\/"},"modified":"2019-03-05T08:09:25","modified_gmt":"2019-03-05T13:09:25","slug":"texas-alerta-sanitaria-por-186-casos-de-paperas-detectan-enfermedad-en-centro-de-inmigracion","status":"publish","type":"post","link":"https:\/\/noti-america.com\/site\/texas\/2019\/03\/05\/texas-alerta-sanitaria-por-186-casos-de-paperas-detectan-enfermedad-en-centro-de-inmigracion\/","title":{"rendered":"Texas: Alerta sanitaria por 186 casos de paperas. Detectan enfermedad en Centro de Inmigraci\u00f3n"},"content":{"rendered":"<h1><\/h1>\n<h2 style=\"text-align: center;\"><span style=\"color: #000000;\">Cinco de los pacientes son empleados de los servicios migratorios<\/span><\/h2>\n<div class=\"meta-block m-b-30\">\n<p>&nbsp;<\/p>\n<p>&nbsp;<\/p>\n<\/div>\n<div class=\"row\">\n<div class=\"large-8 columns\">\n<div class=\"content\">\n<div class=\"thumb\"><img decoding=\"async\" class=\"aligncenter\" title=\"Alerta sanitaria por 186 casos de paperas. Detectan enfermedad en Centro de Inmigraci\u00f3n\" src=\"https:\/\/mananarm.blob.core.windows.net.optimalcdn.com\/images\/2019\/03\/03\/cropw0h0tex20903040101papas.01-focus-0-0-628-524.jpg\" alt=\"Alerta sanitaria por 186 casos de paperas. Detectan enfermedad en Centro de Inmigraci\u00f3n\" \/><\/p>\n<div>\n<h5 style=\"text-align: center;\"><em><span style=\"color: #000000;\">CONTAGIOS. Cerca de 190 personas contagiadas con paperas en centros de detenci\u00f3n de inmigrantes en Texas, revela el Departamento de Servicios de Salud del Estado.<\/span><\/em><\/h5>\n<\/div>\n<\/div>\n<p>&nbsp;<\/p>\n<p>&nbsp;<\/p>\n<p><em><strong>Fuente: https:\/\/www.elmanana.com \/ Carlos Espriella<\/strong><\/em><\/p>\n<hr \/>\n<hr \/>\n<p>&nbsp;<\/p>\n<h3><em><span style=\"color: #000000;\">McAllen, Tx.- El Departamento de Servicios de\u00a0Salud\u00a0del Estado de Texas confirm\u00f3 que hay 186 personas con paperas en las instalaciones de inmigraci\u00f3n en todo el estado, destacado que cinco de estas personas son empleados.<\/span><\/em><\/h3>\n<p>&nbsp;<\/p>\n<\/div>\n<p>&nbsp;<\/p>\n<div>\n<h4><span style=\"color: #000000;\">Adicionalmente, autoridades sanitarias destacaron, que hasta el momento, no hay ning\u00fan caso reportado, de paperas, en las comunidades que rodean las instalaciones.<\/span><\/h4>\n<h4><span style=\"color: #000000;\">A principios del mes pasado, un grupo de inmigrantes indocumentados, detenidos a lo largo de la frontera sur de Texas, fueron detectados enfermos, con paperas, en particular, cerca de la frontera de Laredo.<\/span><\/h4>\n<h4><span style=\"color: #000000;\">Seg\u00fan lo destacado por funcionarios de\u00a0salud, hace a\u00f1os que no se ve\u00edan casos como estos en un centro de detenci\u00f3n de inmigrantes, destac\u00e1ndose que tan solo durante el mes de diciembre, nueve casos confirmados fueron detectados en una instalaci\u00f3n de Inmigraci\u00f3n y Control de Aduanas.<\/span><\/h4>\n<h4><span style=\"color: #000000;\">El Dr. H\u00e9ctor Gonz\u00e1lez, Director del Departamento de\u00a0Salud\u00a0de Laredo, destaca que se llevan a\u00a0 cabo ex\u00e1menes a los detenidos y que generalmente se ven uno o dos casos por a\u00f1o\u00a0 de tuberculosis, pero no hab\u00edan visto casos de paperas en a\u00f1os.<\/span><\/h4>\n<h4><span style=\"color: #000000;\">El problema con las paperas es que su\u00a0contagio\u00a0requiere de muy poco, basta con que una persona enferma estornude, por lo que se propaga f\u00e1cilmente.<\/span><\/h4>\n<h4><span style=\"color: #000000;\">Autoridades federales dijeron que al detectarse un caso, se ponen en cuarentena a todas las personas que puedan haber estado expuestas inadvertidamente, para detener la propagaci\u00f3n de la enfermedad, pero el \u00faltimo reporte revela a 186 personas enfermas con paperas.<\/span><\/h4>\n<h4><span style=\"color: #000000;\">El Dr. Gonz\u00e1lez dijo que algunas personas en las instalaciones de detenci\u00f3n de inmigraci\u00f3n fueron vacunadas contra la enfermedad despu\u00e9s de que se hizo el descubrimiento y que al momento se est\u00e1 monitoreando la situaci\u00f3n, distribuyendo informaci\u00f3n a los agentes, tanto en campo como en los centros de detenci\u00f3n, tomando las medidas necesarias para el manejo de los posibles enfermos y para garantizar la\u00a0salud\u00a0del personal.<\/span><\/h4>\n<h4><span style=\"color: #000000;\">&#8211;<\/span><\/h4>\n<h4><span style=\"color: #000000;\">\u00bfQu\u00e9 es y cu\u00e1les son sus causas?<\/span><\/h4>\n<h4><span style=\"color: #000000;\">&gt;La parotiditis es la inflamaci\u00f3n de las gl\u00e1ndulas par\u00f3tidas, que son las gl\u00e1ndulas salivales m\u00e1s grandes y que est\u00e1n situadas a ambos lados de la cara.\u00a0<\/span><\/h4>\n<h4><span style=\"color: #000000;\">&gt;Si bien puede ser producida por bacterias, su causa m\u00e1s frecuente es la infecci\u00f3n por\u00a0virus.\u00a0<\/span><\/h4>\n<h4><span style=\"color: #000000;\">&gt;Los m\u00e1s frecuentes, y que son responsables de las epidemias de parotiditis, son los paramyxovirus o\u00a0virus\u00a0de las paperas.\u00a0<\/span><\/h4>\n<h4><span style=\"color: #000000;\">&gt;Otros\u00a0virus\u00a0menos frecuentes y que no suelen producir epidemias son los parainfluenzae, el coxsackie o el\u00a0virus\u00a0de Epstein-Barr.<\/span><\/h4>\n<h4><span style=\"color: #000000;\">&gt;Tras el periodo de incubaci\u00f3n, en el que la persona no presenta ning\u00fan s\u00edntoma y que suele ser de entorno a una semana, aparece fiebre, malestar general y dolor en uno o ambos lados de la mand\u00edbula, delante de los o\u00eddos.\u00a0<\/span><\/h4>\n<h4><span style=\"color: #000000;\">&gt;Habitualmente suele afectar a ambos lados, si bien suele iniciarse en uno y posteriormente manifestarse en el otro.\u00a0<\/span><\/h4>\n<h4><span style=\"color: #000000;\">&gt;El diagn\u00f3stico de la parotiditis es cl\u00ednico. Es decir, se basa en las manifestaciones que produce. En caso de duda, la elevaci\u00f3n de la amilasa (una enzima producida por la gl\u00e1ndula) en sangre puede apoyar el diagn\u00f3stico cl\u00ednico.<\/span><\/h4>\n<h4><span style=\"color: #000000;\">&gt;Dado que se trata de una enfermedad prevenible mediante la vacunaci\u00f3n.<\/span><\/h4>\n<\/div>\n<\/div>\n<\/div>\n","protected":false},"excerpt":{"rendered":"<p>Cinco de los pacientes son empleados de los servicios migratorios &nbsp; &nbsp; CONTAGIOS. Cerca de 190 personas contagiadas con paperas en centros de detenci\u00f3n de inmigrantes en Texas, revela el Departamento de Servicios de&#46;&#46;&#46;<\/p>\n","protected":false},"author":30,"featured_media":12045,"comment_status":"open","ping_status":"open","sticky":false,"template":"","format":"standard","meta":{"_acf_changed":false,"rop_custom_images_group":[],"rop_custom_messages_group":[],"rop_publish_now":"initial","rop_publish_now_accounts":{"twitter_242054905_242054905":""},"rop_publish_now_history":[],"rop_publish_now_status":"pending","footnotes":""},"categories":[1069,1775,1774],"tags":[1913,1914,80],"class_list":["post-12044","post","type-post","status-publish","format-standard","has-post-thumbnail","hentry","category-actualidad","category-norteamerica","category-noticias","tag-alerta-sanitaria","tag-paperas","tag-texas"],"acf":[],"yoast_head":"<!-- This site is optimized with the Yoast SEO Premium plugin v24.9 (Yoast SEO v27.2) - https:\/\/yoast.com\/product\/yoast-seo-premium-wordpress\/ -->\n<title>Texas: Alerta sanitaria por 186 casos de paperas. Detectan enfermedad en Centro de Inmigraci\u00f3n - Texas | Noti-America.com<\/title>\n<meta name=\"robots\" content=\"index, follow, max-snippet:-1, max-image-preview:large, max-video-preview:-1\" \/>\n<link rel=\"canonical\" href=\"https:\/\/noti-america.com\/site\/texas\/2019\/03\/05\/texas-alerta-sanitaria-por-186-casos-de-paperas-detectan-enfermedad-en-centro-de-inmigracion\/\" \/>\n<meta property=\"og:locale\" content=\"es_ES\" \/>\n<meta property=\"og:type\" content=\"article\" \/>\n<meta property=\"og:title\" content=\"Texas: Alerta sanitaria por 186 casos de paperas. Detectan enfermedad en Centro de Inmigraci\u00f3n\" \/>\n<meta property=\"og:description\" content=\"Cinco de los pacientes son empleados de los servicios migratorios &nbsp; &nbsp; CONTAGIOS. Cerca de 190 personas contagiadas con paperas en centros de detenci\u00f3n de inmigrantes en Texas, revela el Departamento de Servicios de&#046;&#046;&#046;\" \/>\n<meta property=\"og:url\" content=\"https:\/\/noti-america.com\/site\/texas\/2019\/03\/05\/texas-alerta-sanitaria-por-186-casos-de-paperas-detectan-enfermedad-en-centro-de-inmigracion\/\" \/>\n<meta property=\"og:site_name\" content=\"Texas | Noti-America.com\" \/>\n<meta property=\"article:published_time\" content=\"2019-03-05T13:09:11+00:00\" \/>\n<meta property=\"article:modified_time\" content=\"2019-03-05T13:09:25+00:00\" \/>\n<meta property=\"og:image\" content=\"https:\/\/noti-america.com\/site\/texas\/wp-content\/uploads\/sites\/4\/2019\/03\/Alerta-sanitaria-por-186-casos.jpg\" \/>\n\t<meta property=\"og:image:width\" content=\"628\" \/>\n\t<meta property=\"og:image:height\" content=\"524\" \/>\n\t<meta property=\"og:image:type\" content=\"image\/jpeg\" \/>\n<meta name=\"author\" content=\"Redacci\u00f3n NA-TX\" \/>\n<meta name=\"twitter:card\" content=\"summary_large_image\" \/>\n<meta name=\"twitter:label1\" content=\"Escrito por\" \/>\n\t<meta name=\"twitter:data1\" content=\"Redacci\u00f3n NA-TX\" \/>\n\t<meta name=\"twitter:label2\" content=\"Tiempo estimado de lectura\" \/>\n\t<meta name=\"twitter:data2\" content=\"3 minutos\" \/>\n<script type=\"application\/ld+json\" class=\"yoast-schema-graph\">{\"@context\":\"https:\/\/schema.org\",\"@graph\":[{\"@type\":\"Article\",\"@id\":\"https:\/\/noti-america.com\/site\/texas\/2019\/03\/05\/texas-alerta-sanitaria-por-186-casos-de-paperas-detectan-enfermedad-en-centro-de-inmigracion\/#article\",\"isPartOf\":{\"@id\":\"https:\/\/noti-america.com\/site\/texas\/2019\/03\/05\/texas-alerta-sanitaria-por-186-casos-de-paperas-detectan-enfermedad-en-centro-de-inmigracion\/\"},\"author\":{\"name\":\"Redacci\u00f3n NA-TX\",\"@id\":\"https:\/\/noti-america.com\/site\/texas\/#\/schema\/person\/ae305e0187703594d7e273941bdc7f76\"},\"headline\":\"Texas: Alerta sanitaria por 186 casos de paperas. Detectan enfermedad en Centro de Inmigraci\u00f3n\",\"datePublished\":\"2019-03-05T13:09:11+00:00\",\"dateModified\":\"2019-03-05T13:09:25+00:00\",\"mainEntityOfPage\":{\"@id\":\"https:\/\/noti-america.com\/site\/texas\/2019\/03\/05\/texas-alerta-sanitaria-por-186-casos-de-paperas-detectan-enfermedad-en-centro-de-inmigracion\/\"},\"wordCount\":627,\"commentCount\":0,\"publisher\":{\"@id\":\"https:\/\/noti-america.com\/site\/texas\/#organization\"},\"image\":{\"@id\":\"https:\/\/noti-america.com\/site\/texas\/2019\/03\/05\/texas-alerta-sanitaria-por-186-casos-de-paperas-detectan-enfermedad-en-centro-de-inmigracion\/#primaryimage\"},\"thumbnailUrl\":\"https:\/\/noti-america.com\/site\/texas\/wp-content\/uploads\/sites\/4\/2019\/03\/Alerta-sanitaria-por-186-casos.jpg\",\"keywords\":[\"Alerta sanitaria\",\"paperas.\",\"Texas\"],\"articleSection\":[\"Actualidad\",\"Am\u00e9rica del Norte\",\"Noticias\"],\"inLanguage\":\"es\",\"potentialAction\":[{\"@type\":\"CommentAction\",\"name\":\"Comment\",\"target\":[\"https:\/\/noti-america.com\/site\/texas\/2019\/03\/05\/texas-alerta-sanitaria-por-186-casos-de-paperas-detectan-enfermedad-en-centro-de-inmigracion\/#respond\"]}]},{\"@type\":\"WebPage\",\"@id\":\"https:\/\/noti-america.com\/site\/texas\/2019\/03\/05\/texas-alerta-sanitaria-por-186-casos-de-paperas-detectan-enfermedad-en-centro-de-inmigracion\/\",\"url\":\"https:\/\/noti-america.com\/site\/texas\/2019\/03\/05\/texas-alerta-sanitaria-por-186-casos-de-paperas-detectan-enfermedad-en-centro-de-inmigracion\/\",\"name\":\"Texas: Alerta sanitaria por 186 casos de paperas. Detectan enfermedad en Centro de Inmigraci\u00f3n - Texas | Noti-America.com\",\"isPartOf\":{\"@id\":\"https:\/\/noti-america.com\/site\/texas\/#website\"},\"primaryImageOfPage\":{\"@id\":\"https:\/\/noti-america.com\/site\/texas\/2019\/03\/05\/texas-alerta-sanitaria-por-186-casos-de-paperas-detectan-enfermedad-en-centro-de-inmigracion\/#primaryimage\"},\"image\":{\"@id\":\"https:\/\/noti-america.com\/site\/texas\/2019\/03\/05\/texas-alerta-sanitaria-por-186-casos-de-paperas-detectan-enfermedad-en-centro-de-inmigracion\/#primaryimage\"},\"thumbnailUrl\":\"https:\/\/noti-america.com\/site\/texas\/wp-content\/uploads\/sites\/4\/2019\/03\/Alerta-sanitaria-por-186-casos.jpg\",\"datePublished\":\"2019-03-05T13:09:11+00:00\",\"dateModified\":\"2019-03-05T13:09:25+00:00\",\"breadcrumb\":{\"@id\":\"https:\/\/noti-america.com\/site\/texas\/2019\/03\/05\/texas-alerta-sanitaria-por-186-casos-de-paperas-detectan-enfermedad-en-centro-de-inmigracion\/#breadcrumb\"},\"inLanguage\":\"es\",\"potentialAction\":[{\"@type\":\"ReadAction\",\"target\":[\"https:\/\/noti-america.com\/site\/texas\/2019\/03\/05\/texas-alerta-sanitaria-por-186-casos-de-paperas-detectan-enfermedad-en-centro-de-inmigracion\/\"]}]},{\"@type\":\"ImageObject\",\"inLanguage\":\"es\",\"@id\":\"https:\/\/noti-america.com\/site\/texas\/2019\/03\/05\/texas-alerta-sanitaria-por-186-casos-de-paperas-detectan-enfermedad-en-centro-de-inmigracion\/#primaryimage\",\"url\":\"https:\/\/noti-america.com\/site\/texas\/wp-content\/uploads\/sites\/4\/2019\/03\/Alerta-sanitaria-por-186-casos.jpg\",\"contentUrl\":\"https:\/\/noti-america.com\/site\/texas\/wp-content\/uploads\/sites\/4\/2019\/03\/Alerta-sanitaria-por-186-casos.jpg\",\"width\":628,\"height\":524},{\"@type\":\"BreadcrumbList\",\"@id\":\"https:\/\/noti-america.com\/site\/texas\/2019\/03\/05\/texas-alerta-sanitaria-por-186-casos-de-paperas-detectan-enfermedad-en-centro-de-inmigracion\/#breadcrumb\",\"itemListElement\":[{\"@type\":\"ListItem\",\"position\":1,\"name\":\"Portada\",\"item\":\"https:\/\/noti-america.com\/site\/texas\/\"},{\"@type\":\"ListItem\",\"position\":2,\"name\":\"Texas: Alerta sanitaria por 186 casos de paperas. Detectan enfermedad en Centro de Inmigraci\u00f3n\"}]},{\"@type\":\"WebSite\",\"@id\":\"https:\/\/noti-america.com\/site\/texas\/#website\",\"url\":\"https:\/\/noti-america.com\/site\/texas\/\",\"name\":\"Texas | Noti-America.com\",\"description\":\"\",\"publisher\":{\"@id\":\"https:\/\/noti-america.com\/site\/texas\/#organization\"},\"potentialAction\":[{\"@type\":\"SearchAction\",\"target\":{\"@type\":\"EntryPoint\",\"urlTemplate\":\"https:\/\/noti-america.com\/site\/texas\/?s={search_term_string}\"},\"query-input\":{\"@type\":\"PropertyValueSpecification\",\"valueRequired\":true,\"valueName\":\"search_term_string\"}}],\"inLanguage\":\"es\"},{\"@type\":\"Organization\",\"@id\":\"https:\/\/noti-america.com\/site\/texas\/#organization\",\"name\":\"Noti-America LLC | Texas-USA\",\"url\":\"https:\/\/noti-america.com\/site\/texas\/\",\"logo\":{\"@type\":\"ImageObject\",\"inLanguage\":\"es\",\"@id\":\"https:\/\/noti-america.com\/site\/texas\/#\/schema\/logo\/image\/\",\"url\":\"https:\/\/noti-america.com\/site\/us-tx\/wp-content\/uploads\/sites\/4\/2020\/07\/LogoNA-4x3-1.jpg\",\"contentUrl\":\"https:\/\/noti-america.com\/site\/us-tx\/wp-content\/uploads\/sites\/4\/2020\/07\/LogoNA-4x3-1.jpg\",\"width\":1236,\"height\":1080,\"caption\":\"Noti-America LLC | Texas-USA\"},\"image\":{\"@id\":\"https:\/\/noti-america.com\/site\/texas\/#\/schema\/logo\/image\/\"}},{\"@type\":\"Person\",\"@id\":\"https:\/\/noti-america.com\/site\/texas\/#\/schema\/person\/ae305e0187703594d7e273941bdc7f76\",\"name\":\"Redacci\u00f3n NA-TX\",\"image\":{\"@type\":\"ImageObject\",\"inLanguage\":\"es\",\"@id\":\"https:\/\/secure.gravatar.com\/avatar\/1ede8345cc79df032062efa286d5b99b0e4e5bd13e51f7cb031f715a3a43b386?s=96&d=mm&r=g\",\"url\":\"https:\/\/secure.gravatar.com\/avatar\/1ede8345cc79df032062efa286d5b99b0e4e5bd13e51f7cb031f715a3a43b386?s=96&d=mm&r=g\",\"contentUrl\":\"https:\/\/secure.gravatar.com\/avatar\/1ede8345cc79df032062efa286d5b99b0e4e5bd13e51f7cb031f715a3a43b386?s=96&d=mm&r=g\",\"caption\":\"Redacci\u00f3n NA-TX\"},\"url\":\"https:\/\/noti-america.com\/site\/texas\/author\/redacciontx\/\"}]}<\/script>\n<!-- \/ Yoast SEO Premium plugin. -->","yoast_head_json":{"title":"Texas: Alerta sanitaria por 186 casos de paperas. Detectan enfermedad en Centro de Inmigraci\u00f3n - Texas | Noti-America.com","robots":{"index":"index","follow":"follow","max-snippet":"max-snippet:-1","max-image-preview":"max-image-preview:large","max-video-preview":"max-video-preview:-1"},"canonical":"https:\/\/noti-america.com\/site\/texas\/2019\/03\/05\/texas-alerta-sanitaria-por-186-casos-de-paperas-detectan-enfermedad-en-centro-de-inmigracion\/","og_locale":"es_ES","og_type":"article","og_title":"Texas: Alerta sanitaria por 186 casos de paperas. Detectan enfermedad en Centro de Inmigraci\u00f3n","og_description":"Cinco de los pacientes son empleados de los servicios migratorios &nbsp; &nbsp; CONTAGIOS. Cerca de 190 personas contagiadas con paperas en centros de detenci\u00f3n de inmigrantes en Texas, revela el Departamento de Servicios de&#46;&#46;&#46;","og_url":"https:\/\/noti-america.com\/site\/texas\/2019\/03\/05\/texas-alerta-sanitaria-por-186-casos-de-paperas-detectan-enfermedad-en-centro-de-inmigracion\/","og_site_name":"Texas | Noti-America.com","article_published_time":"2019-03-05T13:09:11+00:00","article_modified_time":"2019-03-05T13:09:25+00:00","og_image":[{"width":628,"height":524,"url":"https:\/\/noti-america.com\/site\/texas\/wp-content\/uploads\/sites\/4\/2019\/03\/Alerta-sanitaria-por-186-casos.jpg","type":"image\/jpeg"}],"author":"Redacci\u00f3n NA-TX","twitter_card":"summary_large_image","twitter_misc":{"Escrito por":"Redacci\u00f3n NA-TX","Tiempo estimado de lectura":"3 minutos"},"schema":{"@context":"https:\/\/schema.org","@graph":[{"@type":"Article","@id":"https:\/\/noti-america.com\/site\/texas\/2019\/03\/05\/texas-alerta-sanitaria-por-186-casos-de-paperas-detectan-enfermedad-en-centro-de-inmigracion\/#article","isPartOf":{"@id":"https:\/\/noti-america.com\/site\/texas\/2019\/03\/05\/texas-alerta-sanitaria-por-186-casos-de-paperas-detectan-enfermedad-en-centro-de-inmigracion\/"},"author":{"name":"Redacci\u00f3n NA-TX","@id":"https:\/\/noti-america.com\/site\/texas\/#\/schema\/person\/ae305e0187703594d7e273941bdc7f76"},"headline":"Texas: Alerta sanitaria por 186 casos de paperas. Detectan enfermedad en Centro de Inmigraci\u00f3n","datePublished":"2019-03-05T13:09:11+00:00","dateModified":"2019-03-05T13:09:25+00:00","mainEntityOfPage":{"@id":"https:\/\/noti-america.com\/site\/texas\/2019\/03\/05\/texas-alerta-sanitaria-por-186-casos-de-paperas-detectan-enfermedad-en-centro-de-inmigracion\/"},"wordCount":627,"commentCount":0,"publisher":{"@id":"https:\/\/noti-america.com\/site\/texas\/#organization"},"image":{"@id":"https:\/\/noti-america.com\/site\/texas\/2019\/03\/05\/texas-alerta-sanitaria-por-186-casos-de-paperas-detectan-enfermedad-en-centro-de-inmigracion\/#primaryimage"},"thumbnailUrl":"https:\/\/noti-america.com\/site\/texas\/wp-content\/uploads\/sites\/4\/2019\/03\/Alerta-sanitaria-por-186-casos.jpg","keywords":["Alerta sanitaria","paperas.","Texas"],"articleSection":["Actualidad","Am\u00e9rica del Norte","Noticias"],"inLanguage":"es","potentialAction":[{"@type":"CommentAction","name":"Comment","target":["https:\/\/noti-america.com\/site\/texas\/2019\/03\/05\/texas-alerta-sanitaria-por-186-casos-de-paperas-detectan-enfermedad-en-centro-de-inmigracion\/#respond"]}]},{"@type":"WebPage","@id":"https:\/\/noti-america.com\/site\/texas\/2019\/03\/05\/texas-alerta-sanitaria-por-186-casos-de-paperas-detectan-enfermedad-en-centro-de-inmigracion\/","url":"https:\/\/noti-america.com\/site\/texas\/2019\/03\/05\/texas-alerta-sanitaria-por-186-casos-de-paperas-detectan-enfermedad-en-centro-de-inmigracion\/","name":"Texas: Alerta sanitaria por 186 casos de paperas. Detectan enfermedad en Centro de Inmigraci\u00f3n - Texas | Noti-America.com","isPartOf":{"@id":"https:\/\/noti-america.com\/site\/texas\/#website"},"primaryImageOfPage":{"@id":"https:\/\/noti-america.com\/site\/texas\/2019\/03\/05\/texas-alerta-sanitaria-por-186-casos-de-paperas-detectan-enfermedad-en-centro-de-inmigracion\/#primaryimage"},"image":{"@id":"https:\/\/noti-america.com\/site\/texas\/2019\/03\/05\/texas-alerta-sanitaria-por-186-casos-de-paperas-detectan-enfermedad-en-centro-de-inmigracion\/#primaryimage"},"thumbnailUrl":"https:\/\/noti-america.com\/site\/texas\/wp-content\/uploads\/sites\/4\/2019\/03\/Alerta-sanitaria-por-186-casos.jpg","datePublished":"2019-03-05T13:09:11+00:00","dateModified":"2019-03-05T13:09:25+00:00","breadcrumb":{"@id":"https:\/\/noti-america.com\/site\/texas\/2019\/03\/05\/texas-alerta-sanitaria-por-186-casos-de-paperas-detectan-enfermedad-en-centro-de-inmigracion\/#breadcrumb"},"inLanguage":"es","potentialAction":[{"@type":"ReadAction","target":["https:\/\/noti-america.com\/site\/texas\/2019\/03\/05\/texas-alerta-sanitaria-por-186-casos-de-paperas-detectan-enfermedad-en-centro-de-inmigracion\/"]}]},{"@type":"ImageObject","inLanguage":"es","@id":"https:\/\/noti-america.com\/site\/texas\/2019\/03\/05\/texas-alerta-sanitaria-por-186-casos-de-paperas-detectan-enfermedad-en-centro-de-inmigracion\/#primaryimage","url":"https:\/\/noti-america.com\/site\/texas\/wp-content\/uploads\/sites\/4\/2019\/03\/Alerta-sanitaria-por-186-casos.jpg","contentUrl":"https:\/\/noti-america.com\/site\/texas\/wp-content\/uploads\/sites\/4\/2019\/03\/Alerta-sanitaria-por-186-casos.jpg","width":628,"height":524},{"@type":"BreadcrumbList","@id":"https:\/\/noti-america.com\/site\/texas\/2019\/03\/05\/texas-alerta-sanitaria-por-186-casos-de-paperas-detectan-enfermedad-en-centro-de-inmigracion\/#breadcrumb","itemListElement":[{"@type":"ListItem","position":1,"name":"Portada","item":"https:\/\/noti-america.com\/site\/texas\/"},{"@type":"ListItem","position":2,"name":"Texas: Alerta sanitaria por 186 casos de paperas. Detectan enfermedad en Centro de Inmigraci\u00f3n"}]},{"@type":"WebSite","@id":"https:\/\/noti-america.com\/site\/texas\/#website","url":"https:\/\/noti-america.com\/site\/texas\/","name":"Texas | Noti-America.com","description":"","publisher":{"@id":"https:\/\/noti-america.com\/site\/texas\/#organization"},"potentialAction":[{"@type":"SearchAction","target":{"@type":"EntryPoint","urlTemplate":"https:\/\/noti-america.com\/site\/texas\/?s={search_term_string}"},"query-input":{"@type":"PropertyValueSpecification","valueRequired":true,"valueName":"search_term_string"}}],"inLanguage":"es"},{"@type":"Organization","@id":"https:\/\/noti-america.com\/site\/texas\/#organization","name":"Noti-America LLC | Texas-USA","url":"https:\/\/noti-america.com\/site\/texas\/","logo":{"@type":"ImageObject","inLanguage":"es","@id":"https:\/\/noti-america.com\/site\/texas\/#\/schema\/logo\/image\/","url":"https:\/\/noti-america.com\/site\/us-tx\/wp-content\/uploads\/sites\/4\/2020\/07\/LogoNA-4x3-1.jpg","contentUrl":"https:\/\/noti-america.com\/site\/us-tx\/wp-content\/uploads\/sites\/4\/2020\/07\/LogoNA-4x3-1.jpg","width":1236,"height":1080,"caption":"Noti-America LLC | Texas-USA"},"image":{"@id":"https:\/\/noti-america.com\/site\/texas\/#\/schema\/logo\/image\/"}},{"@type":"Person","@id":"https:\/\/noti-america.com\/site\/texas\/#\/schema\/person\/ae305e0187703594d7e273941bdc7f76","name":"Redacci\u00f3n NA-TX","image":{"@type":"ImageObject","inLanguage":"es","@id":"https:\/\/secure.gravatar.com\/avatar\/1ede8345cc79df032062efa286d5b99b0e4e5bd13e51f7cb031f715a3a43b386?s=96&d=mm&r=g","url":"https:\/\/secure.gravatar.com\/avatar\/1ede8345cc79df032062efa286d5b99b0e4e5bd13e51f7cb031f715a3a43b386?s=96&d=mm&r=g","contentUrl":"https:\/\/secure.gravatar.com\/avatar\/1ede8345cc79df032062efa286d5b99b0e4e5bd13e51f7cb031f715a3a43b386?s=96&d=mm&r=g","caption":"Redacci\u00f3n NA-TX"},"url":"https:\/\/noti-america.com\/site\/texas\/author\/redacciontx\/"}]}},"_links":{"self":[{"href":"https:\/\/noti-america.com\/site\/texas\/wp-json\/wp\/v2\/posts\/12044","targetHints":{"allow":["GET"]}}],"collection":[{"href":"https:\/\/noti-america.com\/site\/texas\/wp-json\/wp\/v2\/posts"}],"about":[{"href":"https:\/\/noti-america.com\/site\/texas\/wp-json\/wp\/v2\/types\/post"}],"author":[{"embeddable":true,"href":"https:\/\/noti-america.com\/site\/texas\/wp-json\/wp\/v2\/users\/30"}],"replies":[{"embeddable":true,"href":"https:\/\/noti-america.com\/site\/texas\/wp-json\/wp\/v2\/comments?post=12044"}],"version-history":[{"count":1,"href":"https:\/\/noti-america.com\/site\/texas\/wp-json\/wp\/v2\/posts\/12044\/revisions"}],"predecessor-version":[{"id":12046,"href":"https:\/\/noti-america.com\/site\/texas\/wp-json\/wp\/v2\/posts\/12044\/revisions\/12046"}],"wp:featuredmedia":[{"embeddable":true,"href":"https:\/\/noti-america.com\/site\/texas\/wp-json\/wp\/v2\/media\/12045"}],"wp:attachment":[{"href":"https:\/\/noti-america.com\/site\/texas\/wp-json\/wp\/v2\/media?parent=12044"}],"wp:term":[{"taxonomy":"category","embeddable":true,"href":"https:\/\/noti-america.com\/site\/texas\/wp-json\/wp\/v2\/categories?post=12044"},{"taxonomy":"post_tag","embeddable":true,"href":"https:\/\/noti-america.com\/site\/texas\/wp-json\/wp\/v2\/tags?post=12044"}],"curies":[{"name":"wp","href":"https:\/\/api.w.org\/{rel}","templated":true}]}}