{"id":11871,"date":"2019-02-25T13:46:25","date_gmt":"2019-02-25T18:46:25","guid":{"rendered":"http:\/\/noti-america.com\/site\/us-tx\/2019\/02\/25\/pence-anuncia-nuevas-sanciones-contra-gobierno-en-disputa-de-maduro\/"},"modified":"2019-02-25T13:46:43","modified_gmt":"2019-02-25T18:46:43","slug":"pence-anuncia-nuevas-sanciones-contra-gobierno-en-disputa-de-maduro","status":"publish","type":"post","link":"https:\/\/noti-america.com\/site\/texas\/2019\/02\/25\/pence-anuncia-nuevas-sanciones-contra-gobierno-en-disputa-de-maduro\/","title":{"rendered":"Pence anuncia nuevas sanciones contra gobierno en disputa de Maduro"},"content":{"rendered":"<div class=\"hdr-container\">\n<div class=\"row\">\n<div class=\"col-multimedia col-xs-12 col-md-10 pull-right\">\n<div class=\"cover-media\">\n<div class=\"img-wrap\">\n<h2 style=\"text-align: center;\">El vicepresidente de Estados Unidos, Mike Pence, dijo el lunes durante una reuni\u00f3n del Grupo de Lima en Bogot\u00e1 que \u00abes la hora\u00bb de emprender nuevas medidas contra el gobierno en disputa de Nicol\u00e1s Maduro, entre ellas m\u00e1s sanciones financieras y acciones contra funcionarios vinculados a actos de violencia reciente.<\/h2>\n<div><\/div>\n<div><\/div>\n<div class=\"thumb\"><img decoding=\"async\" class=\" enhanced\" src=\"https:\/\/gdb.voanews.com\/1259922B-A378-485F-B71F-DE35E212D457_cx0_cy8_cw0_w1023_r1_s.jpg\" alt=\"El vicepresidente de EE.UU., Mike Pence, prometi\u00f3 el lunes 25 de febrero de 2019 ante el Grupo de Lima, seguir apoyando a los venezolanos en el camino a la democracia.\" \/><\/div>\n<\/div>\n<h5 class=\"media-image js-media-expand js-media-expand--ready\" style=\"text-align: center;\"><span class=\"caption\"><em>El vicepresidente de EE.UU., Mike Pence, prometi\u00f3 el lunes 25 de febrero de 2019 ante el Grupo de Lima, seguir apoyando a los venezolanos en el camino a la democracia.<\/em><\/p>\n<p><\/span><\/h5>\n<\/div>\n<\/div>\n<\/div>\n<p class=\"link-print visible-md visible-lg\"><em><strong>Fuente: https:\/\/www.voanoticias.com<\/strong><\/em><\/p>\n<hr \/>\n<\/div>\n<div class=\"body-container\">\n<div class=\"row\">\n<div class=\"col-xs-12 col-sm-12 col-md-10 col-lg-10 pull-right\">\n<div class=\"row\">\n<div class=\"col-xs-12 col-sm-12 col-md-8 col-lg-8 pull-left bottom-offset content-offset\">\n<div id=\"article-content\" class=\"content-floated-wrap fb-quotable\">\n<div class=\"wsw\">\n<hr \/>\n<p>&nbsp;<\/p>\n<h3><em>\u00abHacemos un llamado a todas las naciones del Grupo de Lima para que congelen de inmediato los activos de PDVSA. En segundo lugar, transferir la propiedad de los activos venezolanos en su pa\u00eds de los secuaces de Maduro al gobierno del presidente interino Juan Guaid\u00f3\u00bb, dijo Pence.<\/em><\/h3>\n<\/div>\n<p>&nbsp;<\/p>\n<div>\n<h4><\/h4>\n<div>\n<div>\n<div data-twitter-event-id=\"0\">\n<div id=\"twitter-widget-0\" lang=\"en\" data-click-to-open-target=\"https:\/\/twitter.com\/VOANoticias\/status\/1100080483633893379\" data-iframe-title=\"Twitter Tweet\" data-scribe=\"page:tweet\" data-twitter-event-id=\"4\">\n<div data-scribe=\"section:conversation\">\n<blockquote cite=\"https:\/\/twitter.com\/VOANoticias\/status\/1100079527701762049\" data-tweet-id=\"1100079527701762049\">\n<div><span style=\"color: #000000;\"><a style=\"color: #000000;\" href=\"https:\/\/twitter.com\/VOANoticias\" data-scribe=\"element:user_link\" aria-label=\"Voz de Am\u00e9rica (screen name: VOANoticias)\"><img decoding=\"async\" src=\"https:\/\/pbs.twimg.com\/profile_images\/1062787214361411596\/drhhnW5d_normal.jpg\" alt=\"\" data-scribe=\"element:avatar\" data-src-2x=\"https:\/\/pbs.twimg.com\/profile_images\/1062787214361411596\/drhhnW5d_bigger.jpg\" data-src-1x=\"https:\/\/pbs.twimg.com\/profile_images\/1062787214361411596\/drhhnW5d_normal.jpg\" \/><\/a><\/span><\/p>\n<div>\n<div>\n<div data-scribe=\"component:author\">\n<div><span style=\"color: #000000;\" title=\"Voz de Am\u00e9rica\" data-scribe=\"element:name\">Voz de Am\u00e9rica<\/span><\/p>\n<div title=\"Verified Account\" role=\"img\" aria-label=\"Verified Account\"><\/div>\n<p><span style=\"color: #000000;\">\u2714<span dir=\"ltr\" title=\"@VOANoticias\" data-scribe=\"element:screen_name\">@VOANoticias<\/span><\/span><\/div>\n<\/div>\n<div><span style=\"color: #000000;\">\u00a0\u00b7\u00a0<a style=\"color: #000000;\" href=\"https:\/\/twitter.com\/VOANoticias\/status\/1100079527701762049\" data-scribe=\"element:mini_timestamp\"><time title=\"Time posted: February 25, 2019 17:06:12 (UTC)\" datetime=\"2019-02-25T17:06:12+0000\" aria-label=\"Posted 1 hour ago\">1<abbr title=\"hour\">h<\/abbr><\/time><\/a><\/span><\/div>\n<div>\n<div title=\"View on Twitter\" role=\"presentation\" aria-label=\"View on Twitter\"><\/div>\n<\/div>\n<\/div>\n<div><span style=\"color: #000000;\"><a style=\"color: #000000;\" href=\"https:\/\/twitter.com\/_\/status\/1100077893034614785\" data-scribe=\"element:in_reply_to_user_link\">Replying to @VOANoticias<\/a><\/span><\/div>\n<div data-scribe=\"component:tweet\">\n<p dir=\"ltr\" lang=\"es\"><span style=\"color: #000000;\"><img decoding=\"async\" title=\"Warning sign\" draggable=\"false\" src=\"https:\/\/abs.twimg.com\/emoji\/v2\/72x72\/26a0.png\" alt=\"\u26a0\ufe0f\" aria-label=\"Emoji: Warning sign\" \/> <a dir=\"ltr\" style=\"color: #000000;\" href=\"https:\/\/twitter.com\/hashtag\/EEUU?src=hash\" rel=\"tag\" data-query-source=\"hashtag_click\" data-scribe=\"element:hashtag\">#EEUU<\/a> anuncia 56 millones de d\u00f3lares adicionales de ayuda para \u201capoyar a los socios en la regi\u00f3n\u201d ante la crisis en <a dir=\"ltr\" style=\"color: #000000;\" href=\"https:\/\/twitter.com\/hashtag\/Venezuela?src=hash\" rel=\"tag\" data-query-source=\"hashtag_click\" data-scribe=\"element:hashtag\">#Venezuela<\/a>. <a dir=\"ltr\" style=\"color: #000000;\" href=\"https:\/\/twitter.com\/hashtag\/GrupoDeLima?src=hash\" rel=\"tag\" data-query-source=\"hashtag_click\" data-scribe=\"element:hashtag\">#GrupoDeLima<\/a><\/span><\/p>\n<\/div>\n<\/div>\n<\/div>\n<\/blockquote>\n<\/div>\n<div>\n<div>\n<blockquote cite=\"https:\/\/twitter.com\/VOANoticias\/status\/1100080483633893379\" data-tweet-id=\"1100080483633893379\" data-scribe=\"section:subject\">\n<div><span style=\"color: #000000;\"><a style=\"color: #000000;\" href=\"https:\/\/twitter.com\/VOANoticias\" data-scribe=\"element:user_link\" aria-label=\"Voz de Am\u00e9rica (screen name: VOANoticias)\"><img decoding=\"async\" src=\"https:\/\/pbs.twimg.com\/profile_images\/1062787214361411596\/drhhnW5d_normal.jpg\" alt=\"\" data-scribe=\"element:avatar\" data-src-2x=\"https:\/\/pbs.twimg.com\/profile_images\/1062787214361411596\/drhhnW5d_bigger.jpg\" data-src-1x=\"https:\/\/pbs.twimg.com\/profile_images\/1062787214361411596\/drhhnW5d_normal.jpg\" \/><\/a><\/span><\/p>\n<div data-scribe=\"component:author\">\n<div><span style=\"color: #000000;\" title=\"Voz de Am\u00e9rica\" data-scribe=\"element:name\">Voz de Am\u00e9rica<\/span><\/p>\n<div title=\"Verified Account\" role=\"img\" aria-label=\"Verified Account\"><\/div>\n<p><span style=\"color: #000000;\">\u2714<span dir=\"ltr\" title=\"@VOANoticias\" data-scribe=\"element:screen_name\">@VOANoticias<\/span><\/span><\/div>\n<\/div>\n<\/div>\n<div data-scribe=\"component:tweet\">\n<div><\/div>\n<p dir=\"ltr\" lang=\"es\"><span style=\"color: #000000;\">El <a dir=\"ltr\" style=\"color: #000000;\" href=\"https:\/\/twitter.com\/VP\" data-mentioned-user-id=\"818910970567344128\" data-scribe=\"element:mention\">@VP<\/a> Mike Pence pide a los miembros del <a dir=\"ltr\" style=\"color: #000000;\" href=\"https:\/\/twitter.com\/hashtag\/GrupoDeLima?src=hash\" rel=\"tag\" data-query-source=\"hashtag_click\" data-scribe=\"element:hashtag\">#GrupoDeLima<\/a> que, desde ma\u00f1ana, aislen \u201cla dictadura de <a dir=\"ltr\" style=\"color: #000000;\" href=\"https:\/\/twitter.com\/NicolasMaduro\" data-mentioned-user-id=\"1252764865\" data-scribe=\"element:mention\">@NicolasMaduro<\/a>\u201d:<\/span><br \/>\n<span style=\"color: #000000;\"><img decoding=\"async\" title=\"Keycap digit one\" draggable=\"false\" src=\"https:\/\/abs.twimg.com\/emoji\/v2\/72x72\/31-20e3.png\" alt=\"1\ufe0f\u20e3\" aria-label=\"Emoji: Keycap digit one\" \/> congelando los activos de <a dir=\"ltr\" style=\"color: #000000;\" href=\"https:\/\/twitter.com\/PDVSA\" data-mentioned-user-id=\"17838113\" data-scribe=\"element:mention\">@PDVSA<\/a>;<\/span><br \/>\n<span style=\"color: #000000;\"><img decoding=\"async\" title=\"Keycap digit two\" draggable=\"false\" src=\"https:\/\/abs.twimg.com\/emoji\/v2\/72x72\/32-20e3.png\" alt=\"2\ufe0f\u20e3\" aria-label=\"Emoji: Keycap digit two\" \/> dando acceso a <a dir=\"ltr\" style=\"color: #000000;\" href=\"https:\/\/twitter.com\/jguaido\" data-mentioned-user-id=\"39176902\" data-scribe=\"element:mention\">@jguaido<\/a> a los accesos en sus pa\u00edses;<\/span><br \/>\n<span style=\"color: #000000;\"><img decoding=\"async\" title=\"Keycap digit three\" draggable=\"false\" src=\"https:\/\/abs.twimg.com\/emoji\/v2\/72x72\/33-20e3.png\" alt=\"3\ufe0f\u20e3\" aria-label=\"Emoji: Keycap digit three\" \/> negando visados a Maduro y su entorno.<\/span><\/p>\n<div>\n<div>\n<div data-scribe=\"element:heart\">\n<div title=\"Like\" role=\"img\" aria-label=\"Like\"><\/div>\n<\/div>\n<p><span style=\"color: #000000;\"><a style=\"color: #000000;\" title=\"Like\" href=\"https:\/\/twitter.com\/intent\/like?tweet_id=1100080483633893379\" data-scribe=\"component:actions\">61<\/a><\/span><\/div>\n<div><span style=\"color: #000000;\"><a style=\"color: #000000;\" href=\"https:\/\/twitter.com\/VOANoticias\/status\/1100080483633893379\" data-datetime=\"2019-02-25T17:10:00+0000\" data-scribe=\"element:full_timestamp\"><time title=\"Time posted: February 25, 2019 17:10:00 (UTC)\" datetime=\"2019-02-25T17:10:00+0000\">1:10 PM &#8211; Feb 25, 2019<\/time><\/a>\u00a0\u00b7\u00a0<a style=\"color: #000000;\" href=\"https:\/\/twitter.com\/search?q=place%3A0161be1b3f98d6c3\">Bogot\u00e1, D.C., Colombia<\/a><\/span><\/div>\n<div data-scribe=\"element:notice\"><span style=\"color: #000000;\"><a style=\"color: #000000;\" title=\"Twitter Ads info and privacy\" href=\"https:\/\/support.twitter.com\/articles\/20175256\">Twitter Ads info and privacy<\/a><\/span><\/div>\n<\/div>\n<\/div>\n<\/blockquote>\n<\/div>\n<div data-scribe=\"element:conversation_icon\">\n<div title=\"View conversation on Twitter\" role=\"img\" aria-label=\"View conversation on Twitter\"><\/div>\n<\/div>\n<div data-scribe=\"element:conversation_text\"><span style=\"color: #000000;\">53 people are talking about this<\/span><\/div>\n<div data-scribe=\"element:cta_chevron\">\n<div title=\"View on Twitter\" role=\"img\" aria-label=\"View on Twitter\"><\/div>\n<\/div>\n<\/div>\n<\/div>\n<div>\n<div>\n<div><\/div>\n<\/div>\n<div>\n<div><\/div>\n<\/div>\n<\/div>\n<\/div>\n<\/div>\n<\/div>\n<h4><\/h4>\n<h4><span style=\"color: #000000;\">Adem\u00e1s explic\u00f3 que Estados Unidos est\u00e1 preparando para entregar 56 millones de d\u00f3lares adicionales para apoyar a los socios de la regi\u00f3n que estpan apoyando el proceso de recuperaci\u00f3n de la democracia en Venezuela.<\/span><\/h4>\n<h4><span style=\"color: #000000;\">Tambi\u00e9n Pence hizo un llamado a los pa\u00edses a que restrinjan las visas a los funcionarios cercanos a Maduro y que reconozcan a Guaid\u00f3, como representante del pa\u00eds sudamericano en el Banco Interamericano de Desarrollo (BID).<\/span><\/h4>\n<h4><span style=\"color: #000000;\">Lea:\u00a0<a style=\"color: #000000;\" href=\"https:\/\/www.voanoticias.com\/a\/gobierno-de-guaido-pedira-a-grupo-de-lima-mas-presion-diplomatica-y-uso-de-la-fuerza-contra-maduro\/4802707.html\" target=\"_blank\" rel=\"noopener noreferrer\">Guaid\u00f3 reitera ante Grupo de Lima \u00abla determinaci\u00f3n por la libertad\u00bb de Venezuela.<\/a><\/span><\/h4>\n<h4><span style=\"color: #000000;\">El lunes el Departamento del Tesoro anunci\u00f3 sanciones a cuatro gobernadores venezolanos. Ellos son: Ram\u00f3n Carrizales, del estado Apure; Omar Prieto, de Zulia; Rafael Lacava del estado central de Carabobo y Jorge Garc\u00eda Carneiro, un general en retiro que gobierna el estado de Vargas.<\/span><\/h4>\n<h4><span style=\"color: #000000;\">\u00abEstamos con ustedes. 100 por ciento\u00bb, dijo Pence llevando un mensaje de Trump. \u00abEl pueblo de Venezuela defiende la libertad y la democracia, y Estados Unidos de Am\u00e9rica est\u00e1n a su lado\u00bb.<\/span><\/h4>\n<h4><span style=\"color: #000000;\">Fustig\u00f3 durante su discurso las acciones violentas del fin de semana cuando trataban de hacer pasar la ayuda humanitaria acopiada en C\u00facuta, Colombia.<\/span><\/h4>\n<h4><span style=\"color: #000000;\">\u00abEn los pr\u00f3ximos d\u00edas, Estados Unidos anunciar\u00e1 incluso m\u00e1s fuertes cancelaciones en las redes financieras corruptas del r\u00e9gimen. Encontraremos hasta el \u00faltimo d\u00f3lar que hayan robado y devolveremos ese dinero al pueblo venezolano\u00bb, dijo Pence.<\/span><\/h4>\n<h4><span style=\"color: #000000;\">Pence, quien se reuni\u00f3 en el marco de esta cumbre con el presidente interino, Juan Guaid\u00f3, dijo que las nuevas sanciones van dirigidas entre otros a tres gobernadores del estado fronterizo implicados en la violencia del fin de semana pasado y un miembro del c\u00edrculo \u00edntimo de Maduro.<\/span><\/h4>\n<h4><span style=\"color: #000000;\">\u00abEstos hombres trabajaron para bloquear a las personas necesitadas y reprimir las protestas pac\u00edficas, y sus acciones no quedar\u00e1n impunes\u00bb, dijo en alusi\u00f3n a los actos violentos del fin de semana mientras los venezolanos esperaban la ayuda humanitaria, en una jornada que dej\u00f3 al menos cuatro muertos y decenas de heridos y detenidos.<\/span><\/h4>\n<h4><span style=\"color: #000000;\">El vicepresidente estadounidense dijo que el gobierno de Donald Trump seguir\u00e1 \u00abejerciendo presi\u00f3n econ\u00f3mica y diplom\u00e1tica sobre el r\u00e9gimen de Maduro y expres\u00f3 que espera \u00abuna transici\u00f3n pac\u00edfica hacia la democracia\u00bb.<\/span><\/h4>\n<h4><span style=\"color: #000000;\">Agreg\u00f3 que como ha dicho Trump: \u00abtodas las opciones est\u00e1n sobre la mesa\u00bb.<\/span><\/h4>\n<h4><\/h4>\n<div>\n<div>\n<div data-twitter-event-id=\"1\">\n<div id=\"twitter-widget-1\" lang=\"en\" data-click-to-open-target=\"https:\/\/twitter.com\/VOANoticias\/status\/1100063603678416897\" data-iframe-title=\"Twitter Tweet\" data-scribe=\"page:tweet\" data-tweet-id=\"1100063603678416897\" data-twitter-event-id=\"5\">\n<article dir=\"ltr\" data-scribe=\"component:card\">\n<div data-scribe=\"element:photo_grid\" data-style=\"padding-bottom: 50%\">\n<div><span style=\"color: #000000;\"><a style=\"color: #000000;\" href=\"https:\/\/twitter.com\/VOANoticias\/status\/1100063603678416897\/photo\/1\"><img loading=\"lazy\" decoding=\"async\" title=\"View image on Twitter\" src=\"https:\/\/pbs.twimg.com\/media\/D0Q18M2W0AA8XtV?format=jpg&amp;name=360x360\" alt=\"View image on Twitter\" width=\"1200\" height=\"675\" data-image=\"https:\/\/pbs.twimg.com\/media\/D0Q18M2W0AA8XtV\" \/><\/a><a style=\"color: #000000;\" href=\"https:\/\/twitter.com\/VOANoticias\/status\/1100063603678416897\/photo\/1\"><img loading=\"lazy\" decoding=\"async\" title=\"View image on Twitter\" src=\"https:\/\/pbs.twimg.com\/media\/D0Q18khWsAIdYK5?format=jpg&amp;name=360x360\" alt=\"View image on Twitter\" width=\"1200\" height=\"675\" data-image=\"https:\/\/pbs.twimg.com\/media\/D0Q18khWsAIdYK5\" \/><\/a><a style=\"color: #000000;\" href=\"https:\/\/twitter.com\/VOANoticias\/status\/1100063603678416897\/photo\/1\"><img loading=\"lazy\" decoding=\"async\" title=\"View image on Twitter\" src=\"https:\/\/pbs.twimg.com\/media\/D0Q18-vWoAAsvJd?format=jpg&amp;name=360x360\" alt=\"View image on Twitter\" width=\"1200\" height=\"675\" data-image=\"https:\/\/pbs.twimg.com\/media\/D0Q18-vWoAAsvJd\" \/><\/a><a style=\"color: #000000;\" href=\"https:\/\/twitter.com\/VOANoticias\/status\/1100063603678416897\/photo\/1\"><img loading=\"lazy\" decoding=\"async\" title=\"View image on Twitter\" src=\"https:\/\/pbs.twimg.com\/media\/D0Q19WXXQAE0ANE?format=jpg&amp;name=360x360\" alt=\"View image on Twitter\" width=\"1200\" height=\"675\" data-image=\"https:\/\/pbs.twimg.com\/media\/D0Q19WXXQAE0ANE\" \/><\/a><\/span><\/div>\n<\/div>\n<\/article>\n<div>\n<div>\n<blockquote cite=\"https:\/\/twitter.com\/VOANoticias\/status\/1100063603678416897\" data-tweet-id=\"1100063603678416897\" data-scribe=\"section:subject\">\n<div><span style=\"color: #000000;\"><a style=\"color: #000000;\" href=\"https:\/\/twitter.com\/VOANoticias\" data-scribe=\"element:user_link\" aria-label=\"Voz de Am\u00e9rica (screen name: VOANoticias)\"><img decoding=\"async\" src=\"https:\/\/pbs.twimg.com\/profile_images\/1062787214361411596\/drhhnW5d_normal.jpg\" alt=\"\" data-scribe=\"element:avatar\" data-src-2x=\"https:\/\/pbs.twimg.com\/profile_images\/1062787214361411596\/drhhnW5d_bigger.jpg\" data-src-1x=\"https:\/\/pbs.twimg.com\/profile_images\/1062787214361411596\/drhhnW5d_normal.jpg\" \/><\/a><\/span><\/p>\n<div data-scribe=\"component:author\">\n<div><span style=\"color: #000000;\" title=\"Voz de Am\u00e9rica\" data-scribe=\"element:name\">Voz de Am\u00e9rica<\/span><\/p>\n<div title=\"Verified Account\" role=\"img\" aria-label=\"Verified Account\"><\/div>\n<p><span style=\"color: #000000;\">\u2714<span dir=\"ltr\" title=\"@VOANoticias\" data-scribe=\"element:screen_name\">@VOANoticias<\/span><\/span><\/div>\n<\/div>\n<div>\n<div title=\"View on Twitter\" role=\"presentation\" aria-label=\"View on Twitter\"><\/div>\n<\/div>\n<\/div>\n<div data-scribe=\"component:tweet\">\n<div><\/div>\n<p dir=\"ltr\" lang=\"es\"><span style=\"color: #000000;\">El presidente encargado de <a dir=\"ltr\" style=\"color: #000000;\" href=\"https:\/\/twitter.com\/hashtag\/Venezuela?src=hash\" rel=\"tag\" data-query-source=\"hashtag_click\" data-scribe=\"element:hashtag\">#Venezuela<\/a> Juan Guaid\u00f3, se re\u00fane en <a dir=\"ltr\" style=\"color: #000000;\" href=\"https:\/\/twitter.com\/hashtag\/Colombia?src=hash\" rel=\"tag\" data-query-source=\"hashtag_click\" data-scribe=\"element:hashtag\">#Colombia<\/a> con el presidente Iv\u00e1n Duque, y el vicepresidente estadounidense Mike Pence, quien ya est\u00e1 en Bogot\u00e1 para asistir a la reuni\u00f3n. <a dir=\"ltr\" style=\"color: #000000;\" title=\"http:\/\/ow.ly\/D0Fa30nPmUV\" href=\"https:\/\/t.co\/dKDrOqGiXG\" target=\"_blank\" rel=\"nofollow noopener noreferrer\" data-expanded-url=\"http:\/\/ow.ly\/D0Fa30nPmUV\" data-scribe=\"element:url\">http:\/\/ow.ly\/D0Fa30nPmUV<\/a><\/span><\/p>\n<div>\n<div>\n<div data-scribe=\"element:heart\">\n<div title=\"Like\" role=\"img\" aria-label=\"Like\"><\/div>\n<\/div>\n<p><span style=\"color: #000000;\"><a style=\"color: #000000;\" title=\"Like\" href=\"https:\/\/twitter.com\/intent\/like?tweet_id=1100063603678416897\" data-scribe=\"component:actions\">20<\/a><\/span><\/div>\n<div><span style=\"color: #000000;\"><a style=\"color: #000000;\" href=\"https:\/\/twitter.com\/VOANoticias\/status\/1100063603678416897\" data-datetime=\"2019-02-25T16:02:55+0000\" data-scribe=\"element:full_timestamp\"><time title=\"Time posted: February 25, 2019 16:02:55 (UTC)\" datetime=\"2019-02-25T16:02:55+0000\">12:02 PM &#8211; Feb 25, 2019<\/time><\/a><\/span><\/div>\n<\/div>\n<\/div>\n<\/blockquote>\n<\/div>\n<div data-scribe=\"element:conversation_icon\">\n<div title=\"View conversation on Twitter\" role=\"img\" aria-label=\"View conversation on Twitter\"><\/div>\n<\/div>\n<div data-scribe=\"element:conversation_text\"><span style=\"color: #000000;\">26 people are talking about this<\/span><\/div>\n<div data-scribe=\"element:cta_chevron\">\n<div title=\"View on Twitter\" role=\"img\" aria-label=\"View on Twitter\"><\/div>\n<\/div>\n<\/div>\n<div data-scribe=\"element:notice\"><span style=\"color: #000000;\"><a style=\"color: #000000;\" title=\"Twitter Ads info and privacy\" href=\"https:\/\/support.twitter.com\/articles\/20175256\">Twitter Ads info and privacy<\/a><\/span><\/div>\n<\/div>\n<div>\n<div>\n<div><\/div>\n<\/div>\n<div>\n<div><\/div>\n<\/div>\n<\/div>\n<\/div>\n<\/div>\n<\/div>\n<h4><span style=\"color: #000000;\">Pence hizo adem\u00e1s una advertencia a los miembros de las fuerzas armadas de Venezuela que contin\u00faan respaldando a Maduro: \u00abTengo otro mensaje del presidente Trump (&#8230;) pueden elegir aceptar la generosa oferta de amnist\u00eda del presidente Guaid\u00f3 para vivir su vida en paz con sus familias y compatriotas\u00bb, dijo Pence.<\/span><\/h4>\n<h4><span style=\"color: #000000;\">\u00ab(Pero) si eligen el segundo camino y continuar apoyando a Maduro (&#8230;) no encontrar\u00e1n un puerto seguro, ni una salida. Perder\u00e1n todo\u00bb, reiter\u00f3 Pence citando a Trump.<\/span><\/h4>\n<h4><span style=\"color: #000000;\">En apoyo a Guaid\u00f3, dijo que el joven presidente interino \u00abno busca retribuci\u00f3n y tampoco Estados Unidos\u00bb.<\/span><\/h4>\n<h4><span style=\"color: #000000;\">Lea:\u00a0<a style=\"color: #000000;\" href=\"https:\/\/www.voanoticias.com\/a\/gobierno-de-guaido-pedira-a-grupo-de-lima-mas-presion-diplomatica-y-uso-de-la-fuerza-contra-maduro\/4802707.html\" target=\"_blank\" rel=\"noopener noreferrer\">Gobierno de Guaid\u00f3 pide a Grupo de Lima m\u00e1s presi\u00f3n diplom\u00e1tica y uso de la fuerza en Venezuela.<\/a><\/span><\/h4>\n<h4><span style=\"color: #000000;\">Pence dijo que es claro que lo que est\u00e1 frenando a muchos de los militares \u00abno es la lealtad a Maduro, sino el temor por sus familias, a quienes la polic\u00eda secreta entrenada en Cuba ha mantenido bajo vigilancia constante\u00bb.<\/span><\/h4>\n<h4><span style=\"color: #000000;\">Lea:\u00a0<a style=\"color: #000000;\" href=\"https:\/\/www.voanoticias.com\/a\/guaido-agradece-la-valentia-de-mas-de-160-militares-venezolanos-ahora-bajo-sus-%C3%B3rdenes\/4802681.html\" target=\"_blank\" rel=\"noopener noreferrer\">Guaid\u00f3 a militares venezolanos ahora bajo sus \u00f3rdenes: \u00abMuchos m\u00e1s seguir\u00e1n su ejemplo\u00bb.<\/a><\/span><\/h4>\n<h4><span style=\"color: #000000;\">\u00abA esos miembros de las fuerzas armadas venezolanas (&#8230;) para ustedes, sus familias y su pa\u00eds, decimos, tomen la decisi\u00f3n correcta. Acepten el sincero ofrecimiento de amnist\u00eda y una transici\u00f3n inclusiva hacia la democracia del presidente Guaid\u00f3\u00bb, dijo Pence.<\/span><\/h4>\n<h4><span style=\"color: #000000;\">El vicepresidente estadounidense envi\u00f3 tambi\u00e9n un mensaje a los l\u00edderes del mundo.<\/span><\/h4>\n<h4><span style=\"color: #000000;\">\u00abEs el momento: no puede haber espectadores en la lucha de Venezuela por la libertad. Estados Unidos hace un llamamiento a todas las naciones para que reconozcan a Juan Guaid\u00f3 como presidente de Venezuela, y avancen para apoyar la lucha del pueblo venezolano para reclamar su libertad y reconstruir su democracia\u00bb, enfatiz\u00f3.<\/span><\/h4>\n<h4><span style=\"color: #000000;\">A los que apoyan a Maduro, Pence advirti\u00f3: \u00abInstamos a unirse a las naciones amantes de la libertad en todo el mundo, apoyen al pueblo venezolano y retiren su apoyo al r\u00e9gimen de Maduro (&#8230;) Si contin\u00faan respaldando este r\u00e9gimen, solo aislar\u00e1n a sus naciones en el escenario mundial\u00bb.<\/span><\/h4>\n<h4><span style=\"color: #000000;\">Dijo a los venezolanos dispuestas a seguir luchando en las calles que no est\u00e1n solos: \u00abUstedes van con el apoyo y las oraciones del pueblo estadounidense, el pueblo de las naciones reunidas aqu\u00ed, y con personas amantes de la libertad en todo el mundo\u00bb.<\/span><\/h4>\n<h4><span style=\"color: #000000;\">\u00abPronto llegar\u00e1 el d\u00eda en que terminar\u00e1 la larga pesadilla de Venezuela, cuando Venezuela volver\u00e1 a ser libre, cuando su gente ver\u00e1 un \u00abnuevo nacimiento de la libertad\u00bb en una naci\u00f3n renacida en libertad\u00bb, dijo Pence.<\/span><\/h4>\n<h4><\/h4>\n<div>\n<div>\n<blockquote data-lang=\"en\" data-twitter-extracted-i1551119294693956966=\"true\">\n<p dir=\"ltr\" lang=\"es\"><span style=\"color: #000000;\"><a style=\"color: #000000;\" href=\"https:\/\/twitter.com\/hashtag\/EnVivo?src=hash&amp;ref_src=twsrc%5Etfw\">#EnVivo<\/a>, en la reuni\u00f3n del\u00a0<a style=\"color: #000000;\" href=\"https:\/\/twitter.com\/hashtag\/GrupoDeLimaEnBogota?src=hash&amp;ref_src=twsrc%5Etfw\">#GrupoDeLimaEnBogota<\/a>\u00a0el Vicepresidente de Estados\u00a0<a style=\"color: #000000;\" href=\"https:\/\/twitter.com\/VP?ref_src=twsrc%5Etfw\">@VP<\/a>\u00a0resalta que Colombia es el socio m\u00e1s importante de la regi\u00f3n.\u00a0<a style=\"color: #000000;\" href=\"https:\/\/t.co\/xHLXxzgnPQ\">pic.twitter.com\/xHLXxzgnPQ<\/a><\/span><\/p>\n<p><span style=\"color: #000000;\">\u2014 Canciller\u00eda Colombia (@CancilleriaCol)\u00a0<a style=\"color: #000000;\" href=\"https:\/\/twitter.com\/CancilleriaCol\/status\/1100076762988457985?ref_src=twsrc%5Etfw\">February 25, 2019<\/a><\/span><\/p><\/blockquote>\n<\/div>\n<\/div>\n<h4><\/h4>\n<div>\n<div>\n<div>\n<p dir=\"ltr\" lang=\"es\"><span style=\"color: #000000;\"><a style=\"color: #000000;\" href=\"https:\/\/twitter.com\/hashtag\/EnVivo?src=hash&amp;ref_src=twsrc%5Etfw\">#EnVivo<\/a>, en la reuni\u00f3n del\u00a0<a style=\"color: #000000;\" href=\"https:\/\/twitter.com\/hashtag\/GrupoDeLimaEnBogota?src=hash&amp;ref_src=twsrc%5Etfw\">#GrupoDeLimaEnBogota<\/a>\u00a0el Vicepresidente de Estados\u00a0<a style=\"color: #000000;\" href=\"https:\/\/twitter.com\/VP?ref_src=twsrc%5Etfw\">@VP<\/a>\u00a0resalta que Colombia es el socio m\u00e1s importante de la regi\u00f3n.\u00a0<a style=\"color: #000000;\" href=\"https:\/\/t.co\/xHLXxzgnPQ\">pic.twitter.com\/xHLXxzgnPQ<\/a><\/span><\/p>\n<h4 data-lang=\"en\" data-twitter-extracted-i1551119294693956966=\"true\"><span style=\"color: #000000;\">\u2014 Canciller\u00eda Colombia (@CancilleriaCol)\u00a0<a style=\"color: #000000;\" href=\"https:\/\/twitter.com\/CancilleriaCol\/status\/1100076762988457985?ref_src=twsrc%5Etfw\">February 25, 2019<\/a><\/span><\/h4>\n<\/div>\n<\/div>\n<\/div>\n<\/div>\n<\/div>\n<\/div>\n<\/div>\n<\/div>\n<\/div>\n<\/div>\n","protected":false},"excerpt":{"rendered":"<p>El vicepresidente de Estados Unidos, Mike Pence, dijo el lunes durante una reuni\u00f3n del Grupo de Lima en Bogot\u00e1 que \u00abes la hora\u00bb de emprender nuevas medidas contra el gobierno en disputa de Nicol\u00e1s&#46;&#46;&#46;<\/p>\n","protected":false},"author":30,"featured_media":11872,"comment_status":"open","ping_status":"open","sticky":false,"template":"","format":"standard","meta":{"_acf_changed":false,"rop_custom_images_group":[],"rop_custom_messages_group":[],"rop_publish_now":"initial","rop_publish_now_accounts":{"twitter_242054905_242054905":""},"rop_publish_now_history":[],"rop_publish_now_status":"pending","footnotes":""},"categories":[1775,1774,3],"tags":[600,76],"class_list":["post-11871","post","type-post","status-publish","format-standard","has-post-thumbnail","hentry","category-norteamerica","category-noticias","category-politica","tag-pence","tag-venezuela"],"acf":[],"yoast_head":"<!-- This site is optimized with the Yoast SEO Premium plugin v24.9 (Yoast SEO v27.2) - https:\/\/yoast.com\/product\/yoast-seo-premium-wordpress\/ -->\n<title>Pence anuncia nuevas sanciones contra gobierno en disputa de Maduro - Texas | Noti-America.com<\/title>\n<meta name=\"robots\" content=\"index, follow, max-snippet:-1, max-image-preview:large, max-video-preview:-1\" \/>\n<link rel=\"canonical\" href=\"https:\/\/noti-america.com\/site\/texas\/2019\/02\/25\/pence-anuncia-nuevas-sanciones-contra-gobierno-en-disputa-de-maduro\/\" \/>\n<meta property=\"og:locale\" content=\"es_ES\" \/>\n<meta property=\"og:type\" content=\"article\" \/>\n<meta property=\"og:title\" content=\"Pence anuncia nuevas sanciones contra gobierno en disputa de Maduro\" \/>\n<meta property=\"og:description\" content=\"El vicepresidente de Estados Unidos, Mike Pence, dijo el lunes durante una reuni\u00f3n del Grupo de Lima en Bogot\u00e1 que \u00abes la hora\u00bb de emprender nuevas medidas contra el gobierno en disputa de Nicol\u00e1s&#046;&#046;&#046;\" \/>\n<meta property=\"og:url\" content=\"https:\/\/noti-america.com\/site\/texas\/2019\/02\/25\/pence-anuncia-nuevas-sanciones-contra-gobierno-en-disputa-de-maduro\/\" \/>\n<meta property=\"og:site_name\" content=\"Texas | Noti-America.com\" \/>\n<meta property=\"article:published_time\" content=\"2019-02-25T18:46:25+00:00\" \/>\n<meta property=\"article:modified_time\" content=\"2019-02-25T18:46:43+00:00\" \/>\n<meta property=\"og:image\" content=\"https:\/\/noti-america.com\/site\/texas\/wp-content\/uploads\/sites\/4\/2019\/02\/Pence-anuncia.jpg\" \/>\n\t<meta property=\"og:image:width\" content=\"1023\" \/>\n\t<meta property=\"og:image:height\" content=\"575\" \/>\n\t<meta property=\"og:image:type\" content=\"image\/jpeg\" \/>\n<meta name=\"author\" content=\"Redacci\u00f3n NA-TX\" \/>\n<meta name=\"twitter:card\" content=\"summary_large_image\" \/>\n<meta name=\"twitter:label1\" content=\"Escrito por\" \/>\n\t<meta name=\"twitter:data1\" content=\"Redacci\u00f3n NA-TX\" \/>\n\t<meta name=\"twitter:label2\" content=\"Tiempo estimado de lectura\" \/>\n\t<meta name=\"twitter:data2\" content=\"6 minutos\" \/>\n<script type=\"application\/ld+json\" class=\"yoast-schema-graph\">{\"@context\":\"https:\/\/schema.org\",\"@graph\":[{\"@type\":\"Article\",\"@id\":\"https:\/\/noti-america.com\/site\/texas\/2019\/02\/25\/pence-anuncia-nuevas-sanciones-contra-gobierno-en-disputa-de-maduro\/#article\",\"isPartOf\":{\"@id\":\"https:\/\/noti-america.com\/site\/texas\/2019\/02\/25\/pence-anuncia-nuevas-sanciones-contra-gobierno-en-disputa-de-maduro\/\"},\"author\":{\"name\":\"Redacci\u00f3n NA-TX\",\"@id\":\"https:\/\/noti-america.com\/site\/texas\/#\/schema\/person\/ae305e0187703594d7e273941bdc7f76\"},\"headline\":\"Pence anuncia nuevas sanciones contra gobierno en disputa de Maduro\",\"datePublished\":\"2019-02-25T18:46:25+00:00\",\"dateModified\":\"2019-02-25T18:46:43+00:00\",\"mainEntityOfPage\":{\"@id\":\"https:\/\/noti-america.com\/site\/texas\/2019\/02\/25\/pence-anuncia-nuevas-sanciones-contra-gobierno-en-disputa-de-maduro\/\"},\"wordCount\":1181,\"commentCount\":0,\"publisher\":{\"@id\":\"https:\/\/noti-america.com\/site\/texas\/#organization\"},\"image\":{\"@id\":\"https:\/\/noti-america.com\/site\/texas\/2019\/02\/25\/pence-anuncia-nuevas-sanciones-contra-gobierno-en-disputa-de-maduro\/#primaryimage\"},\"thumbnailUrl\":\"https:\/\/noti-america.com\/site\/texas\/wp-content\/uploads\/sites\/4\/2019\/02\/Pence-anuncia.jpg\",\"keywords\":[\"Pence\",\"Venezuela\"],\"articleSection\":[\"Am\u00e9rica del Norte\",\"Noticias\",\"Pol\u00edtica\"],\"inLanguage\":\"es\",\"potentialAction\":[{\"@type\":\"CommentAction\",\"name\":\"Comment\",\"target\":[\"https:\/\/noti-america.com\/site\/texas\/2019\/02\/25\/pence-anuncia-nuevas-sanciones-contra-gobierno-en-disputa-de-maduro\/#respond\"]}]},{\"@type\":\"WebPage\",\"@id\":\"https:\/\/noti-america.com\/site\/texas\/2019\/02\/25\/pence-anuncia-nuevas-sanciones-contra-gobierno-en-disputa-de-maduro\/\",\"url\":\"https:\/\/noti-america.com\/site\/texas\/2019\/02\/25\/pence-anuncia-nuevas-sanciones-contra-gobierno-en-disputa-de-maduro\/\",\"name\":\"Pence anuncia nuevas sanciones contra gobierno en disputa de Maduro - Texas | Noti-America.com\",\"isPartOf\":{\"@id\":\"https:\/\/noti-america.com\/site\/texas\/#website\"},\"primaryImageOfPage\":{\"@id\":\"https:\/\/noti-america.com\/site\/texas\/2019\/02\/25\/pence-anuncia-nuevas-sanciones-contra-gobierno-en-disputa-de-maduro\/#primaryimage\"},\"image\":{\"@id\":\"https:\/\/noti-america.com\/site\/texas\/2019\/02\/25\/pence-anuncia-nuevas-sanciones-contra-gobierno-en-disputa-de-maduro\/#primaryimage\"},\"thumbnailUrl\":\"https:\/\/noti-america.com\/site\/texas\/wp-content\/uploads\/sites\/4\/2019\/02\/Pence-anuncia.jpg\",\"datePublished\":\"2019-02-25T18:46:25+00:00\",\"dateModified\":\"2019-02-25T18:46:43+00:00\",\"breadcrumb\":{\"@id\":\"https:\/\/noti-america.com\/site\/texas\/2019\/02\/25\/pence-anuncia-nuevas-sanciones-contra-gobierno-en-disputa-de-maduro\/#breadcrumb\"},\"inLanguage\":\"es\",\"potentialAction\":[{\"@type\":\"ReadAction\",\"target\":[\"https:\/\/noti-america.com\/site\/texas\/2019\/02\/25\/pence-anuncia-nuevas-sanciones-contra-gobierno-en-disputa-de-maduro\/\"]}]},{\"@type\":\"ImageObject\",\"inLanguage\":\"es\",\"@id\":\"https:\/\/noti-america.com\/site\/texas\/2019\/02\/25\/pence-anuncia-nuevas-sanciones-contra-gobierno-en-disputa-de-maduro\/#primaryimage\",\"url\":\"https:\/\/noti-america.com\/site\/texas\/wp-content\/uploads\/sites\/4\/2019\/02\/Pence-anuncia.jpg\",\"contentUrl\":\"https:\/\/noti-america.com\/site\/texas\/wp-content\/uploads\/sites\/4\/2019\/02\/Pence-anuncia.jpg\",\"width\":1023,\"height\":575},{\"@type\":\"BreadcrumbList\",\"@id\":\"https:\/\/noti-america.com\/site\/texas\/2019\/02\/25\/pence-anuncia-nuevas-sanciones-contra-gobierno-en-disputa-de-maduro\/#breadcrumb\",\"itemListElement\":[{\"@type\":\"ListItem\",\"position\":1,\"name\":\"Portada\",\"item\":\"https:\/\/noti-america.com\/site\/texas\/\"},{\"@type\":\"ListItem\",\"position\":2,\"name\":\"Pence anuncia nuevas sanciones contra gobierno en disputa de Maduro\"}]},{\"@type\":\"WebSite\",\"@id\":\"https:\/\/noti-america.com\/site\/texas\/#website\",\"url\":\"https:\/\/noti-america.com\/site\/texas\/\",\"name\":\"Texas | Noti-America.com\",\"description\":\"\",\"publisher\":{\"@id\":\"https:\/\/noti-america.com\/site\/texas\/#organization\"},\"potentialAction\":[{\"@type\":\"SearchAction\",\"target\":{\"@type\":\"EntryPoint\",\"urlTemplate\":\"https:\/\/noti-america.com\/site\/texas\/?s={search_term_string}\"},\"query-input\":{\"@type\":\"PropertyValueSpecification\",\"valueRequired\":true,\"valueName\":\"search_term_string\"}}],\"inLanguage\":\"es\"},{\"@type\":\"Organization\",\"@id\":\"https:\/\/noti-america.com\/site\/texas\/#organization\",\"name\":\"Noti-America LLC | Texas-USA\",\"url\":\"https:\/\/noti-america.com\/site\/texas\/\",\"logo\":{\"@type\":\"ImageObject\",\"inLanguage\":\"es\",\"@id\":\"https:\/\/noti-america.com\/site\/texas\/#\/schema\/logo\/image\/\",\"url\":\"https:\/\/noti-america.com\/site\/us-tx\/wp-content\/uploads\/sites\/4\/2020\/07\/LogoNA-4x3-1.jpg\",\"contentUrl\":\"https:\/\/noti-america.com\/site\/us-tx\/wp-content\/uploads\/sites\/4\/2020\/07\/LogoNA-4x3-1.jpg\",\"width\":1236,\"height\":1080,\"caption\":\"Noti-America LLC | Texas-USA\"},\"image\":{\"@id\":\"https:\/\/noti-america.com\/site\/texas\/#\/schema\/logo\/image\/\"}},{\"@type\":\"Person\",\"@id\":\"https:\/\/noti-america.com\/site\/texas\/#\/schema\/person\/ae305e0187703594d7e273941bdc7f76\",\"name\":\"Redacci\u00f3n NA-TX\",\"image\":{\"@type\":\"ImageObject\",\"inLanguage\":\"es\",\"@id\":\"https:\/\/secure.gravatar.com\/avatar\/1ede8345cc79df032062efa286d5b99b0e4e5bd13e51f7cb031f715a3a43b386?s=96&d=mm&r=g\",\"url\":\"https:\/\/secure.gravatar.com\/avatar\/1ede8345cc79df032062efa286d5b99b0e4e5bd13e51f7cb031f715a3a43b386?s=96&d=mm&r=g\",\"contentUrl\":\"https:\/\/secure.gravatar.com\/avatar\/1ede8345cc79df032062efa286d5b99b0e4e5bd13e51f7cb031f715a3a43b386?s=96&d=mm&r=g\",\"caption\":\"Redacci\u00f3n NA-TX\"},\"url\":\"https:\/\/noti-america.com\/site\/texas\/author\/redacciontx\/\"}]}<\/script>\n<!-- \/ Yoast SEO Premium plugin. -->","yoast_head_json":{"title":"Pence anuncia nuevas sanciones contra gobierno en disputa de Maduro - Texas | Noti-America.com","robots":{"index":"index","follow":"follow","max-snippet":"max-snippet:-1","max-image-preview":"max-image-preview:large","max-video-preview":"max-video-preview:-1"},"canonical":"https:\/\/noti-america.com\/site\/texas\/2019\/02\/25\/pence-anuncia-nuevas-sanciones-contra-gobierno-en-disputa-de-maduro\/","og_locale":"es_ES","og_type":"article","og_title":"Pence anuncia nuevas sanciones contra gobierno en disputa de Maduro","og_description":"El vicepresidente de Estados Unidos, Mike Pence, dijo el lunes durante una reuni\u00f3n del Grupo de Lima en Bogot\u00e1 que \u00abes la hora\u00bb de emprender nuevas medidas contra el gobierno en disputa de Nicol\u00e1s&#46;&#46;&#46;","og_url":"https:\/\/noti-america.com\/site\/texas\/2019\/02\/25\/pence-anuncia-nuevas-sanciones-contra-gobierno-en-disputa-de-maduro\/","og_site_name":"Texas | Noti-America.com","article_published_time":"2019-02-25T18:46:25+00:00","article_modified_time":"2019-02-25T18:46:43+00:00","og_image":[{"width":1023,"height":575,"url":"https:\/\/noti-america.com\/site\/texas\/wp-content\/uploads\/sites\/4\/2019\/02\/Pence-anuncia.jpg","type":"image\/jpeg"}],"author":"Redacci\u00f3n NA-TX","twitter_card":"summary_large_image","twitter_misc":{"Escrito por":"Redacci\u00f3n NA-TX","Tiempo estimado de lectura":"6 minutos"},"schema":{"@context":"https:\/\/schema.org","@graph":[{"@type":"Article","@id":"https:\/\/noti-america.com\/site\/texas\/2019\/02\/25\/pence-anuncia-nuevas-sanciones-contra-gobierno-en-disputa-de-maduro\/#article","isPartOf":{"@id":"https:\/\/noti-america.com\/site\/texas\/2019\/02\/25\/pence-anuncia-nuevas-sanciones-contra-gobierno-en-disputa-de-maduro\/"},"author":{"name":"Redacci\u00f3n NA-TX","@id":"https:\/\/noti-america.com\/site\/texas\/#\/schema\/person\/ae305e0187703594d7e273941bdc7f76"},"headline":"Pence anuncia nuevas sanciones contra gobierno en disputa de Maduro","datePublished":"2019-02-25T18:46:25+00:00","dateModified":"2019-02-25T18:46:43+00:00","mainEntityOfPage":{"@id":"https:\/\/noti-america.com\/site\/texas\/2019\/02\/25\/pence-anuncia-nuevas-sanciones-contra-gobierno-en-disputa-de-maduro\/"},"wordCount":1181,"commentCount":0,"publisher":{"@id":"https:\/\/noti-america.com\/site\/texas\/#organization"},"image":{"@id":"https:\/\/noti-america.com\/site\/texas\/2019\/02\/25\/pence-anuncia-nuevas-sanciones-contra-gobierno-en-disputa-de-maduro\/#primaryimage"},"thumbnailUrl":"https:\/\/noti-america.com\/site\/texas\/wp-content\/uploads\/sites\/4\/2019\/02\/Pence-anuncia.jpg","keywords":["Pence","Venezuela"],"articleSection":["Am\u00e9rica del Norte","Noticias","Pol\u00edtica"],"inLanguage":"es","potentialAction":[{"@type":"CommentAction","name":"Comment","target":["https:\/\/noti-america.com\/site\/texas\/2019\/02\/25\/pence-anuncia-nuevas-sanciones-contra-gobierno-en-disputa-de-maduro\/#respond"]}]},{"@type":"WebPage","@id":"https:\/\/noti-america.com\/site\/texas\/2019\/02\/25\/pence-anuncia-nuevas-sanciones-contra-gobierno-en-disputa-de-maduro\/","url":"https:\/\/noti-america.com\/site\/texas\/2019\/02\/25\/pence-anuncia-nuevas-sanciones-contra-gobierno-en-disputa-de-maduro\/","name":"Pence anuncia nuevas sanciones contra gobierno en disputa de Maduro - Texas | Noti-America.com","isPartOf":{"@id":"https:\/\/noti-america.com\/site\/texas\/#website"},"primaryImageOfPage":{"@id":"https:\/\/noti-america.com\/site\/texas\/2019\/02\/25\/pence-anuncia-nuevas-sanciones-contra-gobierno-en-disputa-de-maduro\/#primaryimage"},"image":{"@id":"https:\/\/noti-america.com\/site\/texas\/2019\/02\/25\/pence-anuncia-nuevas-sanciones-contra-gobierno-en-disputa-de-maduro\/#primaryimage"},"thumbnailUrl":"https:\/\/noti-america.com\/site\/texas\/wp-content\/uploads\/sites\/4\/2019\/02\/Pence-anuncia.jpg","datePublished":"2019-02-25T18:46:25+00:00","dateModified":"2019-02-25T18:46:43+00:00","breadcrumb":{"@id":"https:\/\/noti-america.com\/site\/texas\/2019\/02\/25\/pence-anuncia-nuevas-sanciones-contra-gobierno-en-disputa-de-maduro\/#breadcrumb"},"inLanguage":"es","potentialAction":[{"@type":"ReadAction","target":["https:\/\/noti-america.com\/site\/texas\/2019\/02\/25\/pence-anuncia-nuevas-sanciones-contra-gobierno-en-disputa-de-maduro\/"]}]},{"@type":"ImageObject","inLanguage":"es","@id":"https:\/\/noti-america.com\/site\/texas\/2019\/02\/25\/pence-anuncia-nuevas-sanciones-contra-gobierno-en-disputa-de-maduro\/#primaryimage","url":"https:\/\/noti-america.com\/site\/texas\/wp-content\/uploads\/sites\/4\/2019\/02\/Pence-anuncia.jpg","contentUrl":"https:\/\/noti-america.com\/site\/texas\/wp-content\/uploads\/sites\/4\/2019\/02\/Pence-anuncia.jpg","width":1023,"height":575},{"@type":"BreadcrumbList","@id":"https:\/\/noti-america.com\/site\/texas\/2019\/02\/25\/pence-anuncia-nuevas-sanciones-contra-gobierno-en-disputa-de-maduro\/#breadcrumb","itemListElement":[{"@type":"ListItem","position":1,"name":"Portada","item":"https:\/\/noti-america.com\/site\/texas\/"},{"@type":"ListItem","position":2,"name":"Pence anuncia nuevas sanciones contra gobierno en disputa de Maduro"}]},{"@type":"WebSite","@id":"https:\/\/noti-america.com\/site\/texas\/#website","url":"https:\/\/noti-america.com\/site\/texas\/","name":"Texas | Noti-America.com","description":"","publisher":{"@id":"https:\/\/noti-america.com\/site\/texas\/#organization"},"potentialAction":[{"@type":"SearchAction","target":{"@type":"EntryPoint","urlTemplate":"https:\/\/noti-america.com\/site\/texas\/?s={search_term_string}"},"query-input":{"@type":"PropertyValueSpecification","valueRequired":true,"valueName":"search_term_string"}}],"inLanguage":"es"},{"@type":"Organization","@id":"https:\/\/noti-america.com\/site\/texas\/#organization","name":"Noti-America LLC | Texas-USA","url":"https:\/\/noti-america.com\/site\/texas\/","logo":{"@type":"ImageObject","inLanguage":"es","@id":"https:\/\/noti-america.com\/site\/texas\/#\/schema\/logo\/image\/","url":"https:\/\/noti-america.com\/site\/us-tx\/wp-content\/uploads\/sites\/4\/2020\/07\/LogoNA-4x3-1.jpg","contentUrl":"https:\/\/noti-america.com\/site\/us-tx\/wp-content\/uploads\/sites\/4\/2020\/07\/LogoNA-4x3-1.jpg","width":1236,"height":1080,"caption":"Noti-America LLC | Texas-USA"},"image":{"@id":"https:\/\/noti-america.com\/site\/texas\/#\/schema\/logo\/image\/"}},{"@type":"Person","@id":"https:\/\/noti-america.com\/site\/texas\/#\/schema\/person\/ae305e0187703594d7e273941bdc7f76","name":"Redacci\u00f3n NA-TX","image":{"@type":"ImageObject","inLanguage":"es","@id":"https:\/\/secure.gravatar.com\/avatar\/1ede8345cc79df032062efa286d5b99b0e4e5bd13e51f7cb031f715a3a43b386?s=96&d=mm&r=g","url":"https:\/\/secure.gravatar.com\/avatar\/1ede8345cc79df032062efa286d5b99b0e4e5bd13e51f7cb031f715a3a43b386?s=96&d=mm&r=g","contentUrl":"https:\/\/secure.gravatar.com\/avatar\/1ede8345cc79df032062efa286d5b99b0e4e5bd13e51f7cb031f715a3a43b386?s=96&d=mm&r=g","caption":"Redacci\u00f3n NA-TX"},"url":"https:\/\/noti-america.com\/site\/texas\/author\/redacciontx\/"}]}},"_links":{"self":[{"href":"https:\/\/noti-america.com\/site\/texas\/wp-json\/wp\/v2\/posts\/11871","targetHints":{"allow":["GET"]}}],"collection":[{"href":"https:\/\/noti-america.com\/site\/texas\/wp-json\/wp\/v2\/posts"}],"about":[{"href":"https:\/\/noti-america.com\/site\/texas\/wp-json\/wp\/v2\/types\/post"}],"author":[{"embeddable":true,"href":"https:\/\/noti-america.com\/site\/texas\/wp-json\/wp\/v2\/users\/30"}],"replies":[{"embeddable":true,"href":"https:\/\/noti-america.com\/site\/texas\/wp-json\/wp\/v2\/comments?post=11871"}],"version-history":[{"count":1,"href":"https:\/\/noti-america.com\/site\/texas\/wp-json\/wp\/v2\/posts\/11871\/revisions"}],"predecessor-version":[{"id":11873,"href":"https:\/\/noti-america.com\/site\/texas\/wp-json\/wp\/v2\/posts\/11871\/revisions\/11873"}],"wp:featuredmedia":[{"embeddable":true,"href":"https:\/\/noti-america.com\/site\/texas\/wp-json\/wp\/v2\/media\/11872"}],"wp:attachment":[{"href":"https:\/\/noti-america.com\/site\/texas\/wp-json\/wp\/v2\/media?parent=11871"}],"wp:term":[{"taxonomy":"category","embeddable":true,"href":"https:\/\/noti-america.com\/site\/texas\/wp-json\/wp\/v2\/categories?post=11871"},{"taxonomy":"post_tag","embeddable":true,"href":"https:\/\/noti-america.com\/site\/texas\/wp-json\/wp\/v2\/tags?post=11871"}],"curies":[{"name":"wp","href":"https:\/\/api.w.org\/{rel}","templated":true}]}}