{"id":11065,"date":"2019-01-25T07:23:31","date_gmt":"2019-01-25T12:23:31","guid":{"rendered":"http:\/\/noti-america.com\/site\/us-tx\/?p=11065"},"modified":"2019-01-25T07:23:31","modified_gmt":"2019-01-25T12:23:31","slug":"papa-francisco-lamenta-crisis-venezolana-desde-panama","status":"publish","type":"post","link":"https:\/\/noti-america.com\/site\/texas\/2019\/01\/25\/papa-francisco-lamenta-crisis-venezolana-desde-panama\/","title":{"rendered":"Papa Francisco lamenta crisis venezolana desde Panam\u00e1"},"content":{"rendered":"<div class=\"post-internal_head\">\n<div>\n<h2 style=\"text-align: center;\"><span style=\"color: #000000;\">En el marco de la\u00a0Jornada Laboral de la Juventud en Panam\u00e1, el portavoz interino de la sede episcopal en la Ciudad del Vaticano,\u00a0Alessandro Gisotti, anunci\u00f3 que el\u00a0papa Francisco\u00a0lamenta la profunda\u00a0crisis en Venezuela.<\/span><\/h2>\n<p>&nbsp;<\/p>\n<\/div>\n<div class=\"box_social_post_header\">\n<div class=\"is_desktop\">\n<div class=\"content\"><\/div>\n<\/div>\n<\/div>\n<div class=\"org-mod-carousel_Format8\">\n<div class=\"Format8__slide js_Slick_slideFormat8\">\n<h5 class=\"PostInternal__figure\" style=\"text-align: center;\"><span class=\"atm_Img-cover\"><picture><source srcset=\"https:\/\/multimedia.larepublica.pe\/660x392\/larepublica\/imagen\/2019\/01\/24\/noticia-1548356464-papa.jpg\" media=\"(min-width: 650px)\" \/><source srcset=\"https:\/\/multimedia.larepublica.pe\/538x300\/larepublica\/imagen\/2019\/01\/24\/noticia-1548356464-papa.jpg\" media=\"(min-width: 465px)\" \/><\/picture><\/span><span style=\"color: #000000;\"><picture><img decoding=\"async\" title=\"Papa Francisco preocupado por protestas en Caracas. Imagen de Agencia EFE.\" role=\"none\" src=\"https:\/\/multimedia.larepublica.pe\/342x192\/larepublica\/imagen\/2019\/01\/24\/noticia-1548356464-papa.jpg\" alt=\"\" data-original=\"https:\/\/multimedia.larepublica.pe\/342x192\/larepublica\/imagen\/2019\/01\/24\/noticia-1548356464-papa.jpg\" data-was-processed=\"true\" \/><\/picture><\/span><em><span style=\"color: #000000;\">Papa Francisco preocupado por protestas en Caracas. Imagen de Agencia EFE.<\/span><\/em><\/h5>\n<\/div>\n<\/div>\n<\/div>\n<div class=\"cgrid-row PostInternalBlockLeft__container\">\n<div class=\"col-4-md col-4-sm PostInternalBlockLeft__left\">\n<aside class=\"PostInternal__aside-internal org-section_AsideInternal\">\n<section class=\"org-section_AuthorPost\">\n<div class=\"AuthorPost__container\">\n<div class=\"container__info\"><\/div>\n<p class=\"post-internal_date\">\n<\/div>\n<div>\n<div><\/div>\n<div><em><em><strong><span style=\"color: #000000;\">Fuente:\u00a0https:\/\/larepublica.pe<\/span><\/strong><\/em><\/em><\/p>\n<hr \/>\n<\/div>\n<\/div>\n<\/section>\n<\/aside>\n<\/div>\n<div class=\"col-16-md col-16-sm PostInternalBlockLeft__right\">\n<div class=\"post-internal_description PostInternal__description\">\n<div class=\"atm-container-banner-interna\"><\/div>\n<div id=\"content-body-0\" class=\"content-post\">\n<h3><em><span style=\"color: #000000;\">El pronunciamiento del sumo pont\u00edfice a ra\u00edz de la\u00a0crisis en<a style=\"color: #000000;\">Venezuela<\/a>\u00a0ya se hac\u00eda esperar. El\u00a0papa Francisco, seg\u00fan el portavoz de la Santa Sede,\u00a0<strong>Alessandro Gisotti<\/strong>, se refiri\u00f3 a la autoproclamaci\u00f3n de\u00a0Juan Guaid\u00f3\u00a0como presidente interino de Venezuela. \u00abEl papa apoya todos los esfuerzos para ahorrar sufrimiento a venezolanos\u00bb, subray\u00f3, en relaci\u00f3n a las p\u00e9rdidas humanas en las protestas de Caracas.<\/span><\/em><\/h3>\n<p>&nbsp;<\/p>\n<p>&nbsp;<\/p>\n<h4><span style=\"color: #000000;\">\u201cEl Santo Padre, informado en\u00a0Panam\u00e1\u00a0de las noticias provenientes de\u00a0Venezuela, sigue con cercan\u00eda el desarrollo de la situaci\u00f3n y reza por las v\u00edctimas y por todos los venezolanos. La\u00a0Santa Sede\u00a0apoya todos los esfuerzos que permitan ahorrar ulterior sufrimiento a la poblaci\u00f3n\u201d, sigui\u00f3 declarando Gisotti.<\/span><\/h4>\n<h4><span style=\"color: #000000;\">Este pronunciamiento\u00a0surgi\u00f3 a partir de un incidente en la\u00a0Jornada Laboral de la Juventud de Panam\u00e1\u00a0este jueves, cuando un joven venezolano burl\u00f3, con bandera en mano, la seguridad del m\u00e1ximo representante de la\u00a0<a style=\"color: #000000;\" href=\"https:\/\/larepublica.pe\/tag\/iglesia-catolica\">iglesia cat\u00f3lica<\/a>, y le pidi\u00f3 que se pronuncie sobre el tema.<\/span><\/h4>\n<h4><span style=\"color: #000000;\">El\u00a0<a style=\"color: #000000;\" href=\"https:\/\/larepublica.pe\/tag\/papa-francisco\">papa Francisco<\/a>\u00a0viaj\u00f3 el mi\u00e9rcoles de Roma a\u00a0<a style=\"color: #000000;\" href=\"https:\/\/larepublica.pe\/tag\/panama\">Panam\u00e1<\/a>. En primera instancia, el papa no quiso inmiscuirse directamente en el tema;\u00a0sin embargo, coment\u00f3 de manera lac\u00f3nica que \u00abla iglesia cat\u00f3lica se ofrec\u00eda a combatir los miedos y recelos alrededor de la ola migratoria en Am\u00e9rica Latina\u00bb.<\/span><\/h4>\n<h4><span style=\"color: #000000;\">En diciembre de\u00a02017,\u00a0el sumo pont\u00edfice ya hab\u00eda disparado un dardo contra Maduro\u00a0en la misa del Urbi et Orbi, al asegurar que\u00a0<a style=\"color: #000000;\" href=\"https:\/\/larepublica.pe\/tag\/venezuela\">Venezuela<\/a>\u00a0deb\u00eda\u00a0encontrar &#8216;concordia&#8217; e inst\u00f3, asimismo, a que la sociedad de ese pa\u00eds trabaje en favor de los sectores m\u00e1s fr\u00e1giles de la poblaci\u00f3n.<\/span><\/h4>\n<h4><iframe loading=\"lazy\" src=\"https:\/\/player.ooyala.com\/static\/v4\/stable\/4.10.4\/skin-plugin\/iframe.html?ec=xzOXc0aDE6Vfz0NgUIK_ZscD7DzUppz3&amp;pbid=fdcff0168ea24191af44cb4d730987ec&amp;pcode=Z4d3kxOn0tfJK9oJkcCpNlNGK1aP\" width=\"640\" height=\"480\" frameborder=\"0\" allowfullscreen=\"allowfullscreen\" data-mce-fragment=\"1\"><\/iframe><\/h4>\n<div data-twitter-event-id=\"0\">\n<div id=\"twitter-widget-1\" lang=\"es\" data-click-to-open-target=\"https:\/\/twitter.com\/johnnyperfetti\/status\/1088484145641213953\" data-iframe-title=\"Tweet de Twitter\" data-scribe=\"page:tweet\" data-tweet-id=\"1088484145641213953\" data-twitter-event-id=\"1\">\n<div>\n<div data-style=\"max-width: 2000px\">\n<div data-style=\"padding-bottom: 56.2500%\">\n<div data-scribe=\"element:play_button\">\n<div title=\"Reproducir contenido multimedia\" role=\"img\" aria-label=\"Reproducir contenido multimedia\"><\/div>\n<\/div>\n<p><span style=\"color: #000000;\"><a style=\"color: #000000;\" href=\"https:\/\/twitter.com\/johnnyperfetti\/status\/1088484145641213953\"><img decoding=\"async\" src=\"https:\/\/pbs.twimg.com\/ext_tw_video_thumb\/1088440626574778369\/pu\/img\/WYWxySOXF4L3_Y0r?format=jpg&amp;name=small\" alt=\"Video insertado\" data-image=\"https:\/\/pbs.twimg.com\/ext_tw_video_thumb\/1088440626574778369\/pu\/img\/WYWxySOXF4L3_Y0r\" data-scribe=\"element:poster_image\" \/><\/a><\/span><\/div>\n<\/div>\n<\/div>\n<div>\n<div>\n<blockquote cite=\"https:\/\/twitter.com\/johnnyperfetti\/status\/1088484145641213953\" data-tweet-id=\"1088484145641213953\" data-scribe=\"section:subject\">\n<h4><span style=\"color: #000000;\"><a style=\"color: #000000;\" href=\"https:\/\/twitter.com\/johnnyperfetti\" data-scribe=\"element:user_link\" aria-label=\"Johnny Perfetti (nombre de pantalla: johnnyperfetti)\"><img decoding=\"async\" src=\"https:\/\/pbs.twimg.com\/profile_images\/575355115433017344\/pLK_oG5X_normal.jpeg\" alt=\"\" data-scribe=\"element:avatar\" data-src-2x=\"https:\/\/pbs.twimg.com\/profile_images\/575355115433017344\/pLK_oG5X_bigger.jpeg\" data-src-1x=\"https:\/\/pbs.twimg.com\/profile_images\/575355115433017344\/pLK_oG5X_normal.jpeg\" \/><\/a><\/span><\/h4>\n<div data-scribe=\"component:author\">\n<div><span style=\"color: #000000;\"><span title=\"Johnny Perfetti\" data-scribe=\"element:name\">Johnny Perfetti<\/span><span dir=\"ltr\" title=\"@johnnyperfetti\" data-scribe=\"element:screen_name\">@johnnyperfetti<\/span><\/span><\/div>\n<\/div>\n<div>\n<div title=\"Ver en Twitter\" role=\"presentation\" aria-label=\"Ver en Twitter\"><\/div>\n<\/div>\n<div data-scribe=\"component:tweet\">\n<h4><\/h4>\n<h4 dir=\"ltr\" lang=\"es\"><span style=\"color: #000000;\">El papa Francisco lleg\u00f3 a Panam\u00e1 para encabezar la \u00abJornada Mundial de la Juventud\u00bb.<\/span><\/p>\n<p><span style=\"color: #000000;\">Pues un joven venezolano con la bandera de nuestro pa\u00eds en sus manos, burl\u00f3 la seguridad del pap\u00e1 intentando recordarle que se pronuncie sobre la crisis en Venezuela<img decoding=\"async\" title=\"Flag of Venezuela\" draggable=\"false\" src=\"https:\/\/abs.twimg.com\/emoji\/v2\/72x72\/1f1fb-1f1ea.png\" alt=\"\ud83c\uddfb\ud83c\uddea\" aria-label=\"Emoji: Flag of Venezuela\" \/>\u2500\u25ba<\/span><\/h4>\n<div>\n<div data-scribe=\"element:heart\">\n<div title=\"Me gusta\" role=\"img\" aria-label=\"Me gusta\"><\/div>\n<\/div>\n<h4><span style=\"color: #000000;\"><a style=\"color: #000000;\" title=\"Me gusta\" href=\"https:\/\/twitter.com\/intent\/like?tweet_id=1088484145641213953\" data-scribe=\"component:actions\">11<\/a><\/span><\/h4>\n<h4><span style=\"color: #000000;\"><a style=\"color: #000000;\" href=\"https:\/\/twitter.com\/johnnyperfetti\/status\/1088484145641213953\" data-datetime=\"2019-01-24T17:10:18+0000\" data-scribe=\"element:full_timestamp\"><time title=\"Publicado a las: 24 de enero de 2019 17:10:18 (UTC)\" datetime=\"2019-01-24T17:10:18+0000\">13:10 &#8211; 24 ene. 2019<\/time><\/a><\/span><\/h4>\n<\/div>\n<\/div>\n<\/blockquote>\n<\/div>\n<\/div>\n<\/div>\n<\/div>\n<\/div>\n<\/div>\n<\/div>\n<\/div>\n","protected":false},"excerpt":{"rendered":"<p>En el marco de la\u00a0Jornada Laboral de la Juventud en Panam\u00e1, el portavoz interino de la sede episcopal en la Ciudad del Vaticano,\u00a0Alessandro Gisotti, anunci\u00f3 que el\u00a0papa Francisco\u00a0lamenta la profunda\u00a0crisis en Venezuela. &nbsp; Papa&#46;&#46;&#46;<\/p>\n","protected":false},"author":30,"featured_media":11066,"comment_status":"open","ping_status":"open","sticky":false,"template":"","format":"standard","meta":{"_acf_changed":false,"rop_custom_images_group":[],"rop_custom_messages_group":[],"rop_publish_now":"initial","rop_publish_now_accounts":{"twitter_242054905_242054905":""},"rop_publish_now_history":[],"rop_publish_now_status":"pending","footnotes":""},"categories":[1],"tags":[144,1121,76],"class_list":["post-11065","post","type-post","status-publish","format-standard","has-post-thumbnail","hentry","category-uncategorized","tag-panama","tag-papa-francisco","tag-venezuela"],"acf":[],"yoast_head":"<!-- This site is optimized with the Yoast SEO Premium plugin v24.9 (Yoast SEO v27.2) - https:\/\/yoast.com\/product\/yoast-seo-premium-wordpress\/ -->\n<title>Papa Francisco lamenta crisis venezolana desde Panam\u00e1 - Texas | Noti-America.com<\/title>\n<meta name=\"robots\" content=\"index, follow, max-snippet:-1, max-image-preview:large, max-video-preview:-1\" \/>\n<link rel=\"canonical\" href=\"https:\/\/noti-america.com\/site\/texas\/2019\/01\/25\/papa-francisco-lamenta-crisis-venezolana-desde-panama\/\" \/>\n<meta property=\"og:locale\" content=\"es_ES\" \/>\n<meta property=\"og:type\" content=\"article\" \/>\n<meta property=\"og:title\" content=\"Papa Francisco lamenta crisis venezolana desde Panam\u00e1\" \/>\n<meta property=\"og:description\" content=\"En el marco de la\u00a0Jornada Laboral de la Juventud en Panam\u00e1, el portavoz interino de la sede episcopal en la Ciudad del Vaticano,\u00a0Alessandro Gisotti, anunci\u00f3 que el\u00a0papa Francisco\u00a0lamenta la profunda\u00a0crisis en Venezuela. &nbsp; Papa&#046;&#046;&#046;\" \/>\n<meta property=\"og:url\" content=\"https:\/\/noti-america.com\/site\/texas\/2019\/01\/25\/papa-francisco-lamenta-crisis-venezolana-desde-panama\/\" \/>\n<meta property=\"og:site_name\" content=\"Texas | Noti-America.com\" \/>\n<meta property=\"article:published_time\" content=\"2019-01-25T12:23:31+00:00\" \/>\n<meta property=\"og:image\" content=\"https:\/\/noti-america.com\/site\/texas\/wp-content\/uploads\/sites\/4\/2019\/01\/Papa-Francisco-lamenta.png\" \/>\n\t<meta property=\"og:image:width\" content=\"660\" \/>\n\t<meta property=\"og:image:height\" content=\"343\" \/>\n\t<meta property=\"og:image:type\" content=\"image\/png\" \/>\n<meta name=\"author\" content=\"Redacci\u00f3n NA-TX\" \/>\n<meta name=\"twitter:card\" content=\"summary_large_image\" \/>\n<meta name=\"twitter:label1\" content=\"Escrito por\" \/>\n\t<meta name=\"twitter:data1\" content=\"Redacci\u00f3n NA-TX\" \/>\n\t<meta name=\"twitter:label2\" content=\"Tiempo estimado de lectura\" \/>\n\t<meta name=\"twitter:data2\" content=\"2 minutos\" \/>\n<script type=\"application\/ld+json\" class=\"yoast-schema-graph\">{\"@context\":\"https:\/\/schema.org\",\"@graph\":[{\"@type\":\"Article\",\"@id\":\"https:\/\/noti-america.com\/site\/texas\/2019\/01\/25\/papa-francisco-lamenta-crisis-venezolana-desde-panama\/#article\",\"isPartOf\":{\"@id\":\"https:\/\/noti-america.com\/site\/texas\/2019\/01\/25\/papa-francisco-lamenta-crisis-venezolana-desde-panama\/\"},\"author\":{\"name\":\"Redacci\u00f3n NA-TX\",\"@id\":\"https:\/\/noti-america.com\/site\/texas\/#\/schema\/person\/ae305e0187703594d7e273941bdc7f76\"},\"headline\":\"Papa Francisco lamenta crisis venezolana desde Panam\u00e1\",\"datePublished\":\"2019-01-25T12:23:31+00:00\",\"mainEntityOfPage\":{\"@id\":\"https:\/\/noti-america.com\/site\/texas\/2019\/01\/25\/papa-francisco-lamenta-crisis-venezolana-desde-panama\/\"},\"wordCount\":388,\"commentCount\":0,\"publisher\":{\"@id\":\"https:\/\/noti-america.com\/site\/texas\/#organization\"},\"image\":{\"@id\":\"https:\/\/noti-america.com\/site\/texas\/2019\/01\/25\/papa-francisco-lamenta-crisis-venezolana-desde-panama\/#primaryimage\"},\"thumbnailUrl\":\"https:\/\/noti-america.com\/site\/texas\/wp-content\/uploads\/sites\/4\/2019\/01\/Papa-Francisco-lamenta.png\",\"keywords\":[\"Panam\u00e1\",\"papa Francisco\",\"Venezuela\"],\"articleSection\":[\"Uncategorized\"],\"inLanguage\":\"es\",\"potentialAction\":[{\"@type\":\"CommentAction\",\"name\":\"Comment\",\"target\":[\"https:\/\/noti-america.com\/site\/texas\/2019\/01\/25\/papa-francisco-lamenta-crisis-venezolana-desde-panama\/#respond\"]}]},{\"@type\":\"WebPage\",\"@id\":\"https:\/\/noti-america.com\/site\/texas\/2019\/01\/25\/papa-francisco-lamenta-crisis-venezolana-desde-panama\/\",\"url\":\"https:\/\/noti-america.com\/site\/texas\/2019\/01\/25\/papa-francisco-lamenta-crisis-venezolana-desde-panama\/\",\"name\":\"Papa Francisco lamenta crisis venezolana desde Panam\u00e1 - Texas | Noti-America.com\",\"isPartOf\":{\"@id\":\"https:\/\/noti-america.com\/site\/texas\/#website\"},\"primaryImageOfPage\":{\"@id\":\"https:\/\/noti-america.com\/site\/texas\/2019\/01\/25\/papa-francisco-lamenta-crisis-venezolana-desde-panama\/#primaryimage\"},\"image\":{\"@id\":\"https:\/\/noti-america.com\/site\/texas\/2019\/01\/25\/papa-francisco-lamenta-crisis-venezolana-desde-panama\/#primaryimage\"},\"thumbnailUrl\":\"https:\/\/noti-america.com\/site\/texas\/wp-content\/uploads\/sites\/4\/2019\/01\/Papa-Francisco-lamenta.png\",\"datePublished\":\"2019-01-25T12:23:31+00:00\",\"breadcrumb\":{\"@id\":\"https:\/\/noti-america.com\/site\/texas\/2019\/01\/25\/papa-francisco-lamenta-crisis-venezolana-desde-panama\/#breadcrumb\"},\"inLanguage\":\"es\",\"potentialAction\":[{\"@type\":\"ReadAction\",\"target\":[\"https:\/\/noti-america.com\/site\/texas\/2019\/01\/25\/papa-francisco-lamenta-crisis-venezolana-desde-panama\/\"]}]},{\"@type\":\"ImageObject\",\"inLanguage\":\"es\",\"@id\":\"https:\/\/noti-america.com\/site\/texas\/2019\/01\/25\/papa-francisco-lamenta-crisis-venezolana-desde-panama\/#primaryimage\",\"url\":\"https:\/\/noti-america.com\/site\/texas\/wp-content\/uploads\/sites\/4\/2019\/01\/Papa-Francisco-lamenta.png\",\"contentUrl\":\"https:\/\/noti-america.com\/site\/texas\/wp-content\/uploads\/sites\/4\/2019\/01\/Papa-Francisco-lamenta.png\",\"width\":660,\"height\":343},{\"@type\":\"BreadcrumbList\",\"@id\":\"https:\/\/noti-america.com\/site\/texas\/2019\/01\/25\/papa-francisco-lamenta-crisis-venezolana-desde-panama\/#breadcrumb\",\"itemListElement\":[{\"@type\":\"ListItem\",\"position\":1,\"name\":\"Portada\",\"item\":\"https:\/\/noti-america.com\/site\/texas\/\"},{\"@type\":\"ListItem\",\"position\":2,\"name\":\"Papa Francisco lamenta crisis venezolana desde Panam\u00e1\"}]},{\"@type\":\"WebSite\",\"@id\":\"https:\/\/noti-america.com\/site\/texas\/#website\",\"url\":\"https:\/\/noti-america.com\/site\/texas\/\",\"name\":\"Texas | Noti-America.com\",\"description\":\"\",\"publisher\":{\"@id\":\"https:\/\/noti-america.com\/site\/texas\/#organization\"},\"potentialAction\":[{\"@type\":\"SearchAction\",\"target\":{\"@type\":\"EntryPoint\",\"urlTemplate\":\"https:\/\/noti-america.com\/site\/texas\/?s={search_term_string}\"},\"query-input\":{\"@type\":\"PropertyValueSpecification\",\"valueRequired\":true,\"valueName\":\"search_term_string\"}}],\"inLanguage\":\"es\"},{\"@type\":\"Organization\",\"@id\":\"https:\/\/noti-america.com\/site\/texas\/#organization\",\"name\":\"Noti-America LLC | Texas-USA\",\"url\":\"https:\/\/noti-america.com\/site\/texas\/\",\"logo\":{\"@type\":\"ImageObject\",\"inLanguage\":\"es\",\"@id\":\"https:\/\/noti-america.com\/site\/texas\/#\/schema\/logo\/image\/\",\"url\":\"https:\/\/noti-america.com\/site\/us-tx\/wp-content\/uploads\/sites\/4\/2020\/07\/LogoNA-4x3-1.jpg\",\"contentUrl\":\"https:\/\/noti-america.com\/site\/us-tx\/wp-content\/uploads\/sites\/4\/2020\/07\/LogoNA-4x3-1.jpg\",\"width\":1236,\"height\":1080,\"caption\":\"Noti-America LLC | Texas-USA\"},\"image\":{\"@id\":\"https:\/\/noti-america.com\/site\/texas\/#\/schema\/logo\/image\/\"}},{\"@type\":\"Person\",\"@id\":\"https:\/\/noti-america.com\/site\/texas\/#\/schema\/person\/ae305e0187703594d7e273941bdc7f76\",\"name\":\"Redacci\u00f3n NA-TX\",\"image\":{\"@type\":\"ImageObject\",\"inLanguage\":\"es\",\"@id\":\"https:\/\/secure.gravatar.com\/avatar\/1ede8345cc79df032062efa286d5b99b0e4e5bd13e51f7cb031f715a3a43b386?s=96&d=mm&r=g\",\"url\":\"https:\/\/secure.gravatar.com\/avatar\/1ede8345cc79df032062efa286d5b99b0e4e5bd13e51f7cb031f715a3a43b386?s=96&d=mm&r=g\",\"contentUrl\":\"https:\/\/secure.gravatar.com\/avatar\/1ede8345cc79df032062efa286d5b99b0e4e5bd13e51f7cb031f715a3a43b386?s=96&d=mm&r=g\",\"caption\":\"Redacci\u00f3n NA-TX\"},\"url\":\"https:\/\/noti-america.com\/site\/texas\/author\/redacciontx\/\"}]}<\/script>\n<!-- \/ Yoast SEO Premium plugin. -->","yoast_head_json":{"title":"Papa Francisco lamenta crisis venezolana desde Panam\u00e1 - Texas | Noti-America.com","robots":{"index":"index","follow":"follow","max-snippet":"max-snippet:-1","max-image-preview":"max-image-preview:large","max-video-preview":"max-video-preview:-1"},"canonical":"https:\/\/noti-america.com\/site\/texas\/2019\/01\/25\/papa-francisco-lamenta-crisis-venezolana-desde-panama\/","og_locale":"es_ES","og_type":"article","og_title":"Papa Francisco lamenta crisis venezolana desde Panam\u00e1","og_description":"En el marco de la\u00a0Jornada Laboral de la Juventud en Panam\u00e1, el portavoz interino de la sede episcopal en la Ciudad del Vaticano,\u00a0Alessandro Gisotti, anunci\u00f3 que el\u00a0papa Francisco\u00a0lamenta la profunda\u00a0crisis en Venezuela. &nbsp; Papa&#46;&#46;&#46;","og_url":"https:\/\/noti-america.com\/site\/texas\/2019\/01\/25\/papa-francisco-lamenta-crisis-venezolana-desde-panama\/","og_site_name":"Texas | Noti-America.com","article_published_time":"2019-01-25T12:23:31+00:00","og_image":[{"width":660,"height":343,"url":"https:\/\/noti-america.com\/site\/texas\/wp-content\/uploads\/sites\/4\/2019\/01\/Papa-Francisco-lamenta.png","type":"image\/png"}],"author":"Redacci\u00f3n NA-TX","twitter_card":"summary_large_image","twitter_misc":{"Escrito por":"Redacci\u00f3n NA-TX","Tiempo estimado de lectura":"2 minutos"},"schema":{"@context":"https:\/\/schema.org","@graph":[{"@type":"Article","@id":"https:\/\/noti-america.com\/site\/texas\/2019\/01\/25\/papa-francisco-lamenta-crisis-venezolana-desde-panama\/#article","isPartOf":{"@id":"https:\/\/noti-america.com\/site\/texas\/2019\/01\/25\/papa-francisco-lamenta-crisis-venezolana-desde-panama\/"},"author":{"name":"Redacci\u00f3n NA-TX","@id":"https:\/\/noti-america.com\/site\/texas\/#\/schema\/person\/ae305e0187703594d7e273941bdc7f76"},"headline":"Papa Francisco lamenta crisis venezolana desde Panam\u00e1","datePublished":"2019-01-25T12:23:31+00:00","mainEntityOfPage":{"@id":"https:\/\/noti-america.com\/site\/texas\/2019\/01\/25\/papa-francisco-lamenta-crisis-venezolana-desde-panama\/"},"wordCount":388,"commentCount":0,"publisher":{"@id":"https:\/\/noti-america.com\/site\/texas\/#organization"},"image":{"@id":"https:\/\/noti-america.com\/site\/texas\/2019\/01\/25\/papa-francisco-lamenta-crisis-venezolana-desde-panama\/#primaryimage"},"thumbnailUrl":"https:\/\/noti-america.com\/site\/texas\/wp-content\/uploads\/sites\/4\/2019\/01\/Papa-Francisco-lamenta.png","keywords":["Panam\u00e1","papa Francisco","Venezuela"],"articleSection":["Uncategorized"],"inLanguage":"es","potentialAction":[{"@type":"CommentAction","name":"Comment","target":["https:\/\/noti-america.com\/site\/texas\/2019\/01\/25\/papa-francisco-lamenta-crisis-venezolana-desde-panama\/#respond"]}]},{"@type":"WebPage","@id":"https:\/\/noti-america.com\/site\/texas\/2019\/01\/25\/papa-francisco-lamenta-crisis-venezolana-desde-panama\/","url":"https:\/\/noti-america.com\/site\/texas\/2019\/01\/25\/papa-francisco-lamenta-crisis-venezolana-desde-panama\/","name":"Papa Francisco lamenta crisis venezolana desde Panam\u00e1 - Texas | Noti-America.com","isPartOf":{"@id":"https:\/\/noti-america.com\/site\/texas\/#website"},"primaryImageOfPage":{"@id":"https:\/\/noti-america.com\/site\/texas\/2019\/01\/25\/papa-francisco-lamenta-crisis-venezolana-desde-panama\/#primaryimage"},"image":{"@id":"https:\/\/noti-america.com\/site\/texas\/2019\/01\/25\/papa-francisco-lamenta-crisis-venezolana-desde-panama\/#primaryimage"},"thumbnailUrl":"https:\/\/noti-america.com\/site\/texas\/wp-content\/uploads\/sites\/4\/2019\/01\/Papa-Francisco-lamenta.png","datePublished":"2019-01-25T12:23:31+00:00","breadcrumb":{"@id":"https:\/\/noti-america.com\/site\/texas\/2019\/01\/25\/papa-francisco-lamenta-crisis-venezolana-desde-panama\/#breadcrumb"},"inLanguage":"es","potentialAction":[{"@type":"ReadAction","target":["https:\/\/noti-america.com\/site\/texas\/2019\/01\/25\/papa-francisco-lamenta-crisis-venezolana-desde-panama\/"]}]},{"@type":"ImageObject","inLanguage":"es","@id":"https:\/\/noti-america.com\/site\/texas\/2019\/01\/25\/papa-francisco-lamenta-crisis-venezolana-desde-panama\/#primaryimage","url":"https:\/\/noti-america.com\/site\/texas\/wp-content\/uploads\/sites\/4\/2019\/01\/Papa-Francisco-lamenta.png","contentUrl":"https:\/\/noti-america.com\/site\/texas\/wp-content\/uploads\/sites\/4\/2019\/01\/Papa-Francisco-lamenta.png","width":660,"height":343},{"@type":"BreadcrumbList","@id":"https:\/\/noti-america.com\/site\/texas\/2019\/01\/25\/papa-francisco-lamenta-crisis-venezolana-desde-panama\/#breadcrumb","itemListElement":[{"@type":"ListItem","position":1,"name":"Portada","item":"https:\/\/noti-america.com\/site\/texas\/"},{"@type":"ListItem","position":2,"name":"Papa Francisco lamenta crisis venezolana desde Panam\u00e1"}]},{"@type":"WebSite","@id":"https:\/\/noti-america.com\/site\/texas\/#website","url":"https:\/\/noti-america.com\/site\/texas\/","name":"Texas | Noti-America.com","description":"","publisher":{"@id":"https:\/\/noti-america.com\/site\/texas\/#organization"},"potentialAction":[{"@type":"SearchAction","target":{"@type":"EntryPoint","urlTemplate":"https:\/\/noti-america.com\/site\/texas\/?s={search_term_string}"},"query-input":{"@type":"PropertyValueSpecification","valueRequired":true,"valueName":"search_term_string"}}],"inLanguage":"es"},{"@type":"Organization","@id":"https:\/\/noti-america.com\/site\/texas\/#organization","name":"Noti-America LLC | Texas-USA","url":"https:\/\/noti-america.com\/site\/texas\/","logo":{"@type":"ImageObject","inLanguage":"es","@id":"https:\/\/noti-america.com\/site\/texas\/#\/schema\/logo\/image\/","url":"https:\/\/noti-america.com\/site\/us-tx\/wp-content\/uploads\/sites\/4\/2020\/07\/LogoNA-4x3-1.jpg","contentUrl":"https:\/\/noti-america.com\/site\/us-tx\/wp-content\/uploads\/sites\/4\/2020\/07\/LogoNA-4x3-1.jpg","width":1236,"height":1080,"caption":"Noti-America LLC | Texas-USA"},"image":{"@id":"https:\/\/noti-america.com\/site\/texas\/#\/schema\/logo\/image\/"}},{"@type":"Person","@id":"https:\/\/noti-america.com\/site\/texas\/#\/schema\/person\/ae305e0187703594d7e273941bdc7f76","name":"Redacci\u00f3n NA-TX","image":{"@type":"ImageObject","inLanguage":"es","@id":"https:\/\/secure.gravatar.com\/avatar\/1ede8345cc79df032062efa286d5b99b0e4e5bd13e51f7cb031f715a3a43b386?s=96&d=mm&r=g","url":"https:\/\/secure.gravatar.com\/avatar\/1ede8345cc79df032062efa286d5b99b0e4e5bd13e51f7cb031f715a3a43b386?s=96&d=mm&r=g","contentUrl":"https:\/\/secure.gravatar.com\/avatar\/1ede8345cc79df032062efa286d5b99b0e4e5bd13e51f7cb031f715a3a43b386?s=96&d=mm&r=g","caption":"Redacci\u00f3n NA-TX"},"url":"https:\/\/noti-america.com\/site\/texas\/author\/redacciontx\/"}]}},"_links":{"self":[{"href":"https:\/\/noti-america.com\/site\/texas\/wp-json\/wp\/v2\/posts\/11065","targetHints":{"allow":["GET"]}}],"collection":[{"href":"https:\/\/noti-america.com\/site\/texas\/wp-json\/wp\/v2\/posts"}],"about":[{"href":"https:\/\/noti-america.com\/site\/texas\/wp-json\/wp\/v2\/types\/post"}],"author":[{"embeddable":true,"href":"https:\/\/noti-america.com\/site\/texas\/wp-json\/wp\/v2\/users\/30"}],"replies":[{"embeddable":true,"href":"https:\/\/noti-america.com\/site\/texas\/wp-json\/wp\/v2\/comments?post=11065"}],"version-history":[{"count":1,"href":"https:\/\/noti-america.com\/site\/texas\/wp-json\/wp\/v2\/posts\/11065\/revisions"}],"predecessor-version":[{"id":11067,"href":"https:\/\/noti-america.com\/site\/texas\/wp-json\/wp\/v2\/posts\/11065\/revisions\/11067"}],"wp:featuredmedia":[{"embeddable":true,"href":"https:\/\/noti-america.com\/site\/texas\/wp-json\/wp\/v2\/media\/11066"}],"wp:attachment":[{"href":"https:\/\/noti-america.com\/site\/texas\/wp-json\/wp\/v2\/media?parent=11065"}],"wp:term":[{"taxonomy":"category","embeddable":true,"href":"https:\/\/noti-america.com\/site\/texas\/wp-json\/wp\/v2\/categories?post=11065"},{"taxonomy":"post_tag","embeddable":true,"href":"https:\/\/noti-america.com\/site\/texas\/wp-json\/wp\/v2\/tags?post=11065"}],"curies":[{"name":"wp","href":"https:\/\/api.w.org\/{rel}","templated":true}]}}