{"id":9771,"date":"2021-04-15T02:43:10","date_gmt":"2021-04-15T02:43:10","guid":{"rendered":"https:\/\/noti-america.com\/site\/repdom\/2021\/04\/15\/dimite-el-primer-ministro-de-haiti-en-plena-crisis-politica-y-de-seguridad-2\/"},"modified":"2021-04-15T02:43:10","modified_gmt":"2021-04-15T02:43:10","slug":"dimite-el-primer-ministro-de-haiti-en-plena-crisis-politica-y-de-seguridad-2","status":"publish","type":"post","link":"https:\/\/noti-america.com\/site\/repdom\/2021\/04\/15\/dimite-el-primer-ministro-de-haiti-en-plena-crisis-politica-y-de-seguridad-2\/","title":{"rendered":"&#8220;Dimite el primer ministro de Hait\u00ed en plena crisis pol\u00edtica y de seguridad&#8221;"},"content":{"rendered":"<p style=\"text-align: justify\"><strong>NOTI-AMERICA (REPUBLICA DOMINICANA)<\/strong><\/p>\n<p style=\"text-align: justify\"><strong>PUERTO PRINCIPE, HAITI_\u00a0<\/strong>El primer ministro de Hait\u00ed, Joseph Jouthe, present\u00f3 su dimisi\u00f3n este mi\u00e9rcoles, mientras el pa\u00eds caribe\u00f1o atraviesa una grave crisis pol\u00edtica y de seguridad.<\/p>\n<p style=\"text-align: justify\">Jouthe anunci\u00f3 su dimisi\u00f3n en un mensaje difundido de madrugada a trav\u00e9s de Twitter, el presidente Jovenel Moise acept\u00f3 la renuncia por la misma v\u00eda y\u00a0<strong>anunci\u00f3 que el actual canciller, Claude Joseph, asumir\u00e1 el cargo de primer ministro.<\/strong><\/p>\n<p style=\"text-align: justify\">En su mensaje, Jouthe no inform\u00f3 del motivo de la dimisi\u00f3n del cargo, que asumi\u00f3 en marzo de 2020, afirm\u00f3 que ha sido \u00abun honor\u00bb servir a su pa\u00eds y agradeci\u00f3 a los miembros de su Gobierno y \u00aba los socios t\u00e9cnicos y financieros\u00bb por su colaboraci\u00f3n.<\/p>\n<p style=\"text-align: justify\">Pocos momentos despu\u00e9s, el presidente Moise acept\u00f3 la dimisi\u00f3n del gobierno de Jouthe, asegurando que su salida permitir\u00e1 avanzar en el problema de la inseguridad y en la soluci\u00f3n de la crisis pol\u00edtica.<\/p>\n<p style=\"text-align: justify\">\u00ab<strong>La dimisi\u00f3n del Gobierno, que he aceptado, permitir\u00e1 abordar el flagrante problema de la inseguridad y proseguir las conversaciones\u00a0<\/strong>para alcanzar el consenso necesario para la estabilidad pol\u00edtica e institucional de nuestro pa\u00eds. El ministro Claude Joseph es nombrado primer ministro\u00bb, escribi\u00f3 Moise en Twitter.<\/p>\n<p style=\"text-align: justify\">Jouthe fue designado primer ministro el 2 marzo de 2020, pero su nombramiento no fue ratificado por el Parlamento, como ordena la Constituci\u00f3n, ya que el Legislativo se encuentra clausurado desde enero de 2020 por la no celebraci\u00f3n de las elecciones previstas para 2019.<\/p>\n<p style=\"text-align: justify\">Su dimisi\u00f3n sucede en momentos de una grave crisis de seguridad, despu\u00e9s de que el pasado fin de semana fueran secuestrados 12 religiosos, incluidos dos de nacionalidad francesa, en medio de una oleada de raptos perpetrados por bandas armadas.<\/p>\n<p style=\"text-align: justify\">El lunes Jouthe dio una rueda de prensa en la que calific\u00f3 el secuestro como \u00abun terremoto\u00bb que est\u00e1 causando \u00abel derrumbe\u00bb de los cimientos de la sociedad haitiana.<\/p>\n<p style=\"text-align: justify\">El pa\u00eds tambi\u00e9n atraviesa una grave crisis pol\u00edtica, pues la oposici\u00f3n no reconoce la legitimidad del presidente Moise y se niega a participar en la redacci\u00f3n de la nueva Constituci\u00f3n que trata de impulsar el mandatario.<\/p>\n<p style=\"text-align: justify\">Este martes la oficina de la ONU en Hait\u00ed advirti\u00f3 de que el proceso de consultas en torno del borrador de la nueva Constituci\u00f3n no es \u00ablo suficientemente inclusivo, participativo o transparente\u00bb.<\/p>\n<p style=\"text-align: justify\"><strong>Moise prepara de forma paralela la celebraci\u00f3n de elecciones legislativas y presidenciales, que est\u00e1n<\/strong>\u00a0convocadas para el pr\u00f3ximo 19 de septiembre, en las que se elegir\u00e1 al sucesor del actual jefe de Estado.<\/p>\n<p style=\"text-align: justify\">Fuente: listindiario.com<\/p>\n<p style=\"text-align: justify\">Redes Personales:<\/p>\n<p style=\"text-align: left\">@cersocastillo\u00a0 Instagram<\/p>\n<p style=\"text-align: justify\">Cerso Felipe Castillo Carri\u00f3n\u00a0 Facebook<\/p>\n","protected":false},"excerpt":{"rendered":"<p>NOTI-AMERICA (REPUBLICA DOMINICANA) PUERTO PRINCIPE, HAITI_\u00a0El primer ministro de Hait\u00ed, Joseph Jouthe, present\u00f3 su dimisi\u00f3n este mi\u00e9rcoles, mientras el pa\u00eds caribe\u00f1o atraviesa una grave crisis pol\u00edtica y de seguridad. Jouthe anunci\u00f3 su dimisi\u00f3n en&#46;&#46;&#46;<\/p>\n","protected":false},"author":90,"featured_media":9772,"comment_status":"open","ping_status":"open","sticky":false,"template":"","format":"image","meta":{"_acf_changed":false,"rop_custom_images_group":[],"rop_custom_messages_group":[],"rop_publish_now":"initial","rop_publish_now_accounts":[],"rop_publish_now_history":[],"rop_publish_now_status":"pending","footnotes":""},"categories":[4,1],"tags":[],"class_list":["post-9771","post","type-post","status-publish","format-image","has-post-thumbnail","hentry","category-internacionales","category-uncategorized","post_format-post-format-image"],"acf":[],"yoast_head":"<!-- This site is optimized with the Yoast SEO Premium plugin v24.9 (Yoast SEO v27.2) - https:\/\/yoast.com\/product\/yoast-seo-premium-wordpress\/ -->\n<title>&#8220;Dimite el primer ministro de Hait\u00ed en plena crisis pol\u00edtica y de seguridad&#8221; - Rep. Dominicana | Noti-America.com<\/title>\n<meta name=\"robots\" content=\"index, follow, max-snippet:-1, max-image-preview:large, max-video-preview:-1\" \/>\n<link rel=\"canonical\" href=\"https:\/\/noti-america.com\/site\/repdom\/2021\/04\/15\/dimite-el-primer-ministro-de-haiti-en-plena-crisis-politica-y-de-seguridad-2\/\" \/>\n<meta property=\"og:locale\" content=\"es_ES\" \/>\n<meta property=\"og:type\" content=\"article\" \/>\n<meta property=\"og:title\" content=\"&#8220;Dimite el primer ministro de Hait\u00ed en plena crisis pol\u00edtica y de seguridad&#8221;\" \/>\n<meta property=\"og:description\" content=\"NOTI-AMERICA (REPUBLICA DOMINICANA) PUERTO PRINCIPE, HAITI_\u00a0El primer ministro de Hait\u00ed, Joseph Jouthe, present\u00f3 su dimisi\u00f3n este mi\u00e9rcoles, mientras el pa\u00eds caribe\u00f1o atraviesa una grave crisis pol\u00edtica y de seguridad. Jouthe anunci\u00f3 su dimisi\u00f3n en&#046;&#046;&#046;\" \/>\n<meta property=\"og:url\" content=\"https:\/\/noti-america.com\/site\/repdom\/2021\/04\/15\/dimite-el-primer-ministro-de-haiti-en-plena-crisis-politica-y-de-seguridad-2\/\" \/>\n<meta property=\"og:site_name\" content=\"Rep. Dominicana | Noti-America.com\" \/>\n<meta property=\"article:published_time\" content=\"2021-04-15T02:43:10+00:00\" \/>\n<meta property=\"og:image\" content=\"https:\/\/noti-america.com\/site\/repdom\/wp-content\/uploads\/sites\/6\/2021\/04\/sddefault.jpg\" \/>\n\t<meta property=\"og:image:width\" content=\"640\" \/>\n\t<meta property=\"og:image:height\" content=\"480\" \/>\n\t<meta property=\"og:image:type\" content=\"image\/jpeg\" \/>\n<meta name=\"author\" content=\"Cerso Castillo\" \/>\n<meta name=\"twitter:card\" content=\"summary_large_image\" \/>\n<meta name=\"twitter:label1\" content=\"Escrito por\" \/>\n\t<meta name=\"twitter:data1\" content=\"Cerso Castillo\" \/>\n\t<meta name=\"twitter:label2\" content=\"Tiempo estimado de lectura\" \/>\n\t<meta name=\"twitter:data2\" content=\"2 minutos\" \/>\n<script type=\"application\/ld+json\" class=\"yoast-schema-graph\">{\"@context\":\"https:\/\/schema.org\",\"@graph\":[{\"@type\":\"Article\",\"@id\":\"https:\/\/noti-america.com\/site\/repdom\/2021\/04\/15\/dimite-el-primer-ministro-de-haiti-en-plena-crisis-politica-y-de-seguridad-2\/#article\",\"isPartOf\":{\"@id\":\"https:\/\/noti-america.com\/site\/repdom\/2021\/04\/15\/dimite-el-primer-ministro-de-haiti-en-plena-crisis-politica-y-de-seguridad-2\/\"},\"author\":{\"name\":\"Cerso Castillo\",\"@id\":\"https:\/\/noti-america.com\/site\/repdom\/#\/schema\/person\/408e10184d87f571c50942f1d952011d\"},\"headline\":\"&#8220;Dimite el primer ministro de Hait\u00ed en plena crisis pol\u00edtica y de seguridad&#8221;\",\"datePublished\":\"2021-04-15T02:43:10+00:00\",\"mainEntityOfPage\":{\"@id\":\"https:\/\/noti-america.com\/site\/repdom\/2021\/04\/15\/dimite-el-primer-ministro-de-haiti-en-plena-crisis-politica-y-de-seguridad-2\/\"},\"wordCount\":460,\"commentCount\":0,\"publisher\":{\"@id\":\"https:\/\/noti-america.com\/site\/repdom\/#organization\"},\"image\":{\"@id\":\"https:\/\/noti-america.com\/site\/repdom\/2021\/04\/15\/dimite-el-primer-ministro-de-haiti-en-plena-crisis-politica-y-de-seguridad-2\/#primaryimage\"},\"thumbnailUrl\":\"https:\/\/noti-america.com\/site\/repdom\/wp-content\/uploads\/sites\/6\/2021\/04\/sddefault.jpg\",\"articleSection\":[\"Internacionales\",\"Uncategorized\"],\"inLanguage\":\"es\",\"potentialAction\":[{\"@type\":\"CommentAction\",\"name\":\"Comment\",\"target\":[\"https:\/\/noti-america.com\/site\/repdom\/2021\/04\/15\/dimite-el-primer-ministro-de-haiti-en-plena-crisis-politica-y-de-seguridad-2\/#respond\"]}]},{\"@type\":\"WebPage\",\"@id\":\"https:\/\/noti-america.com\/site\/repdom\/2021\/04\/15\/dimite-el-primer-ministro-de-haiti-en-plena-crisis-politica-y-de-seguridad-2\/\",\"url\":\"https:\/\/noti-america.com\/site\/repdom\/2021\/04\/15\/dimite-el-primer-ministro-de-haiti-en-plena-crisis-politica-y-de-seguridad-2\/\",\"name\":\"&#8220;Dimite el primer ministro de Hait\u00ed en plena crisis pol\u00edtica y de seguridad&#8221; - Rep. Dominicana | Noti-America.com\",\"isPartOf\":{\"@id\":\"https:\/\/noti-america.com\/site\/repdom\/#website\"},\"primaryImageOfPage\":{\"@id\":\"https:\/\/noti-america.com\/site\/repdom\/2021\/04\/15\/dimite-el-primer-ministro-de-haiti-en-plena-crisis-politica-y-de-seguridad-2\/#primaryimage\"},\"image\":{\"@id\":\"https:\/\/noti-america.com\/site\/repdom\/2021\/04\/15\/dimite-el-primer-ministro-de-haiti-en-plena-crisis-politica-y-de-seguridad-2\/#primaryimage\"},\"thumbnailUrl\":\"https:\/\/noti-america.com\/site\/repdom\/wp-content\/uploads\/sites\/6\/2021\/04\/sddefault.jpg\",\"datePublished\":\"2021-04-15T02:43:10+00:00\",\"breadcrumb\":{\"@id\":\"https:\/\/noti-america.com\/site\/repdom\/2021\/04\/15\/dimite-el-primer-ministro-de-haiti-en-plena-crisis-politica-y-de-seguridad-2\/#breadcrumb\"},\"inLanguage\":\"es\",\"potentialAction\":[{\"@type\":\"ReadAction\",\"target\":[\"https:\/\/noti-america.com\/site\/repdom\/2021\/04\/15\/dimite-el-primer-ministro-de-haiti-en-plena-crisis-politica-y-de-seguridad-2\/\"]}]},{\"@type\":\"ImageObject\",\"inLanguage\":\"es\",\"@id\":\"https:\/\/noti-america.com\/site\/repdom\/2021\/04\/15\/dimite-el-primer-ministro-de-haiti-en-plena-crisis-politica-y-de-seguridad-2\/#primaryimage\",\"url\":\"https:\/\/noti-america.com\/site\/repdom\/wp-content\/uploads\/sites\/6\/2021\/04\/sddefault.jpg\",\"contentUrl\":\"https:\/\/noti-america.com\/site\/repdom\/wp-content\/uploads\/sites\/6\/2021\/04\/sddefault.jpg\",\"width\":640,\"height\":480},{\"@type\":\"BreadcrumbList\",\"@id\":\"https:\/\/noti-america.com\/site\/repdom\/2021\/04\/15\/dimite-el-primer-ministro-de-haiti-en-plena-crisis-politica-y-de-seguridad-2\/#breadcrumb\",\"itemListElement\":[{\"@type\":\"ListItem\",\"position\":1,\"name\":\"Portada\",\"item\":\"https:\/\/noti-america.com\/site\/repdom\/\"},{\"@type\":\"ListItem\",\"position\":2,\"name\":\"&#8220;Dimite el primer ministro de Hait\u00ed en plena crisis pol\u00edtica y de seguridad&#8221;\"}]},{\"@type\":\"WebSite\",\"@id\":\"https:\/\/noti-america.com\/site\/repdom\/#website\",\"url\":\"https:\/\/noti-america.com\/site\/repdom\/\",\"name\":\"Rep. Dominicana | Noti-America.com\",\"description\":\"\",\"publisher\":{\"@id\":\"https:\/\/noti-america.com\/site\/repdom\/#organization\"},\"potentialAction\":[{\"@type\":\"SearchAction\",\"target\":{\"@type\":\"EntryPoint\",\"urlTemplate\":\"https:\/\/noti-america.com\/site\/repdom\/?s={search_term_string}\"},\"query-input\":{\"@type\":\"PropertyValueSpecification\",\"valueRequired\":true,\"valueName\":\"search_term_string\"}}],\"inLanguage\":\"es\"},{\"@type\":\"Organization\",\"@id\":\"https:\/\/noti-america.com\/site\/repdom\/#organization\",\"name\":\"Noti-America LLC | Rep\u00fablica Dominicana\",\"url\":\"https:\/\/noti-america.com\/site\/repdom\/\",\"logo\":{\"@type\":\"ImageObject\",\"inLanguage\":\"es\",\"@id\":\"https:\/\/noti-america.com\/site\/repdom\/#\/schema\/logo\/image\/\",\"url\":\"https:\/\/noti-america.com\/site\/repdom\/wp-content\/uploads\/sites\/6\/2020\/07\/LogoNA-4x3-1.jpg\",\"contentUrl\":\"https:\/\/noti-america.com\/site\/repdom\/wp-content\/uploads\/sites\/6\/2020\/07\/LogoNA-4x3-1.jpg\",\"width\":1236,\"height\":1080,\"caption\":\"Noti-America LLC | Rep\u00fablica Dominicana\"},\"image\":{\"@id\":\"https:\/\/noti-america.com\/site\/repdom\/#\/schema\/logo\/image\/\"}},{\"@type\":\"Person\",\"@id\":\"https:\/\/noti-america.com\/site\/repdom\/#\/schema\/person\/408e10184d87f571c50942f1d952011d\",\"name\":\"Cerso Castillo\",\"image\":{\"@type\":\"ImageObject\",\"inLanguage\":\"es\",\"@id\":\"https:\/\/secure.gravatar.com\/avatar\/cdbd3acf34ce68a34b34df99954821070986715ab3e264b63c5395bd1ddd529d?s=96&d=mm&r=g\",\"url\":\"https:\/\/secure.gravatar.com\/avatar\/cdbd3acf34ce68a34b34df99954821070986715ab3e264b63c5395bd1ddd529d?s=96&d=mm&r=g\",\"contentUrl\":\"https:\/\/secure.gravatar.com\/avatar\/cdbd3acf34ce68a34b34df99954821070986715ab3e264b63c5395bd1ddd529d?s=96&d=mm&r=g\",\"caption\":\"Cerso Castillo\"},\"description\":\"Comunicador &amp; Periodista, Locutor, Maestro de Ceremonias, Animador, Orador, Dominio Escenico, Productor de Tv &amp; Radio, Lider Consejero de Camp., Mentor Honorifico, Coach Comunicacional, Manejo de Paq. De Office, Dominio del Portugues, manejo del Ingles Intermedio &amp; Productor General del Programa Digital Conexi\u00f3n Sin Limites RD.\",\"sameAs\":[\"https:\/\/www.facebook.com\/conexionsinlimitesrd\/\"],\"url\":\"https:\/\/noti-america.com\/site\/repdom\/author\/ccastillo\/\"}]}<\/script>\n<!-- \/ Yoast SEO Premium plugin. -->","yoast_head_json":{"title":"&#8220;Dimite el primer ministro de Hait\u00ed en plena crisis pol\u00edtica y de seguridad&#8221; - Rep. Dominicana | Noti-America.com","robots":{"index":"index","follow":"follow","max-snippet":"max-snippet:-1","max-image-preview":"max-image-preview:large","max-video-preview":"max-video-preview:-1"},"canonical":"https:\/\/noti-america.com\/site\/repdom\/2021\/04\/15\/dimite-el-primer-ministro-de-haiti-en-plena-crisis-politica-y-de-seguridad-2\/","og_locale":"es_ES","og_type":"article","og_title":"&#8220;Dimite el primer ministro de Hait\u00ed en plena crisis pol\u00edtica y de seguridad&#8221;","og_description":"NOTI-AMERICA (REPUBLICA DOMINICANA) PUERTO PRINCIPE, HAITI_\u00a0El primer ministro de Hait\u00ed, Joseph Jouthe, present\u00f3 su dimisi\u00f3n este mi\u00e9rcoles, mientras el pa\u00eds caribe\u00f1o atraviesa una grave crisis pol\u00edtica y de seguridad. Jouthe anunci\u00f3 su dimisi\u00f3n en&#46;&#46;&#46;","og_url":"https:\/\/noti-america.com\/site\/repdom\/2021\/04\/15\/dimite-el-primer-ministro-de-haiti-en-plena-crisis-politica-y-de-seguridad-2\/","og_site_name":"Rep. Dominicana | Noti-America.com","article_published_time":"2021-04-15T02:43:10+00:00","og_image":[{"width":640,"height":480,"url":"https:\/\/noti-america.com\/site\/repdom\/wp-content\/uploads\/sites\/6\/2021\/04\/sddefault.jpg","type":"image\/jpeg"}],"author":"Cerso Castillo","twitter_card":"summary_large_image","twitter_misc":{"Escrito por":"Cerso Castillo","Tiempo estimado de lectura":"2 minutos"},"schema":{"@context":"https:\/\/schema.org","@graph":[{"@type":"Article","@id":"https:\/\/noti-america.com\/site\/repdom\/2021\/04\/15\/dimite-el-primer-ministro-de-haiti-en-plena-crisis-politica-y-de-seguridad-2\/#article","isPartOf":{"@id":"https:\/\/noti-america.com\/site\/repdom\/2021\/04\/15\/dimite-el-primer-ministro-de-haiti-en-plena-crisis-politica-y-de-seguridad-2\/"},"author":{"name":"Cerso Castillo","@id":"https:\/\/noti-america.com\/site\/repdom\/#\/schema\/person\/408e10184d87f571c50942f1d952011d"},"headline":"&#8220;Dimite el primer ministro de Hait\u00ed en plena crisis pol\u00edtica y de seguridad&#8221;","datePublished":"2021-04-15T02:43:10+00:00","mainEntityOfPage":{"@id":"https:\/\/noti-america.com\/site\/repdom\/2021\/04\/15\/dimite-el-primer-ministro-de-haiti-en-plena-crisis-politica-y-de-seguridad-2\/"},"wordCount":460,"commentCount":0,"publisher":{"@id":"https:\/\/noti-america.com\/site\/repdom\/#organization"},"image":{"@id":"https:\/\/noti-america.com\/site\/repdom\/2021\/04\/15\/dimite-el-primer-ministro-de-haiti-en-plena-crisis-politica-y-de-seguridad-2\/#primaryimage"},"thumbnailUrl":"https:\/\/noti-america.com\/site\/repdom\/wp-content\/uploads\/sites\/6\/2021\/04\/sddefault.jpg","articleSection":["Internacionales","Uncategorized"],"inLanguage":"es","potentialAction":[{"@type":"CommentAction","name":"Comment","target":["https:\/\/noti-america.com\/site\/repdom\/2021\/04\/15\/dimite-el-primer-ministro-de-haiti-en-plena-crisis-politica-y-de-seguridad-2\/#respond"]}]},{"@type":"WebPage","@id":"https:\/\/noti-america.com\/site\/repdom\/2021\/04\/15\/dimite-el-primer-ministro-de-haiti-en-plena-crisis-politica-y-de-seguridad-2\/","url":"https:\/\/noti-america.com\/site\/repdom\/2021\/04\/15\/dimite-el-primer-ministro-de-haiti-en-plena-crisis-politica-y-de-seguridad-2\/","name":"&#8220;Dimite el primer ministro de Hait\u00ed en plena crisis pol\u00edtica y de seguridad&#8221; - Rep. Dominicana | Noti-America.com","isPartOf":{"@id":"https:\/\/noti-america.com\/site\/repdom\/#website"},"primaryImageOfPage":{"@id":"https:\/\/noti-america.com\/site\/repdom\/2021\/04\/15\/dimite-el-primer-ministro-de-haiti-en-plena-crisis-politica-y-de-seguridad-2\/#primaryimage"},"image":{"@id":"https:\/\/noti-america.com\/site\/repdom\/2021\/04\/15\/dimite-el-primer-ministro-de-haiti-en-plena-crisis-politica-y-de-seguridad-2\/#primaryimage"},"thumbnailUrl":"https:\/\/noti-america.com\/site\/repdom\/wp-content\/uploads\/sites\/6\/2021\/04\/sddefault.jpg","datePublished":"2021-04-15T02:43:10+00:00","breadcrumb":{"@id":"https:\/\/noti-america.com\/site\/repdom\/2021\/04\/15\/dimite-el-primer-ministro-de-haiti-en-plena-crisis-politica-y-de-seguridad-2\/#breadcrumb"},"inLanguage":"es","potentialAction":[{"@type":"ReadAction","target":["https:\/\/noti-america.com\/site\/repdom\/2021\/04\/15\/dimite-el-primer-ministro-de-haiti-en-plena-crisis-politica-y-de-seguridad-2\/"]}]},{"@type":"ImageObject","inLanguage":"es","@id":"https:\/\/noti-america.com\/site\/repdom\/2021\/04\/15\/dimite-el-primer-ministro-de-haiti-en-plena-crisis-politica-y-de-seguridad-2\/#primaryimage","url":"https:\/\/noti-america.com\/site\/repdom\/wp-content\/uploads\/sites\/6\/2021\/04\/sddefault.jpg","contentUrl":"https:\/\/noti-america.com\/site\/repdom\/wp-content\/uploads\/sites\/6\/2021\/04\/sddefault.jpg","width":640,"height":480},{"@type":"BreadcrumbList","@id":"https:\/\/noti-america.com\/site\/repdom\/2021\/04\/15\/dimite-el-primer-ministro-de-haiti-en-plena-crisis-politica-y-de-seguridad-2\/#breadcrumb","itemListElement":[{"@type":"ListItem","position":1,"name":"Portada","item":"https:\/\/noti-america.com\/site\/repdom\/"},{"@type":"ListItem","position":2,"name":"&#8220;Dimite el primer ministro de Hait\u00ed en plena crisis pol\u00edtica y de seguridad&#8221;"}]},{"@type":"WebSite","@id":"https:\/\/noti-america.com\/site\/repdom\/#website","url":"https:\/\/noti-america.com\/site\/repdom\/","name":"Rep. Dominicana | Noti-America.com","description":"","publisher":{"@id":"https:\/\/noti-america.com\/site\/repdom\/#organization"},"potentialAction":[{"@type":"SearchAction","target":{"@type":"EntryPoint","urlTemplate":"https:\/\/noti-america.com\/site\/repdom\/?s={search_term_string}"},"query-input":{"@type":"PropertyValueSpecification","valueRequired":true,"valueName":"search_term_string"}}],"inLanguage":"es"},{"@type":"Organization","@id":"https:\/\/noti-america.com\/site\/repdom\/#organization","name":"Noti-America LLC | Rep\u00fablica Dominicana","url":"https:\/\/noti-america.com\/site\/repdom\/","logo":{"@type":"ImageObject","inLanguage":"es","@id":"https:\/\/noti-america.com\/site\/repdom\/#\/schema\/logo\/image\/","url":"https:\/\/noti-america.com\/site\/repdom\/wp-content\/uploads\/sites\/6\/2020\/07\/LogoNA-4x3-1.jpg","contentUrl":"https:\/\/noti-america.com\/site\/repdom\/wp-content\/uploads\/sites\/6\/2020\/07\/LogoNA-4x3-1.jpg","width":1236,"height":1080,"caption":"Noti-America LLC | Rep\u00fablica Dominicana"},"image":{"@id":"https:\/\/noti-america.com\/site\/repdom\/#\/schema\/logo\/image\/"}},{"@type":"Person","@id":"https:\/\/noti-america.com\/site\/repdom\/#\/schema\/person\/408e10184d87f571c50942f1d952011d","name":"Cerso Castillo","image":{"@type":"ImageObject","inLanguage":"es","@id":"https:\/\/secure.gravatar.com\/avatar\/cdbd3acf34ce68a34b34df99954821070986715ab3e264b63c5395bd1ddd529d?s=96&d=mm&r=g","url":"https:\/\/secure.gravatar.com\/avatar\/cdbd3acf34ce68a34b34df99954821070986715ab3e264b63c5395bd1ddd529d?s=96&d=mm&r=g","contentUrl":"https:\/\/secure.gravatar.com\/avatar\/cdbd3acf34ce68a34b34df99954821070986715ab3e264b63c5395bd1ddd529d?s=96&d=mm&r=g","caption":"Cerso Castillo"},"description":"Comunicador &amp; Periodista, Locutor, Maestro de Ceremonias, Animador, Orador, Dominio Escenico, Productor de Tv &amp; Radio, Lider Consejero de Camp., Mentor Honorifico, Coach Comunicacional, Manejo de Paq. De Office, Dominio del Portugues, manejo del Ingles Intermedio &amp; Productor General del Programa Digital Conexi\u00f3n Sin Limites RD.","sameAs":["https:\/\/www.facebook.com\/conexionsinlimitesrd\/"],"url":"https:\/\/noti-america.com\/site\/repdom\/author\/ccastillo\/"}]}},"_links":{"self":[{"href":"https:\/\/noti-america.com\/site\/repdom\/wp-json\/wp\/v2\/posts\/9771","targetHints":{"allow":["GET"]}}],"collection":[{"href":"https:\/\/noti-america.com\/site\/repdom\/wp-json\/wp\/v2\/posts"}],"about":[{"href":"https:\/\/noti-america.com\/site\/repdom\/wp-json\/wp\/v2\/types\/post"}],"author":[{"embeddable":true,"href":"https:\/\/noti-america.com\/site\/repdom\/wp-json\/wp\/v2\/users\/90"}],"replies":[{"embeddable":true,"href":"https:\/\/noti-america.com\/site\/repdom\/wp-json\/wp\/v2\/comments?post=9771"}],"version-history":[{"count":0,"href":"https:\/\/noti-america.com\/site\/repdom\/wp-json\/wp\/v2\/posts\/9771\/revisions"}],"wp:featuredmedia":[{"embeddable":true,"href":"https:\/\/noti-america.com\/site\/repdom\/wp-json\/wp\/v2\/media\/9772"}],"wp:attachment":[{"href":"https:\/\/noti-america.com\/site\/repdom\/wp-json\/wp\/v2\/media?parent=9771"}],"wp:term":[{"taxonomy":"category","embeddable":true,"href":"https:\/\/noti-america.com\/site\/repdom\/wp-json\/wp\/v2\/categories?post=9771"},{"taxonomy":"post_tag","embeddable":true,"href":"https:\/\/noti-america.com\/site\/repdom\/wp-json\/wp\/v2\/tags?post=9771"}],"curies":[{"name":"wp","href":"https:\/\/api.w.org\/{rel}","templated":true}]}}