{"id":9669,"date":"2021-04-09T18:26:16","date_gmt":"2021-04-09T18:26:16","guid":{"rendered":"https:\/\/noti-america.com\/site\/repdom\/2021\/04\/09\/reforma-policial-rd-2\/"},"modified":"2021-04-09T18:26:16","modified_gmt":"2021-04-09T18:26:16","slug":"reforma-policial-rd-2","status":"publish","type":"post","link":"https:\/\/noti-america.com\/site\/repdom\/2021\/04\/09\/reforma-policial-rd-2\/","title":{"rendered":"REFORMA POLICIAL RD"},"content":{"rendered":"<p style=\"text-align: justify\"><strong>NOTI &#8211; AM\u00c9RICA (REP\u00daBLICA DOMINICANA)<\/strong><\/p>\n<p style=\"text-align: justify\">Las cosas en Rep\u00fablica Dominicana est\u00e1n picante, debido a unos cuantos abusos que se han ido cometiendo de parte de la Polic\u00eda Nacional hac\u00eda los ciudadanos que en su defecto deber\u00edan de ser cuidados por los mismos ya que es el primer mandamiento de dicha instituci\u00f3n.<\/p>\n<p style=\"text-align: justify\">Esto viene aconteciendo ya hace varios a\u00f1os pero los gobiernos de turno se han hecho de la vista gorda y no han sido duros con este tema el cual es muy importante por que se est\u00e1 hablando de la seguridad ciudadana.<\/p>\n<p style=\"text-align: justify\">S\u00ed o S\u00ed se necesita una reforma para ajustar unos cuantos puntos dentro del organismo policial para que se restablezca y vuelvan al punto de origen por que el control se les ha ido de las manos ya que\u00a0 hay muchos uniformados de todos los rangos que est\u00e1n en caminos negativos por ende manchan el nombre de la instituci\u00f3n.<\/p>\n<p style=\"text-align: justify\">\u00bfHay que desmantelar el organismo?<\/p>\n<p style=\"text-align: justify\">\u00bfHay que educar a los uniformados?<\/p>\n<p style=\"text-align: justify\">\u00bfLos altos mandos deben de reformar sus estrategias de trabajo para con la ciudadan\u00eda?<\/p>\n<p style=\"text-align: justify\">\u00bfLa poblaci\u00f3n debe de respetar a los uniformados?<\/p>\n<p style=\"text-align: justify\">\u00bfEl consejo debe de ser mas dr\u00e1stico con aquellos que manchen el nombre de la instituci\u00f3n?<\/p>\n<p style=\"text-align: justify\">\u00bfMano dura con la delincuencia?<\/p>\n<p style=\"text-align: justify\">\u00bfHay que poner civiles a dirigir el organismo?<\/p>\n<p style=\"text-align: justify\">Estas y otras preguntas son las que nos hacemos los ciudadanos. Vamos a procurar controlar y buscar soluciones inmediatas a este problema social.<\/p>\n<p style=\"text-align: justify\">\u00abEl gobierno de turno tiene un gran desaf\u00edo con dicho organismo\u00bb.<\/p>\n<p style=\"text-align: justify\">Fuente: @conexionsinlimitesrd<\/p>\n<p style=\"text-align: justify\">Facebook: Felipe Cerso Castillo Carri\u00f3n<\/p>\n<p style=\"text-align: justify\">Instagram: @felipecersocastillo<\/p>\n<p style=\"text-align: justify\">Twitter: @felipecersoc<\/p>\n<p style=\"text-align: justify\">\n","protected":false},"excerpt":{"rendered":"<p>NOTI &#8211; AM\u00c9RICA (REP\u00daBLICA DOMINICANA) Las cosas en Rep\u00fablica Dominicana est\u00e1n picante, debido a unos cuantos abusos que se han ido cometiendo de parte de la Polic\u00eda Nacional hac\u00eda los ciudadanos que en su&#46;&#46;&#46;<\/p>\n","protected":false},"author":94,"featured_media":9670,"comment_status":"open","ping_status":"open","sticky":false,"template":"","format":"gallery","meta":{"_acf_changed":false,"rop_custom_images_group":[],"rop_custom_messages_group":[],"rop_publish_now":"initial","rop_publish_now_accounts":[],"rop_publish_now_history":[],"rop_publish_now_status":"pending","footnotes":""},"categories":[12],"tags":[],"class_list":["post-9669","post","type-post","status-publish","format-gallery","has-post-thumbnail","hentry","category-opinion","post_format-post-format-gallery"],"acf":[],"yoast_head":"<!-- This site is optimized with the Yoast SEO Premium plugin v24.9 (Yoast SEO v27.2) - https:\/\/yoast.com\/product\/yoast-seo-premium-wordpress\/ -->\n<title>REFORMA POLICIAL RD - Rep. Dominicana | Noti-America.com<\/title>\n<meta name=\"robots\" content=\"index, follow, max-snippet:-1, max-image-preview:large, max-video-preview:-1\" \/>\n<link rel=\"canonical\" href=\"https:\/\/noti-america.com\/site\/repdom\/2021\/04\/09\/reforma-policial-rd-2\/\" \/>\n<meta property=\"og:locale\" content=\"es_ES\" \/>\n<meta property=\"og:type\" content=\"article\" \/>\n<meta property=\"og:title\" content=\"REFORMA POLICIAL RD\" \/>\n<meta property=\"og:description\" content=\"NOTI &#8211; AM\u00c9RICA (REP\u00daBLICA DOMINICANA) Las cosas en Rep\u00fablica Dominicana est\u00e1n picante, debido a unos cuantos abusos que se han ido cometiendo de parte de la Polic\u00eda Nacional hac\u00eda los ciudadanos que en su&#046;&#046;&#046;\" \/>\n<meta property=\"og:url\" content=\"https:\/\/noti-america.com\/site\/repdom\/2021\/04\/09\/reforma-policial-rd-2\/\" \/>\n<meta property=\"og:site_name\" content=\"Rep. Dominicana | Noti-America.com\" \/>\n<meta property=\"article:published_time\" content=\"2021-04-09T18:26:16+00:00\" \/>\n<meta property=\"og:image\" content=\"https:\/\/noti-america.com\/site\/repdom\/wp-content\/uploads\/sites\/6\/2021\/04\/dd5516ad-principal-juramentacion-de-comicion-de-reforma-policial-kmota-9-606d03aa2d102.jpg\" \/>\n\t<meta property=\"og:image:width\" content=\"1000\" \/>\n\t<meta property=\"og:image:height\" content=\"600\" \/>\n\t<meta property=\"og:image:type\" content=\"image\/jpeg\" \/>\n<meta name=\"author\" content=\"Felipe Castillo\" \/>\n<meta name=\"twitter:card\" content=\"summary_large_image\" \/>\n<meta name=\"twitter:creator\" content=\"@felipecersoc\" \/>\n<meta name=\"twitter:label1\" content=\"Escrito por\" \/>\n\t<meta name=\"twitter:data1\" content=\"Felipe Castillo\" \/>\n\t<meta name=\"twitter:label2\" content=\"Tiempo estimado de lectura\" \/>\n\t<meta name=\"twitter:data2\" content=\"1 minuto\" \/>\n<script type=\"application\/ld+json\" class=\"yoast-schema-graph\">{\"@context\":\"https:\/\/schema.org\",\"@graph\":[{\"@type\":\"Article\",\"@id\":\"https:\/\/noti-america.com\/site\/repdom\/2021\/04\/09\/reforma-policial-rd-2\/#article\",\"isPartOf\":{\"@id\":\"https:\/\/noti-america.com\/site\/repdom\/2021\/04\/09\/reforma-policial-rd-2\/\"},\"author\":{\"name\":\"Felipe Castillo\",\"@id\":\"https:\/\/noti-america.com\/site\/repdom\/#\/schema\/person\/5771742f15e3fe0e4f35a8db2d4c93b9\"},\"headline\":\"REFORMA POLICIAL RD\",\"datePublished\":\"2021-04-09T18:26:16+00:00\",\"mainEntityOfPage\":{\"@id\":\"https:\/\/noti-america.com\/site\/repdom\/2021\/04\/09\/reforma-policial-rd-2\/\"},\"wordCount\":278,\"commentCount\":0,\"publisher\":{\"@id\":\"https:\/\/noti-america.com\/site\/repdom\/#organization\"},\"image\":{\"@id\":\"https:\/\/noti-america.com\/site\/repdom\/2021\/04\/09\/reforma-policial-rd-2\/#primaryimage\"},\"thumbnailUrl\":\"https:\/\/noti-america.com\/site\/repdom\/wp-content\/uploads\/sites\/6\/2021\/04\/dd5516ad-principal-juramentacion-de-comicion-de-reforma-policial-kmota-9-606d03aa2d102.jpg\",\"articleSection\":[\"Opini\u00f3n\"],\"inLanguage\":\"es\",\"potentialAction\":[{\"@type\":\"CommentAction\",\"name\":\"Comment\",\"target\":[\"https:\/\/noti-america.com\/site\/repdom\/2021\/04\/09\/reforma-policial-rd-2\/#respond\"]}]},{\"@type\":\"WebPage\",\"@id\":\"https:\/\/noti-america.com\/site\/repdom\/2021\/04\/09\/reforma-policial-rd-2\/\",\"url\":\"https:\/\/noti-america.com\/site\/repdom\/2021\/04\/09\/reforma-policial-rd-2\/\",\"name\":\"REFORMA POLICIAL RD - Rep. Dominicana | Noti-America.com\",\"isPartOf\":{\"@id\":\"https:\/\/noti-america.com\/site\/repdom\/#website\"},\"primaryImageOfPage\":{\"@id\":\"https:\/\/noti-america.com\/site\/repdom\/2021\/04\/09\/reforma-policial-rd-2\/#primaryimage\"},\"image\":{\"@id\":\"https:\/\/noti-america.com\/site\/repdom\/2021\/04\/09\/reforma-policial-rd-2\/#primaryimage\"},\"thumbnailUrl\":\"https:\/\/noti-america.com\/site\/repdom\/wp-content\/uploads\/sites\/6\/2021\/04\/dd5516ad-principal-juramentacion-de-comicion-de-reforma-policial-kmota-9-606d03aa2d102.jpg\",\"datePublished\":\"2021-04-09T18:26:16+00:00\",\"breadcrumb\":{\"@id\":\"https:\/\/noti-america.com\/site\/repdom\/2021\/04\/09\/reforma-policial-rd-2\/#breadcrumb\"},\"inLanguage\":\"es\",\"potentialAction\":[{\"@type\":\"ReadAction\",\"target\":[\"https:\/\/noti-america.com\/site\/repdom\/2021\/04\/09\/reforma-policial-rd-2\/\"]}]},{\"@type\":\"ImageObject\",\"inLanguage\":\"es\",\"@id\":\"https:\/\/noti-america.com\/site\/repdom\/2021\/04\/09\/reforma-policial-rd-2\/#primaryimage\",\"url\":\"https:\/\/noti-america.com\/site\/repdom\/wp-content\/uploads\/sites\/6\/2021\/04\/dd5516ad-principal-juramentacion-de-comicion-de-reforma-policial-kmota-9-606d03aa2d102.jpg\",\"contentUrl\":\"https:\/\/noti-america.com\/site\/repdom\/wp-content\/uploads\/sites\/6\/2021\/04\/dd5516ad-principal-juramentacion-de-comicion-de-reforma-policial-kmota-9-606d03aa2d102.jpg\",\"width\":1000,\"height\":600},{\"@type\":\"BreadcrumbList\",\"@id\":\"https:\/\/noti-america.com\/site\/repdom\/2021\/04\/09\/reforma-policial-rd-2\/#breadcrumb\",\"itemListElement\":[{\"@type\":\"ListItem\",\"position\":1,\"name\":\"Portada\",\"item\":\"https:\/\/noti-america.com\/site\/repdom\/\"},{\"@type\":\"ListItem\",\"position\":2,\"name\":\"REFORMA POLICIAL RD\"}]},{\"@type\":\"WebSite\",\"@id\":\"https:\/\/noti-america.com\/site\/repdom\/#website\",\"url\":\"https:\/\/noti-america.com\/site\/repdom\/\",\"name\":\"Rep. Dominicana | Noti-America.com\",\"description\":\"\",\"publisher\":{\"@id\":\"https:\/\/noti-america.com\/site\/repdom\/#organization\"},\"potentialAction\":[{\"@type\":\"SearchAction\",\"target\":{\"@type\":\"EntryPoint\",\"urlTemplate\":\"https:\/\/noti-america.com\/site\/repdom\/?s={search_term_string}\"},\"query-input\":{\"@type\":\"PropertyValueSpecification\",\"valueRequired\":true,\"valueName\":\"search_term_string\"}}],\"inLanguage\":\"es\"},{\"@type\":\"Organization\",\"@id\":\"https:\/\/noti-america.com\/site\/repdom\/#organization\",\"name\":\"Noti-America LLC | Rep\u00fablica Dominicana\",\"url\":\"https:\/\/noti-america.com\/site\/repdom\/\",\"logo\":{\"@type\":\"ImageObject\",\"inLanguage\":\"es\",\"@id\":\"https:\/\/noti-america.com\/site\/repdom\/#\/schema\/logo\/image\/\",\"url\":\"https:\/\/noti-america.com\/site\/repdom\/wp-content\/uploads\/sites\/6\/2020\/07\/LogoNA-4x3-1.jpg\",\"contentUrl\":\"https:\/\/noti-america.com\/site\/repdom\/wp-content\/uploads\/sites\/6\/2020\/07\/LogoNA-4x3-1.jpg\",\"width\":1236,\"height\":1080,\"caption\":\"Noti-America LLC | Rep\u00fablica Dominicana\"},\"image\":{\"@id\":\"https:\/\/noti-america.com\/site\/repdom\/#\/schema\/logo\/image\/\"}},{\"@type\":\"Person\",\"@id\":\"https:\/\/noti-america.com\/site\/repdom\/#\/schema\/person\/5771742f15e3fe0e4f35a8db2d4c93b9\",\"name\":\"Felipe Castillo\",\"image\":{\"@type\":\"ImageObject\",\"inLanguage\":\"es\",\"@id\":\"https:\/\/secure.gravatar.com\/avatar\/2f897233f9dfdbc119eb070afcf1c07aea6ab7f9313d4b966cb42d24ea8b52e6?s=96&d=mm&r=g\",\"url\":\"https:\/\/secure.gravatar.com\/avatar\/2f897233f9dfdbc119eb070afcf1c07aea6ab7f9313d4b966cb42d24ea8b52e6?s=96&d=mm&r=g\",\"contentUrl\":\"https:\/\/secure.gravatar.com\/avatar\/2f897233f9dfdbc119eb070afcf1c07aea6ab7f9313d4b966cb42d24ea8b52e6?s=96&d=mm&r=g\",\"caption\":\"Felipe Castillo\"},\"description\":\"Locutor, Maestro de Ceremonias, Animador, Orador, Coach Comunicacional, Mentor Honorifico, Manejo del Idioma Portugues, Manejo de Paquete de Office, Control Master, Manejo del Idioma English Intermedio, Comunicador, Lider - Consejero de Campamentos, Productor de Contenido del Proyecto Comunicacional \\\"Conexi\u00f3n Sin Limites RD\\\"\",\"sameAs\":[\"https:\/\/x.com\/felipecersoc\"],\"url\":\"https:\/\/noti-america.com\/site\/repdom\/author\/fcastillo\/\"}]}<\/script>\n<!-- \/ Yoast SEO Premium plugin. -->","yoast_head_json":{"title":"REFORMA POLICIAL RD - Rep. Dominicana | Noti-America.com","robots":{"index":"index","follow":"follow","max-snippet":"max-snippet:-1","max-image-preview":"max-image-preview:large","max-video-preview":"max-video-preview:-1"},"canonical":"https:\/\/noti-america.com\/site\/repdom\/2021\/04\/09\/reforma-policial-rd-2\/","og_locale":"es_ES","og_type":"article","og_title":"REFORMA POLICIAL RD","og_description":"NOTI &#8211; AM\u00c9RICA (REP\u00daBLICA DOMINICANA) Las cosas en Rep\u00fablica Dominicana est\u00e1n picante, debido a unos cuantos abusos que se han ido cometiendo de parte de la Polic\u00eda Nacional hac\u00eda los ciudadanos que en su&#46;&#46;&#46;","og_url":"https:\/\/noti-america.com\/site\/repdom\/2021\/04\/09\/reforma-policial-rd-2\/","og_site_name":"Rep. Dominicana | Noti-America.com","article_published_time":"2021-04-09T18:26:16+00:00","og_image":[{"width":1000,"height":600,"url":"https:\/\/noti-america.com\/site\/repdom\/wp-content\/uploads\/sites\/6\/2021\/04\/dd5516ad-principal-juramentacion-de-comicion-de-reforma-policial-kmota-9-606d03aa2d102.jpg","type":"image\/jpeg"}],"author":"Felipe Castillo","twitter_card":"summary_large_image","twitter_creator":"@felipecersoc","twitter_misc":{"Escrito por":"Felipe Castillo","Tiempo estimado de lectura":"1 minuto"},"schema":{"@context":"https:\/\/schema.org","@graph":[{"@type":"Article","@id":"https:\/\/noti-america.com\/site\/repdom\/2021\/04\/09\/reforma-policial-rd-2\/#article","isPartOf":{"@id":"https:\/\/noti-america.com\/site\/repdom\/2021\/04\/09\/reforma-policial-rd-2\/"},"author":{"name":"Felipe Castillo","@id":"https:\/\/noti-america.com\/site\/repdom\/#\/schema\/person\/5771742f15e3fe0e4f35a8db2d4c93b9"},"headline":"REFORMA POLICIAL RD","datePublished":"2021-04-09T18:26:16+00:00","mainEntityOfPage":{"@id":"https:\/\/noti-america.com\/site\/repdom\/2021\/04\/09\/reforma-policial-rd-2\/"},"wordCount":278,"commentCount":0,"publisher":{"@id":"https:\/\/noti-america.com\/site\/repdom\/#organization"},"image":{"@id":"https:\/\/noti-america.com\/site\/repdom\/2021\/04\/09\/reforma-policial-rd-2\/#primaryimage"},"thumbnailUrl":"https:\/\/noti-america.com\/site\/repdom\/wp-content\/uploads\/sites\/6\/2021\/04\/dd5516ad-principal-juramentacion-de-comicion-de-reforma-policial-kmota-9-606d03aa2d102.jpg","articleSection":["Opini\u00f3n"],"inLanguage":"es","potentialAction":[{"@type":"CommentAction","name":"Comment","target":["https:\/\/noti-america.com\/site\/repdom\/2021\/04\/09\/reforma-policial-rd-2\/#respond"]}]},{"@type":"WebPage","@id":"https:\/\/noti-america.com\/site\/repdom\/2021\/04\/09\/reforma-policial-rd-2\/","url":"https:\/\/noti-america.com\/site\/repdom\/2021\/04\/09\/reforma-policial-rd-2\/","name":"REFORMA POLICIAL RD - Rep. Dominicana | Noti-America.com","isPartOf":{"@id":"https:\/\/noti-america.com\/site\/repdom\/#website"},"primaryImageOfPage":{"@id":"https:\/\/noti-america.com\/site\/repdom\/2021\/04\/09\/reforma-policial-rd-2\/#primaryimage"},"image":{"@id":"https:\/\/noti-america.com\/site\/repdom\/2021\/04\/09\/reforma-policial-rd-2\/#primaryimage"},"thumbnailUrl":"https:\/\/noti-america.com\/site\/repdom\/wp-content\/uploads\/sites\/6\/2021\/04\/dd5516ad-principal-juramentacion-de-comicion-de-reforma-policial-kmota-9-606d03aa2d102.jpg","datePublished":"2021-04-09T18:26:16+00:00","breadcrumb":{"@id":"https:\/\/noti-america.com\/site\/repdom\/2021\/04\/09\/reforma-policial-rd-2\/#breadcrumb"},"inLanguage":"es","potentialAction":[{"@type":"ReadAction","target":["https:\/\/noti-america.com\/site\/repdom\/2021\/04\/09\/reforma-policial-rd-2\/"]}]},{"@type":"ImageObject","inLanguage":"es","@id":"https:\/\/noti-america.com\/site\/repdom\/2021\/04\/09\/reforma-policial-rd-2\/#primaryimage","url":"https:\/\/noti-america.com\/site\/repdom\/wp-content\/uploads\/sites\/6\/2021\/04\/dd5516ad-principal-juramentacion-de-comicion-de-reforma-policial-kmota-9-606d03aa2d102.jpg","contentUrl":"https:\/\/noti-america.com\/site\/repdom\/wp-content\/uploads\/sites\/6\/2021\/04\/dd5516ad-principal-juramentacion-de-comicion-de-reforma-policial-kmota-9-606d03aa2d102.jpg","width":1000,"height":600},{"@type":"BreadcrumbList","@id":"https:\/\/noti-america.com\/site\/repdom\/2021\/04\/09\/reforma-policial-rd-2\/#breadcrumb","itemListElement":[{"@type":"ListItem","position":1,"name":"Portada","item":"https:\/\/noti-america.com\/site\/repdom\/"},{"@type":"ListItem","position":2,"name":"REFORMA POLICIAL RD"}]},{"@type":"WebSite","@id":"https:\/\/noti-america.com\/site\/repdom\/#website","url":"https:\/\/noti-america.com\/site\/repdom\/","name":"Rep. Dominicana | Noti-America.com","description":"","publisher":{"@id":"https:\/\/noti-america.com\/site\/repdom\/#organization"},"potentialAction":[{"@type":"SearchAction","target":{"@type":"EntryPoint","urlTemplate":"https:\/\/noti-america.com\/site\/repdom\/?s={search_term_string}"},"query-input":{"@type":"PropertyValueSpecification","valueRequired":true,"valueName":"search_term_string"}}],"inLanguage":"es"},{"@type":"Organization","@id":"https:\/\/noti-america.com\/site\/repdom\/#organization","name":"Noti-America LLC | Rep\u00fablica Dominicana","url":"https:\/\/noti-america.com\/site\/repdom\/","logo":{"@type":"ImageObject","inLanguage":"es","@id":"https:\/\/noti-america.com\/site\/repdom\/#\/schema\/logo\/image\/","url":"https:\/\/noti-america.com\/site\/repdom\/wp-content\/uploads\/sites\/6\/2020\/07\/LogoNA-4x3-1.jpg","contentUrl":"https:\/\/noti-america.com\/site\/repdom\/wp-content\/uploads\/sites\/6\/2020\/07\/LogoNA-4x3-1.jpg","width":1236,"height":1080,"caption":"Noti-America LLC | Rep\u00fablica Dominicana"},"image":{"@id":"https:\/\/noti-america.com\/site\/repdom\/#\/schema\/logo\/image\/"}},{"@type":"Person","@id":"https:\/\/noti-america.com\/site\/repdom\/#\/schema\/person\/5771742f15e3fe0e4f35a8db2d4c93b9","name":"Felipe Castillo","image":{"@type":"ImageObject","inLanguage":"es","@id":"https:\/\/secure.gravatar.com\/avatar\/2f897233f9dfdbc119eb070afcf1c07aea6ab7f9313d4b966cb42d24ea8b52e6?s=96&d=mm&r=g","url":"https:\/\/secure.gravatar.com\/avatar\/2f897233f9dfdbc119eb070afcf1c07aea6ab7f9313d4b966cb42d24ea8b52e6?s=96&d=mm&r=g","contentUrl":"https:\/\/secure.gravatar.com\/avatar\/2f897233f9dfdbc119eb070afcf1c07aea6ab7f9313d4b966cb42d24ea8b52e6?s=96&d=mm&r=g","caption":"Felipe Castillo"},"description":"Locutor, Maestro de Ceremonias, Animador, Orador, Coach Comunicacional, Mentor Honorifico, Manejo del Idioma Portugues, Manejo de Paquete de Office, Control Master, Manejo del Idioma English Intermedio, Comunicador, Lider - Consejero de Campamentos, Productor de Contenido del Proyecto Comunicacional \"Conexi\u00f3n Sin Limites RD\"","sameAs":["https:\/\/x.com\/felipecersoc"],"url":"https:\/\/noti-america.com\/site\/repdom\/author\/fcastillo\/"}]}},"_links":{"self":[{"href":"https:\/\/noti-america.com\/site\/repdom\/wp-json\/wp\/v2\/posts\/9669","targetHints":{"allow":["GET"]}}],"collection":[{"href":"https:\/\/noti-america.com\/site\/repdom\/wp-json\/wp\/v2\/posts"}],"about":[{"href":"https:\/\/noti-america.com\/site\/repdom\/wp-json\/wp\/v2\/types\/post"}],"author":[{"embeddable":true,"href":"https:\/\/noti-america.com\/site\/repdom\/wp-json\/wp\/v2\/users\/94"}],"replies":[{"embeddable":true,"href":"https:\/\/noti-america.com\/site\/repdom\/wp-json\/wp\/v2\/comments?post=9669"}],"version-history":[{"count":0,"href":"https:\/\/noti-america.com\/site\/repdom\/wp-json\/wp\/v2\/posts\/9669\/revisions"}],"wp:featuredmedia":[{"embeddable":true,"href":"https:\/\/noti-america.com\/site\/repdom\/wp-json\/wp\/v2\/media\/9670"}],"wp:attachment":[{"href":"https:\/\/noti-america.com\/site\/repdom\/wp-json\/wp\/v2\/media?parent=9669"}],"wp:term":[{"taxonomy":"category","embeddable":true,"href":"https:\/\/noti-america.com\/site\/repdom\/wp-json\/wp\/v2\/categories?post=9669"},{"taxonomy":"post_tag","embeddable":true,"href":"https:\/\/noti-america.com\/site\/repdom\/wp-json\/wp\/v2\/tags?post=9669"}],"curies":[{"name":"wp","href":"https:\/\/api.w.org\/{rel}","templated":true}]}}