{"id":9655,"date":"2021-04-09T13:04:36","date_gmt":"2021-04-09T13:04:36","guid":{"rendered":"https:\/\/noti-america.com\/site\/repdom\/?p=9655"},"modified":"2021-04-09T13:04:36","modified_gmt":"2021-04-09T13:04:36","slug":"adriano-espaillat-visita-al-senador-carlos-gomez-socializan-planes-en-beneficio-de-la-diaspora-de-rd-en-eeuu","status":"publish","type":"post","link":"https:\/\/noti-america.com\/site\/repdom\/2021\/04\/09\/adriano-espaillat-visita-al-senador-carlos-gomez-socializan-planes-en-beneficio-de-la-diaspora-de-rd-en-eeuu\/","title":{"rendered":"Adriano Espaillat visita al senador Carlos G\u00f3mez; socializan planes en beneficio de la di\u00e1spora de RD en EEUU"},"content":{"rendered":"<p style=\"text-align: justify\">SANTO DOMINGO &#8211; El congresista Adriano Espaillat (NY-13), y el senador por la provincia Espaillat, Carlos G\u00f3mez, sostuvieron una importante reuni\u00f3n donde se tocaron diversos temas, en busca de coordinar una visita a la ciudad de Nueva York, a fin de mes, con el objetivo de tener un acercamiento con la comunidad dominicana, y contribuir para buscar soluciones a las principales problem\u00e1ticas de la di\u00e1spora.<\/p>\n<p style=\"text-align: justify\">En la reuni\u00f3n se coordin\u00f3 la visita a la ciudad de Nueva York, el presidente de la Comisi\u00f3n, Carlos G\u00f3mez, en la que podr\u00e1n crear o modificar algunas leyes en favor de la colectividad dominicana.<\/p>\n<p style=\"text-align: justify\">\u201cEstamos invitando a la fuerza viva de la comunidad dominicana en Nueva York, a que participe en este encuentro; deseamos escuchar las diferentes problem\u00e1ticas y ver como nosotros a trav\u00e9s del congreso dominicano, podamos crear o modificar algunas leyes en beneficio de la comunidad dominicana, yo s\u00e9 la soledad que sienten los dominicanos fuera de su pa\u00eds, porque lo viv\u00ed\u201d, se\u00f1al\u00f3 G\u00f3mez en una nota de prensa.<\/p>\n<p style=\"text-align: justify\">Asimismo, G\u00f3mez extern\u00f3 su inter\u00e9s en abrir canales de cooperaci\u00f3n que ayuden a mitigar la pandemia del COVID-19 en la Rep\u00fablica Dominicana. \u201cTengo entendido que hay cooperaci\u00f3n internacional entre Estados Unidos y varios pa\u00edses. Esta naci\u00f3n est\u00e1 donando vacunas, ser\u00eda importante ver c\u00f3mo nosotros podemos acceder a esas ayudas\u201d, agreg\u00f3 el senador.<\/p>\n<p style=\"text-align: justify\">De la misma forma, el representante dem\u00f3crata, Adriano Espaillat, revel\u00f3 que su gesti\u00f3n ha encaminado un plan con la di\u00e1spora dominicana residente en la naci\u00f3n que representa, el cual tiene el prop\u00f3sito de elaborar una serie de demandas al gobierno dominicano.<\/p>\n<p style=\"text-align: justify\">\u201cCreo que la di\u00e1spora debe organizar sus proyectos de manera coherente y eficiente, y por eso hemos iniciado las consultas; nos gustar\u00eda compartir esas ideas con ustedes\u201d, expres\u00f3 Adriano Espaillat.<\/p>\n<p style=\"text-align: justify\">\u201cHay m\u00e1s de 100 congresistas que hemos firmado un documento pidi\u00e9ndole a las compa\u00f1\u00edas farmac\u00e9uticas que aflojen las patentes, hay pa\u00edses como la Rep\u00fablica Dominicana, que pueden producir su propia vacuna\u201d, indic\u00f3.<\/p>\n<p style=\"text-align: justify\">El representante de la provincia Espaillat, Carlos G\u00f3mez expres\u00f3 el agradecimiento que siente el pa\u00eds con la comunidad dominicana residente en el exterior, destacando su gran aporte a la econom\u00eda, a trav\u00e9s de las remesas durante la pandemia.<\/p>\n<p style=\"text-align: justify\">Asimismo, el concejal, Ydianis Rodr\u00edguez (NY), sugiri\u00f3 la creaci\u00f3n un fondo de inversi\u00f3n en beneficio de los peque\u00f1os y medianos empresarios residentes en Estados Unidos.<\/p>\n<p style=\"text-align: justify\">En la apretada agenda que tocaron los legisladores tambi\u00e9n se incluyeron los temas de cooperaci\u00f3n internacional, gesti\u00f3n de donaci\u00f3n de vacunas a Rep\u00fablica Dominicana, visita de los senadores de la comisi\u00f3n permanente de dominicanos residentes en Estado Unidos, a New York, para visitar la di\u00e1spora dominicana.<\/p>\n<p style=\"text-align: justify\">En el encuentro estuvieron presentes tambi\u00e9n los senadores Carlos G\u00f3mez (Espaillat), presidente de la comisi\u00f3n permanente de dominicanos residentes en el exterior; Dionis S\u00e1nchez (Pedernales); Faride Raful (Distrito Nacional); Franklin Romero (Duarte); Ram\u00f3n Rogelio Genao Dur\u00e1n (La Vega); Ram\u00f3n Pimentel (Monte Cristi); Lenin Valdez (Monte Plata); Milc\u00edades Franjul (Peravia); Pedro Catrain (Saman\u00e1); Ricardo de los Santos (S\u00e1nchez Ram\u00edrez); y Eddy Nolasco (Valverde).<\/p>\n<p style=\"text-align: justify\"><strong>Fuente: William Aish<\/strong><\/p>\n","protected":false},"excerpt":{"rendered":"<p>SANTO DOMINGO &#8211; El congresista Adriano Espaillat (NY-13), y el senador por la provincia Espaillat, Carlos G\u00f3mez, sostuvieron una importante reuni\u00f3n donde se tocaron diversos temas, en busca de coordinar una visita a la&#46;&#46;&#46;<\/p>\n","protected":false},"author":89,"featured_media":9656,"comment_status":"open","ping_status":"open","sticky":false,"template":"","format":"standard","meta":{"_acf_changed":false,"rop_custom_images_group":[],"rop_custom_messages_group":[],"rop_publish_now":"initial","rop_publish_now_accounts":[],"rop_publish_now_history":[],"rop_publish_now_status":"pending","footnotes":""},"categories":[105,262],"tags":[1110,774,1112,1111],"class_list":["post-9655","post","type-post","status-publish","format-standard","has-post-thumbnail","hentry","category-noticias","category-politica-opinion","tag-adriano-espaillat","tag-carlos-gomez","tag-congreso-de-estados-unidos","tag-senado-de-la-republica"],"acf":[],"yoast_head":"<!-- This site is optimized with the Yoast SEO Premium plugin v24.9 (Yoast SEO v27.2) - https:\/\/yoast.com\/product\/yoast-seo-premium-wordpress\/ -->\n<title>Adriano Espaillat visita al senador Carlos G\u00f3mez; socializan planes en beneficio de la di\u00e1spora de RD en EEUU - Rep. Dominicana | Noti-America.com<\/title>\n<meta name=\"robots\" content=\"index, follow, max-snippet:-1, max-image-preview:large, max-video-preview:-1\" \/>\n<link rel=\"canonical\" href=\"https:\/\/noti-america.com\/site\/repdom\/2021\/04\/09\/adriano-espaillat-visita-al-senador-carlos-gomez-socializan-planes-en-beneficio-de-la-diaspora-de-rd-en-eeuu\/\" \/>\n<meta property=\"og:locale\" content=\"es_ES\" \/>\n<meta property=\"og:type\" content=\"article\" \/>\n<meta property=\"og:title\" content=\"Adriano Espaillat visita al senador Carlos G\u00f3mez; socializan planes en beneficio de la di\u00e1spora de RD en EEUU\" \/>\n<meta property=\"og:description\" content=\"SANTO DOMINGO &#8211; El congresista Adriano Espaillat (NY-13), y el senador por la provincia Espaillat, Carlos G\u00f3mez, sostuvieron una importante reuni\u00f3n donde se tocaron diversos temas, en busca de coordinar una visita a la&#046;&#046;&#046;\" \/>\n<meta property=\"og:url\" content=\"https:\/\/noti-america.com\/site\/repdom\/2021\/04\/09\/adriano-espaillat-visita-al-senador-carlos-gomez-socializan-planes-en-beneficio-de-la-diaspora-de-rd-en-eeuu\/\" \/>\n<meta property=\"og:site_name\" content=\"Rep. Dominicana | Noti-America.com\" \/>\n<meta property=\"article:published_time\" content=\"2021-04-09T13:04:36+00:00\" \/>\n<meta property=\"og:image\" content=\"https:\/\/noti-america.com\/site\/repdom\/wp-content\/uploads\/sites\/6\/2021\/04\/Adriano-Espaillat-Carlos-Gomez.jpg\" \/>\n\t<meta property=\"og:image:width\" content=\"1280\" \/>\n\t<meta property=\"og:image:height\" content=\"855\" \/>\n\t<meta property=\"og:image:type\" content=\"image\/jpeg\" \/>\n<meta name=\"author\" content=\"Ad\u00e1n Soriano\" \/>\n<meta name=\"twitter:card\" content=\"summary_large_image\" \/>\n<meta name=\"twitter:creator\" content=\"@adansoriano\" \/>\n<meta name=\"twitter:label1\" content=\"Escrito por\" \/>\n\t<meta name=\"twitter:data1\" content=\"Ad\u00e1n Soriano\" \/>\n\t<meta name=\"twitter:label2\" content=\"Tiempo estimado de lectura\" \/>\n\t<meta name=\"twitter:data2\" content=\"3 minutos\" \/>\n<script type=\"application\/ld+json\" class=\"yoast-schema-graph\">{\"@context\":\"https:\/\/schema.org\",\"@graph\":[{\"@type\":\"Article\",\"@id\":\"https:\/\/noti-america.com\/site\/repdom\/2021\/04\/09\/adriano-espaillat-visita-al-senador-carlos-gomez-socializan-planes-en-beneficio-de-la-diaspora-de-rd-en-eeuu\/#article\",\"isPartOf\":{\"@id\":\"https:\/\/noti-america.com\/site\/repdom\/2021\/04\/09\/adriano-espaillat-visita-al-senador-carlos-gomez-socializan-planes-en-beneficio-de-la-diaspora-de-rd-en-eeuu\/\"},\"author\":{\"name\":\"Ad\u00e1n Soriano\",\"@id\":\"https:\/\/noti-america.com\/site\/repdom\/#\/schema\/person\/fd0092c1530d275fabaa5cffcbc2b976\"},\"headline\":\"Adriano Espaillat visita al senador Carlos G\u00f3mez; socializan planes en beneficio de la di\u00e1spora de RD en EEUU\",\"datePublished\":\"2021-04-09T13:04:36+00:00\",\"mainEntityOfPage\":{\"@id\":\"https:\/\/noti-america.com\/site\/repdom\/2021\/04\/09\/adriano-espaillat-visita-al-senador-carlos-gomez-socializan-planes-en-beneficio-de-la-diaspora-de-rd-en-eeuu\/\"},\"wordCount\":575,\"commentCount\":0,\"publisher\":{\"@id\":\"https:\/\/noti-america.com\/site\/repdom\/#organization\"},\"image\":{\"@id\":\"https:\/\/noti-america.com\/site\/repdom\/2021\/04\/09\/adriano-espaillat-visita-al-senador-carlos-gomez-socializan-planes-en-beneficio-de-la-diaspora-de-rd-en-eeuu\/#primaryimage\"},\"thumbnailUrl\":\"https:\/\/noti-america.com\/site\/repdom\/wp-content\/uploads\/sites\/6\/2021\/04\/Adriano-Espaillat-Carlos-Gomez.jpg\",\"keywords\":[\"Adriano Espaillat\",\"Carlos G\u00f3mez\",\"Congreso de Estados Unidos\",\"Senado de la Rep\u00fablica\"],\"articleSection\":[\"Noticias\",\"Pol\u00edtica\"],\"inLanguage\":\"es\",\"potentialAction\":[{\"@type\":\"CommentAction\",\"name\":\"Comment\",\"target\":[\"https:\/\/noti-america.com\/site\/repdom\/2021\/04\/09\/adriano-espaillat-visita-al-senador-carlos-gomez-socializan-planes-en-beneficio-de-la-diaspora-de-rd-en-eeuu\/#respond\"]}]},{\"@type\":\"WebPage\",\"@id\":\"https:\/\/noti-america.com\/site\/repdom\/2021\/04\/09\/adriano-espaillat-visita-al-senador-carlos-gomez-socializan-planes-en-beneficio-de-la-diaspora-de-rd-en-eeuu\/\",\"url\":\"https:\/\/noti-america.com\/site\/repdom\/2021\/04\/09\/adriano-espaillat-visita-al-senador-carlos-gomez-socializan-planes-en-beneficio-de-la-diaspora-de-rd-en-eeuu\/\",\"name\":\"Adriano Espaillat visita al senador Carlos G\u00f3mez; socializan planes en beneficio de la di\u00e1spora de RD en EEUU - Rep. Dominicana | Noti-America.com\",\"isPartOf\":{\"@id\":\"https:\/\/noti-america.com\/site\/repdom\/#website\"},\"primaryImageOfPage\":{\"@id\":\"https:\/\/noti-america.com\/site\/repdom\/2021\/04\/09\/adriano-espaillat-visita-al-senador-carlos-gomez-socializan-planes-en-beneficio-de-la-diaspora-de-rd-en-eeuu\/#primaryimage\"},\"image\":{\"@id\":\"https:\/\/noti-america.com\/site\/repdom\/2021\/04\/09\/adriano-espaillat-visita-al-senador-carlos-gomez-socializan-planes-en-beneficio-de-la-diaspora-de-rd-en-eeuu\/#primaryimage\"},\"thumbnailUrl\":\"https:\/\/noti-america.com\/site\/repdom\/wp-content\/uploads\/sites\/6\/2021\/04\/Adriano-Espaillat-Carlos-Gomez.jpg\",\"datePublished\":\"2021-04-09T13:04:36+00:00\",\"breadcrumb\":{\"@id\":\"https:\/\/noti-america.com\/site\/repdom\/2021\/04\/09\/adriano-espaillat-visita-al-senador-carlos-gomez-socializan-planes-en-beneficio-de-la-diaspora-de-rd-en-eeuu\/#breadcrumb\"},\"inLanguage\":\"es\",\"potentialAction\":[{\"@type\":\"ReadAction\",\"target\":[\"https:\/\/noti-america.com\/site\/repdom\/2021\/04\/09\/adriano-espaillat-visita-al-senador-carlos-gomez-socializan-planes-en-beneficio-de-la-diaspora-de-rd-en-eeuu\/\"]}]},{\"@type\":\"ImageObject\",\"inLanguage\":\"es\",\"@id\":\"https:\/\/noti-america.com\/site\/repdom\/2021\/04\/09\/adriano-espaillat-visita-al-senador-carlos-gomez-socializan-planes-en-beneficio-de-la-diaspora-de-rd-en-eeuu\/#primaryimage\",\"url\":\"https:\/\/noti-america.com\/site\/repdom\/wp-content\/uploads\/sites\/6\/2021\/04\/Adriano-Espaillat-Carlos-Gomez.jpg\",\"contentUrl\":\"https:\/\/noti-america.com\/site\/repdom\/wp-content\/uploads\/sites\/6\/2021\/04\/Adriano-Espaillat-Carlos-Gomez.jpg\",\"width\":1280,\"height\":855},{\"@type\":\"BreadcrumbList\",\"@id\":\"https:\/\/noti-america.com\/site\/repdom\/2021\/04\/09\/adriano-espaillat-visita-al-senador-carlos-gomez-socializan-planes-en-beneficio-de-la-diaspora-de-rd-en-eeuu\/#breadcrumb\",\"itemListElement\":[{\"@type\":\"ListItem\",\"position\":1,\"name\":\"Portada\",\"item\":\"https:\/\/noti-america.com\/site\/repdom\/\"},{\"@type\":\"ListItem\",\"position\":2,\"name\":\"Adriano Espaillat visita al senador Carlos G\u00f3mez; socializan planes en beneficio de la di\u00e1spora de RD en EEUU\"}]},{\"@type\":\"WebSite\",\"@id\":\"https:\/\/noti-america.com\/site\/repdom\/#website\",\"url\":\"https:\/\/noti-america.com\/site\/repdom\/\",\"name\":\"Rep. Dominicana | Noti-America.com\",\"description\":\"\",\"publisher\":{\"@id\":\"https:\/\/noti-america.com\/site\/repdom\/#organization\"},\"potentialAction\":[{\"@type\":\"SearchAction\",\"target\":{\"@type\":\"EntryPoint\",\"urlTemplate\":\"https:\/\/noti-america.com\/site\/repdom\/?s={search_term_string}\"},\"query-input\":{\"@type\":\"PropertyValueSpecification\",\"valueRequired\":true,\"valueName\":\"search_term_string\"}}],\"inLanguage\":\"es\"},{\"@type\":\"Organization\",\"@id\":\"https:\/\/noti-america.com\/site\/repdom\/#organization\",\"name\":\"Noti-America LLC | Rep\u00fablica Dominicana\",\"url\":\"https:\/\/noti-america.com\/site\/repdom\/\",\"logo\":{\"@type\":\"ImageObject\",\"inLanguage\":\"es\",\"@id\":\"https:\/\/noti-america.com\/site\/repdom\/#\/schema\/logo\/image\/\",\"url\":\"https:\/\/noti-america.com\/site\/repdom\/wp-content\/uploads\/sites\/6\/2020\/07\/LogoNA-4x3-1.jpg\",\"contentUrl\":\"https:\/\/noti-america.com\/site\/repdom\/wp-content\/uploads\/sites\/6\/2020\/07\/LogoNA-4x3-1.jpg\",\"width\":1236,\"height\":1080,\"caption\":\"Noti-America LLC | Rep\u00fablica Dominicana\"},\"image\":{\"@id\":\"https:\/\/noti-america.com\/site\/repdom\/#\/schema\/logo\/image\/\"}},{\"@type\":\"Person\",\"@id\":\"https:\/\/noti-america.com\/site\/repdom\/#\/schema\/person\/fd0092c1530d275fabaa5cffcbc2b976\",\"name\":\"Ad\u00e1n Soriano\",\"image\":{\"@type\":\"ImageObject\",\"inLanguage\":\"es\",\"@id\":\"https:\/\/secure.gravatar.com\/avatar\/ecf97ff3aee7ff9efdae670d7e976f3e7e8acc1077e510d73707999a8bfd4467?s=96&d=mm&r=g\",\"url\":\"https:\/\/secure.gravatar.com\/avatar\/ecf97ff3aee7ff9efdae670d7e976f3e7e8acc1077e510d73707999a8bfd4467?s=96&d=mm&r=g\",\"contentUrl\":\"https:\/\/secure.gravatar.com\/avatar\/ecf97ff3aee7ff9efdae670d7e976f3e7e8acc1077e510d73707999a8bfd4467?s=96&d=mm&r=g\",\"caption\":\"Ad\u00e1n Soriano\"},\"description\":\"Soy cronista deportivo con 10 a\u00f1os de experiencia en varios espacios, y conduzco el podcast deportivo llamado Mezcla Deportiva\",\"sameAs\":[\"https:\/\/x.com\/adansoriano\"],\"url\":\"https:\/\/noti-america.com\/site\/repdom\/author\/asoriano\/\"}]}<\/script>\n<!-- \/ Yoast SEO Premium plugin. -->","yoast_head_json":{"title":"Adriano Espaillat visita al senador Carlos G\u00f3mez; socializan planes en beneficio de la di\u00e1spora de RD en EEUU - Rep. Dominicana | Noti-America.com","robots":{"index":"index","follow":"follow","max-snippet":"max-snippet:-1","max-image-preview":"max-image-preview:large","max-video-preview":"max-video-preview:-1"},"canonical":"https:\/\/noti-america.com\/site\/repdom\/2021\/04\/09\/adriano-espaillat-visita-al-senador-carlos-gomez-socializan-planes-en-beneficio-de-la-diaspora-de-rd-en-eeuu\/","og_locale":"es_ES","og_type":"article","og_title":"Adriano Espaillat visita al senador Carlos G\u00f3mez; socializan planes en beneficio de la di\u00e1spora de RD en EEUU","og_description":"SANTO DOMINGO &#8211; El congresista Adriano Espaillat (NY-13), y el senador por la provincia Espaillat, Carlos G\u00f3mez, sostuvieron una importante reuni\u00f3n donde se tocaron diversos temas, en busca de coordinar una visita a la&#46;&#46;&#46;","og_url":"https:\/\/noti-america.com\/site\/repdom\/2021\/04\/09\/adriano-espaillat-visita-al-senador-carlos-gomez-socializan-planes-en-beneficio-de-la-diaspora-de-rd-en-eeuu\/","og_site_name":"Rep. Dominicana | Noti-America.com","article_published_time":"2021-04-09T13:04:36+00:00","og_image":[{"width":1280,"height":855,"url":"https:\/\/noti-america.com\/site\/repdom\/wp-content\/uploads\/sites\/6\/2021\/04\/Adriano-Espaillat-Carlos-Gomez.jpg","type":"image\/jpeg"}],"author":"Ad\u00e1n Soriano","twitter_card":"summary_large_image","twitter_creator":"@adansoriano","twitter_misc":{"Escrito por":"Ad\u00e1n Soriano","Tiempo estimado de lectura":"3 minutos"},"schema":{"@context":"https:\/\/schema.org","@graph":[{"@type":"Article","@id":"https:\/\/noti-america.com\/site\/repdom\/2021\/04\/09\/adriano-espaillat-visita-al-senador-carlos-gomez-socializan-planes-en-beneficio-de-la-diaspora-de-rd-en-eeuu\/#article","isPartOf":{"@id":"https:\/\/noti-america.com\/site\/repdom\/2021\/04\/09\/adriano-espaillat-visita-al-senador-carlos-gomez-socializan-planes-en-beneficio-de-la-diaspora-de-rd-en-eeuu\/"},"author":{"name":"Ad\u00e1n Soriano","@id":"https:\/\/noti-america.com\/site\/repdom\/#\/schema\/person\/fd0092c1530d275fabaa5cffcbc2b976"},"headline":"Adriano Espaillat visita al senador Carlos G\u00f3mez; socializan planes en beneficio de la di\u00e1spora de RD en EEUU","datePublished":"2021-04-09T13:04:36+00:00","mainEntityOfPage":{"@id":"https:\/\/noti-america.com\/site\/repdom\/2021\/04\/09\/adriano-espaillat-visita-al-senador-carlos-gomez-socializan-planes-en-beneficio-de-la-diaspora-de-rd-en-eeuu\/"},"wordCount":575,"commentCount":0,"publisher":{"@id":"https:\/\/noti-america.com\/site\/repdom\/#organization"},"image":{"@id":"https:\/\/noti-america.com\/site\/repdom\/2021\/04\/09\/adriano-espaillat-visita-al-senador-carlos-gomez-socializan-planes-en-beneficio-de-la-diaspora-de-rd-en-eeuu\/#primaryimage"},"thumbnailUrl":"https:\/\/noti-america.com\/site\/repdom\/wp-content\/uploads\/sites\/6\/2021\/04\/Adriano-Espaillat-Carlos-Gomez.jpg","keywords":["Adriano Espaillat","Carlos G\u00f3mez","Congreso de Estados Unidos","Senado de la Rep\u00fablica"],"articleSection":["Noticias","Pol\u00edtica"],"inLanguage":"es","potentialAction":[{"@type":"CommentAction","name":"Comment","target":["https:\/\/noti-america.com\/site\/repdom\/2021\/04\/09\/adriano-espaillat-visita-al-senador-carlos-gomez-socializan-planes-en-beneficio-de-la-diaspora-de-rd-en-eeuu\/#respond"]}]},{"@type":"WebPage","@id":"https:\/\/noti-america.com\/site\/repdom\/2021\/04\/09\/adriano-espaillat-visita-al-senador-carlos-gomez-socializan-planes-en-beneficio-de-la-diaspora-de-rd-en-eeuu\/","url":"https:\/\/noti-america.com\/site\/repdom\/2021\/04\/09\/adriano-espaillat-visita-al-senador-carlos-gomez-socializan-planes-en-beneficio-de-la-diaspora-de-rd-en-eeuu\/","name":"Adriano Espaillat visita al senador Carlos G\u00f3mez; socializan planes en beneficio de la di\u00e1spora de RD en EEUU - Rep. Dominicana | Noti-America.com","isPartOf":{"@id":"https:\/\/noti-america.com\/site\/repdom\/#website"},"primaryImageOfPage":{"@id":"https:\/\/noti-america.com\/site\/repdom\/2021\/04\/09\/adriano-espaillat-visita-al-senador-carlos-gomez-socializan-planes-en-beneficio-de-la-diaspora-de-rd-en-eeuu\/#primaryimage"},"image":{"@id":"https:\/\/noti-america.com\/site\/repdom\/2021\/04\/09\/adriano-espaillat-visita-al-senador-carlos-gomez-socializan-planes-en-beneficio-de-la-diaspora-de-rd-en-eeuu\/#primaryimage"},"thumbnailUrl":"https:\/\/noti-america.com\/site\/repdom\/wp-content\/uploads\/sites\/6\/2021\/04\/Adriano-Espaillat-Carlos-Gomez.jpg","datePublished":"2021-04-09T13:04:36+00:00","breadcrumb":{"@id":"https:\/\/noti-america.com\/site\/repdom\/2021\/04\/09\/adriano-espaillat-visita-al-senador-carlos-gomez-socializan-planes-en-beneficio-de-la-diaspora-de-rd-en-eeuu\/#breadcrumb"},"inLanguage":"es","potentialAction":[{"@type":"ReadAction","target":["https:\/\/noti-america.com\/site\/repdom\/2021\/04\/09\/adriano-espaillat-visita-al-senador-carlos-gomez-socializan-planes-en-beneficio-de-la-diaspora-de-rd-en-eeuu\/"]}]},{"@type":"ImageObject","inLanguage":"es","@id":"https:\/\/noti-america.com\/site\/repdom\/2021\/04\/09\/adriano-espaillat-visita-al-senador-carlos-gomez-socializan-planes-en-beneficio-de-la-diaspora-de-rd-en-eeuu\/#primaryimage","url":"https:\/\/noti-america.com\/site\/repdom\/wp-content\/uploads\/sites\/6\/2021\/04\/Adriano-Espaillat-Carlos-Gomez.jpg","contentUrl":"https:\/\/noti-america.com\/site\/repdom\/wp-content\/uploads\/sites\/6\/2021\/04\/Adriano-Espaillat-Carlos-Gomez.jpg","width":1280,"height":855},{"@type":"BreadcrumbList","@id":"https:\/\/noti-america.com\/site\/repdom\/2021\/04\/09\/adriano-espaillat-visita-al-senador-carlos-gomez-socializan-planes-en-beneficio-de-la-diaspora-de-rd-en-eeuu\/#breadcrumb","itemListElement":[{"@type":"ListItem","position":1,"name":"Portada","item":"https:\/\/noti-america.com\/site\/repdom\/"},{"@type":"ListItem","position":2,"name":"Adriano Espaillat visita al senador Carlos G\u00f3mez; socializan planes en beneficio de la di\u00e1spora de RD en EEUU"}]},{"@type":"WebSite","@id":"https:\/\/noti-america.com\/site\/repdom\/#website","url":"https:\/\/noti-america.com\/site\/repdom\/","name":"Rep. Dominicana | Noti-America.com","description":"","publisher":{"@id":"https:\/\/noti-america.com\/site\/repdom\/#organization"},"potentialAction":[{"@type":"SearchAction","target":{"@type":"EntryPoint","urlTemplate":"https:\/\/noti-america.com\/site\/repdom\/?s={search_term_string}"},"query-input":{"@type":"PropertyValueSpecification","valueRequired":true,"valueName":"search_term_string"}}],"inLanguage":"es"},{"@type":"Organization","@id":"https:\/\/noti-america.com\/site\/repdom\/#organization","name":"Noti-America LLC | Rep\u00fablica Dominicana","url":"https:\/\/noti-america.com\/site\/repdom\/","logo":{"@type":"ImageObject","inLanguage":"es","@id":"https:\/\/noti-america.com\/site\/repdom\/#\/schema\/logo\/image\/","url":"https:\/\/noti-america.com\/site\/repdom\/wp-content\/uploads\/sites\/6\/2020\/07\/LogoNA-4x3-1.jpg","contentUrl":"https:\/\/noti-america.com\/site\/repdom\/wp-content\/uploads\/sites\/6\/2020\/07\/LogoNA-4x3-1.jpg","width":1236,"height":1080,"caption":"Noti-America LLC | Rep\u00fablica Dominicana"},"image":{"@id":"https:\/\/noti-america.com\/site\/repdom\/#\/schema\/logo\/image\/"}},{"@type":"Person","@id":"https:\/\/noti-america.com\/site\/repdom\/#\/schema\/person\/fd0092c1530d275fabaa5cffcbc2b976","name":"Ad\u00e1n Soriano","image":{"@type":"ImageObject","inLanguage":"es","@id":"https:\/\/secure.gravatar.com\/avatar\/ecf97ff3aee7ff9efdae670d7e976f3e7e8acc1077e510d73707999a8bfd4467?s=96&d=mm&r=g","url":"https:\/\/secure.gravatar.com\/avatar\/ecf97ff3aee7ff9efdae670d7e976f3e7e8acc1077e510d73707999a8bfd4467?s=96&d=mm&r=g","contentUrl":"https:\/\/secure.gravatar.com\/avatar\/ecf97ff3aee7ff9efdae670d7e976f3e7e8acc1077e510d73707999a8bfd4467?s=96&d=mm&r=g","caption":"Ad\u00e1n Soriano"},"description":"Soy cronista deportivo con 10 a\u00f1os de experiencia en varios espacios, y conduzco el podcast deportivo llamado Mezcla Deportiva","sameAs":["https:\/\/x.com\/adansoriano"],"url":"https:\/\/noti-america.com\/site\/repdom\/author\/asoriano\/"}]}},"_links":{"self":[{"href":"https:\/\/noti-america.com\/site\/repdom\/wp-json\/wp\/v2\/posts\/9655","targetHints":{"allow":["GET"]}}],"collection":[{"href":"https:\/\/noti-america.com\/site\/repdom\/wp-json\/wp\/v2\/posts"}],"about":[{"href":"https:\/\/noti-america.com\/site\/repdom\/wp-json\/wp\/v2\/types\/post"}],"author":[{"embeddable":true,"href":"https:\/\/noti-america.com\/site\/repdom\/wp-json\/wp\/v2\/users\/89"}],"replies":[{"embeddable":true,"href":"https:\/\/noti-america.com\/site\/repdom\/wp-json\/wp\/v2\/comments?post=9655"}],"version-history":[{"count":2,"href":"https:\/\/noti-america.com\/site\/repdom\/wp-json\/wp\/v2\/posts\/9655\/revisions"}],"predecessor-version":[{"id":9658,"href":"https:\/\/noti-america.com\/site\/repdom\/wp-json\/wp\/v2\/posts\/9655\/revisions\/9658"}],"wp:featuredmedia":[{"embeddable":true,"href":"https:\/\/noti-america.com\/site\/repdom\/wp-json\/wp\/v2\/media\/9656"}],"wp:attachment":[{"href":"https:\/\/noti-america.com\/site\/repdom\/wp-json\/wp\/v2\/media?parent=9655"}],"wp:term":[{"taxonomy":"category","embeddable":true,"href":"https:\/\/noti-america.com\/site\/repdom\/wp-json\/wp\/v2\/categories?post=9655"},{"taxonomy":"post_tag","embeddable":true,"href":"https:\/\/noti-america.com\/site\/repdom\/wp-json\/wp\/v2\/tags?post=9655"}],"curies":[{"name":"wp","href":"https:\/\/api.w.org\/{rel}","templated":true}]}}