{"id":9530,"date":"2021-03-31T16:08:29","date_gmt":"2021-03-31T16:08:29","guid":{"rendered":"https:\/\/noti-america.com\/site\/repdom\/?p=9530"},"modified":"2021-03-31T16:08:29","modified_gmt":"2021-03-31T16:08:29","slug":"marmolejos-duarte-y-fernandez-llegan-en-cambio-al-escogido","status":"publish","type":"post","link":"https:\/\/noti-america.com\/site\/repdom\/2021\/03\/31\/marmolejos-duarte-y-fernandez-llegan-en-cambio-al-escogido\/","title":{"rendered":"Marmolejos, Duarte y Fern\u00e1ndez llegan en cambio al Escogido"},"content":{"rendered":"<p class=\"x_MsoNormal\" style=\"text-align: justify\"><span lang=\"ES\">Los Leones del Escogido adquirieron al inicialista y jardinero Jos\u00e9 Marmolejos desde las Estrellas Orientales, en un movimiento que involucr\u00f3 a cinco jugadores.<\/span><\/p>\n<p class=\"x_MsoNormal\" style=\"text-align: justify\"><span lang=\"ES\">Adem\u00e1s de Marmolejos, a las filas rojas llegaron el utility Osvaldo Duarte y el lanzador zurdo Jos\u00e9 Manuel Fern\u00e1ndez, a cambio del derecho David Paulino, el infielder Jeison Guzm\u00e1n y un pick de octava ronda del pr\u00f3ximo Sorteo de Novatos de la LIDOM.<\/span><\/p>\n<p class=\"x_MsoNormal\" style=\"text-align: justify\"><span lang=\"ES\">Marmolejos, de 28 a\u00f1os, es miembro de los Marineros de Seattle, con quienes debut\u00f3 en el 2020 en las Grandes Ligas. Su actuaci\u00f3n fue de seis cuadrangulares en 107 turnos, incluyendo 18 empujadas y .411 de slugging.<\/span><\/p>\n<p class=\"x_MsoNormal\" style=\"text-align: justify\"><span lang=\"ES\">De por vida en las Menores, el bateador zurdo ha acumulado una l\u00ednea ofensiva de .288\/.354\/.448 con 72 vuelacercas, 469 producidas y 215 dobles en nueve temporadas.<\/span><\/p>\n<p class=\"x_MsoNormal\" style=\"text-align: justify\"><span lang=\"ES\">El nativo de la capital ha jugado en la LIDOM para los Tigres del Licey, \u00c1guilas Cibae\u00f1as y los Orientales, combinando 28 empujadas, 3 jonrones, 9 dobles, 24 anotadas y .215 de promedio en 95 juegos.<\/span><\/p>\n<p class=\"x_MsoNormal\" style=\"text-align: justify\"><span lang=\"ES\">De su lado, Duarte, aunque ahora pertenece a los Nacionales de Washington, es un producto de los Astros de Houston donde ha participado toda su carrera en los circuitos minoritarios. All\u00ed ha puesto n\u00fameros de .248\/.310\/.384 con 37 jonrones, resaltando tambi\u00e9n sus 107 bases robadas en seis campa\u00f1as.<\/span><\/p>\n<p style=\"text-align: justify\">En cuanto a Fern\u00e1ndez, con experiencia de 17 partidos en Grandes Ligas entre el 2018 y el 2019 con los Azulejos de Toronto y los Tigres de Detroit, respectivamente. En LIDOM ha trabajado 38 episodios en los que acumula 4.26 de efectividad, 38 ponches y 1.26 de WHIP como relevista.<\/p>\n<p style=\"text-align: justify\">Respecto a la adquisici\u00f3n del relevista David Paulino, el gerente de las Estrellas Orientales, F\u00e9lix Peguero, dijo lo siguiente: \u201cEn Paulino hemos conseguido un lanzador confiable, ya probado, que puede tanto abrir como relevar en el medio, en especial para la primera parte de la Serie Regular, en un movimiento que deber\u00e1 resultar en muy importante para nuestra ruta hacia la clasificaci\u00f3n para la postemporada\u201d.<\/p>\n<p style=\"text-align: justify\">El derecho de 27 a\u00f1os fue co-l\u00edder en victorias (3), en el abreviado campeonato local pasado (recortado por la pandemia del COVID-19) y en promedio de ganados y perdidos (.750), debido a su r\u00e9cord de 3-1. Su promedio de carreras limpias permitidas fue 3.79, en 9 juegos lanzados, uno de ellos como abridor.<\/p>\n<p style=\"text-align: justify\">Paulino propin\u00f3 28 ponches en 19 entradas, en las cuales enfrent\u00f3 86 bateadores. Tiene experiencia de Grandes Ligas con los Astros de Houston, en el 2016 (3 juegos) y el 2017 (6 juegos); as\u00ed como con los Azulejos de Toronto en el 2018 (7 juegos). En el 2019, tuvo r\u00e9cord de 1-1, 3.45 en 7 juegos (todos como abridor) en el equipo sucursal de los Azulejos (Buffalo Bisons), en la Liga Internacional.<\/p>\n<p style=\"text-align: justify\">Guzm\u00e1n es un joven torpedero, quien ha actuado brevemente con los Leones en cada una de las pasadas tres temporadas locales, en las cuales sum\u00f3 15 juegos.<\/p>\n<p style=\"text-align: justify\">Este a\u00f1o, Guzm\u00e1n estuvo en los entrenamientos con los Reales de Kansas City, organizaci\u00f3n para la cual jug\u00f3 en Clase A (Liga del Atl\u00e1ntico Sur) en el 2019, la m\u00e1s reciente ocasi\u00f3n en la cual hubo competici\u00f3n en las Ligas Menores de los Estados Unidos.<\/p>\n","protected":false},"excerpt":{"rendered":"<p>Los Leones del Escogido adquirieron al inicialista y jardinero Jos\u00e9 Marmolejos desde las Estrellas Orientales, en un movimiento que involucr\u00f3 a cinco jugadores. Adem\u00e1s de Marmolejos, a las filas rojas llegaron el utility Osvaldo&#46;&#46;&#46;<\/p>\n","protected":false},"author":89,"featured_media":9531,"comment_status":"open","ping_status":"open","sticky":false,"template":"","format":"standard","meta":{"_acf_changed":false,"rop_custom_images_group":[],"rop_custom_messages_group":[],"rop_publish_now":"initial","rop_publish_now_accounts":[],"rop_publish_now_history":[],"rop_publish_now_status":"pending","footnotes":""},"categories":[16],"tags":[119,1087,158,1088,1086,1084,258,122,1085,123],"class_list":["post-9530","post","type-post","status-publish","format-standard","has-post-thumbnail","hentry","category-deportes","tag-beisbol-dominicano","tag-david-paulino","tag-estrellas-orientales","tag-jeison-guzman","tag-jose-manuel-fernandez","tag-jose-marmolejos","tag-leones-del-escogido","tag-liga-dominicana-de-beisbol-profesional","tag-osvaldo-duarte","tag-peloteros-dominicanos"],"acf":[],"yoast_head":"<!-- This site is optimized with the Yoast SEO Premium plugin v24.9 (Yoast SEO v27.2) - https:\/\/yoast.com\/product\/yoast-seo-premium-wordpress\/ -->\n<title>Marmolejos, Duarte y Fern\u00e1ndez llegan en cambio al Escogido - Rep. Dominicana | Noti-America.com<\/title>\n<meta name=\"robots\" content=\"index, follow, max-snippet:-1, max-image-preview:large, max-video-preview:-1\" \/>\n<link rel=\"canonical\" href=\"https:\/\/noti-america.com\/site\/repdom\/2021\/03\/31\/marmolejos-duarte-y-fernandez-llegan-en-cambio-al-escogido\/\" \/>\n<meta property=\"og:locale\" content=\"es_ES\" \/>\n<meta property=\"og:type\" content=\"article\" \/>\n<meta property=\"og:title\" content=\"Marmolejos, Duarte y Fern\u00e1ndez llegan en cambio al Escogido\" \/>\n<meta property=\"og:description\" content=\"Los Leones del Escogido adquirieron al inicialista y jardinero Jos\u00e9 Marmolejos desde las Estrellas Orientales, en un movimiento que involucr\u00f3 a cinco jugadores. Adem\u00e1s de Marmolejos, a las filas rojas llegaron el utility Osvaldo&#046;&#046;&#046;\" \/>\n<meta property=\"og:url\" content=\"https:\/\/noti-america.com\/site\/repdom\/2021\/03\/31\/marmolejos-duarte-y-fernandez-llegan-en-cambio-al-escogido\/\" \/>\n<meta property=\"og:site_name\" content=\"Rep. Dominicana | Noti-America.com\" \/>\n<meta property=\"article:published_time\" content=\"2021-03-31T16:08:29+00:00\" \/>\n<meta property=\"og:image\" content=\"https:\/\/noti-america.com\/site\/repdom\/wp-content\/uploads\/sites\/6\/2021\/03\/PhotoCollage_16172029449801.jpg\" \/>\n\t<meta property=\"og:image:width\" content=\"2048\" \/>\n\t<meta property=\"og:image:height\" content=\"2048\" \/>\n\t<meta property=\"og:image:type\" content=\"image\/jpeg\" \/>\n<meta name=\"author\" content=\"Ad\u00e1n Soriano\" \/>\n<meta name=\"twitter:card\" content=\"summary_large_image\" \/>\n<meta name=\"twitter:creator\" content=\"@adansoriano\" \/>\n<meta name=\"twitter:label1\" content=\"Escrito por\" \/>\n\t<meta name=\"twitter:data1\" content=\"Ad\u00e1n Soriano\" \/>\n\t<meta name=\"twitter:label2\" content=\"Tiempo estimado de lectura\" \/>\n\t<meta name=\"twitter:data2\" content=\"3 minutos\" \/>\n<script type=\"application\/ld+json\" class=\"yoast-schema-graph\">{\"@context\":\"https:\/\/schema.org\",\"@graph\":[{\"@type\":\"Article\",\"@id\":\"https:\/\/noti-america.com\/site\/repdom\/2021\/03\/31\/marmolejos-duarte-y-fernandez-llegan-en-cambio-al-escogido\/#article\",\"isPartOf\":{\"@id\":\"https:\/\/noti-america.com\/site\/repdom\/2021\/03\/31\/marmolejos-duarte-y-fernandez-llegan-en-cambio-al-escogido\/\"},\"author\":{\"name\":\"Ad\u00e1n Soriano\",\"@id\":\"https:\/\/noti-america.com\/site\/repdom\/#\/schema\/person\/fd0092c1530d275fabaa5cffcbc2b976\"},\"headline\":\"Marmolejos, Duarte y Fern\u00e1ndez llegan en cambio al Escogido\",\"datePublished\":\"2021-03-31T16:08:29+00:00\",\"mainEntityOfPage\":{\"@id\":\"https:\/\/noti-america.com\/site\/repdom\/2021\/03\/31\/marmolejos-duarte-y-fernandez-llegan-en-cambio-al-escogido\/\"},\"wordCount\":519,\"commentCount\":0,\"publisher\":{\"@id\":\"https:\/\/noti-america.com\/site\/repdom\/#organization\"},\"image\":{\"@id\":\"https:\/\/noti-america.com\/site\/repdom\/2021\/03\/31\/marmolejos-duarte-y-fernandez-llegan-en-cambio-al-escogido\/#primaryimage\"},\"thumbnailUrl\":\"https:\/\/noti-america.com\/site\/repdom\/wp-content\/uploads\/sites\/6\/2021\/03\/PhotoCollage_16172029449801.jpg\",\"keywords\":[\"B\u00e9isbol Dominicano\",\"David Paulino\",\"Estrellas Orientales\",\"Jeison Guzm\u00e1n\",\"Jos\u00e9 Manuel Fern\u00e1ndez\",\"Jos\u00e9 Marmolejos\",\"Leones del Escogido\",\"Liga Dominicana de B\u00e9isbol Profesional\",\"Osvaldo Duarte\",\"Peloteros Dominicanos\"],\"articleSection\":[\"Deportes\"],\"inLanguage\":\"es\",\"potentialAction\":[{\"@type\":\"CommentAction\",\"name\":\"Comment\",\"target\":[\"https:\/\/noti-america.com\/site\/repdom\/2021\/03\/31\/marmolejos-duarte-y-fernandez-llegan-en-cambio-al-escogido\/#respond\"]}]},{\"@type\":\"WebPage\",\"@id\":\"https:\/\/noti-america.com\/site\/repdom\/2021\/03\/31\/marmolejos-duarte-y-fernandez-llegan-en-cambio-al-escogido\/\",\"url\":\"https:\/\/noti-america.com\/site\/repdom\/2021\/03\/31\/marmolejos-duarte-y-fernandez-llegan-en-cambio-al-escogido\/\",\"name\":\"Marmolejos, Duarte y Fern\u00e1ndez llegan en cambio al Escogido - Rep. Dominicana | Noti-America.com\",\"isPartOf\":{\"@id\":\"https:\/\/noti-america.com\/site\/repdom\/#website\"},\"primaryImageOfPage\":{\"@id\":\"https:\/\/noti-america.com\/site\/repdom\/2021\/03\/31\/marmolejos-duarte-y-fernandez-llegan-en-cambio-al-escogido\/#primaryimage\"},\"image\":{\"@id\":\"https:\/\/noti-america.com\/site\/repdom\/2021\/03\/31\/marmolejos-duarte-y-fernandez-llegan-en-cambio-al-escogido\/#primaryimage\"},\"thumbnailUrl\":\"https:\/\/noti-america.com\/site\/repdom\/wp-content\/uploads\/sites\/6\/2021\/03\/PhotoCollage_16172029449801.jpg\",\"datePublished\":\"2021-03-31T16:08:29+00:00\",\"breadcrumb\":{\"@id\":\"https:\/\/noti-america.com\/site\/repdom\/2021\/03\/31\/marmolejos-duarte-y-fernandez-llegan-en-cambio-al-escogido\/#breadcrumb\"},\"inLanguage\":\"es\",\"potentialAction\":[{\"@type\":\"ReadAction\",\"target\":[\"https:\/\/noti-america.com\/site\/repdom\/2021\/03\/31\/marmolejos-duarte-y-fernandez-llegan-en-cambio-al-escogido\/\"]}]},{\"@type\":\"ImageObject\",\"inLanguage\":\"es\",\"@id\":\"https:\/\/noti-america.com\/site\/repdom\/2021\/03\/31\/marmolejos-duarte-y-fernandez-llegan-en-cambio-al-escogido\/#primaryimage\",\"url\":\"https:\/\/noti-america.com\/site\/repdom\/wp-content\/uploads\/sites\/6\/2021\/03\/PhotoCollage_16172029449801.jpg\",\"contentUrl\":\"https:\/\/noti-america.com\/site\/repdom\/wp-content\/uploads\/sites\/6\/2021\/03\/PhotoCollage_16172029449801.jpg\",\"width\":2048,\"height\":2048},{\"@type\":\"BreadcrumbList\",\"@id\":\"https:\/\/noti-america.com\/site\/repdom\/2021\/03\/31\/marmolejos-duarte-y-fernandez-llegan-en-cambio-al-escogido\/#breadcrumb\",\"itemListElement\":[{\"@type\":\"ListItem\",\"position\":1,\"name\":\"Portada\",\"item\":\"https:\/\/noti-america.com\/site\/repdom\/\"},{\"@type\":\"ListItem\",\"position\":2,\"name\":\"Marmolejos, Duarte y Fern\u00e1ndez llegan en cambio al Escogido\"}]},{\"@type\":\"WebSite\",\"@id\":\"https:\/\/noti-america.com\/site\/repdom\/#website\",\"url\":\"https:\/\/noti-america.com\/site\/repdom\/\",\"name\":\"Rep. Dominicana | Noti-America.com\",\"description\":\"\",\"publisher\":{\"@id\":\"https:\/\/noti-america.com\/site\/repdom\/#organization\"},\"potentialAction\":[{\"@type\":\"SearchAction\",\"target\":{\"@type\":\"EntryPoint\",\"urlTemplate\":\"https:\/\/noti-america.com\/site\/repdom\/?s={search_term_string}\"},\"query-input\":{\"@type\":\"PropertyValueSpecification\",\"valueRequired\":true,\"valueName\":\"search_term_string\"}}],\"inLanguage\":\"es\"},{\"@type\":\"Organization\",\"@id\":\"https:\/\/noti-america.com\/site\/repdom\/#organization\",\"name\":\"Noti-America LLC | Rep\u00fablica Dominicana\",\"url\":\"https:\/\/noti-america.com\/site\/repdom\/\",\"logo\":{\"@type\":\"ImageObject\",\"inLanguage\":\"es\",\"@id\":\"https:\/\/noti-america.com\/site\/repdom\/#\/schema\/logo\/image\/\",\"url\":\"https:\/\/noti-america.com\/site\/repdom\/wp-content\/uploads\/sites\/6\/2020\/07\/LogoNA-4x3-1.jpg\",\"contentUrl\":\"https:\/\/noti-america.com\/site\/repdom\/wp-content\/uploads\/sites\/6\/2020\/07\/LogoNA-4x3-1.jpg\",\"width\":1236,\"height\":1080,\"caption\":\"Noti-America LLC | Rep\u00fablica Dominicana\"},\"image\":{\"@id\":\"https:\/\/noti-america.com\/site\/repdom\/#\/schema\/logo\/image\/\"}},{\"@type\":\"Person\",\"@id\":\"https:\/\/noti-america.com\/site\/repdom\/#\/schema\/person\/fd0092c1530d275fabaa5cffcbc2b976\",\"name\":\"Ad\u00e1n Soriano\",\"image\":{\"@type\":\"ImageObject\",\"inLanguage\":\"es\",\"@id\":\"https:\/\/secure.gravatar.com\/avatar\/ecf97ff3aee7ff9efdae670d7e976f3e7e8acc1077e510d73707999a8bfd4467?s=96&d=mm&r=g\",\"url\":\"https:\/\/secure.gravatar.com\/avatar\/ecf97ff3aee7ff9efdae670d7e976f3e7e8acc1077e510d73707999a8bfd4467?s=96&d=mm&r=g\",\"contentUrl\":\"https:\/\/secure.gravatar.com\/avatar\/ecf97ff3aee7ff9efdae670d7e976f3e7e8acc1077e510d73707999a8bfd4467?s=96&d=mm&r=g\",\"caption\":\"Ad\u00e1n Soriano\"},\"description\":\"Soy cronista deportivo con 10 a\u00f1os de experiencia en varios espacios, y conduzco el podcast deportivo llamado Mezcla Deportiva\",\"sameAs\":[\"https:\/\/x.com\/adansoriano\"],\"url\":\"https:\/\/noti-america.com\/site\/repdom\/author\/asoriano\/\"}]}<\/script>\n<!-- \/ Yoast SEO Premium plugin. -->","yoast_head_json":{"title":"Marmolejos, Duarte y Fern\u00e1ndez llegan en cambio al Escogido - Rep. Dominicana | Noti-America.com","robots":{"index":"index","follow":"follow","max-snippet":"max-snippet:-1","max-image-preview":"max-image-preview:large","max-video-preview":"max-video-preview:-1"},"canonical":"https:\/\/noti-america.com\/site\/repdom\/2021\/03\/31\/marmolejos-duarte-y-fernandez-llegan-en-cambio-al-escogido\/","og_locale":"es_ES","og_type":"article","og_title":"Marmolejos, Duarte y Fern\u00e1ndez llegan en cambio al Escogido","og_description":"Los Leones del Escogido adquirieron al inicialista y jardinero Jos\u00e9 Marmolejos desde las Estrellas Orientales, en un movimiento que involucr\u00f3 a cinco jugadores. Adem\u00e1s de Marmolejos, a las filas rojas llegaron el utility Osvaldo&#46;&#46;&#46;","og_url":"https:\/\/noti-america.com\/site\/repdom\/2021\/03\/31\/marmolejos-duarte-y-fernandez-llegan-en-cambio-al-escogido\/","og_site_name":"Rep. Dominicana | Noti-America.com","article_published_time":"2021-03-31T16:08:29+00:00","og_image":[{"width":2048,"height":2048,"url":"https:\/\/noti-america.com\/site\/repdom\/wp-content\/uploads\/sites\/6\/2021\/03\/PhotoCollage_16172029449801.jpg","type":"image\/jpeg"}],"author":"Ad\u00e1n Soriano","twitter_card":"summary_large_image","twitter_creator":"@adansoriano","twitter_misc":{"Escrito por":"Ad\u00e1n Soriano","Tiempo estimado de lectura":"3 minutos"},"schema":{"@context":"https:\/\/schema.org","@graph":[{"@type":"Article","@id":"https:\/\/noti-america.com\/site\/repdom\/2021\/03\/31\/marmolejos-duarte-y-fernandez-llegan-en-cambio-al-escogido\/#article","isPartOf":{"@id":"https:\/\/noti-america.com\/site\/repdom\/2021\/03\/31\/marmolejos-duarte-y-fernandez-llegan-en-cambio-al-escogido\/"},"author":{"name":"Ad\u00e1n Soriano","@id":"https:\/\/noti-america.com\/site\/repdom\/#\/schema\/person\/fd0092c1530d275fabaa5cffcbc2b976"},"headline":"Marmolejos, Duarte y Fern\u00e1ndez llegan en cambio al Escogido","datePublished":"2021-03-31T16:08:29+00:00","mainEntityOfPage":{"@id":"https:\/\/noti-america.com\/site\/repdom\/2021\/03\/31\/marmolejos-duarte-y-fernandez-llegan-en-cambio-al-escogido\/"},"wordCount":519,"commentCount":0,"publisher":{"@id":"https:\/\/noti-america.com\/site\/repdom\/#organization"},"image":{"@id":"https:\/\/noti-america.com\/site\/repdom\/2021\/03\/31\/marmolejos-duarte-y-fernandez-llegan-en-cambio-al-escogido\/#primaryimage"},"thumbnailUrl":"https:\/\/noti-america.com\/site\/repdom\/wp-content\/uploads\/sites\/6\/2021\/03\/PhotoCollage_16172029449801.jpg","keywords":["B\u00e9isbol Dominicano","David Paulino","Estrellas Orientales","Jeison Guzm\u00e1n","Jos\u00e9 Manuel Fern\u00e1ndez","Jos\u00e9 Marmolejos","Leones del Escogido","Liga Dominicana de B\u00e9isbol Profesional","Osvaldo Duarte","Peloteros Dominicanos"],"articleSection":["Deportes"],"inLanguage":"es","potentialAction":[{"@type":"CommentAction","name":"Comment","target":["https:\/\/noti-america.com\/site\/repdom\/2021\/03\/31\/marmolejos-duarte-y-fernandez-llegan-en-cambio-al-escogido\/#respond"]}]},{"@type":"WebPage","@id":"https:\/\/noti-america.com\/site\/repdom\/2021\/03\/31\/marmolejos-duarte-y-fernandez-llegan-en-cambio-al-escogido\/","url":"https:\/\/noti-america.com\/site\/repdom\/2021\/03\/31\/marmolejos-duarte-y-fernandez-llegan-en-cambio-al-escogido\/","name":"Marmolejos, Duarte y Fern\u00e1ndez llegan en cambio al Escogido - Rep. Dominicana | Noti-America.com","isPartOf":{"@id":"https:\/\/noti-america.com\/site\/repdom\/#website"},"primaryImageOfPage":{"@id":"https:\/\/noti-america.com\/site\/repdom\/2021\/03\/31\/marmolejos-duarte-y-fernandez-llegan-en-cambio-al-escogido\/#primaryimage"},"image":{"@id":"https:\/\/noti-america.com\/site\/repdom\/2021\/03\/31\/marmolejos-duarte-y-fernandez-llegan-en-cambio-al-escogido\/#primaryimage"},"thumbnailUrl":"https:\/\/noti-america.com\/site\/repdom\/wp-content\/uploads\/sites\/6\/2021\/03\/PhotoCollage_16172029449801.jpg","datePublished":"2021-03-31T16:08:29+00:00","breadcrumb":{"@id":"https:\/\/noti-america.com\/site\/repdom\/2021\/03\/31\/marmolejos-duarte-y-fernandez-llegan-en-cambio-al-escogido\/#breadcrumb"},"inLanguage":"es","potentialAction":[{"@type":"ReadAction","target":["https:\/\/noti-america.com\/site\/repdom\/2021\/03\/31\/marmolejos-duarte-y-fernandez-llegan-en-cambio-al-escogido\/"]}]},{"@type":"ImageObject","inLanguage":"es","@id":"https:\/\/noti-america.com\/site\/repdom\/2021\/03\/31\/marmolejos-duarte-y-fernandez-llegan-en-cambio-al-escogido\/#primaryimage","url":"https:\/\/noti-america.com\/site\/repdom\/wp-content\/uploads\/sites\/6\/2021\/03\/PhotoCollage_16172029449801.jpg","contentUrl":"https:\/\/noti-america.com\/site\/repdom\/wp-content\/uploads\/sites\/6\/2021\/03\/PhotoCollage_16172029449801.jpg","width":2048,"height":2048},{"@type":"BreadcrumbList","@id":"https:\/\/noti-america.com\/site\/repdom\/2021\/03\/31\/marmolejos-duarte-y-fernandez-llegan-en-cambio-al-escogido\/#breadcrumb","itemListElement":[{"@type":"ListItem","position":1,"name":"Portada","item":"https:\/\/noti-america.com\/site\/repdom\/"},{"@type":"ListItem","position":2,"name":"Marmolejos, Duarte y Fern\u00e1ndez llegan en cambio al Escogido"}]},{"@type":"WebSite","@id":"https:\/\/noti-america.com\/site\/repdom\/#website","url":"https:\/\/noti-america.com\/site\/repdom\/","name":"Rep. Dominicana | Noti-America.com","description":"","publisher":{"@id":"https:\/\/noti-america.com\/site\/repdom\/#organization"},"potentialAction":[{"@type":"SearchAction","target":{"@type":"EntryPoint","urlTemplate":"https:\/\/noti-america.com\/site\/repdom\/?s={search_term_string}"},"query-input":{"@type":"PropertyValueSpecification","valueRequired":true,"valueName":"search_term_string"}}],"inLanguage":"es"},{"@type":"Organization","@id":"https:\/\/noti-america.com\/site\/repdom\/#organization","name":"Noti-America LLC | Rep\u00fablica Dominicana","url":"https:\/\/noti-america.com\/site\/repdom\/","logo":{"@type":"ImageObject","inLanguage":"es","@id":"https:\/\/noti-america.com\/site\/repdom\/#\/schema\/logo\/image\/","url":"https:\/\/noti-america.com\/site\/repdom\/wp-content\/uploads\/sites\/6\/2020\/07\/LogoNA-4x3-1.jpg","contentUrl":"https:\/\/noti-america.com\/site\/repdom\/wp-content\/uploads\/sites\/6\/2020\/07\/LogoNA-4x3-1.jpg","width":1236,"height":1080,"caption":"Noti-America LLC | Rep\u00fablica Dominicana"},"image":{"@id":"https:\/\/noti-america.com\/site\/repdom\/#\/schema\/logo\/image\/"}},{"@type":"Person","@id":"https:\/\/noti-america.com\/site\/repdom\/#\/schema\/person\/fd0092c1530d275fabaa5cffcbc2b976","name":"Ad\u00e1n Soriano","image":{"@type":"ImageObject","inLanguage":"es","@id":"https:\/\/secure.gravatar.com\/avatar\/ecf97ff3aee7ff9efdae670d7e976f3e7e8acc1077e510d73707999a8bfd4467?s=96&d=mm&r=g","url":"https:\/\/secure.gravatar.com\/avatar\/ecf97ff3aee7ff9efdae670d7e976f3e7e8acc1077e510d73707999a8bfd4467?s=96&d=mm&r=g","contentUrl":"https:\/\/secure.gravatar.com\/avatar\/ecf97ff3aee7ff9efdae670d7e976f3e7e8acc1077e510d73707999a8bfd4467?s=96&d=mm&r=g","caption":"Ad\u00e1n Soriano"},"description":"Soy cronista deportivo con 10 a\u00f1os de experiencia en varios espacios, y conduzco el podcast deportivo llamado Mezcla Deportiva","sameAs":["https:\/\/x.com\/adansoriano"],"url":"https:\/\/noti-america.com\/site\/repdom\/author\/asoriano\/"}]}},"_links":{"self":[{"href":"https:\/\/noti-america.com\/site\/repdom\/wp-json\/wp\/v2\/posts\/9530","targetHints":{"allow":["GET"]}}],"collection":[{"href":"https:\/\/noti-america.com\/site\/repdom\/wp-json\/wp\/v2\/posts"}],"about":[{"href":"https:\/\/noti-america.com\/site\/repdom\/wp-json\/wp\/v2\/types\/post"}],"author":[{"embeddable":true,"href":"https:\/\/noti-america.com\/site\/repdom\/wp-json\/wp\/v2\/users\/89"}],"replies":[{"embeddable":true,"href":"https:\/\/noti-america.com\/site\/repdom\/wp-json\/wp\/v2\/comments?post=9530"}],"version-history":[{"count":1,"href":"https:\/\/noti-america.com\/site\/repdom\/wp-json\/wp\/v2\/posts\/9530\/revisions"}],"predecessor-version":[{"id":9532,"href":"https:\/\/noti-america.com\/site\/repdom\/wp-json\/wp\/v2\/posts\/9530\/revisions\/9532"}],"wp:featuredmedia":[{"embeddable":true,"href":"https:\/\/noti-america.com\/site\/repdom\/wp-json\/wp\/v2\/media\/9531"}],"wp:attachment":[{"href":"https:\/\/noti-america.com\/site\/repdom\/wp-json\/wp\/v2\/media?parent=9530"}],"wp:term":[{"taxonomy":"category","embeddable":true,"href":"https:\/\/noti-america.com\/site\/repdom\/wp-json\/wp\/v2\/categories?post=9530"},{"taxonomy":"post_tag","embeddable":true,"href":"https:\/\/noti-america.com\/site\/repdom\/wp-json\/wp\/v2\/tags?post=9530"}],"curies":[{"name":"wp","href":"https:\/\/api.w.org\/{rel}","templated":true}]}}