{"id":9517,"date":"2021-03-31T15:32:21","date_gmt":"2021-03-31T15:32:21","guid":{"rendered":"https:\/\/noti-america.com\/site\/repdom\/?p=9517"},"modified":"2021-03-31T15:32:21","modified_gmt":"2021-03-31T15:32:21","slug":"banco-central-actividad-turistica-volvera-a-la-normalidad-en-el-2023","status":"publish","type":"post","link":"https:\/\/noti-america.com\/site\/repdom\/2021\/03\/31\/banco-central-actividad-turistica-volvera-a-la-normalidad-en-el-2023\/","title":{"rendered":"Banco Central: actividad tur\u00edstica volver\u00e1 a la normalidad en el 2023"},"content":{"rendered":"<p><img loading=\"lazy\" decoding=\"async\" class=\"alignnone size-medium wp-image-9518\" src=\"https:\/\/noti-america.com\/site\/repdom\/wp-content\/uploads\/sites\/6\/2021\/03\/hector-valdez-albizu-en-rueda-de-prensa_16080556_20210330224211-300x192.jpg\" alt=\"\" width=\"300\" height=\"192\" srcset=\"https:\/\/noti-america.com\/site\/repdom\/wp-content\/uploads\/sites\/6\/2021\/03\/hector-valdez-albizu-en-rueda-de-prensa_16080556_20210330224211-300x192.jpg 300w, https:\/\/noti-america.com\/site\/repdom\/wp-content\/uploads\/sites\/6\/2021\/03\/hector-valdez-albizu-en-rueda-de-prensa_16080556_20210330224211.jpg 546w\" sizes=\"auto, (max-width: 300px) 100vw, 300px\" \/><\/p>\n<p><strong>Noti-America Rep. Dominicana<\/strong><\/p>\n<p>&nbsp;<\/p>\n<p>La actividad tur\u00edstica de la Rep\u00fablica Dominicana comienza a recuperar parte del terreno perdido en el 2020, producto del impacto de la pandemia del coronavirus, y se espera que a los destinos nacionales lleguen en el 2021 un mill\u00f3n de visitantes m\u00e1s que el a\u00f1o anterior.<\/p>\n<p>Sin embargo, no ser\u00e1 hasta el 2023 cuando el sector logre recuperar el nivel previo al COVID-19 cuando al pa\u00eds llegaban m\u00e1s de 6 millones de extranjeros no residentes, seg\u00fan los datos que publica el Banco Central de la Rep\u00fablica Dominicana.<\/p>\n<p>El funcionario pronostica que el destino tur\u00edstico nacional recibir\u00e1 de 3,4 a 3,5 millones de turistas no residentes este a\u00f1o, aunque aclar\u00f3 que si la situaci\u00f3n inducida por la pandemia no se normaliza en el exterior, ser\u00e1 m\u00e1s dif\u00edcil que el pa\u00eds recupere el estatus.<\/p>\n<p>Al turismo de aqu\u00ed no lo para nadie, ni lo bueno ni lo malo. Este es el pa\u00eds que tiene el turismo mejor organizado de toda Latinoam\u00e9rica. Yo tengo fe en que el turismo va a recuperar su posici\u00f3n que perdi\u00f3 por la pandemia\u201d, declar\u00f3 H\u00e9ctor Valdez Albizu, gobernador del Banco Central.<\/p>\n<div class=\"in-content-info w-100 blueconic-content 4 0\"><\/div>\n<p>Al presentar los datos preliminares sobre el comportamiento de la actividad econ\u00f3mica en febrero, destac\u00f3 que la actividad tur\u00edstica, en tiempos de estabilidad, genera 7,400 millones de d\u00f3lares en ingresos para pa\u00eds.<\/p>\n<p>&nbsp;<\/p>\n<div class=\"entretitulo\">Crecimiento de 1.1 % en febrero<\/div>\n<div class=\"paragraph\">\n<p>Valdez Albizu inform\u00f3 este martes que la actividad econ\u00f3mica en el pa\u00eds registr\u00f3 un crecimiento de 1.1 % en febrero pasado, ubic\u00e1ndose el desempe\u00f1o econ\u00f3mico en terreno positivo por primera vez desde el inicio de la pandemia en marzo del 2020.<\/p>\n<\/div>\n<p>&nbsp;<\/p>\n<p>&nbsp;<\/p>\n<p>&nbsp;<\/p>\n<p>&nbsp;<\/p>\n<p>&nbsp;<\/p>\n<p>fuente DL.<\/p>\n<p>&nbsp;<\/p>\n","protected":false},"excerpt":{"rendered":"<p>Noti-America Rep. Dominicana &nbsp; La actividad tur\u00edstica de la Rep\u00fablica Dominicana comienza a recuperar parte del terreno perdido en el 2020, producto del impacto de la pandemia del coronavirus, y se espera que a&#46;&#46;&#46;<\/p>\n","protected":false},"author":96,"featured_media":0,"comment_status":"open","ping_status":"open","sticky":false,"template":"","format":"standard","meta":{"_acf_changed":false,"rop_custom_images_group":[],"rop_custom_messages_group":[],"rop_publish_now":"initial","rop_publish_now_accounts":[],"rop_publish_now_history":[],"rop_publish_now_status":"pending","footnotes":""},"categories":[105],"tags":[],"class_list":["post-9517","post","type-post","status-publish","format-standard","hentry","category-noticias"],"acf":[],"yoast_head":"<!-- This site is optimized with the Yoast SEO Premium plugin v24.9 (Yoast SEO v27.2) - https:\/\/yoast.com\/product\/yoast-seo-premium-wordpress\/ -->\n<title>Banco Central: actividad tur\u00edstica volver\u00e1 a la normalidad en el 2023 - Rep. Dominicana | Noti-America.com<\/title>\n<meta name=\"robots\" content=\"index, follow, max-snippet:-1, max-image-preview:large, max-video-preview:-1\" \/>\n<link rel=\"canonical\" href=\"https:\/\/noti-america.com\/site\/repdom\/2021\/03\/31\/banco-central-actividad-turistica-volvera-a-la-normalidad-en-el-2023\/\" \/>\n<meta property=\"og:locale\" content=\"es_ES\" \/>\n<meta property=\"og:type\" content=\"article\" \/>\n<meta property=\"og:title\" content=\"Banco Central: actividad tur\u00edstica volver\u00e1 a la normalidad en el 2023\" \/>\n<meta property=\"og:description\" content=\"Noti-America Rep. Dominicana &nbsp; La actividad tur\u00edstica de la Rep\u00fablica Dominicana comienza a recuperar parte del terreno perdido en el 2020, producto del impacto de la pandemia del coronavirus, y se espera que a&#046;&#046;&#046;\" \/>\n<meta property=\"og:url\" content=\"https:\/\/noti-america.com\/site\/repdom\/2021\/03\/31\/banco-central-actividad-turistica-volvera-a-la-normalidad-en-el-2023\/\" \/>\n<meta property=\"og:site_name\" content=\"Rep. Dominicana | Noti-America.com\" \/>\n<meta property=\"article:author\" content=\"https:\/\/www.facebook.com\/share\/1HVE1qCqVk\/?mibextid=wwXIfr\" \/>\n<meta property=\"article:published_time\" content=\"2021-03-31T15:32:21+00:00\" \/>\n<meta property=\"og:image\" content=\"https:\/\/noti-america.com\/site\/repdom\/wp-content\/uploads\/sites\/6\/2021\/03\/hector-valdez-albizu-en-rueda-de-prensa_16080556_20210330224211-300x192.jpg\" \/>\n<meta name=\"author\" content=\"Miguel Ramirez\" \/>\n<meta name=\"twitter:card\" content=\"summary_large_image\" \/>\n<meta name=\"twitter:label1\" content=\"Escrito por\" \/>\n\t<meta name=\"twitter:data1\" content=\"Miguel Ramirez\" \/>\n\t<meta name=\"twitter:label2\" content=\"Tiempo estimado de lectura\" \/>\n\t<meta name=\"twitter:data2\" content=\"1 minuto\" \/>\n<script type=\"application\/ld+json\" class=\"yoast-schema-graph\">{\"@context\":\"https:\/\/schema.org\",\"@graph\":[{\"@type\":\"Article\",\"@id\":\"https:\/\/noti-america.com\/site\/repdom\/2021\/03\/31\/banco-central-actividad-turistica-volvera-a-la-normalidad-en-el-2023\/#article\",\"isPartOf\":{\"@id\":\"https:\/\/noti-america.com\/site\/repdom\/2021\/03\/31\/banco-central-actividad-turistica-volvera-a-la-normalidad-en-el-2023\/\"},\"author\":{\"name\":\"Miguel Ramirez\",\"@id\":\"https:\/\/noti-america.com\/site\/repdom\/#\/schema\/person\/8027db7d71a0328e6e4474fa188c6fb3\"},\"headline\":\"Banco Central: actividad tur\u00edstica volver\u00e1 a la normalidad en el 2023\",\"datePublished\":\"2021-03-31T15:32:21+00:00\",\"mainEntityOfPage\":{\"@id\":\"https:\/\/noti-america.com\/site\/repdom\/2021\/03\/31\/banco-central-actividad-turistica-volvera-a-la-normalidad-en-el-2023\/\"},\"wordCount\":303,\"commentCount\":0,\"publisher\":{\"@id\":\"https:\/\/noti-america.com\/site\/repdom\/#organization\"},\"image\":{\"@id\":\"https:\/\/noti-america.com\/site\/repdom\/2021\/03\/31\/banco-central-actividad-turistica-volvera-a-la-normalidad-en-el-2023\/#primaryimage\"},\"thumbnailUrl\":\"https:\/\/noti-america.com\/site\/repdom\/wp-content\/uploads\/sites\/6\/2021\/03\/hector-valdez-albizu-en-rueda-de-prensa_16080556_20210330224211-300x192.jpg\",\"articleSection\":[\"Noticias\"],\"inLanguage\":\"es\",\"potentialAction\":[{\"@type\":\"CommentAction\",\"name\":\"Comment\",\"target\":[\"https:\/\/noti-america.com\/site\/repdom\/2021\/03\/31\/banco-central-actividad-turistica-volvera-a-la-normalidad-en-el-2023\/#respond\"]}]},{\"@type\":\"WebPage\",\"@id\":\"https:\/\/noti-america.com\/site\/repdom\/2021\/03\/31\/banco-central-actividad-turistica-volvera-a-la-normalidad-en-el-2023\/\",\"url\":\"https:\/\/noti-america.com\/site\/repdom\/2021\/03\/31\/banco-central-actividad-turistica-volvera-a-la-normalidad-en-el-2023\/\",\"name\":\"Banco Central: actividad tur\u00edstica volver\u00e1 a la normalidad en el 2023 - Rep. Dominicana | Noti-America.com\",\"isPartOf\":{\"@id\":\"https:\/\/noti-america.com\/site\/repdom\/#website\"},\"primaryImageOfPage\":{\"@id\":\"https:\/\/noti-america.com\/site\/repdom\/2021\/03\/31\/banco-central-actividad-turistica-volvera-a-la-normalidad-en-el-2023\/#primaryimage\"},\"image\":{\"@id\":\"https:\/\/noti-america.com\/site\/repdom\/2021\/03\/31\/banco-central-actividad-turistica-volvera-a-la-normalidad-en-el-2023\/#primaryimage\"},\"thumbnailUrl\":\"https:\/\/noti-america.com\/site\/repdom\/wp-content\/uploads\/sites\/6\/2021\/03\/hector-valdez-albizu-en-rueda-de-prensa_16080556_20210330224211-300x192.jpg\",\"datePublished\":\"2021-03-31T15:32:21+00:00\",\"breadcrumb\":{\"@id\":\"https:\/\/noti-america.com\/site\/repdom\/2021\/03\/31\/banco-central-actividad-turistica-volvera-a-la-normalidad-en-el-2023\/#breadcrumb\"},\"inLanguage\":\"es\",\"potentialAction\":[{\"@type\":\"ReadAction\",\"target\":[\"https:\/\/noti-america.com\/site\/repdom\/2021\/03\/31\/banco-central-actividad-turistica-volvera-a-la-normalidad-en-el-2023\/\"]}]},{\"@type\":\"ImageObject\",\"inLanguage\":\"es\",\"@id\":\"https:\/\/noti-america.com\/site\/repdom\/2021\/03\/31\/banco-central-actividad-turistica-volvera-a-la-normalidad-en-el-2023\/#primaryimage\",\"url\":\"https:\/\/noti-america.com\/site\/repdom\/wp-content\/uploads\/sites\/6\/2021\/03\/hector-valdez-albizu-en-rueda-de-prensa_16080556_20210330224211.jpg\",\"contentUrl\":\"https:\/\/noti-america.com\/site\/repdom\/wp-content\/uploads\/sites\/6\/2021\/03\/hector-valdez-albizu-en-rueda-de-prensa_16080556_20210330224211.jpg\",\"width\":546,\"height\":350},{\"@type\":\"BreadcrumbList\",\"@id\":\"https:\/\/noti-america.com\/site\/repdom\/2021\/03\/31\/banco-central-actividad-turistica-volvera-a-la-normalidad-en-el-2023\/#breadcrumb\",\"itemListElement\":[{\"@type\":\"ListItem\",\"position\":1,\"name\":\"Portada\",\"item\":\"https:\/\/noti-america.com\/site\/repdom\/\"},{\"@type\":\"ListItem\",\"position\":2,\"name\":\"Banco Central: actividad tur\u00edstica volver\u00e1 a la normalidad en el 2023\"}]},{\"@type\":\"WebSite\",\"@id\":\"https:\/\/noti-america.com\/site\/repdom\/#website\",\"url\":\"https:\/\/noti-america.com\/site\/repdom\/\",\"name\":\"Rep. Dominicana | Noti-America.com\",\"description\":\"\",\"publisher\":{\"@id\":\"https:\/\/noti-america.com\/site\/repdom\/#organization\"},\"potentialAction\":[{\"@type\":\"SearchAction\",\"target\":{\"@type\":\"EntryPoint\",\"urlTemplate\":\"https:\/\/noti-america.com\/site\/repdom\/?s={search_term_string}\"},\"query-input\":{\"@type\":\"PropertyValueSpecification\",\"valueRequired\":true,\"valueName\":\"search_term_string\"}}],\"inLanguage\":\"es\"},{\"@type\":\"Organization\",\"@id\":\"https:\/\/noti-america.com\/site\/repdom\/#organization\",\"name\":\"Noti-America LLC | Rep\u00fablica Dominicana\",\"url\":\"https:\/\/noti-america.com\/site\/repdom\/\",\"logo\":{\"@type\":\"ImageObject\",\"inLanguage\":\"es\",\"@id\":\"https:\/\/noti-america.com\/site\/repdom\/#\/schema\/logo\/image\/\",\"url\":\"https:\/\/noti-america.com\/site\/repdom\/wp-content\/uploads\/sites\/6\/2020\/07\/LogoNA-4x3-1.jpg\",\"contentUrl\":\"https:\/\/noti-america.com\/site\/repdom\/wp-content\/uploads\/sites\/6\/2020\/07\/LogoNA-4x3-1.jpg\",\"width\":1236,\"height\":1080,\"caption\":\"Noti-America LLC | Rep\u00fablica Dominicana\"},\"image\":{\"@id\":\"https:\/\/noti-america.com\/site\/repdom\/#\/schema\/logo\/image\/\"}},{\"@type\":\"Person\",\"@id\":\"https:\/\/noti-america.com\/site\/repdom\/#\/schema\/person\/8027db7d71a0328e6e4474fa188c6fb3\",\"name\":\"Miguel Ramirez\",\"image\":{\"@type\":\"ImageObject\",\"inLanguage\":\"es\",\"@id\":\"https:\/\/secure.gravatar.com\/avatar\/41a78fb2cdab3e2dc5831d3591f1dab499ed0c22acc464195b09f37c2b3ac2cf?s=96&d=mm&r=g\",\"url\":\"https:\/\/secure.gravatar.com\/avatar\/41a78fb2cdab3e2dc5831d3591f1dab499ed0c22acc464195b09f37c2b3ac2cf?s=96&d=mm&r=g\",\"contentUrl\":\"https:\/\/secure.gravatar.com\/avatar\/41a78fb2cdab3e2dc5831d3591f1dab499ed0c22acc464195b09f37c2b3ac2cf?s=96&d=mm&r=g\",\"caption\":\"Miguel Ramirez\"},\"description\":\"Locutor y periodista digital y coach comunicaci\u00f3n\",\"sameAs\":[\"https:\/\/www.facebook.com\/share\/1HVE1qCqVk\/?mibextid=wwXIfr\"],\"url\":\"https:\/\/noti-america.com\/site\/repdom\/author\/mramirez\/\"}]}<\/script>\n<!-- \/ Yoast SEO Premium plugin. -->","yoast_head_json":{"title":"Banco Central: actividad tur\u00edstica volver\u00e1 a la normalidad en el 2023 - Rep. Dominicana | Noti-America.com","robots":{"index":"index","follow":"follow","max-snippet":"max-snippet:-1","max-image-preview":"max-image-preview:large","max-video-preview":"max-video-preview:-1"},"canonical":"https:\/\/noti-america.com\/site\/repdom\/2021\/03\/31\/banco-central-actividad-turistica-volvera-a-la-normalidad-en-el-2023\/","og_locale":"es_ES","og_type":"article","og_title":"Banco Central: actividad tur\u00edstica volver\u00e1 a la normalidad en el 2023","og_description":"Noti-America Rep. Dominicana &nbsp; La actividad tur\u00edstica de la Rep\u00fablica Dominicana comienza a recuperar parte del terreno perdido en el 2020, producto del impacto de la pandemia del coronavirus, y se espera que a&#46;&#46;&#46;","og_url":"https:\/\/noti-america.com\/site\/repdom\/2021\/03\/31\/banco-central-actividad-turistica-volvera-a-la-normalidad-en-el-2023\/","og_site_name":"Rep. Dominicana | Noti-America.com","article_author":"https:\/\/www.facebook.com\/share\/1HVE1qCqVk\/?mibextid=wwXIfr","article_published_time":"2021-03-31T15:32:21+00:00","og_image":[{"url":"https:\/\/noti-america.com\/site\/repdom\/wp-content\/uploads\/sites\/6\/2021\/03\/hector-valdez-albizu-en-rueda-de-prensa_16080556_20210330224211-300x192.jpg","type":"","width":"","height":""}],"author":"Miguel Ramirez","twitter_card":"summary_large_image","twitter_misc":{"Escrito por":"Miguel Ramirez","Tiempo estimado de lectura":"1 minuto"},"schema":{"@context":"https:\/\/schema.org","@graph":[{"@type":"Article","@id":"https:\/\/noti-america.com\/site\/repdom\/2021\/03\/31\/banco-central-actividad-turistica-volvera-a-la-normalidad-en-el-2023\/#article","isPartOf":{"@id":"https:\/\/noti-america.com\/site\/repdom\/2021\/03\/31\/banco-central-actividad-turistica-volvera-a-la-normalidad-en-el-2023\/"},"author":{"name":"Miguel Ramirez","@id":"https:\/\/noti-america.com\/site\/repdom\/#\/schema\/person\/8027db7d71a0328e6e4474fa188c6fb3"},"headline":"Banco Central: actividad tur\u00edstica volver\u00e1 a la normalidad en el 2023","datePublished":"2021-03-31T15:32:21+00:00","mainEntityOfPage":{"@id":"https:\/\/noti-america.com\/site\/repdom\/2021\/03\/31\/banco-central-actividad-turistica-volvera-a-la-normalidad-en-el-2023\/"},"wordCount":303,"commentCount":0,"publisher":{"@id":"https:\/\/noti-america.com\/site\/repdom\/#organization"},"image":{"@id":"https:\/\/noti-america.com\/site\/repdom\/2021\/03\/31\/banco-central-actividad-turistica-volvera-a-la-normalidad-en-el-2023\/#primaryimage"},"thumbnailUrl":"https:\/\/noti-america.com\/site\/repdom\/wp-content\/uploads\/sites\/6\/2021\/03\/hector-valdez-albizu-en-rueda-de-prensa_16080556_20210330224211-300x192.jpg","articleSection":["Noticias"],"inLanguage":"es","potentialAction":[{"@type":"CommentAction","name":"Comment","target":["https:\/\/noti-america.com\/site\/repdom\/2021\/03\/31\/banco-central-actividad-turistica-volvera-a-la-normalidad-en-el-2023\/#respond"]}]},{"@type":"WebPage","@id":"https:\/\/noti-america.com\/site\/repdom\/2021\/03\/31\/banco-central-actividad-turistica-volvera-a-la-normalidad-en-el-2023\/","url":"https:\/\/noti-america.com\/site\/repdom\/2021\/03\/31\/banco-central-actividad-turistica-volvera-a-la-normalidad-en-el-2023\/","name":"Banco Central: actividad tur\u00edstica volver\u00e1 a la normalidad en el 2023 - Rep. Dominicana | Noti-America.com","isPartOf":{"@id":"https:\/\/noti-america.com\/site\/repdom\/#website"},"primaryImageOfPage":{"@id":"https:\/\/noti-america.com\/site\/repdom\/2021\/03\/31\/banco-central-actividad-turistica-volvera-a-la-normalidad-en-el-2023\/#primaryimage"},"image":{"@id":"https:\/\/noti-america.com\/site\/repdom\/2021\/03\/31\/banco-central-actividad-turistica-volvera-a-la-normalidad-en-el-2023\/#primaryimage"},"thumbnailUrl":"https:\/\/noti-america.com\/site\/repdom\/wp-content\/uploads\/sites\/6\/2021\/03\/hector-valdez-albizu-en-rueda-de-prensa_16080556_20210330224211-300x192.jpg","datePublished":"2021-03-31T15:32:21+00:00","breadcrumb":{"@id":"https:\/\/noti-america.com\/site\/repdom\/2021\/03\/31\/banco-central-actividad-turistica-volvera-a-la-normalidad-en-el-2023\/#breadcrumb"},"inLanguage":"es","potentialAction":[{"@type":"ReadAction","target":["https:\/\/noti-america.com\/site\/repdom\/2021\/03\/31\/banco-central-actividad-turistica-volvera-a-la-normalidad-en-el-2023\/"]}]},{"@type":"ImageObject","inLanguage":"es","@id":"https:\/\/noti-america.com\/site\/repdom\/2021\/03\/31\/banco-central-actividad-turistica-volvera-a-la-normalidad-en-el-2023\/#primaryimage","url":"https:\/\/noti-america.com\/site\/repdom\/wp-content\/uploads\/sites\/6\/2021\/03\/hector-valdez-albizu-en-rueda-de-prensa_16080556_20210330224211.jpg","contentUrl":"https:\/\/noti-america.com\/site\/repdom\/wp-content\/uploads\/sites\/6\/2021\/03\/hector-valdez-albizu-en-rueda-de-prensa_16080556_20210330224211.jpg","width":546,"height":350},{"@type":"BreadcrumbList","@id":"https:\/\/noti-america.com\/site\/repdom\/2021\/03\/31\/banco-central-actividad-turistica-volvera-a-la-normalidad-en-el-2023\/#breadcrumb","itemListElement":[{"@type":"ListItem","position":1,"name":"Portada","item":"https:\/\/noti-america.com\/site\/repdom\/"},{"@type":"ListItem","position":2,"name":"Banco Central: actividad tur\u00edstica volver\u00e1 a la normalidad en el 2023"}]},{"@type":"WebSite","@id":"https:\/\/noti-america.com\/site\/repdom\/#website","url":"https:\/\/noti-america.com\/site\/repdom\/","name":"Rep. Dominicana | Noti-America.com","description":"","publisher":{"@id":"https:\/\/noti-america.com\/site\/repdom\/#organization"},"potentialAction":[{"@type":"SearchAction","target":{"@type":"EntryPoint","urlTemplate":"https:\/\/noti-america.com\/site\/repdom\/?s={search_term_string}"},"query-input":{"@type":"PropertyValueSpecification","valueRequired":true,"valueName":"search_term_string"}}],"inLanguage":"es"},{"@type":"Organization","@id":"https:\/\/noti-america.com\/site\/repdom\/#organization","name":"Noti-America LLC | Rep\u00fablica Dominicana","url":"https:\/\/noti-america.com\/site\/repdom\/","logo":{"@type":"ImageObject","inLanguage":"es","@id":"https:\/\/noti-america.com\/site\/repdom\/#\/schema\/logo\/image\/","url":"https:\/\/noti-america.com\/site\/repdom\/wp-content\/uploads\/sites\/6\/2020\/07\/LogoNA-4x3-1.jpg","contentUrl":"https:\/\/noti-america.com\/site\/repdom\/wp-content\/uploads\/sites\/6\/2020\/07\/LogoNA-4x3-1.jpg","width":1236,"height":1080,"caption":"Noti-America LLC | Rep\u00fablica Dominicana"},"image":{"@id":"https:\/\/noti-america.com\/site\/repdom\/#\/schema\/logo\/image\/"}},{"@type":"Person","@id":"https:\/\/noti-america.com\/site\/repdom\/#\/schema\/person\/8027db7d71a0328e6e4474fa188c6fb3","name":"Miguel Ramirez","image":{"@type":"ImageObject","inLanguage":"es","@id":"https:\/\/secure.gravatar.com\/avatar\/41a78fb2cdab3e2dc5831d3591f1dab499ed0c22acc464195b09f37c2b3ac2cf?s=96&d=mm&r=g","url":"https:\/\/secure.gravatar.com\/avatar\/41a78fb2cdab3e2dc5831d3591f1dab499ed0c22acc464195b09f37c2b3ac2cf?s=96&d=mm&r=g","contentUrl":"https:\/\/secure.gravatar.com\/avatar\/41a78fb2cdab3e2dc5831d3591f1dab499ed0c22acc464195b09f37c2b3ac2cf?s=96&d=mm&r=g","caption":"Miguel Ramirez"},"description":"Locutor y periodista digital y coach comunicaci\u00f3n","sameAs":["https:\/\/www.facebook.com\/share\/1HVE1qCqVk\/?mibextid=wwXIfr"],"url":"https:\/\/noti-america.com\/site\/repdom\/author\/mramirez\/"}]}},"_links":{"self":[{"href":"https:\/\/noti-america.com\/site\/repdom\/wp-json\/wp\/v2\/posts\/9517","targetHints":{"allow":["GET"]}}],"collection":[{"href":"https:\/\/noti-america.com\/site\/repdom\/wp-json\/wp\/v2\/posts"}],"about":[{"href":"https:\/\/noti-america.com\/site\/repdom\/wp-json\/wp\/v2\/types\/post"}],"author":[{"embeddable":true,"href":"https:\/\/noti-america.com\/site\/repdom\/wp-json\/wp\/v2\/users\/96"}],"replies":[{"embeddable":true,"href":"https:\/\/noti-america.com\/site\/repdom\/wp-json\/wp\/v2\/comments?post=9517"}],"version-history":[{"count":1,"href":"https:\/\/noti-america.com\/site\/repdom\/wp-json\/wp\/v2\/posts\/9517\/revisions"}],"predecessor-version":[{"id":9528,"href":"https:\/\/noti-america.com\/site\/repdom\/wp-json\/wp\/v2\/posts\/9517\/revisions\/9528"}],"wp:attachment":[{"href":"https:\/\/noti-america.com\/site\/repdom\/wp-json\/wp\/v2\/media?parent=9517"}],"wp:term":[{"taxonomy":"category","embeddable":true,"href":"https:\/\/noti-america.com\/site\/repdom\/wp-json\/wp\/v2\/categories?post=9517"},{"taxonomy":"post_tag","embeddable":true,"href":"https:\/\/noti-america.com\/site\/repdom\/wp-json\/wp\/v2\/tags?post=9517"}],"curies":[{"name":"wp","href":"https:\/\/api.w.org\/{rel}","templated":true}]}}