{"id":9327,"date":"2021-03-22T09:00:37","date_gmt":"2021-03-22T09:00:37","guid":{"rendered":"https:\/\/noti-america.com\/site\/repdom\/?p=9327"},"modified":"2021-03-22T12:57:43","modified_gmt":"2021-03-22T12:57:43","slug":"jurista-advierte-sobre-el-aspecto-legal-del-caso-leonardo-fana-y-las-implicaciones-del-prm-como-marca-politica","status":"publish","type":"post","link":"https:\/\/noti-america.com\/site\/repdom\/2021\/03\/22\/jurista-advierte-sobre-el-aspecto-legal-del-caso-leonardo-fana-y-las-implicaciones-del-prm-como-marca-politica\/","title":{"rendered":"Jurista advierte sobre el aspecto legal del caso Leonardo Fa\u00f1a y las implicaciones del PRM como marca pol\u00edtica"},"content":{"rendered":"<div class=\"video-container\"><iframe loading=\"lazy\" title=\"ABOGADO HABLA SOBRE CASO LEONARDO FA\u00d1A Y LAS IMPLICACIONES DEL PRM COMO MARCA POL\u00cdTICA.\" width=\"500\" height=\"281\" src=\"https:\/\/www.youtube.com\/embed\/TVKYsatSq8k?feature=oembed&#038;wmode=opaque\" frameborder=\"0\" allow=\"accelerometer; autoplay; clipboard-write; encrypted-media; gyroscope; picture-in-picture; web-share\" referrerpolicy=\"strict-origin-when-cross-origin\" allowfullscreen><\/iframe><\/div>\n<p style=\"text-align: justify\">El analista pol\u00edtico Giovanni Morillo advirti\u00f3 al Partido Revolucionario Moderno (PRM) tener mucha cautela porque las implicaciones del caso de violencia sexual de Leonardo Fa\u00f1a afectar\u00eda la marca pol\u00edtica.<\/p>\n<p style=\"text-align: justify\">El jurista y comunicador afirm\u00f3 que si el presidente Luis Abinader no habla con sus compa\u00f1eros seguir\u00e1n present\u00e1ndose m\u00e1s casos de este tipo y, aunque todo ciudadano est\u00e9 revestido de la presunci\u00f3n de inocencia, el populismo destruye al partido.<\/p>\n<p style=\"text-align: justify\">Dijo que los funcionarios del PRM deben reflexionar en estos momentos que son detentadores del poder que sienten que todo es suyo y muchos subestiman el da\u00f1o que le pueden hacer al gobierno de Luis Rodolfo Abinader Corona, por su miop\u00eda pol\u00edtica.<\/p>\n<p style=\"text-align: justify\">\u201cEsto quiere decir que los funcionarios p\u00fablicos est\u00e1n sujetos al escrutinio p\u00fablico y deben de cuidarse\u201d, recalc\u00f3.<\/p>\n<p style=\"text-align: justify\">Morillo sostuvo que el pueblo dominicano est\u00e1 muy atento al comportamiento de los funcionarios p\u00fablicos.<\/p>\n<p style=\"text-align: justify\">Plante\u00f3 que la pol\u00edtica se nutre de realidades por lo que ahora los funcionarios deben ayudar al presidente Abinader, con el proceso que vive el pa\u00eds, y no convertirse en chivos expiatorios que destruyan la imagen del gobierno.<\/p>\n<p style=\"text-align: justify\"><strong>Fuente: Giovanni Morillo<\/strong><\/p>\n","protected":false},"excerpt":{"rendered":"<p>El analista pol\u00edtico Giovanni Morillo advirti\u00f3 al Partido Revolucionario Moderno (PRM) tener mucha cautela porque las implicaciones del caso de violencia sexual de Leonardo Fa\u00f1a afectar\u00eda la marca pol\u00edtica. El jurista y comunicador afirm\u00f3&#46;&#46;&#46;<\/p>\n","protected":false},"author":89,"featured_media":9328,"comment_status":"open","ping_status":"open","sticky":false,"template":"","format":"standard","meta":{"_acf_changed":false,"rop_custom_images_group":[],"rop_custom_messages_group":[],"rop_publish_now":"initial","rop_publish_now_accounts":[],"rop_publish_now_history":[],"rop_publish_now_status":"pending","footnotes":""},"categories":[262],"tags":[1033,1034,364],"class_list":["post-9327","post","type-post","status-publish","format-standard","has-post-thumbnail","hentry","category-politica-opinion","tag-giovanni-morillo","tag-leonardo-fana","tag-partido-revolucionario-moderno"],"acf":[],"yoast_head":"<!-- This site is optimized with the Yoast SEO Premium plugin v24.9 (Yoast SEO v27.2) - https:\/\/yoast.com\/product\/yoast-seo-premium-wordpress\/ -->\n<title>Jurista advierte sobre el aspecto legal del caso Leonardo Fa\u00f1a y las implicaciones del PRM como marca pol\u00edtica - Rep. Dominicana | Noti-America.com<\/title>\n<meta name=\"robots\" content=\"index, follow, max-snippet:-1, max-image-preview:large, max-video-preview:-1\" \/>\n<link rel=\"canonical\" href=\"https:\/\/noti-america.com\/site\/repdom\/2021\/03\/22\/jurista-advierte-sobre-el-aspecto-legal-del-caso-leonardo-fana-y-las-implicaciones-del-prm-como-marca-politica\/\" \/>\n<meta property=\"og:locale\" content=\"es_ES\" \/>\n<meta property=\"og:type\" content=\"article\" \/>\n<meta property=\"og:title\" content=\"Jurista advierte sobre el aspecto legal del caso Leonardo Fa\u00f1a y las implicaciones del PRM como marca pol\u00edtica\" \/>\n<meta property=\"og:description\" content=\"El analista pol\u00edtico Giovanni Morillo advirti\u00f3 al Partido Revolucionario Moderno (PRM) tener mucha cautela porque las implicaciones del caso de violencia sexual de Leonardo Fa\u00f1a afectar\u00eda la marca pol\u00edtica. El jurista y comunicador afirm\u00f3&#046;&#046;&#046;\" \/>\n<meta property=\"og:url\" content=\"https:\/\/noti-america.com\/site\/repdom\/2021\/03\/22\/jurista-advierte-sobre-el-aspecto-legal-del-caso-leonardo-fana-y-las-implicaciones-del-prm-como-marca-politica\/\" \/>\n<meta property=\"og:site_name\" content=\"Rep. Dominicana | Noti-America.com\" \/>\n<meta property=\"article:published_time\" content=\"2021-03-22T09:00:37+00:00\" \/>\n<meta property=\"article:modified_time\" content=\"2021-03-22T12:57:43+00:00\" \/>\n<meta property=\"og:image\" content=\"https:\/\/noti-america.com\/site\/repdom\/wp-content\/uploads\/sites\/6\/2021\/03\/Leonardo-Fana.jpg\" \/>\n\t<meta property=\"og:image:width\" content=\"1534\" \/>\n\t<meta property=\"og:image:height\" content=\"1024\" \/>\n\t<meta property=\"og:image:type\" content=\"image\/jpeg\" \/>\n<meta name=\"author\" content=\"Ad\u00e1n Soriano\" \/>\n<meta name=\"twitter:card\" content=\"summary_large_image\" \/>\n<meta name=\"twitter:creator\" content=\"@adansoriano\" \/>\n<meta name=\"twitter:label1\" content=\"Escrito por\" \/>\n\t<meta name=\"twitter:data1\" content=\"Ad\u00e1n Soriano\" \/>\n\t<meta name=\"twitter:label2\" content=\"Tiempo estimado de lectura\" \/>\n\t<meta name=\"twitter:data2\" content=\"1 minuto\" \/>\n<script type=\"application\/ld+json\" class=\"yoast-schema-graph\">{\"@context\":\"https:\/\/schema.org\",\"@graph\":[{\"@type\":\"Article\",\"@id\":\"https:\/\/noti-america.com\/site\/repdom\/2021\/03\/22\/jurista-advierte-sobre-el-aspecto-legal-del-caso-leonardo-fana-y-las-implicaciones-del-prm-como-marca-politica\/#article\",\"isPartOf\":{\"@id\":\"https:\/\/noti-america.com\/site\/repdom\/2021\/03\/22\/jurista-advierte-sobre-el-aspecto-legal-del-caso-leonardo-fana-y-las-implicaciones-del-prm-como-marca-politica\/\"},\"author\":{\"name\":\"Ad\u00e1n Soriano\",\"@id\":\"https:\/\/noti-america.com\/site\/repdom\/#\/schema\/person\/fd0092c1530d275fabaa5cffcbc2b976\"},\"headline\":\"Jurista advierte sobre el aspecto legal del caso Leonardo Fa\u00f1a y las implicaciones del PRM como marca pol\u00edtica\",\"datePublished\":\"2021-03-22T09:00:37+00:00\",\"dateModified\":\"2021-03-22T12:57:43+00:00\",\"mainEntityOfPage\":{\"@id\":\"https:\/\/noti-america.com\/site\/repdom\/2021\/03\/22\/jurista-advierte-sobre-el-aspecto-legal-del-caso-leonardo-fana-y-las-implicaciones-del-prm-como-marca-politica\/\"},\"wordCount\":226,\"commentCount\":0,\"publisher\":{\"@id\":\"https:\/\/noti-america.com\/site\/repdom\/#organization\"},\"image\":{\"@id\":\"https:\/\/noti-america.com\/site\/repdom\/2021\/03\/22\/jurista-advierte-sobre-el-aspecto-legal-del-caso-leonardo-fana-y-las-implicaciones-del-prm-como-marca-politica\/#primaryimage\"},\"thumbnailUrl\":\"https:\/\/noti-america.com\/site\/repdom\/wp-content\/uploads\/sites\/6\/2021\/03\/Leonardo-Fana.jpg\",\"keywords\":[\"Giovanni Morillo\",\"Leonardo Fa\u00f1a\",\"Partido Revolucionario Moderno\"],\"articleSection\":[\"Pol\u00edtica\"],\"inLanguage\":\"es\",\"potentialAction\":[{\"@type\":\"CommentAction\",\"name\":\"Comment\",\"target\":[\"https:\/\/noti-america.com\/site\/repdom\/2021\/03\/22\/jurista-advierte-sobre-el-aspecto-legal-del-caso-leonardo-fana-y-las-implicaciones-del-prm-como-marca-politica\/#respond\"]}]},{\"@type\":\"WebPage\",\"@id\":\"https:\/\/noti-america.com\/site\/repdom\/2021\/03\/22\/jurista-advierte-sobre-el-aspecto-legal-del-caso-leonardo-fana-y-las-implicaciones-del-prm-como-marca-politica\/\",\"url\":\"https:\/\/noti-america.com\/site\/repdom\/2021\/03\/22\/jurista-advierte-sobre-el-aspecto-legal-del-caso-leonardo-fana-y-las-implicaciones-del-prm-como-marca-politica\/\",\"name\":\"Jurista advierte sobre el aspecto legal del caso Leonardo Fa\u00f1a y las implicaciones del PRM como marca pol\u00edtica - Rep. Dominicana | Noti-America.com\",\"isPartOf\":{\"@id\":\"https:\/\/noti-america.com\/site\/repdom\/#website\"},\"primaryImageOfPage\":{\"@id\":\"https:\/\/noti-america.com\/site\/repdom\/2021\/03\/22\/jurista-advierte-sobre-el-aspecto-legal-del-caso-leonardo-fana-y-las-implicaciones-del-prm-como-marca-politica\/#primaryimage\"},\"image\":{\"@id\":\"https:\/\/noti-america.com\/site\/repdom\/2021\/03\/22\/jurista-advierte-sobre-el-aspecto-legal-del-caso-leonardo-fana-y-las-implicaciones-del-prm-como-marca-politica\/#primaryimage\"},\"thumbnailUrl\":\"https:\/\/noti-america.com\/site\/repdom\/wp-content\/uploads\/sites\/6\/2021\/03\/Leonardo-Fana.jpg\",\"datePublished\":\"2021-03-22T09:00:37+00:00\",\"dateModified\":\"2021-03-22T12:57:43+00:00\",\"breadcrumb\":{\"@id\":\"https:\/\/noti-america.com\/site\/repdom\/2021\/03\/22\/jurista-advierte-sobre-el-aspecto-legal-del-caso-leonardo-fana-y-las-implicaciones-del-prm-como-marca-politica\/#breadcrumb\"},\"inLanguage\":\"es\",\"potentialAction\":[{\"@type\":\"ReadAction\",\"target\":[\"https:\/\/noti-america.com\/site\/repdom\/2021\/03\/22\/jurista-advierte-sobre-el-aspecto-legal-del-caso-leonardo-fana-y-las-implicaciones-del-prm-como-marca-politica\/\"]}]},{\"@type\":\"ImageObject\",\"inLanguage\":\"es\",\"@id\":\"https:\/\/noti-america.com\/site\/repdom\/2021\/03\/22\/jurista-advierte-sobre-el-aspecto-legal-del-caso-leonardo-fana-y-las-implicaciones-del-prm-como-marca-politica\/#primaryimage\",\"url\":\"https:\/\/noti-america.com\/site\/repdom\/wp-content\/uploads\/sites\/6\/2021\/03\/Leonardo-Fana.jpg\",\"contentUrl\":\"https:\/\/noti-america.com\/site\/repdom\/wp-content\/uploads\/sites\/6\/2021\/03\/Leonardo-Fana.jpg\",\"width\":1534,\"height\":1024},{\"@type\":\"BreadcrumbList\",\"@id\":\"https:\/\/noti-america.com\/site\/repdom\/2021\/03\/22\/jurista-advierte-sobre-el-aspecto-legal-del-caso-leonardo-fana-y-las-implicaciones-del-prm-como-marca-politica\/#breadcrumb\",\"itemListElement\":[{\"@type\":\"ListItem\",\"position\":1,\"name\":\"Portada\",\"item\":\"https:\/\/noti-america.com\/site\/repdom\/\"},{\"@type\":\"ListItem\",\"position\":2,\"name\":\"Jurista advierte sobre el aspecto legal del caso Leonardo Fa\u00f1a y las implicaciones del PRM como marca pol\u00edtica\"}]},{\"@type\":\"WebSite\",\"@id\":\"https:\/\/noti-america.com\/site\/repdom\/#website\",\"url\":\"https:\/\/noti-america.com\/site\/repdom\/\",\"name\":\"Rep. Dominicana | Noti-America.com\",\"description\":\"\",\"publisher\":{\"@id\":\"https:\/\/noti-america.com\/site\/repdom\/#organization\"},\"potentialAction\":[{\"@type\":\"SearchAction\",\"target\":{\"@type\":\"EntryPoint\",\"urlTemplate\":\"https:\/\/noti-america.com\/site\/repdom\/?s={search_term_string}\"},\"query-input\":{\"@type\":\"PropertyValueSpecification\",\"valueRequired\":true,\"valueName\":\"search_term_string\"}}],\"inLanguage\":\"es\"},{\"@type\":\"Organization\",\"@id\":\"https:\/\/noti-america.com\/site\/repdom\/#organization\",\"name\":\"Noti-America LLC | Rep\u00fablica Dominicana\",\"url\":\"https:\/\/noti-america.com\/site\/repdom\/\",\"logo\":{\"@type\":\"ImageObject\",\"inLanguage\":\"es\",\"@id\":\"https:\/\/noti-america.com\/site\/repdom\/#\/schema\/logo\/image\/\",\"url\":\"https:\/\/noti-america.com\/site\/repdom\/wp-content\/uploads\/sites\/6\/2020\/07\/LogoNA-4x3-1.jpg\",\"contentUrl\":\"https:\/\/noti-america.com\/site\/repdom\/wp-content\/uploads\/sites\/6\/2020\/07\/LogoNA-4x3-1.jpg\",\"width\":1236,\"height\":1080,\"caption\":\"Noti-America LLC | Rep\u00fablica Dominicana\"},\"image\":{\"@id\":\"https:\/\/noti-america.com\/site\/repdom\/#\/schema\/logo\/image\/\"}},{\"@type\":\"Person\",\"@id\":\"https:\/\/noti-america.com\/site\/repdom\/#\/schema\/person\/fd0092c1530d275fabaa5cffcbc2b976\",\"name\":\"Ad\u00e1n Soriano\",\"image\":{\"@type\":\"ImageObject\",\"inLanguage\":\"es\",\"@id\":\"https:\/\/secure.gravatar.com\/avatar\/ecf97ff3aee7ff9efdae670d7e976f3e7e8acc1077e510d73707999a8bfd4467?s=96&d=mm&r=g\",\"url\":\"https:\/\/secure.gravatar.com\/avatar\/ecf97ff3aee7ff9efdae670d7e976f3e7e8acc1077e510d73707999a8bfd4467?s=96&d=mm&r=g\",\"contentUrl\":\"https:\/\/secure.gravatar.com\/avatar\/ecf97ff3aee7ff9efdae670d7e976f3e7e8acc1077e510d73707999a8bfd4467?s=96&d=mm&r=g\",\"caption\":\"Ad\u00e1n Soriano\"},\"description\":\"Soy cronista deportivo con 10 a\u00f1os de experiencia en varios espacios, y conduzco el podcast deportivo llamado Mezcla Deportiva\",\"sameAs\":[\"https:\/\/x.com\/adansoriano\"],\"url\":\"https:\/\/noti-america.com\/site\/repdom\/author\/asoriano\/\"}]}<\/script>\n<!-- \/ Yoast SEO Premium plugin. -->","yoast_head_json":{"title":"Jurista advierte sobre el aspecto legal del caso Leonardo Fa\u00f1a y las implicaciones del PRM como marca pol\u00edtica - Rep. Dominicana | Noti-America.com","robots":{"index":"index","follow":"follow","max-snippet":"max-snippet:-1","max-image-preview":"max-image-preview:large","max-video-preview":"max-video-preview:-1"},"canonical":"https:\/\/noti-america.com\/site\/repdom\/2021\/03\/22\/jurista-advierte-sobre-el-aspecto-legal-del-caso-leonardo-fana-y-las-implicaciones-del-prm-como-marca-politica\/","og_locale":"es_ES","og_type":"article","og_title":"Jurista advierte sobre el aspecto legal del caso Leonardo Fa\u00f1a y las implicaciones del PRM como marca pol\u00edtica","og_description":"El analista pol\u00edtico Giovanni Morillo advirti\u00f3 al Partido Revolucionario Moderno (PRM) tener mucha cautela porque las implicaciones del caso de violencia sexual de Leonardo Fa\u00f1a afectar\u00eda la marca pol\u00edtica. El jurista y comunicador afirm\u00f3&#46;&#46;&#46;","og_url":"https:\/\/noti-america.com\/site\/repdom\/2021\/03\/22\/jurista-advierte-sobre-el-aspecto-legal-del-caso-leonardo-fana-y-las-implicaciones-del-prm-como-marca-politica\/","og_site_name":"Rep. Dominicana | Noti-America.com","article_published_time":"2021-03-22T09:00:37+00:00","article_modified_time":"2021-03-22T12:57:43+00:00","og_image":[{"width":1534,"height":1024,"url":"https:\/\/noti-america.com\/site\/repdom\/wp-content\/uploads\/sites\/6\/2021\/03\/Leonardo-Fana.jpg","type":"image\/jpeg"}],"author":"Ad\u00e1n Soriano","twitter_card":"summary_large_image","twitter_creator":"@adansoriano","twitter_misc":{"Escrito por":"Ad\u00e1n Soriano","Tiempo estimado de lectura":"1 minuto"},"schema":{"@context":"https:\/\/schema.org","@graph":[{"@type":"Article","@id":"https:\/\/noti-america.com\/site\/repdom\/2021\/03\/22\/jurista-advierte-sobre-el-aspecto-legal-del-caso-leonardo-fana-y-las-implicaciones-del-prm-como-marca-politica\/#article","isPartOf":{"@id":"https:\/\/noti-america.com\/site\/repdom\/2021\/03\/22\/jurista-advierte-sobre-el-aspecto-legal-del-caso-leonardo-fana-y-las-implicaciones-del-prm-como-marca-politica\/"},"author":{"name":"Ad\u00e1n Soriano","@id":"https:\/\/noti-america.com\/site\/repdom\/#\/schema\/person\/fd0092c1530d275fabaa5cffcbc2b976"},"headline":"Jurista advierte sobre el aspecto legal del caso Leonardo Fa\u00f1a y las implicaciones del PRM como marca pol\u00edtica","datePublished":"2021-03-22T09:00:37+00:00","dateModified":"2021-03-22T12:57:43+00:00","mainEntityOfPage":{"@id":"https:\/\/noti-america.com\/site\/repdom\/2021\/03\/22\/jurista-advierte-sobre-el-aspecto-legal-del-caso-leonardo-fana-y-las-implicaciones-del-prm-como-marca-politica\/"},"wordCount":226,"commentCount":0,"publisher":{"@id":"https:\/\/noti-america.com\/site\/repdom\/#organization"},"image":{"@id":"https:\/\/noti-america.com\/site\/repdom\/2021\/03\/22\/jurista-advierte-sobre-el-aspecto-legal-del-caso-leonardo-fana-y-las-implicaciones-del-prm-como-marca-politica\/#primaryimage"},"thumbnailUrl":"https:\/\/noti-america.com\/site\/repdom\/wp-content\/uploads\/sites\/6\/2021\/03\/Leonardo-Fana.jpg","keywords":["Giovanni Morillo","Leonardo Fa\u00f1a","Partido Revolucionario Moderno"],"articleSection":["Pol\u00edtica"],"inLanguage":"es","potentialAction":[{"@type":"CommentAction","name":"Comment","target":["https:\/\/noti-america.com\/site\/repdom\/2021\/03\/22\/jurista-advierte-sobre-el-aspecto-legal-del-caso-leonardo-fana-y-las-implicaciones-del-prm-como-marca-politica\/#respond"]}]},{"@type":"WebPage","@id":"https:\/\/noti-america.com\/site\/repdom\/2021\/03\/22\/jurista-advierte-sobre-el-aspecto-legal-del-caso-leonardo-fana-y-las-implicaciones-del-prm-como-marca-politica\/","url":"https:\/\/noti-america.com\/site\/repdom\/2021\/03\/22\/jurista-advierte-sobre-el-aspecto-legal-del-caso-leonardo-fana-y-las-implicaciones-del-prm-como-marca-politica\/","name":"Jurista advierte sobre el aspecto legal del caso Leonardo Fa\u00f1a y las implicaciones del PRM como marca pol\u00edtica - Rep. Dominicana | Noti-America.com","isPartOf":{"@id":"https:\/\/noti-america.com\/site\/repdom\/#website"},"primaryImageOfPage":{"@id":"https:\/\/noti-america.com\/site\/repdom\/2021\/03\/22\/jurista-advierte-sobre-el-aspecto-legal-del-caso-leonardo-fana-y-las-implicaciones-del-prm-como-marca-politica\/#primaryimage"},"image":{"@id":"https:\/\/noti-america.com\/site\/repdom\/2021\/03\/22\/jurista-advierte-sobre-el-aspecto-legal-del-caso-leonardo-fana-y-las-implicaciones-del-prm-como-marca-politica\/#primaryimage"},"thumbnailUrl":"https:\/\/noti-america.com\/site\/repdom\/wp-content\/uploads\/sites\/6\/2021\/03\/Leonardo-Fana.jpg","datePublished":"2021-03-22T09:00:37+00:00","dateModified":"2021-03-22T12:57:43+00:00","breadcrumb":{"@id":"https:\/\/noti-america.com\/site\/repdom\/2021\/03\/22\/jurista-advierte-sobre-el-aspecto-legal-del-caso-leonardo-fana-y-las-implicaciones-del-prm-como-marca-politica\/#breadcrumb"},"inLanguage":"es","potentialAction":[{"@type":"ReadAction","target":["https:\/\/noti-america.com\/site\/repdom\/2021\/03\/22\/jurista-advierte-sobre-el-aspecto-legal-del-caso-leonardo-fana-y-las-implicaciones-del-prm-como-marca-politica\/"]}]},{"@type":"ImageObject","inLanguage":"es","@id":"https:\/\/noti-america.com\/site\/repdom\/2021\/03\/22\/jurista-advierte-sobre-el-aspecto-legal-del-caso-leonardo-fana-y-las-implicaciones-del-prm-como-marca-politica\/#primaryimage","url":"https:\/\/noti-america.com\/site\/repdom\/wp-content\/uploads\/sites\/6\/2021\/03\/Leonardo-Fana.jpg","contentUrl":"https:\/\/noti-america.com\/site\/repdom\/wp-content\/uploads\/sites\/6\/2021\/03\/Leonardo-Fana.jpg","width":1534,"height":1024},{"@type":"BreadcrumbList","@id":"https:\/\/noti-america.com\/site\/repdom\/2021\/03\/22\/jurista-advierte-sobre-el-aspecto-legal-del-caso-leonardo-fana-y-las-implicaciones-del-prm-como-marca-politica\/#breadcrumb","itemListElement":[{"@type":"ListItem","position":1,"name":"Portada","item":"https:\/\/noti-america.com\/site\/repdom\/"},{"@type":"ListItem","position":2,"name":"Jurista advierte sobre el aspecto legal del caso Leonardo Fa\u00f1a y las implicaciones del PRM como marca pol\u00edtica"}]},{"@type":"WebSite","@id":"https:\/\/noti-america.com\/site\/repdom\/#website","url":"https:\/\/noti-america.com\/site\/repdom\/","name":"Rep. Dominicana | Noti-America.com","description":"","publisher":{"@id":"https:\/\/noti-america.com\/site\/repdom\/#organization"},"potentialAction":[{"@type":"SearchAction","target":{"@type":"EntryPoint","urlTemplate":"https:\/\/noti-america.com\/site\/repdom\/?s={search_term_string}"},"query-input":{"@type":"PropertyValueSpecification","valueRequired":true,"valueName":"search_term_string"}}],"inLanguage":"es"},{"@type":"Organization","@id":"https:\/\/noti-america.com\/site\/repdom\/#organization","name":"Noti-America LLC | Rep\u00fablica Dominicana","url":"https:\/\/noti-america.com\/site\/repdom\/","logo":{"@type":"ImageObject","inLanguage":"es","@id":"https:\/\/noti-america.com\/site\/repdom\/#\/schema\/logo\/image\/","url":"https:\/\/noti-america.com\/site\/repdom\/wp-content\/uploads\/sites\/6\/2020\/07\/LogoNA-4x3-1.jpg","contentUrl":"https:\/\/noti-america.com\/site\/repdom\/wp-content\/uploads\/sites\/6\/2020\/07\/LogoNA-4x3-1.jpg","width":1236,"height":1080,"caption":"Noti-America LLC | Rep\u00fablica Dominicana"},"image":{"@id":"https:\/\/noti-america.com\/site\/repdom\/#\/schema\/logo\/image\/"}},{"@type":"Person","@id":"https:\/\/noti-america.com\/site\/repdom\/#\/schema\/person\/fd0092c1530d275fabaa5cffcbc2b976","name":"Ad\u00e1n Soriano","image":{"@type":"ImageObject","inLanguage":"es","@id":"https:\/\/secure.gravatar.com\/avatar\/ecf97ff3aee7ff9efdae670d7e976f3e7e8acc1077e510d73707999a8bfd4467?s=96&d=mm&r=g","url":"https:\/\/secure.gravatar.com\/avatar\/ecf97ff3aee7ff9efdae670d7e976f3e7e8acc1077e510d73707999a8bfd4467?s=96&d=mm&r=g","contentUrl":"https:\/\/secure.gravatar.com\/avatar\/ecf97ff3aee7ff9efdae670d7e976f3e7e8acc1077e510d73707999a8bfd4467?s=96&d=mm&r=g","caption":"Ad\u00e1n Soriano"},"description":"Soy cronista deportivo con 10 a\u00f1os de experiencia en varios espacios, y conduzco el podcast deportivo llamado Mezcla Deportiva","sameAs":["https:\/\/x.com\/adansoriano"],"url":"https:\/\/noti-america.com\/site\/repdom\/author\/asoriano\/"}]}},"_links":{"self":[{"href":"https:\/\/noti-america.com\/site\/repdom\/wp-json\/wp\/v2\/posts\/9327","targetHints":{"allow":["GET"]}}],"collection":[{"href":"https:\/\/noti-america.com\/site\/repdom\/wp-json\/wp\/v2\/posts"}],"about":[{"href":"https:\/\/noti-america.com\/site\/repdom\/wp-json\/wp\/v2\/types\/post"}],"author":[{"embeddable":true,"href":"https:\/\/noti-america.com\/site\/repdom\/wp-json\/wp\/v2\/users\/89"}],"replies":[{"embeddable":true,"href":"https:\/\/noti-america.com\/site\/repdom\/wp-json\/wp\/v2\/comments?post=9327"}],"version-history":[{"count":3,"href":"https:\/\/noti-america.com\/site\/repdom\/wp-json\/wp\/v2\/posts\/9327\/revisions"}],"predecessor-version":[{"id":9332,"href":"https:\/\/noti-america.com\/site\/repdom\/wp-json\/wp\/v2\/posts\/9327\/revisions\/9332"}],"wp:featuredmedia":[{"embeddable":true,"href":"https:\/\/noti-america.com\/site\/repdom\/wp-json\/wp\/v2\/media\/9328"}],"wp:attachment":[{"href":"https:\/\/noti-america.com\/site\/repdom\/wp-json\/wp\/v2\/media?parent=9327"}],"wp:term":[{"taxonomy":"category","embeddable":true,"href":"https:\/\/noti-america.com\/site\/repdom\/wp-json\/wp\/v2\/categories?post=9327"},{"taxonomy":"post_tag","embeddable":true,"href":"https:\/\/noti-america.com\/site\/repdom\/wp-json\/wp\/v2\/tags?post=9327"}],"curies":[{"name":"wp","href":"https:\/\/api.w.org\/{rel}","templated":true}]}}