{"id":9321,"date":"2021-03-22T03:22:47","date_gmt":"2021-03-22T03:22:47","guid":{"rendered":"https:\/\/noti-america.com\/site\/repdom\/?p=9321"},"modified":"2021-03-22T03:22:47","modified_gmt":"2021-03-22T03:22:47","slug":"maxted-y-stakusic-campeones-de-la-copa-los-tres-ojos","status":"publish","type":"post","link":"https:\/\/noti-america.com\/site\/repdom\/2021\/03\/22\/maxted-y-stakusic-campeones-de-la-copa-los-tres-ojos\/","title":{"rendered":"Maxted y Stakusic, campeones de la Copa Los Tres Ojos"},"content":{"rendered":"<p dir=\"ltr\" style=\"text-align: justify\">SANTO DOMINGO &#8211; Finaliz\u00f3 con \u00e9xito la edici\u00f3n 2021 del J2 Copa Los Tres Ojos en las canchas del Centro Nacional de Tenis en el Parque del Este, evento que puso fin a la gira de dos semanas de tenis internacional juvenil en la capital dominicana.<\/p>\n<p dir=\"ltr\" style=\"text-align: justify\">En sencillos masculino, el t\u00edtulo qued\u00f3 en manos del brit\u00e1nico Lui Maxted, cuarto preclasificado, quien venci\u00f3 a su compatriota y m\u00e1ximo favorito, Jack Pinnington Jones, con parciales de 6-2, 6-0. De esta forma, Maxted, de 17 a\u00f1os, gan\u00f3 su trofeo m\u00e1s importante en el ITF World Tennis Tour Junior, pues es el primero que obtiene de esta categor\u00eda (Grado 2).<\/p>\n<p dir=\"ltr\" style=\"text-align: justify\">En su camino a la definici\u00f3n, Maxted super\u00f3 en su debut al polaco Marcel Kamrowski por 6-4, 6-3; en segunda ronda al canadiense Jayden Templeman por 7-5, 6-3; en los cuartos de final al belga Alexander Blockx por 7-6 (3), 4-6, 6-1, y en semifinales al estonio Mark Lajal por 7-5, 0-6, 6-1.<\/p>\n<p dir=\"ltr\" style=\"text-align: justify\">En el lado femenino, la canadiense Marina Stakusic se impuso en el cuadro de sencillos ante su compatriota Kayla Cross por 7-5, 6-2 para quedarse con su segunda corona en el circuito juvenil.<\/p>\n<p dir=\"ltr\" style=\"text-align: justify\">Stakusic venci\u00f3 en la primera fase a la checa Lucie Havlickova por 6-4, 6-3; luego en la ronda de las 16 mejores, super\u00f3 en dos sets (6-2, 6-2) a la estadounidense Katja Wiersholm; en los cuartos de final derrot\u00f3 a su compatriota y siembra uno, Anabelle Xu 6-3, 6-3 y por su pase a la definici\u00f3n, dobleg\u00f3 6-3, 6-4 a la norteamericana Olivia Lincer.<\/p>\n<p dir=\"ltr\" style=\"text-align: justify\">El torneo reparti\u00f3 un total de 200 puntos para los ganadores en sencillos y 140 para los finalistas bajo la misma modalidad.<\/p>\n<p dir=\"ltr\" style=\"text-align: justify\">Durante estas dos semanas de tenis internacional participaron jugadores U18 de Israel, Serbia, Eslovenia, Estados Unidos, Ruman\u00eda, Per\u00fa, Italia, Colombia, Suiza, Lituania, Jap\u00f3n, M\u00e9xico, Malasia, Grecia, Dinamarca, Rusia, Espa\u00f1a, Eslovaquia, entre otras naciones.<\/p>\n<p dir=\"ltr\"><strong>Fuente: Michael Monegro<\/strong><\/p>\n","protected":false},"excerpt":{"rendered":"<p>SANTO DOMINGO &#8211; Finaliz\u00f3 con \u00e9xito la edici\u00f3n 2021 del J2 Copa Los Tres Ojos en las canchas del Centro Nacional de Tenis en el Parque del Este, evento que puso fin a la&#46;&#46;&#46;<\/p>\n","protected":false},"author":89,"featured_media":9322,"comment_status":"open","ping_status":"open","sticky":false,"template":"","format":"standard","meta":{"_acf_changed":false,"rop_custom_images_group":[],"rop_custom_messages_group":[],"rop_publish_now":"initial","rop_publish_now_accounts":[],"rop_publish_now_history":[],"rop_publish_now_status":"pending","footnotes":""},"categories":[16],"tags":[1029,1031,1030],"class_list":["post-9321","post","type-post","status-publish","format-standard","has-post-thumbnail","hentry","category-deportes","tag-j2-copa-los-tres-ojos","tag-lui-maxted","tag-marina-stakusic"],"acf":[],"yoast_head":"<!-- This site is optimized with the Yoast SEO Premium plugin v24.9 (Yoast SEO v27.2) - https:\/\/yoast.com\/product\/yoast-seo-premium-wordpress\/ -->\n<title>Maxted y Stakusic, campeones de la Copa Los Tres Ojos - Rep. Dominicana | Noti-America.com<\/title>\n<meta name=\"robots\" content=\"index, follow, max-snippet:-1, max-image-preview:large, max-video-preview:-1\" \/>\n<link rel=\"canonical\" href=\"https:\/\/noti-america.com\/site\/repdom\/2021\/03\/22\/maxted-y-stakusic-campeones-de-la-copa-los-tres-ojos\/\" \/>\n<meta property=\"og:locale\" content=\"es_ES\" \/>\n<meta property=\"og:type\" content=\"article\" \/>\n<meta property=\"og:title\" content=\"Maxted y Stakusic, campeones de la Copa Los Tres Ojos\" \/>\n<meta property=\"og:description\" content=\"SANTO DOMINGO &#8211; Finaliz\u00f3 con \u00e9xito la edici\u00f3n 2021 del J2 Copa Los Tres Ojos en las canchas del Centro Nacional de Tenis en el Parque del Este, evento que puso fin a la&#046;&#046;&#046;\" \/>\n<meta property=\"og:url\" content=\"https:\/\/noti-america.com\/site\/repdom\/2021\/03\/22\/maxted-y-stakusic-campeones-de-la-copa-los-tres-ojos\/\" \/>\n<meta property=\"og:site_name\" content=\"Rep. Dominicana | Noti-America.com\" \/>\n<meta property=\"article:published_time\" content=\"2021-03-22T03:22:47+00:00\" \/>\n<meta property=\"og:image\" content=\"https:\/\/noti-america.com\/site\/repdom\/wp-content\/uploads\/sites\/6\/2021\/03\/Campeones-Copa-Los-Tres-Ojos-scaled.jpg\" \/>\n\t<meta property=\"og:image:width\" content=\"2560\" \/>\n\t<meta property=\"og:image:height\" content=\"1455\" \/>\n\t<meta property=\"og:image:type\" content=\"image\/jpeg\" \/>\n<meta name=\"author\" content=\"Ad\u00e1n Soriano\" \/>\n<meta name=\"twitter:card\" content=\"summary_large_image\" \/>\n<meta name=\"twitter:creator\" content=\"@adansoriano\" \/>\n<meta name=\"twitter:label1\" content=\"Escrito por\" \/>\n\t<meta name=\"twitter:data1\" content=\"Ad\u00e1n Soriano\" \/>\n\t<meta name=\"twitter:label2\" content=\"Tiempo estimado de lectura\" \/>\n\t<meta name=\"twitter:data2\" content=\"2 minutos\" \/>\n<script type=\"application\/ld+json\" class=\"yoast-schema-graph\">{\"@context\":\"https:\/\/schema.org\",\"@graph\":[{\"@type\":\"Article\",\"@id\":\"https:\/\/noti-america.com\/site\/repdom\/2021\/03\/22\/maxted-y-stakusic-campeones-de-la-copa-los-tres-ojos\/#article\",\"isPartOf\":{\"@id\":\"https:\/\/noti-america.com\/site\/repdom\/2021\/03\/22\/maxted-y-stakusic-campeones-de-la-copa-los-tres-ojos\/\"},\"author\":{\"name\":\"Ad\u00e1n Soriano\",\"@id\":\"https:\/\/noti-america.com\/site\/repdom\/#\/schema\/person\/fd0092c1530d275fabaa5cffcbc2b976\"},\"headline\":\"Maxted y Stakusic, campeones de la Copa Los Tres Ojos\",\"datePublished\":\"2021-03-22T03:22:47+00:00\",\"mainEntityOfPage\":{\"@id\":\"https:\/\/noti-america.com\/site\/repdom\/2021\/03\/22\/maxted-y-stakusic-campeones-de-la-copa-los-tres-ojos\/\"},\"wordCount\":330,\"commentCount\":0,\"publisher\":{\"@id\":\"https:\/\/noti-america.com\/site\/repdom\/#organization\"},\"image\":{\"@id\":\"https:\/\/noti-america.com\/site\/repdom\/2021\/03\/22\/maxted-y-stakusic-campeones-de-la-copa-los-tres-ojos\/#primaryimage\"},\"thumbnailUrl\":\"https:\/\/noti-america.com\/site\/repdom\/wp-content\/uploads\/sites\/6\/2021\/03\/Campeones-Copa-Los-Tres-Ojos-scaled.jpg\",\"keywords\":[\"J2 Copa Los Tres Ojos\",\"Lui Maxted\",\"Marina Stakusic\"],\"articleSection\":[\"Deportes\"],\"inLanguage\":\"es\",\"potentialAction\":[{\"@type\":\"CommentAction\",\"name\":\"Comment\",\"target\":[\"https:\/\/noti-america.com\/site\/repdom\/2021\/03\/22\/maxted-y-stakusic-campeones-de-la-copa-los-tres-ojos\/#respond\"]}]},{\"@type\":\"WebPage\",\"@id\":\"https:\/\/noti-america.com\/site\/repdom\/2021\/03\/22\/maxted-y-stakusic-campeones-de-la-copa-los-tres-ojos\/\",\"url\":\"https:\/\/noti-america.com\/site\/repdom\/2021\/03\/22\/maxted-y-stakusic-campeones-de-la-copa-los-tres-ojos\/\",\"name\":\"Maxted y Stakusic, campeones de la Copa Los Tres Ojos - Rep. Dominicana | Noti-America.com\",\"isPartOf\":{\"@id\":\"https:\/\/noti-america.com\/site\/repdom\/#website\"},\"primaryImageOfPage\":{\"@id\":\"https:\/\/noti-america.com\/site\/repdom\/2021\/03\/22\/maxted-y-stakusic-campeones-de-la-copa-los-tres-ojos\/#primaryimage\"},\"image\":{\"@id\":\"https:\/\/noti-america.com\/site\/repdom\/2021\/03\/22\/maxted-y-stakusic-campeones-de-la-copa-los-tres-ojos\/#primaryimage\"},\"thumbnailUrl\":\"https:\/\/noti-america.com\/site\/repdom\/wp-content\/uploads\/sites\/6\/2021\/03\/Campeones-Copa-Los-Tres-Ojos-scaled.jpg\",\"datePublished\":\"2021-03-22T03:22:47+00:00\",\"breadcrumb\":{\"@id\":\"https:\/\/noti-america.com\/site\/repdom\/2021\/03\/22\/maxted-y-stakusic-campeones-de-la-copa-los-tres-ojos\/#breadcrumb\"},\"inLanguage\":\"es\",\"potentialAction\":[{\"@type\":\"ReadAction\",\"target\":[\"https:\/\/noti-america.com\/site\/repdom\/2021\/03\/22\/maxted-y-stakusic-campeones-de-la-copa-los-tres-ojos\/\"]}]},{\"@type\":\"ImageObject\",\"inLanguage\":\"es\",\"@id\":\"https:\/\/noti-america.com\/site\/repdom\/2021\/03\/22\/maxted-y-stakusic-campeones-de-la-copa-los-tres-ojos\/#primaryimage\",\"url\":\"https:\/\/noti-america.com\/site\/repdom\/wp-content\/uploads\/sites\/6\/2021\/03\/Campeones-Copa-Los-Tres-Ojos-scaled.jpg\",\"contentUrl\":\"https:\/\/noti-america.com\/site\/repdom\/wp-content\/uploads\/sites\/6\/2021\/03\/Campeones-Copa-Los-Tres-Ojos-scaled.jpg\",\"width\":2560,\"height\":1455},{\"@type\":\"BreadcrumbList\",\"@id\":\"https:\/\/noti-america.com\/site\/repdom\/2021\/03\/22\/maxted-y-stakusic-campeones-de-la-copa-los-tres-ojos\/#breadcrumb\",\"itemListElement\":[{\"@type\":\"ListItem\",\"position\":1,\"name\":\"Portada\",\"item\":\"https:\/\/noti-america.com\/site\/repdom\/\"},{\"@type\":\"ListItem\",\"position\":2,\"name\":\"Maxted y Stakusic, campeones de la Copa Los Tres Ojos\"}]},{\"@type\":\"WebSite\",\"@id\":\"https:\/\/noti-america.com\/site\/repdom\/#website\",\"url\":\"https:\/\/noti-america.com\/site\/repdom\/\",\"name\":\"Rep. Dominicana | Noti-America.com\",\"description\":\"\",\"publisher\":{\"@id\":\"https:\/\/noti-america.com\/site\/repdom\/#organization\"},\"potentialAction\":[{\"@type\":\"SearchAction\",\"target\":{\"@type\":\"EntryPoint\",\"urlTemplate\":\"https:\/\/noti-america.com\/site\/repdom\/?s={search_term_string}\"},\"query-input\":{\"@type\":\"PropertyValueSpecification\",\"valueRequired\":true,\"valueName\":\"search_term_string\"}}],\"inLanguage\":\"es\"},{\"@type\":\"Organization\",\"@id\":\"https:\/\/noti-america.com\/site\/repdom\/#organization\",\"name\":\"Noti-America LLC | Rep\u00fablica Dominicana\",\"url\":\"https:\/\/noti-america.com\/site\/repdom\/\",\"logo\":{\"@type\":\"ImageObject\",\"inLanguage\":\"es\",\"@id\":\"https:\/\/noti-america.com\/site\/repdom\/#\/schema\/logo\/image\/\",\"url\":\"https:\/\/noti-america.com\/site\/repdom\/wp-content\/uploads\/sites\/6\/2020\/07\/LogoNA-4x3-1.jpg\",\"contentUrl\":\"https:\/\/noti-america.com\/site\/repdom\/wp-content\/uploads\/sites\/6\/2020\/07\/LogoNA-4x3-1.jpg\",\"width\":1236,\"height\":1080,\"caption\":\"Noti-America LLC | Rep\u00fablica Dominicana\"},\"image\":{\"@id\":\"https:\/\/noti-america.com\/site\/repdom\/#\/schema\/logo\/image\/\"}},{\"@type\":\"Person\",\"@id\":\"https:\/\/noti-america.com\/site\/repdom\/#\/schema\/person\/fd0092c1530d275fabaa5cffcbc2b976\",\"name\":\"Ad\u00e1n Soriano\",\"image\":{\"@type\":\"ImageObject\",\"inLanguage\":\"es\",\"@id\":\"https:\/\/secure.gravatar.com\/avatar\/ecf97ff3aee7ff9efdae670d7e976f3e7e8acc1077e510d73707999a8bfd4467?s=96&d=mm&r=g\",\"url\":\"https:\/\/secure.gravatar.com\/avatar\/ecf97ff3aee7ff9efdae670d7e976f3e7e8acc1077e510d73707999a8bfd4467?s=96&d=mm&r=g\",\"contentUrl\":\"https:\/\/secure.gravatar.com\/avatar\/ecf97ff3aee7ff9efdae670d7e976f3e7e8acc1077e510d73707999a8bfd4467?s=96&d=mm&r=g\",\"caption\":\"Ad\u00e1n Soriano\"},\"description\":\"Soy cronista deportivo con 10 a\u00f1os de experiencia en varios espacios, y conduzco el podcast deportivo llamado Mezcla Deportiva\",\"sameAs\":[\"https:\/\/x.com\/adansoriano\"],\"url\":\"https:\/\/noti-america.com\/site\/repdom\/author\/asoriano\/\"}]}<\/script>\n<!-- \/ Yoast SEO Premium plugin. -->","yoast_head_json":{"title":"Maxted y Stakusic, campeones de la Copa Los Tres Ojos - Rep. Dominicana | Noti-America.com","robots":{"index":"index","follow":"follow","max-snippet":"max-snippet:-1","max-image-preview":"max-image-preview:large","max-video-preview":"max-video-preview:-1"},"canonical":"https:\/\/noti-america.com\/site\/repdom\/2021\/03\/22\/maxted-y-stakusic-campeones-de-la-copa-los-tres-ojos\/","og_locale":"es_ES","og_type":"article","og_title":"Maxted y Stakusic, campeones de la Copa Los Tres Ojos","og_description":"SANTO DOMINGO &#8211; Finaliz\u00f3 con \u00e9xito la edici\u00f3n 2021 del J2 Copa Los Tres Ojos en las canchas del Centro Nacional de Tenis en el Parque del Este, evento que puso fin a la&#46;&#46;&#46;","og_url":"https:\/\/noti-america.com\/site\/repdom\/2021\/03\/22\/maxted-y-stakusic-campeones-de-la-copa-los-tres-ojos\/","og_site_name":"Rep. Dominicana | Noti-America.com","article_published_time":"2021-03-22T03:22:47+00:00","og_image":[{"width":2560,"height":1455,"url":"https:\/\/noti-america.com\/site\/repdom\/wp-content\/uploads\/sites\/6\/2021\/03\/Campeones-Copa-Los-Tres-Ojos-scaled.jpg","type":"image\/jpeg"}],"author":"Ad\u00e1n Soriano","twitter_card":"summary_large_image","twitter_creator":"@adansoriano","twitter_misc":{"Escrito por":"Ad\u00e1n Soriano","Tiempo estimado de lectura":"2 minutos"},"schema":{"@context":"https:\/\/schema.org","@graph":[{"@type":"Article","@id":"https:\/\/noti-america.com\/site\/repdom\/2021\/03\/22\/maxted-y-stakusic-campeones-de-la-copa-los-tres-ojos\/#article","isPartOf":{"@id":"https:\/\/noti-america.com\/site\/repdom\/2021\/03\/22\/maxted-y-stakusic-campeones-de-la-copa-los-tres-ojos\/"},"author":{"name":"Ad\u00e1n Soriano","@id":"https:\/\/noti-america.com\/site\/repdom\/#\/schema\/person\/fd0092c1530d275fabaa5cffcbc2b976"},"headline":"Maxted y Stakusic, campeones de la Copa Los Tres Ojos","datePublished":"2021-03-22T03:22:47+00:00","mainEntityOfPage":{"@id":"https:\/\/noti-america.com\/site\/repdom\/2021\/03\/22\/maxted-y-stakusic-campeones-de-la-copa-los-tres-ojos\/"},"wordCount":330,"commentCount":0,"publisher":{"@id":"https:\/\/noti-america.com\/site\/repdom\/#organization"},"image":{"@id":"https:\/\/noti-america.com\/site\/repdom\/2021\/03\/22\/maxted-y-stakusic-campeones-de-la-copa-los-tres-ojos\/#primaryimage"},"thumbnailUrl":"https:\/\/noti-america.com\/site\/repdom\/wp-content\/uploads\/sites\/6\/2021\/03\/Campeones-Copa-Los-Tres-Ojos-scaled.jpg","keywords":["J2 Copa Los Tres Ojos","Lui Maxted","Marina Stakusic"],"articleSection":["Deportes"],"inLanguage":"es","potentialAction":[{"@type":"CommentAction","name":"Comment","target":["https:\/\/noti-america.com\/site\/repdom\/2021\/03\/22\/maxted-y-stakusic-campeones-de-la-copa-los-tres-ojos\/#respond"]}]},{"@type":"WebPage","@id":"https:\/\/noti-america.com\/site\/repdom\/2021\/03\/22\/maxted-y-stakusic-campeones-de-la-copa-los-tres-ojos\/","url":"https:\/\/noti-america.com\/site\/repdom\/2021\/03\/22\/maxted-y-stakusic-campeones-de-la-copa-los-tres-ojos\/","name":"Maxted y Stakusic, campeones de la Copa Los Tres Ojos - Rep. Dominicana | Noti-America.com","isPartOf":{"@id":"https:\/\/noti-america.com\/site\/repdom\/#website"},"primaryImageOfPage":{"@id":"https:\/\/noti-america.com\/site\/repdom\/2021\/03\/22\/maxted-y-stakusic-campeones-de-la-copa-los-tres-ojos\/#primaryimage"},"image":{"@id":"https:\/\/noti-america.com\/site\/repdom\/2021\/03\/22\/maxted-y-stakusic-campeones-de-la-copa-los-tres-ojos\/#primaryimage"},"thumbnailUrl":"https:\/\/noti-america.com\/site\/repdom\/wp-content\/uploads\/sites\/6\/2021\/03\/Campeones-Copa-Los-Tres-Ojos-scaled.jpg","datePublished":"2021-03-22T03:22:47+00:00","breadcrumb":{"@id":"https:\/\/noti-america.com\/site\/repdom\/2021\/03\/22\/maxted-y-stakusic-campeones-de-la-copa-los-tres-ojos\/#breadcrumb"},"inLanguage":"es","potentialAction":[{"@type":"ReadAction","target":["https:\/\/noti-america.com\/site\/repdom\/2021\/03\/22\/maxted-y-stakusic-campeones-de-la-copa-los-tres-ojos\/"]}]},{"@type":"ImageObject","inLanguage":"es","@id":"https:\/\/noti-america.com\/site\/repdom\/2021\/03\/22\/maxted-y-stakusic-campeones-de-la-copa-los-tres-ojos\/#primaryimage","url":"https:\/\/noti-america.com\/site\/repdom\/wp-content\/uploads\/sites\/6\/2021\/03\/Campeones-Copa-Los-Tres-Ojos-scaled.jpg","contentUrl":"https:\/\/noti-america.com\/site\/repdom\/wp-content\/uploads\/sites\/6\/2021\/03\/Campeones-Copa-Los-Tres-Ojos-scaled.jpg","width":2560,"height":1455},{"@type":"BreadcrumbList","@id":"https:\/\/noti-america.com\/site\/repdom\/2021\/03\/22\/maxted-y-stakusic-campeones-de-la-copa-los-tres-ojos\/#breadcrumb","itemListElement":[{"@type":"ListItem","position":1,"name":"Portada","item":"https:\/\/noti-america.com\/site\/repdom\/"},{"@type":"ListItem","position":2,"name":"Maxted y Stakusic, campeones de la Copa Los Tres Ojos"}]},{"@type":"WebSite","@id":"https:\/\/noti-america.com\/site\/repdom\/#website","url":"https:\/\/noti-america.com\/site\/repdom\/","name":"Rep. Dominicana | Noti-America.com","description":"","publisher":{"@id":"https:\/\/noti-america.com\/site\/repdom\/#organization"},"potentialAction":[{"@type":"SearchAction","target":{"@type":"EntryPoint","urlTemplate":"https:\/\/noti-america.com\/site\/repdom\/?s={search_term_string}"},"query-input":{"@type":"PropertyValueSpecification","valueRequired":true,"valueName":"search_term_string"}}],"inLanguage":"es"},{"@type":"Organization","@id":"https:\/\/noti-america.com\/site\/repdom\/#organization","name":"Noti-America LLC | Rep\u00fablica Dominicana","url":"https:\/\/noti-america.com\/site\/repdom\/","logo":{"@type":"ImageObject","inLanguage":"es","@id":"https:\/\/noti-america.com\/site\/repdom\/#\/schema\/logo\/image\/","url":"https:\/\/noti-america.com\/site\/repdom\/wp-content\/uploads\/sites\/6\/2020\/07\/LogoNA-4x3-1.jpg","contentUrl":"https:\/\/noti-america.com\/site\/repdom\/wp-content\/uploads\/sites\/6\/2020\/07\/LogoNA-4x3-1.jpg","width":1236,"height":1080,"caption":"Noti-America LLC | Rep\u00fablica Dominicana"},"image":{"@id":"https:\/\/noti-america.com\/site\/repdom\/#\/schema\/logo\/image\/"}},{"@type":"Person","@id":"https:\/\/noti-america.com\/site\/repdom\/#\/schema\/person\/fd0092c1530d275fabaa5cffcbc2b976","name":"Ad\u00e1n Soriano","image":{"@type":"ImageObject","inLanguage":"es","@id":"https:\/\/secure.gravatar.com\/avatar\/ecf97ff3aee7ff9efdae670d7e976f3e7e8acc1077e510d73707999a8bfd4467?s=96&d=mm&r=g","url":"https:\/\/secure.gravatar.com\/avatar\/ecf97ff3aee7ff9efdae670d7e976f3e7e8acc1077e510d73707999a8bfd4467?s=96&d=mm&r=g","contentUrl":"https:\/\/secure.gravatar.com\/avatar\/ecf97ff3aee7ff9efdae670d7e976f3e7e8acc1077e510d73707999a8bfd4467?s=96&d=mm&r=g","caption":"Ad\u00e1n Soriano"},"description":"Soy cronista deportivo con 10 a\u00f1os de experiencia en varios espacios, y conduzco el podcast deportivo llamado Mezcla Deportiva","sameAs":["https:\/\/x.com\/adansoriano"],"url":"https:\/\/noti-america.com\/site\/repdom\/author\/asoriano\/"}]}},"_links":{"self":[{"href":"https:\/\/noti-america.com\/site\/repdom\/wp-json\/wp\/v2\/posts\/9321","targetHints":{"allow":["GET"]}}],"collection":[{"href":"https:\/\/noti-america.com\/site\/repdom\/wp-json\/wp\/v2\/posts"}],"about":[{"href":"https:\/\/noti-america.com\/site\/repdom\/wp-json\/wp\/v2\/types\/post"}],"author":[{"embeddable":true,"href":"https:\/\/noti-america.com\/site\/repdom\/wp-json\/wp\/v2\/users\/89"}],"replies":[{"embeddable":true,"href":"https:\/\/noti-america.com\/site\/repdom\/wp-json\/wp\/v2\/comments?post=9321"}],"version-history":[{"count":1,"href":"https:\/\/noti-america.com\/site\/repdom\/wp-json\/wp\/v2\/posts\/9321\/revisions"}],"predecessor-version":[{"id":9323,"href":"https:\/\/noti-america.com\/site\/repdom\/wp-json\/wp\/v2\/posts\/9321\/revisions\/9323"}],"wp:featuredmedia":[{"embeddable":true,"href":"https:\/\/noti-america.com\/site\/repdom\/wp-json\/wp\/v2\/media\/9322"}],"wp:attachment":[{"href":"https:\/\/noti-america.com\/site\/repdom\/wp-json\/wp\/v2\/media?parent=9321"}],"wp:term":[{"taxonomy":"category","embeddable":true,"href":"https:\/\/noti-america.com\/site\/repdom\/wp-json\/wp\/v2\/categories?post=9321"},{"taxonomy":"post_tag","embeddable":true,"href":"https:\/\/noti-america.com\/site\/repdom\/wp-json\/wp\/v2\/tags?post=9321"}],"curies":[{"name":"wp","href":"https:\/\/api.w.org\/{rel}","templated":true}]}}