{"id":9309,"date":"2021-03-20T03:25:16","date_gmt":"2021-03-20T03:25:16","guid":{"rendered":"https:\/\/noti-america.com\/site\/repdom\/?p=9309"},"modified":"2021-03-20T03:25:16","modified_gmt":"2021-03-20T03:25:16","slug":"gobierno-de-haiti-declara-estado-de-emergencia-para-combatir-pandillas","status":"publish","type":"post","link":"https:\/\/noti-america.com\/site\/repdom\/2021\/03\/20\/gobierno-de-haiti-declara-estado-de-emergencia-para-combatir-pandillas\/","title":{"rendered":"\u00abGobierno de Hait\u00ed declara estado de emergencia para combatir pandillas\u00bb"},"content":{"rendered":"<p style=\"text-align: justify\"><strong>NOTI-AMERICA (REPUBLICA DOMINICANA)\u00a0<\/strong><\/p>\n<p style=\"text-align: justify\"><strong>HAITI_<\/strong> El gobierno de Hait\u00ed decret\u00f3 el estado de emergencia por un mes con el fin de \u00abrestaurar la autoridad del Estado\u00bb en \u00e1reas controladas por pandillas, dijo este jueves el secretario de Comunicaci\u00f3n.<\/p>\n<p style=\"text-align: justify\">\u00abEl estado de emergencia es precisamente para restaurar la autoridad del Estado, garantizar la seguridad del territorio y permitir que los ciudadanos puedan realizar sus actividades libremente\u00bb, dijo a la AFP Frantz Exantus.<\/p>\n<p style=\"text-align: justify\">El decreto presidencial se aplica a tres distritos de la capital y a una secci\u00f3n comunal provincial, controlada por las pandillas, pero el documento indica que la medida puede extenderse a \u00abtodas las dem\u00e1s \u00e1reas rojas identificadas por el Consejo Superior de la Polic\u00eda Nacional\u00bb.<\/p>\n<p style=\"text-align: justify\">\u00abNo creemos que vaya a ser todo el territorio, pero podr\u00eda suceder que dos o tres bandidos intenten controlar una parte del territorio. En ese momento, le toca a la Polic\u00eda Nacional identificar esas \u00e1reas y aplicar medidas para recuperar el control de todo el territorio\u00bb, dijo el secretario de Estado.<\/p>\n<p style=\"text-align: justify\">El estado de emergencia solo puede ser renovado una vez.<\/p>\n<p style=\"text-align: justify\">La medida est\u00e1 motivada por la actuaci\u00f3n de bandas armadas que \u00absecuestran a personas para pedir rescate, robando y saqueando bienes p\u00fablicos y privados, y enfrentando abiertamente a las fuerzas de seguridad p\u00fablica\u00bb, especifica el documento fechado el 16 de marzo.<\/p>\n<p style=\"text-align: justify\">Desde el oto\u00f1o boreal, Hait\u00ed ha sido escenario de un aumento en los secuestros con fines extorsivos que afectan tanto a la minor\u00eda rica como a las personas que viven por debajo del umbral de la pobreza, quienes constituyen la mayor\u00eda de la poblaci\u00f3n del pa\u00eds.<\/p>\n<p style=\"text-align: justify\">Un operativo policial, realizado el 12 de marzo en un distrito de la capital que una pandilla utiliza como lugar de secuestro de sus v\u00edctimas, deriv\u00f3 en la muerte de cuatro polic\u00edas.<\/p>\n<p style=\"text-align: justify\">Los cuerpos de los agentes, mutilados por los pandilleros, que publicaron videos de sus acciones, a\u00fan se encuentran en la zona del enfrentamiento.<\/p>\n<p style=\"text-align: justify\">Fuente: ListinDiario.com<\/p>\n<p style=\"text-align: justify\">@cersocastillo instagram<\/p>\n<p style=\"text-align: justify\">Cerso Felipe Castillo Carri\u00f3n\u00a0 Facebook<\/p>\n<p style=\"text-align: justify\">\n","protected":false},"excerpt":{"rendered":"<p>NOTI-AMERICA (REPUBLICA DOMINICANA)\u00a0 HAITI_ El gobierno de Hait\u00ed decret\u00f3 el estado de emergencia por un mes con el fin de \u00abrestaurar la autoridad del Estado\u00bb en \u00e1reas controladas por pandillas, dijo este jueves el&#46;&#46;&#46;<\/p>\n","protected":false},"author":90,"featured_media":9313,"comment_status":"open","ping_status":"open","sticky":false,"template":"","format":"image","meta":{"_acf_changed":false,"rop_custom_images_group":[],"rop_custom_messages_group":[],"rop_publish_now":"initial","rop_publish_now_accounts":[],"rop_publish_now_history":[],"rop_publish_now_status":"pending","footnotes":""},"categories":[4],"tags":[],"class_list":["post-9309","post","type-post","status-publish","format-image","has-post-thumbnail","hentry","category-internacionales","post_format-post-format-image"],"acf":[],"yoast_head":"<!-- This site is optimized with the Yoast SEO Premium plugin v24.9 (Yoast SEO v27.2) - https:\/\/yoast.com\/product\/yoast-seo-premium-wordpress\/ -->\n<title>&quot;Gobierno de Hait\u00ed declara estado de emergencia para combatir pandillas&quot; - Rep. Dominicana | Noti-America.com<\/title>\n<meta name=\"robots\" content=\"index, follow, max-snippet:-1, max-image-preview:large, max-video-preview:-1\" \/>\n<link rel=\"canonical\" href=\"https:\/\/noti-america.com\/site\/repdom\/2021\/03\/20\/gobierno-de-haiti-declara-estado-de-emergencia-para-combatir-pandillas\/\" \/>\n<meta property=\"og:locale\" content=\"es_ES\" \/>\n<meta property=\"og:type\" content=\"article\" \/>\n<meta property=\"og:title\" content=\"&quot;Gobierno de Hait\u00ed declara estado de emergencia para combatir pandillas&quot;\" \/>\n<meta property=\"og:description\" content=\"NOTI-AMERICA (REPUBLICA DOMINICANA)\u00a0 HAITI_ El gobierno de Hait\u00ed decret\u00f3 el estado de emergencia por un mes con el fin de \u00abrestaurar la autoridad del Estado\u00bb en \u00e1reas controladas por pandillas, dijo este jueves el&#046;&#046;&#046;\" \/>\n<meta property=\"og:url\" content=\"https:\/\/noti-america.com\/site\/repdom\/2021\/03\/20\/gobierno-de-haiti-declara-estado-de-emergencia-para-combatir-pandillas\/\" \/>\n<meta property=\"og:site_name\" content=\"Rep. Dominicana | Noti-America.com\" \/>\n<meta property=\"article:published_time\" content=\"2021-03-20T03:25:16+00:00\" \/>\n<meta property=\"og:image\" content=\"https:\/\/noti-america.com\/site\/repdom\/wp-content\/uploads\/sites\/6\/2021\/03\/Joseph-Jouthe.jpeg\" \/>\n\t<meta property=\"og:image:width\" content=\"1080\" \/>\n\t<meta property=\"og:image:height\" content=\"721\" \/>\n\t<meta property=\"og:image:type\" content=\"image\/jpeg\" \/>\n<meta name=\"author\" content=\"Cerso Castillo\" \/>\n<meta name=\"twitter:card\" content=\"summary_large_image\" \/>\n<meta name=\"twitter:label1\" content=\"Escrito por\" \/>\n\t<meta name=\"twitter:data1\" content=\"Cerso Castillo\" \/>\n\t<meta name=\"twitter:label2\" content=\"Tiempo estimado de lectura\" \/>\n\t<meta name=\"twitter:data2\" content=\"2 minutos\" \/>\n<script type=\"application\/ld+json\" class=\"yoast-schema-graph\">{\"@context\":\"https:\/\/schema.org\",\"@graph\":[{\"@type\":\"Article\",\"@id\":\"https:\/\/noti-america.com\/site\/repdom\/2021\/03\/20\/gobierno-de-haiti-declara-estado-de-emergencia-para-combatir-pandillas\/#article\",\"isPartOf\":{\"@id\":\"https:\/\/noti-america.com\/site\/repdom\/2021\/03\/20\/gobierno-de-haiti-declara-estado-de-emergencia-para-combatir-pandillas\/\"},\"author\":{\"name\":\"Cerso Castillo\",\"@id\":\"https:\/\/noti-america.com\/site\/repdom\/#\/schema\/person\/408e10184d87f571c50942f1d952011d\"},\"headline\":\"\u00abGobierno de Hait\u00ed declara estado de emergencia para combatir pandillas\u00bb\",\"datePublished\":\"2021-03-20T03:25:16+00:00\",\"mainEntityOfPage\":{\"@id\":\"https:\/\/noti-america.com\/site\/repdom\/2021\/03\/20\/gobierno-de-haiti-declara-estado-de-emergencia-para-combatir-pandillas\/\"},\"wordCount\":354,\"commentCount\":0,\"publisher\":{\"@id\":\"https:\/\/noti-america.com\/site\/repdom\/#organization\"},\"image\":{\"@id\":\"https:\/\/noti-america.com\/site\/repdom\/2021\/03\/20\/gobierno-de-haiti-declara-estado-de-emergencia-para-combatir-pandillas\/#primaryimage\"},\"thumbnailUrl\":\"https:\/\/noti-america.com\/site\/repdom\/wp-content\/uploads\/sites\/6\/2021\/03\/Joseph-Jouthe.jpeg\",\"articleSection\":[\"Internacionales\"],\"inLanguage\":\"es\",\"potentialAction\":[{\"@type\":\"CommentAction\",\"name\":\"Comment\",\"target\":[\"https:\/\/noti-america.com\/site\/repdom\/2021\/03\/20\/gobierno-de-haiti-declara-estado-de-emergencia-para-combatir-pandillas\/#respond\"]}]},{\"@type\":\"WebPage\",\"@id\":\"https:\/\/noti-america.com\/site\/repdom\/2021\/03\/20\/gobierno-de-haiti-declara-estado-de-emergencia-para-combatir-pandillas\/\",\"url\":\"https:\/\/noti-america.com\/site\/repdom\/2021\/03\/20\/gobierno-de-haiti-declara-estado-de-emergencia-para-combatir-pandillas\/\",\"name\":\"\\\"Gobierno de Hait\u00ed declara estado de emergencia para combatir pandillas\\\" - Rep. Dominicana | Noti-America.com\",\"isPartOf\":{\"@id\":\"https:\/\/noti-america.com\/site\/repdom\/#website\"},\"primaryImageOfPage\":{\"@id\":\"https:\/\/noti-america.com\/site\/repdom\/2021\/03\/20\/gobierno-de-haiti-declara-estado-de-emergencia-para-combatir-pandillas\/#primaryimage\"},\"image\":{\"@id\":\"https:\/\/noti-america.com\/site\/repdom\/2021\/03\/20\/gobierno-de-haiti-declara-estado-de-emergencia-para-combatir-pandillas\/#primaryimage\"},\"thumbnailUrl\":\"https:\/\/noti-america.com\/site\/repdom\/wp-content\/uploads\/sites\/6\/2021\/03\/Joseph-Jouthe.jpeg\",\"datePublished\":\"2021-03-20T03:25:16+00:00\",\"breadcrumb\":{\"@id\":\"https:\/\/noti-america.com\/site\/repdom\/2021\/03\/20\/gobierno-de-haiti-declara-estado-de-emergencia-para-combatir-pandillas\/#breadcrumb\"},\"inLanguage\":\"es\",\"potentialAction\":[{\"@type\":\"ReadAction\",\"target\":[\"https:\/\/noti-america.com\/site\/repdom\/2021\/03\/20\/gobierno-de-haiti-declara-estado-de-emergencia-para-combatir-pandillas\/\"]}]},{\"@type\":\"ImageObject\",\"inLanguage\":\"es\",\"@id\":\"https:\/\/noti-america.com\/site\/repdom\/2021\/03\/20\/gobierno-de-haiti-declara-estado-de-emergencia-para-combatir-pandillas\/#primaryimage\",\"url\":\"https:\/\/noti-america.com\/site\/repdom\/wp-content\/uploads\/sites\/6\/2021\/03\/Joseph-Jouthe.jpeg\",\"contentUrl\":\"https:\/\/noti-america.com\/site\/repdom\/wp-content\/uploads\/sites\/6\/2021\/03\/Joseph-Jouthe.jpeg\",\"width\":1080,\"height\":721},{\"@type\":\"BreadcrumbList\",\"@id\":\"https:\/\/noti-america.com\/site\/repdom\/2021\/03\/20\/gobierno-de-haiti-declara-estado-de-emergencia-para-combatir-pandillas\/#breadcrumb\",\"itemListElement\":[{\"@type\":\"ListItem\",\"position\":1,\"name\":\"Portada\",\"item\":\"https:\/\/noti-america.com\/site\/repdom\/\"},{\"@type\":\"ListItem\",\"position\":2,\"name\":\"\u00abGobierno de Hait\u00ed declara estado de emergencia para combatir pandillas\u00bb\"}]},{\"@type\":\"WebSite\",\"@id\":\"https:\/\/noti-america.com\/site\/repdom\/#website\",\"url\":\"https:\/\/noti-america.com\/site\/repdom\/\",\"name\":\"Rep. Dominicana | Noti-America.com\",\"description\":\"\",\"publisher\":{\"@id\":\"https:\/\/noti-america.com\/site\/repdom\/#organization\"},\"potentialAction\":[{\"@type\":\"SearchAction\",\"target\":{\"@type\":\"EntryPoint\",\"urlTemplate\":\"https:\/\/noti-america.com\/site\/repdom\/?s={search_term_string}\"},\"query-input\":{\"@type\":\"PropertyValueSpecification\",\"valueRequired\":true,\"valueName\":\"search_term_string\"}}],\"inLanguage\":\"es\"},{\"@type\":\"Organization\",\"@id\":\"https:\/\/noti-america.com\/site\/repdom\/#organization\",\"name\":\"Noti-America LLC | Rep\u00fablica Dominicana\",\"url\":\"https:\/\/noti-america.com\/site\/repdom\/\",\"logo\":{\"@type\":\"ImageObject\",\"inLanguage\":\"es\",\"@id\":\"https:\/\/noti-america.com\/site\/repdom\/#\/schema\/logo\/image\/\",\"url\":\"https:\/\/noti-america.com\/site\/repdom\/wp-content\/uploads\/sites\/6\/2020\/07\/LogoNA-4x3-1.jpg\",\"contentUrl\":\"https:\/\/noti-america.com\/site\/repdom\/wp-content\/uploads\/sites\/6\/2020\/07\/LogoNA-4x3-1.jpg\",\"width\":1236,\"height\":1080,\"caption\":\"Noti-America LLC | Rep\u00fablica Dominicana\"},\"image\":{\"@id\":\"https:\/\/noti-america.com\/site\/repdom\/#\/schema\/logo\/image\/\"}},{\"@type\":\"Person\",\"@id\":\"https:\/\/noti-america.com\/site\/repdom\/#\/schema\/person\/408e10184d87f571c50942f1d952011d\",\"name\":\"Cerso Castillo\",\"image\":{\"@type\":\"ImageObject\",\"inLanguage\":\"es\",\"@id\":\"https:\/\/secure.gravatar.com\/avatar\/cdbd3acf34ce68a34b34df99954821070986715ab3e264b63c5395bd1ddd529d?s=96&d=mm&r=g\",\"url\":\"https:\/\/secure.gravatar.com\/avatar\/cdbd3acf34ce68a34b34df99954821070986715ab3e264b63c5395bd1ddd529d?s=96&d=mm&r=g\",\"contentUrl\":\"https:\/\/secure.gravatar.com\/avatar\/cdbd3acf34ce68a34b34df99954821070986715ab3e264b63c5395bd1ddd529d?s=96&d=mm&r=g\",\"caption\":\"Cerso Castillo\"},\"description\":\"Comunicador &amp; Periodista, Locutor, Maestro de Ceremonias, Animador, Orador, Dominio Escenico, Productor de Tv &amp; Radio, Lider Consejero de Camp., Mentor Honorifico, Coach Comunicacional, Manejo de Paq. De Office, Dominio del Portugues, manejo del Ingles Intermedio &amp; Productor General del Programa Digital Conexi\u00f3n Sin Limites RD.\",\"sameAs\":[\"https:\/\/www.facebook.com\/conexionsinlimitesrd\/\"],\"url\":\"https:\/\/noti-america.com\/site\/repdom\/author\/ccastillo\/\"}]}<\/script>\n<!-- \/ Yoast SEO Premium plugin. -->","yoast_head_json":{"title":"\"Gobierno de Hait\u00ed declara estado de emergencia para combatir pandillas\" - Rep. Dominicana | Noti-America.com","robots":{"index":"index","follow":"follow","max-snippet":"max-snippet:-1","max-image-preview":"max-image-preview:large","max-video-preview":"max-video-preview:-1"},"canonical":"https:\/\/noti-america.com\/site\/repdom\/2021\/03\/20\/gobierno-de-haiti-declara-estado-de-emergencia-para-combatir-pandillas\/","og_locale":"es_ES","og_type":"article","og_title":"\"Gobierno de Hait\u00ed declara estado de emergencia para combatir pandillas\"","og_description":"NOTI-AMERICA (REPUBLICA DOMINICANA)\u00a0 HAITI_ El gobierno de Hait\u00ed decret\u00f3 el estado de emergencia por un mes con el fin de \u00abrestaurar la autoridad del Estado\u00bb en \u00e1reas controladas por pandillas, dijo este jueves el&#46;&#46;&#46;","og_url":"https:\/\/noti-america.com\/site\/repdom\/2021\/03\/20\/gobierno-de-haiti-declara-estado-de-emergencia-para-combatir-pandillas\/","og_site_name":"Rep. Dominicana | Noti-America.com","article_published_time":"2021-03-20T03:25:16+00:00","og_image":[{"width":1080,"height":721,"url":"https:\/\/noti-america.com\/site\/repdom\/wp-content\/uploads\/sites\/6\/2021\/03\/Joseph-Jouthe.jpeg","type":"image\/jpeg"}],"author":"Cerso Castillo","twitter_card":"summary_large_image","twitter_misc":{"Escrito por":"Cerso Castillo","Tiempo estimado de lectura":"2 minutos"},"schema":{"@context":"https:\/\/schema.org","@graph":[{"@type":"Article","@id":"https:\/\/noti-america.com\/site\/repdom\/2021\/03\/20\/gobierno-de-haiti-declara-estado-de-emergencia-para-combatir-pandillas\/#article","isPartOf":{"@id":"https:\/\/noti-america.com\/site\/repdom\/2021\/03\/20\/gobierno-de-haiti-declara-estado-de-emergencia-para-combatir-pandillas\/"},"author":{"name":"Cerso Castillo","@id":"https:\/\/noti-america.com\/site\/repdom\/#\/schema\/person\/408e10184d87f571c50942f1d952011d"},"headline":"\u00abGobierno de Hait\u00ed declara estado de emergencia para combatir pandillas\u00bb","datePublished":"2021-03-20T03:25:16+00:00","mainEntityOfPage":{"@id":"https:\/\/noti-america.com\/site\/repdom\/2021\/03\/20\/gobierno-de-haiti-declara-estado-de-emergencia-para-combatir-pandillas\/"},"wordCount":354,"commentCount":0,"publisher":{"@id":"https:\/\/noti-america.com\/site\/repdom\/#organization"},"image":{"@id":"https:\/\/noti-america.com\/site\/repdom\/2021\/03\/20\/gobierno-de-haiti-declara-estado-de-emergencia-para-combatir-pandillas\/#primaryimage"},"thumbnailUrl":"https:\/\/noti-america.com\/site\/repdom\/wp-content\/uploads\/sites\/6\/2021\/03\/Joseph-Jouthe.jpeg","articleSection":["Internacionales"],"inLanguage":"es","potentialAction":[{"@type":"CommentAction","name":"Comment","target":["https:\/\/noti-america.com\/site\/repdom\/2021\/03\/20\/gobierno-de-haiti-declara-estado-de-emergencia-para-combatir-pandillas\/#respond"]}]},{"@type":"WebPage","@id":"https:\/\/noti-america.com\/site\/repdom\/2021\/03\/20\/gobierno-de-haiti-declara-estado-de-emergencia-para-combatir-pandillas\/","url":"https:\/\/noti-america.com\/site\/repdom\/2021\/03\/20\/gobierno-de-haiti-declara-estado-de-emergencia-para-combatir-pandillas\/","name":"\"Gobierno de Hait\u00ed declara estado de emergencia para combatir pandillas\" - Rep. Dominicana | Noti-America.com","isPartOf":{"@id":"https:\/\/noti-america.com\/site\/repdom\/#website"},"primaryImageOfPage":{"@id":"https:\/\/noti-america.com\/site\/repdom\/2021\/03\/20\/gobierno-de-haiti-declara-estado-de-emergencia-para-combatir-pandillas\/#primaryimage"},"image":{"@id":"https:\/\/noti-america.com\/site\/repdom\/2021\/03\/20\/gobierno-de-haiti-declara-estado-de-emergencia-para-combatir-pandillas\/#primaryimage"},"thumbnailUrl":"https:\/\/noti-america.com\/site\/repdom\/wp-content\/uploads\/sites\/6\/2021\/03\/Joseph-Jouthe.jpeg","datePublished":"2021-03-20T03:25:16+00:00","breadcrumb":{"@id":"https:\/\/noti-america.com\/site\/repdom\/2021\/03\/20\/gobierno-de-haiti-declara-estado-de-emergencia-para-combatir-pandillas\/#breadcrumb"},"inLanguage":"es","potentialAction":[{"@type":"ReadAction","target":["https:\/\/noti-america.com\/site\/repdom\/2021\/03\/20\/gobierno-de-haiti-declara-estado-de-emergencia-para-combatir-pandillas\/"]}]},{"@type":"ImageObject","inLanguage":"es","@id":"https:\/\/noti-america.com\/site\/repdom\/2021\/03\/20\/gobierno-de-haiti-declara-estado-de-emergencia-para-combatir-pandillas\/#primaryimage","url":"https:\/\/noti-america.com\/site\/repdom\/wp-content\/uploads\/sites\/6\/2021\/03\/Joseph-Jouthe.jpeg","contentUrl":"https:\/\/noti-america.com\/site\/repdom\/wp-content\/uploads\/sites\/6\/2021\/03\/Joseph-Jouthe.jpeg","width":1080,"height":721},{"@type":"BreadcrumbList","@id":"https:\/\/noti-america.com\/site\/repdom\/2021\/03\/20\/gobierno-de-haiti-declara-estado-de-emergencia-para-combatir-pandillas\/#breadcrumb","itemListElement":[{"@type":"ListItem","position":1,"name":"Portada","item":"https:\/\/noti-america.com\/site\/repdom\/"},{"@type":"ListItem","position":2,"name":"\u00abGobierno de Hait\u00ed declara estado de emergencia para combatir pandillas\u00bb"}]},{"@type":"WebSite","@id":"https:\/\/noti-america.com\/site\/repdom\/#website","url":"https:\/\/noti-america.com\/site\/repdom\/","name":"Rep. Dominicana | Noti-America.com","description":"","publisher":{"@id":"https:\/\/noti-america.com\/site\/repdom\/#organization"},"potentialAction":[{"@type":"SearchAction","target":{"@type":"EntryPoint","urlTemplate":"https:\/\/noti-america.com\/site\/repdom\/?s={search_term_string}"},"query-input":{"@type":"PropertyValueSpecification","valueRequired":true,"valueName":"search_term_string"}}],"inLanguage":"es"},{"@type":"Organization","@id":"https:\/\/noti-america.com\/site\/repdom\/#organization","name":"Noti-America LLC | Rep\u00fablica Dominicana","url":"https:\/\/noti-america.com\/site\/repdom\/","logo":{"@type":"ImageObject","inLanguage":"es","@id":"https:\/\/noti-america.com\/site\/repdom\/#\/schema\/logo\/image\/","url":"https:\/\/noti-america.com\/site\/repdom\/wp-content\/uploads\/sites\/6\/2020\/07\/LogoNA-4x3-1.jpg","contentUrl":"https:\/\/noti-america.com\/site\/repdom\/wp-content\/uploads\/sites\/6\/2020\/07\/LogoNA-4x3-1.jpg","width":1236,"height":1080,"caption":"Noti-America LLC | Rep\u00fablica Dominicana"},"image":{"@id":"https:\/\/noti-america.com\/site\/repdom\/#\/schema\/logo\/image\/"}},{"@type":"Person","@id":"https:\/\/noti-america.com\/site\/repdom\/#\/schema\/person\/408e10184d87f571c50942f1d952011d","name":"Cerso Castillo","image":{"@type":"ImageObject","inLanguage":"es","@id":"https:\/\/secure.gravatar.com\/avatar\/cdbd3acf34ce68a34b34df99954821070986715ab3e264b63c5395bd1ddd529d?s=96&d=mm&r=g","url":"https:\/\/secure.gravatar.com\/avatar\/cdbd3acf34ce68a34b34df99954821070986715ab3e264b63c5395bd1ddd529d?s=96&d=mm&r=g","contentUrl":"https:\/\/secure.gravatar.com\/avatar\/cdbd3acf34ce68a34b34df99954821070986715ab3e264b63c5395bd1ddd529d?s=96&d=mm&r=g","caption":"Cerso Castillo"},"description":"Comunicador &amp; Periodista, Locutor, Maestro de Ceremonias, Animador, Orador, Dominio Escenico, Productor de Tv &amp; Radio, Lider Consejero de Camp., Mentor Honorifico, Coach Comunicacional, Manejo de Paq. De Office, Dominio del Portugues, manejo del Ingles Intermedio &amp; Productor General del Programa Digital Conexi\u00f3n Sin Limites RD.","sameAs":["https:\/\/www.facebook.com\/conexionsinlimitesrd\/"],"url":"https:\/\/noti-america.com\/site\/repdom\/author\/ccastillo\/"}]}},"_links":{"self":[{"href":"https:\/\/noti-america.com\/site\/repdom\/wp-json\/wp\/v2\/posts\/9309","targetHints":{"allow":["GET"]}}],"collection":[{"href":"https:\/\/noti-america.com\/site\/repdom\/wp-json\/wp\/v2\/posts"}],"about":[{"href":"https:\/\/noti-america.com\/site\/repdom\/wp-json\/wp\/v2\/types\/post"}],"author":[{"embeddable":true,"href":"https:\/\/noti-america.com\/site\/repdom\/wp-json\/wp\/v2\/users\/90"}],"replies":[{"embeddable":true,"href":"https:\/\/noti-america.com\/site\/repdom\/wp-json\/wp\/v2\/comments?post=9309"}],"version-history":[{"count":2,"href":"https:\/\/noti-america.com\/site\/repdom\/wp-json\/wp\/v2\/posts\/9309\/revisions"}],"predecessor-version":[{"id":9317,"href":"https:\/\/noti-america.com\/site\/repdom\/wp-json\/wp\/v2\/posts\/9309\/revisions\/9317"}],"wp:featuredmedia":[{"embeddable":true,"href":"https:\/\/noti-america.com\/site\/repdom\/wp-json\/wp\/v2\/media\/9313"}],"wp:attachment":[{"href":"https:\/\/noti-america.com\/site\/repdom\/wp-json\/wp\/v2\/media?parent=9309"}],"wp:term":[{"taxonomy":"category","embeddable":true,"href":"https:\/\/noti-america.com\/site\/repdom\/wp-json\/wp\/v2\/categories?post=9309"},{"taxonomy":"post_tag","embeddable":true,"href":"https:\/\/noti-america.com\/site\/repdom\/wp-json\/wp\/v2\/tags?post=9309"}],"curies":[{"name":"wp","href":"https:\/\/api.w.org\/{rel}","templated":true}]}}