{"id":9110,"date":"2021-03-12T16:45:35","date_gmt":"2021-03-12T16:45:35","guid":{"rendered":"https:\/\/noti-america.com\/site\/repdom\/?p=9110"},"modified":"2021-03-12T16:45:35","modified_gmt":"2021-03-12T16:45:35","slug":"vacuna-de-astrazeneca-es-suspendida-por-medida-de-precaucion-dice-oms","status":"publish","type":"post","link":"https:\/\/noti-america.com\/site\/repdom\/2021\/03\/12\/vacuna-de-astrazeneca-es-suspendida-por-medida-de-precaucion-dice-oms\/","title":{"rendered":"Vacuna de AstraZeneca es suspendida por medida\u00a0 de precauci\u00f3n, dice OMS."},"content":{"rendered":"<p>Por <strong>Addy Arias<\/strong><\/p>\n<p>Santo Domingo<\/p>\n<p><img loading=\"lazy\" decoding=\"async\" class=\"alignnone wp-image-9111 size-large\" src=\"https:\/\/noti-america.com\/site\/repdom\/wp-content\/uploads\/sites\/6\/2021\/03\/bcdd7243-419a-4a46-954b-74454537b3f7_alta-libre-aspect-ratio_default_0-1024x629.jpg\" alt=\"\" width=\"1024\" height=\"629\" srcset=\"https:\/\/noti-america.com\/site\/repdom\/wp-content\/uploads\/sites\/6\/2021\/03\/bcdd7243-419a-4a46-954b-74454537b3f7_alta-libre-aspect-ratio_default_0-1024x629.jpg 1024w, https:\/\/noti-america.com\/site\/repdom\/wp-content\/uploads\/sites\/6\/2021\/03\/bcdd7243-419a-4a46-954b-74454537b3f7_alta-libre-aspect-ratio_default_0-300x184.jpg 300w, https:\/\/noti-america.com\/site\/repdom\/wp-content\/uploads\/sites\/6\/2021\/03\/bcdd7243-419a-4a46-954b-74454537b3f7_alta-libre-aspect-ratio_default_0-768x472.jpg 768w, https:\/\/noti-america.com\/site\/repdom\/wp-content\/uploads\/sites\/6\/2021\/03\/bcdd7243-419a-4a46-954b-74454537b3f7_alta-libre-aspect-ratio_default_0.jpg 1200w\" sizes=\"auto, (max-width: 1024px) 100vw, 1024px\" \/><\/p>\n<h2 style=\"text-align: justify\"><strong>La decisi\u00f3n de suspender temporalmente el uso de la vacuna de AstraZeneca ha sido por decisi\u00f3n de varios pa\u00edses europeos. Recordando que se trata de una medida que afecta a un lote espec\u00edfico de la vacuna que se hab\u00eda distribuido en la Uni\u00f3n Europea.<\/strong><\/h2>\n<p style=\"text-align: justify\"><span style=\"font-weight: 400\">Ninguna relaci\u00f3n causal entre la vacuna y eventos tromboemb\u00f3licos u otras afecciones relacionadas con co\u00e1gulos sangu\u00edneos ha quedado en evidencia, indic\u00f3 la portavoz de la OMS, Margaret Harris.<\/span><\/p>\n<p style=\"text-align: justify\"><span style=\"font-weight: 400\">La suspensi\u00f3n de la inmunizaci\u00f3n con esta vacuna en concreto \u00abse ha decidido como medida de precauci\u00f3n en tanto se realiza una investigaci\u00f3n completa\u00bb, explic\u00f3 a la prensa en Ginebra, donde la OMS tiene su sede global.<\/span><\/p>\n<p style=\"text-align: justify\"><span style=\"font-weight: 400\">Record\u00f3 que el comit\u00e9 de seguridad de la Agencia Europea del Medicamento (EMA), reunido este jueves para analizar el asunto, no encontr\u00f3 indicios que de que vacunaci\u00f3n fuese causante de esas afecciones.<\/span><\/p>\n<p style=\"text-align: justify\"><span style=\"font-weight: 400\">Un comit\u00e9 de vacunas de la OMS tambi\u00e9n est\u00e1 haciendo una evaluaci\u00f3n constante de la vacuna de AstraZeneca y de las otras contra la covid-19 que se est\u00e1n administrando en diversos pa\u00edses.<\/span><\/p>\n<p style=\"text-align: justify\"><span style=\"font-weight: 400\">Harris indic\u00f3 que en respuesta a las preocupaciones que han surgido en cuanto a la vacuna de AstraZeneca, el comit\u00e9 de la OMS est\u00e1 haciendo una evaluaci\u00f3n minuciosa y que sus conclusiones &#8211;una vez que est\u00e9n listas&#8211; ser\u00e1n hechas p\u00fablicas.<\/span><\/p>\n<p style=\"text-align: justify\"><span style=\"font-weight: 400\">\u00abLa vacunaci\u00f3n contra la covid-19 no reduce las muertes por otras causas m\u00faltiples. Los eventos tromboemb\u00f3licos ocurren en la poblaci\u00f3n, as\u00ed que no est\u00e1 claro si esto es algo que de todos modos iba a ocurrir o si hab\u00eda alguna relaci\u00f3n (con la vacuna)\u00bb, coment\u00f3 la portavoz.<\/span><\/p>\n<p style=\"text-align: justify\"><span style=\"font-weight: 400\">La OMS lleva el recuento de 268 millones de dosis administradas hasta el momento en el mundo y no ha detectado ninguna muerte relacionada con alguna de las vacunas utilizadas contra la covid-19.<\/span><\/p>\n<p style=\"text-align: justify\"><span style=\"font-weight: 400\">Fuente: <strong>List\u00edn Diario<\/strong><\/span><\/p>\n<p style=\"text-align: justify\"><span style=\"font-weight: 400\"><strong>\u00a0<\/strong><\/span><\/p>\n<p>&nbsp;<\/p>\n","protected":false},"excerpt":{"rendered":"<p>Por Addy Arias Santo Domingo La decisi\u00f3n de suspender temporalmente el uso de la vacuna de AstraZeneca ha sido por decisi\u00f3n de varios pa\u00edses europeos. Recordando que se trata de una medida que afecta&#46;&#46;&#46;<\/p>\n","protected":false},"author":98,"featured_media":0,"comment_status":"open","ping_status":"open","sticky":false,"template":"","format":"standard","meta":{"_acf_changed":false,"rop_custom_images_group":[],"rop_custom_messages_group":[],"rop_publish_now":"initial","rop_publish_now_accounts":[],"rop_publish_now_history":[],"rop_publish_now_status":"pending","footnotes":""},"categories":[13],"tags":[],"class_list":["post-9110","post","type-post","status-publish","format-standard","hentry","category-vida-y-salud"],"acf":[],"yoast_head":"<!-- This site is optimized with the Yoast SEO Premium plugin v24.9 (Yoast SEO v27.2) - https:\/\/yoast.com\/product\/yoast-seo-premium-wordpress\/ -->\n<title>Vacuna de AstraZeneca es suspendida por medida\u00a0 de precauci\u00f3n, dice OMS. - Rep. Dominicana | Noti-America.com<\/title>\n<meta name=\"robots\" content=\"index, follow, max-snippet:-1, max-image-preview:large, max-video-preview:-1\" \/>\n<link rel=\"canonical\" href=\"https:\/\/noti-america.com\/site\/repdom\/2021\/03\/12\/vacuna-de-astrazeneca-es-suspendida-por-medida-de-precaucion-dice-oms\/\" \/>\n<meta property=\"og:locale\" content=\"es_ES\" \/>\n<meta property=\"og:type\" content=\"article\" \/>\n<meta property=\"og:title\" content=\"Vacuna de AstraZeneca es suspendida por medida\u00a0 de precauci\u00f3n, dice OMS.\" \/>\n<meta property=\"og:description\" content=\"Por Addy Arias Santo Domingo La decisi\u00f3n de suspender temporalmente el uso de la vacuna de AstraZeneca ha sido por decisi\u00f3n de varios pa\u00edses europeos. Recordando que se trata de una medida que afecta&#046;&#046;&#046;\" \/>\n<meta property=\"og:url\" content=\"https:\/\/noti-america.com\/site\/repdom\/2021\/03\/12\/vacuna-de-astrazeneca-es-suspendida-por-medida-de-precaucion-dice-oms\/\" \/>\n<meta property=\"og:site_name\" content=\"Rep. Dominicana | Noti-America.com\" \/>\n<meta property=\"article:published_time\" content=\"2021-03-12T16:45:35+00:00\" \/>\n<meta property=\"og:image\" content=\"https:\/\/noti-america.com\/site\/repdom\/wp-content\/uploads\/sites\/6\/2021\/03\/bcdd7243-419a-4a46-954b-74454537b3f7_alta-libre-aspect-ratio_default_0-1024x629.jpg\" \/>\n<meta name=\"author\" content=\"Rosanna Adames\" \/>\n<meta name=\"twitter:card\" content=\"summary_large_image\" \/>\n<meta name=\"twitter:label1\" content=\"Escrito por\" \/>\n\t<meta name=\"twitter:data1\" content=\"Rosanna Adames\" \/>\n\t<meta name=\"twitter:label2\" content=\"Tiempo estimado de lectura\" \/>\n\t<meta name=\"twitter:data2\" content=\"2 minutos\" \/>\n<script type=\"application\/ld+json\" class=\"yoast-schema-graph\">{\"@context\":\"https:\/\/schema.org\",\"@graph\":[{\"@type\":\"Article\",\"@id\":\"https:\/\/noti-america.com\/site\/repdom\/2021\/03\/12\/vacuna-de-astrazeneca-es-suspendida-por-medida-de-precaucion-dice-oms\/#article\",\"isPartOf\":{\"@id\":\"https:\/\/noti-america.com\/site\/repdom\/2021\/03\/12\/vacuna-de-astrazeneca-es-suspendida-por-medida-de-precaucion-dice-oms\/\"},\"author\":{\"name\":\"Rosanna Adames\",\"@id\":\"https:\/\/noti-america.com\/site\/repdom\/#\/schema\/person\/6c4e217cd218be60f7a73760635f7672\"},\"headline\":\"Vacuna de AstraZeneca es suspendida por medida\u00a0 de precauci\u00f3n, dice OMS.\",\"datePublished\":\"2021-03-12T16:45:35+00:00\",\"mainEntityOfPage\":{\"@id\":\"https:\/\/noti-america.com\/site\/repdom\/2021\/03\/12\/vacuna-de-astrazeneca-es-suspendida-por-medida-de-precaucion-dice-oms\/\"},\"wordCount\":343,\"commentCount\":0,\"publisher\":{\"@id\":\"https:\/\/noti-america.com\/site\/repdom\/#organization\"},\"image\":{\"@id\":\"https:\/\/noti-america.com\/site\/repdom\/2021\/03\/12\/vacuna-de-astrazeneca-es-suspendida-por-medida-de-precaucion-dice-oms\/#primaryimage\"},\"thumbnailUrl\":\"https:\/\/noti-america.com\/site\/repdom\/wp-content\/uploads\/sites\/6\/2021\/03\/bcdd7243-419a-4a46-954b-74454537b3f7_alta-libre-aspect-ratio_default_0-1024x629.jpg\",\"articleSection\":[\"Vida y Salud\"],\"inLanguage\":\"es\",\"potentialAction\":[{\"@type\":\"CommentAction\",\"name\":\"Comment\",\"target\":[\"https:\/\/noti-america.com\/site\/repdom\/2021\/03\/12\/vacuna-de-astrazeneca-es-suspendida-por-medida-de-precaucion-dice-oms\/#respond\"]}]},{\"@type\":\"WebPage\",\"@id\":\"https:\/\/noti-america.com\/site\/repdom\/2021\/03\/12\/vacuna-de-astrazeneca-es-suspendida-por-medida-de-precaucion-dice-oms\/\",\"url\":\"https:\/\/noti-america.com\/site\/repdom\/2021\/03\/12\/vacuna-de-astrazeneca-es-suspendida-por-medida-de-precaucion-dice-oms\/\",\"name\":\"Vacuna de AstraZeneca es suspendida por medida\u00a0 de precauci\u00f3n, dice OMS. - Rep. Dominicana | Noti-America.com\",\"isPartOf\":{\"@id\":\"https:\/\/noti-america.com\/site\/repdom\/#website\"},\"primaryImageOfPage\":{\"@id\":\"https:\/\/noti-america.com\/site\/repdom\/2021\/03\/12\/vacuna-de-astrazeneca-es-suspendida-por-medida-de-precaucion-dice-oms\/#primaryimage\"},\"image\":{\"@id\":\"https:\/\/noti-america.com\/site\/repdom\/2021\/03\/12\/vacuna-de-astrazeneca-es-suspendida-por-medida-de-precaucion-dice-oms\/#primaryimage\"},\"thumbnailUrl\":\"https:\/\/noti-america.com\/site\/repdom\/wp-content\/uploads\/sites\/6\/2021\/03\/bcdd7243-419a-4a46-954b-74454537b3f7_alta-libre-aspect-ratio_default_0-1024x629.jpg\",\"datePublished\":\"2021-03-12T16:45:35+00:00\",\"breadcrumb\":{\"@id\":\"https:\/\/noti-america.com\/site\/repdom\/2021\/03\/12\/vacuna-de-astrazeneca-es-suspendida-por-medida-de-precaucion-dice-oms\/#breadcrumb\"},\"inLanguage\":\"es\",\"potentialAction\":[{\"@type\":\"ReadAction\",\"target\":[\"https:\/\/noti-america.com\/site\/repdom\/2021\/03\/12\/vacuna-de-astrazeneca-es-suspendida-por-medida-de-precaucion-dice-oms\/\"]}]},{\"@type\":\"ImageObject\",\"inLanguage\":\"es\",\"@id\":\"https:\/\/noti-america.com\/site\/repdom\/2021\/03\/12\/vacuna-de-astrazeneca-es-suspendida-por-medida-de-precaucion-dice-oms\/#primaryimage\",\"url\":\"https:\/\/noti-america.com\/site\/repdom\/wp-content\/uploads\/sites\/6\/2021\/03\/bcdd7243-419a-4a46-954b-74454537b3f7_alta-libre-aspect-ratio_default_0.jpg\",\"contentUrl\":\"https:\/\/noti-america.com\/site\/repdom\/wp-content\/uploads\/sites\/6\/2021\/03\/bcdd7243-419a-4a46-954b-74454537b3f7_alta-libre-aspect-ratio_default_0.jpg\",\"width\":1200,\"height\":737},{\"@type\":\"BreadcrumbList\",\"@id\":\"https:\/\/noti-america.com\/site\/repdom\/2021\/03\/12\/vacuna-de-astrazeneca-es-suspendida-por-medida-de-precaucion-dice-oms\/#breadcrumb\",\"itemListElement\":[{\"@type\":\"ListItem\",\"position\":1,\"name\":\"Portada\",\"item\":\"https:\/\/noti-america.com\/site\/repdom\/\"},{\"@type\":\"ListItem\",\"position\":2,\"name\":\"Vacuna de AstraZeneca es suspendida por medida\u00a0 de precauci\u00f3n, dice OMS.\"}]},{\"@type\":\"WebSite\",\"@id\":\"https:\/\/noti-america.com\/site\/repdom\/#website\",\"url\":\"https:\/\/noti-america.com\/site\/repdom\/\",\"name\":\"Rep. Dominicana | Noti-America.com\",\"description\":\"\",\"publisher\":{\"@id\":\"https:\/\/noti-america.com\/site\/repdom\/#organization\"},\"potentialAction\":[{\"@type\":\"SearchAction\",\"target\":{\"@type\":\"EntryPoint\",\"urlTemplate\":\"https:\/\/noti-america.com\/site\/repdom\/?s={search_term_string}\"},\"query-input\":{\"@type\":\"PropertyValueSpecification\",\"valueRequired\":true,\"valueName\":\"search_term_string\"}}],\"inLanguage\":\"es\"},{\"@type\":\"Organization\",\"@id\":\"https:\/\/noti-america.com\/site\/repdom\/#organization\",\"name\":\"Noti-America LLC | Rep\u00fablica Dominicana\",\"url\":\"https:\/\/noti-america.com\/site\/repdom\/\",\"logo\":{\"@type\":\"ImageObject\",\"inLanguage\":\"es\",\"@id\":\"https:\/\/noti-america.com\/site\/repdom\/#\/schema\/logo\/image\/\",\"url\":\"https:\/\/noti-america.com\/site\/repdom\/wp-content\/uploads\/sites\/6\/2020\/07\/LogoNA-4x3-1.jpg\",\"contentUrl\":\"https:\/\/noti-america.com\/site\/repdom\/wp-content\/uploads\/sites\/6\/2020\/07\/LogoNA-4x3-1.jpg\",\"width\":1236,\"height\":1080,\"caption\":\"Noti-America LLC | Rep\u00fablica Dominicana\"},\"image\":{\"@id\":\"https:\/\/noti-america.com\/site\/repdom\/#\/schema\/logo\/image\/\"}},{\"@type\":\"Person\",\"@id\":\"https:\/\/noti-america.com\/site\/repdom\/#\/schema\/person\/6c4e217cd218be60f7a73760635f7672\",\"name\":\"Rosanna Adames\",\"image\":{\"@type\":\"ImageObject\",\"inLanguage\":\"es\",\"@id\":\"https:\/\/secure.gravatar.com\/avatar\/63eee61f8737fc160d69147c1de3536bc2b11dfaf5b11dd491df18aba0994278?s=96&d=mm&r=g\",\"url\":\"https:\/\/secure.gravatar.com\/avatar\/63eee61f8737fc160d69147c1de3536bc2b11dfaf5b11dd491df18aba0994278?s=96&d=mm&r=g\",\"contentUrl\":\"https:\/\/secure.gravatar.com\/avatar\/63eee61f8737fc160d69147c1de3536bc2b11dfaf5b11dd491df18aba0994278?s=96&d=mm&r=g\",\"caption\":\"Rosanna Adames\"},\"url\":\"https:\/\/noti-america.com\/site\/repdom\/author\/radames\/\"}]}<\/script>\n<!-- \/ Yoast SEO Premium plugin. -->","yoast_head_json":{"title":"Vacuna de AstraZeneca es suspendida por medida\u00a0 de precauci\u00f3n, dice OMS. - Rep. Dominicana | Noti-America.com","robots":{"index":"index","follow":"follow","max-snippet":"max-snippet:-1","max-image-preview":"max-image-preview:large","max-video-preview":"max-video-preview:-1"},"canonical":"https:\/\/noti-america.com\/site\/repdom\/2021\/03\/12\/vacuna-de-astrazeneca-es-suspendida-por-medida-de-precaucion-dice-oms\/","og_locale":"es_ES","og_type":"article","og_title":"Vacuna de AstraZeneca es suspendida por medida\u00a0 de precauci\u00f3n, dice OMS.","og_description":"Por Addy Arias Santo Domingo La decisi\u00f3n de suspender temporalmente el uso de la vacuna de AstraZeneca ha sido por decisi\u00f3n de varios pa\u00edses europeos. Recordando que se trata de una medida que afecta&#46;&#46;&#46;","og_url":"https:\/\/noti-america.com\/site\/repdom\/2021\/03\/12\/vacuna-de-astrazeneca-es-suspendida-por-medida-de-precaucion-dice-oms\/","og_site_name":"Rep. Dominicana | Noti-America.com","article_published_time":"2021-03-12T16:45:35+00:00","og_image":[{"url":"https:\/\/noti-america.com\/site\/repdom\/wp-content\/uploads\/sites\/6\/2021\/03\/bcdd7243-419a-4a46-954b-74454537b3f7_alta-libre-aspect-ratio_default_0-1024x629.jpg","type":"","width":"","height":""}],"author":"Rosanna Adames","twitter_card":"summary_large_image","twitter_misc":{"Escrito por":"Rosanna Adames","Tiempo estimado de lectura":"2 minutos"},"schema":{"@context":"https:\/\/schema.org","@graph":[{"@type":"Article","@id":"https:\/\/noti-america.com\/site\/repdom\/2021\/03\/12\/vacuna-de-astrazeneca-es-suspendida-por-medida-de-precaucion-dice-oms\/#article","isPartOf":{"@id":"https:\/\/noti-america.com\/site\/repdom\/2021\/03\/12\/vacuna-de-astrazeneca-es-suspendida-por-medida-de-precaucion-dice-oms\/"},"author":{"name":"Rosanna Adames","@id":"https:\/\/noti-america.com\/site\/repdom\/#\/schema\/person\/6c4e217cd218be60f7a73760635f7672"},"headline":"Vacuna de AstraZeneca es suspendida por medida\u00a0 de precauci\u00f3n, dice OMS.","datePublished":"2021-03-12T16:45:35+00:00","mainEntityOfPage":{"@id":"https:\/\/noti-america.com\/site\/repdom\/2021\/03\/12\/vacuna-de-astrazeneca-es-suspendida-por-medida-de-precaucion-dice-oms\/"},"wordCount":343,"commentCount":0,"publisher":{"@id":"https:\/\/noti-america.com\/site\/repdom\/#organization"},"image":{"@id":"https:\/\/noti-america.com\/site\/repdom\/2021\/03\/12\/vacuna-de-astrazeneca-es-suspendida-por-medida-de-precaucion-dice-oms\/#primaryimage"},"thumbnailUrl":"https:\/\/noti-america.com\/site\/repdom\/wp-content\/uploads\/sites\/6\/2021\/03\/bcdd7243-419a-4a46-954b-74454537b3f7_alta-libre-aspect-ratio_default_0-1024x629.jpg","articleSection":["Vida y Salud"],"inLanguage":"es","potentialAction":[{"@type":"CommentAction","name":"Comment","target":["https:\/\/noti-america.com\/site\/repdom\/2021\/03\/12\/vacuna-de-astrazeneca-es-suspendida-por-medida-de-precaucion-dice-oms\/#respond"]}]},{"@type":"WebPage","@id":"https:\/\/noti-america.com\/site\/repdom\/2021\/03\/12\/vacuna-de-astrazeneca-es-suspendida-por-medida-de-precaucion-dice-oms\/","url":"https:\/\/noti-america.com\/site\/repdom\/2021\/03\/12\/vacuna-de-astrazeneca-es-suspendida-por-medida-de-precaucion-dice-oms\/","name":"Vacuna de AstraZeneca es suspendida por medida\u00a0 de precauci\u00f3n, dice OMS. - Rep. Dominicana | Noti-America.com","isPartOf":{"@id":"https:\/\/noti-america.com\/site\/repdom\/#website"},"primaryImageOfPage":{"@id":"https:\/\/noti-america.com\/site\/repdom\/2021\/03\/12\/vacuna-de-astrazeneca-es-suspendida-por-medida-de-precaucion-dice-oms\/#primaryimage"},"image":{"@id":"https:\/\/noti-america.com\/site\/repdom\/2021\/03\/12\/vacuna-de-astrazeneca-es-suspendida-por-medida-de-precaucion-dice-oms\/#primaryimage"},"thumbnailUrl":"https:\/\/noti-america.com\/site\/repdom\/wp-content\/uploads\/sites\/6\/2021\/03\/bcdd7243-419a-4a46-954b-74454537b3f7_alta-libre-aspect-ratio_default_0-1024x629.jpg","datePublished":"2021-03-12T16:45:35+00:00","breadcrumb":{"@id":"https:\/\/noti-america.com\/site\/repdom\/2021\/03\/12\/vacuna-de-astrazeneca-es-suspendida-por-medida-de-precaucion-dice-oms\/#breadcrumb"},"inLanguage":"es","potentialAction":[{"@type":"ReadAction","target":["https:\/\/noti-america.com\/site\/repdom\/2021\/03\/12\/vacuna-de-astrazeneca-es-suspendida-por-medida-de-precaucion-dice-oms\/"]}]},{"@type":"ImageObject","inLanguage":"es","@id":"https:\/\/noti-america.com\/site\/repdom\/2021\/03\/12\/vacuna-de-astrazeneca-es-suspendida-por-medida-de-precaucion-dice-oms\/#primaryimage","url":"https:\/\/noti-america.com\/site\/repdom\/wp-content\/uploads\/sites\/6\/2021\/03\/bcdd7243-419a-4a46-954b-74454537b3f7_alta-libre-aspect-ratio_default_0.jpg","contentUrl":"https:\/\/noti-america.com\/site\/repdom\/wp-content\/uploads\/sites\/6\/2021\/03\/bcdd7243-419a-4a46-954b-74454537b3f7_alta-libre-aspect-ratio_default_0.jpg","width":1200,"height":737},{"@type":"BreadcrumbList","@id":"https:\/\/noti-america.com\/site\/repdom\/2021\/03\/12\/vacuna-de-astrazeneca-es-suspendida-por-medida-de-precaucion-dice-oms\/#breadcrumb","itemListElement":[{"@type":"ListItem","position":1,"name":"Portada","item":"https:\/\/noti-america.com\/site\/repdom\/"},{"@type":"ListItem","position":2,"name":"Vacuna de AstraZeneca es suspendida por medida\u00a0 de precauci\u00f3n, dice OMS."}]},{"@type":"WebSite","@id":"https:\/\/noti-america.com\/site\/repdom\/#website","url":"https:\/\/noti-america.com\/site\/repdom\/","name":"Rep. Dominicana | Noti-America.com","description":"","publisher":{"@id":"https:\/\/noti-america.com\/site\/repdom\/#organization"},"potentialAction":[{"@type":"SearchAction","target":{"@type":"EntryPoint","urlTemplate":"https:\/\/noti-america.com\/site\/repdom\/?s={search_term_string}"},"query-input":{"@type":"PropertyValueSpecification","valueRequired":true,"valueName":"search_term_string"}}],"inLanguage":"es"},{"@type":"Organization","@id":"https:\/\/noti-america.com\/site\/repdom\/#organization","name":"Noti-America LLC | Rep\u00fablica Dominicana","url":"https:\/\/noti-america.com\/site\/repdom\/","logo":{"@type":"ImageObject","inLanguage":"es","@id":"https:\/\/noti-america.com\/site\/repdom\/#\/schema\/logo\/image\/","url":"https:\/\/noti-america.com\/site\/repdom\/wp-content\/uploads\/sites\/6\/2020\/07\/LogoNA-4x3-1.jpg","contentUrl":"https:\/\/noti-america.com\/site\/repdom\/wp-content\/uploads\/sites\/6\/2020\/07\/LogoNA-4x3-1.jpg","width":1236,"height":1080,"caption":"Noti-America LLC | Rep\u00fablica Dominicana"},"image":{"@id":"https:\/\/noti-america.com\/site\/repdom\/#\/schema\/logo\/image\/"}},{"@type":"Person","@id":"https:\/\/noti-america.com\/site\/repdom\/#\/schema\/person\/6c4e217cd218be60f7a73760635f7672","name":"Rosanna Adames","image":{"@type":"ImageObject","inLanguage":"es","@id":"https:\/\/secure.gravatar.com\/avatar\/63eee61f8737fc160d69147c1de3536bc2b11dfaf5b11dd491df18aba0994278?s=96&d=mm&r=g","url":"https:\/\/secure.gravatar.com\/avatar\/63eee61f8737fc160d69147c1de3536bc2b11dfaf5b11dd491df18aba0994278?s=96&d=mm&r=g","contentUrl":"https:\/\/secure.gravatar.com\/avatar\/63eee61f8737fc160d69147c1de3536bc2b11dfaf5b11dd491df18aba0994278?s=96&d=mm&r=g","caption":"Rosanna Adames"},"url":"https:\/\/noti-america.com\/site\/repdom\/author\/radames\/"}]}},"_links":{"self":[{"href":"https:\/\/noti-america.com\/site\/repdom\/wp-json\/wp\/v2\/posts\/9110","targetHints":{"allow":["GET"]}}],"collection":[{"href":"https:\/\/noti-america.com\/site\/repdom\/wp-json\/wp\/v2\/posts"}],"about":[{"href":"https:\/\/noti-america.com\/site\/repdom\/wp-json\/wp\/v2\/types\/post"}],"author":[{"embeddable":true,"href":"https:\/\/noti-america.com\/site\/repdom\/wp-json\/wp\/v2\/users\/98"}],"replies":[{"embeddable":true,"href":"https:\/\/noti-america.com\/site\/repdom\/wp-json\/wp\/v2\/comments?post=9110"}],"version-history":[{"count":1,"href":"https:\/\/noti-america.com\/site\/repdom\/wp-json\/wp\/v2\/posts\/9110\/revisions"}],"predecessor-version":[{"id":9117,"href":"https:\/\/noti-america.com\/site\/repdom\/wp-json\/wp\/v2\/posts\/9110\/revisions\/9117"}],"wp:attachment":[{"href":"https:\/\/noti-america.com\/site\/repdom\/wp-json\/wp\/v2\/media?parent=9110"}],"wp:term":[{"taxonomy":"category","embeddable":true,"href":"https:\/\/noti-america.com\/site\/repdom\/wp-json\/wp\/v2\/categories?post=9110"},{"taxonomy":"post_tag","embeddable":true,"href":"https:\/\/noti-america.com\/site\/repdom\/wp-json\/wp\/v2\/tags?post=9110"}],"curies":[{"name":"wp","href":"https:\/\/api.w.org\/{rel}","templated":true}]}}