{"id":9094,"date":"2021-03-11T01:09:33","date_gmt":"2021-03-11T01:09:33","guid":{"rendered":"https:\/\/noti-america.com\/site\/repdom\/?p=9094"},"modified":"2021-03-11T01:09:33","modified_gmt":"2021-03-11T01:09:33","slug":"lidovi-realizara-primer-torneo-juvenil-de-vitilla-en-sde","status":"publish","type":"post","link":"https:\/\/noti-america.com\/site\/repdom\/2021\/03\/11\/lidovi-realizara-primer-torneo-juvenil-de-vitilla-en-sde\/","title":{"rendered":"LIDOVI realizar\u00e1 primer Torneo Juvenil de Vitilla en SDE"},"content":{"rendered":"<p class=\"x_MsoNormal\" style=\"text-align: justify\">SANTO DOMINGO &#8211; La Liga Dominicana de Vitilla (LIDOVI) anuncia la realizaci\u00f3n de su primera competici\u00f3n del presente a\u00f1o. Se trata del 1er Torneo de Vitilla Infantil-Juvenil Lucerna 2021, evento que se llevar\u00e1 a cabo este domingo 14 de marzo, en el que participar\u00e1n decenas de j\u00f3venes de diversos sectores del Gran Santo Domingo.<\/p>\n<p class=\"x_MsoNormal\" style=\"text-align: justify\">La Cancha de Los Tubos, de la Urbanizaci\u00f3n Lucerna, en el municipio Santo Domingo Este, ser\u00e1 la sede del evento, en el que competir\u00e1n escuadras conformadas por j\u00f3venes menores de quince a\u00f1os.<\/p>\n<p class=\"x_MsoNormal\" style=\"text-align: justify\">Los equipos que resulten ganadores recibir\u00e1n trofeos, medallas, premios y regalos sorpresas. Tambi\u00e9n habr\u00e1 premios especiales para los jugadores m\u00e1s destacados.<\/p>\n<p class=\"x_MsoNormal\" style=\"text-align: justify\">Como parte de la actividad, LIDOVI aplicar\u00e1 un protocolo de prevenci\u00f3n del contagio de COVID-19, que incluir\u00e1 el uso de mascarillas, la limitaci\u00f3n de p\u00fablico, desinfecci\u00f3n de las \u00e1reas y de la utiler\u00eda deportiva.<\/p>\n<p class=\"x_MsoNormal\" style=\"text-align: justify\">A la justa vitillera, que iniciar\u00e1 a partir de las 9 de la ma\u00f1ana, est\u00e1n invitadas varias personalidades del quehacer deportivo y autoridades del municipio Santo Domingo Este.<\/p>\n<p style=\"text-align: justify\"><strong>Fuente: Carlos Emilton Jim\u00e9nez<\/strong><\/p>\n","protected":false},"excerpt":{"rendered":"<p>SANTO DOMINGO &#8211; La Liga Dominicana de Vitilla (LIDOVI) anuncia la realizaci\u00f3n de su primera competici\u00f3n del presente a\u00f1o. Se trata del 1er Torneo de Vitilla Infantil-Juvenil Lucerna 2021, evento que se llevar\u00e1 a&#46;&#46;&#46;<\/p>\n","protected":false},"author":89,"featured_media":9095,"comment_status":"open","ping_status":"open","sticky":false,"template":"","format":"standard","meta":{"_acf_changed":false,"rop_custom_images_group":[],"rop_custom_messages_group":[],"rop_publish_now":"initial","rop_publish_now_accounts":[],"rop_publish_now_history":[],"rop_publish_now_status":"pending","footnotes":""},"categories":[16],"tags":[969,970],"class_list":["post-9094","post","type-post","status-publish","format-standard","has-post-thumbnail","hentry","category-deportes","tag-liga-dominicana-de-vitilla","tag-torneo-de-vitilla-infantil-juvenil-lucerna-2021"],"acf":[],"yoast_head":"<!-- This site is optimized with the Yoast SEO Premium plugin v24.9 (Yoast SEO v27.2) - https:\/\/yoast.com\/product\/yoast-seo-premium-wordpress\/ -->\n<title>LIDOVI realizar\u00e1 primer Torneo Juvenil de Vitilla en SDE - Rep. Dominicana | Noti-America.com<\/title>\n<meta name=\"robots\" content=\"index, follow, max-snippet:-1, max-image-preview:large, max-video-preview:-1\" \/>\n<link rel=\"canonical\" href=\"https:\/\/noti-america.com\/site\/repdom\/2021\/03\/11\/lidovi-realizara-primer-torneo-juvenil-de-vitilla-en-sde\/\" \/>\n<meta property=\"og:locale\" content=\"es_ES\" \/>\n<meta property=\"og:type\" content=\"article\" \/>\n<meta property=\"og:title\" content=\"LIDOVI realizar\u00e1 primer Torneo Juvenil de Vitilla en SDE\" \/>\n<meta property=\"og:description\" content=\"SANTO DOMINGO &#8211; La Liga Dominicana de Vitilla (LIDOVI) anuncia la realizaci\u00f3n de su primera competici\u00f3n del presente a\u00f1o. Se trata del 1er Torneo de Vitilla Infantil-Juvenil Lucerna 2021, evento que se llevar\u00e1 a&#046;&#046;&#046;\" \/>\n<meta property=\"og:url\" content=\"https:\/\/noti-america.com\/site\/repdom\/2021\/03\/11\/lidovi-realizara-primer-torneo-juvenil-de-vitilla-en-sde\/\" \/>\n<meta property=\"og:site_name\" content=\"Rep. Dominicana | Noti-America.com\" \/>\n<meta property=\"article:published_time\" content=\"2021-03-11T01:09:33+00:00\" \/>\n<meta property=\"og:image\" content=\"https:\/\/noti-america.com\/site\/repdom\/wp-content\/uploads\/sites\/6\/2021\/03\/Vitilla.jpg\" \/>\n\t<meta property=\"og:image:width\" content=\"1280\" \/>\n\t<meta property=\"og:image:height\" content=\"1133\" \/>\n\t<meta property=\"og:image:type\" content=\"image\/jpeg\" \/>\n<meta name=\"author\" content=\"Ad\u00e1n Soriano\" \/>\n<meta name=\"twitter:card\" content=\"summary_large_image\" \/>\n<meta name=\"twitter:creator\" content=\"@adansoriano\" \/>\n<meta name=\"twitter:label1\" content=\"Escrito por\" \/>\n\t<meta name=\"twitter:data1\" content=\"Ad\u00e1n Soriano\" \/>\n\t<meta name=\"twitter:label2\" content=\"Tiempo estimado de lectura\" \/>\n\t<meta name=\"twitter:data2\" content=\"1 minuto\" \/>\n<script type=\"application\/ld+json\" class=\"yoast-schema-graph\">{\"@context\":\"https:\/\/schema.org\",\"@graph\":[{\"@type\":\"Article\",\"@id\":\"https:\/\/noti-america.com\/site\/repdom\/2021\/03\/11\/lidovi-realizara-primer-torneo-juvenil-de-vitilla-en-sde\/#article\",\"isPartOf\":{\"@id\":\"https:\/\/noti-america.com\/site\/repdom\/2021\/03\/11\/lidovi-realizara-primer-torneo-juvenil-de-vitilla-en-sde\/\"},\"author\":{\"name\":\"Ad\u00e1n Soriano\",\"@id\":\"https:\/\/noti-america.com\/site\/repdom\/#\/schema\/person\/fd0092c1530d275fabaa5cffcbc2b976\"},\"headline\":\"LIDOVI realizar\u00e1 primer Torneo Juvenil de Vitilla en SDE\",\"datePublished\":\"2021-03-11T01:09:33+00:00\",\"mainEntityOfPage\":{\"@id\":\"https:\/\/noti-america.com\/site\/repdom\/2021\/03\/11\/lidovi-realizara-primer-torneo-juvenil-de-vitilla-en-sde\/\"},\"wordCount\":199,\"commentCount\":0,\"publisher\":{\"@id\":\"https:\/\/noti-america.com\/site\/repdom\/#organization\"},\"image\":{\"@id\":\"https:\/\/noti-america.com\/site\/repdom\/2021\/03\/11\/lidovi-realizara-primer-torneo-juvenil-de-vitilla-en-sde\/#primaryimage\"},\"thumbnailUrl\":\"https:\/\/noti-america.com\/site\/repdom\/wp-content\/uploads\/sites\/6\/2021\/03\/Vitilla.jpg\",\"keywords\":[\"Liga Dominicana de Vitilla\",\"Torneo de Vitilla Infantil-Juvenil Lucerna 2021\"],\"articleSection\":[\"Deportes\"],\"inLanguage\":\"es\",\"potentialAction\":[{\"@type\":\"CommentAction\",\"name\":\"Comment\",\"target\":[\"https:\/\/noti-america.com\/site\/repdom\/2021\/03\/11\/lidovi-realizara-primer-torneo-juvenil-de-vitilla-en-sde\/#respond\"]}]},{\"@type\":\"WebPage\",\"@id\":\"https:\/\/noti-america.com\/site\/repdom\/2021\/03\/11\/lidovi-realizara-primer-torneo-juvenil-de-vitilla-en-sde\/\",\"url\":\"https:\/\/noti-america.com\/site\/repdom\/2021\/03\/11\/lidovi-realizara-primer-torneo-juvenil-de-vitilla-en-sde\/\",\"name\":\"LIDOVI realizar\u00e1 primer Torneo Juvenil de Vitilla en SDE - Rep. Dominicana | Noti-America.com\",\"isPartOf\":{\"@id\":\"https:\/\/noti-america.com\/site\/repdom\/#website\"},\"primaryImageOfPage\":{\"@id\":\"https:\/\/noti-america.com\/site\/repdom\/2021\/03\/11\/lidovi-realizara-primer-torneo-juvenil-de-vitilla-en-sde\/#primaryimage\"},\"image\":{\"@id\":\"https:\/\/noti-america.com\/site\/repdom\/2021\/03\/11\/lidovi-realizara-primer-torneo-juvenil-de-vitilla-en-sde\/#primaryimage\"},\"thumbnailUrl\":\"https:\/\/noti-america.com\/site\/repdom\/wp-content\/uploads\/sites\/6\/2021\/03\/Vitilla.jpg\",\"datePublished\":\"2021-03-11T01:09:33+00:00\",\"breadcrumb\":{\"@id\":\"https:\/\/noti-america.com\/site\/repdom\/2021\/03\/11\/lidovi-realizara-primer-torneo-juvenil-de-vitilla-en-sde\/#breadcrumb\"},\"inLanguage\":\"es\",\"potentialAction\":[{\"@type\":\"ReadAction\",\"target\":[\"https:\/\/noti-america.com\/site\/repdom\/2021\/03\/11\/lidovi-realizara-primer-torneo-juvenil-de-vitilla-en-sde\/\"]}]},{\"@type\":\"ImageObject\",\"inLanguage\":\"es\",\"@id\":\"https:\/\/noti-america.com\/site\/repdom\/2021\/03\/11\/lidovi-realizara-primer-torneo-juvenil-de-vitilla-en-sde\/#primaryimage\",\"url\":\"https:\/\/noti-america.com\/site\/repdom\/wp-content\/uploads\/sites\/6\/2021\/03\/Vitilla.jpg\",\"contentUrl\":\"https:\/\/noti-america.com\/site\/repdom\/wp-content\/uploads\/sites\/6\/2021\/03\/Vitilla.jpg\",\"width\":1280,\"height\":1133},{\"@type\":\"BreadcrumbList\",\"@id\":\"https:\/\/noti-america.com\/site\/repdom\/2021\/03\/11\/lidovi-realizara-primer-torneo-juvenil-de-vitilla-en-sde\/#breadcrumb\",\"itemListElement\":[{\"@type\":\"ListItem\",\"position\":1,\"name\":\"Portada\",\"item\":\"https:\/\/noti-america.com\/site\/repdom\/\"},{\"@type\":\"ListItem\",\"position\":2,\"name\":\"LIDOVI realizar\u00e1 primer Torneo Juvenil de Vitilla en SDE\"}]},{\"@type\":\"WebSite\",\"@id\":\"https:\/\/noti-america.com\/site\/repdom\/#website\",\"url\":\"https:\/\/noti-america.com\/site\/repdom\/\",\"name\":\"Rep. Dominicana | Noti-America.com\",\"description\":\"\",\"publisher\":{\"@id\":\"https:\/\/noti-america.com\/site\/repdom\/#organization\"},\"potentialAction\":[{\"@type\":\"SearchAction\",\"target\":{\"@type\":\"EntryPoint\",\"urlTemplate\":\"https:\/\/noti-america.com\/site\/repdom\/?s={search_term_string}\"},\"query-input\":{\"@type\":\"PropertyValueSpecification\",\"valueRequired\":true,\"valueName\":\"search_term_string\"}}],\"inLanguage\":\"es\"},{\"@type\":\"Organization\",\"@id\":\"https:\/\/noti-america.com\/site\/repdom\/#organization\",\"name\":\"Noti-America LLC | Rep\u00fablica Dominicana\",\"url\":\"https:\/\/noti-america.com\/site\/repdom\/\",\"logo\":{\"@type\":\"ImageObject\",\"inLanguage\":\"es\",\"@id\":\"https:\/\/noti-america.com\/site\/repdom\/#\/schema\/logo\/image\/\",\"url\":\"https:\/\/noti-america.com\/site\/repdom\/wp-content\/uploads\/sites\/6\/2020\/07\/LogoNA-4x3-1.jpg\",\"contentUrl\":\"https:\/\/noti-america.com\/site\/repdom\/wp-content\/uploads\/sites\/6\/2020\/07\/LogoNA-4x3-1.jpg\",\"width\":1236,\"height\":1080,\"caption\":\"Noti-America LLC | Rep\u00fablica Dominicana\"},\"image\":{\"@id\":\"https:\/\/noti-america.com\/site\/repdom\/#\/schema\/logo\/image\/\"}},{\"@type\":\"Person\",\"@id\":\"https:\/\/noti-america.com\/site\/repdom\/#\/schema\/person\/fd0092c1530d275fabaa5cffcbc2b976\",\"name\":\"Ad\u00e1n Soriano\",\"image\":{\"@type\":\"ImageObject\",\"inLanguage\":\"es\",\"@id\":\"https:\/\/secure.gravatar.com\/avatar\/ecf97ff3aee7ff9efdae670d7e976f3e7e8acc1077e510d73707999a8bfd4467?s=96&d=mm&r=g\",\"url\":\"https:\/\/secure.gravatar.com\/avatar\/ecf97ff3aee7ff9efdae670d7e976f3e7e8acc1077e510d73707999a8bfd4467?s=96&d=mm&r=g\",\"contentUrl\":\"https:\/\/secure.gravatar.com\/avatar\/ecf97ff3aee7ff9efdae670d7e976f3e7e8acc1077e510d73707999a8bfd4467?s=96&d=mm&r=g\",\"caption\":\"Ad\u00e1n Soriano\"},\"description\":\"Soy cronista deportivo con 10 a\u00f1os de experiencia en varios espacios, y conduzco el podcast deportivo llamado Mezcla Deportiva\",\"sameAs\":[\"https:\/\/x.com\/adansoriano\"],\"url\":\"https:\/\/noti-america.com\/site\/repdom\/author\/asoriano\/\"}]}<\/script>\n<!-- \/ Yoast SEO Premium plugin. -->","yoast_head_json":{"title":"LIDOVI realizar\u00e1 primer Torneo Juvenil de Vitilla en SDE - Rep. Dominicana | Noti-America.com","robots":{"index":"index","follow":"follow","max-snippet":"max-snippet:-1","max-image-preview":"max-image-preview:large","max-video-preview":"max-video-preview:-1"},"canonical":"https:\/\/noti-america.com\/site\/repdom\/2021\/03\/11\/lidovi-realizara-primer-torneo-juvenil-de-vitilla-en-sde\/","og_locale":"es_ES","og_type":"article","og_title":"LIDOVI realizar\u00e1 primer Torneo Juvenil de Vitilla en SDE","og_description":"SANTO DOMINGO &#8211; La Liga Dominicana de Vitilla (LIDOVI) anuncia la realizaci\u00f3n de su primera competici\u00f3n del presente a\u00f1o. Se trata del 1er Torneo de Vitilla Infantil-Juvenil Lucerna 2021, evento que se llevar\u00e1 a&#46;&#46;&#46;","og_url":"https:\/\/noti-america.com\/site\/repdom\/2021\/03\/11\/lidovi-realizara-primer-torneo-juvenil-de-vitilla-en-sde\/","og_site_name":"Rep. Dominicana | Noti-America.com","article_published_time":"2021-03-11T01:09:33+00:00","og_image":[{"width":1280,"height":1133,"url":"https:\/\/noti-america.com\/site\/repdom\/wp-content\/uploads\/sites\/6\/2021\/03\/Vitilla.jpg","type":"image\/jpeg"}],"author":"Ad\u00e1n Soriano","twitter_card":"summary_large_image","twitter_creator":"@adansoriano","twitter_misc":{"Escrito por":"Ad\u00e1n Soriano","Tiempo estimado de lectura":"1 minuto"},"schema":{"@context":"https:\/\/schema.org","@graph":[{"@type":"Article","@id":"https:\/\/noti-america.com\/site\/repdom\/2021\/03\/11\/lidovi-realizara-primer-torneo-juvenil-de-vitilla-en-sde\/#article","isPartOf":{"@id":"https:\/\/noti-america.com\/site\/repdom\/2021\/03\/11\/lidovi-realizara-primer-torneo-juvenil-de-vitilla-en-sde\/"},"author":{"name":"Ad\u00e1n Soriano","@id":"https:\/\/noti-america.com\/site\/repdom\/#\/schema\/person\/fd0092c1530d275fabaa5cffcbc2b976"},"headline":"LIDOVI realizar\u00e1 primer Torneo Juvenil de Vitilla en SDE","datePublished":"2021-03-11T01:09:33+00:00","mainEntityOfPage":{"@id":"https:\/\/noti-america.com\/site\/repdom\/2021\/03\/11\/lidovi-realizara-primer-torneo-juvenil-de-vitilla-en-sde\/"},"wordCount":199,"commentCount":0,"publisher":{"@id":"https:\/\/noti-america.com\/site\/repdom\/#organization"},"image":{"@id":"https:\/\/noti-america.com\/site\/repdom\/2021\/03\/11\/lidovi-realizara-primer-torneo-juvenil-de-vitilla-en-sde\/#primaryimage"},"thumbnailUrl":"https:\/\/noti-america.com\/site\/repdom\/wp-content\/uploads\/sites\/6\/2021\/03\/Vitilla.jpg","keywords":["Liga Dominicana de Vitilla","Torneo de Vitilla Infantil-Juvenil Lucerna 2021"],"articleSection":["Deportes"],"inLanguage":"es","potentialAction":[{"@type":"CommentAction","name":"Comment","target":["https:\/\/noti-america.com\/site\/repdom\/2021\/03\/11\/lidovi-realizara-primer-torneo-juvenil-de-vitilla-en-sde\/#respond"]}]},{"@type":"WebPage","@id":"https:\/\/noti-america.com\/site\/repdom\/2021\/03\/11\/lidovi-realizara-primer-torneo-juvenil-de-vitilla-en-sde\/","url":"https:\/\/noti-america.com\/site\/repdom\/2021\/03\/11\/lidovi-realizara-primer-torneo-juvenil-de-vitilla-en-sde\/","name":"LIDOVI realizar\u00e1 primer Torneo Juvenil de Vitilla en SDE - Rep. Dominicana | Noti-America.com","isPartOf":{"@id":"https:\/\/noti-america.com\/site\/repdom\/#website"},"primaryImageOfPage":{"@id":"https:\/\/noti-america.com\/site\/repdom\/2021\/03\/11\/lidovi-realizara-primer-torneo-juvenil-de-vitilla-en-sde\/#primaryimage"},"image":{"@id":"https:\/\/noti-america.com\/site\/repdom\/2021\/03\/11\/lidovi-realizara-primer-torneo-juvenil-de-vitilla-en-sde\/#primaryimage"},"thumbnailUrl":"https:\/\/noti-america.com\/site\/repdom\/wp-content\/uploads\/sites\/6\/2021\/03\/Vitilla.jpg","datePublished":"2021-03-11T01:09:33+00:00","breadcrumb":{"@id":"https:\/\/noti-america.com\/site\/repdom\/2021\/03\/11\/lidovi-realizara-primer-torneo-juvenil-de-vitilla-en-sde\/#breadcrumb"},"inLanguage":"es","potentialAction":[{"@type":"ReadAction","target":["https:\/\/noti-america.com\/site\/repdom\/2021\/03\/11\/lidovi-realizara-primer-torneo-juvenil-de-vitilla-en-sde\/"]}]},{"@type":"ImageObject","inLanguage":"es","@id":"https:\/\/noti-america.com\/site\/repdom\/2021\/03\/11\/lidovi-realizara-primer-torneo-juvenil-de-vitilla-en-sde\/#primaryimage","url":"https:\/\/noti-america.com\/site\/repdom\/wp-content\/uploads\/sites\/6\/2021\/03\/Vitilla.jpg","contentUrl":"https:\/\/noti-america.com\/site\/repdom\/wp-content\/uploads\/sites\/6\/2021\/03\/Vitilla.jpg","width":1280,"height":1133},{"@type":"BreadcrumbList","@id":"https:\/\/noti-america.com\/site\/repdom\/2021\/03\/11\/lidovi-realizara-primer-torneo-juvenil-de-vitilla-en-sde\/#breadcrumb","itemListElement":[{"@type":"ListItem","position":1,"name":"Portada","item":"https:\/\/noti-america.com\/site\/repdom\/"},{"@type":"ListItem","position":2,"name":"LIDOVI realizar\u00e1 primer Torneo Juvenil de Vitilla en SDE"}]},{"@type":"WebSite","@id":"https:\/\/noti-america.com\/site\/repdom\/#website","url":"https:\/\/noti-america.com\/site\/repdom\/","name":"Rep. Dominicana | Noti-America.com","description":"","publisher":{"@id":"https:\/\/noti-america.com\/site\/repdom\/#organization"},"potentialAction":[{"@type":"SearchAction","target":{"@type":"EntryPoint","urlTemplate":"https:\/\/noti-america.com\/site\/repdom\/?s={search_term_string}"},"query-input":{"@type":"PropertyValueSpecification","valueRequired":true,"valueName":"search_term_string"}}],"inLanguage":"es"},{"@type":"Organization","@id":"https:\/\/noti-america.com\/site\/repdom\/#organization","name":"Noti-America LLC | Rep\u00fablica Dominicana","url":"https:\/\/noti-america.com\/site\/repdom\/","logo":{"@type":"ImageObject","inLanguage":"es","@id":"https:\/\/noti-america.com\/site\/repdom\/#\/schema\/logo\/image\/","url":"https:\/\/noti-america.com\/site\/repdom\/wp-content\/uploads\/sites\/6\/2020\/07\/LogoNA-4x3-1.jpg","contentUrl":"https:\/\/noti-america.com\/site\/repdom\/wp-content\/uploads\/sites\/6\/2020\/07\/LogoNA-4x3-1.jpg","width":1236,"height":1080,"caption":"Noti-America LLC | Rep\u00fablica Dominicana"},"image":{"@id":"https:\/\/noti-america.com\/site\/repdom\/#\/schema\/logo\/image\/"}},{"@type":"Person","@id":"https:\/\/noti-america.com\/site\/repdom\/#\/schema\/person\/fd0092c1530d275fabaa5cffcbc2b976","name":"Ad\u00e1n Soriano","image":{"@type":"ImageObject","inLanguage":"es","@id":"https:\/\/secure.gravatar.com\/avatar\/ecf97ff3aee7ff9efdae670d7e976f3e7e8acc1077e510d73707999a8bfd4467?s=96&d=mm&r=g","url":"https:\/\/secure.gravatar.com\/avatar\/ecf97ff3aee7ff9efdae670d7e976f3e7e8acc1077e510d73707999a8bfd4467?s=96&d=mm&r=g","contentUrl":"https:\/\/secure.gravatar.com\/avatar\/ecf97ff3aee7ff9efdae670d7e976f3e7e8acc1077e510d73707999a8bfd4467?s=96&d=mm&r=g","caption":"Ad\u00e1n Soriano"},"description":"Soy cronista deportivo con 10 a\u00f1os de experiencia en varios espacios, y conduzco el podcast deportivo llamado Mezcla Deportiva","sameAs":["https:\/\/x.com\/adansoriano"],"url":"https:\/\/noti-america.com\/site\/repdom\/author\/asoriano\/"}]}},"_links":{"self":[{"href":"https:\/\/noti-america.com\/site\/repdom\/wp-json\/wp\/v2\/posts\/9094","targetHints":{"allow":["GET"]}}],"collection":[{"href":"https:\/\/noti-america.com\/site\/repdom\/wp-json\/wp\/v2\/posts"}],"about":[{"href":"https:\/\/noti-america.com\/site\/repdom\/wp-json\/wp\/v2\/types\/post"}],"author":[{"embeddable":true,"href":"https:\/\/noti-america.com\/site\/repdom\/wp-json\/wp\/v2\/users\/89"}],"replies":[{"embeddable":true,"href":"https:\/\/noti-america.com\/site\/repdom\/wp-json\/wp\/v2\/comments?post=9094"}],"version-history":[{"count":1,"href":"https:\/\/noti-america.com\/site\/repdom\/wp-json\/wp\/v2\/posts\/9094\/revisions"}],"predecessor-version":[{"id":9096,"href":"https:\/\/noti-america.com\/site\/repdom\/wp-json\/wp\/v2\/posts\/9094\/revisions\/9096"}],"wp:featuredmedia":[{"embeddable":true,"href":"https:\/\/noti-america.com\/site\/repdom\/wp-json\/wp\/v2\/media\/9095"}],"wp:attachment":[{"href":"https:\/\/noti-america.com\/site\/repdom\/wp-json\/wp\/v2\/media?parent=9094"}],"wp:term":[{"taxonomy":"category","embeddable":true,"href":"https:\/\/noti-america.com\/site\/repdom\/wp-json\/wp\/v2\/categories?post=9094"},{"taxonomy":"post_tag","embeddable":true,"href":"https:\/\/noti-america.com\/site\/repdom\/wp-json\/wp\/v2\/tags?post=9094"}],"curies":[{"name":"wp","href":"https:\/\/api.w.org\/{rel}","templated":true}]}}