{"id":8816,"date":"2021-03-01T13:12:23","date_gmt":"2021-03-01T13:12:23","guid":{"rendered":"https:\/\/noti-america.com\/site\/repdom\/?p=8816"},"modified":"2021-03-01T13:18:20","modified_gmt":"2021-03-01T13:18:20","slug":"dejan-formalmente-constituida-la-federacion-dominicana-de-kickboxing","status":"publish","type":"post","link":"https:\/\/noti-america.com\/site\/repdom\/2021\/03\/01\/dejan-formalmente-constituida-la-federacion-dominicana-de-kickboxing\/","title":{"rendered":"Dejan formalmente constituida la Federaci\u00f3n Dominicana de Kickboxing"},"content":{"rendered":"<p style=\"text-align: justify\">En un acto celebrado en el pabell\u00f3n de esgrima, ubicado en el Centro Ol\u00edmpico Juan Pablo Duarte de esta ciudad, fue constituida, mediante su primera asamblea, la Federaci\u00f3n Dominicana de Asociaciones de Kickboxing Amateur (FEDAKA).<\/p>\n<p style=\"text-align: justify\">En dicha asamblea estuvo presente el comisionado de Artes Marciales Mixtas, Fernando Dauhajre, quien, en representaci\u00f3n del Ministerio de\u00a0deportes, tom\u00f3 juramento del consejo directivo que encabezar\u00e1 la nueva federaci\u00f3n.<\/p>\n<p style=\"text-align: justify\">Dahuajre dijo que cuando se logra regularizar una disciplina incentiva y hacen crecer el deporte reconociendo que es un gran paso para el Kickboxing del pa\u00eds.<\/p>\n<p style=\"text-align: justify\">\u201cHay muchas formas de desarrollar el deporte de nuestro pa\u00eds, lo principal es concientizar y capacitar con cursos a los entrenadores y darles m\u00e1s oportunidad a nuestros atletas\u201d, expres\u00f3 el comisionado de las MMA en nuestro pa\u00eds.<\/p>\n<p style=\"text-align: justify\">Las asociaciones que componen esta federaci\u00f3n son 5: Distrito Nacional, San Pedro de Macor\u00eds, Santiago, en la Provincia Espaillat y Puerto Plata.<\/p>\n<p style=\"text-align: justify\">El Kickboxing es una disciplina ol\u00edmpica por lo que ya la federaci\u00f3n dominicana de esta disciplina est\u00e1 asociada a la Asociaci\u00f3n Mundial de Organizaciones de Kickboxing (WAKO por sus siglas en ingl\u00e9s).<\/p>\n<p style=\"text-align: justify\">El presidente de FEDAKA, Erpubel Odal\u00eds Puello Avalo, expres\u00f3 la necesidad de crear esta federaci\u00f3n tratando de tener opciones para los atletas de Kickboxing y MMA en Rep\u00fablica Dominicana de competir en unos Juegos Ol\u00edmpicos.<\/p>\n<p style=\"text-align: justify\">\u201cAhora los atletas de Kickboxing y MMA de Rep\u00fablica Dominicana tendr\u00e1n apoyo estatal y del sector privado, debido a que en los deportes de combates tenemos campeones mundiales\u201d, asegur\u00f3 el presidente de FEDAKA.<\/p>\n<p style=\"text-align: justify\">El secretario general del consejo directivo de esta federaci\u00f3n, Dagoberto Bol\u00edvar Lockward Carbuccia, habl\u00f3 de c\u00f3mo se estar\u00e1 organizando la gran cantidad de clubes que tiene esta disciplina en todo el pa\u00eds.<\/p>\n<p style=\"text-align: justify\">\u201cYa tenemos 17 clubes oficialmente reconocidos a nivel internacional por lo que estos pueden solicitar y gestionar la membres\u00eda internacional de sus atletas lo que va a resultar en un avance en la gesti\u00f3n, en la propagaci\u00f3n en el aumento del nivel t\u00e9cnico de este deporte\u201d, se\u00f1al\u00f3 Lockward Carbuccia.<\/p>\n<p style=\"text-align: justify\">El consejo directivo de la nueva Federaci\u00f3n de Asociaciones Dominicanas de Kickboxing Amateur son:<\/p>\n<p style=\"text-align: justify\">Erpubel Odal\u00eds Puello \u00c1valo, Presidente, S\u00f3crates Miguel Puello \u00c1valo, primer vicepresidente, Pedro Santos Mercedes, segundo vicepresidente, Dagoberto Bol\u00edvar Lockward Carbuccia, Secretario, Flavio Francisco Grull\u00f3n Bautista, Director T\u00e9cnico, Juan Marcos Clase S\u00e1nchez, tesorero, Vladimil Lennis Pujols Guzm\u00e1n, director nacional de \u00e1rbitros, Danilo Eugenio Tineo, director de log\u00edstica, Fausto Castillo V\u00e1squez, primer vocal, Ignacion Diogenes Arias, segundo vocal, Juan Jos\u00e9 Vargas Perez, tercer vocal y Yoryi L\u00f3pez, cuarto vocal.<\/p>\n<p style=\"text-align: justify\"><strong>Fuente: Manuel Acevedo<\/strong><\/p>\n","protected":false},"excerpt":{"rendered":"<p>En un acto celebrado en el pabell\u00f3n de esgrima, ubicado en el Centro Ol\u00edmpico Juan Pablo Duarte de esta ciudad, fue constituida, mediante su primera asamblea, la Federaci\u00f3n Dominicana de Asociaciones de Kickboxing Amateur&#46;&#46;&#46;<\/p>\n","protected":false},"author":89,"featured_media":8818,"comment_status":"open","ping_status":"open","sticky":false,"template":"","format":"standard","meta":{"_acf_changed":false,"rop_custom_images_group":[],"rop_custom_messages_group":[],"rop_publish_now":"initial","rop_publish_now_accounts":[],"rop_publish_now_history":[],"rop_publish_now_status":"pending","footnotes":""},"categories":[16],"tags":[203,920,921,919],"class_list":["post-8816","post","type-post","status-publish","format-standard","has-post-thumbnail","hentry","category-deportes","tag-artes-marciales","tag-asociacion-mundial-de-organizaciones-de-kickboxing","tag-erpubel-odalis-puello-avalo","tag-federacion-dominicana-de-asociaciones-de-kickboxing-amateur"],"acf":[],"yoast_head":"<!-- This site is optimized with the Yoast SEO Premium plugin v24.9 (Yoast SEO v27.2) - https:\/\/yoast.com\/product\/yoast-seo-premium-wordpress\/ -->\n<title>Dejan formalmente constituida la Federaci\u00f3n Dominicana de Kickboxing - Rep. Dominicana | Noti-America.com<\/title>\n<meta name=\"robots\" content=\"index, follow, max-snippet:-1, max-image-preview:large, max-video-preview:-1\" \/>\n<link rel=\"canonical\" href=\"https:\/\/noti-america.com\/site\/repdom\/2021\/03\/01\/dejan-formalmente-constituida-la-federacion-dominicana-de-kickboxing\/\" \/>\n<meta property=\"og:locale\" content=\"es_ES\" \/>\n<meta property=\"og:type\" content=\"article\" \/>\n<meta property=\"og:title\" content=\"Dejan formalmente constituida la Federaci\u00f3n Dominicana de Kickboxing\" \/>\n<meta property=\"og:description\" content=\"En un acto celebrado en el pabell\u00f3n de esgrima, ubicado en el Centro Ol\u00edmpico Juan Pablo Duarte de esta ciudad, fue constituida, mediante su primera asamblea, la Federaci\u00f3n Dominicana de Asociaciones de Kickboxing Amateur&#046;&#046;&#046;\" \/>\n<meta property=\"og:url\" content=\"https:\/\/noti-america.com\/site\/repdom\/2021\/03\/01\/dejan-formalmente-constituida-la-federacion-dominicana-de-kickboxing\/\" \/>\n<meta property=\"og:site_name\" content=\"Rep. Dominicana | Noti-America.com\" \/>\n<meta property=\"article:published_time\" content=\"2021-03-01T13:12:23+00:00\" \/>\n<meta property=\"article:modified_time\" content=\"2021-03-01T13:18:20+00:00\" \/>\n<meta property=\"og:image\" content=\"https:\/\/noti-america.com\/site\/repdom\/wp-content\/uploads\/sites\/6\/2021\/03\/Dagoberto-Bolivar.jpeg\" \/>\n\t<meta property=\"og:image:width\" content=\"1280\" \/>\n\t<meta property=\"og:image:height\" content=\"960\" \/>\n\t<meta property=\"og:image:type\" content=\"image\/jpeg\" \/>\n<meta name=\"author\" content=\"Ad\u00e1n Soriano\" \/>\n<meta name=\"twitter:card\" content=\"summary_large_image\" \/>\n<meta name=\"twitter:creator\" content=\"@adansoriano\" \/>\n<meta name=\"twitter:label1\" content=\"Escrito por\" \/>\n\t<meta name=\"twitter:data1\" content=\"Ad\u00e1n Soriano\" \/>\n\t<meta name=\"twitter:label2\" content=\"Tiempo estimado de lectura\" \/>\n\t<meta name=\"twitter:data2\" content=\"2 minutos\" \/>\n<script type=\"application\/ld+json\" class=\"yoast-schema-graph\">{\"@context\":\"https:\/\/schema.org\",\"@graph\":[{\"@type\":\"Article\",\"@id\":\"https:\/\/noti-america.com\/site\/repdom\/2021\/03\/01\/dejan-formalmente-constituida-la-federacion-dominicana-de-kickboxing\/#article\",\"isPartOf\":{\"@id\":\"https:\/\/noti-america.com\/site\/repdom\/2021\/03\/01\/dejan-formalmente-constituida-la-federacion-dominicana-de-kickboxing\/\"},\"author\":{\"name\":\"Ad\u00e1n Soriano\",\"@id\":\"https:\/\/noti-america.com\/site\/repdom\/#\/schema\/person\/fd0092c1530d275fabaa5cffcbc2b976\"},\"headline\":\"Dejan formalmente constituida la Federaci\u00f3n Dominicana de Kickboxing\",\"datePublished\":\"2021-03-01T13:12:23+00:00\",\"dateModified\":\"2021-03-01T13:18:20+00:00\",\"mainEntityOfPage\":{\"@id\":\"https:\/\/noti-america.com\/site\/repdom\/2021\/03\/01\/dejan-formalmente-constituida-la-federacion-dominicana-de-kickboxing\/\"},\"wordCount\":463,\"commentCount\":0,\"publisher\":{\"@id\":\"https:\/\/noti-america.com\/site\/repdom\/#organization\"},\"image\":{\"@id\":\"https:\/\/noti-america.com\/site\/repdom\/2021\/03\/01\/dejan-formalmente-constituida-la-federacion-dominicana-de-kickboxing\/#primaryimage\"},\"thumbnailUrl\":\"https:\/\/noti-america.com\/site\/repdom\/wp-content\/uploads\/sites\/6\/2021\/03\/Dagoberto-Bolivar.jpeg\",\"keywords\":[\"Artes Marciales\",\"Asociaci\u00f3n Mundial de Organizaciones de Kickboxing\",\"Erpubel Odal\u00eds Puello Avalo\",\"Federaci\u00f3n Dominicana de Asociaciones de Kickboxing Amateur\"],\"articleSection\":[\"Deportes\"],\"inLanguage\":\"es\",\"potentialAction\":[{\"@type\":\"CommentAction\",\"name\":\"Comment\",\"target\":[\"https:\/\/noti-america.com\/site\/repdom\/2021\/03\/01\/dejan-formalmente-constituida-la-federacion-dominicana-de-kickboxing\/#respond\"]}]},{\"@type\":\"WebPage\",\"@id\":\"https:\/\/noti-america.com\/site\/repdom\/2021\/03\/01\/dejan-formalmente-constituida-la-federacion-dominicana-de-kickboxing\/\",\"url\":\"https:\/\/noti-america.com\/site\/repdom\/2021\/03\/01\/dejan-formalmente-constituida-la-federacion-dominicana-de-kickboxing\/\",\"name\":\"Dejan formalmente constituida la Federaci\u00f3n Dominicana de Kickboxing - Rep. Dominicana | Noti-America.com\",\"isPartOf\":{\"@id\":\"https:\/\/noti-america.com\/site\/repdom\/#website\"},\"primaryImageOfPage\":{\"@id\":\"https:\/\/noti-america.com\/site\/repdom\/2021\/03\/01\/dejan-formalmente-constituida-la-federacion-dominicana-de-kickboxing\/#primaryimage\"},\"image\":{\"@id\":\"https:\/\/noti-america.com\/site\/repdom\/2021\/03\/01\/dejan-formalmente-constituida-la-federacion-dominicana-de-kickboxing\/#primaryimage\"},\"thumbnailUrl\":\"https:\/\/noti-america.com\/site\/repdom\/wp-content\/uploads\/sites\/6\/2021\/03\/Dagoberto-Bolivar.jpeg\",\"datePublished\":\"2021-03-01T13:12:23+00:00\",\"dateModified\":\"2021-03-01T13:18:20+00:00\",\"breadcrumb\":{\"@id\":\"https:\/\/noti-america.com\/site\/repdom\/2021\/03\/01\/dejan-formalmente-constituida-la-federacion-dominicana-de-kickboxing\/#breadcrumb\"},\"inLanguage\":\"es\",\"potentialAction\":[{\"@type\":\"ReadAction\",\"target\":[\"https:\/\/noti-america.com\/site\/repdom\/2021\/03\/01\/dejan-formalmente-constituida-la-federacion-dominicana-de-kickboxing\/\"]}]},{\"@type\":\"ImageObject\",\"inLanguage\":\"es\",\"@id\":\"https:\/\/noti-america.com\/site\/repdom\/2021\/03\/01\/dejan-formalmente-constituida-la-federacion-dominicana-de-kickboxing\/#primaryimage\",\"url\":\"https:\/\/noti-america.com\/site\/repdom\/wp-content\/uploads\/sites\/6\/2021\/03\/Dagoberto-Bolivar.jpeg\",\"contentUrl\":\"https:\/\/noti-america.com\/site\/repdom\/wp-content\/uploads\/sites\/6\/2021\/03\/Dagoberto-Bolivar.jpeg\",\"width\":1280,\"height\":960},{\"@type\":\"BreadcrumbList\",\"@id\":\"https:\/\/noti-america.com\/site\/repdom\/2021\/03\/01\/dejan-formalmente-constituida-la-federacion-dominicana-de-kickboxing\/#breadcrumb\",\"itemListElement\":[{\"@type\":\"ListItem\",\"position\":1,\"name\":\"Portada\",\"item\":\"https:\/\/noti-america.com\/site\/repdom\/\"},{\"@type\":\"ListItem\",\"position\":2,\"name\":\"Dejan formalmente constituida la Federaci\u00f3n Dominicana de Kickboxing\"}]},{\"@type\":\"WebSite\",\"@id\":\"https:\/\/noti-america.com\/site\/repdom\/#website\",\"url\":\"https:\/\/noti-america.com\/site\/repdom\/\",\"name\":\"Rep. Dominicana | Noti-America.com\",\"description\":\"\",\"publisher\":{\"@id\":\"https:\/\/noti-america.com\/site\/repdom\/#organization\"},\"potentialAction\":[{\"@type\":\"SearchAction\",\"target\":{\"@type\":\"EntryPoint\",\"urlTemplate\":\"https:\/\/noti-america.com\/site\/repdom\/?s={search_term_string}\"},\"query-input\":{\"@type\":\"PropertyValueSpecification\",\"valueRequired\":true,\"valueName\":\"search_term_string\"}}],\"inLanguage\":\"es\"},{\"@type\":\"Organization\",\"@id\":\"https:\/\/noti-america.com\/site\/repdom\/#organization\",\"name\":\"Noti-America LLC | Rep\u00fablica Dominicana\",\"url\":\"https:\/\/noti-america.com\/site\/repdom\/\",\"logo\":{\"@type\":\"ImageObject\",\"inLanguage\":\"es\",\"@id\":\"https:\/\/noti-america.com\/site\/repdom\/#\/schema\/logo\/image\/\",\"url\":\"https:\/\/noti-america.com\/site\/repdom\/wp-content\/uploads\/sites\/6\/2020\/07\/LogoNA-4x3-1.jpg\",\"contentUrl\":\"https:\/\/noti-america.com\/site\/repdom\/wp-content\/uploads\/sites\/6\/2020\/07\/LogoNA-4x3-1.jpg\",\"width\":1236,\"height\":1080,\"caption\":\"Noti-America LLC | Rep\u00fablica Dominicana\"},\"image\":{\"@id\":\"https:\/\/noti-america.com\/site\/repdom\/#\/schema\/logo\/image\/\"}},{\"@type\":\"Person\",\"@id\":\"https:\/\/noti-america.com\/site\/repdom\/#\/schema\/person\/fd0092c1530d275fabaa5cffcbc2b976\",\"name\":\"Ad\u00e1n Soriano\",\"image\":{\"@type\":\"ImageObject\",\"inLanguage\":\"es\",\"@id\":\"https:\/\/secure.gravatar.com\/avatar\/ecf97ff3aee7ff9efdae670d7e976f3e7e8acc1077e510d73707999a8bfd4467?s=96&d=mm&r=g\",\"url\":\"https:\/\/secure.gravatar.com\/avatar\/ecf97ff3aee7ff9efdae670d7e976f3e7e8acc1077e510d73707999a8bfd4467?s=96&d=mm&r=g\",\"contentUrl\":\"https:\/\/secure.gravatar.com\/avatar\/ecf97ff3aee7ff9efdae670d7e976f3e7e8acc1077e510d73707999a8bfd4467?s=96&d=mm&r=g\",\"caption\":\"Ad\u00e1n Soriano\"},\"description\":\"Soy cronista deportivo con 10 a\u00f1os de experiencia en varios espacios, y conduzco el podcast deportivo llamado Mezcla Deportiva\",\"sameAs\":[\"https:\/\/x.com\/adansoriano\"],\"url\":\"https:\/\/noti-america.com\/site\/repdom\/author\/asoriano\/\"}]}<\/script>\n<!-- \/ Yoast SEO Premium plugin. -->","yoast_head_json":{"title":"Dejan formalmente constituida la Federaci\u00f3n Dominicana de Kickboxing - Rep. Dominicana | Noti-America.com","robots":{"index":"index","follow":"follow","max-snippet":"max-snippet:-1","max-image-preview":"max-image-preview:large","max-video-preview":"max-video-preview:-1"},"canonical":"https:\/\/noti-america.com\/site\/repdom\/2021\/03\/01\/dejan-formalmente-constituida-la-federacion-dominicana-de-kickboxing\/","og_locale":"es_ES","og_type":"article","og_title":"Dejan formalmente constituida la Federaci\u00f3n Dominicana de Kickboxing","og_description":"En un acto celebrado en el pabell\u00f3n de esgrima, ubicado en el Centro Ol\u00edmpico Juan Pablo Duarte de esta ciudad, fue constituida, mediante su primera asamblea, la Federaci\u00f3n Dominicana de Asociaciones de Kickboxing Amateur&#46;&#46;&#46;","og_url":"https:\/\/noti-america.com\/site\/repdom\/2021\/03\/01\/dejan-formalmente-constituida-la-federacion-dominicana-de-kickboxing\/","og_site_name":"Rep. Dominicana | Noti-America.com","article_published_time":"2021-03-01T13:12:23+00:00","article_modified_time":"2021-03-01T13:18:20+00:00","og_image":[{"width":1280,"height":960,"url":"https:\/\/noti-america.com\/site\/repdom\/wp-content\/uploads\/sites\/6\/2021\/03\/Dagoberto-Bolivar.jpeg","type":"image\/jpeg"}],"author":"Ad\u00e1n Soriano","twitter_card":"summary_large_image","twitter_creator":"@adansoriano","twitter_misc":{"Escrito por":"Ad\u00e1n Soriano","Tiempo estimado de lectura":"2 minutos"},"schema":{"@context":"https:\/\/schema.org","@graph":[{"@type":"Article","@id":"https:\/\/noti-america.com\/site\/repdom\/2021\/03\/01\/dejan-formalmente-constituida-la-federacion-dominicana-de-kickboxing\/#article","isPartOf":{"@id":"https:\/\/noti-america.com\/site\/repdom\/2021\/03\/01\/dejan-formalmente-constituida-la-federacion-dominicana-de-kickboxing\/"},"author":{"name":"Ad\u00e1n Soriano","@id":"https:\/\/noti-america.com\/site\/repdom\/#\/schema\/person\/fd0092c1530d275fabaa5cffcbc2b976"},"headline":"Dejan formalmente constituida la Federaci\u00f3n Dominicana de Kickboxing","datePublished":"2021-03-01T13:12:23+00:00","dateModified":"2021-03-01T13:18:20+00:00","mainEntityOfPage":{"@id":"https:\/\/noti-america.com\/site\/repdom\/2021\/03\/01\/dejan-formalmente-constituida-la-federacion-dominicana-de-kickboxing\/"},"wordCount":463,"commentCount":0,"publisher":{"@id":"https:\/\/noti-america.com\/site\/repdom\/#organization"},"image":{"@id":"https:\/\/noti-america.com\/site\/repdom\/2021\/03\/01\/dejan-formalmente-constituida-la-federacion-dominicana-de-kickboxing\/#primaryimage"},"thumbnailUrl":"https:\/\/noti-america.com\/site\/repdom\/wp-content\/uploads\/sites\/6\/2021\/03\/Dagoberto-Bolivar.jpeg","keywords":["Artes Marciales","Asociaci\u00f3n Mundial de Organizaciones de Kickboxing","Erpubel Odal\u00eds Puello Avalo","Federaci\u00f3n Dominicana de Asociaciones de Kickboxing Amateur"],"articleSection":["Deportes"],"inLanguage":"es","potentialAction":[{"@type":"CommentAction","name":"Comment","target":["https:\/\/noti-america.com\/site\/repdom\/2021\/03\/01\/dejan-formalmente-constituida-la-federacion-dominicana-de-kickboxing\/#respond"]}]},{"@type":"WebPage","@id":"https:\/\/noti-america.com\/site\/repdom\/2021\/03\/01\/dejan-formalmente-constituida-la-federacion-dominicana-de-kickboxing\/","url":"https:\/\/noti-america.com\/site\/repdom\/2021\/03\/01\/dejan-formalmente-constituida-la-federacion-dominicana-de-kickboxing\/","name":"Dejan formalmente constituida la Federaci\u00f3n Dominicana de Kickboxing - Rep. Dominicana | Noti-America.com","isPartOf":{"@id":"https:\/\/noti-america.com\/site\/repdom\/#website"},"primaryImageOfPage":{"@id":"https:\/\/noti-america.com\/site\/repdom\/2021\/03\/01\/dejan-formalmente-constituida-la-federacion-dominicana-de-kickboxing\/#primaryimage"},"image":{"@id":"https:\/\/noti-america.com\/site\/repdom\/2021\/03\/01\/dejan-formalmente-constituida-la-federacion-dominicana-de-kickboxing\/#primaryimage"},"thumbnailUrl":"https:\/\/noti-america.com\/site\/repdom\/wp-content\/uploads\/sites\/6\/2021\/03\/Dagoberto-Bolivar.jpeg","datePublished":"2021-03-01T13:12:23+00:00","dateModified":"2021-03-01T13:18:20+00:00","breadcrumb":{"@id":"https:\/\/noti-america.com\/site\/repdom\/2021\/03\/01\/dejan-formalmente-constituida-la-federacion-dominicana-de-kickboxing\/#breadcrumb"},"inLanguage":"es","potentialAction":[{"@type":"ReadAction","target":["https:\/\/noti-america.com\/site\/repdom\/2021\/03\/01\/dejan-formalmente-constituida-la-federacion-dominicana-de-kickboxing\/"]}]},{"@type":"ImageObject","inLanguage":"es","@id":"https:\/\/noti-america.com\/site\/repdom\/2021\/03\/01\/dejan-formalmente-constituida-la-federacion-dominicana-de-kickboxing\/#primaryimage","url":"https:\/\/noti-america.com\/site\/repdom\/wp-content\/uploads\/sites\/6\/2021\/03\/Dagoberto-Bolivar.jpeg","contentUrl":"https:\/\/noti-america.com\/site\/repdom\/wp-content\/uploads\/sites\/6\/2021\/03\/Dagoberto-Bolivar.jpeg","width":1280,"height":960},{"@type":"BreadcrumbList","@id":"https:\/\/noti-america.com\/site\/repdom\/2021\/03\/01\/dejan-formalmente-constituida-la-federacion-dominicana-de-kickboxing\/#breadcrumb","itemListElement":[{"@type":"ListItem","position":1,"name":"Portada","item":"https:\/\/noti-america.com\/site\/repdom\/"},{"@type":"ListItem","position":2,"name":"Dejan formalmente constituida la Federaci\u00f3n Dominicana de Kickboxing"}]},{"@type":"WebSite","@id":"https:\/\/noti-america.com\/site\/repdom\/#website","url":"https:\/\/noti-america.com\/site\/repdom\/","name":"Rep. Dominicana | Noti-America.com","description":"","publisher":{"@id":"https:\/\/noti-america.com\/site\/repdom\/#organization"},"potentialAction":[{"@type":"SearchAction","target":{"@type":"EntryPoint","urlTemplate":"https:\/\/noti-america.com\/site\/repdom\/?s={search_term_string}"},"query-input":{"@type":"PropertyValueSpecification","valueRequired":true,"valueName":"search_term_string"}}],"inLanguage":"es"},{"@type":"Organization","@id":"https:\/\/noti-america.com\/site\/repdom\/#organization","name":"Noti-America LLC | Rep\u00fablica Dominicana","url":"https:\/\/noti-america.com\/site\/repdom\/","logo":{"@type":"ImageObject","inLanguage":"es","@id":"https:\/\/noti-america.com\/site\/repdom\/#\/schema\/logo\/image\/","url":"https:\/\/noti-america.com\/site\/repdom\/wp-content\/uploads\/sites\/6\/2020\/07\/LogoNA-4x3-1.jpg","contentUrl":"https:\/\/noti-america.com\/site\/repdom\/wp-content\/uploads\/sites\/6\/2020\/07\/LogoNA-4x3-1.jpg","width":1236,"height":1080,"caption":"Noti-America LLC | Rep\u00fablica Dominicana"},"image":{"@id":"https:\/\/noti-america.com\/site\/repdom\/#\/schema\/logo\/image\/"}},{"@type":"Person","@id":"https:\/\/noti-america.com\/site\/repdom\/#\/schema\/person\/fd0092c1530d275fabaa5cffcbc2b976","name":"Ad\u00e1n Soriano","image":{"@type":"ImageObject","inLanguage":"es","@id":"https:\/\/secure.gravatar.com\/avatar\/ecf97ff3aee7ff9efdae670d7e976f3e7e8acc1077e510d73707999a8bfd4467?s=96&d=mm&r=g","url":"https:\/\/secure.gravatar.com\/avatar\/ecf97ff3aee7ff9efdae670d7e976f3e7e8acc1077e510d73707999a8bfd4467?s=96&d=mm&r=g","contentUrl":"https:\/\/secure.gravatar.com\/avatar\/ecf97ff3aee7ff9efdae670d7e976f3e7e8acc1077e510d73707999a8bfd4467?s=96&d=mm&r=g","caption":"Ad\u00e1n Soriano"},"description":"Soy cronista deportivo con 10 a\u00f1os de experiencia en varios espacios, y conduzco el podcast deportivo llamado Mezcla Deportiva","sameAs":["https:\/\/x.com\/adansoriano"],"url":"https:\/\/noti-america.com\/site\/repdom\/author\/asoriano\/"}]}},"_links":{"self":[{"href":"https:\/\/noti-america.com\/site\/repdom\/wp-json\/wp\/v2\/posts\/8816","targetHints":{"allow":["GET"]}}],"collection":[{"href":"https:\/\/noti-america.com\/site\/repdom\/wp-json\/wp\/v2\/posts"}],"about":[{"href":"https:\/\/noti-america.com\/site\/repdom\/wp-json\/wp\/v2\/types\/post"}],"author":[{"embeddable":true,"href":"https:\/\/noti-america.com\/site\/repdom\/wp-json\/wp\/v2\/users\/89"}],"replies":[{"embeddable":true,"href":"https:\/\/noti-america.com\/site\/repdom\/wp-json\/wp\/v2\/comments?post=8816"}],"version-history":[{"count":3,"href":"https:\/\/noti-america.com\/site\/repdom\/wp-json\/wp\/v2\/posts\/8816\/revisions"}],"predecessor-version":[{"id":8821,"href":"https:\/\/noti-america.com\/site\/repdom\/wp-json\/wp\/v2\/posts\/8816\/revisions\/8821"}],"wp:featuredmedia":[{"embeddable":true,"href":"https:\/\/noti-america.com\/site\/repdom\/wp-json\/wp\/v2\/media\/8818"}],"wp:attachment":[{"href":"https:\/\/noti-america.com\/site\/repdom\/wp-json\/wp\/v2\/media?parent=8816"}],"wp:term":[{"taxonomy":"category","embeddable":true,"href":"https:\/\/noti-america.com\/site\/repdom\/wp-json\/wp\/v2\/categories?post=8816"},{"taxonomy":"post_tag","embeddable":true,"href":"https:\/\/noti-america.com\/site\/repdom\/wp-json\/wp\/v2\/tags?post=8816"}],"curies":[{"name":"wp","href":"https:\/\/api.w.org\/{rel}","templated":true}]}}