{"id":8558,"date":"2021-02-18T01:07:32","date_gmt":"2021-02-18T01:07:32","guid":{"rendered":"https:\/\/noti-america.com\/site\/repdom\/2021\/02\/18\/corea-del-norte-acusada-de-intentar-hackear-la-vacuna-de-pfizer-2\/"},"modified":"2021-02-18T01:07:32","modified_gmt":"2021-02-18T01:07:32","slug":"corea-del-norte-acusada-de-intentar-hackear-la-vacuna-de-pfizer-2","status":"publish","type":"post","link":"https:\/\/noti-america.com\/site\/repdom\/2021\/02\/18\/corea-del-norte-acusada-de-intentar-hackear-la-vacuna-de-pfizer-2\/","title":{"rendered":"&#8220;Corea del Norte, acusada de intentar hackear la vacuna de Pfizer&#8221;"},"content":{"rendered":"<p style=\"text-align: justify\"><strong>NOTI-AMERICA (REPUBLICA DOMINICANA)<\/strong><\/p>\n<p style=\"text-align: justify\"><strong>COREA DEL NORTE_\u00a0 <\/strong>Ha Tae-Keung, parlamentario surcoreano, asegur\u00f3 que el Servicio Nacional de Inteligencia de Se\u00fal les avis\u00f3 del ataque cibern\u00e9tico. Los estudios en\u00a0<strong>Fase III de la vacuna desarrollada por Pfizer y BioNTech<\/strong>\u00a0determinaron que su\u00a0<strong>eficacia se elevaba hasta el 95%<\/strong>. Este dato provoc\u00f3 que fuera la primera en recibir la autorizaci\u00f3n por parte de las autoridades reguladoras de territorios como\u00a0<strong>Reino Unido, Estados Unidos o la Uni\u00f3n Europea.\u00a0<\/strong><\/p>\n<p style=\"text-align: justify\">En relaci\u00f3n con esta vacuna,\u00a0<strong>este martes la agencia de noticias\u00a0<em>AFP<\/em>\u00a0ha desvelado un sorprendente suceso<\/strong>: la existencia de varios informes elaborados por esp\u00edas de Corea del Sur en los que se afirma que\u00a0<strong>Corea del Norte intent\u00f3 hackear el mencionado remedio.\u00a0 <\/strong>En esa l\u00ednea se manifest\u00f3\u00a0<strong>Ha Tae-Keung,<\/strong>\u00a0parlamentario surcoreano, al asegurar a los periodistas tras una audiencia a puerta cerrada que \u00ab<strong>el Servicio Nacional de Inteligencia de Se\u00fal nos inform\u00f3 que Corea del Norte trat\u00f3 de obtener tecnolog\u00eda<\/strong>\u00a0que involucraba la vacuna COVID y su tratamiento\u00a0<strong>mediante el uso de la guerra cibern\u00e9tica para piratear Pfizer\u00bb.<\/strong><\/p>\n<h3 style=\"text-align: justify\"><strong>\u00abOtros intentos\u00bb<\/strong><\/h3>\n<p style=\"text-align: justify\">No se trata de un acto aislado, puesto que\u00a0<strong>a finales de noviembre de 2020 se conoci\u00f3 que supuestos piratas inform\u00e1ticos norcoreanos<\/strong>\u00a0intentaron acceder a los sistemas de\u00a0<strong>Oxford y AstraZeneca<\/strong>. Los hechos ocurrieron cuando ambas instituciones se encontraban sumergidas en\u00a0<strong>la carrera por lograr una vacuna eficaz. <\/strong>Y a principios de diciembre,\u00a0<a href=\"https:\/\/as.com\/meristation\/2020\/12\/10\/betech\/1607601236_954033.html\" target=\"_blank\" rel=\"noopener\"><strong>la Agencia Europea del Medicamento (EMA) ya denunci\u00f3 un ciberataque<\/strong><\/a>\u00a0en el que se accedi\u00f3 a informaci\u00f3n relevante sobre las curas de Pfizer\/BioNTech y Moderna. En aquel momento se asegur\u00f3 que el asalto\u00a0<strong>fue obra de un \u00abservicio inteligencia extranjero\u00bb.\u00a0<\/strong><\/p>\n<p style=\"text-align: justify\">Durante el ataque,\u00a0<strong>se intent\u00f3 obtener m\u00e1s datos relativos a los efectos, la seguridad y la fabricaci\u00f3n<\/strong>\u00a0de las vacunas: \u00abEstaban interesados en informaci\u00f3n sobre el procedimiento de autorizaci\u00f3n y los involucrados en la investigaci\u00f3n de la vacuna\u00bb,\u00a0<strong>se\u00f1alaron a la cadena\u00a0<em>NOS<\/em>\u00a0fuentes oficiales de Pa\u00edses Bajos, pa\u00eds sede de la EMA.<\/strong><\/p>\n<h3 style=\"text-align: justify\"><strong>Sin casos en Corea del Norte<\/strong><\/h3>\n<p style=\"text-align: justify\">Las informaciones deslizadas por\u00a0<strong>el Gobierno norcoreano apuntan a que oficialmente no han existido casos de coronavirus<\/strong>\u00a0en el pa\u00eds. Seg\u00fan afirman las autoridades de la naci\u00f3n,\u00a0<strong>ninguna de las m\u00e1s de 13.200 personas que ha testado han dado positivo.<\/strong>\u00a0Pese a ello, est\u00e1 previsto que lleguen a\u00a0Pionyang\u00a0<strong>cerca de 2 millones de vacunas de Oxford\/AstraZeneca.<\/strong><\/p>\n<p style=\"text-align: justify\">Fuente: as.com\/darioas<\/p>\n<p style=\"text-align: justify\">Redes Personales:<\/p>\n<p style=\"text-align: justify\">@cersocastillo instagram<\/p>\n<p style=\"text-align: justify\">Cerso Felipe Castillo Carri\u00f3n<\/p>\n<p style=\"text-align: justify\">\n<p style=\"text-align: justify\">\n<h2 class=\"art-opening\" style=\"text-align: justify\"><\/h2>\n<p style=\"text-align: justify\">\n","protected":false},"excerpt":{"rendered":"<p>NOTI-AMERICA (REPUBLICA DOMINICANA) COREA DEL NORTE_\u00a0 Ha Tae-Keung, parlamentario surcoreano, asegur\u00f3 que el Servicio Nacional de Inteligencia de Se\u00fal les avis\u00f3 del ataque cibern\u00e9tico. Los estudios en\u00a0Fase III de la vacuna desarrollada por Pfizer&#46;&#46;&#46;<\/p>\n","protected":false},"author":90,"featured_media":8559,"comment_status":"open","ping_status":"open","sticky":false,"template":"","format":"image","meta":{"_acf_changed":false,"rop_custom_images_group":[],"rop_custom_messages_group":[],"rop_publish_now":"initial","rop_publish_now_accounts":[],"rop_publish_now_history":[],"rop_publish_now_status":"pending","footnotes":""},"categories":[4],"tags":[],"class_list":["post-8558","post","type-post","status-publish","format-image","has-post-thumbnail","hentry","category-internacionales","post_format-post-format-image"],"acf":[],"yoast_head":"<!-- This site is optimized with the Yoast SEO Premium plugin v24.9 (Yoast SEO v27.2) - https:\/\/yoast.com\/product\/yoast-seo-premium-wordpress\/ -->\n<title>&#8220;Corea del Norte, acusada de intentar hackear la vacuna de Pfizer&#8221; - Rep. Dominicana | Noti-America.com<\/title>\n<meta name=\"robots\" content=\"index, follow, max-snippet:-1, max-image-preview:large, max-video-preview:-1\" \/>\n<link rel=\"canonical\" href=\"https:\/\/noti-america.com\/site\/repdom\/2021\/02\/18\/corea-del-norte-acusada-de-intentar-hackear-la-vacuna-de-pfizer-2\/\" \/>\n<meta property=\"og:locale\" content=\"es_ES\" \/>\n<meta property=\"og:type\" content=\"article\" \/>\n<meta property=\"og:title\" content=\"&#8220;Corea del Norte, acusada de intentar hackear la vacuna de Pfizer&#8221;\" \/>\n<meta property=\"og:description\" content=\"NOTI-AMERICA (REPUBLICA DOMINICANA) COREA DEL NORTE_\u00a0 Ha Tae-Keung, parlamentario surcoreano, asegur\u00f3 que el Servicio Nacional de Inteligencia de Se\u00fal les avis\u00f3 del ataque cibern\u00e9tico. Los estudios en\u00a0Fase III de la vacuna desarrollada por Pfizer&#046;&#046;&#046;\" \/>\n<meta property=\"og:url\" content=\"https:\/\/noti-america.com\/site\/repdom\/2021\/02\/18\/corea-del-norte-acusada-de-intentar-hackear-la-vacuna-de-pfizer-2\/\" \/>\n<meta property=\"og:site_name\" content=\"Rep. Dominicana | Noti-America.com\" \/>\n<meta property=\"article:published_time\" content=\"2021-02-18T01:07:32+00:00\" \/>\n<meta property=\"og:image\" content=\"https:\/\/noti-america.com\/site\/repdom\/wp-content\/uploads\/sites\/6\/2021\/02\/1613493004_338345_1613493284_noticia_normal.jpg\" \/>\n\t<meta property=\"og:image:width\" content=\"1200\" \/>\n\t<meta property=\"og:image:height\" content=\"675\" \/>\n\t<meta property=\"og:image:type\" content=\"image\/jpeg\" \/>\n<meta name=\"author\" content=\"Cerso Castillo\" \/>\n<meta name=\"twitter:card\" content=\"summary_large_image\" \/>\n<meta name=\"twitter:label1\" content=\"Escrito por\" \/>\n\t<meta name=\"twitter:data1\" content=\"Cerso Castillo\" \/>\n\t<meta name=\"twitter:label2\" content=\"Tiempo estimado de lectura\" \/>\n\t<meta name=\"twitter:data2\" content=\"2 minutos\" \/>\n<script type=\"application\/ld+json\" class=\"yoast-schema-graph\">{\"@context\":\"https:\/\/schema.org\",\"@graph\":[{\"@type\":\"Article\",\"@id\":\"https:\/\/noti-america.com\/site\/repdom\/2021\/02\/18\/corea-del-norte-acusada-de-intentar-hackear-la-vacuna-de-pfizer-2\/#article\",\"isPartOf\":{\"@id\":\"https:\/\/noti-america.com\/site\/repdom\/2021\/02\/18\/corea-del-norte-acusada-de-intentar-hackear-la-vacuna-de-pfizer-2\/\"},\"author\":{\"name\":\"Cerso Castillo\",\"@id\":\"https:\/\/noti-america.com\/site\/repdom\/#\/schema\/person\/408e10184d87f571c50942f1d952011d\"},\"headline\":\"&#8220;Corea del Norte, acusada de intentar hackear la vacuna de Pfizer&#8221;\",\"datePublished\":\"2021-02-18T01:07:32+00:00\",\"mainEntityOfPage\":{\"@id\":\"https:\/\/noti-america.com\/site\/repdom\/2021\/02\/18\/corea-del-norte-acusada-de-intentar-hackear-la-vacuna-de-pfizer-2\/\"},\"wordCount\":430,\"commentCount\":0,\"publisher\":{\"@id\":\"https:\/\/noti-america.com\/site\/repdom\/#organization\"},\"image\":{\"@id\":\"https:\/\/noti-america.com\/site\/repdom\/2021\/02\/18\/corea-del-norte-acusada-de-intentar-hackear-la-vacuna-de-pfizer-2\/#primaryimage\"},\"thumbnailUrl\":\"https:\/\/noti-america.com\/site\/repdom\/wp-content\/uploads\/sites\/6\/2021\/02\/1613493004_338345_1613493284_noticia_normal.jpg\",\"articleSection\":[\"Internacionales\"],\"inLanguage\":\"es\",\"potentialAction\":[{\"@type\":\"CommentAction\",\"name\":\"Comment\",\"target\":[\"https:\/\/noti-america.com\/site\/repdom\/2021\/02\/18\/corea-del-norte-acusada-de-intentar-hackear-la-vacuna-de-pfizer-2\/#respond\"]}]},{\"@type\":\"WebPage\",\"@id\":\"https:\/\/noti-america.com\/site\/repdom\/2021\/02\/18\/corea-del-norte-acusada-de-intentar-hackear-la-vacuna-de-pfizer-2\/\",\"url\":\"https:\/\/noti-america.com\/site\/repdom\/2021\/02\/18\/corea-del-norte-acusada-de-intentar-hackear-la-vacuna-de-pfizer-2\/\",\"name\":\"&#8220;Corea del Norte, acusada de intentar hackear la vacuna de Pfizer&#8221; - Rep. Dominicana | Noti-America.com\",\"isPartOf\":{\"@id\":\"https:\/\/noti-america.com\/site\/repdom\/#website\"},\"primaryImageOfPage\":{\"@id\":\"https:\/\/noti-america.com\/site\/repdom\/2021\/02\/18\/corea-del-norte-acusada-de-intentar-hackear-la-vacuna-de-pfizer-2\/#primaryimage\"},\"image\":{\"@id\":\"https:\/\/noti-america.com\/site\/repdom\/2021\/02\/18\/corea-del-norte-acusada-de-intentar-hackear-la-vacuna-de-pfizer-2\/#primaryimage\"},\"thumbnailUrl\":\"https:\/\/noti-america.com\/site\/repdom\/wp-content\/uploads\/sites\/6\/2021\/02\/1613493004_338345_1613493284_noticia_normal.jpg\",\"datePublished\":\"2021-02-18T01:07:32+00:00\",\"breadcrumb\":{\"@id\":\"https:\/\/noti-america.com\/site\/repdom\/2021\/02\/18\/corea-del-norte-acusada-de-intentar-hackear-la-vacuna-de-pfizer-2\/#breadcrumb\"},\"inLanguage\":\"es\",\"potentialAction\":[{\"@type\":\"ReadAction\",\"target\":[\"https:\/\/noti-america.com\/site\/repdom\/2021\/02\/18\/corea-del-norte-acusada-de-intentar-hackear-la-vacuna-de-pfizer-2\/\"]}]},{\"@type\":\"ImageObject\",\"inLanguage\":\"es\",\"@id\":\"https:\/\/noti-america.com\/site\/repdom\/2021\/02\/18\/corea-del-norte-acusada-de-intentar-hackear-la-vacuna-de-pfizer-2\/#primaryimage\",\"url\":\"https:\/\/noti-america.com\/site\/repdom\/wp-content\/uploads\/sites\/6\/2021\/02\/1613493004_338345_1613493284_noticia_normal.jpg\",\"contentUrl\":\"https:\/\/noti-america.com\/site\/repdom\/wp-content\/uploads\/sites\/6\/2021\/02\/1613493004_338345_1613493284_noticia_normal.jpg\",\"width\":1200,\"height\":675},{\"@type\":\"BreadcrumbList\",\"@id\":\"https:\/\/noti-america.com\/site\/repdom\/2021\/02\/18\/corea-del-norte-acusada-de-intentar-hackear-la-vacuna-de-pfizer-2\/#breadcrumb\",\"itemListElement\":[{\"@type\":\"ListItem\",\"position\":1,\"name\":\"Portada\",\"item\":\"https:\/\/noti-america.com\/site\/repdom\/\"},{\"@type\":\"ListItem\",\"position\":2,\"name\":\"&#8220;Corea del Norte, acusada de intentar hackear la vacuna de Pfizer&#8221;\"}]},{\"@type\":\"WebSite\",\"@id\":\"https:\/\/noti-america.com\/site\/repdom\/#website\",\"url\":\"https:\/\/noti-america.com\/site\/repdom\/\",\"name\":\"Rep. Dominicana | Noti-America.com\",\"description\":\"\",\"publisher\":{\"@id\":\"https:\/\/noti-america.com\/site\/repdom\/#organization\"},\"potentialAction\":[{\"@type\":\"SearchAction\",\"target\":{\"@type\":\"EntryPoint\",\"urlTemplate\":\"https:\/\/noti-america.com\/site\/repdom\/?s={search_term_string}\"},\"query-input\":{\"@type\":\"PropertyValueSpecification\",\"valueRequired\":true,\"valueName\":\"search_term_string\"}}],\"inLanguage\":\"es\"},{\"@type\":\"Organization\",\"@id\":\"https:\/\/noti-america.com\/site\/repdom\/#organization\",\"name\":\"Noti-America LLC | Rep\u00fablica Dominicana\",\"url\":\"https:\/\/noti-america.com\/site\/repdom\/\",\"logo\":{\"@type\":\"ImageObject\",\"inLanguage\":\"es\",\"@id\":\"https:\/\/noti-america.com\/site\/repdom\/#\/schema\/logo\/image\/\",\"url\":\"https:\/\/noti-america.com\/site\/repdom\/wp-content\/uploads\/sites\/6\/2020\/07\/LogoNA-4x3-1.jpg\",\"contentUrl\":\"https:\/\/noti-america.com\/site\/repdom\/wp-content\/uploads\/sites\/6\/2020\/07\/LogoNA-4x3-1.jpg\",\"width\":1236,\"height\":1080,\"caption\":\"Noti-America LLC | Rep\u00fablica Dominicana\"},\"image\":{\"@id\":\"https:\/\/noti-america.com\/site\/repdom\/#\/schema\/logo\/image\/\"}},{\"@type\":\"Person\",\"@id\":\"https:\/\/noti-america.com\/site\/repdom\/#\/schema\/person\/408e10184d87f571c50942f1d952011d\",\"name\":\"Cerso Castillo\",\"image\":{\"@type\":\"ImageObject\",\"inLanguage\":\"es\",\"@id\":\"https:\/\/secure.gravatar.com\/avatar\/cdbd3acf34ce68a34b34df99954821070986715ab3e264b63c5395bd1ddd529d?s=96&d=mm&r=g\",\"url\":\"https:\/\/secure.gravatar.com\/avatar\/cdbd3acf34ce68a34b34df99954821070986715ab3e264b63c5395bd1ddd529d?s=96&d=mm&r=g\",\"contentUrl\":\"https:\/\/secure.gravatar.com\/avatar\/cdbd3acf34ce68a34b34df99954821070986715ab3e264b63c5395bd1ddd529d?s=96&d=mm&r=g\",\"caption\":\"Cerso Castillo\"},\"description\":\"Comunicador &amp; Periodista, Locutor, Maestro de Ceremonias, Animador, Orador, Dominio Escenico, Productor de Tv &amp; Radio, Lider Consejero de Camp., Mentor Honorifico, Coach Comunicacional, Manejo de Paq. De Office, Dominio del Portugues, manejo del Ingles Intermedio &amp; Productor General del Programa Digital Conexi\u00f3n Sin Limites RD.\",\"sameAs\":[\"https:\/\/www.facebook.com\/conexionsinlimitesrd\/\"],\"url\":\"https:\/\/noti-america.com\/site\/repdom\/author\/ccastillo\/\"}]}<\/script>\n<!-- \/ Yoast SEO Premium plugin. -->","yoast_head_json":{"title":"&#8220;Corea del Norte, acusada de intentar hackear la vacuna de Pfizer&#8221; - Rep. Dominicana | Noti-America.com","robots":{"index":"index","follow":"follow","max-snippet":"max-snippet:-1","max-image-preview":"max-image-preview:large","max-video-preview":"max-video-preview:-1"},"canonical":"https:\/\/noti-america.com\/site\/repdom\/2021\/02\/18\/corea-del-norte-acusada-de-intentar-hackear-la-vacuna-de-pfizer-2\/","og_locale":"es_ES","og_type":"article","og_title":"&#8220;Corea del Norte, acusada de intentar hackear la vacuna de Pfizer&#8221;","og_description":"NOTI-AMERICA (REPUBLICA DOMINICANA) COREA DEL NORTE_\u00a0 Ha Tae-Keung, parlamentario surcoreano, asegur\u00f3 que el Servicio Nacional de Inteligencia de Se\u00fal les avis\u00f3 del ataque cibern\u00e9tico. Los estudios en\u00a0Fase III de la vacuna desarrollada por Pfizer&#46;&#46;&#46;","og_url":"https:\/\/noti-america.com\/site\/repdom\/2021\/02\/18\/corea-del-norte-acusada-de-intentar-hackear-la-vacuna-de-pfizer-2\/","og_site_name":"Rep. Dominicana | Noti-America.com","article_published_time":"2021-02-18T01:07:32+00:00","og_image":[{"width":1200,"height":675,"url":"https:\/\/noti-america.com\/site\/repdom\/wp-content\/uploads\/sites\/6\/2021\/02\/1613493004_338345_1613493284_noticia_normal.jpg","type":"image\/jpeg"}],"author":"Cerso Castillo","twitter_card":"summary_large_image","twitter_misc":{"Escrito por":"Cerso Castillo","Tiempo estimado de lectura":"2 minutos"},"schema":{"@context":"https:\/\/schema.org","@graph":[{"@type":"Article","@id":"https:\/\/noti-america.com\/site\/repdom\/2021\/02\/18\/corea-del-norte-acusada-de-intentar-hackear-la-vacuna-de-pfizer-2\/#article","isPartOf":{"@id":"https:\/\/noti-america.com\/site\/repdom\/2021\/02\/18\/corea-del-norte-acusada-de-intentar-hackear-la-vacuna-de-pfizer-2\/"},"author":{"name":"Cerso Castillo","@id":"https:\/\/noti-america.com\/site\/repdom\/#\/schema\/person\/408e10184d87f571c50942f1d952011d"},"headline":"&#8220;Corea del Norte, acusada de intentar hackear la vacuna de Pfizer&#8221;","datePublished":"2021-02-18T01:07:32+00:00","mainEntityOfPage":{"@id":"https:\/\/noti-america.com\/site\/repdom\/2021\/02\/18\/corea-del-norte-acusada-de-intentar-hackear-la-vacuna-de-pfizer-2\/"},"wordCount":430,"commentCount":0,"publisher":{"@id":"https:\/\/noti-america.com\/site\/repdom\/#organization"},"image":{"@id":"https:\/\/noti-america.com\/site\/repdom\/2021\/02\/18\/corea-del-norte-acusada-de-intentar-hackear-la-vacuna-de-pfizer-2\/#primaryimage"},"thumbnailUrl":"https:\/\/noti-america.com\/site\/repdom\/wp-content\/uploads\/sites\/6\/2021\/02\/1613493004_338345_1613493284_noticia_normal.jpg","articleSection":["Internacionales"],"inLanguage":"es","potentialAction":[{"@type":"CommentAction","name":"Comment","target":["https:\/\/noti-america.com\/site\/repdom\/2021\/02\/18\/corea-del-norte-acusada-de-intentar-hackear-la-vacuna-de-pfizer-2\/#respond"]}]},{"@type":"WebPage","@id":"https:\/\/noti-america.com\/site\/repdom\/2021\/02\/18\/corea-del-norte-acusada-de-intentar-hackear-la-vacuna-de-pfizer-2\/","url":"https:\/\/noti-america.com\/site\/repdom\/2021\/02\/18\/corea-del-norte-acusada-de-intentar-hackear-la-vacuna-de-pfizer-2\/","name":"&#8220;Corea del Norte, acusada de intentar hackear la vacuna de Pfizer&#8221; - Rep. Dominicana | Noti-America.com","isPartOf":{"@id":"https:\/\/noti-america.com\/site\/repdom\/#website"},"primaryImageOfPage":{"@id":"https:\/\/noti-america.com\/site\/repdom\/2021\/02\/18\/corea-del-norte-acusada-de-intentar-hackear-la-vacuna-de-pfizer-2\/#primaryimage"},"image":{"@id":"https:\/\/noti-america.com\/site\/repdom\/2021\/02\/18\/corea-del-norte-acusada-de-intentar-hackear-la-vacuna-de-pfizer-2\/#primaryimage"},"thumbnailUrl":"https:\/\/noti-america.com\/site\/repdom\/wp-content\/uploads\/sites\/6\/2021\/02\/1613493004_338345_1613493284_noticia_normal.jpg","datePublished":"2021-02-18T01:07:32+00:00","breadcrumb":{"@id":"https:\/\/noti-america.com\/site\/repdom\/2021\/02\/18\/corea-del-norte-acusada-de-intentar-hackear-la-vacuna-de-pfizer-2\/#breadcrumb"},"inLanguage":"es","potentialAction":[{"@type":"ReadAction","target":["https:\/\/noti-america.com\/site\/repdom\/2021\/02\/18\/corea-del-norte-acusada-de-intentar-hackear-la-vacuna-de-pfizer-2\/"]}]},{"@type":"ImageObject","inLanguage":"es","@id":"https:\/\/noti-america.com\/site\/repdom\/2021\/02\/18\/corea-del-norte-acusada-de-intentar-hackear-la-vacuna-de-pfizer-2\/#primaryimage","url":"https:\/\/noti-america.com\/site\/repdom\/wp-content\/uploads\/sites\/6\/2021\/02\/1613493004_338345_1613493284_noticia_normal.jpg","contentUrl":"https:\/\/noti-america.com\/site\/repdom\/wp-content\/uploads\/sites\/6\/2021\/02\/1613493004_338345_1613493284_noticia_normal.jpg","width":1200,"height":675},{"@type":"BreadcrumbList","@id":"https:\/\/noti-america.com\/site\/repdom\/2021\/02\/18\/corea-del-norte-acusada-de-intentar-hackear-la-vacuna-de-pfizer-2\/#breadcrumb","itemListElement":[{"@type":"ListItem","position":1,"name":"Portada","item":"https:\/\/noti-america.com\/site\/repdom\/"},{"@type":"ListItem","position":2,"name":"&#8220;Corea del Norte, acusada de intentar hackear la vacuna de Pfizer&#8221;"}]},{"@type":"WebSite","@id":"https:\/\/noti-america.com\/site\/repdom\/#website","url":"https:\/\/noti-america.com\/site\/repdom\/","name":"Rep. Dominicana | Noti-America.com","description":"","publisher":{"@id":"https:\/\/noti-america.com\/site\/repdom\/#organization"},"potentialAction":[{"@type":"SearchAction","target":{"@type":"EntryPoint","urlTemplate":"https:\/\/noti-america.com\/site\/repdom\/?s={search_term_string}"},"query-input":{"@type":"PropertyValueSpecification","valueRequired":true,"valueName":"search_term_string"}}],"inLanguage":"es"},{"@type":"Organization","@id":"https:\/\/noti-america.com\/site\/repdom\/#organization","name":"Noti-America LLC | Rep\u00fablica Dominicana","url":"https:\/\/noti-america.com\/site\/repdom\/","logo":{"@type":"ImageObject","inLanguage":"es","@id":"https:\/\/noti-america.com\/site\/repdom\/#\/schema\/logo\/image\/","url":"https:\/\/noti-america.com\/site\/repdom\/wp-content\/uploads\/sites\/6\/2020\/07\/LogoNA-4x3-1.jpg","contentUrl":"https:\/\/noti-america.com\/site\/repdom\/wp-content\/uploads\/sites\/6\/2020\/07\/LogoNA-4x3-1.jpg","width":1236,"height":1080,"caption":"Noti-America LLC | Rep\u00fablica Dominicana"},"image":{"@id":"https:\/\/noti-america.com\/site\/repdom\/#\/schema\/logo\/image\/"}},{"@type":"Person","@id":"https:\/\/noti-america.com\/site\/repdom\/#\/schema\/person\/408e10184d87f571c50942f1d952011d","name":"Cerso Castillo","image":{"@type":"ImageObject","inLanguage":"es","@id":"https:\/\/secure.gravatar.com\/avatar\/cdbd3acf34ce68a34b34df99954821070986715ab3e264b63c5395bd1ddd529d?s=96&d=mm&r=g","url":"https:\/\/secure.gravatar.com\/avatar\/cdbd3acf34ce68a34b34df99954821070986715ab3e264b63c5395bd1ddd529d?s=96&d=mm&r=g","contentUrl":"https:\/\/secure.gravatar.com\/avatar\/cdbd3acf34ce68a34b34df99954821070986715ab3e264b63c5395bd1ddd529d?s=96&d=mm&r=g","caption":"Cerso Castillo"},"description":"Comunicador &amp; Periodista, Locutor, Maestro de Ceremonias, Animador, Orador, Dominio Escenico, Productor de Tv &amp; Radio, Lider Consejero de Camp., Mentor Honorifico, Coach Comunicacional, Manejo de Paq. De Office, Dominio del Portugues, manejo del Ingles Intermedio &amp; Productor General del Programa Digital Conexi\u00f3n Sin Limites RD.","sameAs":["https:\/\/www.facebook.com\/conexionsinlimitesrd\/"],"url":"https:\/\/noti-america.com\/site\/repdom\/author\/ccastillo\/"}]}},"_links":{"self":[{"href":"https:\/\/noti-america.com\/site\/repdom\/wp-json\/wp\/v2\/posts\/8558","targetHints":{"allow":["GET"]}}],"collection":[{"href":"https:\/\/noti-america.com\/site\/repdom\/wp-json\/wp\/v2\/posts"}],"about":[{"href":"https:\/\/noti-america.com\/site\/repdom\/wp-json\/wp\/v2\/types\/post"}],"author":[{"embeddable":true,"href":"https:\/\/noti-america.com\/site\/repdom\/wp-json\/wp\/v2\/users\/90"}],"replies":[{"embeddable":true,"href":"https:\/\/noti-america.com\/site\/repdom\/wp-json\/wp\/v2\/comments?post=8558"}],"version-history":[{"count":0,"href":"https:\/\/noti-america.com\/site\/repdom\/wp-json\/wp\/v2\/posts\/8558\/revisions"}],"wp:featuredmedia":[{"embeddable":true,"href":"https:\/\/noti-america.com\/site\/repdom\/wp-json\/wp\/v2\/media\/8559"}],"wp:attachment":[{"href":"https:\/\/noti-america.com\/site\/repdom\/wp-json\/wp\/v2\/media?parent=8558"}],"wp:term":[{"taxonomy":"category","embeddable":true,"href":"https:\/\/noti-america.com\/site\/repdom\/wp-json\/wp\/v2\/categories?post=8558"},{"taxonomy":"post_tag","embeddable":true,"href":"https:\/\/noti-america.com\/site\/repdom\/wp-json\/wp\/v2\/tags?post=8558"}],"curies":[{"name":"wp","href":"https:\/\/api.w.org\/{rel}","templated":true}]}}