{"id":8544,"date":"2021-02-17T12:39:45","date_gmt":"2021-02-17T12:39:45","guid":{"rendered":"https:\/\/noti-america.com\/site\/repdom\/2021\/02\/17\/minerd-fija-reunion-del-consejo-de-educacion-para-tratar-retorno-a-aulas\/"},"modified":"2021-02-17T12:39:45","modified_gmt":"2021-02-17T12:39:45","slug":"minerd-fija-reunion-del-consejo-de-educacion-para-tratar-retorno-a-aulas","status":"publish","type":"post","link":"https:\/\/noti-america.com\/site\/repdom\/2021\/02\/17\/minerd-fija-reunion-del-consejo-de-educacion-para-tratar-retorno-a-aulas\/","title":{"rendered":"Minerd fija reuni\u00f3n del Consejo de Educaci\u00f3n para tratar retorno a aulas"},"content":{"rendered":"<p><img loading=\"lazy\" decoding=\"async\" class=\"alignnone size-medium wp-image-8542\" src=\"https:\/\/noti-america.com\/site\/repdom\/wp-content\/uploads\/sites\/6\/2021\/02\/3-reunion-consejo-nacional-de-educacion-15409644-20201218155315_15785612_20210216191024-300x179.jpg\" alt=\"\" width=\"300\" height=\"179\" srcset=\"https:\/\/noti-america.com\/site\/repdom\/wp-content\/uploads\/sites\/6\/2021\/02\/3-reunion-consejo-nacional-de-educacion-15409644-20201218155315_15785612_20210216191024-300x179.jpg 300w, https:\/\/noti-america.com\/site\/repdom\/wp-content\/uploads\/sites\/6\/2021\/02\/3-reunion-consejo-nacional-de-educacion-15409644-20201218155315_15785612_20210216191024.jpg 620w\" sizes=\"auto, (max-width: 300px) 100vw, 300px\" \/><\/p>\n<p>Noti-America Rep. Dominicana<\/p>\n<p>&nbsp;<\/p>\n<p>Luego de que el Grupo de Educaci\u00f3n para Padres de Rep\u00fablica Dominicana (PPEPRD) emitiera una citaci\u00f3n, el Ministerio de Educaci\u00f3n (Minerd) convoc\u00f3 una reuni\u00f3n de los miembros del Consejo Nacional de Educaci\u00f3n (CNE) que presidieron la reuni\u00f3n. Con el fin de presentar un informe sobre los procedimientos para regresar al aula de manera segura antes del mi\u00e9rcoles 24 de febrero,<\/p>\n<p>Ayer, el PPEPRD emplaz\u00f3 a las autoridades a presentar, en un plazo de 15 d\u00edas, un plan de desescalada o ruta cr\u00edtica para iniciar de forma gradual y segura las clases presenciales.<\/p>\n<p>Ese mismo d\u00eda fue convocada la pr\u00f3xima reuni\u00f3n, la 1era. sesi\u00f3n ordinaria correspondiente a este a\u00f1o, del CNE en el Minerd tambi\u00e9n presentar\u00e1 los lineamientos del Plan Estrat\u00e9gico Institucional 2021-2024.<\/p>\n<p>Ayer, el director ejecutivo de Acci\u00f3n Empresarial por la Educaci\u00f3n (Educa), Darwin Caraballo, declar\u00f3 a Diario Libre que existe la necesidad de convocar a un di\u00e1logo para crear espacios de entendimiento entre las autoridades y los sectores involucrados.<\/p>\n<p>Cree que \u201cel cuello de botella\u201d no est\u00e1 en la elaboraci\u00f3n de los protocolos, sino en el visto bueno que d\u00e9 el Ministerio de Salud P\u00fablica al Minerd para abrir las aulas.<\/p>\n<p>Aunque afirm\u00f3 que Educa celebra que la familia dominicana est\u00e9 activa en torno al tema de la educaci\u00f3n, no cree que judicializar ese proceso llegue a un feliz t\u00e9rmino porque podr\u00eda ir en contra del objetivo buscado. Para \u00e9l podr\u00edan seguir perdiendo tiempo y atrasar\u00edan el objetivo que se persigue. \u201cEl escenario conflicto nunca conduce a soluciones \u00f3ptimas y adem\u00e1s, puede ayudar a enardecer m\u00e1s, cada d\u00eda. El objetivo es el retorno presencial, parcial y voluntario tan pronto sea posible\u201d, afirm\u00f3.<\/p>\n<p>Consider\u00f3 que Educa mantiene la misma posici\u00f3n que Unicef, que junto a la OPS, la Unesco y el Banco Mundial solicitaron la creaci\u00f3n de un grupo de trabajo para abordar el tema de la reapertura de las escuelas.<\/p>\n<p>Piensa que para lograr su objetivo es saludable que los padres, representados en un colectivo, puedan presentar sus inquietudes ante organismos p\u00fablicos, privados, nacionales e internacionales.<\/p>\n<div class=\"entretitulo\">Evidencias cient\u00edficas<\/div>\n<div class=\"paragraph\">\n<p>Educa public\u00f3 una interesante nota de trabajo titulada: \u201cEvidencias cient\u00edficas sobre la Educaci\u00f3n y el COVID-19\u201d, que contiene un resumen de datos bibliogr\u00e1ficos sobre publicaciones realizadas por entidades internacionales de renombre acerca de la reapertura de las clases en las escuelas de manera presencial.<\/p>\n<p>En el documento, escrito por su director ejecutivo, se expresa: \u201cEn Educa no somos epidemi\u00f3logos ni vir\u00f3logos. Pero somos buenos investigando y documentando posiciones t\u00e9cnicas\u201d. A\u00f1ade: \u201cAqu\u00ed una selecci\u00f3n de los estudios m\u00e1s recientes en los centros y universidades m\u00e1s prestigiosos sobre la pandemia y la educaci\u00f3n. Forma tu propia opini\u00f3n de manera documentada. No permitas que otros piensen por ti\u201d.<\/p>\n<\/div>\n<p>&nbsp;<\/p>\n<p>&nbsp;<\/p>\n<p>&nbsp;<\/p>\n<p>&nbsp;<\/p>\n<p>&nbsp;<\/p>\n<p>Fuente DL<\/p>\n<p>&nbsp;<\/p>\n<p>&nbsp;<\/p>\n<p>&nbsp;<\/p>\n","protected":false},"excerpt":{"rendered":"<p>Noti-America Rep. Dominicana &nbsp; Luego de que el Grupo de Educaci\u00f3n para Padres de Rep\u00fablica Dominicana (PPEPRD) emitiera una citaci\u00f3n, el Ministerio de Educaci\u00f3n (Minerd) convoc\u00f3 una reuni\u00f3n de los miembros del Consejo Nacional&#46;&#46;&#46;<\/p>\n","protected":false},"author":96,"featured_media":8545,"comment_status":"open","ping_status":"open","sticky":false,"template":"","format":"standard","meta":{"_acf_changed":false,"rop_custom_images_group":[],"rop_custom_messages_group":[],"rop_publish_now":"initial","rop_publish_now_accounts":[],"rop_publish_now_history":[],"rop_publish_now_status":"pending","footnotes":""},"categories":[105],"tags":[],"class_list":["post-8544","post","type-post","status-publish","format-standard","has-post-thumbnail","hentry","category-noticias"],"acf":[],"yoast_head":"<!-- This site is optimized with the Yoast SEO Premium plugin v24.9 (Yoast SEO v27.2) - https:\/\/yoast.com\/product\/yoast-seo-premium-wordpress\/ -->\n<title>Minerd fija reuni\u00f3n del Consejo de Educaci\u00f3n para tratar retorno a aulas - Rep. Dominicana | Noti-America.com<\/title>\n<meta name=\"robots\" content=\"index, follow, max-snippet:-1, max-image-preview:large, max-video-preview:-1\" \/>\n<link rel=\"canonical\" href=\"https:\/\/noti-america.com\/site\/repdom\/2021\/02\/17\/minerd-fija-reunion-del-consejo-de-educacion-para-tratar-retorno-a-aulas\/\" \/>\n<meta property=\"og:locale\" content=\"es_ES\" \/>\n<meta property=\"og:type\" content=\"article\" \/>\n<meta property=\"og:title\" content=\"Minerd fija reuni\u00f3n del Consejo de Educaci\u00f3n para tratar retorno a aulas\" \/>\n<meta property=\"og:description\" content=\"Noti-America Rep. Dominicana &nbsp; Luego de que el Grupo de Educaci\u00f3n para Padres de Rep\u00fablica Dominicana (PPEPRD) emitiera una citaci\u00f3n, el Ministerio de Educaci\u00f3n (Minerd) convoc\u00f3 una reuni\u00f3n de los miembros del Consejo Nacional&#046;&#046;&#046;\" \/>\n<meta property=\"og:url\" content=\"https:\/\/noti-america.com\/site\/repdom\/2021\/02\/17\/minerd-fija-reunion-del-consejo-de-educacion-para-tratar-retorno-a-aulas\/\" \/>\n<meta property=\"og:site_name\" content=\"Rep. Dominicana | Noti-America.com\" \/>\n<meta property=\"article:author\" content=\"https:\/\/www.facebook.com\/share\/1HVE1qCqVk\/?mibextid=wwXIfr\" \/>\n<meta property=\"article:published_time\" content=\"2021-02-17T12:39:45+00:00\" \/>\n<meta property=\"og:image\" content=\"https:\/\/noti-america.com\/site\/repdom\/wp-content\/uploads\/sites\/6\/2021\/02\/3-reunion-consejo-nacional-de-educacion-15409644-20201218155315_15785612_20210216191024.jpg\" \/>\n\t<meta property=\"og:image:width\" content=\"620\" \/>\n\t<meta property=\"og:image:height\" content=\"370\" \/>\n\t<meta property=\"og:image:type\" content=\"image\/jpeg\" \/>\n<meta name=\"author\" content=\"Miguel Ramirez\" \/>\n<meta name=\"twitter:card\" content=\"summary_large_image\" \/>\n<meta name=\"twitter:label1\" content=\"Escrito por\" \/>\n\t<meta name=\"twitter:data1\" content=\"Miguel Ramirez\" \/>\n\t<meta name=\"twitter:label2\" content=\"Tiempo estimado de lectura\" \/>\n\t<meta name=\"twitter:data2\" content=\"3 minutos\" \/>\n<script type=\"application\/ld+json\" class=\"yoast-schema-graph\">{\"@context\":\"https:\/\/schema.org\",\"@graph\":[{\"@type\":\"Article\",\"@id\":\"https:\/\/noti-america.com\/site\/repdom\/2021\/02\/17\/minerd-fija-reunion-del-consejo-de-educacion-para-tratar-retorno-a-aulas\/#article\",\"isPartOf\":{\"@id\":\"https:\/\/noti-america.com\/site\/repdom\/2021\/02\/17\/minerd-fija-reunion-del-consejo-de-educacion-para-tratar-retorno-a-aulas\/\"},\"author\":{\"name\":\"Miguel Ramirez\",\"@id\":\"https:\/\/noti-america.com\/site\/repdom\/#\/schema\/person\/8027db7d71a0328e6e4474fa188c6fb3\"},\"headline\":\"Minerd fija reuni\u00f3n del Consejo de Educaci\u00f3n para tratar retorno a aulas\",\"datePublished\":\"2021-02-17T12:39:45+00:00\",\"mainEntityOfPage\":{\"@id\":\"https:\/\/noti-america.com\/site\/repdom\/2021\/02\/17\/minerd-fija-reunion-del-consejo-de-educacion-para-tratar-retorno-a-aulas\/\"},\"wordCount\":516,\"commentCount\":0,\"publisher\":{\"@id\":\"https:\/\/noti-america.com\/site\/repdom\/#organization\"},\"image\":{\"@id\":\"https:\/\/noti-america.com\/site\/repdom\/2021\/02\/17\/minerd-fija-reunion-del-consejo-de-educacion-para-tratar-retorno-a-aulas\/#primaryimage\"},\"thumbnailUrl\":\"https:\/\/noti-america.com\/site\/repdom\/wp-content\/uploads\/sites\/6\/2021\/02\/3-reunion-consejo-nacional-de-educacion-15409644-20201218155315_15785612_20210216191024.jpg\",\"articleSection\":[\"Noticias\"],\"inLanguage\":\"es\",\"potentialAction\":[{\"@type\":\"CommentAction\",\"name\":\"Comment\",\"target\":[\"https:\/\/noti-america.com\/site\/repdom\/2021\/02\/17\/minerd-fija-reunion-del-consejo-de-educacion-para-tratar-retorno-a-aulas\/#respond\"]}]},{\"@type\":\"WebPage\",\"@id\":\"https:\/\/noti-america.com\/site\/repdom\/2021\/02\/17\/minerd-fija-reunion-del-consejo-de-educacion-para-tratar-retorno-a-aulas\/\",\"url\":\"https:\/\/noti-america.com\/site\/repdom\/2021\/02\/17\/minerd-fija-reunion-del-consejo-de-educacion-para-tratar-retorno-a-aulas\/\",\"name\":\"Minerd fija reuni\u00f3n del Consejo de Educaci\u00f3n para tratar retorno a aulas - Rep. Dominicana | Noti-America.com\",\"isPartOf\":{\"@id\":\"https:\/\/noti-america.com\/site\/repdom\/#website\"},\"primaryImageOfPage\":{\"@id\":\"https:\/\/noti-america.com\/site\/repdom\/2021\/02\/17\/minerd-fija-reunion-del-consejo-de-educacion-para-tratar-retorno-a-aulas\/#primaryimage\"},\"image\":{\"@id\":\"https:\/\/noti-america.com\/site\/repdom\/2021\/02\/17\/minerd-fija-reunion-del-consejo-de-educacion-para-tratar-retorno-a-aulas\/#primaryimage\"},\"thumbnailUrl\":\"https:\/\/noti-america.com\/site\/repdom\/wp-content\/uploads\/sites\/6\/2021\/02\/3-reunion-consejo-nacional-de-educacion-15409644-20201218155315_15785612_20210216191024.jpg\",\"datePublished\":\"2021-02-17T12:39:45+00:00\",\"breadcrumb\":{\"@id\":\"https:\/\/noti-america.com\/site\/repdom\/2021\/02\/17\/minerd-fija-reunion-del-consejo-de-educacion-para-tratar-retorno-a-aulas\/#breadcrumb\"},\"inLanguage\":\"es\",\"potentialAction\":[{\"@type\":\"ReadAction\",\"target\":[\"https:\/\/noti-america.com\/site\/repdom\/2021\/02\/17\/minerd-fija-reunion-del-consejo-de-educacion-para-tratar-retorno-a-aulas\/\"]}]},{\"@type\":\"ImageObject\",\"inLanguage\":\"es\",\"@id\":\"https:\/\/noti-america.com\/site\/repdom\/2021\/02\/17\/minerd-fija-reunion-del-consejo-de-educacion-para-tratar-retorno-a-aulas\/#primaryimage\",\"url\":\"https:\/\/noti-america.com\/site\/repdom\/wp-content\/uploads\/sites\/6\/2021\/02\/3-reunion-consejo-nacional-de-educacion-15409644-20201218155315_15785612_20210216191024.jpg\",\"contentUrl\":\"https:\/\/noti-america.com\/site\/repdom\/wp-content\/uploads\/sites\/6\/2021\/02\/3-reunion-consejo-nacional-de-educacion-15409644-20201218155315_15785612_20210216191024.jpg\",\"width\":620,\"height\":370},{\"@type\":\"BreadcrumbList\",\"@id\":\"https:\/\/noti-america.com\/site\/repdom\/2021\/02\/17\/minerd-fija-reunion-del-consejo-de-educacion-para-tratar-retorno-a-aulas\/#breadcrumb\",\"itemListElement\":[{\"@type\":\"ListItem\",\"position\":1,\"name\":\"Portada\",\"item\":\"https:\/\/noti-america.com\/site\/repdom\/\"},{\"@type\":\"ListItem\",\"position\":2,\"name\":\"Minerd fija reuni\u00f3n del Consejo de Educaci\u00f3n para tratar retorno a aulas\"}]},{\"@type\":\"WebSite\",\"@id\":\"https:\/\/noti-america.com\/site\/repdom\/#website\",\"url\":\"https:\/\/noti-america.com\/site\/repdom\/\",\"name\":\"Rep. Dominicana | Noti-America.com\",\"description\":\"\",\"publisher\":{\"@id\":\"https:\/\/noti-america.com\/site\/repdom\/#organization\"},\"potentialAction\":[{\"@type\":\"SearchAction\",\"target\":{\"@type\":\"EntryPoint\",\"urlTemplate\":\"https:\/\/noti-america.com\/site\/repdom\/?s={search_term_string}\"},\"query-input\":{\"@type\":\"PropertyValueSpecification\",\"valueRequired\":true,\"valueName\":\"search_term_string\"}}],\"inLanguage\":\"es\"},{\"@type\":\"Organization\",\"@id\":\"https:\/\/noti-america.com\/site\/repdom\/#organization\",\"name\":\"Noti-America LLC | Rep\u00fablica Dominicana\",\"url\":\"https:\/\/noti-america.com\/site\/repdom\/\",\"logo\":{\"@type\":\"ImageObject\",\"inLanguage\":\"es\",\"@id\":\"https:\/\/noti-america.com\/site\/repdom\/#\/schema\/logo\/image\/\",\"url\":\"https:\/\/noti-america.com\/site\/repdom\/wp-content\/uploads\/sites\/6\/2020\/07\/LogoNA-4x3-1.jpg\",\"contentUrl\":\"https:\/\/noti-america.com\/site\/repdom\/wp-content\/uploads\/sites\/6\/2020\/07\/LogoNA-4x3-1.jpg\",\"width\":1236,\"height\":1080,\"caption\":\"Noti-America LLC | Rep\u00fablica Dominicana\"},\"image\":{\"@id\":\"https:\/\/noti-america.com\/site\/repdom\/#\/schema\/logo\/image\/\"}},{\"@type\":\"Person\",\"@id\":\"https:\/\/noti-america.com\/site\/repdom\/#\/schema\/person\/8027db7d71a0328e6e4474fa188c6fb3\",\"name\":\"Miguel Ramirez\",\"image\":{\"@type\":\"ImageObject\",\"inLanguage\":\"es\",\"@id\":\"https:\/\/secure.gravatar.com\/avatar\/41a78fb2cdab3e2dc5831d3591f1dab499ed0c22acc464195b09f37c2b3ac2cf?s=96&d=mm&r=g\",\"url\":\"https:\/\/secure.gravatar.com\/avatar\/41a78fb2cdab3e2dc5831d3591f1dab499ed0c22acc464195b09f37c2b3ac2cf?s=96&d=mm&r=g\",\"contentUrl\":\"https:\/\/secure.gravatar.com\/avatar\/41a78fb2cdab3e2dc5831d3591f1dab499ed0c22acc464195b09f37c2b3ac2cf?s=96&d=mm&r=g\",\"caption\":\"Miguel Ramirez\"},\"description\":\"Locutor y periodista digital y coach comunicaci\u00f3n\",\"sameAs\":[\"https:\/\/www.facebook.com\/share\/1HVE1qCqVk\/?mibextid=wwXIfr\"],\"url\":\"https:\/\/noti-america.com\/site\/repdom\/author\/mramirez\/\"}]}<\/script>\n<!-- \/ Yoast SEO Premium plugin. -->","yoast_head_json":{"title":"Minerd fija reuni\u00f3n del Consejo de Educaci\u00f3n para tratar retorno a aulas - Rep. Dominicana | Noti-America.com","robots":{"index":"index","follow":"follow","max-snippet":"max-snippet:-1","max-image-preview":"max-image-preview:large","max-video-preview":"max-video-preview:-1"},"canonical":"https:\/\/noti-america.com\/site\/repdom\/2021\/02\/17\/minerd-fija-reunion-del-consejo-de-educacion-para-tratar-retorno-a-aulas\/","og_locale":"es_ES","og_type":"article","og_title":"Minerd fija reuni\u00f3n del Consejo de Educaci\u00f3n para tratar retorno a aulas","og_description":"Noti-America Rep. Dominicana &nbsp; Luego de que el Grupo de Educaci\u00f3n para Padres de Rep\u00fablica Dominicana (PPEPRD) emitiera una citaci\u00f3n, el Ministerio de Educaci\u00f3n (Minerd) convoc\u00f3 una reuni\u00f3n de los miembros del Consejo Nacional&#46;&#46;&#46;","og_url":"https:\/\/noti-america.com\/site\/repdom\/2021\/02\/17\/minerd-fija-reunion-del-consejo-de-educacion-para-tratar-retorno-a-aulas\/","og_site_name":"Rep. Dominicana | Noti-America.com","article_author":"https:\/\/www.facebook.com\/share\/1HVE1qCqVk\/?mibextid=wwXIfr","article_published_time":"2021-02-17T12:39:45+00:00","og_image":[{"width":620,"height":370,"url":"https:\/\/noti-america.com\/site\/repdom\/wp-content\/uploads\/sites\/6\/2021\/02\/3-reunion-consejo-nacional-de-educacion-15409644-20201218155315_15785612_20210216191024.jpg","type":"image\/jpeg"}],"author":"Miguel Ramirez","twitter_card":"summary_large_image","twitter_misc":{"Escrito por":"Miguel Ramirez","Tiempo estimado de lectura":"3 minutos"},"schema":{"@context":"https:\/\/schema.org","@graph":[{"@type":"Article","@id":"https:\/\/noti-america.com\/site\/repdom\/2021\/02\/17\/minerd-fija-reunion-del-consejo-de-educacion-para-tratar-retorno-a-aulas\/#article","isPartOf":{"@id":"https:\/\/noti-america.com\/site\/repdom\/2021\/02\/17\/minerd-fija-reunion-del-consejo-de-educacion-para-tratar-retorno-a-aulas\/"},"author":{"name":"Miguel Ramirez","@id":"https:\/\/noti-america.com\/site\/repdom\/#\/schema\/person\/8027db7d71a0328e6e4474fa188c6fb3"},"headline":"Minerd fija reuni\u00f3n del Consejo de Educaci\u00f3n para tratar retorno a aulas","datePublished":"2021-02-17T12:39:45+00:00","mainEntityOfPage":{"@id":"https:\/\/noti-america.com\/site\/repdom\/2021\/02\/17\/minerd-fija-reunion-del-consejo-de-educacion-para-tratar-retorno-a-aulas\/"},"wordCount":516,"commentCount":0,"publisher":{"@id":"https:\/\/noti-america.com\/site\/repdom\/#organization"},"image":{"@id":"https:\/\/noti-america.com\/site\/repdom\/2021\/02\/17\/minerd-fija-reunion-del-consejo-de-educacion-para-tratar-retorno-a-aulas\/#primaryimage"},"thumbnailUrl":"https:\/\/noti-america.com\/site\/repdom\/wp-content\/uploads\/sites\/6\/2021\/02\/3-reunion-consejo-nacional-de-educacion-15409644-20201218155315_15785612_20210216191024.jpg","articleSection":["Noticias"],"inLanguage":"es","potentialAction":[{"@type":"CommentAction","name":"Comment","target":["https:\/\/noti-america.com\/site\/repdom\/2021\/02\/17\/minerd-fija-reunion-del-consejo-de-educacion-para-tratar-retorno-a-aulas\/#respond"]}]},{"@type":"WebPage","@id":"https:\/\/noti-america.com\/site\/repdom\/2021\/02\/17\/minerd-fija-reunion-del-consejo-de-educacion-para-tratar-retorno-a-aulas\/","url":"https:\/\/noti-america.com\/site\/repdom\/2021\/02\/17\/minerd-fija-reunion-del-consejo-de-educacion-para-tratar-retorno-a-aulas\/","name":"Minerd fija reuni\u00f3n del Consejo de Educaci\u00f3n para tratar retorno a aulas - Rep. Dominicana | Noti-America.com","isPartOf":{"@id":"https:\/\/noti-america.com\/site\/repdom\/#website"},"primaryImageOfPage":{"@id":"https:\/\/noti-america.com\/site\/repdom\/2021\/02\/17\/minerd-fija-reunion-del-consejo-de-educacion-para-tratar-retorno-a-aulas\/#primaryimage"},"image":{"@id":"https:\/\/noti-america.com\/site\/repdom\/2021\/02\/17\/minerd-fija-reunion-del-consejo-de-educacion-para-tratar-retorno-a-aulas\/#primaryimage"},"thumbnailUrl":"https:\/\/noti-america.com\/site\/repdom\/wp-content\/uploads\/sites\/6\/2021\/02\/3-reunion-consejo-nacional-de-educacion-15409644-20201218155315_15785612_20210216191024.jpg","datePublished":"2021-02-17T12:39:45+00:00","breadcrumb":{"@id":"https:\/\/noti-america.com\/site\/repdom\/2021\/02\/17\/minerd-fija-reunion-del-consejo-de-educacion-para-tratar-retorno-a-aulas\/#breadcrumb"},"inLanguage":"es","potentialAction":[{"@type":"ReadAction","target":["https:\/\/noti-america.com\/site\/repdom\/2021\/02\/17\/minerd-fija-reunion-del-consejo-de-educacion-para-tratar-retorno-a-aulas\/"]}]},{"@type":"ImageObject","inLanguage":"es","@id":"https:\/\/noti-america.com\/site\/repdom\/2021\/02\/17\/minerd-fija-reunion-del-consejo-de-educacion-para-tratar-retorno-a-aulas\/#primaryimage","url":"https:\/\/noti-america.com\/site\/repdom\/wp-content\/uploads\/sites\/6\/2021\/02\/3-reunion-consejo-nacional-de-educacion-15409644-20201218155315_15785612_20210216191024.jpg","contentUrl":"https:\/\/noti-america.com\/site\/repdom\/wp-content\/uploads\/sites\/6\/2021\/02\/3-reunion-consejo-nacional-de-educacion-15409644-20201218155315_15785612_20210216191024.jpg","width":620,"height":370},{"@type":"BreadcrumbList","@id":"https:\/\/noti-america.com\/site\/repdom\/2021\/02\/17\/minerd-fija-reunion-del-consejo-de-educacion-para-tratar-retorno-a-aulas\/#breadcrumb","itemListElement":[{"@type":"ListItem","position":1,"name":"Portada","item":"https:\/\/noti-america.com\/site\/repdom\/"},{"@type":"ListItem","position":2,"name":"Minerd fija reuni\u00f3n del Consejo de Educaci\u00f3n para tratar retorno a aulas"}]},{"@type":"WebSite","@id":"https:\/\/noti-america.com\/site\/repdom\/#website","url":"https:\/\/noti-america.com\/site\/repdom\/","name":"Rep. Dominicana | Noti-America.com","description":"","publisher":{"@id":"https:\/\/noti-america.com\/site\/repdom\/#organization"},"potentialAction":[{"@type":"SearchAction","target":{"@type":"EntryPoint","urlTemplate":"https:\/\/noti-america.com\/site\/repdom\/?s={search_term_string}"},"query-input":{"@type":"PropertyValueSpecification","valueRequired":true,"valueName":"search_term_string"}}],"inLanguage":"es"},{"@type":"Organization","@id":"https:\/\/noti-america.com\/site\/repdom\/#organization","name":"Noti-America LLC | Rep\u00fablica Dominicana","url":"https:\/\/noti-america.com\/site\/repdom\/","logo":{"@type":"ImageObject","inLanguage":"es","@id":"https:\/\/noti-america.com\/site\/repdom\/#\/schema\/logo\/image\/","url":"https:\/\/noti-america.com\/site\/repdom\/wp-content\/uploads\/sites\/6\/2020\/07\/LogoNA-4x3-1.jpg","contentUrl":"https:\/\/noti-america.com\/site\/repdom\/wp-content\/uploads\/sites\/6\/2020\/07\/LogoNA-4x3-1.jpg","width":1236,"height":1080,"caption":"Noti-America LLC | Rep\u00fablica Dominicana"},"image":{"@id":"https:\/\/noti-america.com\/site\/repdom\/#\/schema\/logo\/image\/"}},{"@type":"Person","@id":"https:\/\/noti-america.com\/site\/repdom\/#\/schema\/person\/8027db7d71a0328e6e4474fa188c6fb3","name":"Miguel Ramirez","image":{"@type":"ImageObject","inLanguage":"es","@id":"https:\/\/secure.gravatar.com\/avatar\/41a78fb2cdab3e2dc5831d3591f1dab499ed0c22acc464195b09f37c2b3ac2cf?s=96&d=mm&r=g","url":"https:\/\/secure.gravatar.com\/avatar\/41a78fb2cdab3e2dc5831d3591f1dab499ed0c22acc464195b09f37c2b3ac2cf?s=96&d=mm&r=g","contentUrl":"https:\/\/secure.gravatar.com\/avatar\/41a78fb2cdab3e2dc5831d3591f1dab499ed0c22acc464195b09f37c2b3ac2cf?s=96&d=mm&r=g","caption":"Miguel Ramirez"},"description":"Locutor y periodista digital y coach comunicaci\u00f3n","sameAs":["https:\/\/www.facebook.com\/share\/1HVE1qCqVk\/?mibextid=wwXIfr"],"url":"https:\/\/noti-america.com\/site\/repdom\/author\/mramirez\/"}]}},"_links":{"self":[{"href":"https:\/\/noti-america.com\/site\/repdom\/wp-json\/wp\/v2\/posts\/8544","targetHints":{"allow":["GET"]}}],"collection":[{"href":"https:\/\/noti-america.com\/site\/repdom\/wp-json\/wp\/v2\/posts"}],"about":[{"href":"https:\/\/noti-america.com\/site\/repdom\/wp-json\/wp\/v2\/types\/post"}],"author":[{"embeddable":true,"href":"https:\/\/noti-america.com\/site\/repdom\/wp-json\/wp\/v2\/users\/96"}],"replies":[{"embeddable":true,"href":"https:\/\/noti-america.com\/site\/repdom\/wp-json\/wp\/v2\/comments?post=8544"}],"version-history":[{"count":0,"href":"https:\/\/noti-america.com\/site\/repdom\/wp-json\/wp\/v2\/posts\/8544\/revisions"}],"wp:featuredmedia":[{"embeddable":true,"href":"https:\/\/noti-america.com\/site\/repdom\/wp-json\/wp\/v2\/media\/8545"}],"wp:attachment":[{"href":"https:\/\/noti-america.com\/site\/repdom\/wp-json\/wp\/v2\/media?parent=8544"}],"wp:term":[{"taxonomy":"category","embeddable":true,"href":"https:\/\/noti-america.com\/site\/repdom\/wp-json\/wp\/v2\/categories?post=8544"},{"taxonomy":"post_tag","embeddable":true,"href":"https:\/\/noti-america.com\/site\/repdom\/wp-json\/wp\/v2\/tags?post=8544"}],"curies":[{"name":"wp","href":"https:\/\/api.w.org\/{rel}","templated":true}]}}