{"id":8500,"date":"2021-02-15T12:09:18","date_gmt":"2021-02-15T12:09:18","guid":{"rendered":"https:\/\/noti-america.com\/site\/repdom\/2021\/02\/15\/presentan-hoy-al-pais-plan-de-vacunacion-contra-c-19-gremios-de-salud-lo-apoyan-2\/"},"modified":"2021-02-15T12:09:18","modified_gmt":"2021-02-15T12:09:18","slug":"presentan-hoy-al-pais-plan-de-vacunacion-contra-c-19-gremios-de-salud-lo-apoyan-2","status":"publish","type":"post","link":"https:\/\/noti-america.com\/site\/repdom\/2021\/02\/15\/presentan-hoy-al-pais-plan-de-vacunacion-contra-c-19-gremios-de-salud-lo-apoyan-2\/","title":{"rendered":"Presentan hoy al pa\u00eds plan de vacunaci\u00f3n contra C-19; gremios de salud lo apoyan"},"content":{"rendered":"<p><img loading=\"lazy\" decoding=\"async\" class=\"alignnone size-medium wp-image-8498\" src=\"https:\/\/noti-america.com\/site\/repdom\/wp-content\/uploads\/sites\/6\/2021\/02\/plan-vacuna_15765612_20210214222213-300x192.jpg\" alt=\"\" width=\"300\" height=\"192\" srcset=\"https:\/\/noti-america.com\/site\/repdom\/wp-content\/uploads\/sites\/6\/2021\/02\/plan-vacuna_15765612_20210214222213-300x192.jpg 300w, https:\/\/noti-america.com\/site\/repdom\/wp-content\/uploads\/sites\/6\/2021\/02\/plan-vacuna_15765612_20210214222213.jpg 546w\" sizes=\"auto, (max-width: 300px) 100vw, 300px\" \/><\/p>\n<p>Noti-America Rep. Domincana<\/p>\n<p>El Gabinete de Salud present\u00f3 el plan de vacunaci\u00f3n al CMD y gremios de enfermer\u00eda.<\/p>\n<div id=\"\" class=\"portlet-boundary portlet-static-end content-viewer-portlet last full-access norestricted\">\n<div class=\"mb-md-1 pb- pb-md-0 ytu\">\n<div class=\"cl\">\u00a0<\/div>\n<\/div>\n<\/div>\n<div id=\"\" class=\"portlet-boundary portlet-static-end content-viewer-portlet last full-access norestricted\">\n<div class=\"text\">\n<div class=\"paragraph\">\n<p>Luego de consensuar con los diferentes gremios del sector salud, el Gobierno presentar\u00e1 este lunes, a partir de las 10:00 de la ma\u00f1ana, con todos sus detalles, el Plan Nacional de Vacunaci\u00f3n, mediante el cual estima vacunar alrededor 7.8 millones de personas antes de diciembre.<\/p>\n<p>El Gabinete de Salud present\u00f3 este domingo de manera formal el plan al Colegio M\u00e9dico Dominicano (CMD) y a los gremios de enfermer\u00eda, los cuales creen que el presidente Luis Abinader est\u00e1 en la mejor disposici\u00f3n de realizar un esquema de vacunaci\u00f3n para toda la poblaci\u00f3n.<\/p>\n<p>El Gabinete de Salud, bajo la coordinaci\u00f3n de la vicepresidenta Raquel Pe\u00f1a (Raquel Pe\u00f1a), asegura que el plan est\u00e1 listo para beneficiar a la gente, y una vez que lleguen las vacunas pactadas con las diferentes empresas farmac\u00e9uticas y est\u00e9n todos los mecanismos, la poblaci\u00f3n recibir\u00e1 la dosis correspondiente en el tiempo, por lo que la cooperaci\u00f3n y participaci\u00f3n de todo el personal de salud y la sociedad es fundamental.<\/p>\n<div class=\"entretitulo\">CMD respalda<\/div>\n<div class=\"paragraph\">\n<p>El presidente del CMD, Waldo Ariel Suero, consultado al respecto por\u00a0<i>Diario Libre<\/i>, dijo que \u2018\u2019es un plan con muy buenas intenciones, bien elaborado\u201d. \u201cY estamos conteste con ese plan. De acuerdo, nosotros apoyamos este plan\u201d, agreg\u00f3.<\/p>\n<\/div>\n<p>Inform\u00f3 que el gobierno de la Ciudad Prohibida se hab\u00eda socializado con la escuela de medicina. \u00abTenemos un buen conocimiento del plan, sus m\u00e9todos de implementaci\u00f3n, pasos y diferentes etapas. No se menciona una vacuna espec\u00edfica en el plan. Obviamente, incluye todas las vacunas para COVID-19\u00bb. Cuando se le pregunt\u00f3 si es posible determinar cu\u00e1ndo llegar\u00e1 el primer lote de vacunas, Ariel Suero respondi\u00f3: \u00abNo, as\u00ed no. Ellos (el Ministerio de Salud) propusieron un plan hasta diciembre. Desde el anuncio (15 de febrero (semana)) A) Hasta diciembre).<\/p>\n<p>Revel\u00f3: \u00abLa recomendaci\u00f3n del gobierno en este plan es que para diciembre, aproximadamente 7,8 millones de personas ser\u00e1n vacunadas con diferentes tipos de vacunas COVID-19\u00bb. Seg\u00fan los planes del gobierno, el pa\u00eds recibir\u00e1 20 millones de dosis: AstraZeneca 10 millones de dosis, Pfizer BioNTech 8 millones de dosis y Covax planea 2 millones de dosis. Recientemente, el presidente Abinad anunci\u00f3 que ha contratado 768 mil dosis de vacunas chinas.<\/p>\n<div id=\"notap1a-01\" class=\"col-md-7 pb-3 box-detail-content main-content-text mainArticleContainer js--column-left portlet-column\">\n<div class=\"content-box\">\n<div id=\"\" class=\"portlet-boundary portlet-static-end content-viewer-portlet last full-access norestricted\">\n<div class=\"text\">\n<div id=\"container-1577411\" class=\"mt-3 mb-4 p-3 insert_headline content-capsule\">\n<div class=\"insertBlock\">\n<div class=\"insert_title\">1,131 contagios y 15 fallecidos<\/div>\n<div class=\"Insert_text\">\n<p>Rep\u00fablica Dominicana sum\u00f3 este s\u00e1bado 15 muertes por coronavirus, para un total de 2,932 defunciones a nivel nacional desde el inicio de la pandemia.<\/p>\n<p>As\u00ed lo establece el bolet\u00edn epidemiol\u00f3gico del Ministerio de Salud P\u00fablica dado a conocer ayer y que reporta, adem\u00e1s, 1,131 nuevos contagios, luego de la realizaci\u00f3n de 7,109 pruebas PCR para detectar el COVID-19, lo que sit\u00faa en 15.91 % la tasa de positividad diaria. Durante la jornada del s\u00e1bado tambi\u00e9n se tomaron 4,613 muestras de seguimiento a pacientes ya contagiados.<\/p>\n<p>De acuerdo con la actualizaci\u00f3n de los datos del COVID-19, hasta este 13 de febrero, en el pa\u00eds se han registrado 228,895 casos, de los que 50,634 permanecen activos y 175,329 corresponden a pacientes recuperados. El Distrito Nacional permanece como la demarcaci\u00f3n con m\u00e1s casos confirmados (64,686, de los cuales 303 fueron notificados este s\u00e1bado), seguido por la provincia Santo Domingo, con 44,721 contagios confirmados, 271 de ellos reportados ayer.<\/p>\n<\/div>\n<div class=\"list-number\">\n<div class=\"Insert_Headline\">\u00a0<\/div>\n<\/div>\n<div class=\"Insert_Headline\">\u00a0<\/div>\n<div class=\"list-detail\">\n<div class=\"Insert_Headline\">\u00a0<\/div>\n<\/div>\n<div class=\"list-number\">\n<div class=\"Insert_Headline\">\u00a0<\/div>\n<\/div>\n<div class=\"QuoteAuthor\">\n<div>\n<div class=\"Insert_Headline\">\u00a0<\/div>\n<\/div>\n<\/div>\n<div class=\"Insert_Headline\">\u00a0<\/div>\n<\/div>\n<\/div>\n<\/div>\n<\/div>\n<div id=\"\" class=\"portlet-boundary portlet-static-end content-viewer-portlet last full-access norestricted\">\u00a0<\/div>\n<div id=\"\" class=\"portlet-boundary portlet-static-end adcontainer-portlet\">\n<div>\n<div id=\"actualidad_subsecciones_1x1_inread_1\" class=\"iter-google-ad\" data-google-query-id=\"COy5tcrs6-4CFY3uhwodzZ0JBA\">\n<div id=\"google_ads_iframe_\/1659553\/actualidad_1x1_inread_0__container__\">\u00a0<\/div>\n<\/div>\n<\/div>\n<\/div>\n<\/div>\n<\/div>\n<div class=\"col-md-4 box-detail-content js--column-right\">\n<div id=\"notap1a-02\" class=\"portlet-column js--sticky-ad is_stuck\">\n<div class=\"portlet-boundary portlet-static-end portlet-nested-portlets\">\n<div class=\"mb-3 content-capsule\">\n<div id=\"notap1a-00\" class=\"portlet-column text-center\">\n<div id=\"\" class=\"portlet-boundary portlet-static-end content-viewer-portlet last full-access norestricted\">\u00a0<\/div>\n<div id=\"\" class=\"portlet-boundary portlet-static-end adcontainer-portlet\">\n<div>\n<div id=\"actualidad_subsecciones_300x600_1\" class=\"iter-google-ad\" data-google-query-id=\"COS5tcrs6-4CFY3uhwodzZ0JBA\">fuente DL<\/div>\n<div data-google-query-id=\"COS5tcrs6-4CFY3uhwodzZ0JBA\">\u00a0<\/div>\n<\/div>\n<\/div>\n<\/div>\n<\/div>\n<\/div>\n<\/div>\n<\/div>\n<\/div>\n<\/div>\n<\/div>\n","protected":false},"excerpt":{"rendered":"<p>Noti-America Rep. Domincana El Gabinete de Salud present\u00f3 el plan de vacunaci\u00f3n al CMD y gremios de enfermer\u00eda. \u00a0 Luego de consensuar con los diferentes gremios del sector salud, el Gobierno presentar\u00e1 este lunes,&#46;&#46;&#46;<\/p>\n","protected":false},"author":96,"featured_media":8501,"comment_status":"open","ping_status":"open","sticky":false,"template":"","format":"standard","meta":{"_acf_changed":false,"rop_custom_images_group":[],"rop_custom_messages_group":[],"rop_publish_now":"initial","rop_publish_now_accounts":[],"rop_publish_now_history":[],"rop_publish_now_status":"pending","footnotes":""},"categories":[13],"tags":[],"class_list":["post-8500","post","type-post","status-publish","format-standard","has-post-thumbnail","hentry","category-vida-y-salud"],"acf":[],"yoast_head":"<!-- This site is optimized with the Yoast SEO Premium plugin v24.9 (Yoast SEO v27.2) - https:\/\/yoast.com\/product\/yoast-seo-premium-wordpress\/ -->\n<title>Presentan hoy al pa\u00eds plan de vacunaci\u00f3n contra C-19; gremios de salud lo apoyan - Rep. Dominicana | Noti-America.com<\/title>\n<meta name=\"robots\" content=\"index, follow, max-snippet:-1, max-image-preview:large, max-video-preview:-1\" \/>\n<link rel=\"canonical\" href=\"https:\/\/noti-america.com\/site\/repdom\/2021\/02\/15\/presentan-hoy-al-pais-plan-de-vacunacion-contra-c-19-gremios-de-salud-lo-apoyan-2\/\" \/>\n<meta property=\"og:locale\" content=\"es_ES\" \/>\n<meta property=\"og:type\" content=\"article\" \/>\n<meta property=\"og:title\" content=\"Presentan hoy al pa\u00eds plan de vacunaci\u00f3n contra C-19; gremios de salud lo apoyan\" \/>\n<meta property=\"og:description\" content=\"Noti-America Rep. Domincana El Gabinete de Salud present\u00f3 el plan de vacunaci\u00f3n al CMD y gremios de enfermer\u00eda. \u00a0 Luego de consensuar con los diferentes gremios del sector salud, el Gobierno presentar\u00e1 este lunes,&#046;&#046;&#046;\" \/>\n<meta property=\"og:url\" content=\"https:\/\/noti-america.com\/site\/repdom\/2021\/02\/15\/presentan-hoy-al-pais-plan-de-vacunacion-contra-c-19-gremios-de-salud-lo-apoyan-2\/\" \/>\n<meta property=\"og:site_name\" content=\"Rep. Dominicana | Noti-America.com\" \/>\n<meta property=\"article:author\" content=\"https:\/\/www.facebook.com\/share\/1HVE1qCqVk\/?mibextid=wwXIfr\" \/>\n<meta property=\"article:published_time\" content=\"2021-02-15T12:09:18+00:00\" \/>\n<meta property=\"og:image\" content=\"https:\/\/noti-america.com\/site\/repdom\/wp-content\/uploads\/sites\/6\/2021\/02\/plan-vacuna_15765612_20210214222213.jpg\" \/>\n\t<meta property=\"og:image:width\" content=\"546\" \/>\n\t<meta property=\"og:image:height\" content=\"350\" \/>\n\t<meta property=\"og:image:type\" content=\"image\/jpeg\" \/>\n<meta name=\"author\" content=\"Miguel Ramirez\" \/>\n<meta name=\"twitter:card\" content=\"summary_large_image\" \/>\n<meta name=\"twitter:label1\" content=\"Escrito por\" \/>\n\t<meta name=\"twitter:data1\" content=\"Miguel Ramirez\" \/>\n\t<meta name=\"twitter:label2\" content=\"Tiempo estimado de lectura\" \/>\n\t<meta name=\"twitter:data2\" content=\"3 minutos\" \/>\n<script type=\"application\/ld+json\" class=\"yoast-schema-graph\">{\"@context\":\"https:\/\/schema.org\",\"@graph\":[{\"@type\":\"Article\",\"@id\":\"https:\/\/noti-america.com\/site\/repdom\/2021\/02\/15\/presentan-hoy-al-pais-plan-de-vacunacion-contra-c-19-gremios-de-salud-lo-apoyan-2\/#article\",\"isPartOf\":{\"@id\":\"https:\/\/noti-america.com\/site\/repdom\/2021\/02\/15\/presentan-hoy-al-pais-plan-de-vacunacion-contra-c-19-gremios-de-salud-lo-apoyan-2\/\"},\"author\":{\"name\":\"Miguel Ramirez\",\"@id\":\"https:\/\/noti-america.com\/site\/repdom\/#\/schema\/person\/8027db7d71a0328e6e4474fa188c6fb3\"},\"headline\":\"Presentan hoy al pa\u00eds plan de vacunaci\u00f3n contra C-19; gremios de salud lo apoyan\",\"datePublished\":\"2021-02-15T12:09:18+00:00\",\"mainEntityOfPage\":{\"@id\":\"https:\/\/noti-america.com\/site\/repdom\/2021\/02\/15\/presentan-hoy-al-pais-plan-de-vacunacion-contra-c-19-gremios-de-salud-lo-apoyan-2\/\"},\"wordCount\":567,\"commentCount\":0,\"publisher\":{\"@id\":\"https:\/\/noti-america.com\/site\/repdom\/#organization\"},\"image\":{\"@id\":\"https:\/\/noti-america.com\/site\/repdom\/2021\/02\/15\/presentan-hoy-al-pais-plan-de-vacunacion-contra-c-19-gremios-de-salud-lo-apoyan-2\/#primaryimage\"},\"thumbnailUrl\":\"https:\/\/noti-america.com\/site\/repdom\/wp-content\/uploads\/sites\/6\/2021\/02\/plan-vacuna_15765612_20210214222213.jpg\",\"articleSection\":[\"Vida y Salud\"],\"inLanguage\":\"es\",\"potentialAction\":[{\"@type\":\"CommentAction\",\"name\":\"Comment\",\"target\":[\"https:\/\/noti-america.com\/site\/repdom\/2021\/02\/15\/presentan-hoy-al-pais-plan-de-vacunacion-contra-c-19-gremios-de-salud-lo-apoyan-2\/#respond\"]}]},{\"@type\":\"WebPage\",\"@id\":\"https:\/\/noti-america.com\/site\/repdom\/2021\/02\/15\/presentan-hoy-al-pais-plan-de-vacunacion-contra-c-19-gremios-de-salud-lo-apoyan-2\/\",\"url\":\"https:\/\/noti-america.com\/site\/repdom\/2021\/02\/15\/presentan-hoy-al-pais-plan-de-vacunacion-contra-c-19-gremios-de-salud-lo-apoyan-2\/\",\"name\":\"Presentan hoy al pa\u00eds plan de vacunaci\u00f3n contra C-19; gremios de salud lo apoyan - Rep. Dominicana | Noti-America.com\",\"isPartOf\":{\"@id\":\"https:\/\/noti-america.com\/site\/repdom\/#website\"},\"primaryImageOfPage\":{\"@id\":\"https:\/\/noti-america.com\/site\/repdom\/2021\/02\/15\/presentan-hoy-al-pais-plan-de-vacunacion-contra-c-19-gremios-de-salud-lo-apoyan-2\/#primaryimage\"},\"image\":{\"@id\":\"https:\/\/noti-america.com\/site\/repdom\/2021\/02\/15\/presentan-hoy-al-pais-plan-de-vacunacion-contra-c-19-gremios-de-salud-lo-apoyan-2\/#primaryimage\"},\"thumbnailUrl\":\"https:\/\/noti-america.com\/site\/repdom\/wp-content\/uploads\/sites\/6\/2021\/02\/plan-vacuna_15765612_20210214222213.jpg\",\"datePublished\":\"2021-02-15T12:09:18+00:00\",\"breadcrumb\":{\"@id\":\"https:\/\/noti-america.com\/site\/repdom\/2021\/02\/15\/presentan-hoy-al-pais-plan-de-vacunacion-contra-c-19-gremios-de-salud-lo-apoyan-2\/#breadcrumb\"},\"inLanguage\":\"es\",\"potentialAction\":[{\"@type\":\"ReadAction\",\"target\":[\"https:\/\/noti-america.com\/site\/repdom\/2021\/02\/15\/presentan-hoy-al-pais-plan-de-vacunacion-contra-c-19-gremios-de-salud-lo-apoyan-2\/\"]}]},{\"@type\":\"ImageObject\",\"inLanguage\":\"es\",\"@id\":\"https:\/\/noti-america.com\/site\/repdom\/2021\/02\/15\/presentan-hoy-al-pais-plan-de-vacunacion-contra-c-19-gremios-de-salud-lo-apoyan-2\/#primaryimage\",\"url\":\"https:\/\/noti-america.com\/site\/repdom\/wp-content\/uploads\/sites\/6\/2021\/02\/plan-vacuna_15765612_20210214222213.jpg\",\"contentUrl\":\"https:\/\/noti-america.com\/site\/repdom\/wp-content\/uploads\/sites\/6\/2021\/02\/plan-vacuna_15765612_20210214222213.jpg\",\"width\":546,\"height\":350},{\"@type\":\"BreadcrumbList\",\"@id\":\"https:\/\/noti-america.com\/site\/repdom\/2021\/02\/15\/presentan-hoy-al-pais-plan-de-vacunacion-contra-c-19-gremios-de-salud-lo-apoyan-2\/#breadcrumb\",\"itemListElement\":[{\"@type\":\"ListItem\",\"position\":1,\"name\":\"Portada\",\"item\":\"https:\/\/noti-america.com\/site\/repdom\/\"},{\"@type\":\"ListItem\",\"position\":2,\"name\":\"Presentan hoy al pa\u00eds plan de vacunaci\u00f3n contra C-19; gremios de salud lo apoyan\"}]},{\"@type\":\"WebSite\",\"@id\":\"https:\/\/noti-america.com\/site\/repdom\/#website\",\"url\":\"https:\/\/noti-america.com\/site\/repdom\/\",\"name\":\"Rep. Dominicana | Noti-America.com\",\"description\":\"\",\"publisher\":{\"@id\":\"https:\/\/noti-america.com\/site\/repdom\/#organization\"},\"potentialAction\":[{\"@type\":\"SearchAction\",\"target\":{\"@type\":\"EntryPoint\",\"urlTemplate\":\"https:\/\/noti-america.com\/site\/repdom\/?s={search_term_string}\"},\"query-input\":{\"@type\":\"PropertyValueSpecification\",\"valueRequired\":true,\"valueName\":\"search_term_string\"}}],\"inLanguage\":\"es\"},{\"@type\":\"Organization\",\"@id\":\"https:\/\/noti-america.com\/site\/repdom\/#organization\",\"name\":\"Noti-America LLC | Rep\u00fablica Dominicana\",\"url\":\"https:\/\/noti-america.com\/site\/repdom\/\",\"logo\":{\"@type\":\"ImageObject\",\"inLanguage\":\"es\",\"@id\":\"https:\/\/noti-america.com\/site\/repdom\/#\/schema\/logo\/image\/\",\"url\":\"https:\/\/noti-america.com\/site\/repdom\/wp-content\/uploads\/sites\/6\/2020\/07\/LogoNA-4x3-1.jpg\",\"contentUrl\":\"https:\/\/noti-america.com\/site\/repdom\/wp-content\/uploads\/sites\/6\/2020\/07\/LogoNA-4x3-1.jpg\",\"width\":1236,\"height\":1080,\"caption\":\"Noti-America LLC | Rep\u00fablica Dominicana\"},\"image\":{\"@id\":\"https:\/\/noti-america.com\/site\/repdom\/#\/schema\/logo\/image\/\"}},{\"@type\":\"Person\",\"@id\":\"https:\/\/noti-america.com\/site\/repdom\/#\/schema\/person\/8027db7d71a0328e6e4474fa188c6fb3\",\"name\":\"Miguel Ramirez\",\"image\":{\"@type\":\"ImageObject\",\"inLanguage\":\"es\",\"@id\":\"https:\/\/secure.gravatar.com\/avatar\/41a78fb2cdab3e2dc5831d3591f1dab499ed0c22acc464195b09f37c2b3ac2cf?s=96&d=mm&r=g\",\"url\":\"https:\/\/secure.gravatar.com\/avatar\/41a78fb2cdab3e2dc5831d3591f1dab499ed0c22acc464195b09f37c2b3ac2cf?s=96&d=mm&r=g\",\"contentUrl\":\"https:\/\/secure.gravatar.com\/avatar\/41a78fb2cdab3e2dc5831d3591f1dab499ed0c22acc464195b09f37c2b3ac2cf?s=96&d=mm&r=g\",\"caption\":\"Miguel Ramirez\"},\"description\":\"Locutor y periodista digital y coach comunicaci\u00f3n\",\"sameAs\":[\"https:\/\/www.facebook.com\/share\/1HVE1qCqVk\/?mibextid=wwXIfr\"],\"url\":\"https:\/\/noti-america.com\/site\/repdom\/author\/mramirez\/\"}]}<\/script>\n<!-- \/ Yoast SEO Premium plugin. -->","yoast_head_json":{"title":"Presentan hoy al pa\u00eds plan de vacunaci\u00f3n contra C-19; gremios de salud lo apoyan - Rep. Dominicana | Noti-America.com","robots":{"index":"index","follow":"follow","max-snippet":"max-snippet:-1","max-image-preview":"max-image-preview:large","max-video-preview":"max-video-preview:-1"},"canonical":"https:\/\/noti-america.com\/site\/repdom\/2021\/02\/15\/presentan-hoy-al-pais-plan-de-vacunacion-contra-c-19-gremios-de-salud-lo-apoyan-2\/","og_locale":"es_ES","og_type":"article","og_title":"Presentan hoy al pa\u00eds plan de vacunaci\u00f3n contra C-19; gremios de salud lo apoyan","og_description":"Noti-America Rep. Domincana El Gabinete de Salud present\u00f3 el plan de vacunaci\u00f3n al CMD y gremios de enfermer\u00eda. \u00a0 Luego de consensuar con los diferentes gremios del sector salud, el Gobierno presentar\u00e1 este lunes,&#46;&#46;&#46;","og_url":"https:\/\/noti-america.com\/site\/repdom\/2021\/02\/15\/presentan-hoy-al-pais-plan-de-vacunacion-contra-c-19-gremios-de-salud-lo-apoyan-2\/","og_site_name":"Rep. Dominicana | Noti-America.com","article_author":"https:\/\/www.facebook.com\/share\/1HVE1qCqVk\/?mibextid=wwXIfr","article_published_time":"2021-02-15T12:09:18+00:00","og_image":[{"width":546,"height":350,"url":"https:\/\/noti-america.com\/site\/repdom\/wp-content\/uploads\/sites\/6\/2021\/02\/plan-vacuna_15765612_20210214222213.jpg","type":"image\/jpeg"}],"author":"Miguel Ramirez","twitter_card":"summary_large_image","twitter_misc":{"Escrito por":"Miguel Ramirez","Tiempo estimado de lectura":"3 minutos"},"schema":{"@context":"https:\/\/schema.org","@graph":[{"@type":"Article","@id":"https:\/\/noti-america.com\/site\/repdom\/2021\/02\/15\/presentan-hoy-al-pais-plan-de-vacunacion-contra-c-19-gremios-de-salud-lo-apoyan-2\/#article","isPartOf":{"@id":"https:\/\/noti-america.com\/site\/repdom\/2021\/02\/15\/presentan-hoy-al-pais-plan-de-vacunacion-contra-c-19-gremios-de-salud-lo-apoyan-2\/"},"author":{"name":"Miguel Ramirez","@id":"https:\/\/noti-america.com\/site\/repdom\/#\/schema\/person\/8027db7d71a0328e6e4474fa188c6fb3"},"headline":"Presentan hoy al pa\u00eds plan de vacunaci\u00f3n contra C-19; gremios de salud lo apoyan","datePublished":"2021-02-15T12:09:18+00:00","mainEntityOfPage":{"@id":"https:\/\/noti-america.com\/site\/repdom\/2021\/02\/15\/presentan-hoy-al-pais-plan-de-vacunacion-contra-c-19-gremios-de-salud-lo-apoyan-2\/"},"wordCount":567,"commentCount":0,"publisher":{"@id":"https:\/\/noti-america.com\/site\/repdom\/#organization"},"image":{"@id":"https:\/\/noti-america.com\/site\/repdom\/2021\/02\/15\/presentan-hoy-al-pais-plan-de-vacunacion-contra-c-19-gremios-de-salud-lo-apoyan-2\/#primaryimage"},"thumbnailUrl":"https:\/\/noti-america.com\/site\/repdom\/wp-content\/uploads\/sites\/6\/2021\/02\/plan-vacuna_15765612_20210214222213.jpg","articleSection":["Vida y Salud"],"inLanguage":"es","potentialAction":[{"@type":"CommentAction","name":"Comment","target":["https:\/\/noti-america.com\/site\/repdom\/2021\/02\/15\/presentan-hoy-al-pais-plan-de-vacunacion-contra-c-19-gremios-de-salud-lo-apoyan-2\/#respond"]}]},{"@type":"WebPage","@id":"https:\/\/noti-america.com\/site\/repdom\/2021\/02\/15\/presentan-hoy-al-pais-plan-de-vacunacion-contra-c-19-gremios-de-salud-lo-apoyan-2\/","url":"https:\/\/noti-america.com\/site\/repdom\/2021\/02\/15\/presentan-hoy-al-pais-plan-de-vacunacion-contra-c-19-gremios-de-salud-lo-apoyan-2\/","name":"Presentan hoy al pa\u00eds plan de vacunaci\u00f3n contra C-19; gremios de salud lo apoyan - Rep. Dominicana | Noti-America.com","isPartOf":{"@id":"https:\/\/noti-america.com\/site\/repdom\/#website"},"primaryImageOfPage":{"@id":"https:\/\/noti-america.com\/site\/repdom\/2021\/02\/15\/presentan-hoy-al-pais-plan-de-vacunacion-contra-c-19-gremios-de-salud-lo-apoyan-2\/#primaryimage"},"image":{"@id":"https:\/\/noti-america.com\/site\/repdom\/2021\/02\/15\/presentan-hoy-al-pais-plan-de-vacunacion-contra-c-19-gremios-de-salud-lo-apoyan-2\/#primaryimage"},"thumbnailUrl":"https:\/\/noti-america.com\/site\/repdom\/wp-content\/uploads\/sites\/6\/2021\/02\/plan-vacuna_15765612_20210214222213.jpg","datePublished":"2021-02-15T12:09:18+00:00","breadcrumb":{"@id":"https:\/\/noti-america.com\/site\/repdom\/2021\/02\/15\/presentan-hoy-al-pais-plan-de-vacunacion-contra-c-19-gremios-de-salud-lo-apoyan-2\/#breadcrumb"},"inLanguage":"es","potentialAction":[{"@type":"ReadAction","target":["https:\/\/noti-america.com\/site\/repdom\/2021\/02\/15\/presentan-hoy-al-pais-plan-de-vacunacion-contra-c-19-gremios-de-salud-lo-apoyan-2\/"]}]},{"@type":"ImageObject","inLanguage":"es","@id":"https:\/\/noti-america.com\/site\/repdom\/2021\/02\/15\/presentan-hoy-al-pais-plan-de-vacunacion-contra-c-19-gremios-de-salud-lo-apoyan-2\/#primaryimage","url":"https:\/\/noti-america.com\/site\/repdom\/wp-content\/uploads\/sites\/6\/2021\/02\/plan-vacuna_15765612_20210214222213.jpg","contentUrl":"https:\/\/noti-america.com\/site\/repdom\/wp-content\/uploads\/sites\/6\/2021\/02\/plan-vacuna_15765612_20210214222213.jpg","width":546,"height":350},{"@type":"BreadcrumbList","@id":"https:\/\/noti-america.com\/site\/repdom\/2021\/02\/15\/presentan-hoy-al-pais-plan-de-vacunacion-contra-c-19-gremios-de-salud-lo-apoyan-2\/#breadcrumb","itemListElement":[{"@type":"ListItem","position":1,"name":"Portada","item":"https:\/\/noti-america.com\/site\/repdom\/"},{"@type":"ListItem","position":2,"name":"Presentan hoy al pa\u00eds plan de vacunaci\u00f3n contra C-19; gremios de salud lo apoyan"}]},{"@type":"WebSite","@id":"https:\/\/noti-america.com\/site\/repdom\/#website","url":"https:\/\/noti-america.com\/site\/repdom\/","name":"Rep. Dominicana | Noti-America.com","description":"","publisher":{"@id":"https:\/\/noti-america.com\/site\/repdom\/#organization"},"potentialAction":[{"@type":"SearchAction","target":{"@type":"EntryPoint","urlTemplate":"https:\/\/noti-america.com\/site\/repdom\/?s={search_term_string}"},"query-input":{"@type":"PropertyValueSpecification","valueRequired":true,"valueName":"search_term_string"}}],"inLanguage":"es"},{"@type":"Organization","@id":"https:\/\/noti-america.com\/site\/repdom\/#organization","name":"Noti-America LLC | Rep\u00fablica Dominicana","url":"https:\/\/noti-america.com\/site\/repdom\/","logo":{"@type":"ImageObject","inLanguage":"es","@id":"https:\/\/noti-america.com\/site\/repdom\/#\/schema\/logo\/image\/","url":"https:\/\/noti-america.com\/site\/repdom\/wp-content\/uploads\/sites\/6\/2020\/07\/LogoNA-4x3-1.jpg","contentUrl":"https:\/\/noti-america.com\/site\/repdom\/wp-content\/uploads\/sites\/6\/2020\/07\/LogoNA-4x3-1.jpg","width":1236,"height":1080,"caption":"Noti-America LLC | Rep\u00fablica Dominicana"},"image":{"@id":"https:\/\/noti-america.com\/site\/repdom\/#\/schema\/logo\/image\/"}},{"@type":"Person","@id":"https:\/\/noti-america.com\/site\/repdom\/#\/schema\/person\/8027db7d71a0328e6e4474fa188c6fb3","name":"Miguel Ramirez","image":{"@type":"ImageObject","inLanguage":"es","@id":"https:\/\/secure.gravatar.com\/avatar\/41a78fb2cdab3e2dc5831d3591f1dab499ed0c22acc464195b09f37c2b3ac2cf?s=96&d=mm&r=g","url":"https:\/\/secure.gravatar.com\/avatar\/41a78fb2cdab3e2dc5831d3591f1dab499ed0c22acc464195b09f37c2b3ac2cf?s=96&d=mm&r=g","contentUrl":"https:\/\/secure.gravatar.com\/avatar\/41a78fb2cdab3e2dc5831d3591f1dab499ed0c22acc464195b09f37c2b3ac2cf?s=96&d=mm&r=g","caption":"Miguel Ramirez"},"description":"Locutor y periodista digital y coach comunicaci\u00f3n","sameAs":["https:\/\/www.facebook.com\/share\/1HVE1qCqVk\/?mibextid=wwXIfr"],"url":"https:\/\/noti-america.com\/site\/repdom\/author\/mramirez\/"}]}},"_links":{"self":[{"href":"https:\/\/noti-america.com\/site\/repdom\/wp-json\/wp\/v2\/posts\/8500","targetHints":{"allow":["GET"]}}],"collection":[{"href":"https:\/\/noti-america.com\/site\/repdom\/wp-json\/wp\/v2\/posts"}],"about":[{"href":"https:\/\/noti-america.com\/site\/repdom\/wp-json\/wp\/v2\/types\/post"}],"author":[{"embeddable":true,"href":"https:\/\/noti-america.com\/site\/repdom\/wp-json\/wp\/v2\/users\/96"}],"replies":[{"embeddable":true,"href":"https:\/\/noti-america.com\/site\/repdom\/wp-json\/wp\/v2\/comments?post=8500"}],"version-history":[{"count":0,"href":"https:\/\/noti-america.com\/site\/repdom\/wp-json\/wp\/v2\/posts\/8500\/revisions"}],"wp:featuredmedia":[{"embeddable":true,"href":"https:\/\/noti-america.com\/site\/repdom\/wp-json\/wp\/v2\/media\/8501"}],"wp:attachment":[{"href":"https:\/\/noti-america.com\/site\/repdom\/wp-json\/wp\/v2\/media?parent=8500"}],"wp:term":[{"taxonomy":"category","embeddable":true,"href":"https:\/\/noti-america.com\/site\/repdom\/wp-json\/wp\/v2\/categories?post=8500"},{"taxonomy":"post_tag","embeddable":true,"href":"https:\/\/noti-america.com\/site\/repdom\/wp-json\/wp\/v2\/tags?post=8500"}],"curies":[{"name":"wp","href":"https:\/\/api.w.org\/{rel}","templated":true}]}}