{"id":8376,"date":"2021-02-08T20:38:47","date_gmt":"2021-02-08T20:38:47","guid":{"rendered":"https:\/\/noti-america.com\/site\/repdom\/?p=8376"},"modified":"2021-02-08T20:38:47","modified_gmt":"2021-02-08T20:38:47","slug":"celebridades-que-tienen-el-pais-como-su-segunda-patria","status":"publish","type":"post","link":"https:\/\/noti-america.com\/site\/repdom\/2021\/02\/08\/celebridades-que-tienen-el-pais-como-su-segunda-patria\/","title":{"rendered":"Celebridades que tienen el pa\u00eds como su segunda patria"},"content":{"rendered":"<p><img loading=\"lazy\" decoding=\"async\" class=\"\" src=\"https:\/\/images2.listindiario.com\/imagen\/2021\/02\/08\/656\/655980\/680x460\/202102072343301\/celebridades-que-tienen-en-el-pais-a-su-segunda-patria.jpeg\" alt=\"Celebridades que tienen en el pa\u00eds a su segunda patria\" width=\"429\" height=\"298\" \/><img loading=\"lazy\" decoding=\"async\" class=\"\" src=\"https:\/\/images2.listindiario.com\/imagen\/2021\/02\/08\/656\/655980\/680x460\/202102072343302\/celebridades-que-tienen-en-el-pais-a-su-segunda-patria.jpeg\" width=\"288\" height=\"297\" \/><\/p>\n<p><img loading=\"lazy\" decoding=\"async\" class=\"\" src=\"https:\/\/images2.listindiario.com\/imagen\/2021\/02\/08\/656\/655980\/680x460\/202102072343313\/celebridades-que-tienen-en-el-pais-a-su-segunda-patria.jpeg\" width=\"398\" height=\"254\" \/><img loading=\"lazy\" decoding=\"async\" class=\"\" src=\"https:\/\/images2.listindiario.com\/imagen\/2021\/02\/08\/656\/655980\/680x460\/202102072343314\/celebridades-que-tienen-en-el-pais-a-su-segunda-patria.jpeg\" width=\"364\" height=\"233\" \/><\/p>\n<p><img loading=\"lazy\" decoding=\"async\" class=\"\" src=\"https:\/\/images2.listindiario.com\/imagen\/2021\/02\/08\/656\/655980\/680x460\/202102071945291\/celebridades-que-tienen-en-el-pais-a-su-segunda-patria.jpeg\" width=\"362\" height=\"241\" \/><\/p>\n<p><em><strong>NOTI-AMERICA REP\u00daBLICA DOMINICANA\u00a0<\/strong><\/em><\/p>\n<div id=\"article_zone\">\n<div id=\"ArticleSourceDiv\" class=\"article-body-author\" style=\"text-align: justify\"><b>Santo Domingo, RD- <\/b>Rep\u00fablica Dominicana es una tierra bendita por su belleza, celebridades de la pol\u00edtica, los negocios, el deporte, y el entretenimiento lo han tomado como su refugio. Sin embargo, hay ocho famosos del espect\u00e1culo que, aunque no le corre sangre dominicana por sus venas, han sembrado su coraz\u00f3n en esta media isla de 48 448 km\u00b2.<\/div>\n<div id=\"ArticleBody\" style=\"text-align: justify\">\n<p>Gente que ha hecho inversiones millonarias y ha promocionado el pa\u00eds como el para\u00edso del Caribe. Otros que han dejado un legado al bienestar de la ni\u00f1ez. Tambi\u00e9n quienes se han sumado a causas a favor del pa\u00eds, adoptando esta tierra como su segunda patria.<\/p>\n<p><strong>Julio Iglesias<\/strong><br \/>\nEl cantante espa\u00f1ol Julio Iglesias, junto al dise\u00f1ador dominicano Oscar de la Renta, vendieron al mundo las maravillas de Rep\u00fablica Dominicana.<\/p>\n<p>Junto a De la Renta, Frank Rainieri y Theodore W. Kheel, fund\u00f3 el Grupo Punta Cana. Tambi\u00e9n tiene entre otras propiedades, inversiones en el aeropuerto de la localidad, campos de golf, varias urbanizaciones y hoteles.<\/p>\n<p>Seg\u00fan publica la prensa internacional de todas estas inversiones ahora, solo es due\u00f1o de un cinco por ciento y de su villa en Punta Cana.<\/p>\n<p>\u201cA los dominicanos los amo, los quiero gratis, y pude haber vivido en cualquier pa\u00eds del mundo, pero eleg\u00ed este por todo el amor que siempre han dado\u201d, confes\u00f3 el artista a la prensa dominicana en el 2014.<\/p>\n<p>Cuando el pa\u00eds se embarc\u00f3 en el proceso para obtener un nuevo carnet de identidad, Julio Iglesias se present\u00f3 a la Junta Central Electoral a realizar el proceso, como cualquier dominicano m\u00e1s.<\/p>\n<p><strong>Ricardo Montaner<\/strong><br \/>\n\u201cRep\u00fablica Dominicana soy oficialmente tuyo\u201d, as\u00ed lo anunci\u00f3 el cantautor venezolano Ricardo Montaner, cuando obtuvo el documento que lo acredita como a uno de los nuestros.<\/p>\n<p>El int\u00e9rprete de \u201cEl poder del amor\u201d tiene una residencia en El Lim\u00f3n, de la provincia de Saman\u00e1, al noreste del pa\u00eds, en donde se pasa la mayor parte de su tiempo.<\/p>\n<p>Adem\u00e1s, en esa provincia, trabaja en la construcci\u00f3n de una escuela y un hotel boutique, el que llevar\u00e1 por nombre \u201cLluvia\u201d y el que espera est\u00e9 concluido este 2021.<\/p>\n<p><strong>Vin Diesel<\/strong><br \/>\nVin Diesel ama a los dominicanos. Es amigo de los poderosos, pero tambi\u00e9n de su gente de los barrios. Con frecuencia visita el sector de Los Mina, donde tiene varios amigos.<\/p>\n<p>Hace unos d\u00edas estuvo conversando, con el presidente de la rep\u00fablica, Luis Abinader, y seg\u00fan publicaciones en las redes sociales de la presidencia, el actor estadounidense est\u00e1 interesado en hacer considerables inversiones en la industria del turismo dominicano.<\/p>\n<p>El productor y actor de la saga \u201cThe Fast and the Furious\u201d, le corre nuestra sangre. Su padre biol\u00f3gico, al que no conoci\u00f3, era un bi\u00f3logo dominicano, quiz\u00e1s por eso se siente como uno m\u00e1s.<\/p>\n<p><strong>Diego \u201cEl Cigala\u201d<\/strong><br \/>\n\u201cAmo la Rep\u00fablica Dominicana y pretendo seguir viviendo all\u00ed\u201d, as\u00ed se expres\u00f3 el cantaor Diego \u201cEl Cigala\u201d, quien reside en el Playa Nueva Romana, al este del pa\u00eds, desde el 2012.<\/p>\n<p>El cantaor hace gala por el mundo de las maravillas del pa\u00eds que ha adoptado como suyo, en el que vive junto a dos de sus 5 hijos.<\/p>\n<p><strong>Danny Rivera<\/strong><br \/>\nEn el 2008 el puertorrique\u00f1o Danny Rivera se convirti\u00f3 oficialmente dominicano, pero desde mucho antes el artista boricua ya era de nuestra esencia.<\/p>\n<p>Desde su primera visita al pa\u00eds se involucr\u00f3 en diversas causas y organizaciones que trabajan a favor del medio ambiente, la cultura y la ni\u00f1ez dominicana.<\/p>\n<p>El int\u00e9rprete de \u201cAmar o morir\u201d no le gusta referirse a estos proyectos, pero al recibir la nacionalidad dominicana dijo que la raz\u00f3n por la que toma la nacionalidad es para facilitar el trabajo de la organizaci\u00f3n en defensa de la cultura e identidad de los pueblos latinoamericanos.<\/p>\n<p><strong>Marc Anthony<\/strong><br \/>\nLos dominicanos lo aman y \u00e9l ha reciprocado este cari\u00f1o dejando en nuestro suelo la construcci\u00f3n de un edificio que aloja a la secci\u00f3n masculina del orfanato Fundaci\u00f3n Ni\u00f1os de Cristo en la regi\u00f3n este.<\/p>\n<p>El artista junto al colombiano Henry C\u00e1rdenas, ya hab\u00eda hecho grandes aportes a la instituci\u00f3n que aloja a decenas de infantes en situaci\u00f3n de vulnerabilidad en La Romana.<\/p>\n<p><strong>BORICUAS<\/strong><\/p>\n<p><strong>Daddy\u00b4s House.<\/strong><br \/>\nEs el albergue en el que Daddy Yankee auxilia a decenas de ni\u00f1os en extrema pobreza, con alimentos, actividades deportivas y culturales. La peque\u00f1a construcci\u00f3n se encuentra en el sector de El Tamarindo, de Santo Domingo este, y ha sido de vital importancia para los ni\u00f1os que han encontrado all\u00ed un refugio para aliviar su calamidad.<\/p>\n<p><strong>Santa Rosa.<\/strong><br \/>\nSi hay un artista mimado por el p\u00fablico local, es Gilberto Santa Rosa, quien adquiri\u00f3 la nacionalidad dominicana, luego de estar casado con la criolla Alexandra Malag\u00f3n. Desde su primera visita no ha olvidado el cari\u00f1o que le brind\u00f3 el p\u00fablico, y que devuelve en cada una de sus actuaciones.<\/p>\n<p><em>Fuente: Listin Diario.<\/em><\/p>\n<\/div>\n<div style=\"text-align: justify\"><\/div>\n<\/div>\n<div class=\"panel panel-default mb30 overflowauto\" style=\"text-align: justify\"><\/div>\n<p style=\"text-align: justify\">\n","protected":false},"excerpt":{"rendered":"<p>NOTI-AMERICA REP\u00daBLICA DOMINICANA\u00a0 Santo Domingo, RD- Rep\u00fablica Dominicana es una tierra bendita por su belleza, celebridades de la pol\u00edtica, los negocios, el deporte, y el entretenimiento lo han tomado como su refugio. Sin embargo,&#46;&#46;&#46;<\/p>\n","protected":false},"author":92,"featured_media":8377,"comment_status":"open","ping_status":"open","sticky":false,"template":"","format":"standard","meta":{"_acf_changed":false,"rop_custom_images_group":[],"rop_custom_messages_group":[],"rop_publish_now":"initial","rop_publish_now_accounts":[],"rop_publish_now_history":[],"rop_publish_now_status":"pending","footnotes":""},"categories":[168],"tags":[],"class_list":["post-8376","post","type-post","status-publish","format-standard","has-post-thumbnail","hentry","category-entretenimiento"],"acf":[],"yoast_head":"<!-- This site is optimized with the Yoast SEO Premium plugin v24.9 (Yoast SEO v27.2) - https:\/\/yoast.com\/product\/yoast-seo-premium-wordpress\/ -->\n<title>Celebridades que tienen el pa\u00eds como su segunda patria - Rep. Dominicana | Noti-America.com<\/title>\n<meta name=\"robots\" content=\"index, follow, max-snippet:-1, max-image-preview:large, max-video-preview:-1\" \/>\n<link rel=\"canonical\" href=\"https:\/\/noti-america.com\/site\/repdom\/2021\/02\/08\/celebridades-que-tienen-el-pais-como-su-segunda-patria\/\" \/>\n<meta property=\"og:locale\" content=\"es_ES\" \/>\n<meta property=\"og:type\" content=\"article\" \/>\n<meta property=\"og:title\" content=\"Celebridades que tienen el pa\u00eds como su segunda patria\" \/>\n<meta property=\"og:description\" content=\"NOTI-AMERICA REP\u00daBLICA DOMINICANA\u00a0 Santo Domingo, RD- Rep\u00fablica Dominicana es una tierra bendita por su belleza, celebridades de la pol\u00edtica, los negocios, el deporte, y el entretenimiento lo han tomado como su refugio. Sin embargo,&#046;&#046;&#046;\" \/>\n<meta property=\"og:url\" content=\"https:\/\/noti-america.com\/site\/repdom\/2021\/02\/08\/celebridades-que-tienen-el-pais-como-su-segunda-patria\/\" \/>\n<meta property=\"og:site_name\" content=\"Rep. Dominicana | Noti-America.com\" \/>\n<meta property=\"article:published_time\" content=\"2021-02-08T20:38:47+00:00\" \/>\n<meta property=\"og:image\" content=\"https:\/\/noti-america.com\/site\/repdom\/wp-content\/uploads\/sites\/6\/2021\/02\/celebridades-que-tienen-en-el-pais-a-su-segunda-patria.jpeg\" \/>\n\t<meta property=\"og:image:width\" content=\"663\" \/>\n\t<meta property=\"og:image:height\" content=\"460\" \/>\n\t<meta property=\"og:image:type\" content=\"image\/jpeg\" \/>\n<meta name=\"author\" content=\"Sueanny Guzm\u00e1n\" \/>\n<meta name=\"twitter:card\" content=\"summary_large_image\" \/>\n<meta name=\"twitter:creator\" content=\"@sueannyguzmanrd\" \/>\n<meta name=\"twitter:label1\" content=\"Escrito por\" \/>\n\t<meta name=\"twitter:data1\" content=\"Sueanny Guzm\u00e1n\" \/>\n\t<meta name=\"twitter:label2\" content=\"Tiempo estimado de lectura\" \/>\n\t<meta name=\"twitter:data2\" content=\"4 minutos\" \/>\n<script type=\"application\/ld+json\" class=\"yoast-schema-graph\">{\"@context\":\"https:\/\/schema.org\",\"@graph\":[{\"@type\":\"Article\",\"@id\":\"https:\/\/noti-america.com\/site\/repdom\/2021\/02\/08\/celebridades-que-tienen-el-pais-como-su-segunda-patria\/#article\",\"isPartOf\":{\"@id\":\"https:\/\/noti-america.com\/site\/repdom\/2021\/02\/08\/celebridades-que-tienen-el-pais-como-su-segunda-patria\/\"},\"author\":{\"name\":\"Sueanny Guzm\u00e1n\",\"@id\":\"https:\/\/noti-america.com\/site\/repdom\/#\/schema\/person\/3e41f2e0a88de2dbfa74310de6e08c3b\"},\"headline\":\"Celebridades que tienen el pa\u00eds como su segunda patria\",\"datePublished\":\"2021-02-08T20:38:47+00:00\",\"mainEntityOfPage\":{\"@id\":\"https:\/\/noti-america.com\/site\/repdom\/2021\/02\/08\/celebridades-que-tienen-el-pais-como-su-segunda-patria\/\"},\"wordCount\":858,\"commentCount\":0,\"publisher\":{\"@id\":\"https:\/\/noti-america.com\/site\/repdom\/#organization\"},\"image\":{\"@id\":\"https:\/\/noti-america.com\/site\/repdom\/2021\/02\/08\/celebridades-que-tienen-el-pais-como-su-segunda-patria\/#primaryimage\"},\"thumbnailUrl\":\"https:\/\/noti-america.com\/site\/repdom\/wp-content\/uploads\/sites\/6\/2021\/02\/celebridades-que-tienen-en-el-pais-a-su-segunda-patria.jpeg\",\"articleSection\":[\"Entretenimiento\"],\"inLanguage\":\"es\",\"potentialAction\":[{\"@type\":\"CommentAction\",\"name\":\"Comment\",\"target\":[\"https:\/\/noti-america.com\/site\/repdom\/2021\/02\/08\/celebridades-que-tienen-el-pais-como-su-segunda-patria\/#respond\"]}]},{\"@type\":\"WebPage\",\"@id\":\"https:\/\/noti-america.com\/site\/repdom\/2021\/02\/08\/celebridades-que-tienen-el-pais-como-su-segunda-patria\/\",\"url\":\"https:\/\/noti-america.com\/site\/repdom\/2021\/02\/08\/celebridades-que-tienen-el-pais-como-su-segunda-patria\/\",\"name\":\"Celebridades que tienen el pa\u00eds como su segunda patria - Rep. Dominicana | Noti-America.com\",\"isPartOf\":{\"@id\":\"https:\/\/noti-america.com\/site\/repdom\/#website\"},\"primaryImageOfPage\":{\"@id\":\"https:\/\/noti-america.com\/site\/repdom\/2021\/02\/08\/celebridades-que-tienen-el-pais-como-su-segunda-patria\/#primaryimage\"},\"image\":{\"@id\":\"https:\/\/noti-america.com\/site\/repdom\/2021\/02\/08\/celebridades-que-tienen-el-pais-como-su-segunda-patria\/#primaryimage\"},\"thumbnailUrl\":\"https:\/\/noti-america.com\/site\/repdom\/wp-content\/uploads\/sites\/6\/2021\/02\/celebridades-que-tienen-en-el-pais-a-su-segunda-patria.jpeg\",\"datePublished\":\"2021-02-08T20:38:47+00:00\",\"breadcrumb\":{\"@id\":\"https:\/\/noti-america.com\/site\/repdom\/2021\/02\/08\/celebridades-que-tienen-el-pais-como-su-segunda-patria\/#breadcrumb\"},\"inLanguage\":\"es\",\"potentialAction\":[{\"@type\":\"ReadAction\",\"target\":[\"https:\/\/noti-america.com\/site\/repdom\/2021\/02\/08\/celebridades-que-tienen-el-pais-como-su-segunda-patria\/\"]}]},{\"@type\":\"ImageObject\",\"inLanguage\":\"es\",\"@id\":\"https:\/\/noti-america.com\/site\/repdom\/2021\/02\/08\/celebridades-que-tienen-el-pais-como-su-segunda-patria\/#primaryimage\",\"url\":\"https:\/\/noti-america.com\/site\/repdom\/wp-content\/uploads\/sites\/6\/2021\/02\/celebridades-que-tienen-en-el-pais-a-su-segunda-patria.jpeg\",\"contentUrl\":\"https:\/\/noti-america.com\/site\/repdom\/wp-content\/uploads\/sites\/6\/2021\/02\/celebridades-que-tienen-en-el-pais-a-su-segunda-patria.jpeg\",\"width\":663,\"height\":460},{\"@type\":\"BreadcrumbList\",\"@id\":\"https:\/\/noti-america.com\/site\/repdom\/2021\/02\/08\/celebridades-que-tienen-el-pais-como-su-segunda-patria\/#breadcrumb\",\"itemListElement\":[{\"@type\":\"ListItem\",\"position\":1,\"name\":\"Portada\",\"item\":\"https:\/\/noti-america.com\/site\/repdom\/\"},{\"@type\":\"ListItem\",\"position\":2,\"name\":\"Celebridades que tienen el pa\u00eds como su segunda patria\"}]},{\"@type\":\"WebSite\",\"@id\":\"https:\/\/noti-america.com\/site\/repdom\/#website\",\"url\":\"https:\/\/noti-america.com\/site\/repdom\/\",\"name\":\"Rep. Dominicana | Noti-America.com\",\"description\":\"\",\"publisher\":{\"@id\":\"https:\/\/noti-america.com\/site\/repdom\/#organization\"},\"potentialAction\":[{\"@type\":\"SearchAction\",\"target\":{\"@type\":\"EntryPoint\",\"urlTemplate\":\"https:\/\/noti-america.com\/site\/repdom\/?s={search_term_string}\"},\"query-input\":{\"@type\":\"PropertyValueSpecification\",\"valueRequired\":true,\"valueName\":\"search_term_string\"}}],\"inLanguage\":\"es\"},{\"@type\":\"Organization\",\"@id\":\"https:\/\/noti-america.com\/site\/repdom\/#organization\",\"name\":\"Noti-America LLC | Rep\u00fablica Dominicana\",\"url\":\"https:\/\/noti-america.com\/site\/repdom\/\",\"logo\":{\"@type\":\"ImageObject\",\"inLanguage\":\"es\",\"@id\":\"https:\/\/noti-america.com\/site\/repdom\/#\/schema\/logo\/image\/\",\"url\":\"https:\/\/noti-america.com\/site\/repdom\/wp-content\/uploads\/sites\/6\/2020\/07\/LogoNA-4x3-1.jpg\",\"contentUrl\":\"https:\/\/noti-america.com\/site\/repdom\/wp-content\/uploads\/sites\/6\/2020\/07\/LogoNA-4x3-1.jpg\",\"width\":1236,\"height\":1080,\"caption\":\"Noti-America LLC | Rep\u00fablica Dominicana\"},\"image\":{\"@id\":\"https:\/\/noti-america.com\/site\/repdom\/#\/schema\/logo\/image\/\"}},{\"@type\":\"Person\",\"@id\":\"https:\/\/noti-america.com\/site\/repdom\/#\/schema\/person\/3e41f2e0a88de2dbfa74310de6e08c3b\",\"name\":\"Sueanny Guzm\u00e1n\",\"image\":{\"@type\":\"ImageObject\",\"inLanguage\":\"es\",\"@id\":\"https:\/\/secure.gravatar.com\/avatar\/743180685ef4657e50d4fb7ec792c2c316119f5a7db45e029570122e8cd05065?s=96&d=mm&r=g\",\"url\":\"https:\/\/secure.gravatar.com\/avatar\/743180685ef4657e50d4fb7ec792c2c316119f5a7db45e029570122e8cd05065?s=96&d=mm&r=g\",\"contentUrl\":\"https:\/\/secure.gravatar.com\/avatar\/743180685ef4657e50d4fb7ec792c2c316119f5a7db45e029570122e8cd05065?s=96&d=mm&r=g\",\"caption\":\"Sueanny Guzm\u00e1n\"},\"sameAs\":[\"https:\/\/x.com\/sueannyguzmanrd\"],\"url\":\"https:\/\/noti-america.com\/site\/repdom\/author\/sguzman\/\"}]}<\/script>\n<!-- \/ Yoast SEO Premium plugin. -->","yoast_head_json":{"title":"Celebridades que tienen el pa\u00eds como su segunda patria - Rep. Dominicana | Noti-America.com","robots":{"index":"index","follow":"follow","max-snippet":"max-snippet:-1","max-image-preview":"max-image-preview:large","max-video-preview":"max-video-preview:-1"},"canonical":"https:\/\/noti-america.com\/site\/repdom\/2021\/02\/08\/celebridades-que-tienen-el-pais-como-su-segunda-patria\/","og_locale":"es_ES","og_type":"article","og_title":"Celebridades que tienen el pa\u00eds como su segunda patria","og_description":"NOTI-AMERICA REP\u00daBLICA DOMINICANA\u00a0 Santo Domingo, RD- Rep\u00fablica Dominicana es una tierra bendita por su belleza, celebridades de la pol\u00edtica, los negocios, el deporte, y el entretenimiento lo han tomado como su refugio. Sin embargo,&#46;&#46;&#46;","og_url":"https:\/\/noti-america.com\/site\/repdom\/2021\/02\/08\/celebridades-que-tienen-el-pais-como-su-segunda-patria\/","og_site_name":"Rep. Dominicana | Noti-America.com","article_published_time":"2021-02-08T20:38:47+00:00","og_image":[{"width":663,"height":460,"url":"https:\/\/noti-america.com\/site\/repdom\/wp-content\/uploads\/sites\/6\/2021\/02\/celebridades-que-tienen-en-el-pais-a-su-segunda-patria.jpeg","type":"image\/jpeg"}],"author":"Sueanny Guzm\u00e1n","twitter_card":"summary_large_image","twitter_creator":"@sueannyguzmanrd","twitter_misc":{"Escrito por":"Sueanny Guzm\u00e1n","Tiempo estimado de lectura":"4 minutos"},"schema":{"@context":"https:\/\/schema.org","@graph":[{"@type":"Article","@id":"https:\/\/noti-america.com\/site\/repdom\/2021\/02\/08\/celebridades-que-tienen-el-pais-como-su-segunda-patria\/#article","isPartOf":{"@id":"https:\/\/noti-america.com\/site\/repdom\/2021\/02\/08\/celebridades-que-tienen-el-pais-como-su-segunda-patria\/"},"author":{"name":"Sueanny Guzm\u00e1n","@id":"https:\/\/noti-america.com\/site\/repdom\/#\/schema\/person\/3e41f2e0a88de2dbfa74310de6e08c3b"},"headline":"Celebridades que tienen el pa\u00eds como su segunda patria","datePublished":"2021-02-08T20:38:47+00:00","mainEntityOfPage":{"@id":"https:\/\/noti-america.com\/site\/repdom\/2021\/02\/08\/celebridades-que-tienen-el-pais-como-su-segunda-patria\/"},"wordCount":858,"commentCount":0,"publisher":{"@id":"https:\/\/noti-america.com\/site\/repdom\/#organization"},"image":{"@id":"https:\/\/noti-america.com\/site\/repdom\/2021\/02\/08\/celebridades-que-tienen-el-pais-como-su-segunda-patria\/#primaryimage"},"thumbnailUrl":"https:\/\/noti-america.com\/site\/repdom\/wp-content\/uploads\/sites\/6\/2021\/02\/celebridades-que-tienen-en-el-pais-a-su-segunda-patria.jpeg","articleSection":["Entretenimiento"],"inLanguage":"es","potentialAction":[{"@type":"CommentAction","name":"Comment","target":["https:\/\/noti-america.com\/site\/repdom\/2021\/02\/08\/celebridades-que-tienen-el-pais-como-su-segunda-patria\/#respond"]}]},{"@type":"WebPage","@id":"https:\/\/noti-america.com\/site\/repdom\/2021\/02\/08\/celebridades-que-tienen-el-pais-como-su-segunda-patria\/","url":"https:\/\/noti-america.com\/site\/repdom\/2021\/02\/08\/celebridades-que-tienen-el-pais-como-su-segunda-patria\/","name":"Celebridades que tienen el pa\u00eds como su segunda patria - Rep. Dominicana | Noti-America.com","isPartOf":{"@id":"https:\/\/noti-america.com\/site\/repdom\/#website"},"primaryImageOfPage":{"@id":"https:\/\/noti-america.com\/site\/repdom\/2021\/02\/08\/celebridades-que-tienen-el-pais-como-su-segunda-patria\/#primaryimage"},"image":{"@id":"https:\/\/noti-america.com\/site\/repdom\/2021\/02\/08\/celebridades-que-tienen-el-pais-como-su-segunda-patria\/#primaryimage"},"thumbnailUrl":"https:\/\/noti-america.com\/site\/repdom\/wp-content\/uploads\/sites\/6\/2021\/02\/celebridades-que-tienen-en-el-pais-a-su-segunda-patria.jpeg","datePublished":"2021-02-08T20:38:47+00:00","breadcrumb":{"@id":"https:\/\/noti-america.com\/site\/repdom\/2021\/02\/08\/celebridades-que-tienen-el-pais-como-su-segunda-patria\/#breadcrumb"},"inLanguage":"es","potentialAction":[{"@type":"ReadAction","target":["https:\/\/noti-america.com\/site\/repdom\/2021\/02\/08\/celebridades-que-tienen-el-pais-como-su-segunda-patria\/"]}]},{"@type":"ImageObject","inLanguage":"es","@id":"https:\/\/noti-america.com\/site\/repdom\/2021\/02\/08\/celebridades-que-tienen-el-pais-como-su-segunda-patria\/#primaryimage","url":"https:\/\/noti-america.com\/site\/repdom\/wp-content\/uploads\/sites\/6\/2021\/02\/celebridades-que-tienen-en-el-pais-a-su-segunda-patria.jpeg","contentUrl":"https:\/\/noti-america.com\/site\/repdom\/wp-content\/uploads\/sites\/6\/2021\/02\/celebridades-que-tienen-en-el-pais-a-su-segunda-patria.jpeg","width":663,"height":460},{"@type":"BreadcrumbList","@id":"https:\/\/noti-america.com\/site\/repdom\/2021\/02\/08\/celebridades-que-tienen-el-pais-como-su-segunda-patria\/#breadcrumb","itemListElement":[{"@type":"ListItem","position":1,"name":"Portada","item":"https:\/\/noti-america.com\/site\/repdom\/"},{"@type":"ListItem","position":2,"name":"Celebridades que tienen el pa\u00eds como su segunda patria"}]},{"@type":"WebSite","@id":"https:\/\/noti-america.com\/site\/repdom\/#website","url":"https:\/\/noti-america.com\/site\/repdom\/","name":"Rep. Dominicana | Noti-America.com","description":"","publisher":{"@id":"https:\/\/noti-america.com\/site\/repdom\/#organization"},"potentialAction":[{"@type":"SearchAction","target":{"@type":"EntryPoint","urlTemplate":"https:\/\/noti-america.com\/site\/repdom\/?s={search_term_string}"},"query-input":{"@type":"PropertyValueSpecification","valueRequired":true,"valueName":"search_term_string"}}],"inLanguage":"es"},{"@type":"Organization","@id":"https:\/\/noti-america.com\/site\/repdom\/#organization","name":"Noti-America LLC | Rep\u00fablica Dominicana","url":"https:\/\/noti-america.com\/site\/repdom\/","logo":{"@type":"ImageObject","inLanguage":"es","@id":"https:\/\/noti-america.com\/site\/repdom\/#\/schema\/logo\/image\/","url":"https:\/\/noti-america.com\/site\/repdom\/wp-content\/uploads\/sites\/6\/2020\/07\/LogoNA-4x3-1.jpg","contentUrl":"https:\/\/noti-america.com\/site\/repdom\/wp-content\/uploads\/sites\/6\/2020\/07\/LogoNA-4x3-1.jpg","width":1236,"height":1080,"caption":"Noti-America LLC | Rep\u00fablica Dominicana"},"image":{"@id":"https:\/\/noti-america.com\/site\/repdom\/#\/schema\/logo\/image\/"}},{"@type":"Person","@id":"https:\/\/noti-america.com\/site\/repdom\/#\/schema\/person\/3e41f2e0a88de2dbfa74310de6e08c3b","name":"Sueanny Guzm\u00e1n","image":{"@type":"ImageObject","inLanguage":"es","@id":"https:\/\/secure.gravatar.com\/avatar\/743180685ef4657e50d4fb7ec792c2c316119f5a7db45e029570122e8cd05065?s=96&d=mm&r=g","url":"https:\/\/secure.gravatar.com\/avatar\/743180685ef4657e50d4fb7ec792c2c316119f5a7db45e029570122e8cd05065?s=96&d=mm&r=g","contentUrl":"https:\/\/secure.gravatar.com\/avatar\/743180685ef4657e50d4fb7ec792c2c316119f5a7db45e029570122e8cd05065?s=96&d=mm&r=g","caption":"Sueanny Guzm\u00e1n"},"sameAs":["https:\/\/x.com\/sueannyguzmanrd"],"url":"https:\/\/noti-america.com\/site\/repdom\/author\/sguzman\/"}]}},"_links":{"self":[{"href":"https:\/\/noti-america.com\/site\/repdom\/wp-json\/wp\/v2\/posts\/8376","targetHints":{"allow":["GET"]}}],"collection":[{"href":"https:\/\/noti-america.com\/site\/repdom\/wp-json\/wp\/v2\/posts"}],"about":[{"href":"https:\/\/noti-america.com\/site\/repdom\/wp-json\/wp\/v2\/types\/post"}],"author":[{"embeddable":true,"href":"https:\/\/noti-america.com\/site\/repdom\/wp-json\/wp\/v2\/users\/92"}],"replies":[{"embeddable":true,"href":"https:\/\/noti-america.com\/site\/repdom\/wp-json\/wp\/v2\/comments?post=8376"}],"version-history":[{"count":2,"href":"https:\/\/noti-america.com\/site\/repdom\/wp-json\/wp\/v2\/posts\/8376\/revisions"}],"predecessor-version":[{"id":8379,"href":"https:\/\/noti-america.com\/site\/repdom\/wp-json\/wp\/v2\/posts\/8376\/revisions\/8379"}],"wp:featuredmedia":[{"embeddable":true,"href":"https:\/\/noti-america.com\/site\/repdom\/wp-json\/wp\/v2\/media\/8377"}],"wp:attachment":[{"href":"https:\/\/noti-america.com\/site\/repdom\/wp-json\/wp\/v2\/media?parent=8376"}],"wp:term":[{"taxonomy":"category","embeddable":true,"href":"https:\/\/noti-america.com\/site\/repdom\/wp-json\/wp\/v2\/categories?post=8376"},{"taxonomy":"post_tag","embeddable":true,"href":"https:\/\/noti-america.com\/site\/repdom\/wp-json\/wp\/v2\/tags?post=8376"}],"curies":[{"name":"wp","href":"https:\/\/api.w.org\/{rel}","templated":true}]}}