{"id":8341,"date":"2021-02-06T23:09:32","date_gmt":"2021-02-06T23:09:32","guid":{"rendered":"https:\/\/noti-america.com\/site\/repdom\/?p=8341"},"modified":"2021-02-06T23:09:32","modified_gmt":"2021-02-06T23:09:32","slug":"republica-dominicana-es-confirmada-como-sede-de-la-serie-del-caribe-de-2022","status":"publish","type":"post","link":"https:\/\/noti-america.com\/site\/repdom\/2021\/02\/06\/republica-dominicana-es-confirmada-como-sede-de-la-serie-del-caribe-de-2022\/","title":{"rendered":"Rep\u00fablica Dominicana es confirmada como sede de la Serie del Caribe de 2022"},"content":{"rendered":"<p style=\"text-align: justify\">MAZATL\u00c1N, M\u00e9xico &#8211; La Confederaci\u00f3n de B\u00e9isbol Profesional del Caribe (CBPC) confirm\u00f3 este s\u00e1bado a Rep\u00fablica Dominicana como sede de la versi\u00f3n 64 de la Serie del Caribe en febrero del 2022.<\/p>\n<p style=\"text-align: justify\">La confirmaci\u00f3n al pa\u00eds se efectu\u00f3 durante la celebraci\u00f3n de la Tercera Asamblea General Ordinaria de la CBPC que fue encabezada por el Comisionado del Caribe, Juan Francisco Puello Herrera, y los presidentes de ligas miembros.<\/p>\n<p style=\"text-align: justify\">Al recibir la confirmaci\u00f3n de la sede, el presidente de la Liga de B\u00e9isbol Profesional de Rep\u00fablica Dominicana (LIDOM), Vitelio Mej\u00eda Ortiz, dijo que en nombre de la Liga Dominicana aceptaba esa responsabilidad y dijo estar confiado especialmente porque se lleva un gran aprendizaje del montaje del actual evento celebrado en Mazatl\u00e1n.<\/p>\n<p style=\"text-align: justify\">\u201cSer\u00e1 un placer ser anfitriones de todos ustedes y les aseguramos nuestro mejor esfuerzo para que en nuestras manos el evento de la Serie del Caribe mantenga todo su esplendor. Esperamos que con la gracia de Dios tengamos un escenario menos complicado en relaci\u00f3n con las limitaciones del COVID-19\u201d.<\/p>\n<p style=\"text-align: justify\">Febrero del 2016 fue la m\u00e1s reciente ocasi\u00f3n en la que Rep\u00fablica Dominicana fue sede del evento caribe\u00f1o. Esa vez los Venados de Mazatl\u00e1n se coronaron campeones.<\/p>\n<p style=\"text-align: justify\"><strong>Fuente: Prensa LIDOM<\/strong><\/p>\n","protected":false},"excerpt":{"rendered":"<p>MAZATL\u00c1N, M\u00e9xico &#8211; La Confederaci\u00f3n de B\u00e9isbol Profesional del Caribe (CBPC) confirm\u00f3 este s\u00e1bado a Rep\u00fablica Dominicana como sede de la versi\u00f3n 64 de la Serie del Caribe en febrero del 2022. La confirmaci\u00f3n&#46;&#46;&#46;<\/p>\n","protected":false},"author":89,"featured_media":8342,"comment_status":"open","ping_status":"open","sticky":false,"template":"","format":"standard","meta":{"_acf_changed":false,"rop_custom_images_group":[],"rop_custom_messages_group":[],"rop_publish_now":"initial","rop_publish_now_accounts":[],"rop_publish_now_history":[],"rop_publish_now_status":"pending","footnotes":""},"categories":[16],"tags":[851,122,108,828],"class_list":["post-8341","post","type-post","status-publish","format-standard","has-post-thumbnail","hentry","category-deportes","tag-confederacion-de-beisbol-profesional-del-caribe","tag-liga-dominicana-de-beisbol-profesional","tag-republica-dominicana","tag-serie-del-caribe"],"acf":[],"yoast_head":"<!-- This site is optimized with the Yoast SEO Premium plugin v24.9 (Yoast SEO v27.2) - https:\/\/yoast.com\/product\/yoast-seo-premium-wordpress\/ -->\n<title>Rep\u00fablica Dominicana es confirmada como sede de la Serie del Caribe de 2022 - Rep. Dominicana | Noti-America.com<\/title>\n<meta name=\"robots\" content=\"index, follow, max-snippet:-1, max-image-preview:large, max-video-preview:-1\" \/>\n<link rel=\"canonical\" href=\"https:\/\/noti-america.com\/site\/repdom\/2021\/02\/06\/republica-dominicana-es-confirmada-como-sede-de-la-serie-del-caribe-de-2022\/\" \/>\n<meta property=\"og:locale\" content=\"es_ES\" \/>\n<meta property=\"og:type\" content=\"article\" \/>\n<meta property=\"og:title\" content=\"Rep\u00fablica Dominicana es confirmada como sede de la Serie del Caribe de 2022\" \/>\n<meta property=\"og:description\" content=\"MAZATL\u00c1N, M\u00e9xico &#8211; La Confederaci\u00f3n de B\u00e9isbol Profesional del Caribe (CBPC) confirm\u00f3 este s\u00e1bado a Rep\u00fablica Dominicana como sede de la versi\u00f3n 64 de la Serie del Caribe en febrero del 2022. La confirmaci\u00f3n&#046;&#046;&#046;\" \/>\n<meta property=\"og:url\" content=\"https:\/\/noti-america.com\/site\/repdom\/2021\/02\/06\/republica-dominicana-es-confirmada-como-sede-de-la-serie-del-caribe-de-2022\/\" \/>\n<meta property=\"og:site_name\" content=\"Rep. Dominicana | Noti-America.com\" \/>\n<meta property=\"article:published_time\" content=\"2021-02-06T23:09:32+00:00\" \/>\n<meta property=\"og:image\" content=\"https:\/\/noti-america.com\/site\/repdom\/wp-content\/uploads\/sites\/6\/2021\/02\/Serie-del-Caribe.jpg\" \/>\n\t<meta property=\"og:image:width\" content=\"1280\" \/>\n\t<meta property=\"og:image:height\" content=\"958\" \/>\n\t<meta property=\"og:image:type\" content=\"image\/jpeg\" \/>\n<meta name=\"author\" content=\"Ad\u00e1n Soriano\" \/>\n<meta name=\"twitter:card\" content=\"summary_large_image\" \/>\n<meta name=\"twitter:creator\" content=\"@adansoriano\" \/>\n<meta name=\"twitter:label1\" content=\"Escrito por\" \/>\n\t<meta name=\"twitter:data1\" content=\"Ad\u00e1n Soriano\" \/>\n\t<meta name=\"twitter:label2\" content=\"Tiempo estimado de lectura\" \/>\n\t<meta name=\"twitter:data2\" content=\"1 minuto\" \/>\n<script type=\"application\/ld+json\" class=\"yoast-schema-graph\">{\"@context\":\"https:\/\/schema.org\",\"@graph\":[{\"@type\":\"Article\",\"@id\":\"https:\/\/noti-america.com\/site\/repdom\/2021\/02\/06\/republica-dominicana-es-confirmada-como-sede-de-la-serie-del-caribe-de-2022\/#article\",\"isPartOf\":{\"@id\":\"https:\/\/noti-america.com\/site\/repdom\/2021\/02\/06\/republica-dominicana-es-confirmada-como-sede-de-la-serie-del-caribe-de-2022\/\"},\"author\":{\"name\":\"Ad\u00e1n Soriano\",\"@id\":\"https:\/\/noti-america.com\/site\/repdom\/#\/schema\/person\/fd0092c1530d275fabaa5cffcbc2b976\"},\"headline\":\"Rep\u00fablica Dominicana es confirmada como sede de la Serie del Caribe de 2022\",\"datePublished\":\"2021-02-06T23:09:32+00:00\",\"mainEntityOfPage\":{\"@id\":\"https:\/\/noti-america.com\/site\/repdom\/2021\/02\/06\/republica-dominicana-es-confirmada-como-sede-de-la-serie-del-caribe-de-2022\/\"},\"wordCount\":230,\"commentCount\":0,\"publisher\":{\"@id\":\"https:\/\/noti-america.com\/site\/repdom\/#organization\"},\"image\":{\"@id\":\"https:\/\/noti-america.com\/site\/repdom\/2021\/02\/06\/republica-dominicana-es-confirmada-como-sede-de-la-serie-del-caribe-de-2022\/#primaryimage\"},\"thumbnailUrl\":\"https:\/\/noti-america.com\/site\/repdom\/wp-content\/uploads\/sites\/6\/2021\/02\/Serie-del-Caribe.jpg\",\"keywords\":[\"Confederaci\u00f3n de B\u00e9isbol Profesional del Caribe\",\"Liga Dominicana de B\u00e9isbol Profesional\",\"Rep\u00fablica Dominicana\",\"Serie del Caribe\"],\"articleSection\":[\"Deportes\"],\"inLanguage\":\"es\",\"potentialAction\":[{\"@type\":\"CommentAction\",\"name\":\"Comment\",\"target\":[\"https:\/\/noti-america.com\/site\/repdom\/2021\/02\/06\/republica-dominicana-es-confirmada-como-sede-de-la-serie-del-caribe-de-2022\/#respond\"]}]},{\"@type\":\"WebPage\",\"@id\":\"https:\/\/noti-america.com\/site\/repdom\/2021\/02\/06\/republica-dominicana-es-confirmada-como-sede-de-la-serie-del-caribe-de-2022\/\",\"url\":\"https:\/\/noti-america.com\/site\/repdom\/2021\/02\/06\/republica-dominicana-es-confirmada-como-sede-de-la-serie-del-caribe-de-2022\/\",\"name\":\"Rep\u00fablica Dominicana es confirmada como sede de la Serie del Caribe de 2022 - Rep. Dominicana | Noti-America.com\",\"isPartOf\":{\"@id\":\"https:\/\/noti-america.com\/site\/repdom\/#website\"},\"primaryImageOfPage\":{\"@id\":\"https:\/\/noti-america.com\/site\/repdom\/2021\/02\/06\/republica-dominicana-es-confirmada-como-sede-de-la-serie-del-caribe-de-2022\/#primaryimage\"},\"image\":{\"@id\":\"https:\/\/noti-america.com\/site\/repdom\/2021\/02\/06\/republica-dominicana-es-confirmada-como-sede-de-la-serie-del-caribe-de-2022\/#primaryimage\"},\"thumbnailUrl\":\"https:\/\/noti-america.com\/site\/repdom\/wp-content\/uploads\/sites\/6\/2021\/02\/Serie-del-Caribe.jpg\",\"datePublished\":\"2021-02-06T23:09:32+00:00\",\"breadcrumb\":{\"@id\":\"https:\/\/noti-america.com\/site\/repdom\/2021\/02\/06\/republica-dominicana-es-confirmada-como-sede-de-la-serie-del-caribe-de-2022\/#breadcrumb\"},\"inLanguage\":\"es\",\"potentialAction\":[{\"@type\":\"ReadAction\",\"target\":[\"https:\/\/noti-america.com\/site\/repdom\/2021\/02\/06\/republica-dominicana-es-confirmada-como-sede-de-la-serie-del-caribe-de-2022\/\"]}]},{\"@type\":\"ImageObject\",\"inLanguage\":\"es\",\"@id\":\"https:\/\/noti-america.com\/site\/repdom\/2021\/02\/06\/republica-dominicana-es-confirmada-como-sede-de-la-serie-del-caribe-de-2022\/#primaryimage\",\"url\":\"https:\/\/noti-america.com\/site\/repdom\/wp-content\/uploads\/sites\/6\/2021\/02\/Serie-del-Caribe.jpg\",\"contentUrl\":\"https:\/\/noti-america.com\/site\/repdom\/wp-content\/uploads\/sites\/6\/2021\/02\/Serie-del-Caribe.jpg\",\"width\":1280,\"height\":958},{\"@type\":\"BreadcrumbList\",\"@id\":\"https:\/\/noti-america.com\/site\/repdom\/2021\/02\/06\/republica-dominicana-es-confirmada-como-sede-de-la-serie-del-caribe-de-2022\/#breadcrumb\",\"itemListElement\":[{\"@type\":\"ListItem\",\"position\":1,\"name\":\"Portada\",\"item\":\"https:\/\/noti-america.com\/site\/repdom\/\"},{\"@type\":\"ListItem\",\"position\":2,\"name\":\"Rep\u00fablica Dominicana es confirmada como sede de la Serie del Caribe de 2022\"}]},{\"@type\":\"WebSite\",\"@id\":\"https:\/\/noti-america.com\/site\/repdom\/#website\",\"url\":\"https:\/\/noti-america.com\/site\/repdom\/\",\"name\":\"Rep. Dominicana | Noti-America.com\",\"description\":\"\",\"publisher\":{\"@id\":\"https:\/\/noti-america.com\/site\/repdom\/#organization\"},\"potentialAction\":[{\"@type\":\"SearchAction\",\"target\":{\"@type\":\"EntryPoint\",\"urlTemplate\":\"https:\/\/noti-america.com\/site\/repdom\/?s={search_term_string}\"},\"query-input\":{\"@type\":\"PropertyValueSpecification\",\"valueRequired\":true,\"valueName\":\"search_term_string\"}}],\"inLanguage\":\"es\"},{\"@type\":\"Organization\",\"@id\":\"https:\/\/noti-america.com\/site\/repdom\/#organization\",\"name\":\"Noti-America LLC | Rep\u00fablica Dominicana\",\"url\":\"https:\/\/noti-america.com\/site\/repdom\/\",\"logo\":{\"@type\":\"ImageObject\",\"inLanguage\":\"es\",\"@id\":\"https:\/\/noti-america.com\/site\/repdom\/#\/schema\/logo\/image\/\",\"url\":\"https:\/\/noti-america.com\/site\/repdom\/wp-content\/uploads\/sites\/6\/2020\/07\/LogoNA-4x3-1.jpg\",\"contentUrl\":\"https:\/\/noti-america.com\/site\/repdom\/wp-content\/uploads\/sites\/6\/2020\/07\/LogoNA-4x3-1.jpg\",\"width\":1236,\"height\":1080,\"caption\":\"Noti-America LLC | Rep\u00fablica Dominicana\"},\"image\":{\"@id\":\"https:\/\/noti-america.com\/site\/repdom\/#\/schema\/logo\/image\/\"}},{\"@type\":\"Person\",\"@id\":\"https:\/\/noti-america.com\/site\/repdom\/#\/schema\/person\/fd0092c1530d275fabaa5cffcbc2b976\",\"name\":\"Ad\u00e1n Soriano\",\"image\":{\"@type\":\"ImageObject\",\"inLanguage\":\"es\",\"@id\":\"https:\/\/secure.gravatar.com\/avatar\/ecf97ff3aee7ff9efdae670d7e976f3e7e8acc1077e510d73707999a8bfd4467?s=96&d=mm&r=g\",\"url\":\"https:\/\/secure.gravatar.com\/avatar\/ecf97ff3aee7ff9efdae670d7e976f3e7e8acc1077e510d73707999a8bfd4467?s=96&d=mm&r=g\",\"contentUrl\":\"https:\/\/secure.gravatar.com\/avatar\/ecf97ff3aee7ff9efdae670d7e976f3e7e8acc1077e510d73707999a8bfd4467?s=96&d=mm&r=g\",\"caption\":\"Ad\u00e1n Soriano\"},\"description\":\"Soy cronista deportivo con 10 a\u00f1os de experiencia en varios espacios, y conduzco el podcast deportivo llamado Mezcla Deportiva\",\"sameAs\":[\"https:\/\/x.com\/adansoriano\"],\"url\":\"https:\/\/noti-america.com\/site\/repdom\/author\/asoriano\/\"}]}<\/script>\n<!-- \/ Yoast SEO Premium plugin. -->","yoast_head_json":{"title":"Rep\u00fablica Dominicana es confirmada como sede de la Serie del Caribe de 2022 - Rep. Dominicana | Noti-America.com","robots":{"index":"index","follow":"follow","max-snippet":"max-snippet:-1","max-image-preview":"max-image-preview:large","max-video-preview":"max-video-preview:-1"},"canonical":"https:\/\/noti-america.com\/site\/repdom\/2021\/02\/06\/republica-dominicana-es-confirmada-como-sede-de-la-serie-del-caribe-de-2022\/","og_locale":"es_ES","og_type":"article","og_title":"Rep\u00fablica Dominicana es confirmada como sede de la Serie del Caribe de 2022","og_description":"MAZATL\u00c1N, M\u00e9xico &#8211; La Confederaci\u00f3n de B\u00e9isbol Profesional del Caribe (CBPC) confirm\u00f3 este s\u00e1bado a Rep\u00fablica Dominicana como sede de la versi\u00f3n 64 de la Serie del Caribe en febrero del 2022. La confirmaci\u00f3n&#46;&#46;&#46;","og_url":"https:\/\/noti-america.com\/site\/repdom\/2021\/02\/06\/republica-dominicana-es-confirmada-como-sede-de-la-serie-del-caribe-de-2022\/","og_site_name":"Rep. Dominicana | Noti-America.com","article_published_time":"2021-02-06T23:09:32+00:00","og_image":[{"width":1280,"height":958,"url":"https:\/\/noti-america.com\/site\/repdom\/wp-content\/uploads\/sites\/6\/2021\/02\/Serie-del-Caribe.jpg","type":"image\/jpeg"}],"author":"Ad\u00e1n Soriano","twitter_card":"summary_large_image","twitter_creator":"@adansoriano","twitter_misc":{"Escrito por":"Ad\u00e1n Soriano","Tiempo estimado de lectura":"1 minuto"},"schema":{"@context":"https:\/\/schema.org","@graph":[{"@type":"Article","@id":"https:\/\/noti-america.com\/site\/repdom\/2021\/02\/06\/republica-dominicana-es-confirmada-como-sede-de-la-serie-del-caribe-de-2022\/#article","isPartOf":{"@id":"https:\/\/noti-america.com\/site\/repdom\/2021\/02\/06\/republica-dominicana-es-confirmada-como-sede-de-la-serie-del-caribe-de-2022\/"},"author":{"name":"Ad\u00e1n Soriano","@id":"https:\/\/noti-america.com\/site\/repdom\/#\/schema\/person\/fd0092c1530d275fabaa5cffcbc2b976"},"headline":"Rep\u00fablica Dominicana es confirmada como sede de la Serie del Caribe de 2022","datePublished":"2021-02-06T23:09:32+00:00","mainEntityOfPage":{"@id":"https:\/\/noti-america.com\/site\/repdom\/2021\/02\/06\/republica-dominicana-es-confirmada-como-sede-de-la-serie-del-caribe-de-2022\/"},"wordCount":230,"commentCount":0,"publisher":{"@id":"https:\/\/noti-america.com\/site\/repdom\/#organization"},"image":{"@id":"https:\/\/noti-america.com\/site\/repdom\/2021\/02\/06\/republica-dominicana-es-confirmada-como-sede-de-la-serie-del-caribe-de-2022\/#primaryimage"},"thumbnailUrl":"https:\/\/noti-america.com\/site\/repdom\/wp-content\/uploads\/sites\/6\/2021\/02\/Serie-del-Caribe.jpg","keywords":["Confederaci\u00f3n de B\u00e9isbol Profesional del Caribe","Liga Dominicana de B\u00e9isbol Profesional","Rep\u00fablica Dominicana","Serie del Caribe"],"articleSection":["Deportes"],"inLanguage":"es","potentialAction":[{"@type":"CommentAction","name":"Comment","target":["https:\/\/noti-america.com\/site\/repdom\/2021\/02\/06\/republica-dominicana-es-confirmada-como-sede-de-la-serie-del-caribe-de-2022\/#respond"]}]},{"@type":"WebPage","@id":"https:\/\/noti-america.com\/site\/repdom\/2021\/02\/06\/republica-dominicana-es-confirmada-como-sede-de-la-serie-del-caribe-de-2022\/","url":"https:\/\/noti-america.com\/site\/repdom\/2021\/02\/06\/republica-dominicana-es-confirmada-como-sede-de-la-serie-del-caribe-de-2022\/","name":"Rep\u00fablica Dominicana es confirmada como sede de la Serie del Caribe de 2022 - Rep. Dominicana | Noti-America.com","isPartOf":{"@id":"https:\/\/noti-america.com\/site\/repdom\/#website"},"primaryImageOfPage":{"@id":"https:\/\/noti-america.com\/site\/repdom\/2021\/02\/06\/republica-dominicana-es-confirmada-como-sede-de-la-serie-del-caribe-de-2022\/#primaryimage"},"image":{"@id":"https:\/\/noti-america.com\/site\/repdom\/2021\/02\/06\/republica-dominicana-es-confirmada-como-sede-de-la-serie-del-caribe-de-2022\/#primaryimage"},"thumbnailUrl":"https:\/\/noti-america.com\/site\/repdom\/wp-content\/uploads\/sites\/6\/2021\/02\/Serie-del-Caribe.jpg","datePublished":"2021-02-06T23:09:32+00:00","breadcrumb":{"@id":"https:\/\/noti-america.com\/site\/repdom\/2021\/02\/06\/republica-dominicana-es-confirmada-como-sede-de-la-serie-del-caribe-de-2022\/#breadcrumb"},"inLanguage":"es","potentialAction":[{"@type":"ReadAction","target":["https:\/\/noti-america.com\/site\/repdom\/2021\/02\/06\/republica-dominicana-es-confirmada-como-sede-de-la-serie-del-caribe-de-2022\/"]}]},{"@type":"ImageObject","inLanguage":"es","@id":"https:\/\/noti-america.com\/site\/repdom\/2021\/02\/06\/republica-dominicana-es-confirmada-como-sede-de-la-serie-del-caribe-de-2022\/#primaryimage","url":"https:\/\/noti-america.com\/site\/repdom\/wp-content\/uploads\/sites\/6\/2021\/02\/Serie-del-Caribe.jpg","contentUrl":"https:\/\/noti-america.com\/site\/repdom\/wp-content\/uploads\/sites\/6\/2021\/02\/Serie-del-Caribe.jpg","width":1280,"height":958},{"@type":"BreadcrumbList","@id":"https:\/\/noti-america.com\/site\/repdom\/2021\/02\/06\/republica-dominicana-es-confirmada-como-sede-de-la-serie-del-caribe-de-2022\/#breadcrumb","itemListElement":[{"@type":"ListItem","position":1,"name":"Portada","item":"https:\/\/noti-america.com\/site\/repdom\/"},{"@type":"ListItem","position":2,"name":"Rep\u00fablica Dominicana es confirmada como sede de la Serie del Caribe de 2022"}]},{"@type":"WebSite","@id":"https:\/\/noti-america.com\/site\/repdom\/#website","url":"https:\/\/noti-america.com\/site\/repdom\/","name":"Rep. Dominicana | Noti-America.com","description":"","publisher":{"@id":"https:\/\/noti-america.com\/site\/repdom\/#organization"},"potentialAction":[{"@type":"SearchAction","target":{"@type":"EntryPoint","urlTemplate":"https:\/\/noti-america.com\/site\/repdom\/?s={search_term_string}"},"query-input":{"@type":"PropertyValueSpecification","valueRequired":true,"valueName":"search_term_string"}}],"inLanguage":"es"},{"@type":"Organization","@id":"https:\/\/noti-america.com\/site\/repdom\/#organization","name":"Noti-America LLC | Rep\u00fablica Dominicana","url":"https:\/\/noti-america.com\/site\/repdom\/","logo":{"@type":"ImageObject","inLanguage":"es","@id":"https:\/\/noti-america.com\/site\/repdom\/#\/schema\/logo\/image\/","url":"https:\/\/noti-america.com\/site\/repdom\/wp-content\/uploads\/sites\/6\/2020\/07\/LogoNA-4x3-1.jpg","contentUrl":"https:\/\/noti-america.com\/site\/repdom\/wp-content\/uploads\/sites\/6\/2020\/07\/LogoNA-4x3-1.jpg","width":1236,"height":1080,"caption":"Noti-America LLC | Rep\u00fablica Dominicana"},"image":{"@id":"https:\/\/noti-america.com\/site\/repdom\/#\/schema\/logo\/image\/"}},{"@type":"Person","@id":"https:\/\/noti-america.com\/site\/repdom\/#\/schema\/person\/fd0092c1530d275fabaa5cffcbc2b976","name":"Ad\u00e1n Soriano","image":{"@type":"ImageObject","inLanguage":"es","@id":"https:\/\/secure.gravatar.com\/avatar\/ecf97ff3aee7ff9efdae670d7e976f3e7e8acc1077e510d73707999a8bfd4467?s=96&d=mm&r=g","url":"https:\/\/secure.gravatar.com\/avatar\/ecf97ff3aee7ff9efdae670d7e976f3e7e8acc1077e510d73707999a8bfd4467?s=96&d=mm&r=g","contentUrl":"https:\/\/secure.gravatar.com\/avatar\/ecf97ff3aee7ff9efdae670d7e976f3e7e8acc1077e510d73707999a8bfd4467?s=96&d=mm&r=g","caption":"Ad\u00e1n Soriano"},"description":"Soy cronista deportivo con 10 a\u00f1os de experiencia en varios espacios, y conduzco el podcast deportivo llamado Mezcla Deportiva","sameAs":["https:\/\/x.com\/adansoriano"],"url":"https:\/\/noti-america.com\/site\/repdom\/author\/asoriano\/"}]}},"_links":{"self":[{"href":"https:\/\/noti-america.com\/site\/repdom\/wp-json\/wp\/v2\/posts\/8341","targetHints":{"allow":["GET"]}}],"collection":[{"href":"https:\/\/noti-america.com\/site\/repdom\/wp-json\/wp\/v2\/posts"}],"about":[{"href":"https:\/\/noti-america.com\/site\/repdom\/wp-json\/wp\/v2\/types\/post"}],"author":[{"embeddable":true,"href":"https:\/\/noti-america.com\/site\/repdom\/wp-json\/wp\/v2\/users\/89"}],"replies":[{"embeddable":true,"href":"https:\/\/noti-america.com\/site\/repdom\/wp-json\/wp\/v2\/comments?post=8341"}],"version-history":[{"count":1,"href":"https:\/\/noti-america.com\/site\/repdom\/wp-json\/wp\/v2\/posts\/8341\/revisions"}],"predecessor-version":[{"id":8343,"href":"https:\/\/noti-america.com\/site\/repdom\/wp-json\/wp\/v2\/posts\/8341\/revisions\/8343"}],"wp:featuredmedia":[{"embeddable":true,"href":"https:\/\/noti-america.com\/site\/repdom\/wp-json\/wp\/v2\/media\/8342"}],"wp:attachment":[{"href":"https:\/\/noti-america.com\/site\/repdom\/wp-json\/wp\/v2\/media?parent=8341"}],"wp:term":[{"taxonomy":"category","embeddable":true,"href":"https:\/\/noti-america.com\/site\/repdom\/wp-json\/wp\/v2\/categories?post=8341"},{"taxonomy":"post_tag","embeddable":true,"href":"https:\/\/noti-america.com\/site\/repdom\/wp-json\/wp\/v2\/tags?post=8341"}],"curies":[{"name":"wp","href":"https:\/\/api.w.org\/{rel}","templated":true}]}}