{"id":8034,"date":"2021-01-22T22:07:14","date_gmt":"2021-01-22T22:07:14","guid":{"rendered":"https:\/\/noti-america.com\/site\/repdom\/?p=8034"},"modified":"2021-01-22T22:07:14","modified_gmt":"2021-01-22T22:07:14","slug":"gobierno-cambia-el-horario-de-toque-de-queda-por-baja-en-curva-de-contagios","status":"publish","type":"post","link":"https:\/\/noti-america.com\/site\/repdom\/2021\/01\/22\/gobierno-cambia-el-horario-de-toque-de-queda-por-baja-en-curva-de-contagios\/","title":{"rendered":"Gobierno cambia el horario de toque de queda por baja en curva de contagios"},"content":{"rendered":"<p><img loading=\"lazy\" decoding=\"async\" class=\"\" src=\"https:\/\/images2.listindiario.com\/n\/content\/654\/653694\/p\/680x460\/202101221528061.jpeg\" alt=\"Gobierno cambia el horario de toque de queda por baja en curva de contagios\" width=\"332\" height=\"221\" \/>II<\/p>\n<p><em><strong>NOTI-AMERICA REP\u00daBLICA DOMINICANA\u00a0<\/strong><\/em><\/p>\n<div id=\"ArticleSourceDiv\" class=\"article-body-author\" style=\"text-align: justify\"><b>Santo Domingo, RD- <\/b>El Gobierno dominicano anunci\u00f3 hoy una flexibilizaci\u00f3n en el toque de queda, en vista de que han visto una reducci\u00f3n en la curva de contagios en Rep\u00fablica Dominicana en las \u00faltimas semanas.<\/div>\n<div id=\"ArticleBody\">\n<p style=\"text-align: justify\">Raquel Pe\u00f1a, vicepresidenta del pa\u00eds y a cargo del Gabinete de Salud, inform\u00f3 que el toque de queda ser\u00e1 de la siguiente manera:<\/p>\n<p style=\"text-align: justify\">De lunes a viernes en horario de 7 de la noche hasta las 5:00 de la madrugada. Se tendr\u00e1 una gracia de libre tr\u00e1nsito hasta las 10 de la noche.<\/p>\n<p style=\"text-align: justify\">Los s\u00e1bados y domingos el horario del toque de queda ser\u00e1 de 5 de la tarde a 5 de la ma\u00f1ana, con una gracia de libre transito hasta las 8 de la noche.<\/p>\n<p style=\"text-align: justify\">Las nuevas medidas estar\u00e1n en funcionamiento desde el mi\u00e9rcoles 27 de enero y hasta el lunes 8 de febrero, anunci\u00f3 la vicepresidenta.<\/p>\n<p style=\"text-align: justify\">Las nuevas disposiciones est\u00e1n contenidas en el decreto 037-21, firmado por el presidente de la Rep\u00fablica, Luis Abinader.<\/p>\n<\/div>\n","protected":false},"excerpt":{"rendered":"<p>II NOTI-AMERICA REP\u00daBLICA DOMINICANA\u00a0 Santo Domingo, RD- El Gobierno dominicano anunci\u00f3 hoy una flexibilizaci\u00f3n en el toque de queda, en vista de que han visto una reducci\u00f3n en la curva de contagios en Rep\u00fablica&#46;&#46;&#46;<\/p>\n","protected":false},"author":92,"featured_media":8035,"comment_status":"open","ping_status":"open","sticky":false,"template":"","format":"image","meta":{"_acf_changed":false,"rop_custom_images_group":[],"rop_custom_messages_group":[],"rop_publish_now":"initial","rop_publish_now_accounts":[],"rop_publish_now_history":[],"rop_publish_now_status":"pending","footnotes":""},"categories":[105],"tags":[],"class_list":["post-8034","post","type-post","status-publish","format-image","has-post-thumbnail","hentry","category-noticias","post_format-post-format-image"],"acf":[],"yoast_head":"<!-- This site is optimized with the Yoast SEO Premium plugin v24.9 (Yoast SEO v27.2) - https:\/\/yoast.com\/product\/yoast-seo-premium-wordpress\/ -->\n<title>Gobierno cambia el horario de toque de queda por baja en curva de contagios - Rep. Dominicana | Noti-America.com<\/title>\n<meta name=\"robots\" content=\"index, follow, max-snippet:-1, max-image-preview:large, max-video-preview:-1\" \/>\n<link rel=\"canonical\" href=\"https:\/\/noti-america.com\/site\/repdom\/2021\/01\/22\/gobierno-cambia-el-horario-de-toque-de-queda-por-baja-en-curva-de-contagios\/\" \/>\n<meta property=\"og:locale\" content=\"es_ES\" \/>\n<meta property=\"og:type\" content=\"article\" \/>\n<meta property=\"og:title\" content=\"Gobierno cambia el horario de toque de queda por baja en curva de contagios\" \/>\n<meta property=\"og:description\" content=\"II NOTI-AMERICA REP\u00daBLICA DOMINICANA\u00a0 Santo Domingo, RD- El Gobierno dominicano anunci\u00f3 hoy una flexibilizaci\u00f3n en el toque de queda, en vista de que han visto una reducci\u00f3n en la curva de contagios en Rep\u00fablica&#046;&#046;&#046;\" \/>\n<meta property=\"og:url\" content=\"https:\/\/noti-america.com\/site\/repdom\/2021\/01\/22\/gobierno-cambia-el-horario-de-toque-de-queda-por-baja-en-curva-de-contagios\/\" \/>\n<meta property=\"og:site_name\" content=\"Rep. Dominicana | Noti-America.com\" \/>\n<meta property=\"article:published_time\" content=\"2021-01-22T22:07:14+00:00\" \/>\n<meta property=\"og:image\" content=\"https:\/\/noti-america.com\/site\/repdom\/wp-content\/uploads\/sites\/6\/2021\/01\/202101081737251-1.jpeg\" \/>\n\t<meta property=\"og:image:width\" content=\"680\" \/>\n\t<meta property=\"og:image:height\" content=\"453\" \/>\n\t<meta property=\"og:image:type\" content=\"image\/jpeg\" \/>\n<meta name=\"author\" content=\"Sueanny Guzm\u00e1n\" \/>\n<meta name=\"twitter:card\" content=\"summary_large_image\" \/>\n<meta name=\"twitter:creator\" content=\"@sueannyguzmanrd\" \/>\n<meta name=\"twitter:label1\" content=\"Escrito por\" \/>\n\t<meta name=\"twitter:data1\" content=\"Sueanny Guzm\u00e1n\" \/>\n\t<meta name=\"twitter:label2\" content=\"Tiempo estimado de lectura\" \/>\n\t<meta name=\"twitter:data2\" content=\"1 minuto\" \/>\n<script type=\"application\/ld+json\" class=\"yoast-schema-graph\">{\"@context\":\"https:\/\/schema.org\",\"@graph\":[{\"@type\":\"Article\",\"@id\":\"https:\/\/noti-america.com\/site\/repdom\/2021\/01\/22\/gobierno-cambia-el-horario-de-toque-de-queda-por-baja-en-curva-de-contagios\/#article\",\"isPartOf\":{\"@id\":\"https:\/\/noti-america.com\/site\/repdom\/2021\/01\/22\/gobierno-cambia-el-horario-de-toque-de-queda-por-baja-en-curva-de-contagios\/\"},\"author\":{\"name\":\"Sueanny Guzm\u00e1n\",\"@id\":\"https:\/\/noti-america.com\/site\/repdom\/#\/schema\/person\/3e41f2e0a88de2dbfa74310de6e08c3b\"},\"headline\":\"Gobierno cambia el horario de toque de queda por baja en curva de contagios\",\"datePublished\":\"2021-01-22T22:07:14+00:00\",\"mainEntityOfPage\":{\"@id\":\"https:\/\/noti-america.com\/site\/repdom\/2021\/01\/22\/gobierno-cambia-el-horario-de-toque-de-queda-por-baja-en-curva-de-contagios\/\"},\"wordCount\":184,\"commentCount\":0,\"publisher\":{\"@id\":\"https:\/\/noti-america.com\/site\/repdom\/#organization\"},\"image\":{\"@id\":\"https:\/\/noti-america.com\/site\/repdom\/2021\/01\/22\/gobierno-cambia-el-horario-de-toque-de-queda-por-baja-en-curva-de-contagios\/#primaryimage\"},\"thumbnailUrl\":\"https:\/\/noti-america.com\/site\/repdom\/wp-content\/uploads\/sites\/6\/2021\/01\/202101081737251-1.jpeg\",\"articleSection\":[\"Noticias\"],\"inLanguage\":\"es\",\"potentialAction\":[{\"@type\":\"CommentAction\",\"name\":\"Comment\",\"target\":[\"https:\/\/noti-america.com\/site\/repdom\/2021\/01\/22\/gobierno-cambia-el-horario-de-toque-de-queda-por-baja-en-curva-de-contagios\/#respond\"]}]},{\"@type\":\"WebPage\",\"@id\":\"https:\/\/noti-america.com\/site\/repdom\/2021\/01\/22\/gobierno-cambia-el-horario-de-toque-de-queda-por-baja-en-curva-de-contagios\/\",\"url\":\"https:\/\/noti-america.com\/site\/repdom\/2021\/01\/22\/gobierno-cambia-el-horario-de-toque-de-queda-por-baja-en-curva-de-contagios\/\",\"name\":\"Gobierno cambia el horario de toque de queda por baja en curva de contagios - Rep. Dominicana | Noti-America.com\",\"isPartOf\":{\"@id\":\"https:\/\/noti-america.com\/site\/repdom\/#website\"},\"primaryImageOfPage\":{\"@id\":\"https:\/\/noti-america.com\/site\/repdom\/2021\/01\/22\/gobierno-cambia-el-horario-de-toque-de-queda-por-baja-en-curva-de-contagios\/#primaryimage\"},\"image\":{\"@id\":\"https:\/\/noti-america.com\/site\/repdom\/2021\/01\/22\/gobierno-cambia-el-horario-de-toque-de-queda-por-baja-en-curva-de-contagios\/#primaryimage\"},\"thumbnailUrl\":\"https:\/\/noti-america.com\/site\/repdom\/wp-content\/uploads\/sites\/6\/2021\/01\/202101081737251-1.jpeg\",\"datePublished\":\"2021-01-22T22:07:14+00:00\",\"breadcrumb\":{\"@id\":\"https:\/\/noti-america.com\/site\/repdom\/2021\/01\/22\/gobierno-cambia-el-horario-de-toque-de-queda-por-baja-en-curva-de-contagios\/#breadcrumb\"},\"inLanguage\":\"es\",\"potentialAction\":[{\"@type\":\"ReadAction\",\"target\":[\"https:\/\/noti-america.com\/site\/repdom\/2021\/01\/22\/gobierno-cambia-el-horario-de-toque-de-queda-por-baja-en-curva-de-contagios\/\"]}]},{\"@type\":\"ImageObject\",\"inLanguage\":\"es\",\"@id\":\"https:\/\/noti-america.com\/site\/repdom\/2021\/01\/22\/gobierno-cambia-el-horario-de-toque-de-queda-por-baja-en-curva-de-contagios\/#primaryimage\",\"url\":\"https:\/\/noti-america.com\/site\/repdom\/wp-content\/uploads\/sites\/6\/2021\/01\/202101081737251-1.jpeg\",\"contentUrl\":\"https:\/\/noti-america.com\/site\/repdom\/wp-content\/uploads\/sites\/6\/2021\/01\/202101081737251-1.jpeg\",\"width\":680,\"height\":453},{\"@type\":\"BreadcrumbList\",\"@id\":\"https:\/\/noti-america.com\/site\/repdom\/2021\/01\/22\/gobierno-cambia-el-horario-de-toque-de-queda-por-baja-en-curva-de-contagios\/#breadcrumb\",\"itemListElement\":[{\"@type\":\"ListItem\",\"position\":1,\"name\":\"Portada\",\"item\":\"https:\/\/noti-america.com\/site\/repdom\/\"},{\"@type\":\"ListItem\",\"position\":2,\"name\":\"Gobierno cambia el horario de toque de queda por baja en curva de contagios\"}]},{\"@type\":\"WebSite\",\"@id\":\"https:\/\/noti-america.com\/site\/repdom\/#website\",\"url\":\"https:\/\/noti-america.com\/site\/repdom\/\",\"name\":\"Rep. Dominicana | Noti-America.com\",\"description\":\"\",\"publisher\":{\"@id\":\"https:\/\/noti-america.com\/site\/repdom\/#organization\"},\"potentialAction\":[{\"@type\":\"SearchAction\",\"target\":{\"@type\":\"EntryPoint\",\"urlTemplate\":\"https:\/\/noti-america.com\/site\/repdom\/?s={search_term_string}\"},\"query-input\":{\"@type\":\"PropertyValueSpecification\",\"valueRequired\":true,\"valueName\":\"search_term_string\"}}],\"inLanguage\":\"es\"},{\"@type\":\"Organization\",\"@id\":\"https:\/\/noti-america.com\/site\/repdom\/#organization\",\"name\":\"Noti-America LLC | Rep\u00fablica Dominicana\",\"url\":\"https:\/\/noti-america.com\/site\/repdom\/\",\"logo\":{\"@type\":\"ImageObject\",\"inLanguage\":\"es\",\"@id\":\"https:\/\/noti-america.com\/site\/repdom\/#\/schema\/logo\/image\/\",\"url\":\"https:\/\/noti-america.com\/site\/repdom\/wp-content\/uploads\/sites\/6\/2020\/07\/LogoNA-4x3-1.jpg\",\"contentUrl\":\"https:\/\/noti-america.com\/site\/repdom\/wp-content\/uploads\/sites\/6\/2020\/07\/LogoNA-4x3-1.jpg\",\"width\":1236,\"height\":1080,\"caption\":\"Noti-America LLC | Rep\u00fablica Dominicana\"},\"image\":{\"@id\":\"https:\/\/noti-america.com\/site\/repdom\/#\/schema\/logo\/image\/\"}},{\"@type\":\"Person\",\"@id\":\"https:\/\/noti-america.com\/site\/repdom\/#\/schema\/person\/3e41f2e0a88de2dbfa74310de6e08c3b\",\"name\":\"Sueanny Guzm\u00e1n\",\"image\":{\"@type\":\"ImageObject\",\"inLanguage\":\"es\",\"@id\":\"https:\/\/secure.gravatar.com\/avatar\/743180685ef4657e50d4fb7ec792c2c316119f5a7db45e029570122e8cd05065?s=96&d=mm&r=g\",\"url\":\"https:\/\/secure.gravatar.com\/avatar\/743180685ef4657e50d4fb7ec792c2c316119f5a7db45e029570122e8cd05065?s=96&d=mm&r=g\",\"contentUrl\":\"https:\/\/secure.gravatar.com\/avatar\/743180685ef4657e50d4fb7ec792c2c316119f5a7db45e029570122e8cd05065?s=96&d=mm&r=g\",\"caption\":\"Sueanny Guzm\u00e1n\"},\"sameAs\":[\"https:\/\/x.com\/sueannyguzmanrd\"],\"url\":\"https:\/\/noti-america.com\/site\/repdom\/author\/sguzman\/\"}]}<\/script>\n<!-- \/ Yoast SEO Premium plugin. -->","yoast_head_json":{"title":"Gobierno cambia el horario de toque de queda por baja en curva de contagios - Rep. Dominicana | Noti-America.com","robots":{"index":"index","follow":"follow","max-snippet":"max-snippet:-1","max-image-preview":"max-image-preview:large","max-video-preview":"max-video-preview:-1"},"canonical":"https:\/\/noti-america.com\/site\/repdom\/2021\/01\/22\/gobierno-cambia-el-horario-de-toque-de-queda-por-baja-en-curva-de-contagios\/","og_locale":"es_ES","og_type":"article","og_title":"Gobierno cambia el horario de toque de queda por baja en curva de contagios","og_description":"II NOTI-AMERICA REP\u00daBLICA DOMINICANA\u00a0 Santo Domingo, RD- El Gobierno dominicano anunci\u00f3 hoy una flexibilizaci\u00f3n en el toque de queda, en vista de que han visto una reducci\u00f3n en la curva de contagios en Rep\u00fablica&#46;&#46;&#46;","og_url":"https:\/\/noti-america.com\/site\/repdom\/2021\/01\/22\/gobierno-cambia-el-horario-de-toque-de-queda-por-baja-en-curva-de-contagios\/","og_site_name":"Rep. Dominicana | Noti-America.com","article_published_time":"2021-01-22T22:07:14+00:00","og_image":[{"width":680,"height":453,"url":"https:\/\/noti-america.com\/site\/repdom\/wp-content\/uploads\/sites\/6\/2021\/01\/202101081737251-1.jpeg","type":"image\/jpeg"}],"author":"Sueanny Guzm\u00e1n","twitter_card":"summary_large_image","twitter_creator":"@sueannyguzmanrd","twitter_misc":{"Escrito por":"Sueanny Guzm\u00e1n","Tiempo estimado de lectura":"1 minuto"},"schema":{"@context":"https:\/\/schema.org","@graph":[{"@type":"Article","@id":"https:\/\/noti-america.com\/site\/repdom\/2021\/01\/22\/gobierno-cambia-el-horario-de-toque-de-queda-por-baja-en-curva-de-contagios\/#article","isPartOf":{"@id":"https:\/\/noti-america.com\/site\/repdom\/2021\/01\/22\/gobierno-cambia-el-horario-de-toque-de-queda-por-baja-en-curva-de-contagios\/"},"author":{"name":"Sueanny Guzm\u00e1n","@id":"https:\/\/noti-america.com\/site\/repdom\/#\/schema\/person\/3e41f2e0a88de2dbfa74310de6e08c3b"},"headline":"Gobierno cambia el horario de toque de queda por baja en curva de contagios","datePublished":"2021-01-22T22:07:14+00:00","mainEntityOfPage":{"@id":"https:\/\/noti-america.com\/site\/repdom\/2021\/01\/22\/gobierno-cambia-el-horario-de-toque-de-queda-por-baja-en-curva-de-contagios\/"},"wordCount":184,"commentCount":0,"publisher":{"@id":"https:\/\/noti-america.com\/site\/repdom\/#organization"},"image":{"@id":"https:\/\/noti-america.com\/site\/repdom\/2021\/01\/22\/gobierno-cambia-el-horario-de-toque-de-queda-por-baja-en-curva-de-contagios\/#primaryimage"},"thumbnailUrl":"https:\/\/noti-america.com\/site\/repdom\/wp-content\/uploads\/sites\/6\/2021\/01\/202101081737251-1.jpeg","articleSection":["Noticias"],"inLanguage":"es","potentialAction":[{"@type":"CommentAction","name":"Comment","target":["https:\/\/noti-america.com\/site\/repdom\/2021\/01\/22\/gobierno-cambia-el-horario-de-toque-de-queda-por-baja-en-curva-de-contagios\/#respond"]}]},{"@type":"WebPage","@id":"https:\/\/noti-america.com\/site\/repdom\/2021\/01\/22\/gobierno-cambia-el-horario-de-toque-de-queda-por-baja-en-curva-de-contagios\/","url":"https:\/\/noti-america.com\/site\/repdom\/2021\/01\/22\/gobierno-cambia-el-horario-de-toque-de-queda-por-baja-en-curva-de-contagios\/","name":"Gobierno cambia el horario de toque de queda por baja en curva de contagios - Rep. Dominicana | Noti-America.com","isPartOf":{"@id":"https:\/\/noti-america.com\/site\/repdom\/#website"},"primaryImageOfPage":{"@id":"https:\/\/noti-america.com\/site\/repdom\/2021\/01\/22\/gobierno-cambia-el-horario-de-toque-de-queda-por-baja-en-curva-de-contagios\/#primaryimage"},"image":{"@id":"https:\/\/noti-america.com\/site\/repdom\/2021\/01\/22\/gobierno-cambia-el-horario-de-toque-de-queda-por-baja-en-curva-de-contagios\/#primaryimage"},"thumbnailUrl":"https:\/\/noti-america.com\/site\/repdom\/wp-content\/uploads\/sites\/6\/2021\/01\/202101081737251-1.jpeg","datePublished":"2021-01-22T22:07:14+00:00","breadcrumb":{"@id":"https:\/\/noti-america.com\/site\/repdom\/2021\/01\/22\/gobierno-cambia-el-horario-de-toque-de-queda-por-baja-en-curva-de-contagios\/#breadcrumb"},"inLanguage":"es","potentialAction":[{"@type":"ReadAction","target":["https:\/\/noti-america.com\/site\/repdom\/2021\/01\/22\/gobierno-cambia-el-horario-de-toque-de-queda-por-baja-en-curva-de-contagios\/"]}]},{"@type":"ImageObject","inLanguage":"es","@id":"https:\/\/noti-america.com\/site\/repdom\/2021\/01\/22\/gobierno-cambia-el-horario-de-toque-de-queda-por-baja-en-curva-de-contagios\/#primaryimage","url":"https:\/\/noti-america.com\/site\/repdom\/wp-content\/uploads\/sites\/6\/2021\/01\/202101081737251-1.jpeg","contentUrl":"https:\/\/noti-america.com\/site\/repdom\/wp-content\/uploads\/sites\/6\/2021\/01\/202101081737251-1.jpeg","width":680,"height":453},{"@type":"BreadcrumbList","@id":"https:\/\/noti-america.com\/site\/repdom\/2021\/01\/22\/gobierno-cambia-el-horario-de-toque-de-queda-por-baja-en-curva-de-contagios\/#breadcrumb","itemListElement":[{"@type":"ListItem","position":1,"name":"Portada","item":"https:\/\/noti-america.com\/site\/repdom\/"},{"@type":"ListItem","position":2,"name":"Gobierno cambia el horario de toque de queda por baja en curva de contagios"}]},{"@type":"WebSite","@id":"https:\/\/noti-america.com\/site\/repdom\/#website","url":"https:\/\/noti-america.com\/site\/repdom\/","name":"Rep. Dominicana | Noti-America.com","description":"","publisher":{"@id":"https:\/\/noti-america.com\/site\/repdom\/#organization"},"potentialAction":[{"@type":"SearchAction","target":{"@type":"EntryPoint","urlTemplate":"https:\/\/noti-america.com\/site\/repdom\/?s={search_term_string}"},"query-input":{"@type":"PropertyValueSpecification","valueRequired":true,"valueName":"search_term_string"}}],"inLanguage":"es"},{"@type":"Organization","@id":"https:\/\/noti-america.com\/site\/repdom\/#organization","name":"Noti-America LLC | Rep\u00fablica Dominicana","url":"https:\/\/noti-america.com\/site\/repdom\/","logo":{"@type":"ImageObject","inLanguage":"es","@id":"https:\/\/noti-america.com\/site\/repdom\/#\/schema\/logo\/image\/","url":"https:\/\/noti-america.com\/site\/repdom\/wp-content\/uploads\/sites\/6\/2020\/07\/LogoNA-4x3-1.jpg","contentUrl":"https:\/\/noti-america.com\/site\/repdom\/wp-content\/uploads\/sites\/6\/2020\/07\/LogoNA-4x3-1.jpg","width":1236,"height":1080,"caption":"Noti-America LLC | Rep\u00fablica Dominicana"},"image":{"@id":"https:\/\/noti-america.com\/site\/repdom\/#\/schema\/logo\/image\/"}},{"@type":"Person","@id":"https:\/\/noti-america.com\/site\/repdom\/#\/schema\/person\/3e41f2e0a88de2dbfa74310de6e08c3b","name":"Sueanny Guzm\u00e1n","image":{"@type":"ImageObject","inLanguage":"es","@id":"https:\/\/secure.gravatar.com\/avatar\/743180685ef4657e50d4fb7ec792c2c316119f5a7db45e029570122e8cd05065?s=96&d=mm&r=g","url":"https:\/\/secure.gravatar.com\/avatar\/743180685ef4657e50d4fb7ec792c2c316119f5a7db45e029570122e8cd05065?s=96&d=mm&r=g","contentUrl":"https:\/\/secure.gravatar.com\/avatar\/743180685ef4657e50d4fb7ec792c2c316119f5a7db45e029570122e8cd05065?s=96&d=mm&r=g","caption":"Sueanny Guzm\u00e1n"},"sameAs":["https:\/\/x.com\/sueannyguzmanrd"],"url":"https:\/\/noti-america.com\/site\/repdom\/author\/sguzman\/"}]}},"_links":{"self":[{"href":"https:\/\/noti-america.com\/site\/repdom\/wp-json\/wp\/v2\/posts\/8034","targetHints":{"allow":["GET"]}}],"collection":[{"href":"https:\/\/noti-america.com\/site\/repdom\/wp-json\/wp\/v2\/posts"}],"about":[{"href":"https:\/\/noti-america.com\/site\/repdom\/wp-json\/wp\/v2\/types\/post"}],"author":[{"embeddable":true,"href":"https:\/\/noti-america.com\/site\/repdom\/wp-json\/wp\/v2\/users\/92"}],"replies":[{"embeddable":true,"href":"https:\/\/noti-america.com\/site\/repdom\/wp-json\/wp\/v2\/comments?post=8034"}],"version-history":[{"count":1,"href":"https:\/\/noti-america.com\/site\/repdom\/wp-json\/wp\/v2\/posts\/8034\/revisions"}],"predecessor-version":[{"id":8036,"href":"https:\/\/noti-america.com\/site\/repdom\/wp-json\/wp\/v2\/posts\/8034\/revisions\/8036"}],"wp:featuredmedia":[{"embeddable":true,"href":"https:\/\/noti-america.com\/site\/repdom\/wp-json\/wp\/v2\/media\/8035"}],"wp:attachment":[{"href":"https:\/\/noti-america.com\/site\/repdom\/wp-json\/wp\/v2\/media?parent=8034"}],"wp:term":[{"taxonomy":"category","embeddable":true,"href":"https:\/\/noti-america.com\/site\/repdom\/wp-json\/wp\/v2\/categories?post=8034"},{"taxonomy":"post_tag","embeddable":true,"href":"https:\/\/noti-america.com\/site\/repdom\/wp-json\/wp\/v2\/tags?post=8034"}],"curies":[{"name":"wp","href":"https:\/\/api.w.org\/{rel}","templated":true}]}}