{"id":7992,"date":"2021-01-20T17:58:21","date_gmt":"2021-01-20T17:58:21","guid":{"rendered":"https:\/\/noti-america.com\/site\/repdom\/?p=7992"},"modified":"2021-01-20T17:58:21","modified_gmt":"2021-01-20T17:58:21","slug":"la-testigo-del-ministerio-publico-declaro-que-no-encontro-ningun-pago-ilicito-a-andres-bautista-garcia","status":"publish","type":"post","link":"https:\/\/noti-america.com\/site\/repdom\/2021\/01\/20\/la-testigo-del-ministerio-publico-declaro-que-no-encontro-ningun-pago-ilicito-a-andres-bautista-garcia\/","title":{"rendered":"La testigo del Ministerio P\u00fablico declar\u00f3 que no encontr\u00f3 ning\u00fan pago il\u00edcito a Andr\u00e9s Bautista Garc\u00eda"},"content":{"rendered":"<p style=\"text-align: justify\">SANTO DOMINGO &#8211; La testigo Carmen Nadieska \u00c1lvarez, agente perito del Ministerio P\u00fablico y quinta testigo en el caso Odebrecht, revel\u00f3 este martes que las pasadas autoridades de la Procuradur\u00eda General de la Rep\u00fablica (PGR) \u201cno le hicieron caso\u201d cuando sugiri\u00f3 buscar informaciones financieras que provengan de las empresas del imputado Andr\u00e9s Bautista, por lo que tuvo que realizar su peritaje s\u00f3lo con los documentos que le suministr\u00f3 el ministerio p\u00fablico obtenido a trav\u00e9s de la Superintendencia de Bancos y la Direcci\u00f3n General de Impuestos Internos (DGII).<\/p>\n<p style=\"text-align: justify\">Durante el juicio celebrado por el Primer Tribunal Colegiado de la C\u00e1mara Penal del Juzgado de Primera Instancia del Distrito Nacional, la testigo experta designada por la Procuradur\u00eda General de la Rep\u00fablica, \u00c1lvarez de Maio, declar\u00f3 que no encontr\u00f3 ninguna transacci\u00f3n il\u00edcita ni sospechosa en las cuentas y productos financieros de Andr\u00e9s Bautista Garc\u00eda ni en los de \u00c1ngel Rond\u00f3n Rijo, analizados como parte de los informes financieros preparados a requerimiento de la Procuradur\u00eda.<\/p>\n<p style=\"text-align: justify\">Carmen Nadiezka \u00c1lvarez de Maio se\u00f1al\u00f3 que solamente se limit\u00f3 a verificar las informaciones suministradas por la Superintendencia de Bancos, la Direcci\u00f3n General de Impuestos Internos (DGII), la Tesorer\u00eda de la Seguridad Social (TSS) y una certificaci\u00f3n del Senado de la Rep\u00fablica sobre los ingresos de Andr\u00e9s Bautista como senador por la provincia Espaillat.<\/p>\n<p style=\"text-align: justify\">Al igual que su declaraci\u00f3n del d\u00eda anterior, la testigo afirm\u00f3 que en los informes financieros que realiz\u00f3, no figura ning\u00fan pago desde las empresas de \u00c1ngel Rond\u00f3n para las empresas de Bautista.<\/p>\n<p style=\"text-align: justify\">En sus respuestas al tribunal la testigo Carmen Nadiezka Alvarez de Maio dijo que desconoc\u00eda las actividades agroempresariales de Bautista, as\u00ed como la composici\u00f3n accionaria de sus empresas, ni reconoc\u00eda las actividades comerciales de estas, salvo INCARNA y BIOGENETIK. Indic\u00f3 que todas las empresas estaban activas y no eran fantasmas como pretende la acusaci\u00f3n del Ministerio P\u00fablico.<\/p>\n<p style=\"text-align: justify\">La testigo del Ministerio P\u00fablico indic\u00f3 que, a pesar haber pedido varias informaciones al Ministerio P\u00fablico que la design\u00f3 nunca recibi\u00f3 informaciones contables de ninguna de las empresas de Bautista ni vio las facturas, ni cheques, ni dep\u00f3sitos, ni conduces de entrega por ventas realizadas por las empresas personales o donde es socio, a pesar de que solicit\u00f3 al Ministerio P\u00fablico verificar esta documentaci\u00f3n para constatar otros ingresos que recibi\u00f3 en atenci\u00f3n a sus actividades agroindustriales.<\/p>\n<p style=\"text-align: justify\">La se\u00f1ora \u00c1lvarez de Maio declar\u00f3 al tribunal que las informaciones requeridas sobre las actividades comerciales de Bautista eran necesarias y vitales para la elaboraci\u00f3n de sus informes, pero que estas nunca le fueron suministradas por el Ministerio P\u00fablico.<\/p>\n<p style=\"text-align: justify\">Indic\u00f3 que, de las transacciones analizadas, de acuerdo con las informaciones de la SIB, no hay ninguna que vincule a Bautista con \u00c1ngel Rond\u00f3n Rijo ni ning\u00fan otro imputado en el proceso.<\/p>\n<p style=\"text-align: justify\">Se\u00f1al\u00f3 la testigo, del Ministerio P\u00fablico que no encontr\u00f3 ning\u00fan cheque ni transferencia ni transacci\u00f3n bancaria en beneficio de Bautista o alguna de sus empresas, de parte de Odebrecht, Lashan Corp, Arma, S.A., \u00c1ngel Rond\u00f3n, Newport, Constructora del Sur ni de ninguna offshore.<\/p>\n<p style=\"text-align: justify\">Asimismo, al final de sus declaraciones, Carmen Nadiezka \u00c1lvarez de Maio afirm\u00f3 que no encontr\u00f3 ninguna operaci\u00f3n il\u00edcita ni tampoco ninguna transacci\u00f3n sospechosa respecto a los productos financieros de Bautista, lo que revela la ausencia de sobornos y del enriquecimiento il\u00edcito del cual se le acusa, con lo cual la acusaci\u00f3n sigue desmoron\u00e1ndose, insalvablemente.<\/p>\n<p style=\"text-align: justify\"><strong>Fuente: William Aish<\/strong><\/p>\n","protected":false},"excerpt":{"rendered":"<p>SANTO DOMINGO &#8211; La testigo Carmen Nadieska \u00c1lvarez, agente perito del Ministerio P\u00fablico y quinta testigo en el caso Odebrecht, revel\u00f3 este martes que las pasadas autoridades de la Procuradur\u00eda General de la Rep\u00fablica&#46;&#46;&#46;<\/p>\n","protected":false},"author":89,"featured_media":7993,"comment_status":"open","ping_status":"open","sticky":false,"template":"","format":"standard","meta":{"_acf_changed":false,"rop_custom_images_group":[],"rop_custom_messages_group":[],"rop_publish_now":"initial","rop_publish_now_accounts":[],"rop_publish_now_history":[],"rop_publish_now_status":"pending","footnotes":""},"categories":[338,105],"tags":[788,789,791,790],"class_list":["post-7992","post","type-post","status-publish","format-standard","has-post-thumbnail","hentry","category-nacionales","category-noticias","tag-carmen-nadieska-alvarez","tag-caso-odebrecht","tag-ministerio-publico","tag-procuraduria-general-de-la-republica"],"acf":[],"yoast_head":"<!-- This site is optimized with the Yoast SEO Premium plugin v24.9 (Yoast SEO v27.2) - https:\/\/yoast.com\/product\/yoast-seo-premium-wordpress\/ -->\n<title>La testigo del Ministerio P\u00fablico declar\u00f3 que no encontr\u00f3 ning\u00fan pago il\u00edcito a Andr\u00e9s Bautista Garc\u00eda - Rep. Dominicana | Noti-America.com<\/title>\n<meta name=\"robots\" content=\"index, follow, max-snippet:-1, max-image-preview:large, max-video-preview:-1\" \/>\n<link rel=\"canonical\" href=\"https:\/\/noti-america.com\/site\/repdom\/2021\/01\/20\/la-testigo-del-ministerio-publico-declaro-que-no-encontro-ningun-pago-ilicito-a-andres-bautista-garcia\/\" \/>\n<meta property=\"og:locale\" content=\"es_ES\" \/>\n<meta property=\"og:type\" content=\"article\" \/>\n<meta property=\"og:title\" content=\"La testigo del Ministerio P\u00fablico declar\u00f3 que no encontr\u00f3 ning\u00fan pago il\u00edcito a Andr\u00e9s Bautista Garc\u00eda\" \/>\n<meta property=\"og:description\" content=\"SANTO DOMINGO &#8211; La testigo Carmen Nadieska \u00c1lvarez, agente perito del Ministerio P\u00fablico y quinta testigo en el caso Odebrecht, revel\u00f3 este martes que las pasadas autoridades de la Procuradur\u00eda General de la Rep\u00fablica&#046;&#046;&#046;\" \/>\n<meta property=\"og:url\" content=\"https:\/\/noti-america.com\/site\/repdom\/2021\/01\/20\/la-testigo-del-ministerio-publico-declaro-que-no-encontro-ningun-pago-ilicito-a-andres-bautista-garcia\/\" \/>\n<meta property=\"og:site_name\" content=\"Rep. Dominicana | Noti-America.com\" \/>\n<meta property=\"article:published_time\" content=\"2021-01-20T17:58:21+00:00\" \/>\n<meta property=\"og:image\" content=\"https:\/\/noti-america.com\/site\/repdom\/wp-content\/uploads\/sites\/6\/2021\/01\/Carmen-Nadieska-Alvarez.jpg\" \/>\n\t<meta property=\"og:image:width\" content=\"546\" \/>\n\t<meta property=\"og:image:height\" content=\"350\" \/>\n\t<meta property=\"og:image:type\" content=\"image\/jpeg\" \/>\n<meta name=\"author\" content=\"Ad\u00e1n Soriano\" \/>\n<meta name=\"twitter:card\" content=\"summary_large_image\" \/>\n<meta name=\"twitter:creator\" content=\"@adansoriano\" \/>\n<meta name=\"twitter:label1\" content=\"Escrito por\" \/>\n\t<meta name=\"twitter:data1\" content=\"Ad\u00e1n Soriano\" \/>\n\t<meta name=\"twitter:label2\" content=\"Tiempo estimado de lectura\" \/>\n\t<meta name=\"twitter:data2\" content=\"3 minutos\" \/>\n<script type=\"application\/ld+json\" class=\"yoast-schema-graph\">{\"@context\":\"https:\/\/schema.org\",\"@graph\":[{\"@type\":\"Article\",\"@id\":\"https:\/\/noti-america.com\/site\/repdom\/2021\/01\/20\/la-testigo-del-ministerio-publico-declaro-que-no-encontro-ningun-pago-ilicito-a-andres-bautista-garcia\/#article\",\"isPartOf\":{\"@id\":\"https:\/\/noti-america.com\/site\/repdom\/2021\/01\/20\/la-testigo-del-ministerio-publico-declaro-que-no-encontro-ningun-pago-ilicito-a-andres-bautista-garcia\/\"},\"author\":{\"name\":\"Ad\u00e1n Soriano\",\"@id\":\"https:\/\/noti-america.com\/site\/repdom\/#\/schema\/person\/fd0092c1530d275fabaa5cffcbc2b976\"},\"headline\":\"La testigo del Ministerio P\u00fablico declar\u00f3 que no encontr\u00f3 ning\u00fan pago il\u00edcito a Andr\u00e9s Bautista Garc\u00eda\",\"datePublished\":\"2021-01-20T17:58:21+00:00\",\"mainEntityOfPage\":{\"@id\":\"https:\/\/noti-america.com\/site\/repdom\/2021\/01\/20\/la-testigo-del-ministerio-publico-declaro-que-no-encontro-ningun-pago-ilicito-a-andres-bautista-garcia\/\"},\"wordCount\":628,\"commentCount\":0,\"publisher\":{\"@id\":\"https:\/\/noti-america.com\/site\/repdom\/#organization\"},\"image\":{\"@id\":\"https:\/\/noti-america.com\/site\/repdom\/2021\/01\/20\/la-testigo-del-ministerio-publico-declaro-que-no-encontro-ningun-pago-ilicito-a-andres-bautista-garcia\/#primaryimage\"},\"thumbnailUrl\":\"https:\/\/noti-america.com\/site\/repdom\/wp-content\/uploads\/sites\/6\/2021\/01\/Carmen-Nadieska-Alvarez.jpg\",\"keywords\":[\"Carmen Nadieska \u00c1lvarez\",\"Caso Odebrecht\",\"Ministerio P\u00fablico\",\"Procuradur\u00eda General de la Rep\u00fablica\"],\"articleSection\":[\"Nacionales\",\"Noticias\"],\"inLanguage\":\"es\",\"potentialAction\":[{\"@type\":\"CommentAction\",\"name\":\"Comment\",\"target\":[\"https:\/\/noti-america.com\/site\/repdom\/2021\/01\/20\/la-testigo-del-ministerio-publico-declaro-que-no-encontro-ningun-pago-ilicito-a-andres-bautista-garcia\/#respond\"]}]},{\"@type\":\"WebPage\",\"@id\":\"https:\/\/noti-america.com\/site\/repdom\/2021\/01\/20\/la-testigo-del-ministerio-publico-declaro-que-no-encontro-ningun-pago-ilicito-a-andres-bautista-garcia\/\",\"url\":\"https:\/\/noti-america.com\/site\/repdom\/2021\/01\/20\/la-testigo-del-ministerio-publico-declaro-que-no-encontro-ningun-pago-ilicito-a-andres-bautista-garcia\/\",\"name\":\"La testigo del Ministerio P\u00fablico declar\u00f3 que no encontr\u00f3 ning\u00fan pago il\u00edcito a Andr\u00e9s Bautista Garc\u00eda - Rep. Dominicana | Noti-America.com\",\"isPartOf\":{\"@id\":\"https:\/\/noti-america.com\/site\/repdom\/#website\"},\"primaryImageOfPage\":{\"@id\":\"https:\/\/noti-america.com\/site\/repdom\/2021\/01\/20\/la-testigo-del-ministerio-publico-declaro-que-no-encontro-ningun-pago-ilicito-a-andres-bautista-garcia\/#primaryimage\"},\"image\":{\"@id\":\"https:\/\/noti-america.com\/site\/repdom\/2021\/01\/20\/la-testigo-del-ministerio-publico-declaro-que-no-encontro-ningun-pago-ilicito-a-andres-bautista-garcia\/#primaryimage\"},\"thumbnailUrl\":\"https:\/\/noti-america.com\/site\/repdom\/wp-content\/uploads\/sites\/6\/2021\/01\/Carmen-Nadieska-Alvarez.jpg\",\"datePublished\":\"2021-01-20T17:58:21+00:00\",\"breadcrumb\":{\"@id\":\"https:\/\/noti-america.com\/site\/repdom\/2021\/01\/20\/la-testigo-del-ministerio-publico-declaro-que-no-encontro-ningun-pago-ilicito-a-andres-bautista-garcia\/#breadcrumb\"},\"inLanguage\":\"es\",\"potentialAction\":[{\"@type\":\"ReadAction\",\"target\":[\"https:\/\/noti-america.com\/site\/repdom\/2021\/01\/20\/la-testigo-del-ministerio-publico-declaro-que-no-encontro-ningun-pago-ilicito-a-andres-bautista-garcia\/\"]}]},{\"@type\":\"ImageObject\",\"inLanguage\":\"es\",\"@id\":\"https:\/\/noti-america.com\/site\/repdom\/2021\/01\/20\/la-testigo-del-ministerio-publico-declaro-que-no-encontro-ningun-pago-ilicito-a-andres-bautista-garcia\/#primaryimage\",\"url\":\"https:\/\/noti-america.com\/site\/repdom\/wp-content\/uploads\/sites\/6\/2021\/01\/Carmen-Nadieska-Alvarez.jpg\",\"contentUrl\":\"https:\/\/noti-america.com\/site\/repdom\/wp-content\/uploads\/sites\/6\/2021\/01\/Carmen-Nadieska-Alvarez.jpg\",\"width\":546,\"height\":350},{\"@type\":\"BreadcrumbList\",\"@id\":\"https:\/\/noti-america.com\/site\/repdom\/2021\/01\/20\/la-testigo-del-ministerio-publico-declaro-que-no-encontro-ningun-pago-ilicito-a-andres-bautista-garcia\/#breadcrumb\",\"itemListElement\":[{\"@type\":\"ListItem\",\"position\":1,\"name\":\"Portada\",\"item\":\"https:\/\/noti-america.com\/site\/repdom\/\"},{\"@type\":\"ListItem\",\"position\":2,\"name\":\"La testigo del Ministerio P\u00fablico declar\u00f3 que no encontr\u00f3 ning\u00fan pago il\u00edcito a Andr\u00e9s Bautista Garc\u00eda\"}]},{\"@type\":\"WebSite\",\"@id\":\"https:\/\/noti-america.com\/site\/repdom\/#website\",\"url\":\"https:\/\/noti-america.com\/site\/repdom\/\",\"name\":\"Rep. Dominicana | Noti-America.com\",\"description\":\"\",\"publisher\":{\"@id\":\"https:\/\/noti-america.com\/site\/repdom\/#organization\"},\"potentialAction\":[{\"@type\":\"SearchAction\",\"target\":{\"@type\":\"EntryPoint\",\"urlTemplate\":\"https:\/\/noti-america.com\/site\/repdom\/?s={search_term_string}\"},\"query-input\":{\"@type\":\"PropertyValueSpecification\",\"valueRequired\":true,\"valueName\":\"search_term_string\"}}],\"inLanguage\":\"es\"},{\"@type\":\"Organization\",\"@id\":\"https:\/\/noti-america.com\/site\/repdom\/#organization\",\"name\":\"Noti-America LLC | Rep\u00fablica Dominicana\",\"url\":\"https:\/\/noti-america.com\/site\/repdom\/\",\"logo\":{\"@type\":\"ImageObject\",\"inLanguage\":\"es\",\"@id\":\"https:\/\/noti-america.com\/site\/repdom\/#\/schema\/logo\/image\/\",\"url\":\"https:\/\/noti-america.com\/site\/repdom\/wp-content\/uploads\/sites\/6\/2020\/07\/LogoNA-4x3-1.jpg\",\"contentUrl\":\"https:\/\/noti-america.com\/site\/repdom\/wp-content\/uploads\/sites\/6\/2020\/07\/LogoNA-4x3-1.jpg\",\"width\":1236,\"height\":1080,\"caption\":\"Noti-America LLC | Rep\u00fablica Dominicana\"},\"image\":{\"@id\":\"https:\/\/noti-america.com\/site\/repdom\/#\/schema\/logo\/image\/\"}},{\"@type\":\"Person\",\"@id\":\"https:\/\/noti-america.com\/site\/repdom\/#\/schema\/person\/fd0092c1530d275fabaa5cffcbc2b976\",\"name\":\"Ad\u00e1n Soriano\",\"image\":{\"@type\":\"ImageObject\",\"inLanguage\":\"es\",\"@id\":\"https:\/\/secure.gravatar.com\/avatar\/ecf97ff3aee7ff9efdae670d7e976f3e7e8acc1077e510d73707999a8bfd4467?s=96&d=mm&r=g\",\"url\":\"https:\/\/secure.gravatar.com\/avatar\/ecf97ff3aee7ff9efdae670d7e976f3e7e8acc1077e510d73707999a8bfd4467?s=96&d=mm&r=g\",\"contentUrl\":\"https:\/\/secure.gravatar.com\/avatar\/ecf97ff3aee7ff9efdae670d7e976f3e7e8acc1077e510d73707999a8bfd4467?s=96&d=mm&r=g\",\"caption\":\"Ad\u00e1n Soriano\"},\"description\":\"Soy cronista deportivo con 10 a\u00f1os de experiencia en varios espacios, y conduzco el podcast deportivo llamado Mezcla Deportiva\",\"sameAs\":[\"https:\/\/x.com\/adansoriano\"],\"url\":\"https:\/\/noti-america.com\/site\/repdom\/author\/asoriano\/\"}]}<\/script>\n<!-- \/ Yoast SEO Premium plugin. -->","yoast_head_json":{"title":"La testigo del Ministerio P\u00fablico declar\u00f3 que no encontr\u00f3 ning\u00fan pago il\u00edcito a Andr\u00e9s Bautista Garc\u00eda - Rep. Dominicana | Noti-America.com","robots":{"index":"index","follow":"follow","max-snippet":"max-snippet:-1","max-image-preview":"max-image-preview:large","max-video-preview":"max-video-preview:-1"},"canonical":"https:\/\/noti-america.com\/site\/repdom\/2021\/01\/20\/la-testigo-del-ministerio-publico-declaro-que-no-encontro-ningun-pago-ilicito-a-andres-bautista-garcia\/","og_locale":"es_ES","og_type":"article","og_title":"La testigo del Ministerio P\u00fablico declar\u00f3 que no encontr\u00f3 ning\u00fan pago il\u00edcito a Andr\u00e9s Bautista Garc\u00eda","og_description":"SANTO DOMINGO &#8211; La testigo Carmen Nadieska \u00c1lvarez, agente perito del Ministerio P\u00fablico y quinta testigo en el caso Odebrecht, revel\u00f3 este martes que las pasadas autoridades de la Procuradur\u00eda General de la Rep\u00fablica&#46;&#46;&#46;","og_url":"https:\/\/noti-america.com\/site\/repdom\/2021\/01\/20\/la-testigo-del-ministerio-publico-declaro-que-no-encontro-ningun-pago-ilicito-a-andres-bautista-garcia\/","og_site_name":"Rep. Dominicana | Noti-America.com","article_published_time":"2021-01-20T17:58:21+00:00","og_image":[{"width":546,"height":350,"url":"https:\/\/noti-america.com\/site\/repdom\/wp-content\/uploads\/sites\/6\/2021\/01\/Carmen-Nadieska-Alvarez.jpg","type":"image\/jpeg"}],"author":"Ad\u00e1n Soriano","twitter_card":"summary_large_image","twitter_creator":"@adansoriano","twitter_misc":{"Escrito por":"Ad\u00e1n Soriano","Tiempo estimado de lectura":"3 minutos"},"schema":{"@context":"https:\/\/schema.org","@graph":[{"@type":"Article","@id":"https:\/\/noti-america.com\/site\/repdom\/2021\/01\/20\/la-testigo-del-ministerio-publico-declaro-que-no-encontro-ningun-pago-ilicito-a-andres-bautista-garcia\/#article","isPartOf":{"@id":"https:\/\/noti-america.com\/site\/repdom\/2021\/01\/20\/la-testigo-del-ministerio-publico-declaro-que-no-encontro-ningun-pago-ilicito-a-andres-bautista-garcia\/"},"author":{"name":"Ad\u00e1n Soriano","@id":"https:\/\/noti-america.com\/site\/repdom\/#\/schema\/person\/fd0092c1530d275fabaa5cffcbc2b976"},"headline":"La testigo del Ministerio P\u00fablico declar\u00f3 que no encontr\u00f3 ning\u00fan pago il\u00edcito a Andr\u00e9s Bautista Garc\u00eda","datePublished":"2021-01-20T17:58:21+00:00","mainEntityOfPage":{"@id":"https:\/\/noti-america.com\/site\/repdom\/2021\/01\/20\/la-testigo-del-ministerio-publico-declaro-que-no-encontro-ningun-pago-ilicito-a-andres-bautista-garcia\/"},"wordCount":628,"commentCount":0,"publisher":{"@id":"https:\/\/noti-america.com\/site\/repdom\/#organization"},"image":{"@id":"https:\/\/noti-america.com\/site\/repdom\/2021\/01\/20\/la-testigo-del-ministerio-publico-declaro-que-no-encontro-ningun-pago-ilicito-a-andres-bautista-garcia\/#primaryimage"},"thumbnailUrl":"https:\/\/noti-america.com\/site\/repdom\/wp-content\/uploads\/sites\/6\/2021\/01\/Carmen-Nadieska-Alvarez.jpg","keywords":["Carmen Nadieska \u00c1lvarez","Caso Odebrecht","Ministerio P\u00fablico","Procuradur\u00eda General de la Rep\u00fablica"],"articleSection":["Nacionales","Noticias"],"inLanguage":"es","potentialAction":[{"@type":"CommentAction","name":"Comment","target":["https:\/\/noti-america.com\/site\/repdom\/2021\/01\/20\/la-testigo-del-ministerio-publico-declaro-que-no-encontro-ningun-pago-ilicito-a-andres-bautista-garcia\/#respond"]}]},{"@type":"WebPage","@id":"https:\/\/noti-america.com\/site\/repdom\/2021\/01\/20\/la-testigo-del-ministerio-publico-declaro-que-no-encontro-ningun-pago-ilicito-a-andres-bautista-garcia\/","url":"https:\/\/noti-america.com\/site\/repdom\/2021\/01\/20\/la-testigo-del-ministerio-publico-declaro-que-no-encontro-ningun-pago-ilicito-a-andres-bautista-garcia\/","name":"La testigo del Ministerio P\u00fablico declar\u00f3 que no encontr\u00f3 ning\u00fan pago il\u00edcito a Andr\u00e9s Bautista Garc\u00eda - Rep. Dominicana | Noti-America.com","isPartOf":{"@id":"https:\/\/noti-america.com\/site\/repdom\/#website"},"primaryImageOfPage":{"@id":"https:\/\/noti-america.com\/site\/repdom\/2021\/01\/20\/la-testigo-del-ministerio-publico-declaro-que-no-encontro-ningun-pago-ilicito-a-andres-bautista-garcia\/#primaryimage"},"image":{"@id":"https:\/\/noti-america.com\/site\/repdom\/2021\/01\/20\/la-testigo-del-ministerio-publico-declaro-que-no-encontro-ningun-pago-ilicito-a-andres-bautista-garcia\/#primaryimage"},"thumbnailUrl":"https:\/\/noti-america.com\/site\/repdom\/wp-content\/uploads\/sites\/6\/2021\/01\/Carmen-Nadieska-Alvarez.jpg","datePublished":"2021-01-20T17:58:21+00:00","breadcrumb":{"@id":"https:\/\/noti-america.com\/site\/repdom\/2021\/01\/20\/la-testigo-del-ministerio-publico-declaro-que-no-encontro-ningun-pago-ilicito-a-andres-bautista-garcia\/#breadcrumb"},"inLanguage":"es","potentialAction":[{"@type":"ReadAction","target":["https:\/\/noti-america.com\/site\/repdom\/2021\/01\/20\/la-testigo-del-ministerio-publico-declaro-que-no-encontro-ningun-pago-ilicito-a-andres-bautista-garcia\/"]}]},{"@type":"ImageObject","inLanguage":"es","@id":"https:\/\/noti-america.com\/site\/repdom\/2021\/01\/20\/la-testigo-del-ministerio-publico-declaro-que-no-encontro-ningun-pago-ilicito-a-andres-bautista-garcia\/#primaryimage","url":"https:\/\/noti-america.com\/site\/repdom\/wp-content\/uploads\/sites\/6\/2021\/01\/Carmen-Nadieska-Alvarez.jpg","contentUrl":"https:\/\/noti-america.com\/site\/repdom\/wp-content\/uploads\/sites\/6\/2021\/01\/Carmen-Nadieska-Alvarez.jpg","width":546,"height":350},{"@type":"BreadcrumbList","@id":"https:\/\/noti-america.com\/site\/repdom\/2021\/01\/20\/la-testigo-del-ministerio-publico-declaro-que-no-encontro-ningun-pago-ilicito-a-andres-bautista-garcia\/#breadcrumb","itemListElement":[{"@type":"ListItem","position":1,"name":"Portada","item":"https:\/\/noti-america.com\/site\/repdom\/"},{"@type":"ListItem","position":2,"name":"La testigo del Ministerio P\u00fablico declar\u00f3 que no encontr\u00f3 ning\u00fan pago il\u00edcito a Andr\u00e9s Bautista Garc\u00eda"}]},{"@type":"WebSite","@id":"https:\/\/noti-america.com\/site\/repdom\/#website","url":"https:\/\/noti-america.com\/site\/repdom\/","name":"Rep. Dominicana | Noti-America.com","description":"","publisher":{"@id":"https:\/\/noti-america.com\/site\/repdom\/#organization"},"potentialAction":[{"@type":"SearchAction","target":{"@type":"EntryPoint","urlTemplate":"https:\/\/noti-america.com\/site\/repdom\/?s={search_term_string}"},"query-input":{"@type":"PropertyValueSpecification","valueRequired":true,"valueName":"search_term_string"}}],"inLanguage":"es"},{"@type":"Organization","@id":"https:\/\/noti-america.com\/site\/repdom\/#organization","name":"Noti-America LLC | Rep\u00fablica Dominicana","url":"https:\/\/noti-america.com\/site\/repdom\/","logo":{"@type":"ImageObject","inLanguage":"es","@id":"https:\/\/noti-america.com\/site\/repdom\/#\/schema\/logo\/image\/","url":"https:\/\/noti-america.com\/site\/repdom\/wp-content\/uploads\/sites\/6\/2020\/07\/LogoNA-4x3-1.jpg","contentUrl":"https:\/\/noti-america.com\/site\/repdom\/wp-content\/uploads\/sites\/6\/2020\/07\/LogoNA-4x3-1.jpg","width":1236,"height":1080,"caption":"Noti-America LLC | Rep\u00fablica Dominicana"},"image":{"@id":"https:\/\/noti-america.com\/site\/repdom\/#\/schema\/logo\/image\/"}},{"@type":"Person","@id":"https:\/\/noti-america.com\/site\/repdom\/#\/schema\/person\/fd0092c1530d275fabaa5cffcbc2b976","name":"Ad\u00e1n Soriano","image":{"@type":"ImageObject","inLanguage":"es","@id":"https:\/\/secure.gravatar.com\/avatar\/ecf97ff3aee7ff9efdae670d7e976f3e7e8acc1077e510d73707999a8bfd4467?s=96&d=mm&r=g","url":"https:\/\/secure.gravatar.com\/avatar\/ecf97ff3aee7ff9efdae670d7e976f3e7e8acc1077e510d73707999a8bfd4467?s=96&d=mm&r=g","contentUrl":"https:\/\/secure.gravatar.com\/avatar\/ecf97ff3aee7ff9efdae670d7e976f3e7e8acc1077e510d73707999a8bfd4467?s=96&d=mm&r=g","caption":"Ad\u00e1n Soriano"},"description":"Soy cronista deportivo con 10 a\u00f1os de experiencia en varios espacios, y conduzco el podcast deportivo llamado Mezcla Deportiva","sameAs":["https:\/\/x.com\/adansoriano"],"url":"https:\/\/noti-america.com\/site\/repdom\/author\/asoriano\/"}]}},"_links":{"self":[{"href":"https:\/\/noti-america.com\/site\/repdom\/wp-json\/wp\/v2\/posts\/7992","targetHints":{"allow":["GET"]}}],"collection":[{"href":"https:\/\/noti-america.com\/site\/repdom\/wp-json\/wp\/v2\/posts"}],"about":[{"href":"https:\/\/noti-america.com\/site\/repdom\/wp-json\/wp\/v2\/types\/post"}],"author":[{"embeddable":true,"href":"https:\/\/noti-america.com\/site\/repdom\/wp-json\/wp\/v2\/users\/89"}],"replies":[{"embeddable":true,"href":"https:\/\/noti-america.com\/site\/repdom\/wp-json\/wp\/v2\/comments?post=7992"}],"version-history":[{"count":1,"href":"https:\/\/noti-america.com\/site\/repdom\/wp-json\/wp\/v2\/posts\/7992\/revisions"}],"predecessor-version":[{"id":7994,"href":"https:\/\/noti-america.com\/site\/repdom\/wp-json\/wp\/v2\/posts\/7992\/revisions\/7994"}],"wp:featuredmedia":[{"embeddable":true,"href":"https:\/\/noti-america.com\/site\/repdom\/wp-json\/wp\/v2\/media\/7993"}],"wp:attachment":[{"href":"https:\/\/noti-america.com\/site\/repdom\/wp-json\/wp\/v2\/media?parent=7992"}],"wp:term":[{"taxonomy":"category","embeddable":true,"href":"https:\/\/noti-america.com\/site\/repdom\/wp-json\/wp\/v2\/categories?post=7992"},{"taxonomy":"post_tag","embeddable":true,"href":"https:\/\/noti-america.com\/site\/repdom\/wp-json\/wp\/v2\/tags?post=7992"}],"curies":[{"name":"wp","href":"https:\/\/api.w.org\/{rel}","templated":true}]}}