{"id":7767,"date":"2021-01-10T04:19:43","date_gmt":"2021-01-10T04:19:43","guid":{"rendered":"https:\/\/noti-america.com\/site\/repdom\/?p=7767"},"modified":"2021-01-10T04:19:43","modified_gmt":"2021-01-10T04:19:43","slug":"convocan-a-cacerolazo-nacional-para-este-martes","status":"publish","type":"post","link":"https:\/\/noti-america.com\/site\/repdom\/2021\/01\/10\/convocan-a-cacerolazo-nacional-para-este-martes\/","title":{"rendered":"Convocan a cacerolazo nacional para este martes"},"content":{"rendered":"<p><img loading=\"lazy\" decoding=\"async\" class=\"alignnone  wp-image-7768\" src=\"https:\/\/noti-america.com\/site\/repdom\/wp-content\/uploads\/sites\/6\/2021\/01\/vuelvenloscaceraloazoa-300x155.jpg\" alt=\"\" width=\"372\" height=\"192\" srcset=\"https:\/\/noti-america.com\/site\/repdom\/wp-content\/uploads\/sites\/6\/2021\/01\/vuelvenloscaceraloazoa-300x155.jpg 300w, https:\/\/noti-america.com\/site\/repdom\/wp-content\/uploads\/sites\/6\/2021\/01\/vuelvenloscaceraloazoa.jpg 671w\" sizes=\"auto, (max-width: 372px) 100vw, 372px\" \/><\/p>\n<p><em><strong>NOTI-AMERICA REP\u00daBLICA DOMINICANA<\/strong><\/em><\/p>\n<div class=\"section section-post-header\">\n<div class=\"section_wrapper clearfix\">\n<div class=\"column one single-photo-wrapper image\">\n<div class=\"image_frame scale-with-grid \">\n<div class=\"image_wrapper\"><\/div>\n<\/div>\n<\/div>\n<\/div>\n<\/div>\n<div class=\"post-wrapper-content\">\n<div class=\"section the_content has_content\">\n<div class=\"section_wrapper\">\n<div class=\"the_content_wrapper\">\n<p style=\"text-align: justify\"><strong>Santo Domingo.-<\/strong> La Asociaci\u00f3n de Bares de la Zona Colonial convoc\u00f3 este s\u00e1bado a un cacerolazo en el Distrito Nacional, en busca de protestar contra el Gobierno por las medidas establecidas como prevenci\u00f3n de contagio al coronavirus.<\/p>\n<p style=\"text-align: justify\">Este toque de queda se ha convertido en toque de quiebra, para las medianas y peque\u00f1as empresas, los emprendedores , no pueden respirar, luego de haber invertido y aplicado, con sacrificio, protocolos de bioseguridad.<\/p>\n<p style=\"text-align: justify\">El estado dominicano aplica un nuevo toque de queda en un horario imposible para trabajar, negocios cerrados, miles de personas desempleadas, miles de empleos indirectos perdidos.\u2019\u2019 Explicaron en un comunicado publicado en las redes sociales.<\/p>\n<p style=\"text-align: justify\">De igual forma aseguran que las actuales medidas est\u00e1n propiciando aglomeraciones en el metro, en los supermercados, en las paradas de guaguas, en los bancos. \u2018\u2019Este toque de queda nos est\u00e1 asfixiando\u2019\u2019 destacaron.<\/p>\n<p style=\"text-align: justify\">La convocatoria, que busca se les permita trabajar a los negocios peque\u00f1os y medianos, es para el pr\u00f3ximo martes 12 de enero a las 8:30 PM.<\/p>\n<p><em>Fuente: Charlemos-rd.<\/em><\/p>\n<\/div>\n<\/div>\n<\/div>\n<\/div>\n","protected":false},"excerpt":{"rendered":"<p>NOTI-AMERICA REP\u00daBLICA DOMINICANA Santo Domingo.- La Asociaci\u00f3n de Bares de la Zona Colonial convoc\u00f3 este s\u00e1bado a un cacerolazo en el Distrito Nacional, en busca de protestar contra el Gobierno por las medidas establecidas&#46;&#46;&#46;<\/p>\n","protected":false},"author":92,"featured_media":7768,"comment_status":"open","ping_status":"open","sticky":false,"template":"","format":"image","meta":{"_acf_changed":false,"rop_custom_images_group":[],"rop_custom_messages_group":[],"rop_publish_now":"initial","rop_publish_now_accounts":[],"rop_publish_now_history":[],"rop_publish_now_status":"pending","footnotes":""},"categories":[338],"tags":[],"class_list":["post-7767","post","type-post","status-publish","format-image","has-post-thumbnail","hentry","category-nacionales","post_format-post-format-image"],"acf":[],"yoast_head":"<!-- This site is optimized with the Yoast SEO Premium plugin v24.9 (Yoast SEO v27.2) - https:\/\/yoast.com\/product\/yoast-seo-premium-wordpress\/ -->\n<title>Convocan a cacerolazo nacional para este martes - Rep. Dominicana | Noti-America.com<\/title>\n<meta name=\"robots\" content=\"index, follow, max-snippet:-1, max-image-preview:large, max-video-preview:-1\" \/>\n<link rel=\"canonical\" href=\"https:\/\/noti-america.com\/site\/repdom\/2021\/01\/10\/convocan-a-cacerolazo-nacional-para-este-martes\/\" \/>\n<meta property=\"og:locale\" content=\"es_ES\" \/>\n<meta property=\"og:type\" content=\"article\" \/>\n<meta property=\"og:title\" content=\"Convocan a cacerolazo nacional para este martes\" \/>\n<meta property=\"og:description\" content=\"NOTI-AMERICA REP\u00daBLICA DOMINICANA Santo Domingo.- La Asociaci\u00f3n de Bares de la Zona Colonial convoc\u00f3 este s\u00e1bado a un cacerolazo en el Distrito Nacional, en busca de protestar contra el Gobierno por las medidas establecidas&#046;&#046;&#046;\" \/>\n<meta property=\"og:url\" content=\"https:\/\/noti-america.com\/site\/repdom\/2021\/01\/10\/convocan-a-cacerolazo-nacional-para-este-martes\/\" \/>\n<meta property=\"og:site_name\" content=\"Rep. Dominicana | Noti-America.com\" \/>\n<meta property=\"article:published_time\" content=\"2021-01-10T04:19:43+00:00\" \/>\n<meta property=\"og:image\" content=\"https:\/\/noti-america.com\/site\/repdom\/wp-content\/uploads\/sites\/6\/2021\/01\/vuelvenloscaceraloazoa.jpg\" \/>\n\t<meta property=\"og:image:width\" content=\"671\" \/>\n\t<meta property=\"og:image:height\" content=\"347\" \/>\n\t<meta property=\"og:image:type\" content=\"image\/jpeg\" \/>\n<meta name=\"author\" content=\"Sueanny Guzm\u00e1n\" \/>\n<meta name=\"twitter:card\" content=\"summary_large_image\" \/>\n<meta name=\"twitter:creator\" content=\"@sueannyguzmanrd\" \/>\n<meta name=\"twitter:label1\" content=\"Escrito por\" \/>\n\t<meta name=\"twitter:data1\" content=\"Sueanny Guzm\u00e1n\" \/>\n\t<meta name=\"twitter:label2\" content=\"Tiempo estimado de lectura\" \/>\n\t<meta name=\"twitter:data2\" content=\"1 minuto\" \/>\n<script type=\"application\/ld+json\" class=\"yoast-schema-graph\">{\"@context\":\"https:\/\/schema.org\",\"@graph\":[{\"@type\":\"Article\",\"@id\":\"https:\/\/noti-america.com\/site\/repdom\/2021\/01\/10\/convocan-a-cacerolazo-nacional-para-este-martes\/#article\",\"isPartOf\":{\"@id\":\"https:\/\/noti-america.com\/site\/repdom\/2021\/01\/10\/convocan-a-cacerolazo-nacional-para-este-martes\/\"},\"author\":{\"name\":\"Sueanny Guzm\u00e1n\",\"@id\":\"https:\/\/noti-america.com\/site\/repdom\/#\/schema\/person\/3e41f2e0a88de2dbfa74310de6e08c3b\"},\"headline\":\"Convocan a cacerolazo nacional para este martes\",\"datePublished\":\"2021-01-10T04:19:43+00:00\",\"mainEntityOfPage\":{\"@id\":\"https:\/\/noti-america.com\/site\/repdom\/2021\/01\/10\/convocan-a-cacerolazo-nacional-para-este-martes\/\"},\"wordCount\":183,\"commentCount\":0,\"publisher\":{\"@id\":\"https:\/\/noti-america.com\/site\/repdom\/#organization\"},\"image\":{\"@id\":\"https:\/\/noti-america.com\/site\/repdom\/2021\/01\/10\/convocan-a-cacerolazo-nacional-para-este-martes\/#primaryimage\"},\"thumbnailUrl\":\"https:\/\/noti-america.com\/site\/repdom\/wp-content\/uploads\/sites\/6\/2021\/01\/vuelvenloscaceraloazoa.jpg\",\"articleSection\":[\"Nacionales\"],\"inLanguage\":\"es\",\"potentialAction\":[{\"@type\":\"CommentAction\",\"name\":\"Comment\",\"target\":[\"https:\/\/noti-america.com\/site\/repdom\/2021\/01\/10\/convocan-a-cacerolazo-nacional-para-este-martes\/#respond\"]}]},{\"@type\":\"WebPage\",\"@id\":\"https:\/\/noti-america.com\/site\/repdom\/2021\/01\/10\/convocan-a-cacerolazo-nacional-para-este-martes\/\",\"url\":\"https:\/\/noti-america.com\/site\/repdom\/2021\/01\/10\/convocan-a-cacerolazo-nacional-para-este-martes\/\",\"name\":\"Convocan a cacerolazo nacional para este martes - Rep. Dominicana | Noti-America.com\",\"isPartOf\":{\"@id\":\"https:\/\/noti-america.com\/site\/repdom\/#website\"},\"primaryImageOfPage\":{\"@id\":\"https:\/\/noti-america.com\/site\/repdom\/2021\/01\/10\/convocan-a-cacerolazo-nacional-para-este-martes\/#primaryimage\"},\"image\":{\"@id\":\"https:\/\/noti-america.com\/site\/repdom\/2021\/01\/10\/convocan-a-cacerolazo-nacional-para-este-martes\/#primaryimage\"},\"thumbnailUrl\":\"https:\/\/noti-america.com\/site\/repdom\/wp-content\/uploads\/sites\/6\/2021\/01\/vuelvenloscaceraloazoa.jpg\",\"datePublished\":\"2021-01-10T04:19:43+00:00\",\"breadcrumb\":{\"@id\":\"https:\/\/noti-america.com\/site\/repdom\/2021\/01\/10\/convocan-a-cacerolazo-nacional-para-este-martes\/#breadcrumb\"},\"inLanguage\":\"es\",\"potentialAction\":[{\"@type\":\"ReadAction\",\"target\":[\"https:\/\/noti-america.com\/site\/repdom\/2021\/01\/10\/convocan-a-cacerolazo-nacional-para-este-martes\/\"]}]},{\"@type\":\"ImageObject\",\"inLanguage\":\"es\",\"@id\":\"https:\/\/noti-america.com\/site\/repdom\/2021\/01\/10\/convocan-a-cacerolazo-nacional-para-este-martes\/#primaryimage\",\"url\":\"https:\/\/noti-america.com\/site\/repdom\/wp-content\/uploads\/sites\/6\/2021\/01\/vuelvenloscaceraloazoa.jpg\",\"contentUrl\":\"https:\/\/noti-america.com\/site\/repdom\/wp-content\/uploads\/sites\/6\/2021\/01\/vuelvenloscaceraloazoa.jpg\",\"width\":671,\"height\":347},{\"@type\":\"BreadcrumbList\",\"@id\":\"https:\/\/noti-america.com\/site\/repdom\/2021\/01\/10\/convocan-a-cacerolazo-nacional-para-este-martes\/#breadcrumb\",\"itemListElement\":[{\"@type\":\"ListItem\",\"position\":1,\"name\":\"Portada\",\"item\":\"https:\/\/noti-america.com\/site\/repdom\/\"},{\"@type\":\"ListItem\",\"position\":2,\"name\":\"Convocan a cacerolazo nacional para este martes\"}]},{\"@type\":\"WebSite\",\"@id\":\"https:\/\/noti-america.com\/site\/repdom\/#website\",\"url\":\"https:\/\/noti-america.com\/site\/repdom\/\",\"name\":\"Rep. Dominicana | Noti-America.com\",\"description\":\"\",\"publisher\":{\"@id\":\"https:\/\/noti-america.com\/site\/repdom\/#organization\"},\"potentialAction\":[{\"@type\":\"SearchAction\",\"target\":{\"@type\":\"EntryPoint\",\"urlTemplate\":\"https:\/\/noti-america.com\/site\/repdom\/?s={search_term_string}\"},\"query-input\":{\"@type\":\"PropertyValueSpecification\",\"valueRequired\":true,\"valueName\":\"search_term_string\"}}],\"inLanguage\":\"es\"},{\"@type\":\"Organization\",\"@id\":\"https:\/\/noti-america.com\/site\/repdom\/#organization\",\"name\":\"Noti-America LLC | Rep\u00fablica Dominicana\",\"url\":\"https:\/\/noti-america.com\/site\/repdom\/\",\"logo\":{\"@type\":\"ImageObject\",\"inLanguage\":\"es\",\"@id\":\"https:\/\/noti-america.com\/site\/repdom\/#\/schema\/logo\/image\/\",\"url\":\"https:\/\/noti-america.com\/site\/repdom\/wp-content\/uploads\/sites\/6\/2020\/07\/LogoNA-4x3-1.jpg\",\"contentUrl\":\"https:\/\/noti-america.com\/site\/repdom\/wp-content\/uploads\/sites\/6\/2020\/07\/LogoNA-4x3-1.jpg\",\"width\":1236,\"height\":1080,\"caption\":\"Noti-America LLC | Rep\u00fablica Dominicana\"},\"image\":{\"@id\":\"https:\/\/noti-america.com\/site\/repdom\/#\/schema\/logo\/image\/\"}},{\"@type\":\"Person\",\"@id\":\"https:\/\/noti-america.com\/site\/repdom\/#\/schema\/person\/3e41f2e0a88de2dbfa74310de6e08c3b\",\"name\":\"Sueanny Guzm\u00e1n\",\"image\":{\"@type\":\"ImageObject\",\"inLanguage\":\"es\",\"@id\":\"https:\/\/secure.gravatar.com\/avatar\/743180685ef4657e50d4fb7ec792c2c316119f5a7db45e029570122e8cd05065?s=96&d=mm&r=g\",\"url\":\"https:\/\/secure.gravatar.com\/avatar\/743180685ef4657e50d4fb7ec792c2c316119f5a7db45e029570122e8cd05065?s=96&d=mm&r=g\",\"contentUrl\":\"https:\/\/secure.gravatar.com\/avatar\/743180685ef4657e50d4fb7ec792c2c316119f5a7db45e029570122e8cd05065?s=96&d=mm&r=g\",\"caption\":\"Sueanny Guzm\u00e1n\"},\"sameAs\":[\"https:\/\/x.com\/sueannyguzmanrd\"],\"url\":\"https:\/\/noti-america.com\/site\/repdom\/author\/sguzman\/\"}]}<\/script>\n<!-- \/ Yoast SEO Premium plugin. -->","yoast_head_json":{"title":"Convocan a cacerolazo nacional para este martes - Rep. Dominicana | Noti-America.com","robots":{"index":"index","follow":"follow","max-snippet":"max-snippet:-1","max-image-preview":"max-image-preview:large","max-video-preview":"max-video-preview:-1"},"canonical":"https:\/\/noti-america.com\/site\/repdom\/2021\/01\/10\/convocan-a-cacerolazo-nacional-para-este-martes\/","og_locale":"es_ES","og_type":"article","og_title":"Convocan a cacerolazo nacional para este martes","og_description":"NOTI-AMERICA REP\u00daBLICA DOMINICANA Santo Domingo.- La Asociaci\u00f3n de Bares de la Zona Colonial convoc\u00f3 este s\u00e1bado a un cacerolazo en el Distrito Nacional, en busca de protestar contra el Gobierno por las medidas establecidas&#46;&#46;&#46;","og_url":"https:\/\/noti-america.com\/site\/repdom\/2021\/01\/10\/convocan-a-cacerolazo-nacional-para-este-martes\/","og_site_name":"Rep. Dominicana | Noti-America.com","article_published_time":"2021-01-10T04:19:43+00:00","og_image":[{"width":671,"height":347,"url":"https:\/\/noti-america.com\/site\/repdom\/wp-content\/uploads\/sites\/6\/2021\/01\/vuelvenloscaceraloazoa.jpg","type":"image\/jpeg"}],"author":"Sueanny Guzm\u00e1n","twitter_card":"summary_large_image","twitter_creator":"@sueannyguzmanrd","twitter_misc":{"Escrito por":"Sueanny Guzm\u00e1n","Tiempo estimado de lectura":"1 minuto"},"schema":{"@context":"https:\/\/schema.org","@graph":[{"@type":"Article","@id":"https:\/\/noti-america.com\/site\/repdom\/2021\/01\/10\/convocan-a-cacerolazo-nacional-para-este-martes\/#article","isPartOf":{"@id":"https:\/\/noti-america.com\/site\/repdom\/2021\/01\/10\/convocan-a-cacerolazo-nacional-para-este-martes\/"},"author":{"name":"Sueanny Guzm\u00e1n","@id":"https:\/\/noti-america.com\/site\/repdom\/#\/schema\/person\/3e41f2e0a88de2dbfa74310de6e08c3b"},"headline":"Convocan a cacerolazo nacional para este martes","datePublished":"2021-01-10T04:19:43+00:00","mainEntityOfPage":{"@id":"https:\/\/noti-america.com\/site\/repdom\/2021\/01\/10\/convocan-a-cacerolazo-nacional-para-este-martes\/"},"wordCount":183,"commentCount":0,"publisher":{"@id":"https:\/\/noti-america.com\/site\/repdom\/#organization"},"image":{"@id":"https:\/\/noti-america.com\/site\/repdom\/2021\/01\/10\/convocan-a-cacerolazo-nacional-para-este-martes\/#primaryimage"},"thumbnailUrl":"https:\/\/noti-america.com\/site\/repdom\/wp-content\/uploads\/sites\/6\/2021\/01\/vuelvenloscaceraloazoa.jpg","articleSection":["Nacionales"],"inLanguage":"es","potentialAction":[{"@type":"CommentAction","name":"Comment","target":["https:\/\/noti-america.com\/site\/repdom\/2021\/01\/10\/convocan-a-cacerolazo-nacional-para-este-martes\/#respond"]}]},{"@type":"WebPage","@id":"https:\/\/noti-america.com\/site\/repdom\/2021\/01\/10\/convocan-a-cacerolazo-nacional-para-este-martes\/","url":"https:\/\/noti-america.com\/site\/repdom\/2021\/01\/10\/convocan-a-cacerolazo-nacional-para-este-martes\/","name":"Convocan a cacerolazo nacional para este martes - Rep. Dominicana | Noti-America.com","isPartOf":{"@id":"https:\/\/noti-america.com\/site\/repdom\/#website"},"primaryImageOfPage":{"@id":"https:\/\/noti-america.com\/site\/repdom\/2021\/01\/10\/convocan-a-cacerolazo-nacional-para-este-martes\/#primaryimage"},"image":{"@id":"https:\/\/noti-america.com\/site\/repdom\/2021\/01\/10\/convocan-a-cacerolazo-nacional-para-este-martes\/#primaryimage"},"thumbnailUrl":"https:\/\/noti-america.com\/site\/repdom\/wp-content\/uploads\/sites\/6\/2021\/01\/vuelvenloscaceraloazoa.jpg","datePublished":"2021-01-10T04:19:43+00:00","breadcrumb":{"@id":"https:\/\/noti-america.com\/site\/repdom\/2021\/01\/10\/convocan-a-cacerolazo-nacional-para-este-martes\/#breadcrumb"},"inLanguage":"es","potentialAction":[{"@type":"ReadAction","target":["https:\/\/noti-america.com\/site\/repdom\/2021\/01\/10\/convocan-a-cacerolazo-nacional-para-este-martes\/"]}]},{"@type":"ImageObject","inLanguage":"es","@id":"https:\/\/noti-america.com\/site\/repdom\/2021\/01\/10\/convocan-a-cacerolazo-nacional-para-este-martes\/#primaryimage","url":"https:\/\/noti-america.com\/site\/repdom\/wp-content\/uploads\/sites\/6\/2021\/01\/vuelvenloscaceraloazoa.jpg","contentUrl":"https:\/\/noti-america.com\/site\/repdom\/wp-content\/uploads\/sites\/6\/2021\/01\/vuelvenloscaceraloazoa.jpg","width":671,"height":347},{"@type":"BreadcrumbList","@id":"https:\/\/noti-america.com\/site\/repdom\/2021\/01\/10\/convocan-a-cacerolazo-nacional-para-este-martes\/#breadcrumb","itemListElement":[{"@type":"ListItem","position":1,"name":"Portada","item":"https:\/\/noti-america.com\/site\/repdom\/"},{"@type":"ListItem","position":2,"name":"Convocan a cacerolazo nacional para este martes"}]},{"@type":"WebSite","@id":"https:\/\/noti-america.com\/site\/repdom\/#website","url":"https:\/\/noti-america.com\/site\/repdom\/","name":"Rep. Dominicana | Noti-America.com","description":"","publisher":{"@id":"https:\/\/noti-america.com\/site\/repdom\/#organization"},"potentialAction":[{"@type":"SearchAction","target":{"@type":"EntryPoint","urlTemplate":"https:\/\/noti-america.com\/site\/repdom\/?s={search_term_string}"},"query-input":{"@type":"PropertyValueSpecification","valueRequired":true,"valueName":"search_term_string"}}],"inLanguage":"es"},{"@type":"Organization","@id":"https:\/\/noti-america.com\/site\/repdom\/#organization","name":"Noti-America LLC | Rep\u00fablica Dominicana","url":"https:\/\/noti-america.com\/site\/repdom\/","logo":{"@type":"ImageObject","inLanguage":"es","@id":"https:\/\/noti-america.com\/site\/repdom\/#\/schema\/logo\/image\/","url":"https:\/\/noti-america.com\/site\/repdom\/wp-content\/uploads\/sites\/6\/2020\/07\/LogoNA-4x3-1.jpg","contentUrl":"https:\/\/noti-america.com\/site\/repdom\/wp-content\/uploads\/sites\/6\/2020\/07\/LogoNA-4x3-1.jpg","width":1236,"height":1080,"caption":"Noti-America LLC | Rep\u00fablica Dominicana"},"image":{"@id":"https:\/\/noti-america.com\/site\/repdom\/#\/schema\/logo\/image\/"}},{"@type":"Person","@id":"https:\/\/noti-america.com\/site\/repdom\/#\/schema\/person\/3e41f2e0a88de2dbfa74310de6e08c3b","name":"Sueanny Guzm\u00e1n","image":{"@type":"ImageObject","inLanguage":"es","@id":"https:\/\/secure.gravatar.com\/avatar\/743180685ef4657e50d4fb7ec792c2c316119f5a7db45e029570122e8cd05065?s=96&d=mm&r=g","url":"https:\/\/secure.gravatar.com\/avatar\/743180685ef4657e50d4fb7ec792c2c316119f5a7db45e029570122e8cd05065?s=96&d=mm&r=g","contentUrl":"https:\/\/secure.gravatar.com\/avatar\/743180685ef4657e50d4fb7ec792c2c316119f5a7db45e029570122e8cd05065?s=96&d=mm&r=g","caption":"Sueanny Guzm\u00e1n"},"sameAs":["https:\/\/x.com\/sueannyguzmanrd"],"url":"https:\/\/noti-america.com\/site\/repdom\/author\/sguzman\/"}]}},"_links":{"self":[{"href":"https:\/\/noti-america.com\/site\/repdom\/wp-json\/wp\/v2\/posts\/7767","targetHints":{"allow":["GET"]}}],"collection":[{"href":"https:\/\/noti-america.com\/site\/repdom\/wp-json\/wp\/v2\/posts"}],"about":[{"href":"https:\/\/noti-america.com\/site\/repdom\/wp-json\/wp\/v2\/types\/post"}],"author":[{"embeddable":true,"href":"https:\/\/noti-america.com\/site\/repdom\/wp-json\/wp\/v2\/users\/92"}],"replies":[{"embeddable":true,"href":"https:\/\/noti-america.com\/site\/repdom\/wp-json\/wp\/v2\/comments?post=7767"}],"version-history":[{"count":1,"href":"https:\/\/noti-america.com\/site\/repdom\/wp-json\/wp\/v2\/posts\/7767\/revisions"}],"predecessor-version":[{"id":7769,"href":"https:\/\/noti-america.com\/site\/repdom\/wp-json\/wp\/v2\/posts\/7767\/revisions\/7769"}],"wp:featuredmedia":[{"embeddable":true,"href":"https:\/\/noti-america.com\/site\/repdom\/wp-json\/wp\/v2\/media\/7768"}],"wp:attachment":[{"href":"https:\/\/noti-america.com\/site\/repdom\/wp-json\/wp\/v2\/media?parent=7767"}],"wp:term":[{"taxonomy":"category","embeddable":true,"href":"https:\/\/noti-america.com\/site\/repdom\/wp-json\/wp\/v2\/categories?post=7767"},{"taxonomy":"post_tag","embeddable":true,"href":"https:\/\/noti-america.com\/site\/repdom\/wp-json\/wp\/v2\/tags?post=7767"}],"curies":[{"name":"wp","href":"https:\/\/api.w.org\/{rel}","templated":true}]}}